{"id":43715,"date":"2026-09-02T09:00:00","date_gmt":"2026-09-02T07:00:00","guid":{"rendered":"https:\/\/www.sindicaturabarcelona.cat\/?p=43715"},"modified":"2026-09-01T13:26:18","modified_gmt":"2026-09-01T11:26:18","slug":"la-sindicatura-recomienda-suspender-el-desalojo-del-asentamiento-de-la-sagrera-hasta-que-se-garantice-una-alternativa-residencial-adecuada-para-todas-las-personas-afectadas","status":"publish","type":"post","link":"https:\/\/www.sindicaturabarcelona.cat\/es\/la-sindicatura-recomienda-suspender-el-desalojo-del-asentamiento-de-la-sagrera-hasta-que-se-garantice-una-alternativa-residencial-adecuada-para-todas-las-personas-afectadas\/","title":{"rendered":"La Sindicatura recomienda suspender el desalojo del asentamiento de La Sagrera hasta que se garantice una alternativa residencial adecuada para todas las personas afectadas"},"content":{"rendered":"\n<h2 class=\"wp-block-heading\"><strong>Pide priorizar la protecci\u00f3n de ni\u00f1os y ni\u00f1as, mujeres y personas vulnerabilizadas e impulsar una respuesta coordinada que favorezca la estabilizaci\u00f3n residencial y la inclusi\u00f3n social.<\/strong><\/h2>\n\n\n\n<h2 class=\"wp-block-heading\"><strong>Aunque la Sindicatura reconoce las deficiencias de seguridad, salubridad y habitabilidad descritas en los informes municipales, considera que el caso trasciende el \u00e1mbito urban\u00edstico y patrimonial y afecta a derechos fundamentales.<\/strong><\/h2>\n\n\n\n<h2 class=\"wp-block-heading\"><strong>Los datos evidencian la insuficiencia del sistema residencial actual, con 139 viviendas adjudicadas por la Mesa de Emergencia entre febrero de 2025 y febrero de 2026 frente a m\u00e1s de 700 solicitudes registradas.<\/strong><\/h2>\n\n\n\n<h2 class=\"wp-block-heading\"><strong>La defensor\u00eda reitera la necesidad de avanzar en la futura ley para erradicar el sinhogarismo y consolidar un modelo de intervenci\u00f3n basado en los DDHH.<\/strong><\/h2>\n\n\n\n<h2 class=\"wp-block-heading\"><strong>La Sindicatura est\u00e1 impulsando el proyecto piloto <em>Pla Zero Carrer<\/em>, una iniciativa que defiende que ninguna persona tenga que vivir en la calle y que apuesta por abordar las causas estructurales que originan las situaciones de sinhogarismo.<\/strong><\/h2>\n\n\n\n<p>La Sindicatura de Greuges de Barcelona considera que la ejecuci\u00f3n del desalojo del asentamiento situado en la calle Gran de la Sagrera, 18-30,<strong> <a href=\"https:\/\/www.sindicaturabarcelona.cat\/wp-content\/uploads\/202608_Dret-habitatge_Actuacio-dofici-relacionada-amb-el-desallotjament-imminent-dun-assentament-al-carrer-Gran-de-la-Sagrera_26OF3.pdf\" target=\"_blank\" rel=\"noreferrer noopener\"><strong>no es compatible, en las circunstancias actuales, con las garant\u00edas exigidas por la normativa vigente ni por los est\u00e1ndares internacionales de derechos humanos<\/strong><\/a><\/strong>. La instituci\u00f3n concluye que <strong>no consta la existencia de alternativas residenciales adecuadas, estables y suficientes para el conjunto de las personas afectadas<\/strong> y recomienda suspender la actuaci\u00f3n hasta que estas garant\u00edas est\u00e9n efectivamente aseguradas.<\/p>\n\n\n\n<p>La Sindicatura inici\u00f3 una a<strong>ctuaci\u00f3n de oficio en abril de 2026 tras tener conocimiento, a trav\u00e9s de Amnist\u00eda Internacional y Amics del Moviment Quart M\u00f3n, del inminente desalojo de este asentamiento del distrito de Sant Andreu<\/strong>. Seg\u00fan la informaci\u00f3n analizada, s<strong>e trata de un espacio de titularidad municipal que constituye la residencia habitual de decenas de personas que no disponen de una alternativa habitacional adecuada y que, en muchos casos, mantienen un seguimiento social continuado por parte de los servicios municipales<\/strong>.<\/p>\n\n\n\n<h2 class=\"wp-block-heading\"><strong>Una realidad compleja que afecta a 66 personas<\/strong><\/h2>\n\n\n\n<p>El estudio pone de manifiesto que en el asentamiento residen aproximadamente 66 personas distribuidas en diferentes n\u00facleos de convivencia. <strong>Entre ellas hay ni\u00f1os y ni\u00f1as, mujeres, personas con problemas de salud, personas en situaci\u00f3n administrativa irregular y personas con una larga trayectoria de vida en Barcelona y su \u00e1rea metropolitana<\/strong>.<\/p>\n\n\n\n<p>La Sindicatura subraya que <strong>no se trata de una realidad homog\u00e9nea ni puntual, sino de una situaci\u00f3n compleja que requiere una respuesta especialmente cuidadosa por parte de los poderes p\u00fablicos<\/strong>.<\/p>\n\n\n\n<p><strong>Una parte importante de las personas afectadas participa actualmente en procesos de inclusi\u00f3n social, seguimiento profesional y acompa\u00f1amiento especializado relacionados con la salud, la educaci\u00f3n, el asesoramiento jur\u00eddico o la inserci\u00f3n social<\/strong>. La instituci\u00f3n alerta de que un desalojo sin una alternativa adecuada podr\u00eda <strong>interrumpir estos procesos, dificultar el acceso a los servicios esenciales y debilitar v\u00ednculos sociales y comunitarios<\/strong> consolidados a lo largo de los a\u00f1os.<\/p>\n\n\n\n<h2 class=\"wp-block-heading\"><strong>Los recursos de emergencia no aseguran una vivienda adecuada<\/strong><\/h2>\n\n\n\n<p>El an\u00e1lisis efectuado pone de manifiesto que <strong>las principales alternativas ofrecidas hasta ahora se centran en recursos temporales de emergencia<\/strong>, como centros de primera acogida.<\/p>\n\n\n\n<p><strong>La defensor\u00eda considera que la mera existencia de estos recursos no permite dar por cumplida la obligaci\u00f3n de garantizar un realojo adecuado<\/strong>. Las situaciones de exclusi\u00f3n residencial severa requieren respuestas adaptadas a las circunstancias personales, familiares, laborales y sanitarias de cada persona.<\/p>\n\n\n\n<p>La Sindicatura recuerda, adem\u00e1s, l<strong>as limitaciones estructurales del sistema residencial actual. Los datos disponibles indican que entre febrero de 2025 y febrero de 2026 la Mesa de Emergencia adjudic\u00f3 139 viviendas, mientras que en el mismo per\u00edodo se registraron m\u00e1s de 700 solicitudes<\/strong>. Seg\u00fan la instituci\u00f3n, estas cifras evidencian las dificultades existentes para ofrecer soluciones estables a todas las personas que se encuentran en situaci\u00f3n de vulnerabilidad residencial.<\/p>\n\n\n\n<h2 class=\"wp-block-heading\"><strong>Un caso que va m\u00e1s all\u00e1 del \u00e1mbito urban\u00edstico<\/strong><\/h2>\n\n\n\n<p><strong>Aunque la Sindicatura reconoce las deficiencias de seguridad, salubridad y habitabilidad descritas en los informes municipales<\/strong>, considera que el an\u00e1lisis del caso no puede limitarse a una perspectiva urban\u00edstica o patrimonial.<\/p>\n\n\n\n<p><strong>La instituci\u00f3n defiende que esta situaci\u00f3n afecta directamente a derechos fundamentales vinculados a la vivienda, la salud, la educaci\u00f3n, la dignidad y la inclusi\u00f3n social<\/strong>. Por ello sostiene que cualquier intervenci\u00f3n destinada a erradicar una situaci\u00f3n de infravivienda debe incorporar simult\u00e1neamente medidas efectivas de protecci\u00f3n de los derechos de las personas residentes.<\/p>\n\n\n\n<p>La Sindicatura tambi\u00e9n advierte de que las actuaciones basadas exclusivamente en la desaparici\u00f3n f\u00edsica de los asentamientos, sin alternativas suficientes, no resuelven las causas estructurales de la exclusi\u00f3n residencial y pueden acabar reproduciendo el fen\u00f3meno en otros espacios de la ciudad.<\/p>\n\n\n\n<h2 class=\"wp-block-heading\"><strong>Es necesario reforzar las pol\u00edticas p\u00fablicas contra el sinhogarismo<\/strong><\/h2>\n\n\n\n<p>Para la Sindicatura, este caso trasciende la situaci\u00f3n concreta del asentamiento de La Sagrera y pone de manifiesto la necesidad de reforzar las pol\u00edticas p\u00fablicas de prevenci\u00f3n y erradicaci\u00f3n del sinhogarismo y de la exclusi\u00f3n residencial severa.<\/p>\n\n\n\n<p><strong>La instituci\u00f3n participa en la <\/strong><a href=\"https:\/\/www.barcelona.cat\/infobarcelona\/ca\/neix-la-taula-de-ciutat-per-a-labordatge-del-sensellarisme_1585635.html\" target=\"_blank\" rel=\"noreferrer noopener\">Taula de Ciutat per l&#8217;Abordatge del Sensellarisme<\/a><strong> e impulsa el proyecto piloto <\/strong><a href=\"https:\/\/www.rtve.es\/play\/audios\/serveis-informatius-radio-4\/entrevista-sindic-greuges-barcelona-david-bondia\/17169463\/\" target=\"_blank\" rel=\"noreferrer noopener\"><em>Pla Zero Carrer<\/em><\/a>, <strong>una iniciativa que defiende que ninguna persona tenga que vivir en la calle y que apuesta por abordar las causas estructurales que originan las situaciones de sinhogarismo<\/strong>. Se trata de una propuesta innovadora y colaborativa que plantea priorizar la acci\u00f3n municipal, implicar a diferentes \u00e1mbitos de la administraci\u00f3n, reforzar la colaboraci\u00f3n entre administraciones, entidades sociales y agentes econ\u00f3micos, e incorporar una mirada metropolitana.<\/p>\n\n\n\n<p>El <em>Pla Zero Carrer<\/em> prev\u00e9 un proyecto piloto orientado a <strong>transformar el abordaje actual, pasando de la gesti\u00f3n de la emergencia a la erradicaci\u00f3n sistem\u00e1tica del problema. La voluntad es superar el discurso del efecto llamada y apostar por el efecto espejo<\/strong>: convertir el <em>Pla Zero Carrer<\/em> en un referente para afrontar las problem\u00e1ticas estructurales asociadas al sinhogarismo e inspirar a otros municipios a seguir el mismo camino.<\/p>\n\n\n\n<p><a href=\"https:\/\/www.sindicaturabarcelona.cat\/wp-content\/uploads\/Dictamen-sensellarismes.pdf\" target=\"_blank\" rel=\"noreferrer noopener\">En la misma l\u00ednea, la Sindicatura recuerda las conclusiones del Dictamen 1\/2024 sobre la proposici\u00f3n de ley para erradicar el sinhogarismo<\/a>, en el que dio apoyo a la creaci\u00f3n de un marco normativo espec\u00edfico que refuerce las obligaciones de las administraciones en materia de prevenci\u00f3n, atenci\u00f3n y garant\u00eda de derechos.<\/p>\n\n\n\n<p><strong>La instituci\u00f3n reitera que es imprescindible avanzar en la aprobaci\u00f3n y el despliegue efectivo de esta futura ley, as\u00ed como dotarla de los recursos humanos, t\u00e9cnicos y presupuestarios necesarios para garantizar su aplicaci\u00f3n efectiva<\/strong>. Seg\u00fan la Sindicatura, el caso de La Sagrera ejemplifica los retos que deber\u00e1 afrontar esta futura norma en situaciones donde convergen exclusi\u00f3n residencial cronificada, vulnerabilidad social y ausencia de alternativas habitacionales suficientes.<\/p>\n\n\n\n<p>Por todo ello, la Sindicatura concluye que la ejecuci\u00f3n inmediata del desalojo no supera, en las circunstancias actuales, las exigencias derivadas de los principios de proporcionalidad, buena administraci\u00f3n e inter\u00e9s superior del menor, e insta a las administraciones competentes a priorizar una respuesta que garantice efectivamente los derechos y la dignidad de todas las personas afectadas.<\/p>\n\n\n\n<h2 class=\"wp-block-heading\"><strong>El combate contra la infravivienda no puede generar m\u00e1s exclusi\u00f3n residencial<\/strong><\/h2>\n\n\n\n<p>La resoluci\u00f3n pone de manifiesto que la necesaria erradicaci\u00f3n de las situaciones de infravivienda no puede comportar un agravamiento de la vulnerabilidad residencial de las personas afectadas.<\/p>\n\n\n\n<p>La Sindicatura recuerda que el derecho a la vivienda y los est\u00e1ndares internacionales de derechos humanos establecen que los desalojos deben tener car\u00e1cter excepcional y que las administraciones deben evitar que su actuaci\u00f3n desemboque en nuevas situaciones de sinhogarismo o de exclusi\u00f3n residencial severa.<\/p>\n\n\n\n<p>En este sentido, la instituci\u00f3n considera que la cuesti\u00f3n relevante no son \u00fanicamente las condiciones materiales del asentamiento, sino tambi\u00e9n las consecuencias que puede tener su desaparici\u00f3n si esta no va acompa\u00f1ada de soluciones residenciales adecuadas. La finalidad de proteger a las personas residentes no puede traducirse en una p\u00e9rdida a\u00fan mayor de derechos ni en una precarizaci\u00f3n superior de sus condiciones de vida.<\/p>\n\n\n\n<h2 class=\"wp-block-heading\"><strong>La protecci\u00f3n de los ni\u00f1os y ni\u00f1as debe ser una consideraci\u00f3n prioritaria<\/strong><\/h2>\n\n\n\n<p>La presencia acreditada de ni\u00f1os y ni\u00f1as, as\u00ed como de mujeres y personas con necesidades sociales o sanitarias espec\u00edficas, obliga a incorporar una perspectiva de derechos en cualquier decisi\u00f3n que afecte al asentamiento.<\/p>\n\n\n\n<p>La Sindicatura considera que el principio del inter\u00e9s superior del menor exige valorar de manera espec\u00edfica el impacto que cualquier actuaci\u00f3n puede tener sobre la escolarizaci\u00f3n, la salud, la estabilidad residencial y el desarrollo personal de los ni\u00f1os y ni\u00f1as afectados.<\/p>\n\n\n\n<p>Por este motivo, una de las recomendaciones dirigidas a la Comisionada de Acci\u00f3n Social es que priorice especialmente la protecci\u00f3n de los colectivos m\u00e1s vulnerables y garantice que cualquier alternativa residencial respete plenamente los est\u00e1ndares de derechos humanos.<\/p>\n\n\n\n<p><em>Imagen: Betev\u00e9.<\/em><\/p>\n\n\n\n<p><\/p>\n","protected":false},"excerpt":{"rendered":"<p>Pide priorizar la protecci\u00f3n de ni\u00f1os y ni\u00f1as, mujeres y personas vulnerabilizadas e impulsar una respuesta coordinada que favorezca la estabilizaci\u00f3n residencial y la inclusi\u00f3n social. Aunque la Sindicatura reconoce [&hellip;]<\/p>\n","protected":false},"author":2,"featured_media":43712,"comment_status":"closed","ping_status":"closed","sticky":false,"template":"","format":"standard","meta":{"_acf_changed":false,"footnotes":""},"tags":[],"drets":[1475,1577],"class_list":["post-43715","post","type-post","status-publish","format-standard","has-post-thumbnail","hentry","drets-ciudad-equitativa","drets-derecho-a-la-vivienda"],"acf":[],"yoast_head":"<!-- This site is optimized with the Yoast SEO plugin v27.5 - https:\/\/yoast.com\/product\/yoast-seo-wordpress\/ -->\n<title>La Sindicatura recomienda suspender el desalojo del asentamiento de La Sagrera hasta que se garantice una alternativa residencial adecuada para todas las personas afectadas - Sindicatura de Greuges de Barcelona<\/title>\n<meta name=\"description\" content=\"Solicita priorizar la protecci\u00f3n de ni\u00f1os, mujeres y personas vulnerables, as\u00ed como impulsar una respuesta coordinada que favorezca la estabilizaci\u00f3n residencial y la inclusi\u00f3n social de las personas residentes en el asentamiento de La Sagrera.\" \/>\n<meta name=\"robots\" content=\"index, follow, max-snippet:-1, max-image-preview:large, max-video-preview:-1\" \/>\n<link rel=\"canonical\" href=\"https:\/\/www.sindicaturabarcelona.cat\/es\/la-sindicatura-recomienda-suspender-el-desalojo-del-asentamiento-de-la-sagrera-hasta-que-se-garantice-una-alternativa-residencial-adecuada-para-todas-las-personas-afectadas\/\" \/>\n<meta property=\"og:locale\" content=\"es_ES\" \/>\n<meta property=\"og:type\" content=\"article\" \/>\n<meta property=\"og:title\" content=\"La Sindicatura recomienda suspender el desalojo del asentamiento de La Sagrera hasta que se garantice una alternativa residencial adecuada para todas las personas afectadas - Sindicatura de Greuges de Barcelona\" \/>\n<meta property=\"og:description\" content=\"Solicita priorizar la protecci\u00f3n de ni\u00f1os, mujeres y personas vulnerables, as\u00ed como impulsar una respuesta coordinada que favorezca la estabilizaci\u00f3n residencial y la inclusi\u00f3n social de las personas residentes en el asentamiento de La Sagrera.\" \/>\n<meta property=\"og:url\" content=\"https:\/\/www.sindicaturabarcelona.cat\/es\/la-sindicatura-recomienda-suspender-el-desalojo-del-asentamiento-de-la-sagrera-hasta-que-se-garantice-una-alternativa-residencial-adecuada-para-todas-las-personas-afectadas\/\" \/>\n<meta property=\"og:site_name\" content=\"Sindicatura de Greuges de Barcelona\" \/>\n<meta property=\"article:published_time\" content=\"2026-09-02T07:00:00+00:00\" \/>\n<meta property=\"og:image\" content=\"https:\/\/www.sindicaturabarcelona.cat\/wp-content\/uploads\/assentament-sagrera-10092025.jpg\" \/>\n\t<meta property=\"og:image:width\" content=\"1920\" \/>\n\t<meta property=\"og:image:height\" content=\"1080\" \/>\n\t<meta property=\"og:image:type\" content=\"image\/jpeg\" \/>\n<meta name=\"author\" content=\"Pablo\" \/>\n<meta name=\"twitter:card\" content=\"summary_large_image\" \/>\n<meta name=\"twitter:creator\" content=\"@sindicbarcelona\" \/>\n<meta name=\"twitter:site\" content=\"@sindicbarcelona\" \/>\n<meta name=\"twitter:label1\" content=\"Escrito por\" \/>\n\t<meta name=\"twitter:data1\" content=\"Pablo\" \/>\n\t<meta name=\"twitter:label2\" content=\"Tiempo de lectura\" \/>\n\t<meta name=\"twitter:data2\" content=\"8 minutos\" \/>\n<script type=\"application\/ld+json\" class=\"yoast-schema-graph\">{\"@context\":\"https:\\\/\\\/schema.org\",\"@graph\":[{\"@type\":\"Article\",\"@id\":\"https:\\\/\\\/www.sindicaturabarcelona.cat\\\/es\\\/la-sindicatura-recomienda-suspender-el-desalojo-del-asentamiento-de-la-sagrera-hasta-que-se-garantice-una-alternativa-residencial-adecuada-para-todas-las-personas-afectadas\\\/#article\",\"isPartOf\":{\"@id\":\"https:\\\/\\\/www.sindicaturabarcelona.cat\\\/es\\\/la-sindicatura-recomienda-suspender-el-desalojo-del-asentamiento-de-la-sagrera-hasta-que-se-garantice-una-alternativa-residencial-adecuada-para-todas-las-personas-afectadas\\\/\"},\"author\":{\"name\":\"Pablo\",\"@id\":\"https:\\\/\\\/www.sindicaturabarcelona.cat\\\/es\\\/#\\\/schema\\\/person\\\/0e5acffc350ffdbc97578159322c9452\"},\"headline\":\"La Sindicatura recomienda suspender el desalojo del asentamiento de La Sagrera hasta que se garantice una alternativa residencial adecuada para todas las personas afectadas\",\"datePublished\":\"2026-09-02T07:00:00+00:00\",\"mainEntityOfPage\":{\"@id\":\"https:\\\/\\\/www.sindicaturabarcelona.cat\\\/es\\\/la-sindicatura-recomienda-suspender-el-desalojo-del-asentamiento-de-la-sagrera-hasta-que-se-garantice-una-alternativa-residencial-adecuada-para-todas-las-personas-afectadas\\\/\"},\"wordCount\":1531,\"publisher\":{\"@id\":\"https:\\\/\\\/www.sindicaturabarcelona.cat\\\/es\\\/#organization\"},\"image\":{\"@id\":\"https:\\\/\\\/www.sindicaturabarcelona.cat\\\/es\\\/la-sindicatura-recomienda-suspender-el-desalojo-del-asentamiento-de-la-sagrera-hasta-que-se-garantice-una-alternativa-residencial-adecuada-para-todas-las-personas-afectadas\\\/#primaryimage\"},\"thumbnailUrl\":\"https:\\\/\\\/www.sindicaturabarcelona.cat\\\/wp-content\\\/uploads\\\/assentament-sagrera-10092025.jpg\",\"inLanguage\":\"es\"},{\"@type\":\"WebPage\",\"@id\":\"https:\\\/\\\/www.sindicaturabarcelona.cat\\\/es\\\/la-sindicatura-recomienda-suspender-el-desalojo-del-asentamiento-de-la-sagrera-hasta-que-se-garantice-una-alternativa-residencial-adecuada-para-todas-las-personas-afectadas\\\/\",\"url\":\"https:\\\/\\\/www.sindicaturabarcelona.cat\\\/es\\\/la-sindicatura-recomienda-suspender-el-desalojo-del-asentamiento-de-la-sagrera-hasta-que-se-garantice-una-alternativa-residencial-adecuada-para-todas-las-personas-afectadas\\\/\",\"name\":\"La Sindicatura recomienda suspender el desalojo del asentamiento de La Sagrera hasta que se garantice una alternativa residencial adecuada para todas las personas afectadas - Sindicatura de Greuges de Barcelona\",\"isPartOf\":{\"@id\":\"https:\\\/\\\/www.sindicaturabarcelona.cat\\\/es\\\/#website\"},\"primaryImageOfPage\":{\"@id\":\"https:\\\/\\\/www.sindicaturabarcelona.cat\\\/es\\\/la-sindicatura-recomienda-suspender-el-desalojo-del-asentamiento-de-la-sagrera-hasta-que-se-garantice-una-alternativa-residencial-adecuada-para-todas-las-personas-afectadas\\\/#primaryimage\"},\"image\":{\"@id\":\"https:\\\/\\\/www.sindicaturabarcelona.cat\\\/es\\\/la-sindicatura-recomienda-suspender-el-desalojo-del-asentamiento-de-la-sagrera-hasta-que-se-garantice-una-alternativa-residencial-adecuada-para-todas-las-personas-afectadas\\\/#primaryimage\"},\"thumbnailUrl\":\"https:\\\/\\\/www.sindicaturabarcelona.cat\\\/wp-content\\\/uploads\\\/assentament-sagrera-10092025.jpg\",\"datePublished\":\"2026-09-02T07:00:00+00:00\",\"description\":\"Solicita priorizar la protecci\u00f3n de ni\u00f1os, mujeres y personas vulnerables, as\u00ed como impulsar una respuesta coordinada que favorezca la estabilizaci\u00f3n residencial y la inclusi\u00f3n social de las personas residentes en el asentamiento de La Sagrera.\",\"breadcrumb\":{\"@id\":\"https:\\\/\\\/www.sindicaturabarcelona.cat\\\/es\\\/la-sindicatura-recomienda-suspender-el-desalojo-del-asentamiento-de-la-sagrera-hasta-que-se-garantice-una-alternativa-residencial-adecuada-para-todas-las-personas-afectadas\\\/#breadcrumb\"},\"inLanguage\":\"es\",\"potentialAction\":[{\"@type\":\"ReadAction\",\"target\":[\"https:\\\/\\\/www.sindicaturabarcelona.cat\\\/es\\\/la-sindicatura-recomienda-suspender-el-desalojo-del-asentamiento-de-la-sagrera-hasta-que-se-garantice-una-alternativa-residencial-adecuada-para-todas-las-personas-afectadas\\\/\"]}]},{\"@type\":\"ImageObject\",\"inLanguage\":\"es\",\"@id\":\"https:\\\/\\\/www.sindicaturabarcelona.cat\\\/es\\\/la-sindicatura-recomienda-suspender-el-desalojo-del-asentamiento-de-la-sagrera-hasta-que-se-garantice-una-alternativa-residencial-adecuada-para-todas-las-personas-afectadas\\\/#primaryimage\",\"url\":\"https:\\\/\\\/www.sindicaturabarcelona.cat\\\/wp-content\\\/uploads\\\/assentament-sagrera-10092025.jpg\",\"contentUrl\":\"https:\\\/\\\/www.sindicaturabarcelona.cat\\\/wp-content\\\/uploads\\\/assentament-sagrera-10092025.jpg\",\"width\":1920,\"height\":1080,\"caption\":\"Imatge: Beteve\"},{\"@type\":\"BreadcrumbList\",\"@id\":\"https:\\\/\\\/www.sindicaturabarcelona.cat\\\/es\\\/la-sindicatura-recomienda-suspender-el-desalojo-del-asentamiento-de-la-sagrera-hasta-que-se-garantice-una-alternativa-residencial-adecuada-para-todas-las-personas-afectadas\\\/#breadcrumb\",\"itemListElement\":[{\"@type\":\"ListItem\",\"position\":1,\"name\":\"Inici\",\"item\":\"https:\\\/\\\/www.sindicaturabarcelona.cat\\\/es\\\/\"},{\"@type\":\"ListItem\",\"position\":2,\"name\":\"La Sindicatura recomienda suspender el desalojo del asentamiento de La Sagrera hasta que se garantice una alternativa residencial adecuada para todas las personas afectadas\"}]},{\"@type\":\"WebSite\",\"@id\":\"https:\\\/\\\/www.sindicaturabarcelona.cat\\\/es\\\/#website\",\"url\":\"https:\\\/\\\/www.sindicaturabarcelona.cat\\\/es\\\/\",\"name\":\"Sindicatura de Greuges de Barcelona\",\"description\":\"La defensoria dels teus drets\",\"publisher\":{\"@id\":\"https:\\\/\\\/www.sindicaturabarcelona.cat\\\/es\\\/#organization\"},\"potentialAction\":[{\"@type\":\"SearchAction\",\"target\":{\"@type\":\"EntryPoint\",\"urlTemplate\":\"https:\\\/\\\/www.sindicaturabarcelona.cat\\\/es\\\/?s={search_term_string}\"},\"query-input\":{\"@type\":\"PropertyValueSpecification\",\"valueRequired\":true,\"valueName\":\"search_term_string\"}}],\"inLanguage\":\"es\"},{\"@type\":\"Organization\",\"@id\":\"https:\\\/\\\/www.sindicaturabarcelona.cat\\\/es\\\/#organization\",\"name\":\"Sindicatura de Greuges de Barcelona\",\"url\":\"https:\\\/\\\/www.sindicaturabarcelona.cat\\\/es\\\/\",\"logo\":{\"@type\":\"ImageObject\",\"inLanguage\":\"es\",\"@id\":\"https:\\\/\\\/www.sindicaturabarcelona.cat\\\/es\\\/#\\\/schema\\\/logo\\\/image\\\/\",\"url\":\"https:\\\/\\\/www.sindicaturabarcelona.cat\\\/wp-content\\\/uploads\\\/2023\\\/02\\\/logo_sindicatura.svg\",\"contentUrl\":\"https:\\\/\\\/www.sindicaturabarcelona.cat\\\/wp-content\\\/uploads\\\/2023\\\/02\\\/logo_sindicatura.svg\",\"caption\":\"Sindicatura de Greuges de Barcelona\"},\"image\":{\"@id\":\"https:\\\/\\\/www.sindicaturabarcelona.cat\\\/es\\\/#\\\/schema\\\/logo\\\/image\\\/\"},\"sameAs\":[\"https:\\\/\\\/x.com\\\/sindicbarcelona\",\"https:\\\/\\\/www.instagram.com\\\/sindicbarcelona\\\/\",\"https:\\\/\\\/www.tiktok.com\\\/@sindicaturabcn\",\"https:\\\/\\\/t.me\\\/sindicaturabarcelona\"]},{\"@type\":\"Person\",\"@id\":\"https:\\\/\\\/www.sindicaturabarcelona.cat\\\/es\\\/#\\\/schema\\\/person\\\/0e5acffc350ffdbc97578159322c9452\",\"name\":\"Pablo\",\"image\":{\"@type\":\"ImageObject\",\"inLanguage\":\"es\",\"@id\":\"https:\\\/\\\/secure.gravatar.com\\\/avatar\\\/c948169b402ef9492afde705c3dfd5e90e1a6a84ef6840a91124f805a25a480f?s=96&d=mm&r=g\",\"url\":\"https:\\\/\\\/secure.gravatar.com\\\/avatar\\\/c948169b402ef9492afde705c3dfd5e90e1a6a84ef6840a91124f805a25a480f?s=96&d=mm&r=g\",\"contentUrl\":\"https:\\\/\\\/secure.gravatar.com\\\/avatar\\\/c948169b402ef9492afde705c3dfd5e90e1a6a84ef6840a91124f805a25a480f?s=96&d=mm&r=g\",\"caption\":\"Pablo\"},\"url\":\"https:\\\/\\\/www.sindicaturabarcelona.cat\\\/es\\\/author\\\/pablo\\\/\"}]}<\/script>\n<!-- \/ Yoast SEO plugin. -->","yoast_head_json":{"title":"La Sindicatura recomienda suspender el desalojo del asentamiento de La Sagrera hasta que se garantice una alternativa residencial adecuada para todas las personas afectadas - Sindicatura de Greuges de Barcelona","description":"Solicita priorizar la protecci\u00f3n de ni\u00f1os, mujeres y personas vulnerables, as\u00ed como impulsar una respuesta coordinada que favorezca la estabilizaci\u00f3n residencial y la inclusi\u00f3n social de las personas residentes en el asentamiento de La Sagrera.","robots":{"index":"index","follow":"follow","max-snippet":"max-snippet:-1","max-image-preview":"max-image-preview:large","max-video-preview":"max-video-preview:-1"},"canonical":"https:\/\/www.sindicaturabarcelona.cat\/es\/la-sindicatura-recomienda-suspender-el-desalojo-del-asentamiento-de-la-sagrera-hasta-que-se-garantice-una-alternativa-residencial-adecuada-para-todas-las-personas-afectadas\/","og_locale":"es_ES","og_type":"article","og_title":"La Sindicatura recomienda suspender el desalojo del asentamiento de La Sagrera hasta que se garantice una alternativa residencial adecuada para todas las personas afectadas - Sindicatura de Greuges de Barcelona","og_description":"Solicita priorizar la protecci\u00f3n de ni\u00f1os, mujeres y personas vulnerables, as\u00ed como impulsar una respuesta coordinada que favorezca la estabilizaci\u00f3n residencial y la inclusi\u00f3n social de las personas residentes en el asentamiento de La Sagrera.","og_url":"https:\/\/www.sindicaturabarcelona.cat\/es\/la-sindicatura-recomienda-suspender-el-desalojo-del-asentamiento-de-la-sagrera-hasta-que-se-garantice-una-alternativa-residencial-adecuada-para-todas-las-personas-afectadas\/","og_site_name":"Sindicatura de Greuges de Barcelona","article_published_time":"2026-09-02T07:00:00+00:00","og_image":[{"width":1920,"height":1080,"url":"https:\/\/www.sindicaturabarcelona.cat\/wp-content\/uploads\/assentament-sagrera-10092025.jpg","type":"image\/jpeg"}],"author":"Pablo","twitter_card":"summary_large_image","twitter_creator":"@sindicbarcelona","twitter_site":"@sindicbarcelona","twitter_misc":{"Escrito por":"Pablo","Tiempo de lectura":"8 minutos"},"schema":{"@context":"https:\/\/schema.org","@graph":[{"@type":"Article","@id":"https:\/\/www.sindicaturabarcelona.cat\/es\/la-sindicatura-recomienda-suspender-el-desalojo-del-asentamiento-de-la-sagrera-hasta-que-se-garantice-una-alternativa-residencial-adecuada-para-todas-las-personas-afectadas\/#article","isPartOf":{"@id":"https:\/\/www.sindicaturabarcelona.cat\/es\/la-sindicatura-recomienda-suspender-el-desalojo-del-asentamiento-de-la-sagrera-hasta-que-se-garantice-una-alternativa-residencial-adecuada-para-todas-las-personas-afectadas\/"},"author":{"name":"Pablo","@id":"https:\/\/www.sindicaturabarcelona.cat\/es\/#\/schema\/person\/0e5acffc350ffdbc97578159322c9452"},"headline":"La Sindicatura recomienda suspender el desalojo del asentamiento de La Sagrera hasta que se garantice una alternativa residencial adecuada para todas las personas afectadas","datePublished":"2026-09-02T07:00:00+00:00","mainEntityOfPage":{"@id":"https:\/\/www.sindicaturabarcelona.cat\/es\/la-sindicatura-recomienda-suspender-el-desalojo-del-asentamiento-de-la-sagrera-hasta-que-se-garantice-una-alternativa-residencial-adecuada-para-todas-las-personas-afectadas\/"},"wordCount":1531,"publisher":{"@id":"https:\/\/www.sindicaturabarcelona.cat\/es\/#organization"},"image":{"@id":"https:\/\/www.sindicaturabarcelona.cat\/es\/la-sindicatura-recomienda-suspender-el-desalojo-del-asentamiento-de-la-sagrera-hasta-que-se-garantice-una-alternativa-residencial-adecuada-para-todas-las-personas-afectadas\/#primaryimage"},"thumbnailUrl":"https:\/\/www.sindicaturabarcelona.cat\/wp-content\/uploads\/assentament-sagrera-10092025.jpg","inLanguage":"es"},{"@type":"WebPage","@id":"https:\/\/www.sindicaturabarcelona.cat\/es\/la-sindicatura-recomienda-suspender-el-desalojo-del-asentamiento-de-la-sagrera-hasta-que-se-garantice-una-alternativa-residencial-adecuada-para-todas-las-personas-afectadas\/","url":"https:\/\/www.sindicaturabarcelona.cat\/es\/la-sindicatura-recomienda-suspender-el-desalojo-del-asentamiento-de-la-sagrera-hasta-que-se-garantice-una-alternativa-residencial-adecuada-para-todas-las-personas-afectadas\/","name":"La Sindicatura recomienda suspender el desalojo del asentamiento de La Sagrera hasta que se garantice una alternativa residencial adecuada para todas las personas afectadas - Sindicatura de Greuges de Barcelona","isPartOf":{"@id":"https:\/\/www.sindicaturabarcelona.cat\/es\/#website"},"primaryImageOfPage":{"@id":"https:\/\/www.sindicaturabarcelona.cat\/es\/la-sindicatura-recomienda-suspender-el-desalojo-del-asentamiento-de-la-sagrera-hasta-que-se-garantice-una-alternativa-residencial-adecuada-para-todas-las-personas-afectadas\/#primaryimage"},"image":{"@id":"https:\/\/www.sindicaturabarcelona.cat\/es\/la-sindicatura-recomienda-suspender-el-desalojo-del-asentamiento-de-la-sagrera-hasta-que-se-garantice-una-alternativa-residencial-adecuada-para-todas-las-personas-afectadas\/#primaryimage"},"thumbnailUrl":"https:\/\/www.sindicaturabarcelona.cat\/wp-content\/uploads\/assentament-sagrera-10092025.jpg","datePublished":"2026-09-02T07:00:00+00:00","description":"Solicita priorizar la protecci\u00f3n de ni\u00f1os, mujeres y personas vulnerables, as\u00ed como impulsar una respuesta coordinada que favorezca la estabilizaci\u00f3n residencial y la inclusi\u00f3n social de las personas residentes en el asentamiento de La Sagrera.","breadcrumb":{"@id":"https:\/\/www.sindicaturabarcelona.cat\/es\/la-sindicatura-recomienda-suspender-el-desalojo-del-asentamiento-de-la-sagrera-hasta-que-se-garantice-una-alternativa-residencial-adecuada-para-todas-las-personas-afectadas\/#breadcrumb"},"inLanguage":"es","potentialAction":[{"@type":"ReadAction","target":["https:\/\/www.sindicaturabarcelona.cat\/es\/la-sindicatura-recomienda-suspender-el-desalojo-del-asentamiento-de-la-sagrera-hasta-que-se-garantice-una-alternativa-residencial-adecuada-para-todas-las-personas-afectadas\/"]}]},{"@type":"ImageObject","inLanguage":"es","@id":"https:\/\/www.sindicaturabarcelona.cat\/es\/la-sindicatura-recomienda-suspender-el-desalojo-del-asentamiento-de-la-sagrera-hasta-que-se-garantice-una-alternativa-residencial-adecuada-para-todas-las-personas-afectadas\/#primaryimage","url":"https:\/\/www.sindicaturabarcelona.cat\/wp-content\/uploads\/assentament-sagrera-10092025.jpg","contentUrl":"https:\/\/www.sindicaturabarcelona.cat\/wp-content\/uploads\/assentament-sagrera-10092025.jpg","width":1920,"height":1080,"caption":"Imatge: Beteve"},{"@type":"BreadcrumbList","@id":"https:\/\/www.sindicaturabarcelona.cat\/es\/la-sindicatura-recomienda-suspender-el-desalojo-del-asentamiento-de-la-sagrera-hasta-que-se-garantice-una-alternativa-residencial-adecuada-para-todas-las-personas-afectadas\/#breadcrumb","itemListElement":[{"@type":"ListItem","position":1,"name":"Inici","item":"https:\/\/www.sindicaturabarcelona.cat\/es\/"},{"@type":"ListItem","position":2,"name":"La Sindicatura recomienda suspender el desalojo del asentamiento de La Sagrera hasta que se garantice una alternativa residencial adecuada para todas las personas afectadas"}]},{"@type":"WebSite","@id":"https:\/\/www.sindicaturabarcelona.cat\/es\/#website","url":"https:\/\/www.sindicaturabarcelona.cat\/es\/","name":"Sindicatura de Greuges de Barcelona","description":"La defensoria dels teus drets","publisher":{"@id":"https:\/\/www.sindicaturabarcelona.cat\/es\/#organization"},"potentialAction":[{"@type":"SearchAction","target":{"@type":"EntryPoint","urlTemplate":"https:\/\/www.sindicaturabarcelona.cat\/es\/?s={search_term_string}"},"query-input":{"@type":"PropertyValueSpecification","valueRequired":true,"valueName":"search_term_string"}}],"inLanguage":"es"},{"@type":"Organization","@id":"https:\/\/www.sindicaturabarcelona.cat\/es\/#organization","name":"Sindicatura de Greuges de Barcelona","url":"https:\/\/www.sindicaturabarcelona.cat\/es\/","logo":{"@type":"ImageObject","inLanguage":"es","@id":"https:\/\/www.sindicaturabarcelona.cat\/es\/#\/schema\/logo\/image\/","url":"https:\/\/www.sindicaturabarcelona.cat\/wp-content\/uploads\/2023\/02\/logo_sindicatura.svg","contentUrl":"https:\/\/www.sindicaturabarcelona.cat\/wp-content\/uploads\/2023\/02\/logo_sindicatura.svg","caption":"Sindicatura de Greuges de Barcelona"},"image":{"@id":"https:\/\/www.sindicaturabarcelona.cat\/es\/#\/schema\/logo\/image\/"},"sameAs":["https:\/\/x.com\/sindicbarcelona","https:\/\/www.instagram.com\/sindicbarcelona\/","https:\/\/www.tiktok.com\/@sindicaturabcn","https:\/\/t.me\/sindicaturabarcelona"]},{"@type":"Person","@id":"https:\/\/www.sindicaturabarcelona.cat\/es\/#\/schema\/person\/0e5acffc350ffdbc97578159322c9452","name":"Pablo","image":{"@type":"ImageObject","inLanguage":"es","@id":"https:\/\/secure.gravatar.com\/avatar\/c948169b402ef9492afde705c3dfd5e90e1a6a84ef6840a91124f805a25a480f?s=96&d=mm&r=g","url":"https:\/\/secure.gravatar.com\/avatar\/c948169b402ef9492afde705c3dfd5e90e1a6a84ef6840a91124f805a25a480f?s=96&d=mm&r=g","contentUrl":"https:\/\/secure.gravatar.com\/avatar\/c948169b402ef9492afde705c3dfd5e90e1a6a84ef6840a91124f805a25a480f?s=96&d=mm&r=g","caption":"Pablo"},"url":"https:\/\/www.sindicaturabarcelona.cat\/es\/author\/pablo\/"}]}},"_links":{"self":[{"href":"https:\/\/www.sindicaturabarcelona.cat\/es\/wp-json\/wp\/v2\/posts\/43715","targetHints":{"allow":["GET"]}}],"collection":[{"href":"https:\/\/www.sindicaturabarcelona.cat\/es\/wp-json\/wp\/v2\/posts"}],"about":[{"href":"https:\/\/www.sindicaturabarcelona.cat\/es\/wp-json\/wp\/v2\/types\/post"}],"author":[{"embeddable":true,"href":"https:\/\/www.sindicaturabarcelona.cat\/es\/wp-json\/wp\/v2\/users\/2"}],"replies":[{"embeddable":true,"href":"https:\/\/www.sindicaturabarcelona.cat\/es\/wp-json\/wp\/v2\/comments?post=43715"}],"version-history":[{"count":5,"href":"https:\/\/www.sindicaturabarcelona.cat\/es\/wp-json\/wp\/v2\/posts\/43715\/revisions"}],"predecessor-version":[{"id":43721,"href":"https:\/\/www.sindicaturabarcelona.cat\/es\/wp-json\/wp\/v2\/posts\/43715\/revisions\/43721"}],"wp:featuredmedia":[{"embeddable":true,"href":"https:\/\/www.sindicaturabarcelona.cat\/es\/wp-json\/wp\/v2\/media\/43712"}],"wp:attachment":[{"href":"https:\/\/www.sindicaturabarcelona.cat\/es\/wp-json\/wp\/v2\/media?parent=43715"}],"wp:term":[{"taxonomy":"post_tag","embeddable":true,"href":"https:\/\/www.sindicaturabarcelona.cat\/es\/wp-json\/wp\/v2\/tags?post=43715"},{"taxonomy":"drets","embeddable":true,"href":"https:\/\/www.sindicaturabarcelona.cat\/es\/wp-json\/wp\/v2\/drets?post=43715"}],"curies":[{"name":"wp","href":"https:\/\/api.w.org\/{rel}","templated":true}]}}