{"id":43363,"date":"2026-07-29T07:00:00","date_gmt":"2026-07-29T05:00:00","guid":{"rendered":"https:\/\/www.sindicaturabarcelona.cat\/?p=43363"},"modified":"2026-07-28T15:13:57","modified_gmt":"2026-07-28T13:13:57","slug":"la-sindicatura-de-greuges-de-barcelona-recomienda-al-ayuntamiento-que-tenga-en-cuenta-los-espacios-de-memoria-antes-de-autorizar-carpas-politicas","status":"publish","type":"post","link":"https:\/\/www.sindicaturabarcelona.cat\/es\/la-sindicatura-de-greuges-de-barcelona-recomienda-al-ayuntamiento-que-tenga-en-cuenta-los-espacios-de-memoria-antes-de-autorizar-carpas-politicas\/","title":{"rendered":"La Sindicatura de Greuges de Barcelona recomienda al Ayuntamiento que tenga en cuenta los espacios de memoria antes de autorizar carpas pol\u00edticas"},"content":{"rendered":"\n<blockquote class=\"wp-block-quote is-layout-flow wp-block-quote-is-layout-flow\">\n<ul class=\"wp-block-list\">\n<li><strong>La defensor\u00eda propone que, siempre que sea posible, el Ayuntamiento promueva ubicaciones alternativas para preservar la funci\u00f3n conmemorativa, pedag\u00f3gica y c\u00edvica de estos espacios.<\/strong><\/li>\n<\/ul>\n\n\n\n<ul class=\"wp-block-list\">\n<li><strong>La resoluci\u00f3n parte de una queja por la instalaci\u00f3n de una carpa informativa de VOX junto a un monumento dedicado a Manuel Carrasco i Formiguera, fusilado por el franquismo.<\/strong><\/li>\n<\/ul>\n<\/blockquote>\n\n\n\n<p>La Sindicatura de Greuges de Barcelona recomienda al Ayuntamiento que valore la <strong>singularidad de los espacios de memoria democr\u00e1tica<\/strong> antes de autorizar el emplazamiento de <strong>carpas y otros elementos de informaci\u00f3n pol\u00edtica<\/strong> en este tipo de ubicaciones.<\/p>\n\n\n\n<p>As\u00ed lo ha <a href=\"https:\/\/www.sindicaturabarcelona.cat\/wp-content\/uploads\/202607_Dret-a-lespai-public_queixa-per-una-carpa-informativa-dun-partit-politic.pdf\">resuelto<\/a> la defensor\u00eda despu\u00e9s de haber recibido una queja presentada por un ciudadano que manifestaba su disconformidad con la instalaci\u00f3n de una <strong>carpa informativa de Vox<\/strong> en la plaza de Adri\u00e0, en Sant Gervasi, donde se encuentra ubicado un <strong>monumento dedicado a Manuel Carrasco i Formiguera<\/strong>, l\u00edder de Uni\u00f3 Democr\u00e0tica de Catalunya fusilado por el franquismo.<\/p>\n\n\n\n<p>El ciudadano consideraba que el emplazamiento de la carpa pol\u00edtica en esta ubicaci\u00f3n era <strong>provocador y poco respetuoso<\/strong> con el simbolismo del lugar y solicitaba que se revisaran los criterios de autorizaci\u00f3n y emplazamiento de este tipo de instalaciones cuando afecten a espacios de memoria democr\u00e1tica.<\/p>\n\n\n\n<p><strong>El Ayuntamiento valora principalmente la disponibilidad<\/strong><\/p>\n\n\n\n<p>La Sindicatura solicit\u00f3 informaci\u00f3n al Ayuntamiento sobre si, en el momento de valorar la autorizaci\u00f3n de ocupaci\u00f3n del espacio p\u00fablico para organizar actividades o instalar carpas informativas de partidos pol\u00edticos, se ten\u00eda en cuenta la existencia de espacios destinados a preservar la memoria democr\u00e1tica.<\/p>\n\n\n\n<p>El consistorio inform\u00f3 de que, en la tramitaci\u00f3n de este tipo de autorizaciones, se valoran principalmente la <strong>disponibilidad del espacio y su adecuaci\u00f3n f\u00edsica<\/strong> para ubicar carpas o mesas informativas. Tambi\u00e9n se\u00f1al\u00f3 que se evita situar estas instalaciones en los <strong>accesos a escuelas y otros equipamientos sensibles<\/strong> y que, con car\u00e1cter general, no se consideran las posibles connotaciones simb\u00f3licas o ideol\u00f3gicas de los espacios urbanos.<\/p>\n\n\n\n<p>La Sindicatura considera leg\u00edtima la preocupaci\u00f3n expresada por la persona promotora de la queja, dado el <strong>valor simb\u00f3lico<\/strong> del espacio donde se ubica el monumento dedicado a Manuel Carrasco i Formiguera, <strong>figura vinculada a la defensa de los valores democr\u00e1ticos<\/strong> y v\u00edctima de la represi\u00f3n franquista.<\/p>\n\n\n\n<p><strong>Los est\u00e1ndares internacionales remarcan la importancia de preservar los lugares de mem\u00f2ria<\/strong><\/p>\n\n\n\n<p>La defensor\u00eda recuerda que los <strong>est\u00e1ndares internacionales<\/strong> en materia de memoria, verdad, reparaci\u00f3n y garant\u00edas de no repetici\u00f3n destacan la importancia de <strong>preservar los lugares de memoria<\/strong> como espacios de recuerdo, reconocimiento de las v\u00edctimas, reflexi\u00f3n y educaci\u00f3n democr\u00e1tica, y advierten de los riesgos de la instrumentalizaci\u00f3n pol\u00edtica de la memoria.<\/p>\n\n\n\n<p>Tambi\u00e9n se\u00f1ala que el pre\u00e1mbulo de la <strong>Ley 20\/2022<\/strong>, de 19 de octubre, de memoria democr\u00e1tica, establece que las pol\u00edticas p\u00fablicas de memoria deben favorecer una <strong>memoria reparadora<\/strong>, inclusiva y plural, orientada al reconocimiento de la dignidad de las v\u00edctimas, a la participaci\u00f3n ciudadana y al refuerzo de los valores democr\u00e1ticos.<\/p>\n\n\n\n<p>En este contexto, la Sindicatura considera razonable que las actividades de naturaleza partidista en espacios espec\u00edficamente destinados a la memoria democr\u00e1tica puedan generar <strong>tensiones con la funci\u00f3n conmemorativa<\/strong>, pedag\u00f3gica y c\u00edvica que se desarrolla en ellos. Por este motivo, la defensor\u00eda concluye que la actuaci\u00f3n de la <strong>Concejal\u00eda del Distrito de Sarri\u00e0-Sant Gervasi<\/strong> puede mejorar en lo relativo a la preservaci\u00f3n de la memoria democr\u00e1tica y le recomienda que <strong>valore espec\u00edficamente la singularidad<\/strong> de los espacios de memoria democr\u00e1tica a la hora de autorizar o determinar el emplazamiento de carpas y otros elementos de informaci\u00f3n de partidos pol\u00edticos y que, siempre que sea posible, promueva ubicaciones alternativas.<\/p>\n","protected":false},"excerpt":{"rendered":"<p>La Sindicatura de Greuges de Barcelona recomienda al Ayuntamiento que valore la singularidad de los espacios de memoria democr\u00e1tica antes de autorizar el emplazamiento de carpas y otros elementos de [&hellip;]<\/p>\n","protected":false},"author":8,"featured_media":43361,"comment_status":"closed","ping_status":"closed","sticky":false,"template":"","format":"standard","meta":{"_acf_changed":false,"footnotes":""},"tags":[],"drets":[1664],"class_list":["post-43363","post","type-post","status-publish","format-standard","has-post-thumbnail","hentry","drets-dret-a-la-memoria-democratica-es"],"acf":[],"yoast_head":"<!-- This site is optimized with the Yoast SEO plugin v27.5 - https:\/\/yoast.com\/product\/yoast-seo-wordpress\/ -->\n<title>La Sindicatura de Greuges de Barcelona recomienda al Ayuntamiento que tenga en cuenta los espacios de memoria antes de autorizar carpas pol\u00edticas - Sindicatura de Greuges de Barcelona<\/title>\n<meta name=\"robots\" content=\"index, follow, max-snippet:-1, max-image-preview:large, max-video-preview:-1\" \/>\n<link rel=\"canonical\" href=\"https:\/\/www.sindicaturabarcelona.cat\/es\/la-sindicatura-de-greuges-de-barcelona-recomienda-al-ayuntamiento-que-tenga-en-cuenta-los-espacios-de-memoria-antes-de-autorizar-carpas-politicas\/\" \/>\n<meta property=\"og:locale\" content=\"es_ES\" \/>\n<meta property=\"og:type\" content=\"article\" \/>\n<meta property=\"og:title\" content=\"La Sindicatura de Greuges de Barcelona recomienda al Ayuntamiento que tenga en cuenta los espacios de memoria antes de autorizar carpas pol\u00edticas - Sindicatura de Greuges de Barcelona\" \/>\n<meta property=\"og:description\" content=\"La Sindicatura de Greuges de Barcelona recomienda al Ayuntamiento que valore la singularidad de los espacios de memoria democr\u00e1tica antes de autorizar el emplazamiento de carpas y otros elementos de [&hellip;]\" \/>\n<meta property=\"og:url\" content=\"https:\/\/www.sindicaturabarcelona.cat\/es\/la-sindicatura-de-greuges-de-barcelona-recomienda-al-ayuntamiento-que-tenga-en-cuenta-los-espacios-de-memoria-antes-de-autorizar-carpas-politicas\/\" \/>\n<meta property=\"og:site_name\" content=\"Sindicatura de Greuges de Barcelona\" \/>\n<meta property=\"article:published_time\" content=\"2026-07-29T05:00:00+00:00\" \/>\n<meta property=\"og:image\" content=\"https:\/\/www.sindicaturabarcelona.cat\/wp-content\/uploads\/adria-1920x1280-1.jpg\" \/>\n\t<meta property=\"og:image:width\" content=\"1920\" \/>\n\t<meta property=\"og:image:height\" content=\"1280\" \/>\n\t<meta property=\"og:image:type\" content=\"image\/jpeg\" \/>\n<meta name=\"author\" content=\"Oriol Puig\" \/>\n<meta name=\"twitter:card\" content=\"summary_large_image\" \/>\n<meta name=\"twitter:creator\" content=\"@sindicbarcelona\" \/>\n<meta name=\"twitter:site\" content=\"@sindicbarcelona\" \/>\n<meta name=\"twitter:label1\" content=\"Escrito por\" \/>\n\t<meta name=\"twitter:data1\" content=\"Oriol Puig\" \/>\n\t<meta name=\"twitter:label2\" content=\"Tiempo de lectura\" \/>\n\t<meta name=\"twitter:data2\" content=\"4 minutos\" \/>\n<script type=\"application\/ld+json\" class=\"yoast-schema-graph\">{\"@context\":\"https:\\\/\\\/schema.org\",\"@graph\":[{\"@type\":\"Article\",\"@id\":\"https:\\\/\\\/www.sindicaturabarcelona.cat\\\/es\\\/la-sindicatura-de-greuges-de-barcelona-recomienda-al-ayuntamiento-que-tenga-en-cuenta-los-espacios-de-memoria-antes-de-autorizar-carpas-politicas\\\/#article\",\"isPartOf\":{\"@id\":\"https:\\\/\\\/www.sindicaturabarcelona.cat\\\/es\\\/la-sindicatura-de-greuges-de-barcelona-recomienda-al-ayuntamiento-que-tenga-en-cuenta-los-espacios-de-memoria-antes-de-autorizar-carpas-politicas\\\/\"},\"author\":{\"name\":\"Oriol Puig\",\"@id\":\"https:\\\/\\\/www.sindicaturabarcelona.cat\\\/es\\\/#\\\/schema\\\/person\\\/a34fec64c2307d626ca202e35409424d\"},\"headline\":\"La Sindicatura de Greuges de Barcelona recomienda al Ayuntamiento que tenga en cuenta los espacios de memoria antes de autorizar carpas pol\u00edticas\",\"datePublished\":\"2026-07-29T05:00:00+00:00\",\"mainEntityOfPage\":{\"@id\":\"https:\\\/\\\/www.sindicaturabarcelona.cat\\\/es\\\/la-sindicatura-de-greuges-de-barcelona-recomienda-al-ayuntamiento-que-tenga-en-cuenta-los-espacios-de-memoria-antes-de-autorizar-carpas-politicas\\\/\"},\"wordCount\":674,\"publisher\":{\"@id\":\"https:\\\/\\\/www.sindicaturabarcelona.cat\\\/es\\\/#organization\"},\"image\":{\"@id\":\"https:\\\/\\\/www.sindicaturabarcelona.cat\\\/es\\\/la-sindicatura-de-greuges-de-barcelona-recomienda-al-ayuntamiento-que-tenga-en-cuenta-los-espacios-de-memoria-antes-de-autorizar-carpas-politicas\\\/#primaryimage\"},\"thumbnailUrl\":\"https:\\\/\\\/www.sindicaturabarcelona.cat\\\/wp-content\\\/uploads\\\/adria-1920x1280-1.jpg\",\"inLanguage\":\"es\"},{\"@type\":\"WebPage\",\"@id\":\"https:\\\/\\\/www.sindicaturabarcelona.cat\\\/es\\\/la-sindicatura-de-greuges-de-barcelona-recomienda-al-ayuntamiento-que-tenga-en-cuenta-los-espacios-de-memoria-antes-de-autorizar-carpas-politicas\\\/\",\"url\":\"https:\\\/\\\/www.sindicaturabarcelona.cat\\\/es\\\/la-sindicatura-de-greuges-de-barcelona-recomienda-al-ayuntamiento-que-tenga-en-cuenta-los-espacios-de-memoria-antes-de-autorizar-carpas-politicas\\\/\",\"name\":\"La Sindicatura de Greuges de Barcelona recomienda al Ayuntamiento que tenga en cuenta los espacios de memoria antes de autorizar carpas pol\u00edticas - Sindicatura de Greuges de Barcelona\",\"isPartOf\":{\"@id\":\"https:\\\/\\\/www.sindicaturabarcelona.cat\\\/es\\\/#website\"},\"primaryImageOfPage\":{\"@id\":\"https:\\\/\\\/www.sindicaturabarcelona.cat\\\/es\\\/la-sindicatura-de-greuges-de-barcelona-recomienda-al-ayuntamiento-que-tenga-en-cuenta-los-espacios-de-memoria-antes-de-autorizar-carpas-politicas\\\/#primaryimage\"},\"image\":{\"@id\":\"https:\\\/\\\/www.sindicaturabarcelona.cat\\\/es\\\/la-sindicatura-de-greuges-de-barcelona-recomienda-al-ayuntamiento-que-tenga-en-cuenta-los-espacios-de-memoria-antes-de-autorizar-carpas-politicas\\\/#primaryimage\"},\"thumbnailUrl\":\"https:\\\/\\\/www.sindicaturabarcelona.cat\\\/wp-content\\\/uploads\\\/adria-1920x1280-1.jpg\",\"datePublished\":\"2026-07-29T05:00:00+00:00\",\"breadcrumb\":{\"@id\":\"https:\\\/\\\/www.sindicaturabarcelona.cat\\\/es\\\/la-sindicatura-de-greuges-de-barcelona-recomienda-al-ayuntamiento-que-tenga-en-cuenta-los-espacios-de-memoria-antes-de-autorizar-carpas-politicas\\\/#breadcrumb\"},\"inLanguage\":\"es\",\"potentialAction\":[{\"@type\":\"ReadAction\",\"target\":[\"https:\\\/\\\/www.sindicaturabarcelona.cat\\\/es\\\/la-sindicatura-de-greuges-de-barcelona-recomienda-al-ayuntamiento-que-tenga-en-cuenta-los-espacios-de-memoria-antes-de-autorizar-carpas-politicas\\\/\"]}]},{\"@type\":\"ImageObject\",\"inLanguage\":\"es\",\"@id\":\"https:\\\/\\\/www.sindicaturabarcelona.cat\\\/es\\\/la-sindicatura-de-greuges-de-barcelona-recomienda-al-ayuntamiento-que-tenga-en-cuenta-los-espacios-de-memoria-antes-de-autorizar-carpas-politicas\\\/#primaryimage\",\"url\":\"https:\\\/\\\/www.sindicaturabarcelona.cat\\\/wp-content\\\/uploads\\\/adria-1920x1280-1.jpg\",\"contentUrl\":\"https:\\\/\\\/www.sindicaturabarcelona.cat\\\/wp-content\\\/uploads\\\/adria-1920x1280-1.jpg\",\"width\":1920,\"height\":1280,\"caption\":\"Pla\u00e7a Adri\u00e0\"},{\"@type\":\"BreadcrumbList\",\"@id\":\"https:\\\/\\\/www.sindicaturabarcelona.cat\\\/es\\\/la-sindicatura-de-greuges-de-barcelona-recomienda-al-ayuntamiento-que-tenga-en-cuenta-los-espacios-de-memoria-antes-de-autorizar-carpas-politicas\\\/#breadcrumb\",\"itemListElement\":[{\"@type\":\"ListItem\",\"position\":1,\"name\":\"Inici\",\"item\":\"https:\\\/\\\/www.sindicaturabarcelona.cat\\\/es\\\/\"},{\"@type\":\"ListItem\",\"position\":2,\"name\":\"La Sindicatura de Greuges de Barcelona recomienda al Ayuntamiento que tenga en cuenta los espacios de memoria antes de autorizar carpas pol\u00edticas\"}]},{\"@type\":\"WebSite\",\"@id\":\"https:\\\/\\\/www.sindicaturabarcelona.cat\\\/es\\\/#website\",\"url\":\"https:\\\/\\\/www.sindicaturabarcelona.cat\\\/es\\\/\",\"name\":\"Sindicatura de Greuges de Barcelona\",\"description\":\"La defensoria dels teus drets\",\"publisher\":{\"@id\":\"https:\\\/\\\/www.sindicaturabarcelona.cat\\\/es\\\/#organization\"},\"potentialAction\":[{\"@type\":\"SearchAction\",\"target\":{\"@type\":\"EntryPoint\",\"urlTemplate\":\"https:\\\/\\\/www.sindicaturabarcelona.cat\\\/es\\\/?s={search_term_string}\"},\"query-input\":{\"@type\":\"PropertyValueSpecification\",\"valueRequired\":true,\"valueName\":\"search_term_string\"}}],\"inLanguage\":\"es\"},{\"@type\":\"Organization\",\"@id\":\"https:\\\/\\\/www.sindicaturabarcelona.cat\\\/es\\\/#organization\",\"name\":\"Sindicatura de Greuges de Barcelona\",\"url\":\"https:\\\/\\\/www.sindicaturabarcelona.cat\\\/es\\\/\",\"logo\":{\"@type\":\"ImageObject\",\"inLanguage\":\"es\",\"@id\":\"https:\\\/\\\/www.sindicaturabarcelona.cat\\\/es\\\/#\\\/schema\\\/logo\\\/image\\\/\",\"url\":\"https:\\\/\\\/www.sindicaturabarcelona.cat\\\/wp-content\\\/uploads\\\/2023\\\/02\\\/logo_sindicatura.svg\",\"contentUrl\":\"https:\\\/\\\/www.sindicaturabarcelona.cat\\\/wp-content\\\/uploads\\\/2023\\\/02\\\/logo_sindicatura.svg\",\"caption\":\"Sindicatura de Greuges de Barcelona\"},\"image\":{\"@id\":\"https:\\\/\\\/www.sindicaturabarcelona.cat\\\/es\\\/#\\\/schema\\\/logo\\\/image\\\/\"},\"sameAs\":[\"https:\\\/\\\/x.com\\\/sindicbarcelona\",\"https:\\\/\\\/www.instagram.com\\\/sindicbarcelona\\\/\",\"https:\\\/\\\/www.tiktok.com\\\/@sindicaturabcn\",\"https:\\\/\\\/t.me\\\/sindicaturabarcelona\"]},{\"@type\":\"Person\",\"@id\":\"https:\\\/\\\/www.sindicaturabarcelona.cat\\\/es\\\/#\\\/schema\\\/person\\\/a34fec64c2307d626ca202e35409424d\",\"name\":\"Oriol Puig\",\"image\":{\"@type\":\"ImageObject\",\"inLanguage\":\"es\",\"@id\":\"https:\\\/\\\/secure.gravatar.com\\\/avatar\\\/92a591f5a4f9e5e8b88f2ec6c9d745ce3834f2e1d24e798970614b08ada34430?s=96&d=mm&r=g\",\"url\":\"https:\\\/\\\/secure.gravatar.com\\\/avatar\\\/92a591f5a4f9e5e8b88f2ec6c9d745ce3834f2e1d24e798970614b08ada34430?s=96&d=mm&r=g\",\"contentUrl\":\"https:\\\/\\\/secure.gravatar.com\\\/avatar\\\/92a591f5a4f9e5e8b88f2ec6c9d745ce3834f2e1d24e798970614b08ada34430?s=96&d=mm&r=g\",\"caption\":\"Oriol Puig\"},\"url\":\"https:\\\/\\\/www.sindicaturabarcelona.cat\\\/es\\\/author\\\/opuig\\\/\"}]}<\/script>\n<!-- \/ Yoast SEO plugin. -->","yoast_head_json":{"title":"La Sindicatura de Greuges de Barcelona recomienda al Ayuntamiento que tenga en cuenta los espacios de memoria antes de autorizar carpas pol\u00edticas - Sindicatura de Greuges de Barcelona","robots":{"index":"index","follow":"follow","max-snippet":"max-snippet:-1","max-image-preview":"max-image-preview:large","max-video-preview":"max-video-preview:-1"},"canonical":"https:\/\/www.sindicaturabarcelona.cat\/es\/la-sindicatura-de-greuges-de-barcelona-recomienda-al-ayuntamiento-que-tenga-en-cuenta-los-espacios-de-memoria-antes-de-autorizar-carpas-politicas\/","og_locale":"es_ES","og_type":"article","og_title":"La Sindicatura de Greuges de Barcelona recomienda al Ayuntamiento que tenga en cuenta los espacios de memoria antes de autorizar carpas pol\u00edticas - Sindicatura de Greuges de Barcelona","og_description":"La Sindicatura de Greuges de Barcelona recomienda al Ayuntamiento que valore la singularidad de los espacios de memoria democr\u00e1tica antes de autorizar el emplazamiento de carpas y otros elementos de [&hellip;]","og_url":"https:\/\/www.sindicaturabarcelona.cat\/es\/la-sindicatura-de-greuges-de-barcelona-recomienda-al-ayuntamiento-que-tenga-en-cuenta-los-espacios-de-memoria-antes-de-autorizar-carpas-politicas\/","og_site_name":"Sindicatura de Greuges de Barcelona","article_published_time":"2026-07-29T05:00:00+00:00","og_image":[{"width":1920,"height":1280,"url":"https:\/\/www.sindicaturabarcelona.cat\/wp-content\/uploads\/adria-1920x1280-1.jpg","type":"image\/jpeg"}],"author":"Oriol Puig","twitter_card":"summary_large_image","twitter_creator":"@sindicbarcelona","twitter_site":"@sindicbarcelona","twitter_misc":{"Escrito por":"Oriol Puig","Tiempo de lectura":"4 minutos"},"schema":{"@context":"https:\/\/schema.org","@graph":[{"@type":"Article","@id":"https:\/\/www.sindicaturabarcelona.cat\/es\/la-sindicatura-de-greuges-de-barcelona-recomienda-al-ayuntamiento-que-tenga-en-cuenta-los-espacios-de-memoria-antes-de-autorizar-carpas-politicas\/#article","isPartOf":{"@id":"https:\/\/www.sindicaturabarcelona.cat\/es\/la-sindicatura-de-greuges-de-barcelona-recomienda-al-ayuntamiento-que-tenga-en-cuenta-los-espacios-de-memoria-antes-de-autorizar-carpas-politicas\/"},"author":{"name":"Oriol Puig","@id":"https:\/\/www.sindicaturabarcelona.cat\/es\/#\/schema\/person\/a34fec64c2307d626ca202e35409424d"},"headline":"La Sindicatura de Greuges de Barcelona recomienda al Ayuntamiento que tenga en cuenta los espacios de memoria antes de autorizar carpas pol\u00edticas","datePublished":"2026-07-29T05:00:00+00:00","mainEntityOfPage":{"@id":"https:\/\/www.sindicaturabarcelona.cat\/es\/la-sindicatura-de-greuges-de-barcelona-recomienda-al-ayuntamiento-que-tenga-en-cuenta-los-espacios-de-memoria-antes-de-autorizar-carpas-politicas\/"},"wordCount":674,"publisher":{"@id":"https:\/\/www.sindicaturabarcelona.cat\/es\/#organization"},"image":{"@id":"https:\/\/www.sindicaturabarcelona.cat\/es\/la-sindicatura-de-greuges-de-barcelona-recomienda-al-ayuntamiento-que-tenga-en-cuenta-los-espacios-de-memoria-antes-de-autorizar-carpas-politicas\/#primaryimage"},"thumbnailUrl":"https:\/\/www.sindicaturabarcelona.cat\/wp-content\/uploads\/adria-1920x1280-1.jpg","inLanguage":"es"},{"@type":"WebPage","@id":"https:\/\/www.sindicaturabarcelona.cat\/es\/la-sindicatura-de-greuges-de-barcelona-recomienda-al-ayuntamiento-que-tenga-en-cuenta-los-espacios-de-memoria-antes-de-autorizar-carpas-politicas\/","url":"https:\/\/www.sindicaturabarcelona.cat\/es\/la-sindicatura-de-greuges-de-barcelona-recomienda-al-ayuntamiento-que-tenga-en-cuenta-los-espacios-de-memoria-antes-de-autorizar-carpas-politicas\/","name":"La Sindicatura de Greuges de Barcelona recomienda al Ayuntamiento que tenga en cuenta los espacios de memoria antes de autorizar carpas pol\u00edticas - Sindicatura de Greuges de Barcelona","isPartOf":{"@id":"https:\/\/www.sindicaturabarcelona.cat\/es\/#website"},"primaryImageOfPage":{"@id":"https:\/\/www.sindicaturabarcelona.cat\/es\/la-sindicatura-de-greuges-de-barcelona-recomienda-al-ayuntamiento-que-tenga-en-cuenta-los-espacios-de-memoria-antes-de-autorizar-carpas-politicas\/#primaryimage"},"image":{"@id":"https:\/\/www.sindicaturabarcelona.cat\/es\/la-sindicatura-de-greuges-de-barcelona-recomienda-al-ayuntamiento-que-tenga-en-cuenta-los-espacios-de-memoria-antes-de-autorizar-carpas-politicas\/#primaryimage"},"thumbnailUrl":"https:\/\/www.sindicaturabarcelona.cat\/wp-content\/uploads\/adria-1920x1280-1.jpg","datePublished":"2026-07-29T05:00:00+00:00","breadcrumb":{"@id":"https:\/\/www.sindicaturabarcelona.cat\/es\/la-sindicatura-de-greuges-de-barcelona-recomienda-al-ayuntamiento-que-tenga-en-cuenta-los-espacios-de-memoria-antes-de-autorizar-carpas-politicas\/#breadcrumb"},"inLanguage":"es","potentialAction":[{"@type":"ReadAction","target":["https:\/\/www.sindicaturabarcelona.cat\/es\/la-sindicatura-de-greuges-de-barcelona-recomienda-al-ayuntamiento-que-tenga-en-cuenta-los-espacios-de-memoria-antes-de-autorizar-carpas-politicas\/"]}]},{"@type":"ImageObject","inLanguage":"es","@id":"https:\/\/www.sindicaturabarcelona.cat\/es\/la-sindicatura-de-greuges-de-barcelona-recomienda-al-ayuntamiento-que-tenga-en-cuenta-los-espacios-de-memoria-antes-de-autorizar-carpas-politicas\/#primaryimage","url":"https:\/\/www.sindicaturabarcelona.cat\/wp-content\/uploads\/adria-1920x1280-1.jpg","contentUrl":"https:\/\/www.sindicaturabarcelona.cat\/wp-content\/uploads\/adria-1920x1280-1.jpg","width":1920,"height":1280,"caption":"Pla\u00e7a Adri\u00e0"},{"@type":"BreadcrumbList","@id":"https:\/\/www.sindicaturabarcelona.cat\/es\/la-sindicatura-de-greuges-de-barcelona-recomienda-al-ayuntamiento-que-tenga-en-cuenta-los-espacios-de-memoria-antes-de-autorizar-carpas-politicas\/#breadcrumb","itemListElement":[{"@type":"ListItem","position":1,"name":"Inici","item":"https:\/\/www.sindicaturabarcelona.cat\/es\/"},{"@type":"ListItem","position":2,"name":"La Sindicatura de Greuges de Barcelona recomienda al Ayuntamiento que tenga en cuenta los espacios de memoria antes de autorizar carpas pol\u00edticas"}]},{"@type":"WebSite","@id":"https:\/\/www.sindicaturabarcelona.cat\/es\/#website","url":"https:\/\/www.sindicaturabarcelona.cat\/es\/","name":"Sindicatura de Greuges de Barcelona","description":"La defensoria dels teus drets","publisher":{"@id":"https:\/\/www.sindicaturabarcelona.cat\/es\/#organization"},"potentialAction":[{"@type":"SearchAction","target":{"@type":"EntryPoint","urlTemplate":"https:\/\/www.sindicaturabarcelona.cat\/es\/?s={search_term_string}"},"query-input":{"@type":"PropertyValueSpecification","valueRequired":true,"valueName":"search_term_string"}}],"inLanguage":"es"},{"@type":"Organization","@id":"https:\/\/www.sindicaturabarcelona.cat\/es\/#organization","name":"Sindicatura de Greuges de Barcelona","url":"https:\/\/www.sindicaturabarcelona.cat\/es\/","logo":{"@type":"ImageObject","inLanguage":"es","@id":"https:\/\/www.sindicaturabarcelona.cat\/es\/#\/schema\/logo\/image\/","url":"https:\/\/www.sindicaturabarcelona.cat\/wp-content\/uploads\/2023\/02\/logo_sindicatura.svg","contentUrl":"https:\/\/www.sindicaturabarcelona.cat\/wp-content\/uploads\/2023\/02\/logo_sindicatura.svg","caption":"Sindicatura de Greuges de Barcelona"},"image":{"@id":"https:\/\/www.sindicaturabarcelona.cat\/es\/#\/schema\/logo\/image\/"},"sameAs":["https:\/\/x.com\/sindicbarcelona","https:\/\/www.instagram.com\/sindicbarcelona\/","https:\/\/www.tiktok.com\/@sindicaturabcn","https:\/\/t.me\/sindicaturabarcelona"]},{"@type":"Person","@id":"https:\/\/www.sindicaturabarcelona.cat\/es\/#\/schema\/person\/a34fec64c2307d626ca202e35409424d","name":"Oriol Puig","image":{"@type":"ImageObject","inLanguage":"es","@id":"https:\/\/secure.gravatar.com\/avatar\/92a591f5a4f9e5e8b88f2ec6c9d745ce3834f2e1d24e798970614b08ada34430?s=96&d=mm&r=g","url":"https:\/\/secure.gravatar.com\/avatar\/92a591f5a4f9e5e8b88f2ec6c9d745ce3834f2e1d24e798970614b08ada34430?s=96&d=mm&r=g","contentUrl":"https:\/\/secure.gravatar.com\/avatar\/92a591f5a4f9e5e8b88f2ec6c9d745ce3834f2e1d24e798970614b08ada34430?s=96&d=mm&r=g","caption":"Oriol Puig"},"url":"https:\/\/www.sindicaturabarcelona.cat\/es\/author\/opuig\/"}]}},"_links":{"self":[{"href":"https:\/\/www.sindicaturabarcelona.cat\/es\/wp-json\/wp\/v2\/posts\/43363","targetHints":{"allow":["GET"]}}],"collection":[{"href":"https:\/\/www.sindicaturabarcelona.cat\/es\/wp-json\/wp\/v2\/posts"}],"about":[{"href":"https:\/\/www.sindicaturabarcelona.cat\/es\/wp-json\/wp\/v2\/types\/post"}],"author":[{"embeddable":true,"href":"https:\/\/www.sindicaturabarcelona.cat\/es\/wp-json\/wp\/v2\/users\/8"}],"replies":[{"embeddable":true,"href":"https:\/\/www.sindicaturabarcelona.cat\/es\/wp-json\/wp\/v2\/comments?post=43363"}],"version-history":[{"count":1,"href":"https:\/\/www.sindicaturabarcelona.cat\/es\/wp-json\/wp\/v2\/posts\/43363\/revisions"}],"predecessor-version":[{"id":43364,"href":"https:\/\/www.sindicaturabarcelona.cat\/es\/wp-json\/wp\/v2\/posts\/43363\/revisions\/43364"}],"wp:featuredmedia":[{"embeddable":true,"href":"https:\/\/www.sindicaturabarcelona.cat\/es\/wp-json\/wp\/v2\/media\/43361"}],"wp:attachment":[{"href":"https:\/\/www.sindicaturabarcelona.cat\/es\/wp-json\/wp\/v2\/media?parent=43363"}],"wp:term":[{"taxonomy":"post_tag","embeddable":true,"href":"https:\/\/www.sindicaturabarcelona.cat\/es\/wp-json\/wp\/v2\/tags?post=43363"},{"taxonomy":"drets","embeddable":true,"href":"https:\/\/www.sindicaturabarcelona.cat\/es\/wp-json\/wp\/v2\/drets?post=43363"}],"curies":[{"name":"wp","href":"https:\/\/api.w.org\/{rel}","templated":true}]}}