{"id":43337,"date":"2026-07-24T10:48:51","date_gmt":"2026-07-24T08:48:51","guid":{"rendered":"https:\/\/www.sindicaturabarcelona.cat\/david-bondia-torna-a-ser-nomenat-sindic-de-greuges-de-barcelona\/"},"modified":"2026-07-24T12:39:01","modified_gmt":"2026-07-24T10:39:01","slug":"david-bondia-torna-a-ser-nomenat-sindic-de-greuges-de-barcelona","status":"publish","type":"post","link":"https:\/\/www.sindicaturabarcelona.cat\/es\/david-bondia-torna-a-ser-nomenat-sindic-de-greuges-de-barcelona\/","title":{"rendered":"David\u00a0Bondia\u00a0vuelve\u00a0a ser\u00a0nombrado\u00a0s\u00edndic de greuges de Barcelona\u00a0"},"content":{"rendered":"\n<p><strong>El\u00a0Plno\u00a0del\u00a0Ayuntamiento\u00a0ha\u00a0escogido\u00a0al actual responsable de la Sindicatura para un\u00a0nuevo\u00a0mandato, y la toma de\u00a0posesi\u00f3n\u00a0tendr\u00e1\u00a0lugar\u00a0en octubre, una\u00a0vez\u00a0finalice\u00a0el\u00a0mandato\u00a0actual.<\/strong>\u00a0<\/p>\n\n\n\n<p>El Pleno del Ayuntamiento de Barcelona ha nombrado nuevamente a David Bondia Garcia s\u00edndic de greuges de Barcelona para el periodo <strong>2026-2031<\/strong>, despu\u00e9s de haber ocupado el cargo durante el mandato 2021-2026.<\/p>\n\n\n\n<p>El nombramiento ha recibido el apoyo de <strong>m\u00e1s de dos terceras partes<\/strong> de los 41 concejales y concejalas del consistorio. Han votado a favor Junts, el PSC, Barcelona en Com\u00fa y ERC, mientras que el PP se ha abstenido y Vox ha votado en contra. El siguiente paso ser\u00e1 la <strong>toma de posesi\u00f3n<\/strong>, que se celebrar\u00e1 en octubre, cuando finalice el mandato actual.<\/p>\n\n\n\n<p>Bondia fue el <a href=\"https:\/\/www.sindicaturabarcelona.cat\/es\/finaliza-la-fase-de-apoyo-ciudadano-a-las-candidaturas-a-la-sindicatura-de-greuges-de-barcelona-con-la-participacion-de-2-707-personas-y-31-entidades\/\"><strong>ganador del proceso de participaci\u00f3n ciudadana<\/strong><\/a> llevado a cabo por el Ayuntamiento a trav\u00e9s de la plataforma Decidim durante todo el mes de junio. Concurrieron dos candidaturas: la del actual s\u00edndic y la de la abogada y consultora Gemma Calvet.<\/p>\n\n\n\n<p>Bondia, que fue propuesto por 50 entidades, <strong>obtuvo 2.064 apoyos ciudadanos<\/strong> y 25 adhesiones de entidades durante la fase de apoyos, mientras que <strong>Gemma Calvet<\/strong>, presentada por cuatro entidades, consigui\u00f3 643 apoyos ciudadanos y seis adhesiones de entidades. Una vez conocidos los resultados, el alcalde de Barcelona, Jaume Collboni, propuso a Bondia para que su nombramiento fuera sometido a votaci\u00f3n en el Pleno municipal de este mes de julio.<\/p>\n\n\n\n<h2 class=\"wp-block-heading\"><strong>La trayectoria de David Bondia<\/strong><\/h2>\n\n\n\n<p>Bondia, que ha ejercido como s\u00edndic durante los \u00faltimos cinco a\u00f1os, es tambi\u00e9n, desde 2025, <strong>presidente de la Alianza Global del Ombudsperson Local<\/strong> (AGOL), la red mundial de defensor\u00edas locales.<\/p>\n\n\n\n<p>Adem\u00e1s, es profesor titular de Derecho Internacional P\u00fablico y Relaciones Internacionales de la <strong>Universidad de Barcelona<\/strong>, donde imparte docencia en grados y m\u00e1steres. Su actividad investigadora se ha centrado en la protecci\u00f3n internacional de los derechos humanos y en los mecanismos nacionales y de proximidad para garantizarlos.<\/p>\n\n\n\n<p>Fue presidente del <strong>Instituto de Derechos Humanos de Catalunya<\/strong> y del equipo de trabajo del Mecanismo Catal\u00e1n para la Prevenci\u00f3n de la Tortura. Tambi\u00e9n form\u00f3 parte del Comit\u00e9 Ejecutivo de la red EuroMed Rights, fue vicepresidente de la Estructura de Derechos Humanos de Catalunya \u2014encargada de elaborar el primer Plan de derechos humanos de Catalunya\u2014 y vocal del Consejo Catal\u00e1n de Fomento de la Paz.<\/p>\n\n\n\n<h2 class=\"wp-block-heading\"><strong>Un segundo mandato para consolidar el proyecto<\/strong><\/h2>\n\n\n\n<p>El actual s\u00edndic se present\u00f3 a la reelecci\u00f3n con el lema \u201c<a href=\"https:\/\/ajbcn-decidim-barcelona.s3.eu-west-1.amazonaws.com\/j7xtqujqqakf91cuygglenyx2oel\">defendiendo el derecho a vivir bien en la ciudad\u201d<\/a> y con un doble objetivo. Por un lado, <strong>consolidar el proyecto transformador<\/strong> iniciado en octubre de 2021. Durante el primer mandato, se han hecho efectivos los siete ejes y las 33 propuestas del programa con el que opt\u00f3 al cargo de s\u00edndic de greuges de Barcelona: \u201cUna Sindicatura de Greuges de Barcelona con experiencia, a pie de calle y comprometida con los derechos humanos de proximidad\u201d.<\/p>\n\n\n\n<p>Por otro lado, tambi\u00e9n se propone <strong>aprovechar la experiencia adquirida<\/strong> durante estos cinco a\u00f1os para impulsar nuevas propuestas que permitan evolucionar de la garant\u00eda del \u201cderecho a la ciudad\u201d a la defensa efectiva del \u201cderecho a vivir bien en la ciudad\u201d.<\/p>\n\n\n\n<p>Bondia considera que este objetivo debe alcanzarse con determinaci\u00f3n, rigor, imaginaci\u00f3n y creatividad: \u201cNo se trata tanto de ver lo que nadie ha visto todav\u00eda, sino de <strong>pensar lo que nadie ha pensado<\/strong> sobre lo que todos vemos\u201d, asegura.<\/p>\n\n\n\n<p>Entre las prioridades de este nuevo mandato, Bondia se propone abordar el sinhogarismo de manera innovadora y colaborativa a trav\u00e9s del <strong>Plan Cero Calle<\/strong>, <strong>reforzar el papel mediador<\/strong> de la Sindicatura de Greuges mediante la creaci\u00f3n de una Oficina de Mediaci\u00f3n en la propia instituci\u00f3n, profundizar en la transparencia y la participaci\u00f3n ciudadana en Barcelona y velar por que la Administraci\u00f3n municipal ponga siempre la <strong>inteligencia artificial<\/strong> al servicio de las personas.<\/p>\n","protected":false},"excerpt":{"rendered":"<p>El Pleno del Ayuntamiento ha escogido al actual responsable de la Sindicatura para un nuevo mandato, y la toma de posesi\u00f3n tendr\u00e1 lugar en octubre, una vez finalice el mandato actual. <\/p>\n","protected":false},"author":7,"featured_media":43334,"comment_status":"closed","ping_status":"closed","sticky":false,"template":"","format":"standard","meta":{"_acf_changed":false,"footnotes":""},"tags":[],"drets":[],"class_list":["post-43337","post","type-post","status-publish","format-standard","has-post-thumbnail","hentry"],"acf":[],"yoast_head":"<!-- This site is optimized with the Yoast SEO plugin v27.5 - https:\/\/yoast.com\/product\/yoast-seo-wordpress\/ -->\n<title>David\u00a0Bondia\u00a0vuelve\u00a0a ser\u00a0nombrado\u00a0s\u00edndic de greuges de Barcelona\u00a0 - Sindicatura de Greuges de Barcelona<\/title>\n<meta name=\"description\" content=\"El Pleno del Ayuntamiento ha escogido al actual responsable de la Sindicatura para un nuevo mandato, y la toma de posesi\u00f3n tendr\u00e1 lugar en octubre, una vez finalice el mandato actual\" \/>\n<meta name=\"robots\" content=\"index, follow, max-snippet:-1, max-image-preview:large, max-video-preview:-1\" \/>\n<link rel=\"canonical\" href=\"https:\/\/www.sindicaturabarcelona.cat\/es\/david-bondia-torna-a-ser-nomenat-sindic-de-greuges-de-barcelona\/\" \/>\n<meta property=\"og:locale\" content=\"es_ES\" \/>\n<meta property=\"og:type\" content=\"article\" \/>\n<meta property=\"og:title\" content=\"David\u00a0Bondia\u00a0vuelve\u00a0a ser\u00a0nombrado\u00a0s\u00edndic de greuges de Barcelona\u00a0 - Sindicatura de Greuges de Barcelona\" \/>\n<meta property=\"og:description\" content=\"El Pleno del Ayuntamiento ha escogido al actual responsable de la Sindicatura para un nuevo mandato, y la toma de posesi\u00f3n tendr\u00e1 lugar en octubre, una vez finalice el mandato actual\" \/>\n<meta property=\"og:url\" content=\"https:\/\/www.sindicaturabarcelona.cat\/es\/david-bondia-torna-a-ser-nomenat-sindic-de-greuges-de-barcelona\/\" \/>\n<meta property=\"og:site_name\" content=\"Sindicatura de Greuges de Barcelona\" \/>\n<meta property=\"article:published_time\" content=\"2026-07-24T08:48:51+00:00\" \/>\n<meta property=\"article:modified_time\" content=\"2026-07-24T10:39:01+00:00\" \/>\n<meta property=\"og:image\" content=\"https:\/\/www.sindicaturabarcelona.cat\/wp-content\/uploads\/KM4A9886-scaled.jpg\" \/>\n\t<meta property=\"og:image:width\" content=\"2560\" \/>\n\t<meta property=\"og:image:height\" content=\"1706\" \/>\n\t<meta property=\"og:image:type\" content=\"image\/jpeg\" \/>\n<meta name=\"author\" content=\"Carme Rocamora\" \/>\n<meta name=\"twitter:card\" content=\"summary_large_image\" \/>\n<meta name=\"twitter:creator\" content=\"@sindicbarcelona\" \/>\n<meta name=\"twitter:site\" content=\"@sindicbarcelona\" \/>\n<meta name=\"twitter:label1\" content=\"Escrito por\" \/>\n\t<meta name=\"twitter:data1\" content=\"Carme Rocamora\" \/>\n\t<meta name=\"twitter:label2\" content=\"Tiempo de lectura\" \/>\n\t<meta name=\"twitter:data2\" content=\"4 minutos\" \/>\n<script type=\"application\/ld+json\" class=\"yoast-schema-graph\">{\"@context\":\"https:\\\/\\\/schema.org\",\"@graph\":[{\"@type\":\"Article\",\"@id\":\"https:\\\/\\\/www.sindicaturabarcelona.cat\\\/es\\\/david-bondia-torna-a-ser-nomenat-sindic-de-greuges-de-barcelona\\\/#article\",\"isPartOf\":{\"@id\":\"https:\\\/\\\/www.sindicaturabarcelona.cat\\\/es\\\/david-bondia-torna-a-ser-nomenat-sindic-de-greuges-de-barcelona\\\/\"},\"author\":{\"name\":\"Carme Rocamora\",\"@id\":\"https:\\\/\\\/www.sindicaturabarcelona.cat\\\/es\\\/#\\\/schema\\\/person\\\/0690b05fdcbf9e43b34103e845240789\"},\"headline\":\"David\u00a0Bondia\u00a0vuelve\u00a0a ser\u00a0nombrado\u00a0s\u00edndic de greuges de Barcelona\u00a0\",\"datePublished\":\"2026-07-24T08:48:51+00:00\",\"dateModified\":\"2026-07-24T10:39:01+00:00\",\"mainEntityOfPage\":{\"@id\":\"https:\\\/\\\/www.sindicaturabarcelona.cat\\\/es\\\/david-bondia-torna-a-ser-nomenat-sindic-de-greuges-de-barcelona\\\/\"},\"wordCount\":670,\"publisher\":{\"@id\":\"https:\\\/\\\/www.sindicaturabarcelona.cat\\\/es\\\/#organization\"},\"image\":{\"@id\":\"https:\\\/\\\/www.sindicaturabarcelona.cat\\\/es\\\/david-bondia-torna-a-ser-nomenat-sindic-de-greuges-de-barcelona\\\/#primaryimage\"},\"thumbnailUrl\":\"https:\\\/\\\/www.sindicaturabarcelona.cat\\\/wp-content\\\/uploads\\\/KM4A9886-scaled.jpg\",\"inLanguage\":\"es\"},{\"@type\":\"WebPage\",\"@id\":\"https:\\\/\\\/www.sindicaturabarcelona.cat\\\/es\\\/david-bondia-torna-a-ser-nomenat-sindic-de-greuges-de-barcelona\\\/\",\"url\":\"https:\\\/\\\/www.sindicaturabarcelona.cat\\\/es\\\/david-bondia-torna-a-ser-nomenat-sindic-de-greuges-de-barcelona\\\/\",\"name\":\"David\u00a0Bondia\u00a0vuelve\u00a0a ser\u00a0nombrado\u00a0s\u00edndic de greuges de Barcelona\u00a0 - Sindicatura de Greuges de Barcelona\",\"isPartOf\":{\"@id\":\"https:\\\/\\\/www.sindicaturabarcelona.cat\\\/es\\\/#website\"},\"primaryImageOfPage\":{\"@id\":\"https:\\\/\\\/www.sindicaturabarcelona.cat\\\/es\\\/david-bondia-torna-a-ser-nomenat-sindic-de-greuges-de-barcelona\\\/#primaryimage\"},\"image\":{\"@id\":\"https:\\\/\\\/www.sindicaturabarcelona.cat\\\/es\\\/david-bondia-torna-a-ser-nomenat-sindic-de-greuges-de-barcelona\\\/#primaryimage\"},\"thumbnailUrl\":\"https:\\\/\\\/www.sindicaturabarcelona.cat\\\/wp-content\\\/uploads\\\/KM4A9886-scaled.jpg\",\"datePublished\":\"2026-07-24T08:48:51+00:00\",\"dateModified\":\"2026-07-24T10:39:01+00:00\",\"description\":\"El Pleno del Ayuntamiento ha escogido al actual responsable de la Sindicatura para un nuevo mandato, y la toma de posesi\u00f3n tendr\u00e1 lugar en octubre, una vez finalice el mandato actual\",\"breadcrumb\":{\"@id\":\"https:\\\/\\\/www.sindicaturabarcelona.cat\\\/es\\\/david-bondia-torna-a-ser-nomenat-sindic-de-greuges-de-barcelona\\\/#breadcrumb\"},\"inLanguage\":\"es\",\"potentialAction\":[{\"@type\":\"ReadAction\",\"target\":[\"https:\\\/\\\/www.sindicaturabarcelona.cat\\\/es\\\/david-bondia-torna-a-ser-nomenat-sindic-de-greuges-de-barcelona\\\/\"]}]},{\"@type\":\"ImageObject\",\"inLanguage\":\"es\",\"@id\":\"https:\\\/\\\/www.sindicaturabarcelona.cat\\\/es\\\/david-bondia-torna-a-ser-nomenat-sindic-de-greuges-de-barcelona\\\/#primaryimage\",\"url\":\"https:\\\/\\\/www.sindicaturabarcelona.cat\\\/wp-content\\\/uploads\\\/KM4A9886-scaled.jpg\",\"contentUrl\":\"https:\\\/\\\/www.sindicaturabarcelona.cat\\\/wp-content\\\/uploads\\\/KM4A9886-scaled.jpg\",\"width\":2560,\"height\":1706},{\"@type\":\"BreadcrumbList\",\"@id\":\"https:\\\/\\\/www.sindicaturabarcelona.cat\\\/es\\\/david-bondia-torna-a-ser-nomenat-sindic-de-greuges-de-barcelona\\\/#breadcrumb\",\"itemListElement\":[{\"@type\":\"ListItem\",\"position\":1,\"name\":\"Inici\",\"item\":\"https:\\\/\\\/www.sindicaturabarcelona.cat\\\/es\\\/\"},{\"@type\":\"ListItem\",\"position\":2,\"name\":\"David\u00a0Bondia\u00a0vuelve\u00a0a ser\u00a0nombrado\u00a0s\u00edndic de greuges de Barcelona\u00a0\"}]},{\"@type\":\"WebSite\",\"@id\":\"https:\\\/\\\/www.sindicaturabarcelona.cat\\\/es\\\/#website\",\"url\":\"https:\\\/\\\/www.sindicaturabarcelona.cat\\\/es\\\/\",\"name\":\"Sindicatura de Greuges de Barcelona\",\"description\":\"La defensoria dels teus drets\",\"publisher\":{\"@id\":\"https:\\\/\\\/www.sindicaturabarcelona.cat\\\/es\\\/#organization\"},\"potentialAction\":[{\"@type\":\"SearchAction\",\"target\":{\"@type\":\"EntryPoint\",\"urlTemplate\":\"https:\\\/\\\/www.sindicaturabarcelona.cat\\\/es\\\/?s={search_term_string}\"},\"query-input\":{\"@type\":\"PropertyValueSpecification\",\"valueRequired\":true,\"valueName\":\"search_term_string\"}}],\"inLanguage\":\"es\"},{\"@type\":\"Organization\",\"@id\":\"https:\\\/\\\/www.sindicaturabarcelona.cat\\\/es\\\/#organization\",\"name\":\"Sindicatura de Greuges de Barcelona\",\"url\":\"https:\\\/\\\/www.sindicaturabarcelona.cat\\\/es\\\/\",\"logo\":{\"@type\":\"ImageObject\",\"inLanguage\":\"es\",\"@id\":\"https:\\\/\\\/www.sindicaturabarcelona.cat\\\/es\\\/#\\\/schema\\\/logo\\\/image\\\/\",\"url\":\"https:\\\/\\\/www.sindicaturabarcelona.cat\\\/wp-content\\\/uploads\\\/2023\\\/02\\\/logo_sindicatura.svg\",\"contentUrl\":\"https:\\\/\\\/www.sindicaturabarcelona.cat\\\/wp-content\\\/uploads\\\/2023\\\/02\\\/logo_sindicatura.svg\",\"caption\":\"Sindicatura de Greuges de Barcelona\"},\"image\":{\"@id\":\"https:\\\/\\\/www.sindicaturabarcelona.cat\\\/es\\\/#\\\/schema\\\/logo\\\/image\\\/\"},\"sameAs\":[\"https:\\\/\\\/x.com\\\/sindicbarcelona\",\"https:\\\/\\\/www.instagram.com\\\/sindicbarcelona\\\/\",\"https:\\\/\\\/www.tiktok.com\\\/@sindicaturabcn\",\"https:\\\/\\\/t.me\\\/sindicaturabarcelona\"]},{\"@type\":\"Person\",\"@id\":\"https:\\\/\\\/www.sindicaturabarcelona.cat\\\/es\\\/#\\\/schema\\\/person\\\/0690b05fdcbf9e43b34103e845240789\",\"name\":\"Carme Rocamora\",\"image\":{\"@type\":\"ImageObject\",\"inLanguage\":\"es\",\"@id\":\"https:\\\/\\\/secure.gravatar.com\\\/avatar\\\/7d5e980ef632f555fa40f97d06e5c8ec4ec568974a95778749d6a6279aa1faef?s=96&d=mm&r=g\",\"url\":\"https:\\\/\\\/secure.gravatar.com\\\/avatar\\\/7d5e980ef632f555fa40f97d06e5c8ec4ec568974a95778749d6a6279aa1faef?s=96&d=mm&r=g\",\"contentUrl\":\"https:\\\/\\\/secure.gravatar.com\\\/avatar\\\/7d5e980ef632f555fa40f97d06e5c8ec4ec568974a95778749d6a6279aa1faef?s=96&d=mm&r=g\",\"caption\":\"Carme Rocamora\"},\"url\":\"https:\\\/\\\/www.sindicaturabarcelona.cat\\\/es\\\/author\\\/crocamora\\\/\"}]}<\/script>\n<!-- \/ Yoast SEO plugin. -->","yoast_head_json":{"title":"David\u00a0Bondia\u00a0vuelve\u00a0a ser\u00a0nombrado\u00a0s\u00edndic de greuges de Barcelona\u00a0 - Sindicatura de Greuges de Barcelona","description":"El Pleno del Ayuntamiento ha escogido al actual responsable de la Sindicatura para un nuevo mandato, y la toma de posesi\u00f3n tendr\u00e1 lugar en octubre, una vez finalice el mandato actual","robots":{"index":"index","follow":"follow","max-snippet":"max-snippet:-1","max-image-preview":"max-image-preview:large","max-video-preview":"max-video-preview:-1"},"canonical":"https:\/\/www.sindicaturabarcelona.cat\/es\/david-bondia-torna-a-ser-nomenat-sindic-de-greuges-de-barcelona\/","og_locale":"es_ES","og_type":"article","og_title":"David\u00a0Bondia\u00a0vuelve\u00a0a ser\u00a0nombrado\u00a0s\u00edndic de greuges de Barcelona\u00a0 - Sindicatura de Greuges de Barcelona","og_description":"El Pleno del Ayuntamiento ha escogido al actual responsable de la Sindicatura para un nuevo mandato, y la toma de posesi\u00f3n tendr\u00e1 lugar en octubre, una vez finalice el mandato actual","og_url":"https:\/\/www.sindicaturabarcelona.cat\/es\/david-bondia-torna-a-ser-nomenat-sindic-de-greuges-de-barcelona\/","og_site_name":"Sindicatura de Greuges de Barcelona","article_published_time":"2026-07-24T08:48:51+00:00","article_modified_time":"2026-07-24T10:39:01+00:00","og_image":[{"width":2560,"height":1706,"url":"https:\/\/www.sindicaturabarcelona.cat\/wp-content\/uploads\/KM4A9886-scaled.jpg","type":"image\/jpeg"}],"author":"Carme Rocamora","twitter_card":"summary_large_image","twitter_creator":"@sindicbarcelona","twitter_site":"@sindicbarcelona","twitter_misc":{"Escrito por":"Carme Rocamora","Tiempo de lectura":"4 minutos"},"schema":{"@context":"https:\/\/schema.org","@graph":[{"@type":"Article","@id":"https:\/\/www.sindicaturabarcelona.cat\/es\/david-bondia-torna-a-ser-nomenat-sindic-de-greuges-de-barcelona\/#article","isPartOf":{"@id":"https:\/\/www.sindicaturabarcelona.cat\/es\/david-bondia-torna-a-ser-nomenat-sindic-de-greuges-de-barcelona\/"},"author":{"name":"Carme Rocamora","@id":"https:\/\/www.sindicaturabarcelona.cat\/es\/#\/schema\/person\/0690b05fdcbf9e43b34103e845240789"},"headline":"David\u00a0Bondia\u00a0vuelve\u00a0a ser\u00a0nombrado\u00a0s\u00edndic de greuges de Barcelona\u00a0","datePublished":"2026-07-24T08:48:51+00:00","dateModified":"2026-07-24T10:39:01+00:00","mainEntityOfPage":{"@id":"https:\/\/www.sindicaturabarcelona.cat\/es\/david-bondia-torna-a-ser-nomenat-sindic-de-greuges-de-barcelona\/"},"wordCount":670,"publisher":{"@id":"https:\/\/www.sindicaturabarcelona.cat\/es\/#organization"},"image":{"@id":"https:\/\/www.sindicaturabarcelona.cat\/es\/david-bondia-torna-a-ser-nomenat-sindic-de-greuges-de-barcelona\/#primaryimage"},"thumbnailUrl":"https:\/\/www.sindicaturabarcelona.cat\/wp-content\/uploads\/KM4A9886-scaled.jpg","inLanguage":"es"},{"@type":"WebPage","@id":"https:\/\/www.sindicaturabarcelona.cat\/es\/david-bondia-torna-a-ser-nomenat-sindic-de-greuges-de-barcelona\/","url":"https:\/\/www.sindicaturabarcelona.cat\/es\/david-bondia-torna-a-ser-nomenat-sindic-de-greuges-de-barcelona\/","name":"David\u00a0Bondia\u00a0vuelve\u00a0a ser\u00a0nombrado\u00a0s\u00edndic de greuges de Barcelona\u00a0 - Sindicatura de Greuges de Barcelona","isPartOf":{"@id":"https:\/\/www.sindicaturabarcelona.cat\/es\/#website"},"primaryImageOfPage":{"@id":"https:\/\/www.sindicaturabarcelona.cat\/es\/david-bondia-torna-a-ser-nomenat-sindic-de-greuges-de-barcelona\/#primaryimage"},"image":{"@id":"https:\/\/www.sindicaturabarcelona.cat\/es\/david-bondia-torna-a-ser-nomenat-sindic-de-greuges-de-barcelona\/#primaryimage"},"thumbnailUrl":"https:\/\/www.sindicaturabarcelona.cat\/wp-content\/uploads\/KM4A9886-scaled.jpg","datePublished":"2026-07-24T08:48:51+00:00","dateModified":"2026-07-24T10:39:01+00:00","description":"El Pleno del Ayuntamiento ha escogido al actual responsable de la Sindicatura para un nuevo mandato, y la toma de posesi\u00f3n tendr\u00e1 lugar en octubre, una vez finalice el mandato actual","breadcrumb":{"@id":"https:\/\/www.sindicaturabarcelona.cat\/es\/david-bondia-torna-a-ser-nomenat-sindic-de-greuges-de-barcelona\/#breadcrumb"},"inLanguage":"es","potentialAction":[{"@type":"ReadAction","target":["https:\/\/www.sindicaturabarcelona.cat\/es\/david-bondia-torna-a-ser-nomenat-sindic-de-greuges-de-barcelona\/"]}]},{"@type":"ImageObject","inLanguage":"es","@id":"https:\/\/www.sindicaturabarcelona.cat\/es\/david-bondia-torna-a-ser-nomenat-sindic-de-greuges-de-barcelona\/#primaryimage","url":"https:\/\/www.sindicaturabarcelona.cat\/wp-content\/uploads\/KM4A9886-scaled.jpg","contentUrl":"https:\/\/www.sindicaturabarcelona.cat\/wp-content\/uploads\/KM4A9886-scaled.jpg","width":2560,"height":1706},{"@type":"BreadcrumbList","@id":"https:\/\/www.sindicaturabarcelona.cat\/es\/david-bondia-torna-a-ser-nomenat-sindic-de-greuges-de-barcelona\/#breadcrumb","itemListElement":[{"@type":"ListItem","position":1,"name":"Inici","item":"https:\/\/www.sindicaturabarcelona.cat\/es\/"},{"@type":"ListItem","position":2,"name":"David\u00a0Bondia\u00a0vuelve\u00a0a ser\u00a0nombrado\u00a0s\u00edndic de greuges de Barcelona\u00a0"}]},{"@type":"WebSite","@id":"https:\/\/www.sindicaturabarcelona.cat\/es\/#website","url":"https:\/\/www.sindicaturabarcelona.cat\/es\/","name":"Sindicatura de Greuges de Barcelona","description":"La defensoria dels teus drets","publisher":{"@id":"https:\/\/www.sindicaturabarcelona.cat\/es\/#organization"},"potentialAction":[{"@type":"SearchAction","target":{"@type":"EntryPoint","urlTemplate":"https:\/\/www.sindicaturabarcelona.cat\/es\/?s={search_term_string}"},"query-input":{"@type":"PropertyValueSpecification","valueRequired":true,"valueName":"search_term_string"}}],"inLanguage":"es"},{"@type":"Organization","@id":"https:\/\/www.sindicaturabarcelona.cat\/es\/#organization","name":"Sindicatura de Greuges de Barcelona","url":"https:\/\/www.sindicaturabarcelona.cat\/es\/","logo":{"@type":"ImageObject","inLanguage":"es","@id":"https:\/\/www.sindicaturabarcelona.cat\/es\/#\/schema\/logo\/image\/","url":"https:\/\/www.sindicaturabarcelona.cat\/wp-content\/uploads\/2023\/02\/logo_sindicatura.svg","contentUrl":"https:\/\/www.sindicaturabarcelona.cat\/wp-content\/uploads\/2023\/02\/logo_sindicatura.svg","caption":"Sindicatura de Greuges de Barcelona"},"image":{"@id":"https:\/\/www.sindicaturabarcelona.cat\/es\/#\/schema\/logo\/image\/"},"sameAs":["https:\/\/x.com\/sindicbarcelona","https:\/\/www.instagram.com\/sindicbarcelona\/","https:\/\/www.tiktok.com\/@sindicaturabcn","https:\/\/t.me\/sindicaturabarcelona"]},{"@type":"Person","@id":"https:\/\/www.sindicaturabarcelona.cat\/es\/#\/schema\/person\/0690b05fdcbf9e43b34103e845240789","name":"Carme Rocamora","image":{"@type":"ImageObject","inLanguage":"es","@id":"https:\/\/secure.gravatar.com\/avatar\/7d5e980ef632f555fa40f97d06e5c8ec4ec568974a95778749d6a6279aa1faef?s=96&d=mm&r=g","url":"https:\/\/secure.gravatar.com\/avatar\/7d5e980ef632f555fa40f97d06e5c8ec4ec568974a95778749d6a6279aa1faef?s=96&d=mm&r=g","contentUrl":"https:\/\/secure.gravatar.com\/avatar\/7d5e980ef632f555fa40f97d06e5c8ec4ec568974a95778749d6a6279aa1faef?s=96&d=mm&r=g","caption":"Carme Rocamora"},"url":"https:\/\/www.sindicaturabarcelona.cat\/es\/author\/crocamora\/"}]}},"_links":{"self":[{"href":"https:\/\/www.sindicaturabarcelona.cat\/es\/wp-json\/wp\/v2\/posts\/43337","targetHints":{"allow":["GET"]}}],"collection":[{"href":"https:\/\/www.sindicaturabarcelona.cat\/es\/wp-json\/wp\/v2\/posts"}],"about":[{"href":"https:\/\/www.sindicaturabarcelona.cat\/es\/wp-json\/wp\/v2\/types\/post"}],"author":[{"embeddable":true,"href":"https:\/\/www.sindicaturabarcelona.cat\/es\/wp-json\/wp\/v2\/users\/7"}],"replies":[{"embeddable":true,"href":"https:\/\/www.sindicaturabarcelona.cat\/es\/wp-json\/wp\/v2\/comments?post=43337"}],"version-history":[{"count":1,"href":"https:\/\/www.sindicaturabarcelona.cat\/es\/wp-json\/wp\/v2\/posts\/43337\/revisions"}],"predecessor-version":[{"id":43339,"href":"https:\/\/www.sindicaturabarcelona.cat\/es\/wp-json\/wp\/v2\/posts\/43337\/revisions\/43339"}],"wp:featuredmedia":[{"embeddable":true,"href":"https:\/\/www.sindicaturabarcelona.cat\/es\/wp-json\/wp\/v2\/media\/43334"}],"wp:attachment":[{"href":"https:\/\/www.sindicaturabarcelona.cat\/es\/wp-json\/wp\/v2\/media?parent=43337"}],"wp:term":[{"taxonomy":"post_tag","embeddable":true,"href":"https:\/\/www.sindicaturabarcelona.cat\/es\/wp-json\/wp\/v2\/tags?post=43337"},{"taxonomy":"drets","embeddable":true,"href":"https:\/\/www.sindicaturabarcelona.cat\/es\/wp-json\/wp\/v2\/drets?post=43337"}],"curies":[{"name":"wp","href":"https:\/\/api.w.org\/{rel}","templated":true}]}}