{"id":43197,"date":"2026-06-23T11:22:38","date_gmt":"2026-06-23T09:22:38","guid":{"rendered":"https:\/\/www.sindicaturabarcelona.cat\/?p=43197"},"modified":"2026-06-23T11:32:13","modified_gmt":"2026-06-23T09:32:13","slug":"un-proyecto-europeo-en-el-que-participa-la-sindicatura-crea-una-app-para-la-democracia-inclusiva-que-simplifica-textos-politicos-e-institucionales","status":"publish","type":"post","link":"https:\/\/www.sindicaturabarcelona.cat\/es\/un-proyecto-europeo-en-el-que-participa-la-sindicatura-crea-una-app-para-la-democracia-inclusiva-que-simplifica-textos-politicos-e-institucionales\/","title":{"rendered":"Un proyecto europeo, en el que participa la Sindicatura, crea una app para la democracia inclusiva que simplifica textos pol\u00edticos e institucionales"},"content":{"rendered":"\n<h2 class=\"wp-block-heading\"><strong>Personas mayores, poblaci\u00f3n reci\u00e9n llegada y personas con discapacidad intelectual de Barcelona han probado el nuevo prototipo de app, dise\u00f1ado por el proyecto de investigaci\u00f3n iDEM, que lidera la UPF y cuenta con el apoyo del Ayuntamiento de Barcelona, de la mano de la Sindicatura de Greuges de Barcelona y el Institut Municipal de Persones amb Discapacitat.<\/strong><\/h2>\n\n\n\n<h2 class=\"wp-block-heading\"><strong>Para compartir las conclusiones de las sesiones, el Ayuntamiento ha acogido una sesi\u00f3n de clausura este 23 de junio. Durante el acto, se ha presentado un protocolo para mejorar la inclusi\u00f3n de los procesos de participaci\u00f3n.<\/strong><\/h2>\n\n\n\n<h2 class=\"wp-block-heading\"><strong>El s\u00edndic ha remarcado que \u201cproyectos como iDEM tienen un gran valor social porque ayudan a romper barreras y a hacer que m\u00e1s personas puedan hacer o\u00edr su voz\u201d.<\/strong><\/h2>\n\n\n\n<p><strong>Barcelona, 23 de junio de 2026<\/strong> &#8211; El proyecto de investigaci\u00f3n europeo <a href=\"https:\/\/idemproject.eu\/cat\" target=\"_blank\" rel=\"noreferrer noopener\">iDEM<\/a>, liderado por la Universitat Pompeu Fabra (UPF) y en el que participa la Sindicatura de Greuges de Barcelona, ha dise\u00f1ado un nuevo prototipo de app para facilitar la comprensi\u00f3n de los temas de debate p\u00fablico a personas con dificultades de comprensi\u00f3n, ya sea por motivos ling\u00fc\u00edsticos o cognitivos. La app iDEM permite transformar textos complejos en versiones m\u00e1s f\u00e1ciles de comprender y act\u00faa como asistente para formular propuestas por escrito, con el apoyo de t\u00e9cnicas de IA.<\/p>\n\n\n\n<p>La Sindicatura de Greuges de Barcelona y el Institut Municipal de Persones amb Discapacitat son socios de este proyecto europeo y, en los meses de abril y mayo, han llevado a cabo una prueba piloto en la ciudad para evaluar el funcionamiento de esta app con una treintena de usuarios reales: personas mayores, poblaci\u00f3n reci\u00e9n llegada y personas con discapacidad intelectual.<\/p>\n\n\n\n<p>A lo largo de tres sesiones, se han realizado diferentes debates sobre urbanismo y participaci\u00f3n, donde los participantes han podido utilizar la app para simplificar textos complejos sobre el tema y elaborar propuestas sobre c\u00f3mo mejorar distintos espacios p\u00fablicos de la ciudad. Las sesiones, celebradas en varias ubicaciones de la ciudad, han contado con el apoyo de los dinamizadores del proyecto, y del departamento de Participaci\u00f3n del \u00c1rea de Servicios Urbanos y Mantenimiento del Espacio P\u00fablico del Ayuntamiento de Barcelona.<\/p>\n\n\n\n<p>Para compartir las conclusiones de las sesiones, el Ayuntamiento ha acogido una sesi\u00f3n de clausura este 23 de junio. Durante el acto, se ha presentado un protocolo para mejorar la inclusi\u00f3n de los procesos de participaci\u00f3n. En el transcurso del evento, el s\u00edndic de greuges de Barcelona, David Bondia, ha remarcado que <strong>\u201cpara que la democracia sea real, todo el mundo debe poder entender qu\u00e9 se dice en ella y formar parte. Proyectos como iDEM tienen un gran valor social porque ayudan a romper barreras y a hacer que m\u00e1s personas puedan hacer o\u00edr su voz. Esto nos acerca a una ciudad m\u00e1s justa e inclusiva\u201d.<\/strong><\/p>\n\n\n\n<figure class=\"wp-block-gallery has-nested-images columns-default is-cropped wp-block-gallery-1 is-layout-flex wp-block-gallery-is-layout-flex\">\n<figure class=\"wp-block-image size-large\"><img loading=\"lazy\" decoding=\"async\" width=\"1200\" height=\"800\" data-id=\"43205\" src=\"https:\/\/www.sindicaturabarcelona.cat\/wp-content\/uploads\/KM4A4451.jpg-1200x800.jpeg\" alt=\"\" class=\"wp-image-43205\" srcset=\"https:\/\/www.sindicaturabarcelona.cat\/wp-content\/uploads\/KM4A4451.jpg-1200x800.jpeg 1200w, https:\/\/www.sindicaturabarcelona.cat\/wp-content\/uploads\/KM4A4451.jpg-800x533.jpeg 800w, https:\/\/www.sindicaturabarcelona.cat\/wp-content\/uploads\/KM4A4451.jpg-768x512.jpeg 768w, https:\/\/www.sindicaturabarcelona.cat\/wp-content\/uploads\/KM4A4451.jpg-1536x1024.jpeg 1536w, https:\/\/www.sindicaturabarcelona.cat\/wp-content\/uploads\/KM4A4451.jpg-2048x1365.jpeg 2048w\" sizes=\"auto, (max-width: 1200px) 100vw, 1200px\" \/><\/figure>\n<\/figure>\n\n\n\n<p>Desde el \u00e1mbito del gobierno local, la concejala responsable del \u00c1rea de Salud y Personas con Discapacidad, Marta Villanueva, ha declarado: \u201cBarcelona quiere dar un paso adelante en la mejora de la accesibilidad cognitiva, para que todas las personas puedan llevar adelante sus proyectos de vida con la mayor autonom\u00eda personal posible. Los proyectos de innovaci\u00f3n nos permiten reflexionar y buscar soluciones para transformar nuestra realidad: en el caso concreto de iDEM queremos que los procesos de participaci\u00f3n de la ciudad sean m\u00e1s acogedores e inclusivos para todo el mundo, con independencia de sus habilidades y capacidades. Barcelona gana en riqueza de puntos de vista y la participaci\u00f3n es m\u00e1s justa y equitativa\u201d.<\/p>\n\n\n\n<h2 class=\"wp-block-heading\"><strong>Un proyecto interdisciplinario para poner la IA al servicio de la democracia inclusiva<\/strong><\/h2>\n\n\n\n<p>La app iDEM consta de un espacio donde se puede pegar el texto original o cargar la correspondiente fotograf\u00eda y, posteriormente, ofrece la opci\u00f3n de simplificaci\u00f3n. La versi\u00f3n inicial del prototipo funciona en cuatro idiomas (catal\u00e1n, castellano, ingl\u00e9s e italiano) y se puede utilizar desde un m\u00f3vil o una tableta. Tambi\u00e9n dispone de una funcionalidad de participaci\u00f3n que ayuda a los usuarios a realizar sus propios comentarios y propuestas sobre el tema de debate. El prototipo actual se mejorar\u00e1 en funci\u00f3n de los resultados de la prueba piloto y de la retroalimentaci\u00f3n de los usuarios.<\/p>\n\n\n\n<p>La iniciativa se enmarca en el proyecto de investigaci\u00f3n europeo \u201cInnovative and Inclusive Democratic Spaces for Deliberation and Participation\u201d, que se inici\u00f3 a principios de 2024 para poner la IA al servicio de una democracia m\u00e1s inclusiva. El dise\u00f1o de la app iDEM se basa en un enfoque de tecnolog\u00eda centrado en el humano para garantizar que las personas con dificultades de comunicaci\u00f3n puedan participar en la democracia deliberativa en igualdad de condiciones. Por ello, antes de dise\u00f1arla, se realizaron sesiones participativas con los potenciales destinatarios de la app para recoger sus necesidades y tambi\u00e9n con expertos.<\/p>\n\n\n\n<p>El coordinador del proyecto es Horacio Saggion, catedr\u00e1tico de inform\u00e1tica e IA, del grupo de investigaci\u00f3n <a href=\"https:\/\/www.upf.edu\/web\/taln\">TALN<\/a> (Natural Language Processing Research Group) del Departamento de Ingenier\u00eda de la UPF. Saggion, que ha intervenido en la presentaci\u00f3n de este martes, ha asegurado: \u201cEl desarrollo de la tecnolog\u00eda no es puramente t\u00e9cnico, sino que nace de la colaboraci\u00f3n de diversos expertos para asegurar su utilidad real. La app utiliza tecnolog\u00edas de Procesamiento de Lenguaje Natural (PLN) e IA generativa para reducir la brecha existente en el acceso a la informaci\u00f3n compleja\u201d.<\/p>\n\n\n\n<p>En el Departamento de Derecho de la UPF, el investigador principal de iDEM es Josep Llu\u00eds Mart\u00ed, profesor de Filosof\u00eda del Derecho e investigador en teor\u00eda de la democracia, que considera: \u201cLa democracia implica que todos los ciudadanos puedan participar en el autogobierno y que esta inclusi\u00f3n sea efectiva, y no solo formal (&#8230;). Por ello es fundamental que la investigaci\u00f3n explore las formas en que la tecnolog\u00eda puede ayudarnos a dar un salto cualitativo en este reto de inclusi\u00f3n efectiva de todos\u201d.<\/p>\n\n\n\n<h2 class=\"wp-block-heading\"><strong>El consorcio iDEM re\u00fane a 12 socios europeos de 7 pa\u00edses<\/strong><\/h2>\n\n\n\n<p>El consorcio iDEM cuenta con el apoyo del programa Horizon de la UE, que ha aportado 3 millones de euros. <a href=\"https:\/\/idemproject.eu\/en\/who-we-are\">Los socios de iDEM<\/a> son: Universidad de Leeds (Reino Unido), Institut Municipal de Persones amb Discapacitat de Barcelona, Sindicatura de Greuges de Barcelona, Organizaci\u00f3n de Entidades en favor de las personas con Discapacidad Intelectual de la Comunidad de Madrid (Plena Inclusi\u00f3n Madrid), Fundaci\u00f3n Cibervoluntarios, Anffas (Associazione Nazionale di Famiglie e Persone con disabilit\u00e0 intellettive e disturbi del neurosviluppo) (Italia), ActionAid (Italia), Nexus (Alemania), CAPITO (Austria), MAC (Irlanda) e Inspire (Malta).<\/p>\n","protected":false},"excerpt":{"rendered":"<p>Personas mayores, poblaci\u00f3n reci\u00e9n llegada y personas con discapacidad intelectual de Barcelona han probado el nuevo prototipo de app, dise\u00f1ado por el proyecto de investigaci\u00f3n iDEM, que lidera la UPF [&hellip;]<\/p>\n","protected":false},"author":2,"featured_media":43161,"comment_status":"closed","ping_status":"closed","sticky":false,"template":"","format":"standard","meta":{"_acf_changed":false,"footnotes":""},"tags":[],"drets":[],"class_list":["post-43197","post","type-post","status-publish","format-standard","has-post-thumbnail","hentry"],"acf":[],"yoast_head":"<!-- This site is optimized with the Yoast SEO plugin v27.5 - https:\/\/yoast.com\/product\/yoast-seo-wordpress\/ -->\n<title>Un proyecto europeo, en el que participa la Sindicatura, crea una app para la democracia inclusiva que simplifica textos pol\u00edticos e institucionales - Sindicatura de Greuges de Barcelona<\/title>\n<meta name=\"description\" content=\"El s\u00edndic ha remarcado que \u201cproyectos como iDEM tienen un gran valor social porque ayudan a romper barreras y a hacer que m\u00e1s personas puedan hacer o\u00edr su voz\u201d.\" \/>\n<meta name=\"robots\" content=\"index, follow, max-snippet:-1, max-image-preview:large, max-video-preview:-1\" \/>\n<link rel=\"canonical\" href=\"https:\/\/www.sindicaturabarcelona.cat\/es\/un-proyecto-europeo-en-el-que-participa-la-sindicatura-crea-una-app-para-la-democracia-inclusiva-que-simplifica-textos-politicos-e-institucionales\/\" \/>\n<meta property=\"og:locale\" content=\"es_ES\" \/>\n<meta property=\"og:type\" content=\"article\" \/>\n<meta property=\"og:title\" content=\"Un proyecto europeo, en el que participa la Sindicatura, crea una app para la democracia inclusiva que simplifica textos pol\u00edticos e institucionales - Sindicatura de Greuges de Barcelona\" \/>\n<meta property=\"og:description\" content=\"El s\u00edndic ha remarcado que \u201cproyectos como iDEM tienen un gran valor social porque ayudan a romper barreras y a hacer que m\u00e1s personas puedan hacer o\u00edr su voz\u201d.\" \/>\n<meta property=\"og:url\" content=\"https:\/\/www.sindicaturabarcelona.cat\/es\/un-proyecto-europeo-en-el-que-participa-la-sindicatura-crea-una-app-para-la-democracia-inclusiva-que-simplifica-textos-politicos-e-institucionales\/\" \/>\n<meta property=\"og:site_name\" content=\"Sindicatura de Greuges de Barcelona\" \/>\n<meta property=\"article:published_time\" content=\"2026-06-23T09:22:38+00:00\" \/>\n<meta property=\"article:modified_time\" content=\"2026-06-23T09:32:13+00:00\" \/>\n<meta property=\"og:image\" content=\"https:\/\/www.sindicaturabarcelona.cat\/wp-content\/uploads\/KM4A6953-scaled.jpg\" \/>\n\t<meta property=\"og:image:width\" content=\"2560\" \/>\n\t<meta property=\"og:image:height\" content=\"1707\" \/>\n\t<meta property=\"og:image:type\" content=\"image\/jpeg\" \/>\n<meta name=\"author\" content=\"Pablo\" \/>\n<meta name=\"twitter:card\" content=\"summary_large_image\" \/>\n<meta name=\"twitter:creator\" content=\"@sindicbarcelona\" \/>\n<meta name=\"twitter:site\" content=\"@sindicbarcelona\" \/>\n<meta name=\"twitter:label1\" content=\"Escrito por\" \/>\n\t<meta name=\"twitter:data1\" content=\"Pablo\" \/>\n\t<meta name=\"twitter:label2\" content=\"Tiempo de lectura\" \/>\n\t<meta name=\"twitter:data2\" content=\"7 minutos\" \/>\n<script type=\"application\/ld+json\" class=\"yoast-schema-graph\">{\"@context\":\"https:\\\/\\\/schema.org\",\"@graph\":[{\"@type\":\"Article\",\"@id\":\"https:\\\/\\\/www.sindicaturabarcelona.cat\\\/es\\\/un-proyecto-europeo-en-el-que-participa-la-sindicatura-crea-una-app-para-la-democracia-inclusiva-que-simplifica-textos-politicos-e-institucionales\\\/#article\",\"isPartOf\":{\"@id\":\"https:\\\/\\\/www.sindicaturabarcelona.cat\\\/es\\\/un-proyecto-europeo-en-el-que-participa-la-sindicatura-crea-una-app-para-la-democracia-inclusiva-que-simplifica-textos-politicos-e-institucionales\\\/\"},\"author\":{\"name\":\"Pablo\",\"@id\":\"https:\\\/\\\/www.sindicaturabarcelona.cat\\\/es\\\/#\\\/schema\\\/person\\\/0e5acffc350ffdbc97578159322c9452\"},\"headline\":\"Un proyecto europeo, en el que participa la Sindicatura, crea una app para la democracia inclusiva que simplifica textos pol\u00edticos e institucionales\",\"datePublished\":\"2026-06-23T09:22:38+00:00\",\"dateModified\":\"2026-06-23T09:32:13+00:00\",\"mainEntityOfPage\":{\"@id\":\"https:\\\/\\\/www.sindicaturabarcelona.cat\\\/es\\\/un-proyecto-europeo-en-el-que-participa-la-sindicatura-crea-una-app-para-la-democracia-inclusiva-que-simplifica-textos-politicos-e-institucionales\\\/\"},\"wordCount\":1144,\"publisher\":{\"@id\":\"https:\\\/\\\/www.sindicaturabarcelona.cat\\\/es\\\/#organization\"},\"image\":{\"@id\":\"https:\\\/\\\/www.sindicaturabarcelona.cat\\\/es\\\/un-proyecto-europeo-en-el-que-participa-la-sindicatura-crea-una-app-para-la-democracia-inclusiva-que-simplifica-textos-politicos-e-institucionales\\\/#primaryimage\"},\"thumbnailUrl\":\"https:\\\/\\\/www.sindicaturabarcelona.cat\\\/wp-content\\\/uploads\\\/KM4A6953-scaled.jpg\",\"inLanguage\":\"es\"},{\"@type\":\"WebPage\",\"@id\":\"https:\\\/\\\/www.sindicaturabarcelona.cat\\\/es\\\/un-proyecto-europeo-en-el-que-participa-la-sindicatura-crea-una-app-para-la-democracia-inclusiva-que-simplifica-textos-politicos-e-institucionales\\\/\",\"url\":\"https:\\\/\\\/www.sindicaturabarcelona.cat\\\/es\\\/un-proyecto-europeo-en-el-que-participa-la-sindicatura-crea-una-app-para-la-democracia-inclusiva-que-simplifica-textos-politicos-e-institucionales\\\/\",\"name\":\"Un proyecto europeo, en el que participa la Sindicatura, crea una app para la democracia inclusiva que simplifica textos pol\u00edticos e institucionales - Sindicatura de Greuges de Barcelona\",\"isPartOf\":{\"@id\":\"https:\\\/\\\/www.sindicaturabarcelona.cat\\\/es\\\/#website\"},\"primaryImageOfPage\":{\"@id\":\"https:\\\/\\\/www.sindicaturabarcelona.cat\\\/es\\\/un-proyecto-europeo-en-el-que-participa-la-sindicatura-crea-una-app-para-la-democracia-inclusiva-que-simplifica-textos-politicos-e-institucionales\\\/#primaryimage\"},\"image\":{\"@id\":\"https:\\\/\\\/www.sindicaturabarcelona.cat\\\/es\\\/un-proyecto-europeo-en-el-que-participa-la-sindicatura-crea-una-app-para-la-democracia-inclusiva-que-simplifica-textos-politicos-e-institucionales\\\/#primaryimage\"},\"thumbnailUrl\":\"https:\\\/\\\/www.sindicaturabarcelona.cat\\\/wp-content\\\/uploads\\\/KM4A6953-scaled.jpg\",\"datePublished\":\"2026-06-23T09:22:38+00:00\",\"dateModified\":\"2026-06-23T09:32:13+00:00\",\"description\":\"El s\u00edndic ha remarcado que \u201cproyectos como iDEM tienen un gran valor social porque ayudan a romper barreras y a hacer que m\u00e1s personas puedan hacer o\u00edr su voz\u201d.\",\"breadcrumb\":{\"@id\":\"https:\\\/\\\/www.sindicaturabarcelona.cat\\\/es\\\/un-proyecto-europeo-en-el-que-participa-la-sindicatura-crea-una-app-para-la-democracia-inclusiva-que-simplifica-textos-politicos-e-institucionales\\\/#breadcrumb\"},\"inLanguage\":\"es\",\"potentialAction\":[{\"@type\":\"ReadAction\",\"target\":[\"https:\\\/\\\/www.sindicaturabarcelona.cat\\\/es\\\/un-proyecto-europeo-en-el-que-participa-la-sindicatura-crea-una-app-para-la-democracia-inclusiva-que-simplifica-textos-politicos-e-institucionales\\\/\"]}]},{\"@type\":\"ImageObject\",\"inLanguage\":\"es\",\"@id\":\"https:\\\/\\\/www.sindicaturabarcelona.cat\\\/es\\\/un-proyecto-europeo-en-el-que-participa-la-sindicatura-crea-una-app-para-la-democracia-inclusiva-que-simplifica-textos-politicos-e-institucionales\\\/#primaryimage\",\"url\":\"https:\\\/\\\/www.sindicaturabarcelona.cat\\\/wp-content\\\/uploads\\\/KM4A6953-scaled.jpg\",\"contentUrl\":\"https:\\\/\\\/www.sindicaturabarcelona.cat\\\/wp-content\\\/uploads\\\/KM4A6953-scaled.jpg\",\"width\":2560,\"height\":1707},{\"@type\":\"BreadcrumbList\",\"@id\":\"https:\\\/\\\/www.sindicaturabarcelona.cat\\\/es\\\/un-proyecto-europeo-en-el-que-participa-la-sindicatura-crea-una-app-para-la-democracia-inclusiva-que-simplifica-textos-politicos-e-institucionales\\\/#breadcrumb\",\"itemListElement\":[{\"@type\":\"ListItem\",\"position\":1,\"name\":\"Inici\",\"item\":\"https:\\\/\\\/www.sindicaturabarcelona.cat\\\/es\\\/\"},{\"@type\":\"ListItem\",\"position\":2,\"name\":\"Un proyecto europeo, en el que participa la Sindicatura, crea una app para la democracia inclusiva que simplifica textos pol\u00edticos e institucionales\"}]},{\"@type\":\"WebSite\",\"@id\":\"https:\\\/\\\/www.sindicaturabarcelona.cat\\\/es\\\/#website\",\"url\":\"https:\\\/\\\/www.sindicaturabarcelona.cat\\\/es\\\/\",\"name\":\"Sindicatura de Greuges de Barcelona\",\"description\":\"La defensoria dels teus drets\",\"publisher\":{\"@id\":\"https:\\\/\\\/www.sindicaturabarcelona.cat\\\/es\\\/#organization\"},\"potentialAction\":[{\"@type\":\"SearchAction\",\"target\":{\"@type\":\"EntryPoint\",\"urlTemplate\":\"https:\\\/\\\/www.sindicaturabarcelona.cat\\\/es\\\/?s={search_term_string}\"},\"query-input\":{\"@type\":\"PropertyValueSpecification\",\"valueRequired\":true,\"valueName\":\"search_term_string\"}}],\"inLanguage\":\"es\"},{\"@type\":\"Organization\",\"@id\":\"https:\\\/\\\/www.sindicaturabarcelona.cat\\\/es\\\/#organization\",\"name\":\"Sindicatura de Greuges de Barcelona\",\"url\":\"https:\\\/\\\/www.sindicaturabarcelona.cat\\\/es\\\/\",\"logo\":{\"@type\":\"ImageObject\",\"inLanguage\":\"es\",\"@id\":\"https:\\\/\\\/www.sindicaturabarcelona.cat\\\/es\\\/#\\\/schema\\\/logo\\\/image\\\/\",\"url\":\"https:\\\/\\\/www.sindicaturabarcelona.cat\\\/wp-content\\\/uploads\\\/2023\\\/02\\\/logo_sindicatura.svg\",\"contentUrl\":\"https:\\\/\\\/www.sindicaturabarcelona.cat\\\/wp-content\\\/uploads\\\/2023\\\/02\\\/logo_sindicatura.svg\",\"caption\":\"Sindicatura de Greuges de Barcelona\"},\"image\":{\"@id\":\"https:\\\/\\\/www.sindicaturabarcelona.cat\\\/es\\\/#\\\/schema\\\/logo\\\/image\\\/\"},\"sameAs\":[\"https:\\\/\\\/x.com\\\/sindicbarcelona\",\"https:\\\/\\\/www.instagram.com\\\/sindicbarcelona\\\/\",\"https:\\\/\\\/www.tiktok.com\\\/@sindicaturabcn\",\"https:\\\/\\\/t.me\\\/sindicaturabarcelona\"]},{\"@type\":\"Person\",\"@id\":\"https:\\\/\\\/www.sindicaturabarcelona.cat\\\/es\\\/#\\\/schema\\\/person\\\/0e5acffc350ffdbc97578159322c9452\",\"name\":\"Pablo\",\"image\":{\"@type\":\"ImageObject\",\"inLanguage\":\"es\",\"@id\":\"https:\\\/\\\/secure.gravatar.com\\\/avatar\\\/c948169b402ef9492afde705c3dfd5e90e1a6a84ef6840a91124f805a25a480f?s=96&d=mm&r=g\",\"url\":\"https:\\\/\\\/secure.gravatar.com\\\/avatar\\\/c948169b402ef9492afde705c3dfd5e90e1a6a84ef6840a91124f805a25a480f?s=96&d=mm&r=g\",\"contentUrl\":\"https:\\\/\\\/secure.gravatar.com\\\/avatar\\\/c948169b402ef9492afde705c3dfd5e90e1a6a84ef6840a91124f805a25a480f?s=96&d=mm&r=g\",\"caption\":\"Pablo\"},\"url\":\"https:\\\/\\\/www.sindicaturabarcelona.cat\\\/es\\\/author\\\/pablo\\\/\"}]}<\/script>\n<!-- \/ Yoast SEO plugin. -->","yoast_head_json":{"title":"Un proyecto europeo, en el que participa la Sindicatura, crea una app para la democracia inclusiva que simplifica textos pol\u00edticos e institucionales - Sindicatura de Greuges de Barcelona","description":"El s\u00edndic ha remarcado que \u201cproyectos como iDEM tienen un gran valor social porque ayudan a romper barreras y a hacer que m\u00e1s personas puedan hacer o\u00edr su voz\u201d.","robots":{"index":"index","follow":"follow","max-snippet":"max-snippet:-1","max-image-preview":"max-image-preview:large","max-video-preview":"max-video-preview:-1"},"canonical":"https:\/\/www.sindicaturabarcelona.cat\/es\/un-proyecto-europeo-en-el-que-participa-la-sindicatura-crea-una-app-para-la-democracia-inclusiva-que-simplifica-textos-politicos-e-institucionales\/","og_locale":"es_ES","og_type":"article","og_title":"Un proyecto europeo, en el que participa la Sindicatura, crea una app para la democracia inclusiva que simplifica textos pol\u00edticos e institucionales - Sindicatura de Greuges de Barcelona","og_description":"El s\u00edndic ha remarcado que \u201cproyectos como iDEM tienen un gran valor social porque ayudan a romper barreras y a hacer que m\u00e1s personas puedan hacer o\u00edr su voz\u201d.","og_url":"https:\/\/www.sindicaturabarcelona.cat\/es\/un-proyecto-europeo-en-el-que-participa-la-sindicatura-crea-una-app-para-la-democracia-inclusiva-que-simplifica-textos-politicos-e-institucionales\/","og_site_name":"Sindicatura de Greuges de Barcelona","article_published_time":"2026-06-23T09:22:38+00:00","article_modified_time":"2026-06-23T09:32:13+00:00","og_image":[{"width":2560,"height":1707,"url":"https:\/\/www.sindicaturabarcelona.cat\/wp-content\/uploads\/KM4A6953-scaled.jpg","type":"image\/jpeg"}],"author":"Pablo","twitter_card":"summary_large_image","twitter_creator":"@sindicbarcelona","twitter_site":"@sindicbarcelona","twitter_misc":{"Escrito por":"Pablo","Tiempo de lectura":"7 minutos"},"schema":{"@context":"https:\/\/schema.org","@graph":[{"@type":"Article","@id":"https:\/\/www.sindicaturabarcelona.cat\/es\/un-proyecto-europeo-en-el-que-participa-la-sindicatura-crea-una-app-para-la-democracia-inclusiva-que-simplifica-textos-politicos-e-institucionales\/#article","isPartOf":{"@id":"https:\/\/www.sindicaturabarcelona.cat\/es\/un-proyecto-europeo-en-el-que-participa-la-sindicatura-crea-una-app-para-la-democracia-inclusiva-que-simplifica-textos-politicos-e-institucionales\/"},"author":{"name":"Pablo","@id":"https:\/\/www.sindicaturabarcelona.cat\/es\/#\/schema\/person\/0e5acffc350ffdbc97578159322c9452"},"headline":"Un proyecto europeo, en el que participa la Sindicatura, crea una app para la democracia inclusiva que simplifica textos pol\u00edticos e institucionales","datePublished":"2026-06-23T09:22:38+00:00","dateModified":"2026-06-23T09:32:13+00:00","mainEntityOfPage":{"@id":"https:\/\/www.sindicaturabarcelona.cat\/es\/un-proyecto-europeo-en-el-que-participa-la-sindicatura-crea-una-app-para-la-democracia-inclusiva-que-simplifica-textos-politicos-e-institucionales\/"},"wordCount":1144,"publisher":{"@id":"https:\/\/www.sindicaturabarcelona.cat\/es\/#organization"},"image":{"@id":"https:\/\/www.sindicaturabarcelona.cat\/es\/un-proyecto-europeo-en-el-que-participa-la-sindicatura-crea-una-app-para-la-democracia-inclusiva-que-simplifica-textos-politicos-e-institucionales\/#primaryimage"},"thumbnailUrl":"https:\/\/www.sindicaturabarcelona.cat\/wp-content\/uploads\/KM4A6953-scaled.jpg","inLanguage":"es"},{"@type":"WebPage","@id":"https:\/\/www.sindicaturabarcelona.cat\/es\/un-proyecto-europeo-en-el-que-participa-la-sindicatura-crea-una-app-para-la-democracia-inclusiva-que-simplifica-textos-politicos-e-institucionales\/","url":"https:\/\/www.sindicaturabarcelona.cat\/es\/un-proyecto-europeo-en-el-que-participa-la-sindicatura-crea-una-app-para-la-democracia-inclusiva-que-simplifica-textos-politicos-e-institucionales\/","name":"Un proyecto europeo, en el que participa la Sindicatura, crea una app para la democracia inclusiva que simplifica textos pol\u00edticos e institucionales - Sindicatura de Greuges de Barcelona","isPartOf":{"@id":"https:\/\/www.sindicaturabarcelona.cat\/es\/#website"},"primaryImageOfPage":{"@id":"https:\/\/www.sindicaturabarcelona.cat\/es\/un-proyecto-europeo-en-el-que-participa-la-sindicatura-crea-una-app-para-la-democracia-inclusiva-que-simplifica-textos-politicos-e-institucionales\/#primaryimage"},"image":{"@id":"https:\/\/www.sindicaturabarcelona.cat\/es\/un-proyecto-europeo-en-el-que-participa-la-sindicatura-crea-una-app-para-la-democracia-inclusiva-que-simplifica-textos-politicos-e-institucionales\/#primaryimage"},"thumbnailUrl":"https:\/\/www.sindicaturabarcelona.cat\/wp-content\/uploads\/KM4A6953-scaled.jpg","datePublished":"2026-06-23T09:22:38+00:00","dateModified":"2026-06-23T09:32:13+00:00","description":"El s\u00edndic ha remarcado que \u201cproyectos como iDEM tienen un gran valor social porque ayudan a romper barreras y a hacer que m\u00e1s personas puedan hacer o\u00edr su voz\u201d.","breadcrumb":{"@id":"https:\/\/www.sindicaturabarcelona.cat\/es\/un-proyecto-europeo-en-el-que-participa-la-sindicatura-crea-una-app-para-la-democracia-inclusiva-que-simplifica-textos-politicos-e-institucionales\/#breadcrumb"},"inLanguage":"es","potentialAction":[{"@type":"ReadAction","target":["https:\/\/www.sindicaturabarcelona.cat\/es\/un-proyecto-europeo-en-el-que-participa-la-sindicatura-crea-una-app-para-la-democracia-inclusiva-que-simplifica-textos-politicos-e-institucionales\/"]}]},{"@type":"ImageObject","inLanguage":"es","@id":"https:\/\/www.sindicaturabarcelona.cat\/es\/un-proyecto-europeo-en-el-que-participa-la-sindicatura-crea-una-app-para-la-democracia-inclusiva-que-simplifica-textos-politicos-e-institucionales\/#primaryimage","url":"https:\/\/www.sindicaturabarcelona.cat\/wp-content\/uploads\/KM4A6953-scaled.jpg","contentUrl":"https:\/\/www.sindicaturabarcelona.cat\/wp-content\/uploads\/KM4A6953-scaled.jpg","width":2560,"height":1707},{"@type":"BreadcrumbList","@id":"https:\/\/www.sindicaturabarcelona.cat\/es\/un-proyecto-europeo-en-el-que-participa-la-sindicatura-crea-una-app-para-la-democracia-inclusiva-que-simplifica-textos-politicos-e-institucionales\/#breadcrumb","itemListElement":[{"@type":"ListItem","position":1,"name":"Inici","item":"https:\/\/www.sindicaturabarcelona.cat\/es\/"},{"@type":"ListItem","position":2,"name":"Un proyecto europeo, en el que participa la Sindicatura, crea una app para la democracia inclusiva que simplifica textos pol\u00edticos e institucionales"}]},{"@type":"WebSite","@id":"https:\/\/www.sindicaturabarcelona.cat\/es\/#website","url":"https:\/\/www.sindicaturabarcelona.cat\/es\/","name":"Sindicatura de Greuges de Barcelona","description":"La defensoria dels teus drets","publisher":{"@id":"https:\/\/www.sindicaturabarcelona.cat\/es\/#organization"},"potentialAction":[{"@type":"SearchAction","target":{"@type":"EntryPoint","urlTemplate":"https:\/\/www.sindicaturabarcelona.cat\/es\/?s={search_term_string}"},"query-input":{"@type":"PropertyValueSpecification","valueRequired":true,"valueName":"search_term_string"}}],"inLanguage":"es"},{"@type":"Organization","@id":"https:\/\/www.sindicaturabarcelona.cat\/es\/#organization","name":"Sindicatura de Greuges de Barcelona","url":"https:\/\/www.sindicaturabarcelona.cat\/es\/","logo":{"@type":"ImageObject","inLanguage":"es","@id":"https:\/\/www.sindicaturabarcelona.cat\/es\/#\/schema\/logo\/image\/","url":"https:\/\/www.sindicaturabarcelona.cat\/wp-content\/uploads\/2023\/02\/logo_sindicatura.svg","contentUrl":"https:\/\/www.sindicaturabarcelona.cat\/wp-content\/uploads\/2023\/02\/logo_sindicatura.svg","caption":"Sindicatura de Greuges de Barcelona"},"image":{"@id":"https:\/\/www.sindicaturabarcelona.cat\/es\/#\/schema\/logo\/image\/"},"sameAs":["https:\/\/x.com\/sindicbarcelona","https:\/\/www.instagram.com\/sindicbarcelona\/","https:\/\/www.tiktok.com\/@sindicaturabcn","https:\/\/t.me\/sindicaturabarcelona"]},{"@type":"Person","@id":"https:\/\/www.sindicaturabarcelona.cat\/es\/#\/schema\/person\/0e5acffc350ffdbc97578159322c9452","name":"Pablo","image":{"@type":"ImageObject","inLanguage":"es","@id":"https:\/\/secure.gravatar.com\/avatar\/c948169b402ef9492afde705c3dfd5e90e1a6a84ef6840a91124f805a25a480f?s=96&d=mm&r=g","url":"https:\/\/secure.gravatar.com\/avatar\/c948169b402ef9492afde705c3dfd5e90e1a6a84ef6840a91124f805a25a480f?s=96&d=mm&r=g","contentUrl":"https:\/\/secure.gravatar.com\/avatar\/c948169b402ef9492afde705c3dfd5e90e1a6a84ef6840a91124f805a25a480f?s=96&d=mm&r=g","caption":"Pablo"},"url":"https:\/\/www.sindicaturabarcelona.cat\/es\/author\/pablo\/"}]}},"_links":{"self":[{"href":"https:\/\/www.sindicaturabarcelona.cat\/es\/wp-json\/wp\/v2\/posts\/43197","targetHints":{"allow":["GET"]}}],"collection":[{"href":"https:\/\/www.sindicaturabarcelona.cat\/es\/wp-json\/wp\/v2\/posts"}],"about":[{"href":"https:\/\/www.sindicaturabarcelona.cat\/es\/wp-json\/wp\/v2\/types\/post"}],"author":[{"embeddable":true,"href":"https:\/\/www.sindicaturabarcelona.cat\/es\/wp-json\/wp\/v2\/users\/2"}],"replies":[{"embeddable":true,"href":"https:\/\/www.sindicaturabarcelona.cat\/es\/wp-json\/wp\/v2\/comments?post=43197"}],"version-history":[{"count":2,"href":"https:\/\/www.sindicaturabarcelona.cat\/es\/wp-json\/wp\/v2\/posts\/43197\/revisions"}],"predecessor-version":[{"id":43208,"href":"https:\/\/www.sindicaturabarcelona.cat\/es\/wp-json\/wp\/v2\/posts\/43197\/revisions\/43208"}],"wp:featuredmedia":[{"embeddable":true,"href":"https:\/\/www.sindicaturabarcelona.cat\/es\/wp-json\/wp\/v2\/media\/43161"}],"wp:attachment":[{"href":"https:\/\/www.sindicaturabarcelona.cat\/es\/wp-json\/wp\/v2\/media?parent=43197"}],"wp:term":[{"taxonomy":"post_tag","embeddable":true,"href":"https:\/\/www.sindicaturabarcelona.cat\/es\/wp-json\/wp\/v2\/tags?post=43197"},{"taxonomy":"drets","embeddable":true,"href":"https:\/\/www.sindicaturabarcelona.cat\/es\/wp-json\/wp\/v2\/drets?post=43197"}],"curies":[{"name":"wp","href":"https:\/\/api.w.org\/{rel}","templated":true}]}}