{"id":43017,"date":"2026-06-08T15:36:47","date_gmt":"2026-06-08T13:36:47","guid":{"rendered":"https:\/\/www.sindicaturabarcelona.cat\/?p=43017"},"modified":"2026-06-08T15:57:12","modified_gmt":"2026-06-08T13:57:12","slug":"tres-espacios-de-debate-entre-las-candidaturas-a-la-sindicatura-de-greuges-de-barcelona-durante-el-proceso-participativo","status":"publish","type":"post","link":"https:\/\/www.sindicaturabarcelona.cat\/es\/tres-espacios-de-debate-entre-las-candidaturas-a-la-sindicatura-de-greuges-de-barcelona-durante-el-proceso-participativo\/","title":{"rendered":"Tres espacios de debate entre las candidaturas a la Sindicatura de Greuges de Barcelona durante el proceso participativo"},"content":{"rendered":"\n<p><strong>Barcelona, 8 de junio de 2026 \u2014<\/strong> En el marco de la fase de recogida de apoyos a las candidaturas a la Sindicatura de Greuges de Barcelona, <a href=\"https:\/\/www.decidim.barcelona\/processes\/elecciosindicaturaBCN\" target=\"_blank\" rel=\"noreferrer noopener\">que se desarrolla durante el mes de junio a trav\u00e9s de la plataforma Decidim.Barcelona<\/a>, <strong>en los pr\u00f3ximos d\u00edas tendr\u00e1n lugar tres espacios de debate p\u00fablico entre las dos candidaturas: David Bondia<\/strong>, actual s\u00edndic de greuges de Barcelona, y <strong>Gemma Calvet<\/strong>, abogada y consultora.<\/p>\n\n\n\n<p>Estos debates tienen como objetivo <strong>acercar las candidaturas a la ciudadan\u00eda y al tejido asociativo, y facilitar el conocimiento de sus respectivos programas y propuestas<\/strong>. Los espacios se plantean como una oportunidad para escuchar, contrastar ideas y fomentar la participaci\u00f3n informada en este proceso.<\/p>\n\n\n\n<p>Con esta iniciativa se refuerza el car\u00e1cter participativo, abierto y transparente del proceso, dirigido a las personas empadronadas en Barcelona mayores de 16 a\u00f1os y a las entidades inscritas en el Registro de Entidades Municipales.<\/p>\n\n\n\n<p>La celebraci\u00f3n de estos debates complementa <a href=\"https:\/\/www.decidim.barcelona\/processes\/elecciosindicaturaBCN\/f\/7138\/meetings\" target=\"_blank\" rel=\"noreferrer noopener\">los puntos de acompa\u00f1amiento presencial habilitados en los diez distritos de la ciudad<\/a>, que contin\u00faan ofreciendo apoyo y orientaci\u00f3n durante toda la fase de recogida de apoyos, abierta hasta el 30 de junio.<\/p>\n\n\n\n<h2 class=\"wp-block-heading\"><strong>Debate en el Consell de Ciutat: martes 9 de junio a las 18 h<\/strong><br><\/h2>\n\n\n\n<p>El primer espacio de debate se desarrollar\u00e1 en el marco del Consell de Ciutat del Ayuntamiento de Barcelona, el principal \u00f3rgano de participaci\u00f3n ciudadana, que re\u00fane a representantes del tejido social, econ\u00f3mico y asociativo. Este entorno ofrece un espacio id\u00f3neo para el contraste de propuestas ante una representaci\u00f3n amplia y plural de la ciudadan\u00eda, favoreciendo un debate riguroso y conectado con las distintas sensibilidades y realidades de Barcelona.<\/p>\n\n\n\n<h2 class=\"wp-block-heading\"><strong>Encuentro virtual organizado por el Grup de Defensa Col\u00b7lectiva davant les Administracions: mi\u00e9rcoles 10 de junio a las 17:30 h (<a href=\"https:\/\/oficina-cab.commonscloud.coop\/apps\/forms\/s\/XN7zNeCkFcNQNyQBkaFHYZkq\" target=\"_blank\" rel=\"noreferrer noopener\">requiere inscripci\u00f3n<\/a>)<\/strong><br><\/h2>\n\n\n\n<p>El segundo espacio consistir\u00e1 en una <strong>sesi\u00f3n virtual con cada una de las candidaturas<\/strong>, organizada por el Grup de Defensa Col\u00b7lectiva davant les Administracions, integrado por diversas entidades del tejido social y asociativo de la ciudad. El formato prev\u00e9 dos conversaciones consecutivas, de 45 minutos cada una, que permitir\u00e1n profundizar en los programas y planteamientos. Esta sesi\u00f3n, <a href=\"https:\/\/oficina-cab.commonscloud.coop\/apps\/forms\/s\/XN7zNeCkFcNQNyQBkaFHYZkq\" target=\"_blank\" rel=\"noreferrer noopener\"><strong>abierta con inscripci\u00f3n previa<\/strong><\/a>, facilitar\u00e1 un espacio de conocimiento detallado y reflexivo de las propuestas de las candidaturas.<\/p>\n\n\n\n<h2 class=\"wp-block-heading\"><strong>Debate en Betev\u00e9: mi\u00e9rcoles 17 de junio (horario por definir)<\/strong><br><\/h2>\n\n\n\n<p>El tercer espacio de debate tendr\u00e1 lugar en la televisi\u00f3n p\u00fablica de Barcelona, Betev\u00e9, con el objetivo de ampliar el alcance y la visibilidad del proceso participativo. Este debate permitir\u00e1 a la ciudadan\u00eda conocer de primera mano las dos candidaturas y contrastar sus planteamientos en un formato accesible y abierto. La emisi\u00f3n contribuir\u00e1 a facilitar el seguimiento del proceso a trav\u00e9s de un medio de proximidad y de servicio p\u00fablico.<\/p>\n\n\n\n<h2 class=\"wp-block-heading\"><strong>Enlaces de inter\u00e9s:<\/strong><\/h2>\n\n\n\n<ul class=\"wp-block-list\">\n<li><a href=\"https:\/\/ajbcn-decidim-barcelona.s3.eu-west-1.amazonaws.com\/j7xtqujqqakf91cuygglenyx2oel\" target=\"_blank\" rel=\"noreferrer noopener\">Programa electoral de la candidatura de David Bondia<\/a><\/li>\n\n\n\n<li><a href=\"https:\/\/ajbcn-decidim-barcelona.s3.eu-west-1.amazonaws.com\/p2ts1qxuzmo4a6lrfun74uvmwfh3\" target=\"_blank\" rel=\"noreferrer noopener\">Programa electoral de la candidatura de Gemma Calvet<\/a><\/li>\n\n\n\n<li><a href=\"https:\/\/www.decidim.barcelona\/processes\/elecciosindicaturaBCN\/f\/7149\/proposals?locale=es\" target=\"_blank\" rel=\"noreferrer noopener\">Apoyo ciudadano a cualquiera de las dos candidaturas<\/a><\/li>\n\n\n\n<li><a href=\"https:\/\/www.decidim.barcelona\/processes\/elecciosindicaturaBCN\/f\/7162\/surveys\/817\" target=\"_blank\" rel=\"noreferrer noopener\">Formulario de adhesi\u00f3n para entidades<\/a><\/li>\n<\/ul>\n","protected":false},"excerpt":{"rendered":"<p>Barcelona, 8 de junio de 2026 \u2014 En el marco de la fase de recogida de apoyos a las candidaturas a la Sindicatura de Greuges de Barcelona, que se desarrolla [&hellip;]<\/p>\n","protected":false},"author":2,"featured_media":43013,"comment_status":"closed","ping_status":"closed","sticky":false,"template":"","format":"standard","meta":{"_acf_changed":false,"footnotes":""},"tags":[],"drets":[],"class_list":["post-43017","post","type-post","status-publish","format-standard","has-post-thumbnail","hentry"],"acf":[],"yoast_head":"<!-- This site is optimized with the Yoast SEO plugin v27.5 - https:\/\/yoast.com\/product\/yoast-seo-wordpress\/ -->\n<title>Tres espacios de debate entre las candidaturas a la Sindicatura de Greuges de Barcelona durante el proceso participativo - Sindicatura de Greuges de Barcelona<\/title>\n<meta name=\"description\" content=\"En los pr\u00f3ximos d\u00edas tendr\u00e1n lugar tres espacios de debate p\u00fablico entre las dos candidaturas: David Bondia, actual s\u00edndic de greuges de Barcelona, y Gemma Calvet, abogada y consultora.\" \/>\n<meta name=\"robots\" content=\"index, follow, max-snippet:-1, max-image-preview:large, max-video-preview:-1\" \/>\n<link rel=\"canonical\" href=\"https:\/\/www.sindicaturabarcelona.cat\/es\/tres-espacios-de-debate-entre-las-candidaturas-a-la-sindicatura-de-greuges-de-barcelona-durante-el-proceso-participativo\/\" \/>\n<meta property=\"og:locale\" content=\"es_ES\" \/>\n<meta property=\"og:type\" content=\"article\" \/>\n<meta property=\"og:title\" content=\"Tres espacios de debate entre las candidaturas a la Sindicatura de Greuges de Barcelona durante el proceso participativo - Sindicatura de Greuges de Barcelona\" \/>\n<meta property=\"og:description\" content=\"En los pr\u00f3ximos d\u00edas tendr\u00e1n lugar tres espacios de debate p\u00fablico entre las dos candidaturas: David Bondia, actual s\u00edndic de greuges de Barcelona, y Gemma Calvet, abogada y consultora.\" \/>\n<meta property=\"og:url\" content=\"https:\/\/www.sindicaturabarcelona.cat\/es\/tres-espacios-de-debate-entre-las-candidaturas-a-la-sindicatura-de-greuges-de-barcelona-durante-el-proceso-participativo\/\" \/>\n<meta property=\"og:site_name\" content=\"Sindicatura de Greuges de Barcelona\" \/>\n<meta property=\"article:published_time\" content=\"2026-06-08T13:36:47+00:00\" \/>\n<meta property=\"article:modified_time\" content=\"2026-06-08T13:57:12+00:00\" \/>\n<meta property=\"og:image\" content=\"https:\/\/www.sindicaturabarcelona.cat\/wp-content\/uploads\/Debats-Sindicatura.jpg\" \/>\n\t<meta property=\"og:image:width\" content=\"1280\" \/>\n\t<meta property=\"og:image:height\" content=\"853\" \/>\n\t<meta property=\"og:image:type\" content=\"image\/jpeg\" \/>\n<meta name=\"author\" content=\"Pablo\" \/>\n<meta name=\"twitter:card\" content=\"summary_large_image\" \/>\n<meta name=\"twitter:creator\" content=\"@sindicbarcelona\" \/>\n<meta name=\"twitter:site\" content=\"@sindicbarcelona\" \/>\n<meta name=\"twitter:label1\" content=\"Escrito por\" \/>\n\t<meta name=\"twitter:data1\" content=\"Pablo\" \/>\n\t<meta name=\"twitter:label2\" content=\"Tiempo de lectura\" \/>\n\t<meta name=\"twitter:data2\" content=\"3 minutos\" \/>\n<script type=\"application\/ld+json\" class=\"yoast-schema-graph\">{\"@context\":\"https:\\\/\\\/schema.org\",\"@graph\":[{\"@type\":\"Article\",\"@id\":\"https:\\\/\\\/www.sindicaturabarcelona.cat\\\/es\\\/tres-espacios-de-debate-entre-las-candidaturas-a-la-sindicatura-de-greuges-de-barcelona-durante-el-proceso-participativo\\\/#article\",\"isPartOf\":{\"@id\":\"https:\\\/\\\/www.sindicaturabarcelona.cat\\\/es\\\/tres-espacios-de-debate-entre-las-candidaturas-a-la-sindicatura-de-greuges-de-barcelona-durante-el-proceso-participativo\\\/\"},\"author\":{\"name\":\"Pablo\",\"@id\":\"https:\\\/\\\/www.sindicaturabarcelona.cat\\\/es\\\/#\\\/schema\\\/person\\\/0e5acffc350ffdbc97578159322c9452\"},\"headline\":\"Tres espacios de debate entre las candidaturas a la Sindicatura de Greuges de Barcelona durante el proceso participativo\",\"datePublished\":\"2026-06-08T13:36:47+00:00\",\"dateModified\":\"2026-06-08T13:57:12+00:00\",\"mainEntityOfPage\":{\"@id\":\"https:\\\/\\\/www.sindicaturabarcelona.cat\\\/es\\\/tres-espacios-de-debate-entre-las-candidaturas-a-la-sindicatura-de-greuges-de-barcelona-durante-el-proceso-participativo\\\/\"},\"wordCount\":524,\"publisher\":{\"@id\":\"https:\\\/\\\/www.sindicaturabarcelona.cat\\\/es\\\/#organization\"},\"image\":{\"@id\":\"https:\\\/\\\/www.sindicaturabarcelona.cat\\\/es\\\/tres-espacios-de-debate-entre-las-candidaturas-a-la-sindicatura-de-greuges-de-barcelona-durante-el-proceso-participativo\\\/#primaryimage\"},\"thumbnailUrl\":\"https:\\\/\\\/www.sindicaturabarcelona.cat\\\/wp-content\\\/uploads\\\/Debats-Sindicatura.jpg\",\"inLanguage\":\"es\"},{\"@type\":\"WebPage\",\"@id\":\"https:\\\/\\\/www.sindicaturabarcelona.cat\\\/es\\\/tres-espacios-de-debate-entre-las-candidaturas-a-la-sindicatura-de-greuges-de-barcelona-durante-el-proceso-participativo\\\/\",\"url\":\"https:\\\/\\\/www.sindicaturabarcelona.cat\\\/es\\\/tres-espacios-de-debate-entre-las-candidaturas-a-la-sindicatura-de-greuges-de-barcelona-durante-el-proceso-participativo\\\/\",\"name\":\"Tres espacios de debate entre las candidaturas a la Sindicatura de Greuges de Barcelona durante el proceso participativo - Sindicatura de Greuges de Barcelona\",\"isPartOf\":{\"@id\":\"https:\\\/\\\/www.sindicaturabarcelona.cat\\\/es\\\/#website\"},\"primaryImageOfPage\":{\"@id\":\"https:\\\/\\\/www.sindicaturabarcelona.cat\\\/es\\\/tres-espacios-de-debate-entre-las-candidaturas-a-la-sindicatura-de-greuges-de-barcelona-durante-el-proceso-participativo\\\/#primaryimage\"},\"image\":{\"@id\":\"https:\\\/\\\/www.sindicaturabarcelona.cat\\\/es\\\/tres-espacios-de-debate-entre-las-candidaturas-a-la-sindicatura-de-greuges-de-barcelona-durante-el-proceso-participativo\\\/#primaryimage\"},\"thumbnailUrl\":\"https:\\\/\\\/www.sindicaturabarcelona.cat\\\/wp-content\\\/uploads\\\/Debats-Sindicatura.jpg\",\"datePublished\":\"2026-06-08T13:36:47+00:00\",\"dateModified\":\"2026-06-08T13:57:12+00:00\",\"description\":\"En los pr\u00f3ximos d\u00edas tendr\u00e1n lugar tres espacios de debate p\u00fablico entre las dos candidaturas: David Bondia, actual s\u00edndic de greuges de Barcelona, y Gemma Calvet, abogada y consultora.\",\"breadcrumb\":{\"@id\":\"https:\\\/\\\/www.sindicaturabarcelona.cat\\\/es\\\/tres-espacios-de-debate-entre-las-candidaturas-a-la-sindicatura-de-greuges-de-barcelona-durante-el-proceso-participativo\\\/#breadcrumb\"},\"inLanguage\":\"es\",\"potentialAction\":[{\"@type\":\"ReadAction\",\"target\":[\"https:\\\/\\\/www.sindicaturabarcelona.cat\\\/es\\\/tres-espacios-de-debate-entre-las-candidaturas-a-la-sindicatura-de-greuges-de-barcelona-durante-el-proceso-participativo\\\/\"]}]},{\"@type\":\"ImageObject\",\"inLanguage\":\"es\",\"@id\":\"https:\\\/\\\/www.sindicaturabarcelona.cat\\\/es\\\/tres-espacios-de-debate-entre-las-candidaturas-a-la-sindicatura-de-greuges-de-barcelona-durante-el-proceso-participativo\\\/#primaryimage\",\"url\":\"https:\\\/\\\/www.sindicaturabarcelona.cat\\\/wp-content\\\/uploads\\\/Debats-Sindicatura.jpg\",\"contentUrl\":\"https:\\\/\\\/www.sindicaturabarcelona.cat\\\/wp-content\\\/uploads\\\/Debats-Sindicatura.jpg\",\"width\":1280,\"height\":853},{\"@type\":\"BreadcrumbList\",\"@id\":\"https:\\\/\\\/www.sindicaturabarcelona.cat\\\/es\\\/tres-espacios-de-debate-entre-las-candidaturas-a-la-sindicatura-de-greuges-de-barcelona-durante-el-proceso-participativo\\\/#breadcrumb\",\"itemListElement\":[{\"@type\":\"ListItem\",\"position\":1,\"name\":\"Inici\",\"item\":\"https:\\\/\\\/www.sindicaturabarcelona.cat\\\/es\\\/\"},{\"@type\":\"ListItem\",\"position\":2,\"name\":\"Tres espacios de debate entre las candidaturas a la Sindicatura de Greuges de Barcelona durante el proceso participativo\"}]},{\"@type\":\"WebSite\",\"@id\":\"https:\\\/\\\/www.sindicaturabarcelona.cat\\\/es\\\/#website\",\"url\":\"https:\\\/\\\/www.sindicaturabarcelona.cat\\\/es\\\/\",\"name\":\"Sindicatura de Greuges de Barcelona\",\"description\":\"La defensoria dels teus drets\",\"publisher\":{\"@id\":\"https:\\\/\\\/www.sindicaturabarcelona.cat\\\/es\\\/#organization\"},\"potentialAction\":[{\"@type\":\"SearchAction\",\"target\":{\"@type\":\"EntryPoint\",\"urlTemplate\":\"https:\\\/\\\/www.sindicaturabarcelona.cat\\\/es\\\/?s={search_term_string}\"},\"query-input\":{\"@type\":\"PropertyValueSpecification\",\"valueRequired\":true,\"valueName\":\"search_term_string\"}}],\"inLanguage\":\"es\"},{\"@type\":\"Organization\",\"@id\":\"https:\\\/\\\/www.sindicaturabarcelona.cat\\\/es\\\/#organization\",\"name\":\"Sindicatura de Greuges de Barcelona\",\"url\":\"https:\\\/\\\/www.sindicaturabarcelona.cat\\\/es\\\/\",\"logo\":{\"@type\":\"ImageObject\",\"inLanguage\":\"es\",\"@id\":\"https:\\\/\\\/www.sindicaturabarcelona.cat\\\/es\\\/#\\\/schema\\\/logo\\\/image\\\/\",\"url\":\"https:\\\/\\\/www.sindicaturabarcelona.cat\\\/wp-content\\\/uploads\\\/2023\\\/02\\\/logo_sindicatura.svg\",\"contentUrl\":\"https:\\\/\\\/www.sindicaturabarcelona.cat\\\/wp-content\\\/uploads\\\/2023\\\/02\\\/logo_sindicatura.svg\",\"caption\":\"Sindicatura de Greuges de Barcelona\"},\"image\":{\"@id\":\"https:\\\/\\\/www.sindicaturabarcelona.cat\\\/es\\\/#\\\/schema\\\/logo\\\/image\\\/\"},\"sameAs\":[\"https:\\\/\\\/x.com\\\/sindicbarcelona\",\"https:\\\/\\\/www.instagram.com\\\/sindicbarcelona\\\/\",\"https:\\\/\\\/www.tiktok.com\\\/@sindicaturabcn\",\"https:\\\/\\\/t.me\\\/sindicaturabarcelona\"]},{\"@type\":\"Person\",\"@id\":\"https:\\\/\\\/www.sindicaturabarcelona.cat\\\/es\\\/#\\\/schema\\\/person\\\/0e5acffc350ffdbc97578159322c9452\",\"name\":\"Pablo\",\"image\":{\"@type\":\"ImageObject\",\"inLanguage\":\"es\",\"@id\":\"https:\\\/\\\/secure.gravatar.com\\\/avatar\\\/c948169b402ef9492afde705c3dfd5e90e1a6a84ef6840a91124f805a25a480f?s=96&d=mm&r=g\",\"url\":\"https:\\\/\\\/secure.gravatar.com\\\/avatar\\\/c948169b402ef9492afde705c3dfd5e90e1a6a84ef6840a91124f805a25a480f?s=96&d=mm&r=g\",\"contentUrl\":\"https:\\\/\\\/secure.gravatar.com\\\/avatar\\\/c948169b402ef9492afde705c3dfd5e90e1a6a84ef6840a91124f805a25a480f?s=96&d=mm&r=g\",\"caption\":\"Pablo\"},\"url\":\"https:\\\/\\\/www.sindicaturabarcelona.cat\\\/es\\\/author\\\/pablo\\\/\"}]}<\/script>\n<!-- \/ Yoast SEO plugin. -->","yoast_head_json":{"title":"Tres espacios de debate entre las candidaturas a la Sindicatura de Greuges de Barcelona durante el proceso participativo - Sindicatura de Greuges de Barcelona","description":"En los pr\u00f3ximos d\u00edas tendr\u00e1n lugar tres espacios de debate p\u00fablico entre las dos candidaturas: David Bondia, actual s\u00edndic de greuges de Barcelona, y Gemma Calvet, abogada y consultora.","robots":{"index":"index","follow":"follow","max-snippet":"max-snippet:-1","max-image-preview":"max-image-preview:large","max-video-preview":"max-video-preview:-1"},"canonical":"https:\/\/www.sindicaturabarcelona.cat\/es\/tres-espacios-de-debate-entre-las-candidaturas-a-la-sindicatura-de-greuges-de-barcelona-durante-el-proceso-participativo\/","og_locale":"es_ES","og_type":"article","og_title":"Tres espacios de debate entre las candidaturas a la Sindicatura de Greuges de Barcelona durante el proceso participativo - Sindicatura de Greuges de Barcelona","og_description":"En los pr\u00f3ximos d\u00edas tendr\u00e1n lugar tres espacios de debate p\u00fablico entre las dos candidaturas: David Bondia, actual s\u00edndic de greuges de Barcelona, y Gemma Calvet, abogada y consultora.","og_url":"https:\/\/www.sindicaturabarcelona.cat\/es\/tres-espacios-de-debate-entre-las-candidaturas-a-la-sindicatura-de-greuges-de-barcelona-durante-el-proceso-participativo\/","og_site_name":"Sindicatura de Greuges de Barcelona","article_published_time":"2026-06-08T13:36:47+00:00","article_modified_time":"2026-06-08T13:57:12+00:00","og_image":[{"width":1280,"height":853,"url":"https:\/\/www.sindicaturabarcelona.cat\/wp-content\/uploads\/Debats-Sindicatura.jpg","type":"image\/jpeg"}],"author":"Pablo","twitter_card":"summary_large_image","twitter_creator":"@sindicbarcelona","twitter_site":"@sindicbarcelona","twitter_misc":{"Escrito por":"Pablo","Tiempo de lectura":"3 minutos"},"schema":{"@context":"https:\/\/schema.org","@graph":[{"@type":"Article","@id":"https:\/\/www.sindicaturabarcelona.cat\/es\/tres-espacios-de-debate-entre-las-candidaturas-a-la-sindicatura-de-greuges-de-barcelona-durante-el-proceso-participativo\/#article","isPartOf":{"@id":"https:\/\/www.sindicaturabarcelona.cat\/es\/tres-espacios-de-debate-entre-las-candidaturas-a-la-sindicatura-de-greuges-de-barcelona-durante-el-proceso-participativo\/"},"author":{"name":"Pablo","@id":"https:\/\/www.sindicaturabarcelona.cat\/es\/#\/schema\/person\/0e5acffc350ffdbc97578159322c9452"},"headline":"Tres espacios de debate entre las candidaturas a la Sindicatura de Greuges de Barcelona durante el proceso participativo","datePublished":"2026-06-08T13:36:47+00:00","dateModified":"2026-06-08T13:57:12+00:00","mainEntityOfPage":{"@id":"https:\/\/www.sindicaturabarcelona.cat\/es\/tres-espacios-de-debate-entre-las-candidaturas-a-la-sindicatura-de-greuges-de-barcelona-durante-el-proceso-participativo\/"},"wordCount":524,"publisher":{"@id":"https:\/\/www.sindicaturabarcelona.cat\/es\/#organization"},"image":{"@id":"https:\/\/www.sindicaturabarcelona.cat\/es\/tres-espacios-de-debate-entre-las-candidaturas-a-la-sindicatura-de-greuges-de-barcelona-durante-el-proceso-participativo\/#primaryimage"},"thumbnailUrl":"https:\/\/www.sindicaturabarcelona.cat\/wp-content\/uploads\/Debats-Sindicatura.jpg","inLanguage":"es"},{"@type":"WebPage","@id":"https:\/\/www.sindicaturabarcelona.cat\/es\/tres-espacios-de-debate-entre-las-candidaturas-a-la-sindicatura-de-greuges-de-barcelona-durante-el-proceso-participativo\/","url":"https:\/\/www.sindicaturabarcelona.cat\/es\/tres-espacios-de-debate-entre-las-candidaturas-a-la-sindicatura-de-greuges-de-barcelona-durante-el-proceso-participativo\/","name":"Tres espacios de debate entre las candidaturas a la Sindicatura de Greuges de Barcelona durante el proceso participativo - Sindicatura de Greuges de Barcelona","isPartOf":{"@id":"https:\/\/www.sindicaturabarcelona.cat\/es\/#website"},"primaryImageOfPage":{"@id":"https:\/\/www.sindicaturabarcelona.cat\/es\/tres-espacios-de-debate-entre-las-candidaturas-a-la-sindicatura-de-greuges-de-barcelona-durante-el-proceso-participativo\/#primaryimage"},"image":{"@id":"https:\/\/www.sindicaturabarcelona.cat\/es\/tres-espacios-de-debate-entre-las-candidaturas-a-la-sindicatura-de-greuges-de-barcelona-durante-el-proceso-participativo\/#primaryimage"},"thumbnailUrl":"https:\/\/www.sindicaturabarcelona.cat\/wp-content\/uploads\/Debats-Sindicatura.jpg","datePublished":"2026-06-08T13:36:47+00:00","dateModified":"2026-06-08T13:57:12+00:00","description":"En los pr\u00f3ximos d\u00edas tendr\u00e1n lugar tres espacios de debate p\u00fablico entre las dos candidaturas: David Bondia, actual s\u00edndic de greuges de Barcelona, y Gemma Calvet, abogada y consultora.","breadcrumb":{"@id":"https:\/\/www.sindicaturabarcelona.cat\/es\/tres-espacios-de-debate-entre-las-candidaturas-a-la-sindicatura-de-greuges-de-barcelona-durante-el-proceso-participativo\/#breadcrumb"},"inLanguage":"es","potentialAction":[{"@type":"ReadAction","target":["https:\/\/www.sindicaturabarcelona.cat\/es\/tres-espacios-de-debate-entre-las-candidaturas-a-la-sindicatura-de-greuges-de-barcelona-durante-el-proceso-participativo\/"]}]},{"@type":"ImageObject","inLanguage":"es","@id":"https:\/\/www.sindicaturabarcelona.cat\/es\/tres-espacios-de-debate-entre-las-candidaturas-a-la-sindicatura-de-greuges-de-barcelona-durante-el-proceso-participativo\/#primaryimage","url":"https:\/\/www.sindicaturabarcelona.cat\/wp-content\/uploads\/Debats-Sindicatura.jpg","contentUrl":"https:\/\/www.sindicaturabarcelona.cat\/wp-content\/uploads\/Debats-Sindicatura.jpg","width":1280,"height":853},{"@type":"BreadcrumbList","@id":"https:\/\/www.sindicaturabarcelona.cat\/es\/tres-espacios-de-debate-entre-las-candidaturas-a-la-sindicatura-de-greuges-de-barcelona-durante-el-proceso-participativo\/#breadcrumb","itemListElement":[{"@type":"ListItem","position":1,"name":"Inici","item":"https:\/\/www.sindicaturabarcelona.cat\/es\/"},{"@type":"ListItem","position":2,"name":"Tres espacios de debate entre las candidaturas a la Sindicatura de Greuges de Barcelona durante el proceso participativo"}]},{"@type":"WebSite","@id":"https:\/\/www.sindicaturabarcelona.cat\/es\/#website","url":"https:\/\/www.sindicaturabarcelona.cat\/es\/","name":"Sindicatura de Greuges de Barcelona","description":"La defensoria dels teus drets","publisher":{"@id":"https:\/\/www.sindicaturabarcelona.cat\/es\/#organization"},"potentialAction":[{"@type":"SearchAction","target":{"@type":"EntryPoint","urlTemplate":"https:\/\/www.sindicaturabarcelona.cat\/es\/?s={search_term_string}"},"query-input":{"@type":"PropertyValueSpecification","valueRequired":true,"valueName":"search_term_string"}}],"inLanguage":"es"},{"@type":"Organization","@id":"https:\/\/www.sindicaturabarcelona.cat\/es\/#organization","name":"Sindicatura de Greuges de Barcelona","url":"https:\/\/www.sindicaturabarcelona.cat\/es\/","logo":{"@type":"ImageObject","inLanguage":"es","@id":"https:\/\/www.sindicaturabarcelona.cat\/es\/#\/schema\/logo\/image\/","url":"https:\/\/www.sindicaturabarcelona.cat\/wp-content\/uploads\/2023\/02\/logo_sindicatura.svg","contentUrl":"https:\/\/www.sindicaturabarcelona.cat\/wp-content\/uploads\/2023\/02\/logo_sindicatura.svg","caption":"Sindicatura de Greuges de Barcelona"},"image":{"@id":"https:\/\/www.sindicaturabarcelona.cat\/es\/#\/schema\/logo\/image\/"},"sameAs":["https:\/\/x.com\/sindicbarcelona","https:\/\/www.instagram.com\/sindicbarcelona\/","https:\/\/www.tiktok.com\/@sindicaturabcn","https:\/\/t.me\/sindicaturabarcelona"]},{"@type":"Person","@id":"https:\/\/www.sindicaturabarcelona.cat\/es\/#\/schema\/person\/0e5acffc350ffdbc97578159322c9452","name":"Pablo","image":{"@type":"ImageObject","inLanguage":"es","@id":"https:\/\/secure.gravatar.com\/avatar\/c948169b402ef9492afde705c3dfd5e90e1a6a84ef6840a91124f805a25a480f?s=96&d=mm&r=g","url":"https:\/\/secure.gravatar.com\/avatar\/c948169b402ef9492afde705c3dfd5e90e1a6a84ef6840a91124f805a25a480f?s=96&d=mm&r=g","contentUrl":"https:\/\/secure.gravatar.com\/avatar\/c948169b402ef9492afde705c3dfd5e90e1a6a84ef6840a91124f805a25a480f?s=96&d=mm&r=g","caption":"Pablo"},"url":"https:\/\/www.sindicaturabarcelona.cat\/es\/author\/pablo\/"}]}},"_links":{"self":[{"href":"https:\/\/www.sindicaturabarcelona.cat\/es\/wp-json\/wp\/v2\/posts\/43017","targetHints":{"allow":["GET"]}}],"collection":[{"href":"https:\/\/www.sindicaturabarcelona.cat\/es\/wp-json\/wp\/v2\/posts"}],"about":[{"href":"https:\/\/www.sindicaturabarcelona.cat\/es\/wp-json\/wp\/v2\/types\/post"}],"author":[{"embeddable":true,"href":"https:\/\/www.sindicaturabarcelona.cat\/es\/wp-json\/wp\/v2\/users\/2"}],"replies":[{"embeddable":true,"href":"https:\/\/www.sindicaturabarcelona.cat\/es\/wp-json\/wp\/v2\/comments?post=43017"}],"version-history":[{"count":3,"href":"https:\/\/www.sindicaturabarcelona.cat\/es\/wp-json\/wp\/v2\/posts\/43017\/revisions"}],"predecessor-version":[{"id":43022,"href":"https:\/\/www.sindicaturabarcelona.cat\/es\/wp-json\/wp\/v2\/posts\/43017\/revisions\/43022"}],"wp:featuredmedia":[{"embeddable":true,"href":"https:\/\/www.sindicaturabarcelona.cat\/es\/wp-json\/wp\/v2\/media\/43013"}],"wp:attachment":[{"href":"https:\/\/www.sindicaturabarcelona.cat\/es\/wp-json\/wp\/v2\/media?parent=43017"}],"wp:term":[{"taxonomy":"post_tag","embeddable":true,"href":"https:\/\/www.sindicaturabarcelona.cat\/es\/wp-json\/wp\/v2\/tags?post=43017"},{"taxonomy":"drets","embeddable":true,"href":"https:\/\/www.sindicaturabarcelona.cat\/es\/wp-json\/wp\/v2\/drets?post=43017"}],"curies":[{"name":"wp","href":"https:\/\/api.w.org\/{rel}","templated":true}]}}