{"id":42935,"date":"2026-06-03T07:30:00","date_gmt":"2026-06-03T05:30:00","guid":{"rendered":"https:\/\/www.sindicaturabarcelona.cat\/?p=42935"},"modified":"2026-06-02T16:30:37","modified_gmt":"2026-06-02T14:30:37","slug":"la-sindicatura-de-barcelona-refuerza-su-proyeccion-internacional-con-encuentros-en-zurich-y-roma","status":"publish","type":"post","link":"https:\/\/www.sindicaturabarcelona.cat\/es\/la-sindicatura-de-barcelona-refuerza-su-proyeccion-internacional-con-encuentros-en-zurich-y-roma\/","title":{"rendered":"La Sindicatura de Barcelona refuerza su proyecci\u00f3n internacional con encuentros en Z\u00farich y Roma"},"content":{"rendered":"\n<h2 class=\"wp-block-heading\"><strong>La participaci\u00f3n en la Junta de AGOL en Z\u00farich y en la conferencia internacional de Roma refuerza la cooperaci\u00f3n entre instituciones de defensa de los derechos y el intercambio de buenas pr\u00e1cticas a escala global.<\/strong><\/h2>\n\n\n\n<p><strong>Barcelona, 3 de junio de 2026<\/strong> \u2013 La Sindicatura de Greuges de Barcelona ha reforzado su dimensi\u00f3n internacional con la participaci\u00f3n en dos encuentros clave del movimiento global de defensor\u00edas locales e instituciones de ombudsman, celebrados recientemente en Z\u00farich y Roma.<\/p>\n\n\n\n<p>Por un lado, el jefe de gabinete de la Sindicatura, Oriol Puig, particip\u00f3 el 26 de mayo en una reuni\u00f3n de la <strong>Junta Directiva de la <a href=\"https:\/\/agol.es\/en\/home-2\/\" target=\"_blank\" rel=\"noreferrer noopener\">Alianza Global del Ombudsperson Local (AGOL)<\/a><\/strong> en Z\u00farich, que coincidi\u00f3 con la incorporaci\u00f3n del nuevo miembro suizo: el defensor del pueblo de la ciudad, Pierre Heusser. El encuentro sirvi\u00f3 para dar a conocer la actividad de la asociaci\u00f3n a otros <em>ombudspersons<\/em> suizos y para fortalecer los espacios de intercambio profesional y de cooperaci\u00f3n entre instituciones.<\/p>\n\n\n\n<p><strong>A continuaci\u00f3n, los d\u00edas 28 y 29 de mayo, Oriol Puig y el adjunto al s\u00edndic, Xavier Bernad\u00ed, participaron en la Conferencia Internacional del Ombudsman celebrada en el Parlamento italiano, en Roma.<\/strong> Este encuentro, que reuni\u00f3 a representantes institucionales de m\u00e1s de treinta pa\u00edses de Europa, Am\u00e9rica, \u00c1frica y Asia, ten\u00eda como objetivo reforzar la cooperaci\u00f3n internacional y consolidar redes de trabajo compartidas entre instituciones de defensa de los derechos.<\/p>\n\n\n\n<p><strong>Uno de los principales resultados de la conferencia ha sido la aprobaci\u00f3n de la <a href=\"https:\/\/www.sindicaturabarcelona.cat\/wp-content\/uploads\/dichiarazione-di-Roma-2026.pdf\" target=\"_blank\" rel=\"noreferrer noopener\">Declaraci\u00f3n de Roma 2026<\/a>, que establece un marco com\u00fan de actuaci\u00f3n para el futuro de las instituciones de ombudsman<\/strong>. El documento pone el acento en la centralidad de la persona, la protecci\u00f3n efectiva de los derechos, la transparencia, la inclusi\u00f3n social y el refuerzo de la cooperaci\u00f3n internacional, as\u00ed como en la necesidad de adaptar estas instituciones a los nuevos retos sociales y tecnol\u00f3gicos.<\/p>\n\n\n\n<p><strong>La participaci\u00f3n en estos espacios internacionales permite a la Sindicatura de Greuges de Barcelona compartir experiencias, conocer buenas pr\u00e1cticas y contribuir al fortalecimiento de un modelo global de garant\u00eda de derechos<\/strong> basado en la proximidad, la independencia y la confianza ciudadana.<\/p>\n\n\n\n<h2 class=\"wp-block-heading\"><strong>La Sindicatura de Barcelona, un referente internacional que preside la organizaci\u00f3n mundial de defensor\u00edas locales<\/strong><\/h2>\n\n\n\n<p>En 2025, el s\u00edndic de Barcelona, David Bondia, fue elegido presidente de la Alianza Global del Ombudsperson Local (AGOL), una organizaci\u00f3n mundial de defensor\u00edas con fuerte arraigo en Am\u00e9rica Latina y en expansi\u00f3n en Europa y otros continentes. Este espacio permite coordinar criterios, compartir experiencias e impulsar proyectos conjuntos entre instituciones de garant\u00eda de derechos.<strong><\/strong><\/p>\n\n\n\n<p><strong>Este nombramiento refuerza el papel internacional de la Sindicatura de Greuges de Barcelona en el \u00e1mbito de las garant\u00edas locales y reconoce su trayectoria en la defensa de los derechos de la ciudadan\u00eda y la mejora de los servicios p\u00fablicos.<\/strong><\/p>\n","protected":false},"excerpt":{"rendered":"<p>La participaci\u00f3n en la Junta de AGOL en Z\u00farich y en la conferencia internacional de Roma refuerza la cooperaci\u00f3n entre instituciones de defensa de los derechos y el intercambio de [&hellip;]<\/p>\n","protected":false},"author":2,"featured_media":42932,"comment_status":"closed","ping_status":"closed","sticky":false,"template":"","format":"standard","meta":{"_acf_changed":false,"footnotes":""},"tags":[],"drets":[],"class_list":["post-42935","post","type-post","status-publish","format-standard","has-post-thumbnail","hentry"],"acf":[],"yoast_head":"<!-- This site is optimized with the Yoast SEO plugin v27.5 - https:\/\/yoast.com\/product\/yoast-seo-wordpress\/ -->\n<title>La Sindicatura de Barcelona refuerza su proyecci\u00f3n internacional con encuentros en Z\u00farich y Roma - Sindicatura de Greuges de Barcelona<\/title>\n<meta name=\"description\" content=\"La participaci\u00f3n en la Junta de AGOL en Z\u00farich y en la conferencia internacional de Roma refuerza la cooperaci\u00f3n entre instituciones de defensa de los derechos y el intercambio de buenas pr\u00e1cticas a escala global.\" \/>\n<meta name=\"robots\" content=\"index, follow, max-snippet:-1, max-image-preview:large, max-video-preview:-1\" \/>\n<link rel=\"canonical\" href=\"https:\/\/www.sindicaturabarcelona.cat\/es\/la-sindicatura-de-barcelona-refuerza-su-proyeccion-internacional-con-encuentros-en-zurich-y-roma\/\" \/>\n<meta property=\"og:locale\" content=\"es_ES\" \/>\n<meta property=\"og:type\" content=\"article\" \/>\n<meta property=\"og:title\" content=\"La Sindicatura de Barcelona refuerza su proyecci\u00f3n internacional con encuentros en Z\u00farich y Roma - Sindicatura de Greuges de Barcelona\" \/>\n<meta property=\"og:description\" content=\"La participaci\u00f3n en la Junta de AGOL en Z\u00farich y en la conferencia internacional de Roma refuerza la cooperaci\u00f3n entre instituciones de defensa de los derechos y el intercambio de buenas pr\u00e1cticas a escala global.\" \/>\n<meta property=\"og:url\" content=\"https:\/\/www.sindicaturabarcelona.cat\/es\/la-sindicatura-de-barcelona-refuerza-su-proyeccion-internacional-con-encuentros-en-zurich-y-roma\/\" \/>\n<meta property=\"og:site_name\" content=\"Sindicatura de Greuges de Barcelona\" \/>\n<meta property=\"article:published_time\" content=\"2026-06-03T05:30:00+00:00\" \/>\n<meta property=\"og:image\" content=\"https:\/\/www.sindicaturabarcelona.cat\/wp-content\/uploads\/WhatsApp-Image-2026-05-28-at-12.41.07.jpeg\" \/>\n\t<meta property=\"og:image:width\" content=\"1600\" \/>\n\t<meta property=\"og:image:height\" content=\"1066\" \/>\n\t<meta property=\"og:image:type\" content=\"image\/jpeg\" \/>\n<meta name=\"author\" content=\"Pablo\" \/>\n<meta name=\"twitter:card\" content=\"summary_large_image\" \/>\n<meta name=\"twitter:creator\" content=\"@sindicbarcelona\" \/>\n<meta name=\"twitter:site\" content=\"@sindicbarcelona\" \/>\n<meta name=\"twitter:label1\" content=\"Escrito por\" \/>\n\t<meta name=\"twitter:data1\" content=\"Pablo\" \/>\n\t<meta name=\"twitter:label2\" content=\"Tiempo de lectura\" \/>\n\t<meta name=\"twitter:data2\" content=\"3 minutos\" \/>\n<script type=\"application\/ld+json\" class=\"yoast-schema-graph\">{\"@context\":\"https:\\\/\\\/schema.org\",\"@graph\":[{\"@type\":\"Article\",\"@id\":\"https:\\\/\\\/www.sindicaturabarcelona.cat\\\/es\\\/la-sindicatura-de-barcelona-refuerza-su-proyeccion-internacional-con-encuentros-en-zurich-y-roma\\\/#article\",\"isPartOf\":{\"@id\":\"https:\\\/\\\/www.sindicaturabarcelona.cat\\\/es\\\/la-sindicatura-de-barcelona-refuerza-su-proyeccion-internacional-con-encuentros-en-zurich-y-roma\\\/\"},\"author\":{\"name\":\"Pablo\",\"@id\":\"https:\\\/\\\/www.sindicaturabarcelona.cat\\\/es\\\/#\\\/schema\\\/person\\\/0e5acffc350ffdbc97578159322c9452\"},\"headline\":\"La Sindicatura de Barcelona refuerza su proyecci\u00f3n internacional con encuentros en Z\u00farich y Roma\",\"datePublished\":\"2026-06-03T05:30:00+00:00\",\"mainEntityOfPage\":{\"@id\":\"https:\\\/\\\/www.sindicaturabarcelona.cat\\\/es\\\/la-sindicatura-de-barcelona-refuerza-su-proyeccion-internacional-con-encuentros-en-zurich-y-roma\\\/\"},\"wordCount\":507,\"publisher\":{\"@id\":\"https:\\\/\\\/www.sindicaturabarcelona.cat\\\/es\\\/#organization\"},\"image\":{\"@id\":\"https:\\\/\\\/www.sindicaturabarcelona.cat\\\/es\\\/la-sindicatura-de-barcelona-refuerza-su-proyeccion-internacional-con-encuentros-en-zurich-y-roma\\\/#primaryimage\"},\"thumbnailUrl\":\"https:\\\/\\\/www.sindicaturabarcelona.cat\\\/wp-content\\\/uploads\\\/WhatsApp-Image-2026-05-28-at-12.41.07.jpeg\",\"inLanguage\":\"es\"},{\"@type\":\"WebPage\",\"@id\":\"https:\\\/\\\/www.sindicaturabarcelona.cat\\\/es\\\/la-sindicatura-de-barcelona-refuerza-su-proyeccion-internacional-con-encuentros-en-zurich-y-roma\\\/\",\"url\":\"https:\\\/\\\/www.sindicaturabarcelona.cat\\\/es\\\/la-sindicatura-de-barcelona-refuerza-su-proyeccion-internacional-con-encuentros-en-zurich-y-roma\\\/\",\"name\":\"La Sindicatura de Barcelona refuerza su proyecci\u00f3n internacional con encuentros en Z\u00farich y Roma - Sindicatura de Greuges de Barcelona\",\"isPartOf\":{\"@id\":\"https:\\\/\\\/www.sindicaturabarcelona.cat\\\/es\\\/#website\"},\"primaryImageOfPage\":{\"@id\":\"https:\\\/\\\/www.sindicaturabarcelona.cat\\\/es\\\/la-sindicatura-de-barcelona-refuerza-su-proyeccion-internacional-con-encuentros-en-zurich-y-roma\\\/#primaryimage\"},\"image\":{\"@id\":\"https:\\\/\\\/www.sindicaturabarcelona.cat\\\/es\\\/la-sindicatura-de-barcelona-refuerza-su-proyeccion-internacional-con-encuentros-en-zurich-y-roma\\\/#primaryimage\"},\"thumbnailUrl\":\"https:\\\/\\\/www.sindicaturabarcelona.cat\\\/wp-content\\\/uploads\\\/WhatsApp-Image-2026-05-28-at-12.41.07.jpeg\",\"datePublished\":\"2026-06-03T05:30:00+00:00\",\"description\":\"La participaci\u00f3n en la Junta de AGOL en Z\u00farich y en la conferencia internacional de Roma refuerza la cooperaci\u00f3n entre instituciones de defensa de los derechos y el intercambio de buenas pr\u00e1cticas a escala global.\",\"breadcrumb\":{\"@id\":\"https:\\\/\\\/www.sindicaturabarcelona.cat\\\/es\\\/la-sindicatura-de-barcelona-refuerza-su-proyeccion-internacional-con-encuentros-en-zurich-y-roma\\\/#breadcrumb\"},\"inLanguage\":\"es\",\"potentialAction\":[{\"@type\":\"ReadAction\",\"target\":[\"https:\\\/\\\/www.sindicaturabarcelona.cat\\\/es\\\/la-sindicatura-de-barcelona-refuerza-su-proyeccion-internacional-con-encuentros-en-zurich-y-roma\\\/\"]}]},{\"@type\":\"ImageObject\",\"inLanguage\":\"es\",\"@id\":\"https:\\\/\\\/www.sindicaturabarcelona.cat\\\/es\\\/la-sindicatura-de-barcelona-refuerza-su-proyeccion-internacional-con-encuentros-en-zurich-y-roma\\\/#primaryimage\",\"url\":\"https:\\\/\\\/www.sindicaturabarcelona.cat\\\/wp-content\\\/uploads\\\/WhatsApp-Image-2026-05-28-at-12.41.07.jpeg\",\"contentUrl\":\"https:\\\/\\\/www.sindicaturabarcelona.cat\\\/wp-content\\\/uploads\\\/WhatsApp-Image-2026-05-28-at-12.41.07.jpeg\",\"width\":1600,\"height\":1066},{\"@type\":\"BreadcrumbList\",\"@id\":\"https:\\\/\\\/www.sindicaturabarcelona.cat\\\/es\\\/la-sindicatura-de-barcelona-refuerza-su-proyeccion-internacional-con-encuentros-en-zurich-y-roma\\\/#breadcrumb\",\"itemListElement\":[{\"@type\":\"ListItem\",\"position\":1,\"name\":\"Inici\",\"item\":\"https:\\\/\\\/www.sindicaturabarcelona.cat\\\/es\\\/\"},{\"@type\":\"ListItem\",\"position\":2,\"name\":\"La Sindicatura de Barcelona refuerza su proyecci\u00f3n internacional con encuentros en Z\u00farich y Roma\"}]},{\"@type\":\"WebSite\",\"@id\":\"https:\\\/\\\/www.sindicaturabarcelona.cat\\\/es\\\/#website\",\"url\":\"https:\\\/\\\/www.sindicaturabarcelona.cat\\\/es\\\/\",\"name\":\"Sindicatura de Greuges de Barcelona\",\"description\":\"La defensoria dels teus drets\",\"publisher\":{\"@id\":\"https:\\\/\\\/www.sindicaturabarcelona.cat\\\/es\\\/#organization\"},\"potentialAction\":[{\"@type\":\"SearchAction\",\"target\":{\"@type\":\"EntryPoint\",\"urlTemplate\":\"https:\\\/\\\/www.sindicaturabarcelona.cat\\\/es\\\/?s={search_term_string}\"},\"query-input\":{\"@type\":\"PropertyValueSpecification\",\"valueRequired\":true,\"valueName\":\"search_term_string\"}}],\"inLanguage\":\"es\"},{\"@type\":\"Organization\",\"@id\":\"https:\\\/\\\/www.sindicaturabarcelona.cat\\\/es\\\/#organization\",\"name\":\"Sindicatura de Greuges de Barcelona\",\"url\":\"https:\\\/\\\/www.sindicaturabarcelona.cat\\\/es\\\/\",\"logo\":{\"@type\":\"ImageObject\",\"inLanguage\":\"es\",\"@id\":\"https:\\\/\\\/www.sindicaturabarcelona.cat\\\/es\\\/#\\\/schema\\\/logo\\\/image\\\/\",\"url\":\"https:\\\/\\\/www.sindicaturabarcelona.cat\\\/wp-content\\\/uploads\\\/2023\\\/02\\\/logo_sindicatura.svg\",\"contentUrl\":\"https:\\\/\\\/www.sindicaturabarcelona.cat\\\/wp-content\\\/uploads\\\/2023\\\/02\\\/logo_sindicatura.svg\",\"caption\":\"Sindicatura de Greuges de Barcelona\"},\"image\":{\"@id\":\"https:\\\/\\\/www.sindicaturabarcelona.cat\\\/es\\\/#\\\/schema\\\/logo\\\/image\\\/\"},\"sameAs\":[\"https:\\\/\\\/x.com\\\/sindicbarcelona\",\"https:\\\/\\\/www.instagram.com\\\/sindicbarcelona\\\/\",\"https:\\\/\\\/www.tiktok.com\\\/@sindicaturabcn\",\"https:\\\/\\\/t.me\\\/sindicaturabarcelona\"]},{\"@type\":\"Person\",\"@id\":\"https:\\\/\\\/www.sindicaturabarcelona.cat\\\/es\\\/#\\\/schema\\\/person\\\/0e5acffc350ffdbc97578159322c9452\",\"name\":\"Pablo\",\"image\":{\"@type\":\"ImageObject\",\"inLanguage\":\"es\",\"@id\":\"https:\\\/\\\/secure.gravatar.com\\\/avatar\\\/c948169b402ef9492afde705c3dfd5e90e1a6a84ef6840a91124f805a25a480f?s=96&d=mm&r=g\",\"url\":\"https:\\\/\\\/secure.gravatar.com\\\/avatar\\\/c948169b402ef9492afde705c3dfd5e90e1a6a84ef6840a91124f805a25a480f?s=96&d=mm&r=g\",\"contentUrl\":\"https:\\\/\\\/secure.gravatar.com\\\/avatar\\\/c948169b402ef9492afde705c3dfd5e90e1a6a84ef6840a91124f805a25a480f?s=96&d=mm&r=g\",\"caption\":\"Pablo\"},\"url\":\"https:\\\/\\\/www.sindicaturabarcelona.cat\\\/es\\\/author\\\/pablo\\\/\"}]}<\/script>\n<!-- \/ Yoast SEO plugin. -->","yoast_head_json":{"title":"La Sindicatura de Barcelona refuerza su proyecci\u00f3n internacional con encuentros en Z\u00farich y Roma - Sindicatura de Greuges de Barcelona","description":"La participaci\u00f3n en la Junta de AGOL en Z\u00farich y en la conferencia internacional de Roma refuerza la cooperaci\u00f3n entre instituciones de defensa de los derechos y el intercambio de buenas pr\u00e1cticas a escala global.","robots":{"index":"index","follow":"follow","max-snippet":"max-snippet:-1","max-image-preview":"max-image-preview:large","max-video-preview":"max-video-preview:-1"},"canonical":"https:\/\/www.sindicaturabarcelona.cat\/es\/la-sindicatura-de-barcelona-refuerza-su-proyeccion-internacional-con-encuentros-en-zurich-y-roma\/","og_locale":"es_ES","og_type":"article","og_title":"La Sindicatura de Barcelona refuerza su proyecci\u00f3n internacional con encuentros en Z\u00farich y Roma - Sindicatura de Greuges de Barcelona","og_description":"La participaci\u00f3n en la Junta de AGOL en Z\u00farich y en la conferencia internacional de Roma refuerza la cooperaci\u00f3n entre instituciones de defensa de los derechos y el intercambio de buenas pr\u00e1cticas a escala global.","og_url":"https:\/\/www.sindicaturabarcelona.cat\/es\/la-sindicatura-de-barcelona-refuerza-su-proyeccion-internacional-con-encuentros-en-zurich-y-roma\/","og_site_name":"Sindicatura de Greuges de Barcelona","article_published_time":"2026-06-03T05:30:00+00:00","og_image":[{"width":1600,"height":1066,"url":"https:\/\/www.sindicaturabarcelona.cat\/wp-content\/uploads\/WhatsApp-Image-2026-05-28-at-12.41.07.jpeg","type":"image\/jpeg"}],"author":"Pablo","twitter_card":"summary_large_image","twitter_creator":"@sindicbarcelona","twitter_site":"@sindicbarcelona","twitter_misc":{"Escrito por":"Pablo","Tiempo de lectura":"3 minutos"},"schema":{"@context":"https:\/\/schema.org","@graph":[{"@type":"Article","@id":"https:\/\/www.sindicaturabarcelona.cat\/es\/la-sindicatura-de-barcelona-refuerza-su-proyeccion-internacional-con-encuentros-en-zurich-y-roma\/#article","isPartOf":{"@id":"https:\/\/www.sindicaturabarcelona.cat\/es\/la-sindicatura-de-barcelona-refuerza-su-proyeccion-internacional-con-encuentros-en-zurich-y-roma\/"},"author":{"name":"Pablo","@id":"https:\/\/www.sindicaturabarcelona.cat\/es\/#\/schema\/person\/0e5acffc350ffdbc97578159322c9452"},"headline":"La Sindicatura de Barcelona refuerza su proyecci\u00f3n internacional con encuentros en Z\u00farich y Roma","datePublished":"2026-06-03T05:30:00+00:00","mainEntityOfPage":{"@id":"https:\/\/www.sindicaturabarcelona.cat\/es\/la-sindicatura-de-barcelona-refuerza-su-proyeccion-internacional-con-encuentros-en-zurich-y-roma\/"},"wordCount":507,"publisher":{"@id":"https:\/\/www.sindicaturabarcelona.cat\/es\/#organization"},"image":{"@id":"https:\/\/www.sindicaturabarcelona.cat\/es\/la-sindicatura-de-barcelona-refuerza-su-proyeccion-internacional-con-encuentros-en-zurich-y-roma\/#primaryimage"},"thumbnailUrl":"https:\/\/www.sindicaturabarcelona.cat\/wp-content\/uploads\/WhatsApp-Image-2026-05-28-at-12.41.07.jpeg","inLanguage":"es"},{"@type":"WebPage","@id":"https:\/\/www.sindicaturabarcelona.cat\/es\/la-sindicatura-de-barcelona-refuerza-su-proyeccion-internacional-con-encuentros-en-zurich-y-roma\/","url":"https:\/\/www.sindicaturabarcelona.cat\/es\/la-sindicatura-de-barcelona-refuerza-su-proyeccion-internacional-con-encuentros-en-zurich-y-roma\/","name":"La Sindicatura de Barcelona refuerza su proyecci\u00f3n internacional con encuentros en Z\u00farich y Roma - Sindicatura de Greuges de Barcelona","isPartOf":{"@id":"https:\/\/www.sindicaturabarcelona.cat\/es\/#website"},"primaryImageOfPage":{"@id":"https:\/\/www.sindicaturabarcelona.cat\/es\/la-sindicatura-de-barcelona-refuerza-su-proyeccion-internacional-con-encuentros-en-zurich-y-roma\/#primaryimage"},"image":{"@id":"https:\/\/www.sindicaturabarcelona.cat\/es\/la-sindicatura-de-barcelona-refuerza-su-proyeccion-internacional-con-encuentros-en-zurich-y-roma\/#primaryimage"},"thumbnailUrl":"https:\/\/www.sindicaturabarcelona.cat\/wp-content\/uploads\/WhatsApp-Image-2026-05-28-at-12.41.07.jpeg","datePublished":"2026-06-03T05:30:00+00:00","description":"La participaci\u00f3n en la Junta de AGOL en Z\u00farich y en la conferencia internacional de Roma refuerza la cooperaci\u00f3n entre instituciones de defensa de los derechos y el intercambio de buenas pr\u00e1cticas a escala global.","breadcrumb":{"@id":"https:\/\/www.sindicaturabarcelona.cat\/es\/la-sindicatura-de-barcelona-refuerza-su-proyeccion-internacional-con-encuentros-en-zurich-y-roma\/#breadcrumb"},"inLanguage":"es","potentialAction":[{"@type":"ReadAction","target":["https:\/\/www.sindicaturabarcelona.cat\/es\/la-sindicatura-de-barcelona-refuerza-su-proyeccion-internacional-con-encuentros-en-zurich-y-roma\/"]}]},{"@type":"ImageObject","inLanguage":"es","@id":"https:\/\/www.sindicaturabarcelona.cat\/es\/la-sindicatura-de-barcelona-refuerza-su-proyeccion-internacional-con-encuentros-en-zurich-y-roma\/#primaryimage","url":"https:\/\/www.sindicaturabarcelona.cat\/wp-content\/uploads\/WhatsApp-Image-2026-05-28-at-12.41.07.jpeg","contentUrl":"https:\/\/www.sindicaturabarcelona.cat\/wp-content\/uploads\/WhatsApp-Image-2026-05-28-at-12.41.07.jpeg","width":1600,"height":1066},{"@type":"BreadcrumbList","@id":"https:\/\/www.sindicaturabarcelona.cat\/es\/la-sindicatura-de-barcelona-refuerza-su-proyeccion-internacional-con-encuentros-en-zurich-y-roma\/#breadcrumb","itemListElement":[{"@type":"ListItem","position":1,"name":"Inici","item":"https:\/\/www.sindicaturabarcelona.cat\/es\/"},{"@type":"ListItem","position":2,"name":"La Sindicatura de Barcelona refuerza su proyecci\u00f3n internacional con encuentros en Z\u00farich y Roma"}]},{"@type":"WebSite","@id":"https:\/\/www.sindicaturabarcelona.cat\/es\/#website","url":"https:\/\/www.sindicaturabarcelona.cat\/es\/","name":"Sindicatura de Greuges de Barcelona","description":"La defensoria dels teus drets","publisher":{"@id":"https:\/\/www.sindicaturabarcelona.cat\/es\/#organization"},"potentialAction":[{"@type":"SearchAction","target":{"@type":"EntryPoint","urlTemplate":"https:\/\/www.sindicaturabarcelona.cat\/es\/?s={search_term_string}"},"query-input":{"@type":"PropertyValueSpecification","valueRequired":true,"valueName":"search_term_string"}}],"inLanguage":"es"},{"@type":"Organization","@id":"https:\/\/www.sindicaturabarcelona.cat\/es\/#organization","name":"Sindicatura de Greuges de Barcelona","url":"https:\/\/www.sindicaturabarcelona.cat\/es\/","logo":{"@type":"ImageObject","inLanguage":"es","@id":"https:\/\/www.sindicaturabarcelona.cat\/es\/#\/schema\/logo\/image\/","url":"https:\/\/www.sindicaturabarcelona.cat\/wp-content\/uploads\/2023\/02\/logo_sindicatura.svg","contentUrl":"https:\/\/www.sindicaturabarcelona.cat\/wp-content\/uploads\/2023\/02\/logo_sindicatura.svg","caption":"Sindicatura de Greuges de Barcelona"},"image":{"@id":"https:\/\/www.sindicaturabarcelona.cat\/es\/#\/schema\/logo\/image\/"},"sameAs":["https:\/\/x.com\/sindicbarcelona","https:\/\/www.instagram.com\/sindicbarcelona\/","https:\/\/www.tiktok.com\/@sindicaturabcn","https:\/\/t.me\/sindicaturabarcelona"]},{"@type":"Person","@id":"https:\/\/www.sindicaturabarcelona.cat\/es\/#\/schema\/person\/0e5acffc350ffdbc97578159322c9452","name":"Pablo","image":{"@type":"ImageObject","inLanguage":"es","@id":"https:\/\/secure.gravatar.com\/avatar\/c948169b402ef9492afde705c3dfd5e90e1a6a84ef6840a91124f805a25a480f?s=96&d=mm&r=g","url":"https:\/\/secure.gravatar.com\/avatar\/c948169b402ef9492afde705c3dfd5e90e1a6a84ef6840a91124f805a25a480f?s=96&d=mm&r=g","contentUrl":"https:\/\/secure.gravatar.com\/avatar\/c948169b402ef9492afde705c3dfd5e90e1a6a84ef6840a91124f805a25a480f?s=96&d=mm&r=g","caption":"Pablo"},"url":"https:\/\/www.sindicaturabarcelona.cat\/es\/author\/pablo\/"}]}},"_links":{"self":[{"href":"https:\/\/www.sindicaturabarcelona.cat\/es\/wp-json\/wp\/v2\/posts\/42935","targetHints":{"allow":["GET"]}}],"collection":[{"href":"https:\/\/www.sindicaturabarcelona.cat\/es\/wp-json\/wp\/v2\/posts"}],"about":[{"href":"https:\/\/www.sindicaturabarcelona.cat\/es\/wp-json\/wp\/v2\/types\/post"}],"author":[{"embeddable":true,"href":"https:\/\/www.sindicaturabarcelona.cat\/es\/wp-json\/wp\/v2\/users\/2"}],"replies":[{"embeddable":true,"href":"https:\/\/www.sindicaturabarcelona.cat\/es\/wp-json\/wp\/v2\/comments?post=42935"}],"version-history":[{"count":2,"href":"https:\/\/www.sindicaturabarcelona.cat\/es\/wp-json\/wp\/v2\/posts\/42935\/revisions"}],"predecessor-version":[{"id":42937,"href":"https:\/\/www.sindicaturabarcelona.cat\/es\/wp-json\/wp\/v2\/posts\/42935\/revisions\/42937"}],"wp:featuredmedia":[{"embeddable":true,"href":"https:\/\/www.sindicaturabarcelona.cat\/es\/wp-json\/wp\/v2\/media\/42932"}],"wp:attachment":[{"href":"https:\/\/www.sindicaturabarcelona.cat\/es\/wp-json\/wp\/v2\/media?parent=42935"}],"wp:term":[{"taxonomy":"post_tag","embeddable":true,"href":"https:\/\/www.sindicaturabarcelona.cat\/es\/wp-json\/wp\/v2\/tags?post=42935"},{"taxonomy":"drets","embeddable":true,"href":"https:\/\/www.sindicaturabarcelona.cat\/es\/wp-json\/wp\/v2\/drets?post=42935"}],"curies":[{"name":"wp","href":"https:\/\/api.w.org\/{rel}","templated":true}]}}