{"id":42910,"date":"2026-06-02T12:35:52","date_gmt":"2026-06-02T10:35:52","guid":{"rendered":"https:\/\/www.sindicaturabarcelona.cat\/?p=42910"},"modified":"2026-06-02T12:41:42","modified_gmt":"2026-06-02T10:41:42","slug":"el-sindic-de-barcelona-participa-en-el-30o-aniversario-del-sindic-de-greuges-de-la-universitat-pompeu-fabra","status":"publish","type":"post","link":"https:\/\/www.sindicaturabarcelona.cat\/es\/el-sindic-de-barcelona-participa-en-el-30o-aniversario-del-sindic-de-greuges-de-la-universitat-pompeu-fabra\/","title":{"rendered":"El s\u00edndic de Barcelona participa en el 30\u00ba aniversario del S\u00edndic de Greuges de la Universitat Pompeu Fabra"},"content":{"rendered":"\n<p><strong>Barcelona, 2 de junio de 2026<\/strong> \u2014 La Universitat Pompeu Fabra (UPF) ha conmemorado <a href=\"https:\/\/www.flickr.com\/photos\/universitatpompeufabra\/albums\/72177720333786850\/with\/55286335534\/\" target=\"_blank\" rel=\"noreferrer noopener\">el 30\u00ba aniversario del nombramiento de su primer s\u00edndic de greuges con un encuentro que ha reunido a s\u00edndics y defensores<\/a>, tanto en activo como del pasado, de diversos \u00e1mbitos institucionales, acad\u00e9micos y medi\u00e1ticos<\/p>\n\n\n\n<p><strong>Durante la mesa de debate \u201cS\u00edndics y defensores en di\u00e1logo: escuchar, mediar, defender\u201d, el s\u00edndic de greuges de Barcelona, David Bondia, ha tenido un papel destacado poniendo el foco en la labor de proximidad y en las actuaciones de oficio de la Sindicatura<\/strong>, que permiten intervenir sin necesidad de denuncia previa cuando se detectan problem\u00e1ticas<\/p>\n\n\n\n<p><a href=\"https:\/\/www.sindicaturabarcelona.cat\/wp-content\/uploads\/Informe-Anual-2025.pdf\" target=\"_blank\" rel=\"noreferrer noopener\">Bondia ha explicado que, de las 3.264 intervenciones realizadas durante el \u00faltimo a\u00f1o<\/a>, muchas se han centrado en cuestiones como los comedores sociales o el derecho a una buena administraci\u00f3n. \u201cLa gente quiere que la escuchen\u201d, ha afirmado, subrayando la importancia de mantener una presencia activa en el territorio, especialmente en los barrios de los que llegan menos quejas<\/p>\n\n\n\n<p><strong>El s\u00edndic ha defendido una instituci\u00f3n m\u00e1s accesible y cercana, capaz de adaptarse a los nuevos canales de comunicaci\u00f3n, como las redes sociales, para llegar tambi\u00e9n a la poblaci\u00f3n joven.<\/strong> En esta l\u00ednea, ha remarcado la necesidad de ser \u00e1giles en la respuesta y de trabajar con una mirada de barrio que \u201cengrandece la visi\u00f3n de ciudad\u201d<\/p>\n\n\n\n<p><strong>Bondia tambi\u00e9n ha apostado por incorporar una perspectiva metropolitana, recordando que muchos de los problemas que afectan a Barcelona tambi\u00e9n se reproducen en municipios pr\u00f3ximos.<\/strong> Entre las cuestiones que han registrado un incremento en los \u00faltimos a\u00f1os, ha destacado las quejas vinculadas al ruido<\/p>\n\n\n\n<p>La mesa redonda ha contado tambi\u00e9n con la participaci\u00f3n de Esther Gim\u00e9nez-Salinas, s\u00edndica de Greuges de Catalunya; Antoni Batista, defensor del lector del diari Ara, y Rafael Orden, exdefensor universitario de la Universidad Complutense de Madrid. La sesi\u00f3n ha estado moderada por Caterina Garcia Segura<\/p>\n\n\n\n<p><strong>El acto ha sido presidido por la rectora de la UPF, Laia de Nadal,<\/strong> quien ha destacado el papel de los s\u00edndics de greuges como garantes de los derechos y como figuras clave para favorecer una convivencia basada en el respeto y la defensa de los derechos fundamentales, especialmente en un contexto social complejo<\/p>\n","protected":false},"excerpt":{"rendered":"<p>Barcelona, 2 de junio de 2026 \u2014 La Universitat Pompeu Fabra (UPF) ha conmemorado el 30\u00ba aniversario del nombramiento de su primer s\u00edndic de greuges con un encuentro que ha [&hellip;]<\/p>\n","protected":false},"author":2,"featured_media":42908,"comment_status":"closed","ping_status":"closed","sticky":false,"template":"","format":"standard","meta":{"_acf_changed":false,"footnotes":""},"tags":[],"drets":[],"class_list":["post-42910","post","type-post","status-publish","format-standard","has-post-thumbnail","hentry"],"acf":[],"yoast_head":"<!-- This site is optimized with the Yoast SEO plugin v27.5 - https:\/\/yoast.com\/product\/yoast-seo-wordpress\/ -->\n<title>El s\u00edndic de Barcelona participa en el 30\u00ba aniversario del S\u00edndic de Greuges de la Universitat Pompeu Fabra - Sindicatura de Greuges de Barcelona<\/title>\n<meta name=\"description\" content=\"Durante la mesa de debate \u201cS\u00edndics y defensores en di\u00e1logo: escuchar, mediar, defender\u201d, el s\u00edndic de greuges de Barcelona, David Bondia, ha tenido un papel destacado poniendo el foco en la labor de proximidad y en las actuaciones de oficio de la Sindicatura.\" \/>\n<meta name=\"robots\" content=\"index, follow, max-snippet:-1, max-image-preview:large, max-video-preview:-1\" \/>\n<link rel=\"canonical\" href=\"https:\/\/www.sindicaturabarcelona.cat\/es\/el-sindic-de-barcelona-participa-en-el-30o-aniversario-del-sindic-de-greuges-de-la-universitat-pompeu-fabra\/\" \/>\n<meta property=\"og:locale\" content=\"es_ES\" \/>\n<meta property=\"og:type\" content=\"article\" \/>\n<meta property=\"og:title\" content=\"El s\u00edndic de Barcelona participa en el 30\u00ba aniversario del S\u00edndic de Greuges de la Universitat Pompeu Fabra - Sindicatura de Greuges de Barcelona\" \/>\n<meta property=\"og:description\" content=\"Durante la mesa de debate \u201cS\u00edndics y defensores en di\u00e1logo: escuchar, mediar, defender\u201d, el s\u00edndic de greuges de Barcelona, David Bondia, ha tenido un papel destacado poniendo el foco en la labor de proximidad y en las actuaciones de oficio de la Sindicatura.\" \/>\n<meta property=\"og:url\" content=\"https:\/\/www.sindicaturabarcelona.cat\/es\/el-sindic-de-barcelona-participa-en-el-30o-aniversario-del-sindic-de-greuges-de-la-universitat-pompeu-fabra\/\" \/>\n<meta property=\"og:site_name\" content=\"Sindicatura de Greuges de Barcelona\" \/>\n<meta property=\"article:published_time\" content=\"2026-06-02T10:35:52+00:00\" \/>\n<meta property=\"article:modified_time\" content=\"2026-06-02T10:41:42+00:00\" \/>\n<meta property=\"og:image\" content=\"https:\/\/www.sindicaturabarcelona.cat\/wp-content\/uploads\/55285182112_1497ff443e_k.jpg\" \/>\n\t<meta property=\"og:image:width\" content=\"2047\" \/>\n\t<meta property=\"og:image:height\" content=\"1365\" \/>\n\t<meta property=\"og:image:type\" content=\"image\/jpeg\" \/>\n<meta name=\"author\" content=\"Pablo\" \/>\n<meta name=\"twitter:card\" content=\"summary_large_image\" \/>\n<meta name=\"twitter:creator\" content=\"@sindicbarcelona\" \/>\n<meta name=\"twitter:site\" content=\"@sindicbarcelona\" \/>\n<meta name=\"twitter:label1\" content=\"Escrito por\" \/>\n\t<meta name=\"twitter:data1\" content=\"Pablo\" \/>\n\t<meta name=\"twitter:label2\" content=\"Tiempo de lectura\" \/>\n\t<meta name=\"twitter:data2\" content=\"3 minutos\" \/>\n<script type=\"application\/ld+json\" class=\"yoast-schema-graph\">{\"@context\":\"https:\\\/\\\/schema.org\",\"@graph\":[{\"@type\":\"Article\",\"@id\":\"https:\\\/\\\/www.sindicaturabarcelona.cat\\\/es\\\/el-sindic-de-barcelona-participa-en-el-30o-aniversario-del-sindic-de-greuges-de-la-universitat-pompeu-fabra\\\/#article\",\"isPartOf\":{\"@id\":\"https:\\\/\\\/www.sindicaturabarcelona.cat\\\/es\\\/el-sindic-de-barcelona-participa-en-el-30o-aniversario-del-sindic-de-greuges-de-la-universitat-pompeu-fabra\\\/\"},\"author\":{\"name\":\"Pablo\",\"@id\":\"https:\\\/\\\/www.sindicaturabarcelona.cat\\\/es\\\/#\\\/schema\\\/person\\\/0e5acffc350ffdbc97578159322c9452\"},\"headline\":\"El s\u00edndic de Barcelona participa en el 30\u00ba aniversario del S\u00edndic de Greuges de la Universitat Pompeu Fabra\",\"datePublished\":\"2026-06-02T10:35:52+00:00\",\"dateModified\":\"2026-06-02T10:41:42+00:00\",\"mainEntityOfPage\":{\"@id\":\"https:\\\/\\\/www.sindicaturabarcelona.cat\\\/es\\\/el-sindic-de-barcelona-participa-en-el-30o-aniversario-del-sindic-de-greuges-de-la-universitat-pompeu-fabra\\\/\"},\"wordCount\":404,\"publisher\":{\"@id\":\"https:\\\/\\\/www.sindicaturabarcelona.cat\\\/es\\\/#organization\"},\"image\":{\"@id\":\"https:\\\/\\\/www.sindicaturabarcelona.cat\\\/es\\\/el-sindic-de-barcelona-participa-en-el-30o-aniversario-del-sindic-de-greuges-de-la-universitat-pompeu-fabra\\\/#primaryimage\"},\"thumbnailUrl\":\"https:\\\/\\\/www.sindicaturabarcelona.cat\\\/wp-content\\\/uploads\\\/55285182112_1497ff443e_k.jpg\",\"inLanguage\":\"es\"},{\"@type\":\"WebPage\",\"@id\":\"https:\\\/\\\/www.sindicaturabarcelona.cat\\\/es\\\/el-sindic-de-barcelona-participa-en-el-30o-aniversario-del-sindic-de-greuges-de-la-universitat-pompeu-fabra\\\/\",\"url\":\"https:\\\/\\\/www.sindicaturabarcelona.cat\\\/es\\\/el-sindic-de-barcelona-participa-en-el-30o-aniversario-del-sindic-de-greuges-de-la-universitat-pompeu-fabra\\\/\",\"name\":\"El s\u00edndic de Barcelona participa en el 30\u00ba aniversario del S\u00edndic de Greuges de la Universitat Pompeu Fabra - Sindicatura de Greuges de Barcelona\",\"isPartOf\":{\"@id\":\"https:\\\/\\\/www.sindicaturabarcelona.cat\\\/es\\\/#website\"},\"primaryImageOfPage\":{\"@id\":\"https:\\\/\\\/www.sindicaturabarcelona.cat\\\/es\\\/el-sindic-de-barcelona-participa-en-el-30o-aniversario-del-sindic-de-greuges-de-la-universitat-pompeu-fabra\\\/#primaryimage\"},\"image\":{\"@id\":\"https:\\\/\\\/www.sindicaturabarcelona.cat\\\/es\\\/el-sindic-de-barcelona-participa-en-el-30o-aniversario-del-sindic-de-greuges-de-la-universitat-pompeu-fabra\\\/#primaryimage\"},\"thumbnailUrl\":\"https:\\\/\\\/www.sindicaturabarcelona.cat\\\/wp-content\\\/uploads\\\/55285182112_1497ff443e_k.jpg\",\"datePublished\":\"2026-06-02T10:35:52+00:00\",\"dateModified\":\"2026-06-02T10:41:42+00:00\",\"description\":\"Durante la mesa de debate \u201cS\u00edndics y defensores en di\u00e1logo: escuchar, mediar, defender\u201d, el s\u00edndic de greuges de Barcelona, David Bondia, ha tenido un papel destacado poniendo el foco en la labor de proximidad y en las actuaciones de oficio de la Sindicatura.\",\"breadcrumb\":{\"@id\":\"https:\\\/\\\/www.sindicaturabarcelona.cat\\\/es\\\/el-sindic-de-barcelona-participa-en-el-30o-aniversario-del-sindic-de-greuges-de-la-universitat-pompeu-fabra\\\/#breadcrumb\"},\"inLanguage\":\"es\",\"potentialAction\":[{\"@type\":\"ReadAction\",\"target\":[\"https:\\\/\\\/www.sindicaturabarcelona.cat\\\/es\\\/el-sindic-de-barcelona-participa-en-el-30o-aniversario-del-sindic-de-greuges-de-la-universitat-pompeu-fabra\\\/\"]}]},{\"@type\":\"ImageObject\",\"inLanguage\":\"es\",\"@id\":\"https:\\\/\\\/www.sindicaturabarcelona.cat\\\/es\\\/el-sindic-de-barcelona-participa-en-el-30o-aniversario-del-sindic-de-greuges-de-la-universitat-pompeu-fabra\\\/#primaryimage\",\"url\":\"https:\\\/\\\/www.sindicaturabarcelona.cat\\\/wp-content\\\/uploads\\\/55285182112_1497ff443e_k.jpg\",\"contentUrl\":\"https:\\\/\\\/www.sindicaturabarcelona.cat\\\/wp-content\\\/uploads\\\/55285182112_1497ff443e_k.jpg\",\"width\":2047,\"height\":1365},{\"@type\":\"BreadcrumbList\",\"@id\":\"https:\\\/\\\/www.sindicaturabarcelona.cat\\\/es\\\/el-sindic-de-barcelona-participa-en-el-30o-aniversario-del-sindic-de-greuges-de-la-universitat-pompeu-fabra\\\/#breadcrumb\",\"itemListElement\":[{\"@type\":\"ListItem\",\"position\":1,\"name\":\"Inici\",\"item\":\"https:\\\/\\\/www.sindicaturabarcelona.cat\\\/es\\\/\"},{\"@type\":\"ListItem\",\"position\":2,\"name\":\"El s\u00edndic de Barcelona participa en el 30\u00ba aniversario del S\u00edndic de Greuges de la Universitat Pompeu Fabra\"}]},{\"@type\":\"WebSite\",\"@id\":\"https:\\\/\\\/www.sindicaturabarcelona.cat\\\/es\\\/#website\",\"url\":\"https:\\\/\\\/www.sindicaturabarcelona.cat\\\/es\\\/\",\"name\":\"Sindicatura de Greuges de Barcelona\",\"description\":\"La defensoria dels teus drets\",\"publisher\":{\"@id\":\"https:\\\/\\\/www.sindicaturabarcelona.cat\\\/es\\\/#organization\"},\"potentialAction\":[{\"@type\":\"SearchAction\",\"target\":{\"@type\":\"EntryPoint\",\"urlTemplate\":\"https:\\\/\\\/www.sindicaturabarcelona.cat\\\/es\\\/?s={search_term_string}\"},\"query-input\":{\"@type\":\"PropertyValueSpecification\",\"valueRequired\":true,\"valueName\":\"search_term_string\"}}],\"inLanguage\":\"es\"},{\"@type\":\"Organization\",\"@id\":\"https:\\\/\\\/www.sindicaturabarcelona.cat\\\/es\\\/#organization\",\"name\":\"Sindicatura de Greuges de Barcelona\",\"url\":\"https:\\\/\\\/www.sindicaturabarcelona.cat\\\/es\\\/\",\"logo\":{\"@type\":\"ImageObject\",\"inLanguage\":\"es\",\"@id\":\"https:\\\/\\\/www.sindicaturabarcelona.cat\\\/es\\\/#\\\/schema\\\/logo\\\/image\\\/\",\"url\":\"https:\\\/\\\/www.sindicaturabarcelona.cat\\\/wp-content\\\/uploads\\\/2023\\\/02\\\/logo_sindicatura.svg\",\"contentUrl\":\"https:\\\/\\\/www.sindicaturabarcelona.cat\\\/wp-content\\\/uploads\\\/2023\\\/02\\\/logo_sindicatura.svg\",\"caption\":\"Sindicatura de Greuges de Barcelona\"},\"image\":{\"@id\":\"https:\\\/\\\/www.sindicaturabarcelona.cat\\\/es\\\/#\\\/schema\\\/logo\\\/image\\\/\"},\"sameAs\":[\"https:\\\/\\\/x.com\\\/sindicbarcelona\",\"https:\\\/\\\/www.instagram.com\\\/sindicbarcelona\\\/\",\"https:\\\/\\\/www.tiktok.com\\\/@sindicaturabcn\",\"https:\\\/\\\/t.me\\\/sindicaturabarcelona\"]},{\"@type\":\"Person\",\"@id\":\"https:\\\/\\\/www.sindicaturabarcelona.cat\\\/es\\\/#\\\/schema\\\/person\\\/0e5acffc350ffdbc97578159322c9452\",\"name\":\"Pablo\",\"image\":{\"@type\":\"ImageObject\",\"inLanguage\":\"es\",\"@id\":\"https:\\\/\\\/secure.gravatar.com\\\/avatar\\\/c948169b402ef9492afde705c3dfd5e90e1a6a84ef6840a91124f805a25a480f?s=96&d=mm&r=g\",\"url\":\"https:\\\/\\\/secure.gravatar.com\\\/avatar\\\/c948169b402ef9492afde705c3dfd5e90e1a6a84ef6840a91124f805a25a480f?s=96&d=mm&r=g\",\"contentUrl\":\"https:\\\/\\\/secure.gravatar.com\\\/avatar\\\/c948169b402ef9492afde705c3dfd5e90e1a6a84ef6840a91124f805a25a480f?s=96&d=mm&r=g\",\"caption\":\"Pablo\"},\"url\":\"https:\\\/\\\/www.sindicaturabarcelona.cat\\\/es\\\/author\\\/pablo\\\/\"}]}<\/script>\n<!-- \/ Yoast SEO plugin. -->","yoast_head_json":{"title":"El s\u00edndic de Barcelona participa en el 30\u00ba aniversario del S\u00edndic de Greuges de la Universitat Pompeu Fabra - Sindicatura de Greuges de Barcelona","description":"Durante la mesa de debate \u201cS\u00edndics y defensores en di\u00e1logo: escuchar, mediar, defender\u201d, el s\u00edndic de greuges de Barcelona, David Bondia, ha tenido un papel destacado poniendo el foco en la labor de proximidad y en las actuaciones de oficio de la Sindicatura.","robots":{"index":"index","follow":"follow","max-snippet":"max-snippet:-1","max-image-preview":"max-image-preview:large","max-video-preview":"max-video-preview:-1"},"canonical":"https:\/\/www.sindicaturabarcelona.cat\/es\/el-sindic-de-barcelona-participa-en-el-30o-aniversario-del-sindic-de-greuges-de-la-universitat-pompeu-fabra\/","og_locale":"es_ES","og_type":"article","og_title":"El s\u00edndic de Barcelona participa en el 30\u00ba aniversario del S\u00edndic de Greuges de la Universitat Pompeu Fabra - Sindicatura de Greuges de Barcelona","og_description":"Durante la mesa de debate \u201cS\u00edndics y defensores en di\u00e1logo: escuchar, mediar, defender\u201d, el s\u00edndic de greuges de Barcelona, David Bondia, ha tenido un papel destacado poniendo el foco en la labor de proximidad y en las actuaciones de oficio de la Sindicatura.","og_url":"https:\/\/www.sindicaturabarcelona.cat\/es\/el-sindic-de-barcelona-participa-en-el-30o-aniversario-del-sindic-de-greuges-de-la-universitat-pompeu-fabra\/","og_site_name":"Sindicatura de Greuges de Barcelona","article_published_time":"2026-06-02T10:35:52+00:00","article_modified_time":"2026-06-02T10:41:42+00:00","og_image":[{"width":2047,"height":1365,"url":"https:\/\/www.sindicaturabarcelona.cat\/wp-content\/uploads\/55285182112_1497ff443e_k.jpg","type":"image\/jpeg"}],"author":"Pablo","twitter_card":"summary_large_image","twitter_creator":"@sindicbarcelona","twitter_site":"@sindicbarcelona","twitter_misc":{"Escrito por":"Pablo","Tiempo de lectura":"3 minutos"},"schema":{"@context":"https:\/\/schema.org","@graph":[{"@type":"Article","@id":"https:\/\/www.sindicaturabarcelona.cat\/es\/el-sindic-de-barcelona-participa-en-el-30o-aniversario-del-sindic-de-greuges-de-la-universitat-pompeu-fabra\/#article","isPartOf":{"@id":"https:\/\/www.sindicaturabarcelona.cat\/es\/el-sindic-de-barcelona-participa-en-el-30o-aniversario-del-sindic-de-greuges-de-la-universitat-pompeu-fabra\/"},"author":{"name":"Pablo","@id":"https:\/\/www.sindicaturabarcelona.cat\/es\/#\/schema\/person\/0e5acffc350ffdbc97578159322c9452"},"headline":"El s\u00edndic de Barcelona participa en el 30\u00ba aniversario del S\u00edndic de Greuges de la Universitat Pompeu Fabra","datePublished":"2026-06-02T10:35:52+00:00","dateModified":"2026-06-02T10:41:42+00:00","mainEntityOfPage":{"@id":"https:\/\/www.sindicaturabarcelona.cat\/es\/el-sindic-de-barcelona-participa-en-el-30o-aniversario-del-sindic-de-greuges-de-la-universitat-pompeu-fabra\/"},"wordCount":404,"publisher":{"@id":"https:\/\/www.sindicaturabarcelona.cat\/es\/#organization"},"image":{"@id":"https:\/\/www.sindicaturabarcelona.cat\/es\/el-sindic-de-barcelona-participa-en-el-30o-aniversario-del-sindic-de-greuges-de-la-universitat-pompeu-fabra\/#primaryimage"},"thumbnailUrl":"https:\/\/www.sindicaturabarcelona.cat\/wp-content\/uploads\/55285182112_1497ff443e_k.jpg","inLanguage":"es"},{"@type":"WebPage","@id":"https:\/\/www.sindicaturabarcelona.cat\/es\/el-sindic-de-barcelona-participa-en-el-30o-aniversario-del-sindic-de-greuges-de-la-universitat-pompeu-fabra\/","url":"https:\/\/www.sindicaturabarcelona.cat\/es\/el-sindic-de-barcelona-participa-en-el-30o-aniversario-del-sindic-de-greuges-de-la-universitat-pompeu-fabra\/","name":"El s\u00edndic de Barcelona participa en el 30\u00ba aniversario del S\u00edndic de Greuges de la Universitat Pompeu Fabra - Sindicatura de Greuges de Barcelona","isPartOf":{"@id":"https:\/\/www.sindicaturabarcelona.cat\/es\/#website"},"primaryImageOfPage":{"@id":"https:\/\/www.sindicaturabarcelona.cat\/es\/el-sindic-de-barcelona-participa-en-el-30o-aniversario-del-sindic-de-greuges-de-la-universitat-pompeu-fabra\/#primaryimage"},"image":{"@id":"https:\/\/www.sindicaturabarcelona.cat\/es\/el-sindic-de-barcelona-participa-en-el-30o-aniversario-del-sindic-de-greuges-de-la-universitat-pompeu-fabra\/#primaryimage"},"thumbnailUrl":"https:\/\/www.sindicaturabarcelona.cat\/wp-content\/uploads\/55285182112_1497ff443e_k.jpg","datePublished":"2026-06-02T10:35:52+00:00","dateModified":"2026-06-02T10:41:42+00:00","description":"Durante la mesa de debate \u201cS\u00edndics y defensores en di\u00e1logo: escuchar, mediar, defender\u201d, el s\u00edndic de greuges de Barcelona, David Bondia, ha tenido un papel destacado poniendo el foco en la labor de proximidad y en las actuaciones de oficio de la Sindicatura.","breadcrumb":{"@id":"https:\/\/www.sindicaturabarcelona.cat\/es\/el-sindic-de-barcelona-participa-en-el-30o-aniversario-del-sindic-de-greuges-de-la-universitat-pompeu-fabra\/#breadcrumb"},"inLanguage":"es","potentialAction":[{"@type":"ReadAction","target":["https:\/\/www.sindicaturabarcelona.cat\/es\/el-sindic-de-barcelona-participa-en-el-30o-aniversario-del-sindic-de-greuges-de-la-universitat-pompeu-fabra\/"]}]},{"@type":"ImageObject","inLanguage":"es","@id":"https:\/\/www.sindicaturabarcelona.cat\/es\/el-sindic-de-barcelona-participa-en-el-30o-aniversario-del-sindic-de-greuges-de-la-universitat-pompeu-fabra\/#primaryimage","url":"https:\/\/www.sindicaturabarcelona.cat\/wp-content\/uploads\/55285182112_1497ff443e_k.jpg","contentUrl":"https:\/\/www.sindicaturabarcelona.cat\/wp-content\/uploads\/55285182112_1497ff443e_k.jpg","width":2047,"height":1365},{"@type":"BreadcrumbList","@id":"https:\/\/www.sindicaturabarcelona.cat\/es\/el-sindic-de-barcelona-participa-en-el-30o-aniversario-del-sindic-de-greuges-de-la-universitat-pompeu-fabra\/#breadcrumb","itemListElement":[{"@type":"ListItem","position":1,"name":"Inici","item":"https:\/\/www.sindicaturabarcelona.cat\/es\/"},{"@type":"ListItem","position":2,"name":"El s\u00edndic de Barcelona participa en el 30\u00ba aniversario del S\u00edndic de Greuges de la Universitat Pompeu Fabra"}]},{"@type":"WebSite","@id":"https:\/\/www.sindicaturabarcelona.cat\/es\/#website","url":"https:\/\/www.sindicaturabarcelona.cat\/es\/","name":"Sindicatura de Greuges de Barcelona","description":"La defensoria dels teus drets","publisher":{"@id":"https:\/\/www.sindicaturabarcelona.cat\/es\/#organization"},"potentialAction":[{"@type":"SearchAction","target":{"@type":"EntryPoint","urlTemplate":"https:\/\/www.sindicaturabarcelona.cat\/es\/?s={search_term_string}"},"query-input":{"@type":"PropertyValueSpecification","valueRequired":true,"valueName":"search_term_string"}}],"inLanguage":"es"},{"@type":"Organization","@id":"https:\/\/www.sindicaturabarcelona.cat\/es\/#organization","name":"Sindicatura de Greuges de Barcelona","url":"https:\/\/www.sindicaturabarcelona.cat\/es\/","logo":{"@type":"ImageObject","inLanguage":"es","@id":"https:\/\/www.sindicaturabarcelona.cat\/es\/#\/schema\/logo\/image\/","url":"https:\/\/www.sindicaturabarcelona.cat\/wp-content\/uploads\/2023\/02\/logo_sindicatura.svg","contentUrl":"https:\/\/www.sindicaturabarcelona.cat\/wp-content\/uploads\/2023\/02\/logo_sindicatura.svg","caption":"Sindicatura de Greuges de Barcelona"},"image":{"@id":"https:\/\/www.sindicaturabarcelona.cat\/es\/#\/schema\/logo\/image\/"},"sameAs":["https:\/\/x.com\/sindicbarcelona","https:\/\/www.instagram.com\/sindicbarcelona\/","https:\/\/www.tiktok.com\/@sindicaturabcn","https:\/\/t.me\/sindicaturabarcelona"]},{"@type":"Person","@id":"https:\/\/www.sindicaturabarcelona.cat\/es\/#\/schema\/person\/0e5acffc350ffdbc97578159322c9452","name":"Pablo","image":{"@type":"ImageObject","inLanguage":"es","@id":"https:\/\/secure.gravatar.com\/avatar\/c948169b402ef9492afde705c3dfd5e90e1a6a84ef6840a91124f805a25a480f?s=96&d=mm&r=g","url":"https:\/\/secure.gravatar.com\/avatar\/c948169b402ef9492afde705c3dfd5e90e1a6a84ef6840a91124f805a25a480f?s=96&d=mm&r=g","contentUrl":"https:\/\/secure.gravatar.com\/avatar\/c948169b402ef9492afde705c3dfd5e90e1a6a84ef6840a91124f805a25a480f?s=96&d=mm&r=g","caption":"Pablo"},"url":"https:\/\/www.sindicaturabarcelona.cat\/es\/author\/pablo\/"}]}},"_links":{"self":[{"href":"https:\/\/www.sindicaturabarcelona.cat\/es\/wp-json\/wp\/v2\/posts\/42910","targetHints":{"allow":["GET"]}}],"collection":[{"href":"https:\/\/www.sindicaturabarcelona.cat\/es\/wp-json\/wp\/v2\/posts"}],"about":[{"href":"https:\/\/www.sindicaturabarcelona.cat\/es\/wp-json\/wp\/v2\/types\/post"}],"author":[{"embeddable":true,"href":"https:\/\/www.sindicaturabarcelona.cat\/es\/wp-json\/wp\/v2\/users\/2"}],"replies":[{"embeddable":true,"href":"https:\/\/www.sindicaturabarcelona.cat\/es\/wp-json\/wp\/v2\/comments?post=42910"}],"version-history":[{"count":1,"href":"https:\/\/www.sindicaturabarcelona.cat\/es\/wp-json\/wp\/v2\/posts\/42910\/revisions"}],"predecessor-version":[{"id":42911,"href":"https:\/\/www.sindicaturabarcelona.cat\/es\/wp-json\/wp\/v2\/posts\/42910\/revisions\/42911"}],"wp:featuredmedia":[{"embeddable":true,"href":"https:\/\/www.sindicaturabarcelona.cat\/es\/wp-json\/wp\/v2\/media\/42908"}],"wp:attachment":[{"href":"https:\/\/www.sindicaturabarcelona.cat\/es\/wp-json\/wp\/v2\/media?parent=42910"}],"wp:term":[{"taxonomy":"post_tag","embeddable":true,"href":"https:\/\/www.sindicaturabarcelona.cat\/es\/wp-json\/wp\/v2\/tags?post=42910"},{"taxonomy":"drets","embeddable":true,"href":"https:\/\/www.sindicaturabarcelona.cat\/es\/wp-json\/wp\/v2\/drets?post=42910"}],"curies":[{"name":"wp","href":"https:\/\/api.w.org\/{rel}","templated":true}]}}