{"id":42778,"date":"2026-05-21T11:28:12","date_gmt":"2026-05-21T09:28:12","guid":{"rendered":"https:\/\/www.sindicaturabarcelona.cat\/?p=42778"},"modified":"2026-05-26T14:27:21","modified_gmt":"2026-05-26T12:27:21","slug":"dos-candidaturas-optan-al-cargo-de-sindic-o-sindica-de-greuges-de-barcelona-para-el-periodo-2026-2031","status":"publish","type":"post","link":"https:\/\/www.sindicaturabarcelona.cat\/es\/dos-candidaturas-optan-al-cargo-de-sindic-o-sindica-de-greuges-de-barcelona-para-el-periodo-2026-2031\/","title":{"rendered":"Dos candidaturas optan al cargo de s\u00edndic o s\u00edndica de greuges de Barcelona para el per\u00edodo 2026-2031"},"content":{"rendered":"\n<h2 class=\"wp-block-heading\"><strong>Las entidades de la ciudad han elevado dos propuestas: David Bondia, actual s\u00edndic de greuges de Barcelona, y Gemma Calvet, abogada y consultora.<\/strong><\/h2>\n\n\n\n<h2 class=\"wp-block-heading\"><strong>El proceso de elecci\u00f3n continuar\u00e1 en el mes de junio con la fase de recogida de apoyos de ciudadan\u00eda y entidades mediante la plataforma Decidim.Barcelona y diversos puntos presenciales.<\/strong><\/h2>\n\n\n\n<p><strong>Barcelona, 21 de mayo de 2026 &#8211;<\/strong> Entre el 16 de marzo y el 18 de mayo, las entidades inscritas en el Registro de Entidades Municipales del Ayuntamiento de Barcelona han presentado dos candidaturas para ocupar el cargo de s\u00edndic o s\u00edndica de greuges de Barcelona para el per\u00edodo 2026-2031: <strong>David Bondia<\/strong>, actual s\u00edndic de greuges de Barcelona, y <strong>Gemma Calvet<\/strong>, abogada y consultora.<\/p>\n\n\n\n<p><strong>Entre el 1 y el 30 de junio tendr\u00e1 lugar la fase de apoyos, en la que la ciudadan\u00eda a t\u00edtulo individual y tambi\u00e9n las entidades podr\u00e1n apoyar <\/strong>alguna de las candidaturas mediante la plataforma de participaci\u00f3n <a href=\"https:\/\/www.decidim.barcelona\/processes\/eleccionsindicaturaBCN\" target=\"_blank\" rel=\"noreferrer noopener\">Decidim.Barcelona<\/a>. <strong>Este proceso participativo, de car\u00e1cter no vinculante, est\u00e1 dirigido a las personas empadronadas en Barcelona a partir de los 16 a\u00f1os y a las entidades inscritas en el Registro de Entidades Municipales.<\/strong><\/p>\n\n\n\n<p>Con el objetivo de facilitar la participaci\u00f3n, durante el mes de junio el Ayuntamiento tambi\u00e9n habilitar\u00e1 <strong>puntos de acompa\u00f1amiento presencial <\/strong>en los diez distritos de la ciudad para informar y orientar a la ciudadan\u00eda y a las entidades sobre el funcionamiento de la fase de recogida de apoyos.<\/p>\n\n\n\n<p>Una vez culminado este proceso participativo del mes de junio, y despu\u00e9s de haber escuchado a los grupos municipales, la Alcald\u00eda elevar\u00e1 al Plenario del Consejo Municipal la propuesta de nombramiento del s\u00edndic o de la s\u00edndica de greuges de Barcelona para el per\u00edodo 2026-2031, de acuerdo con lo establecido en el art\u00edculo 143.4 de la Carta Municipal de Barcelona.<\/p>\n\n\n\n<h2 class=\"wp-block-heading\"><strong>Las dos candidaturas<\/strong><\/h2>\n\n\n\n<p><strong>David Bondia<\/strong><\/p>\n\n\n\n<p>Se trata del actual s\u00edndic de greuges de Barcelona y, por tanto, opta a su reelecci\u00f3n, de momento con el apoyo de 50 entidades de la ciudad. Tambi\u00e9n es presidente de la Alianza Global del Ombudsperson Local (AGOL), la red mundial de defensor\u00edas locales. Bondia tambi\u00e9n fue presidente del Institut de Drets Humans de Catalunya (IDHC) y del equipo de trabajo del Mecanisme Catal\u00e0 per a la Prevenci\u00f3 de la Tortura (MCPT), miembro del comit\u00e9 ejecutivo de la Xarxa EuroMed Rights, vicepresidente de la Estructura de Drets Humans de Catalunya y vocal del Consell Catal\u00e0 de Foment de la Pau. Asimismo, ha participado como experto en diversas misiones internacionales con la Uni\u00f3n Europea, la Agencia Espa\u00f1ola de Cooperaci\u00f3n Internacional para el Desarrollo (AECID), el Consejo de Europa y el Programa de las Naciones Unidas para el Desarrollo (PNUD).<\/p>\n\n\n\n<p>Bondia es profesor titular de derecho internacional p\u00fablico y relaciones internacionales en la Universitat de Barcelona (UB). Tambi\u00e9n ha participado en la redacci\u00f3n y adopci\u00f3n de la Carta Europea de Salvaguarda de Derechos Humanos en la Ciudad y del Pla de Drets Humans de Catalunya. Ha asesorado a sindicaturas locales en diversos municipios y al F\u00f2rum de S\u00edndics i S\u00edndiques, Defensors i Defensores Locals. Durante los \u00faltimos cinco a\u00f1os, como s\u00edndic de greuges de Barcelona, ha focalizado su actividad en los derechos y deberes en la ciudad y en los derechos humanos de proximidad.<\/p>\n\n\n\n<p><strong>Gemma Calvet<\/strong><\/p>\n\n\n\n<p>Jurista con m\u00e1s de treinta a\u00f1os de experiencia en la defensa de los derechos fundamentales, pol\u00edticas sociales, implicaci\u00f3n activa con el tercer sector y gesti\u00f3n directiva p\u00fablica y consultor\u00eda en buen gobierno y \u00e9tica. Calvet, que hasta ahora ha recibido el apoyo de tres entidades de la ciudad, ha formado parte de diversos organismos de participaci\u00f3n del Ayuntamiento de Barcelona y ha colaborado con la Comisi\u00f3n Europea, la Organizaci\u00f3n de Naciones Unidas (ONU) y la Organizaci\u00f3n para la Cooperaci\u00f3n y el Desarrollo Econ\u00f3micos (OCDE). Tambi\u00e9n ha sido directora de la Ag\u00e8ncia de Transpar\u00e8ncia del \u00c0rea Metropolitana de Barcelona (AMB), diputada y presidenta de la Comisi\u00f3n de Justicia y Derechos Humanos en el Parlament de Catalunya, miembro del Comit\u00e8 d\u2019\u00c8tica de la Policia de Catalunya en el departamento de Interior de la Generalitat de Catalunya, redactora en la elaboraci\u00f3n de la Carta de Derechos y Deberes de la Ciudadan\u00eda de Barcelona aprobada en 2010 por parte del Ayuntamiento y promotora y coordinadora del Programa Lorenzetti de buen gobierno vinculado a la ONU.<\/p>\n\n\n\n<p>Calvet tambi\u00e9n ha ejercido como docente de posgrado y m\u00e1ster en la Universitat Aut\u00f2noma de Barcelona (UAB), la Universitat de Barcelona (UB) o Esade. Actualmente, ejerce como abogada y consultora desde un despacho propio especializado en buena gobernanza, derechos humanos, integridad y \u00e9tica p\u00fablica, as\u00ed como apoyo a administraciones y organizaciones.<\/p>\n\n\n\n<p><strong><u><a href=\"https:\/\/prod.premsa.dtibcn.cat\/premsa\/wp-content\/uploads\/2026\/05\/Candidatures-entitats-fase-1-1.pdf\" target=\"_blank\" rel=\"noreferrer noopener\">En el siguiente enlace puede consultarse el listado de entidades que han dado apoyo hasta ahora a cada una de las dos candidaturas.<\/a><\/u><\/strong><\/p>\n","protected":false},"excerpt":{"rendered":"<p>Las entidades de la ciudad han elevado dos propuestas: David Bondia, actual s\u00edndic de greuges de Barcelona, y Gemma Calvet, abogada y consultora. El proceso de elecci\u00f3n continuar\u00e1 en el [&hellip;]<\/p>\n","protected":false},"author":2,"featured_media":42776,"comment_status":"closed","ping_status":"closed","sticky":false,"template":"","format":"standard","meta":{"_acf_changed":false,"footnotes":""},"tags":[1693],"drets":[],"class_list":["post-42778","post","type-post","status-publish","format-standard","has-post-thumbnail","hentry","tag-david-bondia"],"acf":[],"yoast_head":"<!-- This site is optimized with the Yoast SEO plugin v27.5 - https:\/\/yoast.com\/product\/yoast-seo-wordpress\/ -->\n<title>Dos candidaturas optan al cargo de s\u00edndic o s\u00edndica de greuges de Barcelona para el per\u00edodo 2026-2031 - Sindicatura de Greuges de Barcelona<\/title>\n<meta name=\"robots\" content=\"index, follow, max-snippet:-1, max-image-preview:large, max-video-preview:-1\" \/>\n<link rel=\"canonical\" href=\"https:\/\/www.sindicaturabarcelona.cat\/es\/dos-candidaturas-optan-al-cargo-de-sindic-o-sindica-de-greuges-de-barcelona-para-el-periodo-2026-2031\/\" \/>\n<meta property=\"og:locale\" content=\"es_ES\" \/>\n<meta property=\"og:type\" content=\"article\" \/>\n<meta property=\"og:title\" content=\"Dos candidaturas optan al cargo de s\u00edndic o s\u00edndica de greuges de Barcelona para el per\u00edodo 2026-2031 - Sindicatura de Greuges de Barcelona\" \/>\n<meta property=\"og:description\" content=\"Las entidades de la ciudad han elevado dos propuestas: David Bondia, actual s\u00edndic de greuges de Barcelona, y Gemma Calvet, abogada y consultora. El proceso de elecci\u00f3n continuar\u00e1 en el [&hellip;]\" \/>\n<meta property=\"og:url\" content=\"https:\/\/www.sindicaturabarcelona.cat\/es\/dos-candidaturas-optan-al-cargo-de-sindic-o-sindica-de-greuges-de-barcelona-para-el-periodo-2026-2031\/\" \/>\n<meta property=\"og:site_name\" content=\"Sindicatura de Greuges de Barcelona\" \/>\n<meta property=\"article:published_time\" content=\"2026-05-21T09:28:12+00:00\" \/>\n<meta property=\"article:modified_time\" content=\"2026-05-26T12:27:21+00:00\" \/>\n<meta property=\"og:image\" content=\"https:\/\/www.sindicaturabarcelona.cat\/wp-content\/uploads\/barcelona-scaled.jpg\" \/>\n\t<meta property=\"og:image:width\" content=\"2560\" \/>\n\t<meta property=\"og:image:height\" content=\"1707\" \/>\n\t<meta property=\"og:image:type\" content=\"image\/jpeg\" \/>\n<meta name=\"author\" content=\"Pablo\" \/>\n<meta name=\"twitter:card\" content=\"summary_large_image\" \/>\n<meta name=\"twitter:creator\" content=\"@sindicbarcelona\" \/>\n<meta name=\"twitter:site\" content=\"@sindicbarcelona\" \/>\n<meta name=\"twitter:label1\" content=\"Escrito por\" \/>\n\t<meta name=\"twitter:data1\" content=\"Pablo\" \/>\n\t<meta name=\"twitter:label2\" content=\"Tiempo de lectura\" \/>\n\t<meta name=\"twitter:data2\" content=\"5 minutos\" \/>\n<script type=\"application\/ld+json\" class=\"yoast-schema-graph\">{\"@context\":\"https:\\\/\\\/schema.org\",\"@graph\":[{\"@type\":\"Article\",\"@id\":\"https:\\\/\\\/www.sindicaturabarcelona.cat\\\/es\\\/dos-candidaturas-optan-al-cargo-de-sindic-o-sindica-de-greuges-de-barcelona-para-el-periodo-2026-2031\\\/#article\",\"isPartOf\":{\"@id\":\"https:\\\/\\\/www.sindicaturabarcelona.cat\\\/es\\\/dos-candidaturas-optan-al-cargo-de-sindic-o-sindica-de-greuges-de-barcelona-para-el-periodo-2026-2031\\\/\"},\"author\":{\"name\":\"Pablo\",\"@id\":\"https:\\\/\\\/www.sindicaturabarcelona.cat\\\/es\\\/#\\\/schema\\\/person\\\/0e5acffc350ffdbc97578159322c9452\"},\"headline\":\"Dos candidaturas optan al cargo de s\u00edndic o s\u00edndica de greuges de Barcelona para el per\u00edodo 2026-2031\",\"datePublished\":\"2026-05-21T09:28:12+00:00\",\"dateModified\":\"2026-05-26T12:27:21+00:00\",\"mainEntityOfPage\":{\"@id\":\"https:\\\/\\\/www.sindicaturabarcelona.cat\\\/es\\\/dos-candidaturas-optan-al-cargo-de-sindic-o-sindica-de-greuges-de-barcelona-para-el-periodo-2026-2031\\\/\"},\"wordCount\":855,\"publisher\":{\"@id\":\"https:\\\/\\\/www.sindicaturabarcelona.cat\\\/es\\\/#organization\"},\"image\":{\"@id\":\"https:\\\/\\\/www.sindicaturabarcelona.cat\\\/es\\\/dos-candidaturas-optan-al-cargo-de-sindic-o-sindica-de-greuges-de-barcelona-para-el-periodo-2026-2031\\\/#primaryimage\"},\"thumbnailUrl\":\"https:\\\/\\\/www.sindicaturabarcelona.cat\\\/wp-content\\\/uploads\\\/barcelona-scaled.jpg\",\"keywords\":[\"david bondia\"],\"inLanguage\":\"es\"},{\"@type\":\"WebPage\",\"@id\":\"https:\\\/\\\/www.sindicaturabarcelona.cat\\\/es\\\/dos-candidaturas-optan-al-cargo-de-sindic-o-sindica-de-greuges-de-barcelona-para-el-periodo-2026-2031\\\/\",\"url\":\"https:\\\/\\\/www.sindicaturabarcelona.cat\\\/es\\\/dos-candidaturas-optan-al-cargo-de-sindic-o-sindica-de-greuges-de-barcelona-para-el-periodo-2026-2031\\\/\",\"name\":\"Dos candidaturas optan al cargo de s\u00edndic o s\u00edndica de greuges de Barcelona para el per\u00edodo 2026-2031 - Sindicatura de Greuges de Barcelona\",\"isPartOf\":{\"@id\":\"https:\\\/\\\/www.sindicaturabarcelona.cat\\\/es\\\/#website\"},\"primaryImageOfPage\":{\"@id\":\"https:\\\/\\\/www.sindicaturabarcelona.cat\\\/es\\\/dos-candidaturas-optan-al-cargo-de-sindic-o-sindica-de-greuges-de-barcelona-para-el-periodo-2026-2031\\\/#primaryimage\"},\"image\":{\"@id\":\"https:\\\/\\\/www.sindicaturabarcelona.cat\\\/es\\\/dos-candidaturas-optan-al-cargo-de-sindic-o-sindica-de-greuges-de-barcelona-para-el-periodo-2026-2031\\\/#primaryimage\"},\"thumbnailUrl\":\"https:\\\/\\\/www.sindicaturabarcelona.cat\\\/wp-content\\\/uploads\\\/barcelona-scaled.jpg\",\"datePublished\":\"2026-05-21T09:28:12+00:00\",\"dateModified\":\"2026-05-26T12:27:21+00:00\",\"breadcrumb\":{\"@id\":\"https:\\\/\\\/www.sindicaturabarcelona.cat\\\/es\\\/dos-candidaturas-optan-al-cargo-de-sindic-o-sindica-de-greuges-de-barcelona-para-el-periodo-2026-2031\\\/#breadcrumb\"},\"inLanguage\":\"es\",\"potentialAction\":[{\"@type\":\"ReadAction\",\"target\":[\"https:\\\/\\\/www.sindicaturabarcelona.cat\\\/es\\\/dos-candidaturas-optan-al-cargo-de-sindic-o-sindica-de-greuges-de-barcelona-para-el-periodo-2026-2031\\\/\"]}]},{\"@type\":\"ImageObject\",\"inLanguage\":\"es\",\"@id\":\"https:\\\/\\\/www.sindicaturabarcelona.cat\\\/es\\\/dos-candidaturas-optan-al-cargo-de-sindic-o-sindica-de-greuges-de-barcelona-para-el-periodo-2026-2031\\\/#primaryimage\",\"url\":\"https:\\\/\\\/www.sindicaturabarcelona.cat\\\/wp-content\\\/uploads\\\/barcelona-scaled.jpg\",\"contentUrl\":\"https:\\\/\\\/www.sindicaturabarcelona.cat\\\/wp-content\\\/uploads\\\/barcelona-scaled.jpg\",\"width\":2560,\"height\":1707},{\"@type\":\"BreadcrumbList\",\"@id\":\"https:\\\/\\\/www.sindicaturabarcelona.cat\\\/es\\\/dos-candidaturas-optan-al-cargo-de-sindic-o-sindica-de-greuges-de-barcelona-para-el-periodo-2026-2031\\\/#breadcrumb\",\"itemListElement\":[{\"@type\":\"ListItem\",\"position\":1,\"name\":\"Inici\",\"item\":\"https:\\\/\\\/www.sindicaturabarcelona.cat\\\/es\\\/\"},{\"@type\":\"ListItem\",\"position\":2,\"name\":\"Dos candidaturas optan al cargo de s\u00edndic o s\u00edndica de greuges de Barcelona para el per\u00edodo 2026-2031\"}]},{\"@type\":\"WebSite\",\"@id\":\"https:\\\/\\\/www.sindicaturabarcelona.cat\\\/es\\\/#website\",\"url\":\"https:\\\/\\\/www.sindicaturabarcelona.cat\\\/es\\\/\",\"name\":\"Sindicatura de Greuges de Barcelona\",\"description\":\"La defensoria dels teus drets\",\"publisher\":{\"@id\":\"https:\\\/\\\/www.sindicaturabarcelona.cat\\\/es\\\/#organization\"},\"potentialAction\":[{\"@type\":\"SearchAction\",\"target\":{\"@type\":\"EntryPoint\",\"urlTemplate\":\"https:\\\/\\\/www.sindicaturabarcelona.cat\\\/es\\\/?s={search_term_string}\"},\"query-input\":{\"@type\":\"PropertyValueSpecification\",\"valueRequired\":true,\"valueName\":\"search_term_string\"}}],\"inLanguage\":\"es\"},{\"@type\":\"Organization\",\"@id\":\"https:\\\/\\\/www.sindicaturabarcelona.cat\\\/es\\\/#organization\",\"name\":\"Sindicatura de Greuges de Barcelona\",\"url\":\"https:\\\/\\\/www.sindicaturabarcelona.cat\\\/es\\\/\",\"logo\":{\"@type\":\"ImageObject\",\"inLanguage\":\"es\",\"@id\":\"https:\\\/\\\/www.sindicaturabarcelona.cat\\\/es\\\/#\\\/schema\\\/logo\\\/image\\\/\",\"url\":\"https:\\\/\\\/www.sindicaturabarcelona.cat\\\/wp-content\\\/uploads\\\/2023\\\/02\\\/logo_sindicatura.svg\",\"contentUrl\":\"https:\\\/\\\/www.sindicaturabarcelona.cat\\\/wp-content\\\/uploads\\\/2023\\\/02\\\/logo_sindicatura.svg\",\"caption\":\"Sindicatura de Greuges de Barcelona\"},\"image\":{\"@id\":\"https:\\\/\\\/www.sindicaturabarcelona.cat\\\/es\\\/#\\\/schema\\\/logo\\\/image\\\/\"},\"sameAs\":[\"https:\\\/\\\/x.com\\\/sindicbarcelona\",\"https:\\\/\\\/www.instagram.com\\\/sindicbarcelona\\\/\",\"https:\\\/\\\/www.tiktok.com\\\/@sindicaturabcn\",\"https:\\\/\\\/t.me\\\/sindicaturabarcelona\"]},{\"@type\":\"Person\",\"@id\":\"https:\\\/\\\/www.sindicaturabarcelona.cat\\\/es\\\/#\\\/schema\\\/person\\\/0e5acffc350ffdbc97578159322c9452\",\"name\":\"Pablo\",\"image\":{\"@type\":\"ImageObject\",\"inLanguage\":\"es\",\"@id\":\"https:\\\/\\\/secure.gravatar.com\\\/avatar\\\/c948169b402ef9492afde705c3dfd5e90e1a6a84ef6840a91124f805a25a480f?s=96&d=mm&r=g\",\"url\":\"https:\\\/\\\/secure.gravatar.com\\\/avatar\\\/c948169b402ef9492afde705c3dfd5e90e1a6a84ef6840a91124f805a25a480f?s=96&d=mm&r=g\",\"contentUrl\":\"https:\\\/\\\/secure.gravatar.com\\\/avatar\\\/c948169b402ef9492afde705c3dfd5e90e1a6a84ef6840a91124f805a25a480f?s=96&d=mm&r=g\",\"caption\":\"Pablo\"},\"url\":\"https:\\\/\\\/www.sindicaturabarcelona.cat\\\/es\\\/author\\\/pablo\\\/\"}]}<\/script>\n<!-- \/ Yoast SEO plugin. -->","yoast_head_json":{"title":"Dos candidaturas optan al cargo de s\u00edndic o s\u00edndica de greuges de Barcelona para el per\u00edodo 2026-2031 - Sindicatura de Greuges de Barcelona","robots":{"index":"index","follow":"follow","max-snippet":"max-snippet:-1","max-image-preview":"max-image-preview:large","max-video-preview":"max-video-preview:-1"},"canonical":"https:\/\/www.sindicaturabarcelona.cat\/es\/dos-candidaturas-optan-al-cargo-de-sindic-o-sindica-de-greuges-de-barcelona-para-el-periodo-2026-2031\/","og_locale":"es_ES","og_type":"article","og_title":"Dos candidaturas optan al cargo de s\u00edndic o s\u00edndica de greuges de Barcelona para el per\u00edodo 2026-2031 - Sindicatura de Greuges de Barcelona","og_description":"Las entidades de la ciudad han elevado dos propuestas: David Bondia, actual s\u00edndic de greuges de Barcelona, y Gemma Calvet, abogada y consultora. El proceso de elecci\u00f3n continuar\u00e1 en el [&hellip;]","og_url":"https:\/\/www.sindicaturabarcelona.cat\/es\/dos-candidaturas-optan-al-cargo-de-sindic-o-sindica-de-greuges-de-barcelona-para-el-periodo-2026-2031\/","og_site_name":"Sindicatura de Greuges de Barcelona","article_published_time":"2026-05-21T09:28:12+00:00","article_modified_time":"2026-05-26T12:27:21+00:00","og_image":[{"width":2560,"height":1707,"url":"https:\/\/www.sindicaturabarcelona.cat\/wp-content\/uploads\/barcelona-scaled.jpg","type":"image\/jpeg"}],"author":"Pablo","twitter_card":"summary_large_image","twitter_creator":"@sindicbarcelona","twitter_site":"@sindicbarcelona","twitter_misc":{"Escrito por":"Pablo","Tiempo de lectura":"5 minutos"},"schema":{"@context":"https:\/\/schema.org","@graph":[{"@type":"Article","@id":"https:\/\/www.sindicaturabarcelona.cat\/es\/dos-candidaturas-optan-al-cargo-de-sindic-o-sindica-de-greuges-de-barcelona-para-el-periodo-2026-2031\/#article","isPartOf":{"@id":"https:\/\/www.sindicaturabarcelona.cat\/es\/dos-candidaturas-optan-al-cargo-de-sindic-o-sindica-de-greuges-de-barcelona-para-el-periodo-2026-2031\/"},"author":{"name":"Pablo","@id":"https:\/\/www.sindicaturabarcelona.cat\/es\/#\/schema\/person\/0e5acffc350ffdbc97578159322c9452"},"headline":"Dos candidaturas optan al cargo de s\u00edndic o s\u00edndica de greuges de Barcelona para el per\u00edodo 2026-2031","datePublished":"2026-05-21T09:28:12+00:00","dateModified":"2026-05-26T12:27:21+00:00","mainEntityOfPage":{"@id":"https:\/\/www.sindicaturabarcelona.cat\/es\/dos-candidaturas-optan-al-cargo-de-sindic-o-sindica-de-greuges-de-barcelona-para-el-periodo-2026-2031\/"},"wordCount":855,"publisher":{"@id":"https:\/\/www.sindicaturabarcelona.cat\/es\/#organization"},"image":{"@id":"https:\/\/www.sindicaturabarcelona.cat\/es\/dos-candidaturas-optan-al-cargo-de-sindic-o-sindica-de-greuges-de-barcelona-para-el-periodo-2026-2031\/#primaryimage"},"thumbnailUrl":"https:\/\/www.sindicaturabarcelona.cat\/wp-content\/uploads\/barcelona-scaled.jpg","keywords":["david bondia"],"inLanguage":"es"},{"@type":"WebPage","@id":"https:\/\/www.sindicaturabarcelona.cat\/es\/dos-candidaturas-optan-al-cargo-de-sindic-o-sindica-de-greuges-de-barcelona-para-el-periodo-2026-2031\/","url":"https:\/\/www.sindicaturabarcelona.cat\/es\/dos-candidaturas-optan-al-cargo-de-sindic-o-sindica-de-greuges-de-barcelona-para-el-periodo-2026-2031\/","name":"Dos candidaturas optan al cargo de s\u00edndic o s\u00edndica de greuges de Barcelona para el per\u00edodo 2026-2031 - Sindicatura de Greuges de Barcelona","isPartOf":{"@id":"https:\/\/www.sindicaturabarcelona.cat\/es\/#website"},"primaryImageOfPage":{"@id":"https:\/\/www.sindicaturabarcelona.cat\/es\/dos-candidaturas-optan-al-cargo-de-sindic-o-sindica-de-greuges-de-barcelona-para-el-periodo-2026-2031\/#primaryimage"},"image":{"@id":"https:\/\/www.sindicaturabarcelona.cat\/es\/dos-candidaturas-optan-al-cargo-de-sindic-o-sindica-de-greuges-de-barcelona-para-el-periodo-2026-2031\/#primaryimage"},"thumbnailUrl":"https:\/\/www.sindicaturabarcelona.cat\/wp-content\/uploads\/barcelona-scaled.jpg","datePublished":"2026-05-21T09:28:12+00:00","dateModified":"2026-05-26T12:27:21+00:00","breadcrumb":{"@id":"https:\/\/www.sindicaturabarcelona.cat\/es\/dos-candidaturas-optan-al-cargo-de-sindic-o-sindica-de-greuges-de-barcelona-para-el-periodo-2026-2031\/#breadcrumb"},"inLanguage":"es","potentialAction":[{"@type":"ReadAction","target":["https:\/\/www.sindicaturabarcelona.cat\/es\/dos-candidaturas-optan-al-cargo-de-sindic-o-sindica-de-greuges-de-barcelona-para-el-periodo-2026-2031\/"]}]},{"@type":"ImageObject","inLanguage":"es","@id":"https:\/\/www.sindicaturabarcelona.cat\/es\/dos-candidaturas-optan-al-cargo-de-sindic-o-sindica-de-greuges-de-barcelona-para-el-periodo-2026-2031\/#primaryimage","url":"https:\/\/www.sindicaturabarcelona.cat\/wp-content\/uploads\/barcelona-scaled.jpg","contentUrl":"https:\/\/www.sindicaturabarcelona.cat\/wp-content\/uploads\/barcelona-scaled.jpg","width":2560,"height":1707},{"@type":"BreadcrumbList","@id":"https:\/\/www.sindicaturabarcelona.cat\/es\/dos-candidaturas-optan-al-cargo-de-sindic-o-sindica-de-greuges-de-barcelona-para-el-periodo-2026-2031\/#breadcrumb","itemListElement":[{"@type":"ListItem","position":1,"name":"Inici","item":"https:\/\/www.sindicaturabarcelona.cat\/es\/"},{"@type":"ListItem","position":2,"name":"Dos candidaturas optan al cargo de s\u00edndic o s\u00edndica de greuges de Barcelona para el per\u00edodo 2026-2031"}]},{"@type":"WebSite","@id":"https:\/\/www.sindicaturabarcelona.cat\/es\/#website","url":"https:\/\/www.sindicaturabarcelona.cat\/es\/","name":"Sindicatura de Greuges de Barcelona","description":"La defensoria dels teus drets","publisher":{"@id":"https:\/\/www.sindicaturabarcelona.cat\/es\/#organization"},"potentialAction":[{"@type":"SearchAction","target":{"@type":"EntryPoint","urlTemplate":"https:\/\/www.sindicaturabarcelona.cat\/es\/?s={search_term_string}"},"query-input":{"@type":"PropertyValueSpecification","valueRequired":true,"valueName":"search_term_string"}}],"inLanguage":"es"},{"@type":"Organization","@id":"https:\/\/www.sindicaturabarcelona.cat\/es\/#organization","name":"Sindicatura de Greuges de Barcelona","url":"https:\/\/www.sindicaturabarcelona.cat\/es\/","logo":{"@type":"ImageObject","inLanguage":"es","@id":"https:\/\/www.sindicaturabarcelona.cat\/es\/#\/schema\/logo\/image\/","url":"https:\/\/www.sindicaturabarcelona.cat\/wp-content\/uploads\/2023\/02\/logo_sindicatura.svg","contentUrl":"https:\/\/www.sindicaturabarcelona.cat\/wp-content\/uploads\/2023\/02\/logo_sindicatura.svg","caption":"Sindicatura de Greuges de Barcelona"},"image":{"@id":"https:\/\/www.sindicaturabarcelona.cat\/es\/#\/schema\/logo\/image\/"},"sameAs":["https:\/\/x.com\/sindicbarcelona","https:\/\/www.instagram.com\/sindicbarcelona\/","https:\/\/www.tiktok.com\/@sindicaturabcn","https:\/\/t.me\/sindicaturabarcelona"]},{"@type":"Person","@id":"https:\/\/www.sindicaturabarcelona.cat\/es\/#\/schema\/person\/0e5acffc350ffdbc97578159322c9452","name":"Pablo","image":{"@type":"ImageObject","inLanguage":"es","@id":"https:\/\/secure.gravatar.com\/avatar\/c948169b402ef9492afde705c3dfd5e90e1a6a84ef6840a91124f805a25a480f?s=96&d=mm&r=g","url":"https:\/\/secure.gravatar.com\/avatar\/c948169b402ef9492afde705c3dfd5e90e1a6a84ef6840a91124f805a25a480f?s=96&d=mm&r=g","contentUrl":"https:\/\/secure.gravatar.com\/avatar\/c948169b402ef9492afde705c3dfd5e90e1a6a84ef6840a91124f805a25a480f?s=96&d=mm&r=g","caption":"Pablo"},"url":"https:\/\/www.sindicaturabarcelona.cat\/es\/author\/pablo\/"}]}},"_links":{"self":[{"href":"https:\/\/www.sindicaturabarcelona.cat\/es\/wp-json\/wp\/v2\/posts\/42778","targetHints":{"allow":["GET"]}}],"collection":[{"href":"https:\/\/www.sindicaturabarcelona.cat\/es\/wp-json\/wp\/v2\/posts"}],"about":[{"href":"https:\/\/www.sindicaturabarcelona.cat\/es\/wp-json\/wp\/v2\/types\/post"}],"author":[{"embeddable":true,"href":"https:\/\/www.sindicaturabarcelona.cat\/es\/wp-json\/wp\/v2\/users\/2"}],"replies":[{"embeddable":true,"href":"https:\/\/www.sindicaturabarcelona.cat\/es\/wp-json\/wp\/v2\/comments?post=42778"}],"version-history":[{"count":2,"href":"https:\/\/www.sindicaturabarcelona.cat\/es\/wp-json\/wp\/v2\/posts\/42778\/revisions"}],"predecessor-version":[{"id":42780,"href":"https:\/\/www.sindicaturabarcelona.cat\/es\/wp-json\/wp\/v2\/posts\/42778\/revisions\/42780"}],"wp:featuredmedia":[{"embeddable":true,"href":"https:\/\/www.sindicaturabarcelona.cat\/es\/wp-json\/wp\/v2\/media\/42776"}],"wp:attachment":[{"href":"https:\/\/www.sindicaturabarcelona.cat\/es\/wp-json\/wp\/v2\/media?parent=42778"}],"wp:term":[{"taxonomy":"post_tag","embeddable":true,"href":"https:\/\/www.sindicaturabarcelona.cat\/es\/wp-json\/wp\/v2\/tags?post=42778"},{"taxonomy":"drets","embeddable":true,"href":"https:\/\/www.sindicaturabarcelona.cat\/es\/wp-json\/wp\/v2\/drets?post=42778"}],"curies":[{"name":"wp","href":"https:\/\/api.w.org\/{rel}","templated":true}]}}