{"id":42399,"date":"2026-04-16T08:00:00","date_gmt":"2026-04-16T06:00:00","guid":{"rendered":"https:\/\/www.sindicaturabarcelona.cat\/?p=42399"},"modified":"2026-04-15T16:06:21","modified_gmt":"2026-04-15T14:06:21","slug":"la-sindicatura-insta-al-ayuntamiento-a-reforzar-la-limpieza-y-el-mantenimiento-de-los-jardines-rubio-i-lluch","status":"publish","type":"post","link":"https:\/\/www.sindicaturabarcelona.cat\/es\/la-sindicatura-insta-al-ayuntamiento-a-reforzar-la-limpieza-y-el-mantenimiento-de-los-jardines-rubio-i-lluch\/","title":{"rendered":"La Sindicatura insta al Ayuntamiento a reforzar la limpieza y el mantenimiento de los jardines Rubi\u00f3 i Lluch"},"content":{"rendered":"\n<h2 class=\"wp-block-heading\"><b>La defensor\u00eda recomienda al Distrito de Ciutat Vella impulsar un programa espec\u00edfico de conservaci\u00f3n del recinto patrimonial y reforzar la intervenci\u00f3n social para atender a las personas en situaci\u00f3n de sinhogarismo que frecuentan la zona<\/b><\/h2>\n\n<h2 class=\"wp-block-heading\"><b>El conjunto donde se ubican los jardines, que alberga la Biblioteca de Catalunya y el Institut d\u2019Estudis Catalans, est\u00e1 declarado bien cultural de inter\u00e9s nacional, lo que impone un deber estricto y prioritario de conservaci\u00f3n<\/b><\/h2>\n\n<p><p class=\"p1\">La Sindicatura de Greuges de Barcelona insta al Ayuntamiento de Barcelona, y en concreto al Distrito de Ciutat Vella, a reforzar la limpieza y el mantenimiento de los <b>jardines Rubi\u00f3 i Lluch<\/b>, que forman parte del conjunto patrimonial situado en el antiguo Hospital de la Santa Creu y que en la actualidad presentan un <b>estado de dejadez, suciedad y degradaci\u00f3n<\/b> evidente.<\/p><\/p>\n\n<p><p class=\"p1\">As\u00ed lo ha <a href=\"https:\/\/www.sindicaturabarcelona.cat\/wp-content\/uploads\/202603_Dret-espai-public_lestat-de-deixadesa-bruticia-i-degradacio-dels-jardins-de-Rubio-i-Lluch_25Q1229.pdf\"><span class=\"s1\">resuelto<\/span><\/a> la defensor\u00eda tras haber recibido una queja sobre el abandono de estos jardines, haber iniciado una investigaci\u00f3n y haber visitado el emplazamiento, constatando que el <b>estado de conservaci\u00f3n<\/b> del espacio presenta <b>deficiencias significativas<\/b>.<\/p><\/p>\n\n<p><p class=\"p1\">Si bien la Sindicatura considera que la actuaci\u00f3n del Distrito de Ciutat Vella se est\u00e1 orientando en la direcci\u00f3n adecuada en sus intervenciones para gestionar un espacio con una elevada complejidad social, considera que es necesario ir m\u00e1s all\u00e1. Por ello, propone a la administraci\u00f3n <b>reforzar las actuaciones de salubridad y mantenimiento<\/b> ordinario de los jardines, intensificando las tareas de limpieza, desinfecci\u00f3n y cuidado general del espacio para garantizar unas condiciones \u00f3ptimas de uso y convivencia.<\/p><\/p>\n\n<p><p class=\"p1\">Asimismo, propone el impulso de un <b>programa espec\u00edfico de conservaci\u00f3n preventiva<\/b> del recinto patrimonial para garantizar la adecuada preservaci\u00f3n de sus elementos arquitect\u00f3nicos, con el fin de evitar la aparici\u00f3n de patolog\u00edas m\u00e1s graves.<\/p><\/p>\n\n<p><p class=\"p1\">Por \u00faltimo, insta al Distrito a reforzar la <b>intervenci\u00f3n social<\/b> mediante una acci\u00f3n coordinada de los servicios sociales municipales, con el objetivo de garantizar una atenci\u00f3n adecuada a las personas en situaci\u00f3n de sinhogarismo y de minimizar el impacto que estos hechos pueden tener sobre la gesti\u00f3n y la conservaci\u00f3n del conjunto patrimonial.<\/p><\/p>\n\n<h2 class=\"wp-block-heading\"><p class=\"p1\"><span class=\"s1\"><b>Una catalogaci\u00f3n que impone la conservaci\u00f3n<\/b><\/span><\/p><\/h2>\n\n<p><p class=\"p1\">Estos jardines, hoy en d\u00eda rodeados de instituciones culturales como la Biblioteca de Catalunya o el Institut d\u2019Estudis Catalans, forman parte de un <b>conjunto declarado bien cultural de inter\u00e9s nacional<\/b> (BCIN), condici\u00f3n que impone un deber estricto y prioritario de conservaci\u00f3n por parte de los propietarios o bien de los titulares de derechos de uso, en este caso el Ayuntamiento de Barcelona.<\/p><\/p>\n\n<p>En general, la Sindicatura constata que la gesti\u00f3n municipal est\u00e1 bien orientada para garantizar la salubridad y la higiene del espacio, con una planificaci\u00f3n que combina recursos diarios y semanales, as\u00ed como diferentes tipos de intervenci\u00f3n, para asegurar una cobertura equilibrada del mantenimiento. <\/p>\n\n<p><p class=\"p1\">Sin embargo, <b>esta planificaci\u00f3n no alcanza plenamente los resultados esperados<\/b>, motivo por el cual la defensor\u00eda formula diversas recomendaciones al Distrito en el sentido de reforzar la limpieza y el mantenimiento de los jardines, garantizar la conservaci\u00f3n del patrimonio y asegurar unas condiciones \u00f3ptimas de uso y convivencia en este espacio.<\/p><\/p>\n","protected":false},"excerpt":{"rendered":"<p>La defensor\u00eda recomienda al Distrito de Ciutat Vella impulsar un programa espec\u00edfico de conservaci\u00f3n del recinto patrimonial y reforzar la intervenci\u00f3n social para atender a las personas en situaci\u00f3n de sinhogarismo<\/p>\n","protected":false},"author":7,"featured_media":42397,"comment_status":"closed","ping_status":"closed","sticky":false,"template":"","format":"standard","meta":{"_acf_changed":false,"footnotes":""},"tags":[],"drets":[1477,1514,1594,1586],"class_list":["post-42399","post","type-post","status-publish","format-standard","has-post-thumbnail","hentry","drets-ciudad-habitable-y-sostenible","drets-derecho-a-una-convivencia-pacifica","drets-derecho-al-espacio-publico","drets-derecho-a-una-buena-administracion"],"acf":[],"yoast_head":"<!-- This site is optimized with the Yoast SEO plugin v27.5 - https:\/\/yoast.com\/product\/yoast-seo-wordpress\/ -->\n<title>La Sindicatura insta al Ayuntamiento a reforzar la limpieza y el mantenimiento de los jardines Rubi\u00f3 i Lluch - Sindicatura de Greuges de Barcelona<\/title>\n<meta name=\"description\" content=\"La defensor\u00eda recomienda al Distrito de Ciutat Vella impulsar un programa espec\u00edfico de conservaci\u00f3n del recinto patrimonial\" \/>\n<meta name=\"robots\" content=\"index, follow, max-snippet:-1, max-image-preview:large, max-video-preview:-1\" \/>\n<link rel=\"canonical\" href=\"https:\/\/www.sindicaturabarcelona.cat\/es\/la-sindicatura-insta-al-ayuntamiento-a-reforzar-la-limpieza-y-el-mantenimiento-de-los-jardines-rubio-i-lluch\/\" \/>\n<meta property=\"og:locale\" content=\"es_ES\" \/>\n<meta property=\"og:type\" content=\"article\" \/>\n<meta property=\"og:title\" content=\"La Sindicatura insta al Ayuntamiento a reforzar la limpieza y el mantenimiento de los jardines Rubi\u00f3 i Lluch - Sindicatura de Greuges de Barcelona\" \/>\n<meta property=\"og:description\" content=\"La defensor\u00eda recomienda al Distrito de Ciutat Vella impulsar un programa espec\u00edfico de conservaci\u00f3n del recinto patrimonial\" \/>\n<meta property=\"og:url\" content=\"https:\/\/www.sindicaturabarcelona.cat\/es\/la-sindicatura-insta-al-ayuntamiento-a-reforzar-la-limpieza-y-el-mantenimiento-de-los-jardines-rubio-i-lluch\/\" \/>\n<meta property=\"og:site_name\" content=\"Sindicatura de Greuges de Barcelona\" \/>\n<meta property=\"article:published_time\" content=\"2026-04-16T06:00:00+00:00\" \/>\n<meta property=\"og:image\" content=\"https:\/\/www.sindicaturabarcelona.cat\/wp-content\/uploads\/Font_dels_Jardins_de_Rubio_i_Lluch_45883176505.jpg\" \/>\n\t<meta property=\"og:image:width\" content=\"1920\" \/>\n\t<meta property=\"og:image:height\" content=\"1440\" \/>\n\t<meta property=\"og:image:type\" content=\"image\/jpeg\" \/>\n<meta name=\"author\" content=\"Carme Rocamora\" \/>\n<meta name=\"twitter:card\" content=\"summary_large_image\" \/>\n<meta name=\"twitter:creator\" content=\"@sindicbarcelona\" \/>\n<meta name=\"twitter:site\" content=\"@sindicbarcelona\" \/>\n<meta name=\"twitter:label1\" content=\"Escrito por\" \/>\n\t<meta name=\"twitter:data1\" content=\"Carme Rocamora\" \/>\n\t<meta name=\"twitter:label2\" content=\"Tiempo de lectura\" \/>\n\t<meta name=\"twitter:data2\" content=\"3 minutos\" \/>\n<script type=\"application\/ld+json\" class=\"yoast-schema-graph\">{\"@context\":\"https:\\\/\\\/schema.org\",\"@graph\":[{\"@type\":\"Article\",\"@id\":\"https:\\\/\\\/www.sindicaturabarcelona.cat\\\/es\\\/la-sindicatura-insta-al-ayuntamiento-a-reforzar-la-limpieza-y-el-mantenimiento-de-los-jardines-rubio-i-lluch\\\/#article\",\"isPartOf\":{\"@id\":\"https:\\\/\\\/www.sindicaturabarcelona.cat\\\/es\\\/la-sindicatura-insta-al-ayuntamiento-a-reforzar-la-limpieza-y-el-mantenimiento-de-los-jardines-rubio-i-lluch\\\/\"},\"author\":{\"name\":\"Carme Rocamora\",\"@id\":\"https:\\\/\\\/www.sindicaturabarcelona.cat\\\/es\\\/#\\\/schema\\\/person\\\/0690b05fdcbf9e43b34103e845240789\"},\"headline\":\"La Sindicatura insta al Ayuntamiento a reforzar la limpieza y el mantenimiento de los jardines Rubi\u00f3 i Lluch\",\"datePublished\":\"2026-04-16T06:00:00+00:00\",\"mainEntityOfPage\":{\"@id\":\"https:\\\/\\\/www.sindicaturabarcelona.cat\\\/es\\\/la-sindicatura-insta-al-ayuntamiento-a-reforzar-la-limpieza-y-el-mantenimiento-de-los-jardines-rubio-i-lluch\\\/\"},\"wordCount\":554,\"publisher\":{\"@id\":\"https:\\\/\\\/www.sindicaturabarcelona.cat\\\/es\\\/#organization\"},\"image\":{\"@id\":\"https:\\\/\\\/www.sindicaturabarcelona.cat\\\/es\\\/la-sindicatura-insta-al-ayuntamiento-a-reforzar-la-limpieza-y-el-mantenimiento-de-los-jardines-rubio-i-lluch\\\/#primaryimage\"},\"thumbnailUrl\":\"https:\\\/\\\/www.sindicaturabarcelona.cat\\\/wp-content\\\/uploads\\\/Font_dels_Jardins_de_Rubio_i_Lluch_45883176505.jpg\",\"inLanguage\":\"es\"},{\"@type\":\"WebPage\",\"@id\":\"https:\\\/\\\/www.sindicaturabarcelona.cat\\\/es\\\/la-sindicatura-insta-al-ayuntamiento-a-reforzar-la-limpieza-y-el-mantenimiento-de-los-jardines-rubio-i-lluch\\\/\",\"url\":\"https:\\\/\\\/www.sindicaturabarcelona.cat\\\/es\\\/la-sindicatura-insta-al-ayuntamiento-a-reforzar-la-limpieza-y-el-mantenimiento-de-los-jardines-rubio-i-lluch\\\/\",\"name\":\"La Sindicatura insta al Ayuntamiento a reforzar la limpieza y el mantenimiento de los jardines Rubi\u00f3 i Lluch - Sindicatura de Greuges de Barcelona\",\"isPartOf\":{\"@id\":\"https:\\\/\\\/www.sindicaturabarcelona.cat\\\/es\\\/#website\"},\"primaryImageOfPage\":{\"@id\":\"https:\\\/\\\/www.sindicaturabarcelona.cat\\\/es\\\/la-sindicatura-insta-al-ayuntamiento-a-reforzar-la-limpieza-y-el-mantenimiento-de-los-jardines-rubio-i-lluch\\\/#primaryimage\"},\"image\":{\"@id\":\"https:\\\/\\\/www.sindicaturabarcelona.cat\\\/es\\\/la-sindicatura-insta-al-ayuntamiento-a-reforzar-la-limpieza-y-el-mantenimiento-de-los-jardines-rubio-i-lluch\\\/#primaryimage\"},\"thumbnailUrl\":\"https:\\\/\\\/www.sindicaturabarcelona.cat\\\/wp-content\\\/uploads\\\/Font_dels_Jardins_de_Rubio_i_Lluch_45883176505.jpg\",\"datePublished\":\"2026-04-16T06:00:00+00:00\",\"description\":\"La defensor\u00eda recomienda al Distrito de Ciutat Vella impulsar un programa espec\u00edfico de conservaci\u00f3n del recinto patrimonial\",\"breadcrumb\":{\"@id\":\"https:\\\/\\\/www.sindicaturabarcelona.cat\\\/es\\\/la-sindicatura-insta-al-ayuntamiento-a-reforzar-la-limpieza-y-el-mantenimiento-de-los-jardines-rubio-i-lluch\\\/#breadcrumb\"},\"inLanguage\":\"es\",\"potentialAction\":[{\"@type\":\"ReadAction\",\"target\":[\"https:\\\/\\\/www.sindicaturabarcelona.cat\\\/es\\\/la-sindicatura-insta-al-ayuntamiento-a-reforzar-la-limpieza-y-el-mantenimiento-de-los-jardines-rubio-i-lluch\\\/\"]}]},{\"@type\":\"ImageObject\",\"inLanguage\":\"es\",\"@id\":\"https:\\\/\\\/www.sindicaturabarcelona.cat\\\/es\\\/la-sindicatura-insta-al-ayuntamiento-a-reforzar-la-limpieza-y-el-mantenimiento-de-los-jardines-rubio-i-lluch\\\/#primaryimage\",\"url\":\"https:\\\/\\\/www.sindicaturabarcelona.cat\\\/wp-content\\\/uploads\\\/Font_dels_Jardins_de_Rubio_i_Lluch_45883176505.jpg\",\"contentUrl\":\"https:\\\/\\\/www.sindicaturabarcelona.cat\\\/wp-content\\\/uploads\\\/Font_dels_Jardins_de_Rubio_i_Lluch_45883176505.jpg\",\"width\":1920,\"height\":1440},{\"@type\":\"BreadcrumbList\",\"@id\":\"https:\\\/\\\/www.sindicaturabarcelona.cat\\\/es\\\/la-sindicatura-insta-al-ayuntamiento-a-reforzar-la-limpieza-y-el-mantenimiento-de-los-jardines-rubio-i-lluch\\\/#breadcrumb\",\"itemListElement\":[{\"@type\":\"ListItem\",\"position\":1,\"name\":\"Inici\",\"item\":\"https:\\\/\\\/www.sindicaturabarcelona.cat\\\/es\\\/\"},{\"@type\":\"ListItem\",\"position\":2,\"name\":\"La Sindicatura insta al Ayuntamiento a reforzar la limpieza y el mantenimiento de los jardines Rubi\u00f3 i Lluch\"}]},{\"@type\":\"WebSite\",\"@id\":\"https:\\\/\\\/www.sindicaturabarcelona.cat\\\/es\\\/#website\",\"url\":\"https:\\\/\\\/www.sindicaturabarcelona.cat\\\/es\\\/\",\"name\":\"Sindicatura de Greuges de Barcelona\",\"description\":\"La defensoria dels teus drets\",\"publisher\":{\"@id\":\"https:\\\/\\\/www.sindicaturabarcelona.cat\\\/es\\\/#organization\"},\"potentialAction\":[{\"@type\":\"SearchAction\",\"target\":{\"@type\":\"EntryPoint\",\"urlTemplate\":\"https:\\\/\\\/www.sindicaturabarcelona.cat\\\/es\\\/?s={search_term_string}\"},\"query-input\":{\"@type\":\"PropertyValueSpecification\",\"valueRequired\":true,\"valueName\":\"search_term_string\"}}],\"inLanguage\":\"es\"},{\"@type\":\"Organization\",\"@id\":\"https:\\\/\\\/www.sindicaturabarcelona.cat\\\/es\\\/#organization\",\"name\":\"Sindicatura de Greuges de Barcelona\",\"url\":\"https:\\\/\\\/www.sindicaturabarcelona.cat\\\/es\\\/\",\"logo\":{\"@type\":\"ImageObject\",\"inLanguage\":\"es\",\"@id\":\"https:\\\/\\\/www.sindicaturabarcelona.cat\\\/es\\\/#\\\/schema\\\/logo\\\/image\\\/\",\"url\":\"https:\\\/\\\/www.sindicaturabarcelona.cat\\\/wp-content\\\/uploads\\\/2023\\\/02\\\/logo_sindicatura.svg\",\"contentUrl\":\"https:\\\/\\\/www.sindicaturabarcelona.cat\\\/wp-content\\\/uploads\\\/2023\\\/02\\\/logo_sindicatura.svg\",\"caption\":\"Sindicatura de Greuges de Barcelona\"},\"image\":{\"@id\":\"https:\\\/\\\/www.sindicaturabarcelona.cat\\\/es\\\/#\\\/schema\\\/logo\\\/image\\\/\"},\"sameAs\":[\"https:\\\/\\\/x.com\\\/sindicbarcelona\",\"https:\\\/\\\/www.instagram.com\\\/sindicbarcelona\\\/\",\"https:\\\/\\\/www.tiktok.com\\\/@sindicaturabcn\",\"https:\\\/\\\/t.me\\\/sindicaturabarcelona\"]},{\"@type\":\"Person\",\"@id\":\"https:\\\/\\\/www.sindicaturabarcelona.cat\\\/es\\\/#\\\/schema\\\/person\\\/0690b05fdcbf9e43b34103e845240789\",\"name\":\"Carme Rocamora\",\"image\":{\"@type\":\"ImageObject\",\"inLanguage\":\"es\",\"@id\":\"https:\\\/\\\/secure.gravatar.com\\\/avatar\\\/7d5e980ef632f555fa40f97d06e5c8ec4ec568974a95778749d6a6279aa1faef?s=96&d=mm&r=g\",\"url\":\"https:\\\/\\\/secure.gravatar.com\\\/avatar\\\/7d5e980ef632f555fa40f97d06e5c8ec4ec568974a95778749d6a6279aa1faef?s=96&d=mm&r=g\",\"contentUrl\":\"https:\\\/\\\/secure.gravatar.com\\\/avatar\\\/7d5e980ef632f555fa40f97d06e5c8ec4ec568974a95778749d6a6279aa1faef?s=96&d=mm&r=g\",\"caption\":\"Carme Rocamora\"},\"url\":\"https:\\\/\\\/www.sindicaturabarcelona.cat\\\/es\\\/author\\\/crocamora\\\/\"}]}<\/script>\n<!-- \/ Yoast SEO plugin. -->","yoast_head_json":{"title":"La Sindicatura insta al Ayuntamiento a reforzar la limpieza y el mantenimiento de los jardines Rubi\u00f3 i Lluch - Sindicatura de Greuges de Barcelona","description":"La defensor\u00eda recomienda al Distrito de Ciutat Vella impulsar un programa espec\u00edfico de conservaci\u00f3n del recinto patrimonial","robots":{"index":"index","follow":"follow","max-snippet":"max-snippet:-1","max-image-preview":"max-image-preview:large","max-video-preview":"max-video-preview:-1"},"canonical":"https:\/\/www.sindicaturabarcelona.cat\/es\/la-sindicatura-insta-al-ayuntamiento-a-reforzar-la-limpieza-y-el-mantenimiento-de-los-jardines-rubio-i-lluch\/","og_locale":"es_ES","og_type":"article","og_title":"La Sindicatura insta al Ayuntamiento a reforzar la limpieza y el mantenimiento de los jardines Rubi\u00f3 i Lluch - Sindicatura de Greuges de Barcelona","og_description":"La defensor\u00eda recomienda al Distrito de Ciutat Vella impulsar un programa espec\u00edfico de conservaci\u00f3n del recinto patrimonial","og_url":"https:\/\/www.sindicaturabarcelona.cat\/es\/la-sindicatura-insta-al-ayuntamiento-a-reforzar-la-limpieza-y-el-mantenimiento-de-los-jardines-rubio-i-lluch\/","og_site_name":"Sindicatura de Greuges de Barcelona","article_published_time":"2026-04-16T06:00:00+00:00","og_image":[{"width":1920,"height":1440,"url":"https:\/\/www.sindicaturabarcelona.cat\/wp-content\/uploads\/Font_dels_Jardins_de_Rubio_i_Lluch_45883176505.jpg","type":"image\/jpeg"}],"author":"Carme Rocamora","twitter_card":"summary_large_image","twitter_creator":"@sindicbarcelona","twitter_site":"@sindicbarcelona","twitter_misc":{"Escrito por":"Carme Rocamora","Tiempo de lectura":"3 minutos"},"schema":{"@context":"https:\/\/schema.org","@graph":[{"@type":"Article","@id":"https:\/\/www.sindicaturabarcelona.cat\/es\/la-sindicatura-insta-al-ayuntamiento-a-reforzar-la-limpieza-y-el-mantenimiento-de-los-jardines-rubio-i-lluch\/#article","isPartOf":{"@id":"https:\/\/www.sindicaturabarcelona.cat\/es\/la-sindicatura-insta-al-ayuntamiento-a-reforzar-la-limpieza-y-el-mantenimiento-de-los-jardines-rubio-i-lluch\/"},"author":{"name":"Carme Rocamora","@id":"https:\/\/www.sindicaturabarcelona.cat\/es\/#\/schema\/person\/0690b05fdcbf9e43b34103e845240789"},"headline":"La Sindicatura insta al Ayuntamiento a reforzar la limpieza y el mantenimiento de los jardines Rubi\u00f3 i Lluch","datePublished":"2026-04-16T06:00:00+00:00","mainEntityOfPage":{"@id":"https:\/\/www.sindicaturabarcelona.cat\/es\/la-sindicatura-insta-al-ayuntamiento-a-reforzar-la-limpieza-y-el-mantenimiento-de-los-jardines-rubio-i-lluch\/"},"wordCount":554,"publisher":{"@id":"https:\/\/www.sindicaturabarcelona.cat\/es\/#organization"},"image":{"@id":"https:\/\/www.sindicaturabarcelona.cat\/es\/la-sindicatura-insta-al-ayuntamiento-a-reforzar-la-limpieza-y-el-mantenimiento-de-los-jardines-rubio-i-lluch\/#primaryimage"},"thumbnailUrl":"https:\/\/www.sindicaturabarcelona.cat\/wp-content\/uploads\/Font_dels_Jardins_de_Rubio_i_Lluch_45883176505.jpg","inLanguage":"es"},{"@type":"WebPage","@id":"https:\/\/www.sindicaturabarcelona.cat\/es\/la-sindicatura-insta-al-ayuntamiento-a-reforzar-la-limpieza-y-el-mantenimiento-de-los-jardines-rubio-i-lluch\/","url":"https:\/\/www.sindicaturabarcelona.cat\/es\/la-sindicatura-insta-al-ayuntamiento-a-reforzar-la-limpieza-y-el-mantenimiento-de-los-jardines-rubio-i-lluch\/","name":"La Sindicatura insta al Ayuntamiento a reforzar la limpieza y el mantenimiento de los jardines Rubi\u00f3 i Lluch - Sindicatura de Greuges de Barcelona","isPartOf":{"@id":"https:\/\/www.sindicaturabarcelona.cat\/es\/#website"},"primaryImageOfPage":{"@id":"https:\/\/www.sindicaturabarcelona.cat\/es\/la-sindicatura-insta-al-ayuntamiento-a-reforzar-la-limpieza-y-el-mantenimiento-de-los-jardines-rubio-i-lluch\/#primaryimage"},"image":{"@id":"https:\/\/www.sindicaturabarcelona.cat\/es\/la-sindicatura-insta-al-ayuntamiento-a-reforzar-la-limpieza-y-el-mantenimiento-de-los-jardines-rubio-i-lluch\/#primaryimage"},"thumbnailUrl":"https:\/\/www.sindicaturabarcelona.cat\/wp-content\/uploads\/Font_dels_Jardins_de_Rubio_i_Lluch_45883176505.jpg","datePublished":"2026-04-16T06:00:00+00:00","description":"La defensor\u00eda recomienda al Distrito de Ciutat Vella impulsar un programa espec\u00edfico de conservaci\u00f3n del recinto patrimonial","breadcrumb":{"@id":"https:\/\/www.sindicaturabarcelona.cat\/es\/la-sindicatura-insta-al-ayuntamiento-a-reforzar-la-limpieza-y-el-mantenimiento-de-los-jardines-rubio-i-lluch\/#breadcrumb"},"inLanguage":"es","potentialAction":[{"@type":"ReadAction","target":["https:\/\/www.sindicaturabarcelona.cat\/es\/la-sindicatura-insta-al-ayuntamiento-a-reforzar-la-limpieza-y-el-mantenimiento-de-los-jardines-rubio-i-lluch\/"]}]},{"@type":"ImageObject","inLanguage":"es","@id":"https:\/\/www.sindicaturabarcelona.cat\/es\/la-sindicatura-insta-al-ayuntamiento-a-reforzar-la-limpieza-y-el-mantenimiento-de-los-jardines-rubio-i-lluch\/#primaryimage","url":"https:\/\/www.sindicaturabarcelona.cat\/wp-content\/uploads\/Font_dels_Jardins_de_Rubio_i_Lluch_45883176505.jpg","contentUrl":"https:\/\/www.sindicaturabarcelona.cat\/wp-content\/uploads\/Font_dels_Jardins_de_Rubio_i_Lluch_45883176505.jpg","width":1920,"height":1440},{"@type":"BreadcrumbList","@id":"https:\/\/www.sindicaturabarcelona.cat\/es\/la-sindicatura-insta-al-ayuntamiento-a-reforzar-la-limpieza-y-el-mantenimiento-de-los-jardines-rubio-i-lluch\/#breadcrumb","itemListElement":[{"@type":"ListItem","position":1,"name":"Inici","item":"https:\/\/www.sindicaturabarcelona.cat\/es\/"},{"@type":"ListItem","position":2,"name":"La Sindicatura insta al Ayuntamiento a reforzar la limpieza y el mantenimiento de los jardines Rubi\u00f3 i Lluch"}]},{"@type":"WebSite","@id":"https:\/\/www.sindicaturabarcelona.cat\/es\/#website","url":"https:\/\/www.sindicaturabarcelona.cat\/es\/","name":"Sindicatura de Greuges de Barcelona","description":"La defensoria dels teus drets","publisher":{"@id":"https:\/\/www.sindicaturabarcelona.cat\/es\/#organization"},"potentialAction":[{"@type":"SearchAction","target":{"@type":"EntryPoint","urlTemplate":"https:\/\/www.sindicaturabarcelona.cat\/es\/?s={search_term_string}"},"query-input":{"@type":"PropertyValueSpecification","valueRequired":true,"valueName":"search_term_string"}}],"inLanguage":"es"},{"@type":"Organization","@id":"https:\/\/www.sindicaturabarcelona.cat\/es\/#organization","name":"Sindicatura de Greuges de Barcelona","url":"https:\/\/www.sindicaturabarcelona.cat\/es\/","logo":{"@type":"ImageObject","inLanguage":"es","@id":"https:\/\/www.sindicaturabarcelona.cat\/es\/#\/schema\/logo\/image\/","url":"https:\/\/www.sindicaturabarcelona.cat\/wp-content\/uploads\/2023\/02\/logo_sindicatura.svg","contentUrl":"https:\/\/www.sindicaturabarcelona.cat\/wp-content\/uploads\/2023\/02\/logo_sindicatura.svg","caption":"Sindicatura de Greuges de Barcelona"},"image":{"@id":"https:\/\/www.sindicaturabarcelona.cat\/es\/#\/schema\/logo\/image\/"},"sameAs":["https:\/\/x.com\/sindicbarcelona","https:\/\/www.instagram.com\/sindicbarcelona\/","https:\/\/www.tiktok.com\/@sindicaturabcn","https:\/\/t.me\/sindicaturabarcelona"]},{"@type":"Person","@id":"https:\/\/www.sindicaturabarcelona.cat\/es\/#\/schema\/person\/0690b05fdcbf9e43b34103e845240789","name":"Carme Rocamora","image":{"@type":"ImageObject","inLanguage":"es","@id":"https:\/\/secure.gravatar.com\/avatar\/7d5e980ef632f555fa40f97d06e5c8ec4ec568974a95778749d6a6279aa1faef?s=96&d=mm&r=g","url":"https:\/\/secure.gravatar.com\/avatar\/7d5e980ef632f555fa40f97d06e5c8ec4ec568974a95778749d6a6279aa1faef?s=96&d=mm&r=g","contentUrl":"https:\/\/secure.gravatar.com\/avatar\/7d5e980ef632f555fa40f97d06e5c8ec4ec568974a95778749d6a6279aa1faef?s=96&d=mm&r=g","caption":"Carme Rocamora"},"url":"https:\/\/www.sindicaturabarcelona.cat\/es\/author\/crocamora\/"}]}},"_links":{"self":[{"href":"https:\/\/www.sindicaturabarcelona.cat\/es\/wp-json\/wp\/v2\/posts\/42399","targetHints":{"allow":["GET"]}}],"collection":[{"href":"https:\/\/www.sindicaturabarcelona.cat\/es\/wp-json\/wp\/v2\/posts"}],"about":[{"href":"https:\/\/www.sindicaturabarcelona.cat\/es\/wp-json\/wp\/v2\/types\/post"}],"author":[{"embeddable":true,"href":"https:\/\/www.sindicaturabarcelona.cat\/es\/wp-json\/wp\/v2\/users\/7"}],"replies":[{"embeddable":true,"href":"https:\/\/www.sindicaturabarcelona.cat\/es\/wp-json\/wp\/v2\/comments?post=42399"}],"version-history":[{"count":3,"href":"https:\/\/www.sindicaturabarcelona.cat\/es\/wp-json\/wp\/v2\/posts\/42399\/revisions"}],"predecessor-version":[{"id":42402,"href":"https:\/\/www.sindicaturabarcelona.cat\/es\/wp-json\/wp\/v2\/posts\/42399\/revisions\/42402"}],"wp:featuredmedia":[{"embeddable":true,"href":"https:\/\/www.sindicaturabarcelona.cat\/es\/wp-json\/wp\/v2\/media\/42397"}],"wp:attachment":[{"href":"https:\/\/www.sindicaturabarcelona.cat\/es\/wp-json\/wp\/v2\/media?parent=42399"}],"wp:term":[{"taxonomy":"post_tag","embeddable":true,"href":"https:\/\/www.sindicaturabarcelona.cat\/es\/wp-json\/wp\/v2\/tags?post=42399"},{"taxonomy":"drets","embeddable":true,"href":"https:\/\/www.sindicaturabarcelona.cat\/es\/wp-json\/wp\/v2\/drets?post=42399"}],"curies":[{"name":"wp","href":"https:\/\/api.w.org\/{rel}","templated":true}]}}