{"id":42387,"date":"2026-04-14T07:25:30","date_gmt":"2026-04-14T05:25:30","guid":{"rendered":"https:\/\/www.sindicaturabarcelona.cat\/la-sindicatura-refuerza-su-proyeccion-internacional-participando-en-una-jornada-sobre-derechos-digitales-en-amsterdam\/"},"modified":"2026-04-14T16:06:59","modified_gmt":"2026-04-14T14:06:59","slug":"la-sindicatura-refuerza-su-proyeccion-internacional-participando-en-una-jornada-sobre-derechos-digitales-en-amsterdam","status":"publish","type":"post","link":"https:\/\/www.sindicaturabarcelona.cat\/es\/la-sindicatura-refuerza-su-proyeccion-internacional-participando-en-una-jornada-sobre-derechos-digitales-en-amsterdam\/","title":{"rendered":"La Sindicatura refuerza su proyecci\u00f3n internacional participando en una jornada sobre derechos digitales en \u00c1msterdam"},"content":{"rendered":"\n<h2 class=\"wp-block-heading\">El encuentro re\u00fane a unas setenta instituciones para avanzar en unos principios comunes de dignidad y equidad digitales<\/h2>\n\n<p><section class=\"text-token-text-primary w-full focus:outline-none [--shadow-height:45px] has-data-writing-block:pointer-events-none has-data-writing-block:-mt-(--shadow-height) has-data-writing-block:pt-(--shadow-height) [&amp;:has([data-writing-block])&gt;*]:pointer-events-auto [content-visibility:auto] supports-[content-visibility:auto]:[contain-intrinsic-size:auto_100lvh] R6Vx5W_threadScrollVars scroll-mb-[calc(var(--scroll-root-safe-area-inset-bottom,0px)+var(--thread-response-height))] scroll-mt-[calc(var(--header-height)+min(200px,max(70px,20svh)))]\" dir=\"auto\" data-turn-id=\"request-WEB:e21c46b3-21c9-4ee1-9e10-ca57c9ac273f-2\" data-testid=\"conversation-turn-6\" data-scroll-anchor=\"false\" data-turn=\"assistant\">&#13;\n<div class=\"text-base my-auto mx-auto pb-10 [--thread-content-margin:var(--thread-content-margin-xs,calc(var(--spacing)*4))] @w-sm\/main:[--thread-content-margin:var(--thread-content-margin-sm,calc(var(--spacing)*6))] @w-lg\/main:[--thread-content-margin:var(--thread-content-margin-lg,calc(var(--spacing)*16))] px-(--thread-content-margin)\">&#13;\n<div class=\"[--thread-content-max-width:40rem] @w-lg\/main:[--thread-content-max-width:48rem] mx-auto max-w-(--thread-content-max-width) flex-1 group\/turn-messages focus-visible:outline-hidden relative flex w-full min-w-0 flex-col agent-turn\">&#13;\n<div class=\"flex max-w-full flex-col gap-4 grow\">&#13;\n<div class=\"min-h-8 text-message relative flex w-full flex-col items-end gap-2 text-start break-words whitespace-normal outline-none keyboard-focused:focus-ring [.text-message+&amp;]:mt-1\" dir=\"auto\" tabindex=\"0\" data-message-author-role=\"assistant\" data-message-id=\"7d565e25-3e88-4de2-b0f7-da87069a84f9\" data-message-model-slug=\"gpt-5-3\" data-turn-start-message=\"true\">&#13;\n<div class=\"flex w-full flex-col gap-1 empty:hidden\">&#13;\n<div class=\"markdown prose dark:prose-invert w-full wrap-break-word light markdown-new-styling\">&#13;\n<p data-start=\"0\" data-end=\"303\" data-is-last-node=\"\" data-is-only-node=\"\">La Sindicatura de Greuges de Barcelona ha estado presente entre el 10 y el 14 de abril en los Pa\u00edses Bajos para reforzar los v\u00ednculos con defensor\u00edas de todo el mundo y para participar en un encuentro internacional centrado en el <strong>papel de las instituciones de defensa de la ciudadan\u00eda en la era digital.<\/strong><\/p>&#13;\n&#13;\n<\/div>&#13;\n<\/div>&#13;\n<\/div>&#13;\n<\/div>&#13;\n<\/div>&#13;\n<\/div>&#13;\n<\/section><\/p>\n\n<p>La sesi\u00f3n de trabajo, celebrada en \u00c1msterdam, ha reunido a unas setenta oficinas de defensor\u00edas de todo el mundo, que han participado tanto de forma presencial como en l\u00ednea. En el encuentro, se ha puesto sobre la mesa la necesidad de afrontar de manera colectiva los retos que plantea la digitalizaci\u00f3n en el \u00e1mbito de los derechos de la ciudadan\u00eda. Concretamente, se ha trabajado en la definici\u00f3n de un marco compartido \u2014denominado <strong><a href=\"https:\/\/www.ombudsmanmetropool.nl\/nl\/actueel\/ombudsman-launches-draft-version-ombudsman-principles-digital-dignity-and-fairness\"><em>Principios del Ombudsman para la dignidad y la equidad digitales<\/em><\/a><\/strong> (Principios de \u00c1msterdam)\u2014 orientado a garantizar que el uso de las tecnolog\u00edas respete los derechos fundamentales y evite situaciones de vulnerabilidad o desprotecci\u00f3n.<\/p>\n\n<p>De forma conjunta, se ha coincidido en que es necesario avanzar hacia una mirada m\u00e1s proactiva por parte de las defensor\u00edas, capaz no solo de responder a las quejas derivadas del uso de sistemas digitales \u2014como errores en algoritmos o respuestas automatizadas inadecuadas\u2014 sino tambi\u00e9n de anticipar riesgos y contribuir a una <strong>gobernanza tecnol\u00f3gica m\u00e1s justa<\/strong> y centrada en las personas.<\/p>\n\n<p>En el marco de esta visita, el jefe de gabinete de la Sindicatura, Oriol Puig, ha mantenido tambi\u00e9n reuniones con el ombudsperson de \u00c1msterdam, Munish Ramlal; con la ombudsperson de Rotterdam-Rijnmond, Marianne van den Anker; y con la ombudsperson municipal de La Haya, Carina van Eck, as\u00ed como con otros representantes institucionales de los Pa\u00edses Bajos.<\/p>\n\n<p><section class=\"text-token-text-primary w-full focus:outline-none [--shadow-height:45px] has-data-writing-block:pointer-events-none has-data-writing-block:-mt-(--shadow-height) has-data-writing-block:pt-(--shadow-height) [&amp;:has([data-writing-block])&gt;*]:pointer-events-auto [content-visibility:auto] supports-[content-visibility:auto]:[contain-intrinsic-size:auto_100lvh] R6Vx5W_threadScrollVars scroll-mb-[calc(var(--scroll-root-safe-area-inset-bottom,0px)+var(--thread-response-height))] scroll-mt-[calc(var(--header-height)+min(200px,max(70px,20svh)))]\" dir=\"auto\" data-turn-id=\"request-WEB:e21c46b3-21c9-4ee1-9e10-ca57c9ac273f-5\" data-testid=\"conversation-turn-12\" data-scroll-anchor=\"false\" data-turn=\"assistant\">&#13;\n<div class=\"text-base my-auto mx-auto pb-10 [--thread-content-margin:var(--thread-content-margin-xs,calc(var(--spacing)*4))] @w-sm\/main:[--thread-content-margin:var(--thread-content-margin-sm,calc(var(--spacing)*6))] @w-lg\/main:[--thread-content-margin:var(--thread-content-margin-lg,calc(var(--spacing)*16))] px-(--thread-content-margin)\">&#13;\n<div class=\"[--thread-content-max-width:40rem] @w-lg\/main:[--thread-content-max-width:48rem] mx-auto max-w-(--thread-content-max-width) flex-1 group\/turn-messages focus-visible:outline-hidden relative flex w-full min-w-0 flex-col agent-turn\">&#13;\n<div class=\"flex max-w-full flex-col gap-4 grow\">&#13;\n<div class=\"min-h-8 text-message relative flex w-full flex-col items-end gap-2 text-start break-words whitespace-normal outline-none keyboard-focused:focus-ring [.text-message+&amp;]:mt-1\" dir=\"auto\" tabindex=\"0\" data-message-author-role=\"assistant\" data-message-id=\"cbe50834-8e3d-49ad-aff4-193e31f54ac1\" data-message-model-slug=\"gpt-5-3\" data-turn-start-message=\"true\">&#13;\n<div class=\"flex w-full flex-col gap-1 empty:hidden\">&#13;\n<div class=\"markdown prose dark:prose-invert w-full wrap-break-word light markdown-new-styling\">&#13;\n<p data-start=\"0\" data-end=\"230\" data-is-last-node=\"\" data-is-only-node=\"\">Desde la Sindicatura, se trabaja con el convencimiento de que es necesario fortalecer estas <strong>alianzas internacionales<\/strong> para compartir conocimiento y avanzar en la protecci\u00f3n de los derechos en un contexto globalizado y digitalizado.<\/p>&#13;\n&#13;\n<\/div>&#13;\n<\/div>&#13;\n<\/div>&#13;\n<\/div>&#13;\n<div class=\"z-0 flex min-h-[46px] justify-start\"><\/div>&#13;\n<div class=\"mt-3 w-full empty:hidden\">&#13;\n<div class=\"text-center\"><\/div>&#13;\n<\/div>&#13;\n<\/div>&#13;\n<\/div>&#13;\n<\/section><br\/><div class=\"pointer-events-none -mt-px h-px translate-y-[calc(var(--scroll-root-safe-area-inset-bottom)-14*var(--spacing))]\" aria-hidden=\"true\"><\/div><\/p>\n\n<p><section class=\"text-token-text-primary w-full focus:outline-none [--shadow-height:45px] has-data-writing-block:pointer-events-none has-data-writing-block:-mt-(--shadow-height) has-data-writing-block:pt-(--shadow-height) [&amp;:has([data-writing-block])&gt;*]:pointer-events-auto [content-visibility:auto] supports-[content-visibility:auto]:[contain-intrinsic-size:auto_100lvh] R6Vx5W_threadScrollVars scroll-mb-[calc(var(--scroll-root-safe-area-inset-bottom,0px)+var(--thread-response-height))] scroll-mt-[calc(var(--header-height)+min(200px,max(70px,20svh)))]\" dir=\"auto\" data-turn-id=\"request-WEB:e21c46b3-21c9-4ee1-9e10-ca57c9ac273f-6\" data-testid=\"conversation-turn-14\" data-scroll-anchor=\"false\" data-turn=\"assistant\">&#13;\n<div class=\"text-base my-auto mx-auto pb-10 [--thread-content-margin:var(--thread-content-margin-xs,calc(var(--spacing)*4))] @w-sm\/main:[--thread-content-margin:var(--thread-content-margin-sm,calc(var(--spacing)*6))] @w-lg\/main:[--thread-content-margin:var(--thread-content-margin-lg,calc(var(--spacing)*16))] px-(--thread-content-margin)\">&#13;\n<div class=\"[--thread-content-max-width:40rem] @w-lg\/main:[--thread-content-max-width:48rem] mx-auto max-w-(--thread-content-max-width) flex-1 group\/turn-messages focus-visible:outline-hidden relative flex w-full min-w-0 flex-col agent-turn\">&#13;\n<div class=\"flex max-w-full flex-col gap-4 grow\">&#13;\n<div class=\"min-h-8 text-message relative flex w-full flex-col items-end gap-2 text-start break-words whitespace-normal outline-none keyboard-focused:focus-ring [.text-message+&amp;]:mt-1\" dir=\"auto\" tabindex=\"0\" data-message-author-role=\"assistant\" data-message-id=\"7b2dd357-0696-49b7-a25c-822623e35485\" data-message-model-slug=\"gpt-5-3\" data-turn-start-message=\"true\">&#13;\n<div class=\"flex w-full flex-col gap-1 empty:hidden\">&#13;\n<div class=\"markdown prose dark:prose-invert w-full wrap-break-word light markdown-new-styling\">&#13;\n<p data-start=\"0\" data-end=\"295\" data-is-last-node=\"\" data-is-only-node=\"\">La participaci\u00f3n de la Sindicatura de Greuges de Barcelona en estos espacios refuerza su compromiso con la defensa de los derechos de la ciudadan\u00eda tambi\u00e9n en el entorno digital, as\u00ed como con la construcci\u00f3n de <strong>marcos comunes que sit\u00faen la dignidad humana en el centro de las pol\u00edticas p\u00fablicas.<\/strong><\/p>&#13;\n&#13;\n<\/div>&#13;\n<\/div>&#13;\n<\/div>&#13;\n<\/div>&#13;\n<div class=\"z-0 flex min-h-[46px] justify-start\"><\/div>&#13;\n<div class=\"mt-3 w-full empty:hidden\">&#13;\n<div class=\"text-center\"><\/div>&#13;\n<\/div>&#13;\n<\/div>&#13;\n<\/div>&#13;\n<\/section><br\/><div class=\"pointer-events-none -mt-px h-px translate-y-[calc(var(--scroll-root-safe-area-inset-bottom)-14*var(--spacing))]\" aria-hidden=\"true\"><\/div><\/p>\n","protected":false},"excerpt":{"rendered":"<p>El encuentro re\u00fane a unas setenta instituciones para avanzar en unos principios comunes de dignidad y equidad digitales &#13; &#13; &#13; &#13; &#13; &#13; &#13; La Sindicatura de Greuges de [&hellip;]<\/p>\n","protected":false},"author":7,"featured_media":42272,"comment_status":"closed","ping_status":"closed","sticky":false,"template":"","format":"standard","meta":{"_acf_changed":false,"footnotes":""},"tags":[1715],"drets":[],"class_list":["post-42387","post","type-post","status-publish","format-standard","has-post-thumbnail","hentry","tag-amsterdam"],"acf":[],"yoast_head":"<!-- This site is optimized with the Yoast SEO plugin v27.5 - https:\/\/yoast.com\/product\/yoast-seo-wordpress\/ -->\n<title>La Sindicatura refuerza su proyecci\u00f3n internacional participando en una jornada sobre derechos digitales en \u00c1msterdam - Sindicatura de Greuges de Barcelona<\/title>\n<meta name=\"description\" content=\"El encuentro re\u00fane a unas setenta instituciones para avanzar en unos principios comunes de dignidad y equidad digitales\" \/>\n<meta name=\"robots\" content=\"index, follow, max-snippet:-1, max-image-preview:large, max-video-preview:-1\" \/>\n<link rel=\"canonical\" href=\"https:\/\/www.sindicaturabarcelona.cat\/es\/la-sindicatura-refuerza-su-proyeccion-internacional-participando-en-una-jornada-sobre-derechos-digitales-en-amsterdam\/\" \/>\n<meta property=\"og:locale\" content=\"es_ES\" \/>\n<meta property=\"og:type\" content=\"article\" \/>\n<meta property=\"og:title\" content=\"La Sindicatura refuerza su proyecci\u00f3n internacional participando en una jornada sobre derechos digitales en \u00c1msterdam - Sindicatura de Greuges de Barcelona\" \/>\n<meta property=\"og:description\" content=\"El encuentro re\u00fane a unas setenta instituciones para avanzar en unos principios comunes de dignidad y equidad digitales\" \/>\n<meta property=\"og:url\" content=\"https:\/\/www.sindicaturabarcelona.cat\/es\/la-sindicatura-refuerza-su-proyeccion-internacional-participando-en-una-jornada-sobre-derechos-digitales-en-amsterdam\/\" \/>\n<meta property=\"og:site_name\" content=\"Sindicatura de Greuges de Barcelona\" \/>\n<meta property=\"article:published_time\" content=\"2026-04-14T05:25:30+00:00\" \/>\n<meta property=\"article:modified_time\" content=\"2026-04-14T14:06:59+00:00\" \/>\n<meta property=\"og:image\" content=\"https:\/\/www.sindicaturabarcelona.cat\/wp-content\/uploads\/image006.jpg\" \/>\n\t<meta property=\"og:image:width\" content=\"2016\" \/>\n\t<meta property=\"og:image:height\" content=\"1512\" \/>\n\t<meta property=\"og:image:type\" content=\"image\/jpeg\" \/>\n<meta name=\"author\" content=\"Carme Rocamora\" \/>\n<meta name=\"twitter:card\" content=\"summary_large_image\" \/>\n<meta name=\"twitter:creator\" content=\"@sindicbarcelona\" \/>\n<meta name=\"twitter:site\" content=\"@sindicbarcelona\" \/>\n<meta name=\"twitter:label1\" content=\"Escrito por\" \/>\n\t<meta name=\"twitter:data1\" content=\"Carme Rocamora\" \/>\n\t<meta name=\"twitter:label2\" content=\"Tiempo de lectura\" \/>\n\t<meta name=\"twitter:data2\" content=\"3 minutos\" \/>\n<script type=\"application\/ld+json\" class=\"yoast-schema-graph\">{\"@context\":\"https:\\\/\\\/schema.org\",\"@graph\":[{\"@type\":\"Article\",\"@id\":\"https:\\\/\\\/www.sindicaturabarcelona.cat\\\/es\\\/la-sindicatura-refuerza-su-proyeccion-internacional-participando-en-una-jornada-sobre-derechos-digitales-en-amsterdam\\\/#article\",\"isPartOf\":{\"@id\":\"https:\\\/\\\/www.sindicaturabarcelona.cat\\\/es\\\/la-sindicatura-refuerza-su-proyeccion-internacional-participando-en-una-jornada-sobre-derechos-digitales-en-amsterdam\\\/\"},\"author\":{\"name\":\"Carme Rocamora\",\"@id\":\"https:\\\/\\\/www.sindicaturabarcelona.cat\\\/es\\\/#\\\/schema\\\/person\\\/0690b05fdcbf9e43b34103e845240789\"},\"headline\":\"La Sindicatura refuerza su proyecci\u00f3n internacional participando en una jornada sobre derechos digitales en \u00c1msterdam\",\"datePublished\":\"2026-04-14T05:25:30+00:00\",\"dateModified\":\"2026-04-14T14:06:59+00:00\",\"mainEntityOfPage\":{\"@id\":\"https:\\\/\\\/www.sindicaturabarcelona.cat\\\/es\\\/la-sindicatura-refuerza-su-proyeccion-internacional-participando-en-una-jornada-sobre-derechos-digitales-en-amsterdam\\\/\"},\"wordCount\":418,\"publisher\":{\"@id\":\"https:\\\/\\\/www.sindicaturabarcelona.cat\\\/es\\\/#organization\"},\"image\":{\"@id\":\"https:\\\/\\\/www.sindicaturabarcelona.cat\\\/es\\\/la-sindicatura-refuerza-su-proyeccion-internacional-participando-en-una-jornada-sobre-derechos-digitales-en-amsterdam\\\/#primaryimage\"},\"thumbnailUrl\":\"https:\\\/\\\/www.sindicaturabarcelona.cat\\\/wp-content\\\/uploads\\\/image006.jpg\",\"keywords\":[\"Amsterdam\"],\"inLanguage\":\"es\"},{\"@type\":\"WebPage\",\"@id\":\"https:\\\/\\\/www.sindicaturabarcelona.cat\\\/es\\\/la-sindicatura-refuerza-su-proyeccion-internacional-participando-en-una-jornada-sobre-derechos-digitales-en-amsterdam\\\/\",\"url\":\"https:\\\/\\\/www.sindicaturabarcelona.cat\\\/es\\\/la-sindicatura-refuerza-su-proyeccion-internacional-participando-en-una-jornada-sobre-derechos-digitales-en-amsterdam\\\/\",\"name\":\"La Sindicatura refuerza su proyecci\u00f3n internacional participando en una jornada sobre derechos digitales en \u00c1msterdam - Sindicatura de Greuges de Barcelona\",\"isPartOf\":{\"@id\":\"https:\\\/\\\/www.sindicaturabarcelona.cat\\\/es\\\/#website\"},\"primaryImageOfPage\":{\"@id\":\"https:\\\/\\\/www.sindicaturabarcelona.cat\\\/es\\\/la-sindicatura-refuerza-su-proyeccion-internacional-participando-en-una-jornada-sobre-derechos-digitales-en-amsterdam\\\/#primaryimage\"},\"image\":{\"@id\":\"https:\\\/\\\/www.sindicaturabarcelona.cat\\\/es\\\/la-sindicatura-refuerza-su-proyeccion-internacional-participando-en-una-jornada-sobre-derechos-digitales-en-amsterdam\\\/#primaryimage\"},\"thumbnailUrl\":\"https:\\\/\\\/www.sindicaturabarcelona.cat\\\/wp-content\\\/uploads\\\/image006.jpg\",\"datePublished\":\"2026-04-14T05:25:30+00:00\",\"dateModified\":\"2026-04-14T14:06:59+00:00\",\"description\":\"El encuentro re\u00fane a unas setenta instituciones para avanzar en unos principios comunes de dignidad y equidad digitales\",\"breadcrumb\":{\"@id\":\"https:\\\/\\\/www.sindicaturabarcelona.cat\\\/es\\\/la-sindicatura-refuerza-su-proyeccion-internacional-participando-en-una-jornada-sobre-derechos-digitales-en-amsterdam\\\/#breadcrumb\"},\"inLanguage\":\"es\",\"potentialAction\":[{\"@type\":\"ReadAction\",\"target\":[\"https:\\\/\\\/www.sindicaturabarcelona.cat\\\/es\\\/la-sindicatura-refuerza-su-proyeccion-internacional-participando-en-una-jornada-sobre-derechos-digitales-en-amsterdam\\\/\"]}]},{\"@type\":\"ImageObject\",\"inLanguage\":\"es\",\"@id\":\"https:\\\/\\\/www.sindicaturabarcelona.cat\\\/es\\\/la-sindicatura-refuerza-su-proyeccion-internacional-participando-en-una-jornada-sobre-derechos-digitales-en-amsterdam\\\/#primaryimage\",\"url\":\"https:\\\/\\\/www.sindicaturabarcelona.cat\\\/wp-content\\\/uploads\\\/image006.jpg\",\"contentUrl\":\"https:\\\/\\\/www.sindicaturabarcelona.cat\\\/wp-content\\\/uploads\\\/image006.jpg\",\"width\":2016,\"height\":1512,\"caption\":\"Oriol Puig, cap de gabinet de la Sindicatura, durant la intervenci\u00f3\"},{\"@type\":\"BreadcrumbList\",\"@id\":\"https:\\\/\\\/www.sindicaturabarcelona.cat\\\/es\\\/la-sindicatura-refuerza-su-proyeccion-internacional-participando-en-una-jornada-sobre-derechos-digitales-en-amsterdam\\\/#breadcrumb\",\"itemListElement\":[{\"@type\":\"ListItem\",\"position\":1,\"name\":\"Inici\",\"item\":\"https:\\\/\\\/www.sindicaturabarcelona.cat\\\/es\\\/\"},{\"@type\":\"ListItem\",\"position\":2,\"name\":\"La Sindicatura refuerza su proyecci\u00f3n internacional participando en una jornada sobre derechos digitales en \u00c1msterdam\"}]},{\"@type\":\"WebSite\",\"@id\":\"https:\\\/\\\/www.sindicaturabarcelona.cat\\\/es\\\/#website\",\"url\":\"https:\\\/\\\/www.sindicaturabarcelona.cat\\\/es\\\/\",\"name\":\"Sindicatura de Greuges de Barcelona\",\"description\":\"La defensoria dels teus drets\",\"publisher\":{\"@id\":\"https:\\\/\\\/www.sindicaturabarcelona.cat\\\/es\\\/#organization\"},\"potentialAction\":[{\"@type\":\"SearchAction\",\"target\":{\"@type\":\"EntryPoint\",\"urlTemplate\":\"https:\\\/\\\/www.sindicaturabarcelona.cat\\\/es\\\/?s={search_term_string}\"},\"query-input\":{\"@type\":\"PropertyValueSpecification\",\"valueRequired\":true,\"valueName\":\"search_term_string\"}}],\"inLanguage\":\"es\"},{\"@type\":\"Organization\",\"@id\":\"https:\\\/\\\/www.sindicaturabarcelona.cat\\\/es\\\/#organization\",\"name\":\"Sindicatura de Greuges de Barcelona\",\"url\":\"https:\\\/\\\/www.sindicaturabarcelona.cat\\\/es\\\/\",\"logo\":{\"@type\":\"ImageObject\",\"inLanguage\":\"es\",\"@id\":\"https:\\\/\\\/www.sindicaturabarcelona.cat\\\/es\\\/#\\\/schema\\\/logo\\\/image\\\/\",\"url\":\"https:\\\/\\\/www.sindicaturabarcelona.cat\\\/wp-content\\\/uploads\\\/2023\\\/02\\\/logo_sindicatura.svg\",\"contentUrl\":\"https:\\\/\\\/www.sindicaturabarcelona.cat\\\/wp-content\\\/uploads\\\/2023\\\/02\\\/logo_sindicatura.svg\",\"caption\":\"Sindicatura de Greuges de Barcelona\"},\"image\":{\"@id\":\"https:\\\/\\\/www.sindicaturabarcelona.cat\\\/es\\\/#\\\/schema\\\/logo\\\/image\\\/\"},\"sameAs\":[\"https:\\\/\\\/x.com\\\/sindicbarcelona\",\"https:\\\/\\\/www.instagram.com\\\/sindicbarcelona\\\/\",\"https:\\\/\\\/www.tiktok.com\\\/@sindicaturabcn\",\"https:\\\/\\\/t.me\\\/sindicaturabarcelona\"]},{\"@type\":\"Person\",\"@id\":\"https:\\\/\\\/www.sindicaturabarcelona.cat\\\/es\\\/#\\\/schema\\\/person\\\/0690b05fdcbf9e43b34103e845240789\",\"name\":\"Carme Rocamora\",\"image\":{\"@type\":\"ImageObject\",\"inLanguage\":\"es\",\"@id\":\"https:\\\/\\\/secure.gravatar.com\\\/avatar\\\/7d5e980ef632f555fa40f97d06e5c8ec4ec568974a95778749d6a6279aa1faef?s=96&d=mm&r=g\",\"url\":\"https:\\\/\\\/secure.gravatar.com\\\/avatar\\\/7d5e980ef632f555fa40f97d06e5c8ec4ec568974a95778749d6a6279aa1faef?s=96&d=mm&r=g\",\"contentUrl\":\"https:\\\/\\\/secure.gravatar.com\\\/avatar\\\/7d5e980ef632f555fa40f97d06e5c8ec4ec568974a95778749d6a6279aa1faef?s=96&d=mm&r=g\",\"caption\":\"Carme Rocamora\"},\"url\":\"https:\\\/\\\/www.sindicaturabarcelona.cat\\\/es\\\/author\\\/crocamora\\\/\"}]}<\/script>\n<!-- \/ Yoast SEO plugin. -->","yoast_head_json":{"title":"La Sindicatura refuerza su proyecci\u00f3n internacional participando en una jornada sobre derechos digitales en \u00c1msterdam - Sindicatura de Greuges de Barcelona","description":"El encuentro re\u00fane a unas setenta instituciones para avanzar en unos principios comunes de dignidad y equidad digitales","robots":{"index":"index","follow":"follow","max-snippet":"max-snippet:-1","max-image-preview":"max-image-preview:large","max-video-preview":"max-video-preview:-1"},"canonical":"https:\/\/www.sindicaturabarcelona.cat\/es\/la-sindicatura-refuerza-su-proyeccion-internacional-participando-en-una-jornada-sobre-derechos-digitales-en-amsterdam\/","og_locale":"es_ES","og_type":"article","og_title":"La Sindicatura refuerza su proyecci\u00f3n internacional participando en una jornada sobre derechos digitales en \u00c1msterdam - Sindicatura de Greuges de Barcelona","og_description":"El encuentro re\u00fane a unas setenta instituciones para avanzar en unos principios comunes de dignidad y equidad digitales","og_url":"https:\/\/www.sindicaturabarcelona.cat\/es\/la-sindicatura-refuerza-su-proyeccion-internacional-participando-en-una-jornada-sobre-derechos-digitales-en-amsterdam\/","og_site_name":"Sindicatura de Greuges de Barcelona","article_published_time":"2026-04-14T05:25:30+00:00","article_modified_time":"2026-04-14T14:06:59+00:00","og_image":[{"width":2016,"height":1512,"url":"https:\/\/www.sindicaturabarcelona.cat\/wp-content\/uploads\/image006.jpg","type":"image\/jpeg"}],"author":"Carme Rocamora","twitter_card":"summary_large_image","twitter_creator":"@sindicbarcelona","twitter_site":"@sindicbarcelona","twitter_misc":{"Escrito por":"Carme Rocamora","Tiempo de lectura":"3 minutos"},"schema":{"@context":"https:\/\/schema.org","@graph":[{"@type":"Article","@id":"https:\/\/www.sindicaturabarcelona.cat\/es\/la-sindicatura-refuerza-su-proyeccion-internacional-participando-en-una-jornada-sobre-derechos-digitales-en-amsterdam\/#article","isPartOf":{"@id":"https:\/\/www.sindicaturabarcelona.cat\/es\/la-sindicatura-refuerza-su-proyeccion-internacional-participando-en-una-jornada-sobre-derechos-digitales-en-amsterdam\/"},"author":{"name":"Carme Rocamora","@id":"https:\/\/www.sindicaturabarcelona.cat\/es\/#\/schema\/person\/0690b05fdcbf9e43b34103e845240789"},"headline":"La Sindicatura refuerza su proyecci\u00f3n internacional participando en una jornada sobre derechos digitales en \u00c1msterdam","datePublished":"2026-04-14T05:25:30+00:00","dateModified":"2026-04-14T14:06:59+00:00","mainEntityOfPage":{"@id":"https:\/\/www.sindicaturabarcelona.cat\/es\/la-sindicatura-refuerza-su-proyeccion-internacional-participando-en-una-jornada-sobre-derechos-digitales-en-amsterdam\/"},"wordCount":418,"publisher":{"@id":"https:\/\/www.sindicaturabarcelona.cat\/es\/#organization"},"image":{"@id":"https:\/\/www.sindicaturabarcelona.cat\/es\/la-sindicatura-refuerza-su-proyeccion-internacional-participando-en-una-jornada-sobre-derechos-digitales-en-amsterdam\/#primaryimage"},"thumbnailUrl":"https:\/\/www.sindicaturabarcelona.cat\/wp-content\/uploads\/image006.jpg","keywords":["Amsterdam"],"inLanguage":"es"},{"@type":"WebPage","@id":"https:\/\/www.sindicaturabarcelona.cat\/es\/la-sindicatura-refuerza-su-proyeccion-internacional-participando-en-una-jornada-sobre-derechos-digitales-en-amsterdam\/","url":"https:\/\/www.sindicaturabarcelona.cat\/es\/la-sindicatura-refuerza-su-proyeccion-internacional-participando-en-una-jornada-sobre-derechos-digitales-en-amsterdam\/","name":"La Sindicatura refuerza su proyecci\u00f3n internacional participando en una jornada sobre derechos digitales en \u00c1msterdam - Sindicatura de Greuges de Barcelona","isPartOf":{"@id":"https:\/\/www.sindicaturabarcelona.cat\/es\/#website"},"primaryImageOfPage":{"@id":"https:\/\/www.sindicaturabarcelona.cat\/es\/la-sindicatura-refuerza-su-proyeccion-internacional-participando-en-una-jornada-sobre-derechos-digitales-en-amsterdam\/#primaryimage"},"image":{"@id":"https:\/\/www.sindicaturabarcelona.cat\/es\/la-sindicatura-refuerza-su-proyeccion-internacional-participando-en-una-jornada-sobre-derechos-digitales-en-amsterdam\/#primaryimage"},"thumbnailUrl":"https:\/\/www.sindicaturabarcelona.cat\/wp-content\/uploads\/image006.jpg","datePublished":"2026-04-14T05:25:30+00:00","dateModified":"2026-04-14T14:06:59+00:00","description":"El encuentro re\u00fane a unas setenta instituciones para avanzar en unos principios comunes de dignidad y equidad digitales","breadcrumb":{"@id":"https:\/\/www.sindicaturabarcelona.cat\/es\/la-sindicatura-refuerza-su-proyeccion-internacional-participando-en-una-jornada-sobre-derechos-digitales-en-amsterdam\/#breadcrumb"},"inLanguage":"es","potentialAction":[{"@type":"ReadAction","target":["https:\/\/www.sindicaturabarcelona.cat\/es\/la-sindicatura-refuerza-su-proyeccion-internacional-participando-en-una-jornada-sobre-derechos-digitales-en-amsterdam\/"]}]},{"@type":"ImageObject","inLanguage":"es","@id":"https:\/\/www.sindicaturabarcelona.cat\/es\/la-sindicatura-refuerza-su-proyeccion-internacional-participando-en-una-jornada-sobre-derechos-digitales-en-amsterdam\/#primaryimage","url":"https:\/\/www.sindicaturabarcelona.cat\/wp-content\/uploads\/image006.jpg","contentUrl":"https:\/\/www.sindicaturabarcelona.cat\/wp-content\/uploads\/image006.jpg","width":2016,"height":1512,"caption":"Oriol Puig, cap de gabinet de la Sindicatura, durant la intervenci\u00f3"},{"@type":"BreadcrumbList","@id":"https:\/\/www.sindicaturabarcelona.cat\/es\/la-sindicatura-refuerza-su-proyeccion-internacional-participando-en-una-jornada-sobre-derechos-digitales-en-amsterdam\/#breadcrumb","itemListElement":[{"@type":"ListItem","position":1,"name":"Inici","item":"https:\/\/www.sindicaturabarcelona.cat\/es\/"},{"@type":"ListItem","position":2,"name":"La Sindicatura refuerza su proyecci\u00f3n internacional participando en una jornada sobre derechos digitales en \u00c1msterdam"}]},{"@type":"WebSite","@id":"https:\/\/www.sindicaturabarcelona.cat\/es\/#website","url":"https:\/\/www.sindicaturabarcelona.cat\/es\/","name":"Sindicatura de Greuges de Barcelona","description":"La defensoria dels teus drets","publisher":{"@id":"https:\/\/www.sindicaturabarcelona.cat\/es\/#organization"},"potentialAction":[{"@type":"SearchAction","target":{"@type":"EntryPoint","urlTemplate":"https:\/\/www.sindicaturabarcelona.cat\/es\/?s={search_term_string}"},"query-input":{"@type":"PropertyValueSpecification","valueRequired":true,"valueName":"search_term_string"}}],"inLanguage":"es"},{"@type":"Organization","@id":"https:\/\/www.sindicaturabarcelona.cat\/es\/#organization","name":"Sindicatura de Greuges de Barcelona","url":"https:\/\/www.sindicaturabarcelona.cat\/es\/","logo":{"@type":"ImageObject","inLanguage":"es","@id":"https:\/\/www.sindicaturabarcelona.cat\/es\/#\/schema\/logo\/image\/","url":"https:\/\/www.sindicaturabarcelona.cat\/wp-content\/uploads\/2023\/02\/logo_sindicatura.svg","contentUrl":"https:\/\/www.sindicaturabarcelona.cat\/wp-content\/uploads\/2023\/02\/logo_sindicatura.svg","caption":"Sindicatura de Greuges de Barcelona"},"image":{"@id":"https:\/\/www.sindicaturabarcelona.cat\/es\/#\/schema\/logo\/image\/"},"sameAs":["https:\/\/x.com\/sindicbarcelona","https:\/\/www.instagram.com\/sindicbarcelona\/","https:\/\/www.tiktok.com\/@sindicaturabcn","https:\/\/t.me\/sindicaturabarcelona"]},{"@type":"Person","@id":"https:\/\/www.sindicaturabarcelona.cat\/es\/#\/schema\/person\/0690b05fdcbf9e43b34103e845240789","name":"Carme Rocamora","image":{"@type":"ImageObject","inLanguage":"es","@id":"https:\/\/secure.gravatar.com\/avatar\/7d5e980ef632f555fa40f97d06e5c8ec4ec568974a95778749d6a6279aa1faef?s=96&d=mm&r=g","url":"https:\/\/secure.gravatar.com\/avatar\/7d5e980ef632f555fa40f97d06e5c8ec4ec568974a95778749d6a6279aa1faef?s=96&d=mm&r=g","contentUrl":"https:\/\/secure.gravatar.com\/avatar\/7d5e980ef632f555fa40f97d06e5c8ec4ec568974a95778749d6a6279aa1faef?s=96&d=mm&r=g","caption":"Carme Rocamora"},"url":"https:\/\/www.sindicaturabarcelona.cat\/es\/author\/crocamora\/"}]}},"_links":{"self":[{"href":"https:\/\/www.sindicaturabarcelona.cat\/es\/wp-json\/wp\/v2\/posts\/42387","targetHints":{"allow":["GET"]}}],"collection":[{"href":"https:\/\/www.sindicaturabarcelona.cat\/es\/wp-json\/wp\/v2\/posts"}],"about":[{"href":"https:\/\/www.sindicaturabarcelona.cat\/es\/wp-json\/wp\/v2\/types\/post"}],"author":[{"embeddable":true,"href":"https:\/\/www.sindicaturabarcelona.cat\/es\/wp-json\/wp\/v2\/users\/7"}],"replies":[{"embeddable":true,"href":"https:\/\/www.sindicaturabarcelona.cat\/es\/wp-json\/wp\/v2\/comments?post=42387"}],"version-history":[{"count":3,"href":"https:\/\/www.sindicaturabarcelona.cat\/es\/wp-json\/wp\/v2\/posts\/42387\/revisions"}],"predecessor-version":[{"id":42390,"href":"https:\/\/www.sindicaturabarcelona.cat\/es\/wp-json\/wp\/v2\/posts\/42387\/revisions\/42390"}],"wp:featuredmedia":[{"embeddable":true,"href":"https:\/\/www.sindicaturabarcelona.cat\/es\/wp-json\/wp\/v2\/media\/42272"}],"wp:attachment":[{"href":"https:\/\/www.sindicaturabarcelona.cat\/es\/wp-json\/wp\/v2\/media?parent=42387"}],"wp:term":[{"taxonomy":"post_tag","embeddable":true,"href":"https:\/\/www.sindicaturabarcelona.cat\/es\/wp-json\/wp\/v2\/tags?post=42387"},{"taxonomy":"drets","embeddable":true,"href":"https:\/\/www.sindicaturabarcelona.cat\/es\/wp-json\/wp\/v2\/drets?post=42387"}],"curies":[{"name":"wp","href":"https:\/\/api.w.org\/{rel}","templated":true}]}}