{"id":41944,"date":"2026-03-09T14:33:20","date_gmt":"2026-03-09T12:33:20","guid":{"rendered":"https:\/\/www.sindicaturabarcelona.cat\/empieza-el-proceso-de-eleccion-del-sindic-o-sindica-de-greuges-de-barcelona\/"},"modified":"2026-03-10T09:25:50","modified_gmt":"2026-03-10T07:25:50","slug":"empieza-el-proceso-de-eleccion-del-sindic-o-sindica-de-greuges-de-barcelona","status":"publish","type":"post","link":"https:\/\/www.sindicaturabarcelona.cat\/es\/empieza-el-proceso-de-eleccion-del-sindic-o-sindica-de-greuges-de-barcelona\/","title":{"rendered":"Empieza el proceso de elecci\u00f3n del s\u00edndic o s\u00edndica de greuges de Barcelona"},"content":{"rendered":"\n<h2 class=\"wp-block-heading\"><strong>El 16 de marzo inicia el plazo de dos meses para que las entidades barcelonesas propongan candidaturas de aquellas personas que consideren adecuadas para ejercer el cargo de s\u00edndic\/a de greuges de Barcelona.<\/strong><\/h2>\n\n\n\n<p><strong>Barcelona, 9 de marzo de 2026<\/strong> &#8211; El proceso de elecci\u00f3n de s\u00edndico\/ de greuges de Barcelona empieza el 16 de marzo de 2026, con la apertura de una fase de consultas a las entidades inscritas en el Registro de entidades ciudadanas, con el prop\u00f3sito de que propongan a aquellas personas que consideren adecuadas para ejercer el cargo.<\/p>\n\n\n\n<p>Aunque la normativa no prev\u00e9 ning\u00fan l\u00edmite de candidaturas, es habitual el trabajo conjunto y la colaboraci\u00f3n entre las entidades, con el objetivo de buscar candidaturas consensuadas. <strong>En 2016 surgieron de esta primera fase de consultas a las entidades cinco persones candidatas, y en 2021 fueron ocho.<\/strong><\/p>\n\n\n\n<p>El <a href=\"https:\/\/www.sindicaturabarcelona.cat\/wp-content\/uploads\/Reglament-Sindicatura-de-Greuges-de-Barcelona.pdf\" target=\"_blank\" rel=\"noopener\">reglamento de la Sindicatura de Greuges de Barcelona<\/a> establece que <strong>el alcalde ser\u00e1 quien consultar\u00e1 los grupos municipales y propondr\u00e1 al Consejo Municipal el nombramiento del s\u00edndic\/a<\/strong> de greuges de la ciudad.<\/p>\n\n\n\n<h2 class=\"wp-block-heading\"><strong>Mandatos de cinco a\u00f1os y m\u00e1ximo de dos mandatos<\/strong><\/h2>\n\n\n\n<p><strong>El s\u00edndic\/a de greuges de Barcelona es nombrado por el <a href=\"https:\/\/ajuntament.barcelona.cat\/es\/\" target=\"_blank\" rel=\"noreferrer noopener\">Consejo Municipal<\/a> a propuesta del alcalde por un mandato de cinco a\u00f1os, y puede ser nombrado por otro mandato igual.<\/strong><\/p>\n\n\n\n<p><strong>El acuerdo del Consejo Municipal debe ser adoptado por una mayor\u00eda de dos terceras partes<\/strong> de los miembros presentes, que representen, como m\u00ednimo, la mayor\u00eda absoluta del n\u00famero legal de miembros de la Corporaci\u00f3n.<\/p>\n\n\n\n<p>Hasta ahora, <strong>la Sindicatura de Greuges de Barcelona ha contado con tres personas al frente de la instituci\u00f3n<\/strong>:<\/p>\n\n\n\n<ul class=\"wp-block-list\">\n<li>Pilar Malla (2004-2010, un mandato)<\/li>\n\n\n\n<li>Maria Assumpci\u00f3 Vil\u00e0 (2010-2021, dos mandatos)<\/li>\n\n\n\n<li>David Bondia (2021-2026, un mandato)<\/li>\n<\/ul>\n","protected":false},"excerpt":{"rendered":"<p>El 16 de marzo inicia el plazo de dos meses para que las entidades barcelonesas propongan candidaturas de aquellas personas que consideren adecuadas para ejercer el cargo de s\u00edndic\/a de [&hellip;]<\/p>\n","protected":false},"author":2,"featured_media":41942,"comment_status":"closed","ping_status":"closed","sticky":false,"template":"","format":"standard","meta":{"_acf_changed":false,"footnotes":""},"tags":[],"drets":[],"class_list":["post-41944","post","type-post","status-publish","format-standard","has-post-thumbnail","hentry"],"acf":[],"yoast_head":"<!-- This site is optimized with the Yoast SEO plugin v27.5 - https:\/\/yoast.com\/product\/yoast-seo-wordpress\/ -->\n<title>Empieza el proceso de elecci\u00f3n del s\u00edndic o s\u00edndica de greuges de Barcelona - Sindicatura de Greuges de Barcelona<\/title>\n<meta name=\"description\" content=\"El 16 de marzo inicia el plazo de dos meses para que las entidades barcelonesas propongan candidaturas de aquellas personas que consideren adecuadas para ejercer el cargo de s\u00edndic\/a de greuges de Barcelona.\" \/>\n<meta name=\"robots\" content=\"index, follow, max-snippet:-1, max-image-preview:large, max-video-preview:-1\" \/>\n<link rel=\"canonical\" href=\"https:\/\/www.sindicaturabarcelona.cat\/es\/empieza-el-proceso-de-eleccion-del-sindic-o-sindica-de-greuges-de-barcelona\/\" \/>\n<meta property=\"og:locale\" content=\"es_ES\" \/>\n<meta property=\"og:type\" content=\"article\" \/>\n<meta property=\"og:title\" content=\"Empieza el proceso de elecci\u00f3n del s\u00edndic o s\u00edndica de greuges de Barcelona - Sindicatura de Greuges de Barcelona\" \/>\n<meta property=\"og:description\" content=\"El 16 de marzo inicia el plazo de dos meses para que las entidades barcelonesas propongan candidaturas de aquellas personas que consideren adecuadas para ejercer el cargo de s\u00edndic\/a de greuges de Barcelona.\" \/>\n<meta property=\"og:url\" content=\"https:\/\/www.sindicaturabarcelona.cat\/es\/empieza-el-proceso-de-eleccion-del-sindic-o-sindica-de-greuges-de-barcelona\/\" \/>\n<meta property=\"og:site_name\" content=\"Sindicatura de Greuges de Barcelona\" \/>\n<meta property=\"article:published_time\" content=\"2026-03-09T12:33:20+00:00\" \/>\n<meta property=\"article:modified_time\" content=\"2026-03-10T07:25:50+00:00\" \/>\n<meta property=\"og:image\" content=\"https:\/\/www.sindicaturabarcelona.cat\/wp-content\/uploads\/IMG_5591.jpeg\" \/>\n\t<meta property=\"og:image:width\" content=\"2000\" \/>\n\t<meta property=\"og:image:height\" content=\"1500\" \/>\n\t<meta property=\"og:image:type\" content=\"image\/jpeg\" \/>\n<meta name=\"author\" content=\"Pablo\" \/>\n<meta name=\"twitter:card\" content=\"summary_large_image\" \/>\n<meta name=\"twitter:creator\" content=\"@sindicbarcelona\" \/>\n<meta name=\"twitter:site\" content=\"@sindicbarcelona\" \/>\n<meta name=\"twitter:label1\" content=\"Escrito por\" \/>\n\t<meta name=\"twitter:data1\" content=\"Pablo\" \/>\n\t<meta name=\"twitter:label2\" content=\"Tiempo de lectura\" \/>\n\t<meta name=\"twitter:data2\" content=\"2 minutos\" \/>\n<script type=\"application\/ld+json\" class=\"yoast-schema-graph\">{\"@context\":\"https:\\\/\\\/schema.org\",\"@graph\":[{\"@type\":\"Article\",\"@id\":\"https:\\\/\\\/www.sindicaturabarcelona.cat\\\/es\\\/empieza-el-proceso-de-eleccion-del-sindic-o-sindica-de-greuges-de-barcelona\\\/#article\",\"isPartOf\":{\"@id\":\"https:\\\/\\\/www.sindicaturabarcelona.cat\\\/es\\\/empieza-el-proceso-de-eleccion-del-sindic-o-sindica-de-greuges-de-barcelona\\\/\"},\"author\":{\"name\":\"Pablo\",\"@id\":\"https:\\\/\\\/www.sindicaturabarcelona.cat\\\/es\\\/#\\\/schema\\\/person\\\/0e5acffc350ffdbc97578159322c9452\"},\"headline\":\"Empieza el proceso de elecci\u00f3n del s\u00edndic o s\u00edndica de greuges de Barcelona\",\"datePublished\":\"2026-03-09T12:33:20+00:00\",\"dateModified\":\"2026-03-10T07:25:50+00:00\",\"mainEntityOfPage\":{\"@id\":\"https:\\\/\\\/www.sindicaturabarcelona.cat\\\/es\\\/empieza-el-proceso-de-eleccion-del-sindic-o-sindica-de-greuges-de-barcelona\\\/\"},\"wordCount\":308,\"publisher\":{\"@id\":\"https:\\\/\\\/www.sindicaturabarcelona.cat\\\/es\\\/#organization\"},\"image\":{\"@id\":\"https:\\\/\\\/www.sindicaturabarcelona.cat\\\/es\\\/empieza-el-proceso-de-eleccion-del-sindic-o-sindica-de-greuges-de-barcelona\\\/#primaryimage\"},\"thumbnailUrl\":\"https:\\\/\\\/www.sindicaturabarcelona.cat\\\/wp-content\\\/uploads\\\/IMG_5591.jpeg\",\"inLanguage\":\"es\"},{\"@type\":\"WebPage\",\"@id\":\"https:\\\/\\\/www.sindicaturabarcelona.cat\\\/es\\\/empieza-el-proceso-de-eleccion-del-sindic-o-sindica-de-greuges-de-barcelona\\\/\",\"url\":\"https:\\\/\\\/www.sindicaturabarcelona.cat\\\/es\\\/empieza-el-proceso-de-eleccion-del-sindic-o-sindica-de-greuges-de-barcelona\\\/\",\"name\":\"Empieza el proceso de elecci\u00f3n del s\u00edndic o s\u00edndica de greuges de Barcelona - Sindicatura de Greuges de Barcelona\",\"isPartOf\":{\"@id\":\"https:\\\/\\\/www.sindicaturabarcelona.cat\\\/es\\\/#website\"},\"primaryImageOfPage\":{\"@id\":\"https:\\\/\\\/www.sindicaturabarcelona.cat\\\/es\\\/empieza-el-proceso-de-eleccion-del-sindic-o-sindica-de-greuges-de-barcelona\\\/#primaryimage\"},\"image\":{\"@id\":\"https:\\\/\\\/www.sindicaturabarcelona.cat\\\/es\\\/empieza-el-proceso-de-eleccion-del-sindic-o-sindica-de-greuges-de-barcelona\\\/#primaryimage\"},\"thumbnailUrl\":\"https:\\\/\\\/www.sindicaturabarcelona.cat\\\/wp-content\\\/uploads\\\/IMG_5591.jpeg\",\"datePublished\":\"2026-03-09T12:33:20+00:00\",\"dateModified\":\"2026-03-10T07:25:50+00:00\",\"description\":\"El 16 de marzo inicia el plazo de dos meses para que las entidades barcelonesas propongan candidaturas de aquellas personas que consideren adecuadas para ejercer el cargo de s\u00edndic\\\/a de greuges de Barcelona.\",\"breadcrumb\":{\"@id\":\"https:\\\/\\\/www.sindicaturabarcelona.cat\\\/es\\\/empieza-el-proceso-de-eleccion-del-sindic-o-sindica-de-greuges-de-barcelona\\\/#breadcrumb\"},\"inLanguage\":\"es\",\"potentialAction\":[{\"@type\":\"ReadAction\",\"target\":[\"https:\\\/\\\/www.sindicaturabarcelona.cat\\\/es\\\/empieza-el-proceso-de-eleccion-del-sindic-o-sindica-de-greuges-de-barcelona\\\/\"]}]},{\"@type\":\"ImageObject\",\"inLanguage\":\"es\",\"@id\":\"https:\\\/\\\/www.sindicaturabarcelona.cat\\\/es\\\/empieza-el-proceso-de-eleccion-del-sindic-o-sindica-de-greuges-de-barcelona\\\/#primaryimage\",\"url\":\"https:\\\/\\\/www.sindicaturabarcelona.cat\\\/wp-content\\\/uploads\\\/IMG_5591.jpeg\",\"contentUrl\":\"https:\\\/\\\/www.sindicaturabarcelona.cat\\\/wp-content\\\/uploads\\\/IMG_5591.jpeg\",\"width\":2000,\"height\":1500,\"caption\":\"Oficina de la Sindicatura de Greuges de Barcelona\"},{\"@type\":\"BreadcrumbList\",\"@id\":\"https:\\\/\\\/www.sindicaturabarcelona.cat\\\/es\\\/empieza-el-proceso-de-eleccion-del-sindic-o-sindica-de-greuges-de-barcelona\\\/#breadcrumb\",\"itemListElement\":[{\"@type\":\"ListItem\",\"position\":1,\"name\":\"Inici\",\"item\":\"https:\\\/\\\/www.sindicaturabarcelona.cat\\\/es\\\/\"},{\"@type\":\"ListItem\",\"position\":2,\"name\":\"Empieza el proceso de elecci\u00f3n del s\u00edndic o s\u00edndica de greuges de Barcelona\"}]},{\"@type\":\"WebSite\",\"@id\":\"https:\\\/\\\/www.sindicaturabarcelona.cat\\\/es\\\/#website\",\"url\":\"https:\\\/\\\/www.sindicaturabarcelona.cat\\\/es\\\/\",\"name\":\"Sindicatura de Greuges de Barcelona\",\"description\":\"La defensoria dels teus drets\",\"publisher\":{\"@id\":\"https:\\\/\\\/www.sindicaturabarcelona.cat\\\/es\\\/#organization\"},\"potentialAction\":[{\"@type\":\"SearchAction\",\"target\":{\"@type\":\"EntryPoint\",\"urlTemplate\":\"https:\\\/\\\/www.sindicaturabarcelona.cat\\\/es\\\/?s={search_term_string}\"},\"query-input\":{\"@type\":\"PropertyValueSpecification\",\"valueRequired\":true,\"valueName\":\"search_term_string\"}}],\"inLanguage\":\"es\"},{\"@type\":\"Organization\",\"@id\":\"https:\\\/\\\/www.sindicaturabarcelona.cat\\\/es\\\/#organization\",\"name\":\"Sindicatura de Greuges de Barcelona\",\"url\":\"https:\\\/\\\/www.sindicaturabarcelona.cat\\\/es\\\/\",\"logo\":{\"@type\":\"ImageObject\",\"inLanguage\":\"es\",\"@id\":\"https:\\\/\\\/www.sindicaturabarcelona.cat\\\/es\\\/#\\\/schema\\\/logo\\\/image\\\/\",\"url\":\"https:\\\/\\\/www.sindicaturabarcelona.cat\\\/wp-content\\\/uploads\\\/2023\\\/02\\\/logo_sindicatura.svg\",\"contentUrl\":\"https:\\\/\\\/www.sindicaturabarcelona.cat\\\/wp-content\\\/uploads\\\/2023\\\/02\\\/logo_sindicatura.svg\",\"caption\":\"Sindicatura de Greuges de Barcelona\"},\"image\":{\"@id\":\"https:\\\/\\\/www.sindicaturabarcelona.cat\\\/es\\\/#\\\/schema\\\/logo\\\/image\\\/\"},\"sameAs\":[\"https:\\\/\\\/x.com\\\/sindicbarcelona\",\"https:\\\/\\\/www.instagram.com\\\/sindicbarcelona\\\/\",\"https:\\\/\\\/www.tiktok.com\\\/@sindicaturabcn\",\"https:\\\/\\\/t.me\\\/sindicaturabarcelona\"]},{\"@type\":\"Person\",\"@id\":\"https:\\\/\\\/www.sindicaturabarcelona.cat\\\/es\\\/#\\\/schema\\\/person\\\/0e5acffc350ffdbc97578159322c9452\",\"name\":\"Pablo\",\"image\":{\"@type\":\"ImageObject\",\"inLanguage\":\"es\",\"@id\":\"https:\\\/\\\/secure.gravatar.com\\\/avatar\\\/c948169b402ef9492afde705c3dfd5e90e1a6a84ef6840a91124f805a25a480f?s=96&d=mm&r=g\",\"url\":\"https:\\\/\\\/secure.gravatar.com\\\/avatar\\\/c948169b402ef9492afde705c3dfd5e90e1a6a84ef6840a91124f805a25a480f?s=96&d=mm&r=g\",\"contentUrl\":\"https:\\\/\\\/secure.gravatar.com\\\/avatar\\\/c948169b402ef9492afde705c3dfd5e90e1a6a84ef6840a91124f805a25a480f?s=96&d=mm&r=g\",\"caption\":\"Pablo\"},\"url\":\"https:\\\/\\\/www.sindicaturabarcelona.cat\\\/es\\\/author\\\/pablo\\\/\"}]}<\/script>\n<!-- \/ Yoast SEO plugin. -->","yoast_head_json":{"title":"Empieza el proceso de elecci\u00f3n del s\u00edndic o s\u00edndica de greuges de Barcelona - Sindicatura de Greuges de Barcelona","description":"El 16 de marzo inicia el plazo de dos meses para que las entidades barcelonesas propongan candidaturas de aquellas personas que consideren adecuadas para ejercer el cargo de s\u00edndic\/a de greuges de Barcelona.","robots":{"index":"index","follow":"follow","max-snippet":"max-snippet:-1","max-image-preview":"max-image-preview:large","max-video-preview":"max-video-preview:-1"},"canonical":"https:\/\/www.sindicaturabarcelona.cat\/es\/empieza-el-proceso-de-eleccion-del-sindic-o-sindica-de-greuges-de-barcelona\/","og_locale":"es_ES","og_type":"article","og_title":"Empieza el proceso de elecci\u00f3n del s\u00edndic o s\u00edndica de greuges de Barcelona - Sindicatura de Greuges de Barcelona","og_description":"El 16 de marzo inicia el plazo de dos meses para que las entidades barcelonesas propongan candidaturas de aquellas personas que consideren adecuadas para ejercer el cargo de s\u00edndic\/a de greuges de Barcelona.","og_url":"https:\/\/www.sindicaturabarcelona.cat\/es\/empieza-el-proceso-de-eleccion-del-sindic-o-sindica-de-greuges-de-barcelona\/","og_site_name":"Sindicatura de Greuges de Barcelona","article_published_time":"2026-03-09T12:33:20+00:00","article_modified_time":"2026-03-10T07:25:50+00:00","og_image":[{"width":2000,"height":1500,"url":"https:\/\/www.sindicaturabarcelona.cat\/wp-content\/uploads\/IMG_5591.jpeg","type":"image\/jpeg"}],"author":"Pablo","twitter_card":"summary_large_image","twitter_creator":"@sindicbarcelona","twitter_site":"@sindicbarcelona","twitter_misc":{"Escrito por":"Pablo","Tiempo de lectura":"2 minutos"},"schema":{"@context":"https:\/\/schema.org","@graph":[{"@type":"Article","@id":"https:\/\/www.sindicaturabarcelona.cat\/es\/empieza-el-proceso-de-eleccion-del-sindic-o-sindica-de-greuges-de-barcelona\/#article","isPartOf":{"@id":"https:\/\/www.sindicaturabarcelona.cat\/es\/empieza-el-proceso-de-eleccion-del-sindic-o-sindica-de-greuges-de-barcelona\/"},"author":{"name":"Pablo","@id":"https:\/\/www.sindicaturabarcelona.cat\/es\/#\/schema\/person\/0e5acffc350ffdbc97578159322c9452"},"headline":"Empieza el proceso de elecci\u00f3n del s\u00edndic o s\u00edndica de greuges de Barcelona","datePublished":"2026-03-09T12:33:20+00:00","dateModified":"2026-03-10T07:25:50+00:00","mainEntityOfPage":{"@id":"https:\/\/www.sindicaturabarcelona.cat\/es\/empieza-el-proceso-de-eleccion-del-sindic-o-sindica-de-greuges-de-barcelona\/"},"wordCount":308,"publisher":{"@id":"https:\/\/www.sindicaturabarcelona.cat\/es\/#organization"},"image":{"@id":"https:\/\/www.sindicaturabarcelona.cat\/es\/empieza-el-proceso-de-eleccion-del-sindic-o-sindica-de-greuges-de-barcelona\/#primaryimage"},"thumbnailUrl":"https:\/\/www.sindicaturabarcelona.cat\/wp-content\/uploads\/IMG_5591.jpeg","inLanguage":"es"},{"@type":"WebPage","@id":"https:\/\/www.sindicaturabarcelona.cat\/es\/empieza-el-proceso-de-eleccion-del-sindic-o-sindica-de-greuges-de-barcelona\/","url":"https:\/\/www.sindicaturabarcelona.cat\/es\/empieza-el-proceso-de-eleccion-del-sindic-o-sindica-de-greuges-de-barcelona\/","name":"Empieza el proceso de elecci\u00f3n del s\u00edndic o s\u00edndica de greuges de Barcelona - Sindicatura de Greuges de Barcelona","isPartOf":{"@id":"https:\/\/www.sindicaturabarcelona.cat\/es\/#website"},"primaryImageOfPage":{"@id":"https:\/\/www.sindicaturabarcelona.cat\/es\/empieza-el-proceso-de-eleccion-del-sindic-o-sindica-de-greuges-de-barcelona\/#primaryimage"},"image":{"@id":"https:\/\/www.sindicaturabarcelona.cat\/es\/empieza-el-proceso-de-eleccion-del-sindic-o-sindica-de-greuges-de-barcelona\/#primaryimage"},"thumbnailUrl":"https:\/\/www.sindicaturabarcelona.cat\/wp-content\/uploads\/IMG_5591.jpeg","datePublished":"2026-03-09T12:33:20+00:00","dateModified":"2026-03-10T07:25:50+00:00","description":"El 16 de marzo inicia el plazo de dos meses para que las entidades barcelonesas propongan candidaturas de aquellas personas que consideren adecuadas para ejercer el cargo de s\u00edndic\/a de greuges de Barcelona.","breadcrumb":{"@id":"https:\/\/www.sindicaturabarcelona.cat\/es\/empieza-el-proceso-de-eleccion-del-sindic-o-sindica-de-greuges-de-barcelona\/#breadcrumb"},"inLanguage":"es","potentialAction":[{"@type":"ReadAction","target":["https:\/\/www.sindicaturabarcelona.cat\/es\/empieza-el-proceso-de-eleccion-del-sindic-o-sindica-de-greuges-de-barcelona\/"]}]},{"@type":"ImageObject","inLanguage":"es","@id":"https:\/\/www.sindicaturabarcelona.cat\/es\/empieza-el-proceso-de-eleccion-del-sindic-o-sindica-de-greuges-de-barcelona\/#primaryimage","url":"https:\/\/www.sindicaturabarcelona.cat\/wp-content\/uploads\/IMG_5591.jpeg","contentUrl":"https:\/\/www.sindicaturabarcelona.cat\/wp-content\/uploads\/IMG_5591.jpeg","width":2000,"height":1500,"caption":"Oficina de la Sindicatura de Greuges de Barcelona"},{"@type":"BreadcrumbList","@id":"https:\/\/www.sindicaturabarcelona.cat\/es\/empieza-el-proceso-de-eleccion-del-sindic-o-sindica-de-greuges-de-barcelona\/#breadcrumb","itemListElement":[{"@type":"ListItem","position":1,"name":"Inici","item":"https:\/\/www.sindicaturabarcelona.cat\/es\/"},{"@type":"ListItem","position":2,"name":"Empieza el proceso de elecci\u00f3n del s\u00edndic o s\u00edndica de greuges de Barcelona"}]},{"@type":"WebSite","@id":"https:\/\/www.sindicaturabarcelona.cat\/es\/#website","url":"https:\/\/www.sindicaturabarcelona.cat\/es\/","name":"Sindicatura de Greuges de Barcelona","description":"La defensoria dels teus drets","publisher":{"@id":"https:\/\/www.sindicaturabarcelona.cat\/es\/#organization"},"potentialAction":[{"@type":"SearchAction","target":{"@type":"EntryPoint","urlTemplate":"https:\/\/www.sindicaturabarcelona.cat\/es\/?s={search_term_string}"},"query-input":{"@type":"PropertyValueSpecification","valueRequired":true,"valueName":"search_term_string"}}],"inLanguage":"es"},{"@type":"Organization","@id":"https:\/\/www.sindicaturabarcelona.cat\/es\/#organization","name":"Sindicatura de Greuges de Barcelona","url":"https:\/\/www.sindicaturabarcelona.cat\/es\/","logo":{"@type":"ImageObject","inLanguage":"es","@id":"https:\/\/www.sindicaturabarcelona.cat\/es\/#\/schema\/logo\/image\/","url":"https:\/\/www.sindicaturabarcelona.cat\/wp-content\/uploads\/2023\/02\/logo_sindicatura.svg","contentUrl":"https:\/\/www.sindicaturabarcelona.cat\/wp-content\/uploads\/2023\/02\/logo_sindicatura.svg","caption":"Sindicatura de Greuges de Barcelona"},"image":{"@id":"https:\/\/www.sindicaturabarcelona.cat\/es\/#\/schema\/logo\/image\/"},"sameAs":["https:\/\/x.com\/sindicbarcelona","https:\/\/www.instagram.com\/sindicbarcelona\/","https:\/\/www.tiktok.com\/@sindicaturabcn","https:\/\/t.me\/sindicaturabarcelona"]},{"@type":"Person","@id":"https:\/\/www.sindicaturabarcelona.cat\/es\/#\/schema\/person\/0e5acffc350ffdbc97578159322c9452","name":"Pablo","image":{"@type":"ImageObject","inLanguage":"es","@id":"https:\/\/secure.gravatar.com\/avatar\/c948169b402ef9492afde705c3dfd5e90e1a6a84ef6840a91124f805a25a480f?s=96&d=mm&r=g","url":"https:\/\/secure.gravatar.com\/avatar\/c948169b402ef9492afde705c3dfd5e90e1a6a84ef6840a91124f805a25a480f?s=96&d=mm&r=g","contentUrl":"https:\/\/secure.gravatar.com\/avatar\/c948169b402ef9492afde705c3dfd5e90e1a6a84ef6840a91124f805a25a480f?s=96&d=mm&r=g","caption":"Pablo"},"url":"https:\/\/www.sindicaturabarcelona.cat\/es\/author\/pablo\/"}]}},"_links":{"self":[{"href":"https:\/\/www.sindicaturabarcelona.cat\/es\/wp-json\/wp\/v2\/posts\/41944","targetHints":{"allow":["GET"]}}],"collection":[{"href":"https:\/\/www.sindicaturabarcelona.cat\/es\/wp-json\/wp\/v2\/posts"}],"about":[{"href":"https:\/\/www.sindicaturabarcelona.cat\/es\/wp-json\/wp\/v2\/types\/post"}],"author":[{"embeddable":true,"href":"https:\/\/www.sindicaturabarcelona.cat\/es\/wp-json\/wp\/v2\/users\/2"}],"replies":[{"embeddable":true,"href":"https:\/\/www.sindicaturabarcelona.cat\/es\/wp-json\/wp\/v2\/comments?post=41944"}],"version-history":[{"count":2,"href":"https:\/\/www.sindicaturabarcelona.cat\/es\/wp-json\/wp\/v2\/posts\/41944\/revisions"}],"predecessor-version":[{"id":41946,"href":"https:\/\/www.sindicaturabarcelona.cat\/es\/wp-json\/wp\/v2\/posts\/41944\/revisions\/41946"}],"wp:featuredmedia":[{"embeddable":true,"href":"https:\/\/www.sindicaturabarcelona.cat\/es\/wp-json\/wp\/v2\/media\/41942"}],"wp:attachment":[{"href":"https:\/\/www.sindicaturabarcelona.cat\/es\/wp-json\/wp\/v2\/media?parent=41944"}],"wp:term":[{"taxonomy":"post_tag","embeddable":true,"href":"https:\/\/www.sindicaturabarcelona.cat\/es\/wp-json\/wp\/v2\/tags?post=41944"},{"taxonomy":"drets","embeddable":true,"href":"https:\/\/www.sindicaturabarcelona.cat\/es\/wp-json\/wp\/v2\/drets?post=41944"}],"curies":[{"name":"wp","href":"https:\/\/api.w.org\/{rel}","templated":true}]}}