{"id":41911,"date":"2026-02-27T08:49:35","date_gmt":"2026-02-27T06:49:35","guid":{"rendered":"https:\/\/www.sindicaturabarcelona.cat\/la-sindicatura-presenta-su-prueba-piloto-conjunta-con-el-instituto-municipal-de-personas-con-discapacidad-durante-la-reunion-anual-del-proyecto-europeo-idem\/"},"modified":"2026-02-27T09:34:24","modified_gmt":"2026-02-27T07:34:24","slug":"la-sindicatura-presenta-su-prueba-piloto-conjunta-con-el-instituto-municipal-de-personas-con-discapacidad-durante-la-reunion-anual-del-proyecto-europeo-idem","status":"publish","type":"post","link":"https:\/\/www.sindicaturabarcelona.cat\/es\/la-sindicatura-presenta-su-prueba-piloto-conjunta-con-el-instituto-municipal-de-personas-con-discapacidad-durante-la-reunion-anual-del-proyecto-europeo-idem\/","title":{"rendered":"La Sindicatura presenta su prueba piloto conjunta con el Instituto Municipal de Personas con Discapacidad durante la reuni\u00f3n anual del proyecto europeo iDEM"},"content":{"rendered":"\n<p><strong>Barcelona, 27 de febrero de 2026 \u2013<\/strong> La Sindicatura de Greuges de Barcelona ha participado, los d\u00edas 25 y 26 de febrero en la Universitat Pompeu Fabra, en la reuni\u00f3n anual de las instituciones miembros del proyecto europeo\u00a0<a href=\"https:\/\/idemproject.eu\/es\" target=\"_blank\" rel=\"noopener\">iDEM &#8211; Innovative\u00a0and\u00a0Inclusive\u00a0Democratic\u00a0Spaces\u00a0for\u00a0Deliberation\u00a0and\u00a0Participation.<\/a><\/p>\n\n\n\n<p>Durante esta jornada de car\u00e1cter interno, <strong>la Sindicatura de Greuges de Barcelona y el Instituto Municipal de Personas con Discapacidad (IMPD)&nbsp;han presentado su prueba piloto conjunta, que se ejecutar\u00e1 durante la primavera de este a\u00f1o en el barrio de La Marina.<\/strong><\/p>\n\n\n\n<p>El objetivo principal del encuentro ha sido la revisi\u00f3n del estado general del proyecto y la coordinaci\u00f3n de las acciones previstas para el a\u00f1o 2026. Tambi\u00e9n se han definido las estrategias de difusi\u00f3n y explotaci\u00f3n para los pr\u00f3ximos meses, incluyendo la planificaci\u00f3n de publicaciones, actividades de comunicaci\u00f3n y nuevos materiales. As\u00ed mismo, se han presentado las actualizaciones t\u00e9cnicas, las nuevas funcionalidades y los servicios actualmente en desarrollo.<\/p>\n\n\n\n<p>Finalmente, en el transcurso del encuentro tambi\u00e9n ha tenido lugar un espacio de trabajo conjunto dedicado a la evaluaci\u00f3n, el an\u00e1lisis de riesgos y la planificaci\u00f3n hasta la finalizaci\u00f3n del proyecto, prevista para diciembre de 2026.\r\n<\/p>\n\n\n\n<h2 class=\"wp-block-heading\"><strong>Qu\u00e9 es el proyecto europeo iDEM<\/strong><\/h2>\n\n\n\n<p>La herramienta de inteligencia artificial&nbsp;<strong>iDEM simplificar\u00e1 y har\u00e1 m\u00e1s comprensibles las informaciones necesarias para tomar parte en procesos participativos. Se dirige a personas con discapacidad intelectual o con dificultades de comunicaci\u00f3n<\/strong>, como personas migrantes y personas mayores. En Barcelona la prueba piloto se llevar\u00e1 a cabo en la primavera de 2026. Se prev\u00e9 que en 2029 la aplicaci\u00f3n iDEM estar\u00e1 disponible para 1,2 millones de personas.<\/p>\n\n\n\n<p>El proyecto lo lidera la&nbsp;Universidad Pompeu Fabra&nbsp;y cuenta tambi\u00e9n con la participaci\u00f3n del&nbsp;<a href=\"https:\/\/ajuntament.barcelona.cat\/accessible\/es\/quienes-somos\/instituto-municipal-de-personas-con-discapacidad\">Instituto Municipal de Personas con Discapacidad<\/a>. Los&nbsp;<strong>miembros que forman parte del consorcio provienen de distintos pa\u00edses e instituciones europeos<\/strong>, entre ellos Alemania, Austria, Espa\u00f1a, Irlanda, Italia y Reino Unido.<\/p>\n\n\n\n<p><a href=\"https:\/\/www.sindicaturabarcelona.cat\/es\/informacion-mas-accesible-para-una-democracia-mas-inclusiva-con-ayuda-de-la-ia-el-objetivo-de-un-nuevo-proyecto-europeo-en-el-que-participa-la-sindicatura\/\">La Sindicatura es miembro del iDEM desde enero de 2024,<\/a>&nbsp;cuando se inici\u00f3 el proyecto, en tanto que instituci\u00f3n que vela por los&nbsp;<a href=\"https:\/\/www.sindicaturabarcelona.cat\/es\/drets\/derechos-de-participacion\/\">derechos de participaci\u00f3n<\/a>&nbsp;y&nbsp;<a href=\"https:\/\/www.sindicaturabarcelona.cat\/es\/drets\/derecho-a-la-accesibilidad-y-la-inclusividad\/\">la accesibilidad y la inclusividad<\/a>.<strong>&nbsp;David Bondia, s\u00edndic de greuges de Barcelona<\/strong>, \u200b\u200bvalora que \u201cen cuanto a nuestro \u00e1mbito competencial en la ciudad, tenemos muy claro que&nbsp;<strong>la participaci\u00f3n ciudadana en los debates democr\u00e1ticos no puede ser s\u00f3lo ret\u00f3rica, sino que debe ir acompa\u00f1ada de una pr\u00e1ctica muy necesaria, real, efectiva e inclusiva<\/strong>\u201d.<\/p>\n","protected":false},"excerpt":{"rendered":"<p>Barcelona, 27 de febrero de 2026 \u2013 La Sindicatura de Greuges de Barcelona ha participado, los d\u00edas 25 y 26 de febrero en la Universitat Pompeu Fabra, en la reuni\u00f3n [&hellip;]<\/p>\n","protected":false},"author":2,"featured_media":41908,"comment_status":"closed","ping_status":"closed","sticky":false,"template":"","format":"standard","meta":{"_acf_changed":false,"footnotes":""},"tags":[],"drets":[1477,1595,1462,1459],"class_list":["post-41911","post","type-post","status-publish","format-standard","has-post-thumbnail","hentry","drets-ciudad-habitable-y-sostenible","drets-derecho-a-la-accesibilidad-y-la-inclusividad","drets-drets-de-la-infancia-i-ladolescencia","drets-drets-de-participacio"],"acf":[],"yoast_head":"<!-- This site is optimized with the Yoast SEO plugin v27.5 - https:\/\/yoast.com\/product\/yoast-seo-wordpress\/ -->\n<title>La Sindicatura presenta su prueba piloto conjunta con el Instituto Municipal de Personas con Discapacidad durante la reuni\u00f3n anual del proyecto europeo iDEM - Sindicatura de Greuges de Barcelona<\/title>\n<meta name=\"description\" content=\"La Sindicatura y el Instituto Municipal de Personas con Discapacidad (IMPD) han presentado su prueba piloto conjunta, que se ejecutar\u00e1 durante la primavera de este a\u00f1o en el barrio de La Marina.\" \/>\n<meta name=\"robots\" content=\"index, follow, max-snippet:-1, max-image-preview:large, max-video-preview:-1\" \/>\n<link rel=\"canonical\" href=\"https:\/\/www.sindicaturabarcelona.cat\/es\/la-sindicatura-presenta-su-prueba-piloto-conjunta-con-el-instituto-municipal-de-personas-con-discapacidad-durante-la-reunion-anual-del-proyecto-europeo-idem\/\" \/>\n<meta property=\"og:locale\" content=\"es_ES\" \/>\n<meta property=\"og:type\" content=\"article\" \/>\n<meta property=\"og:title\" content=\"La Sindicatura presenta su prueba piloto conjunta con el Instituto Municipal de Personas con Discapacidad durante la reuni\u00f3n anual del proyecto europeo iDEM - Sindicatura de Greuges de Barcelona\" \/>\n<meta property=\"og:description\" content=\"La Sindicatura y el Instituto Municipal de Personas con Discapacidad (IMPD) han presentado su prueba piloto conjunta, que se ejecutar\u00e1 durante la primavera de este a\u00f1o en el barrio de La Marina.\" \/>\n<meta property=\"og:url\" content=\"https:\/\/www.sindicaturabarcelona.cat\/es\/la-sindicatura-presenta-su-prueba-piloto-conjunta-con-el-instituto-municipal-de-personas-con-discapacidad-durante-la-reunion-anual-del-proyecto-europeo-idem\/\" \/>\n<meta property=\"og:site_name\" content=\"Sindicatura de Greuges de Barcelona\" \/>\n<meta property=\"article:published_time\" content=\"2026-02-27T06:49:35+00:00\" \/>\n<meta property=\"article:modified_time\" content=\"2026-02-27T07:34:24+00:00\" \/>\n<meta property=\"og:image\" content=\"https:\/\/www.sindicaturabarcelona.cat\/wp-content\/uploads\/iDEM-scaled.jpg\" \/>\n\t<meta property=\"og:image:width\" content=\"2560\" \/>\n\t<meta property=\"og:image:height\" content=\"1920\" \/>\n\t<meta property=\"og:image:type\" content=\"image\/jpeg\" \/>\n<meta name=\"author\" content=\"Pablo\" \/>\n<meta name=\"twitter:card\" content=\"summary_large_image\" \/>\n<meta name=\"twitter:creator\" content=\"@sindicbarcelona\" \/>\n<meta name=\"twitter:site\" content=\"@sindicbarcelona\" \/>\n<meta name=\"twitter:label1\" content=\"Escrito por\" \/>\n\t<meta name=\"twitter:data1\" content=\"Pablo\" \/>\n\t<meta name=\"twitter:label2\" content=\"Tiempo de lectura\" \/>\n\t<meta name=\"twitter:data2\" content=\"3 minutos\" \/>\n<script type=\"application\/ld+json\" class=\"yoast-schema-graph\">{\"@context\":\"https:\\\/\\\/schema.org\",\"@graph\":[{\"@type\":\"Article\",\"@id\":\"https:\\\/\\\/www.sindicaturabarcelona.cat\\\/es\\\/la-sindicatura-presenta-su-prueba-piloto-conjunta-con-el-instituto-municipal-de-personas-con-discapacidad-durante-la-reunion-anual-del-proyecto-europeo-idem\\\/#article\",\"isPartOf\":{\"@id\":\"https:\\\/\\\/www.sindicaturabarcelona.cat\\\/es\\\/la-sindicatura-presenta-su-prueba-piloto-conjunta-con-el-instituto-municipal-de-personas-con-discapacidad-durante-la-reunion-anual-del-proyecto-europeo-idem\\\/\"},\"author\":{\"name\":\"Pablo\",\"@id\":\"https:\\\/\\\/www.sindicaturabarcelona.cat\\\/es\\\/#\\\/schema\\\/person\\\/0e5acffc350ffdbc97578159322c9452\"},\"headline\":\"La Sindicatura presenta su prueba piloto conjunta con el Instituto Municipal de Personas con Discapacidad durante la reuni\u00f3n anual del proyecto europeo iDEM\",\"datePublished\":\"2026-02-27T06:49:35+00:00\",\"dateModified\":\"2026-02-27T07:34:24+00:00\",\"mainEntityOfPage\":{\"@id\":\"https:\\\/\\\/www.sindicaturabarcelona.cat\\\/es\\\/la-sindicatura-presenta-su-prueba-piloto-conjunta-con-el-instituto-municipal-de-personas-con-discapacidad-durante-la-reunion-anual-del-proyecto-europeo-idem\\\/\"},\"wordCount\":452,\"publisher\":{\"@id\":\"https:\\\/\\\/www.sindicaturabarcelona.cat\\\/es\\\/#organization\"},\"image\":{\"@id\":\"https:\\\/\\\/www.sindicaturabarcelona.cat\\\/es\\\/la-sindicatura-presenta-su-prueba-piloto-conjunta-con-el-instituto-municipal-de-personas-con-discapacidad-durante-la-reunion-anual-del-proyecto-europeo-idem\\\/#primaryimage\"},\"thumbnailUrl\":\"https:\\\/\\\/www.sindicaturabarcelona.cat\\\/wp-content\\\/uploads\\\/iDEM-scaled.jpg\",\"inLanguage\":\"es\"},{\"@type\":\"WebPage\",\"@id\":\"https:\\\/\\\/www.sindicaturabarcelona.cat\\\/es\\\/la-sindicatura-presenta-su-prueba-piloto-conjunta-con-el-instituto-municipal-de-personas-con-discapacidad-durante-la-reunion-anual-del-proyecto-europeo-idem\\\/\",\"url\":\"https:\\\/\\\/www.sindicaturabarcelona.cat\\\/es\\\/la-sindicatura-presenta-su-prueba-piloto-conjunta-con-el-instituto-municipal-de-personas-con-discapacidad-durante-la-reunion-anual-del-proyecto-europeo-idem\\\/\",\"name\":\"La Sindicatura presenta su prueba piloto conjunta con el Instituto Municipal de Personas con Discapacidad durante la reuni\u00f3n anual del proyecto europeo iDEM - Sindicatura de Greuges de Barcelona\",\"isPartOf\":{\"@id\":\"https:\\\/\\\/www.sindicaturabarcelona.cat\\\/es\\\/#website\"},\"primaryImageOfPage\":{\"@id\":\"https:\\\/\\\/www.sindicaturabarcelona.cat\\\/es\\\/la-sindicatura-presenta-su-prueba-piloto-conjunta-con-el-instituto-municipal-de-personas-con-discapacidad-durante-la-reunion-anual-del-proyecto-europeo-idem\\\/#primaryimage\"},\"image\":{\"@id\":\"https:\\\/\\\/www.sindicaturabarcelona.cat\\\/es\\\/la-sindicatura-presenta-su-prueba-piloto-conjunta-con-el-instituto-municipal-de-personas-con-discapacidad-durante-la-reunion-anual-del-proyecto-europeo-idem\\\/#primaryimage\"},\"thumbnailUrl\":\"https:\\\/\\\/www.sindicaturabarcelona.cat\\\/wp-content\\\/uploads\\\/iDEM-scaled.jpg\",\"datePublished\":\"2026-02-27T06:49:35+00:00\",\"dateModified\":\"2026-02-27T07:34:24+00:00\",\"description\":\"La Sindicatura y el Instituto Municipal de Personas con Discapacidad (IMPD) han presentado su prueba piloto conjunta, que se ejecutar\u00e1 durante la primavera de este a\u00f1o en el barrio de La Marina.\",\"breadcrumb\":{\"@id\":\"https:\\\/\\\/www.sindicaturabarcelona.cat\\\/es\\\/la-sindicatura-presenta-su-prueba-piloto-conjunta-con-el-instituto-municipal-de-personas-con-discapacidad-durante-la-reunion-anual-del-proyecto-europeo-idem\\\/#breadcrumb\"},\"inLanguage\":\"es\",\"potentialAction\":[{\"@type\":\"ReadAction\",\"target\":[\"https:\\\/\\\/www.sindicaturabarcelona.cat\\\/es\\\/la-sindicatura-presenta-su-prueba-piloto-conjunta-con-el-instituto-municipal-de-personas-con-discapacidad-durante-la-reunion-anual-del-proyecto-europeo-idem\\\/\"]}]},{\"@type\":\"ImageObject\",\"inLanguage\":\"es\",\"@id\":\"https:\\\/\\\/www.sindicaturabarcelona.cat\\\/es\\\/la-sindicatura-presenta-su-prueba-piloto-conjunta-con-el-instituto-municipal-de-personas-con-discapacidad-durante-la-reunion-anual-del-proyecto-europeo-idem\\\/#primaryimage\",\"url\":\"https:\\\/\\\/www.sindicaturabarcelona.cat\\\/wp-content\\\/uploads\\\/iDEM-scaled.jpg\",\"contentUrl\":\"https:\\\/\\\/www.sindicaturabarcelona.cat\\\/wp-content\\\/uploads\\\/iDEM-scaled.jpg\",\"width\":2560,\"height\":1920,\"caption\":\"Reuni\u00f3 anual de l'iDEM\"},{\"@type\":\"BreadcrumbList\",\"@id\":\"https:\\\/\\\/www.sindicaturabarcelona.cat\\\/es\\\/la-sindicatura-presenta-su-prueba-piloto-conjunta-con-el-instituto-municipal-de-personas-con-discapacidad-durante-la-reunion-anual-del-proyecto-europeo-idem\\\/#breadcrumb\",\"itemListElement\":[{\"@type\":\"ListItem\",\"position\":1,\"name\":\"Inici\",\"item\":\"https:\\\/\\\/www.sindicaturabarcelona.cat\\\/es\\\/\"},{\"@type\":\"ListItem\",\"position\":2,\"name\":\"La Sindicatura presenta su prueba piloto conjunta con el Instituto Municipal de Personas con Discapacidad durante la reuni\u00f3n anual del proyecto europeo iDEM\"}]},{\"@type\":\"WebSite\",\"@id\":\"https:\\\/\\\/www.sindicaturabarcelona.cat\\\/es\\\/#website\",\"url\":\"https:\\\/\\\/www.sindicaturabarcelona.cat\\\/es\\\/\",\"name\":\"Sindicatura de Greuges de Barcelona\",\"description\":\"La defensoria dels teus drets\",\"publisher\":{\"@id\":\"https:\\\/\\\/www.sindicaturabarcelona.cat\\\/es\\\/#organization\"},\"potentialAction\":[{\"@type\":\"SearchAction\",\"target\":{\"@type\":\"EntryPoint\",\"urlTemplate\":\"https:\\\/\\\/www.sindicaturabarcelona.cat\\\/es\\\/?s={search_term_string}\"},\"query-input\":{\"@type\":\"PropertyValueSpecification\",\"valueRequired\":true,\"valueName\":\"search_term_string\"}}],\"inLanguage\":\"es\"},{\"@type\":\"Organization\",\"@id\":\"https:\\\/\\\/www.sindicaturabarcelona.cat\\\/es\\\/#organization\",\"name\":\"Sindicatura de Greuges de Barcelona\",\"url\":\"https:\\\/\\\/www.sindicaturabarcelona.cat\\\/es\\\/\",\"logo\":{\"@type\":\"ImageObject\",\"inLanguage\":\"es\",\"@id\":\"https:\\\/\\\/www.sindicaturabarcelona.cat\\\/es\\\/#\\\/schema\\\/logo\\\/image\\\/\",\"url\":\"https:\\\/\\\/www.sindicaturabarcelona.cat\\\/wp-content\\\/uploads\\\/2023\\\/02\\\/logo_sindicatura.svg\",\"contentUrl\":\"https:\\\/\\\/www.sindicaturabarcelona.cat\\\/wp-content\\\/uploads\\\/2023\\\/02\\\/logo_sindicatura.svg\",\"caption\":\"Sindicatura de Greuges de Barcelona\"},\"image\":{\"@id\":\"https:\\\/\\\/www.sindicaturabarcelona.cat\\\/es\\\/#\\\/schema\\\/logo\\\/image\\\/\"},\"sameAs\":[\"https:\\\/\\\/x.com\\\/sindicbarcelona\",\"https:\\\/\\\/www.instagram.com\\\/sindicbarcelona\\\/\",\"https:\\\/\\\/www.tiktok.com\\\/@sindicaturabcn\",\"https:\\\/\\\/t.me\\\/sindicaturabarcelona\"]},{\"@type\":\"Person\",\"@id\":\"https:\\\/\\\/www.sindicaturabarcelona.cat\\\/es\\\/#\\\/schema\\\/person\\\/0e5acffc350ffdbc97578159322c9452\",\"name\":\"Pablo\",\"image\":{\"@type\":\"ImageObject\",\"inLanguage\":\"es\",\"@id\":\"https:\\\/\\\/secure.gravatar.com\\\/avatar\\\/c948169b402ef9492afde705c3dfd5e90e1a6a84ef6840a91124f805a25a480f?s=96&d=mm&r=g\",\"url\":\"https:\\\/\\\/secure.gravatar.com\\\/avatar\\\/c948169b402ef9492afde705c3dfd5e90e1a6a84ef6840a91124f805a25a480f?s=96&d=mm&r=g\",\"contentUrl\":\"https:\\\/\\\/secure.gravatar.com\\\/avatar\\\/c948169b402ef9492afde705c3dfd5e90e1a6a84ef6840a91124f805a25a480f?s=96&d=mm&r=g\",\"caption\":\"Pablo\"},\"url\":\"https:\\\/\\\/www.sindicaturabarcelona.cat\\\/es\\\/author\\\/pablo\\\/\"}]}<\/script>\n<!-- \/ Yoast SEO plugin. -->","yoast_head_json":{"title":"La Sindicatura presenta su prueba piloto conjunta con el Instituto Municipal de Personas con Discapacidad durante la reuni\u00f3n anual del proyecto europeo iDEM - Sindicatura de Greuges de Barcelona","description":"La Sindicatura y el Instituto Municipal de Personas con Discapacidad (IMPD) han presentado su prueba piloto conjunta, que se ejecutar\u00e1 durante la primavera de este a\u00f1o en el barrio de La Marina.","robots":{"index":"index","follow":"follow","max-snippet":"max-snippet:-1","max-image-preview":"max-image-preview:large","max-video-preview":"max-video-preview:-1"},"canonical":"https:\/\/www.sindicaturabarcelona.cat\/es\/la-sindicatura-presenta-su-prueba-piloto-conjunta-con-el-instituto-municipal-de-personas-con-discapacidad-durante-la-reunion-anual-del-proyecto-europeo-idem\/","og_locale":"es_ES","og_type":"article","og_title":"La Sindicatura presenta su prueba piloto conjunta con el Instituto Municipal de Personas con Discapacidad durante la reuni\u00f3n anual del proyecto europeo iDEM - Sindicatura de Greuges de Barcelona","og_description":"La Sindicatura y el Instituto Municipal de Personas con Discapacidad (IMPD) han presentado su prueba piloto conjunta, que se ejecutar\u00e1 durante la primavera de este a\u00f1o en el barrio de La Marina.","og_url":"https:\/\/www.sindicaturabarcelona.cat\/es\/la-sindicatura-presenta-su-prueba-piloto-conjunta-con-el-instituto-municipal-de-personas-con-discapacidad-durante-la-reunion-anual-del-proyecto-europeo-idem\/","og_site_name":"Sindicatura de Greuges de Barcelona","article_published_time":"2026-02-27T06:49:35+00:00","article_modified_time":"2026-02-27T07:34:24+00:00","og_image":[{"width":2560,"height":1920,"url":"https:\/\/www.sindicaturabarcelona.cat\/wp-content\/uploads\/iDEM-scaled.jpg","type":"image\/jpeg"}],"author":"Pablo","twitter_card":"summary_large_image","twitter_creator":"@sindicbarcelona","twitter_site":"@sindicbarcelona","twitter_misc":{"Escrito por":"Pablo","Tiempo de lectura":"3 minutos"},"schema":{"@context":"https:\/\/schema.org","@graph":[{"@type":"Article","@id":"https:\/\/www.sindicaturabarcelona.cat\/es\/la-sindicatura-presenta-su-prueba-piloto-conjunta-con-el-instituto-municipal-de-personas-con-discapacidad-durante-la-reunion-anual-del-proyecto-europeo-idem\/#article","isPartOf":{"@id":"https:\/\/www.sindicaturabarcelona.cat\/es\/la-sindicatura-presenta-su-prueba-piloto-conjunta-con-el-instituto-municipal-de-personas-con-discapacidad-durante-la-reunion-anual-del-proyecto-europeo-idem\/"},"author":{"name":"Pablo","@id":"https:\/\/www.sindicaturabarcelona.cat\/es\/#\/schema\/person\/0e5acffc350ffdbc97578159322c9452"},"headline":"La Sindicatura presenta su prueba piloto conjunta con el Instituto Municipal de Personas con Discapacidad durante la reuni\u00f3n anual del proyecto europeo iDEM","datePublished":"2026-02-27T06:49:35+00:00","dateModified":"2026-02-27T07:34:24+00:00","mainEntityOfPage":{"@id":"https:\/\/www.sindicaturabarcelona.cat\/es\/la-sindicatura-presenta-su-prueba-piloto-conjunta-con-el-instituto-municipal-de-personas-con-discapacidad-durante-la-reunion-anual-del-proyecto-europeo-idem\/"},"wordCount":452,"publisher":{"@id":"https:\/\/www.sindicaturabarcelona.cat\/es\/#organization"},"image":{"@id":"https:\/\/www.sindicaturabarcelona.cat\/es\/la-sindicatura-presenta-su-prueba-piloto-conjunta-con-el-instituto-municipal-de-personas-con-discapacidad-durante-la-reunion-anual-del-proyecto-europeo-idem\/#primaryimage"},"thumbnailUrl":"https:\/\/www.sindicaturabarcelona.cat\/wp-content\/uploads\/iDEM-scaled.jpg","inLanguage":"es"},{"@type":"WebPage","@id":"https:\/\/www.sindicaturabarcelona.cat\/es\/la-sindicatura-presenta-su-prueba-piloto-conjunta-con-el-instituto-municipal-de-personas-con-discapacidad-durante-la-reunion-anual-del-proyecto-europeo-idem\/","url":"https:\/\/www.sindicaturabarcelona.cat\/es\/la-sindicatura-presenta-su-prueba-piloto-conjunta-con-el-instituto-municipal-de-personas-con-discapacidad-durante-la-reunion-anual-del-proyecto-europeo-idem\/","name":"La Sindicatura presenta su prueba piloto conjunta con el Instituto Municipal de Personas con Discapacidad durante la reuni\u00f3n anual del proyecto europeo iDEM - Sindicatura de Greuges de Barcelona","isPartOf":{"@id":"https:\/\/www.sindicaturabarcelona.cat\/es\/#website"},"primaryImageOfPage":{"@id":"https:\/\/www.sindicaturabarcelona.cat\/es\/la-sindicatura-presenta-su-prueba-piloto-conjunta-con-el-instituto-municipal-de-personas-con-discapacidad-durante-la-reunion-anual-del-proyecto-europeo-idem\/#primaryimage"},"image":{"@id":"https:\/\/www.sindicaturabarcelona.cat\/es\/la-sindicatura-presenta-su-prueba-piloto-conjunta-con-el-instituto-municipal-de-personas-con-discapacidad-durante-la-reunion-anual-del-proyecto-europeo-idem\/#primaryimage"},"thumbnailUrl":"https:\/\/www.sindicaturabarcelona.cat\/wp-content\/uploads\/iDEM-scaled.jpg","datePublished":"2026-02-27T06:49:35+00:00","dateModified":"2026-02-27T07:34:24+00:00","description":"La Sindicatura y el Instituto Municipal de Personas con Discapacidad (IMPD) han presentado su prueba piloto conjunta, que se ejecutar\u00e1 durante la primavera de este a\u00f1o en el barrio de La Marina.","breadcrumb":{"@id":"https:\/\/www.sindicaturabarcelona.cat\/es\/la-sindicatura-presenta-su-prueba-piloto-conjunta-con-el-instituto-municipal-de-personas-con-discapacidad-durante-la-reunion-anual-del-proyecto-europeo-idem\/#breadcrumb"},"inLanguage":"es","potentialAction":[{"@type":"ReadAction","target":["https:\/\/www.sindicaturabarcelona.cat\/es\/la-sindicatura-presenta-su-prueba-piloto-conjunta-con-el-instituto-municipal-de-personas-con-discapacidad-durante-la-reunion-anual-del-proyecto-europeo-idem\/"]}]},{"@type":"ImageObject","inLanguage":"es","@id":"https:\/\/www.sindicaturabarcelona.cat\/es\/la-sindicatura-presenta-su-prueba-piloto-conjunta-con-el-instituto-municipal-de-personas-con-discapacidad-durante-la-reunion-anual-del-proyecto-europeo-idem\/#primaryimage","url":"https:\/\/www.sindicaturabarcelona.cat\/wp-content\/uploads\/iDEM-scaled.jpg","contentUrl":"https:\/\/www.sindicaturabarcelona.cat\/wp-content\/uploads\/iDEM-scaled.jpg","width":2560,"height":1920,"caption":"Reuni\u00f3 anual de l'iDEM"},{"@type":"BreadcrumbList","@id":"https:\/\/www.sindicaturabarcelona.cat\/es\/la-sindicatura-presenta-su-prueba-piloto-conjunta-con-el-instituto-municipal-de-personas-con-discapacidad-durante-la-reunion-anual-del-proyecto-europeo-idem\/#breadcrumb","itemListElement":[{"@type":"ListItem","position":1,"name":"Inici","item":"https:\/\/www.sindicaturabarcelona.cat\/es\/"},{"@type":"ListItem","position":2,"name":"La Sindicatura presenta su prueba piloto conjunta con el Instituto Municipal de Personas con Discapacidad durante la reuni\u00f3n anual del proyecto europeo iDEM"}]},{"@type":"WebSite","@id":"https:\/\/www.sindicaturabarcelona.cat\/es\/#website","url":"https:\/\/www.sindicaturabarcelona.cat\/es\/","name":"Sindicatura de Greuges de Barcelona","description":"La defensoria dels teus drets","publisher":{"@id":"https:\/\/www.sindicaturabarcelona.cat\/es\/#organization"},"potentialAction":[{"@type":"SearchAction","target":{"@type":"EntryPoint","urlTemplate":"https:\/\/www.sindicaturabarcelona.cat\/es\/?s={search_term_string}"},"query-input":{"@type":"PropertyValueSpecification","valueRequired":true,"valueName":"search_term_string"}}],"inLanguage":"es"},{"@type":"Organization","@id":"https:\/\/www.sindicaturabarcelona.cat\/es\/#organization","name":"Sindicatura de Greuges de Barcelona","url":"https:\/\/www.sindicaturabarcelona.cat\/es\/","logo":{"@type":"ImageObject","inLanguage":"es","@id":"https:\/\/www.sindicaturabarcelona.cat\/es\/#\/schema\/logo\/image\/","url":"https:\/\/www.sindicaturabarcelona.cat\/wp-content\/uploads\/2023\/02\/logo_sindicatura.svg","contentUrl":"https:\/\/www.sindicaturabarcelona.cat\/wp-content\/uploads\/2023\/02\/logo_sindicatura.svg","caption":"Sindicatura de Greuges de Barcelona"},"image":{"@id":"https:\/\/www.sindicaturabarcelona.cat\/es\/#\/schema\/logo\/image\/"},"sameAs":["https:\/\/x.com\/sindicbarcelona","https:\/\/www.instagram.com\/sindicbarcelona\/","https:\/\/www.tiktok.com\/@sindicaturabcn","https:\/\/t.me\/sindicaturabarcelona"]},{"@type":"Person","@id":"https:\/\/www.sindicaturabarcelona.cat\/es\/#\/schema\/person\/0e5acffc350ffdbc97578159322c9452","name":"Pablo","image":{"@type":"ImageObject","inLanguage":"es","@id":"https:\/\/secure.gravatar.com\/avatar\/c948169b402ef9492afde705c3dfd5e90e1a6a84ef6840a91124f805a25a480f?s=96&d=mm&r=g","url":"https:\/\/secure.gravatar.com\/avatar\/c948169b402ef9492afde705c3dfd5e90e1a6a84ef6840a91124f805a25a480f?s=96&d=mm&r=g","contentUrl":"https:\/\/secure.gravatar.com\/avatar\/c948169b402ef9492afde705c3dfd5e90e1a6a84ef6840a91124f805a25a480f?s=96&d=mm&r=g","caption":"Pablo"},"url":"https:\/\/www.sindicaturabarcelona.cat\/es\/author\/pablo\/"}]}},"_links":{"self":[{"href":"https:\/\/www.sindicaturabarcelona.cat\/es\/wp-json\/wp\/v2\/posts\/41911","targetHints":{"allow":["GET"]}}],"collection":[{"href":"https:\/\/www.sindicaturabarcelona.cat\/es\/wp-json\/wp\/v2\/posts"}],"about":[{"href":"https:\/\/www.sindicaturabarcelona.cat\/es\/wp-json\/wp\/v2\/types\/post"}],"author":[{"embeddable":true,"href":"https:\/\/www.sindicaturabarcelona.cat\/es\/wp-json\/wp\/v2\/users\/2"}],"replies":[{"embeddable":true,"href":"https:\/\/www.sindicaturabarcelona.cat\/es\/wp-json\/wp\/v2\/comments?post=41911"}],"version-history":[{"count":6,"href":"https:\/\/www.sindicaturabarcelona.cat\/es\/wp-json\/wp\/v2\/posts\/41911\/revisions"}],"predecessor-version":[{"id":41918,"href":"https:\/\/www.sindicaturabarcelona.cat\/es\/wp-json\/wp\/v2\/posts\/41911\/revisions\/41918"}],"wp:featuredmedia":[{"embeddable":true,"href":"https:\/\/www.sindicaturabarcelona.cat\/es\/wp-json\/wp\/v2\/media\/41908"}],"wp:attachment":[{"href":"https:\/\/www.sindicaturabarcelona.cat\/es\/wp-json\/wp\/v2\/media?parent=41911"}],"wp:term":[{"taxonomy":"post_tag","embeddable":true,"href":"https:\/\/www.sindicaturabarcelona.cat\/es\/wp-json\/wp\/v2\/tags?post=41911"},{"taxonomy":"drets","embeddable":true,"href":"https:\/\/www.sindicaturabarcelona.cat\/es\/wp-json\/wp\/v2\/drets?post=41911"}],"curies":[{"name":"wp","href":"https:\/\/api.w.org\/{rel}","templated":true}]}}