{"id":41766,"date":"2026-02-18T10:00:00","date_gmt":"2026-02-18T08:00:00","guid":{"rendered":"https:\/\/www.sindicaturabarcelona.cat\/?p=41766"},"modified":"2026-02-17T18:23:47","modified_gmt":"2026-02-17T16:23:47","slug":"sindicatura-greuges-de-barcelona-insta-ayuntamiento-preservar-casa-muchachos","status":"publish","type":"post","link":"https:\/\/www.sindicaturabarcelona.cat\/es\/sindicatura-greuges-de-barcelona-insta-ayuntamiento-preservar-casa-muchachos\/","title":{"rendered":"La Sindicatura de Greuges de Barcelona insta al Ayuntamiento a preservar la memoria de la Ciudad de los Muchachos"},"content":{"rendered":"\n<h2 class=\"wp-block-heading\">La defensor\u00eda recomienda la instalaci\u00f3n de un espacio memorial que explique la historia y las vulneraciones de derechos \u2013malos tratos, abusos y adoctrinamiento\u2013 que se produjeron en este antiguo orfanato situado en Collserola<\/h2>\n\n<h2 class=\"wp-block-heading\"><b>El centro, en la actualidad parcialmente abandonado, funcion\u00f3 entre 1951 y 1977 y era propiedad del Ayuntamiento, aunque la gesti\u00f3n correspond\u00eda a entidades religiosas <\/b><\/h2>\n\n<p><p class=\"p1\">La Sindicatura de Greuges de Barcelona insta al Ayuntamiento a impulsar actuaciones para <b>preservar la memoria<\/b> de la <i>Ciudad de los Muchachos<\/i>, un antiguo orfanato de car\u00e1cter religioso situado en la sierra de Collserola donde ni\u00f1os sufrieron malos tratos y abusos. La defensor\u00eda tambi\u00e9n recomienda al consistorio que valore la i<b>nstalaci\u00f3n de un espacio memorial<\/b> que explique la historia y las vulneraciones de derechos como forma de <b>reconocimiento de las v\u00edctimas y reparaci\u00f3n simb\u00f3lica<\/b> de estas.<\/p><\/p>\n\n<p><p class=\"p1\">As\u00ed lo ha <a href=\"https:\/\/www.sindicaturabarcelona.cat\/wp-content\/uploads\/202601_drets-infancia-i-adolescencia_dret-memoria-democratica_ciudad-de-los-muchachos_25Q28.pdf\"><span class=\"s1\">resuelto<\/span><\/a> la defensor\u00eda tras recibir una queja ciudadana en la que se expresaba la disconformidad con la <b>falta de reconocimiento y el estado de abandono de los edificios<\/b> que hab\u00edan albergado este orfanato, que funcion\u00f3 entre 1951 y 1977. Estaba ubicado en la mas\u00eda de Can Puig y era propiedad del Ayuntamiento de Barcelona, aunque la gesti\u00f3n correspond\u00eda a entidades religiosas. Concebido inicialmente como un proyecto educativo innovador, acab\u00f3 convirti\u00e9ndose en un espacio marcado por la disciplina extrema.<\/p><\/p>\n\n<p><p class=\"p1\">Una vez recibida la queja, la Sindicatura comenz\u00f3 a investigar los hechos y solicit\u00f3 informaci\u00f3n a un buen n\u00famero de \u00f3rganos municipales con competencias sobre estas instalaciones, actuaciones que le permitieron constatar un <b>escaso conocimiento de la titularidad y la evoluci\u00f3n hist\u00f3rica<\/b> de este orfanato, el estado de abandono parcial que lo afecta y el hecho de que no existe <b>ning\u00fan fondo documental espec\u00edfico<\/b>.<\/p><\/p>\n\n<p><p class=\"p1\">En la actualidad, la finca alberga un conjunto de edificios integrados por una mas\u00eda con una capilla anexa y tres edificaciones adicionales. Acoge una <b>comunidad terap\u00e9utica<\/b> de atenci\u00f3n a las drogodependencias gestionada por el <b>Consorcio de Servicios Sociales de Barcelona<\/b>, mientras que el resto de edificios est\u00e1n en desuso desde hace a\u00f1os y presentan un estado avanzado de deterioro. La titularidad del conjunto corresponde al Ayuntamiento de Barcelona, con gesti\u00f3n compartida entre el Consorcio de Servicios Sociales y el Consorcio del Parque de Collserola.<\/p><\/p>\n\n<h2 class=\"wp-block-heading\">Malos tratos, abusos y adoctrinamiento<\/h2>\n\n<p><p class=\"p1\">Seg\u00fan diversas publicaciones y testimonios, la instituci\u00f3n se cre\u00f3 en 1951 con la finalidad de proporcionar acogida y formaci\u00f3n a menores hu\u00e9rfanos o en situaci\u00f3n de vulnerabilidad. El proyecto se inspiraba, aparentemente, en modelos pedag\u00f3gicos innovadores de la \u00e9poca y pretend\u00eda ofrecer un entorno educativo y protector. Sin embargo, la realidad fue muy diferente, ya que los menores acogidos \u2014mayoritariamente hijos de familias desfavorecidas u hu\u00e9rfanos de la posguerra\u2014 sufrieron <b>situaciones de maltrato f\u00edsico y psicol\u00f3gico y, en algunos casos, abusos sexuales<\/b>. Tambi\u00e9n se produc\u00edan <b>pr\u00e1cticas de adoctrinamiento religioso y militar<\/b> que vulneraban los derechos de la infancia.<\/p><\/p>\n\n<p><p class=\"p1\">Estas condiciones han sido denunciadas por exalumnos y documentadas en diversas investigaciones. Adem\u00e1s de la recomendaci\u00f3n para preservar la memoria del espacio, la Sindicatura tambi\u00e9n pone a disposici\u00f3n de las personas afectadas la <a href=\"https:\/\/www.sindicaturabarcelona.cat\/es\/la-comision-de-reparacion-impulsada-por-la-sindicatura-de-greuges-de-barcelona-continua-su-actividad-durante-el-ano-2025\/\"><span class=\"s1\"><b>Comisi\u00f3n de Reparaci\u00f3n<\/b><\/span><\/a>, creada por esta instituci\u00f3n en el a\u00f1o 2023 con el objetivo de dar respuesta a las necesidades de reparaci\u00f3n de las v\u00edctimas de abusos, violencias y vulneraciones de derechos humanos, ya prescritos, en escuelas p\u00fablicas y otros centros municipales de la ciudad de Barcelona.<\/p><\/p>\n\n<p><\/p>\n\n<p><\/p>\n\n<p><\/p>\n\n<p><\/p>\n","protected":false},"excerpt":{"rendered":"<p>La defensor\u00eda recomienda la instalaci\u00f3n de un espacio memorial que explique la historia y las vulneraciones de derechos \u2013malos tratos, abusos y adoctrinamiento\u2013 que se produjeron en este antiguo orfanato situado en Collserola<\/p>\n","protected":false},"author":7,"featured_media":41757,"comment_status":"closed","ping_status":"closed","sticky":false,"template":"","format":"standard","meta":{"_acf_changed":false,"footnotes":""},"tags":[1707,1706],"drets":[1664,1571],"class_list":["post-41766","post","type-post","status-publish","format-standard","has-post-thumbnail","hentry","tag-casa-de-los-muchachos","tag-ciudad-de-los-muchachos","drets-dret-a-la-memoria-democratica-es","drets-derechos-de-la-infancia-y-la-adolescencia"],"acf":[],"yoast_head":"<!-- This site is optimized with the Yoast SEO plugin v27.5 - https:\/\/yoast.com\/product\/yoast-seo-wordpress\/ -->\n<title>La Sindicatura de Greuges de Barcelona insta al Ayuntamiento a preservar la memoria de la Ciudad de los Muchachos - Sindicatura de Greuges de Barcelona<\/title>\n<meta name=\"description\" content=\"La defensor\u00eda recomienda la instalaci\u00f3n de un espacio memorial que explique la historia y las vulneraciones de derechos \u2013malos tratos, abusos y adoctrinamiento\u2013 que se produjeron en este antiguo orfanato situado en Collserola\" \/>\n<meta name=\"robots\" content=\"index, follow, max-snippet:-1, max-image-preview:large, max-video-preview:-1\" \/>\n<link rel=\"canonical\" href=\"https:\/\/www.sindicaturabarcelona.cat\/es\/sindicatura-greuges-de-barcelona-insta-ayuntamiento-preservar-casa-muchachos\/\" \/>\n<meta property=\"og:locale\" content=\"es_ES\" \/>\n<meta property=\"og:type\" content=\"article\" \/>\n<meta property=\"og:title\" content=\"La Sindicatura de Greuges de Barcelona insta al Ayuntamiento a preservar la memoria de la Ciudad de los Muchachos - Sindicatura de Greuges de Barcelona\" \/>\n<meta property=\"og:description\" content=\"La defensor\u00eda recomienda la instalaci\u00f3n de un espacio memorial que explique la historia y las vulneraciones de derechos \u2013malos tratos, abusos y adoctrinamiento\u2013 que se produjeron en este antiguo orfanato situado en Collserola\" \/>\n<meta property=\"og:url\" content=\"https:\/\/www.sindicaturabarcelona.cat\/es\/sindicatura-greuges-de-barcelona-insta-ayuntamiento-preservar-casa-muchachos\/\" \/>\n<meta property=\"og:site_name\" content=\"Sindicatura de Greuges de Barcelona\" \/>\n<meta property=\"article:published_time\" content=\"2026-02-18T08:00:00+00:00\" \/>\n<meta property=\"og:image\" content=\"https:\/\/www.sindicaturabarcelona.cat\/wp-content\/uploads\/IMG_5377-scaled.jpeg\" \/>\n\t<meta property=\"og:image:width\" content=\"2560\" \/>\n\t<meta property=\"og:image:height\" content=\"1920\" \/>\n\t<meta property=\"og:image:type\" content=\"image\/jpeg\" \/>\n<meta name=\"author\" content=\"Carme Rocamora\" \/>\n<meta name=\"twitter:card\" content=\"summary_large_image\" \/>\n<meta name=\"twitter:creator\" content=\"@sindicbarcelona\" \/>\n<meta name=\"twitter:site\" content=\"@sindicbarcelona\" \/>\n<meta name=\"twitter:label1\" content=\"Escrito por\" \/>\n\t<meta name=\"twitter:data1\" content=\"Carme Rocamora\" \/>\n\t<meta name=\"twitter:label2\" content=\"Tiempo de lectura\" \/>\n\t<meta name=\"twitter:data2\" content=\"4 minutos\" \/>\n<script type=\"application\/ld+json\" class=\"yoast-schema-graph\">{\"@context\":\"https:\\\/\\\/schema.org\",\"@graph\":[{\"@type\":\"Article\",\"@id\":\"https:\\\/\\\/www.sindicaturabarcelona.cat\\\/es\\\/sindicatura-greuges-de-barcelona-insta-ayuntamiento-preservar-casa-muchachos\\\/#article\",\"isPartOf\":{\"@id\":\"https:\\\/\\\/www.sindicaturabarcelona.cat\\\/es\\\/sindicatura-greuges-de-barcelona-insta-ayuntamiento-preservar-casa-muchachos\\\/\"},\"author\":{\"name\":\"Carme Rocamora\",\"@id\":\"https:\\\/\\\/www.sindicaturabarcelona.cat\\\/es\\\/#\\\/schema\\\/person\\\/0690b05fdcbf9e43b34103e845240789\"},\"headline\":\"La Sindicatura de Greuges de Barcelona insta al Ayuntamiento a preservar la memoria de la Ciudad de los Muchachos\",\"datePublished\":\"2026-02-18T08:00:00+00:00\",\"mainEntityOfPage\":{\"@id\":\"https:\\\/\\\/www.sindicaturabarcelona.cat\\\/es\\\/sindicatura-greuges-de-barcelona-insta-ayuntamiento-preservar-casa-muchachos\\\/\"},\"wordCount\":612,\"publisher\":{\"@id\":\"https:\\\/\\\/www.sindicaturabarcelona.cat\\\/es\\\/#organization\"},\"image\":{\"@id\":\"https:\\\/\\\/www.sindicaturabarcelona.cat\\\/es\\\/sindicatura-greuges-de-barcelona-insta-ayuntamiento-preservar-casa-muchachos\\\/#primaryimage\"},\"thumbnailUrl\":\"https:\\\/\\\/www.sindicaturabarcelona.cat\\\/wp-content\\\/uploads\\\/IMG_5377-scaled.jpeg\",\"keywords\":[\"Casa de los Muchachos\",\"ciudad de los muchachos\"],\"inLanguage\":\"es\"},{\"@type\":\"WebPage\",\"@id\":\"https:\\\/\\\/www.sindicaturabarcelona.cat\\\/es\\\/sindicatura-greuges-de-barcelona-insta-ayuntamiento-preservar-casa-muchachos\\\/\",\"url\":\"https:\\\/\\\/www.sindicaturabarcelona.cat\\\/es\\\/sindicatura-greuges-de-barcelona-insta-ayuntamiento-preservar-casa-muchachos\\\/\",\"name\":\"La Sindicatura de Greuges de Barcelona insta al Ayuntamiento a preservar la memoria de la Ciudad de los Muchachos - Sindicatura de Greuges de Barcelona\",\"isPartOf\":{\"@id\":\"https:\\\/\\\/www.sindicaturabarcelona.cat\\\/es\\\/#website\"},\"primaryImageOfPage\":{\"@id\":\"https:\\\/\\\/www.sindicaturabarcelona.cat\\\/es\\\/sindicatura-greuges-de-barcelona-insta-ayuntamiento-preservar-casa-muchachos\\\/#primaryimage\"},\"image\":{\"@id\":\"https:\\\/\\\/www.sindicaturabarcelona.cat\\\/es\\\/sindicatura-greuges-de-barcelona-insta-ayuntamiento-preservar-casa-muchachos\\\/#primaryimage\"},\"thumbnailUrl\":\"https:\\\/\\\/www.sindicaturabarcelona.cat\\\/wp-content\\\/uploads\\\/IMG_5377-scaled.jpeg\",\"datePublished\":\"2026-02-18T08:00:00+00:00\",\"description\":\"La defensor\u00eda recomienda la instalaci\u00f3n de un espacio memorial que explique la historia y las vulneraciones de derechos \u2013malos tratos, abusos y adoctrinamiento\u2013 que se produjeron en este antiguo orfanato situado en Collserola\",\"breadcrumb\":{\"@id\":\"https:\\\/\\\/www.sindicaturabarcelona.cat\\\/es\\\/sindicatura-greuges-de-barcelona-insta-ayuntamiento-preservar-casa-muchachos\\\/#breadcrumb\"},\"inLanguage\":\"es\",\"potentialAction\":[{\"@type\":\"ReadAction\",\"target\":[\"https:\\\/\\\/www.sindicaturabarcelona.cat\\\/es\\\/sindicatura-greuges-de-barcelona-insta-ayuntamiento-preservar-casa-muchachos\\\/\"]}]},{\"@type\":\"ImageObject\",\"inLanguage\":\"es\",\"@id\":\"https:\\\/\\\/www.sindicaturabarcelona.cat\\\/es\\\/sindicatura-greuges-de-barcelona-insta-ayuntamiento-preservar-casa-muchachos\\\/#primaryimage\",\"url\":\"https:\\\/\\\/www.sindicaturabarcelona.cat\\\/wp-content\\\/uploads\\\/IMG_5377-scaled.jpeg\",\"contentUrl\":\"https:\\\/\\\/www.sindicaturabarcelona.cat\\\/wp-content\\\/uploads\\\/IMG_5377-scaled.jpeg\",\"width\":2560,\"height\":1920},{\"@type\":\"BreadcrumbList\",\"@id\":\"https:\\\/\\\/www.sindicaturabarcelona.cat\\\/es\\\/sindicatura-greuges-de-barcelona-insta-ayuntamiento-preservar-casa-muchachos\\\/#breadcrumb\",\"itemListElement\":[{\"@type\":\"ListItem\",\"position\":1,\"name\":\"Inici\",\"item\":\"https:\\\/\\\/www.sindicaturabarcelona.cat\\\/es\\\/\"},{\"@type\":\"ListItem\",\"position\":2,\"name\":\"La Sindicatura de Greuges de Barcelona insta al Ayuntamiento a preservar la memoria de la Ciudad de los Muchachos\"}]},{\"@type\":\"WebSite\",\"@id\":\"https:\\\/\\\/www.sindicaturabarcelona.cat\\\/es\\\/#website\",\"url\":\"https:\\\/\\\/www.sindicaturabarcelona.cat\\\/es\\\/\",\"name\":\"Sindicatura de Greuges de Barcelona\",\"description\":\"La defensoria dels teus drets\",\"publisher\":{\"@id\":\"https:\\\/\\\/www.sindicaturabarcelona.cat\\\/es\\\/#organization\"},\"potentialAction\":[{\"@type\":\"SearchAction\",\"target\":{\"@type\":\"EntryPoint\",\"urlTemplate\":\"https:\\\/\\\/www.sindicaturabarcelona.cat\\\/es\\\/?s={search_term_string}\"},\"query-input\":{\"@type\":\"PropertyValueSpecification\",\"valueRequired\":true,\"valueName\":\"search_term_string\"}}],\"inLanguage\":\"es\"},{\"@type\":\"Organization\",\"@id\":\"https:\\\/\\\/www.sindicaturabarcelona.cat\\\/es\\\/#organization\",\"name\":\"Sindicatura de Greuges de Barcelona\",\"url\":\"https:\\\/\\\/www.sindicaturabarcelona.cat\\\/es\\\/\",\"logo\":{\"@type\":\"ImageObject\",\"inLanguage\":\"es\",\"@id\":\"https:\\\/\\\/www.sindicaturabarcelona.cat\\\/es\\\/#\\\/schema\\\/logo\\\/image\\\/\",\"url\":\"https:\\\/\\\/www.sindicaturabarcelona.cat\\\/wp-content\\\/uploads\\\/2023\\\/02\\\/logo_sindicatura.svg\",\"contentUrl\":\"https:\\\/\\\/www.sindicaturabarcelona.cat\\\/wp-content\\\/uploads\\\/2023\\\/02\\\/logo_sindicatura.svg\",\"caption\":\"Sindicatura de Greuges de Barcelona\"},\"image\":{\"@id\":\"https:\\\/\\\/www.sindicaturabarcelona.cat\\\/es\\\/#\\\/schema\\\/logo\\\/image\\\/\"},\"sameAs\":[\"https:\\\/\\\/x.com\\\/sindicbarcelona\",\"https:\\\/\\\/www.instagram.com\\\/sindicbarcelona\\\/\",\"https:\\\/\\\/www.tiktok.com\\\/@sindicaturabcn\",\"https:\\\/\\\/t.me\\\/sindicaturabarcelona\"]},{\"@type\":\"Person\",\"@id\":\"https:\\\/\\\/www.sindicaturabarcelona.cat\\\/es\\\/#\\\/schema\\\/person\\\/0690b05fdcbf9e43b34103e845240789\",\"name\":\"Carme Rocamora\",\"image\":{\"@type\":\"ImageObject\",\"inLanguage\":\"es\",\"@id\":\"https:\\\/\\\/secure.gravatar.com\\\/avatar\\\/7d5e980ef632f555fa40f97d06e5c8ec4ec568974a95778749d6a6279aa1faef?s=96&d=mm&r=g\",\"url\":\"https:\\\/\\\/secure.gravatar.com\\\/avatar\\\/7d5e980ef632f555fa40f97d06e5c8ec4ec568974a95778749d6a6279aa1faef?s=96&d=mm&r=g\",\"contentUrl\":\"https:\\\/\\\/secure.gravatar.com\\\/avatar\\\/7d5e980ef632f555fa40f97d06e5c8ec4ec568974a95778749d6a6279aa1faef?s=96&d=mm&r=g\",\"caption\":\"Carme Rocamora\"},\"url\":\"https:\\\/\\\/www.sindicaturabarcelona.cat\\\/es\\\/author\\\/crocamora\\\/\"}]}<\/script>\n<!-- \/ Yoast SEO plugin. -->","yoast_head_json":{"title":"La Sindicatura de Greuges de Barcelona insta al Ayuntamiento a preservar la memoria de la Ciudad de los Muchachos - Sindicatura de Greuges de Barcelona","description":"La defensor\u00eda recomienda la instalaci\u00f3n de un espacio memorial que explique la historia y las vulneraciones de derechos \u2013malos tratos, abusos y adoctrinamiento\u2013 que se produjeron en este antiguo orfanato situado en Collserola","robots":{"index":"index","follow":"follow","max-snippet":"max-snippet:-1","max-image-preview":"max-image-preview:large","max-video-preview":"max-video-preview:-1"},"canonical":"https:\/\/www.sindicaturabarcelona.cat\/es\/sindicatura-greuges-de-barcelona-insta-ayuntamiento-preservar-casa-muchachos\/","og_locale":"es_ES","og_type":"article","og_title":"La Sindicatura de Greuges de Barcelona insta al Ayuntamiento a preservar la memoria de la Ciudad de los Muchachos - Sindicatura de Greuges de Barcelona","og_description":"La defensor\u00eda recomienda la instalaci\u00f3n de un espacio memorial que explique la historia y las vulneraciones de derechos \u2013malos tratos, abusos y adoctrinamiento\u2013 que se produjeron en este antiguo orfanato situado en Collserola","og_url":"https:\/\/www.sindicaturabarcelona.cat\/es\/sindicatura-greuges-de-barcelona-insta-ayuntamiento-preservar-casa-muchachos\/","og_site_name":"Sindicatura de Greuges de Barcelona","article_published_time":"2026-02-18T08:00:00+00:00","og_image":[{"width":2560,"height":1920,"url":"https:\/\/www.sindicaturabarcelona.cat\/wp-content\/uploads\/IMG_5377-scaled.jpeg","type":"image\/jpeg"}],"author":"Carme Rocamora","twitter_card":"summary_large_image","twitter_creator":"@sindicbarcelona","twitter_site":"@sindicbarcelona","twitter_misc":{"Escrito por":"Carme Rocamora","Tiempo de lectura":"4 minutos"},"schema":{"@context":"https:\/\/schema.org","@graph":[{"@type":"Article","@id":"https:\/\/www.sindicaturabarcelona.cat\/es\/sindicatura-greuges-de-barcelona-insta-ayuntamiento-preservar-casa-muchachos\/#article","isPartOf":{"@id":"https:\/\/www.sindicaturabarcelona.cat\/es\/sindicatura-greuges-de-barcelona-insta-ayuntamiento-preservar-casa-muchachos\/"},"author":{"name":"Carme Rocamora","@id":"https:\/\/www.sindicaturabarcelona.cat\/es\/#\/schema\/person\/0690b05fdcbf9e43b34103e845240789"},"headline":"La Sindicatura de Greuges de Barcelona insta al Ayuntamiento a preservar la memoria de la Ciudad de los Muchachos","datePublished":"2026-02-18T08:00:00+00:00","mainEntityOfPage":{"@id":"https:\/\/www.sindicaturabarcelona.cat\/es\/sindicatura-greuges-de-barcelona-insta-ayuntamiento-preservar-casa-muchachos\/"},"wordCount":612,"publisher":{"@id":"https:\/\/www.sindicaturabarcelona.cat\/es\/#organization"},"image":{"@id":"https:\/\/www.sindicaturabarcelona.cat\/es\/sindicatura-greuges-de-barcelona-insta-ayuntamiento-preservar-casa-muchachos\/#primaryimage"},"thumbnailUrl":"https:\/\/www.sindicaturabarcelona.cat\/wp-content\/uploads\/IMG_5377-scaled.jpeg","keywords":["Casa de los Muchachos","ciudad de los muchachos"],"inLanguage":"es"},{"@type":"WebPage","@id":"https:\/\/www.sindicaturabarcelona.cat\/es\/sindicatura-greuges-de-barcelona-insta-ayuntamiento-preservar-casa-muchachos\/","url":"https:\/\/www.sindicaturabarcelona.cat\/es\/sindicatura-greuges-de-barcelona-insta-ayuntamiento-preservar-casa-muchachos\/","name":"La Sindicatura de Greuges de Barcelona insta al Ayuntamiento a preservar la memoria de la Ciudad de los Muchachos - Sindicatura de Greuges de Barcelona","isPartOf":{"@id":"https:\/\/www.sindicaturabarcelona.cat\/es\/#website"},"primaryImageOfPage":{"@id":"https:\/\/www.sindicaturabarcelona.cat\/es\/sindicatura-greuges-de-barcelona-insta-ayuntamiento-preservar-casa-muchachos\/#primaryimage"},"image":{"@id":"https:\/\/www.sindicaturabarcelona.cat\/es\/sindicatura-greuges-de-barcelona-insta-ayuntamiento-preservar-casa-muchachos\/#primaryimage"},"thumbnailUrl":"https:\/\/www.sindicaturabarcelona.cat\/wp-content\/uploads\/IMG_5377-scaled.jpeg","datePublished":"2026-02-18T08:00:00+00:00","description":"La defensor\u00eda recomienda la instalaci\u00f3n de un espacio memorial que explique la historia y las vulneraciones de derechos \u2013malos tratos, abusos y adoctrinamiento\u2013 que se produjeron en este antiguo orfanato situado en Collserola","breadcrumb":{"@id":"https:\/\/www.sindicaturabarcelona.cat\/es\/sindicatura-greuges-de-barcelona-insta-ayuntamiento-preservar-casa-muchachos\/#breadcrumb"},"inLanguage":"es","potentialAction":[{"@type":"ReadAction","target":["https:\/\/www.sindicaturabarcelona.cat\/es\/sindicatura-greuges-de-barcelona-insta-ayuntamiento-preservar-casa-muchachos\/"]}]},{"@type":"ImageObject","inLanguage":"es","@id":"https:\/\/www.sindicaturabarcelona.cat\/es\/sindicatura-greuges-de-barcelona-insta-ayuntamiento-preservar-casa-muchachos\/#primaryimage","url":"https:\/\/www.sindicaturabarcelona.cat\/wp-content\/uploads\/IMG_5377-scaled.jpeg","contentUrl":"https:\/\/www.sindicaturabarcelona.cat\/wp-content\/uploads\/IMG_5377-scaled.jpeg","width":2560,"height":1920},{"@type":"BreadcrumbList","@id":"https:\/\/www.sindicaturabarcelona.cat\/es\/sindicatura-greuges-de-barcelona-insta-ayuntamiento-preservar-casa-muchachos\/#breadcrumb","itemListElement":[{"@type":"ListItem","position":1,"name":"Inici","item":"https:\/\/www.sindicaturabarcelona.cat\/es\/"},{"@type":"ListItem","position":2,"name":"La Sindicatura de Greuges de Barcelona insta al Ayuntamiento a preservar la memoria de la Ciudad de los Muchachos"}]},{"@type":"WebSite","@id":"https:\/\/www.sindicaturabarcelona.cat\/es\/#website","url":"https:\/\/www.sindicaturabarcelona.cat\/es\/","name":"Sindicatura de Greuges de Barcelona","description":"La defensoria dels teus drets","publisher":{"@id":"https:\/\/www.sindicaturabarcelona.cat\/es\/#organization"},"potentialAction":[{"@type":"SearchAction","target":{"@type":"EntryPoint","urlTemplate":"https:\/\/www.sindicaturabarcelona.cat\/es\/?s={search_term_string}"},"query-input":{"@type":"PropertyValueSpecification","valueRequired":true,"valueName":"search_term_string"}}],"inLanguage":"es"},{"@type":"Organization","@id":"https:\/\/www.sindicaturabarcelona.cat\/es\/#organization","name":"Sindicatura de Greuges de Barcelona","url":"https:\/\/www.sindicaturabarcelona.cat\/es\/","logo":{"@type":"ImageObject","inLanguage":"es","@id":"https:\/\/www.sindicaturabarcelona.cat\/es\/#\/schema\/logo\/image\/","url":"https:\/\/www.sindicaturabarcelona.cat\/wp-content\/uploads\/2023\/02\/logo_sindicatura.svg","contentUrl":"https:\/\/www.sindicaturabarcelona.cat\/wp-content\/uploads\/2023\/02\/logo_sindicatura.svg","caption":"Sindicatura de Greuges de Barcelona"},"image":{"@id":"https:\/\/www.sindicaturabarcelona.cat\/es\/#\/schema\/logo\/image\/"},"sameAs":["https:\/\/x.com\/sindicbarcelona","https:\/\/www.instagram.com\/sindicbarcelona\/","https:\/\/www.tiktok.com\/@sindicaturabcn","https:\/\/t.me\/sindicaturabarcelona"]},{"@type":"Person","@id":"https:\/\/www.sindicaturabarcelona.cat\/es\/#\/schema\/person\/0690b05fdcbf9e43b34103e845240789","name":"Carme Rocamora","image":{"@type":"ImageObject","inLanguage":"es","@id":"https:\/\/secure.gravatar.com\/avatar\/7d5e980ef632f555fa40f97d06e5c8ec4ec568974a95778749d6a6279aa1faef?s=96&d=mm&r=g","url":"https:\/\/secure.gravatar.com\/avatar\/7d5e980ef632f555fa40f97d06e5c8ec4ec568974a95778749d6a6279aa1faef?s=96&d=mm&r=g","contentUrl":"https:\/\/secure.gravatar.com\/avatar\/7d5e980ef632f555fa40f97d06e5c8ec4ec568974a95778749d6a6279aa1faef?s=96&d=mm&r=g","caption":"Carme Rocamora"},"url":"https:\/\/www.sindicaturabarcelona.cat\/es\/author\/crocamora\/"}]}},"_links":{"self":[{"href":"https:\/\/www.sindicaturabarcelona.cat\/es\/wp-json\/wp\/v2\/posts\/41766","targetHints":{"allow":["GET"]}}],"collection":[{"href":"https:\/\/www.sindicaturabarcelona.cat\/es\/wp-json\/wp\/v2\/posts"}],"about":[{"href":"https:\/\/www.sindicaturabarcelona.cat\/es\/wp-json\/wp\/v2\/types\/post"}],"author":[{"embeddable":true,"href":"https:\/\/www.sindicaturabarcelona.cat\/es\/wp-json\/wp\/v2\/users\/7"}],"replies":[{"embeddable":true,"href":"https:\/\/www.sindicaturabarcelona.cat\/es\/wp-json\/wp\/v2\/comments?post=41766"}],"version-history":[{"count":1,"href":"https:\/\/www.sindicaturabarcelona.cat\/es\/wp-json\/wp\/v2\/posts\/41766\/revisions"}],"predecessor-version":[{"id":41767,"href":"https:\/\/www.sindicaturabarcelona.cat\/es\/wp-json\/wp\/v2\/posts\/41766\/revisions\/41767"}],"wp:featuredmedia":[{"embeddable":true,"href":"https:\/\/www.sindicaturabarcelona.cat\/es\/wp-json\/wp\/v2\/media\/41757"}],"wp:attachment":[{"href":"https:\/\/www.sindicaturabarcelona.cat\/es\/wp-json\/wp\/v2\/media?parent=41766"}],"wp:term":[{"taxonomy":"post_tag","embeddable":true,"href":"https:\/\/www.sindicaturabarcelona.cat\/es\/wp-json\/wp\/v2\/tags?post=41766"},{"taxonomy":"drets","embeddable":true,"href":"https:\/\/www.sindicaturabarcelona.cat\/es\/wp-json\/wp\/v2\/drets?post=41766"}],"curies":[{"name":"wp","href":"https:\/\/api.w.org\/{rel}","templated":true}]}}