{"id":41666,"date":"2026-02-13T08:00:00","date_gmt":"2026-02-13T06:00:00","guid":{"rendered":"https:\/\/www.sindicaturabarcelona.cat\/?p=41666"},"modified":"2026-02-13T14:06:49","modified_gmt":"2026-02-13T12:06:49","slug":"la-sindicatura-de-greuges-de-barcelona-presenta-els-73-un-programa-para-acercar-la-defensoria-a-los-barrios-de-la-mano-de-las-radios-comunitarias","status":"publish","type":"post","link":"https:\/\/www.sindicaturabarcelona.cat\/es\/la-sindicatura-de-greuges-de-barcelona-presenta-els-73-un-programa-para-acercar-la-defensoria-a-los-barrios-de-la-mano-de-las-radios-comunitarias\/","title":{"rendered":"La Sindicatura de Greuges de Barcelona presenta \u00abEls 73\u00bb, un programa para acercar la defensor\u00eda a los barrios de la mano de las radios comunitarias"},"content":{"rendered":"\n<h2 class=\"wp-block-heading\"><strong>Se trata de un conjunto de videop\u00f3dcast que tienen por objetivo recuperar el sentido de la ciudad; el nombre responde al n\u00famero de barrios que hay en Barcelona<\/strong><\/h2>\n\n<h2 class=\"wp-block-heading\"><strong>El primer cap\u00edtol\u00a0es publicar\u00e0 el 13 de febrer\u00a0i\u00a0s\u2019ha realitzat de la m\u00e0 de R\u00e0dio\u00a0Hostafrancs, reunint ve\u00efnat i entitats en un di\u00e0leg obert sobre la vida i inquietuds als barris amb un to\u00a0propositiu\u00a0<\/strong>\u00a0<\/h2>\n\n<p>La Sindicatura de Greuges de Barcelona presenta <em><strong>Els 73<\/strong><\/em>, un programa de <strong>videop\u00f3dcast<\/strong> pensado para explicar de manera cercana y din\u00e1mica la labor que impulsa la defensor\u00eda junto al vecindario. El proyecto tambi\u00e9n busca reforzar el v\u00ednculo con el tejido asociativo y pone en valor el papel de las <strong>radios comunitarias<\/strong>, generando espacios de di\u00e1logo entre entidades y agentes de cambio con el s\u00edndic de Greuges de Barcelona, <strong>David Bondia<\/strong>. El objetivo es acercar la Sindicatura a los barrios y a las realidades cotidianas de Barcelona<\/p>\n\n<p><span class=\"TextRun SCXW241725533 BCX0\" lang=\"ES-ES\" xml:lang=\"ES-ES\" data-contrast=\"none\"><span class=\"NormalTextRun SCXW241725533 BCX0\" data-ccp-parastyle=\"Cos A\" data-ccp-parastyle-defn=\"{&quot;ObjectId&quot;:&quot;93f6452a-be9b-528c-92d0-6bc87e625005|1&quot;,&quot;ClassId&quot;:1073872969,&quot;Properties&quot;:[469775450,&quot;Cos A&quot;,201340122,&quot;2&quot;,134233614,&quot;true&quot;,469778129,&quot;CosA&quot;,335572020,&quot;1&quot;,469777841,&quot;Calibri&quot;,469777842,&quot;Arial Unicode MS&quot;,469777844,&quot;Calibri&quot;,469769226,&quot;Calibri,Arial Unicode MS&quot;,335551500,&quot;0&quot;,268442635,&quot;24&quot;,335551547,&quot;1034&quot;,469777843,&quot;Arial Unicode MS&quot;]}\">El programa,\u00a0<\/span><span class=\"NormalTextRun SCXW241725533 BCX0\" data-ccp-parastyle=\"Cos A\">presentado<\/span><span class=\"NormalTextRun SCXW241725533 BCX0\" data-ccp-parastyle=\"Cos A\">\u00a0por la periodista y\u00a0<\/span><span class=\"NormalTextRun SCXW241725533 BCX0\" data-ccp-parastyle=\"Cos A\">polit\u00f3loga<\/span><span class=\"NormalTextRun SCXW241725533 BCX0\" data-ccp-parastyle=\"Cos A\">\u00a0<\/span><\/span><strong><span class=\"TextRun SCXW241725533 BCX0\" lang=\"ES-ES\" xml:lang=\"ES-ES\" data-contrast=\"none\"><span class=\"NormalTextRun SCXW241725533 BCX0\" data-ccp-parastyle=\"Cos A\">Andrea\u00a0<\/span><span class=\"NormalTextRun SpellingErrorV2Themed SCXW241725533 BCX0\" data-ccp-parastyle=\"Cos A\">Gumes<\/span><\/span><\/strong><span class=\"TextRun SCXW241725533 BCX0\" lang=\"ES-ES\" xml:lang=\"ES-ES\" data-contrast=\"none\"><span class=\"NormalTextRun SCXW241725533 BCX0\" data-ccp-parastyle=\"Cos A\">, se ha\u00a0<\/span><span class=\"NormalTextRun SCXW241725533 BCX0\" data-ccp-parastyle=\"Cos A\">desarrollado<\/span><span class=\"NormalTextRun SCXW241725533 BCX0\" data-ccp-parastyle=\"Cos A\">\u00a0en\u00a0<\/span><span class=\"NormalTextRun SCXW241725533 BCX0\" data-ccp-parastyle=\"Cos A\">cooperaci\u00f3n<\/span><span class=\"NormalTextRun SCXW241725533 BCX0\" data-ccp-parastyle=\"Cos A\">\u00a0con la\u00a0<\/span><\/span><a class=\"Hyperlink SCXW241725533 BCX0\" href=\"https:\/\/www.barcelona.cat\/xrcb\/ca\" target=\"_blank\" rel=\"noreferrer noopener\"><span class=\"TextRun Underlined SCXW241725533 BCX0\" lang=\"ES-ES\" xml:lang=\"ES-ES\" data-contrast=\"none\"><span class=\"NormalTextRun SCXW241725533 BCX0\" data-ccp-charstyle=\"Hyperlink\">Xarxa de R\u00e0dios Comunit\u00e0ries de Barcelona<\/span><\/span><\/a><span class=\"TextRun SCXW241725533 BCX0\" lang=\"ES-ES\" xml:lang=\"ES-ES\" data-contrast=\"none\"><span class=\"NormalTextRun SCXW241725533 BCX0\" data-ccp-parastyle=\"Cos A\">\u00a0<strong>y e<\/strong>l\u00a0<\/span><\/span><a class=\"Hyperlink SCXW241725533 BCX0\" href=\"https:\/\/www.cab.cat\/\" target=\"_blank\" rel=\"noreferrer noopener\"><span class=\"TextRun Underlined SCXW241725533 BCX0\" lang=\"ES-ES\" xml:lang=\"ES-ES\" data-contrast=\"none\"><span class=\"NormalTextRun SCXW241725533 BCX0\" data-ccp-charstyle=\"Hyperlink\">Consell\u00a0<\/span><span class=\"NormalTextRun SCXW241725533 BCX0\" data-ccp-charstyle=\"Hyperlink\">d\u2019Associacions<\/span><span class=\"NormalTextRun SCXW241725533 BCX0\" data-ccp-charstyle=\"Hyperlink\">\u00a0de Barcelona<\/span><\/span><\/a><span class=\"TextRun SCXW241725533 BCX0\" lang=\"ES-ES\" xml:lang=\"ES-ES\" data-contrast=\"none\"><span class=\"NormalTextRun SCXW241725533 BCX0\" data-ccp-parastyle=\"Cos A\">.<\/span><\/span><span class=\"TextRun SCXW241725533 BCX0\" lang=\"ES-ES\" xml:lang=\"ES-ES\" data-contrast=\"none\"><span class=\"NormalTextRun SCXW241725533 BCX0\" data-ccp-parastyle=\"Cos A\">\u00a0En esta primera etapa se\u00a0<\/span><span class=\"NormalTextRun SCXW241725533 BCX0\" data-ccp-parastyle=\"Cos A\">publicar\u00e1n<\/span><span class=\"NormalTextRun SCXW241725533 BCX0\" data-ccp-parastyle=\"Cos A\">\u00a0<\/span><span class=\"NormalTextRun SCXW241725533 BCX0\" data-ccp-parastyle=\"Cos A\">seis<\/span><span class=\"NormalTextRun SCXW241725533 BCX0\" data-ccp-parastyle=\"Cos A\">\u00a0<\/span><span class=\"NormalTextRun SpellingErrorV2Themed SCXW241725533 BCX0\" data-ccp-parastyle=\"Cos A\">videop\u00f3dcast<\/span><span class=\"NormalTextRun SCXW241725533 BCX0\" data-ccp-parastyle=\"Cos A\">\u00a0de\u00a0<\/span><span class=\"NormalTextRun SCXW241725533 BCX0\" data-ccp-parastyle=\"Cos A\">unos<\/span><span class=\"NormalTextRun SCXW241725533 BCX0\" data-ccp-parastyle=\"Cos A\">\u00a050\u00a0<\/span><span class=\"NormalTextRun SCXW241725533 BCX0\" data-ccp-parastyle=\"Cos A\">minutos<\/span><span class=\"NormalTextRun SCXW241725533 BCX0\" data-ccp-parastyle=\"Cos A\">\u00a0de\u00a0<\/span><span class=\"NormalTextRun SCXW241725533 BCX0\" data-ccp-parastyle=\"Cos A\">duraci\u00f3n<\/span><span class=\"NormalTextRun SCXW241725533 BCX0\" data-ccp-parastyle=\"Cos A\">. <\/span><\/span><span class=\"TextRun SCXW241725533 BCX0\" lang=\"ES-ES\" xml:lang=\"ES-ES\" data-contrast=\"none\"><span class=\"NormalTextRun SCXW241725533 BCX0\" data-ccp-parastyle=\"Cos A\">En cada episodio,\u00a0<\/span><span class=\"NormalTextRun SCXW241725533 BCX0\" data-ccp-parastyle=\"Cos A\">Bondia<\/span><span class=\"NormalTextRun SCXW241725533 BCX0\" data-ccp-parastyle=\"Cos A\">\u00a0conversa\u00a0<\/span><span class=\"NormalTextRun SCXW241725533 BCX0\" data-ccp-parastyle=\"Cos A\">directamente<\/span><span class=\"NormalTextRun SCXW241725533 BCX0\" data-ccp-parastyle=\"Cos A\">\u00a0con\u00a0<\/span><span class=\"NormalTextRun SCXW241725533 BCX0\" data-ccp-parastyle=\"Cos A\">vecinas<\/span><span class=\"NormalTextRun SCXW241725533 BCX0\" data-ccp-parastyle=\"Cos A\">,\u00a0<\/span><span class=\"NormalTextRun SCXW241725533 BCX0\" data-ccp-parastyle=\"Cos A\">vecinos<\/span><span class=\"NormalTextRun SCXW241725533 BCX0\" data-ccp-parastyle=\"Cos A\">\u00a0y\u00a0<\/span><span class=\"NormalTextRun SCXW241725533 BCX0\" data-ccp-parastyle=\"Cos A\">representantes<\/span><span class=\"NormalTextRun SCXW241725533 BCX0\" data-ccp-parastyle=\"Cos A\">\u00a0de\u00a0<\/span><span class=\"NormalTextRun SCXW241725533 BCX0\" data-ccp-parastyle=\"Cos A\">entidades<\/span><span class=\"NormalTextRun SCXW241725533 BCX0\" data-ccp-parastyle=\"Cos A\">\u00a0para explicar la\u00a0<\/span><span class=\"NormalTextRun SCXW241725533 BCX0\" data-ccp-parastyle=\"Cos A\">funci\u00f3n<\/span><span class=\"NormalTextRun SCXW241725533 BCX0\" data-ccp-parastyle=\"Cos A\">\u00a0de la Sindicatura,\u00a0<\/span><span class=\"NormalTextRun SCXW241725533 BCX0\" data-ccp-parastyle=\"Cos A\">escuchar<\/span><span class=\"NormalTextRun SCXW241725533 BCX0\" data-ccp-parastyle=\"Cos A\">\u00a0<\/span><span class=\"NormalTextRun SCXW241725533 BCX0\" data-ccp-parastyle=\"Cos A\">experiencias<\/span><span class=\"NormalTextRun SCXW241725533 BCX0\" data-ccp-parastyle=\"Cos A\">\u00a0y compartir reflexiones sobre la\u00a0<\/span><span class=\"NormalTextRun SCXW241725533 BCX0\" data-ccp-parastyle=\"Cos A\">ciudad<\/span><span class=\"NormalTextRun SCXW241725533 BCX0\" data-ccp-parastyle=\"Cos A\">.<\/span><\/span><span class=\"EOP SCXW241725533 BCX0\" data-ccp-props=\"{&quot;335551550&quot;:6,&quot;335551620&quot;:6}\">\u00a0<\/span><\/p>\n\n<figure class=\"wp-block-embed is-type-video is-provider-youtube wp-block-embed-youtube wp-embed-aspect-16-9 wp-has-aspect-ratio\"><div class=\"wp-block-embed__wrapper\">\r\n<div class=\"video-wrapper\"><iframe loading=\"lazy\" title=\"Els 73, el videop\u00f2dcast de la Sindicatura | Cap\u00edtol 1: Hostafrancs i la Bordeta.\" width=\"640\" height=\"360\" src=\"https:\/\/www.youtube.com\/embed\/8DACu6znlgk?start=252&#038;feature=oembed\" frameborder=\"0\" allow=\"accelerometer; autoplay; clipboard-write; encrypted-media; gyroscope; picture-in-picture; web-share\" referrerpolicy=\"strict-origin-when-cross-origin\" allowfullscreen><\/iframe><\/div>\r\n<\/div><\/figure><br>\n\n<h2 class=\"wp-block-heading\"><strong><span class=\"TextRun Underlined SCXW222824525 BCX0\" lang=\"CA-ES\" xml:lang=\"CA-ES\" data-contrast=\"none\"><span class=\"NormalTextRun SCXW222824525 BCX0\" data-ccp-parastyle=\"Cos A\" data-ccp-parastyle-defn=\"{&quot;ObjectId&quot;:&quot;93f6452a-be9b-528c-92d0-6bc87e625005|1&quot;,&quot;ClassId&quot;:1073872969,&quot;Properties&quot;:[469775450,&quot;Cos A&quot;,201340122,&quot;2&quot;,134233614,&quot;true&quot;,469778129,&quot;CosA&quot;,335572020,&quot;1&quot;,469777841,&quot;Calibri&quot;,469777842,&quot;Arial Unicode MS&quot;,469777844,&quot;Calibri&quot;,469769226,&quot;Calibri,Arial Unicode MS&quot;,335551500,&quot;0&quot;,268442635,&quot;24&quot;,335551547,&quot;1034&quot;,469777843,&quot;Arial Unicode MS&quot;]}\">El primer programa, con R\u00e0dio\u00a0<\/span><span class=\"NormalTextRun SpellingErrorV2Themed SCXW222824525 BCX0\" data-ccp-parastyle=\"Cos A\">Hostafrancs<\/span><\/span><\/strong><span class=\"EOP SCXW222824525 BCX0\" data-ccp-props=\"{&quot;335551550&quot;:6,&quot;335551620&quot;:6}\">\u00a0<\/span><\/h2>\n\n<p><span class=\"TextRun SCXW260262348 BCX0\" lang=\"CA-ES\" xml:lang=\"CA-ES\" data-contrast=\"none\"><span class=\"NormalTextRun SCXW260262348 BCX0\" data-ccp-parastyle=\"Cos A\" data-ccp-parastyle-defn=\"{&quot;ObjectId&quot;:&quot;93f6452a-be9b-528c-92d0-6bc87e625005|1&quot;,&quot;ClassId&quot;:1073872969,&quot;Properties&quot;:[469775450,&quot;Cos A&quot;,201340122,&quot;2&quot;,134233614,&quot;true&quot;,469778129,&quot;CosA&quot;,335572020,&quot;1&quot;,469777841,&quot;Calibri&quot;,469777842,&quot;Arial Unicode MS&quot;,469777844,&quot;Calibri&quot;,469769226,&quot;Calibri,Arial Unicode MS&quot;,335551500,&quot;0&quot;,268442635,&quot;24&quot;,335551547,&quot;1034&quot;,469777843,&quot;Arial Unicode MS&quot;]}\">El primer\u00a0<\/span><span class=\"NormalTextRun SpellingErrorV2Themed SCXW260262348 BCX0\" data-ccp-parastyle=\"Cos A\">videop\u00f3dcast<\/span><span class=\"NormalTextRun SCXW260262348 BCX0\" data-ccp-parastyle=\"Cos A\">\u00a0<\/span><\/span><span class=\"TextRun Underlined SCXW260262348 BCX0\" lang=\"CA-ES\" xml:lang=\"CA-ES\" data-contrast=\"none\"><a href=\"https:\/\/www.youtube.com\/watch?v=8DACu6znlgk\"><span class=\"NormalTextRun SCXW260262348 BCX0\" data-ccp-charstyle=\"Hyperlink\">se\u00a0<\/span><span class=\"NormalTextRun SCXW260262348 BCX0\" data-ccp-charstyle=\"Hyperlink\">ha\u00a0<\/span><span class=\"NormalTextRun SCXW260262348 BCX0\" data-ccp-charstyle=\"Hyperlink\">publicado<\/span><\/a><span class=\"NormalTextRun SCXW260262348 BCX0\" data-ccp-charstyle=\"Hyperlink\">\u00a0<\/span><span class=\"NormalTextRun SCXW260262348 BCX0\" data-ccp-charstyle=\"Hyperlink\">este\u00a0<\/span><strong><span class=\"NormalTextRun SCXW260262348 BCX0\" data-ccp-charstyle=\"Hyperlink\">viernes<\/span><\/strong><\/span><strong><span class=\"TextRun SCXW260262348 BCX0\" lang=\"CA-ES\" xml:lang=\"CA-ES\" data-contrast=\"none\"><span class=\"NormalTextRun SCXW260262348 BCX0\" data-ccp-parastyle=\"Cos A\">\u00a0<\/span><\/span><span class=\"TextRun SCXW260262348 BCX0\" lang=\"CA-ES\" xml:lang=\"CA-ES\" data-contrast=\"none\"><span class=\"NormalTextRun SCXW260262348 BCX0\" data-ccp-parastyle=\"Cos A\">13 de\u00a0<\/span><span class=\"NormalTextRun SpellingErrorV2Themed SCXW260262348 BCX0\" data-ccp-parastyle=\"Cos A\">febrero<\/span><\/span><\/strong><span class=\"TextRun SCXW260262348 BCX0\" lang=\"CA-ES\" xml:lang=\"CA-ES\" data-contrast=\"none\"><span class=\"NormalTextRun SCXW260262348 BCX0\" data-ccp-parastyle=\"Cos A\">,\u00a0<\/span><span class=\"NormalTextRun SpellingErrorV2Themed SCXW260262348 BCX0\" data-ccp-parastyle=\"Cos A\">coincidiendo<\/span><span class=\"NormalTextRun SCXW260262348 BCX0\" data-ccp-parastyle=\"Cos A\">\u00a0con el\u00a0<\/span><strong><span class=\"NormalTextRun SpellingErrorV2Themed SCXW260262348 BCX0\" data-ccp-parastyle=\"Cos A\">D\u00eda<\/span><\/strong><span class=\"NormalTextRun SCXW260262348 BCX0\" data-ccp-parastyle=\"Cos A\"><strong>\u00a0Mundial de la Radio<\/strong>, y se ha\u00a0<\/span><span class=\"NormalTextRun SpellingErrorV2Themed SCXW260262348 BCX0\" data-ccp-parastyle=\"Cos A\">realizado<\/span><span class=\"NormalTextRun SCXW260262348 BCX0\" data-ccp-parastyle=\"Cos A\">\u00a0<\/span><span class=\"NormalTextRun SpellingErrorV2Themed SCXW260262348 BCX0\" data-ccp-parastyle=\"Cos A\">junto<\/span><span class=\"NormalTextRun SCXW260262348 BCX0\" data-ccp-parastyle=\"Cos A\">\u00a0a <strong>R\u00e0dio\u00a0<\/strong><\/span><strong><span class=\"NormalTextRun SpellingErrorV2Themed SCXW260262348 BCX0\" data-ccp-parastyle=\"Cos A\">Hostafrancs<\/span><\/strong><span class=\"NormalTextRun SCXW260262348 BCX0\" data-ccp-parastyle=\"Cos A\">. El episodio,\u00a0<\/span><span class=\"NormalTextRun SpellingErrorV2Themed SCXW260262348 BCX0\" data-ccp-parastyle=\"Cos A\">copresentado<\/span><span class=\"NormalTextRun SCXW260262348 BCX0\" data-ccp-parastyle=\"Cos A\">\u00a0con la periodista y subdirectora de R\u00e0dio\u00a0<\/span><span class=\"NormalTextRun SpellingErrorV2Themed SCXW260262348 BCX0\" data-ccp-parastyle=\"Cos A\">Hostafrancs<\/span><span class=\"NormalTextRun SCXW260262348 BCX0\" data-ccp-parastyle=\"Cos A\">,\u00a0<\/span><\/span><strong><span class=\"TextRun SCXW260262348 BCX0\" lang=\"CA-ES\" xml:lang=\"CA-ES\" data-contrast=\"none\"><span class=\"NormalTextRun SCXW260262348 BCX0\" data-ccp-parastyle=\"Cos A\">Sara Barrera<\/span><\/span><\/strong><span class=\"TextRun SCXW260262348 BCX0\" lang=\"CA-ES\" xml:lang=\"CA-ES\" data-contrast=\"none\"><span class=\"NormalTextRun SCXW260262348 BCX0\" data-ccp-parastyle=\"Cos A\">, da\u00a0<\/span><span class=\"NormalTextRun SpellingErrorV2Themed SCXW260262348 BCX0\" data-ccp-parastyle=\"Cos A\">voz<\/span><span class=\"NormalTextRun SCXW260262348 BCX0\" data-ccp-parastyle=\"Cos A\">\u00a0a\u00a0<\/span><span class=\"NormalTextRun SpellingErrorV2Themed SCXW260262348 BCX0\" data-ccp-parastyle=\"Cos A\">diversas<\/span><span class=\"NormalTextRun SCXW260262348 BCX0\" data-ccp-parastyle=\"Cos A\">\u00a0<\/span><span class=\"NormalTextRun SpellingErrorV2Themed SCXW260262348 BCX0\" data-ccp-parastyle=\"Cos A\">figuras<\/span><span class=\"NormalTextRun SCXW260262348 BCX0\" data-ccp-parastyle=\"Cos A\">\u00a0del\u00a0<\/span><span class=\"NormalTextRun SpellingErrorV2Themed SCXW260262348 BCX0\" data-ccp-parastyle=\"Cos A\">tejido<\/span><span class=\"NormalTextRun SCXW260262348 BCX0\" data-ccp-parastyle=\"Cos A\">\u00a0<\/span><span class=\"NormalTextRun SpellingErrorV2Themed SCXW260262348 BCX0\" data-ccp-parastyle=\"Cos A\">vecinal<\/span><span class=\"NormalTextRun SCXW260262348 BCX0\" data-ccp-parastyle=\"Cos A\">\u00a0y\u00a0<\/span><span class=\"NormalTextRun SpellingErrorV2Themed SCXW260262348 BCX0\" data-ccp-parastyle=\"Cos A\">asociativo<\/span><span class=\"NormalTextRun SCXW260262348 BCX0\" data-ccp-parastyle=\"Cos A\">\u00a0del\u00a0<\/span><span class=\"NormalTextRun SpellingErrorV2Themed SCXW260262348 BCX0\" data-ccp-parastyle=\"Cos A\">barrio<\/span><span class=\"NormalTextRun SCXW260262348 BCX0\" data-ccp-parastyle=\"Cos A\">:\u00a0<\/span><\/span><strong><span class=\"TextRun SCXW260262348 BCX0\" lang=\"CA-ES\" xml:lang=\"CA-ES\" data-contrast=\"none\"><span class=\"NormalTextRun SCXW260262348 BCX0\" data-ccp-parastyle=\"Cos A\">D\u00eddac\u00a0<\/span><span class=\"NormalTextRun SpellingErrorV2Themed SCXW260262348 BCX0\" data-ccp-parastyle=\"Cos A\">Boza<\/span><\/span><\/strong><span class=\"TextRun SCXW260262348 BCX0\" lang=\"CA-ES\" xml:lang=\"CA-ES\" data-contrast=\"none\"><span class=\"NormalTextRun SCXW260262348 BCX0\" data-ccp-parastyle=\"Cos A\">, periodista y director de R\u00e0dio\u00a0<\/span><span class=\"NormalTextRun SpellingErrorV2Themed SCXW260262348 BCX0\" data-ccp-parastyle=\"Cos A\">Hostafrancs<\/span><span class=\"NormalTextRun SCXW260262348 BCX0\" data-ccp-parastyle=\"Cos A\">;\u00a0<\/span><\/span><strong><span class=\"TextRun SCXW260262348 BCX0\" lang=\"CA-ES\" xml:lang=\"CA-ES\" data-contrast=\"none\"><span class=\"NormalTextRun SCXW260262348 BCX0\" data-ccp-parastyle=\"Cos A\">M\u00f2nica Noguera<\/span><\/span><\/strong><span class=\"TextRun SCXW260262348 BCX0\" lang=\"CA-ES\" xml:lang=\"CA-ES\" data-contrast=\"none\"><span class=\"NormalTextRun SCXW260262348 BCX0\" data-ccp-parastyle=\"Cos A\">, presidenta del Eix Comercial de Creu Coberta;<\/span><\/span><span class=\"TextRun SCXW260262348 BCX0\" lang=\"CA-ES\" xml:lang=\"CA-ES\" data-contrast=\"none\"><span class=\"NormalTextRun SCXW260262348 BCX0\" data-ccp-parastyle=\"Cos A\">\u00a0<strong>Conxita P\u00e9rez<\/strong><\/span><\/span><span class=\"TextRun SCXW260262348 BCX0\" lang=\"CA-ES\" xml:lang=\"CA-ES\" data-contrast=\"none\"><span class=\"NormalTextRun SCXW260262348 BCX0\" data-ccp-parastyle=\"Cos A\">, vocal de la Associaci\u00f3 de Ve\u00efnes i Ve\u00efns\u00a0<\/span><span class=\"NormalTextRun SpellingErrorV2Themed SCXW260262348 BCX0\" data-ccp-parastyle=\"Cos A\">d\u2019Hostafrancs<\/span><span class=\"NormalTextRun SCXW260262348 BCX0\" data-ccp-parastyle=\"Cos A\">;\u00a0<\/span><\/span><strong><span class=\"TextRun SCXW260262348 BCX0\" lang=\"CA-ES\" xml:lang=\"CA-ES\" data-contrast=\"none\"><span class=\"NormalTextRun SCXW260262348 BCX0\" data-ccp-parastyle=\"Cos A\">Llu\u00efsa Erill<\/span><\/span><\/strong><span class=\"TextRun SCXW260262348 BCX0\" lang=\"CA-ES\" xml:lang=\"CA-ES\" data-contrast=\"none\"><span class=\"NormalTextRun SCXW260262348 BCX0\" data-ccp-parastyle=\"Cos A\">, presidenta del Secretariat d\u2019Entitats de Sants,\u00a0<\/span><span class=\"NormalTextRun SpellingErrorV2Themed SCXW260262348 BCX0\" data-ccp-parastyle=\"Cos A\">Hostafrancs<\/span><span class=\"NormalTextRun SCXW260262348 BCX0\" data-ccp-parastyle=\"Cos A\">\u00a0i la Bordeta; y <strong>D<\/strong><\/span><\/span><span class=\"TextRun SCXW260262348 BCX0\" lang=\"CA-ES\" xml:lang=\"CA-ES\" data-contrast=\"none\"><span class=\"NormalTextRun SCXW260262348 BCX0\" data-ccp-parastyle=\"Cos A\"><strong>aniel <span class=\"TextRun SCXW113784833 BCX0\" lang=\"CA-ES\" xml:lang=\"CA-ES\" data-contrast=\"none\"><span class=\"NormalTextRun SpellingErrorV2Themed SCXW113784833 BCX0\" data-ccp-parastyle=\"Cos A\">Sererols<\/span><\/span><\/strong><span class=\"TextRun SCXW113784833 BCX0\" lang=\"CA-ES\" xml:lang=\"CA-ES\" data-contrast=\"none\"><span class=\"NormalTextRun SCXW113784833 BCX0\" data-ccp-parastyle=\"Cos A\">,\u00a0<\/span><span class=\"NormalTextRun SpellingErrorV2Themed SCXW113784833 BCX0\" data-ccp-parastyle=\"Cos A\">presidente<\/span><span class=\"NormalTextRun SCXW113784833 BCX0\" data-ccp-parastyle=\"Cos A\">\u00a0de la Associaci\u00f3 de Ve\u00efns i Ve\u00efnes de la Pla\u00e7a de la Farga.\u00a0<\/span><span class=\"NormalTextRun SpellingErrorV2Themed SCXW113784833 BCX0\" data-ccp-parastyle=\"Cos A\">Tambi\u00e9n<\/span><span class=\"NormalTextRun SCXW113784833 BCX0\" data-ccp-parastyle=\"Cos A\">\u00a0<\/span><span class=\"NormalTextRun SpellingErrorV2Themed SCXW113784833 BCX0\" data-ccp-parastyle=\"Cos A\">intervienen<\/span><span class=\"NormalTextRun SCXW113784833 BCX0\" data-ccp-parastyle=\"Cos A\">, a trav\u00e9s de v\u00eddeos,\u00a0<\/span><\/span><strong><span class=\"TextRun SCXW113784833 BCX0\" lang=\"CA-ES\" xml:lang=\"CA-ES\" data-contrast=\"none\"><span class=\"NormalTextRun SCXW113784833 BCX0\" data-ccp-parastyle=\"Cos A\">Teresa Villoro<\/span><\/span><\/strong><span class=\"TextRun SCXW113784833 BCX0\" lang=\"CA-ES\" xml:lang=\"CA-ES\" data-contrast=\"none\"><span class=\"NormalTextRun SCXW113784833 BCX0\" data-ccp-parastyle=\"Cos A\">, directora del\u00a0<\/span><span class=\"NormalTextRun SpellingErrorV2Themed SCXW113784833 BCX0\" data-ccp-parastyle=\"Cos A\">comedor<\/span><span class=\"NormalTextRun SCXW113784833 BCX0\" data-ccp-parastyle=\"Cos A\">\u00a0social Fundaci\u00f3\u00a0<\/span><span class=\"NormalTextRun SpellingErrorV2Themed SCXW113784833 BCX0\" data-ccp-parastyle=\"Cos A\">Canpedr\u00f3<\/span><span class=\"NormalTextRun SCXW113784833 BCX0\" data-ccp-parastyle=\"Cos A\">; y\u00a0<\/span><\/span><strong><span class=\"TextRun SCXW113784833 BCX0\" lang=\"CA-ES\" xml:lang=\"CA-ES\" data-contrast=\"none\"><span class=\"NormalTextRun SCXW113784833 BCX0\" data-ccp-parastyle=\"Cos A\">Sa\u00fcl Ferrer<\/span><\/span><\/strong><span class=\"TextRun SCXW113784833 BCX0\" lang=\"CA-ES\" xml:lang=\"CA-ES\" data-contrast=\"none\"><span class=\"NormalTextRun SCXW113784833 BCX0\" data-ccp-parastyle=\"Cos A\">,\u00a0<\/span><span class=\"NormalTextRun SpellingErrorV2Themed SCXW113784833 BCX0\" data-ccp-parastyle=\"Cos A\">vicepresidente<\/span><span class=\"NormalTextRun SCXW113784833 BCX0\" data-ccp-parastyle=\"Cos A\">\u00a0de la Associaci\u00f3 de Ve\u00efnes i Ve\u00efns\u00a0<\/span><span class=\"NormalTextRun SpellingErrorV2Themed SpellingErrorHighlight SCXW113784833 BCX0\" data-ccp-parastyle=\"Cos A\">d\u2019Hostafrancs<\/span><span class=\"NormalTextRun SCXW113784833 BCX0\" data-ccp-parastyle=\"Cos A\">.<\/span><\/span><\/span><\/span><\/p>\n\n<p><span class=\"TextRun SCXW127474025 BCX0\" lang=\"CA-ES\" xml:lang=\"CA-ES\" data-contrast=\"none\"><span class=\"NormalTextRun SCXW127474025 BCX0\" data-ccp-parastyle=\"Cos A\" data-ccp-parastyle-defn=\"{&quot;ObjectId&quot;:&quot;93f6452a-be9b-528c-92d0-6bc87e625005|1&quot;,&quot;ClassId&quot;:1073872969,&quot;Properties&quot;:[469775450,&quot;Cos A&quot;,201340122,&quot;2&quot;,134233614,&quot;true&quot;,469778129,&quot;CosA&quot;,335572020,&quot;1&quot;,469777841,&quot;Calibri&quot;,469777842,&quot;Arial Unicode MS&quot;,469777844,&quot;Calibri&quot;,469769226,&quot;Calibri,Arial Unicode MS&quot;,335551500,&quot;0&quot;,268442635,&quot;24&quot;,335551547,&quot;1034&quot;,469777843,&quot;Arial Unicode MS&quot;]}\">La\u00a0<\/span><span class=\"NormalTextRun SpellingErrorV2Themed SCXW127474025 BCX0\" data-ccp-parastyle=\"Cos A\">siguiente<\/span><span class=\"NormalTextRun SCXW127474025 BCX0\" data-ccp-parastyle=\"Cos A\">\u00a0parada del\u00a0<\/span><span class=\"NormalTextRun SpellingErrorV2Themed SCXW127474025 BCX0\" data-ccp-parastyle=\"Cos A\">proyecto<\/span><span class=\"NormalTextRun SCXW127474025 BCX0\" data-ccp-parastyle=\"Cos A\">\u00a0<\/span><span class=\"NormalTextRun SpellingErrorV2Themed SCXW127474025 BCX0\" data-ccp-parastyle=\"Cos A\">ser\u00e1<\/span><span class=\"NormalTextRun SCXW127474025 BCX0\" data-ccp-parastyle=\"Cos A\">\u00a0con\u00a0<\/span><\/span><strong><span class=\"TextRun SCXW127474025 BCX0\" lang=\"CA-ES\" xml:lang=\"CA-ES\" data-contrast=\"none\"><span class=\"NormalTextRun SCXW127474025 BCX0\" data-ccp-parastyle=\"Cos A\">R\u00e0dio Ateneu del Clot<\/span><\/span><\/strong><span class=\"TextRun SCXW127474025 BCX0\" lang=\"CA-ES\" xml:lang=\"CA-ES\" data-contrast=\"none\"><span class=\"NormalTextRun SCXW127474025 BCX0\" data-ccp-parastyle=\"Cos A\">, en el mes de\u00a0<\/span><span class=\"NormalTextRun SpellingErrorV2Themed SCXW127474025 BCX0\" data-ccp-parastyle=\"Cos A\">marzo<\/span><span class=\"NormalTextRun SCXW127474025 BCX0\" data-ccp-parastyle=\"Cos A\">,\u00a0<\/span><span class=\"NormalTextRun SpellingErrorV2Themed SpellingErrorHighlight SCXW127474025 BCX0\" data-ccp-parastyle=\"Cos A\">continuando<\/span><span class=\"NormalTextRun SCXW127474025 BCX0\" data-ccp-parastyle=\"Cos A\">\u00a0este\u00a0<\/span><span class=\"NormalTextRun SpellingErrorV2Themed SCXW127474025 BCX0\" data-ccp-parastyle=\"Cos A\">recorrido<\/span><span class=\"NormalTextRun SCXW127474025 BCX0\" data-ccp-parastyle=\"Cos A\">\u00a0por los\u00a0<\/span><span class=\"NormalTextRun SpellingErrorV2Themed SCXW127474025 BCX0\" data-ccp-parastyle=\"Cos A\">barrios<\/span><span class=\"NormalTextRun SCXW127474025 BCX0\" data-ccp-parastyle=\"Cos A\">\u00a0de la\u00a0<\/span><span class=\"NormalTextRun SpellingErrorV2Themed SCXW127474025 BCX0\" data-ccp-parastyle=\"Cos A\">ciudad<\/span><span class=\"NormalTextRun SCXW127474025 BCX0\" data-ccp-parastyle=\"Cos A\">\u00a0para\u00a0<\/span><span class=\"NormalTextRun SpellingErrorV2Themed SCXW127474025 BCX0\" data-ccp-parastyle=\"Cos A\">reforzar<\/span><span class=\"NormalTextRun SCXW127474025 BCX0\" data-ccp-parastyle=\"Cos A\">\u00a0la presencia de la Sindicatura en el\u00a0<\/span><span class=\"NormalTextRun SpellingErrorV2Themed SCXW127474025 BCX0\" data-ccp-parastyle=\"Cos A\">territorio<\/span><span class=\"NormalTextRun SCXW127474025 BCX0\" data-ccp-parastyle=\"Cos A\">. La gira\u00a0<\/span><span class=\"NormalTextRun SpellingErrorV2Themed SCXW127474025 BCX0\" data-ccp-parastyle=\"Cos A\">seguir\u00e1<\/span><span class=\"NormalTextRun SCXW127474025 BCX0\" data-ccp-parastyle=\"Cos A\">\u00a0por diversos\u00a0<\/span><span class=\"NormalTextRun SpellingErrorV2Themed SCXW127474025 BCX0\" data-ccp-parastyle=\"Cos A\">barrios<\/span><span class=\"NormalTextRun SCXW127474025 BCX0\" data-ccp-parastyle=\"Cos A\">\u00a0a lo largo del\u00a0<\/span><span class=\"NormalTextRun SpellingErrorV2Themed SCXW127474025 BCX0\" data-ccp-parastyle=\"Cos A\">a\u00f1o<\/span><span class=\"NormalTextRun SCXW127474025 BCX0\" data-ccp-parastyle=\"Cos A\">,\u00a0<\/span><span class=\"NormalTextRun SpellingErrorV2Themed SCXW127474025 BCX0\" data-ccp-parastyle=\"Cos A\">pero<\/span><span class=\"NormalTextRun SCXW127474025 BCX0\" data-ccp-parastyle=\"Cos A\">\u00a0el punto de\u00a0<\/span><span class=\"NormalTextRun SpellingErrorV2Themed SCXW127474025 BCX0\" data-ccp-parastyle=\"Cos A\">inflexi\u00f3n<\/span><span class=\"NormalTextRun SCXW127474025 BCX0\" data-ccp-parastyle=\"Cos A\">\u00a0<\/span><span class=\"NormalTextRun SpellingErrorV2Themed SCXW127474025 BCX0\" data-ccp-parastyle=\"Cos A\">ser\u00e1<\/span><span class=\"NormalTextRun SCXW127474025 BCX0\" data-ccp-parastyle=\"Cos A\">\u00a0en abril, con un\u00a0<\/span><\/span><span class=\"TextRun SCXW127474025 BCX0\" lang=\"CA-ES\" xml:lang=\"CA-ES\" data-contrast=\"none\"><span class=\"NormalTextRun SCXW127474025 BCX0\" data-ccp-parastyle=\"Cos A\">programa en el <strong>Sal\u00f3 de Cent<\/strong><\/span><\/span><span class=\"TextRun SCXW127474025 BCX0\" lang=\"CA-ES\" xml:lang=\"CA-ES\" data-contrast=\"none\"><span class=\"NormalTextRun SCXW127474025 BCX0\" data-ccp-parastyle=\"Cos A\">\u00a0del\u00a0<\/span><span class=\"NormalTextRun SpellingErrorV2Themed SCXW127474025 BCX0\" data-ccp-parastyle=\"Cos A\">Ayuntamiento<\/span><span class=\"NormalTextRun SCXW127474025 BCX0\" data-ccp-parastyle=\"Cos A\">\u00a0<\/span><span class=\"NormalTextRun SpellingErrorV2Themed SCXW127474025 BCX0\" data-ccp-parastyle=\"Cos A\">junto<\/span><span class=\"NormalTextRun SCXW127474025 BCX0\" data-ccp-parastyle=\"Cos A\">\u00a0a\u00a0<\/span><span class=\"NormalTextRun SpellingErrorV2Themed SCXW127474025 BCX0\" data-ccp-parastyle=\"Cos A\">todas<\/span><span class=\"NormalTextRun SCXW127474025 BCX0\" data-ccp-parastyle=\"Cos A\">\u00a0las\u00a0<\/span><span class=\"NormalTextRun SpellingErrorV2Themed SCXW127474025 BCX0\" data-ccp-parastyle=\"Cos A\">radios<\/span><span class=\"NormalTextRun SCXW127474025 BCX0\" data-ccp-parastyle=\"Cos A\">\u00a0que\u00a0<\/span><span class=\"NormalTextRun SpellingErrorV2Themed SCXW127474025 BCX0\" data-ccp-parastyle=\"Cos A\">participan<\/span><span class=\"NormalTextRun SCXW127474025 BCX0\" data-ccp-parastyle=\"Cos A\">\u00a0en el\u00a0<\/span><span class=\"NormalTextRun SpellingErrorV2Themed SCXW127474025 BCX0\" data-ccp-parastyle=\"Cos A\">proyecto<\/span><span class=\"NormalTextRun SCXW127474025 BCX0\" data-ccp-parastyle=\"Cos A\">\u00a0y el Consell d\u2019Associacions de Barcelona.<\/span><\/span><span class=\"EOP SCXW127474025 BCX0\" data-ccp-props=\"{&quot;335551550&quot;:6,&quot;335551620&quot;:6}\">\u00a0<\/span><\/p>\n\n<p><strong><span class=\"TextRun Underlined SCXW99343590 BCX0\" lang=\"CA-ES\" xml:lang=\"CA-ES\" data-contrast=\"none\"><span class=\"NormalTextRun SCXW99343590 BCX0\" data-ccp-parastyle=\"Cos A\" data-ccp-parastyle-defn=\"{&quot;ObjectId&quot;:&quot;93f6452a-be9b-528c-92d0-6bc87e625005|1&quot;,&quot;ClassId&quot;:1073872969,&quot;Properties&quot;:[469775450,&quot;Cos A&quot;,201340122,&quot;2&quot;,134233614,&quot;true&quot;,469778129,&quot;CosA&quot;,335572020,&quot;1&quot;,469777841,&quot;Calibri&quot;,469777842,&quot;Arial Unicode MS&quot;,469777844,&quot;Calibri&quot;,469769226,&quot;Calibri,Arial Unicode MS&quot;,335551500,&quot;0&quot;,268442635,&quot;24&quot;,335551547,&quot;1034&quot;,469777843,&quot;Arial Unicode MS&quot;]}\">\u00bfPor\u00a0<\/span><span class=\"NormalTextRun SpellingErrorV2Themed SCXW99343590 BCX0\" data-ccp-parastyle=\"Cos A\">qu\u00e9<\/span><span class=\"NormalTextRun SCXW99343590 BCX0\" data-ccp-parastyle=\"Cos A\">\u00a0<\/span><\/span><span class=\"TextRun Underlined SCXW99343590 BCX0\" lang=\"CA-ES\" xml:lang=\"CA-ES\" data-contrast=\"none\"><span class=\"NormalTextRun SCXW99343590 BCX0\" data-ccp-parastyle=\"Cos A\"><em>Els 73<\/em><\/span><\/span><span class=\"TextRun Underlined SCXW99343590 BCX0\" lang=\"CA-ES\" xml:lang=\"CA-ES\" data-contrast=\"none\"><span class=\"NormalTextRun SCXW99343590 BCX0\" data-ccp-parastyle=\"Cos A\">?<\/span><\/span><span class=\"EOP SCXW99343590 BCX0\" data-ccp-props=\"{&quot;335551550&quot;:6,&quot;335551620&quot;:6}\">\u00a0<\/span><\/strong><\/p>\n\n<p><span class=\"TextRun SCXW75660020 BCX0\" lang=\"CA-ES\" xml:lang=\"CA-ES\" data-contrast=\"none\"><span class=\"NormalTextRun SCXW75660020 BCX0\" data-ccp-parastyle=\"Cos A\" data-ccp-parastyle-defn=\"{&quot;ObjectId&quot;:&quot;93f6452a-be9b-528c-92d0-6bc87e625005|1&quot;,&quot;ClassId&quot;:1073872969,&quot;Properties&quot;:[469775450,&quot;Cos A&quot;,201340122,&quot;2&quot;,134233614,&quot;true&quot;,469778129,&quot;CosA&quot;,335572020,&quot;1&quot;,469777841,&quot;Calibri&quot;,469777842,&quot;Arial Unicode MS&quot;,469777844,&quot;Calibri&quot;,469769226,&quot;Calibri,Arial Unicode MS&quot;,335551500,&quot;0&quot;,268442635,&quot;24&quot;,335551547,&quot;1034&quot;,469777843,&quot;Arial Unicode MS&quot;]}\"><em>Els 73<\/em>\u00a0<\/span><\/span><span class=\"TextRun SCXW75660020 BCX0\" lang=\"CA-ES\" xml:lang=\"CA-ES\" data-contrast=\"none\"><span class=\"NormalTextRun SCXW75660020 BCX0\" data-ccp-parastyle=\"Cos A\">se presenta\u00a0<\/span><span class=\"NormalTextRun SpellingErrorV2Themed SCXW75660020 BCX0\" data-ccp-parastyle=\"Cos A\">bajo<\/span><span class=\"NormalTextRun SCXW75660020 BCX0\" data-ccp-parastyle=\"Cos A\">\u00a0el lema: \u201cEl\u00a0<\/span><span class=\"NormalTextRun SpellingErrorV2Themed SCXW75660020 BCX0\" data-ccp-parastyle=\"Cos A\">videop\u00f3dcast<\/span><span class=\"NormalTextRun SCXW75660020 BCX0\" data-ccp-parastyle=\"Cos A\">\u00a0de los 73\u00a0<\/span><span class=\"NormalTextRun SpellingErrorV2Themed SCXW75660020 BCX0\" data-ccp-parastyle=\"Cos A\">barrios<\/span><span class=\"NormalTextRun SCXW75660020 BCX0\" data-ccp-parastyle=\"Cos A\">, 10\u00a0<\/span><span class=\"NormalTextRun SpellingErrorV2Themed SCXW75660020 BCX0\" data-ccp-parastyle=\"Cos A\">distritos<\/span><span class=\"NormalTextRun SCXW75660020 BCX0\" data-ccp-parastyle=\"Cos A\">\u00a0y una\u00a0<\/span><span class=\"NormalTextRun SpellingErrorV2Themed SCXW75660020 BCX0\" data-ccp-parastyle=\"Cos A\">ciudad<\/span><span class=\"NormalTextRun SCXW75660020 BCX0\" data-ccp-parastyle=\"Cos A\">, Barcelona. Un programa para recuperar el\u00a0<\/span><span class=\"NormalTextRun SpellingErrorV2Themed SCXW75660020 BCX0\" data-ccp-parastyle=\"Cos A\">sentido<\/span><span class=\"NormalTextRun SCXW75660020 BCX0\" data-ccp-parastyle=\"Cos A\">\u00a0de la\u00a0<\/span><span class=\"NormalTextRun SpellingErrorV2Themed SCXW75660020 BCX0\" data-ccp-parastyle=\"Cos A\">ciudad<\/span><span class=\"NormalTextRun SCXW75660020 BCX0\" data-ccp-parastyle=\"Cos A\">\u00a0y\u00a0<\/span><span class=\"NormalTextRun SpellingErrorV2Themed SCXW75660020 BCX0\" data-ccp-parastyle=\"Cos A\">decir<\/span><span class=\"NormalTextRun SCXW75660020 BCX0\" data-ccp-parastyle=\"Cos A\">\u00a0con la\u00a0<\/span><span class=\"NormalTextRun SCXW75660020 BCX0\" data-ccp-parastyle=\"Cos A\">cabeza<\/span><span class=\"NormalTextRun SCXW75660020 BCX0\" data-ccp-parastyle=\"Cos A\">\u00a0<\/span><span class=\"NormalTextRun SpellingErrorV2Themed SCXW75660020 BCX0\" data-ccp-parastyle=\"Cos A\">bien<\/span><span class=\"NormalTextRun SCXW75660020 BCX0\" data-ccp-parastyle=\"Cos A\">\u00a0alta:\u00a0<\/span><span class=\"NormalTextRun SpellingErrorV2Themed SCXW75660020 BCX0\" data-ccp-parastyle=\"Cos A\">soy<\/span><span class=\"NormalTextRun SCXW75660020 BCX0\" data-ccp-parastyle=\"Cos A\">\u00a0de Barcelona\u201d. El nombre\u00a0<\/span><span class=\"NormalTextRun SpellingErrorV2Themed SCXW75660020 BCX0\" data-ccp-parastyle=\"Cos A\">elegido<\/span><span class=\"NormalTextRun SCXW75660020 BCX0\" data-ccp-parastyle=\"Cos A\">\u00a0<\/span><a href=\"https:\/\/www.instagram.com\/reels\/DUk0SS_DK0U\/\"><span class=\"NormalTextRun SpellingErrorV2Themed SCXW75660020 BCX0\" data-ccp-parastyle=\"Cos A\">responde<\/span><span class=\"NormalTextRun SCXW75660020 BCX0\" data-ccp-parastyle=\"Cos A\">\u00a0al n\u00famero de\u00a0<\/span><span class=\"NormalTextRun SpellingErrorV2Themed SCXW75660020 BCX0\" data-ccp-parastyle=\"Cos A\">barrios<\/span><\/a><span class=\"NormalTextRun SCXW75660020 BCX0\" data-ccp-parastyle=\"Cos A\">\u00a0que\u00a0<\/span><span class=\"NormalTextRun SpellingErrorV2Themed SCXW75660020 BCX0\" data-ccp-parastyle=\"Cos A\">tiene<\/span><span class=\"NormalTextRun SCXW75660020 BCX0\" data-ccp-parastyle=\"Cos A\">\u00a0la\u00a0<\/span><span class=\"NormalTextRun SpellingErrorV2Themed SCXW75660020 BCX0\" data-ccp-parastyle=\"Cos A\">ciudad<\/span><span class=\"NormalTextRun SCXW75660020 BCX0\" data-ccp-parastyle=\"Cos A\">\u00a0y\u00a0<\/span><span class=\"NormalTextRun SpellingErrorV2Themed SCXW75660020 BCX0\" data-ccp-parastyle=\"Cos A\">juega<\/span><span class=\"NormalTextRun SCXW75660020 BCX0\" data-ccp-parastyle=\"Cos A\">\u00a0<\/span><span class=\"NormalTextRun SpellingErrorV2Themed SCXW75660020 BCX0\" data-ccp-parastyle=\"Cos A\">tambi\u00e9n<\/span><span class=\"NormalTextRun SCXW75660020 BCX0\" data-ccp-parastyle=\"Cos A\">\u00a0con el\u00a0<\/span><span class=\"NormalTextRun SpellingErrorV2Themed SCXW75660020 BCX0\" data-ccp-parastyle=\"Cos A\">t\u00edtulo<\/span><span class=\"NormalTextRun SCXW75660020 BCX0\" data-ccp-parastyle=\"Cos A\">\u00a0de la\u00a0<\/span><span class=\"NormalTextRun SpellingErrorV2Themed SCXW75660020 BCX0\" data-ccp-parastyle=\"Cos A\">conocida<\/span><span class=\"NormalTextRun SCXW75660020 BCX0\" data-ccp-parastyle=\"Cos A\">\u00a0<\/span><span class=\"NormalTextRun SpellingErrorV2Themed SpellingErrorHighlight SCXW75660020 BCX0\" data-ccp-parastyle=\"Cos A\">pel\u00edcula<\/span><span class=\"NormalTextRun SCXW75660020 BCX0\" data-ccp-parastyle=\"Cos A\">\u00a0que reivindica la\u00a0<\/span><span class=\"NormalTextRun SpellingErrorV2Themed SCXW75660020 BCX0\" data-ccp-parastyle=\"Cos A\">lucha<\/span><span class=\"NormalTextRun SCXW75660020 BCX0\" data-ccp-parastyle=\"Cos A\">\u00a0<\/span><span class=\"NormalTextRun SpellingErrorV2Themed SCXW75660020 BCX0\" data-ccp-parastyle=\"Cos A\">vecinal<\/span><span class=\"NormalTextRun SCXW75660020 BCX0\" data-ccp-parastyle=\"Cos A\">\u00a0para\u00a0<\/span><span class=\"NormalTextRun SpellingErrorV2Themed SCXW75660020 BCX0\" data-ccp-parastyle=\"Cos A\">conseguir<\/span><span class=\"NormalTextRun SCXW75660020 BCX0\" data-ccp-parastyle=\"Cos A\">\u00a0un autob\u00fas para Torre Bar\u00f3, El 47.<\/span><\/span><span class=\"EOP SCXW75660020 BCX0\" data-ccp-props=\"{&quot;335551550&quot;:6,&quot;335551620&quot;:6}\">\u00a0<\/span><\/p>\n\n<p>Pod\u00e9is ver <em>Els 73<\/em>, el videop\u00f3dcast de la Sindicatura en las siguientes plataformas: <a id=\"https:\/\/go.ivoox.com\/sq\/3110714\" href=\"https:\/\/go.ivoox.com\/sq\/3110714\" type=\"link\">Ivoox<\/a>, <a href=\"https:\/\/open.spotify.com\/episode\/0K0GX5Mxow694zi3YJccUv?si=4364ecf6b5534a5e\">Spotify<\/a>, <a href=\"https:\/\/music.amazon.es\/podcasts\/5f45d1ea-b6de-41d3-9ed3-0c304c9d4f45\/episodes\/1b0405b9-31ab-4c0b-bcbb-2e5887eb4267\/els-73-el-videop%C3%B2dcast-de-la-sindicatura-cap%C3%ADtol-1-hostafrancs-i-la-bordeta-els-73-el-videop%C3%B2dcast-de-la-sindicatura-cap%C3%ADtol-1-hostafrancs-i-la-bordeta\">Amazon Podcasts<\/a>, <a href=\"https:\/\/podcasts.apple.com\/us\/podcast\/els-73-el-videop%C3%B2dcast-de-la-sindicatura-cap%C3%ADtol\/id1877078954\">Apple Podcasts<\/a>.<\/p>\n\n<p><\/p>\n\n<p><\/p>\n\n<p><\/p>\n\n<p><\/p>\n","protected":false},"excerpt":{"rendered":"<p>Se trata de un conjunto de videop\u00f3dcast que tienen por objetivo recuperar el sentido de la ciudad; el nombre responde al n\u00famero de barrios que hay en Barcelona El primer [&hellip;]<\/p>\n","protected":false},"author":7,"featured_media":41662,"comment_status":"closed","ping_status":"closed","sticky":false,"template":"","format":"standard","meta":{"_acf_changed":false,"footnotes":""},"tags":[1702,1703],"drets":[],"class_list":["post-41666","post","type-post","status-publish","format-standard","has-post-thumbnail","hentry","tag-els-73","tag-radio-hostafrancs"],"acf":[],"yoast_head":"<!-- This site is optimized with the Yoast SEO plugin v27.5 - https:\/\/yoast.com\/product\/yoast-seo-wordpress\/ -->\n<title>La Sindicatura de Greuges de Barcelona presenta &quot;Els 73&quot;, un programa para acercar la defensor\u00eda a los barrios de la mano de las radios comunitarias - Sindicatura de Greuges de Barcelona<\/title>\n<meta name=\"description\" content=\"Se trata de un conjunto de videop\u00f3dcast que tienen por objetivo recuperar el sentido de la ciudad; el nombre responde al n\u00famero de barrios que hay en Barcelona\" \/>\n<meta name=\"robots\" content=\"index, follow, max-snippet:-1, max-image-preview:large, max-video-preview:-1\" \/>\n<link rel=\"canonical\" href=\"https:\/\/www.sindicaturabarcelona.cat\/es\/la-sindicatura-de-greuges-de-barcelona-presenta-els-73-un-programa-para-acercar-la-defensoria-a-los-barrios-de-la-mano-de-las-radios-comunitarias\/\" \/>\n<meta property=\"og:locale\" content=\"es_ES\" \/>\n<meta property=\"og:type\" content=\"article\" \/>\n<meta property=\"og:title\" content=\"La Sindicatura de Greuges de Barcelona presenta &quot;Els 73&quot;, un programa para acercar la defensor\u00eda a los barrios de la mano de las radios comunitarias - Sindicatura de Greuges de Barcelona\" \/>\n<meta property=\"og:description\" content=\"Se trata de un conjunto de videop\u00f3dcast que tienen por objetivo recuperar el sentido de la ciudad; el nombre responde al n\u00famero de barrios que hay en Barcelona\" \/>\n<meta property=\"og:url\" content=\"https:\/\/www.sindicaturabarcelona.cat\/es\/la-sindicatura-de-greuges-de-barcelona-presenta-els-73-un-programa-para-acercar-la-defensoria-a-los-barrios-de-la-mano-de-las-radios-comunitarias\/\" \/>\n<meta property=\"og:site_name\" content=\"Sindicatura de Greuges de Barcelona\" \/>\n<meta property=\"article:published_time\" content=\"2026-02-13T06:00:00+00:00\" \/>\n<meta property=\"article:modified_time\" content=\"2026-02-13T12:06:49+00:00\" \/>\n<meta property=\"og:image\" content=\"https:\/\/www.sindicaturabarcelona.cat\/wp-content\/uploads\/General_Els_73.jpg\" \/>\n\t<meta property=\"og:image:width\" content=\"1920\" \/>\n\t<meta property=\"og:image:height\" content=\"1080\" \/>\n\t<meta property=\"og:image:type\" content=\"image\/jpeg\" \/>\n<meta name=\"author\" content=\"Carme Rocamora\" \/>\n<meta name=\"twitter:card\" content=\"summary_large_image\" \/>\n<meta name=\"twitter:creator\" content=\"@sindicbarcelona\" \/>\n<meta name=\"twitter:site\" content=\"@sindicbarcelona\" \/>\n<meta name=\"twitter:label1\" content=\"Escrito por\" \/>\n\t<meta name=\"twitter:data1\" content=\"Carme Rocamora\" \/>\n\t<meta name=\"twitter:label2\" content=\"Tiempo de lectura\" \/>\n\t<meta name=\"twitter:data2\" content=\"4 minutos\" \/>\n<script type=\"application\/ld+json\" class=\"yoast-schema-graph\">{\"@context\":\"https:\\\/\\\/schema.org\",\"@graph\":[{\"@type\":\"Article\",\"@id\":\"https:\\\/\\\/www.sindicaturabarcelona.cat\\\/es\\\/la-sindicatura-de-greuges-de-barcelona-presenta-els-73-un-programa-para-acercar-la-defensoria-a-los-barrios-de-la-mano-de-las-radios-comunitarias\\\/#article\",\"isPartOf\":{\"@id\":\"https:\\\/\\\/www.sindicaturabarcelona.cat\\\/es\\\/la-sindicatura-de-greuges-de-barcelona-presenta-els-73-un-programa-para-acercar-la-defensoria-a-los-barrios-de-la-mano-de-las-radios-comunitarias\\\/\"},\"author\":{\"name\":\"Carme Rocamora\",\"@id\":\"https:\\\/\\\/www.sindicaturabarcelona.cat\\\/es\\\/#\\\/schema\\\/person\\\/0690b05fdcbf9e43b34103e845240789\"},\"headline\":\"La Sindicatura de Greuges de Barcelona presenta \u00abEls 73\u00bb, un programa para acercar la defensor\u00eda a los barrios de la mano de las radios comunitarias\",\"datePublished\":\"2026-02-13T06:00:00+00:00\",\"dateModified\":\"2026-02-13T12:06:49+00:00\",\"mainEntityOfPage\":{\"@id\":\"https:\\\/\\\/www.sindicaturabarcelona.cat\\\/es\\\/la-sindicatura-de-greuges-de-barcelona-presenta-els-73-un-programa-para-acercar-la-defensoria-a-los-barrios-de-la-mano-de-las-radios-comunitarias\\\/\"},\"wordCount\":626,\"publisher\":{\"@id\":\"https:\\\/\\\/www.sindicaturabarcelona.cat\\\/es\\\/#organization\"},\"image\":{\"@id\":\"https:\\\/\\\/www.sindicaturabarcelona.cat\\\/es\\\/la-sindicatura-de-greuges-de-barcelona-presenta-els-73-un-programa-para-acercar-la-defensoria-a-los-barrios-de-la-mano-de-las-radios-comunitarias\\\/#primaryimage\"},\"thumbnailUrl\":\"https:\\\/\\\/www.sindicaturabarcelona.cat\\\/wp-content\\\/uploads\\\/General_Els_73.jpg\",\"keywords\":[\"Els 73\",\"R\u00e0dio Hostafrancs\"],\"inLanguage\":\"es\"},{\"@type\":\"WebPage\",\"@id\":\"https:\\\/\\\/www.sindicaturabarcelona.cat\\\/es\\\/la-sindicatura-de-greuges-de-barcelona-presenta-els-73-un-programa-para-acercar-la-defensoria-a-los-barrios-de-la-mano-de-las-radios-comunitarias\\\/\",\"url\":\"https:\\\/\\\/www.sindicaturabarcelona.cat\\\/es\\\/la-sindicatura-de-greuges-de-barcelona-presenta-els-73-un-programa-para-acercar-la-defensoria-a-los-barrios-de-la-mano-de-las-radios-comunitarias\\\/\",\"name\":\"La Sindicatura de Greuges de Barcelona presenta \\\"Els 73\\\", un programa para acercar la defensor\u00eda a los barrios de la mano de las radios comunitarias - Sindicatura de Greuges de Barcelona\",\"isPartOf\":{\"@id\":\"https:\\\/\\\/www.sindicaturabarcelona.cat\\\/es\\\/#website\"},\"primaryImageOfPage\":{\"@id\":\"https:\\\/\\\/www.sindicaturabarcelona.cat\\\/es\\\/la-sindicatura-de-greuges-de-barcelona-presenta-els-73-un-programa-para-acercar-la-defensoria-a-los-barrios-de-la-mano-de-las-radios-comunitarias\\\/#primaryimage\"},\"image\":{\"@id\":\"https:\\\/\\\/www.sindicaturabarcelona.cat\\\/es\\\/la-sindicatura-de-greuges-de-barcelona-presenta-els-73-un-programa-para-acercar-la-defensoria-a-los-barrios-de-la-mano-de-las-radios-comunitarias\\\/#primaryimage\"},\"thumbnailUrl\":\"https:\\\/\\\/www.sindicaturabarcelona.cat\\\/wp-content\\\/uploads\\\/General_Els_73.jpg\",\"datePublished\":\"2026-02-13T06:00:00+00:00\",\"dateModified\":\"2026-02-13T12:06:49+00:00\",\"description\":\"Se trata de un conjunto de videop\u00f3dcast que tienen por objetivo recuperar el sentido de la ciudad; el nombre responde al n\u00famero de barrios que hay en Barcelona\",\"breadcrumb\":{\"@id\":\"https:\\\/\\\/www.sindicaturabarcelona.cat\\\/es\\\/la-sindicatura-de-greuges-de-barcelona-presenta-els-73-un-programa-para-acercar-la-defensoria-a-los-barrios-de-la-mano-de-las-radios-comunitarias\\\/#breadcrumb\"},\"inLanguage\":\"es\",\"potentialAction\":[{\"@type\":\"ReadAction\",\"target\":[\"https:\\\/\\\/www.sindicaturabarcelona.cat\\\/es\\\/la-sindicatura-de-greuges-de-barcelona-presenta-els-73-un-programa-para-acercar-la-defensoria-a-los-barrios-de-la-mano-de-las-radios-comunitarias\\\/\"]}]},{\"@type\":\"ImageObject\",\"inLanguage\":\"es\",\"@id\":\"https:\\\/\\\/www.sindicaturabarcelona.cat\\\/es\\\/la-sindicatura-de-greuges-de-barcelona-presenta-els-73-un-programa-para-acercar-la-defensoria-a-los-barrios-de-la-mano-de-las-radios-comunitarias\\\/#primaryimage\",\"url\":\"https:\\\/\\\/www.sindicaturabarcelona.cat\\\/wp-content\\\/uploads\\\/General_Els_73.jpg\",\"contentUrl\":\"https:\\\/\\\/www.sindicaturabarcelona.cat\\\/wp-content\\\/uploads\\\/General_Els_73.jpg\",\"width\":1920,\"height\":1080},{\"@type\":\"BreadcrumbList\",\"@id\":\"https:\\\/\\\/www.sindicaturabarcelona.cat\\\/es\\\/la-sindicatura-de-greuges-de-barcelona-presenta-els-73-un-programa-para-acercar-la-defensoria-a-los-barrios-de-la-mano-de-las-radios-comunitarias\\\/#breadcrumb\",\"itemListElement\":[{\"@type\":\"ListItem\",\"position\":1,\"name\":\"Inici\",\"item\":\"https:\\\/\\\/www.sindicaturabarcelona.cat\\\/es\\\/\"},{\"@type\":\"ListItem\",\"position\":2,\"name\":\"La Sindicatura de Greuges de Barcelona presenta &#8220;Els 73&#8221;, un programa para acercar la defensor\u00eda a los barrios de la mano de las radios comunitarias\"}]},{\"@type\":\"WebSite\",\"@id\":\"https:\\\/\\\/www.sindicaturabarcelona.cat\\\/es\\\/#website\",\"url\":\"https:\\\/\\\/www.sindicaturabarcelona.cat\\\/es\\\/\",\"name\":\"Sindicatura de Greuges de Barcelona\",\"description\":\"La defensoria dels teus drets\",\"publisher\":{\"@id\":\"https:\\\/\\\/www.sindicaturabarcelona.cat\\\/es\\\/#organization\"},\"potentialAction\":[{\"@type\":\"SearchAction\",\"target\":{\"@type\":\"EntryPoint\",\"urlTemplate\":\"https:\\\/\\\/www.sindicaturabarcelona.cat\\\/es\\\/?s={search_term_string}\"},\"query-input\":{\"@type\":\"PropertyValueSpecification\",\"valueRequired\":true,\"valueName\":\"search_term_string\"}}],\"inLanguage\":\"es\"},{\"@type\":\"Organization\",\"@id\":\"https:\\\/\\\/www.sindicaturabarcelona.cat\\\/es\\\/#organization\",\"name\":\"Sindicatura de Greuges de Barcelona\",\"url\":\"https:\\\/\\\/www.sindicaturabarcelona.cat\\\/es\\\/\",\"logo\":{\"@type\":\"ImageObject\",\"inLanguage\":\"es\",\"@id\":\"https:\\\/\\\/www.sindicaturabarcelona.cat\\\/es\\\/#\\\/schema\\\/logo\\\/image\\\/\",\"url\":\"https:\\\/\\\/www.sindicaturabarcelona.cat\\\/wp-content\\\/uploads\\\/2023\\\/02\\\/logo_sindicatura.svg\",\"contentUrl\":\"https:\\\/\\\/www.sindicaturabarcelona.cat\\\/wp-content\\\/uploads\\\/2023\\\/02\\\/logo_sindicatura.svg\",\"caption\":\"Sindicatura de Greuges de Barcelona\"},\"image\":{\"@id\":\"https:\\\/\\\/www.sindicaturabarcelona.cat\\\/es\\\/#\\\/schema\\\/logo\\\/image\\\/\"},\"sameAs\":[\"https:\\\/\\\/x.com\\\/sindicbarcelona\",\"https:\\\/\\\/www.instagram.com\\\/sindicbarcelona\\\/\",\"https:\\\/\\\/www.tiktok.com\\\/@sindicaturabcn\",\"https:\\\/\\\/t.me\\\/sindicaturabarcelona\"]},{\"@type\":\"Person\",\"@id\":\"https:\\\/\\\/www.sindicaturabarcelona.cat\\\/es\\\/#\\\/schema\\\/person\\\/0690b05fdcbf9e43b34103e845240789\",\"name\":\"Carme Rocamora\",\"image\":{\"@type\":\"ImageObject\",\"inLanguage\":\"es\",\"@id\":\"https:\\\/\\\/secure.gravatar.com\\\/avatar\\\/7d5e980ef632f555fa40f97d06e5c8ec4ec568974a95778749d6a6279aa1faef?s=96&d=mm&r=g\",\"url\":\"https:\\\/\\\/secure.gravatar.com\\\/avatar\\\/7d5e980ef632f555fa40f97d06e5c8ec4ec568974a95778749d6a6279aa1faef?s=96&d=mm&r=g\",\"contentUrl\":\"https:\\\/\\\/secure.gravatar.com\\\/avatar\\\/7d5e980ef632f555fa40f97d06e5c8ec4ec568974a95778749d6a6279aa1faef?s=96&d=mm&r=g\",\"caption\":\"Carme Rocamora\"},\"url\":\"https:\\\/\\\/www.sindicaturabarcelona.cat\\\/es\\\/author\\\/crocamora\\\/\"}]}<\/script>\n<!-- \/ Yoast SEO plugin. -->","yoast_head_json":{"title":"La Sindicatura de Greuges de Barcelona presenta \"Els 73\", un programa para acercar la defensor\u00eda a los barrios de la mano de las radios comunitarias - Sindicatura de Greuges de Barcelona","description":"Se trata de un conjunto de videop\u00f3dcast que tienen por objetivo recuperar el sentido de la ciudad; el nombre responde al n\u00famero de barrios que hay en Barcelona","robots":{"index":"index","follow":"follow","max-snippet":"max-snippet:-1","max-image-preview":"max-image-preview:large","max-video-preview":"max-video-preview:-1"},"canonical":"https:\/\/www.sindicaturabarcelona.cat\/es\/la-sindicatura-de-greuges-de-barcelona-presenta-els-73-un-programa-para-acercar-la-defensoria-a-los-barrios-de-la-mano-de-las-radios-comunitarias\/","og_locale":"es_ES","og_type":"article","og_title":"La Sindicatura de Greuges de Barcelona presenta \"Els 73\", un programa para acercar la defensor\u00eda a los barrios de la mano de las radios comunitarias - Sindicatura de Greuges de Barcelona","og_description":"Se trata de un conjunto de videop\u00f3dcast que tienen por objetivo recuperar el sentido de la ciudad; el nombre responde al n\u00famero de barrios que hay en Barcelona","og_url":"https:\/\/www.sindicaturabarcelona.cat\/es\/la-sindicatura-de-greuges-de-barcelona-presenta-els-73-un-programa-para-acercar-la-defensoria-a-los-barrios-de-la-mano-de-las-radios-comunitarias\/","og_site_name":"Sindicatura de Greuges de Barcelona","article_published_time":"2026-02-13T06:00:00+00:00","article_modified_time":"2026-02-13T12:06:49+00:00","og_image":[{"width":1920,"height":1080,"url":"https:\/\/www.sindicaturabarcelona.cat\/wp-content\/uploads\/General_Els_73.jpg","type":"image\/jpeg"}],"author":"Carme Rocamora","twitter_card":"summary_large_image","twitter_creator":"@sindicbarcelona","twitter_site":"@sindicbarcelona","twitter_misc":{"Escrito por":"Carme Rocamora","Tiempo de lectura":"4 minutos"},"schema":{"@context":"https:\/\/schema.org","@graph":[{"@type":"Article","@id":"https:\/\/www.sindicaturabarcelona.cat\/es\/la-sindicatura-de-greuges-de-barcelona-presenta-els-73-un-programa-para-acercar-la-defensoria-a-los-barrios-de-la-mano-de-las-radios-comunitarias\/#article","isPartOf":{"@id":"https:\/\/www.sindicaturabarcelona.cat\/es\/la-sindicatura-de-greuges-de-barcelona-presenta-els-73-un-programa-para-acercar-la-defensoria-a-los-barrios-de-la-mano-de-las-radios-comunitarias\/"},"author":{"name":"Carme Rocamora","@id":"https:\/\/www.sindicaturabarcelona.cat\/es\/#\/schema\/person\/0690b05fdcbf9e43b34103e845240789"},"headline":"La Sindicatura de Greuges de Barcelona presenta \u00abEls 73\u00bb, un programa para acercar la defensor\u00eda a los barrios de la mano de las radios comunitarias","datePublished":"2026-02-13T06:00:00+00:00","dateModified":"2026-02-13T12:06:49+00:00","mainEntityOfPage":{"@id":"https:\/\/www.sindicaturabarcelona.cat\/es\/la-sindicatura-de-greuges-de-barcelona-presenta-els-73-un-programa-para-acercar-la-defensoria-a-los-barrios-de-la-mano-de-las-radios-comunitarias\/"},"wordCount":626,"publisher":{"@id":"https:\/\/www.sindicaturabarcelona.cat\/es\/#organization"},"image":{"@id":"https:\/\/www.sindicaturabarcelona.cat\/es\/la-sindicatura-de-greuges-de-barcelona-presenta-els-73-un-programa-para-acercar-la-defensoria-a-los-barrios-de-la-mano-de-las-radios-comunitarias\/#primaryimage"},"thumbnailUrl":"https:\/\/www.sindicaturabarcelona.cat\/wp-content\/uploads\/General_Els_73.jpg","keywords":["Els 73","R\u00e0dio Hostafrancs"],"inLanguage":"es"},{"@type":"WebPage","@id":"https:\/\/www.sindicaturabarcelona.cat\/es\/la-sindicatura-de-greuges-de-barcelona-presenta-els-73-un-programa-para-acercar-la-defensoria-a-los-barrios-de-la-mano-de-las-radios-comunitarias\/","url":"https:\/\/www.sindicaturabarcelona.cat\/es\/la-sindicatura-de-greuges-de-barcelona-presenta-els-73-un-programa-para-acercar-la-defensoria-a-los-barrios-de-la-mano-de-las-radios-comunitarias\/","name":"La Sindicatura de Greuges de Barcelona presenta \"Els 73\", un programa para acercar la defensor\u00eda a los barrios de la mano de las radios comunitarias - Sindicatura de Greuges de Barcelona","isPartOf":{"@id":"https:\/\/www.sindicaturabarcelona.cat\/es\/#website"},"primaryImageOfPage":{"@id":"https:\/\/www.sindicaturabarcelona.cat\/es\/la-sindicatura-de-greuges-de-barcelona-presenta-els-73-un-programa-para-acercar-la-defensoria-a-los-barrios-de-la-mano-de-las-radios-comunitarias\/#primaryimage"},"image":{"@id":"https:\/\/www.sindicaturabarcelona.cat\/es\/la-sindicatura-de-greuges-de-barcelona-presenta-els-73-un-programa-para-acercar-la-defensoria-a-los-barrios-de-la-mano-de-las-radios-comunitarias\/#primaryimage"},"thumbnailUrl":"https:\/\/www.sindicaturabarcelona.cat\/wp-content\/uploads\/General_Els_73.jpg","datePublished":"2026-02-13T06:00:00+00:00","dateModified":"2026-02-13T12:06:49+00:00","description":"Se trata de un conjunto de videop\u00f3dcast que tienen por objetivo recuperar el sentido de la ciudad; el nombre responde al n\u00famero de barrios que hay en Barcelona","breadcrumb":{"@id":"https:\/\/www.sindicaturabarcelona.cat\/es\/la-sindicatura-de-greuges-de-barcelona-presenta-els-73-un-programa-para-acercar-la-defensoria-a-los-barrios-de-la-mano-de-las-radios-comunitarias\/#breadcrumb"},"inLanguage":"es","potentialAction":[{"@type":"ReadAction","target":["https:\/\/www.sindicaturabarcelona.cat\/es\/la-sindicatura-de-greuges-de-barcelona-presenta-els-73-un-programa-para-acercar-la-defensoria-a-los-barrios-de-la-mano-de-las-radios-comunitarias\/"]}]},{"@type":"ImageObject","inLanguage":"es","@id":"https:\/\/www.sindicaturabarcelona.cat\/es\/la-sindicatura-de-greuges-de-barcelona-presenta-els-73-un-programa-para-acercar-la-defensoria-a-los-barrios-de-la-mano-de-las-radios-comunitarias\/#primaryimage","url":"https:\/\/www.sindicaturabarcelona.cat\/wp-content\/uploads\/General_Els_73.jpg","contentUrl":"https:\/\/www.sindicaturabarcelona.cat\/wp-content\/uploads\/General_Els_73.jpg","width":1920,"height":1080},{"@type":"BreadcrumbList","@id":"https:\/\/www.sindicaturabarcelona.cat\/es\/la-sindicatura-de-greuges-de-barcelona-presenta-els-73-un-programa-para-acercar-la-defensoria-a-los-barrios-de-la-mano-de-las-radios-comunitarias\/#breadcrumb","itemListElement":[{"@type":"ListItem","position":1,"name":"Inici","item":"https:\/\/www.sindicaturabarcelona.cat\/es\/"},{"@type":"ListItem","position":2,"name":"La Sindicatura de Greuges de Barcelona presenta &#8220;Els 73&#8221;, un programa para acercar la defensor\u00eda a los barrios de la mano de las radios comunitarias"}]},{"@type":"WebSite","@id":"https:\/\/www.sindicaturabarcelona.cat\/es\/#website","url":"https:\/\/www.sindicaturabarcelona.cat\/es\/","name":"Sindicatura de Greuges de Barcelona","description":"La defensoria dels teus drets","publisher":{"@id":"https:\/\/www.sindicaturabarcelona.cat\/es\/#organization"},"potentialAction":[{"@type":"SearchAction","target":{"@type":"EntryPoint","urlTemplate":"https:\/\/www.sindicaturabarcelona.cat\/es\/?s={search_term_string}"},"query-input":{"@type":"PropertyValueSpecification","valueRequired":true,"valueName":"search_term_string"}}],"inLanguage":"es"},{"@type":"Organization","@id":"https:\/\/www.sindicaturabarcelona.cat\/es\/#organization","name":"Sindicatura de Greuges de Barcelona","url":"https:\/\/www.sindicaturabarcelona.cat\/es\/","logo":{"@type":"ImageObject","inLanguage":"es","@id":"https:\/\/www.sindicaturabarcelona.cat\/es\/#\/schema\/logo\/image\/","url":"https:\/\/www.sindicaturabarcelona.cat\/wp-content\/uploads\/2023\/02\/logo_sindicatura.svg","contentUrl":"https:\/\/www.sindicaturabarcelona.cat\/wp-content\/uploads\/2023\/02\/logo_sindicatura.svg","caption":"Sindicatura de Greuges de Barcelona"},"image":{"@id":"https:\/\/www.sindicaturabarcelona.cat\/es\/#\/schema\/logo\/image\/"},"sameAs":["https:\/\/x.com\/sindicbarcelona","https:\/\/www.instagram.com\/sindicbarcelona\/","https:\/\/www.tiktok.com\/@sindicaturabcn","https:\/\/t.me\/sindicaturabarcelona"]},{"@type":"Person","@id":"https:\/\/www.sindicaturabarcelona.cat\/es\/#\/schema\/person\/0690b05fdcbf9e43b34103e845240789","name":"Carme Rocamora","image":{"@type":"ImageObject","inLanguage":"es","@id":"https:\/\/secure.gravatar.com\/avatar\/7d5e980ef632f555fa40f97d06e5c8ec4ec568974a95778749d6a6279aa1faef?s=96&d=mm&r=g","url":"https:\/\/secure.gravatar.com\/avatar\/7d5e980ef632f555fa40f97d06e5c8ec4ec568974a95778749d6a6279aa1faef?s=96&d=mm&r=g","contentUrl":"https:\/\/secure.gravatar.com\/avatar\/7d5e980ef632f555fa40f97d06e5c8ec4ec568974a95778749d6a6279aa1faef?s=96&d=mm&r=g","caption":"Carme Rocamora"},"url":"https:\/\/www.sindicaturabarcelona.cat\/es\/author\/crocamora\/"}]}},"_links":{"self":[{"href":"https:\/\/www.sindicaturabarcelona.cat\/es\/wp-json\/wp\/v2\/posts\/41666","targetHints":{"allow":["GET"]}}],"collection":[{"href":"https:\/\/www.sindicaturabarcelona.cat\/es\/wp-json\/wp\/v2\/posts"}],"about":[{"href":"https:\/\/www.sindicaturabarcelona.cat\/es\/wp-json\/wp\/v2\/types\/post"}],"author":[{"embeddable":true,"href":"https:\/\/www.sindicaturabarcelona.cat\/es\/wp-json\/wp\/v2\/users\/7"}],"replies":[{"embeddable":true,"href":"https:\/\/www.sindicaturabarcelona.cat\/es\/wp-json\/wp\/v2\/comments?post=41666"}],"version-history":[{"count":15,"href":"https:\/\/www.sindicaturabarcelona.cat\/es\/wp-json\/wp\/v2\/posts\/41666\/revisions"}],"predecessor-version":[{"id":41711,"href":"https:\/\/www.sindicaturabarcelona.cat\/es\/wp-json\/wp\/v2\/posts\/41666\/revisions\/41711"}],"wp:featuredmedia":[{"embeddable":true,"href":"https:\/\/www.sindicaturabarcelona.cat\/es\/wp-json\/wp\/v2\/media\/41662"}],"wp:attachment":[{"href":"https:\/\/www.sindicaturabarcelona.cat\/es\/wp-json\/wp\/v2\/media?parent=41666"}],"wp:term":[{"taxonomy":"post_tag","embeddable":true,"href":"https:\/\/www.sindicaturabarcelona.cat\/es\/wp-json\/wp\/v2\/tags?post=41666"},{"taxonomy":"drets","embeddable":true,"href":"https:\/\/www.sindicaturabarcelona.cat\/es\/wp-json\/wp\/v2\/drets?post=41666"}],"curies":[{"name":"wp","href":"https:\/\/api.w.org\/{rel}","templated":true}]}}