{"id":41609,"date":"2026-02-05T08:00:00","date_gmt":"2026-02-05T06:00:00","guid":{"rendered":"https:\/\/www.sindicaturabarcelona.cat\/?p=41609"},"modified":"2026-02-04T20:03:02","modified_gmt":"2026-02-04T18:03:02","slug":"la-sindicatura-de-greuges-de-barcelona-pide-incrementar-los-recursos-para-los-alumnos-del-espacio-de-mediodia","status":"publish","type":"post","link":"https:\/\/www.sindicaturabarcelona.cat\/es\/la-sindicatura-de-greuges-de-barcelona-pide-incrementar-los-recursos-para-los-alumnos-del-espacio-de-mediodia\/","title":{"rendered":"La Sindicatura de Greuges de Barcelona pide incrementar los recursos para los alumnos del espacio de mediod\u00eda"},"content":{"rendered":"\n<h2 class=\"wp-block-heading\"><strong>La defensor\u00eda considera que el Consorcio de Educaci\u00f3n de Barcelona debe intensificar los esfuerzos para garantizar la plena inclusi\u00f3n del alumnado con necesidades educativas especiales<\/strong><\/h2>\n\n\n\n<h2 class=\"wp-block-heading\"><strong>Seg\u00fan la Fundaci\u00f3 Tot Raval, hay ni\u00f1os que no pueden acceder al servicio de comedor por falta de apoyos adecuados, un hecho que conlleva una vulneraci\u00f3n de su derecho a la inclusi\u00f3n y una situaci\u00f3n de discriminaci\u00f3n<\/strong><\/h2>\n\n\n\n<p>La Sindicatura de Greuges <strong>recomienda al Consorcio de Educaci\u00f3n de Barcelona que incremente los recursos para cubrir la atenci\u00f3n del alumnado con necesidades educativas especiales<\/strong> durante el <a href=\"https:\/\/educacio.gencat.cat\/ca\/arees-actuacio\/centres-serveis-educatius\/centres\/espai-migdia-menjador\/index.html\">espacio de mediod\u00eda<\/a>, que es el servicio escolar que comprende el tiempo de comedor y ocio entre la jornada lectiva matinal y la de la tarde.<\/p>\n\n\n\n<p>As\u00ed lo ha <a href=\"https:\/\/www.sindicaturabarcelona.cat\/wp-content\/uploads\/202512_Dret-Educacio-Lleure_Tot-Raval-Espai-Migdia-manca-personal-infants-necessitats-especials_25Q497.pdf\">resuelto<\/a> la defensor\u00eda tras haber recibido <strong>una queja de la <a href=\"https:\/\/totraval.org\/ca\">Fundaci\u00f3 Tot Raval<\/a><\/strong>, en la que expone la falta de personal de atenci\u00f3n educativa para los ni\u00f1os con necesidades especiales durante este periodo en los centros educativos del barrio de Ciutat Vella, una situaci\u00f3n que, seg\u00fan se\u00f1ala, \u201c<strong>afecta gravemente el derecho a la inclusi\u00f3n<\/strong>\u201d.<\/p>\n\n\n\n<h2 class=\"wp-block-heading\">Unos recursos que deben crecer<\/h2>\n\n\n\n<p>Evaluados los hechos y las normas aplicables, la Sindicatura concluye que en este caso <strong>la actuaci\u00f3n del Consorcio ha sido ajustada a derecho, pero debe mejorar para dar respuesta al incremento de las necesidades de apoyo del alumnado con necesidades en el espacio de mediod\u00eda.<\/strong><\/p>\n\n\n\n<p>As\u00ed, la Sindicatura defiende que el Consorcio, con el auxilio de las administraciones consorciadas (la Administraci\u00f3n de la Generalitat y el Ayuntamiento de Barcelona), intensifique los esfuerzos para garantizar los recursos humanos y econ\u00f3micos necesarios para hacer efectiva la <strong>educaci\u00f3n inclusiva<\/strong>. \u201cSolo con una dotaci\u00f3n suficiente de personal de apoyo y una financiaci\u00f3n adecuada se podr\u00e1 garantizar la plena inclusi\u00f3n del alumnado con necesidades especiales en el sistema educativo\u201d, a\u00f1ade la Sindicatura.<\/p>\n\n\n\n<h2 class=\"wp-block-heading\">En cifras<\/h2>\n\n\n\n<p>En Catalunya, el alumnado con necesidades de apoyo especiales casi <strong>se ha duplicado<\/strong> entre 2022 y 2025, pasando del 18,6 % al 36,6 %, con m\u00e1s de 300.000 alumnos que requieren apoyos espec\u00edficos, seg\u00fan datos del Departamento de Educaci\u00f3n. No obstante, la partida destinada a la atenci\u00f3n del alumnado con necesidades educativas especiales no se ha incrementado en la medida necesaria para dar respuesta.<\/p>\n\n\n\n<p>En el caso del barrio de Ciutat Vella, la Fundaci\u00f3 Tot Raval asegura que, de acuerdo con los datos recogidos por el 95 % de los centros educativos del barrio, actualmente hay <strong>m\u00e1s de 500 ni\u00f1os con necesidades educativas especiales escolarizados<\/strong>, la mitad de los cuales requieren apoyo espec\u00edfico durante el tiempo de comedor y recreo. Dentro de este grupo, 56 ni\u00f1os necesitan atenci\u00f3n individualizada, y <strong>14 no pueden hacer uso del servicio de comedor por falta de apoyos adecuados<\/strong>.<\/p>\n\n\n\n<p>Ante estos datos, el Consorcio manifiesta que conoce la situaci\u00f3n, pero afirma que no ha detectado ninguna renuncia al servicio de comedor por falta de apoyo. Argumenta tambi\u00e9n que en los \u00faltimos a\u00f1os se ha incrementado la asignaci\u00f3n de monitores y monitoras en los centros de Ciutat Vella.<\/p>\n\n\n\n<p>En 2024, el Consorcio aprob\u00f3 el <strong>Plan de mejora para un tiempo educativo de mediod\u00eda m\u00e1s inclusivo<\/strong>, que prev\u00e9 la mejora de equipamientos en los centros educativos, el asesoramiento a los centros, la formaci\u00f3n sistem\u00e1tica del personal de monitoraje y la incorporaci\u00f3n del tiempo educativo de mediod\u00eda en el plan de apoyo individualizado del alumnado. En este sentido, la Sindicatura reconoce y valora positivamente las acciones llevadas a cabo para mejorar la atenci\u00f3n, pero constata que, a pesar del incremento de recursos, <strong>el personal de apoyo sigue siendo insuficiente<\/strong> para cubrir con garant\u00edas las necesidades del alumnado.<\/p>\n","protected":false},"excerpt":{"rendered":"<p>Tras resolver una queja de la Fundaci\u00f3 Tot Raval, la defensor\u00eda considera que el Consorcio de Educaci\u00f3n de Barcelona debe intensificar los esfuerzos para garantizar la plena inclusi\u00f3n del alumnado<\/p>\n","protected":false},"author":7,"featured_media":41606,"comment_status":"closed","ping_status":"closed","sticky":false,"template":"","format":"standard","meta":{"_acf_changed":false,"footnotes":""},"tags":[1692,1234,1691,1479],"drets":[1575,1571,1572,1568],"class_list":["post-41609","post","type-post","status-publish","format-standard","has-post-thumbnail","hentry","tag-consorci-deducacio-de-barcelona","tag-david-bondia","tag-fundacio-tot-raval","tag-sindicatura-de-greuges-de-barcelona","drets-derecho-a-la-educacion-y-al-ocio","drets-derechos-de-la-infancia-y-la-adolescencia","drets-derechos-de-la-juventud","drets-derecho-a-la-igualdad-y-a-la-diversidad"],"acf":[],"yoast_head":"<!-- This site is optimized with the Yoast SEO plugin v27.5 - https:\/\/yoast.com\/product\/yoast-seo-wordpress\/ -->\n<title>La Sindicatura de Greuges de Barcelona pide incrementar los recursos para los alumnos del espacio de mediod\u00eda - Sindicatura de Greuges de Barcelona<\/title>\n<meta name=\"description\" content=\"Tras resolver una queja de la Fundaci\u00f3 Tot Raval, la defensor\u00eda considera que el Consorcio de Educaci\u00f3n de Barcelona debe intensificar los esfuerzos para garantizar la plena inclusi\u00f3n del alumnado\" \/>\n<meta name=\"robots\" content=\"index, follow, max-snippet:-1, max-image-preview:large, max-video-preview:-1\" \/>\n<link rel=\"canonical\" href=\"https:\/\/www.sindicaturabarcelona.cat\/es\/la-sindicatura-de-greuges-de-barcelona-pide-incrementar-los-recursos-para-los-alumnos-del-espacio-de-mediodia\/\" \/>\n<meta property=\"og:locale\" content=\"es_ES\" \/>\n<meta property=\"og:type\" content=\"article\" \/>\n<meta property=\"og:title\" content=\"La Sindicatura de Greuges de Barcelona pide incrementar los recursos para los alumnos del espacio de mediod\u00eda - Sindicatura de Greuges de Barcelona\" \/>\n<meta property=\"og:description\" content=\"Tras resolver una queja de la Fundaci\u00f3 Tot Raval, la defensor\u00eda considera que el Consorcio de Educaci\u00f3n de Barcelona debe intensificar los esfuerzos para garantizar la plena inclusi\u00f3n del alumnado\" \/>\n<meta property=\"og:url\" content=\"https:\/\/www.sindicaturabarcelona.cat\/es\/la-sindicatura-de-greuges-de-barcelona-pide-incrementar-los-recursos-para-los-alumnos-del-espacio-de-mediodia\/\" \/>\n<meta property=\"og:site_name\" content=\"Sindicatura de Greuges de Barcelona\" \/>\n<meta property=\"article:published_time\" content=\"2026-02-05T06:00:00+00:00\" \/>\n<meta property=\"og:image\" content=\"https:\/\/www.sindicaturabarcelona.cat\/wp-content\/uploads\/un-infant-menja-un-plat-de-macarrons-scaled.jpg\" \/>\n\t<meta property=\"og:image:width\" content=\"2560\" \/>\n\t<meta property=\"og:image:height\" content=\"1708\" \/>\n\t<meta property=\"og:image:type\" content=\"image\/jpeg\" \/>\n<meta name=\"author\" content=\"Carme Rocamora\" \/>\n<meta name=\"twitter:card\" content=\"summary_large_image\" \/>\n<meta name=\"twitter:creator\" content=\"@sindicbarcelona\" \/>\n<meta name=\"twitter:site\" content=\"@sindicbarcelona\" \/>\n<meta name=\"twitter:label1\" content=\"Escrito por\" \/>\n\t<meta name=\"twitter:data1\" content=\"Carme Rocamora\" \/>\n\t<meta name=\"twitter:label2\" content=\"Tiempo de lectura\" \/>\n\t<meta name=\"twitter:data2\" content=\"4 minutos\" \/>\n<script type=\"application\/ld+json\" class=\"yoast-schema-graph\">{\"@context\":\"https:\\\/\\\/schema.org\",\"@graph\":[{\"@type\":\"Article\",\"@id\":\"https:\\\/\\\/www.sindicaturabarcelona.cat\\\/es\\\/la-sindicatura-de-greuges-de-barcelona-pide-incrementar-los-recursos-para-los-alumnos-del-espacio-de-mediodia\\\/#article\",\"isPartOf\":{\"@id\":\"https:\\\/\\\/www.sindicaturabarcelona.cat\\\/es\\\/la-sindicatura-de-greuges-de-barcelona-pide-incrementar-los-recursos-para-los-alumnos-del-espacio-de-mediodia\\\/\"},\"author\":{\"name\":\"Carme Rocamora\",\"@id\":\"https:\\\/\\\/www.sindicaturabarcelona.cat\\\/es\\\/#\\\/schema\\\/person\\\/0690b05fdcbf9e43b34103e845240789\"},\"headline\":\"La Sindicatura de Greuges de Barcelona pide incrementar los recursos para los alumnos del espacio de mediod\u00eda\",\"datePublished\":\"2026-02-05T06:00:00+00:00\",\"mainEntityOfPage\":{\"@id\":\"https:\\\/\\\/www.sindicaturabarcelona.cat\\\/es\\\/la-sindicatura-de-greuges-de-barcelona-pide-incrementar-los-recursos-para-los-alumnos-del-espacio-de-mediodia\\\/\"},\"wordCount\":640,\"publisher\":{\"@id\":\"https:\\\/\\\/www.sindicaturabarcelona.cat\\\/es\\\/#organization\"},\"image\":{\"@id\":\"https:\\\/\\\/www.sindicaturabarcelona.cat\\\/es\\\/la-sindicatura-de-greuges-de-barcelona-pide-incrementar-los-recursos-para-los-alumnos-del-espacio-de-mediodia\\\/#primaryimage\"},\"thumbnailUrl\":\"https:\\\/\\\/www.sindicaturabarcelona.cat\\\/wp-content\\\/uploads\\\/un-infant-menja-un-plat-de-macarrons-scaled.jpg\",\"keywords\":[\"Consorci d'Educaci\u00f3 de Barcelona\",\"david bondia\",\"Fundaci\u00f3 Tot Raval\",\"Sindicatura de Greuges de Barcelona\"],\"inLanguage\":\"es\"},{\"@type\":\"WebPage\",\"@id\":\"https:\\\/\\\/www.sindicaturabarcelona.cat\\\/es\\\/la-sindicatura-de-greuges-de-barcelona-pide-incrementar-los-recursos-para-los-alumnos-del-espacio-de-mediodia\\\/\",\"url\":\"https:\\\/\\\/www.sindicaturabarcelona.cat\\\/es\\\/la-sindicatura-de-greuges-de-barcelona-pide-incrementar-los-recursos-para-los-alumnos-del-espacio-de-mediodia\\\/\",\"name\":\"La Sindicatura de Greuges de Barcelona pide incrementar los recursos para los alumnos del espacio de mediod\u00eda - Sindicatura de Greuges de Barcelona\",\"isPartOf\":{\"@id\":\"https:\\\/\\\/www.sindicaturabarcelona.cat\\\/es\\\/#website\"},\"primaryImageOfPage\":{\"@id\":\"https:\\\/\\\/www.sindicaturabarcelona.cat\\\/es\\\/la-sindicatura-de-greuges-de-barcelona-pide-incrementar-los-recursos-para-los-alumnos-del-espacio-de-mediodia\\\/#primaryimage\"},\"image\":{\"@id\":\"https:\\\/\\\/www.sindicaturabarcelona.cat\\\/es\\\/la-sindicatura-de-greuges-de-barcelona-pide-incrementar-los-recursos-para-los-alumnos-del-espacio-de-mediodia\\\/#primaryimage\"},\"thumbnailUrl\":\"https:\\\/\\\/www.sindicaturabarcelona.cat\\\/wp-content\\\/uploads\\\/un-infant-menja-un-plat-de-macarrons-scaled.jpg\",\"datePublished\":\"2026-02-05T06:00:00+00:00\",\"description\":\"Tras resolver una queja de la Fundaci\u00f3 Tot Raval, la defensor\u00eda considera que el Consorcio de Educaci\u00f3n de Barcelona debe intensificar los esfuerzos para garantizar la plena inclusi\u00f3n del alumnado\",\"breadcrumb\":{\"@id\":\"https:\\\/\\\/www.sindicaturabarcelona.cat\\\/es\\\/la-sindicatura-de-greuges-de-barcelona-pide-incrementar-los-recursos-para-los-alumnos-del-espacio-de-mediodia\\\/#breadcrumb\"},\"inLanguage\":\"es\",\"potentialAction\":[{\"@type\":\"ReadAction\",\"target\":[\"https:\\\/\\\/www.sindicaturabarcelona.cat\\\/es\\\/la-sindicatura-de-greuges-de-barcelona-pide-incrementar-los-recursos-para-los-alumnos-del-espacio-de-mediodia\\\/\"]}]},{\"@type\":\"ImageObject\",\"inLanguage\":\"es\",\"@id\":\"https:\\\/\\\/www.sindicaturabarcelona.cat\\\/es\\\/la-sindicatura-de-greuges-de-barcelona-pide-incrementar-los-recursos-para-los-alumnos-del-espacio-de-mediodia\\\/#primaryimage\",\"url\":\"https:\\\/\\\/www.sindicaturabarcelona.cat\\\/wp-content\\\/uploads\\\/un-infant-menja-un-plat-de-macarrons-scaled.jpg\",\"contentUrl\":\"https:\\\/\\\/www.sindicaturabarcelona.cat\\\/wp-content\\\/uploads\\\/un-infant-menja-un-plat-de-macarrons-scaled.jpg\",\"width\":2560,\"height\":1708},{\"@type\":\"BreadcrumbList\",\"@id\":\"https:\\\/\\\/www.sindicaturabarcelona.cat\\\/es\\\/la-sindicatura-de-greuges-de-barcelona-pide-incrementar-los-recursos-para-los-alumnos-del-espacio-de-mediodia\\\/#breadcrumb\",\"itemListElement\":[{\"@type\":\"ListItem\",\"position\":1,\"name\":\"Inici\",\"item\":\"https:\\\/\\\/www.sindicaturabarcelona.cat\\\/es\\\/\"},{\"@type\":\"ListItem\",\"position\":2,\"name\":\"La Sindicatura de Greuges de Barcelona pide incrementar los recursos para los alumnos del espacio de mediod\u00eda\"}]},{\"@type\":\"WebSite\",\"@id\":\"https:\\\/\\\/www.sindicaturabarcelona.cat\\\/es\\\/#website\",\"url\":\"https:\\\/\\\/www.sindicaturabarcelona.cat\\\/es\\\/\",\"name\":\"Sindicatura de Greuges de Barcelona\",\"description\":\"La defensoria dels teus drets\",\"publisher\":{\"@id\":\"https:\\\/\\\/www.sindicaturabarcelona.cat\\\/es\\\/#organization\"},\"potentialAction\":[{\"@type\":\"SearchAction\",\"target\":{\"@type\":\"EntryPoint\",\"urlTemplate\":\"https:\\\/\\\/www.sindicaturabarcelona.cat\\\/es\\\/?s={search_term_string}\"},\"query-input\":{\"@type\":\"PropertyValueSpecification\",\"valueRequired\":true,\"valueName\":\"search_term_string\"}}],\"inLanguage\":\"es\"},{\"@type\":\"Organization\",\"@id\":\"https:\\\/\\\/www.sindicaturabarcelona.cat\\\/es\\\/#organization\",\"name\":\"Sindicatura de Greuges de Barcelona\",\"url\":\"https:\\\/\\\/www.sindicaturabarcelona.cat\\\/es\\\/\",\"logo\":{\"@type\":\"ImageObject\",\"inLanguage\":\"es\",\"@id\":\"https:\\\/\\\/www.sindicaturabarcelona.cat\\\/es\\\/#\\\/schema\\\/logo\\\/image\\\/\",\"url\":\"https:\\\/\\\/www.sindicaturabarcelona.cat\\\/wp-content\\\/uploads\\\/2023\\\/02\\\/logo_sindicatura.svg\",\"contentUrl\":\"https:\\\/\\\/www.sindicaturabarcelona.cat\\\/wp-content\\\/uploads\\\/2023\\\/02\\\/logo_sindicatura.svg\",\"caption\":\"Sindicatura de Greuges de Barcelona\"},\"image\":{\"@id\":\"https:\\\/\\\/www.sindicaturabarcelona.cat\\\/es\\\/#\\\/schema\\\/logo\\\/image\\\/\"},\"sameAs\":[\"https:\\\/\\\/x.com\\\/sindicbarcelona\",\"https:\\\/\\\/www.instagram.com\\\/sindicbarcelona\\\/\",\"https:\\\/\\\/www.tiktok.com\\\/@sindicaturabcn\",\"https:\\\/\\\/t.me\\\/sindicaturabarcelona\"]},{\"@type\":\"Person\",\"@id\":\"https:\\\/\\\/www.sindicaturabarcelona.cat\\\/es\\\/#\\\/schema\\\/person\\\/0690b05fdcbf9e43b34103e845240789\",\"name\":\"Carme Rocamora\",\"image\":{\"@type\":\"ImageObject\",\"inLanguage\":\"es\",\"@id\":\"https:\\\/\\\/secure.gravatar.com\\\/avatar\\\/7d5e980ef632f555fa40f97d06e5c8ec4ec568974a95778749d6a6279aa1faef?s=96&d=mm&r=g\",\"url\":\"https:\\\/\\\/secure.gravatar.com\\\/avatar\\\/7d5e980ef632f555fa40f97d06e5c8ec4ec568974a95778749d6a6279aa1faef?s=96&d=mm&r=g\",\"contentUrl\":\"https:\\\/\\\/secure.gravatar.com\\\/avatar\\\/7d5e980ef632f555fa40f97d06e5c8ec4ec568974a95778749d6a6279aa1faef?s=96&d=mm&r=g\",\"caption\":\"Carme Rocamora\"},\"url\":\"https:\\\/\\\/www.sindicaturabarcelona.cat\\\/es\\\/author\\\/crocamora\\\/\"}]}<\/script>\n<!-- \/ Yoast SEO plugin. -->","yoast_head_json":{"title":"La Sindicatura de Greuges de Barcelona pide incrementar los recursos para los alumnos del espacio de mediod\u00eda - Sindicatura de Greuges de Barcelona","description":"Tras resolver una queja de la Fundaci\u00f3 Tot Raval, la defensor\u00eda considera que el Consorcio de Educaci\u00f3n de Barcelona debe intensificar los esfuerzos para garantizar la plena inclusi\u00f3n del alumnado","robots":{"index":"index","follow":"follow","max-snippet":"max-snippet:-1","max-image-preview":"max-image-preview:large","max-video-preview":"max-video-preview:-1"},"canonical":"https:\/\/www.sindicaturabarcelona.cat\/es\/la-sindicatura-de-greuges-de-barcelona-pide-incrementar-los-recursos-para-los-alumnos-del-espacio-de-mediodia\/","og_locale":"es_ES","og_type":"article","og_title":"La Sindicatura de Greuges de Barcelona pide incrementar los recursos para los alumnos del espacio de mediod\u00eda - Sindicatura de Greuges de Barcelona","og_description":"Tras resolver una queja de la Fundaci\u00f3 Tot Raval, la defensor\u00eda considera que el Consorcio de Educaci\u00f3n de Barcelona debe intensificar los esfuerzos para garantizar la plena inclusi\u00f3n del alumnado","og_url":"https:\/\/www.sindicaturabarcelona.cat\/es\/la-sindicatura-de-greuges-de-barcelona-pide-incrementar-los-recursos-para-los-alumnos-del-espacio-de-mediodia\/","og_site_name":"Sindicatura de Greuges de Barcelona","article_published_time":"2026-02-05T06:00:00+00:00","og_image":[{"width":2560,"height":1708,"url":"https:\/\/www.sindicaturabarcelona.cat\/wp-content\/uploads\/un-infant-menja-un-plat-de-macarrons-scaled.jpg","type":"image\/jpeg"}],"author":"Carme Rocamora","twitter_card":"summary_large_image","twitter_creator":"@sindicbarcelona","twitter_site":"@sindicbarcelona","twitter_misc":{"Escrito por":"Carme Rocamora","Tiempo de lectura":"4 minutos"},"schema":{"@context":"https:\/\/schema.org","@graph":[{"@type":"Article","@id":"https:\/\/www.sindicaturabarcelona.cat\/es\/la-sindicatura-de-greuges-de-barcelona-pide-incrementar-los-recursos-para-los-alumnos-del-espacio-de-mediodia\/#article","isPartOf":{"@id":"https:\/\/www.sindicaturabarcelona.cat\/es\/la-sindicatura-de-greuges-de-barcelona-pide-incrementar-los-recursos-para-los-alumnos-del-espacio-de-mediodia\/"},"author":{"name":"Carme Rocamora","@id":"https:\/\/www.sindicaturabarcelona.cat\/es\/#\/schema\/person\/0690b05fdcbf9e43b34103e845240789"},"headline":"La Sindicatura de Greuges de Barcelona pide incrementar los recursos para los alumnos del espacio de mediod\u00eda","datePublished":"2026-02-05T06:00:00+00:00","mainEntityOfPage":{"@id":"https:\/\/www.sindicaturabarcelona.cat\/es\/la-sindicatura-de-greuges-de-barcelona-pide-incrementar-los-recursos-para-los-alumnos-del-espacio-de-mediodia\/"},"wordCount":640,"publisher":{"@id":"https:\/\/www.sindicaturabarcelona.cat\/es\/#organization"},"image":{"@id":"https:\/\/www.sindicaturabarcelona.cat\/es\/la-sindicatura-de-greuges-de-barcelona-pide-incrementar-los-recursos-para-los-alumnos-del-espacio-de-mediodia\/#primaryimage"},"thumbnailUrl":"https:\/\/www.sindicaturabarcelona.cat\/wp-content\/uploads\/un-infant-menja-un-plat-de-macarrons-scaled.jpg","keywords":["Consorci d'Educaci\u00f3 de Barcelona","david bondia","Fundaci\u00f3 Tot Raval","Sindicatura de Greuges de Barcelona"],"inLanguage":"es"},{"@type":"WebPage","@id":"https:\/\/www.sindicaturabarcelona.cat\/es\/la-sindicatura-de-greuges-de-barcelona-pide-incrementar-los-recursos-para-los-alumnos-del-espacio-de-mediodia\/","url":"https:\/\/www.sindicaturabarcelona.cat\/es\/la-sindicatura-de-greuges-de-barcelona-pide-incrementar-los-recursos-para-los-alumnos-del-espacio-de-mediodia\/","name":"La Sindicatura de Greuges de Barcelona pide incrementar los recursos para los alumnos del espacio de mediod\u00eda - Sindicatura de Greuges de Barcelona","isPartOf":{"@id":"https:\/\/www.sindicaturabarcelona.cat\/es\/#website"},"primaryImageOfPage":{"@id":"https:\/\/www.sindicaturabarcelona.cat\/es\/la-sindicatura-de-greuges-de-barcelona-pide-incrementar-los-recursos-para-los-alumnos-del-espacio-de-mediodia\/#primaryimage"},"image":{"@id":"https:\/\/www.sindicaturabarcelona.cat\/es\/la-sindicatura-de-greuges-de-barcelona-pide-incrementar-los-recursos-para-los-alumnos-del-espacio-de-mediodia\/#primaryimage"},"thumbnailUrl":"https:\/\/www.sindicaturabarcelona.cat\/wp-content\/uploads\/un-infant-menja-un-plat-de-macarrons-scaled.jpg","datePublished":"2026-02-05T06:00:00+00:00","description":"Tras resolver una queja de la Fundaci\u00f3 Tot Raval, la defensor\u00eda considera que el Consorcio de Educaci\u00f3n de Barcelona debe intensificar los esfuerzos para garantizar la plena inclusi\u00f3n del alumnado","breadcrumb":{"@id":"https:\/\/www.sindicaturabarcelona.cat\/es\/la-sindicatura-de-greuges-de-barcelona-pide-incrementar-los-recursos-para-los-alumnos-del-espacio-de-mediodia\/#breadcrumb"},"inLanguage":"es","potentialAction":[{"@type":"ReadAction","target":["https:\/\/www.sindicaturabarcelona.cat\/es\/la-sindicatura-de-greuges-de-barcelona-pide-incrementar-los-recursos-para-los-alumnos-del-espacio-de-mediodia\/"]}]},{"@type":"ImageObject","inLanguage":"es","@id":"https:\/\/www.sindicaturabarcelona.cat\/es\/la-sindicatura-de-greuges-de-barcelona-pide-incrementar-los-recursos-para-los-alumnos-del-espacio-de-mediodia\/#primaryimage","url":"https:\/\/www.sindicaturabarcelona.cat\/wp-content\/uploads\/un-infant-menja-un-plat-de-macarrons-scaled.jpg","contentUrl":"https:\/\/www.sindicaturabarcelona.cat\/wp-content\/uploads\/un-infant-menja-un-plat-de-macarrons-scaled.jpg","width":2560,"height":1708},{"@type":"BreadcrumbList","@id":"https:\/\/www.sindicaturabarcelona.cat\/es\/la-sindicatura-de-greuges-de-barcelona-pide-incrementar-los-recursos-para-los-alumnos-del-espacio-de-mediodia\/#breadcrumb","itemListElement":[{"@type":"ListItem","position":1,"name":"Inici","item":"https:\/\/www.sindicaturabarcelona.cat\/es\/"},{"@type":"ListItem","position":2,"name":"La Sindicatura de Greuges de Barcelona pide incrementar los recursos para los alumnos del espacio de mediod\u00eda"}]},{"@type":"WebSite","@id":"https:\/\/www.sindicaturabarcelona.cat\/es\/#website","url":"https:\/\/www.sindicaturabarcelona.cat\/es\/","name":"Sindicatura de Greuges de Barcelona","description":"La defensoria dels teus drets","publisher":{"@id":"https:\/\/www.sindicaturabarcelona.cat\/es\/#organization"},"potentialAction":[{"@type":"SearchAction","target":{"@type":"EntryPoint","urlTemplate":"https:\/\/www.sindicaturabarcelona.cat\/es\/?s={search_term_string}"},"query-input":{"@type":"PropertyValueSpecification","valueRequired":true,"valueName":"search_term_string"}}],"inLanguage":"es"},{"@type":"Organization","@id":"https:\/\/www.sindicaturabarcelona.cat\/es\/#organization","name":"Sindicatura de Greuges de Barcelona","url":"https:\/\/www.sindicaturabarcelona.cat\/es\/","logo":{"@type":"ImageObject","inLanguage":"es","@id":"https:\/\/www.sindicaturabarcelona.cat\/es\/#\/schema\/logo\/image\/","url":"https:\/\/www.sindicaturabarcelona.cat\/wp-content\/uploads\/2023\/02\/logo_sindicatura.svg","contentUrl":"https:\/\/www.sindicaturabarcelona.cat\/wp-content\/uploads\/2023\/02\/logo_sindicatura.svg","caption":"Sindicatura de Greuges de Barcelona"},"image":{"@id":"https:\/\/www.sindicaturabarcelona.cat\/es\/#\/schema\/logo\/image\/"},"sameAs":["https:\/\/x.com\/sindicbarcelona","https:\/\/www.instagram.com\/sindicbarcelona\/","https:\/\/www.tiktok.com\/@sindicaturabcn","https:\/\/t.me\/sindicaturabarcelona"]},{"@type":"Person","@id":"https:\/\/www.sindicaturabarcelona.cat\/es\/#\/schema\/person\/0690b05fdcbf9e43b34103e845240789","name":"Carme Rocamora","image":{"@type":"ImageObject","inLanguage":"es","@id":"https:\/\/secure.gravatar.com\/avatar\/7d5e980ef632f555fa40f97d06e5c8ec4ec568974a95778749d6a6279aa1faef?s=96&d=mm&r=g","url":"https:\/\/secure.gravatar.com\/avatar\/7d5e980ef632f555fa40f97d06e5c8ec4ec568974a95778749d6a6279aa1faef?s=96&d=mm&r=g","contentUrl":"https:\/\/secure.gravatar.com\/avatar\/7d5e980ef632f555fa40f97d06e5c8ec4ec568974a95778749d6a6279aa1faef?s=96&d=mm&r=g","caption":"Carme Rocamora"},"url":"https:\/\/www.sindicaturabarcelona.cat\/es\/author\/crocamora\/"}]}},"_links":{"self":[{"href":"https:\/\/www.sindicaturabarcelona.cat\/es\/wp-json\/wp\/v2\/posts\/41609","targetHints":{"allow":["GET"]}}],"collection":[{"href":"https:\/\/www.sindicaturabarcelona.cat\/es\/wp-json\/wp\/v2\/posts"}],"about":[{"href":"https:\/\/www.sindicaturabarcelona.cat\/es\/wp-json\/wp\/v2\/types\/post"}],"author":[{"embeddable":true,"href":"https:\/\/www.sindicaturabarcelona.cat\/es\/wp-json\/wp\/v2\/users\/7"}],"replies":[{"embeddable":true,"href":"https:\/\/www.sindicaturabarcelona.cat\/es\/wp-json\/wp\/v2\/comments?post=41609"}],"version-history":[{"count":6,"href":"https:\/\/www.sindicaturabarcelona.cat\/es\/wp-json\/wp\/v2\/posts\/41609\/revisions"}],"predecessor-version":[{"id":41615,"href":"https:\/\/www.sindicaturabarcelona.cat\/es\/wp-json\/wp\/v2\/posts\/41609\/revisions\/41615"}],"wp:featuredmedia":[{"embeddable":true,"href":"https:\/\/www.sindicaturabarcelona.cat\/es\/wp-json\/wp\/v2\/media\/41606"}],"wp:attachment":[{"href":"https:\/\/www.sindicaturabarcelona.cat\/es\/wp-json\/wp\/v2\/media?parent=41609"}],"wp:term":[{"taxonomy":"post_tag","embeddable":true,"href":"https:\/\/www.sindicaturabarcelona.cat\/es\/wp-json\/wp\/v2\/tags?post=41609"},{"taxonomy":"drets","embeddable":true,"href":"https:\/\/www.sindicaturabarcelona.cat\/es\/wp-json\/wp\/v2\/drets?post=41609"}],"curies":[{"name":"wp","href":"https:\/\/api.w.org\/{rel}","templated":true}]}}