{"id":41136,"date":"2026-01-08T08:00:00","date_gmt":"2026-01-08T06:00:00","guid":{"rendered":"https:\/\/www.sindicaturabarcelona.cat\/?p=41136"},"modified":"2026-01-09T15:36:27","modified_gmt":"2026-01-09T13:36:27","slug":"sindicatura-insta-puerto-adoptar-medidas-garantizar-uso-catalan-bus-nautico","status":"publish","type":"post","link":"https:\/\/www.sindicaturabarcelona.cat\/es\/sindicatura-insta-puerto-adoptar-medidas-garantizar-uso-catalan-bus-nautico\/","title":{"rendered":"La Sindicatura insta al Puerto de Barcelona a adoptar medidas para garantizar el uso del catal\u00e1n en el servicio de Bus N\u00e1utico"},"content":{"rendered":"\n<h2 class=\"wp-block-heading\"><strong>La defensor\u00eda <\/strong><a href=\"https:\/\/www.sindicaturabarcelona.cat\/wp-content\/uploads\/202512_Drets-Linguistics-Pluralitat-Bus-Nautic-Moll-Fusta-Hotel-Vela-Catala-Castella_24Q1107.pdf\" target=\"_blank\" rel=\"noreferrer noopener\">resuelve una queja<\/a> <strong>de una ciudadana a la que no respetaron los derechos ling\u00fc\u00edsticos en varias ocasiones cuando hizo uso de este servicio p\u00fablico.<\/strong><\/h2>\n\n\n\n<h2 class=\"wp-block-heading\"><strong>El consistorio rechaz\u00f3 inicialmente abordar el caso alegando que una empresa es la responsable de la gesti\u00f3n, pero la Sindicatura considera que es corresponsable de garantizar que el servicio se preste de manera adecuada.<\/strong><\/h2>\n\n\n\n<p>La ciudadana manifest\u00f3 que <strong>no fue atendida en catal\u00e1n<\/strong> cuando compr\u00f3 el billete para utilizar el Bus N\u00e1utico, en el Puerto de Barcelona, a pesar de haberlo solicitado. Adem\u00e1s, no pudo realizar la compra del billete en esta lengua, dado que este apartado de la p\u00e1gina web estaba disponible \u00fanicamente en castellano.<\/p>\n\n\n\n<p>Asimismo, asegura que durante el trayecto se dirigi\u00f3 en catal\u00e1n al personal del bar, pero tampoco la entendieron. Finalmente, una vez finalizado el viaje, le remitieron una encuesta de satisfacci\u00f3n solo en castellano.<\/p>\n\n\n\n<h2 class=\"wp-block-heading\"><strong>\u00bfQu\u00e9 es el Bus N\u00e1utico y qui\u00e9n lo gestiona?<\/strong><\/h2>\n\n\n\n<p>Es un <a href=\"https:\/\/www.alsa.es\/ca\/serveis-turistics\/bus-nautic\">servicio p\u00fablico<\/a> que realiza una traves\u00eda mar\u00edtima entre el Muelle de Drassanes, junto a la plaza hom\u00f3nima, y el de Llevant, en la Barceloneta, con una duraci\u00f3n de diez minutos.<\/p>\n\n\n\n<p>Presentada la instancia de la ciudadana por lo que consideraba que era una <strong>vulneraci\u00f3n de sus derechos<\/strong>, el Ayuntamiento respondi\u00f3 que correspond\u00eda dar explicaciones al ente gestor, la empresa Alsa, y no al consistorio. Finalmente, \u00e9sta fue redirigida a la Oficina para la No Discriminaci\u00f3n, desde donde se deriv\u00f3 la queja a la Sindicatura de Greuges de Barcelona, tal como establece el <a href=\"https:\/\/www.sindicaturabarcelona.cat\/wp-content\/uploads\/Conveni-OND.pdf\">protocolo de coordinaci\u00f3n<\/a> entre ambas.&nbsp;<\/p>\n\n\n\n<p>La defensor\u00eda valora que <strong>la primera respuesta del consistorio a la ciudadana no fue adecuada<\/strong>, ya que, si bien la gesti\u00f3n del Bus N\u00e1utico corresponde a Alsa, el Ayuntamiento debe garantizar que el servicio se preste con respeto a los derechos de la ciudadan\u00eda. Es comprensible que la complejidad organizativa del Puerto de Barcelona (gestionado por la Autoridad Portuaria de la ciudad, con representantes de hasta cuatro administraciones, una de las cuales es el consistorio) pueda generar confusi\u00f3n. No obstante, <strong>la respuesta inicial del consistorio deber\u00eda haber redirigido a la ciudadana al \u00f3rgano municipal correspondiente<\/strong>: el Puerto de Barcelona.\u00a0<\/p>\n\n\n\n<p><strong>El Ayuntamiento ha tardado m\u00e1s de seis meses en facilitar a la Sindicatura la informaci\u00f3n solicitada<\/strong>, un plazo que supera lo que puede considerarse un tiempo razonable.<\/p>\n\n\n\n<h2 class=\"wp-block-heading\"><strong>La respuesta de Alsa y del Puerto a la queja<\/strong><\/h2>\n\n\n\n<p>La empresa gestora <strong>se disculp\u00f3<\/strong> por no haber prestado un servicio acorde con las expectativas de la ciudadana y le comunic\u00f3 que trasladar\u00eda la situaci\u00f3n a la persona responsable. Sin embargo, <strong>posteriormente no inform\u00f3 sobre las actuaciones adoptadas <\/strong>para mejorar la prestaci\u00f3n del servicio en lo relativo al uso del catal\u00e1n.<\/p>\n\n\n\n<p>En las cl\u00e1usulas que regulan la prestaci\u00f3n del servicio no se especifican las obligaciones de la empresa adjudicataria en relaci\u00f3n con los derechos ling\u00fc\u00edsticos de las personas usuarias. Por este motivo, debe atenderse a la <a href=\"https:\/\/portaljuridic.gencat.cat\/ca\/document-del-pjur\/?documentId=171269\">normativa vigente en Catalunya<\/a>.<\/p>\n\n\n\n<p>Dicha normativa establece que <strong>el catal\u00e1n es la lengua propia y la de todas las instituciones, incluidas las empresas y entidades que ofrecen servicios al p\u00fablico<\/strong>. El catal\u00e1n y el castellano pueden emplearse en todas las actividades p\u00fablicas y privadas, sin discriminaci\u00f3n, y las empresas y establecimientos que venden productos o que prestan servicios en Catalunya deben poder atender a las personas consumidoras en cualquiera de los dos idiomas. Por lo tanto, <strong>el Bus N\u00e1utico tiene la obligaci\u00f3n de garantizar que las personas usuarias puedan utilizar el catal\u00e1n<\/strong> en cualquier tr\u00e1mite.<\/p>\n\n\n\n<p>El Puerto de Barcelona asegura que ha supervisado los idiomas en los que Alsa facilita la informaci\u00f3n. <strong>La principal carencia se encuentra en la web<\/strong>: el contenido del servicio de Bus N\u00e1utico est\u00e1 disponible en varias lenguas, uno de los cuales es el catal\u00e1n, pero el apartado relativo a las condiciones de los abonos est\u00e1 disponible \u00fanicamente en castellano.<\/p>\n\n\n\n<p>La <strong>defensor\u00eda tambi\u00e9n lo ha revisado<\/strong> y ha constatado que este apartado ya est\u00e1 traducido al catal\u00e1n, si bien con algunas palabras incorrectas. Adem\u00e1s, otras informaciones contin\u00faan disponibles \u00fanicamente en castellano. Aun as\u00ed, la defensor\u00eda valora positivamente la supervisi\u00f3n realizada por el Puerto de Barcelona, que representa un paso importante para garantizar los <a href=\"https:\/\/www.sindicaturabarcelona.cat\/es\/drets\/derechos-linguisticos\/\">derechos ling\u00fc\u00edsticos<\/a> de las personas usuarias del servicio.<\/p>\n\n\n\n<h2 class=\"wp-block-heading\"><strong>Las recomendaciones de la Sindicatura de Greuges <\/strong><\/h2>\n\n\n\n<p>Teniendo en cuenta todo esto, la defensor\u00eda considera <a href=\"https:\/\/www.sindicaturabarcelona.cat\/wp-content\/uploads\/202512_Drets-Linguistics-Pluralitat-Bus-Nautic-Moll-Fusta-Hotel-Vela-Catala-Castella_24Q1107.pdf\" target=\"_blank\" rel=\"noreferrer noopener\">en su resoluci\u00f3n<\/a> que la actuaci\u00f3n del Puerto de Barcelona <strong>no ha sido ajustada a derecho<\/strong> y recomienda al Puerto:<\/p>\n\n\n\n<ul class=\"wp-block-list\">\n<li>La <strong>revisi\u00f3n de los protocolos<\/strong> para garantizar una respuesta adecuada a la ciudadan\u00eda en relaci\u00f3n con las quejas o comunicaciones relativas al Puerto.<\/li>\n<\/ul>\n\n\n\n<ul class=\"wp-block-list\">\n<li>La colaboraci\u00f3n con la Comisionada de Uso Social del Catal\u00e1n para garantizar que la ciudadan\u00eda pueda emplear dicho idioma en todas las actividades p\u00fablicas y privadas, sin discriminaci\u00f3n, ya que <strong>este \u00f3rgano tiene la obligaci\u00f3n de velar por los derechos ling\u00fc\u00edsticos <\/strong>y garantizar que toda la informaci\u00f3n dirigida a la ciudadan\u00eda est\u00e9 disponible en catal\u00e1n.<\/li>\n<\/ul>\n","protected":false},"excerpt":{"rendered":"<p>La defensor\u00eda resuelve una queja de una ciudadana a la que no respetaron los derechos ling\u00fc\u00edsticos en varias ocasiones cuando hizo uso de este servicio p\u00fablico. El consistorio rechaz\u00f3 inicialmente [&hellip;]<\/p>\n","protected":false},"author":2,"featured_media":41133,"comment_status":"closed","ping_status":"closed","sticky":false,"template":"","format":"standard","meta":{"_acf_changed":false,"footnotes":""},"tags":[],"drets":[1567,1574],"class_list":["post-41136","post","type-post","status-publish","format-standard","has-post-thumbnail","hentry","drets-ciudad-diversa","drets-derechos-linguisticos"],"acf":[],"yoast_head":"<!-- This site is optimized with the Yoast SEO plugin v27.5 - https:\/\/yoast.com\/product\/yoast-seo-wordpress\/ -->\n<title>La Sindicatura insta al Puerto de Barcelona a adoptar medidas para garantizar el uso del catal\u00e1n en el servicio de Bus N\u00e1utico - Sindicatura de Greuges de Barcelona<\/title>\n<meta name=\"description\" content=\"La defensor\u00eda resuelve una queja de una ciudadana a la que vulneraron los derechos ling\u00fc\u00edsticos en varias ocasiones cuando utiliz\u00f3 este servicio p\u00fablico\" \/>\n<meta name=\"robots\" content=\"index, follow, max-snippet:-1, max-image-preview:large, max-video-preview:-1\" \/>\n<link rel=\"canonical\" href=\"https:\/\/www.sindicaturabarcelona.cat\/es\/sindicatura-insta-puerto-adoptar-medidas-garantizar-uso-catalan-bus-nautico\/\" \/>\n<meta property=\"og:locale\" content=\"es_ES\" \/>\n<meta property=\"og:type\" content=\"article\" \/>\n<meta property=\"og:title\" content=\"La Sindicatura insta al Puerto de Barcelona a adoptar medidas para garantizar el uso del catal\u00e1n en el servicio de Bus N\u00e1utico - Sindicatura de Greuges de Barcelona\" \/>\n<meta property=\"og:description\" content=\"La defensor\u00eda resuelve una queja de una ciudadana a la que vulneraron los derechos ling\u00fc\u00edsticos en varias ocasiones cuando utiliz\u00f3 este servicio p\u00fablico\" \/>\n<meta property=\"og:url\" content=\"https:\/\/www.sindicaturabarcelona.cat\/es\/sindicatura-insta-puerto-adoptar-medidas-garantizar-uso-catalan-bus-nautico\/\" \/>\n<meta property=\"og:site_name\" content=\"Sindicatura de Greuges de Barcelona\" \/>\n<meta property=\"article:published_time\" content=\"2026-01-08T06:00:00+00:00\" \/>\n<meta property=\"article:modified_time\" content=\"2026-01-09T13:36:27+00:00\" \/>\n<meta property=\"og:image\" content=\"https:\/\/www.sindicaturabarcelona.cat\/wp-content\/uploads\/passarella-dacces-al-bus-nautic.jpg\" \/>\n\t<meta property=\"og:image:width\" content=\"2000\" \/>\n\t<meta property=\"og:image:height\" content=\"1333\" \/>\n\t<meta property=\"og:image:type\" content=\"image\/jpeg\" \/>\n<meta name=\"author\" content=\"Pablo\" \/>\n<meta name=\"twitter:card\" content=\"summary_large_image\" \/>\n<meta name=\"twitter:creator\" content=\"@sindicbarcelona\" \/>\n<meta name=\"twitter:site\" content=\"@sindicbarcelona\" \/>\n<meta name=\"twitter:label1\" content=\"Escrito por\" \/>\n\t<meta name=\"twitter:data1\" content=\"Pablo\" \/>\n\t<meta name=\"twitter:label2\" content=\"Tiempo de lectura\" \/>\n\t<meta name=\"twitter:data2\" content=\"5 minutos\" \/>\n<script type=\"application\/ld+json\" class=\"yoast-schema-graph\">{\"@context\":\"https:\\\/\\\/schema.org\",\"@graph\":[{\"@type\":\"Article\",\"@id\":\"https:\\\/\\\/www.sindicaturabarcelona.cat\\\/es\\\/sindicatura-insta-puerto-adoptar-medidas-garantizar-uso-catalan-bus-nautico\\\/#article\",\"isPartOf\":{\"@id\":\"https:\\\/\\\/www.sindicaturabarcelona.cat\\\/es\\\/sindicatura-insta-puerto-adoptar-medidas-garantizar-uso-catalan-bus-nautico\\\/\"},\"author\":{\"name\":\"Pablo\",\"@id\":\"https:\\\/\\\/www.sindicaturabarcelona.cat\\\/es\\\/#\\\/schema\\\/person\\\/0e5acffc350ffdbc97578159322c9452\"},\"headline\":\"La Sindicatura insta al Puerto de Barcelona a adoptar medidas para garantizar el uso del catal\u00e1n en el servicio de Bus N\u00e1utico\",\"datePublished\":\"2026-01-08T06:00:00+00:00\",\"dateModified\":\"2026-01-09T13:36:27+00:00\",\"mainEntityOfPage\":{\"@id\":\"https:\\\/\\\/www.sindicaturabarcelona.cat\\\/es\\\/sindicatura-insta-puerto-adoptar-medidas-garantizar-uso-catalan-bus-nautico\\\/\"},\"wordCount\":901,\"publisher\":{\"@id\":\"https:\\\/\\\/www.sindicaturabarcelona.cat\\\/es\\\/#organization\"},\"image\":{\"@id\":\"https:\\\/\\\/www.sindicaturabarcelona.cat\\\/es\\\/sindicatura-insta-puerto-adoptar-medidas-garantizar-uso-catalan-bus-nautico\\\/#primaryimage\"},\"thumbnailUrl\":\"https:\\\/\\\/www.sindicaturabarcelona.cat\\\/wp-content\\\/uploads\\\/passarella-dacces-al-bus-nautic.jpg\",\"inLanguage\":\"es\"},{\"@type\":\"WebPage\",\"@id\":\"https:\\\/\\\/www.sindicaturabarcelona.cat\\\/es\\\/sindicatura-insta-puerto-adoptar-medidas-garantizar-uso-catalan-bus-nautico\\\/\",\"url\":\"https:\\\/\\\/www.sindicaturabarcelona.cat\\\/es\\\/sindicatura-insta-puerto-adoptar-medidas-garantizar-uso-catalan-bus-nautico\\\/\",\"name\":\"La Sindicatura insta al Puerto de Barcelona a adoptar medidas para garantizar el uso del catal\u00e1n en el servicio de Bus N\u00e1utico - Sindicatura de Greuges de Barcelona\",\"isPartOf\":{\"@id\":\"https:\\\/\\\/www.sindicaturabarcelona.cat\\\/es\\\/#website\"},\"primaryImageOfPage\":{\"@id\":\"https:\\\/\\\/www.sindicaturabarcelona.cat\\\/es\\\/sindicatura-insta-puerto-adoptar-medidas-garantizar-uso-catalan-bus-nautico\\\/#primaryimage\"},\"image\":{\"@id\":\"https:\\\/\\\/www.sindicaturabarcelona.cat\\\/es\\\/sindicatura-insta-puerto-adoptar-medidas-garantizar-uso-catalan-bus-nautico\\\/#primaryimage\"},\"thumbnailUrl\":\"https:\\\/\\\/www.sindicaturabarcelona.cat\\\/wp-content\\\/uploads\\\/passarella-dacces-al-bus-nautic.jpg\",\"datePublished\":\"2026-01-08T06:00:00+00:00\",\"dateModified\":\"2026-01-09T13:36:27+00:00\",\"description\":\"La defensor\u00eda resuelve una queja de una ciudadana a la que vulneraron los derechos ling\u00fc\u00edsticos en varias ocasiones cuando utiliz\u00f3 este servicio p\u00fablico\",\"breadcrumb\":{\"@id\":\"https:\\\/\\\/www.sindicaturabarcelona.cat\\\/es\\\/sindicatura-insta-puerto-adoptar-medidas-garantizar-uso-catalan-bus-nautico\\\/#breadcrumb\"},\"inLanguage\":\"es\",\"potentialAction\":[{\"@type\":\"ReadAction\",\"target\":[\"https:\\\/\\\/www.sindicaturabarcelona.cat\\\/es\\\/sindicatura-insta-puerto-adoptar-medidas-garantizar-uso-catalan-bus-nautico\\\/\"]}]},{\"@type\":\"ImageObject\",\"inLanguage\":\"es\",\"@id\":\"https:\\\/\\\/www.sindicaturabarcelona.cat\\\/es\\\/sindicatura-insta-puerto-adoptar-medidas-garantizar-uso-catalan-bus-nautico\\\/#primaryimage\",\"url\":\"https:\\\/\\\/www.sindicaturabarcelona.cat\\\/wp-content\\\/uploads\\\/passarella-dacces-al-bus-nautic.jpg\",\"contentUrl\":\"https:\\\/\\\/www.sindicaturabarcelona.cat\\\/wp-content\\\/uploads\\\/passarella-dacces-al-bus-nautic.jpg\",\"width\":2000,\"height\":1333},{\"@type\":\"BreadcrumbList\",\"@id\":\"https:\\\/\\\/www.sindicaturabarcelona.cat\\\/es\\\/sindicatura-insta-puerto-adoptar-medidas-garantizar-uso-catalan-bus-nautico\\\/#breadcrumb\",\"itemListElement\":[{\"@type\":\"ListItem\",\"position\":1,\"name\":\"Inici\",\"item\":\"https:\\\/\\\/www.sindicaturabarcelona.cat\\\/es\\\/\"},{\"@type\":\"ListItem\",\"position\":2,\"name\":\"La Sindicatura insta al Puerto de Barcelona a adoptar medidas para garantizar el uso del catal\u00e1n en el servicio de Bus N\u00e1utico\"}]},{\"@type\":\"WebSite\",\"@id\":\"https:\\\/\\\/www.sindicaturabarcelona.cat\\\/es\\\/#website\",\"url\":\"https:\\\/\\\/www.sindicaturabarcelona.cat\\\/es\\\/\",\"name\":\"Sindicatura de Greuges de Barcelona\",\"description\":\"La defensoria dels teus drets\",\"publisher\":{\"@id\":\"https:\\\/\\\/www.sindicaturabarcelona.cat\\\/es\\\/#organization\"},\"potentialAction\":[{\"@type\":\"SearchAction\",\"target\":{\"@type\":\"EntryPoint\",\"urlTemplate\":\"https:\\\/\\\/www.sindicaturabarcelona.cat\\\/es\\\/?s={search_term_string}\"},\"query-input\":{\"@type\":\"PropertyValueSpecification\",\"valueRequired\":true,\"valueName\":\"search_term_string\"}}],\"inLanguage\":\"es\"},{\"@type\":\"Organization\",\"@id\":\"https:\\\/\\\/www.sindicaturabarcelona.cat\\\/es\\\/#organization\",\"name\":\"Sindicatura de Greuges de Barcelona\",\"url\":\"https:\\\/\\\/www.sindicaturabarcelona.cat\\\/es\\\/\",\"logo\":{\"@type\":\"ImageObject\",\"inLanguage\":\"es\",\"@id\":\"https:\\\/\\\/www.sindicaturabarcelona.cat\\\/es\\\/#\\\/schema\\\/logo\\\/image\\\/\",\"url\":\"https:\\\/\\\/www.sindicaturabarcelona.cat\\\/wp-content\\\/uploads\\\/2023\\\/02\\\/logo_sindicatura.svg\",\"contentUrl\":\"https:\\\/\\\/www.sindicaturabarcelona.cat\\\/wp-content\\\/uploads\\\/2023\\\/02\\\/logo_sindicatura.svg\",\"caption\":\"Sindicatura de Greuges de Barcelona\"},\"image\":{\"@id\":\"https:\\\/\\\/www.sindicaturabarcelona.cat\\\/es\\\/#\\\/schema\\\/logo\\\/image\\\/\"},\"sameAs\":[\"https:\\\/\\\/x.com\\\/sindicbarcelona\",\"https:\\\/\\\/www.instagram.com\\\/sindicbarcelona\\\/\",\"https:\\\/\\\/www.tiktok.com\\\/@sindicaturabcn\",\"https:\\\/\\\/t.me\\\/sindicaturabarcelona\"]},{\"@type\":\"Person\",\"@id\":\"https:\\\/\\\/www.sindicaturabarcelona.cat\\\/es\\\/#\\\/schema\\\/person\\\/0e5acffc350ffdbc97578159322c9452\",\"name\":\"Pablo\",\"image\":{\"@type\":\"ImageObject\",\"inLanguage\":\"es\",\"@id\":\"https:\\\/\\\/secure.gravatar.com\\\/avatar\\\/c948169b402ef9492afde705c3dfd5e90e1a6a84ef6840a91124f805a25a480f?s=96&d=mm&r=g\",\"url\":\"https:\\\/\\\/secure.gravatar.com\\\/avatar\\\/c948169b402ef9492afde705c3dfd5e90e1a6a84ef6840a91124f805a25a480f?s=96&d=mm&r=g\",\"contentUrl\":\"https:\\\/\\\/secure.gravatar.com\\\/avatar\\\/c948169b402ef9492afde705c3dfd5e90e1a6a84ef6840a91124f805a25a480f?s=96&d=mm&r=g\",\"caption\":\"Pablo\"},\"url\":\"https:\\\/\\\/www.sindicaturabarcelona.cat\\\/es\\\/author\\\/pablo\\\/\"}]}<\/script>\n<!-- \/ Yoast SEO plugin. -->","yoast_head_json":{"title":"La Sindicatura insta al Puerto de Barcelona a adoptar medidas para garantizar el uso del catal\u00e1n en el servicio de Bus N\u00e1utico - Sindicatura de Greuges de Barcelona","description":"La defensor\u00eda resuelve una queja de una ciudadana a la que vulneraron los derechos ling\u00fc\u00edsticos en varias ocasiones cuando utiliz\u00f3 este servicio p\u00fablico","robots":{"index":"index","follow":"follow","max-snippet":"max-snippet:-1","max-image-preview":"max-image-preview:large","max-video-preview":"max-video-preview:-1"},"canonical":"https:\/\/www.sindicaturabarcelona.cat\/es\/sindicatura-insta-puerto-adoptar-medidas-garantizar-uso-catalan-bus-nautico\/","og_locale":"es_ES","og_type":"article","og_title":"La Sindicatura insta al Puerto de Barcelona a adoptar medidas para garantizar el uso del catal\u00e1n en el servicio de Bus N\u00e1utico - Sindicatura de Greuges de Barcelona","og_description":"La defensor\u00eda resuelve una queja de una ciudadana a la que vulneraron los derechos ling\u00fc\u00edsticos en varias ocasiones cuando utiliz\u00f3 este servicio p\u00fablico","og_url":"https:\/\/www.sindicaturabarcelona.cat\/es\/sindicatura-insta-puerto-adoptar-medidas-garantizar-uso-catalan-bus-nautico\/","og_site_name":"Sindicatura de Greuges de Barcelona","article_published_time":"2026-01-08T06:00:00+00:00","article_modified_time":"2026-01-09T13:36:27+00:00","og_image":[{"width":2000,"height":1333,"url":"https:\/\/www.sindicaturabarcelona.cat\/wp-content\/uploads\/passarella-dacces-al-bus-nautic.jpg","type":"image\/jpeg"}],"author":"Pablo","twitter_card":"summary_large_image","twitter_creator":"@sindicbarcelona","twitter_site":"@sindicbarcelona","twitter_misc":{"Escrito por":"Pablo","Tiempo de lectura":"5 minutos"},"schema":{"@context":"https:\/\/schema.org","@graph":[{"@type":"Article","@id":"https:\/\/www.sindicaturabarcelona.cat\/es\/sindicatura-insta-puerto-adoptar-medidas-garantizar-uso-catalan-bus-nautico\/#article","isPartOf":{"@id":"https:\/\/www.sindicaturabarcelona.cat\/es\/sindicatura-insta-puerto-adoptar-medidas-garantizar-uso-catalan-bus-nautico\/"},"author":{"name":"Pablo","@id":"https:\/\/www.sindicaturabarcelona.cat\/es\/#\/schema\/person\/0e5acffc350ffdbc97578159322c9452"},"headline":"La Sindicatura insta al Puerto de Barcelona a adoptar medidas para garantizar el uso del catal\u00e1n en el servicio de Bus N\u00e1utico","datePublished":"2026-01-08T06:00:00+00:00","dateModified":"2026-01-09T13:36:27+00:00","mainEntityOfPage":{"@id":"https:\/\/www.sindicaturabarcelona.cat\/es\/sindicatura-insta-puerto-adoptar-medidas-garantizar-uso-catalan-bus-nautico\/"},"wordCount":901,"publisher":{"@id":"https:\/\/www.sindicaturabarcelona.cat\/es\/#organization"},"image":{"@id":"https:\/\/www.sindicaturabarcelona.cat\/es\/sindicatura-insta-puerto-adoptar-medidas-garantizar-uso-catalan-bus-nautico\/#primaryimage"},"thumbnailUrl":"https:\/\/www.sindicaturabarcelona.cat\/wp-content\/uploads\/passarella-dacces-al-bus-nautic.jpg","inLanguage":"es"},{"@type":"WebPage","@id":"https:\/\/www.sindicaturabarcelona.cat\/es\/sindicatura-insta-puerto-adoptar-medidas-garantizar-uso-catalan-bus-nautico\/","url":"https:\/\/www.sindicaturabarcelona.cat\/es\/sindicatura-insta-puerto-adoptar-medidas-garantizar-uso-catalan-bus-nautico\/","name":"La Sindicatura insta al Puerto de Barcelona a adoptar medidas para garantizar el uso del catal\u00e1n en el servicio de Bus N\u00e1utico - Sindicatura de Greuges de Barcelona","isPartOf":{"@id":"https:\/\/www.sindicaturabarcelona.cat\/es\/#website"},"primaryImageOfPage":{"@id":"https:\/\/www.sindicaturabarcelona.cat\/es\/sindicatura-insta-puerto-adoptar-medidas-garantizar-uso-catalan-bus-nautico\/#primaryimage"},"image":{"@id":"https:\/\/www.sindicaturabarcelona.cat\/es\/sindicatura-insta-puerto-adoptar-medidas-garantizar-uso-catalan-bus-nautico\/#primaryimage"},"thumbnailUrl":"https:\/\/www.sindicaturabarcelona.cat\/wp-content\/uploads\/passarella-dacces-al-bus-nautic.jpg","datePublished":"2026-01-08T06:00:00+00:00","dateModified":"2026-01-09T13:36:27+00:00","description":"La defensor\u00eda resuelve una queja de una ciudadana a la que vulneraron los derechos ling\u00fc\u00edsticos en varias ocasiones cuando utiliz\u00f3 este servicio p\u00fablico","breadcrumb":{"@id":"https:\/\/www.sindicaturabarcelona.cat\/es\/sindicatura-insta-puerto-adoptar-medidas-garantizar-uso-catalan-bus-nautico\/#breadcrumb"},"inLanguage":"es","potentialAction":[{"@type":"ReadAction","target":["https:\/\/www.sindicaturabarcelona.cat\/es\/sindicatura-insta-puerto-adoptar-medidas-garantizar-uso-catalan-bus-nautico\/"]}]},{"@type":"ImageObject","inLanguage":"es","@id":"https:\/\/www.sindicaturabarcelona.cat\/es\/sindicatura-insta-puerto-adoptar-medidas-garantizar-uso-catalan-bus-nautico\/#primaryimage","url":"https:\/\/www.sindicaturabarcelona.cat\/wp-content\/uploads\/passarella-dacces-al-bus-nautic.jpg","contentUrl":"https:\/\/www.sindicaturabarcelona.cat\/wp-content\/uploads\/passarella-dacces-al-bus-nautic.jpg","width":2000,"height":1333},{"@type":"BreadcrumbList","@id":"https:\/\/www.sindicaturabarcelona.cat\/es\/sindicatura-insta-puerto-adoptar-medidas-garantizar-uso-catalan-bus-nautico\/#breadcrumb","itemListElement":[{"@type":"ListItem","position":1,"name":"Inici","item":"https:\/\/www.sindicaturabarcelona.cat\/es\/"},{"@type":"ListItem","position":2,"name":"La Sindicatura insta al Puerto de Barcelona a adoptar medidas para garantizar el uso del catal\u00e1n en el servicio de Bus N\u00e1utico"}]},{"@type":"WebSite","@id":"https:\/\/www.sindicaturabarcelona.cat\/es\/#website","url":"https:\/\/www.sindicaturabarcelona.cat\/es\/","name":"Sindicatura de Greuges de Barcelona","description":"La defensoria dels teus drets","publisher":{"@id":"https:\/\/www.sindicaturabarcelona.cat\/es\/#organization"},"potentialAction":[{"@type":"SearchAction","target":{"@type":"EntryPoint","urlTemplate":"https:\/\/www.sindicaturabarcelona.cat\/es\/?s={search_term_string}"},"query-input":{"@type":"PropertyValueSpecification","valueRequired":true,"valueName":"search_term_string"}}],"inLanguage":"es"},{"@type":"Organization","@id":"https:\/\/www.sindicaturabarcelona.cat\/es\/#organization","name":"Sindicatura de Greuges de Barcelona","url":"https:\/\/www.sindicaturabarcelona.cat\/es\/","logo":{"@type":"ImageObject","inLanguage":"es","@id":"https:\/\/www.sindicaturabarcelona.cat\/es\/#\/schema\/logo\/image\/","url":"https:\/\/www.sindicaturabarcelona.cat\/wp-content\/uploads\/2023\/02\/logo_sindicatura.svg","contentUrl":"https:\/\/www.sindicaturabarcelona.cat\/wp-content\/uploads\/2023\/02\/logo_sindicatura.svg","caption":"Sindicatura de Greuges de Barcelona"},"image":{"@id":"https:\/\/www.sindicaturabarcelona.cat\/es\/#\/schema\/logo\/image\/"},"sameAs":["https:\/\/x.com\/sindicbarcelona","https:\/\/www.instagram.com\/sindicbarcelona\/","https:\/\/www.tiktok.com\/@sindicaturabcn","https:\/\/t.me\/sindicaturabarcelona"]},{"@type":"Person","@id":"https:\/\/www.sindicaturabarcelona.cat\/es\/#\/schema\/person\/0e5acffc350ffdbc97578159322c9452","name":"Pablo","image":{"@type":"ImageObject","inLanguage":"es","@id":"https:\/\/secure.gravatar.com\/avatar\/c948169b402ef9492afde705c3dfd5e90e1a6a84ef6840a91124f805a25a480f?s=96&d=mm&r=g","url":"https:\/\/secure.gravatar.com\/avatar\/c948169b402ef9492afde705c3dfd5e90e1a6a84ef6840a91124f805a25a480f?s=96&d=mm&r=g","contentUrl":"https:\/\/secure.gravatar.com\/avatar\/c948169b402ef9492afde705c3dfd5e90e1a6a84ef6840a91124f805a25a480f?s=96&d=mm&r=g","caption":"Pablo"},"url":"https:\/\/www.sindicaturabarcelona.cat\/es\/author\/pablo\/"}]}},"_links":{"self":[{"href":"https:\/\/www.sindicaturabarcelona.cat\/es\/wp-json\/wp\/v2\/posts\/41136","targetHints":{"allow":["GET"]}}],"collection":[{"href":"https:\/\/www.sindicaturabarcelona.cat\/es\/wp-json\/wp\/v2\/posts"}],"about":[{"href":"https:\/\/www.sindicaturabarcelona.cat\/es\/wp-json\/wp\/v2\/types\/post"}],"author":[{"embeddable":true,"href":"https:\/\/www.sindicaturabarcelona.cat\/es\/wp-json\/wp\/v2\/users\/2"}],"replies":[{"embeddable":true,"href":"https:\/\/www.sindicaturabarcelona.cat\/es\/wp-json\/wp\/v2\/comments?post=41136"}],"version-history":[{"count":20,"href":"https:\/\/www.sindicaturabarcelona.cat\/es\/wp-json\/wp\/v2\/posts\/41136\/revisions"}],"predecessor-version":[{"id":41270,"href":"https:\/\/www.sindicaturabarcelona.cat\/es\/wp-json\/wp\/v2\/posts\/41136\/revisions\/41270"}],"wp:featuredmedia":[{"embeddable":true,"href":"https:\/\/www.sindicaturabarcelona.cat\/es\/wp-json\/wp\/v2\/media\/41133"}],"wp:attachment":[{"href":"https:\/\/www.sindicaturabarcelona.cat\/es\/wp-json\/wp\/v2\/media?parent=41136"}],"wp:term":[{"taxonomy":"post_tag","embeddable":true,"href":"https:\/\/www.sindicaturabarcelona.cat\/es\/wp-json\/wp\/v2\/tags?post=41136"},{"taxonomy":"drets","embeddable":true,"href":"https:\/\/www.sindicaturabarcelona.cat\/es\/wp-json\/wp\/v2\/drets?post=41136"}],"curies":[{"name":"wp","href":"https:\/\/api.w.org\/{rel}","templated":true}]}}