{"id":40986,"date":"2025-12-29T10:14:19","date_gmt":"2025-12-29T08:14:19","guid":{"rendered":"https:\/\/www.sindicaturabarcelona.cat\/la-sindicatura-considera-que-cal-continuar-eliminant-els-carrils-bici-de-les-voreres-ja-que-son-un-risc-per-als-i-les-vianants\/"},"modified":"2025-12-30T11:18:53","modified_gmt":"2025-12-30T09:18:53","slug":"la-sindicatura-considera-que-cal-continuar-eliminant-els-carrils-bici-de-les-voreres-ja-que-son-un-risc-per-als-i-les-vianants","status":"publish","type":"post","link":"https:\/\/www.sindicaturabarcelona.cat\/es\/la-sindicatura-considera-que-cal-continuar-eliminant-els-carrils-bici-de-les-voreres-ja-que-son-un-risc-per-als-i-les-vianants\/","title":{"rendered":"La Sindicatura considera que es necesario continuar eliminando los carriles bici de las aceras, ya que son un riesgo para los y las peatones"},"content":{"rendered":"\n<h2 class=\"wp-block-heading\"><strong>La defensor\u00eda<\/strong> <a href=\"https:\/\/www.sindicaturabarcelona.cat\/wp-content\/uploads\/202512_Dret-Mobilitat-Circulacio-Estacionament_Carril-Bici-parada-bus-Ali-Bei-Marina_25Q464.pdf\" target=\"_blank\" rel=\"noreferrer noopener\">resuelve una queja<\/a> <strong>por unas v\u00edas ciclistas que pasan por detr\u00e1s de cuatro paradas de bus en el Eixample.<\/strong><\/h2>\n\n\n\n<h2 class=\"wp-block-heading\"><strong>En el mismo barrio, se registr\u00f3 un atropello de una bici a una ciudadana que bajaba del bus, con resultado de muerte.<\/strong><\/h2>\n\n\n\n<h2 class=\"wp-block-heading\"><strong>Las aceras deben quedar libres de obst\u00e1culos que resten espacio a los y las peatones, que son las personas usuarias naturales.<\/strong><\/h2>\n\n\n\n<p>El promotor de la queja alertaba de la peligrosidad del carril bici que transcurre por la acera a lo largo de la <strong>calle Marina, desde Al\u00ed Bei hasta la Gran Via de les Corts Catalanes<\/strong>. El ciudadano ped\u00eda que, ante la circulaci\u00f3n inc\u00edvica de algunas bicicletas y veh\u00edculos de movilidad personal (VMP), el consistorio deber\u00eda mejorar la se\u00f1alizaci\u00f3n de dicha zona.<\/p>\n\n\n\n<p>De hecho, esta problem\u00e1tica se extiende hasta dos calles m\u00e1s arriba, en Consell de Cent. En todo el tramo hay cuatro paradas (dos en cada acera), por donde <strong>circulan seis l\u00edneas de bus<\/strong>, tres diurnas y tres nocturnas. Desde el punto de vista de la movilidad y el riesgo para los y las peatones, se deber\u00eda a\u00f1adir la presencia de las <strong>salidas de la estaci\u00f3n de metro de Monumental (L2), y el recinto hom\u00f3nimo<\/strong>, donde peri\u00f3dicamente se celebran conciertos y otros espect\u00e1culos.<\/p>\n\n\n\n<h2 class=\"wp-block-heading\"><strong><strong>El distrito estudia ubicar el carril bici en la calzada<\/strong><\/strong><\/h2>\n\n\n\n<p>A petici\u00f3n de la Sindicatura, el Ayuntamiento emiti\u00f3 un informe argumentando que los carriles bici en esta zona est\u00e1n delimitados por se\u00f1alizaci\u00f3n en el pavimento de \u201c<strong>Ceda el paso<\/strong>\u201d cerca de la parada, y por una se\u00f1al vertical que <strong>obliga a circular por el carril reservado a las bicicletas y a los MVP<\/strong>. Ahora bien, la se\u00f1al vertical s\u00f3lo se encuentra en uno de los carriles. Es por ello que una de las medidas que se est\u00e1n valorando es colocar una tambi\u00e9n en la otra acera.<\/p>\n\n\n\n<p>Igualmente, se propone cambiar el \u201cCeda el paso\u201d por una se\u00f1al que indique a las personas conductoras de bicis y MVP que se aproximan a una zona peatonal, y que deben <strong>extremar la precauci\u00f3n y reducir la velocidad<\/strong>. El documento municipal, de hecho, explicita que la Mesa de Movilidad del distrito ha acordado desplazar el carril bici a la calzada, si bien los detalles de la ejecuci\u00f3n todav\u00eda se est\u00e1n estudiando, dada la complejidad urban\u00edstica de la zona.<\/p>\n\n\n\n<p>Esta medida es coherente con el <a href=\"https:\/\/premsa-estatics-prod.s3.eu-west-1.amazonaws.com\/premsa\/wp-content\/uploads\/2025\/09\/PLSV_Barcelona_2025-2030.pdf\" target=\"_blank\" rel=\"noreferrer noopener\">Plan local de seguridad vial<\/a> actual, aprobado en septiembre, que prev\u00e9, entre otras acciones, actualizar el manual de dise\u00f1o de v\u00edas ciclistas y auditar en clave de seguridad los elementos de la v\u00eda.<\/p>\n\n\n\n<h2 class=\"wp-block-heading\"><strong>Un precedente tr\u00e1gico<\/strong><\/h2>\n\n\n\n<p>En el tramo de la calle Marina objeto de la queja, se han registrado <strong>dos siniestros entre conductores de bicicletas y peatones<\/strong> en los \u00faltimos a\u00f1os, uno en 2023 y otro en 2024. En uno de los casos, el peat\u00f3n estaba a unos 60 metros de la parada del bus. Este a\u00f1o no se ha registrado ning\u00fan siniestro.<\/p>\n\n\n\n<p>En el mismo barrio, la Dreta del Eixample, concretamente en la avenida Diagonal entre las calles Bruc y Girona, en 2019 <a href=\"https:\/\/beteve.cat\/societat\/bicing-paga-indemnitzacio-atropellament-mortal-diagonal\/\" target=\"_blank\" rel=\"noreferrer noopener\">una bicicleta del Bicing atropell\u00f3 a una ciudadana que bajaba de un autob\u00fas<\/a>, un impacto que meses m\u00e1s tarde le provoc\u00f3 la muerte.<\/p>\n\n\n\n<h2 class=\"wp-block-heading\"><strong><strong>Las personas mayores o con movilidad reducida, m\u00e1s perjudicadas<\/strong><\/strong><\/h2>\n\n\n\n<p>Las aceras deben quedar libres de elementos que queden espacio <strong>los y las peatones<\/strong>, que son las personas <strong>usuarias naturales<\/strong>, y a las que <strong>hay que<\/strong> <strong>priorizar<\/strong> por encima del resto de agentes que participan en la movilidad.<\/p>\n\n\n\n<p>El riesgo que supone un carril bici en un punto de acceso a una parada de autob\u00fas es especialmente alto para colectivos como las personas mayores o con movilidad reducida. Esto, de hecho, se suma a otros obst\u00e1culos que se encuentran en su d\u00eda a d\u00eda y que les dificultan el paso, <a href=\"https:\/\/www.sindicaturabarcelona.cat\/es\/es-necesario-insistir-en-la-retirada-de-elementos-en-la-acera-y-adosados-a-la-fachada-que-dificultan-el-paso-a-personas-con-discapacidad-y-otros-colectivos-en-situacion-de-vulnerabilidad\/\" target=\"_blank\" rel=\"noreferrer noopener\">como las jardineras<\/a> o <a href=\"https:\/\/www.sindicaturabarcelona.cat\/es\/la-sindicatura-reclama-que-es-continuin-creant-zones-destacionament-de-motos-a-la-calcada-i-ampliar-lespai-per-a-vianants\/\" target=\"_blank\" rel=\"noreferrer noopener\">las motos aparcadas en la acera<\/a>. \u00c9ste, adem\u00e1s, es <strong>uno de los principales problemas que vulneran el derecho a la accesibilidad y la inclusividad<\/strong>, como queda recogido en <a href=\"https:\/\/www.sindicaturabarcelona.cat\/wp-content\/uploads\/20251007-Informe-Anual-Castella.pdf\" target=\"_blank\" rel=\"noreferrer noopener\">el \u00faltimo informe anual<\/a> de la Sindicatura.<\/p>\n\n\n\n<p>El \u00c1rea Metropolitana de Barcelona cuenta ya con un <a href=\"https:\/\/docs.amb.cat\/alfresco\/api\/-default-\/public\/alfresco\/versions\/1\/nodes\/e4e64e3e-f14b-4cef-8c30-2a36920210d7\/content\/Pla%20estrat\u00e8gic%20accessibilitat%20Bus%20Metropolit\u00e0.pdf?attachment=false&amp;mimeType=application\/pdf&amp;sizeInBytes=4051416\" target=\"_blank\" rel=\"noreferrer noopener\">Plan Estrat\u00e9gico de accesibilidad del bus metropolitano<\/a>. Una de las actuaciones previstas es continuar con la ejecuci\u00f3n de proyectos de obra de mejora de la accesibilidad en el entorno de la parada, si bien no hace referencia a los carriles bici.<\/p>\n\n\n\n<h2 class=\"wp-block-heading\"><strong><strong>La conclusi\u00f3n y la recomendaci\u00f3n de la defensor\u00eda<\/strong><\/strong><\/h2>\n\n\n\n<p>La Sindicatura de Greuges de Barcelona concluye <a href=\"https:\/\/www.sindicaturabarcelona.cat\/wp-content\/uploads\/202512_Dret-Mobilitat-Circulacio-Estacionament_Carril-Bici-parada-bus-Ali-Bei-Marina_25Q464.pdf\" target=\"_blank\" rel=\"noreferrer noopener\">en su resoluci\u00f3n<\/a> que <strong>la actuaci\u00f3n municipal no ha sido eficaz<\/strong> en lo que se refiere al dise\u00f1o de los carriles bici que han motivado la queja.<\/p>\n\n\n\n<p>Por todo lo expuesto, la defensor\u00eda recomienda que <strong>se modifique el trazado de los carriles bici que transcurren por encima de la acera<\/strong> y, de forma prioritaria, que ejecute los trabajos de reurbanizaci\u00f3n en los tramos donde hay paradas de autob\u00fas, como es el caso de este tramo de la calle Marina.<\/p>\n","protected":false},"excerpt":{"rendered":"<p>La defensor\u00eda resuelve una queja por unas v\u00edas ciclistas que pasan por detr\u00e1s de cuatro paradas de bus en el Eixample. En el mismo barrio, se registr\u00f3 un atropello de [&hellip;]<\/p>\n","protected":false},"author":2,"featured_media":40951,"comment_status":"closed","ping_status":"closed","sticky":false,"template":"","format":"standard","meta":{"_acf_changed":false,"footnotes":""},"tags":[],"drets":[1477,1593],"class_list":["post-40986","post","type-post","status-publish","format-standard","has-post-thumbnail","hentry","drets-ciudad-habitable-y-sostenible","drets-derecho-a-la-movilidad"],"acf":[],"yoast_head":"<!-- This site is optimized with the Yoast SEO plugin v27.5 - https:\/\/yoast.com\/product\/yoast-seo-wordpress\/ -->\n<title>La Sindicatura considera que es necesario continuar eliminando los carriles bici de las aceras, ya que son un riesgo para los y las peatones - Sindicatura de Greuges de Barcelona<\/title>\n<meta name=\"description\" content=\"La\u00a0defensor\u00eda\u00a0resuelve\u00a0una queja por unas v\u00edas ciclistas que pasan por detr\u00e1s de cuatro paradas de bus en el Distrito del Eixample.\" \/>\n<meta name=\"robots\" content=\"index, follow, max-snippet:-1, max-image-preview:large, max-video-preview:-1\" \/>\n<link rel=\"canonical\" href=\"https:\/\/www.sindicaturabarcelona.cat\/es\/la-sindicatura-considera-que-cal-continuar-eliminant-els-carrils-bici-de-les-voreres-ja-que-son-un-risc-per-als-i-les-vianants\/\" \/>\n<meta property=\"og:locale\" content=\"es_ES\" \/>\n<meta property=\"og:type\" content=\"article\" \/>\n<meta property=\"og:title\" content=\"La Sindicatura considera que es necesario continuar eliminando los carriles bici de las aceras, ya que son un riesgo para los y las peatones - Sindicatura de Greuges de Barcelona\" \/>\n<meta property=\"og:description\" content=\"La\u00a0defensor\u00eda\u00a0resuelve\u00a0una queja por unas v\u00edas ciclistas que pasan por detr\u00e1s de cuatro paradas de bus en el Distrito del Eixample.\" \/>\n<meta property=\"og:url\" content=\"https:\/\/www.sindicaturabarcelona.cat\/es\/la-sindicatura-considera-que-cal-continuar-eliminant-els-carrils-bici-de-les-voreres-ja-que-son-un-risc-per-als-i-les-vianants\/\" \/>\n<meta property=\"og:site_name\" content=\"Sindicatura de Greuges de Barcelona\" \/>\n<meta property=\"article:published_time\" content=\"2025-12-29T08:14:19+00:00\" \/>\n<meta property=\"article:modified_time\" content=\"2025-12-30T09:18:53+00:00\" \/>\n<meta property=\"og:image\" content=\"https:\/\/www.sindicaturabarcelona.cat\/wp-content\/uploads\/un-ciclista-circula-amb-la-seva-bicic.jpg\" \/>\n\t<meta property=\"og:image:width\" content=\"2000\" \/>\n\t<meta property=\"og:image:height\" content=\"1336\" \/>\n\t<meta property=\"og:image:type\" content=\"image\/jpeg\" \/>\n<meta name=\"author\" content=\"Pablo\" \/>\n<meta name=\"twitter:card\" content=\"summary_large_image\" \/>\n<meta name=\"twitter:creator\" content=\"@sindicbarcelona\" \/>\n<meta name=\"twitter:site\" content=\"@sindicbarcelona\" \/>\n<meta name=\"twitter:label1\" content=\"Escrito por\" \/>\n\t<meta name=\"twitter:data1\" content=\"Pablo\" \/>\n\t<meta name=\"twitter:label2\" content=\"Tiempo de lectura\" \/>\n\t<meta name=\"twitter:data2\" content=\"5 minutos\" \/>\n<script type=\"application\/ld+json\" class=\"yoast-schema-graph\">{\"@context\":\"https:\\\/\\\/schema.org\",\"@graph\":[{\"@type\":\"Article\",\"@id\":\"https:\\\/\\\/www.sindicaturabarcelona.cat\\\/es\\\/la-sindicatura-considera-que-cal-continuar-eliminant-els-carrils-bici-de-les-voreres-ja-que-son-un-risc-per-als-i-les-vianants\\\/#article\",\"isPartOf\":{\"@id\":\"https:\\\/\\\/www.sindicaturabarcelona.cat\\\/es\\\/la-sindicatura-considera-que-cal-continuar-eliminant-els-carrils-bici-de-les-voreres-ja-que-son-un-risc-per-als-i-les-vianants\\\/\"},\"author\":{\"name\":\"Pablo\",\"@id\":\"https:\\\/\\\/www.sindicaturabarcelona.cat\\\/es\\\/#\\\/schema\\\/person\\\/0e5acffc350ffdbc97578159322c9452\"},\"headline\":\"La Sindicatura considera que es necesario continuar eliminando los carriles bici de las aceras, ya que son un riesgo para los y las peatones\",\"datePublished\":\"2025-12-29T08:14:19+00:00\",\"dateModified\":\"2025-12-30T09:18:53+00:00\",\"mainEntityOfPage\":{\"@id\":\"https:\\\/\\\/www.sindicaturabarcelona.cat\\\/es\\\/la-sindicatura-considera-que-cal-continuar-eliminant-els-carrils-bici-de-les-voreres-ja-que-son-un-risc-per-als-i-les-vianants\\\/\"},\"wordCount\":889,\"publisher\":{\"@id\":\"https:\\\/\\\/www.sindicaturabarcelona.cat\\\/es\\\/#organization\"},\"image\":{\"@id\":\"https:\\\/\\\/www.sindicaturabarcelona.cat\\\/es\\\/la-sindicatura-considera-que-cal-continuar-eliminant-els-carrils-bici-de-les-voreres-ja-que-son-un-risc-per-als-i-les-vianants\\\/#primaryimage\"},\"thumbnailUrl\":\"https:\\\/\\\/www.sindicaturabarcelona.cat\\\/wp-content\\\/uploads\\\/un-ciclista-circula-amb-la-seva-bicic.jpg\",\"inLanguage\":\"es\"},{\"@type\":\"WebPage\",\"@id\":\"https:\\\/\\\/www.sindicaturabarcelona.cat\\\/es\\\/la-sindicatura-considera-que-cal-continuar-eliminant-els-carrils-bici-de-les-voreres-ja-que-son-un-risc-per-als-i-les-vianants\\\/\",\"url\":\"https:\\\/\\\/www.sindicaturabarcelona.cat\\\/es\\\/la-sindicatura-considera-que-cal-continuar-eliminant-els-carrils-bici-de-les-voreres-ja-que-son-un-risc-per-als-i-les-vianants\\\/\",\"name\":\"La Sindicatura considera que es necesario continuar eliminando los carriles bici de las aceras, ya que son un riesgo para los y las peatones - Sindicatura de Greuges de Barcelona\",\"isPartOf\":{\"@id\":\"https:\\\/\\\/www.sindicaturabarcelona.cat\\\/es\\\/#website\"},\"primaryImageOfPage\":{\"@id\":\"https:\\\/\\\/www.sindicaturabarcelona.cat\\\/es\\\/la-sindicatura-considera-que-cal-continuar-eliminant-els-carrils-bici-de-les-voreres-ja-que-son-un-risc-per-als-i-les-vianants\\\/#primaryimage\"},\"image\":{\"@id\":\"https:\\\/\\\/www.sindicaturabarcelona.cat\\\/es\\\/la-sindicatura-considera-que-cal-continuar-eliminant-els-carrils-bici-de-les-voreres-ja-que-son-un-risc-per-als-i-les-vianants\\\/#primaryimage\"},\"thumbnailUrl\":\"https:\\\/\\\/www.sindicaturabarcelona.cat\\\/wp-content\\\/uploads\\\/un-ciclista-circula-amb-la-seva-bicic.jpg\",\"datePublished\":\"2025-12-29T08:14:19+00:00\",\"dateModified\":\"2025-12-30T09:18:53+00:00\",\"description\":\"La\u00a0defensor\u00eda\u00a0resuelve\u00a0una queja por unas v\u00edas ciclistas que pasan por detr\u00e1s de cuatro paradas de bus en el Distrito del Eixample.\",\"breadcrumb\":{\"@id\":\"https:\\\/\\\/www.sindicaturabarcelona.cat\\\/es\\\/la-sindicatura-considera-que-cal-continuar-eliminant-els-carrils-bici-de-les-voreres-ja-que-son-un-risc-per-als-i-les-vianants\\\/#breadcrumb\"},\"inLanguage\":\"es\",\"potentialAction\":[{\"@type\":\"ReadAction\",\"target\":[\"https:\\\/\\\/www.sindicaturabarcelona.cat\\\/es\\\/la-sindicatura-considera-que-cal-continuar-eliminant-els-carrils-bici-de-les-voreres-ja-que-son-un-risc-per-als-i-les-vianants\\\/\"]}]},{\"@type\":\"ImageObject\",\"inLanguage\":\"es\",\"@id\":\"https:\\\/\\\/www.sindicaturabarcelona.cat\\\/es\\\/la-sindicatura-considera-que-cal-continuar-eliminant-els-carrils-bici-de-les-voreres-ja-que-son-un-risc-per-als-i-les-vianants\\\/#primaryimage\",\"url\":\"https:\\\/\\\/www.sindicaturabarcelona.cat\\\/wp-content\\\/uploads\\\/un-ciclista-circula-amb-la-seva-bicic.jpg\",\"contentUrl\":\"https:\\\/\\\/www.sindicaturabarcelona.cat\\\/wp-content\\\/uploads\\\/un-ciclista-circula-amb-la-seva-bicic.jpg\",\"width\":2000,\"height\":1336},{\"@type\":\"BreadcrumbList\",\"@id\":\"https:\\\/\\\/www.sindicaturabarcelona.cat\\\/es\\\/la-sindicatura-considera-que-cal-continuar-eliminant-els-carrils-bici-de-les-voreres-ja-que-son-un-risc-per-als-i-les-vianants\\\/#breadcrumb\",\"itemListElement\":[{\"@type\":\"ListItem\",\"position\":1,\"name\":\"Inici\",\"item\":\"https:\\\/\\\/www.sindicaturabarcelona.cat\\\/es\\\/\"},{\"@type\":\"ListItem\",\"position\":2,\"name\":\"La Sindicatura considera que es necesario continuar eliminando los carriles bici de las aceras, ya que son un riesgo para los y las peatones\"}]},{\"@type\":\"WebSite\",\"@id\":\"https:\\\/\\\/www.sindicaturabarcelona.cat\\\/es\\\/#website\",\"url\":\"https:\\\/\\\/www.sindicaturabarcelona.cat\\\/es\\\/\",\"name\":\"Sindicatura de Greuges de Barcelona\",\"description\":\"La defensoria dels teus drets\",\"publisher\":{\"@id\":\"https:\\\/\\\/www.sindicaturabarcelona.cat\\\/es\\\/#organization\"},\"potentialAction\":[{\"@type\":\"SearchAction\",\"target\":{\"@type\":\"EntryPoint\",\"urlTemplate\":\"https:\\\/\\\/www.sindicaturabarcelona.cat\\\/es\\\/?s={search_term_string}\"},\"query-input\":{\"@type\":\"PropertyValueSpecification\",\"valueRequired\":true,\"valueName\":\"search_term_string\"}}],\"inLanguage\":\"es\"},{\"@type\":\"Organization\",\"@id\":\"https:\\\/\\\/www.sindicaturabarcelona.cat\\\/es\\\/#organization\",\"name\":\"Sindicatura de Greuges de Barcelona\",\"url\":\"https:\\\/\\\/www.sindicaturabarcelona.cat\\\/es\\\/\",\"logo\":{\"@type\":\"ImageObject\",\"inLanguage\":\"es\",\"@id\":\"https:\\\/\\\/www.sindicaturabarcelona.cat\\\/es\\\/#\\\/schema\\\/logo\\\/image\\\/\",\"url\":\"https:\\\/\\\/www.sindicaturabarcelona.cat\\\/wp-content\\\/uploads\\\/2023\\\/02\\\/logo_sindicatura.svg\",\"contentUrl\":\"https:\\\/\\\/www.sindicaturabarcelona.cat\\\/wp-content\\\/uploads\\\/2023\\\/02\\\/logo_sindicatura.svg\",\"caption\":\"Sindicatura de Greuges de Barcelona\"},\"image\":{\"@id\":\"https:\\\/\\\/www.sindicaturabarcelona.cat\\\/es\\\/#\\\/schema\\\/logo\\\/image\\\/\"},\"sameAs\":[\"https:\\\/\\\/x.com\\\/sindicbarcelona\",\"https:\\\/\\\/www.instagram.com\\\/sindicbarcelona\\\/\",\"https:\\\/\\\/www.tiktok.com\\\/@sindicaturabcn\",\"https:\\\/\\\/t.me\\\/sindicaturabarcelona\"]},{\"@type\":\"Person\",\"@id\":\"https:\\\/\\\/www.sindicaturabarcelona.cat\\\/es\\\/#\\\/schema\\\/person\\\/0e5acffc350ffdbc97578159322c9452\",\"name\":\"Pablo\",\"image\":{\"@type\":\"ImageObject\",\"inLanguage\":\"es\",\"@id\":\"https:\\\/\\\/secure.gravatar.com\\\/avatar\\\/c948169b402ef9492afde705c3dfd5e90e1a6a84ef6840a91124f805a25a480f?s=96&d=mm&r=g\",\"url\":\"https:\\\/\\\/secure.gravatar.com\\\/avatar\\\/c948169b402ef9492afde705c3dfd5e90e1a6a84ef6840a91124f805a25a480f?s=96&d=mm&r=g\",\"contentUrl\":\"https:\\\/\\\/secure.gravatar.com\\\/avatar\\\/c948169b402ef9492afde705c3dfd5e90e1a6a84ef6840a91124f805a25a480f?s=96&d=mm&r=g\",\"caption\":\"Pablo\"},\"url\":\"https:\\\/\\\/www.sindicaturabarcelona.cat\\\/es\\\/author\\\/pablo\\\/\"}]}<\/script>\n<!-- \/ Yoast SEO plugin. -->","yoast_head_json":{"title":"La Sindicatura considera que es necesario continuar eliminando los carriles bici de las aceras, ya que son un riesgo para los y las peatones - Sindicatura de Greuges de Barcelona","description":"La\u00a0defensor\u00eda\u00a0resuelve\u00a0una queja por unas v\u00edas ciclistas que pasan por detr\u00e1s de cuatro paradas de bus en el Distrito del Eixample.","robots":{"index":"index","follow":"follow","max-snippet":"max-snippet:-1","max-image-preview":"max-image-preview:large","max-video-preview":"max-video-preview:-1"},"canonical":"https:\/\/www.sindicaturabarcelona.cat\/es\/la-sindicatura-considera-que-cal-continuar-eliminant-els-carrils-bici-de-les-voreres-ja-que-son-un-risc-per-als-i-les-vianants\/","og_locale":"es_ES","og_type":"article","og_title":"La Sindicatura considera que es necesario continuar eliminando los carriles bici de las aceras, ya que son un riesgo para los y las peatones - Sindicatura de Greuges de Barcelona","og_description":"La\u00a0defensor\u00eda\u00a0resuelve\u00a0una queja por unas v\u00edas ciclistas que pasan por detr\u00e1s de cuatro paradas de bus en el Distrito del Eixample.","og_url":"https:\/\/www.sindicaturabarcelona.cat\/es\/la-sindicatura-considera-que-cal-continuar-eliminant-els-carrils-bici-de-les-voreres-ja-que-son-un-risc-per-als-i-les-vianants\/","og_site_name":"Sindicatura de Greuges de Barcelona","article_published_time":"2025-12-29T08:14:19+00:00","article_modified_time":"2025-12-30T09:18:53+00:00","og_image":[{"width":2000,"height":1336,"url":"https:\/\/www.sindicaturabarcelona.cat\/wp-content\/uploads\/un-ciclista-circula-amb-la-seva-bicic.jpg","type":"image\/jpeg"}],"author":"Pablo","twitter_card":"summary_large_image","twitter_creator":"@sindicbarcelona","twitter_site":"@sindicbarcelona","twitter_misc":{"Escrito por":"Pablo","Tiempo de lectura":"5 minutos"},"schema":{"@context":"https:\/\/schema.org","@graph":[{"@type":"Article","@id":"https:\/\/www.sindicaturabarcelona.cat\/es\/la-sindicatura-considera-que-cal-continuar-eliminant-els-carrils-bici-de-les-voreres-ja-que-son-un-risc-per-als-i-les-vianants\/#article","isPartOf":{"@id":"https:\/\/www.sindicaturabarcelona.cat\/es\/la-sindicatura-considera-que-cal-continuar-eliminant-els-carrils-bici-de-les-voreres-ja-que-son-un-risc-per-als-i-les-vianants\/"},"author":{"name":"Pablo","@id":"https:\/\/www.sindicaturabarcelona.cat\/es\/#\/schema\/person\/0e5acffc350ffdbc97578159322c9452"},"headline":"La Sindicatura considera que es necesario continuar eliminando los carriles bici de las aceras, ya que son un riesgo para los y las peatones","datePublished":"2025-12-29T08:14:19+00:00","dateModified":"2025-12-30T09:18:53+00:00","mainEntityOfPage":{"@id":"https:\/\/www.sindicaturabarcelona.cat\/es\/la-sindicatura-considera-que-cal-continuar-eliminant-els-carrils-bici-de-les-voreres-ja-que-son-un-risc-per-als-i-les-vianants\/"},"wordCount":889,"publisher":{"@id":"https:\/\/www.sindicaturabarcelona.cat\/es\/#organization"},"image":{"@id":"https:\/\/www.sindicaturabarcelona.cat\/es\/la-sindicatura-considera-que-cal-continuar-eliminant-els-carrils-bici-de-les-voreres-ja-que-son-un-risc-per-als-i-les-vianants\/#primaryimage"},"thumbnailUrl":"https:\/\/www.sindicaturabarcelona.cat\/wp-content\/uploads\/un-ciclista-circula-amb-la-seva-bicic.jpg","inLanguage":"es"},{"@type":"WebPage","@id":"https:\/\/www.sindicaturabarcelona.cat\/es\/la-sindicatura-considera-que-cal-continuar-eliminant-els-carrils-bici-de-les-voreres-ja-que-son-un-risc-per-als-i-les-vianants\/","url":"https:\/\/www.sindicaturabarcelona.cat\/es\/la-sindicatura-considera-que-cal-continuar-eliminant-els-carrils-bici-de-les-voreres-ja-que-son-un-risc-per-als-i-les-vianants\/","name":"La Sindicatura considera que es necesario continuar eliminando los carriles bici de las aceras, ya que son un riesgo para los y las peatones - Sindicatura de Greuges de Barcelona","isPartOf":{"@id":"https:\/\/www.sindicaturabarcelona.cat\/es\/#website"},"primaryImageOfPage":{"@id":"https:\/\/www.sindicaturabarcelona.cat\/es\/la-sindicatura-considera-que-cal-continuar-eliminant-els-carrils-bici-de-les-voreres-ja-que-son-un-risc-per-als-i-les-vianants\/#primaryimage"},"image":{"@id":"https:\/\/www.sindicaturabarcelona.cat\/es\/la-sindicatura-considera-que-cal-continuar-eliminant-els-carrils-bici-de-les-voreres-ja-que-son-un-risc-per-als-i-les-vianants\/#primaryimage"},"thumbnailUrl":"https:\/\/www.sindicaturabarcelona.cat\/wp-content\/uploads\/un-ciclista-circula-amb-la-seva-bicic.jpg","datePublished":"2025-12-29T08:14:19+00:00","dateModified":"2025-12-30T09:18:53+00:00","description":"La\u00a0defensor\u00eda\u00a0resuelve\u00a0una queja por unas v\u00edas ciclistas que pasan por detr\u00e1s de cuatro paradas de bus en el Distrito del Eixample.","breadcrumb":{"@id":"https:\/\/www.sindicaturabarcelona.cat\/es\/la-sindicatura-considera-que-cal-continuar-eliminant-els-carrils-bici-de-les-voreres-ja-que-son-un-risc-per-als-i-les-vianants\/#breadcrumb"},"inLanguage":"es","potentialAction":[{"@type":"ReadAction","target":["https:\/\/www.sindicaturabarcelona.cat\/es\/la-sindicatura-considera-que-cal-continuar-eliminant-els-carrils-bici-de-les-voreres-ja-que-son-un-risc-per-als-i-les-vianants\/"]}]},{"@type":"ImageObject","inLanguage":"es","@id":"https:\/\/www.sindicaturabarcelona.cat\/es\/la-sindicatura-considera-que-cal-continuar-eliminant-els-carrils-bici-de-les-voreres-ja-que-son-un-risc-per-als-i-les-vianants\/#primaryimage","url":"https:\/\/www.sindicaturabarcelona.cat\/wp-content\/uploads\/un-ciclista-circula-amb-la-seva-bicic.jpg","contentUrl":"https:\/\/www.sindicaturabarcelona.cat\/wp-content\/uploads\/un-ciclista-circula-amb-la-seva-bicic.jpg","width":2000,"height":1336},{"@type":"BreadcrumbList","@id":"https:\/\/www.sindicaturabarcelona.cat\/es\/la-sindicatura-considera-que-cal-continuar-eliminant-els-carrils-bici-de-les-voreres-ja-que-son-un-risc-per-als-i-les-vianants\/#breadcrumb","itemListElement":[{"@type":"ListItem","position":1,"name":"Inici","item":"https:\/\/www.sindicaturabarcelona.cat\/es\/"},{"@type":"ListItem","position":2,"name":"La Sindicatura considera que es necesario continuar eliminando los carriles bici de las aceras, ya que son un riesgo para los y las peatones"}]},{"@type":"WebSite","@id":"https:\/\/www.sindicaturabarcelona.cat\/es\/#website","url":"https:\/\/www.sindicaturabarcelona.cat\/es\/","name":"Sindicatura de Greuges de Barcelona","description":"La defensoria dels teus drets","publisher":{"@id":"https:\/\/www.sindicaturabarcelona.cat\/es\/#organization"},"potentialAction":[{"@type":"SearchAction","target":{"@type":"EntryPoint","urlTemplate":"https:\/\/www.sindicaturabarcelona.cat\/es\/?s={search_term_string}"},"query-input":{"@type":"PropertyValueSpecification","valueRequired":true,"valueName":"search_term_string"}}],"inLanguage":"es"},{"@type":"Organization","@id":"https:\/\/www.sindicaturabarcelona.cat\/es\/#organization","name":"Sindicatura de Greuges de Barcelona","url":"https:\/\/www.sindicaturabarcelona.cat\/es\/","logo":{"@type":"ImageObject","inLanguage":"es","@id":"https:\/\/www.sindicaturabarcelona.cat\/es\/#\/schema\/logo\/image\/","url":"https:\/\/www.sindicaturabarcelona.cat\/wp-content\/uploads\/2023\/02\/logo_sindicatura.svg","contentUrl":"https:\/\/www.sindicaturabarcelona.cat\/wp-content\/uploads\/2023\/02\/logo_sindicatura.svg","caption":"Sindicatura de Greuges de Barcelona"},"image":{"@id":"https:\/\/www.sindicaturabarcelona.cat\/es\/#\/schema\/logo\/image\/"},"sameAs":["https:\/\/x.com\/sindicbarcelona","https:\/\/www.instagram.com\/sindicbarcelona\/","https:\/\/www.tiktok.com\/@sindicaturabcn","https:\/\/t.me\/sindicaturabarcelona"]},{"@type":"Person","@id":"https:\/\/www.sindicaturabarcelona.cat\/es\/#\/schema\/person\/0e5acffc350ffdbc97578159322c9452","name":"Pablo","image":{"@type":"ImageObject","inLanguage":"es","@id":"https:\/\/secure.gravatar.com\/avatar\/c948169b402ef9492afde705c3dfd5e90e1a6a84ef6840a91124f805a25a480f?s=96&d=mm&r=g","url":"https:\/\/secure.gravatar.com\/avatar\/c948169b402ef9492afde705c3dfd5e90e1a6a84ef6840a91124f805a25a480f?s=96&d=mm&r=g","contentUrl":"https:\/\/secure.gravatar.com\/avatar\/c948169b402ef9492afde705c3dfd5e90e1a6a84ef6840a91124f805a25a480f?s=96&d=mm&r=g","caption":"Pablo"},"url":"https:\/\/www.sindicaturabarcelona.cat\/es\/author\/pablo\/"}]}},"_links":{"self":[{"href":"https:\/\/www.sindicaturabarcelona.cat\/es\/wp-json\/wp\/v2\/posts\/40986","targetHints":{"allow":["GET"]}}],"collection":[{"href":"https:\/\/www.sindicaturabarcelona.cat\/es\/wp-json\/wp\/v2\/posts"}],"about":[{"href":"https:\/\/www.sindicaturabarcelona.cat\/es\/wp-json\/wp\/v2\/types\/post"}],"author":[{"embeddable":true,"href":"https:\/\/www.sindicaturabarcelona.cat\/es\/wp-json\/wp\/v2\/users\/2"}],"replies":[{"embeddable":true,"href":"https:\/\/www.sindicaturabarcelona.cat\/es\/wp-json\/wp\/v2\/comments?post=40986"}],"version-history":[{"count":3,"href":"https:\/\/www.sindicaturabarcelona.cat\/es\/wp-json\/wp\/v2\/posts\/40986\/revisions"}],"predecessor-version":[{"id":40991,"href":"https:\/\/www.sindicaturabarcelona.cat\/es\/wp-json\/wp\/v2\/posts\/40986\/revisions\/40991"}],"wp:featuredmedia":[{"embeddable":true,"href":"https:\/\/www.sindicaturabarcelona.cat\/es\/wp-json\/wp\/v2\/media\/40951"}],"wp:attachment":[{"href":"https:\/\/www.sindicaturabarcelona.cat\/es\/wp-json\/wp\/v2\/media?parent=40986"}],"wp:term":[{"taxonomy":"post_tag","embeddable":true,"href":"https:\/\/www.sindicaturabarcelona.cat\/es\/wp-json\/wp\/v2\/tags?post=40986"},{"taxonomy":"drets","embeddable":true,"href":"https:\/\/www.sindicaturabarcelona.cat\/es\/wp-json\/wp\/v2\/drets?post=40986"}],"curies":[{"name":"wp","href":"https:\/\/api.w.org\/{rel}","templated":true}]}}