{"id":40743,"date":"2025-12-10T09:15:16","date_gmt":"2025-12-10T07:15:16","guid":{"rendered":"https:\/\/www.sindicaturabarcelona.cat\/la-sindicatura-convoca-el-premi-internacional-dret-a-la-ciutat-i-bones-practiques\/"},"modified":"2025-12-11T11:23:00","modified_gmt":"2025-12-11T09:23:00","slug":"la-sindicatura-convoca-el-premi-internacional-dret-a-la-ciutat-i-bones-practiques","status":"publish","type":"post","link":"https:\/\/www.sindicaturabarcelona.cat\/es\/la-sindicatura-convoca-el-premi-internacional-dret-a-la-ciutat-i-bones-practiques\/","title":{"rendered":"La Sindicatura convoca el Premio Internacional Derecho a la Ciudad y Buenas Pr\u00e1cticas"},"content":{"rendered":"\n<p>La defensor\u00eda de la ciudad, coincidiendo con el <a href=\"https:\/\/www.un.org\/es\/observances\/human-rights-day\" target=\"_blank\" rel=\"noreferrer noopener\">D\u00eda de los Derechos Humanos<\/a>, convoca la primera edici\u00f3n del galard\u00f3n Derecho en la Ciudad y Buenas Pr\u00e1cticas, dirigido a sindicaturas de greuges, defensor\u00edas e instituciones de \u00f3mbudspersons de todo el mundo, para <strong>proyectos, iniciativas o actuaciones innovadoras que hacen realidad los derechos<\/strong> <strong>de proximidad<\/strong>. El per\u00edodo de inscripciones se abrir\u00e1 pr\u00f3ximamente y se anunciar\u00e1 por los canales habituales de la Sindicatura.<\/p>\n\n\n\n<p>El objetivo de este galard\u00f3n es reconocer y destacar las buenas pr\u00e1cticas que se est\u00e1n implementando a nivel local que contribuyen a la defensa y promoci\u00f3n del derecho a la ciudad. Este derecho debe permitir que toda la ciudadan\u00eda, incluidas las personas que se encuentran en el municipio sin ser residentes, utilice, ocupe y produzca ciudades justas, inclusivas y sostenibles.<\/p>\n\n\n\n<p>El premio tambi\u00e9n tiene una <strong>finalidad solidaria<\/strong>, puesto que la <strong>dotaci\u00f3n econ\u00f3mica<\/strong> del galard\u00f3n ir\u00e1 <strong>destinada a una asociaci\u00f3n o entidad local<\/strong>, que elegir\u00e1 la candidatura ganadora. El jurado estar\u00e1 formado por personas y representantes de entidades sociales de reconocido prestigio expertas en el Derecho a la Ciudad y los derechos humanos de proximidad, adem\u00e1s del s\u00edndic de greuges de Barcelona, \u200b\u200b<strong>David Bondia<\/strong>.<\/p>\n\n\n\n<p>Para reflejar los pilares de una ciudad democr\u00e1tica y respetuosa con la diversidad, el premio internacional se articula en las cuatro categor\u00edas siguientes:<\/p>\n\n\n\n<ul class=\"wp-block-list\">\n<li><strong>Categor\u00eda <\/strong><a href=\"https:\/\/www.sindicaturabarcelona.cat\/es\/drets\/ciudad-equitativa\/\" target=\"_blank\" rel=\"noreferrer noopener\"><strong>Ciudad Equitativa<\/strong><\/a><strong>:<\/strong> para iniciativas que aseguren el acceso universal a los servicios b\u00e1sicos y reducen desigualdades.<\/li>\n<\/ul>\n\n\n\n<ul class=\"wp-block-list\">\n<li><strong>Categor\u00eda <\/strong><a href=\"https:\/\/www.sindicaturabarcelona.cat\/es\/drets\/ciudad-habitable-y-sostenible\/\" target=\"_blank\" rel=\"noreferrer noopener\"><strong>Ciudad Habitable y Sostenible<\/strong><\/a><strong>:<\/strong> para proyectos que garantizan un entorno saludable, inclusivo y respetuoso con el medio ambiente.<\/li>\n<\/ul>\n\n\n\n<ul class=\"wp-block-list\">\n<li><strong>Categor\u00eda <\/strong><a href=\"https:\/\/www.sindicaturabarcelona.cat\/es\/drets\/ciudad-garantista\/\" target=\"_blank\" rel=\"noreferrer noopener\"><strong>Ciudad Garantista<\/strong><\/a><strong>:<\/strong> para acciones que refuercen la protecci\u00f3n de los derechos, la transparencia y la participaci\u00f3n ciudadana.<\/li>\n<\/ul>\n\n\n\n<ul class=\"wp-block-list\">\n<li><strong>Categor\u00eda <\/strong><a href=\"https:\/\/www.sindicaturabarcelona.cat\/es\/drets\/ciudad-habitable-y-sostenible\/\" target=\"_blank\" rel=\"noreferrer noopener\"><strong>Ciudad Diversa<\/strong><\/a><strong>:<\/strong> para experiencias que promueven la convivencia y valoran la pluralidad como motor de cohesi\u00f3n social.<\/li>\n<\/ul>\n\n\n\n<p>La concesi\u00f3n de los premios se har\u00e1 p\u00fablica el <strong>15 de julio de 2026<\/strong> y la entrega tendr\u00e1 lugar en un acto oficial en Barcelona durante el <strong>31 de octubre de 2026<\/strong>, en el marco del D\u00eda Internacional del Derecho en la Ciudad.<\/p>\n\n\n\n<p>Con esta <strong>iniciativa, <\/strong><a href=\"https:\/\/www.ombudsman.europa.eu\/en\/event-document\/es\/212778\" target=\"_blank\" rel=\"noreferrer noopener\"><strong>casi in\u00e9dita a escala europea<\/strong><\/a>, la Sindicatura de Greuges de Barcelona refuerza su papel de colaboraci\u00f3n con instituciones de \u00f3mbudspersons de todo el mundo. La defensor\u00eda de la ciudad actualmente es miembro de la Alianza Global del Ombudsperson Local (AGOL), de la que el s\u00edndic, David Bondia, <a href=\"https:\/\/www.sindicaturabarcelona.cat\/es\/el-sindic-de-greuges-de-barcelona-nou-president-de-lalianza-global-del-ombudsperson-local-agol\/\" target=\"_blank\" rel=\"noreferrer noopener\">es su presidente<\/a>, y del International Ombudsman Institute (IOI).<\/p>\n","protected":false},"excerpt":{"rendered":"<p>La defensor\u00eda de la ciudad, coincidiendo con el D\u00eda de los Derechos Humanos, convoca la primera edici\u00f3n del galard\u00f3n Derecho en la Ciudad y Buenas Pr\u00e1cticas, dirigido a sindicaturas de [&hellip;]<\/p>\n","protected":false},"author":2,"featured_media":40811,"comment_status":"closed","ping_status":"closed","sticky":false,"template":"","format":"standard","meta":{"_acf_changed":false,"footnotes":""},"tags":[],"drets":[1675,1475,1476,1575,1579,1578,1576,1580,1577,1581,1582,1583,1477,1591,1514,1592,1593,1594,1595,1596,1590,1586,1588,1587,1589,1584,1585,1648,1664,1669,1567,1571,1572,1570,1573,1568,1574,1569],"class_list":["post-40743","post","type-post","status-publish","format-standard","has-post-thumbnail","hentry","drets-derechos-religiosos","drets-ciudad-equitativa","drets-derecho-a-los-servicios-de-proteccion-social","drets-derecho-a-la-educacion-y-al-ocio","drets-derecho-a-la-salud","drets-derechos-culturales","drets-derecho-al-deporte","drets-derecho-al-trabajo","drets-derecho-a-la-vivienda","drets-derechos-de-acogida","drets-derecho-a-una-vida-libre-de-violencias","drets-ciudad-garantista","drets-ciudad-habitable-y-sostenible","drets-derecho-a-un-urbanismo-harmonioso","drets-derecho-a-una-convivencia-pacifica","drets-derecho-al-medio-ambiente","drets-derecho-a-la-movilidad","drets-derecho-al-espacio-publico","drets-derecho-a-la-accesibilidad-y-la-inclusividad","drets-derecho-al-descanso","drets-derecho-al-bienestar-animal","drets-derecho-a-una-buena-administracion","drets-derechos-digitales","drets-derechos-de-las-personas-consumidoras","drets-derechos-funerarios","drets-derecho-a-la-seguridad-ciudadana","drets-derecho-al-empadronamiento","drets-derecho-a-la-informacion","drets-dret-a-la-memoria-democratica-es","drets-derecho-a-la-integridad","drets-ciudad-diversa","drets-derechos-de-la-infancia-y-la-adolescencia","drets-derechos-de-la-juventud","drets-derechos-de-la-gente-mayor","drets-derechos-de-participacion","drets-derecho-a-la-igualdad-y-a-la-diversidad","drets-derechos-linguisticos","drets-derecho-a-los-cuidados"],"acf":[],"yoast_head":"<!-- This site is optimized with the Yoast SEO plugin v27.5 - https:\/\/yoast.com\/product\/yoast-seo-wordpress\/ -->\n<title>La Sindicatura convoca el Premio Internacional Derecho a la Ciudad y Buenas Pr\u00e1cticas - Sindicatura de Greuges de Barcelona<\/title>\n<meta name=\"description\" content=\"El objetivo es reconocer proyectos, iniciativas o actuaciones innovadoras que se est\u00e1n implementando a nivel local en todo el mundo.\" \/>\n<meta name=\"robots\" content=\"index, follow, max-snippet:-1, max-image-preview:large, max-video-preview:-1\" \/>\n<link rel=\"canonical\" href=\"https:\/\/www.sindicaturabarcelona.cat\/es\/la-sindicatura-convoca-el-premi-internacional-dret-a-la-ciutat-i-bones-practiques\/\" \/>\n<meta property=\"og:locale\" content=\"es_ES\" \/>\n<meta property=\"og:type\" content=\"article\" \/>\n<meta property=\"og:title\" content=\"La Sindicatura convoca el Premio Internacional Derecho a la Ciudad y Buenas Pr\u00e1cticas - Sindicatura de Greuges de Barcelona\" \/>\n<meta property=\"og:description\" content=\"El objetivo es reconocer proyectos, iniciativas o actuaciones innovadoras que se est\u00e1n implementando a nivel local en todo el mundo.\" \/>\n<meta property=\"og:url\" content=\"https:\/\/www.sindicaturabarcelona.cat\/es\/la-sindicatura-convoca-el-premi-internacional-dret-a-la-ciutat-i-bones-practiques\/\" \/>\n<meta property=\"og:site_name\" content=\"Sindicatura de Greuges de Barcelona\" \/>\n<meta property=\"article:published_time\" content=\"2025-12-10T07:15:16+00:00\" \/>\n<meta property=\"article:modified_time\" content=\"2025-12-11T09:23:00+00:00\" \/>\n<meta property=\"og:image\" content=\"https:\/\/www.sindicaturabarcelona.cat\/wp-content\/uploads\/20251203-Drets-Premi_CAS.jpg\" \/>\n\t<meta property=\"og:image:width\" content=\"2516\" \/>\n\t<meta property=\"og:image:height\" content=\"1790\" \/>\n\t<meta property=\"og:image:type\" content=\"image\/jpeg\" \/>\n<meta name=\"author\" content=\"Pablo\" \/>\n<meta name=\"twitter:card\" content=\"summary_large_image\" \/>\n<meta name=\"twitter:creator\" content=\"@sindicbarcelona\" \/>\n<meta name=\"twitter:site\" content=\"@sindicbarcelona\" \/>\n<meta name=\"twitter:label1\" content=\"Escrito por\" \/>\n\t<meta name=\"twitter:data1\" content=\"Pablo\" \/>\n\t<meta name=\"twitter:label2\" content=\"Tiempo de lectura\" \/>\n\t<meta name=\"twitter:data2\" content=\"3 minutos\" \/>\n<script type=\"application\/ld+json\" class=\"yoast-schema-graph\">{\"@context\":\"https:\\\/\\\/schema.org\",\"@graph\":[{\"@type\":\"Article\",\"@id\":\"https:\\\/\\\/www.sindicaturabarcelona.cat\\\/es\\\/la-sindicatura-convoca-el-premi-internacional-dret-a-la-ciutat-i-bones-practiques\\\/#article\",\"isPartOf\":{\"@id\":\"https:\\\/\\\/www.sindicaturabarcelona.cat\\\/es\\\/la-sindicatura-convoca-el-premi-internacional-dret-a-la-ciutat-i-bones-practiques\\\/\"},\"author\":{\"name\":\"Pablo\",\"@id\":\"https:\\\/\\\/www.sindicaturabarcelona.cat\\\/es\\\/#\\\/schema\\\/person\\\/0e5acffc350ffdbc97578159322c9452\"},\"headline\":\"La Sindicatura convoca el Premio Internacional Derecho a la Ciudad y Buenas Pr\u00e1cticas\",\"datePublished\":\"2025-12-10T07:15:16+00:00\",\"dateModified\":\"2025-12-11T09:23:00+00:00\",\"mainEntityOfPage\":{\"@id\":\"https:\\\/\\\/www.sindicaturabarcelona.cat\\\/es\\\/la-sindicatura-convoca-el-premi-internacional-dret-a-la-ciutat-i-bones-practiques\\\/\"},\"wordCount\":437,\"publisher\":{\"@id\":\"https:\\\/\\\/www.sindicaturabarcelona.cat\\\/es\\\/#organization\"},\"image\":{\"@id\":\"https:\\\/\\\/www.sindicaturabarcelona.cat\\\/es\\\/la-sindicatura-convoca-el-premi-internacional-dret-a-la-ciutat-i-bones-practiques\\\/#primaryimage\"},\"thumbnailUrl\":\"https:\\\/\\\/www.sindicaturabarcelona.cat\\\/wp-content\\\/uploads\\\/20251203-Drets-Premi_CAS.jpg\",\"inLanguage\":\"es\"},{\"@type\":\"WebPage\",\"@id\":\"https:\\\/\\\/www.sindicaturabarcelona.cat\\\/es\\\/la-sindicatura-convoca-el-premi-internacional-dret-a-la-ciutat-i-bones-practiques\\\/\",\"url\":\"https:\\\/\\\/www.sindicaturabarcelona.cat\\\/es\\\/la-sindicatura-convoca-el-premi-internacional-dret-a-la-ciutat-i-bones-practiques\\\/\",\"name\":\"La Sindicatura convoca el Premio Internacional Derecho a la Ciudad y Buenas Pr\u00e1cticas - Sindicatura de Greuges de Barcelona\",\"isPartOf\":{\"@id\":\"https:\\\/\\\/www.sindicaturabarcelona.cat\\\/es\\\/#website\"},\"primaryImageOfPage\":{\"@id\":\"https:\\\/\\\/www.sindicaturabarcelona.cat\\\/es\\\/la-sindicatura-convoca-el-premi-internacional-dret-a-la-ciutat-i-bones-practiques\\\/#primaryimage\"},\"image\":{\"@id\":\"https:\\\/\\\/www.sindicaturabarcelona.cat\\\/es\\\/la-sindicatura-convoca-el-premi-internacional-dret-a-la-ciutat-i-bones-practiques\\\/#primaryimage\"},\"thumbnailUrl\":\"https:\\\/\\\/www.sindicaturabarcelona.cat\\\/wp-content\\\/uploads\\\/20251203-Drets-Premi_CAS.jpg\",\"datePublished\":\"2025-12-10T07:15:16+00:00\",\"dateModified\":\"2025-12-11T09:23:00+00:00\",\"description\":\"El objetivo es reconocer proyectos, iniciativas o actuaciones innovadoras que se est\u00e1n implementando a nivel local en todo el mundo.\",\"breadcrumb\":{\"@id\":\"https:\\\/\\\/www.sindicaturabarcelona.cat\\\/es\\\/la-sindicatura-convoca-el-premi-internacional-dret-a-la-ciutat-i-bones-practiques\\\/#breadcrumb\"},\"inLanguage\":\"es\",\"potentialAction\":[{\"@type\":\"ReadAction\",\"target\":[\"https:\\\/\\\/www.sindicaturabarcelona.cat\\\/es\\\/la-sindicatura-convoca-el-premi-internacional-dret-a-la-ciutat-i-bones-practiques\\\/\"]}]},{\"@type\":\"ImageObject\",\"inLanguage\":\"es\",\"@id\":\"https:\\\/\\\/www.sindicaturabarcelona.cat\\\/es\\\/la-sindicatura-convoca-el-premi-internacional-dret-a-la-ciutat-i-bones-practiques\\\/#primaryimage\",\"url\":\"https:\\\/\\\/www.sindicaturabarcelona.cat\\\/wp-content\\\/uploads\\\/20251203-Drets-Premi_CAS.jpg\",\"contentUrl\":\"https:\\\/\\\/www.sindicaturabarcelona.cat\\\/wp-content\\\/uploads\\\/20251203-Drets-Premi_CAS.jpg\",\"width\":2516,\"height\":1790},{\"@type\":\"BreadcrumbList\",\"@id\":\"https:\\\/\\\/www.sindicaturabarcelona.cat\\\/es\\\/la-sindicatura-convoca-el-premi-internacional-dret-a-la-ciutat-i-bones-practiques\\\/#breadcrumb\",\"itemListElement\":[{\"@type\":\"ListItem\",\"position\":1,\"name\":\"Inici\",\"item\":\"https:\\\/\\\/www.sindicaturabarcelona.cat\\\/es\\\/\"},{\"@type\":\"ListItem\",\"position\":2,\"name\":\"La Sindicatura convoca el Premio Internacional Derecho a la Ciudad y Buenas Pr\u00e1cticas\"}]},{\"@type\":\"WebSite\",\"@id\":\"https:\\\/\\\/www.sindicaturabarcelona.cat\\\/es\\\/#website\",\"url\":\"https:\\\/\\\/www.sindicaturabarcelona.cat\\\/es\\\/\",\"name\":\"Sindicatura de Greuges de Barcelona\",\"description\":\"La defensoria dels teus drets\",\"publisher\":{\"@id\":\"https:\\\/\\\/www.sindicaturabarcelona.cat\\\/es\\\/#organization\"},\"potentialAction\":[{\"@type\":\"SearchAction\",\"target\":{\"@type\":\"EntryPoint\",\"urlTemplate\":\"https:\\\/\\\/www.sindicaturabarcelona.cat\\\/es\\\/?s={search_term_string}\"},\"query-input\":{\"@type\":\"PropertyValueSpecification\",\"valueRequired\":true,\"valueName\":\"search_term_string\"}}],\"inLanguage\":\"es\"},{\"@type\":\"Organization\",\"@id\":\"https:\\\/\\\/www.sindicaturabarcelona.cat\\\/es\\\/#organization\",\"name\":\"Sindicatura de Greuges de Barcelona\",\"url\":\"https:\\\/\\\/www.sindicaturabarcelona.cat\\\/es\\\/\",\"logo\":{\"@type\":\"ImageObject\",\"inLanguage\":\"es\",\"@id\":\"https:\\\/\\\/www.sindicaturabarcelona.cat\\\/es\\\/#\\\/schema\\\/logo\\\/image\\\/\",\"url\":\"https:\\\/\\\/www.sindicaturabarcelona.cat\\\/wp-content\\\/uploads\\\/2023\\\/02\\\/logo_sindicatura.svg\",\"contentUrl\":\"https:\\\/\\\/www.sindicaturabarcelona.cat\\\/wp-content\\\/uploads\\\/2023\\\/02\\\/logo_sindicatura.svg\",\"caption\":\"Sindicatura de Greuges de Barcelona\"},\"image\":{\"@id\":\"https:\\\/\\\/www.sindicaturabarcelona.cat\\\/es\\\/#\\\/schema\\\/logo\\\/image\\\/\"},\"sameAs\":[\"https:\\\/\\\/x.com\\\/sindicbarcelona\",\"https:\\\/\\\/www.instagram.com\\\/sindicbarcelona\\\/\",\"https:\\\/\\\/www.tiktok.com\\\/@sindicaturabcn\",\"https:\\\/\\\/t.me\\\/sindicaturabarcelona\"]},{\"@type\":\"Person\",\"@id\":\"https:\\\/\\\/www.sindicaturabarcelona.cat\\\/es\\\/#\\\/schema\\\/person\\\/0e5acffc350ffdbc97578159322c9452\",\"name\":\"Pablo\",\"image\":{\"@type\":\"ImageObject\",\"inLanguage\":\"es\",\"@id\":\"https:\\\/\\\/secure.gravatar.com\\\/avatar\\\/c948169b402ef9492afde705c3dfd5e90e1a6a84ef6840a91124f805a25a480f?s=96&d=mm&r=g\",\"url\":\"https:\\\/\\\/secure.gravatar.com\\\/avatar\\\/c948169b402ef9492afde705c3dfd5e90e1a6a84ef6840a91124f805a25a480f?s=96&d=mm&r=g\",\"contentUrl\":\"https:\\\/\\\/secure.gravatar.com\\\/avatar\\\/c948169b402ef9492afde705c3dfd5e90e1a6a84ef6840a91124f805a25a480f?s=96&d=mm&r=g\",\"caption\":\"Pablo\"},\"url\":\"https:\\\/\\\/www.sindicaturabarcelona.cat\\\/es\\\/author\\\/pablo\\\/\"}]}<\/script>\n<!-- \/ Yoast SEO plugin. -->","yoast_head_json":{"title":"La Sindicatura convoca el Premio Internacional Derecho a la Ciudad y Buenas Pr\u00e1cticas - Sindicatura de Greuges de Barcelona","description":"El objetivo es reconocer proyectos, iniciativas o actuaciones innovadoras que se est\u00e1n implementando a nivel local en todo el mundo.","robots":{"index":"index","follow":"follow","max-snippet":"max-snippet:-1","max-image-preview":"max-image-preview:large","max-video-preview":"max-video-preview:-1"},"canonical":"https:\/\/www.sindicaturabarcelona.cat\/es\/la-sindicatura-convoca-el-premi-internacional-dret-a-la-ciutat-i-bones-practiques\/","og_locale":"es_ES","og_type":"article","og_title":"La Sindicatura convoca el Premio Internacional Derecho a la Ciudad y Buenas Pr\u00e1cticas - Sindicatura de Greuges de Barcelona","og_description":"El objetivo es reconocer proyectos, iniciativas o actuaciones innovadoras que se est\u00e1n implementando a nivel local en todo el mundo.","og_url":"https:\/\/www.sindicaturabarcelona.cat\/es\/la-sindicatura-convoca-el-premi-internacional-dret-a-la-ciutat-i-bones-practiques\/","og_site_name":"Sindicatura de Greuges de Barcelona","article_published_time":"2025-12-10T07:15:16+00:00","article_modified_time":"2025-12-11T09:23:00+00:00","og_image":[{"width":2516,"height":1790,"url":"https:\/\/www.sindicaturabarcelona.cat\/wp-content\/uploads\/20251203-Drets-Premi_CAS.jpg","type":"image\/jpeg"}],"author":"Pablo","twitter_card":"summary_large_image","twitter_creator":"@sindicbarcelona","twitter_site":"@sindicbarcelona","twitter_misc":{"Escrito por":"Pablo","Tiempo de lectura":"3 minutos"},"schema":{"@context":"https:\/\/schema.org","@graph":[{"@type":"Article","@id":"https:\/\/www.sindicaturabarcelona.cat\/es\/la-sindicatura-convoca-el-premi-internacional-dret-a-la-ciutat-i-bones-practiques\/#article","isPartOf":{"@id":"https:\/\/www.sindicaturabarcelona.cat\/es\/la-sindicatura-convoca-el-premi-internacional-dret-a-la-ciutat-i-bones-practiques\/"},"author":{"name":"Pablo","@id":"https:\/\/www.sindicaturabarcelona.cat\/es\/#\/schema\/person\/0e5acffc350ffdbc97578159322c9452"},"headline":"La Sindicatura convoca el Premio Internacional Derecho a la Ciudad y Buenas Pr\u00e1cticas","datePublished":"2025-12-10T07:15:16+00:00","dateModified":"2025-12-11T09:23:00+00:00","mainEntityOfPage":{"@id":"https:\/\/www.sindicaturabarcelona.cat\/es\/la-sindicatura-convoca-el-premi-internacional-dret-a-la-ciutat-i-bones-practiques\/"},"wordCount":437,"publisher":{"@id":"https:\/\/www.sindicaturabarcelona.cat\/es\/#organization"},"image":{"@id":"https:\/\/www.sindicaturabarcelona.cat\/es\/la-sindicatura-convoca-el-premi-internacional-dret-a-la-ciutat-i-bones-practiques\/#primaryimage"},"thumbnailUrl":"https:\/\/www.sindicaturabarcelona.cat\/wp-content\/uploads\/20251203-Drets-Premi_CAS.jpg","inLanguage":"es"},{"@type":"WebPage","@id":"https:\/\/www.sindicaturabarcelona.cat\/es\/la-sindicatura-convoca-el-premi-internacional-dret-a-la-ciutat-i-bones-practiques\/","url":"https:\/\/www.sindicaturabarcelona.cat\/es\/la-sindicatura-convoca-el-premi-internacional-dret-a-la-ciutat-i-bones-practiques\/","name":"La Sindicatura convoca el Premio Internacional Derecho a la Ciudad y Buenas Pr\u00e1cticas - Sindicatura de Greuges de Barcelona","isPartOf":{"@id":"https:\/\/www.sindicaturabarcelona.cat\/es\/#website"},"primaryImageOfPage":{"@id":"https:\/\/www.sindicaturabarcelona.cat\/es\/la-sindicatura-convoca-el-premi-internacional-dret-a-la-ciutat-i-bones-practiques\/#primaryimage"},"image":{"@id":"https:\/\/www.sindicaturabarcelona.cat\/es\/la-sindicatura-convoca-el-premi-internacional-dret-a-la-ciutat-i-bones-practiques\/#primaryimage"},"thumbnailUrl":"https:\/\/www.sindicaturabarcelona.cat\/wp-content\/uploads\/20251203-Drets-Premi_CAS.jpg","datePublished":"2025-12-10T07:15:16+00:00","dateModified":"2025-12-11T09:23:00+00:00","description":"El objetivo es reconocer proyectos, iniciativas o actuaciones innovadoras que se est\u00e1n implementando a nivel local en todo el mundo.","breadcrumb":{"@id":"https:\/\/www.sindicaturabarcelona.cat\/es\/la-sindicatura-convoca-el-premi-internacional-dret-a-la-ciutat-i-bones-practiques\/#breadcrumb"},"inLanguage":"es","potentialAction":[{"@type":"ReadAction","target":["https:\/\/www.sindicaturabarcelona.cat\/es\/la-sindicatura-convoca-el-premi-internacional-dret-a-la-ciutat-i-bones-practiques\/"]}]},{"@type":"ImageObject","inLanguage":"es","@id":"https:\/\/www.sindicaturabarcelona.cat\/es\/la-sindicatura-convoca-el-premi-internacional-dret-a-la-ciutat-i-bones-practiques\/#primaryimage","url":"https:\/\/www.sindicaturabarcelona.cat\/wp-content\/uploads\/20251203-Drets-Premi_CAS.jpg","contentUrl":"https:\/\/www.sindicaturabarcelona.cat\/wp-content\/uploads\/20251203-Drets-Premi_CAS.jpg","width":2516,"height":1790},{"@type":"BreadcrumbList","@id":"https:\/\/www.sindicaturabarcelona.cat\/es\/la-sindicatura-convoca-el-premi-internacional-dret-a-la-ciutat-i-bones-practiques\/#breadcrumb","itemListElement":[{"@type":"ListItem","position":1,"name":"Inici","item":"https:\/\/www.sindicaturabarcelona.cat\/es\/"},{"@type":"ListItem","position":2,"name":"La Sindicatura convoca el Premio Internacional Derecho a la Ciudad y Buenas Pr\u00e1cticas"}]},{"@type":"WebSite","@id":"https:\/\/www.sindicaturabarcelona.cat\/es\/#website","url":"https:\/\/www.sindicaturabarcelona.cat\/es\/","name":"Sindicatura de Greuges de Barcelona","description":"La defensoria dels teus drets","publisher":{"@id":"https:\/\/www.sindicaturabarcelona.cat\/es\/#organization"},"potentialAction":[{"@type":"SearchAction","target":{"@type":"EntryPoint","urlTemplate":"https:\/\/www.sindicaturabarcelona.cat\/es\/?s={search_term_string}"},"query-input":{"@type":"PropertyValueSpecification","valueRequired":true,"valueName":"search_term_string"}}],"inLanguage":"es"},{"@type":"Organization","@id":"https:\/\/www.sindicaturabarcelona.cat\/es\/#organization","name":"Sindicatura de Greuges de Barcelona","url":"https:\/\/www.sindicaturabarcelona.cat\/es\/","logo":{"@type":"ImageObject","inLanguage":"es","@id":"https:\/\/www.sindicaturabarcelona.cat\/es\/#\/schema\/logo\/image\/","url":"https:\/\/www.sindicaturabarcelona.cat\/wp-content\/uploads\/2023\/02\/logo_sindicatura.svg","contentUrl":"https:\/\/www.sindicaturabarcelona.cat\/wp-content\/uploads\/2023\/02\/logo_sindicatura.svg","caption":"Sindicatura de Greuges de Barcelona"},"image":{"@id":"https:\/\/www.sindicaturabarcelona.cat\/es\/#\/schema\/logo\/image\/"},"sameAs":["https:\/\/x.com\/sindicbarcelona","https:\/\/www.instagram.com\/sindicbarcelona\/","https:\/\/www.tiktok.com\/@sindicaturabcn","https:\/\/t.me\/sindicaturabarcelona"]},{"@type":"Person","@id":"https:\/\/www.sindicaturabarcelona.cat\/es\/#\/schema\/person\/0e5acffc350ffdbc97578159322c9452","name":"Pablo","image":{"@type":"ImageObject","inLanguage":"es","@id":"https:\/\/secure.gravatar.com\/avatar\/c948169b402ef9492afde705c3dfd5e90e1a6a84ef6840a91124f805a25a480f?s=96&d=mm&r=g","url":"https:\/\/secure.gravatar.com\/avatar\/c948169b402ef9492afde705c3dfd5e90e1a6a84ef6840a91124f805a25a480f?s=96&d=mm&r=g","contentUrl":"https:\/\/secure.gravatar.com\/avatar\/c948169b402ef9492afde705c3dfd5e90e1a6a84ef6840a91124f805a25a480f?s=96&d=mm&r=g","caption":"Pablo"},"url":"https:\/\/www.sindicaturabarcelona.cat\/es\/author\/pablo\/"}]}},"_links":{"self":[{"href":"https:\/\/www.sindicaturabarcelona.cat\/es\/wp-json\/wp\/v2\/posts\/40743","targetHints":{"allow":["GET"]}}],"collection":[{"href":"https:\/\/www.sindicaturabarcelona.cat\/es\/wp-json\/wp\/v2\/posts"}],"about":[{"href":"https:\/\/www.sindicaturabarcelona.cat\/es\/wp-json\/wp\/v2\/types\/post"}],"author":[{"embeddable":true,"href":"https:\/\/www.sindicaturabarcelona.cat\/es\/wp-json\/wp\/v2\/users\/2"}],"replies":[{"embeddable":true,"href":"https:\/\/www.sindicaturabarcelona.cat\/es\/wp-json\/wp\/v2\/comments?post=40743"}],"version-history":[{"count":4,"href":"https:\/\/www.sindicaturabarcelona.cat\/es\/wp-json\/wp\/v2\/posts\/40743\/revisions"}],"predecessor-version":[{"id":40834,"href":"https:\/\/www.sindicaturabarcelona.cat\/es\/wp-json\/wp\/v2\/posts\/40743\/revisions\/40834"}],"wp:featuredmedia":[{"embeddable":true,"href":"https:\/\/www.sindicaturabarcelona.cat\/es\/wp-json\/wp\/v2\/media\/40811"}],"wp:attachment":[{"href":"https:\/\/www.sindicaturabarcelona.cat\/es\/wp-json\/wp\/v2\/media?parent=40743"}],"wp:term":[{"taxonomy":"post_tag","embeddable":true,"href":"https:\/\/www.sindicaturabarcelona.cat\/es\/wp-json\/wp\/v2\/tags?post=40743"},{"taxonomy":"drets","embeddable":true,"href":"https:\/\/www.sindicaturabarcelona.cat\/es\/wp-json\/wp\/v2\/drets?post=40743"}],"curies":[{"name":"wp","href":"https:\/\/api.w.org\/{rel}","templated":true}]}}