{"id":40688,"date":"2025-12-05T09:35:53","date_gmt":"2025-12-05T07:35:53","guid":{"rendered":"https:\/\/www.sindicaturabarcelona.cat\/la-sindicatura-demana-a-lajuntament-que-faci-prevaler-el-dret-a-la-salut-i-al-medi-ambient-de-la-ciutadania-davant-la-nova-convocatoria-de-la-papanoelada-motera\/"},"modified":"2025-12-07T10:12:56","modified_gmt":"2025-12-07T08:12:56","slug":"la-sindicatura-demana-a-lajuntament-que-faci-prevaler-el-dret-a-la-salut-i-al-medi-ambient-de-la-ciutadania-davant-la-nova-convocatoria-de-la-papanoelada-motera","status":"publish","type":"post","link":"https:\/\/www.sindicaturabarcelona.cat\/es\/la-sindicatura-demana-a-lajuntament-que-faci-prevaler-el-dret-a-la-salut-i-al-medi-ambient-de-la-ciutadania-davant-la-nova-convocatoria-de-la-papanoelada-motera\/","title":{"rendered":"La Sindicatura de Greuges de Barcelona pide al Ayuntamiento que haga prevalecer el derecho a la salud y al medio ambiente de la ciudadan\u00eda ante la nueva convocatoria de la \u2018Papanoelada Motera\u2019"},"content":{"rendered":"\n<h2 class=\"wp-block-heading\">A ra\u00edz de tener conocimiento de la convocatoria de una nueva marcha, la defensor\u00eda ha requerido informaci\u00f3n sobre si las personas organizadoras han solicitado la correspondiente licencia o autorizaci\u00f3n, y qu\u00e9 medidas se adoptar\u00e1n.<\/h2>\n\n\n\n<h2 class=\"wp-block-heading\">Este a\u00f1o, la concentraci\u00f3n de veh\u00edculos est\u00e1 anunciada para el 21 de diciembre, pocos d\u00edas antes de Navidad, y con previsi\u00f3n de que pase por algunas de las v\u00edas m\u00e1s c\u00e9ntricas, lo que puede alterar el desarrollo normal de la ciudad.<\/h2>\n\n\n\n<p>La Sindicatura insiste, por cuarto a\u00f1o consecutivo, en que <strong>el consistorio adopte las medidas correspondientes para impedir la \u2018Papanoelada motera\u2019<\/strong>. Este a\u00f1o est\u00e1 prevista para el domingo 21 de diciembre, con un recorrido que incluir\u00e1 algunas de las v\u00edas m\u00e1s transitadas de la ciudad, como la plaza Catalunya, el paseo de Gr\u00e0cia o la v\u00eda Laietana. En las dos resoluciones emitidas sobre esta cuesti\u00f3n, en <a href=\"https:\/\/www.sindicaturabarcelona.cat\/wp-content\/uploads\/12_Dret-medi-ambient-Papanoelada-Motera.pdf\">2022<\/a> y <a href=\"https:\/\/www.sindicaturabarcelona.cat\/wp-content\/uploads\/202405_Dret-medi-ambient_queixa-vinculada-a-la-celebracio-de-la-Papanoelada-Motera.pdf\">2024<\/a>, la defensor\u00eda recuerda que <strong>el Ayuntamiento puede sancionar a las conductas que constituyan infracciones administrativas.<\/strong><\/p>\n\n\n\n<p>Y es que esta actividad concentra un elevado n\u00famero de motocicletas (el a\u00f1o pasado hubo 2.000 participantes, seg\u00fan la Guardia Urbana) en una marcha lenta. Esto genera un<strong> gran impacto medioambiental y de movilidad, con riesgo de afectaciones en la salud de las personas, y un riesgo para la seguridad ciudadana<\/strong>, dadas las imprudencias en la conducci\u00f3n en las concentraciones de otros a\u00f1os. Por tanto, podemos encontrarnos ante un caso de <strong>vulneraci\u00f3n m\u00faltiple de derechos<\/strong>.<\/p>\n\n\n\n<p>Por ello, la defensor\u00eda, a partir de las informaciones difundidas por redes sociales y <a href=\"https:\/\/beteve.cat\/societat\/convocada-papanoelada-motera-2025\/\">por los medios de comunicaci\u00f3n<\/a> de la nueva convocatoria, ha enviado una solicitud de informaci\u00f3n al consistorio para que se valore la realizaci\u00f3n de una investigaci\u00f3n policial. En diciembre de 2024 la Guardia Urbana inform\u00f3 de que hab\u00eda impuesto un total <strong>de 173 multas a los y las participantes<\/strong> de la \u2018Papanoelada\u2019, por infracciones como forzar marchas (lo que genera una gran cantidad de contaminaci\u00f3n ac\u00fastica) o circular por el carril bus.<\/p>\n\n\n\n<p>En la solicitud tambi\u00e9n se pregunta si las personas organizadoras, cuya identidad no ha trascendido, han solicitado la correspondiente licencia o autorizaci\u00f3n, puesto que no lo hab\u00edan hecho en las \u00faltimas convocatorias. Cabe recordar que <strong>las actividades que se desarrollen en la v\u00eda p\u00fablica s\u00f3lo pueden limitar el derecho de la ciudadan\u00eda a los usos generales si se dispone de la autorizaci\u00f3n municipal correspondiente<\/strong>. Adem\u00e1s, la defensor\u00eda solicita saber las medidas que el Ayuntamiento prev\u00e9 adoptar para garantizar el normal funcionamiento de la ciudad, dadas las fechas y ubicaci\u00f3n anunciadas.<\/p>\n\n\n\n<h2 class=\"wp-block-heading\">El deber de proteger el medio ambiente y la salud<\/h2>\n\n\n\n<p>Y es que la convocatoria de este a\u00f1o est\u00e1 anunciada para el domingo anterior a Navidad, una \u00e9poca en la que aumenta de forma significativa la movilidad ciudadana, y m\u00e1s a\u00fan en las v\u00edas en las que est\u00e1 anunciada este a\u00f1o. Aparte de la actividad comercial, <a href=\"https:\/\/www.barcelona.cat\/nadal\/es\/actividades\"><strong>se organizan numerosas actividades en esa zona<\/strong><\/a>: la Feria de Santa Ll\u00facia, uno de cuyos accesos es por la via Laietana; espect\u00e1culos de m\u00fasica, teatro, danza y circo en la plaza Catalunya; o un gran \u00e1rbol de Navidad en el paseo de Gr\u00e0cia, entre otras muchas.<\/p>\n\n\n\n<p>Estos distritos son precisamente donde la ciudadan\u00eda est\u00e1 expuesta a niveles m\u00e1s elevados del contaminante atmosf\u00e9rico NO2: el Eixample, con mucha diferencia respecto al resto, y Ciutat Vella. En el \u00e1rea metropolitana, los <strong>\u00edndices de poluci\u00f3n<\/strong>, que tienen una clara relaci\u00f3n con el tr\u00e1fico rodado, <strong>siguen por encima de lo que recomienda la Organizaci\u00f3n Mundial de la Salud<\/strong> (OMS), si bien existe una tendencia descendente, seg\u00fan el \u00faltimo <a href=\"https:\/\/www.aspb.cat\/es\/documentos\/calidad-aire\/\">informe espec\u00edfico de la Agencia de Salud P\u00fablica de Barcelona<\/a>. En un sentido m\u00e1s global, la convocatoria se produce adem\u00e1s en un contexto de crisis clim\u00e1tica y de un amplio consenso mundial sobre la necesidad de reducir las emisiones de gas de efecto invernadero.<\/p>\n\n\n\n<p>Otro de los principales problemas de la &#8216;Papanoelada&#8217; son las <a href=\"https:\/\/blogs.amb.cat\/educacioambiental\/2023\/12\/27\/la-contaminacio-acustica-un-mal-silencios\/\"><strong>molestias de ruido<\/strong><\/a><strong>, con picos de 85 decibelios<\/strong>, mientras que en la misma zona el fin de semana anterior se registr\u00f3 una media de entre 10 y 15 puntos por debajo. Este hecho puede alterar, por supuesto, el bienestar de la ciudadan\u00eda. La <a href=\"https:\/\/bcnroc.ajuntament.barcelona.cat\/jspui\/handle\/11703\/86859\">normativa municipal<\/a> de medio ambiente establece varios topes, que en ning\u00fan caso superan los 70 decibelios, mientras que <strong>la OMS recomienda que no se sobrepasen los 55<\/strong>.<\/p>\n\n\n\n<p>La Ordenanza tambi\u00e9n especifica los topes por \u00e1reas, y es especialmente preocupante que el punto de encuentro anunciado sea la calle Tarongers, en Montju\u00efc. En este gran espacio verde existen diversas \u00e1reas clasificadas como parques de especial protecci\u00f3n ac\u00fastica.<\/p>\n\n\n\n<p>Es por todo ello que la Sindicatura de Greuges de Barcelona concluye que, en el caso de la \u2018Papanoelada Motera\u2019, debe <strong>priorizarse el derecho de las personas a vivir en un medio sano, sostenible y respetuoso con la salud<\/strong>.<\/p>\n\n\n\n<p>Imagen: Betev\u00e9<\/p>\n","protected":false},"excerpt":{"rendered":"<p>A ra\u00edz de tener conocimiento de la convocatoria de una nueva marcha, la defensor\u00eda ha requerido informaci\u00f3n sobre si las personas organizadoras han solicitado la correspondiente licencia o autorizaci\u00f3n, y [&hellip;]<\/p>\n","protected":false},"author":2,"featured_media":40682,"comment_status":"closed","ping_status":"closed","sticky":false,"template":"","format":"standard","meta":{"_acf_changed":false,"footnotes":""},"tags":[],"drets":[1475,1579,1477,1592,1593],"class_list":["post-40688","post","type-post","status-publish","format-standard","has-post-thumbnail","hentry","drets-ciudad-equitativa","drets-derecho-a-la-salud","drets-ciudad-habitable-y-sostenible","drets-derecho-al-medio-ambiente","drets-derecho-a-la-movilidad"],"acf":[],"yoast_head":"<!-- This site is optimized with the Yoast SEO plugin v27.5 - https:\/\/yoast.com\/product\/yoast-seo-wordpress\/ -->\n<title>La Sindicatura de Greuges de Barcelona pide al Ayuntamiento que haga prevalecer el derecho a la salud y al medio ambiente de la ciudadan\u00eda ante la nueva convocatoria de la \u2018Papanoelada Motera\u2019 - Sindicatura de Greuges de Barcelona<\/title>\n<meta name=\"description\" content=\"Arran de tenir coneixement d\u2019una nova marxa, la defensoria demana informaci\u00f3 sobre si les persones organitzadores han sol\u00b7licitat la corresponent llic\u00e8ncia o autoritzaci\u00f3, i quines mesures s\u2019adoptaran.\u00a0\" \/>\n<meta name=\"robots\" content=\"index, follow, max-snippet:-1, max-image-preview:large, max-video-preview:-1\" \/>\n<link rel=\"canonical\" href=\"https:\/\/www.sindicaturabarcelona.cat\/es\/la-sindicatura-demana-a-lajuntament-que-faci-prevaler-el-dret-a-la-salut-i-al-medi-ambient-de-la-ciutadania-davant-la-nova-convocatoria-de-la-papanoelada-motera\/\" \/>\n<meta property=\"og:locale\" content=\"es_ES\" \/>\n<meta property=\"og:type\" content=\"article\" \/>\n<meta property=\"og:title\" content=\"La Sindicatura de Greuges de Barcelona pide al Ayuntamiento que haga prevalecer el derecho a la salud y al medio ambiente de la ciudadan\u00eda ante la nueva convocatoria de la \u2018Papanoelada Motera\u2019 - Sindicatura de Greuges de Barcelona\" \/>\n<meta property=\"og:description\" content=\"Arran de tenir coneixement d\u2019una nova marxa, la defensoria demana informaci\u00f3 sobre si les persones organitzadores han sol\u00b7licitat la corresponent llic\u00e8ncia o autoritzaci\u00f3, i quines mesures s\u2019adoptaran.\u00a0\" \/>\n<meta property=\"og:url\" content=\"https:\/\/www.sindicaturabarcelona.cat\/es\/la-sindicatura-demana-a-lajuntament-que-faci-prevaler-el-dret-a-la-salut-i-al-medi-ambient-de-la-ciutadania-davant-la-nova-convocatoria-de-la-papanoelada-motera\/\" \/>\n<meta property=\"og:site_name\" content=\"Sindicatura de Greuges de Barcelona\" \/>\n<meta property=\"article:published_time\" content=\"2025-12-05T07:35:53+00:00\" \/>\n<meta property=\"article:modified_time\" content=\"2025-12-07T08:12:56+00:00\" \/>\n<meta property=\"og:image\" content=\"https:\/\/www.sindicaturabarcelona.cat\/wp-content\/uploads\/papanoelada-motera-2023-bcn-171223-1_V2.jpg\" \/>\n\t<meta property=\"og:image:width\" content=\"1021\" \/>\n\t<meta property=\"og:image:height\" content=\"857\" \/>\n\t<meta property=\"og:image:type\" content=\"image\/jpeg\" \/>\n<meta name=\"author\" content=\"Pablo\" \/>\n<meta name=\"twitter:card\" content=\"summary_large_image\" \/>\n<meta name=\"twitter:creator\" content=\"@sindicbarcelona\" \/>\n<meta name=\"twitter:site\" content=\"@sindicbarcelona\" \/>\n<meta name=\"twitter:label1\" content=\"Escrito por\" \/>\n\t<meta name=\"twitter:data1\" content=\"Pablo\" \/>\n\t<meta name=\"twitter:label2\" content=\"Tiempo de lectura\" \/>\n\t<meta name=\"twitter:data2\" content=\"5 minutos\" \/>\n<script type=\"application\/ld+json\" class=\"yoast-schema-graph\">{\"@context\":\"https:\\\/\\\/schema.org\",\"@graph\":[{\"@type\":\"Article\",\"@id\":\"https:\\\/\\\/www.sindicaturabarcelona.cat\\\/es\\\/la-sindicatura-demana-a-lajuntament-que-faci-prevaler-el-dret-a-la-salut-i-al-medi-ambient-de-la-ciutadania-davant-la-nova-convocatoria-de-la-papanoelada-motera\\\/#article\",\"isPartOf\":{\"@id\":\"https:\\\/\\\/www.sindicaturabarcelona.cat\\\/es\\\/la-sindicatura-demana-a-lajuntament-que-faci-prevaler-el-dret-a-la-salut-i-al-medi-ambient-de-la-ciutadania-davant-la-nova-convocatoria-de-la-papanoelada-motera\\\/\"},\"author\":{\"name\":\"Pablo\",\"@id\":\"https:\\\/\\\/www.sindicaturabarcelona.cat\\\/es\\\/#\\\/schema\\\/person\\\/0e5acffc350ffdbc97578159322c9452\"},\"headline\":\"La Sindicatura de Greuges de Barcelona pide al Ayuntamiento que haga prevalecer el derecho a la salud y al medio ambiente de la ciudadan\u00eda ante la nueva convocatoria de la \u2018Papanoelada Motera\u2019\",\"datePublished\":\"2025-12-05T07:35:53+00:00\",\"dateModified\":\"2025-12-07T08:12:56+00:00\",\"mainEntityOfPage\":{\"@id\":\"https:\\\/\\\/www.sindicaturabarcelona.cat\\\/es\\\/la-sindicatura-demana-a-lajuntament-que-faci-prevaler-el-dret-a-la-salut-i-al-medi-ambient-de-la-ciutadania-davant-la-nova-convocatoria-de-la-papanoelada-motera\\\/\"},\"wordCount\":879,\"publisher\":{\"@id\":\"https:\\\/\\\/www.sindicaturabarcelona.cat\\\/es\\\/#organization\"},\"image\":{\"@id\":\"https:\\\/\\\/www.sindicaturabarcelona.cat\\\/es\\\/la-sindicatura-demana-a-lajuntament-que-faci-prevaler-el-dret-a-la-salut-i-al-medi-ambient-de-la-ciutadania-davant-la-nova-convocatoria-de-la-papanoelada-motera\\\/#primaryimage\"},\"thumbnailUrl\":\"https:\\\/\\\/www.sindicaturabarcelona.cat\\\/wp-content\\\/uploads\\\/papanoelada-motera-2023-bcn-171223-1_V2.jpg\",\"inLanguage\":\"es\"},{\"@type\":\"WebPage\",\"@id\":\"https:\\\/\\\/www.sindicaturabarcelona.cat\\\/es\\\/la-sindicatura-demana-a-lajuntament-que-faci-prevaler-el-dret-a-la-salut-i-al-medi-ambient-de-la-ciutadania-davant-la-nova-convocatoria-de-la-papanoelada-motera\\\/\",\"url\":\"https:\\\/\\\/www.sindicaturabarcelona.cat\\\/es\\\/la-sindicatura-demana-a-lajuntament-que-faci-prevaler-el-dret-a-la-salut-i-al-medi-ambient-de-la-ciutadania-davant-la-nova-convocatoria-de-la-papanoelada-motera\\\/\",\"name\":\"La Sindicatura de Greuges de Barcelona pide al Ayuntamiento que haga prevalecer el derecho a la salud y al medio ambiente de la ciudadan\u00eda ante la nueva convocatoria de la \u2018Papanoelada Motera\u2019 - Sindicatura de Greuges de Barcelona\",\"isPartOf\":{\"@id\":\"https:\\\/\\\/www.sindicaturabarcelona.cat\\\/es\\\/#website\"},\"primaryImageOfPage\":{\"@id\":\"https:\\\/\\\/www.sindicaturabarcelona.cat\\\/es\\\/la-sindicatura-demana-a-lajuntament-que-faci-prevaler-el-dret-a-la-salut-i-al-medi-ambient-de-la-ciutadania-davant-la-nova-convocatoria-de-la-papanoelada-motera\\\/#primaryimage\"},\"image\":{\"@id\":\"https:\\\/\\\/www.sindicaturabarcelona.cat\\\/es\\\/la-sindicatura-demana-a-lajuntament-que-faci-prevaler-el-dret-a-la-salut-i-al-medi-ambient-de-la-ciutadania-davant-la-nova-convocatoria-de-la-papanoelada-motera\\\/#primaryimage\"},\"thumbnailUrl\":\"https:\\\/\\\/www.sindicaturabarcelona.cat\\\/wp-content\\\/uploads\\\/papanoelada-motera-2023-bcn-171223-1_V2.jpg\",\"datePublished\":\"2025-12-05T07:35:53+00:00\",\"dateModified\":\"2025-12-07T08:12:56+00:00\",\"description\":\"Arran de tenir coneixement d\u2019una nova marxa, la defensoria demana informaci\u00f3 sobre si les persones organitzadores han sol\u00b7licitat la corresponent llic\u00e8ncia o autoritzaci\u00f3, i quines mesures s\u2019adoptaran.\u00a0\",\"breadcrumb\":{\"@id\":\"https:\\\/\\\/www.sindicaturabarcelona.cat\\\/es\\\/la-sindicatura-demana-a-lajuntament-que-faci-prevaler-el-dret-a-la-salut-i-al-medi-ambient-de-la-ciutadania-davant-la-nova-convocatoria-de-la-papanoelada-motera\\\/#breadcrumb\"},\"inLanguage\":\"es\",\"potentialAction\":[{\"@type\":\"ReadAction\",\"target\":[\"https:\\\/\\\/www.sindicaturabarcelona.cat\\\/es\\\/la-sindicatura-demana-a-lajuntament-que-faci-prevaler-el-dret-a-la-salut-i-al-medi-ambient-de-la-ciutadania-davant-la-nova-convocatoria-de-la-papanoelada-motera\\\/\"]}]},{\"@type\":\"ImageObject\",\"inLanguage\":\"es\",\"@id\":\"https:\\\/\\\/www.sindicaturabarcelona.cat\\\/es\\\/la-sindicatura-demana-a-lajuntament-que-faci-prevaler-el-dret-a-la-salut-i-al-medi-ambient-de-la-ciutadania-davant-la-nova-convocatoria-de-la-papanoelada-motera\\\/#primaryimage\",\"url\":\"https:\\\/\\\/www.sindicaturabarcelona.cat\\\/wp-content\\\/uploads\\\/papanoelada-motera-2023-bcn-171223-1_V2.jpg\",\"contentUrl\":\"https:\\\/\\\/www.sindicaturabarcelona.cat\\\/wp-content\\\/uploads\\\/papanoelada-motera-2023-bcn-171223-1_V2.jpg\",\"width\":1021,\"height\":857,\"caption\":\"xr:d:DAF3CwZBSOg:11,j:4455598533621970562,t:23121718\"},{\"@type\":\"BreadcrumbList\",\"@id\":\"https:\\\/\\\/www.sindicaturabarcelona.cat\\\/es\\\/la-sindicatura-demana-a-lajuntament-que-faci-prevaler-el-dret-a-la-salut-i-al-medi-ambient-de-la-ciutadania-davant-la-nova-convocatoria-de-la-papanoelada-motera\\\/#breadcrumb\",\"itemListElement\":[{\"@type\":\"ListItem\",\"position\":1,\"name\":\"Inici\",\"item\":\"https:\\\/\\\/www.sindicaturabarcelona.cat\\\/es\\\/\"},{\"@type\":\"ListItem\",\"position\":2,\"name\":\"La Sindicatura de Greuges de Barcelona pide al Ayuntamiento que haga prevalecer el derecho a la salud y al medio ambiente de la ciudadan\u00eda ante la nueva convocatoria de la \u2018Papanoelada Motera\u2019\"}]},{\"@type\":\"WebSite\",\"@id\":\"https:\\\/\\\/www.sindicaturabarcelona.cat\\\/es\\\/#website\",\"url\":\"https:\\\/\\\/www.sindicaturabarcelona.cat\\\/es\\\/\",\"name\":\"Sindicatura de Greuges de Barcelona\",\"description\":\"La defensoria dels teus drets\",\"publisher\":{\"@id\":\"https:\\\/\\\/www.sindicaturabarcelona.cat\\\/es\\\/#organization\"},\"potentialAction\":[{\"@type\":\"SearchAction\",\"target\":{\"@type\":\"EntryPoint\",\"urlTemplate\":\"https:\\\/\\\/www.sindicaturabarcelona.cat\\\/es\\\/?s={search_term_string}\"},\"query-input\":{\"@type\":\"PropertyValueSpecification\",\"valueRequired\":true,\"valueName\":\"search_term_string\"}}],\"inLanguage\":\"es\"},{\"@type\":\"Organization\",\"@id\":\"https:\\\/\\\/www.sindicaturabarcelona.cat\\\/es\\\/#organization\",\"name\":\"Sindicatura de Greuges de Barcelona\",\"url\":\"https:\\\/\\\/www.sindicaturabarcelona.cat\\\/es\\\/\",\"logo\":{\"@type\":\"ImageObject\",\"inLanguage\":\"es\",\"@id\":\"https:\\\/\\\/www.sindicaturabarcelona.cat\\\/es\\\/#\\\/schema\\\/logo\\\/image\\\/\",\"url\":\"https:\\\/\\\/www.sindicaturabarcelona.cat\\\/wp-content\\\/uploads\\\/2023\\\/02\\\/logo_sindicatura.svg\",\"contentUrl\":\"https:\\\/\\\/www.sindicaturabarcelona.cat\\\/wp-content\\\/uploads\\\/2023\\\/02\\\/logo_sindicatura.svg\",\"caption\":\"Sindicatura de Greuges de Barcelona\"},\"image\":{\"@id\":\"https:\\\/\\\/www.sindicaturabarcelona.cat\\\/es\\\/#\\\/schema\\\/logo\\\/image\\\/\"},\"sameAs\":[\"https:\\\/\\\/x.com\\\/sindicbarcelona\",\"https:\\\/\\\/www.instagram.com\\\/sindicbarcelona\\\/\",\"https:\\\/\\\/www.tiktok.com\\\/@sindicaturabcn\",\"https:\\\/\\\/t.me\\\/sindicaturabarcelona\"]},{\"@type\":\"Person\",\"@id\":\"https:\\\/\\\/www.sindicaturabarcelona.cat\\\/es\\\/#\\\/schema\\\/person\\\/0e5acffc350ffdbc97578159322c9452\",\"name\":\"Pablo\",\"image\":{\"@type\":\"ImageObject\",\"inLanguage\":\"es\",\"@id\":\"https:\\\/\\\/secure.gravatar.com\\\/avatar\\\/c948169b402ef9492afde705c3dfd5e90e1a6a84ef6840a91124f805a25a480f?s=96&d=mm&r=g\",\"url\":\"https:\\\/\\\/secure.gravatar.com\\\/avatar\\\/c948169b402ef9492afde705c3dfd5e90e1a6a84ef6840a91124f805a25a480f?s=96&d=mm&r=g\",\"contentUrl\":\"https:\\\/\\\/secure.gravatar.com\\\/avatar\\\/c948169b402ef9492afde705c3dfd5e90e1a6a84ef6840a91124f805a25a480f?s=96&d=mm&r=g\",\"caption\":\"Pablo\"},\"url\":\"https:\\\/\\\/www.sindicaturabarcelona.cat\\\/es\\\/author\\\/pablo\\\/\"}]}<\/script>\n<!-- \/ Yoast SEO plugin. -->","yoast_head_json":{"title":"La Sindicatura de Greuges de Barcelona pide al Ayuntamiento que haga prevalecer el derecho a la salud y al medio ambiente de la ciudadan\u00eda ante la nueva convocatoria de la \u2018Papanoelada Motera\u2019 - Sindicatura de Greuges de Barcelona","description":"Arran de tenir coneixement d\u2019una nova marxa, la defensoria demana informaci\u00f3 sobre si les persones organitzadores han sol\u00b7licitat la corresponent llic\u00e8ncia o autoritzaci\u00f3, i quines mesures s\u2019adoptaran.\u00a0","robots":{"index":"index","follow":"follow","max-snippet":"max-snippet:-1","max-image-preview":"max-image-preview:large","max-video-preview":"max-video-preview:-1"},"canonical":"https:\/\/www.sindicaturabarcelona.cat\/es\/la-sindicatura-demana-a-lajuntament-que-faci-prevaler-el-dret-a-la-salut-i-al-medi-ambient-de-la-ciutadania-davant-la-nova-convocatoria-de-la-papanoelada-motera\/","og_locale":"es_ES","og_type":"article","og_title":"La Sindicatura de Greuges de Barcelona pide al Ayuntamiento que haga prevalecer el derecho a la salud y al medio ambiente de la ciudadan\u00eda ante la nueva convocatoria de la \u2018Papanoelada Motera\u2019 - Sindicatura de Greuges de Barcelona","og_description":"Arran de tenir coneixement d\u2019una nova marxa, la defensoria demana informaci\u00f3 sobre si les persones organitzadores han sol\u00b7licitat la corresponent llic\u00e8ncia o autoritzaci\u00f3, i quines mesures s\u2019adoptaran.\u00a0","og_url":"https:\/\/www.sindicaturabarcelona.cat\/es\/la-sindicatura-demana-a-lajuntament-que-faci-prevaler-el-dret-a-la-salut-i-al-medi-ambient-de-la-ciutadania-davant-la-nova-convocatoria-de-la-papanoelada-motera\/","og_site_name":"Sindicatura de Greuges de Barcelona","article_published_time":"2025-12-05T07:35:53+00:00","article_modified_time":"2025-12-07T08:12:56+00:00","og_image":[{"width":1021,"height":857,"url":"https:\/\/www.sindicaturabarcelona.cat\/wp-content\/uploads\/papanoelada-motera-2023-bcn-171223-1_V2.jpg","type":"image\/jpeg"}],"author":"Pablo","twitter_card":"summary_large_image","twitter_creator":"@sindicbarcelona","twitter_site":"@sindicbarcelona","twitter_misc":{"Escrito por":"Pablo","Tiempo de lectura":"5 minutos"},"schema":{"@context":"https:\/\/schema.org","@graph":[{"@type":"Article","@id":"https:\/\/www.sindicaturabarcelona.cat\/es\/la-sindicatura-demana-a-lajuntament-que-faci-prevaler-el-dret-a-la-salut-i-al-medi-ambient-de-la-ciutadania-davant-la-nova-convocatoria-de-la-papanoelada-motera\/#article","isPartOf":{"@id":"https:\/\/www.sindicaturabarcelona.cat\/es\/la-sindicatura-demana-a-lajuntament-que-faci-prevaler-el-dret-a-la-salut-i-al-medi-ambient-de-la-ciutadania-davant-la-nova-convocatoria-de-la-papanoelada-motera\/"},"author":{"name":"Pablo","@id":"https:\/\/www.sindicaturabarcelona.cat\/es\/#\/schema\/person\/0e5acffc350ffdbc97578159322c9452"},"headline":"La Sindicatura de Greuges de Barcelona pide al Ayuntamiento que haga prevalecer el derecho a la salud y al medio ambiente de la ciudadan\u00eda ante la nueva convocatoria de la \u2018Papanoelada Motera\u2019","datePublished":"2025-12-05T07:35:53+00:00","dateModified":"2025-12-07T08:12:56+00:00","mainEntityOfPage":{"@id":"https:\/\/www.sindicaturabarcelona.cat\/es\/la-sindicatura-demana-a-lajuntament-que-faci-prevaler-el-dret-a-la-salut-i-al-medi-ambient-de-la-ciutadania-davant-la-nova-convocatoria-de-la-papanoelada-motera\/"},"wordCount":879,"publisher":{"@id":"https:\/\/www.sindicaturabarcelona.cat\/es\/#organization"},"image":{"@id":"https:\/\/www.sindicaturabarcelona.cat\/es\/la-sindicatura-demana-a-lajuntament-que-faci-prevaler-el-dret-a-la-salut-i-al-medi-ambient-de-la-ciutadania-davant-la-nova-convocatoria-de-la-papanoelada-motera\/#primaryimage"},"thumbnailUrl":"https:\/\/www.sindicaturabarcelona.cat\/wp-content\/uploads\/papanoelada-motera-2023-bcn-171223-1_V2.jpg","inLanguage":"es"},{"@type":"WebPage","@id":"https:\/\/www.sindicaturabarcelona.cat\/es\/la-sindicatura-demana-a-lajuntament-que-faci-prevaler-el-dret-a-la-salut-i-al-medi-ambient-de-la-ciutadania-davant-la-nova-convocatoria-de-la-papanoelada-motera\/","url":"https:\/\/www.sindicaturabarcelona.cat\/es\/la-sindicatura-demana-a-lajuntament-que-faci-prevaler-el-dret-a-la-salut-i-al-medi-ambient-de-la-ciutadania-davant-la-nova-convocatoria-de-la-papanoelada-motera\/","name":"La Sindicatura de Greuges de Barcelona pide al Ayuntamiento que haga prevalecer el derecho a la salud y al medio ambiente de la ciudadan\u00eda ante la nueva convocatoria de la \u2018Papanoelada Motera\u2019 - Sindicatura de Greuges de Barcelona","isPartOf":{"@id":"https:\/\/www.sindicaturabarcelona.cat\/es\/#website"},"primaryImageOfPage":{"@id":"https:\/\/www.sindicaturabarcelona.cat\/es\/la-sindicatura-demana-a-lajuntament-que-faci-prevaler-el-dret-a-la-salut-i-al-medi-ambient-de-la-ciutadania-davant-la-nova-convocatoria-de-la-papanoelada-motera\/#primaryimage"},"image":{"@id":"https:\/\/www.sindicaturabarcelona.cat\/es\/la-sindicatura-demana-a-lajuntament-que-faci-prevaler-el-dret-a-la-salut-i-al-medi-ambient-de-la-ciutadania-davant-la-nova-convocatoria-de-la-papanoelada-motera\/#primaryimage"},"thumbnailUrl":"https:\/\/www.sindicaturabarcelona.cat\/wp-content\/uploads\/papanoelada-motera-2023-bcn-171223-1_V2.jpg","datePublished":"2025-12-05T07:35:53+00:00","dateModified":"2025-12-07T08:12:56+00:00","description":"Arran de tenir coneixement d\u2019una nova marxa, la defensoria demana informaci\u00f3 sobre si les persones organitzadores han sol\u00b7licitat la corresponent llic\u00e8ncia o autoritzaci\u00f3, i quines mesures s\u2019adoptaran.\u00a0","breadcrumb":{"@id":"https:\/\/www.sindicaturabarcelona.cat\/es\/la-sindicatura-demana-a-lajuntament-que-faci-prevaler-el-dret-a-la-salut-i-al-medi-ambient-de-la-ciutadania-davant-la-nova-convocatoria-de-la-papanoelada-motera\/#breadcrumb"},"inLanguage":"es","potentialAction":[{"@type":"ReadAction","target":["https:\/\/www.sindicaturabarcelona.cat\/es\/la-sindicatura-demana-a-lajuntament-que-faci-prevaler-el-dret-a-la-salut-i-al-medi-ambient-de-la-ciutadania-davant-la-nova-convocatoria-de-la-papanoelada-motera\/"]}]},{"@type":"ImageObject","inLanguage":"es","@id":"https:\/\/www.sindicaturabarcelona.cat\/es\/la-sindicatura-demana-a-lajuntament-que-faci-prevaler-el-dret-a-la-salut-i-al-medi-ambient-de-la-ciutadania-davant-la-nova-convocatoria-de-la-papanoelada-motera\/#primaryimage","url":"https:\/\/www.sindicaturabarcelona.cat\/wp-content\/uploads\/papanoelada-motera-2023-bcn-171223-1_V2.jpg","contentUrl":"https:\/\/www.sindicaturabarcelona.cat\/wp-content\/uploads\/papanoelada-motera-2023-bcn-171223-1_V2.jpg","width":1021,"height":857,"caption":"xr:d:DAF3CwZBSOg:11,j:4455598533621970562,t:23121718"},{"@type":"BreadcrumbList","@id":"https:\/\/www.sindicaturabarcelona.cat\/es\/la-sindicatura-demana-a-lajuntament-que-faci-prevaler-el-dret-a-la-salut-i-al-medi-ambient-de-la-ciutadania-davant-la-nova-convocatoria-de-la-papanoelada-motera\/#breadcrumb","itemListElement":[{"@type":"ListItem","position":1,"name":"Inici","item":"https:\/\/www.sindicaturabarcelona.cat\/es\/"},{"@type":"ListItem","position":2,"name":"La Sindicatura de Greuges de Barcelona pide al Ayuntamiento que haga prevalecer el derecho a la salud y al medio ambiente de la ciudadan\u00eda ante la nueva convocatoria de la \u2018Papanoelada Motera\u2019"}]},{"@type":"WebSite","@id":"https:\/\/www.sindicaturabarcelona.cat\/es\/#website","url":"https:\/\/www.sindicaturabarcelona.cat\/es\/","name":"Sindicatura de Greuges de Barcelona","description":"La defensoria dels teus drets","publisher":{"@id":"https:\/\/www.sindicaturabarcelona.cat\/es\/#organization"},"potentialAction":[{"@type":"SearchAction","target":{"@type":"EntryPoint","urlTemplate":"https:\/\/www.sindicaturabarcelona.cat\/es\/?s={search_term_string}"},"query-input":{"@type":"PropertyValueSpecification","valueRequired":true,"valueName":"search_term_string"}}],"inLanguage":"es"},{"@type":"Organization","@id":"https:\/\/www.sindicaturabarcelona.cat\/es\/#organization","name":"Sindicatura de Greuges de Barcelona","url":"https:\/\/www.sindicaturabarcelona.cat\/es\/","logo":{"@type":"ImageObject","inLanguage":"es","@id":"https:\/\/www.sindicaturabarcelona.cat\/es\/#\/schema\/logo\/image\/","url":"https:\/\/www.sindicaturabarcelona.cat\/wp-content\/uploads\/2023\/02\/logo_sindicatura.svg","contentUrl":"https:\/\/www.sindicaturabarcelona.cat\/wp-content\/uploads\/2023\/02\/logo_sindicatura.svg","caption":"Sindicatura de Greuges de Barcelona"},"image":{"@id":"https:\/\/www.sindicaturabarcelona.cat\/es\/#\/schema\/logo\/image\/"},"sameAs":["https:\/\/x.com\/sindicbarcelona","https:\/\/www.instagram.com\/sindicbarcelona\/","https:\/\/www.tiktok.com\/@sindicaturabcn","https:\/\/t.me\/sindicaturabarcelona"]},{"@type":"Person","@id":"https:\/\/www.sindicaturabarcelona.cat\/es\/#\/schema\/person\/0e5acffc350ffdbc97578159322c9452","name":"Pablo","image":{"@type":"ImageObject","inLanguage":"es","@id":"https:\/\/secure.gravatar.com\/avatar\/c948169b402ef9492afde705c3dfd5e90e1a6a84ef6840a91124f805a25a480f?s=96&d=mm&r=g","url":"https:\/\/secure.gravatar.com\/avatar\/c948169b402ef9492afde705c3dfd5e90e1a6a84ef6840a91124f805a25a480f?s=96&d=mm&r=g","contentUrl":"https:\/\/secure.gravatar.com\/avatar\/c948169b402ef9492afde705c3dfd5e90e1a6a84ef6840a91124f805a25a480f?s=96&d=mm&r=g","caption":"Pablo"},"url":"https:\/\/www.sindicaturabarcelona.cat\/es\/author\/pablo\/"}]}},"_links":{"self":[{"href":"https:\/\/www.sindicaturabarcelona.cat\/es\/wp-json\/wp\/v2\/posts\/40688","targetHints":{"allow":["GET"]}}],"collection":[{"href":"https:\/\/www.sindicaturabarcelona.cat\/es\/wp-json\/wp\/v2\/posts"}],"about":[{"href":"https:\/\/www.sindicaturabarcelona.cat\/es\/wp-json\/wp\/v2\/types\/post"}],"author":[{"embeddable":true,"href":"https:\/\/www.sindicaturabarcelona.cat\/es\/wp-json\/wp\/v2\/users\/2"}],"replies":[{"embeddable":true,"href":"https:\/\/www.sindicaturabarcelona.cat\/es\/wp-json\/wp\/v2\/comments?post=40688"}],"version-history":[{"count":4,"href":"https:\/\/www.sindicaturabarcelona.cat\/es\/wp-json\/wp\/v2\/posts\/40688\/revisions"}],"predecessor-version":[{"id":40701,"href":"https:\/\/www.sindicaturabarcelona.cat\/es\/wp-json\/wp\/v2\/posts\/40688\/revisions\/40701"}],"wp:featuredmedia":[{"embeddable":true,"href":"https:\/\/www.sindicaturabarcelona.cat\/es\/wp-json\/wp\/v2\/media\/40682"}],"wp:attachment":[{"href":"https:\/\/www.sindicaturabarcelona.cat\/es\/wp-json\/wp\/v2\/media?parent=40688"}],"wp:term":[{"taxonomy":"post_tag","embeddable":true,"href":"https:\/\/www.sindicaturabarcelona.cat\/es\/wp-json\/wp\/v2\/tags?post=40688"},{"taxonomy":"drets","embeddable":true,"href":"https:\/\/www.sindicaturabarcelona.cat\/es\/wp-json\/wp\/v2\/drets?post=40688"}],"curies":[{"name":"wp","href":"https:\/\/api.w.org\/{rel}","templated":true}]}}