{"id":40331,"date":"2025-11-21T13:25:18","date_gmt":"2025-11-21T11:25:18","guid":{"rendered":"https:\/\/www.sindicaturabarcelona.cat\/?p=40331"},"modified":"2025-11-24T14:46:55","modified_gmt":"2025-11-24T12:46:55","slug":"la-sindicatura-interviene-en-una-jornada-en-bruselas-sobre-la-proteccion-de-los-derechos-linguisticos","status":"publish","type":"post","link":"https:\/\/www.sindicaturabarcelona.cat\/es\/la-sindicatura-interviene-en-una-jornada-en-bruselas-sobre-la-proteccion-de-los-derechos-linguisticos\/","title":{"rendered":"La Sindicatura interviene en una jornada en Bruselas sobre la protecci\u00f3n de los derechos ling\u00fc\u00edsticos"},"content":{"rendered":"\n<p>Oriol Puig, jefe de gabinete del s\u00edndic, ha participado este jueves, 20 de noviembre, en la sesi\u00f3n \u00ab<strong>Ejemplos de protecci\u00f3n de derechos en un contexto multiling\u00fce y multicultural<\/strong>\u00ab, en la Oficina de la Regi\u00f3n Europea Tirol-Tirol del Sur-Trentino de la capital belga.<\/p>\n\n\n\n<p> El jefe de gabinete ha expuesto la tarea que lleva a cabo la defensor\u00eda para velar por los <a href=\"https:\/\/www.sindicaturabarcelona.cat\/es\/drets\/derechos-linguisticos-y-religiosos\/\" target=\"_blank\" rel=\"noreferrer noopener\">derechos ling\u00fc\u00edsticos<\/a> en Barcelona, \u200b\u200bque hacen referencia a<strong> la libertad con la que las personas deben poder optar por hacer uso de un determinado idioma<\/strong>, sin que ello implique pr\u00e1cticas discriminatorias. Las administraciones deben vigilar que se respete la diversidad de lenguas, poniendo de manifiesto los derechos de toda la comunidad a gozar de una sociedad diversa e inclusiva.<\/p>\n\n\n\n<p>La intervenci\u00f3n se ha centrado en explicar <a href=\"https:\/\/www.sindicaturabarcelona.cat\/es\/la-sindicatura-adverteix-a-lajuntament-de-barcelona-que-cal-vetllar-perque-no-es-tornin-a-repetir-els-fets-ocorreguts-durant-la-presentacio-de-linforme-de-discriminacions-a-barcelona\/\" target=\"_blank\" rel=\"noreferrer noopener\"><strong>la resoluci\u00f3n sobre unos gags escenificados en el acto institucional de presentaci\u00f3n<\/strong><\/a><strong> del <em>Informe del Observatorio de las Discriminaciones en Barcelona 2024<\/em><\/strong>, y por los que hubo m\u00e1s de 300 quejas. La defensor\u00eda se\u00f1alaba que la actuaci\u00f3n del Ayuntamiento, que organizaba el acto, no fue ajustada a derecho ni suficientemente diligente a la hora de controlar que el contenido de \u00e9sta no supusiera un agravio o da\u00f1o a terceros.<\/p>\n\n\n\n<p>De hecho, seg\u00fan <a href=\"https:\/\/ajuntament.barcelona.cat\/dretsidiversitat\/sites\/default\/files\/InformeDiscriminacions2024_Online_CAST.pdf\" target=\"_blank\" rel=\"noreferrer noopener\">este mismo informe<\/a>, <strong>en 2024 las discriminaciones ling\u00fc\u00edsticas fueron las quintas con mayores incidencias en la ciudad<\/strong>, con un aumento de un 52% respecto al a\u00f1o anterior. En casi todos los casos, el agravio era por hablar en catal\u00e1n.<\/p>\n\n\n\n<p>La sesi\u00f3n de Bruselas se ha hecho en el marco de la jornada \u00abEl Ombudsman en Europa: Derechos, Territorios, Autonom\u00edas. El papel de los defensores del pueblo en la Uni\u00f3n Europea multinivel\u00bb. El acto lo ha organizado la Coordinaci\u00f3n nacional de los defensores del pueblo de las regiones y las provincias aut\u00f3nomas de Italia, y con la colaboraci\u00f3n de la Oficina del Defensor del Pueblo de la Provincia Aut\u00f3noma de Bolzano (Italia). <strong>La Sindicatura de Greuges de Barcelona ha sido la \u00fanica defensor\u00eda local en intervenir, ya que el resto eran regionales o estatales<\/strong>. Puedes obtener <a href=\"https:\/\/www.coordifesacivicaitalia.it\/?p=2294\" target=\"_blank\" rel=\"noreferrer noopener\">m\u00e1s informaci\u00f3n sobre la jornada en este enlace<\/a> (en italiano).<\/p>\n","protected":false},"excerpt":{"rendered":"<p>Oriol Puig, jefe de gabinete del s\u00edndic, ha participado este jueves, 20 de noviembre, en la sesi\u00f3n \u00abEjemplos de protecci\u00f3n de derechos en un contexto multiling\u00fce y multicultural\u00ab, en la [&hellip;]<\/p>\n","protected":false},"author":2,"featured_media":40394,"comment_status":"closed","ping_status":"closed","sticky":false,"template":"","format":"standard","meta":{"_acf_changed":false,"footnotes":""},"tags":[],"drets":[1567,1574],"class_list":["post-40331","post","type-post","status-publish","format-standard","has-post-thumbnail","hentry","drets-ciudad-diversa","drets-derechos-linguisticos"],"acf":[],"yoast_head":"<!-- This site is optimized with the Yoast SEO plugin v27.5 - https:\/\/yoast.com\/product\/yoast-seo-wordpress\/ -->\n<title>La Sindicatura interviene en una jornada en Bruselas sobre la protecci\u00f3n de los derechos ling\u00fc\u00edsticos - Sindicatura de Greuges de Barcelona<\/title>\n<meta name=\"description\" content=\"David Bondia ha participado este jueves en la sesi\u00f3n &quot;Ejemplos de protecci\u00f3n de derechos en un contexto multiling\u00fce y multicultural&quot;.\" \/>\n<meta name=\"robots\" content=\"index, follow, max-snippet:-1, max-image-preview:large, max-video-preview:-1\" \/>\n<link rel=\"canonical\" href=\"https:\/\/www.sindicaturabarcelona.cat\/es\/la-sindicatura-interviene-en-una-jornada-en-bruselas-sobre-la-proteccion-de-los-derechos-linguisticos\/\" \/>\n<meta property=\"og:locale\" content=\"es_ES\" \/>\n<meta property=\"og:type\" content=\"article\" \/>\n<meta property=\"og:title\" content=\"La Sindicatura interviene en una jornada en Bruselas sobre la protecci\u00f3n de los derechos ling\u00fc\u00edsticos - Sindicatura de Greuges de Barcelona\" \/>\n<meta property=\"og:description\" content=\"David Bondia ha participado este jueves en la sesi\u00f3n &quot;Ejemplos de protecci\u00f3n de derechos en un contexto multiling\u00fce y multicultural&quot;.\" \/>\n<meta property=\"og:url\" content=\"https:\/\/www.sindicaturabarcelona.cat\/es\/la-sindicatura-interviene-en-una-jornada-en-bruselas-sobre-la-proteccion-de-los-derechos-linguisticos\/\" \/>\n<meta property=\"og:site_name\" content=\"Sindicatura de Greuges de Barcelona\" \/>\n<meta property=\"article:published_time\" content=\"2025-11-21T11:25:18+00:00\" \/>\n<meta property=\"article:modified_time\" content=\"2025-11-24T12:46:55+00:00\" \/>\n<meta property=\"og:image\" content=\"https:\/\/www.sindicaturabarcelona.cat\/wp-content\/uploads\/WhatsApp-Image-2025-11-21-at-12.19.04.jpeg\" \/>\n\t<meta property=\"og:image:width\" content=\"2040\" \/>\n\t<meta property=\"og:image:height\" content=\"1536\" \/>\n\t<meta property=\"og:image:type\" content=\"image\/jpeg\" \/>\n<meta name=\"author\" content=\"Pablo\" \/>\n<meta name=\"twitter:card\" content=\"summary_large_image\" \/>\n<meta name=\"twitter:creator\" content=\"@sindicbarcelona\" \/>\n<meta name=\"twitter:site\" content=\"@sindicbarcelona\" \/>\n<meta name=\"twitter:label1\" content=\"Escrito por\" \/>\n\t<meta name=\"twitter:data1\" content=\"Pablo\" \/>\n\t<meta name=\"twitter:label2\" content=\"Tiempo de lectura\" \/>\n\t<meta name=\"twitter:data2\" content=\"3 minutos\" \/>\n<script type=\"application\/ld+json\" class=\"yoast-schema-graph\">{\"@context\":\"https:\\\/\\\/schema.org\",\"@graph\":[{\"@type\":\"Article\",\"@id\":\"https:\\\/\\\/www.sindicaturabarcelona.cat\\\/es\\\/la-sindicatura-interviene-en-una-jornada-en-bruselas-sobre-la-proteccion-de-los-derechos-linguisticos\\\/#article\",\"isPartOf\":{\"@id\":\"https:\\\/\\\/www.sindicaturabarcelona.cat\\\/es\\\/la-sindicatura-interviene-en-una-jornada-en-bruselas-sobre-la-proteccion-de-los-derechos-linguisticos\\\/\"},\"author\":{\"name\":\"Pablo\",\"@id\":\"https:\\\/\\\/www.sindicaturabarcelona.cat\\\/es\\\/#\\\/schema\\\/person\\\/0e5acffc350ffdbc97578159322c9452\"},\"headline\":\"La Sindicatura interviene en una jornada en Bruselas sobre la protecci\u00f3n de los derechos ling\u00fc\u00edsticos\",\"datePublished\":\"2025-11-21T11:25:18+00:00\",\"dateModified\":\"2025-11-24T12:46:55+00:00\",\"mainEntityOfPage\":{\"@id\":\"https:\\\/\\\/www.sindicaturabarcelona.cat\\\/es\\\/la-sindicatura-interviene-en-una-jornada-en-bruselas-sobre-la-proteccion-de-los-derechos-linguisticos\\\/\"},\"wordCount\":385,\"publisher\":{\"@id\":\"https:\\\/\\\/www.sindicaturabarcelona.cat\\\/es\\\/#organization\"},\"image\":{\"@id\":\"https:\\\/\\\/www.sindicaturabarcelona.cat\\\/es\\\/la-sindicatura-interviene-en-una-jornada-en-bruselas-sobre-la-proteccion-de-los-derechos-linguisticos\\\/#primaryimage\"},\"thumbnailUrl\":\"https:\\\/\\\/www.sindicaturabarcelona.cat\\\/wp-content\\\/uploads\\\/WhatsApp-Image-2025-11-21-at-12.19.04.jpeg\",\"inLanguage\":\"es\"},{\"@type\":\"WebPage\",\"@id\":\"https:\\\/\\\/www.sindicaturabarcelona.cat\\\/es\\\/la-sindicatura-interviene-en-una-jornada-en-bruselas-sobre-la-proteccion-de-los-derechos-linguisticos\\\/\",\"url\":\"https:\\\/\\\/www.sindicaturabarcelona.cat\\\/es\\\/la-sindicatura-interviene-en-una-jornada-en-bruselas-sobre-la-proteccion-de-los-derechos-linguisticos\\\/\",\"name\":\"La Sindicatura interviene en una jornada en Bruselas sobre la protecci\u00f3n de los derechos ling\u00fc\u00edsticos - Sindicatura de Greuges de Barcelona\",\"isPartOf\":{\"@id\":\"https:\\\/\\\/www.sindicaturabarcelona.cat\\\/es\\\/#website\"},\"primaryImageOfPage\":{\"@id\":\"https:\\\/\\\/www.sindicaturabarcelona.cat\\\/es\\\/la-sindicatura-interviene-en-una-jornada-en-bruselas-sobre-la-proteccion-de-los-derechos-linguisticos\\\/#primaryimage\"},\"image\":{\"@id\":\"https:\\\/\\\/www.sindicaturabarcelona.cat\\\/es\\\/la-sindicatura-interviene-en-una-jornada-en-bruselas-sobre-la-proteccion-de-los-derechos-linguisticos\\\/#primaryimage\"},\"thumbnailUrl\":\"https:\\\/\\\/www.sindicaturabarcelona.cat\\\/wp-content\\\/uploads\\\/WhatsApp-Image-2025-11-21-at-12.19.04.jpeg\",\"datePublished\":\"2025-11-21T11:25:18+00:00\",\"dateModified\":\"2025-11-24T12:46:55+00:00\",\"description\":\"David Bondia ha participado este jueves en la sesi\u00f3n \\\"Ejemplos de protecci\u00f3n de derechos en un contexto multiling\u00fce y multicultural\\\".\",\"breadcrumb\":{\"@id\":\"https:\\\/\\\/www.sindicaturabarcelona.cat\\\/es\\\/la-sindicatura-interviene-en-una-jornada-en-bruselas-sobre-la-proteccion-de-los-derechos-linguisticos\\\/#breadcrumb\"},\"inLanguage\":\"es\",\"potentialAction\":[{\"@type\":\"ReadAction\",\"target\":[\"https:\\\/\\\/www.sindicaturabarcelona.cat\\\/es\\\/la-sindicatura-interviene-en-una-jornada-en-bruselas-sobre-la-proteccion-de-los-derechos-linguisticos\\\/\"]}]},{\"@type\":\"ImageObject\",\"inLanguage\":\"es\",\"@id\":\"https:\\\/\\\/www.sindicaturabarcelona.cat\\\/es\\\/la-sindicatura-interviene-en-una-jornada-en-bruselas-sobre-la-proteccion-de-los-derechos-linguisticos\\\/#primaryimage\",\"url\":\"https:\\\/\\\/www.sindicaturabarcelona.cat\\\/wp-content\\\/uploads\\\/WhatsApp-Image-2025-11-21-at-12.19.04.jpeg\",\"contentUrl\":\"https:\\\/\\\/www.sindicaturabarcelona.cat\\\/wp-content\\\/uploads\\\/WhatsApp-Image-2025-11-21-at-12.19.04.jpeg\",\"width\":2040,\"height\":1536},{\"@type\":\"BreadcrumbList\",\"@id\":\"https:\\\/\\\/www.sindicaturabarcelona.cat\\\/es\\\/la-sindicatura-interviene-en-una-jornada-en-bruselas-sobre-la-proteccion-de-los-derechos-linguisticos\\\/#breadcrumb\",\"itemListElement\":[{\"@type\":\"ListItem\",\"position\":1,\"name\":\"Inici\",\"item\":\"https:\\\/\\\/www.sindicaturabarcelona.cat\\\/es\\\/\"},{\"@type\":\"ListItem\",\"position\":2,\"name\":\"La Sindicatura interviene en una jornada en Bruselas sobre la protecci\u00f3n de los derechos ling\u00fc\u00edsticos\"}]},{\"@type\":\"WebSite\",\"@id\":\"https:\\\/\\\/www.sindicaturabarcelona.cat\\\/es\\\/#website\",\"url\":\"https:\\\/\\\/www.sindicaturabarcelona.cat\\\/es\\\/\",\"name\":\"Sindicatura de Greuges de Barcelona\",\"description\":\"La defensoria dels teus drets\",\"publisher\":{\"@id\":\"https:\\\/\\\/www.sindicaturabarcelona.cat\\\/es\\\/#organization\"},\"potentialAction\":[{\"@type\":\"SearchAction\",\"target\":{\"@type\":\"EntryPoint\",\"urlTemplate\":\"https:\\\/\\\/www.sindicaturabarcelona.cat\\\/es\\\/?s={search_term_string}\"},\"query-input\":{\"@type\":\"PropertyValueSpecification\",\"valueRequired\":true,\"valueName\":\"search_term_string\"}}],\"inLanguage\":\"es\"},{\"@type\":\"Organization\",\"@id\":\"https:\\\/\\\/www.sindicaturabarcelona.cat\\\/es\\\/#organization\",\"name\":\"Sindicatura de Greuges de Barcelona\",\"url\":\"https:\\\/\\\/www.sindicaturabarcelona.cat\\\/es\\\/\",\"logo\":{\"@type\":\"ImageObject\",\"inLanguage\":\"es\",\"@id\":\"https:\\\/\\\/www.sindicaturabarcelona.cat\\\/es\\\/#\\\/schema\\\/logo\\\/image\\\/\",\"url\":\"https:\\\/\\\/www.sindicaturabarcelona.cat\\\/wp-content\\\/uploads\\\/2023\\\/02\\\/logo_sindicatura.svg\",\"contentUrl\":\"https:\\\/\\\/www.sindicaturabarcelona.cat\\\/wp-content\\\/uploads\\\/2023\\\/02\\\/logo_sindicatura.svg\",\"caption\":\"Sindicatura de Greuges de Barcelona\"},\"image\":{\"@id\":\"https:\\\/\\\/www.sindicaturabarcelona.cat\\\/es\\\/#\\\/schema\\\/logo\\\/image\\\/\"},\"sameAs\":[\"https:\\\/\\\/x.com\\\/sindicbarcelona\",\"https:\\\/\\\/www.instagram.com\\\/sindicbarcelona\\\/\",\"https:\\\/\\\/www.tiktok.com\\\/@sindicaturabcn\",\"https:\\\/\\\/t.me\\\/sindicaturabarcelona\"]},{\"@type\":\"Person\",\"@id\":\"https:\\\/\\\/www.sindicaturabarcelona.cat\\\/es\\\/#\\\/schema\\\/person\\\/0e5acffc350ffdbc97578159322c9452\",\"name\":\"Pablo\",\"image\":{\"@type\":\"ImageObject\",\"inLanguage\":\"es\",\"@id\":\"https:\\\/\\\/secure.gravatar.com\\\/avatar\\\/c948169b402ef9492afde705c3dfd5e90e1a6a84ef6840a91124f805a25a480f?s=96&d=mm&r=g\",\"url\":\"https:\\\/\\\/secure.gravatar.com\\\/avatar\\\/c948169b402ef9492afde705c3dfd5e90e1a6a84ef6840a91124f805a25a480f?s=96&d=mm&r=g\",\"contentUrl\":\"https:\\\/\\\/secure.gravatar.com\\\/avatar\\\/c948169b402ef9492afde705c3dfd5e90e1a6a84ef6840a91124f805a25a480f?s=96&d=mm&r=g\",\"caption\":\"Pablo\"},\"url\":\"https:\\\/\\\/www.sindicaturabarcelona.cat\\\/es\\\/author\\\/pablo\\\/\"}]}<\/script>\n<!-- \/ Yoast SEO plugin. -->","yoast_head_json":{"title":"La Sindicatura interviene en una jornada en Bruselas sobre la protecci\u00f3n de los derechos ling\u00fc\u00edsticos - Sindicatura de Greuges de Barcelona","description":"David Bondia ha participado este jueves en la sesi\u00f3n \"Ejemplos de protecci\u00f3n de derechos en un contexto multiling\u00fce y multicultural\".","robots":{"index":"index","follow":"follow","max-snippet":"max-snippet:-1","max-image-preview":"max-image-preview:large","max-video-preview":"max-video-preview:-1"},"canonical":"https:\/\/www.sindicaturabarcelona.cat\/es\/la-sindicatura-interviene-en-una-jornada-en-bruselas-sobre-la-proteccion-de-los-derechos-linguisticos\/","og_locale":"es_ES","og_type":"article","og_title":"La Sindicatura interviene en una jornada en Bruselas sobre la protecci\u00f3n de los derechos ling\u00fc\u00edsticos - Sindicatura de Greuges de Barcelona","og_description":"David Bondia ha participado este jueves en la sesi\u00f3n \"Ejemplos de protecci\u00f3n de derechos en un contexto multiling\u00fce y multicultural\".","og_url":"https:\/\/www.sindicaturabarcelona.cat\/es\/la-sindicatura-interviene-en-una-jornada-en-bruselas-sobre-la-proteccion-de-los-derechos-linguisticos\/","og_site_name":"Sindicatura de Greuges de Barcelona","article_published_time":"2025-11-21T11:25:18+00:00","article_modified_time":"2025-11-24T12:46:55+00:00","og_image":[{"width":2040,"height":1536,"url":"https:\/\/www.sindicaturabarcelona.cat\/wp-content\/uploads\/WhatsApp-Image-2025-11-21-at-12.19.04.jpeg","type":"image\/jpeg"}],"author":"Pablo","twitter_card":"summary_large_image","twitter_creator":"@sindicbarcelona","twitter_site":"@sindicbarcelona","twitter_misc":{"Escrito por":"Pablo","Tiempo de lectura":"3 minutos"},"schema":{"@context":"https:\/\/schema.org","@graph":[{"@type":"Article","@id":"https:\/\/www.sindicaturabarcelona.cat\/es\/la-sindicatura-interviene-en-una-jornada-en-bruselas-sobre-la-proteccion-de-los-derechos-linguisticos\/#article","isPartOf":{"@id":"https:\/\/www.sindicaturabarcelona.cat\/es\/la-sindicatura-interviene-en-una-jornada-en-bruselas-sobre-la-proteccion-de-los-derechos-linguisticos\/"},"author":{"name":"Pablo","@id":"https:\/\/www.sindicaturabarcelona.cat\/es\/#\/schema\/person\/0e5acffc350ffdbc97578159322c9452"},"headline":"La Sindicatura interviene en una jornada en Bruselas sobre la protecci\u00f3n de los derechos ling\u00fc\u00edsticos","datePublished":"2025-11-21T11:25:18+00:00","dateModified":"2025-11-24T12:46:55+00:00","mainEntityOfPage":{"@id":"https:\/\/www.sindicaturabarcelona.cat\/es\/la-sindicatura-interviene-en-una-jornada-en-bruselas-sobre-la-proteccion-de-los-derechos-linguisticos\/"},"wordCount":385,"publisher":{"@id":"https:\/\/www.sindicaturabarcelona.cat\/es\/#organization"},"image":{"@id":"https:\/\/www.sindicaturabarcelona.cat\/es\/la-sindicatura-interviene-en-una-jornada-en-bruselas-sobre-la-proteccion-de-los-derechos-linguisticos\/#primaryimage"},"thumbnailUrl":"https:\/\/www.sindicaturabarcelona.cat\/wp-content\/uploads\/WhatsApp-Image-2025-11-21-at-12.19.04.jpeg","inLanguage":"es"},{"@type":"WebPage","@id":"https:\/\/www.sindicaturabarcelona.cat\/es\/la-sindicatura-interviene-en-una-jornada-en-bruselas-sobre-la-proteccion-de-los-derechos-linguisticos\/","url":"https:\/\/www.sindicaturabarcelona.cat\/es\/la-sindicatura-interviene-en-una-jornada-en-bruselas-sobre-la-proteccion-de-los-derechos-linguisticos\/","name":"La Sindicatura interviene en una jornada en Bruselas sobre la protecci\u00f3n de los derechos ling\u00fc\u00edsticos - Sindicatura de Greuges de Barcelona","isPartOf":{"@id":"https:\/\/www.sindicaturabarcelona.cat\/es\/#website"},"primaryImageOfPage":{"@id":"https:\/\/www.sindicaturabarcelona.cat\/es\/la-sindicatura-interviene-en-una-jornada-en-bruselas-sobre-la-proteccion-de-los-derechos-linguisticos\/#primaryimage"},"image":{"@id":"https:\/\/www.sindicaturabarcelona.cat\/es\/la-sindicatura-interviene-en-una-jornada-en-bruselas-sobre-la-proteccion-de-los-derechos-linguisticos\/#primaryimage"},"thumbnailUrl":"https:\/\/www.sindicaturabarcelona.cat\/wp-content\/uploads\/WhatsApp-Image-2025-11-21-at-12.19.04.jpeg","datePublished":"2025-11-21T11:25:18+00:00","dateModified":"2025-11-24T12:46:55+00:00","description":"David Bondia ha participado este jueves en la sesi\u00f3n \"Ejemplos de protecci\u00f3n de derechos en un contexto multiling\u00fce y multicultural\".","breadcrumb":{"@id":"https:\/\/www.sindicaturabarcelona.cat\/es\/la-sindicatura-interviene-en-una-jornada-en-bruselas-sobre-la-proteccion-de-los-derechos-linguisticos\/#breadcrumb"},"inLanguage":"es","potentialAction":[{"@type":"ReadAction","target":["https:\/\/www.sindicaturabarcelona.cat\/es\/la-sindicatura-interviene-en-una-jornada-en-bruselas-sobre-la-proteccion-de-los-derechos-linguisticos\/"]}]},{"@type":"ImageObject","inLanguage":"es","@id":"https:\/\/www.sindicaturabarcelona.cat\/es\/la-sindicatura-interviene-en-una-jornada-en-bruselas-sobre-la-proteccion-de-los-derechos-linguisticos\/#primaryimage","url":"https:\/\/www.sindicaturabarcelona.cat\/wp-content\/uploads\/WhatsApp-Image-2025-11-21-at-12.19.04.jpeg","contentUrl":"https:\/\/www.sindicaturabarcelona.cat\/wp-content\/uploads\/WhatsApp-Image-2025-11-21-at-12.19.04.jpeg","width":2040,"height":1536},{"@type":"BreadcrumbList","@id":"https:\/\/www.sindicaturabarcelona.cat\/es\/la-sindicatura-interviene-en-una-jornada-en-bruselas-sobre-la-proteccion-de-los-derechos-linguisticos\/#breadcrumb","itemListElement":[{"@type":"ListItem","position":1,"name":"Inici","item":"https:\/\/www.sindicaturabarcelona.cat\/es\/"},{"@type":"ListItem","position":2,"name":"La Sindicatura interviene en una jornada en Bruselas sobre la protecci\u00f3n de los derechos ling\u00fc\u00edsticos"}]},{"@type":"WebSite","@id":"https:\/\/www.sindicaturabarcelona.cat\/es\/#website","url":"https:\/\/www.sindicaturabarcelona.cat\/es\/","name":"Sindicatura de Greuges de Barcelona","description":"La defensoria dels teus drets","publisher":{"@id":"https:\/\/www.sindicaturabarcelona.cat\/es\/#organization"},"potentialAction":[{"@type":"SearchAction","target":{"@type":"EntryPoint","urlTemplate":"https:\/\/www.sindicaturabarcelona.cat\/es\/?s={search_term_string}"},"query-input":{"@type":"PropertyValueSpecification","valueRequired":true,"valueName":"search_term_string"}}],"inLanguage":"es"},{"@type":"Organization","@id":"https:\/\/www.sindicaturabarcelona.cat\/es\/#organization","name":"Sindicatura de Greuges de Barcelona","url":"https:\/\/www.sindicaturabarcelona.cat\/es\/","logo":{"@type":"ImageObject","inLanguage":"es","@id":"https:\/\/www.sindicaturabarcelona.cat\/es\/#\/schema\/logo\/image\/","url":"https:\/\/www.sindicaturabarcelona.cat\/wp-content\/uploads\/2023\/02\/logo_sindicatura.svg","contentUrl":"https:\/\/www.sindicaturabarcelona.cat\/wp-content\/uploads\/2023\/02\/logo_sindicatura.svg","caption":"Sindicatura de Greuges de Barcelona"},"image":{"@id":"https:\/\/www.sindicaturabarcelona.cat\/es\/#\/schema\/logo\/image\/"},"sameAs":["https:\/\/x.com\/sindicbarcelona","https:\/\/www.instagram.com\/sindicbarcelona\/","https:\/\/www.tiktok.com\/@sindicaturabcn","https:\/\/t.me\/sindicaturabarcelona"]},{"@type":"Person","@id":"https:\/\/www.sindicaturabarcelona.cat\/es\/#\/schema\/person\/0e5acffc350ffdbc97578159322c9452","name":"Pablo","image":{"@type":"ImageObject","inLanguage":"es","@id":"https:\/\/secure.gravatar.com\/avatar\/c948169b402ef9492afde705c3dfd5e90e1a6a84ef6840a91124f805a25a480f?s=96&d=mm&r=g","url":"https:\/\/secure.gravatar.com\/avatar\/c948169b402ef9492afde705c3dfd5e90e1a6a84ef6840a91124f805a25a480f?s=96&d=mm&r=g","contentUrl":"https:\/\/secure.gravatar.com\/avatar\/c948169b402ef9492afde705c3dfd5e90e1a6a84ef6840a91124f805a25a480f?s=96&d=mm&r=g","caption":"Pablo"},"url":"https:\/\/www.sindicaturabarcelona.cat\/es\/author\/pablo\/"}]}},"_links":{"self":[{"href":"https:\/\/www.sindicaturabarcelona.cat\/es\/wp-json\/wp\/v2\/posts\/40331","targetHints":{"allow":["GET"]}}],"collection":[{"href":"https:\/\/www.sindicaturabarcelona.cat\/es\/wp-json\/wp\/v2\/posts"}],"about":[{"href":"https:\/\/www.sindicaturabarcelona.cat\/es\/wp-json\/wp\/v2\/types\/post"}],"author":[{"embeddable":true,"href":"https:\/\/www.sindicaturabarcelona.cat\/es\/wp-json\/wp\/v2\/users\/2"}],"replies":[{"embeddable":true,"href":"https:\/\/www.sindicaturabarcelona.cat\/es\/wp-json\/wp\/v2\/comments?post=40331"}],"version-history":[{"count":8,"href":"https:\/\/www.sindicaturabarcelona.cat\/es\/wp-json\/wp\/v2\/posts\/40331\/revisions"}],"predecessor-version":[{"id":40421,"href":"https:\/\/www.sindicaturabarcelona.cat\/es\/wp-json\/wp\/v2\/posts\/40331\/revisions\/40421"}],"wp:featuredmedia":[{"embeddable":true,"href":"https:\/\/www.sindicaturabarcelona.cat\/es\/wp-json\/wp\/v2\/media\/40394"}],"wp:attachment":[{"href":"https:\/\/www.sindicaturabarcelona.cat\/es\/wp-json\/wp\/v2\/media?parent=40331"}],"wp:term":[{"taxonomy":"post_tag","embeddable":true,"href":"https:\/\/www.sindicaturabarcelona.cat\/es\/wp-json\/wp\/v2\/tags?post=40331"},{"taxonomy":"drets","embeddable":true,"href":"https:\/\/www.sindicaturabarcelona.cat\/es\/wp-json\/wp\/v2\/drets?post=40331"}],"curies":[{"name":"wp","href":"https:\/\/api.w.org\/{rel}","templated":true}]}}