{"id":40282,"date":"2025-11-14T09:17:00","date_gmt":"2025-11-14T07:17:00","guid":{"rendered":"https:\/\/www.sindicaturabarcelona.cat\/?p=40282"},"modified":"2025-11-18T18:42:49","modified_gmt":"2025-11-18T16:42:49","slug":"la-sindicatura-reclama-que-es-continuin-creant-zones-destacionament-de-motos-a-la-calcada-i-ampliar-lespai-per-a-vianants","status":"publish","type":"post","link":"https:\/\/www.sindicaturabarcelona.cat\/es\/la-sindicatura-reclama-que-es-continuin-creant-zones-destacionament-de-motos-a-la-calcada-i-ampliar-lespai-per-a-vianants\/","title":{"rendered":"La Sindicatura reclama que se sigan creando zonas de estacionamiento de motos en la calzada y ampliar el espacio peatonal"},"content":{"rendered":"\n<h2 class=\"wp-block-heading\"><strong>La <\/strong><a href=\"https:\/\/www.sindicaturabarcelona.cat\/wp-content\/uploads\/202511_Dret-Mobilitat-Circulacio-Estacionament_-Motos-Motocicletes-Vorera-Vinanants-BSM-GUB_25Q1127.pdf\" target=\"_blank\" rel=\"noreferrer noopener\">defensor\u00eda resuelve<\/a><strong> que la estrategia municipal no debe centrarse s\u00f3lo en las sanciones, que han aumentado respecto al a\u00f1o pasado, sino tambi\u00e9n en campa\u00f1as de concienciaci\u00f3n.<\/strong><\/h2>\n\n\n\n<h2 class=\"wp-block-heading\"><strong>Las aceras deben quedar libres de obst\u00e1culos que resten espacio a las personas usuarias naturales: los y las peatones.<\/strong><\/h2>\n\n\n\n<p>Un ciudadano present\u00f3 una queja por la inacci\u00f3n del Ayuntamiento ante el estacionamiento indebido de motocicletas en la acera, en concreto en la calle Arag\u00f3, cerca del cruce con Viladomat (la <strong>Nova Esquerra de l\u2019Eixample<\/strong>).<\/p>\n\n\n\n<p>Ante esta situaci\u00f3n, llam\u00f3 muchas veces al <a href=\"https:\/\/ajuntament.barcelona.cat\/guiadeserveis\/es\/tel%C3%A9fonos-de-emergencias\" target=\"_blank\" rel=\"noreferrer noopener\">tel\u00e9fono 112<\/a>, desde el que le derivaron a la Guardia Urbana (GUB). El cuerpo policial notific\u00f3 que hab\u00edan registrado la queja, pero los veh\u00edculos segu\u00edan estacionados en el mismo sitio. Tras insistir, la situaci\u00f3n mejor\u00f3 y las molestias desaparecieron. Sin embargo, <strong>el promotor de la queja consideraba que, de forma m\u00e1s general, el consistorio no estaba adoptando medidas eficaces<\/strong> para garantizar que las motos se estacionen seg\u00fan lo establecido en la normativa.<\/p>\n\n\n\n<p>La <a href=\"https:\/\/bcnroc.ajuntament.barcelona.cat\/jspui\/handle\/11703\/138594\" target=\"_blank\" rel=\"noreferrer noopener\">Ordenanza de circulaci\u00f3n de veh\u00edculos y peatones<\/a>, modificada hace un a\u00f1o para restringir m\u00e1s el estacionamiento en la acera, establece que, preferentemente, deben dejarse las motos en la calzada. <a href=\"https:\/\/www.barcelona.cat\/mobilitat\/es\/medios-de-transporte\/moto\" target=\"_blank\" rel=\"noreferrer noopener\">En las aceras se puede aparcar, pero con condiciones y prohibiciones.<\/a><\/p>\n\n\n\n<h2 class=\"wp-block-heading\">Aumenta el n\u00famero de plazas en la calzada y el de sanciones<\/h2>\n\n\n\n<p>Actualmente circulan m\u00e1s de 274.000 motocicletas y ciclomotores, seg\u00fan datos municipales. En cuanto a <strong>plazas de estacionamiento, hay unas 94.000 en calzada, un 30% m\u00e1s que en 2018<\/strong>, lo que significa que hay una por cada tres de estos veh\u00edculos. Por el contrario, <strong>las plazas en la acera son unas 4.400, un 13% menos<\/strong> que siete a\u00f1os atr\u00e1s. Estas tendencias son coherentes con los objetivos del actual <a href=\"https:\/\/bcnroc.ajuntament.barcelona.cat\/jspui\/handle\/11703\/139040\" target=\"_blank\" rel=\"noreferrer noopener\">Plan de Movilidad Urbana<\/a> y con el recientemente creado <a href=\"https:\/\/ajuntament.barcelona.cat\/seguretatiprevencio\/es\/noticies\/nace-el-observatorio-de-la-motocicleta-de-barcelona-1567468\" target=\"_blank\" rel=\"noreferrer noopener\">Observatorio de la Motocicleta de Barcelona<\/a>, \u200b\u200badem\u00e1s de la ordenanza de circulaci\u00f3n.<\/p>\n\n\n\n<p>La competencia sancionadora para hacer frente a las infracciones recae en la GUB y Barcelona Serveis Municipals (BSM). <strong>El servicio de gr\u00faa es limitado y no puede abarcar la retirada de todos los veh\u00edculos aparcados indebidamente<\/strong>: se priorizan los que suponen un entorpecimiento grave.<\/p>\n\n\n\n<p>El <strong>n\u00famero de denuncias y de veh\u00edculos retirados por la gr\u00faa municipal ha sido este a\u00f1o de 6.347 (hasta septiembre), un 21% m\u00e1s que en todo el 2024<\/strong>. Peri\u00f3dicamente, la GUB tambi\u00e9n realiza <a href=\"https:\/\/ajuntament.barcelona.cat\/seguretatiprevencio\/es\/news\/activamos-una-campana-para-aumentar-la-seguridad-de-motos-y-ciclomotores-2-1538269\" target=\"_blank\" rel=\"noreferrer noopener\">dispositivos especiales de control para motos y ciclomotores<\/a>, que tiene entre sus objetivos evitar la ocupaci\u00f3n indebida de las aceras. Estos datos confirman que se imponen sanciones y que se retiran las motocicletas aparcadas indebidamente: la inacci\u00f3n municipal en ese sentido era uno de los puntos principales de la queja.<\/p>\n\n\n\n<p>Adem\u00e1s, tambi\u00e9n se realizan <strong>campa\u00f1as informativas<\/strong> con folletos en los manillares de las motocicletas en emplazamientos donde se considera que las conductas infractoras son frecuentes.<\/p>\n\n\n\n<h2 class=\"wp-block-heading\">Infracciones que vulneran el derecho a la accesibilidad y la inclusividad<\/h2>\n\n\n\n<p>La defensor\u00eda ya ha estudiado en profundidad la problem\u00e1tica que supone la ocupaci\u00f3n indebida del espacio p\u00fablico por parte de motocicletas estacionadas sobre las aceras. Tambi\u00e9n las consecuencias que se derivan, como la <strong>merma de espacio p\u00fablico para las personas peatones, que son las usuarias naturales<\/strong>, ya las que hay que priorizar por encima del resto de agentes que participan en la movilidad.<\/p>\n\n\n\n<p>La ocupaci\u00f3n abusiva del espacio p\u00fablico, adem\u00e1s, <strong>tiene una mayor afectaci\u00f3n en ciertos colectivos, como las personas mayores o con movilidad reducida<\/strong>. Esto, de hecho, se suma a otros obst\u00e1culos que se encuentran en su d\u00eda a d\u00eda, <a href=\"https:\/\/www.sindicaturabarcelona.cat\/es\/es-necesario-insistir-en-la-retirada-de-elementos-en-la-acera-y-adosados-a-la-fachada-que-dificultan-el-paso-a-personas-con-discapacidad-y-otros-colectivos-en-situacion-de-vulnerabilidad\/\" target=\"_blank\" rel=\"noreferrer noopener\">como las jardineras y otros elementos en la acera que dificultan el paso<\/a>. De hecho, \u00e9sta es una de las principales problem\u00e1ticas que vulneran el derecho a la accesibilidad y la inclusividad, como queda recogido en <a href=\"https:\/\/www.sindicaturabarcelona.cat\/wp-content\/uploads\/20251007-Informe-Anual-Castella.pdf\" target=\"_blank\" rel=\"noreferrer noopener\">el \u00faltimo informe anual<\/a>.<\/p>\n\n\n\n<h2 class=\"wp-block-heading\">Las conclusiones de la Sindicatura<\/h2>\n\n\n\n<p>La Sindicatura de Greuges de Barcelona considera <a href=\"https:\/\/www.sindicaturabarcelona.cat\/wp-content\/uploads\/202511_Dret-Mobilitat-Circulacio-Estacionament_-Motos-Motocicletes-Vorera-Vinanants-BSM-GUB_25Q1127.pdf\" target=\"_blank\" rel=\"noreferrer noopener\">en su resoluci\u00f3n<\/a> que <strong>las aceras deben permanecer libres de elementos y obst\u00e1culos, lo que incluye reducir al m\u00e1ximo el n\u00famero de motos<\/strong> y promover el estacionamiento en zonas reservadas en la calzada o en aparcamientos s\u00f3tanos, por lo que es necesario continuar avanzando para crear m\u00e1s. En este sentido, <strong>la actuaci\u00f3n municipal ha sido ajustada a derecho<\/strong>, si bien es necesario continuar avanzando para conseguir el objetivo de ampliar y proteger el espacio p\u00fablico destinado a la persona peat\u00f3n.<\/p>\n\n\n\n<p>La defensor\u00eda tambi\u00e9n valora que la administraci\u00f3n no puede centrarse s\u00f3lo en las sanciones, si bien son eficaces como medida disuasoria, sino tambi\u00e9n en la pedagog\u00eda, como las campa\u00f1as de comunicaci\u00f3n.<\/p>\n","protected":false},"excerpt":{"rendered":"<p>La defensor\u00eda resuelve que la estrategia municipal no debe centrarse s\u00f3lo en las sanciones, que han aumentado respecto al a\u00f1o pasado, sino tambi\u00e9n en campa\u00f1as de concienciaci\u00f3n. Las aceras deben [&hellip;]<\/p>\n","protected":false},"author":2,"featured_media":40271,"comment_status":"closed","ping_status":"closed","sticky":false,"template":"","format":"standard","meta":{"_acf_changed":false,"footnotes":""},"tags":[],"drets":[1477,1592,1593,1438,1448],"class_list":["post-40282","post","type-post","status-publish","format-standard","has-post-thumbnail","hentry","drets-ciudad-habitable-y-sostenible","drets-derecho-al-medio-ambiente","drets-derecho-a-la-movilidad","drets-ciutat-habitable-i-sostenible","drets-dret-al-medi-ambient"],"acf":[],"yoast_head":"<!-- This site is optimized with the Yoast SEO plugin v27.5 - https:\/\/yoast.com\/product\/yoast-seo-wordpress\/ -->\n<title>La Sindicatura reclama que se sigan creando zonas de estacionamiento de motos en la calzada y ampliar el espacio peatonal - Sindicatura de Greuges de Barcelona<\/title>\n<meta name=\"description\" content=\"L&#039;estrat\u00e8gia municipal no s\u2019ha de centrar nom\u00e9s en les sancions, sin\u00f3 tamb\u00e9 en campanyes de conscienciaci\u00f3.\" \/>\n<meta name=\"robots\" content=\"index, follow, max-snippet:-1, max-image-preview:large, max-video-preview:-1\" \/>\n<link rel=\"canonical\" href=\"https:\/\/www.sindicaturabarcelona.cat\/es\/la-sindicatura-reclama-que-es-continuin-creant-zones-destacionament-de-motos-a-la-calcada-i-ampliar-lespai-per-a-vianants\/\" \/>\n<meta property=\"og:locale\" content=\"es_ES\" \/>\n<meta property=\"og:type\" content=\"article\" \/>\n<meta property=\"og:title\" content=\"La Sindicatura reclama que se sigan creando zonas de estacionamiento de motos en la calzada y ampliar el espacio peatonal - Sindicatura de Greuges de Barcelona\" \/>\n<meta property=\"og:description\" content=\"L&#039;estrat\u00e8gia municipal no s\u2019ha de centrar nom\u00e9s en les sancions, sin\u00f3 tamb\u00e9 en campanyes de conscienciaci\u00f3.\" \/>\n<meta property=\"og:url\" content=\"https:\/\/www.sindicaturabarcelona.cat\/es\/la-sindicatura-reclama-que-es-continuin-creant-zones-destacionament-de-motos-a-la-calcada-i-ampliar-lespai-per-a-vianants\/\" \/>\n<meta property=\"og:site_name\" content=\"Sindicatura de Greuges de Barcelona\" \/>\n<meta property=\"article:published_time\" content=\"2025-11-14T07:17:00+00:00\" \/>\n<meta property=\"article:modified_time\" content=\"2025-11-18T16:42:49+00:00\" \/>\n<meta property=\"og:image\" content=\"https:\/\/www.sindicaturabarcelona.cat\/wp-content\/uploads\/vista-en-altura-dun-aparcament-de-mo-scaled.jpg\" \/>\n\t<meta property=\"og:image:width\" content=\"2560\" \/>\n\t<meta property=\"og:image:height\" content=\"1707\" \/>\n\t<meta property=\"og:image:type\" content=\"image\/jpeg\" \/>\n<meta name=\"author\" content=\"Pablo\" \/>\n<meta name=\"twitter:card\" content=\"summary_large_image\" \/>\n<meta name=\"twitter:creator\" content=\"@sindicbarcelona\" \/>\n<meta name=\"twitter:site\" content=\"@sindicbarcelona\" \/>\n<meta name=\"twitter:label1\" content=\"Escrito por\" \/>\n\t<meta name=\"twitter:data1\" content=\"Pablo\" \/>\n\t<meta name=\"twitter:label2\" content=\"Tiempo de lectura\" \/>\n\t<meta name=\"twitter:data2\" content=\"5 minutos\" \/>\n<script type=\"application\/ld+json\" class=\"yoast-schema-graph\">{\"@context\":\"https:\\\/\\\/schema.org\",\"@graph\":[{\"@type\":\"Article\",\"@id\":\"https:\\\/\\\/www.sindicaturabarcelona.cat\\\/es\\\/la-sindicatura-reclama-que-es-continuin-creant-zones-destacionament-de-motos-a-la-calcada-i-ampliar-lespai-per-a-vianants\\\/#article\",\"isPartOf\":{\"@id\":\"https:\\\/\\\/www.sindicaturabarcelona.cat\\\/es\\\/la-sindicatura-reclama-que-es-continuin-creant-zones-destacionament-de-motos-a-la-calcada-i-ampliar-lespai-per-a-vianants\\\/\"},\"author\":{\"name\":\"Pablo\",\"@id\":\"https:\\\/\\\/www.sindicaturabarcelona.cat\\\/es\\\/#\\\/schema\\\/person\\\/0e5acffc350ffdbc97578159322c9452\"},\"headline\":\"La Sindicatura reclama que se sigan creando zonas de estacionamiento de motos en la calzada y ampliar el espacio peatonal\",\"datePublished\":\"2025-11-14T07:17:00+00:00\",\"dateModified\":\"2025-11-18T16:42:49+00:00\",\"mainEntityOfPage\":{\"@id\":\"https:\\\/\\\/www.sindicaturabarcelona.cat\\\/es\\\/la-sindicatura-reclama-que-es-continuin-creant-zones-destacionament-de-motos-a-la-calcada-i-ampliar-lespai-per-a-vianants\\\/\"},\"wordCount\":813,\"publisher\":{\"@id\":\"https:\\\/\\\/www.sindicaturabarcelona.cat\\\/es\\\/#organization\"},\"image\":{\"@id\":\"https:\\\/\\\/www.sindicaturabarcelona.cat\\\/es\\\/la-sindicatura-reclama-que-es-continuin-creant-zones-destacionament-de-motos-a-la-calcada-i-ampliar-lespai-per-a-vianants\\\/#primaryimage\"},\"thumbnailUrl\":\"https:\\\/\\\/www.sindicaturabarcelona.cat\\\/wp-content\\\/uploads\\\/vista-en-altura-dun-aparcament-de-mo-scaled.jpg\",\"inLanguage\":\"es\"},{\"@type\":\"WebPage\",\"@id\":\"https:\\\/\\\/www.sindicaturabarcelona.cat\\\/es\\\/la-sindicatura-reclama-que-es-continuin-creant-zones-destacionament-de-motos-a-la-calcada-i-ampliar-lespai-per-a-vianants\\\/\",\"url\":\"https:\\\/\\\/www.sindicaturabarcelona.cat\\\/es\\\/la-sindicatura-reclama-que-es-continuin-creant-zones-destacionament-de-motos-a-la-calcada-i-ampliar-lespai-per-a-vianants\\\/\",\"name\":\"La Sindicatura reclama que se sigan creando zonas de estacionamiento de motos en la calzada y ampliar el espacio peatonal - Sindicatura de Greuges de Barcelona\",\"isPartOf\":{\"@id\":\"https:\\\/\\\/www.sindicaturabarcelona.cat\\\/es\\\/#website\"},\"primaryImageOfPage\":{\"@id\":\"https:\\\/\\\/www.sindicaturabarcelona.cat\\\/es\\\/la-sindicatura-reclama-que-es-continuin-creant-zones-destacionament-de-motos-a-la-calcada-i-ampliar-lespai-per-a-vianants\\\/#primaryimage\"},\"image\":{\"@id\":\"https:\\\/\\\/www.sindicaturabarcelona.cat\\\/es\\\/la-sindicatura-reclama-que-es-continuin-creant-zones-destacionament-de-motos-a-la-calcada-i-ampliar-lespai-per-a-vianants\\\/#primaryimage\"},\"thumbnailUrl\":\"https:\\\/\\\/www.sindicaturabarcelona.cat\\\/wp-content\\\/uploads\\\/vista-en-altura-dun-aparcament-de-mo-scaled.jpg\",\"datePublished\":\"2025-11-14T07:17:00+00:00\",\"dateModified\":\"2025-11-18T16:42:49+00:00\",\"description\":\"L'estrat\u00e8gia municipal no s\u2019ha de centrar nom\u00e9s en les sancions, sin\u00f3 tamb\u00e9 en campanyes de conscienciaci\u00f3.\",\"breadcrumb\":{\"@id\":\"https:\\\/\\\/www.sindicaturabarcelona.cat\\\/es\\\/la-sindicatura-reclama-que-es-continuin-creant-zones-destacionament-de-motos-a-la-calcada-i-ampliar-lespai-per-a-vianants\\\/#breadcrumb\"},\"inLanguage\":\"es\",\"potentialAction\":[{\"@type\":\"ReadAction\",\"target\":[\"https:\\\/\\\/www.sindicaturabarcelona.cat\\\/es\\\/la-sindicatura-reclama-que-es-continuin-creant-zones-destacionament-de-motos-a-la-calcada-i-ampliar-lespai-per-a-vianants\\\/\"]}]},{\"@type\":\"ImageObject\",\"inLanguage\":\"es\",\"@id\":\"https:\\\/\\\/www.sindicaturabarcelona.cat\\\/es\\\/la-sindicatura-reclama-que-es-continuin-creant-zones-destacionament-de-motos-a-la-calcada-i-ampliar-lespai-per-a-vianants\\\/#primaryimage\",\"url\":\"https:\\\/\\\/www.sindicaturabarcelona.cat\\\/wp-content\\\/uploads\\\/vista-en-altura-dun-aparcament-de-mo-scaled.jpg\",\"contentUrl\":\"https:\\\/\\\/www.sindicaturabarcelona.cat\\\/wp-content\\\/uploads\\\/vista-en-altura-dun-aparcament-de-mo-scaled.jpg\",\"width\":2560,\"height\":1707,\"caption\":\"aparcament moto cal\u00e7ada\"},{\"@type\":\"BreadcrumbList\",\"@id\":\"https:\\\/\\\/www.sindicaturabarcelona.cat\\\/es\\\/la-sindicatura-reclama-que-es-continuin-creant-zones-destacionament-de-motos-a-la-calcada-i-ampliar-lespai-per-a-vianants\\\/#breadcrumb\",\"itemListElement\":[{\"@type\":\"ListItem\",\"position\":1,\"name\":\"Inici\",\"item\":\"https:\\\/\\\/www.sindicaturabarcelona.cat\\\/es\\\/\"},{\"@type\":\"ListItem\",\"position\":2,\"name\":\"La Sindicatura reclama que se sigan creando zonas de estacionamiento de motos en la calzada y ampliar el espacio peatonal\"}]},{\"@type\":\"WebSite\",\"@id\":\"https:\\\/\\\/www.sindicaturabarcelona.cat\\\/es\\\/#website\",\"url\":\"https:\\\/\\\/www.sindicaturabarcelona.cat\\\/es\\\/\",\"name\":\"Sindicatura de Greuges de Barcelona\",\"description\":\"La defensoria dels teus drets\",\"publisher\":{\"@id\":\"https:\\\/\\\/www.sindicaturabarcelona.cat\\\/es\\\/#organization\"},\"potentialAction\":[{\"@type\":\"SearchAction\",\"target\":{\"@type\":\"EntryPoint\",\"urlTemplate\":\"https:\\\/\\\/www.sindicaturabarcelona.cat\\\/es\\\/?s={search_term_string}\"},\"query-input\":{\"@type\":\"PropertyValueSpecification\",\"valueRequired\":true,\"valueName\":\"search_term_string\"}}],\"inLanguage\":\"es\"},{\"@type\":\"Organization\",\"@id\":\"https:\\\/\\\/www.sindicaturabarcelona.cat\\\/es\\\/#organization\",\"name\":\"Sindicatura de Greuges de Barcelona\",\"url\":\"https:\\\/\\\/www.sindicaturabarcelona.cat\\\/es\\\/\",\"logo\":{\"@type\":\"ImageObject\",\"inLanguage\":\"es\",\"@id\":\"https:\\\/\\\/www.sindicaturabarcelona.cat\\\/es\\\/#\\\/schema\\\/logo\\\/image\\\/\",\"url\":\"https:\\\/\\\/www.sindicaturabarcelona.cat\\\/wp-content\\\/uploads\\\/2023\\\/02\\\/logo_sindicatura.svg\",\"contentUrl\":\"https:\\\/\\\/www.sindicaturabarcelona.cat\\\/wp-content\\\/uploads\\\/2023\\\/02\\\/logo_sindicatura.svg\",\"caption\":\"Sindicatura de Greuges de Barcelona\"},\"image\":{\"@id\":\"https:\\\/\\\/www.sindicaturabarcelona.cat\\\/es\\\/#\\\/schema\\\/logo\\\/image\\\/\"},\"sameAs\":[\"https:\\\/\\\/x.com\\\/sindicbarcelona\",\"https:\\\/\\\/www.instagram.com\\\/sindicbarcelona\\\/\",\"https:\\\/\\\/www.tiktok.com\\\/@sindicaturabcn\",\"https:\\\/\\\/t.me\\\/sindicaturabarcelona\"]},{\"@type\":\"Person\",\"@id\":\"https:\\\/\\\/www.sindicaturabarcelona.cat\\\/es\\\/#\\\/schema\\\/person\\\/0e5acffc350ffdbc97578159322c9452\",\"name\":\"Pablo\",\"image\":{\"@type\":\"ImageObject\",\"inLanguage\":\"es\",\"@id\":\"https:\\\/\\\/secure.gravatar.com\\\/avatar\\\/c948169b402ef9492afde705c3dfd5e90e1a6a84ef6840a91124f805a25a480f?s=96&d=mm&r=g\",\"url\":\"https:\\\/\\\/secure.gravatar.com\\\/avatar\\\/c948169b402ef9492afde705c3dfd5e90e1a6a84ef6840a91124f805a25a480f?s=96&d=mm&r=g\",\"contentUrl\":\"https:\\\/\\\/secure.gravatar.com\\\/avatar\\\/c948169b402ef9492afde705c3dfd5e90e1a6a84ef6840a91124f805a25a480f?s=96&d=mm&r=g\",\"caption\":\"Pablo\"},\"url\":\"https:\\\/\\\/www.sindicaturabarcelona.cat\\\/es\\\/author\\\/pablo\\\/\"}]}<\/script>\n<!-- \/ Yoast SEO plugin. -->","yoast_head_json":{"title":"La Sindicatura reclama que se sigan creando zonas de estacionamiento de motos en la calzada y ampliar el espacio peatonal - Sindicatura de Greuges de Barcelona","description":"L'estrat\u00e8gia municipal no s\u2019ha de centrar nom\u00e9s en les sancions, sin\u00f3 tamb\u00e9 en campanyes de conscienciaci\u00f3.","robots":{"index":"index","follow":"follow","max-snippet":"max-snippet:-1","max-image-preview":"max-image-preview:large","max-video-preview":"max-video-preview:-1"},"canonical":"https:\/\/www.sindicaturabarcelona.cat\/es\/la-sindicatura-reclama-que-es-continuin-creant-zones-destacionament-de-motos-a-la-calcada-i-ampliar-lespai-per-a-vianants\/","og_locale":"es_ES","og_type":"article","og_title":"La Sindicatura reclama que se sigan creando zonas de estacionamiento de motos en la calzada y ampliar el espacio peatonal - Sindicatura de Greuges de Barcelona","og_description":"L'estrat\u00e8gia municipal no s\u2019ha de centrar nom\u00e9s en les sancions, sin\u00f3 tamb\u00e9 en campanyes de conscienciaci\u00f3.","og_url":"https:\/\/www.sindicaturabarcelona.cat\/es\/la-sindicatura-reclama-que-es-continuin-creant-zones-destacionament-de-motos-a-la-calcada-i-ampliar-lespai-per-a-vianants\/","og_site_name":"Sindicatura de Greuges de Barcelona","article_published_time":"2025-11-14T07:17:00+00:00","article_modified_time":"2025-11-18T16:42:49+00:00","og_image":[{"width":2560,"height":1707,"url":"https:\/\/www.sindicaturabarcelona.cat\/wp-content\/uploads\/vista-en-altura-dun-aparcament-de-mo-scaled.jpg","type":"image\/jpeg"}],"author":"Pablo","twitter_card":"summary_large_image","twitter_creator":"@sindicbarcelona","twitter_site":"@sindicbarcelona","twitter_misc":{"Escrito por":"Pablo","Tiempo de lectura":"5 minutos"},"schema":{"@context":"https:\/\/schema.org","@graph":[{"@type":"Article","@id":"https:\/\/www.sindicaturabarcelona.cat\/es\/la-sindicatura-reclama-que-es-continuin-creant-zones-destacionament-de-motos-a-la-calcada-i-ampliar-lespai-per-a-vianants\/#article","isPartOf":{"@id":"https:\/\/www.sindicaturabarcelona.cat\/es\/la-sindicatura-reclama-que-es-continuin-creant-zones-destacionament-de-motos-a-la-calcada-i-ampliar-lespai-per-a-vianants\/"},"author":{"name":"Pablo","@id":"https:\/\/www.sindicaturabarcelona.cat\/es\/#\/schema\/person\/0e5acffc350ffdbc97578159322c9452"},"headline":"La Sindicatura reclama que se sigan creando zonas de estacionamiento de motos en la calzada y ampliar el espacio peatonal","datePublished":"2025-11-14T07:17:00+00:00","dateModified":"2025-11-18T16:42:49+00:00","mainEntityOfPage":{"@id":"https:\/\/www.sindicaturabarcelona.cat\/es\/la-sindicatura-reclama-que-es-continuin-creant-zones-destacionament-de-motos-a-la-calcada-i-ampliar-lespai-per-a-vianants\/"},"wordCount":813,"publisher":{"@id":"https:\/\/www.sindicaturabarcelona.cat\/es\/#organization"},"image":{"@id":"https:\/\/www.sindicaturabarcelona.cat\/es\/la-sindicatura-reclama-que-es-continuin-creant-zones-destacionament-de-motos-a-la-calcada-i-ampliar-lespai-per-a-vianants\/#primaryimage"},"thumbnailUrl":"https:\/\/www.sindicaturabarcelona.cat\/wp-content\/uploads\/vista-en-altura-dun-aparcament-de-mo-scaled.jpg","inLanguage":"es"},{"@type":"WebPage","@id":"https:\/\/www.sindicaturabarcelona.cat\/es\/la-sindicatura-reclama-que-es-continuin-creant-zones-destacionament-de-motos-a-la-calcada-i-ampliar-lespai-per-a-vianants\/","url":"https:\/\/www.sindicaturabarcelona.cat\/es\/la-sindicatura-reclama-que-es-continuin-creant-zones-destacionament-de-motos-a-la-calcada-i-ampliar-lespai-per-a-vianants\/","name":"La Sindicatura reclama que se sigan creando zonas de estacionamiento de motos en la calzada y ampliar el espacio peatonal - Sindicatura de Greuges de Barcelona","isPartOf":{"@id":"https:\/\/www.sindicaturabarcelona.cat\/es\/#website"},"primaryImageOfPage":{"@id":"https:\/\/www.sindicaturabarcelona.cat\/es\/la-sindicatura-reclama-que-es-continuin-creant-zones-destacionament-de-motos-a-la-calcada-i-ampliar-lespai-per-a-vianants\/#primaryimage"},"image":{"@id":"https:\/\/www.sindicaturabarcelona.cat\/es\/la-sindicatura-reclama-que-es-continuin-creant-zones-destacionament-de-motos-a-la-calcada-i-ampliar-lespai-per-a-vianants\/#primaryimage"},"thumbnailUrl":"https:\/\/www.sindicaturabarcelona.cat\/wp-content\/uploads\/vista-en-altura-dun-aparcament-de-mo-scaled.jpg","datePublished":"2025-11-14T07:17:00+00:00","dateModified":"2025-11-18T16:42:49+00:00","description":"L'estrat\u00e8gia municipal no s\u2019ha de centrar nom\u00e9s en les sancions, sin\u00f3 tamb\u00e9 en campanyes de conscienciaci\u00f3.","breadcrumb":{"@id":"https:\/\/www.sindicaturabarcelona.cat\/es\/la-sindicatura-reclama-que-es-continuin-creant-zones-destacionament-de-motos-a-la-calcada-i-ampliar-lespai-per-a-vianants\/#breadcrumb"},"inLanguage":"es","potentialAction":[{"@type":"ReadAction","target":["https:\/\/www.sindicaturabarcelona.cat\/es\/la-sindicatura-reclama-que-es-continuin-creant-zones-destacionament-de-motos-a-la-calcada-i-ampliar-lespai-per-a-vianants\/"]}]},{"@type":"ImageObject","inLanguage":"es","@id":"https:\/\/www.sindicaturabarcelona.cat\/es\/la-sindicatura-reclama-que-es-continuin-creant-zones-destacionament-de-motos-a-la-calcada-i-ampliar-lespai-per-a-vianants\/#primaryimage","url":"https:\/\/www.sindicaturabarcelona.cat\/wp-content\/uploads\/vista-en-altura-dun-aparcament-de-mo-scaled.jpg","contentUrl":"https:\/\/www.sindicaturabarcelona.cat\/wp-content\/uploads\/vista-en-altura-dun-aparcament-de-mo-scaled.jpg","width":2560,"height":1707,"caption":"aparcament moto cal\u00e7ada"},{"@type":"BreadcrumbList","@id":"https:\/\/www.sindicaturabarcelona.cat\/es\/la-sindicatura-reclama-que-es-continuin-creant-zones-destacionament-de-motos-a-la-calcada-i-ampliar-lespai-per-a-vianants\/#breadcrumb","itemListElement":[{"@type":"ListItem","position":1,"name":"Inici","item":"https:\/\/www.sindicaturabarcelona.cat\/es\/"},{"@type":"ListItem","position":2,"name":"La Sindicatura reclama que se sigan creando zonas de estacionamiento de motos en la calzada y ampliar el espacio peatonal"}]},{"@type":"WebSite","@id":"https:\/\/www.sindicaturabarcelona.cat\/es\/#website","url":"https:\/\/www.sindicaturabarcelona.cat\/es\/","name":"Sindicatura de Greuges de Barcelona","description":"La defensoria dels teus drets","publisher":{"@id":"https:\/\/www.sindicaturabarcelona.cat\/es\/#organization"},"potentialAction":[{"@type":"SearchAction","target":{"@type":"EntryPoint","urlTemplate":"https:\/\/www.sindicaturabarcelona.cat\/es\/?s={search_term_string}"},"query-input":{"@type":"PropertyValueSpecification","valueRequired":true,"valueName":"search_term_string"}}],"inLanguage":"es"},{"@type":"Organization","@id":"https:\/\/www.sindicaturabarcelona.cat\/es\/#organization","name":"Sindicatura de Greuges de Barcelona","url":"https:\/\/www.sindicaturabarcelona.cat\/es\/","logo":{"@type":"ImageObject","inLanguage":"es","@id":"https:\/\/www.sindicaturabarcelona.cat\/es\/#\/schema\/logo\/image\/","url":"https:\/\/www.sindicaturabarcelona.cat\/wp-content\/uploads\/2023\/02\/logo_sindicatura.svg","contentUrl":"https:\/\/www.sindicaturabarcelona.cat\/wp-content\/uploads\/2023\/02\/logo_sindicatura.svg","caption":"Sindicatura de Greuges de Barcelona"},"image":{"@id":"https:\/\/www.sindicaturabarcelona.cat\/es\/#\/schema\/logo\/image\/"},"sameAs":["https:\/\/x.com\/sindicbarcelona","https:\/\/www.instagram.com\/sindicbarcelona\/","https:\/\/www.tiktok.com\/@sindicaturabcn","https:\/\/t.me\/sindicaturabarcelona"]},{"@type":"Person","@id":"https:\/\/www.sindicaturabarcelona.cat\/es\/#\/schema\/person\/0e5acffc350ffdbc97578159322c9452","name":"Pablo","image":{"@type":"ImageObject","inLanguage":"es","@id":"https:\/\/secure.gravatar.com\/avatar\/c948169b402ef9492afde705c3dfd5e90e1a6a84ef6840a91124f805a25a480f?s=96&d=mm&r=g","url":"https:\/\/secure.gravatar.com\/avatar\/c948169b402ef9492afde705c3dfd5e90e1a6a84ef6840a91124f805a25a480f?s=96&d=mm&r=g","contentUrl":"https:\/\/secure.gravatar.com\/avatar\/c948169b402ef9492afde705c3dfd5e90e1a6a84ef6840a91124f805a25a480f?s=96&d=mm&r=g","caption":"Pablo"},"url":"https:\/\/www.sindicaturabarcelona.cat\/es\/author\/pablo\/"}]}},"_links":{"self":[{"href":"https:\/\/www.sindicaturabarcelona.cat\/es\/wp-json\/wp\/v2\/posts\/40282","targetHints":{"allow":["GET"]}}],"collection":[{"href":"https:\/\/www.sindicaturabarcelona.cat\/es\/wp-json\/wp\/v2\/posts"}],"about":[{"href":"https:\/\/www.sindicaturabarcelona.cat\/es\/wp-json\/wp\/v2\/types\/post"}],"author":[{"embeddable":true,"href":"https:\/\/www.sindicaturabarcelona.cat\/es\/wp-json\/wp\/v2\/users\/2"}],"replies":[{"embeddable":true,"href":"https:\/\/www.sindicaturabarcelona.cat\/es\/wp-json\/wp\/v2\/comments?post=40282"}],"version-history":[{"count":13,"href":"https:\/\/www.sindicaturabarcelona.cat\/es\/wp-json\/wp\/v2\/posts\/40282\/revisions"}],"predecessor-version":[{"id":40377,"href":"https:\/\/www.sindicaturabarcelona.cat\/es\/wp-json\/wp\/v2\/posts\/40282\/revisions\/40377"}],"wp:featuredmedia":[{"embeddable":true,"href":"https:\/\/www.sindicaturabarcelona.cat\/es\/wp-json\/wp\/v2\/media\/40271"}],"wp:attachment":[{"href":"https:\/\/www.sindicaturabarcelona.cat\/es\/wp-json\/wp\/v2\/media?parent=40282"}],"wp:term":[{"taxonomy":"post_tag","embeddable":true,"href":"https:\/\/www.sindicaturabarcelona.cat\/es\/wp-json\/wp\/v2\/tags?post=40282"},{"taxonomy":"drets","embeddable":true,"href":"https:\/\/www.sindicaturabarcelona.cat\/es\/wp-json\/wp\/v2\/drets?post=40282"}],"curies":[{"name":"wp","href":"https:\/\/api.w.org\/{rel}","templated":true}]}}