{"id":40154,"date":"2025-11-06T09:23:54","date_gmt":"2025-11-06T07:23:54","guid":{"rendered":"https:\/\/www.sindicaturabarcelona.cat\/?p=40154"},"modified":"2025-11-06T09:59:50","modified_gmt":"2025-11-06T07:59:50","slug":"la-sindicatura-insta-a-resolver-definitivamente-el-problema-de-malos-olores-en-la-estacion-de-recogida-de-residuos-del-parque-del-centre-del-poblenou","status":"publish","type":"post","link":"https:\/\/www.sindicaturabarcelona.cat\/es\/la-sindicatura-insta-a-resolver-definitivamente-el-problema-de-malos-olores-en-la-estacion-de-recogida-de-residuos-del-parque-del-centre-del-poblenou\/","title":{"rendered":"La Sindicatura insta a resolver definitivamente el problema de malos olores en la estaci\u00f3n de recogida de residuos del Parque del Centre del Poblenou"},"content":{"rendered":"\n<h2 class=\"wp-block-heading\">Las medidas que se han tomado para solucionar el problema, derivado de la operativa y el mantenimiento de la estaci\u00f3n, con numerosos tramos de tuber\u00edas a arreglar, no han sido efectivas.<\/h2>\n\n\n\n<h2 class=\"wp-block-heading\">Es imprescindible que el consistorio, de cara a los pr\u00f3ximos a\u00f1os, sustituya a los filtros no m\u00e1s tarde de abril o mayo, fechas a partir de las cuales se incrementan las temperaturas.<\/h2>\n\n\n\n<p>La defensor\u00eda de la ciudad recibi\u00f3 dos quejas por mal olor intenso y continuado que proven\u00eda de la estaci\u00f3n de recogida neum\u00e1tica en el <a href=\"https:\/\/www.barcelona.cat\/es\/que-hacer-en-bcn\/parques-y-jardines\/parc-del-centre-del-poblenou-99400201005\" target=\"_blank\" rel=\"noreferrer noopener\">Parque del Centre del Poblenou<\/a> (Distrito de Sant Mart\u00ed), las cuales han derivado <a href=\"https:\/\/www.sindicaturabarcelona.cat\/wp-content\/uploads\/202511_Dret-Medi-Ambient-Contaminacio-Atmosferica_Recollida-Pneumatica-Residus-Poblenou_25Q000605.pdf\" target=\"_blank\" rel=\"noreferrer noopener\">en esta resoluci\u00f3n<\/a>. En total, el Ayuntamiento recibi\u00f3 <strong>m\u00e1s de cuarenta quejas durante 2024 y el primer semestre de 2025 por esta misma situaci\u00f3n<\/strong>.<\/p>\n\n\n\n<p>El consistorio alega que, efectivamente, se detectaron hedores en este punto, un problema relacionado con la operativa y mantenimiento de la estaci\u00f3n, pero que la empresa que se encarga de la gesti\u00f3n del servicio resolvi\u00f3 con el cambio de los filtros durante septiembre de 2024. En aquella ocasi\u00f3n se demor\u00f3 el cambio por un problema de suministro.<\/p>\n\n\n\n<p>La compa\u00f1\u00eda gestora tambi\u00e9n increment\u00f3 la limpieza de las zonas afectadas y ajust\u00f3 el tiempo de apertura de las puertas de la instalaci\u00f3n para reducirlo al m\u00ednimo necesario. Pero <strong>estas medidas no han sido efectivas, ya que los malos olores persisten, seg\u00fan los vecinos y las vecinas<\/strong>. Adem\u00e1s, el ente municipal detect\u00f3 hasta 44 tramos de tuber\u00edas que deben repararse, dado que presentaban agujeros.<\/p>\n\n\n\n<p>Por todo ello, el Ayuntamiento ha pedido a la empresa que adopte <strong>nuevas medidas de control y mantenimiento preventivo<\/strong>:<\/p>\n\n\n\n<ul class=\"wp-block-list\">\n<li><strong>avanzar a julio la sustituci\u00f3n de los filtros<\/strong> (este a\u00f1o efectiva el d\u00eda 8 de ese mes), que estaba planificada en un principio para septiembre. De cara a los pr\u00f3ximos a\u00f1os se prev\u00e9 llevarla a cabo durante abril o mayo. Este punto es primordial, ya que son las fechas a partir de las cuales aumenta la temperatura.<\/li>\n<\/ul>\n\n\n\n<ul class=\"wp-block-list\">\n<li><strong>realizar la recogida de residuos de los contenedores antes del horario actual<\/strong>, las 7 de la ma\u00f1ana. Hay que recordar que entre mediados de mayo y mediados de julio la salida del sol, cuyo punto a partir del cual empieza a hacer m\u00e1s calor, es anterior a las seis y media.<\/li>\n<\/ul>\n\n\n\n<ul class=\"wp-block-list\">\n<li><strong>evaluar la instalaci\u00f3n<\/strong> para buscar otras soluciones.<\/li>\n<\/ul>\n\n\n\n<ul class=\"wp-block-list\">\n<li><strong>realizar un seguimiento del estado de las tuber\u00edas<\/strong> con c\u00e1maras que se colocar\u00e1n dentro, seg\u00fan consta en el Plan de choque municipal para la mejora de la recogida neum\u00e1tica.<\/li>\n<\/ul>\n\n\n\n<p>Otro de los problemas detectados es que los buzones a menudo est\u00e1n da\u00f1ados por haber depositado residuos no adecuados. En este punto, es necesario insistir en la necesidad de una <strong>mayor corresponsabilidad ciudadana<\/strong>, ya que, adem\u00e1s del derecho, tambi\u00e9n existe el deber en la ciudad.<\/p>\n\n\n\n<h2 class=\"wp-block-heading\">Los hedores, recurrentes en verano y causa de problemas de salud<\/h2>\n\n\n\n<p>Los malos olores afectan a una parte importante de la poblaci\u00f3n y son una de las causas de queja medioambiental m\u00e1s frecuentes. Concretamente, los episodios provocados por el dep\u00f3sito y la recogida de residuos son recurrentes durante la \u00e9poca estival. Estas molestias pueden causar <strong>problemas de salud a las personas que las padecen<\/strong>.<\/p>\n\n\n\n<p>Precisamente, <strong><a href=\"https:\/\/ajuntament.barcelona.cat\/neteja-i-residus\/es\/recogida-domestica\/sistemas-de-recogida-de-las-5-fracciones\/buzones-de-recogida-neumatica\" target=\"_blank\" rel=\"noreferrer noopener\">la recogida neum\u00e1tica<\/a> es un sistema pensado para no generar hedores<\/strong> que consiste en depositar los residuos en unos buzones conectados a un punto central de aspiraci\u00f3n por una red de tuber\u00edas subterr\u00e1neas. Ahora bien, los residuos separados de las fracciones no se pueden recoger con estos buzones, y deben llevarse a los contenedores m\u00e1s cercanos.<\/p>\n\n\n\n<p>Recientemente, la Sindicatura ha emitido <a href=\"https:\/\/www.sindicaturabarcelona.cat\/wp-content\/uploads\/202510_Dret-Medi-Ambient-Neteja-Gestio-Residus_bustia-pneumatica-deixalles-Ciutat-Vella_25Q000399.pdf\" target=\"_blank\" rel=\"noreferrer noopener\">otra resoluci\u00f3n sobre el estado de mantenimiento de este sistema de recogida<\/a>, en este caso en una calle del Distrito de Ciutat Vella.<\/p>\n\n\n\n<h2 class=\"wp-block-heading\">Las recomendaciones de la Sindicatura<\/h2>\n\n\n\n<p>La Sindicatura de Greuges de Barcelona concluye <a href=\"https:\/\/www.sindicaturabarcelona.cat\/wp-content\/uploads\/202511_Dret-Medi-Ambient-Contaminacio-Atmosferica_Recollida-Pneumatica-Residus-Poblenou_25Q000605.pdf\" target=\"_blank\" rel=\"noreferrer noopener\">en su resoluci\u00f3n<\/a> que <strong>el Ayuntamiento, a pesar de las actuaciones realizadas, no ha sido suficientemente eficaz<\/strong> para solucionar las molestias de malos olores que sufre el vecindario de la zona donde se encuentra la central de recogida neum\u00e1tica de residuos del Parque del Centre del Poblenou. Por todo lo anteriormente expuesto, esta Sindicatura recomienda que:<\/p>\n\n\n\n<ul class=\"wp-block-list\">\n<li>se siga ejecutando la reparaci\u00f3n de todos los buzones y tuber\u00edas de recogida neum\u00e1tica que est\u00e9n da\u00f1ados.<\/li>\n<\/ul>\n\n\n\n<ul class=\"wp-block-list\">\n<li>si las molestias contin\u00faan despu\u00e9s de haber reparado todos los buzones y tuber\u00edas, se valore la implementaci\u00f3n de otros sistemas de recogida de residuos en esta zona para evitar los malos olores que se generan, antes de la llegada de las altas temperaturas de 2026.<\/li>\n<\/ul>\n","protected":false},"excerpt":{"rendered":"<p>Las medidas que se han tomado para solucionar el problema, derivado de la operativa y el mantenimiento de la estaci\u00f3n, con numerosos tramos de tuber\u00edas a arreglar, no han sido [&hellip;]<\/p>\n","protected":false},"author":2,"featured_media":40141,"comment_status":"closed","ping_status":"closed","sticky":false,"template":"","format":"standard","meta":{"_acf_changed":false,"footnotes":""},"tags":[],"drets":[1477,1592],"class_list":["post-40154","post","type-post","status-publish","format-standard","has-post-thumbnail","hentry","drets-ciudad-habitable-y-sostenible","drets-derecho-al-medio-ambiente"],"acf":[],"yoast_head":"<!-- This site is optimized with the Yoast SEO plugin v27.5 - https:\/\/yoast.com\/product\/yoast-seo-wordpress\/ -->\n<title>La Sindicatura insta a resolver definitivamente el problema de malos olores en la estaci\u00f3n de recogida de residuos del Parque del Centre del Poblenou - Sindicatura de Greuges de Barcelona<\/title>\n<meta name=\"description\" content=\"Es imprescindible que el consistorio suya los filtros no m\u00e1s tarde de abril o mayo, cuando comienza a aumentar el calor.\" \/>\n<meta name=\"robots\" content=\"index, follow, max-snippet:-1, max-image-preview:large, max-video-preview:-1\" \/>\n<link rel=\"canonical\" href=\"https:\/\/www.sindicaturabarcelona.cat\/es\/la-sindicatura-insta-a-resolver-definitivamente-el-problema-de-malos-olores-en-la-estacion-de-recogida-de-residuos-del-parque-del-centre-del-poblenou\/\" \/>\n<meta property=\"og:locale\" content=\"es_ES\" \/>\n<meta property=\"og:type\" content=\"article\" \/>\n<meta property=\"og:title\" content=\"La Sindicatura insta a resolver definitivamente el problema de malos olores en la estaci\u00f3n de recogida de residuos del Parque del Centre del Poblenou - Sindicatura de Greuges de Barcelona\" \/>\n<meta property=\"og:description\" content=\"Es imprescindible que el consistorio suya los filtros no m\u00e1s tarde de abril o mayo, cuando comienza a aumentar el calor.\" \/>\n<meta property=\"og:url\" content=\"https:\/\/www.sindicaturabarcelona.cat\/es\/la-sindicatura-insta-a-resolver-definitivamente-el-problema-de-malos-olores-en-la-estacion-de-recogida-de-residuos-del-parque-del-centre-del-poblenou\/\" \/>\n<meta property=\"og:site_name\" content=\"Sindicatura de Greuges de Barcelona\" \/>\n<meta property=\"article:published_time\" content=\"2025-11-06T07:23:54+00:00\" \/>\n<meta property=\"article:modified_time\" content=\"2025-11-06T07:59:50+00:00\" \/>\n<meta property=\"og:image\" content=\"https:\/\/www.sindicaturabarcelona.cat\/wp-content\/uploads\/nous-contenidors-pneumatics-dorganic.jpg\" \/>\n\t<meta property=\"og:image:width\" content=\"2000\" \/>\n\t<meta property=\"og:image:height\" content=\"1336\" \/>\n\t<meta property=\"og:image:type\" content=\"image\/jpeg\" \/>\n<meta name=\"author\" content=\"Pablo\" \/>\n<meta name=\"twitter:card\" content=\"summary_large_image\" \/>\n<meta name=\"twitter:creator\" content=\"@sindicbarcelona\" \/>\n<meta name=\"twitter:site\" content=\"@sindicbarcelona\" \/>\n<meta name=\"twitter:label1\" content=\"Escrito por\" \/>\n\t<meta name=\"twitter:data1\" content=\"Pablo\" \/>\n\t<meta name=\"twitter:label2\" content=\"Tiempo de lectura\" \/>\n\t<meta name=\"twitter:data2\" content=\"5 minutos\" \/>\n<script type=\"application\/ld+json\" class=\"yoast-schema-graph\">{\"@context\":\"https:\\\/\\\/schema.org\",\"@graph\":[{\"@type\":\"Article\",\"@id\":\"https:\\\/\\\/www.sindicaturabarcelona.cat\\\/es\\\/la-sindicatura-insta-a-resolver-definitivamente-el-problema-de-malos-olores-en-la-estacion-de-recogida-de-residuos-del-parque-del-centre-del-poblenou\\\/#article\",\"isPartOf\":{\"@id\":\"https:\\\/\\\/www.sindicaturabarcelona.cat\\\/es\\\/la-sindicatura-insta-a-resolver-definitivamente-el-problema-de-malos-olores-en-la-estacion-de-recogida-de-residuos-del-parque-del-centre-del-poblenou\\\/\"},\"author\":{\"name\":\"Pablo\",\"@id\":\"https:\\\/\\\/www.sindicaturabarcelona.cat\\\/es\\\/#\\\/schema\\\/person\\\/0e5acffc350ffdbc97578159322c9452\"},\"headline\":\"La Sindicatura insta a resolver definitivamente el problema de malos olores en la estaci\u00f3n de recogida de residuos del Parque del Centre del Poblenou\",\"datePublished\":\"2025-11-06T07:23:54+00:00\",\"dateModified\":\"2025-11-06T07:59:50+00:00\",\"mainEntityOfPage\":{\"@id\":\"https:\\\/\\\/www.sindicaturabarcelona.cat\\\/es\\\/la-sindicatura-insta-a-resolver-definitivamente-el-problema-de-malos-olores-en-la-estacion-de-recogida-de-residuos-del-parque-del-centre-del-poblenou\\\/\"},\"wordCount\":809,\"publisher\":{\"@id\":\"https:\\\/\\\/www.sindicaturabarcelona.cat\\\/es\\\/#organization\"},\"image\":{\"@id\":\"https:\\\/\\\/www.sindicaturabarcelona.cat\\\/es\\\/la-sindicatura-insta-a-resolver-definitivamente-el-problema-de-malos-olores-en-la-estacion-de-recogida-de-residuos-del-parque-del-centre-del-poblenou\\\/#primaryimage\"},\"thumbnailUrl\":\"https:\\\/\\\/www.sindicaturabarcelona.cat\\\/wp-content\\\/uploads\\\/nous-contenidors-pneumatics-dorganic.jpg\",\"inLanguage\":\"es\"},{\"@type\":\"WebPage\",\"@id\":\"https:\\\/\\\/www.sindicaturabarcelona.cat\\\/es\\\/la-sindicatura-insta-a-resolver-definitivamente-el-problema-de-malos-olores-en-la-estacion-de-recogida-de-residuos-del-parque-del-centre-del-poblenou\\\/\",\"url\":\"https:\\\/\\\/www.sindicaturabarcelona.cat\\\/es\\\/la-sindicatura-insta-a-resolver-definitivamente-el-problema-de-malos-olores-en-la-estacion-de-recogida-de-residuos-del-parque-del-centre-del-poblenou\\\/\",\"name\":\"La Sindicatura insta a resolver definitivamente el problema de malos olores en la estaci\u00f3n de recogida de residuos del Parque del Centre del Poblenou - Sindicatura de Greuges de Barcelona\",\"isPartOf\":{\"@id\":\"https:\\\/\\\/www.sindicaturabarcelona.cat\\\/es\\\/#website\"},\"primaryImageOfPage\":{\"@id\":\"https:\\\/\\\/www.sindicaturabarcelona.cat\\\/es\\\/la-sindicatura-insta-a-resolver-definitivamente-el-problema-de-malos-olores-en-la-estacion-de-recogida-de-residuos-del-parque-del-centre-del-poblenou\\\/#primaryimage\"},\"image\":{\"@id\":\"https:\\\/\\\/www.sindicaturabarcelona.cat\\\/es\\\/la-sindicatura-insta-a-resolver-definitivamente-el-problema-de-malos-olores-en-la-estacion-de-recogida-de-residuos-del-parque-del-centre-del-poblenou\\\/#primaryimage\"},\"thumbnailUrl\":\"https:\\\/\\\/www.sindicaturabarcelona.cat\\\/wp-content\\\/uploads\\\/nous-contenidors-pneumatics-dorganic.jpg\",\"datePublished\":\"2025-11-06T07:23:54+00:00\",\"dateModified\":\"2025-11-06T07:59:50+00:00\",\"description\":\"Es imprescindible que el consistorio suya los filtros no m\u00e1s tarde de abril o mayo, cuando comienza a aumentar el calor.\",\"breadcrumb\":{\"@id\":\"https:\\\/\\\/www.sindicaturabarcelona.cat\\\/es\\\/la-sindicatura-insta-a-resolver-definitivamente-el-problema-de-malos-olores-en-la-estacion-de-recogida-de-residuos-del-parque-del-centre-del-poblenou\\\/#breadcrumb\"},\"inLanguage\":\"es\",\"potentialAction\":[{\"@type\":\"ReadAction\",\"target\":[\"https:\\\/\\\/www.sindicaturabarcelona.cat\\\/es\\\/la-sindicatura-insta-a-resolver-definitivamente-el-problema-de-malos-olores-en-la-estacion-de-recogida-de-residuos-del-parque-del-centre-del-poblenou\\\/\"]}]},{\"@type\":\"ImageObject\",\"inLanguage\":\"es\",\"@id\":\"https:\\\/\\\/www.sindicaturabarcelona.cat\\\/es\\\/la-sindicatura-insta-a-resolver-definitivamente-el-problema-de-malos-olores-en-la-estacion-de-recogida-de-residuos-del-parque-del-centre-del-poblenou\\\/#primaryimage\",\"url\":\"https:\\\/\\\/www.sindicaturabarcelona.cat\\\/wp-content\\\/uploads\\\/nous-contenidors-pneumatics-dorganic.jpg\",\"contentUrl\":\"https:\\\/\\\/www.sindicaturabarcelona.cat\\\/wp-content\\\/uploads\\\/nous-contenidors-pneumatics-dorganic.jpg\",\"width\":2000,\"height\":1336},{\"@type\":\"BreadcrumbList\",\"@id\":\"https:\\\/\\\/www.sindicaturabarcelona.cat\\\/es\\\/la-sindicatura-insta-a-resolver-definitivamente-el-problema-de-malos-olores-en-la-estacion-de-recogida-de-residuos-del-parque-del-centre-del-poblenou\\\/#breadcrumb\",\"itemListElement\":[{\"@type\":\"ListItem\",\"position\":1,\"name\":\"Inici\",\"item\":\"https:\\\/\\\/www.sindicaturabarcelona.cat\\\/es\\\/\"},{\"@type\":\"ListItem\",\"position\":2,\"name\":\"La Sindicatura insta a resolver definitivamente el problema de malos olores en la estaci\u00f3n de recogida de residuos del Parque del Centre del Poblenou\"}]},{\"@type\":\"WebSite\",\"@id\":\"https:\\\/\\\/www.sindicaturabarcelona.cat\\\/es\\\/#website\",\"url\":\"https:\\\/\\\/www.sindicaturabarcelona.cat\\\/es\\\/\",\"name\":\"Sindicatura de Greuges de Barcelona\",\"description\":\"La defensoria dels teus drets\",\"publisher\":{\"@id\":\"https:\\\/\\\/www.sindicaturabarcelona.cat\\\/es\\\/#organization\"},\"potentialAction\":[{\"@type\":\"SearchAction\",\"target\":{\"@type\":\"EntryPoint\",\"urlTemplate\":\"https:\\\/\\\/www.sindicaturabarcelona.cat\\\/es\\\/?s={search_term_string}\"},\"query-input\":{\"@type\":\"PropertyValueSpecification\",\"valueRequired\":true,\"valueName\":\"search_term_string\"}}],\"inLanguage\":\"es\"},{\"@type\":\"Organization\",\"@id\":\"https:\\\/\\\/www.sindicaturabarcelona.cat\\\/es\\\/#organization\",\"name\":\"Sindicatura de Greuges de Barcelona\",\"url\":\"https:\\\/\\\/www.sindicaturabarcelona.cat\\\/es\\\/\",\"logo\":{\"@type\":\"ImageObject\",\"inLanguage\":\"es\",\"@id\":\"https:\\\/\\\/www.sindicaturabarcelona.cat\\\/es\\\/#\\\/schema\\\/logo\\\/image\\\/\",\"url\":\"https:\\\/\\\/www.sindicaturabarcelona.cat\\\/wp-content\\\/uploads\\\/2023\\\/02\\\/logo_sindicatura.svg\",\"contentUrl\":\"https:\\\/\\\/www.sindicaturabarcelona.cat\\\/wp-content\\\/uploads\\\/2023\\\/02\\\/logo_sindicatura.svg\",\"caption\":\"Sindicatura de Greuges de Barcelona\"},\"image\":{\"@id\":\"https:\\\/\\\/www.sindicaturabarcelona.cat\\\/es\\\/#\\\/schema\\\/logo\\\/image\\\/\"},\"sameAs\":[\"https:\\\/\\\/x.com\\\/sindicbarcelona\",\"https:\\\/\\\/www.instagram.com\\\/sindicbarcelona\\\/\",\"https:\\\/\\\/www.tiktok.com\\\/@sindicaturabcn\",\"https:\\\/\\\/t.me\\\/sindicaturabarcelona\"]},{\"@type\":\"Person\",\"@id\":\"https:\\\/\\\/www.sindicaturabarcelona.cat\\\/es\\\/#\\\/schema\\\/person\\\/0e5acffc350ffdbc97578159322c9452\",\"name\":\"Pablo\",\"image\":{\"@type\":\"ImageObject\",\"inLanguage\":\"es\",\"@id\":\"https:\\\/\\\/secure.gravatar.com\\\/avatar\\\/c948169b402ef9492afde705c3dfd5e90e1a6a84ef6840a91124f805a25a480f?s=96&d=mm&r=g\",\"url\":\"https:\\\/\\\/secure.gravatar.com\\\/avatar\\\/c948169b402ef9492afde705c3dfd5e90e1a6a84ef6840a91124f805a25a480f?s=96&d=mm&r=g\",\"contentUrl\":\"https:\\\/\\\/secure.gravatar.com\\\/avatar\\\/c948169b402ef9492afde705c3dfd5e90e1a6a84ef6840a91124f805a25a480f?s=96&d=mm&r=g\",\"caption\":\"Pablo\"},\"url\":\"https:\\\/\\\/www.sindicaturabarcelona.cat\\\/es\\\/author\\\/pablo\\\/\"}]}<\/script>\n<!-- \/ Yoast SEO plugin. -->","yoast_head_json":{"title":"La Sindicatura insta a resolver definitivamente el problema de malos olores en la estaci\u00f3n de recogida de residuos del Parque del Centre del Poblenou - Sindicatura de Greuges de Barcelona","description":"Es imprescindible que el consistorio suya los filtros no m\u00e1s tarde de abril o mayo, cuando comienza a aumentar el calor.","robots":{"index":"index","follow":"follow","max-snippet":"max-snippet:-1","max-image-preview":"max-image-preview:large","max-video-preview":"max-video-preview:-1"},"canonical":"https:\/\/www.sindicaturabarcelona.cat\/es\/la-sindicatura-insta-a-resolver-definitivamente-el-problema-de-malos-olores-en-la-estacion-de-recogida-de-residuos-del-parque-del-centre-del-poblenou\/","og_locale":"es_ES","og_type":"article","og_title":"La Sindicatura insta a resolver definitivamente el problema de malos olores en la estaci\u00f3n de recogida de residuos del Parque del Centre del Poblenou - Sindicatura de Greuges de Barcelona","og_description":"Es imprescindible que el consistorio suya los filtros no m\u00e1s tarde de abril o mayo, cuando comienza a aumentar el calor.","og_url":"https:\/\/www.sindicaturabarcelona.cat\/es\/la-sindicatura-insta-a-resolver-definitivamente-el-problema-de-malos-olores-en-la-estacion-de-recogida-de-residuos-del-parque-del-centre-del-poblenou\/","og_site_name":"Sindicatura de Greuges de Barcelona","article_published_time":"2025-11-06T07:23:54+00:00","article_modified_time":"2025-11-06T07:59:50+00:00","og_image":[{"width":2000,"height":1336,"url":"https:\/\/www.sindicaturabarcelona.cat\/wp-content\/uploads\/nous-contenidors-pneumatics-dorganic.jpg","type":"image\/jpeg"}],"author":"Pablo","twitter_card":"summary_large_image","twitter_creator":"@sindicbarcelona","twitter_site":"@sindicbarcelona","twitter_misc":{"Escrito por":"Pablo","Tiempo de lectura":"5 minutos"},"schema":{"@context":"https:\/\/schema.org","@graph":[{"@type":"Article","@id":"https:\/\/www.sindicaturabarcelona.cat\/es\/la-sindicatura-insta-a-resolver-definitivamente-el-problema-de-malos-olores-en-la-estacion-de-recogida-de-residuos-del-parque-del-centre-del-poblenou\/#article","isPartOf":{"@id":"https:\/\/www.sindicaturabarcelona.cat\/es\/la-sindicatura-insta-a-resolver-definitivamente-el-problema-de-malos-olores-en-la-estacion-de-recogida-de-residuos-del-parque-del-centre-del-poblenou\/"},"author":{"name":"Pablo","@id":"https:\/\/www.sindicaturabarcelona.cat\/es\/#\/schema\/person\/0e5acffc350ffdbc97578159322c9452"},"headline":"La Sindicatura insta a resolver definitivamente el problema de malos olores en la estaci\u00f3n de recogida de residuos del Parque del Centre del Poblenou","datePublished":"2025-11-06T07:23:54+00:00","dateModified":"2025-11-06T07:59:50+00:00","mainEntityOfPage":{"@id":"https:\/\/www.sindicaturabarcelona.cat\/es\/la-sindicatura-insta-a-resolver-definitivamente-el-problema-de-malos-olores-en-la-estacion-de-recogida-de-residuos-del-parque-del-centre-del-poblenou\/"},"wordCount":809,"publisher":{"@id":"https:\/\/www.sindicaturabarcelona.cat\/es\/#organization"},"image":{"@id":"https:\/\/www.sindicaturabarcelona.cat\/es\/la-sindicatura-insta-a-resolver-definitivamente-el-problema-de-malos-olores-en-la-estacion-de-recogida-de-residuos-del-parque-del-centre-del-poblenou\/#primaryimage"},"thumbnailUrl":"https:\/\/www.sindicaturabarcelona.cat\/wp-content\/uploads\/nous-contenidors-pneumatics-dorganic.jpg","inLanguage":"es"},{"@type":"WebPage","@id":"https:\/\/www.sindicaturabarcelona.cat\/es\/la-sindicatura-insta-a-resolver-definitivamente-el-problema-de-malos-olores-en-la-estacion-de-recogida-de-residuos-del-parque-del-centre-del-poblenou\/","url":"https:\/\/www.sindicaturabarcelona.cat\/es\/la-sindicatura-insta-a-resolver-definitivamente-el-problema-de-malos-olores-en-la-estacion-de-recogida-de-residuos-del-parque-del-centre-del-poblenou\/","name":"La Sindicatura insta a resolver definitivamente el problema de malos olores en la estaci\u00f3n de recogida de residuos del Parque del Centre del Poblenou - Sindicatura de Greuges de Barcelona","isPartOf":{"@id":"https:\/\/www.sindicaturabarcelona.cat\/es\/#website"},"primaryImageOfPage":{"@id":"https:\/\/www.sindicaturabarcelona.cat\/es\/la-sindicatura-insta-a-resolver-definitivamente-el-problema-de-malos-olores-en-la-estacion-de-recogida-de-residuos-del-parque-del-centre-del-poblenou\/#primaryimage"},"image":{"@id":"https:\/\/www.sindicaturabarcelona.cat\/es\/la-sindicatura-insta-a-resolver-definitivamente-el-problema-de-malos-olores-en-la-estacion-de-recogida-de-residuos-del-parque-del-centre-del-poblenou\/#primaryimage"},"thumbnailUrl":"https:\/\/www.sindicaturabarcelona.cat\/wp-content\/uploads\/nous-contenidors-pneumatics-dorganic.jpg","datePublished":"2025-11-06T07:23:54+00:00","dateModified":"2025-11-06T07:59:50+00:00","description":"Es imprescindible que el consistorio suya los filtros no m\u00e1s tarde de abril o mayo, cuando comienza a aumentar el calor.","breadcrumb":{"@id":"https:\/\/www.sindicaturabarcelona.cat\/es\/la-sindicatura-insta-a-resolver-definitivamente-el-problema-de-malos-olores-en-la-estacion-de-recogida-de-residuos-del-parque-del-centre-del-poblenou\/#breadcrumb"},"inLanguage":"es","potentialAction":[{"@type":"ReadAction","target":["https:\/\/www.sindicaturabarcelona.cat\/es\/la-sindicatura-insta-a-resolver-definitivamente-el-problema-de-malos-olores-en-la-estacion-de-recogida-de-residuos-del-parque-del-centre-del-poblenou\/"]}]},{"@type":"ImageObject","inLanguage":"es","@id":"https:\/\/www.sindicaturabarcelona.cat\/es\/la-sindicatura-insta-a-resolver-definitivamente-el-problema-de-malos-olores-en-la-estacion-de-recogida-de-residuos-del-parque-del-centre-del-poblenou\/#primaryimage","url":"https:\/\/www.sindicaturabarcelona.cat\/wp-content\/uploads\/nous-contenidors-pneumatics-dorganic.jpg","contentUrl":"https:\/\/www.sindicaturabarcelona.cat\/wp-content\/uploads\/nous-contenidors-pneumatics-dorganic.jpg","width":2000,"height":1336},{"@type":"BreadcrumbList","@id":"https:\/\/www.sindicaturabarcelona.cat\/es\/la-sindicatura-insta-a-resolver-definitivamente-el-problema-de-malos-olores-en-la-estacion-de-recogida-de-residuos-del-parque-del-centre-del-poblenou\/#breadcrumb","itemListElement":[{"@type":"ListItem","position":1,"name":"Inici","item":"https:\/\/www.sindicaturabarcelona.cat\/es\/"},{"@type":"ListItem","position":2,"name":"La Sindicatura insta a resolver definitivamente el problema de malos olores en la estaci\u00f3n de recogida de residuos del Parque del Centre del Poblenou"}]},{"@type":"WebSite","@id":"https:\/\/www.sindicaturabarcelona.cat\/es\/#website","url":"https:\/\/www.sindicaturabarcelona.cat\/es\/","name":"Sindicatura de Greuges de Barcelona","description":"La defensoria dels teus drets","publisher":{"@id":"https:\/\/www.sindicaturabarcelona.cat\/es\/#organization"},"potentialAction":[{"@type":"SearchAction","target":{"@type":"EntryPoint","urlTemplate":"https:\/\/www.sindicaturabarcelona.cat\/es\/?s={search_term_string}"},"query-input":{"@type":"PropertyValueSpecification","valueRequired":true,"valueName":"search_term_string"}}],"inLanguage":"es"},{"@type":"Organization","@id":"https:\/\/www.sindicaturabarcelona.cat\/es\/#organization","name":"Sindicatura de Greuges de Barcelona","url":"https:\/\/www.sindicaturabarcelona.cat\/es\/","logo":{"@type":"ImageObject","inLanguage":"es","@id":"https:\/\/www.sindicaturabarcelona.cat\/es\/#\/schema\/logo\/image\/","url":"https:\/\/www.sindicaturabarcelona.cat\/wp-content\/uploads\/2023\/02\/logo_sindicatura.svg","contentUrl":"https:\/\/www.sindicaturabarcelona.cat\/wp-content\/uploads\/2023\/02\/logo_sindicatura.svg","caption":"Sindicatura de Greuges de Barcelona"},"image":{"@id":"https:\/\/www.sindicaturabarcelona.cat\/es\/#\/schema\/logo\/image\/"},"sameAs":["https:\/\/x.com\/sindicbarcelona","https:\/\/www.instagram.com\/sindicbarcelona\/","https:\/\/www.tiktok.com\/@sindicaturabcn","https:\/\/t.me\/sindicaturabarcelona"]},{"@type":"Person","@id":"https:\/\/www.sindicaturabarcelona.cat\/es\/#\/schema\/person\/0e5acffc350ffdbc97578159322c9452","name":"Pablo","image":{"@type":"ImageObject","inLanguage":"es","@id":"https:\/\/secure.gravatar.com\/avatar\/c948169b402ef9492afde705c3dfd5e90e1a6a84ef6840a91124f805a25a480f?s=96&d=mm&r=g","url":"https:\/\/secure.gravatar.com\/avatar\/c948169b402ef9492afde705c3dfd5e90e1a6a84ef6840a91124f805a25a480f?s=96&d=mm&r=g","contentUrl":"https:\/\/secure.gravatar.com\/avatar\/c948169b402ef9492afde705c3dfd5e90e1a6a84ef6840a91124f805a25a480f?s=96&d=mm&r=g","caption":"Pablo"},"url":"https:\/\/www.sindicaturabarcelona.cat\/es\/author\/pablo\/"}]}},"_links":{"self":[{"href":"https:\/\/www.sindicaturabarcelona.cat\/es\/wp-json\/wp\/v2\/posts\/40154","targetHints":{"allow":["GET"]}}],"collection":[{"href":"https:\/\/www.sindicaturabarcelona.cat\/es\/wp-json\/wp\/v2\/posts"}],"about":[{"href":"https:\/\/www.sindicaturabarcelona.cat\/es\/wp-json\/wp\/v2\/types\/post"}],"author":[{"embeddable":true,"href":"https:\/\/www.sindicaturabarcelona.cat\/es\/wp-json\/wp\/v2\/users\/2"}],"replies":[{"embeddable":true,"href":"https:\/\/www.sindicaturabarcelona.cat\/es\/wp-json\/wp\/v2\/comments?post=40154"}],"version-history":[{"count":22,"href":"https:\/\/www.sindicaturabarcelona.cat\/es\/wp-json\/wp\/v2\/posts\/40154\/revisions"}],"predecessor-version":[{"id":40184,"href":"https:\/\/www.sindicaturabarcelona.cat\/es\/wp-json\/wp\/v2\/posts\/40154\/revisions\/40184"}],"wp:featuredmedia":[{"embeddable":true,"href":"https:\/\/www.sindicaturabarcelona.cat\/es\/wp-json\/wp\/v2\/media\/40141"}],"wp:attachment":[{"href":"https:\/\/www.sindicaturabarcelona.cat\/es\/wp-json\/wp\/v2\/media?parent=40154"}],"wp:term":[{"taxonomy":"post_tag","embeddable":true,"href":"https:\/\/www.sindicaturabarcelona.cat\/es\/wp-json\/wp\/v2\/tags?post=40154"},{"taxonomy":"drets","embeddable":true,"href":"https:\/\/www.sindicaturabarcelona.cat\/es\/wp-json\/wp\/v2\/drets?post=40154"}],"curies":[{"name":"wp","href":"https:\/\/api.w.org\/{rel}","templated":true}]}}