{"id":40062,"date":"2025-10-31T09:15:31","date_gmt":"2025-10-31T07:15:31","guid":{"rendered":"https:\/\/www.sindicaturabarcelona.cat\/la-sindicatura-recomana-a-lajuntament-que-continui-implementant-les-mesures-que-calguin-per-garantir-laccessibilitat-a-lespai-public\/"},"modified":"2025-11-18T18:47:57","modified_gmt":"2025-11-18T16:47:57","slug":"la-sindicatura-recomana-a-lajuntament-que-continui-implementant-les-mesures-que-calguin-per-garantir-laccessibilitat-a-lespai-public","status":"publish","type":"post","link":"https:\/\/www.sindicaturabarcelona.cat\/es\/la-sindicatura-recomana-a-lajuntament-que-continui-implementant-les-mesures-que-calguin-per-garantir-laccessibilitat-a-lespai-public\/","title":{"rendered":"La Sindicatura recomienda al Ayuntamiento que contin\u00fae implementando las medidas necesarias para garantizar la accesibilidad al espacio p\u00fablico"},"content":{"rendered":"\n<h2 class=\"wp-block-heading\"><strong>La defensor\u00eda <\/strong><a href=\"https:\/\/www.sindicaturabarcelona.cat\/wp-content\/uploads\/202510_Dret-Inclusivitat-Accessibilitat-Serveis-Publics_paviment-podotactil-Bonanova-Ganduxer_25Q001200.pdf\">resuelve una queja<\/a><strong> de un ciudadano con discapacidad visual que solicitaba la instalaci\u00f3n de un pavimento que le facilitara la movilidad en las inmediaciones de la estaci\u00f3n de ferrocarriles de La Bonanova.<\/strong><\/h2>\n\n\n\n<h2 class=\"wp-block-heading\"><strong>Para garantizar que los entornos urbanos sean inclusivos, accesibles y seguros para toda la ciudadan\u00eda, las personas con discapacidad visual deben participar en el proceso de dise\u00f1o de la ciudad.<\/strong><\/h2>\n\n\n\n<p>Un ciudadano, que tiene discapacidad visual severa, present\u00f3 una instancia en el consistorio para pedir la colocaci\u00f3n de un <strong>pavimento podot\u00e1ctil<\/strong> que conecte los sem\u00e1foros del <strong>cruce de la v\u00eda Augusta con la calle Ganduxer<\/strong> (Distrito de Sarri\u00e0 \u2013 Sant Gervasi), para facilitarle el acceso a la estaci\u00f3n de ferrocarriles de La Bonanova. Al promotor de la queja le resultaba muy dif\u00edcil tener como referencia las paredes de las fachadas de los edificios para desplazarse con seguridad.<\/p>\n\n\n\n<p>Concretamente, la intervenci\u00f3n que solicitaba era la instalaci\u00f3n de un tipo de pavimento con un relieve distinto al del resto de la calle. Esto permite que las personas con ceguera puedan obtener informaci\u00f3n relevante sobre el entorno por el que caminan y, de este modo, garantizar su seguridad.<\/p>\n\n\n\n<p>El distrito, despu\u00e9s de que el ciudadano contactara con \u00e9l a trav\u00e9s del <a href=\"https:\/\/ajuntament.barcelona.cat\/es\/atencion-ciudadana-y-comunicacion\/canales-de-comunicacion-ciudadana\">sistema de incidencias y quejas municipal (IRIS)<\/a> y telef\u00f3nicamente, le comunic\u00f3 que las gestiones conjuntas con el Instituto Municipal de Personas con Discapacidad (IMPD) hab\u00edan culminado en la aprobaci\u00f3n de la intervenci\u00f3n requerida, y que \u00e9sta se ejecutar\u00eda en el segundo trimestre de 2025. En la informaci\u00f3n facilitada a la Sindicatura, se precis\u00f3 que la fecha ser\u00eda a finales de octubre. Dado el inter\u00e9s que el ciudadano manifest\u00f3 por esta cuesti\u00f3n, la Sindicatura considera que <strong>la Administraci\u00f3n deber\u00eda haberle notificado la informaci\u00f3n de forma proactiva<\/strong>.<\/p>\n\n\n\n<h2 class=\"wp-block-heading\">La ocupaci\u00f3n de las aceras vulnera el derecho a la accesibilidad<\/h2>\n\n\n\n<p>Barcelona es una ciudad referente en temas de accesibilidad. Sin embargo, destacamos las personas con discapacidad todav\u00eda tienen dificultades para realizar actividades tan cotidianas como ir a pasear.<\/p>\n\n\n\n<p>La defensor\u00eda de la ciudad, en su <a href=\"https:\/\/www.sindicaturabarcelona.cat\/wp-content\/uploads\/20251007-Informe-Anual-Castella.pdf\">informe anual de 2024<\/a>, detectaba que <strong>uno de los principales problemas que vulneran el derecho a la accesibilidad y la inclusividad es<\/strong> <a href=\"https:\/\/www.sindicaturabarcelona.cat\/es\/es-necesario-insistir-en-la-retirada-de-elementos-en-la-acera-y-adosados-a-la-fachada-que-dificultan-el-paso-a-personas-con-discapacidad-y-otros-colectivos-en-situacion-de-vulnerabilidad\/-collectius-en-situacio-de-vulnerabilitat\/\"><strong>la ocupaci\u00f3n de las aceras con jardineras<\/strong><\/a>, expositores o similares, lo que dificulta la movilidad de la ciudadan\u00eda. Adem\u00e1s, se inclu\u00eda como una de las 10 propuestas de mejora en asegurar los derechos de las personas con discapacidad.<\/p>\n\n\n\n<p>La Sindicatura, de hecho, pudo tomar conciencia de las dificultades, el estr\u00e9s y la inseguridad que un entorno poco adecuado puede provocar en las personas ciegas <a href=\"https:\/\/www.instagram.com\/p\/CvMpv_HsJ2J\/\">en una visita por las calles de la ciudad con representantes de la ONCE y con personas con discapacidad visual<\/a>. Desplazarse sin visi\u00f3n puede ser en algunos entornos una tarea muy compleja y llena de obst\u00e1culos que obliga a extremar la atenci\u00f3n y afinar especialmente a los dem\u00e1s sentidos.<\/p>\n\n\n\n<p>Por todo ello, <strong>el Ayuntamiento debe continuar impulsando iniciativas que mejoren los derechos de las personas con discapacidad<\/strong>, de forma que las actuaciones en este \u00e1mbito se centren en sus necesidades y se adapten los servicios y los espacios a las personas, y no al rev\u00e9s. S\u00f3lo as\u00ed se conseguir\u00e1 su plena integraci\u00f3n social.<\/p>\n\n\n\n<p>Para ello es imprescindible que, cuando se planifica el espacio urbano, los responsables municipales tengan en consideraci\u00f3n el parecer y las necesidades de las personas con discapacidades visuales. Esto implica la <strong>participaci\u00f3n activa de este colectivo en el proceso de dise\u00f1o urbano y de distribuci\u00f3n del mobiliario<\/strong>, de forma que se garantice que los entornos urbanos sean inclusivos, accesibles y seguros para toda la ciudadan\u00eda.<\/p>\n\n\n\n<h2 class=\"wp-block-heading\">Las conclusiones de la Sindicatura<\/h2>\n\n\n\n<p>La actuaci\u00f3n de la Concejal\u00eda del Distrito de Sarri\u00e0 &#8211; Sant Gervasi, <a href=\"https:\/\/www.sindicaturabarcelona.cat\/wp-content\/uploads\/202510_Dret-Inclusivitat-Accessibilitat-Serveis-Publics_paviment-podotactil-Bonanova-Ganduxer_25Q001200.pdf\">en el caso de que ha motivado esta resoluci\u00f3n<\/a> ha sido eficaz, ya que ha acogido la petici\u00f3n formulada por el ciudadano que ha promovido la queja. Sin embargo, la Sindicatura de Greuges de Barcelona recomienda al distrito que contin\u00fae <strong>aplicando las medidas necesarias<\/strong> para garantizar la accesibilidad al espacio p\u00fablico de la ciudad y que, una vez terminada la actuaci\u00f3n solicitada por el ciudadano, \u00e9ste debe ser <strong>informado puntualmente<\/strong>.<\/p>\n","protected":false},"excerpt":{"rendered":"<p>La defensor\u00eda resuelve una queja de un ciudadano con discapacidad visual que solicitaba la instalaci\u00f3n de un pavimento que le facilitara la movilidad en las inmediaciones de la estaci\u00f3n de [&hellip;]<\/p>\n","protected":false},"author":2,"featured_media":40061,"comment_status":"closed","ping_status":"closed","sticky":false,"template":"","format":"standard","meta":{"_acf_changed":false,"footnotes":""},"tags":[],"drets":[1477,1595],"class_list":["post-40062","post","type-post","status-publish","format-standard","has-post-thumbnail","hentry","drets-ciudad-habitable-y-sostenible","drets-derecho-a-la-accesibilidad-y-la-inclusividad"],"acf":[],"yoast_head":"<!-- This site is optimized with the Yoast SEO plugin v27.5 - https:\/\/yoast.com\/product\/yoast-seo-wordpress\/ -->\n<title>La Sindicatura recomienda al Ayuntamiento que contin\u00fae implementando las medidas necesarias para garantizar la accesibilidad al espacio p\u00fablico - Sindicatura de Greuges de Barcelona<\/title>\n<meta name=\"description\" content=\"La defensor\u00eda resuelve una queja de un ciudadano con discapacidad visual que ped\u00eda la instalaci\u00f3n de un pavimento que le facilitara la movilidad.\" \/>\n<meta name=\"robots\" content=\"index, follow, max-snippet:-1, max-image-preview:large, max-video-preview:-1\" \/>\n<link rel=\"canonical\" href=\"https:\/\/www.sindicaturabarcelona.cat\/es\/la-sindicatura-recomana-a-lajuntament-que-continui-implementant-les-mesures-que-calguin-per-garantir-laccessibilitat-a-lespai-public\/\" \/>\n<meta property=\"og:locale\" content=\"es_ES\" \/>\n<meta property=\"og:type\" content=\"article\" \/>\n<meta property=\"og:title\" content=\"La Sindicatura recomienda al Ayuntamiento que contin\u00fae implementando las medidas necesarias para garantizar la accesibilidad al espacio p\u00fablico - Sindicatura de Greuges de Barcelona\" \/>\n<meta property=\"og:description\" content=\"La defensor\u00eda resuelve una queja de un ciudadano con discapacidad visual que ped\u00eda la instalaci\u00f3n de un pavimento que le facilitara la movilidad.\" \/>\n<meta property=\"og:url\" content=\"https:\/\/www.sindicaturabarcelona.cat\/es\/la-sindicatura-recomana-a-lajuntament-que-continui-implementant-les-mesures-que-calguin-per-garantir-laccessibilitat-a-lespai-public\/\" \/>\n<meta property=\"og:site_name\" content=\"Sindicatura de Greuges de Barcelona\" \/>\n<meta property=\"article:published_time\" content=\"2025-10-31T07:15:31+00:00\" \/>\n<meta property=\"article:modified_time\" content=\"2025-11-18T16:47:57+00:00\" \/>\n<meta property=\"og:image\" content=\"https:\/\/www.sindicaturabarcelona.cat\/wp-content\/uploads\/gos-2048x1536-1.jpg\" \/>\n\t<meta property=\"og:image:width\" content=\"2048\" \/>\n\t<meta property=\"og:image:height\" content=\"1536\" \/>\n\t<meta property=\"og:image:type\" content=\"image\/jpeg\" \/>\n<meta name=\"author\" content=\"Pablo\" \/>\n<meta name=\"twitter:card\" content=\"summary_large_image\" \/>\n<meta name=\"twitter:creator\" content=\"@sindicbarcelona\" \/>\n<meta name=\"twitter:site\" content=\"@sindicbarcelona\" \/>\n<meta name=\"twitter:label1\" content=\"Escrito por\" \/>\n\t<meta name=\"twitter:data1\" content=\"Pablo\" \/>\n\t<meta name=\"twitter:label2\" content=\"Tiempo de lectura\" \/>\n\t<meta name=\"twitter:data2\" content=\"4 minutos\" \/>\n<script type=\"application\/ld+json\" class=\"yoast-schema-graph\">{\"@context\":\"https:\\\/\\\/schema.org\",\"@graph\":[{\"@type\":\"Article\",\"@id\":\"https:\\\/\\\/www.sindicaturabarcelona.cat\\\/es\\\/la-sindicatura-recomana-a-lajuntament-que-continui-implementant-les-mesures-que-calguin-per-garantir-laccessibilitat-a-lespai-public\\\/#article\",\"isPartOf\":{\"@id\":\"https:\\\/\\\/www.sindicaturabarcelona.cat\\\/es\\\/la-sindicatura-recomana-a-lajuntament-que-continui-implementant-les-mesures-que-calguin-per-garantir-laccessibilitat-a-lespai-public\\\/\"},\"author\":{\"name\":\"Pablo\",\"@id\":\"https:\\\/\\\/www.sindicaturabarcelona.cat\\\/es\\\/#\\\/schema\\\/person\\\/0e5acffc350ffdbc97578159322c9452\"},\"headline\":\"La Sindicatura recomienda al Ayuntamiento que contin\u00fae implementando las medidas necesarias para garantizar la accesibilidad al espacio p\u00fablico\",\"datePublished\":\"2025-10-31T07:15:31+00:00\",\"dateModified\":\"2025-11-18T16:47:57+00:00\",\"mainEntityOfPage\":{\"@id\":\"https:\\\/\\\/www.sindicaturabarcelona.cat\\\/es\\\/la-sindicatura-recomana-a-lajuntament-que-continui-implementant-les-mesures-que-calguin-per-garantir-laccessibilitat-a-lespai-public\\\/\"},\"wordCount\":745,\"publisher\":{\"@id\":\"https:\\\/\\\/www.sindicaturabarcelona.cat\\\/es\\\/#organization\"},\"image\":{\"@id\":\"https:\\\/\\\/www.sindicaturabarcelona.cat\\\/es\\\/la-sindicatura-recomana-a-lajuntament-que-continui-implementant-les-mesures-que-calguin-per-garantir-laccessibilitat-a-lespai-public\\\/#primaryimage\"},\"thumbnailUrl\":\"https:\\\/\\\/www.sindicaturabarcelona.cat\\\/wp-content\\\/uploads\\\/gos-2048x1536-1.jpg\",\"inLanguage\":\"es\"},{\"@type\":\"WebPage\",\"@id\":\"https:\\\/\\\/www.sindicaturabarcelona.cat\\\/es\\\/la-sindicatura-recomana-a-lajuntament-que-continui-implementant-les-mesures-que-calguin-per-garantir-laccessibilitat-a-lespai-public\\\/\",\"url\":\"https:\\\/\\\/www.sindicaturabarcelona.cat\\\/es\\\/la-sindicatura-recomana-a-lajuntament-que-continui-implementant-les-mesures-que-calguin-per-garantir-laccessibilitat-a-lespai-public\\\/\",\"name\":\"La Sindicatura recomienda al Ayuntamiento que contin\u00fae implementando las medidas necesarias para garantizar la accesibilidad al espacio p\u00fablico - Sindicatura de Greuges de Barcelona\",\"isPartOf\":{\"@id\":\"https:\\\/\\\/www.sindicaturabarcelona.cat\\\/es\\\/#website\"},\"primaryImageOfPage\":{\"@id\":\"https:\\\/\\\/www.sindicaturabarcelona.cat\\\/es\\\/la-sindicatura-recomana-a-lajuntament-que-continui-implementant-les-mesures-que-calguin-per-garantir-laccessibilitat-a-lespai-public\\\/#primaryimage\"},\"image\":{\"@id\":\"https:\\\/\\\/www.sindicaturabarcelona.cat\\\/es\\\/la-sindicatura-recomana-a-lajuntament-que-continui-implementant-les-mesures-que-calguin-per-garantir-laccessibilitat-a-lespai-public\\\/#primaryimage\"},\"thumbnailUrl\":\"https:\\\/\\\/www.sindicaturabarcelona.cat\\\/wp-content\\\/uploads\\\/gos-2048x1536-1.jpg\",\"datePublished\":\"2025-10-31T07:15:31+00:00\",\"dateModified\":\"2025-11-18T16:47:57+00:00\",\"description\":\"La defensor\u00eda resuelve una queja de un ciudadano con discapacidad visual que ped\u00eda la instalaci\u00f3n de un pavimento que le facilitara la movilidad.\",\"breadcrumb\":{\"@id\":\"https:\\\/\\\/www.sindicaturabarcelona.cat\\\/es\\\/la-sindicatura-recomana-a-lajuntament-que-continui-implementant-les-mesures-que-calguin-per-garantir-laccessibilitat-a-lespai-public\\\/#breadcrumb\"},\"inLanguage\":\"es\",\"potentialAction\":[{\"@type\":\"ReadAction\",\"target\":[\"https:\\\/\\\/www.sindicaturabarcelona.cat\\\/es\\\/la-sindicatura-recomana-a-lajuntament-que-continui-implementant-les-mesures-que-calguin-per-garantir-laccessibilitat-a-lespai-public\\\/\"]}]},{\"@type\":\"ImageObject\",\"inLanguage\":\"es\",\"@id\":\"https:\\\/\\\/www.sindicaturabarcelona.cat\\\/es\\\/la-sindicatura-recomana-a-lajuntament-que-continui-implementant-les-mesures-que-calguin-per-garantir-laccessibilitat-a-lespai-public\\\/#primaryimage\",\"url\":\"https:\\\/\\\/www.sindicaturabarcelona.cat\\\/wp-content\\\/uploads\\\/gos-2048x1536-1.jpg\",\"contentUrl\":\"https:\\\/\\\/www.sindicaturabarcelona.cat\\\/wp-content\\\/uploads\\\/gos-2048x1536-1.jpg\",\"width\":2048,\"height\":1536},{\"@type\":\"BreadcrumbList\",\"@id\":\"https:\\\/\\\/www.sindicaturabarcelona.cat\\\/es\\\/la-sindicatura-recomana-a-lajuntament-que-continui-implementant-les-mesures-que-calguin-per-garantir-laccessibilitat-a-lespai-public\\\/#breadcrumb\",\"itemListElement\":[{\"@type\":\"ListItem\",\"position\":1,\"name\":\"Inici\",\"item\":\"https:\\\/\\\/www.sindicaturabarcelona.cat\\\/es\\\/\"},{\"@type\":\"ListItem\",\"position\":2,\"name\":\"La Sindicatura recomienda al Ayuntamiento que contin\u00fae implementando las medidas necesarias para garantizar la accesibilidad al espacio p\u00fablico\"}]},{\"@type\":\"WebSite\",\"@id\":\"https:\\\/\\\/www.sindicaturabarcelona.cat\\\/es\\\/#website\",\"url\":\"https:\\\/\\\/www.sindicaturabarcelona.cat\\\/es\\\/\",\"name\":\"Sindicatura de Greuges de Barcelona\",\"description\":\"La defensoria dels teus drets\",\"publisher\":{\"@id\":\"https:\\\/\\\/www.sindicaturabarcelona.cat\\\/es\\\/#organization\"},\"potentialAction\":[{\"@type\":\"SearchAction\",\"target\":{\"@type\":\"EntryPoint\",\"urlTemplate\":\"https:\\\/\\\/www.sindicaturabarcelona.cat\\\/es\\\/?s={search_term_string}\"},\"query-input\":{\"@type\":\"PropertyValueSpecification\",\"valueRequired\":true,\"valueName\":\"search_term_string\"}}],\"inLanguage\":\"es\"},{\"@type\":\"Organization\",\"@id\":\"https:\\\/\\\/www.sindicaturabarcelona.cat\\\/es\\\/#organization\",\"name\":\"Sindicatura de Greuges de Barcelona\",\"url\":\"https:\\\/\\\/www.sindicaturabarcelona.cat\\\/es\\\/\",\"logo\":{\"@type\":\"ImageObject\",\"inLanguage\":\"es\",\"@id\":\"https:\\\/\\\/www.sindicaturabarcelona.cat\\\/es\\\/#\\\/schema\\\/logo\\\/image\\\/\",\"url\":\"https:\\\/\\\/www.sindicaturabarcelona.cat\\\/wp-content\\\/uploads\\\/2023\\\/02\\\/logo_sindicatura.svg\",\"contentUrl\":\"https:\\\/\\\/www.sindicaturabarcelona.cat\\\/wp-content\\\/uploads\\\/2023\\\/02\\\/logo_sindicatura.svg\",\"caption\":\"Sindicatura de Greuges de Barcelona\"},\"image\":{\"@id\":\"https:\\\/\\\/www.sindicaturabarcelona.cat\\\/es\\\/#\\\/schema\\\/logo\\\/image\\\/\"},\"sameAs\":[\"https:\\\/\\\/x.com\\\/sindicbarcelona\",\"https:\\\/\\\/www.instagram.com\\\/sindicbarcelona\\\/\",\"https:\\\/\\\/www.tiktok.com\\\/@sindicaturabcn\",\"https:\\\/\\\/t.me\\\/sindicaturabarcelona\"]},{\"@type\":\"Person\",\"@id\":\"https:\\\/\\\/www.sindicaturabarcelona.cat\\\/es\\\/#\\\/schema\\\/person\\\/0e5acffc350ffdbc97578159322c9452\",\"name\":\"Pablo\",\"image\":{\"@type\":\"ImageObject\",\"inLanguage\":\"es\",\"@id\":\"https:\\\/\\\/secure.gravatar.com\\\/avatar\\\/c948169b402ef9492afde705c3dfd5e90e1a6a84ef6840a91124f805a25a480f?s=96&d=mm&r=g\",\"url\":\"https:\\\/\\\/secure.gravatar.com\\\/avatar\\\/c948169b402ef9492afde705c3dfd5e90e1a6a84ef6840a91124f805a25a480f?s=96&d=mm&r=g\",\"contentUrl\":\"https:\\\/\\\/secure.gravatar.com\\\/avatar\\\/c948169b402ef9492afde705c3dfd5e90e1a6a84ef6840a91124f805a25a480f?s=96&d=mm&r=g\",\"caption\":\"Pablo\"},\"url\":\"https:\\\/\\\/www.sindicaturabarcelona.cat\\\/es\\\/author\\\/pablo\\\/\"}]}<\/script>\n<!-- \/ Yoast SEO plugin. -->","yoast_head_json":{"title":"La Sindicatura recomienda al Ayuntamiento que contin\u00fae implementando las medidas necesarias para garantizar la accesibilidad al espacio p\u00fablico - Sindicatura de Greuges de Barcelona","description":"La defensor\u00eda resuelve una queja de un ciudadano con discapacidad visual que ped\u00eda la instalaci\u00f3n de un pavimento que le facilitara la movilidad.","robots":{"index":"index","follow":"follow","max-snippet":"max-snippet:-1","max-image-preview":"max-image-preview:large","max-video-preview":"max-video-preview:-1"},"canonical":"https:\/\/www.sindicaturabarcelona.cat\/es\/la-sindicatura-recomana-a-lajuntament-que-continui-implementant-les-mesures-que-calguin-per-garantir-laccessibilitat-a-lespai-public\/","og_locale":"es_ES","og_type":"article","og_title":"La Sindicatura recomienda al Ayuntamiento que contin\u00fae implementando las medidas necesarias para garantizar la accesibilidad al espacio p\u00fablico - Sindicatura de Greuges de Barcelona","og_description":"La defensor\u00eda resuelve una queja de un ciudadano con discapacidad visual que ped\u00eda la instalaci\u00f3n de un pavimento que le facilitara la movilidad.","og_url":"https:\/\/www.sindicaturabarcelona.cat\/es\/la-sindicatura-recomana-a-lajuntament-que-continui-implementant-les-mesures-que-calguin-per-garantir-laccessibilitat-a-lespai-public\/","og_site_name":"Sindicatura de Greuges de Barcelona","article_published_time":"2025-10-31T07:15:31+00:00","article_modified_time":"2025-11-18T16:47:57+00:00","og_image":[{"width":2048,"height":1536,"url":"https:\/\/www.sindicaturabarcelona.cat\/wp-content\/uploads\/gos-2048x1536-1.jpg","type":"image\/jpeg"}],"author":"Pablo","twitter_card":"summary_large_image","twitter_creator":"@sindicbarcelona","twitter_site":"@sindicbarcelona","twitter_misc":{"Escrito por":"Pablo","Tiempo de lectura":"4 minutos"},"schema":{"@context":"https:\/\/schema.org","@graph":[{"@type":"Article","@id":"https:\/\/www.sindicaturabarcelona.cat\/es\/la-sindicatura-recomana-a-lajuntament-que-continui-implementant-les-mesures-que-calguin-per-garantir-laccessibilitat-a-lespai-public\/#article","isPartOf":{"@id":"https:\/\/www.sindicaturabarcelona.cat\/es\/la-sindicatura-recomana-a-lajuntament-que-continui-implementant-les-mesures-que-calguin-per-garantir-laccessibilitat-a-lespai-public\/"},"author":{"name":"Pablo","@id":"https:\/\/www.sindicaturabarcelona.cat\/es\/#\/schema\/person\/0e5acffc350ffdbc97578159322c9452"},"headline":"La Sindicatura recomienda al Ayuntamiento que contin\u00fae implementando las medidas necesarias para garantizar la accesibilidad al espacio p\u00fablico","datePublished":"2025-10-31T07:15:31+00:00","dateModified":"2025-11-18T16:47:57+00:00","mainEntityOfPage":{"@id":"https:\/\/www.sindicaturabarcelona.cat\/es\/la-sindicatura-recomana-a-lajuntament-que-continui-implementant-les-mesures-que-calguin-per-garantir-laccessibilitat-a-lespai-public\/"},"wordCount":745,"publisher":{"@id":"https:\/\/www.sindicaturabarcelona.cat\/es\/#organization"},"image":{"@id":"https:\/\/www.sindicaturabarcelona.cat\/es\/la-sindicatura-recomana-a-lajuntament-que-continui-implementant-les-mesures-que-calguin-per-garantir-laccessibilitat-a-lespai-public\/#primaryimage"},"thumbnailUrl":"https:\/\/www.sindicaturabarcelona.cat\/wp-content\/uploads\/gos-2048x1536-1.jpg","inLanguage":"es"},{"@type":"WebPage","@id":"https:\/\/www.sindicaturabarcelona.cat\/es\/la-sindicatura-recomana-a-lajuntament-que-continui-implementant-les-mesures-que-calguin-per-garantir-laccessibilitat-a-lespai-public\/","url":"https:\/\/www.sindicaturabarcelona.cat\/es\/la-sindicatura-recomana-a-lajuntament-que-continui-implementant-les-mesures-que-calguin-per-garantir-laccessibilitat-a-lespai-public\/","name":"La Sindicatura recomienda al Ayuntamiento que contin\u00fae implementando las medidas necesarias para garantizar la accesibilidad al espacio p\u00fablico - Sindicatura de Greuges de Barcelona","isPartOf":{"@id":"https:\/\/www.sindicaturabarcelona.cat\/es\/#website"},"primaryImageOfPage":{"@id":"https:\/\/www.sindicaturabarcelona.cat\/es\/la-sindicatura-recomana-a-lajuntament-que-continui-implementant-les-mesures-que-calguin-per-garantir-laccessibilitat-a-lespai-public\/#primaryimage"},"image":{"@id":"https:\/\/www.sindicaturabarcelona.cat\/es\/la-sindicatura-recomana-a-lajuntament-que-continui-implementant-les-mesures-que-calguin-per-garantir-laccessibilitat-a-lespai-public\/#primaryimage"},"thumbnailUrl":"https:\/\/www.sindicaturabarcelona.cat\/wp-content\/uploads\/gos-2048x1536-1.jpg","datePublished":"2025-10-31T07:15:31+00:00","dateModified":"2025-11-18T16:47:57+00:00","description":"La defensor\u00eda resuelve una queja de un ciudadano con discapacidad visual que ped\u00eda la instalaci\u00f3n de un pavimento que le facilitara la movilidad.","breadcrumb":{"@id":"https:\/\/www.sindicaturabarcelona.cat\/es\/la-sindicatura-recomana-a-lajuntament-que-continui-implementant-les-mesures-que-calguin-per-garantir-laccessibilitat-a-lespai-public\/#breadcrumb"},"inLanguage":"es","potentialAction":[{"@type":"ReadAction","target":["https:\/\/www.sindicaturabarcelona.cat\/es\/la-sindicatura-recomana-a-lajuntament-que-continui-implementant-les-mesures-que-calguin-per-garantir-laccessibilitat-a-lespai-public\/"]}]},{"@type":"ImageObject","inLanguage":"es","@id":"https:\/\/www.sindicaturabarcelona.cat\/es\/la-sindicatura-recomana-a-lajuntament-que-continui-implementant-les-mesures-que-calguin-per-garantir-laccessibilitat-a-lespai-public\/#primaryimage","url":"https:\/\/www.sindicaturabarcelona.cat\/wp-content\/uploads\/gos-2048x1536-1.jpg","contentUrl":"https:\/\/www.sindicaturabarcelona.cat\/wp-content\/uploads\/gos-2048x1536-1.jpg","width":2048,"height":1536},{"@type":"BreadcrumbList","@id":"https:\/\/www.sindicaturabarcelona.cat\/es\/la-sindicatura-recomana-a-lajuntament-que-continui-implementant-les-mesures-que-calguin-per-garantir-laccessibilitat-a-lespai-public\/#breadcrumb","itemListElement":[{"@type":"ListItem","position":1,"name":"Inici","item":"https:\/\/www.sindicaturabarcelona.cat\/es\/"},{"@type":"ListItem","position":2,"name":"La Sindicatura recomienda al Ayuntamiento que contin\u00fae implementando las medidas necesarias para garantizar la accesibilidad al espacio p\u00fablico"}]},{"@type":"WebSite","@id":"https:\/\/www.sindicaturabarcelona.cat\/es\/#website","url":"https:\/\/www.sindicaturabarcelona.cat\/es\/","name":"Sindicatura de Greuges de Barcelona","description":"La defensoria dels teus drets","publisher":{"@id":"https:\/\/www.sindicaturabarcelona.cat\/es\/#organization"},"potentialAction":[{"@type":"SearchAction","target":{"@type":"EntryPoint","urlTemplate":"https:\/\/www.sindicaturabarcelona.cat\/es\/?s={search_term_string}"},"query-input":{"@type":"PropertyValueSpecification","valueRequired":true,"valueName":"search_term_string"}}],"inLanguage":"es"},{"@type":"Organization","@id":"https:\/\/www.sindicaturabarcelona.cat\/es\/#organization","name":"Sindicatura de Greuges de Barcelona","url":"https:\/\/www.sindicaturabarcelona.cat\/es\/","logo":{"@type":"ImageObject","inLanguage":"es","@id":"https:\/\/www.sindicaturabarcelona.cat\/es\/#\/schema\/logo\/image\/","url":"https:\/\/www.sindicaturabarcelona.cat\/wp-content\/uploads\/2023\/02\/logo_sindicatura.svg","contentUrl":"https:\/\/www.sindicaturabarcelona.cat\/wp-content\/uploads\/2023\/02\/logo_sindicatura.svg","caption":"Sindicatura de Greuges de Barcelona"},"image":{"@id":"https:\/\/www.sindicaturabarcelona.cat\/es\/#\/schema\/logo\/image\/"},"sameAs":["https:\/\/x.com\/sindicbarcelona","https:\/\/www.instagram.com\/sindicbarcelona\/","https:\/\/www.tiktok.com\/@sindicaturabcn","https:\/\/t.me\/sindicaturabarcelona"]},{"@type":"Person","@id":"https:\/\/www.sindicaturabarcelona.cat\/es\/#\/schema\/person\/0e5acffc350ffdbc97578159322c9452","name":"Pablo","image":{"@type":"ImageObject","inLanguage":"es","@id":"https:\/\/secure.gravatar.com\/avatar\/c948169b402ef9492afde705c3dfd5e90e1a6a84ef6840a91124f805a25a480f?s=96&d=mm&r=g","url":"https:\/\/secure.gravatar.com\/avatar\/c948169b402ef9492afde705c3dfd5e90e1a6a84ef6840a91124f805a25a480f?s=96&d=mm&r=g","contentUrl":"https:\/\/secure.gravatar.com\/avatar\/c948169b402ef9492afde705c3dfd5e90e1a6a84ef6840a91124f805a25a480f?s=96&d=mm&r=g","caption":"Pablo"},"url":"https:\/\/www.sindicaturabarcelona.cat\/es\/author\/pablo\/"}]}},"_links":{"self":[{"href":"https:\/\/www.sindicaturabarcelona.cat\/es\/wp-json\/wp\/v2\/posts\/40062","targetHints":{"allow":["GET"]}}],"collection":[{"href":"https:\/\/www.sindicaturabarcelona.cat\/es\/wp-json\/wp\/v2\/posts"}],"about":[{"href":"https:\/\/www.sindicaturabarcelona.cat\/es\/wp-json\/wp\/v2\/types\/post"}],"author":[{"embeddable":true,"href":"https:\/\/www.sindicaturabarcelona.cat\/es\/wp-json\/wp\/v2\/users\/2"}],"replies":[{"embeddable":true,"href":"https:\/\/www.sindicaturabarcelona.cat\/es\/wp-json\/wp\/v2\/comments?post=40062"}],"version-history":[{"count":5,"href":"https:\/\/www.sindicaturabarcelona.cat\/es\/wp-json\/wp\/v2\/posts\/40062\/revisions"}],"predecessor-version":[{"id":40380,"href":"https:\/\/www.sindicaturabarcelona.cat\/es\/wp-json\/wp\/v2\/posts\/40062\/revisions\/40380"}],"wp:featuredmedia":[{"embeddable":true,"href":"https:\/\/www.sindicaturabarcelona.cat\/es\/wp-json\/wp\/v2\/media\/40061"}],"wp:attachment":[{"href":"https:\/\/www.sindicaturabarcelona.cat\/es\/wp-json\/wp\/v2\/media?parent=40062"}],"wp:term":[{"taxonomy":"post_tag","embeddable":true,"href":"https:\/\/www.sindicaturabarcelona.cat\/es\/wp-json\/wp\/v2\/tags?post=40062"},{"taxonomy":"drets","embeddable":true,"href":"https:\/\/www.sindicaturabarcelona.cat\/es\/wp-json\/wp\/v2\/drets?post=40062"}],"curies":[{"name":"wp","href":"https:\/\/api.w.org\/{rel}","templated":true}]}}