{"id":39924,"date":"2025-10-28T12:14:54","date_gmt":"2025-10-28T10:14:54","guid":{"rendered":"https:\/\/www.sindicaturabarcelona.cat\/?p=39924"},"modified":"2025-10-29T12:21:42","modified_gmt":"2025-10-29T10:21:42","slug":"com-construir-la-pau-en-temps-combulsos-la-conferencia-del-sindic-a-la-cort-suprema-de-justicia-de-colombia","status":"publish","type":"post","link":"https:\/\/www.sindicaturabarcelona.cat\/es\/com-construir-la-pau-en-temps-combulsos-la-conferencia-del-sindic-a-la-cort-suprema-de-justicia-de-colombia\/","title":{"rendered":"\u00abC\u00f3mo construir la paz en tiempos convulsos\u00bb, la conferencia del s\u00edndic en la Corte Suprema de Justicia de Colombia"},"content":{"rendered":"\n<p>David Bondia ha pronunciado una conferencia este lunes, 27 de octubre, en Medell\u00edn, con el t\u00edtulo \u00ab<strong>C\u00f3mo construir paz en tiempos convulsos: el derecho humano a la paz<\/strong>\u00ab. El s\u00edndic ha repasado los factores de conflicto locales e internacionales que existen actualmente, y ha profundizado en los <strong>conceptos de \u00abpaz\u00bb, \u00abdemocracia\u00bb y \u00abderechos humanos\u00bb<\/strong> y ha analizado c\u00f3mo se relacionan entre los tres.<\/p>\n\n\n\n<p>Tambi\u00e9n ha destacado la necesidad de<strong> abordar las controversias desde la interseccionalidad<\/strong>, teniendo en cuenta que las discriminaciones que puede sufrir la ciudadan\u00eda suelen ser m\u00faltiples (social, g\u00e9nero, edad\u2026), lo que implica la vulneraci\u00f3n de varios derechos. Esta misma perspectiva es la que aplica la Sindicatura a la hora de defender los derechos de los y las habitantes de Barcelona.<\/p>\n\n\n\n<p>La conferencia se ha hecho en el marco del acto \u00ab<a href=\"https:\/\/cortesuprema.gov.co\/la-memoria-del-holocausto-del-palacio-de-justicia-sigue-viva-en-las-regiones-acto-solemne-en-bucaramanga\/\" target=\"_blank\" rel=\"noreferrer noopener\"><strong>Conmemoraci\u00f3n de 40 a\u00f1os del holocausto del Palacio de Justicia. Memoria en las Regiones<\/strong><\/a>\u00ab. Esta jornada acad\u00e9mica recuerda el asalto que sufri\u00f3 la Corte Suprema de Colombia en 1985, con un balance final de 101 v\u00edctimas mortales.<\/p>\n\n\n\n<p>En agosto, Bondia ya <a href=\"https:\/\/www.sindicaturabarcelona.cat\/es\/intercanvi-de-bones-practiques-i-planificacio-de-futurs-projectes-conjunts-els-avencos-despres-de-les-intervencions-de-la-sindicatura-a-colombia\/\"><strong>intervino en varias conferencias y ponencias en diversas ciudades en Colombia<\/strong><\/a>, y mantuvo reuniones con personas (figura asimilable al s\u00edndic), como los de Barranquilla, Jamund\u00ed y Bogot\u00e1, y con el Defensor del Pueblo del pa\u00eds. Las intervenciones se coorganizaron con la <a href=\"https:\/\/www.sindicaturabarcelona.cat\/es\/el-sindic-de-greuges-de-barcelona-nou-president-de-lalianza-global-del-ombudsperson-local-agol\/\" target=\"_blank\" rel=\"noreferrer noopener\">Alianza Global del \u00d3mbudsperson Local (AGOL), de la que Bondia es presidente<\/a>.<\/p>\n\n\n\n<figure class=\"wp-block-gallery has-nested-images columns-default is-cropped wp-block-gallery-1 is-layout-flex wp-block-gallery-is-layout-flex\">\n<figure class=\"wp-block-image size-large\"><img loading=\"lazy\" decoding=\"async\" width=\"1200\" height=\"800\" data-id=\"39933\" src=\"https:\/\/www.sindicaturabarcelona.cat\/wp-content\/uploads\/WhatsApp-Image-2025-10-28-at-08.35.13-1200x800.jpeg\" alt=\"\" class=\"wp-image-39933\" srcset=\"https:\/\/www.sindicaturabarcelona.cat\/wp-content\/uploads\/WhatsApp-Image-2025-10-28-at-08.35.13-1200x800.jpeg 1200w, https:\/\/www.sindicaturabarcelona.cat\/wp-content\/uploads\/WhatsApp-Image-2025-10-28-at-08.35.13-800x533.jpeg 800w, https:\/\/www.sindicaturabarcelona.cat\/wp-content\/uploads\/WhatsApp-Image-2025-10-28-at-08.35.13-768x512.jpeg 768w, https:\/\/www.sindicaturabarcelona.cat\/wp-content\/uploads\/WhatsApp-Image-2025-10-28-at-08.35.13-1536x1025.jpeg 1536w, https:\/\/www.sindicaturabarcelona.cat\/wp-content\/uploads\/WhatsApp-Image-2025-10-28-at-08.35.13.jpeg 2048w\" sizes=\"auto, (max-width: 1200px) 100vw, 1200px\" \/><\/figure>\n\n\n\n<figure class=\"wp-block-image size-large\"><img loading=\"lazy\" decoding=\"async\" width=\"1200\" height=\"800\" data-id=\"39938\" src=\"https:\/\/www.sindicaturabarcelona.cat\/wp-content\/uploads\/WhatsApp-Image-2025-10-28-at-08.35.14-1-1200x800.jpeg\" alt=\"\" class=\"wp-image-39938\" srcset=\"https:\/\/www.sindicaturabarcelona.cat\/wp-content\/uploads\/WhatsApp-Image-2025-10-28-at-08.35.14-1-1200x800.jpeg 1200w, https:\/\/www.sindicaturabarcelona.cat\/wp-content\/uploads\/WhatsApp-Image-2025-10-28-at-08.35.14-1-800x533.jpeg 800w, https:\/\/www.sindicaturabarcelona.cat\/wp-content\/uploads\/WhatsApp-Image-2025-10-28-at-08.35.14-1-768x512.jpeg 768w, https:\/\/www.sindicaturabarcelona.cat\/wp-content\/uploads\/WhatsApp-Image-2025-10-28-at-08.35.14-1-1536x1025.jpeg 1536w, https:\/\/www.sindicaturabarcelona.cat\/wp-content\/uploads\/WhatsApp-Image-2025-10-28-at-08.35.14-1.jpeg 2048w\" sizes=\"auto, (max-width: 1200px) 100vw, 1200px\" \/><\/figure>\n\n\n\n<figure class=\"wp-block-image size-large\"><img loading=\"lazy\" decoding=\"async\" width=\"1200\" height=\"800\" data-id=\"39941\" src=\"https:\/\/www.sindicaturabarcelona.cat\/wp-content\/uploads\/WhatsApp-Image-2025-10-28-at-08.35.14-2-1200x800.jpeg\" alt=\"\" class=\"wp-image-39941\" srcset=\"https:\/\/www.sindicaturabarcelona.cat\/wp-content\/uploads\/WhatsApp-Image-2025-10-28-at-08.35.14-2-1200x800.jpeg 1200w, https:\/\/www.sindicaturabarcelona.cat\/wp-content\/uploads\/WhatsApp-Image-2025-10-28-at-08.35.14-2-800x533.jpeg 800w, https:\/\/www.sindicaturabarcelona.cat\/wp-content\/uploads\/WhatsApp-Image-2025-10-28-at-08.35.14-2-768x512.jpeg 768w, https:\/\/www.sindicaturabarcelona.cat\/wp-content\/uploads\/WhatsApp-Image-2025-10-28-at-08.35.14-2-1536x1025.jpeg 1536w, https:\/\/www.sindicaturabarcelona.cat\/wp-content\/uploads\/WhatsApp-Image-2025-10-28-at-08.35.14-2.jpeg 2048w\" sizes=\"auto, (max-width: 1200px) 100vw, 1200px\" \/><\/figure>\n\n\n\n<figure class=\"wp-block-image size-large\"><img loading=\"lazy\" decoding=\"async\" width=\"1200\" height=\"800\" data-id=\"39942\" src=\"https:\/\/www.sindicaturabarcelona.cat\/wp-content\/uploads\/WhatsApp-Image-2025-10-28-at-08.35.14-1200x800.jpeg\" alt=\"\" class=\"wp-image-39942\" srcset=\"https:\/\/www.sindicaturabarcelona.cat\/wp-content\/uploads\/WhatsApp-Image-2025-10-28-at-08.35.14-1200x800.jpeg 1200w, https:\/\/www.sindicaturabarcelona.cat\/wp-content\/uploads\/WhatsApp-Image-2025-10-28-at-08.35.14-800x533.jpeg 800w, https:\/\/www.sindicaturabarcelona.cat\/wp-content\/uploads\/WhatsApp-Image-2025-10-28-at-08.35.14-768x512.jpeg 768w, https:\/\/www.sindicaturabarcelona.cat\/wp-content\/uploads\/WhatsApp-Image-2025-10-28-at-08.35.14-1536x1025.jpeg 1536w, https:\/\/www.sindicaturabarcelona.cat\/wp-content\/uploads\/WhatsApp-Image-2025-10-28-at-08.35.14.jpeg 2048w\" sizes=\"auto, (max-width: 1200px) 100vw, 1200px\" \/><\/figure>\n\n\n\n<figure class=\"wp-block-image size-large\"><img loading=\"lazy\" decoding=\"async\" width=\"1200\" height=\"800\" data-id=\"39951\" src=\"https:\/\/www.sindicaturabarcelona.cat\/wp-content\/uploads\/WhatsApp-Image-2025-10-28-at-08.35.15-1-1200x800.jpeg\" alt=\"\" class=\"wp-image-39951\" srcset=\"https:\/\/www.sindicaturabarcelona.cat\/wp-content\/uploads\/WhatsApp-Image-2025-10-28-at-08.35.15-1-1200x800.jpeg 1200w, https:\/\/www.sindicaturabarcelona.cat\/wp-content\/uploads\/WhatsApp-Image-2025-10-28-at-08.35.15-1-800x533.jpeg 800w, https:\/\/www.sindicaturabarcelona.cat\/wp-content\/uploads\/WhatsApp-Image-2025-10-28-at-08.35.15-1-768x512.jpeg 768w, https:\/\/www.sindicaturabarcelona.cat\/wp-content\/uploads\/WhatsApp-Image-2025-10-28-at-08.35.15-1-1536x1025.jpeg 1536w, https:\/\/www.sindicaturabarcelona.cat\/wp-content\/uploads\/WhatsApp-Image-2025-10-28-at-08.35.15-1.jpeg 2048w\" sizes=\"auto, (max-width: 1200px) 100vw, 1200px\" \/><\/figure>\n\n\n\n<figure class=\"wp-block-image size-large\"><img loading=\"lazy\" decoding=\"async\" width=\"1200\" height=\"800\" data-id=\"39936\" src=\"https:\/\/www.sindicaturabarcelona.cat\/wp-content\/uploads\/WhatsApp-Image-2025-10-28-at-08.35.16-1-1200x800.jpeg\" alt=\"\" class=\"wp-image-39936\" srcset=\"https:\/\/www.sindicaturabarcelona.cat\/wp-content\/uploads\/WhatsApp-Image-2025-10-28-at-08.35.16-1-1200x800.jpeg 1200w, https:\/\/www.sindicaturabarcelona.cat\/wp-content\/uploads\/WhatsApp-Image-2025-10-28-at-08.35.16-1-800x533.jpeg 800w, https:\/\/www.sindicaturabarcelona.cat\/wp-content\/uploads\/WhatsApp-Image-2025-10-28-at-08.35.16-1-768x512.jpeg 768w, https:\/\/www.sindicaturabarcelona.cat\/wp-content\/uploads\/WhatsApp-Image-2025-10-28-at-08.35.16-1-1536x1025.jpeg 1536w, https:\/\/www.sindicaturabarcelona.cat\/wp-content\/uploads\/WhatsApp-Image-2025-10-28-at-08.35.16-1.jpeg 2048w\" sizes=\"auto, (max-width: 1200px) 100vw, 1200px\" \/><\/figure>\n\n\n\n<figure class=\"wp-block-image size-large\"><img loading=\"lazy\" decoding=\"async\" width=\"1200\" height=\"800\" data-id=\"39948\" src=\"https:\/\/www.sindicaturabarcelona.cat\/wp-content\/uploads\/WhatsApp-Image-2025-10-28-at-08.35.16-2-1200x800.jpeg\" alt=\"\" class=\"wp-image-39948\" srcset=\"https:\/\/www.sindicaturabarcelona.cat\/wp-content\/uploads\/WhatsApp-Image-2025-10-28-at-08.35.16-2-1200x800.jpeg 1200w, https:\/\/www.sindicaturabarcelona.cat\/wp-content\/uploads\/WhatsApp-Image-2025-10-28-at-08.35.16-2-800x533.jpeg 800w, https:\/\/www.sindicaturabarcelona.cat\/wp-content\/uploads\/WhatsApp-Image-2025-10-28-at-08.35.16-2-768x512.jpeg 768w, https:\/\/www.sindicaturabarcelona.cat\/wp-content\/uploads\/WhatsApp-Image-2025-10-28-at-08.35.16-2-1536x1025.jpeg 1536w, https:\/\/www.sindicaturabarcelona.cat\/wp-content\/uploads\/WhatsApp-Image-2025-10-28-at-08.35.16-2.jpeg 2048w\" sizes=\"auto, (max-width: 1200px) 100vw, 1200px\" \/><\/figure>\n<\/figure>\n\n\n\n<p><\/p>\n","protected":false},"excerpt":{"rendered":"<p>David Bondia ha pronunciado una conferencia este lunes, 27 de octubre, en Medell\u00edn, con el t\u00edtulo \u00abC\u00f3mo construir paz en tiempos convulsos: el derecho humano a la paz\u00ab. El s\u00edndic [&hellip;]<\/p>\n","protected":false},"author":2,"featured_media":39932,"comment_status":"closed","ping_status":"closed","sticky":false,"template":"","format":"standard","meta":{"_acf_changed":false,"footnotes":""},"tags":[],"drets":[1475,1476,1575,1579,1578,1576,1580,1577,1581,1582,1583,1477,1591,1514,1592,1593,1594,1595,1596,1590,1586,1588,1587,1589,1584,1585,1648,1664,1669,1567,1571,1572,1570,1573,1568,1574,1569],"class_list":["post-39924","post","type-post","status-publish","format-standard","has-post-thumbnail","hentry","drets-ciudad-equitativa","drets-derecho-a-los-servicios-de-proteccion-social","drets-derecho-a-la-educacion-y-al-ocio","drets-derecho-a-la-salud","drets-derechos-culturales","drets-derecho-al-deporte","drets-derecho-al-trabajo","drets-derecho-a-la-vivienda","drets-derechos-de-acogida","drets-derecho-a-una-vida-libre-de-violencias","drets-ciudad-garantista","drets-ciudad-habitable-y-sostenible","drets-derecho-a-un-urbanismo-harmonioso","drets-derecho-a-una-convivencia-pacifica","drets-derecho-al-medio-ambiente","drets-derecho-a-la-movilidad","drets-derecho-al-espacio-publico","drets-derecho-a-la-accesibilidad-y-la-inclusividad","drets-derecho-al-descanso","drets-derecho-al-bienestar-animal","drets-derecho-a-una-buena-administracion","drets-derechos-digitales","drets-derechos-de-las-personas-consumidoras","drets-derechos-funerarios","drets-derecho-a-la-seguridad-ciudadana","drets-derecho-al-empadronamiento","drets-derecho-a-la-informacion","drets-dret-a-la-memoria-democratica-es","drets-derecho-a-la-integridad","drets-ciudad-diversa","drets-derechos-de-la-infancia-y-la-adolescencia","drets-derechos-de-la-juventud","drets-derechos-de-la-gente-mayor","drets-derechos-de-participacion","drets-derecho-a-la-igualdad-y-a-la-diversidad","drets-derechos-linguisticos","drets-derecho-a-los-cuidados"],"acf":[],"yoast_head":"<!-- This site is optimized with the Yoast SEO plugin v27.5 - https:\/\/yoast.com\/product\/yoast-seo-wordpress\/ -->\n<title>&quot;C\u00f3mo construir la paz en tiempos convulsos&quot;, la conferencia del s\u00edndic en la Corte Suprema de Justicia de Colombia - Sindicatura de Greuges de Barcelona<\/title>\n<meta name=\"description\" content=\"David Bondia ha pronunciado una conferencia este lunes, 27 de octubre, en Medell\u00edn, con el t\u00edtulo &quot;C\u00f3mo construir paz en tiempos convulsos&quot;.\" \/>\n<meta name=\"robots\" content=\"index, follow, max-snippet:-1, max-image-preview:large, max-video-preview:-1\" \/>\n<link rel=\"canonical\" href=\"https:\/\/www.sindicaturabarcelona.cat\/es\/com-construir-la-pau-en-temps-combulsos-la-conferencia-del-sindic-a-la-cort-suprema-de-justicia-de-colombia\/\" \/>\n<meta property=\"og:locale\" content=\"es_ES\" \/>\n<meta property=\"og:type\" content=\"article\" \/>\n<meta property=\"og:title\" content=\"&quot;C\u00f3mo construir la paz en tiempos convulsos&quot;, la conferencia del s\u00edndic en la Corte Suprema de Justicia de Colombia - Sindicatura de Greuges de Barcelona\" \/>\n<meta property=\"og:description\" content=\"David Bondia ha pronunciado una conferencia este lunes, 27 de octubre, en Medell\u00edn, con el t\u00edtulo &quot;C\u00f3mo construir paz en tiempos convulsos&quot;.\" \/>\n<meta property=\"og:url\" content=\"https:\/\/www.sindicaturabarcelona.cat\/es\/com-construir-la-pau-en-temps-combulsos-la-conferencia-del-sindic-a-la-cort-suprema-de-justicia-de-colombia\/\" \/>\n<meta property=\"og:site_name\" content=\"Sindicatura de Greuges de Barcelona\" \/>\n<meta property=\"article:published_time\" content=\"2025-10-28T10:14:54+00:00\" \/>\n<meta property=\"article:modified_time\" content=\"2025-10-29T10:21:42+00:00\" \/>\n<meta property=\"og:image\" content=\"https:\/\/www.sindicaturabarcelona.cat\/wp-content\/uploads\/WhatsApp-Image-2025-10-28-at-08.35.16.jpeg\" \/>\n\t<meta property=\"og:image:width\" content=\"2048\" \/>\n\t<meta property=\"og:image:height\" content=\"1366\" \/>\n\t<meta property=\"og:image:type\" content=\"image\/jpeg\" \/>\n<meta name=\"author\" content=\"Pablo\" \/>\n<meta name=\"twitter:card\" content=\"summary_large_image\" \/>\n<meta name=\"twitter:creator\" content=\"@sindicbarcelona\" \/>\n<meta name=\"twitter:site\" content=\"@sindicbarcelona\" \/>\n<meta name=\"twitter:label1\" content=\"Escrito por\" \/>\n\t<meta name=\"twitter:data1\" content=\"Pablo\" \/>\n\t<meta name=\"twitter:label2\" content=\"Tiempo de lectura\" \/>\n\t<meta name=\"twitter:data2\" content=\"3 minutos\" \/>\n<script type=\"application\/ld+json\" class=\"yoast-schema-graph\">{\"@context\":\"https:\\\/\\\/schema.org\",\"@graph\":[{\"@type\":\"Article\",\"@id\":\"https:\\\/\\\/www.sindicaturabarcelona.cat\\\/es\\\/com-construir-la-pau-en-temps-combulsos-la-conferencia-del-sindic-a-la-cort-suprema-de-justicia-de-colombia\\\/#article\",\"isPartOf\":{\"@id\":\"https:\\\/\\\/www.sindicaturabarcelona.cat\\\/es\\\/com-construir-la-pau-en-temps-combulsos-la-conferencia-del-sindic-a-la-cort-suprema-de-justicia-de-colombia\\\/\"},\"author\":{\"name\":\"Pablo\",\"@id\":\"https:\\\/\\\/www.sindicaturabarcelona.cat\\\/es\\\/#\\\/schema\\\/person\\\/0e5acffc350ffdbc97578159322c9452\"},\"headline\":\"\u00abC\u00f3mo construir la paz en tiempos convulsos\u00bb, la conferencia del s\u00edndic en la Corte Suprema de Justicia de Colombia\",\"datePublished\":\"2025-10-28T10:14:54+00:00\",\"dateModified\":\"2025-10-29T10:21:42+00:00\",\"mainEntityOfPage\":{\"@id\":\"https:\\\/\\\/www.sindicaturabarcelona.cat\\\/es\\\/com-construir-la-pau-en-temps-combulsos-la-conferencia-del-sindic-a-la-cort-suprema-de-justicia-de-colombia\\\/\"},\"wordCount\":260,\"publisher\":{\"@id\":\"https:\\\/\\\/www.sindicaturabarcelona.cat\\\/es\\\/#organization\"},\"image\":{\"@id\":\"https:\\\/\\\/www.sindicaturabarcelona.cat\\\/es\\\/com-construir-la-pau-en-temps-combulsos-la-conferencia-del-sindic-a-la-cort-suprema-de-justicia-de-colombia\\\/#primaryimage\"},\"thumbnailUrl\":\"https:\\\/\\\/www.sindicaturabarcelona.cat\\\/wp-content\\\/uploads\\\/WhatsApp-Image-2025-10-28-at-08.35.16.jpeg\",\"inLanguage\":\"es\"},{\"@type\":\"WebPage\",\"@id\":\"https:\\\/\\\/www.sindicaturabarcelona.cat\\\/es\\\/com-construir-la-pau-en-temps-combulsos-la-conferencia-del-sindic-a-la-cort-suprema-de-justicia-de-colombia\\\/\",\"url\":\"https:\\\/\\\/www.sindicaturabarcelona.cat\\\/es\\\/com-construir-la-pau-en-temps-combulsos-la-conferencia-del-sindic-a-la-cort-suprema-de-justicia-de-colombia\\\/\",\"name\":\"\\\"C\u00f3mo construir la paz en tiempos convulsos\\\", la conferencia del s\u00edndic en la Corte Suprema de Justicia de Colombia - Sindicatura de Greuges de Barcelona\",\"isPartOf\":{\"@id\":\"https:\\\/\\\/www.sindicaturabarcelona.cat\\\/es\\\/#website\"},\"primaryImageOfPage\":{\"@id\":\"https:\\\/\\\/www.sindicaturabarcelona.cat\\\/es\\\/com-construir-la-pau-en-temps-combulsos-la-conferencia-del-sindic-a-la-cort-suprema-de-justicia-de-colombia\\\/#primaryimage\"},\"image\":{\"@id\":\"https:\\\/\\\/www.sindicaturabarcelona.cat\\\/es\\\/com-construir-la-pau-en-temps-combulsos-la-conferencia-del-sindic-a-la-cort-suprema-de-justicia-de-colombia\\\/#primaryimage\"},\"thumbnailUrl\":\"https:\\\/\\\/www.sindicaturabarcelona.cat\\\/wp-content\\\/uploads\\\/WhatsApp-Image-2025-10-28-at-08.35.16.jpeg\",\"datePublished\":\"2025-10-28T10:14:54+00:00\",\"dateModified\":\"2025-10-29T10:21:42+00:00\",\"description\":\"David Bondia ha pronunciado una conferencia este lunes, 27 de octubre, en Medell\u00edn, con el t\u00edtulo \\\"C\u00f3mo construir paz en tiempos convulsos\\\".\",\"breadcrumb\":{\"@id\":\"https:\\\/\\\/www.sindicaturabarcelona.cat\\\/es\\\/com-construir-la-pau-en-temps-combulsos-la-conferencia-del-sindic-a-la-cort-suprema-de-justicia-de-colombia\\\/#breadcrumb\"},\"inLanguage\":\"es\",\"potentialAction\":[{\"@type\":\"ReadAction\",\"target\":[\"https:\\\/\\\/www.sindicaturabarcelona.cat\\\/es\\\/com-construir-la-pau-en-temps-combulsos-la-conferencia-del-sindic-a-la-cort-suprema-de-justicia-de-colombia\\\/\"]}]},{\"@type\":\"ImageObject\",\"inLanguage\":\"es\",\"@id\":\"https:\\\/\\\/www.sindicaturabarcelona.cat\\\/es\\\/com-construir-la-pau-en-temps-combulsos-la-conferencia-del-sindic-a-la-cort-suprema-de-justicia-de-colombia\\\/#primaryimage\",\"url\":\"https:\\\/\\\/www.sindicaturabarcelona.cat\\\/wp-content\\\/uploads\\\/WhatsApp-Image-2025-10-28-at-08.35.16.jpeg\",\"contentUrl\":\"https:\\\/\\\/www.sindicaturabarcelona.cat\\\/wp-content\\\/uploads\\\/WhatsApp-Image-2025-10-28-at-08.35.16.jpeg\",\"width\":2048,\"height\":1366},{\"@type\":\"BreadcrumbList\",\"@id\":\"https:\\\/\\\/www.sindicaturabarcelona.cat\\\/es\\\/com-construir-la-pau-en-temps-combulsos-la-conferencia-del-sindic-a-la-cort-suprema-de-justicia-de-colombia\\\/#breadcrumb\",\"itemListElement\":[{\"@type\":\"ListItem\",\"position\":1,\"name\":\"Inici\",\"item\":\"https:\\\/\\\/www.sindicaturabarcelona.cat\\\/es\\\/\"},{\"@type\":\"ListItem\",\"position\":2,\"name\":\"&#8220;C\u00f3mo construir la paz en tiempos convulsos&#8221;, la conferencia del s\u00edndic en la Corte Suprema de Justicia de Colombia\"}]},{\"@type\":\"WebSite\",\"@id\":\"https:\\\/\\\/www.sindicaturabarcelona.cat\\\/es\\\/#website\",\"url\":\"https:\\\/\\\/www.sindicaturabarcelona.cat\\\/es\\\/\",\"name\":\"Sindicatura de Greuges de Barcelona\",\"description\":\"La defensoria dels teus drets\",\"publisher\":{\"@id\":\"https:\\\/\\\/www.sindicaturabarcelona.cat\\\/es\\\/#organization\"},\"potentialAction\":[{\"@type\":\"SearchAction\",\"target\":{\"@type\":\"EntryPoint\",\"urlTemplate\":\"https:\\\/\\\/www.sindicaturabarcelona.cat\\\/es\\\/?s={search_term_string}\"},\"query-input\":{\"@type\":\"PropertyValueSpecification\",\"valueRequired\":true,\"valueName\":\"search_term_string\"}}],\"inLanguage\":\"es\"},{\"@type\":\"Organization\",\"@id\":\"https:\\\/\\\/www.sindicaturabarcelona.cat\\\/es\\\/#organization\",\"name\":\"Sindicatura de Greuges de Barcelona\",\"url\":\"https:\\\/\\\/www.sindicaturabarcelona.cat\\\/es\\\/\",\"logo\":{\"@type\":\"ImageObject\",\"inLanguage\":\"es\",\"@id\":\"https:\\\/\\\/www.sindicaturabarcelona.cat\\\/es\\\/#\\\/schema\\\/logo\\\/image\\\/\",\"url\":\"https:\\\/\\\/www.sindicaturabarcelona.cat\\\/wp-content\\\/uploads\\\/2023\\\/02\\\/logo_sindicatura.svg\",\"contentUrl\":\"https:\\\/\\\/www.sindicaturabarcelona.cat\\\/wp-content\\\/uploads\\\/2023\\\/02\\\/logo_sindicatura.svg\",\"caption\":\"Sindicatura de Greuges de Barcelona\"},\"image\":{\"@id\":\"https:\\\/\\\/www.sindicaturabarcelona.cat\\\/es\\\/#\\\/schema\\\/logo\\\/image\\\/\"},\"sameAs\":[\"https:\\\/\\\/x.com\\\/sindicbarcelona\",\"https:\\\/\\\/www.instagram.com\\\/sindicbarcelona\\\/\",\"https:\\\/\\\/www.tiktok.com\\\/@sindicaturabcn\",\"https:\\\/\\\/t.me\\\/sindicaturabarcelona\"]},{\"@type\":\"Person\",\"@id\":\"https:\\\/\\\/www.sindicaturabarcelona.cat\\\/es\\\/#\\\/schema\\\/person\\\/0e5acffc350ffdbc97578159322c9452\",\"name\":\"Pablo\",\"image\":{\"@type\":\"ImageObject\",\"inLanguage\":\"es\",\"@id\":\"https:\\\/\\\/secure.gravatar.com\\\/avatar\\\/c948169b402ef9492afde705c3dfd5e90e1a6a84ef6840a91124f805a25a480f?s=96&d=mm&r=g\",\"url\":\"https:\\\/\\\/secure.gravatar.com\\\/avatar\\\/c948169b402ef9492afde705c3dfd5e90e1a6a84ef6840a91124f805a25a480f?s=96&d=mm&r=g\",\"contentUrl\":\"https:\\\/\\\/secure.gravatar.com\\\/avatar\\\/c948169b402ef9492afde705c3dfd5e90e1a6a84ef6840a91124f805a25a480f?s=96&d=mm&r=g\",\"caption\":\"Pablo\"},\"url\":\"https:\\\/\\\/www.sindicaturabarcelona.cat\\\/es\\\/author\\\/pablo\\\/\"}]}<\/script>\n<!-- \/ Yoast SEO plugin. -->","yoast_head_json":{"title":"\"C\u00f3mo construir la paz en tiempos convulsos\", la conferencia del s\u00edndic en la Corte Suprema de Justicia de Colombia - Sindicatura de Greuges de Barcelona","description":"David Bondia ha pronunciado una conferencia este lunes, 27 de octubre, en Medell\u00edn, con el t\u00edtulo \"C\u00f3mo construir paz en tiempos convulsos\".","robots":{"index":"index","follow":"follow","max-snippet":"max-snippet:-1","max-image-preview":"max-image-preview:large","max-video-preview":"max-video-preview:-1"},"canonical":"https:\/\/www.sindicaturabarcelona.cat\/es\/com-construir-la-pau-en-temps-combulsos-la-conferencia-del-sindic-a-la-cort-suprema-de-justicia-de-colombia\/","og_locale":"es_ES","og_type":"article","og_title":"\"C\u00f3mo construir la paz en tiempos convulsos\", la conferencia del s\u00edndic en la Corte Suprema de Justicia de Colombia - Sindicatura de Greuges de Barcelona","og_description":"David Bondia ha pronunciado una conferencia este lunes, 27 de octubre, en Medell\u00edn, con el t\u00edtulo \"C\u00f3mo construir paz en tiempos convulsos\".","og_url":"https:\/\/www.sindicaturabarcelona.cat\/es\/com-construir-la-pau-en-temps-combulsos-la-conferencia-del-sindic-a-la-cort-suprema-de-justicia-de-colombia\/","og_site_name":"Sindicatura de Greuges de Barcelona","article_published_time":"2025-10-28T10:14:54+00:00","article_modified_time":"2025-10-29T10:21:42+00:00","og_image":[{"width":2048,"height":1366,"url":"https:\/\/www.sindicaturabarcelona.cat\/wp-content\/uploads\/WhatsApp-Image-2025-10-28-at-08.35.16.jpeg","type":"image\/jpeg"}],"author":"Pablo","twitter_card":"summary_large_image","twitter_creator":"@sindicbarcelona","twitter_site":"@sindicbarcelona","twitter_misc":{"Escrito por":"Pablo","Tiempo de lectura":"3 minutos"},"schema":{"@context":"https:\/\/schema.org","@graph":[{"@type":"Article","@id":"https:\/\/www.sindicaturabarcelona.cat\/es\/com-construir-la-pau-en-temps-combulsos-la-conferencia-del-sindic-a-la-cort-suprema-de-justicia-de-colombia\/#article","isPartOf":{"@id":"https:\/\/www.sindicaturabarcelona.cat\/es\/com-construir-la-pau-en-temps-combulsos-la-conferencia-del-sindic-a-la-cort-suprema-de-justicia-de-colombia\/"},"author":{"name":"Pablo","@id":"https:\/\/www.sindicaturabarcelona.cat\/es\/#\/schema\/person\/0e5acffc350ffdbc97578159322c9452"},"headline":"\u00abC\u00f3mo construir la paz en tiempos convulsos\u00bb, la conferencia del s\u00edndic en la Corte Suprema de Justicia de Colombia","datePublished":"2025-10-28T10:14:54+00:00","dateModified":"2025-10-29T10:21:42+00:00","mainEntityOfPage":{"@id":"https:\/\/www.sindicaturabarcelona.cat\/es\/com-construir-la-pau-en-temps-combulsos-la-conferencia-del-sindic-a-la-cort-suprema-de-justicia-de-colombia\/"},"wordCount":260,"publisher":{"@id":"https:\/\/www.sindicaturabarcelona.cat\/es\/#organization"},"image":{"@id":"https:\/\/www.sindicaturabarcelona.cat\/es\/com-construir-la-pau-en-temps-combulsos-la-conferencia-del-sindic-a-la-cort-suprema-de-justicia-de-colombia\/#primaryimage"},"thumbnailUrl":"https:\/\/www.sindicaturabarcelona.cat\/wp-content\/uploads\/WhatsApp-Image-2025-10-28-at-08.35.16.jpeg","inLanguage":"es"},{"@type":"WebPage","@id":"https:\/\/www.sindicaturabarcelona.cat\/es\/com-construir-la-pau-en-temps-combulsos-la-conferencia-del-sindic-a-la-cort-suprema-de-justicia-de-colombia\/","url":"https:\/\/www.sindicaturabarcelona.cat\/es\/com-construir-la-pau-en-temps-combulsos-la-conferencia-del-sindic-a-la-cort-suprema-de-justicia-de-colombia\/","name":"\"C\u00f3mo construir la paz en tiempos convulsos\", la conferencia del s\u00edndic en la Corte Suprema de Justicia de Colombia - Sindicatura de Greuges de Barcelona","isPartOf":{"@id":"https:\/\/www.sindicaturabarcelona.cat\/es\/#website"},"primaryImageOfPage":{"@id":"https:\/\/www.sindicaturabarcelona.cat\/es\/com-construir-la-pau-en-temps-combulsos-la-conferencia-del-sindic-a-la-cort-suprema-de-justicia-de-colombia\/#primaryimage"},"image":{"@id":"https:\/\/www.sindicaturabarcelona.cat\/es\/com-construir-la-pau-en-temps-combulsos-la-conferencia-del-sindic-a-la-cort-suprema-de-justicia-de-colombia\/#primaryimage"},"thumbnailUrl":"https:\/\/www.sindicaturabarcelona.cat\/wp-content\/uploads\/WhatsApp-Image-2025-10-28-at-08.35.16.jpeg","datePublished":"2025-10-28T10:14:54+00:00","dateModified":"2025-10-29T10:21:42+00:00","description":"David Bondia ha pronunciado una conferencia este lunes, 27 de octubre, en Medell\u00edn, con el t\u00edtulo \"C\u00f3mo construir paz en tiempos convulsos\".","breadcrumb":{"@id":"https:\/\/www.sindicaturabarcelona.cat\/es\/com-construir-la-pau-en-temps-combulsos-la-conferencia-del-sindic-a-la-cort-suprema-de-justicia-de-colombia\/#breadcrumb"},"inLanguage":"es","potentialAction":[{"@type":"ReadAction","target":["https:\/\/www.sindicaturabarcelona.cat\/es\/com-construir-la-pau-en-temps-combulsos-la-conferencia-del-sindic-a-la-cort-suprema-de-justicia-de-colombia\/"]}]},{"@type":"ImageObject","inLanguage":"es","@id":"https:\/\/www.sindicaturabarcelona.cat\/es\/com-construir-la-pau-en-temps-combulsos-la-conferencia-del-sindic-a-la-cort-suprema-de-justicia-de-colombia\/#primaryimage","url":"https:\/\/www.sindicaturabarcelona.cat\/wp-content\/uploads\/WhatsApp-Image-2025-10-28-at-08.35.16.jpeg","contentUrl":"https:\/\/www.sindicaturabarcelona.cat\/wp-content\/uploads\/WhatsApp-Image-2025-10-28-at-08.35.16.jpeg","width":2048,"height":1366},{"@type":"BreadcrumbList","@id":"https:\/\/www.sindicaturabarcelona.cat\/es\/com-construir-la-pau-en-temps-combulsos-la-conferencia-del-sindic-a-la-cort-suprema-de-justicia-de-colombia\/#breadcrumb","itemListElement":[{"@type":"ListItem","position":1,"name":"Inici","item":"https:\/\/www.sindicaturabarcelona.cat\/es\/"},{"@type":"ListItem","position":2,"name":"&#8220;C\u00f3mo construir la paz en tiempos convulsos&#8221;, la conferencia del s\u00edndic en la Corte Suprema de Justicia de Colombia"}]},{"@type":"WebSite","@id":"https:\/\/www.sindicaturabarcelona.cat\/es\/#website","url":"https:\/\/www.sindicaturabarcelona.cat\/es\/","name":"Sindicatura de Greuges de Barcelona","description":"La defensoria dels teus drets","publisher":{"@id":"https:\/\/www.sindicaturabarcelona.cat\/es\/#organization"},"potentialAction":[{"@type":"SearchAction","target":{"@type":"EntryPoint","urlTemplate":"https:\/\/www.sindicaturabarcelona.cat\/es\/?s={search_term_string}"},"query-input":{"@type":"PropertyValueSpecification","valueRequired":true,"valueName":"search_term_string"}}],"inLanguage":"es"},{"@type":"Organization","@id":"https:\/\/www.sindicaturabarcelona.cat\/es\/#organization","name":"Sindicatura de Greuges de Barcelona","url":"https:\/\/www.sindicaturabarcelona.cat\/es\/","logo":{"@type":"ImageObject","inLanguage":"es","@id":"https:\/\/www.sindicaturabarcelona.cat\/es\/#\/schema\/logo\/image\/","url":"https:\/\/www.sindicaturabarcelona.cat\/wp-content\/uploads\/2023\/02\/logo_sindicatura.svg","contentUrl":"https:\/\/www.sindicaturabarcelona.cat\/wp-content\/uploads\/2023\/02\/logo_sindicatura.svg","caption":"Sindicatura de Greuges de Barcelona"},"image":{"@id":"https:\/\/www.sindicaturabarcelona.cat\/es\/#\/schema\/logo\/image\/"},"sameAs":["https:\/\/x.com\/sindicbarcelona","https:\/\/www.instagram.com\/sindicbarcelona\/","https:\/\/www.tiktok.com\/@sindicaturabcn","https:\/\/t.me\/sindicaturabarcelona"]},{"@type":"Person","@id":"https:\/\/www.sindicaturabarcelona.cat\/es\/#\/schema\/person\/0e5acffc350ffdbc97578159322c9452","name":"Pablo","image":{"@type":"ImageObject","inLanguage":"es","@id":"https:\/\/secure.gravatar.com\/avatar\/c948169b402ef9492afde705c3dfd5e90e1a6a84ef6840a91124f805a25a480f?s=96&d=mm&r=g","url":"https:\/\/secure.gravatar.com\/avatar\/c948169b402ef9492afde705c3dfd5e90e1a6a84ef6840a91124f805a25a480f?s=96&d=mm&r=g","contentUrl":"https:\/\/secure.gravatar.com\/avatar\/c948169b402ef9492afde705c3dfd5e90e1a6a84ef6840a91124f805a25a480f?s=96&d=mm&r=g","caption":"Pablo"},"url":"https:\/\/www.sindicaturabarcelona.cat\/es\/author\/pablo\/"}]}},"_links":{"self":[{"href":"https:\/\/www.sindicaturabarcelona.cat\/es\/wp-json\/wp\/v2\/posts\/39924","targetHints":{"allow":["GET"]}}],"collection":[{"href":"https:\/\/www.sindicaturabarcelona.cat\/es\/wp-json\/wp\/v2\/posts"}],"about":[{"href":"https:\/\/www.sindicaturabarcelona.cat\/es\/wp-json\/wp\/v2\/types\/post"}],"author":[{"embeddable":true,"href":"https:\/\/www.sindicaturabarcelona.cat\/es\/wp-json\/wp\/v2\/users\/2"}],"replies":[{"embeddable":true,"href":"https:\/\/www.sindicaturabarcelona.cat\/es\/wp-json\/wp\/v2\/comments?post=39924"}],"version-history":[{"count":9,"href":"https:\/\/www.sindicaturabarcelona.cat\/es\/wp-json\/wp\/v2\/posts\/39924\/revisions"}],"predecessor-version":[{"id":39970,"href":"https:\/\/www.sindicaturabarcelona.cat\/es\/wp-json\/wp\/v2\/posts\/39924\/revisions\/39970"}],"wp:featuredmedia":[{"embeddable":true,"href":"https:\/\/www.sindicaturabarcelona.cat\/es\/wp-json\/wp\/v2\/media\/39932"}],"wp:attachment":[{"href":"https:\/\/www.sindicaturabarcelona.cat\/es\/wp-json\/wp\/v2\/media?parent=39924"}],"wp:term":[{"taxonomy":"post_tag","embeddable":true,"href":"https:\/\/www.sindicaturabarcelona.cat\/es\/wp-json\/wp\/v2\/tags?post=39924"},{"taxonomy":"drets","embeddable":true,"href":"https:\/\/www.sindicaturabarcelona.cat\/es\/wp-json\/wp\/v2\/drets?post=39924"}],"curies":[{"name":"wp","href":"https:\/\/api.w.org\/{rel}","templated":true}]}}