{"id":39779,"date":"2025-10-17T08:59:21","date_gmt":"2025-10-17T06:59:21","guid":{"rendered":"https:\/\/www.sindicaturabarcelona.cat\/?p=39779"},"modified":"2025-10-18T23:30:55","modified_gmt":"2025-10-18T21:30:55","slug":"el-sindic-interve-en-una-conferencia-a-malta-sobre-com-fer-servir-les-innovacions-tecnologiques-per-millorar-la-tasca-de-les-defensories","status":"publish","type":"post","link":"https:\/\/www.sindicaturabarcelona.cat\/es\/el-sindic-interve-en-una-conferencia-a-malta-sobre-com-fer-servir-les-innovacions-tecnologiques-per-millorar-la-tasca-de-les-defensories\/","title":{"rendered":"El s\u00edndic interviene en una conferencia en Malta sobre c\u00f3mo usar las innovaciones tecnol\u00f3gicas para mejorar la labor de las defensor\u00edas"},"content":{"rendered":"\n<p>David Bondia ha expuesto este jueves, 16 de octubre, el proyecto europeo Innovative and <a href=\"https:\/\/idemproject.eu\/es\" target=\"_blank\" rel=\"noreferrer noopener\">Inclusive Democratic Spaces for Deliberation and Participation<\/a> (iDEM), en el que <a href=\"https:\/\/www.sindicaturabarcelona.cat\/es\/informacion-mas-accesible-para-una-democracia-mas-inclusiva-con-ayuda-de-la-ia-el-objetivo-de-un-nuevo-proyecto-europeo-en-el-que-participa-la-sindicatura\/\" target=\"_blank\" rel=\"noreferrer noopener\">participa la Sindicatura<\/a>. El objetivo es desarrollar <strong>herramientas basadas en la inteligencia artificial que simplifiquen y hagan m\u00e1s comprensibles las informaciones<\/strong> para participar en el debate democr\u00e1tico en determinados colectivos, como personas con discapacidad intelectual o con dificultades de comunicaci\u00f3n. La iniciativa la lidera la UPF y tiene 11 <em>partners<\/em> europeos, entre ellos el Instituto Municipal de Personas con Discapacidad (IMPD).<\/p>\n\n\n\n<p>Con el t\u00edtulo \u00ab<strong>Adoptar la innovaci\u00f3n tecnol\u00f3gica: El papel del S\u00edndic en la era de la digitalizaci\u00f3n y la inteligencia artificial<\/strong>\u201d, Bondia ha abordado tambi\u00e9n los retos que suponen estos cambios, y cu\u00e1l es la mejor forma de incorporar las nuevas herramientas para facilitar el acceso a la informaci\u00f3n y mejorar la transparencia de los procesos.<\/p>\n\n\n\n<p>El <strong>s\u00edndic ha destacado<\/strong> que \u00abdebemos estar preparados para adaptarnos a entornos sociales, pol\u00edticos y tecnol\u00f3gicos en r\u00e1pida transformaci\u00f3n, como son los actuales, manteniendo como prioridad los principios del buen gobierno. De este modo, y con la participaci\u00f3n en proyectos como el iDEM, <strong>contribuimos a impulsar una democracia m\u00e1s inclusiva, en la que la tecnolog\u00eda se pone al servicio<\/strong> <strong>de la<\/strong> <strong>participaci\u00f3n ciudadana y la justicia social<\/strong>\u00ab.<\/p>\n\n\n\n<p>La intervenci\u00f3n se ha realizado en la conferencia internacional \u00ab<strong>Defender el buen gobierno en tiempos dif\u00edciles: el papel del Ombudsman<\/strong>\u00ab, que ha tenido lugar en el contexto de la celebraci\u00f3n de los 30 a\u00f1os de la oficina del ombudsman de Malta. <strong>La Sindicatura de Greuges de Barcelona ha sido la \u00fanica defensor\u00eda local en intervenir<\/strong>, ya que el resto eran regionales o estatales. Si lo deseas, puedes leer <a href=\"https:\/\/ombudsman.org.mt\/news-and-events\/the-ombudsman-at-30-celebrating-three-decades-of-service\/\" target=\"_blank\" rel=\"noreferrer noopener\">m\u00e1s informaci\u00f3n sobre este evento<\/a> (en ingl\u00e9s).<\/p>\n\n\n\n<figure class=\"wp-block-image size-large\"><img loading=\"lazy\" decoding=\"async\" width=\"1200\" height=\"900\" src=\"https:\/\/www.sindicaturabarcelona.cat\/wp-content\/uploads\/IMG-20251017-WA0007-1200x900.jpg\" alt=\"Bondia iDEM internacional Malta\" class=\"wp-image-39846\" srcset=\"https:\/\/www.sindicaturabarcelona.cat\/wp-content\/uploads\/IMG-20251017-WA0007-1200x900.jpg 1200w, https:\/\/www.sindicaturabarcelona.cat\/wp-content\/uploads\/IMG-20251017-WA0007-711x533.jpg 711w, https:\/\/www.sindicaturabarcelona.cat\/wp-content\/uploads\/IMG-20251017-WA0007-768x576.jpg 768w, https:\/\/www.sindicaturabarcelona.cat\/wp-content\/uploads\/IMG-20251017-WA0007-1536x1152.jpg 1536w, https:\/\/www.sindicaturabarcelona.cat\/wp-content\/uploads\/IMG-20251017-WA0007.jpg 1600w\" sizes=\"auto, (max-width: 1200px) 100vw, 1200px\" \/><figcaption class=\"wp-element-caption\">Bondia iDEM internacional Malta<\/figcaption><\/figure>\n\n\n\n<h2 class=\"wp-block-heading\">La Sindicatura, un referente internacional<\/h2>\n\n\n\n<p>\u00c9sta no ser\u00e1 la \u00fanica intervenci\u00f3n de la Sindicatura fuera de Barcelona este mes con el iDEM como eje central. El pr\u00f3ximo jueves, 23 de octubre, participaremos en el <a href=\"https:\/\/reps2025.unirioja.es\/\" target=\"_blank\" rel=\"noreferrer noopener\">X Congreso de la Red Espa\u00f1ola de Pol\u00edtica Social (REPS)<\/a>, en Logro\u00f1o, La Rioja. En este caso, la ponencia ser\u00e1 \u00ab<strong>La participaci\u00f3n ciudadana en el proceso de creaci\u00f3n de pol\u00edticas p\u00fablicas y el enfoque comunitario de la intervenci\u00f3n como estrategias innovadoras en la creaci\u00f3n de pol\u00edticas sociales inclusivas<\/strong>\u00ab.<\/p>\n\n\n\n<p>Este a\u00f1o, la Sindicatura ya particip\u00f3 en mayo en la <a href=\"https:\/\/www.sindicaturabarcelona.cat\/es\/la-sindicatura-participa-en-la-reunion-de-trabajo-anual-del-idem-un-proyecto-europeo-para-mejorar-la-accesibilidad-y-la-inclusividad-en-procesos-participativos\/\" target=\"_blank\" rel=\"noreferrer noopener\">reuni\u00f3n anual de trabajo anual de este proyecto europeo en Leeds<\/a> (Reino Unido), para poner en com\u00fan los avances realizados y definir los pasos a seguir. <a href=\"https:\/\/www.sindicaturabarcelona.cat\/es\/intercanvi-de-bones-practiques-i-planificacio-de-futurs-projectes-conjunts-els-avencos-despres-de-les-intervencions-de-la-sindicatura-a-colombia\/\" target=\"_blank\" rel=\"noreferrer noopener\">En agosto, el s\u00edndic intervino en varios actos en Colombia<\/a>, uno de los cuales inclu\u00eda una mesa redonda sobre los desaf\u00edos que supone la inteligencia artificial para las defensor\u00edas, en la que se explic\u00f3 tambi\u00e9n el proyecto iDEM.<\/p>\n\n\n\n<p>Durante el mandato actual, la defensor\u00eda de la ciudad ha visitado tambi\u00e9n <a href=\"https:\/\/www.sindicaturabarcelona.cat\/es\/el-sindic-de-greuges-de-barcelona-david-bondia-ha-viatjat-a-luruguai-per-exposar-el-model-de-la-sindicatura-de-greuges-de-barcelona\/\" target=\"_blank\" rel=\"noreferrer noopener\">Uruguay<\/a>, M\u00e9xico, El Salvador, Argentina, B\u00e9lgica e <a href=\"https:\/\/www.sindicaturabarcelona.cat\/es\/la-sindicatura-de-greuges-de-barcelona-participa-en-la-international-conference-of-ombudsman\/\" target=\"_blank\" rel=\"noreferrer noopener\">Italia<\/a>, y en todos estos pa\u00edses el proyecto de la Sindicatura ha generado mucho inter\u00e9s. Desde marzo, adem\u00e1s, <a href=\"https:\/\/www.sindicaturabarcelona.cat\/es\/el-sindic-de-greuges-de-barcelona-nou-president-de-lalianza-global-del-ombudsperson-local-agol\/\" target=\"_blank\" rel=\"noreferrer noopener\">David Bondia ocupa la presidencia de la Alianza Global del Ombudsperson Local<\/a> (AGOL).<\/p>\n\n\n\n<p>Imagen principal: <a href=\"https:\/\/ombudsman.org.mt\/\" target=\"_blank\" rel=\"noreferrer noopener\">Oficina de l&#8217;Ombudsman &#8211; Malta<\/a><\/p>\n\n\n\n<p><\/p>\n","protected":false},"excerpt":{"rendered":"<p>David Bondia ha expuesto este jueves, 16 de octubre, el proyecto europeo Innovative and Inclusive Democratic Spaces for Deliberation and Participation (iDEM), en el que participa la Sindicatura. El objetivo [&hellip;]<\/p>\n","protected":false},"author":2,"featured_media":39824,"comment_status":"closed","ping_status":"closed","sticky":false,"template":"","format":"standard","meta":{"_acf_changed":false,"footnotes":""},"tags":[],"drets":[1475,1476,1575,1579,1578,1576,1580,1577,1581,1582,1583,1477,1591,1514,1592,1593,1594,1595,1596,1590,1586,1588,1587,1589,1584,1585,1648,1664,1669,1567,1571,1572,1570,1573,1568,1574,1569],"class_list":["post-39779","post","type-post","status-publish","format-standard","has-post-thumbnail","hentry","drets-ciudad-equitativa","drets-derecho-a-los-servicios-de-proteccion-social","drets-derecho-a-la-educacion-y-al-ocio","drets-derecho-a-la-salud","drets-derechos-culturales","drets-derecho-al-deporte","drets-derecho-al-trabajo","drets-derecho-a-la-vivienda","drets-derechos-de-acogida","drets-derecho-a-una-vida-libre-de-violencias","drets-ciudad-garantista","drets-ciudad-habitable-y-sostenible","drets-derecho-a-un-urbanismo-harmonioso","drets-derecho-a-una-convivencia-pacifica","drets-derecho-al-medio-ambiente","drets-derecho-a-la-movilidad","drets-derecho-al-espacio-publico","drets-derecho-a-la-accesibilidad-y-la-inclusividad","drets-derecho-al-descanso","drets-derecho-al-bienestar-animal","drets-derecho-a-una-buena-administracion","drets-derechos-digitales","drets-derechos-de-las-personas-consumidoras","drets-derechos-funerarios","drets-derecho-a-la-seguridad-ciudadana","drets-derecho-al-empadronamiento","drets-derecho-a-la-informacion","drets-dret-a-la-memoria-democratica-es","drets-derecho-a-la-integridad","drets-ciudad-diversa","drets-derechos-de-la-infancia-y-la-adolescencia","drets-derechos-de-la-juventud","drets-derechos-de-la-gente-mayor","drets-derechos-de-participacion","drets-derecho-a-la-igualdad-y-a-la-diversidad","drets-derechos-linguisticos","drets-derecho-a-los-cuidados"],"acf":[],"yoast_head":"<!-- This site is optimized with the Yoast SEO plugin v27.5 - https:\/\/yoast.com\/product\/yoast-seo-wordpress\/ -->\n<title>El s\u00edndic interviene en una conferencia en Malta sobre c\u00f3mo usar las innovaciones tecnol\u00f3gicas para mejorar la labor de las defensor\u00edas - Sindicatura de Greuges de Barcelona<\/title>\n<meta name=\"description\" content=\"David Bondia ha expuesto este jueves el proyecto europeo iDEM. Ha sido la \u00fanica defensor\u00eda local que ha intervendo.\" \/>\n<meta name=\"robots\" content=\"index, follow, max-snippet:-1, max-image-preview:large, max-video-preview:-1\" \/>\n<link rel=\"canonical\" href=\"https:\/\/www.sindicaturabarcelona.cat\/es\/el-sindic-interve-en-una-conferencia-a-malta-sobre-com-fer-servir-les-innovacions-tecnologiques-per-millorar-la-tasca-de-les-defensories\/\" \/>\n<meta property=\"og:locale\" content=\"es_ES\" \/>\n<meta property=\"og:type\" content=\"article\" \/>\n<meta property=\"og:title\" content=\"El s\u00edndic interviene en una conferencia en Malta sobre c\u00f3mo usar las innovaciones tecnol\u00f3gicas para mejorar la labor de las defensor\u00edas - Sindicatura de Greuges de Barcelona\" \/>\n<meta property=\"og:description\" content=\"David Bondia ha expuesto este jueves el proyecto europeo iDEM. Ha sido la \u00fanica defensor\u00eda local que ha intervendo.\" \/>\n<meta property=\"og:url\" content=\"https:\/\/www.sindicaturabarcelona.cat\/es\/el-sindic-interve-en-una-conferencia-a-malta-sobre-com-fer-servir-les-innovacions-tecnologiques-per-millorar-la-tasca-de-les-defensories\/\" \/>\n<meta property=\"og:site_name\" content=\"Sindicatura de Greuges de Barcelona\" \/>\n<meta property=\"article:published_time\" content=\"2025-10-17T06:59:21+00:00\" \/>\n<meta property=\"article:modified_time\" content=\"2025-10-18T21:30:55+00:00\" \/>\n<meta property=\"og:image\" content=\"https:\/\/www.sindicaturabarcelona.cat\/wp-content\/uploads\/thecreatives-ombudsmanday3-127-scaled.jpg\" \/>\n\t<meta property=\"og:image:width\" content=\"2560\" \/>\n\t<meta property=\"og:image:height\" content=\"1707\" \/>\n\t<meta property=\"og:image:type\" content=\"image\/jpeg\" \/>\n<meta name=\"author\" content=\"Pablo\" \/>\n<meta name=\"twitter:card\" content=\"summary_large_image\" \/>\n<meta name=\"twitter:creator\" content=\"@sindicbarcelona\" \/>\n<meta name=\"twitter:site\" content=\"@sindicbarcelona\" \/>\n<meta name=\"twitter:label1\" content=\"Escrito por\" \/>\n\t<meta name=\"twitter:data1\" content=\"Pablo\" \/>\n\t<meta name=\"twitter:label2\" content=\"Tiempo de lectura\" \/>\n\t<meta name=\"twitter:data2\" content=\"4 minutos\" \/>\n<script type=\"application\/ld+json\" class=\"yoast-schema-graph\">{\"@context\":\"https:\\\/\\\/schema.org\",\"@graph\":[{\"@type\":\"Article\",\"@id\":\"https:\\\/\\\/www.sindicaturabarcelona.cat\\\/es\\\/el-sindic-interve-en-una-conferencia-a-malta-sobre-com-fer-servir-les-innovacions-tecnologiques-per-millorar-la-tasca-de-les-defensories\\\/#article\",\"isPartOf\":{\"@id\":\"https:\\\/\\\/www.sindicaturabarcelona.cat\\\/es\\\/el-sindic-interve-en-una-conferencia-a-malta-sobre-com-fer-servir-les-innovacions-tecnologiques-per-millorar-la-tasca-de-les-defensories\\\/\"},\"author\":{\"name\":\"Pablo\",\"@id\":\"https:\\\/\\\/www.sindicaturabarcelona.cat\\\/es\\\/#\\\/schema\\\/person\\\/0e5acffc350ffdbc97578159322c9452\"},\"headline\":\"El s\u00edndic interviene en una conferencia en Malta sobre c\u00f3mo usar las innovaciones tecnol\u00f3gicas para mejorar la labor de las defensor\u00edas\",\"datePublished\":\"2025-10-17T06:59:21+00:00\",\"dateModified\":\"2025-10-18T21:30:55+00:00\",\"mainEntityOfPage\":{\"@id\":\"https:\\\/\\\/www.sindicaturabarcelona.cat\\\/es\\\/el-sindic-interve-en-una-conferencia-a-malta-sobre-com-fer-servir-les-innovacions-tecnologiques-per-millorar-la-tasca-de-les-defensories\\\/\"},\"wordCount\":578,\"publisher\":{\"@id\":\"https:\\\/\\\/www.sindicaturabarcelona.cat\\\/es\\\/#organization\"},\"image\":{\"@id\":\"https:\\\/\\\/www.sindicaturabarcelona.cat\\\/es\\\/el-sindic-interve-en-una-conferencia-a-malta-sobre-com-fer-servir-les-innovacions-tecnologiques-per-millorar-la-tasca-de-les-defensories\\\/#primaryimage\"},\"thumbnailUrl\":\"https:\\\/\\\/www.sindicaturabarcelona.cat\\\/wp-content\\\/uploads\\\/thecreatives-ombudsmanday3-127-scaled.jpg\",\"inLanguage\":\"es\"},{\"@type\":\"WebPage\",\"@id\":\"https:\\\/\\\/www.sindicaturabarcelona.cat\\\/es\\\/el-sindic-interve-en-una-conferencia-a-malta-sobre-com-fer-servir-les-innovacions-tecnologiques-per-millorar-la-tasca-de-les-defensories\\\/\",\"url\":\"https:\\\/\\\/www.sindicaturabarcelona.cat\\\/es\\\/el-sindic-interve-en-una-conferencia-a-malta-sobre-com-fer-servir-les-innovacions-tecnologiques-per-millorar-la-tasca-de-les-defensories\\\/\",\"name\":\"El s\u00edndic interviene en una conferencia en Malta sobre c\u00f3mo usar las innovaciones tecnol\u00f3gicas para mejorar la labor de las defensor\u00edas - Sindicatura de Greuges de Barcelona\",\"isPartOf\":{\"@id\":\"https:\\\/\\\/www.sindicaturabarcelona.cat\\\/es\\\/#website\"},\"primaryImageOfPage\":{\"@id\":\"https:\\\/\\\/www.sindicaturabarcelona.cat\\\/es\\\/el-sindic-interve-en-una-conferencia-a-malta-sobre-com-fer-servir-les-innovacions-tecnologiques-per-millorar-la-tasca-de-les-defensories\\\/#primaryimage\"},\"image\":{\"@id\":\"https:\\\/\\\/www.sindicaturabarcelona.cat\\\/es\\\/el-sindic-interve-en-una-conferencia-a-malta-sobre-com-fer-servir-les-innovacions-tecnologiques-per-millorar-la-tasca-de-les-defensories\\\/#primaryimage\"},\"thumbnailUrl\":\"https:\\\/\\\/www.sindicaturabarcelona.cat\\\/wp-content\\\/uploads\\\/thecreatives-ombudsmanday3-127-scaled.jpg\",\"datePublished\":\"2025-10-17T06:59:21+00:00\",\"dateModified\":\"2025-10-18T21:30:55+00:00\",\"description\":\"David Bondia ha expuesto este jueves el proyecto europeo iDEM. Ha sido la \u00fanica defensor\u00eda local que ha intervendo.\",\"breadcrumb\":{\"@id\":\"https:\\\/\\\/www.sindicaturabarcelona.cat\\\/es\\\/el-sindic-interve-en-una-conferencia-a-malta-sobre-com-fer-servir-les-innovacions-tecnologiques-per-millorar-la-tasca-de-les-defensories\\\/#breadcrumb\"},\"inLanguage\":\"es\",\"potentialAction\":[{\"@type\":\"ReadAction\",\"target\":[\"https:\\\/\\\/www.sindicaturabarcelona.cat\\\/es\\\/el-sindic-interve-en-una-conferencia-a-malta-sobre-com-fer-servir-les-innovacions-tecnologiques-per-millorar-la-tasca-de-les-defensories\\\/\"]}]},{\"@type\":\"ImageObject\",\"inLanguage\":\"es\",\"@id\":\"https:\\\/\\\/www.sindicaturabarcelona.cat\\\/es\\\/el-sindic-interve-en-una-conferencia-a-malta-sobre-com-fer-servir-les-innovacions-tecnologiques-per-millorar-la-tasca-de-les-defensories\\\/#primaryimage\",\"url\":\"https:\\\/\\\/www.sindicaturabarcelona.cat\\\/wp-content\\\/uploads\\\/thecreatives-ombudsmanday3-127-scaled.jpg\",\"contentUrl\":\"https:\\\/\\\/www.sindicaturabarcelona.cat\\\/wp-content\\\/uploads\\\/thecreatives-ombudsmanday3-127-scaled.jpg\",\"width\":2560,\"height\":1707,\"caption\":\"Bondia s\u00edndic Malta iDEM\"},{\"@type\":\"BreadcrumbList\",\"@id\":\"https:\\\/\\\/www.sindicaturabarcelona.cat\\\/es\\\/el-sindic-interve-en-una-conferencia-a-malta-sobre-com-fer-servir-les-innovacions-tecnologiques-per-millorar-la-tasca-de-les-defensories\\\/#breadcrumb\",\"itemListElement\":[{\"@type\":\"ListItem\",\"position\":1,\"name\":\"Inici\",\"item\":\"https:\\\/\\\/www.sindicaturabarcelona.cat\\\/es\\\/\"},{\"@type\":\"ListItem\",\"position\":2,\"name\":\"El s\u00edndic interviene en una conferencia en Malta sobre c\u00f3mo usar las innovaciones tecnol\u00f3gicas para mejorar la labor de las defensor\u00edas\"}]},{\"@type\":\"WebSite\",\"@id\":\"https:\\\/\\\/www.sindicaturabarcelona.cat\\\/es\\\/#website\",\"url\":\"https:\\\/\\\/www.sindicaturabarcelona.cat\\\/es\\\/\",\"name\":\"Sindicatura de Greuges de Barcelona\",\"description\":\"La defensoria dels teus drets\",\"publisher\":{\"@id\":\"https:\\\/\\\/www.sindicaturabarcelona.cat\\\/es\\\/#organization\"},\"potentialAction\":[{\"@type\":\"SearchAction\",\"target\":{\"@type\":\"EntryPoint\",\"urlTemplate\":\"https:\\\/\\\/www.sindicaturabarcelona.cat\\\/es\\\/?s={search_term_string}\"},\"query-input\":{\"@type\":\"PropertyValueSpecification\",\"valueRequired\":true,\"valueName\":\"search_term_string\"}}],\"inLanguage\":\"es\"},{\"@type\":\"Organization\",\"@id\":\"https:\\\/\\\/www.sindicaturabarcelona.cat\\\/es\\\/#organization\",\"name\":\"Sindicatura de Greuges de Barcelona\",\"url\":\"https:\\\/\\\/www.sindicaturabarcelona.cat\\\/es\\\/\",\"logo\":{\"@type\":\"ImageObject\",\"inLanguage\":\"es\",\"@id\":\"https:\\\/\\\/www.sindicaturabarcelona.cat\\\/es\\\/#\\\/schema\\\/logo\\\/image\\\/\",\"url\":\"https:\\\/\\\/www.sindicaturabarcelona.cat\\\/wp-content\\\/uploads\\\/2023\\\/02\\\/logo_sindicatura.svg\",\"contentUrl\":\"https:\\\/\\\/www.sindicaturabarcelona.cat\\\/wp-content\\\/uploads\\\/2023\\\/02\\\/logo_sindicatura.svg\",\"caption\":\"Sindicatura de Greuges de Barcelona\"},\"image\":{\"@id\":\"https:\\\/\\\/www.sindicaturabarcelona.cat\\\/es\\\/#\\\/schema\\\/logo\\\/image\\\/\"},\"sameAs\":[\"https:\\\/\\\/x.com\\\/sindicbarcelona\",\"https:\\\/\\\/www.instagram.com\\\/sindicbarcelona\\\/\",\"https:\\\/\\\/www.tiktok.com\\\/@sindicaturabcn\",\"https:\\\/\\\/t.me\\\/sindicaturabarcelona\"]},{\"@type\":\"Person\",\"@id\":\"https:\\\/\\\/www.sindicaturabarcelona.cat\\\/es\\\/#\\\/schema\\\/person\\\/0e5acffc350ffdbc97578159322c9452\",\"name\":\"Pablo\",\"image\":{\"@type\":\"ImageObject\",\"inLanguage\":\"es\",\"@id\":\"https:\\\/\\\/secure.gravatar.com\\\/avatar\\\/c948169b402ef9492afde705c3dfd5e90e1a6a84ef6840a91124f805a25a480f?s=96&d=mm&r=g\",\"url\":\"https:\\\/\\\/secure.gravatar.com\\\/avatar\\\/c948169b402ef9492afde705c3dfd5e90e1a6a84ef6840a91124f805a25a480f?s=96&d=mm&r=g\",\"contentUrl\":\"https:\\\/\\\/secure.gravatar.com\\\/avatar\\\/c948169b402ef9492afde705c3dfd5e90e1a6a84ef6840a91124f805a25a480f?s=96&d=mm&r=g\",\"caption\":\"Pablo\"},\"url\":\"https:\\\/\\\/www.sindicaturabarcelona.cat\\\/es\\\/author\\\/pablo\\\/\"}]}<\/script>\n<!-- \/ Yoast SEO plugin. -->","yoast_head_json":{"title":"El s\u00edndic interviene en una conferencia en Malta sobre c\u00f3mo usar las innovaciones tecnol\u00f3gicas para mejorar la labor de las defensor\u00edas - Sindicatura de Greuges de Barcelona","description":"David Bondia ha expuesto este jueves el proyecto europeo iDEM. Ha sido la \u00fanica defensor\u00eda local que ha intervendo.","robots":{"index":"index","follow":"follow","max-snippet":"max-snippet:-1","max-image-preview":"max-image-preview:large","max-video-preview":"max-video-preview:-1"},"canonical":"https:\/\/www.sindicaturabarcelona.cat\/es\/el-sindic-interve-en-una-conferencia-a-malta-sobre-com-fer-servir-les-innovacions-tecnologiques-per-millorar-la-tasca-de-les-defensories\/","og_locale":"es_ES","og_type":"article","og_title":"El s\u00edndic interviene en una conferencia en Malta sobre c\u00f3mo usar las innovaciones tecnol\u00f3gicas para mejorar la labor de las defensor\u00edas - Sindicatura de Greuges de Barcelona","og_description":"David Bondia ha expuesto este jueves el proyecto europeo iDEM. Ha sido la \u00fanica defensor\u00eda local que ha intervendo.","og_url":"https:\/\/www.sindicaturabarcelona.cat\/es\/el-sindic-interve-en-una-conferencia-a-malta-sobre-com-fer-servir-les-innovacions-tecnologiques-per-millorar-la-tasca-de-les-defensories\/","og_site_name":"Sindicatura de Greuges de Barcelona","article_published_time":"2025-10-17T06:59:21+00:00","article_modified_time":"2025-10-18T21:30:55+00:00","og_image":[{"width":2560,"height":1707,"url":"https:\/\/www.sindicaturabarcelona.cat\/wp-content\/uploads\/thecreatives-ombudsmanday3-127-scaled.jpg","type":"image\/jpeg"}],"author":"Pablo","twitter_card":"summary_large_image","twitter_creator":"@sindicbarcelona","twitter_site":"@sindicbarcelona","twitter_misc":{"Escrito por":"Pablo","Tiempo de lectura":"4 minutos"},"schema":{"@context":"https:\/\/schema.org","@graph":[{"@type":"Article","@id":"https:\/\/www.sindicaturabarcelona.cat\/es\/el-sindic-interve-en-una-conferencia-a-malta-sobre-com-fer-servir-les-innovacions-tecnologiques-per-millorar-la-tasca-de-les-defensories\/#article","isPartOf":{"@id":"https:\/\/www.sindicaturabarcelona.cat\/es\/el-sindic-interve-en-una-conferencia-a-malta-sobre-com-fer-servir-les-innovacions-tecnologiques-per-millorar-la-tasca-de-les-defensories\/"},"author":{"name":"Pablo","@id":"https:\/\/www.sindicaturabarcelona.cat\/es\/#\/schema\/person\/0e5acffc350ffdbc97578159322c9452"},"headline":"El s\u00edndic interviene en una conferencia en Malta sobre c\u00f3mo usar las innovaciones tecnol\u00f3gicas para mejorar la labor de las defensor\u00edas","datePublished":"2025-10-17T06:59:21+00:00","dateModified":"2025-10-18T21:30:55+00:00","mainEntityOfPage":{"@id":"https:\/\/www.sindicaturabarcelona.cat\/es\/el-sindic-interve-en-una-conferencia-a-malta-sobre-com-fer-servir-les-innovacions-tecnologiques-per-millorar-la-tasca-de-les-defensories\/"},"wordCount":578,"publisher":{"@id":"https:\/\/www.sindicaturabarcelona.cat\/es\/#organization"},"image":{"@id":"https:\/\/www.sindicaturabarcelona.cat\/es\/el-sindic-interve-en-una-conferencia-a-malta-sobre-com-fer-servir-les-innovacions-tecnologiques-per-millorar-la-tasca-de-les-defensories\/#primaryimage"},"thumbnailUrl":"https:\/\/www.sindicaturabarcelona.cat\/wp-content\/uploads\/thecreatives-ombudsmanday3-127-scaled.jpg","inLanguage":"es"},{"@type":"WebPage","@id":"https:\/\/www.sindicaturabarcelona.cat\/es\/el-sindic-interve-en-una-conferencia-a-malta-sobre-com-fer-servir-les-innovacions-tecnologiques-per-millorar-la-tasca-de-les-defensories\/","url":"https:\/\/www.sindicaturabarcelona.cat\/es\/el-sindic-interve-en-una-conferencia-a-malta-sobre-com-fer-servir-les-innovacions-tecnologiques-per-millorar-la-tasca-de-les-defensories\/","name":"El s\u00edndic interviene en una conferencia en Malta sobre c\u00f3mo usar las innovaciones tecnol\u00f3gicas para mejorar la labor de las defensor\u00edas - Sindicatura de Greuges de Barcelona","isPartOf":{"@id":"https:\/\/www.sindicaturabarcelona.cat\/es\/#website"},"primaryImageOfPage":{"@id":"https:\/\/www.sindicaturabarcelona.cat\/es\/el-sindic-interve-en-una-conferencia-a-malta-sobre-com-fer-servir-les-innovacions-tecnologiques-per-millorar-la-tasca-de-les-defensories\/#primaryimage"},"image":{"@id":"https:\/\/www.sindicaturabarcelona.cat\/es\/el-sindic-interve-en-una-conferencia-a-malta-sobre-com-fer-servir-les-innovacions-tecnologiques-per-millorar-la-tasca-de-les-defensories\/#primaryimage"},"thumbnailUrl":"https:\/\/www.sindicaturabarcelona.cat\/wp-content\/uploads\/thecreatives-ombudsmanday3-127-scaled.jpg","datePublished":"2025-10-17T06:59:21+00:00","dateModified":"2025-10-18T21:30:55+00:00","description":"David Bondia ha expuesto este jueves el proyecto europeo iDEM. Ha sido la \u00fanica defensor\u00eda local que ha intervendo.","breadcrumb":{"@id":"https:\/\/www.sindicaturabarcelona.cat\/es\/el-sindic-interve-en-una-conferencia-a-malta-sobre-com-fer-servir-les-innovacions-tecnologiques-per-millorar-la-tasca-de-les-defensories\/#breadcrumb"},"inLanguage":"es","potentialAction":[{"@type":"ReadAction","target":["https:\/\/www.sindicaturabarcelona.cat\/es\/el-sindic-interve-en-una-conferencia-a-malta-sobre-com-fer-servir-les-innovacions-tecnologiques-per-millorar-la-tasca-de-les-defensories\/"]}]},{"@type":"ImageObject","inLanguage":"es","@id":"https:\/\/www.sindicaturabarcelona.cat\/es\/el-sindic-interve-en-una-conferencia-a-malta-sobre-com-fer-servir-les-innovacions-tecnologiques-per-millorar-la-tasca-de-les-defensories\/#primaryimage","url":"https:\/\/www.sindicaturabarcelona.cat\/wp-content\/uploads\/thecreatives-ombudsmanday3-127-scaled.jpg","contentUrl":"https:\/\/www.sindicaturabarcelona.cat\/wp-content\/uploads\/thecreatives-ombudsmanday3-127-scaled.jpg","width":2560,"height":1707,"caption":"Bondia s\u00edndic Malta iDEM"},{"@type":"BreadcrumbList","@id":"https:\/\/www.sindicaturabarcelona.cat\/es\/el-sindic-interve-en-una-conferencia-a-malta-sobre-com-fer-servir-les-innovacions-tecnologiques-per-millorar-la-tasca-de-les-defensories\/#breadcrumb","itemListElement":[{"@type":"ListItem","position":1,"name":"Inici","item":"https:\/\/www.sindicaturabarcelona.cat\/es\/"},{"@type":"ListItem","position":2,"name":"El s\u00edndic interviene en una conferencia en Malta sobre c\u00f3mo usar las innovaciones tecnol\u00f3gicas para mejorar la labor de las defensor\u00edas"}]},{"@type":"WebSite","@id":"https:\/\/www.sindicaturabarcelona.cat\/es\/#website","url":"https:\/\/www.sindicaturabarcelona.cat\/es\/","name":"Sindicatura de Greuges de Barcelona","description":"La defensoria dels teus drets","publisher":{"@id":"https:\/\/www.sindicaturabarcelona.cat\/es\/#organization"},"potentialAction":[{"@type":"SearchAction","target":{"@type":"EntryPoint","urlTemplate":"https:\/\/www.sindicaturabarcelona.cat\/es\/?s={search_term_string}"},"query-input":{"@type":"PropertyValueSpecification","valueRequired":true,"valueName":"search_term_string"}}],"inLanguage":"es"},{"@type":"Organization","@id":"https:\/\/www.sindicaturabarcelona.cat\/es\/#organization","name":"Sindicatura de Greuges de Barcelona","url":"https:\/\/www.sindicaturabarcelona.cat\/es\/","logo":{"@type":"ImageObject","inLanguage":"es","@id":"https:\/\/www.sindicaturabarcelona.cat\/es\/#\/schema\/logo\/image\/","url":"https:\/\/www.sindicaturabarcelona.cat\/wp-content\/uploads\/2023\/02\/logo_sindicatura.svg","contentUrl":"https:\/\/www.sindicaturabarcelona.cat\/wp-content\/uploads\/2023\/02\/logo_sindicatura.svg","caption":"Sindicatura de Greuges de Barcelona"},"image":{"@id":"https:\/\/www.sindicaturabarcelona.cat\/es\/#\/schema\/logo\/image\/"},"sameAs":["https:\/\/x.com\/sindicbarcelona","https:\/\/www.instagram.com\/sindicbarcelona\/","https:\/\/www.tiktok.com\/@sindicaturabcn","https:\/\/t.me\/sindicaturabarcelona"]},{"@type":"Person","@id":"https:\/\/www.sindicaturabarcelona.cat\/es\/#\/schema\/person\/0e5acffc350ffdbc97578159322c9452","name":"Pablo","image":{"@type":"ImageObject","inLanguage":"es","@id":"https:\/\/secure.gravatar.com\/avatar\/c948169b402ef9492afde705c3dfd5e90e1a6a84ef6840a91124f805a25a480f?s=96&d=mm&r=g","url":"https:\/\/secure.gravatar.com\/avatar\/c948169b402ef9492afde705c3dfd5e90e1a6a84ef6840a91124f805a25a480f?s=96&d=mm&r=g","contentUrl":"https:\/\/secure.gravatar.com\/avatar\/c948169b402ef9492afde705c3dfd5e90e1a6a84ef6840a91124f805a25a480f?s=96&d=mm&r=g","caption":"Pablo"},"url":"https:\/\/www.sindicaturabarcelona.cat\/es\/author\/pablo\/"}]}},"_links":{"self":[{"href":"https:\/\/www.sindicaturabarcelona.cat\/es\/wp-json\/wp\/v2\/posts\/39779","targetHints":{"allow":["GET"]}}],"collection":[{"href":"https:\/\/www.sindicaturabarcelona.cat\/es\/wp-json\/wp\/v2\/posts"}],"about":[{"href":"https:\/\/www.sindicaturabarcelona.cat\/es\/wp-json\/wp\/v2\/types\/post"}],"author":[{"embeddable":true,"href":"https:\/\/www.sindicaturabarcelona.cat\/es\/wp-json\/wp\/v2\/users\/2"}],"replies":[{"embeddable":true,"href":"https:\/\/www.sindicaturabarcelona.cat\/es\/wp-json\/wp\/v2\/comments?post=39779"}],"version-history":[{"count":7,"href":"https:\/\/www.sindicaturabarcelona.cat\/es\/wp-json\/wp\/v2\/posts\/39779\/revisions"}],"predecessor-version":[{"id":39853,"href":"https:\/\/www.sindicaturabarcelona.cat\/es\/wp-json\/wp\/v2\/posts\/39779\/revisions\/39853"}],"wp:featuredmedia":[{"embeddable":true,"href":"https:\/\/www.sindicaturabarcelona.cat\/es\/wp-json\/wp\/v2\/media\/39824"}],"wp:attachment":[{"href":"https:\/\/www.sindicaturabarcelona.cat\/es\/wp-json\/wp\/v2\/media?parent=39779"}],"wp:term":[{"taxonomy":"post_tag","embeddable":true,"href":"https:\/\/www.sindicaturabarcelona.cat\/es\/wp-json\/wp\/v2\/tags?post=39779"},{"taxonomy":"drets","embeddable":true,"href":"https:\/\/www.sindicaturabarcelona.cat\/es\/wp-json\/wp\/v2\/drets?post=39779"}],"curies":[{"name":"wp","href":"https:\/\/api.w.org\/{rel}","templated":true}]}}