{"id":39590,"date":"2025-10-08T09:34:05","date_gmt":"2025-10-08T07:34:05","guid":{"rendered":"https:\/\/www.sindicaturabarcelona.cat\/?p=39590"},"modified":"2025-10-11T22:36:18","modified_gmt":"2025-10-11T20:36:18","slug":"xavier-bernadi-nuevo-adjunto-al-sindic-de-greuges-de-barcelona","status":"publish","type":"post","link":"https:\/\/www.sindicaturabarcelona.cat\/es\/xavier-bernadi-nuevo-adjunto-al-sindic-de-greuges-de-barcelona\/","title":{"rendered":"Xavier Bernad\u00ed, nuevo adjunto al s\u00edndic de greuges de Barcelona"},"content":{"rendered":"\n<h2 class=\"wp-block-heading\">El Plenario del Consejo Municipal ha nombrado a Bernad\u00ed, que ha desarrollado una larga trayectoria profesional entre la docencia universitaria y la Administraci\u00f3n de la Generalitat. <\/h2>\n\n\n\n<p>Xavier Bernad\u00ed es licenciado en Derecho por la UAB, doctor en Derecho por la UPF y M\u00e1ster en Administraci\u00f3n P\u00fablica por ESADE. Ha sido <strong>profesor de Derecho Administrativo en la UPF, en la UB y en la UOC<\/strong>. Conferenciante y ponente en m\u00faltiples jornadas y seminarios, es autor de varios libros y art\u00edculos especializados.<\/p>\n\n\n\n<p>En la Administraci\u00f3n de la Generalitat, en la que tiene la condici\u00f3n de f<strong>uncionario del cuerpo superior<\/strong>, ha sido secretario de varias comisiones bilaterales, una de ellas con el Ayuntamiento de Barcelona. Tambi\u00e9n ha ocupado varios puestos de alto cargo, como la Direcci\u00f3n General de Derecho y Entidades Jur\u00eddicas o la Secretar\u00eda del Govern.<\/p>\n\n\n\n<p>A propuesta de la s\u00edndica de Greuges de Catalunya, fue designado miembro del \u00d3rgano responsable del Sistema Interno de Informaci\u00f3n del Parlament de Catalunya. Ha colaborado con el Foro de S\u00edndics i S\u00edndiques, Defensores y Defensoras Locales de Catalunya (<a href=\"https:\/\/sindicatureslocals.cat\/\" target=\"_blank\" rel=\"noreferrer noopener\">F\u00f2rumSD<\/a>), particularmente en el \u00e1mbito de la mediaci\u00f3n administrativa. <strong>En el Ayuntamiento de Barcelona, \u200b\u200bha sido miembro del Comit\u00e9 de \u00c9tica<\/strong>.<\/p>\n\n\n\n<p>Si quieres, puedes leer una versi\u00f3n m\u00e1s extensa en <a href=\"https:\/\/www.sindicaturabarcelona.cat\/es\/el-sindic\/\" target=\"_blank\" rel=\"noreferrer noopener\">este apartado web<\/a>.<\/p>\n\n\n\n<p>El nuevo adjunto al s\u00edndico, que ya ha tomado posesi\u00f3n del cargo, ha recibido el <strong>apoyo de los grupos municipales del PSC, Junts per Barcelona, \u200b\u200bBarcelona en Com\u00fa, ERC y PP<\/strong>, mientras que Vox ha votado en contra. Si lo deseas, puedes recuperar el nombramiento en <a href=\"https:\/\/www.youtube.com\/watch?v=f-D-17J70Gg\" target=\"_blank\" rel=\"noreferrer noopener\">el v\u00eddeo de la sesi\u00f3n plenaria de septiembre<\/a> (en catal\u00e1n; a partir del 2:04:30).<\/p>\n","protected":false},"excerpt":{"rendered":"<p>El Plenario del Consejo Municipal ha nombrado a Bernad\u00ed, que ha desarrollado una larga trayectoria profesional entre la docencia universitaria y la Administraci\u00f3n de la Generalitat. Xavier Bernad\u00ed es licenciado [&hellip;]<\/p>\n","protected":false},"author":2,"featured_media":39308,"comment_status":"closed","ping_status":"closed","sticky":false,"template":"","format":"standard","meta":{"_acf_changed":false,"footnotes":""},"tags":[],"drets":[1475,1476,1575,1579,1578,1576,1580,1577,1581,1582,1583,1477,1591,1514,1592,1593,1594,1595,1596,1590,1586,1588,1587,1589,1584,1585,1648,1664,1669,1567,1571,1572,1570,1573,1568,1574,1569],"class_list":["post-39590","post","type-post","status-publish","format-standard","has-post-thumbnail","hentry","drets-ciudad-equitativa","drets-derecho-a-los-servicios-de-proteccion-social","drets-derecho-a-la-educacion-y-al-ocio","drets-derecho-a-la-salud","drets-derechos-culturales","drets-derecho-al-deporte","drets-derecho-al-trabajo","drets-derecho-a-la-vivienda","drets-derechos-de-acogida","drets-derecho-a-una-vida-libre-de-violencias","drets-ciudad-garantista","drets-ciudad-habitable-y-sostenible","drets-derecho-a-un-urbanismo-harmonioso","drets-derecho-a-una-convivencia-pacifica","drets-derecho-al-medio-ambiente","drets-derecho-a-la-movilidad","drets-derecho-al-espacio-publico","drets-derecho-a-la-accesibilidad-y-la-inclusividad","drets-derecho-al-descanso","drets-derecho-al-bienestar-animal","drets-derecho-a-una-buena-administracion","drets-derechos-digitales","drets-derechos-de-las-personas-consumidoras","drets-derechos-funerarios","drets-derecho-a-la-seguridad-ciudadana","drets-derecho-al-empadronamiento","drets-derecho-a-la-informacion","drets-dret-a-la-memoria-democratica-es","drets-derecho-a-la-integridad","drets-ciudad-diversa","drets-derechos-de-la-infancia-y-la-adolescencia","drets-derechos-de-la-juventud","drets-derechos-de-la-gente-mayor","drets-derechos-de-participacion","drets-derecho-a-la-igualdad-y-a-la-diversidad","drets-derechos-linguisticos","drets-derecho-a-los-cuidados"],"acf":[],"yoast_head":"<!-- This site is optimized with the Yoast SEO plugin v27.5 - https:\/\/yoast.com\/product\/yoast-seo-wordpress\/ -->\n<title>Xavier Bernad\u00ed, nuevo adjunto al s\u00edndic de greuges de Barcelona - Sindicatura de Greuges de Barcelona<\/title>\n<meta name=\"description\" content=\"El plenari ha nombrado a Bernad\u00ed, que ha desarrollado su trayectoria profesional entre la Universidad y la Administraci\u00f3n de la Generalitat.\" \/>\n<meta name=\"robots\" content=\"index, follow, max-snippet:-1, max-image-preview:large, max-video-preview:-1\" \/>\n<link rel=\"canonical\" href=\"https:\/\/www.sindicaturabarcelona.cat\/es\/xavier-bernadi-nuevo-adjunto-al-sindic-de-greuges-de-barcelona\/\" \/>\n<meta property=\"og:locale\" content=\"es_ES\" \/>\n<meta property=\"og:type\" content=\"article\" \/>\n<meta property=\"og:title\" content=\"Xavier Bernad\u00ed, nuevo adjunto al s\u00edndic de greuges de Barcelona - Sindicatura de Greuges de Barcelona\" \/>\n<meta property=\"og:description\" content=\"El plenari ha nombrado a Bernad\u00ed, que ha desarrollado su trayectoria profesional entre la Universidad y la Administraci\u00f3n de la Generalitat.\" \/>\n<meta property=\"og:url\" content=\"https:\/\/www.sindicaturabarcelona.cat\/es\/xavier-bernadi-nuevo-adjunto-al-sindic-de-greuges-de-barcelona\/\" \/>\n<meta property=\"og:site_name\" content=\"Sindicatura de Greuges de Barcelona\" \/>\n<meta property=\"article:published_time\" content=\"2025-10-08T07:34:05+00:00\" \/>\n<meta property=\"article:modified_time\" content=\"2025-10-11T20:36:18+00:00\" \/>\n<meta property=\"og:image\" content=\"https:\/\/www.sindicaturabarcelona.cat\/wp-content\/uploads\/Captura-1.png\" \/>\n\t<meta property=\"og:image:width\" content=\"968\" \/>\n\t<meta property=\"og:image:height\" content=\"561\" \/>\n\t<meta property=\"og:image:type\" content=\"image\/png\" \/>\n<meta name=\"author\" content=\"Pablo\" \/>\n<meta name=\"twitter:card\" content=\"summary_large_image\" \/>\n<meta name=\"twitter:creator\" content=\"@sindicbarcelona\" \/>\n<meta name=\"twitter:site\" content=\"@sindicbarcelona\" \/>\n<meta name=\"twitter:label1\" content=\"Escrito por\" \/>\n\t<meta name=\"twitter:data1\" content=\"Pablo\" \/>\n\t<meta name=\"twitter:label2\" content=\"Tiempo de lectura\" \/>\n\t<meta name=\"twitter:data2\" content=\"2 minutos\" \/>\n<script type=\"application\/ld+json\" class=\"yoast-schema-graph\">{\"@context\":\"https:\\\/\\\/schema.org\",\"@graph\":[{\"@type\":\"Article\",\"@id\":\"https:\\\/\\\/www.sindicaturabarcelona.cat\\\/es\\\/xavier-bernadi-nuevo-adjunto-al-sindic-de-greuges-de-barcelona\\\/#article\",\"isPartOf\":{\"@id\":\"https:\\\/\\\/www.sindicaturabarcelona.cat\\\/es\\\/xavier-bernadi-nuevo-adjunto-al-sindic-de-greuges-de-barcelona\\\/\"},\"author\":{\"name\":\"Pablo\",\"@id\":\"https:\\\/\\\/www.sindicaturabarcelona.cat\\\/es\\\/#\\\/schema\\\/person\\\/0e5acffc350ffdbc97578159322c9452\"},\"headline\":\"Xavier Bernad\u00ed, nuevo adjunto al s\u00edndic de greuges de Barcelona\",\"datePublished\":\"2025-10-08T07:34:05+00:00\",\"dateModified\":\"2025-10-11T20:36:18+00:00\",\"mainEntityOfPage\":{\"@id\":\"https:\\\/\\\/www.sindicaturabarcelona.cat\\\/es\\\/xavier-bernadi-nuevo-adjunto-al-sindic-de-greuges-de-barcelona\\\/\"},\"wordCount\":301,\"publisher\":{\"@id\":\"https:\\\/\\\/www.sindicaturabarcelona.cat\\\/es\\\/#organization\"},\"image\":{\"@id\":\"https:\\\/\\\/www.sindicaturabarcelona.cat\\\/es\\\/xavier-bernadi-nuevo-adjunto-al-sindic-de-greuges-de-barcelona\\\/#primaryimage\"},\"thumbnailUrl\":\"https:\\\/\\\/www.sindicaturabarcelona.cat\\\/wp-content\\\/uploads\\\/Captura-1.png\",\"inLanguage\":\"es\"},{\"@type\":\"WebPage\",\"@id\":\"https:\\\/\\\/www.sindicaturabarcelona.cat\\\/es\\\/xavier-bernadi-nuevo-adjunto-al-sindic-de-greuges-de-barcelona\\\/\",\"url\":\"https:\\\/\\\/www.sindicaturabarcelona.cat\\\/es\\\/xavier-bernadi-nuevo-adjunto-al-sindic-de-greuges-de-barcelona\\\/\",\"name\":\"Xavier Bernad\u00ed, nuevo adjunto al s\u00edndic de greuges de Barcelona - Sindicatura de Greuges de Barcelona\",\"isPartOf\":{\"@id\":\"https:\\\/\\\/www.sindicaturabarcelona.cat\\\/es\\\/#website\"},\"primaryImageOfPage\":{\"@id\":\"https:\\\/\\\/www.sindicaturabarcelona.cat\\\/es\\\/xavier-bernadi-nuevo-adjunto-al-sindic-de-greuges-de-barcelona\\\/#primaryimage\"},\"image\":{\"@id\":\"https:\\\/\\\/www.sindicaturabarcelona.cat\\\/es\\\/xavier-bernadi-nuevo-adjunto-al-sindic-de-greuges-de-barcelona\\\/#primaryimage\"},\"thumbnailUrl\":\"https:\\\/\\\/www.sindicaturabarcelona.cat\\\/wp-content\\\/uploads\\\/Captura-1.png\",\"datePublished\":\"2025-10-08T07:34:05+00:00\",\"dateModified\":\"2025-10-11T20:36:18+00:00\",\"description\":\"El plenari ha nombrado a Bernad\u00ed, que ha desarrollado su trayectoria profesional entre la Universidad y la Administraci\u00f3n de la Generalitat.\",\"breadcrumb\":{\"@id\":\"https:\\\/\\\/www.sindicaturabarcelona.cat\\\/es\\\/xavier-bernadi-nuevo-adjunto-al-sindic-de-greuges-de-barcelona\\\/#breadcrumb\"},\"inLanguage\":\"es\",\"potentialAction\":[{\"@type\":\"ReadAction\",\"target\":[\"https:\\\/\\\/www.sindicaturabarcelona.cat\\\/es\\\/xavier-bernadi-nuevo-adjunto-al-sindic-de-greuges-de-barcelona\\\/\"]}]},{\"@type\":\"ImageObject\",\"inLanguage\":\"es\",\"@id\":\"https:\\\/\\\/www.sindicaturabarcelona.cat\\\/es\\\/xavier-bernadi-nuevo-adjunto-al-sindic-de-greuges-de-barcelona\\\/#primaryimage\",\"url\":\"https:\\\/\\\/www.sindicaturabarcelona.cat\\\/wp-content\\\/uploads\\\/Captura-1.png\",\"contentUrl\":\"https:\\\/\\\/www.sindicaturabarcelona.cat\\\/wp-content\\\/uploads\\\/Captura-1.png\",\"width\":968,\"height\":561,\"caption\":\"Xavier Bernad\u00ed\"},{\"@type\":\"BreadcrumbList\",\"@id\":\"https:\\\/\\\/www.sindicaturabarcelona.cat\\\/es\\\/xavier-bernadi-nuevo-adjunto-al-sindic-de-greuges-de-barcelona\\\/#breadcrumb\",\"itemListElement\":[{\"@type\":\"ListItem\",\"position\":1,\"name\":\"Inici\",\"item\":\"https:\\\/\\\/www.sindicaturabarcelona.cat\\\/es\\\/\"},{\"@type\":\"ListItem\",\"position\":2,\"name\":\"Xavier Bernad\u00ed, nuevo adjunto al s\u00edndic de greuges de Barcelona\"}]},{\"@type\":\"WebSite\",\"@id\":\"https:\\\/\\\/www.sindicaturabarcelona.cat\\\/es\\\/#website\",\"url\":\"https:\\\/\\\/www.sindicaturabarcelona.cat\\\/es\\\/\",\"name\":\"Sindicatura de Greuges de Barcelona\",\"description\":\"La defensoria dels teus drets\",\"publisher\":{\"@id\":\"https:\\\/\\\/www.sindicaturabarcelona.cat\\\/es\\\/#organization\"},\"potentialAction\":[{\"@type\":\"SearchAction\",\"target\":{\"@type\":\"EntryPoint\",\"urlTemplate\":\"https:\\\/\\\/www.sindicaturabarcelona.cat\\\/es\\\/?s={search_term_string}\"},\"query-input\":{\"@type\":\"PropertyValueSpecification\",\"valueRequired\":true,\"valueName\":\"search_term_string\"}}],\"inLanguage\":\"es\"},{\"@type\":\"Organization\",\"@id\":\"https:\\\/\\\/www.sindicaturabarcelona.cat\\\/es\\\/#organization\",\"name\":\"Sindicatura de Greuges de Barcelona\",\"url\":\"https:\\\/\\\/www.sindicaturabarcelona.cat\\\/es\\\/\",\"logo\":{\"@type\":\"ImageObject\",\"inLanguage\":\"es\",\"@id\":\"https:\\\/\\\/www.sindicaturabarcelona.cat\\\/es\\\/#\\\/schema\\\/logo\\\/image\\\/\",\"url\":\"https:\\\/\\\/www.sindicaturabarcelona.cat\\\/wp-content\\\/uploads\\\/2023\\\/02\\\/logo_sindicatura.svg\",\"contentUrl\":\"https:\\\/\\\/www.sindicaturabarcelona.cat\\\/wp-content\\\/uploads\\\/2023\\\/02\\\/logo_sindicatura.svg\",\"caption\":\"Sindicatura de Greuges de Barcelona\"},\"image\":{\"@id\":\"https:\\\/\\\/www.sindicaturabarcelona.cat\\\/es\\\/#\\\/schema\\\/logo\\\/image\\\/\"},\"sameAs\":[\"https:\\\/\\\/x.com\\\/sindicbarcelona\",\"https:\\\/\\\/www.instagram.com\\\/sindicbarcelona\\\/\",\"https:\\\/\\\/www.tiktok.com\\\/@sindicaturabcn\",\"https:\\\/\\\/t.me\\\/sindicaturabarcelona\"]},{\"@type\":\"Person\",\"@id\":\"https:\\\/\\\/www.sindicaturabarcelona.cat\\\/es\\\/#\\\/schema\\\/person\\\/0e5acffc350ffdbc97578159322c9452\",\"name\":\"Pablo\",\"image\":{\"@type\":\"ImageObject\",\"inLanguage\":\"es\",\"@id\":\"https:\\\/\\\/secure.gravatar.com\\\/avatar\\\/c948169b402ef9492afde705c3dfd5e90e1a6a84ef6840a91124f805a25a480f?s=96&d=mm&r=g\",\"url\":\"https:\\\/\\\/secure.gravatar.com\\\/avatar\\\/c948169b402ef9492afde705c3dfd5e90e1a6a84ef6840a91124f805a25a480f?s=96&d=mm&r=g\",\"contentUrl\":\"https:\\\/\\\/secure.gravatar.com\\\/avatar\\\/c948169b402ef9492afde705c3dfd5e90e1a6a84ef6840a91124f805a25a480f?s=96&d=mm&r=g\",\"caption\":\"Pablo\"},\"url\":\"https:\\\/\\\/www.sindicaturabarcelona.cat\\\/es\\\/author\\\/pablo\\\/\"}]}<\/script>\n<!-- \/ Yoast SEO plugin. -->","yoast_head_json":{"title":"Xavier Bernad\u00ed, nuevo adjunto al s\u00edndic de greuges de Barcelona - Sindicatura de Greuges de Barcelona","description":"El plenari ha nombrado a Bernad\u00ed, que ha desarrollado su trayectoria profesional entre la Universidad y la Administraci\u00f3n de la Generalitat.","robots":{"index":"index","follow":"follow","max-snippet":"max-snippet:-1","max-image-preview":"max-image-preview:large","max-video-preview":"max-video-preview:-1"},"canonical":"https:\/\/www.sindicaturabarcelona.cat\/es\/xavier-bernadi-nuevo-adjunto-al-sindic-de-greuges-de-barcelona\/","og_locale":"es_ES","og_type":"article","og_title":"Xavier Bernad\u00ed, nuevo adjunto al s\u00edndic de greuges de Barcelona - Sindicatura de Greuges de Barcelona","og_description":"El plenari ha nombrado a Bernad\u00ed, que ha desarrollado su trayectoria profesional entre la Universidad y la Administraci\u00f3n de la Generalitat.","og_url":"https:\/\/www.sindicaturabarcelona.cat\/es\/xavier-bernadi-nuevo-adjunto-al-sindic-de-greuges-de-barcelona\/","og_site_name":"Sindicatura de Greuges de Barcelona","article_published_time":"2025-10-08T07:34:05+00:00","article_modified_time":"2025-10-11T20:36:18+00:00","og_image":[{"width":968,"height":561,"url":"https:\/\/www.sindicaturabarcelona.cat\/wp-content\/uploads\/Captura-1.png","type":"image\/png"}],"author":"Pablo","twitter_card":"summary_large_image","twitter_creator":"@sindicbarcelona","twitter_site":"@sindicbarcelona","twitter_misc":{"Escrito por":"Pablo","Tiempo de lectura":"2 minutos"},"schema":{"@context":"https:\/\/schema.org","@graph":[{"@type":"Article","@id":"https:\/\/www.sindicaturabarcelona.cat\/es\/xavier-bernadi-nuevo-adjunto-al-sindic-de-greuges-de-barcelona\/#article","isPartOf":{"@id":"https:\/\/www.sindicaturabarcelona.cat\/es\/xavier-bernadi-nuevo-adjunto-al-sindic-de-greuges-de-barcelona\/"},"author":{"name":"Pablo","@id":"https:\/\/www.sindicaturabarcelona.cat\/es\/#\/schema\/person\/0e5acffc350ffdbc97578159322c9452"},"headline":"Xavier Bernad\u00ed, nuevo adjunto al s\u00edndic de greuges de Barcelona","datePublished":"2025-10-08T07:34:05+00:00","dateModified":"2025-10-11T20:36:18+00:00","mainEntityOfPage":{"@id":"https:\/\/www.sindicaturabarcelona.cat\/es\/xavier-bernadi-nuevo-adjunto-al-sindic-de-greuges-de-barcelona\/"},"wordCount":301,"publisher":{"@id":"https:\/\/www.sindicaturabarcelona.cat\/es\/#organization"},"image":{"@id":"https:\/\/www.sindicaturabarcelona.cat\/es\/xavier-bernadi-nuevo-adjunto-al-sindic-de-greuges-de-barcelona\/#primaryimage"},"thumbnailUrl":"https:\/\/www.sindicaturabarcelona.cat\/wp-content\/uploads\/Captura-1.png","inLanguage":"es"},{"@type":"WebPage","@id":"https:\/\/www.sindicaturabarcelona.cat\/es\/xavier-bernadi-nuevo-adjunto-al-sindic-de-greuges-de-barcelona\/","url":"https:\/\/www.sindicaturabarcelona.cat\/es\/xavier-bernadi-nuevo-adjunto-al-sindic-de-greuges-de-barcelona\/","name":"Xavier Bernad\u00ed, nuevo adjunto al s\u00edndic de greuges de Barcelona - Sindicatura de Greuges de Barcelona","isPartOf":{"@id":"https:\/\/www.sindicaturabarcelona.cat\/es\/#website"},"primaryImageOfPage":{"@id":"https:\/\/www.sindicaturabarcelona.cat\/es\/xavier-bernadi-nuevo-adjunto-al-sindic-de-greuges-de-barcelona\/#primaryimage"},"image":{"@id":"https:\/\/www.sindicaturabarcelona.cat\/es\/xavier-bernadi-nuevo-adjunto-al-sindic-de-greuges-de-barcelona\/#primaryimage"},"thumbnailUrl":"https:\/\/www.sindicaturabarcelona.cat\/wp-content\/uploads\/Captura-1.png","datePublished":"2025-10-08T07:34:05+00:00","dateModified":"2025-10-11T20:36:18+00:00","description":"El plenari ha nombrado a Bernad\u00ed, que ha desarrollado su trayectoria profesional entre la Universidad y la Administraci\u00f3n de la Generalitat.","breadcrumb":{"@id":"https:\/\/www.sindicaturabarcelona.cat\/es\/xavier-bernadi-nuevo-adjunto-al-sindic-de-greuges-de-barcelona\/#breadcrumb"},"inLanguage":"es","potentialAction":[{"@type":"ReadAction","target":["https:\/\/www.sindicaturabarcelona.cat\/es\/xavier-bernadi-nuevo-adjunto-al-sindic-de-greuges-de-barcelona\/"]}]},{"@type":"ImageObject","inLanguage":"es","@id":"https:\/\/www.sindicaturabarcelona.cat\/es\/xavier-bernadi-nuevo-adjunto-al-sindic-de-greuges-de-barcelona\/#primaryimage","url":"https:\/\/www.sindicaturabarcelona.cat\/wp-content\/uploads\/Captura-1.png","contentUrl":"https:\/\/www.sindicaturabarcelona.cat\/wp-content\/uploads\/Captura-1.png","width":968,"height":561,"caption":"Xavier Bernad\u00ed"},{"@type":"BreadcrumbList","@id":"https:\/\/www.sindicaturabarcelona.cat\/es\/xavier-bernadi-nuevo-adjunto-al-sindic-de-greuges-de-barcelona\/#breadcrumb","itemListElement":[{"@type":"ListItem","position":1,"name":"Inici","item":"https:\/\/www.sindicaturabarcelona.cat\/es\/"},{"@type":"ListItem","position":2,"name":"Xavier Bernad\u00ed, nuevo adjunto al s\u00edndic de greuges de Barcelona"}]},{"@type":"WebSite","@id":"https:\/\/www.sindicaturabarcelona.cat\/es\/#website","url":"https:\/\/www.sindicaturabarcelona.cat\/es\/","name":"Sindicatura de Greuges de Barcelona","description":"La defensoria dels teus drets","publisher":{"@id":"https:\/\/www.sindicaturabarcelona.cat\/es\/#organization"},"potentialAction":[{"@type":"SearchAction","target":{"@type":"EntryPoint","urlTemplate":"https:\/\/www.sindicaturabarcelona.cat\/es\/?s={search_term_string}"},"query-input":{"@type":"PropertyValueSpecification","valueRequired":true,"valueName":"search_term_string"}}],"inLanguage":"es"},{"@type":"Organization","@id":"https:\/\/www.sindicaturabarcelona.cat\/es\/#organization","name":"Sindicatura de Greuges de Barcelona","url":"https:\/\/www.sindicaturabarcelona.cat\/es\/","logo":{"@type":"ImageObject","inLanguage":"es","@id":"https:\/\/www.sindicaturabarcelona.cat\/es\/#\/schema\/logo\/image\/","url":"https:\/\/www.sindicaturabarcelona.cat\/wp-content\/uploads\/2023\/02\/logo_sindicatura.svg","contentUrl":"https:\/\/www.sindicaturabarcelona.cat\/wp-content\/uploads\/2023\/02\/logo_sindicatura.svg","caption":"Sindicatura de Greuges de Barcelona"},"image":{"@id":"https:\/\/www.sindicaturabarcelona.cat\/es\/#\/schema\/logo\/image\/"},"sameAs":["https:\/\/x.com\/sindicbarcelona","https:\/\/www.instagram.com\/sindicbarcelona\/","https:\/\/www.tiktok.com\/@sindicaturabcn","https:\/\/t.me\/sindicaturabarcelona"]},{"@type":"Person","@id":"https:\/\/www.sindicaturabarcelona.cat\/es\/#\/schema\/person\/0e5acffc350ffdbc97578159322c9452","name":"Pablo","image":{"@type":"ImageObject","inLanguage":"es","@id":"https:\/\/secure.gravatar.com\/avatar\/c948169b402ef9492afde705c3dfd5e90e1a6a84ef6840a91124f805a25a480f?s=96&d=mm&r=g","url":"https:\/\/secure.gravatar.com\/avatar\/c948169b402ef9492afde705c3dfd5e90e1a6a84ef6840a91124f805a25a480f?s=96&d=mm&r=g","contentUrl":"https:\/\/secure.gravatar.com\/avatar\/c948169b402ef9492afde705c3dfd5e90e1a6a84ef6840a91124f805a25a480f?s=96&d=mm&r=g","caption":"Pablo"},"url":"https:\/\/www.sindicaturabarcelona.cat\/es\/author\/pablo\/"}]}},"_links":{"self":[{"href":"https:\/\/www.sindicaturabarcelona.cat\/es\/wp-json\/wp\/v2\/posts\/39590","targetHints":{"allow":["GET"]}}],"collection":[{"href":"https:\/\/www.sindicaturabarcelona.cat\/es\/wp-json\/wp\/v2\/posts"}],"about":[{"href":"https:\/\/www.sindicaturabarcelona.cat\/es\/wp-json\/wp\/v2\/types\/post"}],"author":[{"embeddable":true,"href":"https:\/\/www.sindicaturabarcelona.cat\/es\/wp-json\/wp\/v2\/users\/2"}],"replies":[{"embeddable":true,"href":"https:\/\/www.sindicaturabarcelona.cat\/es\/wp-json\/wp\/v2\/comments?post=39590"}],"version-history":[{"count":3,"href":"https:\/\/www.sindicaturabarcelona.cat\/es\/wp-json\/wp\/v2\/posts\/39590\/revisions"}],"predecessor-version":[{"id":39730,"href":"https:\/\/www.sindicaturabarcelona.cat\/es\/wp-json\/wp\/v2\/posts\/39590\/revisions\/39730"}],"wp:featuredmedia":[{"embeddable":true,"href":"https:\/\/www.sindicaturabarcelona.cat\/es\/wp-json\/wp\/v2\/media\/39308"}],"wp:attachment":[{"href":"https:\/\/www.sindicaturabarcelona.cat\/es\/wp-json\/wp\/v2\/media?parent=39590"}],"wp:term":[{"taxonomy":"post_tag","embeddable":true,"href":"https:\/\/www.sindicaturabarcelona.cat\/es\/wp-json\/wp\/v2\/tags?post=39590"},{"taxonomy":"drets","embeddable":true,"href":"https:\/\/www.sindicaturabarcelona.cat\/es\/wp-json\/wp\/v2\/drets?post=39590"}],"curies":[{"name":"wp","href":"https:\/\/api.w.org\/{rel}","templated":true}]}}