{"id":39445,"date":"2025-10-03T07:36:38","date_gmt":"2025-10-03T05:36:38","guid":{"rendered":"https:\/\/www.sindicaturabarcelona.cat\/?p=39445"},"modified":"2025-10-07T11:13:33","modified_gmt":"2025-10-07T09:13:33","slug":"la-sindicatura-de-greuges-de-barcelona-insta-a-reforzar-la-sensibilizacion-del-personal-que-trabaja-en-centros-deportivos-municipales-hacia-la-salud-mental-infantil-y-la-inclusion-educativa","status":"publish","type":"post","link":"https:\/\/www.sindicaturabarcelona.cat\/es\/la-sindicatura-de-greuges-de-barcelona-insta-a-reforzar-la-sensibilizacion-del-personal-que-trabaja-en-centros-deportivos-municipales-hacia-la-salud-mental-infantil-y-la-inclusion-educativa\/","title":{"rendered":"La Sindicatura insta a reforzar la sensibilizaci\u00f3n del personal que trabaja en centros deportivos municipales hacia la salud mental infantil y la inclusi\u00f3n educativa"},"content":{"rendered":"\n<h2 class=\"wp-block-heading\">El Institut Barcelona Esports debe intensificar la formaci\u00f3n espec\u00edfica en estos \u00e1mbitos, a ra\u00edz de un caso de dos ni\u00f1os, uno de ellos con necesidades espec\u00edficas, a los que se deneg\u00f3 el acceso a una actividad extraescolar.<\/h2>\n\n\n\n<p>Seg\u00fan la promotora de la queja que ha motivado <a href=\"https:\/\/www.sindicaturabarcelona.cat\/wp-content\/uploads\/202509_Dret-Igualtat-Diversitat-Lleure-Educatiu_Activitat-Associacio-Esportiva-acces-classe-nens-IBE_25Q000489.pdf\" target=\"_blank\" rel=\"noreferrer noopener\">esta resoluci\u00f3n<\/a>, desde hac\u00eda dos a\u00f1os sus dos hijos participaban en una actividad extraescolar que organiza una asociaci\u00f3n y que se desarrolla en instalaciones municipales. Uno de los ni\u00f1os presenta <strong>necesidades espec\u00edficas de regulaci\u00f3n emocional y de conducta<\/strong>, que han generado algunas alteraciones en el desarrollo habitual de las sesiones y sobre las que la familia ya estaba enterada.<\/p>\n\n\n\n<p>La ciudadana explica que, <strong>sin previo aviso, se les impidi\u00f3 la entrada<\/strong>. Esto ha generado un <strong>fuerte impacto emocional<\/strong> en los ni\u00f1os, provocando que abandonen la actividad. En cambio, la asociaci\u00f3n deportiva asegura que comunic\u00f3 a la familia que hab\u00edan detectado <strong>problemas de comportamiento<\/strong> recurrentes y que ya no podr\u00edan asistir juntos, pero los ni\u00f1os hicieron caso omiso. Ante este hecho, les indic\u00f3 que, si no estaban de acuerdo en realizar la actividad por separado, pod\u00edan tramitar la baja de las sesiones.<\/p>\n\n\n\n<h2 class=\"wp-block-heading\">Se debe asegurar el acceso al ocio sin discriminaciones<\/h2>\n\n\n\n<p>El <a href=\"https:\/\/www.sindicaturabarcelona.cat\/es\/drets\/derecho-a-la-educacion-y-al-ocio\/\" target=\"_blank\" rel=\"noreferrer noopener\"><strong>derecho al ocio<\/strong><\/a>, tanto en actividades organizadas <a href=\"https:\/\/www.sindicaturabarcelona.cat\/es\/la-sindicatura-de-greuges-de-barcelona-recomana-que-es-retirin-els-cartells-de-prohibit-jugar-a-pilota-de-les-places-de-tota-la-ciutat\/\" target=\"_blank\" rel=\"noreferrer noopener\">como el juego aut\u00f3nomo en el espacio p\u00fablico<\/a>, es <strong>esencial para el desarrollo integral de los ninos<\/strong> <strong>y ni\u00f1as<\/strong>, y es una herramienta clave para mejorar la salud mental y el bienestar emocional y fomenta sus habilidades sociales. En los casos de ni\u00f1os y ni\u00f1as con diversidad funcional y\/o con neurodivergencia, las administraciones p\u00fablicas deben asegurar que puedan acceder a las mismas en condiciones de igualdad en actividades l\u00fadicas, recreativas y deportivas, sin discriminaci\u00f3n por razones econ\u00f3micas, territoriales, sociales, culturales o de capacidad.<\/p>\n\n\n\n<p>Sin embargo, es comprensible que el personal de los centros deportivos, que son los responsables de poner esto en pr\u00e1ctica, trabaja a menudo con recursos limitados y sin la formaci\u00f3n adecuada para gestionar incidentes derivados de la diversidad funcional y psicosocial de los ni\u00f1os.<\/p>\n\n\n\n<p>La Sindicatura considera que <strong>es necesario atender el malestar leg\u00edtimo expresado por la familia<\/strong> por la forma en la que se le comunic\u00f3 la decisi\u00f3n de separar a los hermanos en la actividad deportiva. La asociaci\u00f3n habr\u00eda podido, por ejemplo, proporcionar la informaci\u00f3n por anticipado y por escrito: en situaciones como \u00e9sta, una comunicaci\u00f3n clara, emp\u00e1tica y formal es primordial para evitar confusiones y garantizar que las familias se sientan escuchadas y respetadas.<\/p>\n\n\n\n<p>Aun as\u00ed, la defensor\u00eda tambi\u00e9n valora que <strong>la entidad deportiva ha mostrado, con posterioridad al incidente, una voluntad responsable y proactiva<\/strong> de resolver la situaci\u00f3n: ha presentado una explicaci\u00f3n argumentada de los motivos de la decisi\u00f3n y ha ofrecido alternativas concretas y adaptadas para que los ni\u00f1os puedan continuar participando en la actividad.<\/p>\n\n\n\n<p>En mayo, la Sindicatura emiti\u00f3 <a href=\"https:\/\/www.sindicaturabarcelona.cat\/es\/testiu-molt-2025-la-sindicatura-incide-en-el-agravio-comparativo-y-la-discriminacion-en-el-acceso-al-derecho-al-ocio-que-sufren-las-familias-con-infantes-y-jovenes-con-discapacidad\/\" target=\"_blank\" rel=\"noreferrer noopener\">una resoluci\u00f3n sobre el agravio comparativo y la discriminaci\u00f3n en el acceso al derecho al ocio<\/a> que sufren las familias con ni\u00f1os y j\u00f3venes con discapacidad para las actividades municipales <em>T\u2019estiu molt 2025<\/em>. Adem\u00e1s, en el <a href=\"https:\/\/www.sindicaturabarcelona.cat\/wp-content\/uploads\/20251007-Informe-Anual-Castella.pdf\" target=\"_blank\" rel=\"noreferrer noopener\">informe anual 2024<\/a> se identificaba que una de las principales problem\u00e1ticas que vulneran el derecho a la educaci\u00f3n y al ocio es una actuaci\u00f3n inadecuada para abordar conflictos de convivencia con alumnado con diagn\u00f3stico de salud mental.<\/p>\n\n\n\n<h2 class=\"wp-block-heading\">La recomendaci\u00f3n de la Sindicatura al Institut Barcelona Esports<\/h2>\n\n\n\n<p>Es por todo ello que, <a href=\"https:\/\/www.sindicaturabarcelona.cat\/wp-content\/uploads\/202509_Dret-Igualtat-Diversitat-Lleure-Educatiu_Activitat-Associacio-Esportiva-acces-classe-nens-IBE_25Q000489.pdf\" target=\"_blank\" rel=\"noreferrer noopener\">en nuestra resoluci\u00f3n<\/a>, recomendamos al IBE que <strong>intensifique la formaci\u00f3n y sensibilizaci\u00f3n del personal que trabaja en las entidades deportivas municipales<\/strong>. En esta formaci\u00f3n se podr\u00eda incluir contenidos espec\u00edficos sobre salud mental infantil, gesti\u00f3n de conflictos, inclusi\u00f3n educativa y comunicaci\u00f3n con las familias, con el objetivo de garantizar una respuesta adecuada, respetuosa y adaptada ante situaciones complejas.<\/p>\n\n\n\n<p>La Sindicatura aprecia la labor que lleva a cabo el IBE en la promoci\u00f3n del deporte inclusivo y en la supervisi\u00f3n de las entidades homologadas, y le alienta a ampliar estos esfuerzos, con el fin de garantizar que ning\u00fan ni\u00f1o quede excluido del acceso al ocio por raz\u00f3n de su condici\u00f3n personal o familiar.<\/p>\n","protected":false},"excerpt":{"rendered":"<p>El Institut Barcelona Esports debe intensificar la formaci\u00f3n espec\u00edfica en estos \u00e1mbitos, a ra\u00edz de un caso de dos ni\u00f1os, uno de ellos con necesidades espec\u00edficas, a los que se [&hellip;]<\/p>\n","protected":false},"author":2,"featured_media":39438,"comment_status":"closed","ping_status":"closed","sticky":false,"template":"","format":"standard","meta":{"_acf_changed":false,"footnotes":""},"tags":[],"drets":[1475,1575],"class_list":["post-39445","post","type-post","status-publish","format-standard","has-post-thumbnail","hentry","drets-ciudad-equitativa","drets-derecho-a-la-educacion-y-al-ocio"],"acf":[],"yoast_head":"<!-- This site is optimized with the Yoast SEO plugin v27.5 - https:\/\/yoast.com\/product\/yoast-seo-wordpress\/ -->\n<title>La Sindicatura insta a reforzar la sensibilizaci\u00f3n del personal que trabaja en centros deportivos municipales hacia la salud mental infantil y la inclusi\u00f3n educativa - Sindicatura de Greuges de Barcelona<\/title>\n<meta name=\"description\" content=\"A dos ni\u00f1os, uno de ellos con necesidades espec\u00edficas, a quienes se les deneg\u00f3 el acceso a una actividad que se llevaba a cabo en un CEM.\" \/>\n<meta name=\"robots\" content=\"index, follow, max-snippet:-1, max-image-preview:large, max-video-preview:-1\" \/>\n<link rel=\"canonical\" href=\"https:\/\/www.sindicaturabarcelona.cat\/es\/la-sindicatura-de-greuges-de-barcelona-insta-a-reforzar-la-sensibilizacion-del-personal-que-trabaja-en-centros-deportivos-municipales-hacia-la-salud-mental-infantil-y-la-inclusion-educativa\/\" \/>\n<meta property=\"og:locale\" content=\"es_ES\" \/>\n<meta property=\"og:type\" content=\"article\" \/>\n<meta property=\"og:title\" content=\"La Sindicatura insta a reforzar la sensibilizaci\u00f3n del personal que trabaja en centros deportivos municipales hacia la salud mental infantil y la inclusi\u00f3n educativa - Sindicatura de Greuges de Barcelona\" \/>\n<meta property=\"og:description\" content=\"A dos ni\u00f1os, uno de ellos con necesidades espec\u00edficas, a quienes se les deneg\u00f3 el acceso a una actividad que se llevaba a cabo en un CEM.\" \/>\n<meta property=\"og:url\" content=\"https:\/\/www.sindicaturabarcelona.cat\/es\/la-sindicatura-de-greuges-de-barcelona-insta-a-reforzar-la-sensibilizacion-del-personal-que-trabaja-en-centros-deportivos-municipales-hacia-la-salud-mental-infantil-y-la-inclusion-educativa\/\" \/>\n<meta property=\"og:site_name\" content=\"Sindicatura de Greuges de Barcelona\" \/>\n<meta property=\"article:published_time\" content=\"2025-10-03T05:36:38+00:00\" \/>\n<meta property=\"article:modified_time\" content=\"2025-10-07T09:13:33+00:00\" \/>\n<meta property=\"og:image\" content=\"https:\/\/www.sindicaturabarcelona.cat\/wp-content\/uploads\/desquena-una-nena-aixecant-el-brac.jpg\" \/>\n\t<meta property=\"og:image:width\" content=\"2000\" \/>\n\t<meta property=\"og:image:height\" content=\"1333\" \/>\n\t<meta property=\"og:image:type\" content=\"image\/jpeg\" \/>\n<meta name=\"author\" content=\"Pablo\" \/>\n<meta name=\"twitter:card\" content=\"summary_large_image\" \/>\n<meta name=\"twitter:creator\" content=\"@sindicbarcelona\" \/>\n<meta name=\"twitter:site\" content=\"@sindicbarcelona\" \/>\n<meta name=\"twitter:label1\" content=\"Escrito por\" \/>\n\t<meta name=\"twitter:data1\" content=\"Pablo\" \/>\n\t<meta name=\"twitter:label2\" content=\"Tiempo de lectura\" \/>\n\t<meta name=\"twitter:data2\" content=\"4 minutos\" \/>\n<script type=\"application\/ld+json\" class=\"yoast-schema-graph\">{\"@context\":\"https:\\\/\\\/schema.org\",\"@graph\":[{\"@type\":\"Article\",\"@id\":\"https:\\\/\\\/www.sindicaturabarcelona.cat\\\/es\\\/la-sindicatura-de-greuges-de-barcelona-insta-a-reforzar-la-sensibilizacion-del-personal-que-trabaja-en-centros-deportivos-municipales-hacia-la-salud-mental-infantil-y-la-inclusion-educativa\\\/#article\",\"isPartOf\":{\"@id\":\"https:\\\/\\\/www.sindicaturabarcelona.cat\\\/es\\\/la-sindicatura-de-greuges-de-barcelona-insta-a-reforzar-la-sensibilizacion-del-personal-que-trabaja-en-centros-deportivos-municipales-hacia-la-salud-mental-infantil-y-la-inclusion-educativa\\\/\"},\"author\":{\"name\":\"Pablo\",\"@id\":\"https:\\\/\\\/www.sindicaturabarcelona.cat\\\/es\\\/#\\\/schema\\\/person\\\/0e5acffc350ffdbc97578159322c9452\"},\"headline\":\"La Sindicatura insta a reforzar la sensibilizaci\u00f3n del personal que trabaja en centros deportivos municipales hacia la salud mental infantil y la inclusi\u00f3n educativa\",\"datePublished\":\"2025-10-03T05:36:38+00:00\",\"dateModified\":\"2025-10-07T09:13:33+00:00\",\"mainEntityOfPage\":{\"@id\":\"https:\\\/\\\/www.sindicaturabarcelona.cat\\\/es\\\/la-sindicatura-de-greuges-de-barcelona-insta-a-reforzar-la-sensibilizacion-del-personal-que-trabaja-en-centros-deportivos-municipales-hacia-la-salud-mental-infantil-y-la-inclusion-educativa\\\/\"},\"wordCount\":755,\"publisher\":{\"@id\":\"https:\\\/\\\/www.sindicaturabarcelona.cat\\\/es\\\/#organization\"},\"image\":{\"@id\":\"https:\\\/\\\/www.sindicaturabarcelona.cat\\\/es\\\/la-sindicatura-de-greuges-de-barcelona-insta-a-reforzar-la-sensibilizacion-del-personal-que-trabaja-en-centros-deportivos-municipales-hacia-la-salud-mental-infantil-y-la-inclusion-educativa\\\/#primaryimage\"},\"thumbnailUrl\":\"https:\\\/\\\/www.sindicaturabarcelona.cat\\\/wp-content\\\/uploads\\\/desquena-una-nena-aixecant-el-brac.jpg\",\"inLanguage\":\"es\"},{\"@type\":\"WebPage\",\"@id\":\"https:\\\/\\\/www.sindicaturabarcelona.cat\\\/es\\\/la-sindicatura-de-greuges-de-barcelona-insta-a-reforzar-la-sensibilizacion-del-personal-que-trabaja-en-centros-deportivos-municipales-hacia-la-salud-mental-infantil-y-la-inclusion-educativa\\\/\",\"url\":\"https:\\\/\\\/www.sindicaturabarcelona.cat\\\/es\\\/la-sindicatura-de-greuges-de-barcelona-insta-a-reforzar-la-sensibilizacion-del-personal-que-trabaja-en-centros-deportivos-municipales-hacia-la-salud-mental-infantil-y-la-inclusion-educativa\\\/\",\"name\":\"La Sindicatura insta a reforzar la sensibilizaci\u00f3n del personal que trabaja en centros deportivos municipales hacia la salud mental infantil y la inclusi\u00f3n educativa - Sindicatura de Greuges de Barcelona\",\"isPartOf\":{\"@id\":\"https:\\\/\\\/www.sindicaturabarcelona.cat\\\/es\\\/#website\"},\"primaryImageOfPage\":{\"@id\":\"https:\\\/\\\/www.sindicaturabarcelona.cat\\\/es\\\/la-sindicatura-de-greuges-de-barcelona-insta-a-reforzar-la-sensibilizacion-del-personal-que-trabaja-en-centros-deportivos-municipales-hacia-la-salud-mental-infantil-y-la-inclusion-educativa\\\/#primaryimage\"},\"image\":{\"@id\":\"https:\\\/\\\/www.sindicaturabarcelona.cat\\\/es\\\/la-sindicatura-de-greuges-de-barcelona-insta-a-reforzar-la-sensibilizacion-del-personal-que-trabaja-en-centros-deportivos-municipales-hacia-la-salud-mental-infantil-y-la-inclusion-educativa\\\/#primaryimage\"},\"thumbnailUrl\":\"https:\\\/\\\/www.sindicaturabarcelona.cat\\\/wp-content\\\/uploads\\\/desquena-una-nena-aixecant-el-brac.jpg\",\"datePublished\":\"2025-10-03T05:36:38+00:00\",\"dateModified\":\"2025-10-07T09:13:33+00:00\",\"description\":\"A dos ni\u00f1os, uno de ellos con necesidades espec\u00edficas, a quienes se les deneg\u00f3 el acceso a una actividad que se llevaba a cabo en un CEM.\",\"breadcrumb\":{\"@id\":\"https:\\\/\\\/www.sindicaturabarcelona.cat\\\/es\\\/la-sindicatura-de-greuges-de-barcelona-insta-a-reforzar-la-sensibilizacion-del-personal-que-trabaja-en-centros-deportivos-municipales-hacia-la-salud-mental-infantil-y-la-inclusion-educativa\\\/#breadcrumb\"},\"inLanguage\":\"es\",\"potentialAction\":[{\"@type\":\"ReadAction\",\"target\":[\"https:\\\/\\\/www.sindicaturabarcelona.cat\\\/es\\\/la-sindicatura-de-greuges-de-barcelona-insta-a-reforzar-la-sensibilizacion-del-personal-que-trabaja-en-centros-deportivos-municipales-hacia-la-salud-mental-infantil-y-la-inclusion-educativa\\\/\"]}]},{\"@type\":\"ImageObject\",\"inLanguage\":\"es\",\"@id\":\"https:\\\/\\\/www.sindicaturabarcelona.cat\\\/es\\\/la-sindicatura-de-greuges-de-barcelona-insta-a-reforzar-la-sensibilizacion-del-personal-que-trabaja-en-centros-deportivos-municipales-hacia-la-salud-mental-infantil-y-la-inclusion-educativa\\\/#primaryimage\",\"url\":\"https:\\\/\\\/www.sindicaturabarcelona.cat\\\/wp-content\\\/uploads\\\/desquena-una-nena-aixecant-el-brac.jpg\",\"contentUrl\":\"https:\\\/\\\/www.sindicaturabarcelona.cat\\\/wp-content\\\/uploads\\\/desquena-una-nena-aixecant-el-brac.jpg\",\"width\":2000,\"height\":1333,\"caption\":\"CEM Activitat extraescolar\"},{\"@type\":\"BreadcrumbList\",\"@id\":\"https:\\\/\\\/www.sindicaturabarcelona.cat\\\/es\\\/la-sindicatura-de-greuges-de-barcelona-insta-a-reforzar-la-sensibilizacion-del-personal-que-trabaja-en-centros-deportivos-municipales-hacia-la-salud-mental-infantil-y-la-inclusion-educativa\\\/#breadcrumb\",\"itemListElement\":[{\"@type\":\"ListItem\",\"position\":1,\"name\":\"Inici\",\"item\":\"https:\\\/\\\/www.sindicaturabarcelona.cat\\\/es\\\/\"},{\"@type\":\"ListItem\",\"position\":2,\"name\":\"La Sindicatura insta a reforzar la sensibilizaci\u00f3n del personal que trabaja en centros deportivos municipales hacia la salud mental infantil y la inclusi\u00f3n educativa\"}]},{\"@type\":\"WebSite\",\"@id\":\"https:\\\/\\\/www.sindicaturabarcelona.cat\\\/es\\\/#website\",\"url\":\"https:\\\/\\\/www.sindicaturabarcelona.cat\\\/es\\\/\",\"name\":\"Sindicatura de Greuges de Barcelona\",\"description\":\"La defensoria dels teus drets\",\"publisher\":{\"@id\":\"https:\\\/\\\/www.sindicaturabarcelona.cat\\\/es\\\/#organization\"},\"potentialAction\":[{\"@type\":\"SearchAction\",\"target\":{\"@type\":\"EntryPoint\",\"urlTemplate\":\"https:\\\/\\\/www.sindicaturabarcelona.cat\\\/es\\\/?s={search_term_string}\"},\"query-input\":{\"@type\":\"PropertyValueSpecification\",\"valueRequired\":true,\"valueName\":\"search_term_string\"}}],\"inLanguage\":\"es\"},{\"@type\":\"Organization\",\"@id\":\"https:\\\/\\\/www.sindicaturabarcelona.cat\\\/es\\\/#organization\",\"name\":\"Sindicatura de Greuges de Barcelona\",\"url\":\"https:\\\/\\\/www.sindicaturabarcelona.cat\\\/es\\\/\",\"logo\":{\"@type\":\"ImageObject\",\"inLanguage\":\"es\",\"@id\":\"https:\\\/\\\/www.sindicaturabarcelona.cat\\\/es\\\/#\\\/schema\\\/logo\\\/image\\\/\",\"url\":\"https:\\\/\\\/www.sindicaturabarcelona.cat\\\/wp-content\\\/uploads\\\/2023\\\/02\\\/logo_sindicatura.svg\",\"contentUrl\":\"https:\\\/\\\/www.sindicaturabarcelona.cat\\\/wp-content\\\/uploads\\\/2023\\\/02\\\/logo_sindicatura.svg\",\"caption\":\"Sindicatura de Greuges de Barcelona\"},\"image\":{\"@id\":\"https:\\\/\\\/www.sindicaturabarcelona.cat\\\/es\\\/#\\\/schema\\\/logo\\\/image\\\/\"},\"sameAs\":[\"https:\\\/\\\/x.com\\\/sindicbarcelona\",\"https:\\\/\\\/www.instagram.com\\\/sindicbarcelona\\\/\",\"https:\\\/\\\/www.tiktok.com\\\/@sindicaturabcn\",\"https:\\\/\\\/t.me\\\/sindicaturabarcelona\"]},{\"@type\":\"Person\",\"@id\":\"https:\\\/\\\/www.sindicaturabarcelona.cat\\\/es\\\/#\\\/schema\\\/person\\\/0e5acffc350ffdbc97578159322c9452\",\"name\":\"Pablo\",\"image\":{\"@type\":\"ImageObject\",\"inLanguage\":\"es\",\"@id\":\"https:\\\/\\\/secure.gravatar.com\\\/avatar\\\/c948169b402ef9492afde705c3dfd5e90e1a6a84ef6840a91124f805a25a480f?s=96&d=mm&r=g\",\"url\":\"https:\\\/\\\/secure.gravatar.com\\\/avatar\\\/c948169b402ef9492afde705c3dfd5e90e1a6a84ef6840a91124f805a25a480f?s=96&d=mm&r=g\",\"contentUrl\":\"https:\\\/\\\/secure.gravatar.com\\\/avatar\\\/c948169b402ef9492afde705c3dfd5e90e1a6a84ef6840a91124f805a25a480f?s=96&d=mm&r=g\",\"caption\":\"Pablo\"},\"url\":\"https:\\\/\\\/www.sindicaturabarcelona.cat\\\/es\\\/author\\\/pablo\\\/\"}]}<\/script>\n<!-- \/ Yoast SEO plugin. -->","yoast_head_json":{"title":"La Sindicatura insta a reforzar la sensibilizaci\u00f3n del personal que trabaja en centros deportivos municipales hacia la salud mental infantil y la inclusi\u00f3n educativa - Sindicatura de Greuges de Barcelona","description":"A dos ni\u00f1os, uno de ellos con necesidades espec\u00edficas, a quienes se les deneg\u00f3 el acceso a una actividad que se llevaba a cabo en un CEM.","robots":{"index":"index","follow":"follow","max-snippet":"max-snippet:-1","max-image-preview":"max-image-preview:large","max-video-preview":"max-video-preview:-1"},"canonical":"https:\/\/www.sindicaturabarcelona.cat\/es\/la-sindicatura-de-greuges-de-barcelona-insta-a-reforzar-la-sensibilizacion-del-personal-que-trabaja-en-centros-deportivos-municipales-hacia-la-salud-mental-infantil-y-la-inclusion-educativa\/","og_locale":"es_ES","og_type":"article","og_title":"La Sindicatura insta a reforzar la sensibilizaci\u00f3n del personal que trabaja en centros deportivos municipales hacia la salud mental infantil y la inclusi\u00f3n educativa - Sindicatura de Greuges de Barcelona","og_description":"A dos ni\u00f1os, uno de ellos con necesidades espec\u00edficas, a quienes se les deneg\u00f3 el acceso a una actividad que se llevaba a cabo en un CEM.","og_url":"https:\/\/www.sindicaturabarcelona.cat\/es\/la-sindicatura-de-greuges-de-barcelona-insta-a-reforzar-la-sensibilizacion-del-personal-que-trabaja-en-centros-deportivos-municipales-hacia-la-salud-mental-infantil-y-la-inclusion-educativa\/","og_site_name":"Sindicatura de Greuges de Barcelona","article_published_time":"2025-10-03T05:36:38+00:00","article_modified_time":"2025-10-07T09:13:33+00:00","og_image":[{"width":2000,"height":1333,"url":"https:\/\/www.sindicaturabarcelona.cat\/wp-content\/uploads\/desquena-una-nena-aixecant-el-brac.jpg","type":"image\/jpeg"}],"author":"Pablo","twitter_card":"summary_large_image","twitter_creator":"@sindicbarcelona","twitter_site":"@sindicbarcelona","twitter_misc":{"Escrito por":"Pablo","Tiempo de lectura":"4 minutos"},"schema":{"@context":"https:\/\/schema.org","@graph":[{"@type":"Article","@id":"https:\/\/www.sindicaturabarcelona.cat\/es\/la-sindicatura-de-greuges-de-barcelona-insta-a-reforzar-la-sensibilizacion-del-personal-que-trabaja-en-centros-deportivos-municipales-hacia-la-salud-mental-infantil-y-la-inclusion-educativa\/#article","isPartOf":{"@id":"https:\/\/www.sindicaturabarcelona.cat\/es\/la-sindicatura-de-greuges-de-barcelona-insta-a-reforzar-la-sensibilizacion-del-personal-que-trabaja-en-centros-deportivos-municipales-hacia-la-salud-mental-infantil-y-la-inclusion-educativa\/"},"author":{"name":"Pablo","@id":"https:\/\/www.sindicaturabarcelona.cat\/es\/#\/schema\/person\/0e5acffc350ffdbc97578159322c9452"},"headline":"La Sindicatura insta a reforzar la sensibilizaci\u00f3n del personal que trabaja en centros deportivos municipales hacia la salud mental infantil y la inclusi\u00f3n educativa","datePublished":"2025-10-03T05:36:38+00:00","dateModified":"2025-10-07T09:13:33+00:00","mainEntityOfPage":{"@id":"https:\/\/www.sindicaturabarcelona.cat\/es\/la-sindicatura-de-greuges-de-barcelona-insta-a-reforzar-la-sensibilizacion-del-personal-que-trabaja-en-centros-deportivos-municipales-hacia-la-salud-mental-infantil-y-la-inclusion-educativa\/"},"wordCount":755,"publisher":{"@id":"https:\/\/www.sindicaturabarcelona.cat\/es\/#organization"},"image":{"@id":"https:\/\/www.sindicaturabarcelona.cat\/es\/la-sindicatura-de-greuges-de-barcelona-insta-a-reforzar-la-sensibilizacion-del-personal-que-trabaja-en-centros-deportivos-municipales-hacia-la-salud-mental-infantil-y-la-inclusion-educativa\/#primaryimage"},"thumbnailUrl":"https:\/\/www.sindicaturabarcelona.cat\/wp-content\/uploads\/desquena-una-nena-aixecant-el-brac.jpg","inLanguage":"es"},{"@type":"WebPage","@id":"https:\/\/www.sindicaturabarcelona.cat\/es\/la-sindicatura-de-greuges-de-barcelona-insta-a-reforzar-la-sensibilizacion-del-personal-que-trabaja-en-centros-deportivos-municipales-hacia-la-salud-mental-infantil-y-la-inclusion-educativa\/","url":"https:\/\/www.sindicaturabarcelona.cat\/es\/la-sindicatura-de-greuges-de-barcelona-insta-a-reforzar-la-sensibilizacion-del-personal-que-trabaja-en-centros-deportivos-municipales-hacia-la-salud-mental-infantil-y-la-inclusion-educativa\/","name":"La Sindicatura insta a reforzar la sensibilizaci\u00f3n del personal que trabaja en centros deportivos municipales hacia la salud mental infantil y la inclusi\u00f3n educativa - Sindicatura de Greuges de Barcelona","isPartOf":{"@id":"https:\/\/www.sindicaturabarcelona.cat\/es\/#website"},"primaryImageOfPage":{"@id":"https:\/\/www.sindicaturabarcelona.cat\/es\/la-sindicatura-de-greuges-de-barcelona-insta-a-reforzar-la-sensibilizacion-del-personal-que-trabaja-en-centros-deportivos-municipales-hacia-la-salud-mental-infantil-y-la-inclusion-educativa\/#primaryimage"},"image":{"@id":"https:\/\/www.sindicaturabarcelona.cat\/es\/la-sindicatura-de-greuges-de-barcelona-insta-a-reforzar-la-sensibilizacion-del-personal-que-trabaja-en-centros-deportivos-municipales-hacia-la-salud-mental-infantil-y-la-inclusion-educativa\/#primaryimage"},"thumbnailUrl":"https:\/\/www.sindicaturabarcelona.cat\/wp-content\/uploads\/desquena-una-nena-aixecant-el-brac.jpg","datePublished":"2025-10-03T05:36:38+00:00","dateModified":"2025-10-07T09:13:33+00:00","description":"A dos ni\u00f1os, uno de ellos con necesidades espec\u00edficas, a quienes se les deneg\u00f3 el acceso a una actividad que se llevaba a cabo en un CEM.","breadcrumb":{"@id":"https:\/\/www.sindicaturabarcelona.cat\/es\/la-sindicatura-de-greuges-de-barcelona-insta-a-reforzar-la-sensibilizacion-del-personal-que-trabaja-en-centros-deportivos-municipales-hacia-la-salud-mental-infantil-y-la-inclusion-educativa\/#breadcrumb"},"inLanguage":"es","potentialAction":[{"@type":"ReadAction","target":["https:\/\/www.sindicaturabarcelona.cat\/es\/la-sindicatura-de-greuges-de-barcelona-insta-a-reforzar-la-sensibilizacion-del-personal-que-trabaja-en-centros-deportivos-municipales-hacia-la-salud-mental-infantil-y-la-inclusion-educativa\/"]}]},{"@type":"ImageObject","inLanguage":"es","@id":"https:\/\/www.sindicaturabarcelona.cat\/es\/la-sindicatura-de-greuges-de-barcelona-insta-a-reforzar-la-sensibilizacion-del-personal-que-trabaja-en-centros-deportivos-municipales-hacia-la-salud-mental-infantil-y-la-inclusion-educativa\/#primaryimage","url":"https:\/\/www.sindicaturabarcelona.cat\/wp-content\/uploads\/desquena-una-nena-aixecant-el-brac.jpg","contentUrl":"https:\/\/www.sindicaturabarcelona.cat\/wp-content\/uploads\/desquena-una-nena-aixecant-el-brac.jpg","width":2000,"height":1333,"caption":"CEM Activitat extraescolar"},{"@type":"BreadcrumbList","@id":"https:\/\/www.sindicaturabarcelona.cat\/es\/la-sindicatura-de-greuges-de-barcelona-insta-a-reforzar-la-sensibilizacion-del-personal-que-trabaja-en-centros-deportivos-municipales-hacia-la-salud-mental-infantil-y-la-inclusion-educativa\/#breadcrumb","itemListElement":[{"@type":"ListItem","position":1,"name":"Inici","item":"https:\/\/www.sindicaturabarcelona.cat\/es\/"},{"@type":"ListItem","position":2,"name":"La Sindicatura insta a reforzar la sensibilizaci\u00f3n del personal que trabaja en centros deportivos municipales hacia la salud mental infantil y la inclusi\u00f3n educativa"}]},{"@type":"WebSite","@id":"https:\/\/www.sindicaturabarcelona.cat\/es\/#website","url":"https:\/\/www.sindicaturabarcelona.cat\/es\/","name":"Sindicatura de Greuges de Barcelona","description":"La defensoria dels teus drets","publisher":{"@id":"https:\/\/www.sindicaturabarcelona.cat\/es\/#organization"},"potentialAction":[{"@type":"SearchAction","target":{"@type":"EntryPoint","urlTemplate":"https:\/\/www.sindicaturabarcelona.cat\/es\/?s={search_term_string}"},"query-input":{"@type":"PropertyValueSpecification","valueRequired":true,"valueName":"search_term_string"}}],"inLanguage":"es"},{"@type":"Organization","@id":"https:\/\/www.sindicaturabarcelona.cat\/es\/#organization","name":"Sindicatura de Greuges de Barcelona","url":"https:\/\/www.sindicaturabarcelona.cat\/es\/","logo":{"@type":"ImageObject","inLanguage":"es","@id":"https:\/\/www.sindicaturabarcelona.cat\/es\/#\/schema\/logo\/image\/","url":"https:\/\/www.sindicaturabarcelona.cat\/wp-content\/uploads\/2023\/02\/logo_sindicatura.svg","contentUrl":"https:\/\/www.sindicaturabarcelona.cat\/wp-content\/uploads\/2023\/02\/logo_sindicatura.svg","caption":"Sindicatura de Greuges de Barcelona"},"image":{"@id":"https:\/\/www.sindicaturabarcelona.cat\/es\/#\/schema\/logo\/image\/"},"sameAs":["https:\/\/x.com\/sindicbarcelona","https:\/\/www.instagram.com\/sindicbarcelona\/","https:\/\/www.tiktok.com\/@sindicaturabcn","https:\/\/t.me\/sindicaturabarcelona"]},{"@type":"Person","@id":"https:\/\/www.sindicaturabarcelona.cat\/es\/#\/schema\/person\/0e5acffc350ffdbc97578159322c9452","name":"Pablo","image":{"@type":"ImageObject","inLanguage":"es","@id":"https:\/\/secure.gravatar.com\/avatar\/c948169b402ef9492afde705c3dfd5e90e1a6a84ef6840a91124f805a25a480f?s=96&d=mm&r=g","url":"https:\/\/secure.gravatar.com\/avatar\/c948169b402ef9492afde705c3dfd5e90e1a6a84ef6840a91124f805a25a480f?s=96&d=mm&r=g","contentUrl":"https:\/\/secure.gravatar.com\/avatar\/c948169b402ef9492afde705c3dfd5e90e1a6a84ef6840a91124f805a25a480f?s=96&d=mm&r=g","caption":"Pablo"},"url":"https:\/\/www.sindicaturabarcelona.cat\/es\/author\/pablo\/"}]}},"_links":{"self":[{"href":"https:\/\/www.sindicaturabarcelona.cat\/es\/wp-json\/wp\/v2\/posts\/39445","targetHints":{"allow":["GET"]}}],"collection":[{"href":"https:\/\/www.sindicaturabarcelona.cat\/es\/wp-json\/wp\/v2\/posts"}],"about":[{"href":"https:\/\/www.sindicaturabarcelona.cat\/es\/wp-json\/wp\/v2\/types\/post"}],"author":[{"embeddable":true,"href":"https:\/\/www.sindicaturabarcelona.cat\/es\/wp-json\/wp\/v2\/users\/2"}],"replies":[{"embeddable":true,"href":"https:\/\/www.sindicaturabarcelona.cat\/es\/wp-json\/wp\/v2\/comments?post=39445"}],"version-history":[{"count":11,"href":"https:\/\/www.sindicaturabarcelona.cat\/es\/wp-json\/wp\/v2\/posts\/39445\/revisions"}],"predecessor-version":[{"id":39550,"href":"https:\/\/www.sindicaturabarcelona.cat\/es\/wp-json\/wp\/v2\/posts\/39445\/revisions\/39550"}],"wp:featuredmedia":[{"embeddable":true,"href":"https:\/\/www.sindicaturabarcelona.cat\/es\/wp-json\/wp\/v2\/media\/39438"}],"wp:attachment":[{"href":"https:\/\/www.sindicaturabarcelona.cat\/es\/wp-json\/wp\/v2\/media?parent=39445"}],"wp:term":[{"taxonomy":"post_tag","embeddable":true,"href":"https:\/\/www.sindicaturabarcelona.cat\/es\/wp-json\/wp\/v2\/tags?post=39445"},{"taxonomy":"drets","embeddable":true,"href":"https:\/\/www.sindicaturabarcelona.cat\/es\/wp-json\/wp\/v2\/drets?post=39445"}],"curies":[{"name":"wp","href":"https:\/\/api.w.org\/{rel}","templated":true}]}}