{"id":39003,"date":"2025-09-23T10:48:01","date_gmt":"2025-09-23T08:48:01","guid":{"rendered":"https:\/\/www.sindicaturabarcelona.cat\/?p=39003"},"modified":"2025-10-01T17:20:05","modified_gmt":"2025-10-01T15:20:05","slug":"presentamos-el-cuento-una-superheroina-sense-capa-sobre-la-labor-de-la-sindicatura-en-la-setmana-del-llibre-en-catala","status":"publish","type":"post","link":"https:\/\/www.sindicaturabarcelona.cat\/es\/presentamos-el-cuento-una-superheroina-sense-capa-sobre-la-labor-de-la-sindicatura-en-la-setmana-del-llibre-en-catala\/","title":{"rendered":"Presentamos el cuento \u00abUna superhero\u00efna sense capa\u00bb, sobre la tarea de la Sindicatura, en La Setmana del Llibre en Catal\u00e0"},"content":{"rendered":"\n<p>El acto, que abri\u00f3 el s\u00edndic de greuges de Barcelona, \u200b\u200b<strong>David Bondia<\/strong>, tuvo lugar ayer <strong>lunes, 22 de septiembre<\/strong>, en el Espai Familiar de <a href=\"https:\/\/lasetmana.cat\/\" target=\"_blank\" rel=\"noreferrer noopener\">La Setmana del Llibre en Catal\u00e0<\/a>, en el paseo Llu\u00eds Companys.<\/p>\n\n\n\n<p>El relato explica, a trav\u00e9s de la historia de Jan y Maria, un ni\u00f1o y una ni\u00f1a, el abuelo Llu\u00eds, la abuela Rosa y otros personajes, que <strong>la defensor\u00eda es como una superhero\u00edna sin capa que ayuda a la infancia<\/strong>, as\u00ed como a las personas adultas, y al Ayuntamiento a hacer mejor su trabajo.<\/p>\n\n\n\n<p>La autor\u00eda del <strong>texto es de<\/strong> <strong><a href=\"http:\/\/meritxellmargarit.cat\/\" target=\"_blank\" rel=\"noreferrer noopener\">Meritxell Margarit<\/a><\/strong>, periodista y escritora, que ha publicado novelas, cuentos, guiones de c\u00f3mic y textos divulgativos, la mayor\u00eda infantiles y juveniles. La obra cuenta con <strong>ilustraciones de <a href=\"https:\/\/julia-quintana.com\/\" target=\"_blank\" rel=\"noreferrer noopener\">J\u00falia Quintana<\/a><\/strong>, que ha colaborado con la revista <em>El Tatano<\/em>, y ha realizado encargos y proyectos de ilustraci\u00f3n y dise\u00f1o para diversas editoriales y entidades culturales y educativas. La edici\u00f3n ha corrido a cargo de la <strong><a href=\"https:\/\/editorialmediterrania.com\/es\/\" target=\"_blank\" rel=\"noreferrer noopener\">Editorial Mediterr\u00e0nia<\/a><\/strong>.<\/p>\n\n\n\n<p>En su intervenci\u00f3n, <strong>Bondia<\/strong> destac\u00f3 que \u00ab<strong>los ni\u00f1os y las ni\u00f1as ten\u00e9is mucho que decir sobre lo que ocurre en la ciudad<\/strong>. Por eso nos pusimos en contacto con una editorial y pusimos en marcha este proyecto. Por ejemplo, <a href=\"https:\/\/www.sindicaturabarcelona.cat\/es\/la-sindicatura-de-greuges-de-barcelona-recomana-que-es-retirin-els-cartells-de-prohibit-jugar-a-pilota-de-les-places-de-tota-la-ciutat\/\" target=\"_blank\" rel=\"noreferrer noopener\">recomendamos al Ayuntamiento que retirara los carteles de &#8216;prohibido jugar a pelota&#8217; en las plazas y calles<\/a> porque nos lo hab\u00edais pedido\u00bb. A continuaci\u00f3n, <strong>Margarit<\/strong> y la editora <strong>Laura Servitja<\/strong> explicaron el cuento al p\u00fablico asistente y se repartieron ejemplares del cuento.<\/p>\n\n\n\n<p>En breve, tambi\u00e9n <strong>se distribuir\u00e1n<\/strong> copias en <strong>centros educativos<\/strong> y en <strong>las bibliotecas<\/strong> de la ciudad.<\/p>\n","protected":false},"excerpt":{"rendered":"<p>El acto, que abri\u00f3 el s\u00edndic de greuges de Barcelona, \u200b\u200bDavid Bondia, tuvo lugar ayer lunes, 22 de septiembre, en el Espai Familiar de La Setmana del Llibre en Catal\u00e0, [&hellip;]<\/p>\n","protected":false},"author":2,"featured_media":39217,"comment_status":"closed","ping_status":"closed","sticky":false,"template":"","format":"standard","meta":{"_acf_changed":false,"footnotes":""},"tags":[],"drets":[1475,1476,1575,1579,1578,1576,1580,1577,1581,1582,1583,1477,1591,1514,1592,1593,1594,1595,1596,1590,1586,1588,1587,1589,1584,1585,1648,1664,1669,1567,1571,1572,1570,1573,1568,1574,1569],"class_list":["post-39003","post","type-post","status-publish","format-standard","has-post-thumbnail","hentry","drets-ciudad-equitativa","drets-derecho-a-los-servicios-de-proteccion-social","drets-derecho-a-la-educacion-y-al-ocio","drets-derecho-a-la-salud","drets-derechos-culturales","drets-derecho-al-deporte","drets-derecho-al-trabajo","drets-derecho-a-la-vivienda","drets-derechos-de-acogida","drets-derecho-a-una-vida-libre-de-violencias","drets-ciudad-garantista","drets-ciudad-habitable-y-sostenible","drets-derecho-a-un-urbanismo-harmonioso","drets-derecho-a-una-convivencia-pacifica","drets-derecho-al-medio-ambiente","drets-derecho-a-la-movilidad","drets-derecho-al-espacio-publico","drets-derecho-a-la-accesibilidad-y-la-inclusividad","drets-derecho-al-descanso","drets-derecho-al-bienestar-animal","drets-derecho-a-una-buena-administracion","drets-derechos-digitales","drets-derechos-de-las-personas-consumidoras","drets-derechos-funerarios","drets-derecho-a-la-seguridad-ciudadana","drets-derecho-al-empadronamiento","drets-derecho-a-la-informacion","drets-dret-a-la-memoria-democratica-es","drets-derecho-a-la-integridad","drets-ciudad-diversa","drets-derechos-de-la-infancia-y-la-adolescencia","drets-derechos-de-la-juventud","drets-derechos-de-la-gente-mayor","drets-derechos-de-participacion","drets-derecho-a-la-igualdad-y-a-la-diversidad","drets-derechos-linguisticos","drets-derecho-a-los-cuidados"],"acf":[],"yoast_head":"<!-- This site is optimized with the Yoast SEO plugin v27.5 - https:\/\/yoast.com\/product\/yoast-seo-wordpress\/ -->\n<title>Presentamos el cuento &quot;Una superhero\u00efna sense capa&quot;, sobre la tarea de la Sindicatura, en La Setmana del Llibre en Catal\u00e0 - Sindicatura de Greuges de Barcelona<\/title>\n<meta name=\"description\" content=\"El acto, que abri\u00f3 el s\u00edndic de greuges de Barcelona, \u200b\u200bDavid Bondia, tuvo lugar ayer lunes en La Setmana del Llibre en Catal\u00e0\" \/>\n<meta name=\"robots\" content=\"index, follow, max-snippet:-1, max-image-preview:large, max-video-preview:-1\" \/>\n<link rel=\"canonical\" href=\"https:\/\/www.sindicaturabarcelona.cat\/es\/presentamos-el-cuento-una-superheroina-sense-capa-sobre-la-labor-de-la-sindicatura-en-la-setmana-del-llibre-en-catala\/\" \/>\n<meta property=\"og:locale\" content=\"es_ES\" \/>\n<meta property=\"og:type\" content=\"article\" \/>\n<meta property=\"og:title\" content=\"Presentamos el cuento &quot;Una superhero\u00efna sense capa&quot;, sobre la tarea de la Sindicatura, en La Setmana del Llibre en Catal\u00e0 - Sindicatura de Greuges de Barcelona\" \/>\n<meta property=\"og:description\" content=\"El acto, que abri\u00f3 el s\u00edndic de greuges de Barcelona, \u200b\u200bDavid Bondia, tuvo lugar ayer lunes en La Setmana del Llibre en Catal\u00e0\" \/>\n<meta property=\"og:url\" content=\"https:\/\/www.sindicaturabarcelona.cat\/es\/presentamos-el-cuento-una-superheroina-sense-capa-sobre-la-labor-de-la-sindicatura-en-la-setmana-del-llibre-en-catala\/\" \/>\n<meta property=\"og:site_name\" content=\"Sindicatura de Greuges de Barcelona\" \/>\n<meta property=\"article:published_time\" content=\"2025-09-23T08:48:01+00:00\" \/>\n<meta property=\"article:modified_time\" content=\"2025-10-01T15:20:05+00:00\" \/>\n<meta property=\"og:image\" content=\"https:\/\/www.sindicaturabarcelona.cat\/wp-content\/uploads\/Portada-1-1-scaled.jpg\" \/>\n\t<meta property=\"og:image:width\" content=\"2560\" \/>\n\t<meta property=\"og:image:height\" content=\"1706\" \/>\n\t<meta property=\"og:image:type\" content=\"image\/jpeg\" \/>\n<meta name=\"author\" content=\"Pablo\" \/>\n<meta name=\"twitter:card\" content=\"summary_large_image\" \/>\n<meta name=\"twitter:creator\" content=\"@sindicbarcelona\" \/>\n<meta name=\"twitter:site\" content=\"@sindicbarcelona\" \/>\n<meta name=\"twitter:label1\" content=\"Escrito por\" \/>\n\t<meta name=\"twitter:data1\" content=\"Pablo\" \/>\n\t<meta name=\"twitter:label2\" content=\"Tiempo de lectura\" \/>\n\t<meta name=\"twitter:data2\" content=\"2 minutos\" \/>\n<script type=\"application\/ld+json\" class=\"yoast-schema-graph\">{\"@context\":\"https:\\\/\\\/schema.org\",\"@graph\":[{\"@type\":\"Article\",\"@id\":\"https:\\\/\\\/www.sindicaturabarcelona.cat\\\/es\\\/presentamos-el-cuento-una-superheroina-sense-capa-sobre-la-labor-de-la-sindicatura-en-la-setmana-del-llibre-en-catala\\\/#article\",\"isPartOf\":{\"@id\":\"https:\\\/\\\/www.sindicaturabarcelona.cat\\\/es\\\/presentamos-el-cuento-una-superheroina-sense-capa-sobre-la-labor-de-la-sindicatura-en-la-setmana-del-llibre-en-catala\\\/\"},\"author\":{\"name\":\"Pablo\",\"@id\":\"https:\\\/\\\/www.sindicaturabarcelona.cat\\\/es\\\/#\\\/schema\\\/person\\\/0e5acffc350ffdbc97578159322c9452\"},\"headline\":\"Presentamos el cuento \u00abUna superhero\u00efna sense capa\u00bb, sobre la tarea de la Sindicatura, en La Setmana del Llibre en Catal\u00e0\",\"datePublished\":\"2025-09-23T08:48:01+00:00\",\"dateModified\":\"2025-10-01T15:20:05+00:00\",\"mainEntityOfPage\":{\"@id\":\"https:\\\/\\\/www.sindicaturabarcelona.cat\\\/es\\\/presentamos-el-cuento-una-superheroina-sense-capa-sobre-la-labor-de-la-sindicatura-en-la-setmana-del-llibre-en-catala\\\/\"},\"wordCount\":302,\"publisher\":{\"@id\":\"https:\\\/\\\/www.sindicaturabarcelona.cat\\\/es\\\/#organization\"},\"image\":{\"@id\":\"https:\\\/\\\/www.sindicaturabarcelona.cat\\\/es\\\/presentamos-el-cuento-una-superheroina-sense-capa-sobre-la-labor-de-la-sindicatura-en-la-setmana-del-llibre-en-catala\\\/#primaryimage\"},\"thumbnailUrl\":\"https:\\\/\\\/www.sindicaturabarcelona.cat\\\/wp-content\\\/uploads\\\/Portada-1-1-scaled.jpg\",\"inLanguage\":\"es\"},{\"@type\":\"WebPage\",\"@id\":\"https:\\\/\\\/www.sindicaturabarcelona.cat\\\/es\\\/presentamos-el-cuento-una-superheroina-sense-capa-sobre-la-labor-de-la-sindicatura-en-la-setmana-del-llibre-en-catala\\\/\",\"url\":\"https:\\\/\\\/www.sindicaturabarcelona.cat\\\/es\\\/presentamos-el-cuento-una-superheroina-sense-capa-sobre-la-labor-de-la-sindicatura-en-la-setmana-del-llibre-en-catala\\\/\",\"name\":\"Presentamos el cuento \\\"Una superhero\u00efna sense capa\\\", sobre la tarea de la Sindicatura, en La Setmana del Llibre en Catal\u00e0 - Sindicatura de Greuges de Barcelona\",\"isPartOf\":{\"@id\":\"https:\\\/\\\/www.sindicaturabarcelona.cat\\\/es\\\/#website\"},\"primaryImageOfPage\":{\"@id\":\"https:\\\/\\\/www.sindicaturabarcelona.cat\\\/es\\\/presentamos-el-cuento-una-superheroina-sense-capa-sobre-la-labor-de-la-sindicatura-en-la-setmana-del-llibre-en-catala\\\/#primaryimage\"},\"image\":{\"@id\":\"https:\\\/\\\/www.sindicaturabarcelona.cat\\\/es\\\/presentamos-el-cuento-una-superheroina-sense-capa-sobre-la-labor-de-la-sindicatura-en-la-setmana-del-llibre-en-catala\\\/#primaryimage\"},\"thumbnailUrl\":\"https:\\\/\\\/www.sindicaturabarcelona.cat\\\/wp-content\\\/uploads\\\/Portada-1-1-scaled.jpg\",\"datePublished\":\"2025-09-23T08:48:01+00:00\",\"dateModified\":\"2025-10-01T15:20:05+00:00\",\"description\":\"El acto, que abri\u00f3 el s\u00edndic de greuges de Barcelona, \u200b\u200bDavid Bondia, tuvo lugar ayer lunes en La Setmana del Llibre en Catal\u00e0\",\"breadcrumb\":{\"@id\":\"https:\\\/\\\/www.sindicaturabarcelona.cat\\\/es\\\/presentamos-el-cuento-una-superheroina-sense-capa-sobre-la-labor-de-la-sindicatura-en-la-setmana-del-llibre-en-catala\\\/#breadcrumb\"},\"inLanguage\":\"es\",\"potentialAction\":[{\"@type\":\"ReadAction\",\"target\":[\"https:\\\/\\\/www.sindicaturabarcelona.cat\\\/es\\\/presentamos-el-cuento-una-superheroina-sense-capa-sobre-la-labor-de-la-sindicatura-en-la-setmana-del-llibre-en-catala\\\/\"]}]},{\"@type\":\"ImageObject\",\"inLanguage\":\"es\",\"@id\":\"https:\\\/\\\/www.sindicaturabarcelona.cat\\\/es\\\/presentamos-el-cuento-una-superheroina-sense-capa-sobre-la-labor-de-la-sindicatura-en-la-setmana-del-llibre-en-catala\\\/#primaryimage\",\"url\":\"https:\\\/\\\/www.sindicaturabarcelona.cat\\\/wp-content\\\/uploads\\\/Portada-1-1-scaled.jpg\",\"contentUrl\":\"https:\\\/\\\/www.sindicaturabarcelona.cat\\\/wp-content\\\/uploads\\\/Portada-1-1-scaled.jpg\",\"width\":2560,\"height\":1706,\"caption\":\"Presentaci\u00f3 conte Superhero\u00efna sense capa Setmana Llibre\"},{\"@type\":\"BreadcrumbList\",\"@id\":\"https:\\\/\\\/www.sindicaturabarcelona.cat\\\/es\\\/presentamos-el-cuento-una-superheroina-sense-capa-sobre-la-labor-de-la-sindicatura-en-la-setmana-del-llibre-en-catala\\\/#breadcrumb\",\"itemListElement\":[{\"@type\":\"ListItem\",\"position\":1,\"name\":\"Inici\",\"item\":\"https:\\\/\\\/www.sindicaturabarcelona.cat\\\/es\\\/\"},{\"@type\":\"ListItem\",\"position\":2,\"name\":\"Presentamos el cuento &#8220;Una superhero\u00efna sense capa&#8221;, sobre la tarea de la Sindicatura, en La Setmana del Llibre en Catal\u00e0\"}]},{\"@type\":\"WebSite\",\"@id\":\"https:\\\/\\\/www.sindicaturabarcelona.cat\\\/es\\\/#website\",\"url\":\"https:\\\/\\\/www.sindicaturabarcelona.cat\\\/es\\\/\",\"name\":\"Sindicatura de Greuges de Barcelona\",\"description\":\"La defensoria dels teus drets\",\"publisher\":{\"@id\":\"https:\\\/\\\/www.sindicaturabarcelona.cat\\\/es\\\/#organization\"},\"potentialAction\":[{\"@type\":\"SearchAction\",\"target\":{\"@type\":\"EntryPoint\",\"urlTemplate\":\"https:\\\/\\\/www.sindicaturabarcelona.cat\\\/es\\\/?s={search_term_string}\"},\"query-input\":{\"@type\":\"PropertyValueSpecification\",\"valueRequired\":true,\"valueName\":\"search_term_string\"}}],\"inLanguage\":\"es\"},{\"@type\":\"Organization\",\"@id\":\"https:\\\/\\\/www.sindicaturabarcelona.cat\\\/es\\\/#organization\",\"name\":\"Sindicatura de Greuges de Barcelona\",\"url\":\"https:\\\/\\\/www.sindicaturabarcelona.cat\\\/es\\\/\",\"logo\":{\"@type\":\"ImageObject\",\"inLanguage\":\"es\",\"@id\":\"https:\\\/\\\/www.sindicaturabarcelona.cat\\\/es\\\/#\\\/schema\\\/logo\\\/image\\\/\",\"url\":\"https:\\\/\\\/www.sindicaturabarcelona.cat\\\/wp-content\\\/uploads\\\/2023\\\/02\\\/logo_sindicatura.svg\",\"contentUrl\":\"https:\\\/\\\/www.sindicaturabarcelona.cat\\\/wp-content\\\/uploads\\\/2023\\\/02\\\/logo_sindicatura.svg\",\"caption\":\"Sindicatura de Greuges de Barcelona\"},\"image\":{\"@id\":\"https:\\\/\\\/www.sindicaturabarcelona.cat\\\/es\\\/#\\\/schema\\\/logo\\\/image\\\/\"},\"sameAs\":[\"https:\\\/\\\/x.com\\\/sindicbarcelona\",\"https:\\\/\\\/www.instagram.com\\\/sindicbarcelona\\\/\",\"https:\\\/\\\/www.tiktok.com\\\/@sindicaturabcn\",\"https:\\\/\\\/t.me\\\/sindicaturabarcelona\"]},{\"@type\":\"Person\",\"@id\":\"https:\\\/\\\/www.sindicaturabarcelona.cat\\\/es\\\/#\\\/schema\\\/person\\\/0e5acffc350ffdbc97578159322c9452\",\"name\":\"Pablo\",\"image\":{\"@type\":\"ImageObject\",\"inLanguage\":\"es\",\"@id\":\"https:\\\/\\\/secure.gravatar.com\\\/avatar\\\/c948169b402ef9492afde705c3dfd5e90e1a6a84ef6840a91124f805a25a480f?s=96&d=mm&r=g\",\"url\":\"https:\\\/\\\/secure.gravatar.com\\\/avatar\\\/c948169b402ef9492afde705c3dfd5e90e1a6a84ef6840a91124f805a25a480f?s=96&d=mm&r=g\",\"contentUrl\":\"https:\\\/\\\/secure.gravatar.com\\\/avatar\\\/c948169b402ef9492afde705c3dfd5e90e1a6a84ef6840a91124f805a25a480f?s=96&d=mm&r=g\",\"caption\":\"Pablo\"},\"url\":\"https:\\\/\\\/www.sindicaturabarcelona.cat\\\/es\\\/author\\\/pablo\\\/\"}]}<\/script>\n<!-- \/ Yoast SEO plugin. -->","yoast_head_json":{"title":"Presentamos el cuento \"Una superhero\u00efna sense capa\", sobre la tarea de la Sindicatura, en La Setmana del Llibre en Catal\u00e0 - Sindicatura de Greuges de Barcelona","description":"El acto, que abri\u00f3 el s\u00edndic de greuges de Barcelona, \u200b\u200bDavid Bondia, tuvo lugar ayer lunes en La Setmana del Llibre en Catal\u00e0","robots":{"index":"index","follow":"follow","max-snippet":"max-snippet:-1","max-image-preview":"max-image-preview:large","max-video-preview":"max-video-preview:-1"},"canonical":"https:\/\/www.sindicaturabarcelona.cat\/es\/presentamos-el-cuento-una-superheroina-sense-capa-sobre-la-labor-de-la-sindicatura-en-la-setmana-del-llibre-en-catala\/","og_locale":"es_ES","og_type":"article","og_title":"Presentamos el cuento \"Una superhero\u00efna sense capa\", sobre la tarea de la Sindicatura, en La Setmana del Llibre en Catal\u00e0 - Sindicatura de Greuges de Barcelona","og_description":"El acto, que abri\u00f3 el s\u00edndic de greuges de Barcelona, \u200b\u200bDavid Bondia, tuvo lugar ayer lunes en La Setmana del Llibre en Catal\u00e0","og_url":"https:\/\/www.sindicaturabarcelona.cat\/es\/presentamos-el-cuento-una-superheroina-sense-capa-sobre-la-labor-de-la-sindicatura-en-la-setmana-del-llibre-en-catala\/","og_site_name":"Sindicatura de Greuges de Barcelona","article_published_time":"2025-09-23T08:48:01+00:00","article_modified_time":"2025-10-01T15:20:05+00:00","og_image":[{"width":2560,"height":1706,"url":"https:\/\/www.sindicaturabarcelona.cat\/wp-content\/uploads\/Portada-1-1-scaled.jpg","type":"image\/jpeg"}],"author":"Pablo","twitter_card":"summary_large_image","twitter_creator":"@sindicbarcelona","twitter_site":"@sindicbarcelona","twitter_misc":{"Escrito por":"Pablo","Tiempo de lectura":"2 minutos"},"schema":{"@context":"https:\/\/schema.org","@graph":[{"@type":"Article","@id":"https:\/\/www.sindicaturabarcelona.cat\/es\/presentamos-el-cuento-una-superheroina-sense-capa-sobre-la-labor-de-la-sindicatura-en-la-setmana-del-llibre-en-catala\/#article","isPartOf":{"@id":"https:\/\/www.sindicaturabarcelona.cat\/es\/presentamos-el-cuento-una-superheroina-sense-capa-sobre-la-labor-de-la-sindicatura-en-la-setmana-del-llibre-en-catala\/"},"author":{"name":"Pablo","@id":"https:\/\/www.sindicaturabarcelona.cat\/es\/#\/schema\/person\/0e5acffc350ffdbc97578159322c9452"},"headline":"Presentamos el cuento \u00abUna superhero\u00efna sense capa\u00bb, sobre la tarea de la Sindicatura, en La Setmana del Llibre en Catal\u00e0","datePublished":"2025-09-23T08:48:01+00:00","dateModified":"2025-10-01T15:20:05+00:00","mainEntityOfPage":{"@id":"https:\/\/www.sindicaturabarcelona.cat\/es\/presentamos-el-cuento-una-superheroina-sense-capa-sobre-la-labor-de-la-sindicatura-en-la-setmana-del-llibre-en-catala\/"},"wordCount":302,"publisher":{"@id":"https:\/\/www.sindicaturabarcelona.cat\/es\/#organization"},"image":{"@id":"https:\/\/www.sindicaturabarcelona.cat\/es\/presentamos-el-cuento-una-superheroina-sense-capa-sobre-la-labor-de-la-sindicatura-en-la-setmana-del-llibre-en-catala\/#primaryimage"},"thumbnailUrl":"https:\/\/www.sindicaturabarcelona.cat\/wp-content\/uploads\/Portada-1-1-scaled.jpg","inLanguage":"es"},{"@type":"WebPage","@id":"https:\/\/www.sindicaturabarcelona.cat\/es\/presentamos-el-cuento-una-superheroina-sense-capa-sobre-la-labor-de-la-sindicatura-en-la-setmana-del-llibre-en-catala\/","url":"https:\/\/www.sindicaturabarcelona.cat\/es\/presentamos-el-cuento-una-superheroina-sense-capa-sobre-la-labor-de-la-sindicatura-en-la-setmana-del-llibre-en-catala\/","name":"Presentamos el cuento \"Una superhero\u00efna sense capa\", sobre la tarea de la Sindicatura, en La Setmana del Llibre en Catal\u00e0 - Sindicatura de Greuges de Barcelona","isPartOf":{"@id":"https:\/\/www.sindicaturabarcelona.cat\/es\/#website"},"primaryImageOfPage":{"@id":"https:\/\/www.sindicaturabarcelona.cat\/es\/presentamos-el-cuento-una-superheroina-sense-capa-sobre-la-labor-de-la-sindicatura-en-la-setmana-del-llibre-en-catala\/#primaryimage"},"image":{"@id":"https:\/\/www.sindicaturabarcelona.cat\/es\/presentamos-el-cuento-una-superheroina-sense-capa-sobre-la-labor-de-la-sindicatura-en-la-setmana-del-llibre-en-catala\/#primaryimage"},"thumbnailUrl":"https:\/\/www.sindicaturabarcelona.cat\/wp-content\/uploads\/Portada-1-1-scaled.jpg","datePublished":"2025-09-23T08:48:01+00:00","dateModified":"2025-10-01T15:20:05+00:00","description":"El acto, que abri\u00f3 el s\u00edndic de greuges de Barcelona, \u200b\u200bDavid Bondia, tuvo lugar ayer lunes en La Setmana del Llibre en Catal\u00e0","breadcrumb":{"@id":"https:\/\/www.sindicaturabarcelona.cat\/es\/presentamos-el-cuento-una-superheroina-sense-capa-sobre-la-labor-de-la-sindicatura-en-la-setmana-del-llibre-en-catala\/#breadcrumb"},"inLanguage":"es","potentialAction":[{"@type":"ReadAction","target":["https:\/\/www.sindicaturabarcelona.cat\/es\/presentamos-el-cuento-una-superheroina-sense-capa-sobre-la-labor-de-la-sindicatura-en-la-setmana-del-llibre-en-catala\/"]}]},{"@type":"ImageObject","inLanguage":"es","@id":"https:\/\/www.sindicaturabarcelona.cat\/es\/presentamos-el-cuento-una-superheroina-sense-capa-sobre-la-labor-de-la-sindicatura-en-la-setmana-del-llibre-en-catala\/#primaryimage","url":"https:\/\/www.sindicaturabarcelona.cat\/wp-content\/uploads\/Portada-1-1-scaled.jpg","contentUrl":"https:\/\/www.sindicaturabarcelona.cat\/wp-content\/uploads\/Portada-1-1-scaled.jpg","width":2560,"height":1706,"caption":"Presentaci\u00f3 conte Superhero\u00efna sense capa Setmana Llibre"},{"@type":"BreadcrumbList","@id":"https:\/\/www.sindicaturabarcelona.cat\/es\/presentamos-el-cuento-una-superheroina-sense-capa-sobre-la-labor-de-la-sindicatura-en-la-setmana-del-llibre-en-catala\/#breadcrumb","itemListElement":[{"@type":"ListItem","position":1,"name":"Inici","item":"https:\/\/www.sindicaturabarcelona.cat\/es\/"},{"@type":"ListItem","position":2,"name":"Presentamos el cuento &#8220;Una superhero\u00efna sense capa&#8221;, sobre la tarea de la Sindicatura, en La Setmana del Llibre en Catal\u00e0"}]},{"@type":"WebSite","@id":"https:\/\/www.sindicaturabarcelona.cat\/es\/#website","url":"https:\/\/www.sindicaturabarcelona.cat\/es\/","name":"Sindicatura de Greuges de Barcelona","description":"La defensoria dels teus drets","publisher":{"@id":"https:\/\/www.sindicaturabarcelona.cat\/es\/#organization"},"potentialAction":[{"@type":"SearchAction","target":{"@type":"EntryPoint","urlTemplate":"https:\/\/www.sindicaturabarcelona.cat\/es\/?s={search_term_string}"},"query-input":{"@type":"PropertyValueSpecification","valueRequired":true,"valueName":"search_term_string"}}],"inLanguage":"es"},{"@type":"Organization","@id":"https:\/\/www.sindicaturabarcelona.cat\/es\/#organization","name":"Sindicatura de Greuges de Barcelona","url":"https:\/\/www.sindicaturabarcelona.cat\/es\/","logo":{"@type":"ImageObject","inLanguage":"es","@id":"https:\/\/www.sindicaturabarcelona.cat\/es\/#\/schema\/logo\/image\/","url":"https:\/\/www.sindicaturabarcelona.cat\/wp-content\/uploads\/2023\/02\/logo_sindicatura.svg","contentUrl":"https:\/\/www.sindicaturabarcelona.cat\/wp-content\/uploads\/2023\/02\/logo_sindicatura.svg","caption":"Sindicatura de Greuges de Barcelona"},"image":{"@id":"https:\/\/www.sindicaturabarcelona.cat\/es\/#\/schema\/logo\/image\/"},"sameAs":["https:\/\/x.com\/sindicbarcelona","https:\/\/www.instagram.com\/sindicbarcelona\/","https:\/\/www.tiktok.com\/@sindicaturabcn","https:\/\/t.me\/sindicaturabarcelona"]},{"@type":"Person","@id":"https:\/\/www.sindicaturabarcelona.cat\/es\/#\/schema\/person\/0e5acffc350ffdbc97578159322c9452","name":"Pablo","image":{"@type":"ImageObject","inLanguage":"es","@id":"https:\/\/secure.gravatar.com\/avatar\/c948169b402ef9492afde705c3dfd5e90e1a6a84ef6840a91124f805a25a480f?s=96&d=mm&r=g","url":"https:\/\/secure.gravatar.com\/avatar\/c948169b402ef9492afde705c3dfd5e90e1a6a84ef6840a91124f805a25a480f?s=96&d=mm&r=g","contentUrl":"https:\/\/secure.gravatar.com\/avatar\/c948169b402ef9492afde705c3dfd5e90e1a6a84ef6840a91124f805a25a480f?s=96&d=mm&r=g","caption":"Pablo"},"url":"https:\/\/www.sindicaturabarcelona.cat\/es\/author\/pablo\/"}]}},"_links":{"self":[{"href":"https:\/\/www.sindicaturabarcelona.cat\/es\/wp-json\/wp\/v2\/posts\/39003","targetHints":{"allow":["GET"]}}],"collection":[{"href":"https:\/\/www.sindicaturabarcelona.cat\/es\/wp-json\/wp\/v2\/posts"}],"about":[{"href":"https:\/\/www.sindicaturabarcelona.cat\/es\/wp-json\/wp\/v2\/types\/post"}],"author":[{"embeddable":true,"href":"https:\/\/www.sindicaturabarcelona.cat\/es\/wp-json\/wp\/v2\/users\/2"}],"replies":[{"embeddable":true,"href":"https:\/\/www.sindicaturabarcelona.cat\/es\/wp-json\/wp\/v2\/comments?post=39003"}],"version-history":[{"count":18,"href":"https:\/\/www.sindicaturabarcelona.cat\/es\/wp-json\/wp\/v2\/posts\/39003\/revisions"}],"predecessor-version":[{"id":39420,"href":"https:\/\/www.sindicaturabarcelona.cat\/es\/wp-json\/wp\/v2\/posts\/39003\/revisions\/39420"}],"wp:featuredmedia":[{"embeddable":true,"href":"https:\/\/www.sindicaturabarcelona.cat\/es\/wp-json\/wp\/v2\/media\/39217"}],"wp:attachment":[{"href":"https:\/\/www.sindicaturabarcelona.cat\/es\/wp-json\/wp\/v2\/media?parent=39003"}],"wp:term":[{"taxonomy":"post_tag","embeddable":true,"href":"https:\/\/www.sindicaturabarcelona.cat\/es\/wp-json\/wp\/v2\/tags?post=39003"},{"taxonomy":"drets","embeddable":true,"href":"https:\/\/www.sindicaturabarcelona.cat\/es\/wp-json\/wp\/v2\/drets?post=39003"}],"curies":[{"name":"wp","href":"https:\/\/api.w.org\/{rel}","templated":true}]}}