{"id":38992,"date":"2025-09-10T08:00:00","date_gmt":"2025-09-10T06:00:00","guid":{"rendered":"https:\/\/www.sindicaturabarcelona.cat\/?p=38992"},"modified":"2025-09-25T09:21:51","modified_gmt":"2025-09-25T07:21:51","slug":"la-sindicatura-recuerda-al-instituto-municipal-de-educacion-que-debe-velar-por-los-derechos-linguisticos-del-alumnado-y-de-las-familias-y-fomentar-el-uso-del-catalan","status":"publish","type":"post","link":"https:\/\/www.sindicaturabarcelona.cat\/es\/la-sindicatura-recuerda-al-instituto-municipal-de-educacion-que-debe-velar-por-los-derechos-linguisticos-del-alumnado-y-de-las-familias-y-fomentar-el-uso-del-catalan\/","title":{"rendered":"La Sindicatura recuerda al Instituto Municipal de Educaci\u00f3n que debe velar por los derechos ling\u00fc\u00edsticos del alumnado y de las familias y fomentar el uso del catal\u00e1n"},"content":{"rendered":"\n<h2 class=\"wp-block-heading\">El IMEB puede mejorar en lo que respecta al empleo de la lengua en la comunicaci\u00f3n con las familias, en el caso de una reuni\u00f3n de \u00e9stas con una educadora de una guarder\u00eda que se hizo en castellano.<\/h2>\n\n\n\n<p>Seg\u00fan la promotora de l<a href=\"https:\/\/www.sindicaturabarcelona.cat\/wp-content\/uploads\/202508_Drets-linguistics-religiosos_castella-reunio-families-escola-bressol-municipal_25Q000590.pdf\" target=\"_blank\" rel=\"noreferrer noopener\">a queja que ha motivado esta resoluci\u00f3n<\/a>, la educadora anunci\u00f3 al inicio del encuentro que hablar\u00eda en esta lengua todo el rato, sin que nadie lo hubiera pedido. Al finalizar, la ciudadana se dirigi\u00f3 a la direcci\u00f3n de la escuela para expresar su desacuerdo, pero <strong>la respuesta de la directora fue que las reuniones se seguir\u00edan haciendo en castellano<\/strong>.<\/p>\n\n\n\n<h2 class=\"wp-block-heading\">La respuesta del Instituto Municipal de Educaci\u00f3n de Barcelona<\/h2>\n\n\n\n<p>A partir de la informaci\u00f3n facilitada por la guarder\u00eda, el IMEB asegura que el uso del castellano s\u00ed fue debido a la petici\u00f3n de algunas familias para garantizar su comprensi\u00f3n, a diferencia de los hechos expuestos por la ciudadana promotora de la queja.<\/p>\n\n\n\n<p>En cualquier caso, cabe destacar que el ente municipal <strong>ha reconocido que la forma en la que resolvi\u00f3 la situaci\u00f3n no fue correcta<\/strong>. Adem\u00e1s, <strong>se disculp\u00f3 por el malestar causado<\/strong> a la ciudadana y se comprometi\u00f3 a revisar con el equipo directivo los procedimientos para que las comunicaciones generales sean en catal\u00e1n con el acompa\u00f1amiento necesario a las personas que no entienden dicha lengua.<\/p>\n\n\n\n<p>Adem\u00e1s, este instituto municipal ha manifestado la voluntad de <strong>promover las formaciones que ofrece el <a href=\"https:\/\/www.cpnl.cat\/\" target=\"_blank\" rel=\"noreferrer noopener\">Consorcio para la Normalizaci\u00f3n Ling\u00fc\u00edstica<\/a><\/strong>, garantizando una inclusi\u00f3n del idioma respetuosa, inclusiva y coherente con el marco normativo vigente.<\/p>\n\n\n\n<h2 class=\"wp-block-heading\">El catal\u00e0n, lengua oficial y de uso normal en el Ayuntamiento<\/h2>\n\n\n\n<p>El <a href=\"https:\/\/ajuntament.barcelona.cat\/norma-portal-juridic\/ca\/vid\/842551643\" target=\"_blank\" rel=\"noreferrer noopener\">Reglamento de uso de la lengua catalana del Ayuntamiento de Barcelona<\/a> establece que, tanto en las relaciones internas como en las comunicaciones con el ciudadano, \u00e9sta es la lengua oficial y de uso normal del Ayuntamiento. En la misma l\u00ednea se determina en el Estatuto de Autonom\u00eda, y la ley auton\u00f3mica de educaci\u00f3n refuerza <strong>el papel del catal\u00e1n como lengua oficial de la Administraci\u00f3n<\/strong> y establece que debe emplearse normalmente en las relaciones internas de los centros y en las actividades de proyecci\u00f3n externas.<\/p>\n\n\n\n<p>Ahora bien, la normativa vigente tambi\u00e9n establece que <strong>la ciudadan\u00eda tienen derecho a ser atendida en cualquiera de las lenguas oficiales<\/strong>. Por tanto, si se hace una pregunta en castellano, \u00e9sta se podr\u00e1 responder en el mismo idioma.<\/p>\n\n\n\n<p>Por todo lo expuesto, la Sindicatura de Greuges de Barcelona recuerda al Instituto Municipal de Educaci\u00f3n de Barcelona <a href=\"https:\/\/www.sindicaturabarcelona.cat\/wp-content\/uploads\/202508_Drets-linguistics-religiosos_castella-reunio-families-escola-bressol-municipal_25Q000590.pdf\" target=\"_blank\" rel=\"noreferrer noopener\">en su resoluci\u00f3n<\/a> que debe velar por los derechos ling\u00fc\u00edsticos del alumnado y de las familias, y fomentar la utilizaci\u00f3n del catal\u00e1n como lengua minoritaria. Tambi\u00e9n le recomienda que colabore con la comisionada por el Uso Social del Catal\u00e1n para fomentar su empleo en las guarder\u00edas.<\/p>\n\n\n\n<h2 class=\"wp-block-heading\">Un segundo caso vinculado a los derechos ling\u00fc\u00edsticos este verano<\/h2>\n\n\n\n<p>A finales de julio, la Sindicatura ya se pronunci\u00f3 sobre las m\u00faltiples quejas recibidas en relaci\u00f3n a los sketches escenificados durante el acto de presentaci\u00f3n del <strong><a href=\"https:\/\/ajuntament.barcelona.cat\/dretsidiversitat\/sites\/default\/files\/InformeDiscriminacions2024_Online_CAST.pdf\" target=\"_blank\" rel=\"noreferrer noopener\"><em>Informe del Observatorio de las Discriminaciones en Barcelona 2024<\/em><\/a><\/strong>, con afirmaciones contrarias a los derechos ling\u00fc\u00edsticos de los catalanohablantes.<\/p>\n\n\n\n<p>En esa <a href=\"https:\/\/www.sindicaturabarcelona.cat\/es\/la-sindicatura-adverteix-a-lajuntament-de-barcelona-que-cal-vetllar-perque-no-es-tornin-a-repetir-els-fets-ocorreguts-durant-la-presentacio-de-linforme-de-discriminacions-a-barcelona\/\" target=\"_blank\" rel=\"noreferrer noopener\">resoluci\u00f3n se conclu\u00eda<\/a> que la actuaci\u00f3n de Ayuntamiento, que organizaba el acto, no hab\u00eda sido ajustada a derecho y no se hab\u00eda producido con la diligencia debida, pero se valor\u00f3 positivamente el r\u00e1pido reconocimiento del error y la asunci\u00f3n de responsabilidades.<\/p>\n","protected":false},"excerpt":{"rendered":"<p>El IMEB puede mejorar en lo que respecta al empleo de la lengua en la comunicaci\u00f3n con las familias, en el caso de una reuni\u00f3n de \u00e9stas con una educadora [&hellip;]<\/p>\n","protected":false},"author":2,"featured_media":38991,"comment_status":"closed","ping_status":"closed","sticky":false,"template":"","format":"standard","meta":{"_acf_changed":false,"footnotes":""},"tags":[],"drets":[1567,1574],"class_list":["post-38992","post","type-post","status-publish","format-standard","has-post-thumbnail","hentry","drets-ciudad-diversa","drets-derechos-linguisticos"],"acf":[],"yoast_head":"<!-- This site is optimized with the Yoast SEO plugin v27.5 - https:\/\/yoast.com\/product\/yoast-seo-wordpress\/ -->\n<title>La Sindicatura recuerda al Instituto Municipal de Educaci\u00f3n que debe velar por los derechos ling\u00fc\u00edsticos del alumnado y de las familias y fomentar el uso del catal\u00e1n - Sindicatura de Greuges de Barcelona<\/title>\n<meta name=\"description\" content=\"El IMEB puede mejorar en un caso en el que una reuni\u00f3n de la familias con una educadora de una guarder\u00eda se hizo en castellano.\" \/>\n<meta name=\"robots\" content=\"index, follow, max-snippet:-1, max-image-preview:large, max-video-preview:-1\" \/>\n<link rel=\"canonical\" href=\"https:\/\/www.sindicaturabarcelona.cat\/es\/la-sindicatura-recuerda-al-instituto-municipal-de-educacion-que-debe-velar-por-los-derechos-linguisticos-del-alumnado-y-de-las-familias-y-fomentar-el-uso-del-catalan\/\" \/>\n<meta property=\"og:locale\" content=\"es_ES\" \/>\n<meta property=\"og:type\" content=\"article\" \/>\n<meta property=\"og:title\" content=\"La Sindicatura recuerda al Instituto Municipal de Educaci\u00f3n que debe velar por los derechos ling\u00fc\u00edsticos del alumnado y de las familias y fomentar el uso del catal\u00e1n - Sindicatura de Greuges de Barcelona\" \/>\n<meta property=\"og:description\" content=\"El IMEB puede mejorar en un caso en el que una reuni\u00f3n de la familias con una educadora de una guarder\u00eda se hizo en castellano.\" \/>\n<meta property=\"og:url\" content=\"https:\/\/www.sindicaturabarcelona.cat\/es\/la-sindicatura-recuerda-al-instituto-municipal-de-educacion-que-debe-velar-por-los-derechos-linguisticos-del-alumnado-y-de-las-familias-y-fomentar-el-uso-del-catalan\/\" \/>\n<meta property=\"og:site_name\" content=\"Sindicatura de Greuges de Barcelona\" \/>\n<meta property=\"article:published_time\" content=\"2025-09-10T06:00:00+00:00\" \/>\n<meta property=\"article:modified_time\" content=\"2025-09-25T07:21:51+00:00\" \/>\n<meta property=\"og:image\" content=\"https:\/\/www.sindicaturabarcelona.cat\/wp-content\/uploads\/families-amb-nadons-conversant-entre-1-scaled.jpg\" \/>\n\t<meta property=\"og:image:width\" content=\"2560\" \/>\n\t<meta property=\"og:image:height\" content=\"1707\" \/>\n\t<meta property=\"og:image:type\" content=\"image\/jpeg\" \/>\n<meta name=\"author\" content=\"Pablo\" \/>\n<meta name=\"twitter:card\" content=\"summary_large_image\" \/>\n<meta name=\"twitter:creator\" content=\"@sindicbarcelona\" \/>\n<meta name=\"twitter:site\" content=\"@sindicbarcelona\" \/>\n<meta name=\"twitter:label1\" content=\"Escrito por\" \/>\n\t<meta name=\"twitter:data1\" content=\"Pablo\" \/>\n\t<meta name=\"twitter:label2\" content=\"Tiempo de lectura\" \/>\n\t<meta name=\"twitter:data2\" content=\"4 minutos\" \/>\n<script type=\"application\/ld+json\" class=\"yoast-schema-graph\">{\"@context\":\"https:\\\/\\\/schema.org\",\"@graph\":[{\"@type\":\"Article\",\"@id\":\"https:\\\/\\\/www.sindicaturabarcelona.cat\\\/es\\\/la-sindicatura-recuerda-al-instituto-municipal-de-educacion-que-debe-velar-por-los-derechos-linguisticos-del-alumnado-y-de-las-familias-y-fomentar-el-uso-del-catalan\\\/#article\",\"isPartOf\":{\"@id\":\"https:\\\/\\\/www.sindicaturabarcelona.cat\\\/es\\\/la-sindicatura-recuerda-al-instituto-municipal-de-educacion-que-debe-velar-por-los-derechos-linguisticos-del-alumnado-y-de-las-familias-y-fomentar-el-uso-del-catalan\\\/\"},\"author\":{\"name\":\"Pablo\",\"@id\":\"https:\\\/\\\/www.sindicaturabarcelona.cat\\\/es\\\/#\\\/schema\\\/person\\\/0e5acffc350ffdbc97578159322c9452\"},\"headline\":\"La Sindicatura recuerda al Instituto Municipal de Educaci\u00f3n que debe velar por los derechos ling\u00fc\u00edsticos del alumnado y de las familias y fomentar el uso del catal\u00e1n\",\"datePublished\":\"2025-09-10T06:00:00+00:00\",\"dateModified\":\"2025-09-25T07:21:51+00:00\",\"mainEntityOfPage\":{\"@id\":\"https:\\\/\\\/www.sindicaturabarcelona.cat\\\/es\\\/la-sindicatura-recuerda-al-instituto-municipal-de-educacion-que-debe-velar-por-los-derechos-linguisticos-del-alumnado-y-de-las-familias-y-fomentar-el-uso-del-catalan\\\/\"},\"wordCount\":627,\"publisher\":{\"@id\":\"https:\\\/\\\/www.sindicaturabarcelona.cat\\\/es\\\/#organization\"},\"image\":{\"@id\":\"https:\\\/\\\/www.sindicaturabarcelona.cat\\\/es\\\/la-sindicatura-recuerda-al-instituto-municipal-de-educacion-que-debe-velar-por-los-derechos-linguisticos-del-alumnado-y-de-las-familias-y-fomentar-el-uso-del-catalan\\\/#primaryimage\"},\"thumbnailUrl\":\"https:\\\/\\\/www.sindicaturabarcelona.cat\\\/wp-content\\\/uploads\\\/families-amb-nadons-conversant-entre-1-scaled.jpg\",\"inLanguage\":\"es\"},{\"@type\":\"WebPage\",\"@id\":\"https:\\\/\\\/www.sindicaturabarcelona.cat\\\/es\\\/la-sindicatura-recuerda-al-instituto-municipal-de-educacion-que-debe-velar-por-los-derechos-linguisticos-del-alumnado-y-de-las-familias-y-fomentar-el-uso-del-catalan\\\/\",\"url\":\"https:\\\/\\\/www.sindicaturabarcelona.cat\\\/es\\\/la-sindicatura-recuerda-al-instituto-municipal-de-educacion-que-debe-velar-por-los-derechos-linguisticos-del-alumnado-y-de-las-familias-y-fomentar-el-uso-del-catalan\\\/\",\"name\":\"La Sindicatura recuerda al Instituto Municipal de Educaci\u00f3n que debe velar por los derechos ling\u00fc\u00edsticos del alumnado y de las familias y fomentar el uso del catal\u00e1n - Sindicatura de Greuges de Barcelona\",\"isPartOf\":{\"@id\":\"https:\\\/\\\/www.sindicaturabarcelona.cat\\\/es\\\/#website\"},\"primaryImageOfPage\":{\"@id\":\"https:\\\/\\\/www.sindicaturabarcelona.cat\\\/es\\\/la-sindicatura-recuerda-al-instituto-municipal-de-educacion-que-debe-velar-por-los-derechos-linguisticos-del-alumnado-y-de-las-familias-y-fomentar-el-uso-del-catalan\\\/#primaryimage\"},\"image\":{\"@id\":\"https:\\\/\\\/www.sindicaturabarcelona.cat\\\/es\\\/la-sindicatura-recuerda-al-instituto-municipal-de-educacion-que-debe-velar-por-los-derechos-linguisticos-del-alumnado-y-de-las-familias-y-fomentar-el-uso-del-catalan\\\/#primaryimage\"},\"thumbnailUrl\":\"https:\\\/\\\/www.sindicaturabarcelona.cat\\\/wp-content\\\/uploads\\\/families-amb-nadons-conversant-entre-1-scaled.jpg\",\"datePublished\":\"2025-09-10T06:00:00+00:00\",\"dateModified\":\"2025-09-25T07:21:51+00:00\",\"description\":\"El IMEB puede mejorar en un caso en el que una reuni\u00f3n de la familias con una educadora de una guarder\u00eda se hizo en castellano.\",\"breadcrumb\":{\"@id\":\"https:\\\/\\\/www.sindicaturabarcelona.cat\\\/es\\\/la-sindicatura-recuerda-al-instituto-municipal-de-educacion-que-debe-velar-por-los-derechos-linguisticos-del-alumnado-y-de-las-familias-y-fomentar-el-uso-del-catalan\\\/#breadcrumb\"},\"inLanguage\":\"es\",\"potentialAction\":[{\"@type\":\"ReadAction\",\"target\":[\"https:\\\/\\\/www.sindicaturabarcelona.cat\\\/es\\\/la-sindicatura-recuerda-al-instituto-municipal-de-educacion-que-debe-velar-por-los-derechos-linguisticos-del-alumnado-y-de-las-familias-y-fomentar-el-uso-del-catalan\\\/\"]}]},{\"@type\":\"ImageObject\",\"inLanguage\":\"es\",\"@id\":\"https:\\\/\\\/www.sindicaturabarcelona.cat\\\/es\\\/la-sindicatura-recuerda-al-instituto-municipal-de-educacion-que-debe-velar-por-los-derechos-linguisticos-del-alumnado-y-de-las-familias-y-fomentar-el-uso-del-catalan\\\/#primaryimage\",\"url\":\"https:\\\/\\\/www.sindicaturabarcelona.cat\\\/wp-content\\\/uploads\\\/families-amb-nadons-conversant-entre-1-scaled.jpg\",\"contentUrl\":\"https:\\\/\\\/www.sindicaturabarcelona.cat\\\/wp-content\\\/uploads\\\/families-amb-nadons-conversant-entre-1-scaled.jpg\",\"width\":2560,\"height\":1707},{\"@type\":\"BreadcrumbList\",\"@id\":\"https:\\\/\\\/www.sindicaturabarcelona.cat\\\/es\\\/la-sindicatura-recuerda-al-instituto-municipal-de-educacion-que-debe-velar-por-los-derechos-linguisticos-del-alumnado-y-de-las-familias-y-fomentar-el-uso-del-catalan\\\/#breadcrumb\",\"itemListElement\":[{\"@type\":\"ListItem\",\"position\":1,\"name\":\"Inici\",\"item\":\"https:\\\/\\\/www.sindicaturabarcelona.cat\\\/es\\\/\"},{\"@type\":\"ListItem\",\"position\":2,\"name\":\"La Sindicatura recuerda al Instituto Municipal de Educaci\u00f3n que debe velar por los derechos ling\u00fc\u00edsticos del alumnado y de las familias y fomentar el uso del catal\u00e1n\"}]},{\"@type\":\"WebSite\",\"@id\":\"https:\\\/\\\/www.sindicaturabarcelona.cat\\\/es\\\/#website\",\"url\":\"https:\\\/\\\/www.sindicaturabarcelona.cat\\\/es\\\/\",\"name\":\"Sindicatura de Greuges de Barcelona\",\"description\":\"La defensoria dels teus drets\",\"publisher\":{\"@id\":\"https:\\\/\\\/www.sindicaturabarcelona.cat\\\/es\\\/#organization\"},\"potentialAction\":[{\"@type\":\"SearchAction\",\"target\":{\"@type\":\"EntryPoint\",\"urlTemplate\":\"https:\\\/\\\/www.sindicaturabarcelona.cat\\\/es\\\/?s={search_term_string}\"},\"query-input\":{\"@type\":\"PropertyValueSpecification\",\"valueRequired\":true,\"valueName\":\"search_term_string\"}}],\"inLanguage\":\"es\"},{\"@type\":\"Organization\",\"@id\":\"https:\\\/\\\/www.sindicaturabarcelona.cat\\\/es\\\/#organization\",\"name\":\"Sindicatura de Greuges de Barcelona\",\"url\":\"https:\\\/\\\/www.sindicaturabarcelona.cat\\\/es\\\/\",\"logo\":{\"@type\":\"ImageObject\",\"inLanguage\":\"es\",\"@id\":\"https:\\\/\\\/www.sindicaturabarcelona.cat\\\/es\\\/#\\\/schema\\\/logo\\\/image\\\/\",\"url\":\"https:\\\/\\\/www.sindicaturabarcelona.cat\\\/wp-content\\\/uploads\\\/2023\\\/02\\\/logo_sindicatura.svg\",\"contentUrl\":\"https:\\\/\\\/www.sindicaturabarcelona.cat\\\/wp-content\\\/uploads\\\/2023\\\/02\\\/logo_sindicatura.svg\",\"caption\":\"Sindicatura de Greuges de Barcelona\"},\"image\":{\"@id\":\"https:\\\/\\\/www.sindicaturabarcelona.cat\\\/es\\\/#\\\/schema\\\/logo\\\/image\\\/\"},\"sameAs\":[\"https:\\\/\\\/x.com\\\/sindicbarcelona\",\"https:\\\/\\\/www.instagram.com\\\/sindicbarcelona\\\/\",\"https:\\\/\\\/www.tiktok.com\\\/@sindicaturabcn\",\"https:\\\/\\\/t.me\\\/sindicaturabarcelona\"]},{\"@type\":\"Person\",\"@id\":\"https:\\\/\\\/www.sindicaturabarcelona.cat\\\/es\\\/#\\\/schema\\\/person\\\/0e5acffc350ffdbc97578159322c9452\",\"name\":\"Pablo\",\"image\":{\"@type\":\"ImageObject\",\"inLanguage\":\"es\",\"@id\":\"https:\\\/\\\/secure.gravatar.com\\\/avatar\\\/c948169b402ef9492afde705c3dfd5e90e1a6a84ef6840a91124f805a25a480f?s=96&d=mm&r=g\",\"url\":\"https:\\\/\\\/secure.gravatar.com\\\/avatar\\\/c948169b402ef9492afde705c3dfd5e90e1a6a84ef6840a91124f805a25a480f?s=96&d=mm&r=g\",\"contentUrl\":\"https:\\\/\\\/secure.gravatar.com\\\/avatar\\\/c948169b402ef9492afde705c3dfd5e90e1a6a84ef6840a91124f805a25a480f?s=96&d=mm&r=g\",\"caption\":\"Pablo\"},\"url\":\"https:\\\/\\\/www.sindicaturabarcelona.cat\\\/es\\\/author\\\/pablo\\\/\"}]}<\/script>\n<!-- \/ Yoast SEO plugin. -->","yoast_head_json":{"title":"La Sindicatura recuerda al Instituto Municipal de Educaci\u00f3n que debe velar por los derechos ling\u00fc\u00edsticos del alumnado y de las familias y fomentar el uso del catal\u00e1n - Sindicatura de Greuges de Barcelona","description":"El IMEB puede mejorar en un caso en el que una reuni\u00f3n de la familias con una educadora de una guarder\u00eda se hizo en castellano.","robots":{"index":"index","follow":"follow","max-snippet":"max-snippet:-1","max-image-preview":"max-image-preview:large","max-video-preview":"max-video-preview:-1"},"canonical":"https:\/\/www.sindicaturabarcelona.cat\/es\/la-sindicatura-recuerda-al-instituto-municipal-de-educacion-que-debe-velar-por-los-derechos-linguisticos-del-alumnado-y-de-las-familias-y-fomentar-el-uso-del-catalan\/","og_locale":"es_ES","og_type":"article","og_title":"La Sindicatura recuerda al Instituto Municipal de Educaci\u00f3n que debe velar por los derechos ling\u00fc\u00edsticos del alumnado y de las familias y fomentar el uso del catal\u00e1n - Sindicatura de Greuges de Barcelona","og_description":"El IMEB puede mejorar en un caso en el que una reuni\u00f3n de la familias con una educadora de una guarder\u00eda se hizo en castellano.","og_url":"https:\/\/www.sindicaturabarcelona.cat\/es\/la-sindicatura-recuerda-al-instituto-municipal-de-educacion-que-debe-velar-por-los-derechos-linguisticos-del-alumnado-y-de-las-familias-y-fomentar-el-uso-del-catalan\/","og_site_name":"Sindicatura de Greuges de Barcelona","article_published_time":"2025-09-10T06:00:00+00:00","article_modified_time":"2025-09-25T07:21:51+00:00","og_image":[{"width":2560,"height":1707,"url":"https:\/\/www.sindicaturabarcelona.cat\/wp-content\/uploads\/families-amb-nadons-conversant-entre-1-scaled.jpg","type":"image\/jpeg"}],"author":"Pablo","twitter_card":"summary_large_image","twitter_creator":"@sindicbarcelona","twitter_site":"@sindicbarcelona","twitter_misc":{"Escrito por":"Pablo","Tiempo de lectura":"4 minutos"},"schema":{"@context":"https:\/\/schema.org","@graph":[{"@type":"Article","@id":"https:\/\/www.sindicaturabarcelona.cat\/es\/la-sindicatura-recuerda-al-instituto-municipal-de-educacion-que-debe-velar-por-los-derechos-linguisticos-del-alumnado-y-de-las-familias-y-fomentar-el-uso-del-catalan\/#article","isPartOf":{"@id":"https:\/\/www.sindicaturabarcelona.cat\/es\/la-sindicatura-recuerda-al-instituto-municipal-de-educacion-que-debe-velar-por-los-derechos-linguisticos-del-alumnado-y-de-las-familias-y-fomentar-el-uso-del-catalan\/"},"author":{"name":"Pablo","@id":"https:\/\/www.sindicaturabarcelona.cat\/es\/#\/schema\/person\/0e5acffc350ffdbc97578159322c9452"},"headline":"La Sindicatura recuerda al Instituto Municipal de Educaci\u00f3n que debe velar por los derechos ling\u00fc\u00edsticos del alumnado y de las familias y fomentar el uso del catal\u00e1n","datePublished":"2025-09-10T06:00:00+00:00","dateModified":"2025-09-25T07:21:51+00:00","mainEntityOfPage":{"@id":"https:\/\/www.sindicaturabarcelona.cat\/es\/la-sindicatura-recuerda-al-instituto-municipal-de-educacion-que-debe-velar-por-los-derechos-linguisticos-del-alumnado-y-de-las-familias-y-fomentar-el-uso-del-catalan\/"},"wordCount":627,"publisher":{"@id":"https:\/\/www.sindicaturabarcelona.cat\/es\/#organization"},"image":{"@id":"https:\/\/www.sindicaturabarcelona.cat\/es\/la-sindicatura-recuerda-al-instituto-municipal-de-educacion-que-debe-velar-por-los-derechos-linguisticos-del-alumnado-y-de-las-familias-y-fomentar-el-uso-del-catalan\/#primaryimage"},"thumbnailUrl":"https:\/\/www.sindicaturabarcelona.cat\/wp-content\/uploads\/families-amb-nadons-conversant-entre-1-scaled.jpg","inLanguage":"es"},{"@type":"WebPage","@id":"https:\/\/www.sindicaturabarcelona.cat\/es\/la-sindicatura-recuerda-al-instituto-municipal-de-educacion-que-debe-velar-por-los-derechos-linguisticos-del-alumnado-y-de-las-familias-y-fomentar-el-uso-del-catalan\/","url":"https:\/\/www.sindicaturabarcelona.cat\/es\/la-sindicatura-recuerda-al-instituto-municipal-de-educacion-que-debe-velar-por-los-derechos-linguisticos-del-alumnado-y-de-las-familias-y-fomentar-el-uso-del-catalan\/","name":"La Sindicatura recuerda al Instituto Municipal de Educaci\u00f3n que debe velar por los derechos ling\u00fc\u00edsticos del alumnado y de las familias y fomentar el uso del catal\u00e1n - Sindicatura de Greuges de Barcelona","isPartOf":{"@id":"https:\/\/www.sindicaturabarcelona.cat\/es\/#website"},"primaryImageOfPage":{"@id":"https:\/\/www.sindicaturabarcelona.cat\/es\/la-sindicatura-recuerda-al-instituto-municipal-de-educacion-que-debe-velar-por-los-derechos-linguisticos-del-alumnado-y-de-las-familias-y-fomentar-el-uso-del-catalan\/#primaryimage"},"image":{"@id":"https:\/\/www.sindicaturabarcelona.cat\/es\/la-sindicatura-recuerda-al-instituto-municipal-de-educacion-que-debe-velar-por-los-derechos-linguisticos-del-alumnado-y-de-las-familias-y-fomentar-el-uso-del-catalan\/#primaryimage"},"thumbnailUrl":"https:\/\/www.sindicaturabarcelona.cat\/wp-content\/uploads\/families-amb-nadons-conversant-entre-1-scaled.jpg","datePublished":"2025-09-10T06:00:00+00:00","dateModified":"2025-09-25T07:21:51+00:00","description":"El IMEB puede mejorar en un caso en el que una reuni\u00f3n de la familias con una educadora de una guarder\u00eda se hizo en castellano.","breadcrumb":{"@id":"https:\/\/www.sindicaturabarcelona.cat\/es\/la-sindicatura-recuerda-al-instituto-municipal-de-educacion-que-debe-velar-por-los-derechos-linguisticos-del-alumnado-y-de-las-familias-y-fomentar-el-uso-del-catalan\/#breadcrumb"},"inLanguage":"es","potentialAction":[{"@type":"ReadAction","target":["https:\/\/www.sindicaturabarcelona.cat\/es\/la-sindicatura-recuerda-al-instituto-municipal-de-educacion-que-debe-velar-por-los-derechos-linguisticos-del-alumnado-y-de-las-familias-y-fomentar-el-uso-del-catalan\/"]}]},{"@type":"ImageObject","inLanguage":"es","@id":"https:\/\/www.sindicaturabarcelona.cat\/es\/la-sindicatura-recuerda-al-instituto-municipal-de-educacion-que-debe-velar-por-los-derechos-linguisticos-del-alumnado-y-de-las-familias-y-fomentar-el-uso-del-catalan\/#primaryimage","url":"https:\/\/www.sindicaturabarcelona.cat\/wp-content\/uploads\/families-amb-nadons-conversant-entre-1-scaled.jpg","contentUrl":"https:\/\/www.sindicaturabarcelona.cat\/wp-content\/uploads\/families-amb-nadons-conversant-entre-1-scaled.jpg","width":2560,"height":1707},{"@type":"BreadcrumbList","@id":"https:\/\/www.sindicaturabarcelona.cat\/es\/la-sindicatura-recuerda-al-instituto-municipal-de-educacion-que-debe-velar-por-los-derechos-linguisticos-del-alumnado-y-de-las-familias-y-fomentar-el-uso-del-catalan\/#breadcrumb","itemListElement":[{"@type":"ListItem","position":1,"name":"Inici","item":"https:\/\/www.sindicaturabarcelona.cat\/es\/"},{"@type":"ListItem","position":2,"name":"La Sindicatura recuerda al Instituto Municipal de Educaci\u00f3n que debe velar por los derechos ling\u00fc\u00edsticos del alumnado y de las familias y fomentar el uso del catal\u00e1n"}]},{"@type":"WebSite","@id":"https:\/\/www.sindicaturabarcelona.cat\/es\/#website","url":"https:\/\/www.sindicaturabarcelona.cat\/es\/","name":"Sindicatura de Greuges de Barcelona","description":"La defensoria dels teus drets","publisher":{"@id":"https:\/\/www.sindicaturabarcelona.cat\/es\/#organization"},"potentialAction":[{"@type":"SearchAction","target":{"@type":"EntryPoint","urlTemplate":"https:\/\/www.sindicaturabarcelona.cat\/es\/?s={search_term_string}"},"query-input":{"@type":"PropertyValueSpecification","valueRequired":true,"valueName":"search_term_string"}}],"inLanguage":"es"},{"@type":"Organization","@id":"https:\/\/www.sindicaturabarcelona.cat\/es\/#organization","name":"Sindicatura de Greuges de Barcelona","url":"https:\/\/www.sindicaturabarcelona.cat\/es\/","logo":{"@type":"ImageObject","inLanguage":"es","@id":"https:\/\/www.sindicaturabarcelona.cat\/es\/#\/schema\/logo\/image\/","url":"https:\/\/www.sindicaturabarcelona.cat\/wp-content\/uploads\/2023\/02\/logo_sindicatura.svg","contentUrl":"https:\/\/www.sindicaturabarcelona.cat\/wp-content\/uploads\/2023\/02\/logo_sindicatura.svg","caption":"Sindicatura de Greuges de Barcelona"},"image":{"@id":"https:\/\/www.sindicaturabarcelona.cat\/es\/#\/schema\/logo\/image\/"},"sameAs":["https:\/\/x.com\/sindicbarcelona","https:\/\/www.instagram.com\/sindicbarcelona\/","https:\/\/www.tiktok.com\/@sindicaturabcn","https:\/\/t.me\/sindicaturabarcelona"]},{"@type":"Person","@id":"https:\/\/www.sindicaturabarcelona.cat\/es\/#\/schema\/person\/0e5acffc350ffdbc97578159322c9452","name":"Pablo","image":{"@type":"ImageObject","inLanguage":"es","@id":"https:\/\/secure.gravatar.com\/avatar\/c948169b402ef9492afde705c3dfd5e90e1a6a84ef6840a91124f805a25a480f?s=96&d=mm&r=g","url":"https:\/\/secure.gravatar.com\/avatar\/c948169b402ef9492afde705c3dfd5e90e1a6a84ef6840a91124f805a25a480f?s=96&d=mm&r=g","contentUrl":"https:\/\/secure.gravatar.com\/avatar\/c948169b402ef9492afde705c3dfd5e90e1a6a84ef6840a91124f805a25a480f?s=96&d=mm&r=g","caption":"Pablo"},"url":"https:\/\/www.sindicaturabarcelona.cat\/es\/author\/pablo\/"}]}},"_links":{"self":[{"href":"https:\/\/www.sindicaturabarcelona.cat\/es\/wp-json\/wp\/v2\/posts\/38992","targetHints":{"allow":["GET"]}}],"collection":[{"href":"https:\/\/www.sindicaturabarcelona.cat\/es\/wp-json\/wp\/v2\/posts"}],"about":[{"href":"https:\/\/www.sindicaturabarcelona.cat\/es\/wp-json\/wp\/v2\/types\/post"}],"author":[{"embeddable":true,"href":"https:\/\/www.sindicaturabarcelona.cat\/es\/wp-json\/wp\/v2\/users\/2"}],"replies":[{"embeddable":true,"href":"https:\/\/www.sindicaturabarcelona.cat\/es\/wp-json\/wp\/v2\/comments?post=38992"}],"version-history":[{"count":6,"href":"https:\/\/www.sindicaturabarcelona.cat\/es\/wp-json\/wp\/v2\/posts\/38992\/revisions"}],"predecessor-version":[{"id":39262,"href":"https:\/\/www.sindicaturabarcelona.cat\/es\/wp-json\/wp\/v2\/posts\/38992\/revisions\/39262"}],"wp:featuredmedia":[{"embeddable":true,"href":"https:\/\/www.sindicaturabarcelona.cat\/es\/wp-json\/wp\/v2\/media\/38991"}],"wp:attachment":[{"href":"https:\/\/www.sindicaturabarcelona.cat\/es\/wp-json\/wp\/v2\/media?parent=38992"}],"wp:term":[{"taxonomy":"post_tag","embeddable":true,"href":"https:\/\/www.sindicaturabarcelona.cat\/es\/wp-json\/wp\/v2\/tags?post=38992"},{"taxonomy":"drets","embeddable":true,"href":"https:\/\/www.sindicaturabarcelona.cat\/es\/wp-json\/wp\/v2\/drets?post=38992"}],"curies":[{"name":"wp","href":"https:\/\/api.w.org\/{rel}","templated":true}]}}