{"id":38942,"date":"2025-08-29T11:41:08","date_gmt":"2025-08-29T09:41:08","guid":{"rendered":"https:\/\/www.sindicaturabarcelona.cat\/intercanvi-de-bones-practiques-i-planificacio-de-futurs-projectes-conjunts-els-avencos-despres-de-les-intervencions-de-la-sindicatura-a-colombia\/"},"modified":"2025-10-13T07:45:00","modified_gmt":"2025-10-13T05:45:00","slug":"intercanvi-de-bones-practiques-i-planificacio-de-futurs-projectes-conjunts-els-avencos-despres-de-les-intervencions-de-la-sindicatura-a-colombia","status":"publish","type":"post","link":"https:\/\/www.sindicaturabarcelona.cat\/es\/intercanvi-de-bones-practiques-i-planificacio-de-futurs-projectes-conjunts-els-avencos-despres-de-les-intervencions-de-la-sindicatura-a-colombia\/","title":{"rendered":"Intercambio de buenas pr\u00e1cticas y planificaci\u00f3n de futuros proyectos conjuntos: los avances despu\u00e9s de las intervenciones de la Sindicatura en Colombia"},"content":{"rendered":"\n<p>Entre el 11 y el 20 de agosto, el s\u00edndic de greuges de Barcelona, \u200b\u200b<strong>David Bondia, particip\u00f3 en <a href=\"https:\/\/www.sindicaturabarcelona.cat\/es\/el-sindic-de-greuges-de-barcelona-y-presidente-de-agol-david-bondia-intervendra-en-diversos-actos-en-colombia-sobre-derechos-humanos-de-proximidad\/\" target=\"_blank\" rel=\"noreferrer noopener\">conferencias y ponencias en varias ciudades del pa\u00eds<\/a><\/strong>, adem\u00e1s de reuniones con personeros (figura asimilable al s\u00edndic), como los de Barranquilla, Jamund\u00ed y Bogot\u00e1, y con el Defensor del Pueblo de Colombia. Las intervenciones las coorganiz\u00f3 la <a href=\"https:\/\/www.sindicaturabarcelona.cat\/es\/el-sindic-de-greuges-de-barcelona-nou-president-de-lalianza-global-del-ombudsperson-local-agol\/\" target=\"_blank\" rel=\"noreferrer noopener\">Alianza Global del \u00d3mbudsperson Local (AGOL), de la que Bondia es presidente<\/a>. El resumen es el siguiente:<\/p>\n\n\n\n<ul class=\"wp-block-list\">\n<li><strong>Martes 12, Personer\u00eda de Barranquilla: <\/strong>aproximaci\u00f3n a los retos y problemas compartidos con algunas ciudades colombianas, abordando aspectos como vinculados a temas de seguridad propios de una situaci\u00f3n de conflicto armados, que divergen de la realidad de Barcelona. Tambi\u00e9n se empez\u00f3 a planificar la pr\u00f3xima Asamblea General de AGOL, prevista para septiembre de 2026.<\/li>\n<\/ul>\n\n\n\n<ul class=\"wp-block-list\">\n<li><strong>Mi\u00e9rcoles 13, Facultad de Derecho de la Universidad Sergio Aboleda (en Barranquilla):<\/strong> la Sindicatura present\u00f3 su visi\u00f3n sobre la actualidad de los derechos humanos emergentes, destacando su derecho a la ciudad, con un debate final centrado en los derechos medioambientales y en los compromisos que debe adquirir la sociedad civil y de la universidad en la promoci\u00f3n y protecci\u00f3n.<\/li>\n<\/ul>\n\n\n\n<ul class=\"wp-block-list\">\n<li><strong>Jueves 14, Universidad Icesi (Cali):<\/strong> debate sobre el valor la justicia local, cercana y transformadora, y el v\u00ednculo con los desaf\u00edos contempor\u00e1neos de los territorios en materia de justicia restaurativa, cohesi\u00f3n social y participaci\u00f3n ciudadana. Aparte de la reflexi\u00f3n general sobre las funciones de la Sindicatura, se explic\u00f3 la creaci\u00f3n de la <a href=\"https:\/\/www.sindicaturabarcelona.cat\/es\/sindicatura-insta-concejalia-educacion-a-investigacion-en-profundidad-hechos-escuela-barcelona-y-reparar-dano-victimas\/\" target=\"_blank\" rel=\"noreferrer noopener\">Comisi\u00f3n de Reparaci\u00f3n para v\u00edctimas de violencias sexual en la Escuela Barcelona<\/a> y el <a href=\"https:\/\/www.sindicaturabarcelona.cat\/es\/el-ayuntamiento-de-barcelona-pide-disculpas-a-las-personas-que-sufrieron-violencias-sexuales-en-la-escuela-barcelona-en-un-acto-organizado-por-la-sindicatura\/\" target=\"_blank\" rel=\"noreferrer noopener\">acto de reparaci\u00f3n<\/a> que se realiz\u00f3 en noviembre de 2024.<\/li>\n<\/ul>\n\n\n\n<ul class=\"wp-block-list\">\n<li><strong>Viernes 15: <\/strong>reuni\u00f3n con la alcaldesa de Jamund\u00ed, que tambi\u00e9n particip\u00f3 en el acto de la v\u00edspera. La alcaldesa plante\u00f3 que la Sindicatura lidere un proyecto, en el que tambi\u00e9n participar\u00edan la Personer\u00eda de Jamund\u00ed, la Universidad Icesis y la Universidad de Barcelona, para realizar un acompa\u00f1amiento, vinculado a la justicia restaurativa, a las mujeres campesinas de la zona v\u00edctimas del conflicto armado que durante d\u00e9cadas ha sufrido Colombia.<\/li>\n<\/ul>\n\n\n\n<ul class=\"wp-block-list\">\n<li><strong>Martes 19 de agosto, sede de la Personer\u00eda de Derechos Humanos de Bogot\u00e1:<\/strong> intervenci\u00f3n en la ponencia principal sobre la funci\u00f3n de los acuerdos internacionales en el fortalecimiento de la cooperaci\u00f3n entre las defensor\u00edas locales, incidiendo en los aspectos m\u00e1s innovadores de la labor de la Sindicatura de los \u00faltimos cuatro a\u00f1os. Posteriormente, en una mesa redonda, se plantearon retos de afectaci\u00f3n com\u00fan, para los que se pueden buscar soluciones colaborativas: por ejemplo, los desaf\u00edos que supone la Inteligencia Artificial para las defensor\u00edas. A este respecto, se expuso el contenido del <a href=\"https:\/\/www.sindicaturabarcelona.cat\/es\/informacion-mas-accesible-para-una-democracia-mas-inclusiva-con-ayuda-de-la-ia-el-objetivo-de-un-nuevo-proyecto-europeo-en-el-que-participa-la-sindicatura\/\" target=\"_blank\" rel=\"noreferrer noopener\">proyecto europeo iDEM<\/a>, en el que participa la Sindicatura. Puedes ver la <a href=\"https:\/\/www.youtube.com\/watch?v=Ud43cEZHjns\" target=\"_blank\" rel=\"noreferrer noopener\">intervenci\u00f3n entera en este v\u00eddeo<\/a> (a partir del minuto 25:30). <\/li>\n<\/ul>\n\n\n\n<ul class=\"wp-block-list\">\n<li><strong>Mi\u00e9rcoles 20 de agosto, sede de la Defensor\u00eda del Pueblo de Colombia:<\/strong> conferencia sobre la importancia del derecho a la ciudad, con apuntes sobre el caso de Barcelona. La Sindicatura pudo conocer las primeras aproximaciones que se est\u00e1n haciendo de este derecho en Colombia. Se estableci\u00f3 un acuerdo para establecer una estrategia para dar a conocer de manera m\u00e1s efectiva la existencia y la labor de las defensor\u00edas a la ciudadan\u00eda extranjera que reside en los respectivos territorios, mediante diferentes delegaciones consulares.<\/li>\n<\/ul>\n\n\n\n<p>Seg\u00fan Bondia, \u00ab<strong>la valoraci\u00f3n final ha sido muy positiva<\/strong>, ya que todos <strong>los actos han sido provechosos<\/strong> para intercambiar buenas pr\u00e1cticas, y hemos planificado futuros proyectos conjuntos entre la Sindicatura y las defensor\u00edas de derechos colombianas con las que hemos hablado. Tambi\u00e9n hemos podido proyectar nuestro rol y el de AGOL como actores indispensables en la construcci\u00f3n y la consolidaci\u00f3n\u00bb.<\/p>\n","protected":false},"excerpt":{"rendered":"<p>Entre el 11 y el 20 de agosto, el s\u00edndic de greuges de Barcelona, \u200b\u200bDavid Bondia, particip\u00f3 en conferencias y ponencias en varias ciudades del pa\u00eds, adem\u00e1s de reuniones con [&hellip;]<\/p>\n","protected":false},"author":2,"featured_media":38872,"comment_status":"closed","ping_status":"closed","sticky":false,"template":"","format":"standard","meta":{"_acf_changed":false,"footnotes":""},"tags":[],"drets":[1475,1476,1575,1579,1578,1576,1580,1577,1581,1582,1583,1477,1591,1514,1592,1593,1594,1595,1596,1586,1588,1587,1589,1584,1585,1648,1664,1669,1567,1571,1572,1570,1573,1568,1574,1569],"class_list":["post-38942","post","type-post","status-publish","format-standard","has-post-thumbnail","hentry","drets-ciudad-equitativa","drets-derecho-a-los-servicios-de-proteccion-social","drets-derecho-a-la-educacion-y-al-ocio","drets-derecho-a-la-salud","drets-derechos-culturales","drets-derecho-al-deporte","drets-derecho-al-trabajo","drets-derecho-a-la-vivienda","drets-derechos-de-acogida","drets-derecho-a-una-vida-libre-de-violencias","drets-ciudad-garantista","drets-ciudad-habitable-y-sostenible","drets-derecho-a-un-urbanismo-harmonioso","drets-derecho-a-una-convivencia-pacifica","drets-derecho-al-medio-ambiente","drets-derecho-a-la-movilidad","drets-derecho-al-espacio-publico","drets-derecho-a-la-accesibilidad-y-la-inclusividad","drets-derecho-al-descanso","drets-derecho-a-una-buena-administracion","drets-derechos-digitales","drets-derechos-de-las-personas-consumidoras","drets-derechos-funerarios","drets-derecho-a-la-seguridad-ciudadana","drets-derecho-al-empadronamiento","drets-derecho-a-la-informacion","drets-dret-a-la-memoria-democratica-es","drets-derecho-a-la-integridad","drets-ciudad-diversa","drets-derechos-de-la-infancia-y-la-adolescencia","drets-derechos-de-la-juventud","drets-derechos-de-la-gente-mayor","drets-derechos-de-participacion","drets-derecho-a-la-igualdad-y-a-la-diversidad","drets-derechos-linguisticos","drets-derecho-a-los-cuidados"],"acf":[],"yoast_head":"<!-- This site is optimized with the Yoast SEO plugin v27.5 - https:\/\/yoast.com\/product\/yoast-seo-wordpress\/ -->\n<title>Intercambio de buenas pr\u00e1cticas y planificaci\u00f3n de futuros proyectos conjuntos: los avances despu\u00e9s de las intervenciones de la Sindicatura en Colombia - Sindicatura de Greuges de Barcelona<\/title>\n<meta name=\"robots\" content=\"index, follow, max-snippet:-1, max-image-preview:large, max-video-preview:-1\" \/>\n<link rel=\"canonical\" href=\"https:\/\/www.sindicaturabarcelona.cat\/es\/intercanvi-de-bones-practiques-i-planificacio-de-futurs-projectes-conjunts-els-avencos-despres-de-les-intervencions-de-la-sindicatura-a-colombia\/\" \/>\n<meta property=\"og:locale\" content=\"es_ES\" \/>\n<meta property=\"og:type\" content=\"article\" \/>\n<meta property=\"og:title\" content=\"Intercambio de buenas pr\u00e1cticas y planificaci\u00f3n de futuros proyectos conjuntos: los avances despu\u00e9s de las intervenciones de la Sindicatura en Colombia - Sindicatura de Greuges de Barcelona\" \/>\n<meta property=\"og:description\" content=\"Entre el 11 y el 20 de agosto, el s\u00edndic de greuges de Barcelona, \u200b\u200bDavid Bondia, particip\u00f3 en conferencias y ponencias en varias ciudades del pa\u00eds, adem\u00e1s de reuniones con [&hellip;]\" \/>\n<meta property=\"og:url\" content=\"https:\/\/www.sindicaturabarcelona.cat\/es\/intercanvi-de-bones-practiques-i-planificacio-de-futurs-projectes-conjunts-els-avencos-despres-de-les-intervencions-de-la-sindicatura-a-colombia\/\" \/>\n<meta property=\"og:site_name\" content=\"Sindicatura de Greuges de Barcelona\" \/>\n<meta property=\"article:published_time\" content=\"2025-08-29T09:41:08+00:00\" \/>\n<meta property=\"article:modified_time\" content=\"2025-10-13T05:45:00+00:00\" \/>\n<meta property=\"og:image\" content=\"https:\/\/www.sindicaturabarcelona.cat\/wp-content\/uploads\/IMG_2952-scaled.jpg\" \/>\n\t<meta property=\"og:image:width\" content=\"2560\" \/>\n\t<meta property=\"og:image:height\" content=\"1920\" \/>\n\t<meta property=\"og:image:type\" content=\"image\/jpeg\" \/>\n<meta name=\"author\" content=\"Pablo\" \/>\n<meta name=\"twitter:card\" content=\"summary_large_image\" \/>\n<meta name=\"twitter:creator\" content=\"@sindicbarcelona\" \/>\n<meta name=\"twitter:site\" content=\"@sindicbarcelona\" \/>\n<meta name=\"twitter:label1\" content=\"Escrito por\" \/>\n\t<meta name=\"twitter:data1\" content=\"Pablo\" \/>\n\t<meta name=\"twitter:label2\" content=\"Tiempo de lectura\" \/>\n\t<meta name=\"twitter:data2\" content=\"4 minutos\" \/>\n<script type=\"application\/ld+json\" class=\"yoast-schema-graph\">{\"@context\":\"https:\\\/\\\/schema.org\",\"@graph\":[{\"@type\":\"Article\",\"@id\":\"https:\\\/\\\/www.sindicaturabarcelona.cat\\\/es\\\/intercanvi-de-bones-practiques-i-planificacio-de-futurs-projectes-conjunts-els-avencos-despres-de-les-intervencions-de-la-sindicatura-a-colombia\\\/#article\",\"isPartOf\":{\"@id\":\"https:\\\/\\\/www.sindicaturabarcelona.cat\\\/es\\\/intercanvi-de-bones-practiques-i-planificacio-de-futurs-projectes-conjunts-els-avencos-despres-de-les-intervencions-de-la-sindicatura-a-colombia\\\/\"},\"author\":{\"name\":\"Pablo\",\"@id\":\"https:\\\/\\\/www.sindicaturabarcelona.cat\\\/es\\\/#\\\/schema\\\/person\\\/0e5acffc350ffdbc97578159322c9452\"},\"headline\":\"Intercambio de buenas pr\u00e1cticas y planificaci\u00f3n de futuros proyectos conjuntos: los avances despu\u00e9s de las intervenciones de la Sindicatura en Colombia\",\"datePublished\":\"2025-08-29T09:41:08+00:00\",\"dateModified\":\"2025-10-13T05:45:00+00:00\",\"mainEntityOfPage\":{\"@id\":\"https:\\\/\\\/www.sindicaturabarcelona.cat\\\/es\\\/intercanvi-de-bones-practiques-i-planificacio-de-futurs-projectes-conjunts-els-avencos-despres-de-les-intervencions-de-la-sindicatura-a-colombia\\\/\"},\"wordCount\":657,\"publisher\":{\"@id\":\"https:\\\/\\\/www.sindicaturabarcelona.cat\\\/es\\\/#organization\"},\"image\":{\"@id\":\"https:\\\/\\\/www.sindicaturabarcelona.cat\\\/es\\\/intercanvi-de-bones-practiques-i-planificacio-de-futurs-projectes-conjunts-els-avencos-despres-de-les-intervencions-de-la-sindicatura-a-colombia\\\/#primaryimage\"},\"thumbnailUrl\":\"https:\\\/\\\/www.sindicaturabarcelona.cat\\\/wp-content\\\/uploads\\\/IMG_2952-scaled.jpg\",\"inLanguage\":\"es\"},{\"@type\":\"WebPage\",\"@id\":\"https:\\\/\\\/www.sindicaturabarcelona.cat\\\/es\\\/intercanvi-de-bones-practiques-i-planificacio-de-futurs-projectes-conjunts-els-avencos-despres-de-les-intervencions-de-la-sindicatura-a-colombia\\\/\",\"url\":\"https:\\\/\\\/www.sindicaturabarcelona.cat\\\/es\\\/intercanvi-de-bones-practiques-i-planificacio-de-futurs-projectes-conjunts-els-avencos-despres-de-les-intervencions-de-la-sindicatura-a-colombia\\\/\",\"name\":\"Intercambio de buenas pr\u00e1cticas y planificaci\u00f3n de futuros proyectos conjuntos: los avances despu\u00e9s de las intervenciones de la Sindicatura en Colombia - Sindicatura de Greuges de Barcelona\",\"isPartOf\":{\"@id\":\"https:\\\/\\\/www.sindicaturabarcelona.cat\\\/es\\\/#website\"},\"primaryImageOfPage\":{\"@id\":\"https:\\\/\\\/www.sindicaturabarcelona.cat\\\/es\\\/intercanvi-de-bones-practiques-i-planificacio-de-futurs-projectes-conjunts-els-avencos-despres-de-les-intervencions-de-la-sindicatura-a-colombia\\\/#primaryimage\"},\"image\":{\"@id\":\"https:\\\/\\\/www.sindicaturabarcelona.cat\\\/es\\\/intercanvi-de-bones-practiques-i-planificacio-de-futurs-projectes-conjunts-els-avencos-despres-de-les-intervencions-de-la-sindicatura-a-colombia\\\/#primaryimage\"},\"thumbnailUrl\":\"https:\\\/\\\/www.sindicaturabarcelona.cat\\\/wp-content\\\/uploads\\\/IMG_2952-scaled.jpg\",\"datePublished\":\"2025-08-29T09:41:08+00:00\",\"dateModified\":\"2025-10-13T05:45:00+00:00\",\"breadcrumb\":{\"@id\":\"https:\\\/\\\/www.sindicaturabarcelona.cat\\\/es\\\/intercanvi-de-bones-practiques-i-planificacio-de-futurs-projectes-conjunts-els-avencos-despres-de-les-intervencions-de-la-sindicatura-a-colombia\\\/#breadcrumb\"},\"inLanguage\":\"es\",\"potentialAction\":[{\"@type\":\"ReadAction\",\"target\":[\"https:\\\/\\\/www.sindicaturabarcelona.cat\\\/es\\\/intercanvi-de-bones-practiques-i-planificacio-de-futurs-projectes-conjunts-els-avencos-despres-de-les-intervencions-de-la-sindicatura-a-colombia\\\/\"]}]},{\"@type\":\"ImageObject\",\"inLanguage\":\"es\",\"@id\":\"https:\\\/\\\/www.sindicaturabarcelona.cat\\\/es\\\/intercanvi-de-bones-practiques-i-planificacio-de-futurs-projectes-conjunts-els-avencos-despres-de-les-intervencions-de-la-sindicatura-a-colombia\\\/#primaryimage\",\"url\":\"https:\\\/\\\/www.sindicaturabarcelona.cat\\\/wp-content\\\/uploads\\\/IMG_2952-scaled.jpg\",\"contentUrl\":\"https:\\\/\\\/www.sindicaturabarcelona.cat\\\/wp-content\\\/uploads\\\/IMG_2952-scaled.jpg\",\"width\":2560,\"height\":1920,\"caption\":\"Confer\u00e8ncia Bogot\u00e0 Col\u00f2mbia 2025\"},{\"@type\":\"BreadcrumbList\",\"@id\":\"https:\\\/\\\/www.sindicaturabarcelona.cat\\\/es\\\/intercanvi-de-bones-practiques-i-planificacio-de-futurs-projectes-conjunts-els-avencos-despres-de-les-intervencions-de-la-sindicatura-a-colombia\\\/#breadcrumb\",\"itemListElement\":[{\"@type\":\"ListItem\",\"position\":1,\"name\":\"Inici\",\"item\":\"https:\\\/\\\/www.sindicaturabarcelona.cat\\\/es\\\/\"},{\"@type\":\"ListItem\",\"position\":2,\"name\":\"Intercambio de buenas pr\u00e1cticas y planificaci\u00f3n de futuros proyectos conjuntos: los avances despu\u00e9s de las intervenciones de la Sindicatura en Colombia\"}]},{\"@type\":\"WebSite\",\"@id\":\"https:\\\/\\\/www.sindicaturabarcelona.cat\\\/es\\\/#website\",\"url\":\"https:\\\/\\\/www.sindicaturabarcelona.cat\\\/es\\\/\",\"name\":\"Sindicatura de Greuges de Barcelona\",\"description\":\"La defensoria dels teus drets\",\"publisher\":{\"@id\":\"https:\\\/\\\/www.sindicaturabarcelona.cat\\\/es\\\/#organization\"},\"potentialAction\":[{\"@type\":\"SearchAction\",\"target\":{\"@type\":\"EntryPoint\",\"urlTemplate\":\"https:\\\/\\\/www.sindicaturabarcelona.cat\\\/es\\\/?s={search_term_string}\"},\"query-input\":{\"@type\":\"PropertyValueSpecification\",\"valueRequired\":true,\"valueName\":\"search_term_string\"}}],\"inLanguage\":\"es\"},{\"@type\":\"Organization\",\"@id\":\"https:\\\/\\\/www.sindicaturabarcelona.cat\\\/es\\\/#organization\",\"name\":\"Sindicatura de Greuges de Barcelona\",\"url\":\"https:\\\/\\\/www.sindicaturabarcelona.cat\\\/es\\\/\",\"logo\":{\"@type\":\"ImageObject\",\"inLanguage\":\"es\",\"@id\":\"https:\\\/\\\/www.sindicaturabarcelona.cat\\\/es\\\/#\\\/schema\\\/logo\\\/image\\\/\",\"url\":\"https:\\\/\\\/www.sindicaturabarcelona.cat\\\/wp-content\\\/uploads\\\/2023\\\/02\\\/logo_sindicatura.svg\",\"contentUrl\":\"https:\\\/\\\/www.sindicaturabarcelona.cat\\\/wp-content\\\/uploads\\\/2023\\\/02\\\/logo_sindicatura.svg\",\"caption\":\"Sindicatura de Greuges de Barcelona\"},\"image\":{\"@id\":\"https:\\\/\\\/www.sindicaturabarcelona.cat\\\/es\\\/#\\\/schema\\\/logo\\\/image\\\/\"},\"sameAs\":[\"https:\\\/\\\/x.com\\\/sindicbarcelona\",\"https:\\\/\\\/www.instagram.com\\\/sindicbarcelona\\\/\",\"https:\\\/\\\/www.tiktok.com\\\/@sindicaturabcn\",\"https:\\\/\\\/t.me\\\/sindicaturabarcelona\"]},{\"@type\":\"Person\",\"@id\":\"https:\\\/\\\/www.sindicaturabarcelona.cat\\\/es\\\/#\\\/schema\\\/person\\\/0e5acffc350ffdbc97578159322c9452\",\"name\":\"Pablo\",\"image\":{\"@type\":\"ImageObject\",\"inLanguage\":\"es\",\"@id\":\"https:\\\/\\\/secure.gravatar.com\\\/avatar\\\/c948169b402ef9492afde705c3dfd5e90e1a6a84ef6840a91124f805a25a480f?s=96&d=mm&r=g\",\"url\":\"https:\\\/\\\/secure.gravatar.com\\\/avatar\\\/c948169b402ef9492afde705c3dfd5e90e1a6a84ef6840a91124f805a25a480f?s=96&d=mm&r=g\",\"contentUrl\":\"https:\\\/\\\/secure.gravatar.com\\\/avatar\\\/c948169b402ef9492afde705c3dfd5e90e1a6a84ef6840a91124f805a25a480f?s=96&d=mm&r=g\",\"caption\":\"Pablo\"},\"url\":\"https:\\\/\\\/www.sindicaturabarcelona.cat\\\/es\\\/author\\\/pablo\\\/\"}]}<\/script>\n<!-- \/ Yoast SEO plugin. -->","yoast_head_json":{"title":"Intercambio de buenas pr\u00e1cticas y planificaci\u00f3n de futuros proyectos conjuntos: los avances despu\u00e9s de las intervenciones de la Sindicatura en Colombia - Sindicatura de Greuges de Barcelona","robots":{"index":"index","follow":"follow","max-snippet":"max-snippet:-1","max-image-preview":"max-image-preview:large","max-video-preview":"max-video-preview:-1"},"canonical":"https:\/\/www.sindicaturabarcelona.cat\/es\/intercanvi-de-bones-practiques-i-planificacio-de-futurs-projectes-conjunts-els-avencos-despres-de-les-intervencions-de-la-sindicatura-a-colombia\/","og_locale":"es_ES","og_type":"article","og_title":"Intercambio de buenas pr\u00e1cticas y planificaci\u00f3n de futuros proyectos conjuntos: los avances despu\u00e9s de las intervenciones de la Sindicatura en Colombia - Sindicatura de Greuges de Barcelona","og_description":"Entre el 11 y el 20 de agosto, el s\u00edndic de greuges de Barcelona, \u200b\u200bDavid Bondia, particip\u00f3 en conferencias y ponencias en varias ciudades del pa\u00eds, adem\u00e1s de reuniones con [&hellip;]","og_url":"https:\/\/www.sindicaturabarcelona.cat\/es\/intercanvi-de-bones-practiques-i-planificacio-de-futurs-projectes-conjunts-els-avencos-despres-de-les-intervencions-de-la-sindicatura-a-colombia\/","og_site_name":"Sindicatura de Greuges de Barcelona","article_published_time":"2025-08-29T09:41:08+00:00","article_modified_time":"2025-10-13T05:45:00+00:00","og_image":[{"width":2560,"height":1920,"url":"https:\/\/www.sindicaturabarcelona.cat\/wp-content\/uploads\/IMG_2952-scaled.jpg","type":"image\/jpeg"}],"author":"Pablo","twitter_card":"summary_large_image","twitter_creator":"@sindicbarcelona","twitter_site":"@sindicbarcelona","twitter_misc":{"Escrito por":"Pablo","Tiempo de lectura":"4 minutos"},"schema":{"@context":"https:\/\/schema.org","@graph":[{"@type":"Article","@id":"https:\/\/www.sindicaturabarcelona.cat\/es\/intercanvi-de-bones-practiques-i-planificacio-de-futurs-projectes-conjunts-els-avencos-despres-de-les-intervencions-de-la-sindicatura-a-colombia\/#article","isPartOf":{"@id":"https:\/\/www.sindicaturabarcelona.cat\/es\/intercanvi-de-bones-practiques-i-planificacio-de-futurs-projectes-conjunts-els-avencos-despres-de-les-intervencions-de-la-sindicatura-a-colombia\/"},"author":{"name":"Pablo","@id":"https:\/\/www.sindicaturabarcelona.cat\/es\/#\/schema\/person\/0e5acffc350ffdbc97578159322c9452"},"headline":"Intercambio de buenas pr\u00e1cticas y planificaci\u00f3n de futuros proyectos conjuntos: los avances despu\u00e9s de las intervenciones de la Sindicatura en Colombia","datePublished":"2025-08-29T09:41:08+00:00","dateModified":"2025-10-13T05:45:00+00:00","mainEntityOfPage":{"@id":"https:\/\/www.sindicaturabarcelona.cat\/es\/intercanvi-de-bones-practiques-i-planificacio-de-futurs-projectes-conjunts-els-avencos-despres-de-les-intervencions-de-la-sindicatura-a-colombia\/"},"wordCount":657,"publisher":{"@id":"https:\/\/www.sindicaturabarcelona.cat\/es\/#organization"},"image":{"@id":"https:\/\/www.sindicaturabarcelona.cat\/es\/intercanvi-de-bones-practiques-i-planificacio-de-futurs-projectes-conjunts-els-avencos-despres-de-les-intervencions-de-la-sindicatura-a-colombia\/#primaryimage"},"thumbnailUrl":"https:\/\/www.sindicaturabarcelona.cat\/wp-content\/uploads\/IMG_2952-scaled.jpg","inLanguage":"es"},{"@type":"WebPage","@id":"https:\/\/www.sindicaturabarcelona.cat\/es\/intercanvi-de-bones-practiques-i-planificacio-de-futurs-projectes-conjunts-els-avencos-despres-de-les-intervencions-de-la-sindicatura-a-colombia\/","url":"https:\/\/www.sindicaturabarcelona.cat\/es\/intercanvi-de-bones-practiques-i-planificacio-de-futurs-projectes-conjunts-els-avencos-despres-de-les-intervencions-de-la-sindicatura-a-colombia\/","name":"Intercambio de buenas pr\u00e1cticas y planificaci\u00f3n de futuros proyectos conjuntos: los avances despu\u00e9s de las intervenciones de la Sindicatura en Colombia - Sindicatura de Greuges de Barcelona","isPartOf":{"@id":"https:\/\/www.sindicaturabarcelona.cat\/es\/#website"},"primaryImageOfPage":{"@id":"https:\/\/www.sindicaturabarcelona.cat\/es\/intercanvi-de-bones-practiques-i-planificacio-de-futurs-projectes-conjunts-els-avencos-despres-de-les-intervencions-de-la-sindicatura-a-colombia\/#primaryimage"},"image":{"@id":"https:\/\/www.sindicaturabarcelona.cat\/es\/intercanvi-de-bones-practiques-i-planificacio-de-futurs-projectes-conjunts-els-avencos-despres-de-les-intervencions-de-la-sindicatura-a-colombia\/#primaryimage"},"thumbnailUrl":"https:\/\/www.sindicaturabarcelona.cat\/wp-content\/uploads\/IMG_2952-scaled.jpg","datePublished":"2025-08-29T09:41:08+00:00","dateModified":"2025-10-13T05:45:00+00:00","breadcrumb":{"@id":"https:\/\/www.sindicaturabarcelona.cat\/es\/intercanvi-de-bones-practiques-i-planificacio-de-futurs-projectes-conjunts-els-avencos-despres-de-les-intervencions-de-la-sindicatura-a-colombia\/#breadcrumb"},"inLanguage":"es","potentialAction":[{"@type":"ReadAction","target":["https:\/\/www.sindicaturabarcelona.cat\/es\/intercanvi-de-bones-practiques-i-planificacio-de-futurs-projectes-conjunts-els-avencos-despres-de-les-intervencions-de-la-sindicatura-a-colombia\/"]}]},{"@type":"ImageObject","inLanguage":"es","@id":"https:\/\/www.sindicaturabarcelona.cat\/es\/intercanvi-de-bones-practiques-i-planificacio-de-futurs-projectes-conjunts-els-avencos-despres-de-les-intervencions-de-la-sindicatura-a-colombia\/#primaryimage","url":"https:\/\/www.sindicaturabarcelona.cat\/wp-content\/uploads\/IMG_2952-scaled.jpg","contentUrl":"https:\/\/www.sindicaturabarcelona.cat\/wp-content\/uploads\/IMG_2952-scaled.jpg","width":2560,"height":1920,"caption":"Confer\u00e8ncia Bogot\u00e0 Col\u00f2mbia 2025"},{"@type":"BreadcrumbList","@id":"https:\/\/www.sindicaturabarcelona.cat\/es\/intercanvi-de-bones-practiques-i-planificacio-de-futurs-projectes-conjunts-els-avencos-despres-de-les-intervencions-de-la-sindicatura-a-colombia\/#breadcrumb","itemListElement":[{"@type":"ListItem","position":1,"name":"Inici","item":"https:\/\/www.sindicaturabarcelona.cat\/es\/"},{"@type":"ListItem","position":2,"name":"Intercambio de buenas pr\u00e1cticas y planificaci\u00f3n de futuros proyectos conjuntos: los avances despu\u00e9s de las intervenciones de la Sindicatura en Colombia"}]},{"@type":"WebSite","@id":"https:\/\/www.sindicaturabarcelona.cat\/es\/#website","url":"https:\/\/www.sindicaturabarcelona.cat\/es\/","name":"Sindicatura de Greuges de Barcelona","description":"La defensoria dels teus drets","publisher":{"@id":"https:\/\/www.sindicaturabarcelona.cat\/es\/#organization"},"potentialAction":[{"@type":"SearchAction","target":{"@type":"EntryPoint","urlTemplate":"https:\/\/www.sindicaturabarcelona.cat\/es\/?s={search_term_string}"},"query-input":{"@type":"PropertyValueSpecification","valueRequired":true,"valueName":"search_term_string"}}],"inLanguage":"es"},{"@type":"Organization","@id":"https:\/\/www.sindicaturabarcelona.cat\/es\/#organization","name":"Sindicatura de Greuges de Barcelona","url":"https:\/\/www.sindicaturabarcelona.cat\/es\/","logo":{"@type":"ImageObject","inLanguage":"es","@id":"https:\/\/www.sindicaturabarcelona.cat\/es\/#\/schema\/logo\/image\/","url":"https:\/\/www.sindicaturabarcelona.cat\/wp-content\/uploads\/2023\/02\/logo_sindicatura.svg","contentUrl":"https:\/\/www.sindicaturabarcelona.cat\/wp-content\/uploads\/2023\/02\/logo_sindicatura.svg","caption":"Sindicatura de Greuges de Barcelona"},"image":{"@id":"https:\/\/www.sindicaturabarcelona.cat\/es\/#\/schema\/logo\/image\/"},"sameAs":["https:\/\/x.com\/sindicbarcelona","https:\/\/www.instagram.com\/sindicbarcelona\/","https:\/\/www.tiktok.com\/@sindicaturabcn","https:\/\/t.me\/sindicaturabarcelona"]},{"@type":"Person","@id":"https:\/\/www.sindicaturabarcelona.cat\/es\/#\/schema\/person\/0e5acffc350ffdbc97578159322c9452","name":"Pablo","image":{"@type":"ImageObject","inLanguage":"es","@id":"https:\/\/secure.gravatar.com\/avatar\/c948169b402ef9492afde705c3dfd5e90e1a6a84ef6840a91124f805a25a480f?s=96&d=mm&r=g","url":"https:\/\/secure.gravatar.com\/avatar\/c948169b402ef9492afde705c3dfd5e90e1a6a84ef6840a91124f805a25a480f?s=96&d=mm&r=g","contentUrl":"https:\/\/secure.gravatar.com\/avatar\/c948169b402ef9492afde705c3dfd5e90e1a6a84ef6840a91124f805a25a480f?s=96&d=mm&r=g","caption":"Pablo"},"url":"https:\/\/www.sindicaturabarcelona.cat\/es\/author\/pablo\/"}]}},"_links":{"self":[{"href":"https:\/\/www.sindicaturabarcelona.cat\/es\/wp-json\/wp\/v2\/posts\/38942","targetHints":{"allow":["GET"]}}],"collection":[{"href":"https:\/\/www.sindicaturabarcelona.cat\/es\/wp-json\/wp\/v2\/posts"}],"about":[{"href":"https:\/\/www.sindicaturabarcelona.cat\/es\/wp-json\/wp\/v2\/types\/post"}],"author":[{"embeddable":true,"href":"https:\/\/www.sindicaturabarcelona.cat\/es\/wp-json\/wp\/v2\/users\/2"}],"replies":[{"embeddable":true,"href":"https:\/\/www.sindicaturabarcelona.cat\/es\/wp-json\/wp\/v2\/comments?post=38942"}],"version-history":[{"count":17,"href":"https:\/\/www.sindicaturabarcelona.cat\/es\/wp-json\/wp\/v2\/posts\/38942\/revisions"}],"predecessor-version":[{"id":39734,"href":"https:\/\/www.sindicaturabarcelona.cat\/es\/wp-json\/wp\/v2\/posts\/38942\/revisions\/39734"}],"wp:featuredmedia":[{"embeddable":true,"href":"https:\/\/www.sindicaturabarcelona.cat\/es\/wp-json\/wp\/v2\/media\/38872"}],"wp:attachment":[{"href":"https:\/\/www.sindicaturabarcelona.cat\/es\/wp-json\/wp\/v2\/media?parent=38942"}],"wp:term":[{"taxonomy":"post_tag","embeddable":true,"href":"https:\/\/www.sindicaturabarcelona.cat\/es\/wp-json\/wp\/v2\/tags?post=38942"},{"taxonomy":"drets","embeddable":true,"href":"https:\/\/www.sindicaturabarcelona.cat\/es\/wp-json\/wp\/v2\/drets?post=38942"}],"curies":[{"name":"wp","href":"https:\/\/api.w.org\/{rel}","templated":true}]}}