{"id":38476,"date":"2025-08-08T09:01:47","date_gmt":"2025-08-08T07:01:47","guid":{"rendered":"https:\/\/www.sindicaturabarcelona.cat\/?p=38476"},"modified":"2025-08-14T14:15:15","modified_gmt":"2025-08-14T12:15:15","slug":"el-sindic-de-greuges-de-barcelona-y-presidente-de-agol-david-bondia-intervendra-en-diversos-actos-en-colombia-sobre-derechos-humanos-de-proximidad","status":"publish","type":"post","link":"https:\/\/www.sindicaturabarcelona.cat\/es\/el-sindic-de-greuges-de-barcelona-y-presidente-de-agol-david-bondia-intervendra-en-diversos-actos-en-colombia-sobre-derechos-humanos-de-proximidad\/","title":{"rendered":"El s\u00edndic intervendr\u00e1 en diversos actos en Colombia sobre derechos humanos de proximidad"},"content":{"rendered":"\n<p>Concretamente, <strong>David Bondia<\/strong> llevar\u00e1 a cabo cuatro intervenciones a lo largo de dos semanas de agosto:<\/p>\n\n\n\n<ul class=\"wp-block-list\">\n<li><strong>Mi\u00e9rcoles 13: Conferencia magistral \u00abLa revoluci\u00f3n de los derechos humanos emergentes\u00bb<\/strong>. Posteriormente habr\u00e1 una sesi\u00f3n de preguntas abierta al p\u00fablico. El acto se inscribe en la especializaci\u00f3n en derechos humanos y derecho internacional humanitario de la Universidad Sergio Arboleda, donde se llevar\u00e1 a cabo (en la sede de Barranquilla), a las 10:00 h (hora local).<\/li>\n<\/ul>\n\n\n\n<ul class=\"wp-block-list\">\n<li><strong>Jueves 14: <\/strong>Ponencia en la<strong> mesa redonda \u201cSembrar Justicia, Cultivar Territorios: Nuevas Rutas para la Reparaci\u00f3n Social\u201d<\/strong>, sobre el valor de la justicia local, cercana y transformadora, y el v\u00ednculo con los desaf\u00edos contempor\u00e1neos de los territorios en materia de justicia restaurativa, cohesi\u00f3n social y participaci\u00f3n ciudadana. En la Universidad Icesi (Cali), coorganizado con la <a href=\"https:\/\/personeriadebarranquilla.gov.co\/\" target=\"_blank\" rel=\"noreferrer noopener\">Personer\u00eda de Jamund\u00ed<\/a>, a las 8:00 h (hora local).<\/li>\n<\/ul>\n\n\n\n<ul class=\"wp-block-list\">\n<li><strong>Martes 19:<\/strong> Ponencia principal en el \u201c<strong><strong>Conversatorio sobre la funci\u00f3n de los acuerdos internacionales en el fortalecimiento de la cooperaci\u00f3n entre las defensor\u00edas locales en sus acciones en defensa de derechos humanos y proximidad y medioambientales<\/strong>\u00ab<\/strong>, organizado por la Personer\u00eda de Derechos Humanos de Bogot\u00e1. En la sede de la Personer\u00eda, a las 9.00 (hora local).<\/li>\n<\/ul>\n\n\n\n<ul class=\"wp-block-list\">\n<li><strong>Mi\u00e9rcoles 20: Conferencia \u201cLa importancia del derecho a la ciudad: apuntes sobre el caso de Barcelona\u201d<\/strong>, sobre las garant\u00edas de los derechos ciudadanos y experiencias de la sindicatura que puedan replicarse en el contexto colombiano. A continuaci\u00f3n, habr\u00e1 una mesa redonda con otros acad\u00e9micos. En el auditorio de la sede nacional de la <a href=\"https:\/\/www.defensoria.gov.co\/\" target=\"_blank\" rel=\"noreferrer noopener\">Defensor\u00eda del Pueblo de Colombia<\/a>, en Bogot\u00e1, a las 9:00 h (hora local).<\/li>\n<\/ul>\n\n\n\n<p>Durante la estancia, tambi\u00e9n mantendr\u00e1 <strong>reuniones con personeros<\/strong> (figura asimilable al s\u00edndic de greuges), como los de Barranquilla, Jamund\u00ed y Bogot\u00e1, y con el<strong> Defensor del Pueblo de Colombia<\/strong>.<\/p>\n\n\n\n<p>Desde marzo de este a\u00f1o, <a href=\"https:\/\/www.sindicaturabarcelona.cat\/es\/el-sindic-de-greuges-de-barcelona-nou-president-de-lalianza-global-del-ombudsperson-local-agol\/\" target=\"_blank\" rel=\"noreferrer noopener\">Bondia es tambi\u00e9n presidente<\/a> de la Alianza Global del \u00d3mbudsperson Local (<a href=\"https:\/\/agol.es\/\" target=\"_blank\" rel=\"noreferrer noopener\">AGOL<\/a>), que re\u00fane a <strong>m\u00e1s de 100 \u00f3mbudspersons<\/strong>, mediadores y mediadoras y presidentes y presidentes de comisiones de Derechos Humanos <strong>de m\u00e1s de 10 pa\u00edses de todo el mundo<\/strong>. Del comit\u00e9 directivo de esta alianza forman parte tambi\u00e9n dos personas defensoras colombianas, Miguel \u00c1ngel Alzate, <a href=\"https:\/\/personeriadebarranquilla.gov.co\/\" target=\"_blank\" rel=\"noreferrer noopener\">Personero del Distrito de Barranquilla<\/a> (que participar\u00e1 en el acto del d\u00eda 13), y Martha Isabel Guti\u00e9rrez, Personera Municipal de Jamund\u00ed (que organiza el acto del d\u00eda 14).<\/p>\n\n\n\n<h2 class=\"wp-block-heading\">La Sindicatura, un referente internacional<\/h2>\n\n\n\n<p>\u00c9sta <strong>es la segunda vez que la Sindicatura de Greuges de Barcelona lleva a cabo conferencias en Colombia<\/strong>. En verano de 2023, realiz\u00f3 la intervenci\u00f3n inaugural del <a href=\"https:\/\/www.sindicaturabarcelona.cat\/es\/el-sindic-participa-en-el-congreso-internacional-de-la-personeria-de-bogota-sobre-derechos-humanos-emergentes\/\" target=\"_blank\" rel=\"noreferrer noopener\">I Congreso Internacional sobre Derechos Humanos Emergentes<\/a>, en Bogot\u00e1.<\/p>\n\n\n\n<p>Durante el mandato actual, la defensor\u00eda de la ciudad ha visitado tambi\u00e9n <a href=\"https:\/\/www.sindicaturabarcelona.cat\/es\/el-sindic-de-greuges-de-barcelona-david-bondia-ha-viatjat-a-luruguai-per-exposar-el-model-de-la-sindicatura-de-greuges-de-barcelona\/\" target=\"_blank\" rel=\"noreferrer noopener\">Uruguay<\/a>, M\u00e9xico, El Salvador, Argentina, B\u00e9lgica e <a href=\"https:\/\/www.sindicaturabarcelona.cat\/es\/la-sindicatura-de-greuges-de-barcelona-participa-en-la-international-conference-of-ombudsman\/\" target=\"_blank\" rel=\"noreferrer noopener\">Italia<\/a>, donde <strong>el proyecto de la Sindicatura ha generado mucho inter\u00e9s<\/strong>. Adem\u00e1s de AGOL, la Sindicatura tambi\u00e9n participa en otra instituci\u00f3n global, el <a href=\"https:\/\/www.theioi.org\/es\/noticias\/noticias-de-actualidad\" target=\"_blank\" rel=\"noreferrer noopener\">International Ombudsman Institute<\/a>.<\/p>\n\n\n\n<p><\/p>\n","protected":false},"excerpt":{"rendered":"<p>Concretamente, David Bondia llevar\u00e1 a cabo cuatro intervenciones a lo largo de dos semanas de agosto: Durante la estancia, tambi\u00e9n mantendr\u00e1 reuniones con personeros (figura asimilable al s\u00edndic de greuges), [&hellip;]<\/p>\n","protected":false},"author":2,"featured_media":38426,"comment_status":"closed","ping_status":"closed","sticky":false,"template":"","format":"standard","meta":{"_acf_changed":false,"footnotes":""},"tags":[],"drets":[1475,1476,1575,1579,1578,1576,1580,1577,1581,1582,1583,1477,1591,1514,1592,1593,1594,1595,1596,1590,1586,1588,1587,1589,1584,1585,1648,1664,1669,1567,1571,1572,1570,1573,1568,1574,1569],"class_list":["post-38476","post","type-post","status-publish","format-standard","has-post-thumbnail","hentry","drets-ciudad-equitativa","drets-derecho-a-los-servicios-de-proteccion-social","drets-derecho-a-la-educacion-y-al-ocio","drets-derecho-a-la-salud","drets-derechos-culturales","drets-derecho-al-deporte","drets-derecho-al-trabajo","drets-derecho-a-la-vivienda","drets-derechos-de-acogida","drets-derecho-a-una-vida-libre-de-violencias","drets-ciudad-garantista","drets-ciudad-habitable-y-sostenible","drets-derecho-a-un-urbanismo-harmonioso","drets-derecho-a-una-convivencia-pacifica","drets-derecho-al-medio-ambiente","drets-derecho-a-la-movilidad","drets-derecho-al-espacio-publico","drets-derecho-a-la-accesibilidad-y-la-inclusividad","drets-derecho-al-descanso","drets-derecho-al-bienestar-animal","drets-derecho-a-una-buena-administracion","drets-derechos-digitales","drets-derechos-de-las-personas-consumidoras","drets-derechos-funerarios","drets-derecho-a-la-seguridad-ciudadana","drets-derecho-al-empadronamiento","drets-derecho-a-la-informacion","drets-dret-a-la-memoria-democratica-es","drets-derecho-a-la-integridad","drets-ciudad-diversa","drets-derechos-de-la-infancia-y-la-adolescencia","drets-derechos-de-la-juventud","drets-derechos-de-la-gente-mayor","drets-derechos-de-participacion","drets-derecho-a-la-igualdad-y-a-la-diversidad","drets-derechos-linguisticos","drets-derecho-a-los-cuidados"],"acf":[],"yoast_head":"<!-- This site is optimized with the Yoast SEO plugin v27.5 - https:\/\/yoast.com\/product\/yoast-seo-wordpress\/ -->\n<title>El s\u00edndic intervendr\u00e1 en diversos actos en Colombia sobre derechos humanos de proximidad - Sindicatura de Greuges de Barcelona<\/title>\n<meta name=\"description\" content=\"David Bondia llevar\u00e1 a cabo cuatro intervenciones a lo largo de dos semanas de agosto en Barranquilla, Cali i Bogot\u00e1.\" \/>\n<meta name=\"robots\" content=\"index, follow, max-snippet:-1, max-image-preview:large, max-video-preview:-1\" \/>\n<link rel=\"canonical\" href=\"https:\/\/www.sindicaturabarcelona.cat\/es\/el-sindic-de-greuges-de-barcelona-y-presidente-de-agol-david-bondia-intervendra-en-diversos-actos-en-colombia-sobre-derechos-humanos-de-proximidad\/\" \/>\n<meta property=\"og:locale\" content=\"es_ES\" \/>\n<meta property=\"og:type\" content=\"article\" \/>\n<meta property=\"og:title\" content=\"El s\u00edndic intervendr\u00e1 en diversos actos en Colombia sobre derechos humanos de proximidad - Sindicatura de Greuges de Barcelona\" \/>\n<meta property=\"og:description\" content=\"David Bondia llevar\u00e1 a cabo cuatro intervenciones a lo largo de dos semanas de agosto en Barranquilla, Cali i Bogot\u00e1.\" \/>\n<meta property=\"og:url\" content=\"https:\/\/www.sindicaturabarcelona.cat\/es\/el-sindic-de-greuges-de-barcelona-y-presidente-de-agol-david-bondia-intervendra-en-diversos-actos-en-colombia-sobre-derechos-humanos-de-proximidad\/\" \/>\n<meta property=\"og:site_name\" content=\"Sindicatura de Greuges de Barcelona\" \/>\n<meta property=\"article:published_time\" content=\"2025-08-08T07:01:47+00:00\" \/>\n<meta property=\"article:modified_time\" content=\"2025-08-14T12:15:15+00:00\" \/>\n<meta property=\"og:image\" content=\"https:\/\/www.sindicaturabarcelona.cat\/wp-content\/uploads\/6-1-scaled.jpg\" \/>\n\t<meta property=\"og:image:width\" content=\"2560\" \/>\n\t<meta property=\"og:image:height\" content=\"1707\" \/>\n\t<meta property=\"og:image:type\" content=\"image\/jpeg\" \/>\n<meta name=\"author\" content=\"Pablo\" \/>\n<meta name=\"twitter:card\" content=\"summary_large_image\" \/>\n<meta name=\"twitter:creator\" content=\"@sindicbarcelona\" \/>\n<meta name=\"twitter:site\" content=\"@sindicbarcelona\" \/>\n<meta name=\"twitter:label1\" content=\"Escrito por\" \/>\n\t<meta name=\"twitter:data1\" content=\"Pablo\" \/>\n\t<meta name=\"twitter:label2\" content=\"Tiempo de lectura\" \/>\n\t<meta name=\"twitter:data2\" content=\"3 minutos\" \/>\n<script type=\"application\/ld+json\" class=\"yoast-schema-graph\">{\"@context\":\"https:\\\/\\\/schema.org\",\"@graph\":[{\"@type\":\"Article\",\"@id\":\"https:\\\/\\\/www.sindicaturabarcelona.cat\\\/es\\\/el-sindic-de-greuges-de-barcelona-y-presidente-de-agol-david-bondia-intervendra-en-diversos-actos-en-colombia-sobre-derechos-humanos-de-proximidad\\\/#article\",\"isPartOf\":{\"@id\":\"https:\\\/\\\/www.sindicaturabarcelona.cat\\\/es\\\/el-sindic-de-greuges-de-barcelona-y-presidente-de-agol-david-bondia-intervendra-en-diversos-actos-en-colombia-sobre-derechos-humanos-de-proximidad\\\/\"},\"author\":{\"name\":\"Pablo\",\"@id\":\"https:\\\/\\\/www.sindicaturabarcelona.cat\\\/es\\\/#\\\/schema\\\/person\\\/0e5acffc350ffdbc97578159322c9452\"},\"headline\":\"El s\u00edndic intervendr\u00e1 en diversos actos en Colombia sobre derechos humanos de proximidad\",\"datePublished\":\"2025-08-08T07:01:47+00:00\",\"dateModified\":\"2025-08-14T12:15:15+00:00\",\"mainEntityOfPage\":{\"@id\":\"https:\\\/\\\/www.sindicaturabarcelona.cat\\\/es\\\/el-sindic-de-greuges-de-barcelona-y-presidente-de-agol-david-bondia-intervendra-en-diversos-actos-en-colombia-sobre-derechos-humanos-de-proximidad\\\/\"},\"wordCount\":505,\"publisher\":{\"@id\":\"https:\\\/\\\/www.sindicaturabarcelona.cat\\\/es\\\/#organization\"},\"image\":{\"@id\":\"https:\\\/\\\/www.sindicaturabarcelona.cat\\\/es\\\/el-sindic-de-greuges-de-barcelona-y-presidente-de-agol-david-bondia-intervendra-en-diversos-actos-en-colombia-sobre-derechos-humanos-de-proximidad\\\/#primaryimage\"},\"thumbnailUrl\":\"https:\\\/\\\/www.sindicaturabarcelona.cat\\\/wp-content\\\/uploads\\\/6-1-scaled.jpg\",\"inLanguage\":\"es\"},{\"@type\":\"WebPage\",\"@id\":\"https:\\\/\\\/www.sindicaturabarcelona.cat\\\/es\\\/el-sindic-de-greuges-de-barcelona-y-presidente-de-agol-david-bondia-intervendra-en-diversos-actos-en-colombia-sobre-derechos-humanos-de-proximidad\\\/\",\"url\":\"https:\\\/\\\/www.sindicaturabarcelona.cat\\\/es\\\/el-sindic-de-greuges-de-barcelona-y-presidente-de-agol-david-bondia-intervendra-en-diversos-actos-en-colombia-sobre-derechos-humanos-de-proximidad\\\/\",\"name\":\"El s\u00edndic intervendr\u00e1 en diversos actos en Colombia sobre derechos humanos de proximidad - Sindicatura de Greuges de Barcelona\",\"isPartOf\":{\"@id\":\"https:\\\/\\\/www.sindicaturabarcelona.cat\\\/es\\\/#website\"},\"primaryImageOfPage\":{\"@id\":\"https:\\\/\\\/www.sindicaturabarcelona.cat\\\/es\\\/el-sindic-de-greuges-de-barcelona-y-presidente-de-agol-david-bondia-intervendra-en-diversos-actos-en-colombia-sobre-derechos-humanos-de-proximidad\\\/#primaryimage\"},\"image\":{\"@id\":\"https:\\\/\\\/www.sindicaturabarcelona.cat\\\/es\\\/el-sindic-de-greuges-de-barcelona-y-presidente-de-agol-david-bondia-intervendra-en-diversos-actos-en-colombia-sobre-derechos-humanos-de-proximidad\\\/#primaryimage\"},\"thumbnailUrl\":\"https:\\\/\\\/www.sindicaturabarcelona.cat\\\/wp-content\\\/uploads\\\/6-1-scaled.jpg\",\"datePublished\":\"2025-08-08T07:01:47+00:00\",\"dateModified\":\"2025-08-14T12:15:15+00:00\",\"description\":\"David Bondia llevar\u00e1 a cabo cuatro intervenciones a lo largo de dos semanas de agosto en Barranquilla, Cali i Bogot\u00e1.\",\"breadcrumb\":{\"@id\":\"https:\\\/\\\/www.sindicaturabarcelona.cat\\\/es\\\/el-sindic-de-greuges-de-barcelona-y-presidente-de-agol-david-bondia-intervendra-en-diversos-actos-en-colombia-sobre-derechos-humanos-de-proximidad\\\/#breadcrumb\"},\"inLanguage\":\"es\",\"potentialAction\":[{\"@type\":\"ReadAction\",\"target\":[\"https:\\\/\\\/www.sindicaturabarcelona.cat\\\/es\\\/el-sindic-de-greuges-de-barcelona-y-presidente-de-agol-david-bondia-intervendra-en-diversos-actos-en-colombia-sobre-derechos-humanos-de-proximidad\\\/\"]}]},{\"@type\":\"ImageObject\",\"inLanguage\":\"es\",\"@id\":\"https:\\\/\\\/www.sindicaturabarcelona.cat\\\/es\\\/el-sindic-de-greuges-de-barcelona-y-presidente-de-agol-david-bondia-intervendra-en-diversos-actos-en-colombia-sobre-derechos-humanos-de-proximidad\\\/#primaryimage\",\"url\":\"https:\\\/\\\/www.sindicaturabarcelona.cat\\\/wp-content\\\/uploads\\\/6-1-scaled.jpg\",\"contentUrl\":\"https:\\\/\\\/www.sindicaturabarcelona.cat\\\/wp-content\\\/uploads\\\/6-1-scaled.jpg\",\"width\":2560,\"height\":1707,\"caption\":\"David Bondia\"},{\"@type\":\"BreadcrumbList\",\"@id\":\"https:\\\/\\\/www.sindicaturabarcelona.cat\\\/es\\\/el-sindic-de-greuges-de-barcelona-y-presidente-de-agol-david-bondia-intervendra-en-diversos-actos-en-colombia-sobre-derechos-humanos-de-proximidad\\\/#breadcrumb\",\"itemListElement\":[{\"@type\":\"ListItem\",\"position\":1,\"name\":\"Inici\",\"item\":\"https:\\\/\\\/www.sindicaturabarcelona.cat\\\/es\\\/\"},{\"@type\":\"ListItem\",\"position\":2,\"name\":\"El s\u00edndic intervendr\u00e1 en diversos actos en Colombia sobre derechos humanos de proximidad\"}]},{\"@type\":\"WebSite\",\"@id\":\"https:\\\/\\\/www.sindicaturabarcelona.cat\\\/es\\\/#website\",\"url\":\"https:\\\/\\\/www.sindicaturabarcelona.cat\\\/es\\\/\",\"name\":\"Sindicatura de Greuges de Barcelona\",\"description\":\"La defensoria dels teus drets\",\"publisher\":{\"@id\":\"https:\\\/\\\/www.sindicaturabarcelona.cat\\\/es\\\/#organization\"},\"potentialAction\":[{\"@type\":\"SearchAction\",\"target\":{\"@type\":\"EntryPoint\",\"urlTemplate\":\"https:\\\/\\\/www.sindicaturabarcelona.cat\\\/es\\\/?s={search_term_string}\"},\"query-input\":{\"@type\":\"PropertyValueSpecification\",\"valueRequired\":true,\"valueName\":\"search_term_string\"}}],\"inLanguage\":\"es\"},{\"@type\":\"Organization\",\"@id\":\"https:\\\/\\\/www.sindicaturabarcelona.cat\\\/es\\\/#organization\",\"name\":\"Sindicatura de Greuges de Barcelona\",\"url\":\"https:\\\/\\\/www.sindicaturabarcelona.cat\\\/es\\\/\",\"logo\":{\"@type\":\"ImageObject\",\"inLanguage\":\"es\",\"@id\":\"https:\\\/\\\/www.sindicaturabarcelona.cat\\\/es\\\/#\\\/schema\\\/logo\\\/image\\\/\",\"url\":\"https:\\\/\\\/www.sindicaturabarcelona.cat\\\/wp-content\\\/uploads\\\/2023\\\/02\\\/logo_sindicatura.svg\",\"contentUrl\":\"https:\\\/\\\/www.sindicaturabarcelona.cat\\\/wp-content\\\/uploads\\\/2023\\\/02\\\/logo_sindicatura.svg\",\"caption\":\"Sindicatura de Greuges de Barcelona\"},\"image\":{\"@id\":\"https:\\\/\\\/www.sindicaturabarcelona.cat\\\/es\\\/#\\\/schema\\\/logo\\\/image\\\/\"},\"sameAs\":[\"https:\\\/\\\/x.com\\\/sindicbarcelona\",\"https:\\\/\\\/www.instagram.com\\\/sindicbarcelona\\\/\",\"https:\\\/\\\/www.tiktok.com\\\/@sindicaturabcn\",\"https:\\\/\\\/t.me\\\/sindicaturabarcelona\"]},{\"@type\":\"Person\",\"@id\":\"https:\\\/\\\/www.sindicaturabarcelona.cat\\\/es\\\/#\\\/schema\\\/person\\\/0e5acffc350ffdbc97578159322c9452\",\"name\":\"Pablo\",\"image\":{\"@type\":\"ImageObject\",\"inLanguage\":\"es\",\"@id\":\"https:\\\/\\\/secure.gravatar.com\\\/avatar\\\/c948169b402ef9492afde705c3dfd5e90e1a6a84ef6840a91124f805a25a480f?s=96&d=mm&r=g\",\"url\":\"https:\\\/\\\/secure.gravatar.com\\\/avatar\\\/c948169b402ef9492afde705c3dfd5e90e1a6a84ef6840a91124f805a25a480f?s=96&d=mm&r=g\",\"contentUrl\":\"https:\\\/\\\/secure.gravatar.com\\\/avatar\\\/c948169b402ef9492afde705c3dfd5e90e1a6a84ef6840a91124f805a25a480f?s=96&d=mm&r=g\",\"caption\":\"Pablo\"},\"url\":\"https:\\\/\\\/www.sindicaturabarcelona.cat\\\/es\\\/author\\\/pablo\\\/\"}]}<\/script>\n<!-- \/ Yoast SEO plugin. -->","yoast_head_json":{"title":"El s\u00edndic intervendr\u00e1 en diversos actos en Colombia sobre derechos humanos de proximidad - Sindicatura de Greuges de Barcelona","description":"David Bondia llevar\u00e1 a cabo cuatro intervenciones a lo largo de dos semanas de agosto en Barranquilla, Cali i Bogot\u00e1.","robots":{"index":"index","follow":"follow","max-snippet":"max-snippet:-1","max-image-preview":"max-image-preview:large","max-video-preview":"max-video-preview:-1"},"canonical":"https:\/\/www.sindicaturabarcelona.cat\/es\/el-sindic-de-greuges-de-barcelona-y-presidente-de-agol-david-bondia-intervendra-en-diversos-actos-en-colombia-sobre-derechos-humanos-de-proximidad\/","og_locale":"es_ES","og_type":"article","og_title":"El s\u00edndic intervendr\u00e1 en diversos actos en Colombia sobre derechos humanos de proximidad - Sindicatura de Greuges de Barcelona","og_description":"David Bondia llevar\u00e1 a cabo cuatro intervenciones a lo largo de dos semanas de agosto en Barranquilla, Cali i Bogot\u00e1.","og_url":"https:\/\/www.sindicaturabarcelona.cat\/es\/el-sindic-de-greuges-de-barcelona-y-presidente-de-agol-david-bondia-intervendra-en-diversos-actos-en-colombia-sobre-derechos-humanos-de-proximidad\/","og_site_name":"Sindicatura de Greuges de Barcelona","article_published_time":"2025-08-08T07:01:47+00:00","article_modified_time":"2025-08-14T12:15:15+00:00","og_image":[{"width":2560,"height":1707,"url":"https:\/\/www.sindicaturabarcelona.cat\/wp-content\/uploads\/6-1-scaled.jpg","type":"image\/jpeg"}],"author":"Pablo","twitter_card":"summary_large_image","twitter_creator":"@sindicbarcelona","twitter_site":"@sindicbarcelona","twitter_misc":{"Escrito por":"Pablo","Tiempo de lectura":"3 minutos"},"schema":{"@context":"https:\/\/schema.org","@graph":[{"@type":"Article","@id":"https:\/\/www.sindicaturabarcelona.cat\/es\/el-sindic-de-greuges-de-barcelona-y-presidente-de-agol-david-bondia-intervendra-en-diversos-actos-en-colombia-sobre-derechos-humanos-de-proximidad\/#article","isPartOf":{"@id":"https:\/\/www.sindicaturabarcelona.cat\/es\/el-sindic-de-greuges-de-barcelona-y-presidente-de-agol-david-bondia-intervendra-en-diversos-actos-en-colombia-sobre-derechos-humanos-de-proximidad\/"},"author":{"name":"Pablo","@id":"https:\/\/www.sindicaturabarcelona.cat\/es\/#\/schema\/person\/0e5acffc350ffdbc97578159322c9452"},"headline":"El s\u00edndic intervendr\u00e1 en diversos actos en Colombia sobre derechos humanos de proximidad","datePublished":"2025-08-08T07:01:47+00:00","dateModified":"2025-08-14T12:15:15+00:00","mainEntityOfPage":{"@id":"https:\/\/www.sindicaturabarcelona.cat\/es\/el-sindic-de-greuges-de-barcelona-y-presidente-de-agol-david-bondia-intervendra-en-diversos-actos-en-colombia-sobre-derechos-humanos-de-proximidad\/"},"wordCount":505,"publisher":{"@id":"https:\/\/www.sindicaturabarcelona.cat\/es\/#organization"},"image":{"@id":"https:\/\/www.sindicaturabarcelona.cat\/es\/el-sindic-de-greuges-de-barcelona-y-presidente-de-agol-david-bondia-intervendra-en-diversos-actos-en-colombia-sobre-derechos-humanos-de-proximidad\/#primaryimage"},"thumbnailUrl":"https:\/\/www.sindicaturabarcelona.cat\/wp-content\/uploads\/6-1-scaled.jpg","inLanguage":"es"},{"@type":"WebPage","@id":"https:\/\/www.sindicaturabarcelona.cat\/es\/el-sindic-de-greuges-de-barcelona-y-presidente-de-agol-david-bondia-intervendra-en-diversos-actos-en-colombia-sobre-derechos-humanos-de-proximidad\/","url":"https:\/\/www.sindicaturabarcelona.cat\/es\/el-sindic-de-greuges-de-barcelona-y-presidente-de-agol-david-bondia-intervendra-en-diversos-actos-en-colombia-sobre-derechos-humanos-de-proximidad\/","name":"El s\u00edndic intervendr\u00e1 en diversos actos en Colombia sobre derechos humanos de proximidad - Sindicatura de Greuges de Barcelona","isPartOf":{"@id":"https:\/\/www.sindicaturabarcelona.cat\/es\/#website"},"primaryImageOfPage":{"@id":"https:\/\/www.sindicaturabarcelona.cat\/es\/el-sindic-de-greuges-de-barcelona-y-presidente-de-agol-david-bondia-intervendra-en-diversos-actos-en-colombia-sobre-derechos-humanos-de-proximidad\/#primaryimage"},"image":{"@id":"https:\/\/www.sindicaturabarcelona.cat\/es\/el-sindic-de-greuges-de-barcelona-y-presidente-de-agol-david-bondia-intervendra-en-diversos-actos-en-colombia-sobre-derechos-humanos-de-proximidad\/#primaryimage"},"thumbnailUrl":"https:\/\/www.sindicaturabarcelona.cat\/wp-content\/uploads\/6-1-scaled.jpg","datePublished":"2025-08-08T07:01:47+00:00","dateModified":"2025-08-14T12:15:15+00:00","description":"David Bondia llevar\u00e1 a cabo cuatro intervenciones a lo largo de dos semanas de agosto en Barranquilla, Cali i Bogot\u00e1.","breadcrumb":{"@id":"https:\/\/www.sindicaturabarcelona.cat\/es\/el-sindic-de-greuges-de-barcelona-y-presidente-de-agol-david-bondia-intervendra-en-diversos-actos-en-colombia-sobre-derechos-humanos-de-proximidad\/#breadcrumb"},"inLanguage":"es","potentialAction":[{"@type":"ReadAction","target":["https:\/\/www.sindicaturabarcelona.cat\/es\/el-sindic-de-greuges-de-barcelona-y-presidente-de-agol-david-bondia-intervendra-en-diversos-actos-en-colombia-sobre-derechos-humanos-de-proximidad\/"]}]},{"@type":"ImageObject","inLanguage":"es","@id":"https:\/\/www.sindicaturabarcelona.cat\/es\/el-sindic-de-greuges-de-barcelona-y-presidente-de-agol-david-bondia-intervendra-en-diversos-actos-en-colombia-sobre-derechos-humanos-de-proximidad\/#primaryimage","url":"https:\/\/www.sindicaturabarcelona.cat\/wp-content\/uploads\/6-1-scaled.jpg","contentUrl":"https:\/\/www.sindicaturabarcelona.cat\/wp-content\/uploads\/6-1-scaled.jpg","width":2560,"height":1707,"caption":"David Bondia"},{"@type":"BreadcrumbList","@id":"https:\/\/www.sindicaturabarcelona.cat\/es\/el-sindic-de-greuges-de-barcelona-y-presidente-de-agol-david-bondia-intervendra-en-diversos-actos-en-colombia-sobre-derechos-humanos-de-proximidad\/#breadcrumb","itemListElement":[{"@type":"ListItem","position":1,"name":"Inici","item":"https:\/\/www.sindicaturabarcelona.cat\/es\/"},{"@type":"ListItem","position":2,"name":"El s\u00edndic intervendr\u00e1 en diversos actos en Colombia sobre derechos humanos de proximidad"}]},{"@type":"WebSite","@id":"https:\/\/www.sindicaturabarcelona.cat\/es\/#website","url":"https:\/\/www.sindicaturabarcelona.cat\/es\/","name":"Sindicatura de Greuges de Barcelona","description":"La defensoria dels teus drets","publisher":{"@id":"https:\/\/www.sindicaturabarcelona.cat\/es\/#organization"},"potentialAction":[{"@type":"SearchAction","target":{"@type":"EntryPoint","urlTemplate":"https:\/\/www.sindicaturabarcelona.cat\/es\/?s={search_term_string}"},"query-input":{"@type":"PropertyValueSpecification","valueRequired":true,"valueName":"search_term_string"}}],"inLanguage":"es"},{"@type":"Organization","@id":"https:\/\/www.sindicaturabarcelona.cat\/es\/#organization","name":"Sindicatura de Greuges de Barcelona","url":"https:\/\/www.sindicaturabarcelona.cat\/es\/","logo":{"@type":"ImageObject","inLanguage":"es","@id":"https:\/\/www.sindicaturabarcelona.cat\/es\/#\/schema\/logo\/image\/","url":"https:\/\/www.sindicaturabarcelona.cat\/wp-content\/uploads\/2023\/02\/logo_sindicatura.svg","contentUrl":"https:\/\/www.sindicaturabarcelona.cat\/wp-content\/uploads\/2023\/02\/logo_sindicatura.svg","caption":"Sindicatura de Greuges de Barcelona"},"image":{"@id":"https:\/\/www.sindicaturabarcelona.cat\/es\/#\/schema\/logo\/image\/"},"sameAs":["https:\/\/x.com\/sindicbarcelona","https:\/\/www.instagram.com\/sindicbarcelona\/","https:\/\/www.tiktok.com\/@sindicaturabcn","https:\/\/t.me\/sindicaturabarcelona"]},{"@type":"Person","@id":"https:\/\/www.sindicaturabarcelona.cat\/es\/#\/schema\/person\/0e5acffc350ffdbc97578159322c9452","name":"Pablo","image":{"@type":"ImageObject","inLanguage":"es","@id":"https:\/\/secure.gravatar.com\/avatar\/c948169b402ef9492afde705c3dfd5e90e1a6a84ef6840a91124f805a25a480f?s=96&d=mm&r=g","url":"https:\/\/secure.gravatar.com\/avatar\/c948169b402ef9492afde705c3dfd5e90e1a6a84ef6840a91124f805a25a480f?s=96&d=mm&r=g","contentUrl":"https:\/\/secure.gravatar.com\/avatar\/c948169b402ef9492afde705c3dfd5e90e1a6a84ef6840a91124f805a25a480f?s=96&d=mm&r=g","caption":"Pablo"},"url":"https:\/\/www.sindicaturabarcelona.cat\/es\/author\/pablo\/"}]}},"_links":{"self":[{"href":"https:\/\/www.sindicaturabarcelona.cat\/es\/wp-json\/wp\/v2\/posts\/38476","targetHints":{"allow":["GET"]}}],"collection":[{"href":"https:\/\/www.sindicaturabarcelona.cat\/es\/wp-json\/wp\/v2\/posts"}],"about":[{"href":"https:\/\/www.sindicaturabarcelona.cat\/es\/wp-json\/wp\/v2\/types\/post"}],"author":[{"embeddable":true,"href":"https:\/\/www.sindicaturabarcelona.cat\/es\/wp-json\/wp\/v2\/users\/2"}],"replies":[{"embeddable":true,"href":"https:\/\/www.sindicaturabarcelona.cat\/es\/wp-json\/wp\/v2\/comments?post=38476"}],"version-history":[{"count":18,"href":"https:\/\/www.sindicaturabarcelona.cat\/es\/wp-json\/wp\/v2\/posts\/38476\/revisions"}],"predecessor-version":[{"id":38745,"href":"https:\/\/www.sindicaturabarcelona.cat\/es\/wp-json\/wp\/v2\/posts\/38476\/revisions\/38745"}],"wp:featuredmedia":[{"embeddable":true,"href":"https:\/\/www.sindicaturabarcelona.cat\/es\/wp-json\/wp\/v2\/media\/38426"}],"wp:attachment":[{"href":"https:\/\/www.sindicaturabarcelona.cat\/es\/wp-json\/wp\/v2\/media?parent=38476"}],"wp:term":[{"taxonomy":"post_tag","embeddable":true,"href":"https:\/\/www.sindicaturabarcelona.cat\/es\/wp-json\/wp\/v2\/tags?post=38476"},{"taxonomy":"drets","embeddable":true,"href":"https:\/\/www.sindicaturabarcelona.cat\/es\/wp-json\/wp\/v2\/drets?post=38476"}],"curies":[{"name":"wp","href":"https:\/\/api.w.org\/{rel}","templated":true}]}}