{"id":38271,"date":"2025-07-18T07:30:00","date_gmt":"2025-07-18T05:30:00","guid":{"rendered":"https:\/\/www.sindicaturabarcelona.cat\/la-sindicatura-assenyala-que-lactuacio-municipal-ha-de-millorar-per-garantir-un-entorn-climatic-adequat-a-les-escoles-bressol\/"},"modified":"2025-07-18T10:40:37","modified_gmt":"2025-07-18T08:40:37","slug":"la-sindicatura-assenyala-que-lactuacio-municipal-ha-de-millorar-per-garantir-un-entorn-climatic-adequat-a-les-escoles-bressol","status":"publish","type":"post","link":"https:\/\/www.sindicaturabarcelona.cat\/es\/la-sindicatura-assenyala-que-lactuacio-municipal-ha-de-millorar-per-garantir-un-entorn-climatic-adequat-a-les-escoles-bressol\/","title":{"rendered":"La Sindicatura de Greuges de Barcelona se\u00f1ala que la actuaci\u00f3n municipal debe mejorar para garantizar un entorno clim\u00e1tico adecuado en las guarder\u00edas"},"content":{"rendered":"\n<h2 class=\"wp-block-heading\"><strong><strong>El Instituto Municipal de Educaci\u00f3n no ha sido suficientemente diligente a la hora de reparar el sistema de aire acondicionado en un centro para ni\u00f1os de hasta tres a\u00f1os. Este hecho, en un contexto de altas temperaturas, tiene un impacto directo en su salud y su bienestar.<\/strong><\/strong><\/h2>\n\n\n\n<p>La Asociaci\u00f3n de Familias de Alumnos (AFA) de la Escola Bressol Alchemika, en el distrito de Sant Mart\u00ed y de titularidad municipal, <a href=\"https:\/\/www.sindicaturabarcelona.cat\/wp-content\/uploads\/202507_Avaria-Climatitzacio-Aire-Condicionat-Escola-Bressol-Alchemika_25Q000580.pdf\">present\u00f3 una queja porque los sistemas de aire acondicionado no funcionan desde hace meses<\/a>. Esta situaci\u00f3n se agrava porque <strong>el suelo del patio, de caucho, acumula mucho calor.<\/strong><\/p>\n\n\n\n<p>En los \u00faltimos a\u00f1os, el Instituto Municipal de Educaci\u00f3n de Barcelona (IMEB) ha ido haciendo peque\u00f1as reparaciones para resolver las numerosas aver\u00edas, y ahora <strong>se han instalado ventiladores y climatizadores port\u00e1tiles, que la AFA considera insuficientes<\/strong>. Para resolver el problema se requieren trabajos de reparaci\u00f3n, que seg\u00fan el IMEB, superan los costes de mantenimiento habituales, y ha sido necesario iniciar un procedimiento que ha hecho demorar el proceso..<\/p>\n\n\n\n<p>El ente calcula que <strong>la reparaci\u00f3n del aire acondicionado tendr\u00e1 lugar en julio y agosto de este a\u00f1<\/strong>o, por lo que no podr\u00e1 funcionar, al menos plenamente, durante los meses en los que las temperaturas suelen ser m\u00e1s elevadas. De hecho, en junio ya se vivi\u00f3 una de las oleadas de calor m\u00e1s fuertes de las \u00faltimas d\u00e9cadas, con d\u00edas en los que se superaron en ocho grados la temperatura media en la ciudad en el mismo per\u00edodo. En junio <strong>los term\u00f3metros interiores de la escuela registraron temperaturas superiores a los l\u00edmites establecidos en la normativa<\/strong>.<\/p>\n\n\n\n<h2 class=\"wp-block-heading\"><strong><strong>Afectaciones de salud en uno de los colectivos m\u00e1s vulnerables<\/strong><\/strong><\/h2>\n\n\n\n<p>Cabe recordar que los ni\u00f1os, durante sus primeros a\u00f1os de vida, est\u00e1n identificados como <a href=\"https:\/\/canalsalut.gencat.cat\/ca\/vida-saludable\/consells-estacionals\/estiu\/calor\/especial-precaucio-persones-mes-vulnerables\/index.html#googtrans(ca|es)\">uno de los colectivos m\u00e1s vulnerables al calor<\/a>, en un contexto general de incremento clim\u00e1tico global. En el caso de los beb\u00e9s, su capacidad limitada para regular la temperatura corporal y la menor capacidad para expresar la sed les hace <strong>especialmente sensibles a la deshidrataci\u00f3n, los golpes de calor y otras afecciones derivadas del exceso de calor<\/strong>.<\/p>\n\n\n\n<p>Adem\u00e1s, la exposici\u00f3n prolongada a elevadas temperaturas <strong>puede perjudicar su desarrollo cognitivo y emocional<\/strong>, as\u00ed como alterar su descanso, alimentaci\u00f3n y capacidad de concentraci\u00f3n. Adem\u00e1s, dificultan la labor educativa y generan malestar en el entorno escolar.<\/p>\n\n\n\n<p><strong>Los ni\u00f1os y ni\u00f1as tienen el derecho fundamental de crecer en un entorno seguro, saludable y respetuoso con sus necesidades<\/strong>, y es imprescindible (como deber jur\u00eddico, adem\u00e1s de \u00e9tico) que las administraciones p\u00fablicas adopten medidas urgentes para adaptar las infraestructuras educativas al contexto clim\u00e1tico actual. Algo especialmente grave cuando se a\u00f1ade, como es el caso del centro Alchemika, la falta de previsi\u00f3n.<\/p>\n\n\n\n<p>Y es que, dadas las aver\u00edas recurrentes de a\u00f1os previos, y conociendo la necesidad de reformas estructurales que superaban las tareas de mantenimiento ordinario, <strong>el consistorio pudo haver previsto la necesidad de arreglar el sistema de aire acondicionado antes de la llegada de las altas temperaturas<\/strong>, y as\u00ed no poner en riesgo la salud de los ni\u00f1os ni\u00f1as y del personal educativo. La reacci\u00f3n ha sido reactiva, no preventiva, una vez que el malestar t\u00e9rmico ya era grave.<\/p>\n\n\n\n<h2 class=\"wp-block-heading\"><strong><strong>Una situaci\u00f3n que no es exclusiva de Alchemika<\/strong><\/strong><\/h2>\n\n\n\n<p>En la Sindicatura hemos recibido quejas de otras guarder\u00edas municipales que han sufrido problemas similares con los sistemas de climatizaci\u00f3n, tanto durante este curso como en anteriores. Del total de 105 centros que gestiona el IMEB, se han distribuido<strong> aparatos port\u00e1tiles de climatizaci\u00f3n a 30 escuelas, y en 15 se reparar\u00e1 el aire acondicionado<\/strong>. Las reparaciones ser\u00e1n, como en el caso de Alchemika, <strong>durante los meses de julio y agosto<\/strong>, y tambi\u00e9n en estos casos era razonable prever la necesidad de disponer de un servicio de respuesta r\u00e1pida capaz de afrontar graves aver\u00edas durante los meses de mayor calor.<\/p>\n\n\n\n<p><strong>Tambi\u00e9n hay margen de mejora en cuanto a la comunicaci\u00f3n con las escuelas y las familias: <\/strong>\u00e9sta debe ser clara, accesible y actualizada sobre las intervenciones previstas en materia de climatizaci\u00f3n, para reforzar la confianza. La rendici\u00f3n de cuentas, la transparencia y la participaci\u00f3n significativa e informada son esenciales para garantizar una gesti\u00f3n p\u00fablica responsable y respetuosa con los <a href=\"https:\/\/www.sindicaturabarcelona.cat\/es\/drets\/derechos-de-la-infancia-y-la-adolescencia\/\">derechos de la infancia<\/a>.<\/p>\n\n\n\n<h2 class=\"wp-block-heading\"><strong>Las conclusiones de la Sindicatura<\/strong><\/h2>\n\n\n\n<p>Es por todo ello que la Sindicatura considera <a href=\"https:\/\/www.sindicaturabarcelona.cat\/wp-content\/uploads\/202507_Avaria-Climatitzacio-Aire-Condicionat-Escola-Bressol-Alchemika_25Q000580.pdf\">en su resoluci\u00f3n<\/a> que <strong>la actuaci\u00f3n del IMEB debe mejorar<\/strong> y emite la siguiente decisi\u00f3n:<\/p>\n\n\n\n<ul class=\"wp-block-list\">\n<li>Le recuerda que tiene la obligaci\u00f3n de <strong>garantizar el confort t\u00e9rmico adecuado en las guarder\u00edas<\/strong>, y que debe reparar los sistemas de climatizaci\u00f3n antes del inicio del curso 2025-2026.<\/li>\n<\/ul>\n\n\n\n<ul class=\"wp-block-list\">\n<li>Le recomienda que <strong>disponga de un mantenimiento adecuado de estos sistemas<\/strong>, que compruebe de forma preventiva su buen funcionamiento antes de la llegada del verano y que lleve a cabo las acciones necesarias para tener un sistema de reparaci\u00f3n \u00e1gil durante dicho periodo.<\/li>\n<\/ul>\n\n\n\n<ul class=\"wp-block-list\">\n<li>Adem\u00e1s, <strong>debe informar a la comunidad educativa de forma clara<\/strong> y continua sobre las intervenciones previstas.<\/li>\n<\/ul>\n","protected":false},"excerpt":{"rendered":"<p>El Instituto Municipal de Educaci\u00f3n no ha sido suficientemente diligente a la hora de reparar el sistema de aire acondicionado en un centro para ni\u00f1os de hasta tres a\u00f1os. Este [&hellip;]<\/p>\n","protected":false},"author":2,"featured_media":38258,"comment_status":"closed","ping_status":"closed","sticky":false,"template":"","format":"standard","meta":{"_acf_changed":false,"footnotes":""},"tags":[],"drets":[1475,1575,1579],"class_list":["post-38271","post","type-post","status-publish","format-standard","has-post-thumbnail","hentry","drets-ciudad-equitativa","drets-derecho-a-la-educacion-y-al-ocio","drets-derecho-a-la-salud"],"acf":[],"yoast_head":"<!-- This site is optimized with the Yoast SEO plugin v27.5 - https:\/\/yoast.com\/product\/yoast-seo-wordpress\/ -->\n<title>La Sindicatura de Greuges de Barcelona se\u00f1ala que la actuaci\u00f3n municipal debe mejorar para garantizar un entorno clim\u00e1tico adecuado en las guarder\u00edas - Sindicatura de Greuges de Barcelona<\/title>\n<meta name=\"description\" content=\"No ha habido la suficiente diligencia a la hora de reparar el sistema de aire acondicionado en un centro para ni\u00f1os de hasta tres a\u00f1os.\" \/>\n<meta name=\"robots\" content=\"index, follow, max-snippet:-1, max-image-preview:large, max-video-preview:-1\" \/>\n<link rel=\"canonical\" href=\"https:\/\/www.sindicaturabarcelona.cat\/es\/la-sindicatura-assenyala-que-lactuacio-municipal-ha-de-millorar-per-garantir-un-entorn-climatic-adequat-a-les-escoles-bressol\/\" \/>\n<meta property=\"og:locale\" content=\"es_ES\" \/>\n<meta property=\"og:type\" content=\"article\" \/>\n<meta property=\"og:title\" content=\"La Sindicatura de Greuges de Barcelona se\u00f1ala que la actuaci\u00f3n municipal debe mejorar para garantizar un entorno clim\u00e1tico adecuado en las guarder\u00edas - Sindicatura de Greuges de Barcelona\" \/>\n<meta property=\"og:description\" content=\"No ha habido la suficiente diligencia a la hora de reparar el sistema de aire acondicionado en un centro para ni\u00f1os de hasta tres a\u00f1os.\" \/>\n<meta property=\"og:url\" content=\"https:\/\/www.sindicaturabarcelona.cat\/es\/la-sindicatura-assenyala-que-lactuacio-municipal-ha-de-millorar-per-garantir-un-entorn-climatic-adequat-a-les-escoles-bressol\/\" \/>\n<meta property=\"og:site_name\" content=\"Sindicatura de Greuges de Barcelona\" \/>\n<meta property=\"article:published_time\" content=\"2025-07-18T05:30:00+00:00\" \/>\n<meta property=\"article:modified_time\" content=\"2025-07-18T08:40:37+00:00\" \/>\n<meta property=\"og:image\" content=\"https:\/\/www.sindicaturabarcelona.cat\/wp-content\/uploads\/dos-infants-juguen-plegats-dalt-dun-scaled.jpg\" \/>\n\t<meta property=\"og:image:width\" content=\"2560\" \/>\n\t<meta property=\"og:image:height\" content=\"1707\" \/>\n\t<meta property=\"og:image:type\" content=\"image\/jpeg\" \/>\n<meta name=\"author\" content=\"Pablo\" \/>\n<meta name=\"twitter:card\" content=\"summary_large_image\" \/>\n<meta name=\"twitter:creator\" content=\"@sindicbarcelona\" \/>\n<meta name=\"twitter:site\" content=\"@sindicbarcelona\" \/>\n<meta name=\"twitter:label1\" content=\"Escrito por\" \/>\n\t<meta name=\"twitter:data1\" content=\"Pablo\" \/>\n\t<meta name=\"twitter:label2\" content=\"Tiempo de lectura\" \/>\n\t<meta name=\"twitter:data2\" content=\"5 minutos\" \/>\n<script type=\"application\/ld+json\" class=\"yoast-schema-graph\">{\"@context\":\"https:\\\/\\\/schema.org\",\"@graph\":[{\"@type\":\"Article\",\"@id\":\"https:\\\/\\\/www.sindicaturabarcelona.cat\\\/es\\\/la-sindicatura-assenyala-que-lactuacio-municipal-ha-de-millorar-per-garantir-un-entorn-climatic-adequat-a-les-escoles-bressol\\\/#article\",\"isPartOf\":{\"@id\":\"https:\\\/\\\/www.sindicaturabarcelona.cat\\\/es\\\/la-sindicatura-assenyala-que-lactuacio-municipal-ha-de-millorar-per-garantir-un-entorn-climatic-adequat-a-les-escoles-bressol\\\/\"},\"author\":{\"name\":\"Pablo\",\"@id\":\"https:\\\/\\\/www.sindicaturabarcelona.cat\\\/es\\\/#\\\/schema\\\/person\\\/0e5acffc350ffdbc97578159322c9452\"},\"headline\":\"La Sindicatura de Greuges de Barcelona se\u00f1ala que la actuaci\u00f3n municipal debe mejorar para garantizar un entorno clim\u00e1tico adecuado en las guarder\u00edas\",\"datePublished\":\"2025-07-18T05:30:00+00:00\",\"dateModified\":\"2025-07-18T08:40:37+00:00\",\"mainEntityOfPage\":{\"@id\":\"https:\\\/\\\/www.sindicaturabarcelona.cat\\\/es\\\/la-sindicatura-assenyala-que-lactuacio-municipal-ha-de-millorar-per-garantir-un-entorn-climatic-adequat-a-les-escoles-bressol\\\/\"},\"wordCount\":900,\"publisher\":{\"@id\":\"https:\\\/\\\/www.sindicaturabarcelona.cat\\\/es\\\/#organization\"},\"image\":{\"@id\":\"https:\\\/\\\/www.sindicaturabarcelona.cat\\\/es\\\/la-sindicatura-assenyala-que-lactuacio-municipal-ha-de-millorar-per-garantir-un-entorn-climatic-adequat-a-les-escoles-bressol\\\/#primaryimage\"},\"thumbnailUrl\":\"https:\\\/\\\/www.sindicaturabarcelona.cat\\\/wp-content\\\/uploads\\\/dos-infants-juguen-plegats-dalt-dun-scaled.jpg\",\"inLanguage\":\"es\"},{\"@type\":\"WebPage\",\"@id\":\"https:\\\/\\\/www.sindicaturabarcelona.cat\\\/es\\\/la-sindicatura-assenyala-que-lactuacio-municipal-ha-de-millorar-per-garantir-un-entorn-climatic-adequat-a-les-escoles-bressol\\\/\",\"url\":\"https:\\\/\\\/www.sindicaturabarcelona.cat\\\/es\\\/la-sindicatura-assenyala-que-lactuacio-municipal-ha-de-millorar-per-garantir-un-entorn-climatic-adequat-a-les-escoles-bressol\\\/\",\"name\":\"La Sindicatura de Greuges de Barcelona se\u00f1ala que la actuaci\u00f3n municipal debe mejorar para garantizar un entorno clim\u00e1tico adecuado en las guarder\u00edas - Sindicatura de Greuges de Barcelona\",\"isPartOf\":{\"@id\":\"https:\\\/\\\/www.sindicaturabarcelona.cat\\\/es\\\/#website\"},\"primaryImageOfPage\":{\"@id\":\"https:\\\/\\\/www.sindicaturabarcelona.cat\\\/es\\\/la-sindicatura-assenyala-que-lactuacio-municipal-ha-de-millorar-per-garantir-un-entorn-climatic-adequat-a-les-escoles-bressol\\\/#primaryimage\"},\"image\":{\"@id\":\"https:\\\/\\\/www.sindicaturabarcelona.cat\\\/es\\\/la-sindicatura-assenyala-que-lactuacio-municipal-ha-de-millorar-per-garantir-un-entorn-climatic-adequat-a-les-escoles-bressol\\\/#primaryimage\"},\"thumbnailUrl\":\"https:\\\/\\\/www.sindicaturabarcelona.cat\\\/wp-content\\\/uploads\\\/dos-infants-juguen-plegats-dalt-dun-scaled.jpg\",\"datePublished\":\"2025-07-18T05:30:00+00:00\",\"dateModified\":\"2025-07-18T08:40:37+00:00\",\"description\":\"No ha habido la suficiente diligencia a la hora de reparar el sistema de aire acondicionado en un centro para ni\u00f1os de hasta tres a\u00f1os.\",\"breadcrumb\":{\"@id\":\"https:\\\/\\\/www.sindicaturabarcelona.cat\\\/es\\\/la-sindicatura-assenyala-que-lactuacio-municipal-ha-de-millorar-per-garantir-un-entorn-climatic-adequat-a-les-escoles-bressol\\\/#breadcrumb\"},\"inLanguage\":\"es\",\"potentialAction\":[{\"@type\":\"ReadAction\",\"target\":[\"https:\\\/\\\/www.sindicaturabarcelona.cat\\\/es\\\/la-sindicatura-assenyala-que-lactuacio-municipal-ha-de-millorar-per-garantir-un-entorn-climatic-adequat-a-les-escoles-bressol\\\/\"]}]},{\"@type\":\"ImageObject\",\"inLanguage\":\"es\",\"@id\":\"https:\\\/\\\/www.sindicaturabarcelona.cat\\\/es\\\/la-sindicatura-assenyala-que-lactuacio-municipal-ha-de-millorar-per-garantir-un-entorn-climatic-adequat-a-les-escoles-bressol\\\/#primaryimage\",\"url\":\"https:\\\/\\\/www.sindicaturabarcelona.cat\\\/wp-content\\\/uploads\\\/dos-infants-juguen-plegats-dalt-dun-scaled.jpg\",\"contentUrl\":\"https:\\\/\\\/www.sindicaturabarcelona.cat\\\/wp-content\\\/uploads\\\/dos-infants-juguen-plegats-dalt-dun-scaled.jpg\",\"width\":2560,\"height\":1707,\"caption\":\"Escola Bressol\"},{\"@type\":\"BreadcrumbList\",\"@id\":\"https:\\\/\\\/www.sindicaturabarcelona.cat\\\/es\\\/la-sindicatura-assenyala-que-lactuacio-municipal-ha-de-millorar-per-garantir-un-entorn-climatic-adequat-a-les-escoles-bressol\\\/#breadcrumb\",\"itemListElement\":[{\"@type\":\"ListItem\",\"position\":1,\"name\":\"Inici\",\"item\":\"https:\\\/\\\/www.sindicaturabarcelona.cat\\\/es\\\/\"},{\"@type\":\"ListItem\",\"position\":2,\"name\":\"La Sindicatura de Greuges de Barcelona se\u00f1ala que la actuaci\u00f3n municipal debe mejorar para garantizar un entorno clim\u00e1tico adecuado en las guarder\u00edas\"}]},{\"@type\":\"WebSite\",\"@id\":\"https:\\\/\\\/www.sindicaturabarcelona.cat\\\/es\\\/#website\",\"url\":\"https:\\\/\\\/www.sindicaturabarcelona.cat\\\/es\\\/\",\"name\":\"Sindicatura de Greuges de Barcelona\",\"description\":\"La defensoria dels teus drets\",\"publisher\":{\"@id\":\"https:\\\/\\\/www.sindicaturabarcelona.cat\\\/es\\\/#organization\"},\"potentialAction\":[{\"@type\":\"SearchAction\",\"target\":{\"@type\":\"EntryPoint\",\"urlTemplate\":\"https:\\\/\\\/www.sindicaturabarcelona.cat\\\/es\\\/?s={search_term_string}\"},\"query-input\":{\"@type\":\"PropertyValueSpecification\",\"valueRequired\":true,\"valueName\":\"search_term_string\"}}],\"inLanguage\":\"es\"},{\"@type\":\"Organization\",\"@id\":\"https:\\\/\\\/www.sindicaturabarcelona.cat\\\/es\\\/#organization\",\"name\":\"Sindicatura de Greuges de Barcelona\",\"url\":\"https:\\\/\\\/www.sindicaturabarcelona.cat\\\/es\\\/\",\"logo\":{\"@type\":\"ImageObject\",\"inLanguage\":\"es\",\"@id\":\"https:\\\/\\\/www.sindicaturabarcelona.cat\\\/es\\\/#\\\/schema\\\/logo\\\/image\\\/\",\"url\":\"https:\\\/\\\/www.sindicaturabarcelona.cat\\\/wp-content\\\/uploads\\\/2023\\\/02\\\/logo_sindicatura.svg\",\"contentUrl\":\"https:\\\/\\\/www.sindicaturabarcelona.cat\\\/wp-content\\\/uploads\\\/2023\\\/02\\\/logo_sindicatura.svg\",\"caption\":\"Sindicatura de Greuges de Barcelona\"},\"image\":{\"@id\":\"https:\\\/\\\/www.sindicaturabarcelona.cat\\\/es\\\/#\\\/schema\\\/logo\\\/image\\\/\"},\"sameAs\":[\"https:\\\/\\\/x.com\\\/sindicbarcelona\",\"https:\\\/\\\/www.instagram.com\\\/sindicbarcelona\\\/\",\"https:\\\/\\\/www.tiktok.com\\\/@sindicaturabcn\",\"https:\\\/\\\/t.me\\\/sindicaturabarcelona\"]},{\"@type\":\"Person\",\"@id\":\"https:\\\/\\\/www.sindicaturabarcelona.cat\\\/es\\\/#\\\/schema\\\/person\\\/0e5acffc350ffdbc97578159322c9452\",\"name\":\"Pablo\",\"image\":{\"@type\":\"ImageObject\",\"inLanguage\":\"es\",\"@id\":\"https:\\\/\\\/secure.gravatar.com\\\/avatar\\\/c948169b402ef9492afde705c3dfd5e90e1a6a84ef6840a91124f805a25a480f?s=96&d=mm&r=g\",\"url\":\"https:\\\/\\\/secure.gravatar.com\\\/avatar\\\/c948169b402ef9492afde705c3dfd5e90e1a6a84ef6840a91124f805a25a480f?s=96&d=mm&r=g\",\"contentUrl\":\"https:\\\/\\\/secure.gravatar.com\\\/avatar\\\/c948169b402ef9492afde705c3dfd5e90e1a6a84ef6840a91124f805a25a480f?s=96&d=mm&r=g\",\"caption\":\"Pablo\"},\"url\":\"https:\\\/\\\/www.sindicaturabarcelona.cat\\\/es\\\/author\\\/pablo\\\/\"}]}<\/script>\n<!-- \/ Yoast SEO plugin. -->","yoast_head_json":{"title":"La Sindicatura de Greuges de Barcelona se\u00f1ala que la actuaci\u00f3n municipal debe mejorar para garantizar un entorno clim\u00e1tico adecuado en las guarder\u00edas - Sindicatura de Greuges de Barcelona","description":"No ha habido la suficiente diligencia a la hora de reparar el sistema de aire acondicionado en un centro para ni\u00f1os de hasta tres a\u00f1os.","robots":{"index":"index","follow":"follow","max-snippet":"max-snippet:-1","max-image-preview":"max-image-preview:large","max-video-preview":"max-video-preview:-1"},"canonical":"https:\/\/www.sindicaturabarcelona.cat\/es\/la-sindicatura-assenyala-que-lactuacio-municipal-ha-de-millorar-per-garantir-un-entorn-climatic-adequat-a-les-escoles-bressol\/","og_locale":"es_ES","og_type":"article","og_title":"La Sindicatura de Greuges de Barcelona se\u00f1ala que la actuaci\u00f3n municipal debe mejorar para garantizar un entorno clim\u00e1tico adecuado en las guarder\u00edas - Sindicatura de Greuges de Barcelona","og_description":"No ha habido la suficiente diligencia a la hora de reparar el sistema de aire acondicionado en un centro para ni\u00f1os de hasta tres a\u00f1os.","og_url":"https:\/\/www.sindicaturabarcelona.cat\/es\/la-sindicatura-assenyala-que-lactuacio-municipal-ha-de-millorar-per-garantir-un-entorn-climatic-adequat-a-les-escoles-bressol\/","og_site_name":"Sindicatura de Greuges de Barcelona","article_published_time":"2025-07-18T05:30:00+00:00","article_modified_time":"2025-07-18T08:40:37+00:00","og_image":[{"width":2560,"height":1707,"url":"https:\/\/www.sindicaturabarcelona.cat\/wp-content\/uploads\/dos-infants-juguen-plegats-dalt-dun-scaled.jpg","type":"image\/jpeg"}],"author":"Pablo","twitter_card":"summary_large_image","twitter_creator":"@sindicbarcelona","twitter_site":"@sindicbarcelona","twitter_misc":{"Escrito por":"Pablo","Tiempo de lectura":"5 minutos"},"schema":{"@context":"https:\/\/schema.org","@graph":[{"@type":"Article","@id":"https:\/\/www.sindicaturabarcelona.cat\/es\/la-sindicatura-assenyala-que-lactuacio-municipal-ha-de-millorar-per-garantir-un-entorn-climatic-adequat-a-les-escoles-bressol\/#article","isPartOf":{"@id":"https:\/\/www.sindicaturabarcelona.cat\/es\/la-sindicatura-assenyala-que-lactuacio-municipal-ha-de-millorar-per-garantir-un-entorn-climatic-adequat-a-les-escoles-bressol\/"},"author":{"name":"Pablo","@id":"https:\/\/www.sindicaturabarcelona.cat\/es\/#\/schema\/person\/0e5acffc350ffdbc97578159322c9452"},"headline":"La Sindicatura de Greuges de Barcelona se\u00f1ala que la actuaci\u00f3n municipal debe mejorar para garantizar un entorno clim\u00e1tico adecuado en las guarder\u00edas","datePublished":"2025-07-18T05:30:00+00:00","dateModified":"2025-07-18T08:40:37+00:00","mainEntityOfPage":{"@id":"https:\/\/www.sindicaturabarcelona.cat\/es\/la-sindicatura-assenyala-que-lactuacio-municipal-ha-de-millorar-per-garantir-un-entorn-climatic-adequat-a-les-escoles-bressol\/"},"wordCount":900,"publisher":{"@id":"https:\/\/www.sindicaturabarcelona.cat\/es\/#organization"},"image":{"@id":"https:\/\/www.sindicaturabarcelona.cat\/es\/la-sindicatura-assenyala-que-lactuacio-municipal-ha-de-millorar-per-garantir-un-entorn-climatic-adequat-a-les-escoles-bressol\/#primaryimage"},"thumbnailUrl":"https:\/\/www.sindicaturabarcelona.cat\/wp-content\/uploads\/dos-infants-juguen-plegats-dalt-dun-scaled.jpg","inLanguage":"es"},{"@type":"WebPage","@id":"https:\/\/www.sindicaturabarcelona.cat\/es\/la-sindicatura-assenyala-que-lactuacio-municipal-ha-de-millorar-per-garantir-un-entorn-climatic-adequat-a-les-escoles-bressol\/","url":"https:\/\/www.sindicaturabarcelona.cat\/es\/la-sindicatura-assenyala-que-lactuacio-municipal-ha-de-millorar-per-garantir-un-entorn-climatic-adequat-a-les-escoles-bressol\/","name":"La Sindicatura de Greuges de Barcelona se\u00f1ala que la actuaci\u00f3n municipal debe mejorar para garantizar un entorno clim\u00e1tico adecuado en las guarder\u00edas - Sindicatura de Greuges de Barcelona","isPartOf":{"@id":"https:\/\/www.sindicaturabarcelona.cat\/es\/#website"},"primaryImageOfPage":{"@id":"https:\/\/www.sindicaturabarcelona.cat\/es\/la-sindicatura-assenyala-que-lactuacio-municipal-ha-de-millorar-per-garantir-un-entorn-climatic-adequat-a-les-escoles-bressol\/#primaryimage"},"image":{"@id":"https:\/\/www.sindicaturabarcelona.cat\/es\/la-sindicatura-assenyala-que-lactuacio-municipal-ha-de-millorar-per-garantir-un-entorn-climatic-adequat-a-les-escoles-bressol\/#primaryimage"},"thumbnailUrl":"https:\/\/www.sindicaturabarcelona.cat\/wp-content\/uploads\/dos-infants-juguen-plegats-dalt-dun-scaled.jpg","datePublished":"2025-07-18T05:30:00+00:00","dateModified":"2025-07-18T08:40:37+00:00","description":"No ha habido la suficiente diligencia a la hora de reparar el sistema de aire acondicionado en un centro para ni\u00f1os de hasta tres a\u00f1os.","breadcrumb":{"@id":"https:\/\/www.sindicaturabarcelona.cat\/es\/la-sindicatura-assenyala-que-lactuacio-municipal-ha-de-millorar-per-garantir-un-entorn-climatic-adequat-a-les-escoles-bressol\/#breadcrumb"},"inLanguage":"es","potentialAction":[{"@type":"ReadAction","target":["https:\/\/www.sindicaturabarcelona.cat\/es\/la-sindicatura-assenyala-que-lactuacio-municipal-ha-de-millorar-per-garantir-un-entorn-climatic-adequat-a-les-escoles-bressol\/"]}]},{"@type":"ImageObject","inLanguage":"es","@id":"https:\/\/www.sindicaturabarcelona.cat\/es\/la-sindicatura-assenyala-que-lactuacio-municipal-ha-de-millorar-per-garantir-un-entorn-climatic-adequat-a-les-escoles-bressol\/#primaryimage","url":"https:\/\/www.sindicaturabarcelona.cat\/wp-content\/uploads\/dos-infants-juguen-plegats-dalt-dun-scaled.jpg","contentUrl":"https:\/\/www.sindicaturabarcelona.cat\/wp-content\/uploads\/dos-infants-juguen-plegats-dalt-dun-scaled.jpg","width":2560,"height":1707,"caption":"Escola Bressol"},{"@type":"BreadcrumbList","@id":"https:\/\/www.sindicaturabarcelona.cat\/es\/la-sindicatura-assenyala-que-lactuacio-municipal-ha-de-millorar-per-garantir-un-entorn-climatic-adequat-a-les-escoles-bressol\/#breadcrumb","itemListElement":[{"@type":"ListItem","position":1,"name":"Inici","item":"https:\/\/www.sindicaturabarcelona.cat\/es\/"},{"@type":"ListItem","position":2,"name":"La Sindicatura de Greuges de Barcelona se\u00f1ala que la actuaci\u00f3n municipal debe mejorar para garantizar un entorno clim\u00e1tico adecuado en las guarder\u00edas"}]},{"@type":"WebSite","@id":"https:\/\/www.sindicaturabarcelona.cat\/es\/#website","url":"https:\/\/www.sindicaturabarcelona.cat\/es\/","name":"Sindicatura de Greuges de Barcelona","description":"La defensoria dels teus drets","publisher":{"@id":"https:\/\/www.sindicaturabarcelona.cat\/es\/#organization"},"potentialAction":[{"@type":"SearchAction","target":{"@type":"EntryPoint","urlTemplate":"https:\/\/www.sindicaturabarcelona.cat\/es\/?s={search_term_string}"},"query-input":{"@type":"PropertyValueSpecification","valueRequired":true,"valueName":"search_term_string"}}],"inLanguage":"es"},{"@type":"Organization","@id":"https:\/\/www.sindicaturabarcelona.cat\/es\/#organization","name":"Sindicatura de Greuges de Barcelona","url":"https:\/\/www.sindicaturabarcelona.cat\/es\/","logo":{"@type":"ImageObject","inLanguage":"es","@id":"https:\/\/www.sindicaturabarcelona.cat\/es\/#\/schema\/logo\/image\/","url":"https:\/\/www.sindicaturabarcelona.cat\/wp-content\/uploads\/2023\/02\/logo_sindicatura.svg","contentUrl":"https:\/\/www.sindicaturabarcelona.cat\/wp-content\/uploads\/2023\/02\/logo_sindicatura.svg","caption":"Sindicatura de Greuges de Barcelona"},"image":{"@id":"https:\/\/www.sindicaturabarcelona.cat\/es\/#\/schema\/logo\/image\/"},"sameAs":["https:\/\/x.com\/sindicbarcelona","https:\/\/www.instagram.com\/sindicbarcelona\/","https:\/\/www.tiktok.com\/@sindicaturabcn","https:\/\/t.me\/sindicaturabarcelona"]},{"@type":"Person","@id":"https:\/\/www.sindicaturabarcelona.cat\/es\/#\/schema\/person\/0e5acffc350ffdbc97578159322c9452","name":"Pablo","image":{"@type":"ImageObject","inLanguage":"es","@id":"https:\/\/secure.gravatar.com\/avatar\/c948169b402ef9492afde705c3dfd5e90e1a6a84ef6840a91124f805a25a480f?s=96&d=mm&r=g","url":"https:\/\/secure.gravatar.com\/avatar\/c948169b402ef9492afde705c3dfd5e90e1a6a84ef6840a91124f805a25a480f?s=96&d=mm&r=g","contentUrl":"https:\/\/secure.gravatar.com\/avatar\/c948169b402ef9492afde705c3dfd5e90e1a6a84ef6840a91124f805a25a480f?s=96&d=mm&r=g","caption":"Pablo"},"url":"https:\/\/www.sindicaturabarcelona.cat\/es\/author\/pablo\/"}]}},"_links":{"self":[{"href":"https:\/\/www.sindicaturabarcelona.cat\/es\/wp-json\/wp\/v2\/posts\/38271","targetHints":{"allow":["GET"]}}],"collection":[{"href":"https:\/\/www.sindicaturabarcelona.cat\/es\/wp-json\/wp\/v2\/posts"}],"about":[{"href":"https:\/\/www.sindicaturabarcelona.cat\/es\/wp-json\/wp\/v2\/types\/post"}],"author":[{"embeddable":true,"href":"https:\/\/www.sindicaturabarcelona.cat\/es\/wp-json\/wp\/v2\/users\/2"}],"replies":[{"embeddable":true,"href":"https:\/\/www.sindicaturabarcelona.cat\/es\/wp-json\/wp\/v2\/comments?post=38271"}],"version-history":[{"count":1,"href":"https:\/\/www.sindicaturabarcelona.cat\/es\/wp-json\/wp\/v2\/posts\/38271\/revisions"}],"predecessor-version":[{"id":38273,"href":"https:\/\/www.sindicaturabarcelona.cat\/es\/wp-json\/wp\/v2\/posts\/38271\/revisions\/38273"}],"wp:featuredmedia":[{"embeddable":true,"href":"https:\/\/www.sindicaturabarcelona.cat\/es\/wp-json\/wp\/v2\/media\/38258"}],"wp:attachment":[{"href":"https:\/\/www.sindicaturabarcelona.cat\/es\/wp-json\/wp\/v2\/media?parent=38271"}],"wp:term":[{"taxonomy":"post_tag","embeddable":true,"href":"https:\/\/www.sindicaturabarcelona.cat\/es\/wp-json\/wp\/v2\/tags?post=38271"},{"taxonomy":"drets","embeddable":true,"href":"https:\/\/www.sindicaturabarcelona.cat\/es\/wp-json\/wp\/v2\/drets?post=38271"}],"curies":[{"name":"wp","href":"https:\/\/api.w.org\/{rel}","templated":true}]}}