{"id":38164,"date":"2025-07-11T08:14:35","date_gmt":"2025-07-11T06:14:35","guid":{"rendered":"https:\/\/www.sindicaturabarcelona.cat\/la-sindicatura-insisteix-cal-una-guia-bones-practiques-una-normativa-especifica-redueixi-limpacte-del-cablejat-a-les-facanes\/"},"modified":"2025-07-11T10:57:35","modified_gmt":"2025-07-11T08:57:35","slug":"la-sindicatura-insisteix-cal-una-guia-bones-practiques-una-normativa-especifica-redueixi-limpacte-del-cablejat-a-les-facanes","status":"publish","type":"post","link":"https:\/\/www.sindicaturabarcelona.cat\/es\/la-sindicatura-insisteix-cal-una-guia-bones-practiques-una-normativa-especifica-redueixi-limpacte-del-cablejat-a-les-facanes\/","title":{"rendered":"La Sindicatura insiste en que es necesaria una gu\u00eda de buenas pr\u00e1cticas y una normativa espec\u00edfica que reduzca el impacto del cableado en las fachadas"},"content":{"rendered":"\n<h2 class=\"wp-block-heading\"><strong><strong><strong>Ante la falta de rigor de algunas compa\u00f1\u00edas de suministro en la instalaci\u00f3n del cableado en las fachadas, su impacto en el paisaje urbano y posible afectaci\u00f3n en la seguridad de las edificaciones, proponemos tambi\u00e9n homogeneizar las pr\u00e1cticas en los diferentes distritos, realizar campa\u00f1as de difusi\u00f3n en el vecindario y un seguimiento de las medidas implantadas.<\/strong><\/strong><\/strong><\/h2>\n\n\n\n<p>Tras recibir varias quejas de la ciudadan\u00eda, la defensor\u00eda de la ciudad <a href=\"https:\/\/www.sindicaturabarcelona.cat\/wp-content\/uploads\/202507_Actuacio-Ofici-Cablatge-Facanes-Guia-Bones-Practiques_25OF00010.pdf\" target=\"_blank\" rel=\"noreferrer noopener\"><strong>inici\u00f3 una actuaci\u00f3n de oficio<\/strong><\/a> para analizar el impacto paisaj\u00edstico del cableado que las empresas de suministro instalan en las paredes exteriores de los edificios. En paralelo, a trav\u00e9s del programa <a href=\"https:\/\/www.sindicaturabarcelona.cat\/es\/presencia-en-el-territorio\/\">Presencia en el Territorio<\/a>, <strong>la Sindicatura ha podido comprobar los incumplimientos de muchas operadoras<\/strong>, especialmente en barrios con construcciones envejecidas y con un estado de conservaci\u00f3n deficitario.<\/p>\n\n\n\n<p>La reducci\u00f3n de este desbarajuste, <strong>que a menudo incomoda y hace sentir desprotegido al vecindario que lo sufre<\/strong>, ya era una de las diez propuestas de mejora incluidas en nuestro <a href=\"https:\/\/www.sindicaturabarcelona.cat\/wp-content\/uploads\/20250424-Informe-Anual-Castella.pdf\" target=\"_blank\" rel=\"noreferrer noopener\"><strong>Informe Anual 2024<\/strong><\/a> (que tambi\u00e9n se puede consultar <a href=\"https:\/\/interactiu.sindicatura.barcelona\/\" target=\"_blank\" rel=\"noreferrer noopener\">en formato interactivo<\/a>). Preservar la imagen de la ciudad adem\u00e1s tiene una <strong>incidencia positiva en la salud f\u00edsica y ps\u00edquica<\/strong> de la poblaci\u00f3n.<\/p>\n\n\n\n<h2 class=\"wp-block-heading\"><strong><strong><u>\u00bfQui\u00e9n tiene la responsabilidad de resolverlo?<\/u><\/strong><\/strong><\/h2>\n\n\n\n<p>La normativa estatal establece que <strong>la distribuci\u00f3n del cableado en las fachadas<\/strong> por parte de los operadores no se permite en todos los casos; de hecho, <strong>se contempla como el \u00faltimo de los supuestos<\/strong>: s\u00f3lo si no existen infraestructuras comunes de telecomunicaciones, si no se pueden enterrar, o si no se pueden pasar por los interiores de los edificios y, siempre que sea posible, deben utilizarse los despliegues y canalizaciones previamente instalados y adoptar medidas para minimizar el impacto visual.<\/p>\n\n\n\n<p>Dicha responsabilidad recae en <strong>las empresas suministradoras, que deben impedir la provisionalidad, el desorden y la dejadez en las instalaciones<\/strong>.<\/p>\n\n\n\n<p>A la Administraci\u00f3n municipal (el <strong>Ayuntamiento de Barcelona<\/strong>, \u200b\u200ben este caso) le corresponde, dentro de sus competencias en materia de urbanismo, proteger el paisaje urbano. Tambi\u00e9n tiene <strong>potestad de inspecci\u00f3n y control, y de aplicar el r\u00e9gimen sancionador<\/strong> cuando corresponda.<\/p>\n\n\n\n<h2 class=\"wp-block-heading\"><strong><strong>Las conclusiones y recomendaciones de la Sindicatura<\/strong><\/strong><\/h2>\n\n\n\n<p>Dada la normativa de aplicaci\u00f3n, los criterios c\u00f3mo aplicar y la potestad normativa de que dispone, la Sindicatura considera que <strong>el Ayuntamiento de Barcelona tiene un amplio margen de mejora<\/strong>: en ning\u00fan caso se trata de impedir el despliegue de las telecomunicaciones, sino de preservar el derecho a un paisaje urbano arm\u00f3nico y respetuoso con el entorno, as\u00ed como de la seguridad de las edificaciones.<\/p>\n\n\n\n<p>Analizada la situaci\u00f3n, y con el objetivo de contribuir a minimizar una problem\u00e1tica que afecta al conjunto de la ciudadan\u00eda, la Sindicatura de Greuges de Barcelona ha emitido <a href=\"https:\/\/www.sindicaturabarcelona.cat\/wp-content\/uploads\/202507_Actuacio-Ofici-Cablatge-Facanes-Guia-Bones-Practiques_25OF00010.pdf\" target=\"_blank\" rel=\"noreferrer noopener\">un pronunciamiento con las siguientes propuestas<\/a>:<\/p>\n\n\n\n<ul class=\"wp-block-list\">\n<li><strong>Conocer el alcance de la problem\u00e1tica, a trav\u00e9s de un mapa<\/strong> que identifique las zonas y edificaciones con mayor afectaci\u00f3n, ya que las realidades en los distintos barrios son muy desiguales. Esto permitir\u00eda valorar las estrategias adecuadas para cada caso.<\/li>\n<\/ul>\n\n\n\n<ul class=\"wp-block-list\">\n<li><strong>Elaborar una gu\u00eda de buenas pr\u00e1cticas y\/o una normativa municipal espec\u00edfica<\/strong>, con la participaci\u00f3n de los operadores de telecomunicaciones. Posteriormente, deber\u00eda realizarse una difusi\u00f3n, implantaci\u00f3n y seguimiento del grado de implantaci\u00f3n. El Ayuntamiento dice que ya est\u00e1 trabajando en ello.<\/li>\n<\/ul>\n\n\n\n<ul class=\"wp-block-list\">\n<li><strong>Realizar campa\u00f1as de difusi\u00f3n en las comunidades de vecinos y vecinas<\/strong>, ya que la ciudadan\u00eda debe ser part\u00edcipe y c\u00f3mplice de la importancia de la situaci\u00f3n. Seg\u00fan el consistorio, tambi\u00e9n se est\u00e1 actuando en ese sentido. Adicionalmente, ser\u00eda conveniente valorar la apertura de <strong>una l\u00ednea de ayudas o subvenciones espec\u00edfica<\/strong>.<\/li>\n<\/ul>\n\n\n\n<ul class=\"wp-block-list\">\n<li><strong>Homogeneizar las respuestas y pr\u00e1cticas en los distintos distritos<\/strong>, ya que determinadas actuaciones no responden a una estrategia com\u00fan y gen\u00e9rica de ciudad. Aqu\u00ed podr\u00eda tener un papel fundamental la Gerencia de Coordinaci\u00f3n Territorial y de Proximidad.<\/li>\n<\/ul>\n\n\n\n<p>Imagen: Betev\u00e9<\/p>\n","protected":false},"excerpt":{"rendered":"<p>Ante la falta de rigor de algunas compa\u00f1\u00edas de suministro en la instalaci\u00f3n del cableado en las fachadas, su impacto en el paisaje urbano y posible afectaci\u00f3n en la seguridad [&hellip;]<\/p>\n","protected":false},"author":2,"featured_media":38169,"comment_status":"closed","ping_status":"closed","sticky":false,"template":"","format":"standard","meta":{"_acf_changed":false,"footnotes":""},"tags":[],"drets":[1477,1591],"class_list":["post-38164","post","type-post","status-publish","format-standard","has-post-thumbnail","hentry","drets-ciudad-habitable-y-sostenible","drets-derecho-a-un-urbanismo-harmonioso"],"acf":[],"yoast_head":"<!-- This site is optimized with the Yoast SEO plugin v27.5 - https:\/\/yoast.com\/product\/yoast-seo-wordpress\/ -->\n<title>La Sindicatura insiste en que es necesaria una gu\u00eda de buenas pr\u00e1cticas y una normativa espec\u00edfica que reduzca el impacto del cableado en las fachadas - Sindicatura de Greuges de Barcelona<\/title>\n<meta name=\"description\" content=\"Tambi\u00e9n se deber\u00edan homogeneizar las pr\u00e1cticas en los diferentes distritos, realizar campa\u00f1as de difusi\u00f3n en el vecindario y un seguimiento de las medidas implantadas.\" \/>\n<meta name=\"robots\" content=\"index, follow, max-snippet:-1, max-image-preview:large, max-video-preview:-1\" \/>\n<link rel=\"canonical\" href=\"https:\/\/www.sindicaturabarcelona.cat\/es\/la-sindicatura-insisteix-cal-una-guia-bones-practiques-una-normativa-especifica-redueixi-limpacte-del-cablejat-a-les-facanes\/\" \/>\n<meta property=\"og:locale\" content=\"es_ES\" \/>\n<meta property=\"og:type\" content=\"article\" \/>\n<meta property=\"og:title\" content=\"La Sindicatura insiste en que es necesaria una gu\u00eda de buenas pr\u00e1cticas y una normativa espec\u00edfica que reduzca el impacto del cableado en las fachadas - Sindicatura de Greuges de Barcelona\" \/>\n<meta property=\"og:description\" content=\"Tambi\u00e9n se deber\u00edan homogeneizar las pr\u00e1cticas en los diferentes distritos, realizar campa\u00f1as de difusi\u00f3n en el vecindario y un seguimiento de las medidas implantadas.\" \/>\n<meta property=\"og:url\" content=\"https:\/\/www.sindicaturabarcelona.cat\/es\/la-sindicatura-insisteix-cal-una-guia-bones-practiques-una-normativa-especifica-redueixi-limpacte-del-cablejat-a-les-facanes\/\" \/>\n<meta property=\"og:site_name\" content=\"Sindicatura de Greuges de Barcelona\" \/>\n<meta property=\"article:published_time\" content=\"2025-07-11T06:14:35+00:00\" \/>\n<meta property=\"article:modified_time\" content=\"2025-07-11T08:57:35+00:00\" \/>\n<meta property=\"og:image\" content=\"https:\/\/www.sindicaturabarcelona.cat\/wp-content\/uploads\/cables-150325-3-1024x576-2.jpg\" \/>\n\t<meta property=\"og:image:width\" content=\"1024\" \/>\n\t<meta property=\"og:image:height\" content=\"576\" \/>\n\t<meta property=\"og:image:type\" content=\"image\/jpeg\" \/>\n<meta name=\"author\" content=\"Pablo\" \/>\n<meta name=\"twitter:card\" content=\"summary_large_image\" \/>\n<meta name=\"twitter:creator\" content=\"@sindicbarcelona\" \/>\n<meta name=\"twitter:site\" content=\"@sindicbarcelona\" \/>\n<meta name=\"twitter:label1\" content=\"Escrito por\" \/>\n\t<meta name=\"twitter:data1\" content=\"Pablo\" \/>\n\t<meta name=\"twitter:label2\" content=\"Tiempo de lectura\" \/>\n\t<meta name=\"twitter:data2\" content=\"4 minutos\" \/>\n<script type=\"application\/ld+json\" class=\"yoast-schema-graph\">{\"@context\":\"https:\\\/\\\/schema.org\",\"@graph\":[{\"@type\":\"Article\",\"@id\":\"https:\\\/\\\/www.sindicaturabarcelona.cat\\\/es\\\/la-sindicatura-insisteix-cal-una-guia-bones-practiques-una-normativa-especifica-redueixi-limpacte-del-cablejat-a-les-facanes\\\/#article\",\"isPartOf\":{\"@id\":\"https:\\\/\\\/www.sindicaturabarcelona.cat\\\/es\\\/la-sindicatura-insisteix-cal-una-guia-bones-practiques-una-normativa-especifica-redueixi-limpacte-del-cablejat-a-les-facanes\\\/\"},\"author\":{\"name\":\"Pablo\",\"@id\":\"https:\\\/\\\/www.sindicaturabarcelona.cat\\\/es\\\/#\\\/schema\\\/person\\\/0e5acffc350ffdbc97578159322c9452\"},\"headline\":\"La Sindicatura insiste en que es necesaria una gu\u00eda de buenas pr\u00e1cticas y una normativa espec\u00edfica que reduzca el impacto del cableado en las fachadas\",\"datePublished\":\"2025-07-11T06:14:35+00:00\",\"dateModified\":\"2025-07-11T08:57:35+00:00\",\"mainEntityOfPage\":{\"@id\":\"https:\\\/\\\/www.sindicaturabarcelona.cat\\\/es\\\/la-sindicatura-insisteix-cal-una-guia-bones-practiques-una-normativa-especifica-redueixi-limpacte-del-cablejat-a-les-facanes\\\/\"},\"wordCount\":697,\"publisher\":{\"@id\":\"https:\\\/\\\/www.sindicaturabarcelona.cat\\\/es\\\/#organization\"},\"image\":{\"@id\":\"https:\\\/\\\/www.sindicaturabarcelona.cat\\\/es\\\/la-sindicatura-insisteix-cal-una-guia-bones-practiques-una-normativa-especifica-redueixi-limpacte-del-cablejat-a-les-facanes\\\/#primaryimage\"},\"thumbnailUrl\":\"https:\\\/\\\/www.sindicaturabarcelona.cat\\\/wp-content\\\/uploads\\\/cables-150325-3-1024x576-2.jpg\",\"inLanguage\":\"es\"},{\"@type\":\"WebPage\",\"@id\":\"https:\\\/\\\/www.sindicaturabarcelona.cat\\\/es\\\/la-sindicatura-insisteix-cal-una-guia-bones-practiques-una-normativa-especifica-redueixi-limpacte-del-cablejat-a-les-facanes\\\/\",\"url\":\"https:\\\/\\\/www.sindicaturabarcelona.cat\\\/es\\\/la-sindicatura-insisteix-cal-una-guia-bones-practiques-una-normativa-especifica-redueixi-limpacte-del-cablejat-a-les-facanes\\\/\",\"name\":\"La Sindicatura insiste en que es necesaria una gu\u00eda de buenas pr\u00e1cticas y una normativa espec\u00edfica que reduzca el impacto del cableado en las fachadas - Sindicatura de Greuges de Barcelona\",\"isPartOf\":{\"@id\":\"https:\\\/\\\/www.sindicaturabarcelona.cat\\\/es\\\/#website\"},\"primaryImageOfPage\":{\"@id\":\"https:\\\/\\\/www.sindicaturabarcelona.cat\\\/es\\\/la-sindicatura-insisteix-cal-una-guia-bones-practiques-una-normativa-especifica-redueixi-limpacte-del-cablejat-a-les-facanes\\\/#primaryimage\"},\"image\":{\"@id\":\"https:\\\/\\\/www.sindicaturabarcelona.cat\\\/es\\\/la-sindicatura-insisteix-cal-una-guia-bones-practiques-una-normativa-especifica-redueixi-limpacte-del-cablejat-a-les-facanes\\\/#primaryimage\"},\"thumbnailUrl\":\"https:\\\/\\\/www.sindicaturabarcelona.cat\\\/wp-content\\\/uploads\\\/cables-150325-3-1024x576-2.jpg\",\"datePublished\":\"2025-07-11T06:14:35+00:00\",\"dateModified\":\"2025-07-11T08:57:35+00:00\",\"description\":\"Tambi\u00e9n se deber\u00edan homogeneizar las pr\u00e1cticas en los diferentes distritos, realizar campa\u00f1as de difusi\u00f3n en el vecindario y un seguimiento de las medidas implantadas.\",\"breadcrumb\":{\"@id\":\"https:\\\/\\\/www.sindicaturabarcelona.cat\\\/es\\\/la-sindicatura-insisteix-cal-una-guia-bones-practiques-una-normativa-especifica-redueixi-limpacte-del-cablejat-a-les-facanes\\\/#breadcrumb\"},\"inLanguage\":\"es\",\"potentialAction\":[{\"@type\":\"ReadAction\",\"target\":[\"https:\\\/\\\/www.sindicaturabarcelona.cat\\\/es\\\/la-sindicatura-insisteix-cal-una-guia-bones-practiques-una-normativa-especifica-redueixi-limpacte-del-cablejat-a-les-facanes\\\/\"]}]},{\"@type\":\"ImageObject\",\"inLanguage\":\"es\",\"@id\":\"https:\\\/\\\/www.sindicaturabarcelona.cat\\\/es\\\/la-sindicatura-insisteix-cal-una-guia-bones-practiques-una-normativa-especifica-redueixi-limpacte-del-cablejat-a-les-facanes\\\/#primaryimage\",\"url\":\"https:\\\/\\\/www.sindicaturabarcelona.cat\\\/wp-content\\\/uploads\\\/cables-150325-3-1024x576-2.jpg\",\"contentUrl\":\"https:\\\/\\\/www.sindicaturabarcelona.cat\\\/wp-content\\\/uploads\\\/cables-150325-3-1024x576-2.jpg\",\"width\":1024,\"height\":576},{\"@type\":\"BreadcrumbList\",\"@id\":\"https:\\\/\\\/www.sindicaturabarcelona.cat\\\/es\\\/la-sindicatura-insisteix-cal-una-guia-bones-practiques-una-normativa-especifica-redueixi-limpacte-del-cablejat-a-les-facanes\\\/#breadcrumb\",\"itemListElement\":[{\"@type\":\"ListItem\",\"position\":1,\"name\":\"Inici\",\"item\":\"https:\\\/\\\/www.sindicaturabarcelona.cat\\\/es\\\/\"},{\"@type\":\"ListItem\",\"position\":2,\"name\":\"La Sindicatura insiste en que es necesaria una gu\u00eda de buenas pr\u00e1cticas y una normativa espec\u00edfica que reduzca el impacto del cableado en las fachadas\"}]},{\"@type\":\"WebSite\",\"@id\":\"https:\\\/\\\/www.sindicaturabarcelona.cat\\\/es\\\/#website\",\"url\":\"https:\\\/\\\/www.sindicaturabarcelona.cat\\\/es\\\/\",\"name\":\"Sindicatura de Greuges de Barcelona\",\"description\":\"La defensoria dels teus drets\",\"publisher\":{\"@id\":\"https:\\\/\\\/www.sindicaturabarcelona.cat\\\/es\\\/#organization\"},\"potentialAction\":[{\"@type\":\"SearchAction\",\"target\":{\"@type\":\"EntryPoint\",\"urlTemplate\":\"https:\\\/\\\/www.sindicaturabarcelona.cat\\\/es\\\/?s={search_term_string}\"},\"query-input\":{\"@type\":\"PropertyValueSpecification\",\"valueRequired\":true,\"valueName\":\"search_term_string\"}}],\"inLanguage\":\"es\"},{\"@type\":\"Organization\",\"@id\":\"https:\\\/\\\/www.sindicaturabarcelona.cat\\\/es\\\/#organization\",\"name\":\"Sindicatura de Greuges de Barcelona\",\"url\":\"https:\\\/\\\/www.sindicaturabarcelona.cat\\\/es\\\/\",\"logo\":{\"@type\":\"ImageObject\",\"inLanguage\":\"es\",\"@id\":\"https:\\\/\\\/www.sindicaturabarcelona.cat\\\/es\\\/#\\\/schema\\\/logo\\\/image\\\/\",\"url\":\"https:\\\/\\\/www.sindicaturabarcelona.cat\\\/wp-content\\\/uploads\\\/2023\\\/02\\\/logo_sindicatura.svg\",\"contentUrl\":\"https:\\\/\\\/www.sindicaturabarcelona.cat\\\/wp-content\\\/uploads\\\/2023\\\/02\\\/logo_sindicatura.svg\",\"caption\":\"Sindicatura de Greuges de Barcelona\"},\"image\":{\"@id\":\"https:\\\/\\\/www.sindicaturabarcelona.cat\\\/es\\\/#\\\/schema\\\/logo\\\/image\\\/\"},\"sameAs\":[\"https:\\\/\\\/x.com\\\/sindicbarcelona\",\"https:\\\/\\\/www.instagram.com\\\/sindicbarcelona\\\/\",\"https:\\\/\\\/www.tiktok.com\\\/@sindicaturabcn\",\"https:\\\/\\\/t.me\\\/sindicaturabarcelona\"]},{\"@type\":\"Person\",\"@id\":\"https:\\\/\\\/www.sindicaturabarcelona.cat\\\/es\\\/#\\\/schema\\\/person\\\/0e5acffc350ffdbc97578159322c9452\",\"name\":\"Pablo\",\"image\":{\"@type\":\"ImageObject\",\"inLanguage\":\"es\",\"@id\":\"https:\\\/\\\/secure.gravatar.com\\\/avatar\\\/c948169b402ef9492afde705c3dfd5e90e1a6a84ef6840a91124f805a25a480f?s=96&d=mm&r=g\",\"url\":\"https:\\\/\\\/secure.gravatar.com\\\/avatar\\\/c948169b402ef9492afde705c3dfd5e90e1a6a84ef6840a91124f805a25a480f?s=96&d=mm&r=g\",\"contentUrl\":\"https:\\\/\\\/secure.gravatar.com\\\/avatar\\\/c948169b402ef9492afde705c3dfd5e90e1a6a84ef6840a91124f805a25a480f?s=96&d=mm&r=g\",\"caption\":\"Pablo\"},\"url\":\"https:\\\/\\\/www.sindicaturabarcelona.cat\\\/es\\\/author\\\/pablo\\\/\"}]}<\/script>\n<!-- \/ Yoast SEO plugin. -->","yoast_head_json":{"title":"La Sindicatura insiste en que es necesaria una gu\u00eda de buenas pr\u00e1cticas y una normativa espec\u00edfica que reduzca el impacto del cableado en las fachadas - Sindicatura de Greuges de Barcelona","description":"Tambi\u00e9n se deber\u00edan homogeneizar las pr\u00e1cticas en los diferentes distritos, realizar campa\u00f1as de difusi\u00f3n en el vecindario y un seguimiento de las medidas implantadas.","robots":{"index":"index","follow":"follow","max-snippet":"max-snippet:-1","max-image-preview":"max-image-preview:large","max-video-preview":"max-video-preview:-1"},"canonical":"https:\/\/www.sindicaturabarcelona.cat\/es\/la-sindicatura-insisteix-cal-una-guia-bones-practiques-una-normativa-especifica-redueixi-limpacte-del-cablejat-a-les-facanes\/","og_locale":"es_ES","og_type":"article","og_title":"La Sindicatura insiste en que es necesaria una gu\u00eda de buenas pr\u00e1cticas y una normativa espec\u00edfica que reduzca el impacto del cableado en las fachadas - Sindicatura de Greuges de Barcelona","og_description":"Tambi\u00e9n se deber\u00edan homogeneizar las pr\u00e1cticas en los diferentes distritos, realizar campa\u00f1as de difusi\u00f3n en el vecindario y un seguimiento de las medidas implantadas.","og_url":"https:\/\/www.sindicaturabarcelona.cat\/es\/la-sindicatura-insisteix-cal-una-guia-bones-practiques-una-normativa-especifica-redueixi-limpacte-del-cablejat-a-les-facanes\/","og_site_name":"Sindicatura de Greuges de Barcelona","article_published_time":"2025-07-11T06:14:35+00:00","article_modified_time":"2025-07-11T08:57:35+00:00","og_image":[{"width":1024,"height":576,"url":"https:\/\/www.sindicaturabarcelona.cat\/wp-content\/uploads\/cables-150325-3-1024x576-2.jpg","type":"image\/jpeg"}],"author":"Pablo","twitter_card":"summary_large_image","twitter_creator":"@sindicbarcelona","twitter_site":"@sindicbarcelona","twitter_misc":{"Escrito por":"Pablo","Tiempo de lectura":"4 minutos"},"schema":{"@context":"https:\/\/schema.org","@graph":[{"@type":"Article","@id":"https:\/\/www.sindicaturabarcelona.cat\/es\/la-sindicatura-insisteix-cal-una-guia-bones-practiques-una-normativa-especifica-redueixi-limpacte-del-cablejat-a-les-facanes\/#article","isPartOf":{"@id":"https:\/\/www.sindicaturabarcelona.cat\/es\/la-sindicatura-insisteix-cal-una-guia-bones-practiques-una-normativa-especifica-redueixi-limpacte-del-cablejat-a-les-facanes\/"},"author":{"name":"Pablo","@id":"https:\/\/www.sindicaturabarcelona.cat\/es\/#\/schema\/person\/0e5acffc350ffdbc97578159322c9452"},"headline":"La Sindicatura insiste en que es necesaria una gu\u00eda de buenas pr\u00e1cticas y una normativa espec\u00edfica que reduzca el impacto del cableado en las fachadas","datePublished":"2025-07-11T06:14:35+00:00","dateModified":"2025-07-11T08:57:35+00:00","mainEntityOfPage":{"@id":"https:\/\/www.sindicaturabarcelona.cat\/es\/la-sindicatura-insisteix-cal-una-guia-bones-practiques-una-normativa-especifica-redueixi-limpacte-del-cablejat-a-les-facanes\/"},"wordCount":697,"publisher":{"@id":"https:\/\/www.sindicaturabarcelona.cat\/es\/#organization"},"image":{"@id":"https:\/\/www.sindicaturabarcelona.cat\/es\/la-sindicatura-insisteix-cal-una-guia-bones-practiques-una-normativa-especifica-redueixi-limpacte-del-cablejat-a-les-facanes\/#primaryimage"},"thumbnailUrl":"https:\/\/www.sindicaturabarcelona.cat\/wp-content\/uploads\/cables-150325-3-1024x576-2.jpg","inLanguage":"es"},{"@type":"WebPage","@id":"https:\/\/www.sindicaturabarcelona.cat\/es\/la-sindicatura-insisteix-cal-una-guia-bones-practiques-una-normativa-especifica-redueixi-limpacte-del-cablejat-a-les-facanes\/","url":"https:\/\/www.sindicaturabarcelona.cat\/es\/la-sindicatura-insisteix-cal-una-guia-bones-practiques-una-normativa-especifica-redueixi-limpacte-del-cablejat-a-les-facanes\/","name":"La Sindicatura insiste en que es necesaria una gu\u00eda de buenas pr\u00e1cticas y una normativa espec\u00edfica que reduzca el impacto del cableado en las fachadas - Sindicatura de Greuges de Barcelona","isPartOf":{"@id":"https:\/\/www.sindicaturabarcelona.cat\/es\/#website"},"primaryImageOfPage":{"@id":"https:\/\/www.sindicaturabarcelona.cat\/es\/la-sindicatura-insisteix-cal-una-guia-bones-practiques-una-normativa-especifica-redueixi-limpacte-del-cablejat-a-les-facanes\/#primaryimage"},"image":{"@id":"https:\/\/www.sindicaturabarcelona.cat\/es\/la-sindicatura-insisteix-cal-una-guia-bones-practiques-una-normativa-especifica-redueixi-limpacte-del-cablejat-a-les-facanes\/#primaryimage"},"thumbnailUrl":"https:\/\/www.sindicaturabarcelona.cat\/wp-content\/uploads\/cables-150325-3-1024x576-2.jpg","datePublished":"2025-07-11T06:14:35+00:00","dateModified":"2025-07-11T08:57:35+00:00","description":"Tambi\u00e9n se deber\u00edan homogeneizar las pr\u00e1cticas en los diferentes distritos, realizar campa\u00f1as de difusi\u00f3n en el vecindario y un seguimiento de las medidas implantadas.","breadcrumb":{"@id":"https:\/\/www.sindicaturabarcelona.cat\/es\/la-sindicatura-insisteix-cal-una-guia-bones-practiques-una-normativa-especifica-redueixi-limpacte-del-cablejat-a-les-facanes\/#breadcrumb"},"inLanguage":"es","potentialAction":[{"@type":"ReadAction","target":["https:\/\/www.sindicaturabarcelona.cat\/es\/la-sindicatura-insisteix-cal-una-guia-bones-practiques-una-normativa-especifica-redueixi-limpacte-del-cablejat-a-les-facanes\/"]}]},{"@type":"ImageObject","inLanguage":"es","@id":"https:\/\/www.sindicaturabarcelona.cat\/es\/la-sindicatura-insisteix-cal-una-guia-bones-practiques-una-normativa-especifica-redueixi-limpacte-del-cablejat-a-les-facanes\/#primaryimage","url":"https:\/\/www.sindicaturabarcelona.cat\/wp-content\/uploads\/cables-150325-3-1024x576-2.jpg","contentUrl":"https:\/\/www.sindicaturabarcelona.cat\/wp-content\/uploads\/cables-150325-3-1024x576-2.jpg","width":1024,"height":576},{"@type":"BreadcrumbList","@id":"https:\/\/www.sindicaturabarcelona.cat\/es\/la-sindicatura-insisteix-cal-una-guia-bones-practiques-una-normativa-especifica-redueixi-limpacte-del-cablejat-a-les-facanes\/#breadcrumb","itemListElement":[{"@type":"ListItem","position":1,"name":"Inici","item":"https:\/\/www.sindicaturabarcelona.cat\/es\/"},{"@type":"ListItem","position":2,"name":"La Sindicatura insiste en que es necesaria una gu\u00eda de buenas pr\u00e1cticas y una normativa espec\u00edfica que reduzca el impacto del cableado en las fachadas"}]},{"@type":"WebSite","@id":"https:\/\/www.sindicaturabarcelona.cat\/es\/#website","url":"https:\/\/www.sindicaturabarcelona.cat\/es\/","name":"Sindicatura de Greuges de Barcelona","description":"La defensoria dels teus drets","publisher":{"@id":"https:\/\/www.sindicaturabarcelona.cat\/es\/#organization"},"potentialAction":[{"@type":"SearchAction","target":{"@type":"EntryPoint","urlTemplate":"https:\/\/www.sindicaturabarcelona.cat\/es\/?s={search_term_string}"},"query-input":{"@type":"PropertyValueSpecification","valueRequired":true,"valueName":"search_term_string"}}],"inLanguage":"es"},{"@type":"Organization","@id":"https:\/\/www.sindicaturabarcelona.cat\/es\/#organization","name":"Sindicatura de Greuges de Barcelona","url":"https:\/\/www.sindicaturabarcelona.cat\/es\/","logo":{"@type":"ImageObject","inLanguage":"es","@id":"https:\/\/www.sindicaturabarcelona.cat\/es\/#\/schema\/logo\/image\/","url":"https:\/\/www.sindicaturabarcelona.cat\/wp-content\/uploads\/2023\/02\/logo_sindicatura.svg","contentUrl":"https:\/\/www.sindicaturabarcelona.cat\/wp-content\/uploads\/2023\/02\/logo_sindicatura.svg","caption":"Sindicatura de Greuges de Barcelona"},"image":{"@id":"https:\/\/www.sindicaturabarcelona.cat\/es\/#\/schema\/logo\/image\/"},"sameAs":["https:\/\/x.com\/sindicbarcelona","https:\/\/www.instagram.com\/sindicbarcelona\/","https:\/\/www.tiktok.com\/@sindicaturabcn","https:\/\/t.me\/sindicaturabarcelona"]},{"@type":"Person","@id":"https:\/\/www.sindicaturabarcelona.cat\/es\/#\/schema\/person\/0e5acffc350ffdbc97578159322c9452","name":"Pablo","image":{"@type":"ImageObject","inLanguage":"es","@id":"https:\/\/secure.gravatar.com\/avatar\/c948169b402ef9492afde705c3dfd5e90e1a6a84ef6840a91124f805a25a480f?s=96&d=mm&r=g","url":"https:\/\/secure.gravatar.com\/avatar\/c948169b402ef9492afde705c3dfd5e90e1a6a84ef6840a91124f805a25a480f?s=96&d=mm&r=g","contentUrl":"https:\/\/secure.gravatar.com\/avatar\/c948169b402ef9492afde705c3dfd5e90e1a6a84ef6840a91124f805a25a480f?s=96&d=mm&r=g","caption":"Pablo"},"url":"https:\/\/www.sindicaturabarcelona.cat\/es\/author\/pablo\/"}]}},"_links":{"self":[{"href":"https:\/\/www.sindicaturabarcelona.cat\/es\/wp-json\/wp\/v2\/posts\/38164","targetHints":{"allow":["GET"]}}],"collection":[{"href":"https:\/\/www.sindicaturabarcelona.cat\/es\/wp-json\/wp\/v2\/posts"}],"about":[{"href":"https:\/\/www.sindicaturabarcelona.cat\/es\/wp-json\/wp\/v2\/types\/post"}],"author":[{"embeddable":true,"href":"https:\/\/www.sindicaturabarcelona.cat\/es\/wp-json\/wp\/v2\/users\/2"}],"replies":[{"embeddable":true,"href":"https:\/\/www.sindicaturabarcelona.cat\/es\/wp-json\/wp\/v2\/comments?post=38164"}],"version-history":[{"count":6,"href":"https:\/\/www.sindicaturabarcelona.cat\/es\/wp-json\/wp\/v2\/posts\/38164\/revisions"}],"predecessor-version":[{"id":38182,"href":"https:\/\/www.sindicaturabarcelona.cat\/es\/wp-json\/wp\/v2\/posts\/38164\/revisions\/38182"}],"wp:featuredmedia":[{"embeddable":true,"href":"https:\/\/www.sindicaturabarcelona.cat\/es\/wp-json\/wp\/v2\/media\/38169"}],"wp:attachment":[{"href":"https:\/\/www.sindicaturabarcelona.cat\/es\/wp-json\/wp\/v2\/media?parent=38164"}],"wp:term":[{"taxonomy":"post_tag","embeddable":true,"href":"https:\/\/www.sindicaturabarcelona.cat\/es\/wp-json\/wp\/v2\/tags?post=38164"},{"taxonomy":"drets","embeddable":true,"href":"https:\/\/www.sindicaturabarcelona.cat\/es\/wp-json\/wp\/v2\/drets?post=38164"}],"curies":[{"name":"wp","href":"https:\/\/api.w.org\/{rel}","templated":true}]}}