{"id":37971,"date":"2025-06-27T08:00:00","date_gmt":"2025-06-27T06:00:00","guid":{"rendered":"https:\/\/www.sindicaturabarcelona.cat\/?p=37971"},"modified":"2025-07-11T14:12:03","modified_gmt":"2025-07-11T12:12:03","slug":"la-sindicatura-no-satura-al-juliol-serem-presents-al-territori-de-tres-districtes-de-la-ciutat","status":"publish","type":"post","link":"https:\/\/www.sindicaturabarcelona.cat\/es\/la-sindicatura-no-satura-al-juliol-serem-presents-al-territori-de-tres-districtes-de-la-ciutat\/","title":{"rendered":"La Sindicatura no se detiene en julio: estaremos presentes en el territorio de tres distritos"},"content":{"rendered":"\n<h2 class=\"wp-block-heading\"><strong>Durante la primera quincena del mes, el s\u00edndic, David Bondia, y miembros de su equipo visitar\u00e1n el Eixample, Nou Barris y Sant Andreu.<\/strong><\/h2>\n\n\n\n<p>Concretamente, las pr\u00f3ximas visitas ser\u00e1n las siguientes:<\/p>\n\n\n\n<ul class=\"wp-block-list\">\n<li><strong>Mi\u00e9rcoles 2 de julio, en la Esquerra de l&#8217;Eixample, de 9.30 a 18 horas<\/strong>. Ser\u00e1 una <strong>Sindicatura itinerante<\/strong>, en la que nos trasladamos a un equipamiento de proximidad (en este caso, al <a href=\"https:\/\/www.ccurgell.cat\/\" target=\"_blank\" rel=\"noreferrer noopener\">Centro C\u00edvico Urgell<\/a>) para recoger las quejas de la ciudadan\u00eda, sin necesidad de que \u00e9sta se desplace a nuestra sede. Para participar, es necesario <strong>inscribirse en el tel\u00e9fono 93 413 29 00<\/strong>.<\/li>\n<\/ul>\n\n\n\n<ul class=\"wp-block-list\">\n<li><strong>Lunes 7 de julio, en el Tur\u00f3 de la Peira y en Can Peguera, de 19 a 21 horas<\/strong>. Ser\u00e1 una <strong>Sindicatura cerca de ti<\/strong>, en la que conversamos con el vecindario de la ciudad sobre lo que les preocupa, ya que el di\u00e1logo con la ciudadan\u00eda hace que las soluciones propuestas sean m\u00e1s efectivas y respondan mejor a las necesidades y experiencias de las personas.<\/li>\n<\/ul>\n\n\n\n<ul class=\"wp-block-list\">\n<li><strong>Mi\u00e9rcoles 9 de julio, en Bon Pastor, de 9.30 a 18 horas<\/strong>. Ser\u00e1 una <strong>Sindicatura a pie de calle<\/strong>, en la que durante todo un d\u00eda conocemos las principales problem\u00e1ticas y inquietudes de cada uno de los 73 barrios, ya que la mejor manera de descubrir qu\u00e9 pasa en la ciudad es caminando de la mano de las personas que m\u00e1s saben, el vecindario.<\/li>\n<\/ul>\n\n\n\n<p>Con estas tres, <strong>la Sindicatura ya habr\u00e1 realizado este a\u00f1o un total de 12 visitas a 16 barrios diferentes, y en 9 de los 10 distritos de la ciudad<\/strong>. En diciembre del a\u00f1o pasado, ya se cumpli\u00f3 el <a href=\"https:\/\/www.sindicaturabarcelona.cat\/es\/la-sindicatura-ya-ha-visitado-los-73-barrios-de-barcelona-dentro-del-programa-de-presencia-en-el-territorio\/\" target=\"_blank\" rel=\"noreferrer noopener\">objetivo de visitar todos los barrios de Barcelona<\/a>, \u200b\u200bdentro del programa de <a href=\"https:\/\/www.sindicaturabarcelona.cat\/es\/presencia-en-el-territorio\/\" target=\"_blank\" rel=\"noreferrer noopener\">Presencia en el territorio<\/a>, y el objetivo es visitarlos todos al menos dos veces antes de terminar el mandato.<\/p>\n\n\n\n<p>Adem\u00e1s de estos tres programas, <strong>la Sindicatura tambi\u00e9n se desplaza a los institutos de la ciudad para debatir con el alumnado sobre qu\u00e9 quejas tienen<\/strong>, c\u00f3mo mejorar\u00edan su barrio, si creen que participan en las decisiones de ciudad y consideran que se les tiene en cuenta, etc.<\/p>\n\n\n\n<p>Puedes obtener <strong>m\u00e1s informaci\u00f3n<\/strong> sobre estas y otras actividades que realiza la Sindicatura <a href=\"https:\/\/www.sindicaturabarcelona.cat\/ca\/agenda\/\" target=\"_blank\" rel=\"noreferrer noopener\">en nuestra agenda<\/a>. Y si quieres m\u00e1s sobre las visitas al territorio que se realizaron el pasado a\u00f1o, <a href=\"https:\/\/interactiu.sindicatura.barcelona\/\" target=\"_blank\" rel=\"noreferrer noopener\">consulta el \u00faltimo informe anual<\/a>.<\/p>\n\n\n\n<p><\/p>\n","protected":false},"excerpt":{"rendered":"<p>Durante la primera quincena del mes, el s\u00edndic, David Bondia, y miembros de su equipo visitar\u00e1n el Eixample, Nou Barris y Sant Andreu. Concretamente, las pr\u00f3ximas visitas ser\u00e1n las siguientes: [&hellip;]<\/p>\n","protected":false},"author":2,"featured_media":38196,"comment_status":"closed","ping_status":"closed","sticky":false,"template":"","format":"standard","meta":{"_acf_changed":false,"footnotes":""},"tags":[],"drets":[1567,1573],"class_list":["post-37971","post","type-post","status-publish","format-standard","has-post-thumbnail","hentry","drets-ciudad-diversa","drets-derechos-de-participacion"],"acf":[],"yoast_head":"<!-- This site is optimized with the Yoast SEO plugin v27.5 - https:\/\/yoast.com\/product\/yoast-seo-wordpress\/ -->\n<title>La Sindicatura no se detiene en julio: estaremos presentes en el territorio de tres distritos - Sindicatura de Greuges de Barcelona<\/title>\n<meta name=\"description\" content=\"Durante la primera quincena del mes, el s\u00edndic, David Bondia, y miembros de su equipo visitar\u00e1n el Eixample, Nou Barris y Sant Andreu.\" \/>\n<meta name=\"robots\" content=\"index, follow, max-snippet:-1, max-image-preview:large, max-video-preview:-1\" \/>\n<link rel=\"canonical\" href=\"https:\/\/www.sindicaturabarcelona.cat\/es\/la-sindicatura-no-satura-al-juliol-serem-presents-al-territori-de-tres-districtes-de-la-ciutat\/\" \/>\n<meta property=\"og:locale\" content=\"es_ES\" \/>\n<meta property=\"og:type\" content=\"article\" \/>\n<meta property=\"og:title\" content=\"La Sindicatura no se detiene en julio: estaremos presentes en el territorio de tres distritos - Sindicatura de Greuges de Barcelona\" \/>\n<meta property=\"og:description\" content=\"Durante la primera quincena del mes, el s\u00edndic, David Bondia, y miembros de su equipo visitar\u00e1n el Eixample, Nou Barris y Sant Andreu.\" \/>\n<meta property=\"og:url\" content=\"https:\/\/www.sindicaturabarcelona.cat\/es\/la-sindicatura-no-satura-al-juliol-serem-presents-al-territori-de-tres-districtes-de-la-ciutat\/\" \/>\n<meta property=\"og:site_name\" content=\"Sindicatura de Greuges de Barcelona\" \/>\n<meta property=\"article:published_time\" content=\"2025-06-27T06:00:00+00:00\" \/>\n<meta property=\"article:modified_time\" content=\"2025-07-11T12:12:03+00:00\" \/>\n<meta property=\"og:image\" content=\"https:\/\/www.sindicaturabarcelona.cat\/wp-content\/uploads\/KM4A1981-1-scaled.jpg\" \/>\n\t<meta property=\"og:image:width\" content=\"2560\" \/>\n\t<meta property=\"og:image:height\" content=\"1707\" \/>\n\t<meta property=\"og:image:type\" content=\"image\/jpeg\" \/>\n<meta name=\"author\" content=\"Pablo\" \/>\n<meta name=\"twitter:card\" content=\"summary_large_image\" \/>\n<meta name=\"twitter:creator\" content=\"@sindicbarcelona\" \/>\n<meta name=\"twitter:site\" content=\"@sindicbarcelona\" \/>\n<meta name=\"twitter:label1\" content=\"Escrito por\" \/>\n\t<meta name=\"twitter:data1\" content=\"Pablo\" \/>\n\t<meta name=\"twitter:label2\" content=\"Tiempo de lectura\" \/>\n\t<meta name=\"twitter:data2\" content=\"3 minutos\" \/>\n<script type=\"application\/ld+json\" class=\"yoast-schema-graph\">{\"@context\":\"https:\\\/\\\/schema.org\",\"@graph\":[{\"@type\":\"Article\",\"@id\":\"https:\\\/\\\/www.sindicaturabarcelona.cat\\\/es\\\/la-sindicatura-no-satura-al-juliol-serem-presents-al-territori-de-tres-districtes-de-la-ciutat\\\/#article\",\"isPartOf\":{\"@id\":\"https:\\\/\\\/www.sindicaturabarcelona.cat\\\/es\\\/la-sindicatura-no-satura-al-juliol-serem-presents-al-territori-de-tres-districtes-de-la-ciutat\\\/\"},\"author\":{\"name\":\"Pablo\",\"@id\":\"https:\\\/\\\/www.sindicaturabarcelona.cat\\\/es\\\/#\\\/schema\\\/person\\\/0e5acffc350ffdbc97578159322c9452\"},\"headline\":\"La Sindicatura no se detiene en julio: estaremos presentes en el territorio de tres distritos\",\"datePublished\":\"2025-06-27T06:00:00+00:00\",\"dateModified\":\"2025-07-11T12:12:03+00:00\",\"mainEntityOfPage\":{\"@id\":\"https:\\\/\\\/www.sindicaturabarcelona.cat\\\/es\\\/la-sindicatura-no-satura-al-juliol-serem-presents-al-territori-de-tres-districtes-de-la-ciutat\\\/\"},\"wordCount\":399,\"publisher\":{\"@id\":\"https:\\\/\\\/www.sindicaturabarcelona.cat\\\/es\\\/#organization\"},\"image\":{\"@id\":\"https:\\\/\\\/www.sindicaturabarcelona.cat\\\/es\\\/la-sindicatura-no-satura-al-juliol-serem-presents-al-territori-de-tres-districtes-de-la-ciutat\\\/#primaryimage\"},\"thumbnailUrl\":\"https:\\\/\\\/www.sindicaturabarcelona.cat\\\/wp-content\\\/uploads\\\/KM4A1981-1-scaled.jpg\",\"inLanguage\":\"es\"},{\"@type\":\"WebPage\",\"@id\":\"https:\\\/\\\/www.sindicaturabarcelona.cat\\\/es\\\/la-sindicatura-no-satura-al-juliol-serem-presents-al-territori-de-tres-districtes-de-la-ciutat\\\/\",\"url\":\"https:\\\/\\\/www.sindicaturabarcelona.cat\\\/es\\\/la-sindicatura-no-satura-al-juliol-serem-presents-al-territori-de-tres-districtes-de-la-ciutat\\\/\",\"name\":\"La Sindicatura no se detiene en julio: estaremos presentes en el territorio de tres distritos - Sindicatura de Greuges de Barcelona\",\"isPartOf\":{\"@id\":\"https:\\\/\\\/www.sindicaturabarcelona.cat\\\/es\\\/#website\"},\"primaryImageOfPage\":{\"@id\":\"https:\\\/\\\/www.sindicaturabarcelona.cat\\\/es\\\/la-sindicatura-no-satura-al-juliol-serem-presents-al-territori-de-tres-districtes-de-la-ciutat\\\/#primaryimage\"},\"image\":{\"@id\":\"https:\\\/\\\/www.sindicaturabarcelona.cat\\\/es\\\/la-sindicatura-no-satura-al-juliol-serem-presents-al-territori-de-tres-districtes-de-la-ciutat\\\/#primaryimage\"},\"thumbnailUrl\":\"https:\\\/\\\/www.sindicaturabarcelona.cat\\\/wp-content\\\/uploads\\\/KM4A1981-1-scaled.jpg\",\"datePublished\":\"2025-06-27T06:00:00+00:00\",\"dateModified\":\"2025-07-11T12:12:03+00:00\",\"description\":\"Durante la primera quincena del mes, el s\u00edndic, David Bondia, y miembros de su equipo visitar\u00e1n el Eixample, Nou Barris y Sant Andreu.\",\"breadcrumb\":{\"@id\":\"https:\\\/\\\/www.sindicaturabarcelona.cat\\\/es\\\/la-sindicatura-no-satura-al-juliol-serem-presents-al-territori-de-tres-districtes-de-la-ciutat\\\/#breadcrumb\"},\"inLanguage\":\"es\",\"potentialAction\":[{\"@type\":\"ReadAction\",\"target\":[\"https:\\\/\\\/www.sindicaturabarcelona.cat\\\/es\\\/la-sindicatura-no-satura-al-juliol-serem-presents-al-territori-de-tres-districtes-de-la-ciutat\\\/\"]}]},{\"@type\":\"ImageObject\",\"inLanguage\":\"es\",\"@id\":\"https:\\\/\\\/www.sindicaturabarcelona.cat\\\/es\\\/la-sindicatura-no-satura-al-juliol-serem-presents-al-territori-de-tres-districtes-de-la-ciutat\\\/#primaryimage\",\"url\":\"https:\\\/\\\/www.sindicaturabarcelona.cat\\\/wp-content\\\/uploads\\\/KM4A1981-1-scaled.jpg\",\"contentUrl\":\"https:\\\/\\\/www.sindicaturabarcelona.cat\\\/wp-content\\\/uploads\\\/KM4A1981-1-scaled.jpg\",\"width\":2560,\"height\":1707},{\"@type\":\"BreadcrumbList\",\"@id\":\"https:\\\/\\\/www.sindicaturabarcelona.cat\\\/es\\\/la-sindicatura-no-satura-al-juliol-serem-presents-al-territori-de-tres-districtes-de-la-ciutat\\\/#breadcrumb\",\"itemListElement\":[{\"@type\":\"ListItem\",\"position\":1,\"name\":\"Inici\",\"item\":\"https:\\\/\\\/www.sindicaturabarcelona.cat\\\/es\\\/\"},{\"@type\":\"ListItem\",\"position\":2,\"name\":\"La Sindicatura no se detiene en julio: estaremos presentes en el territorio de tres distritos\"}]},{\"@type\":\"WebSite\",\"@id\":\"https:\\\/\\\/www.sindicaturabarcelona.cat\\\/es\\\/#website\",\"url\":\"https:\\\/\\\/www.sindicaturabarcelona.cat\\\/es\\\/\",\"name\":\"Sindicatura de Greuges de Barcelona\",\"description\":\"La defensoria dels teus drets\",\"publisher\":{\"@id\":\"https:\\\/\\\/www.sindicaturabarcelona.cat\\\/es\\\/#organization\"},\"potentialAction\":[{\"@type\":\"SearchAction\",\"target\":{\"@type\":\"EntryPoint\",\"urlTemplate\":\"https:\\\/\\\/www.sindicaturabarcelona.cat\\\/es\\\/?s={search_term_string}\"},\"query-input\":{\"@type\":\"PropertyValueSpecification\",\"valueRequired\":true,\"valueName\":\"search_term_string\"}}],\"inLanguage\":\"es\"},{\"@type\":\"Organization\",\"@id\":\"https:\\\/\\\/www.sindicaturabarcelona.cat\\\/es\\\/#organization\",\"name\":\"Sindicatura de Greuges de Barcelona\",\"url\":\"https:\\\/\\\/www.sindicaturabarcelona.cat\\\/es\\\/\",\"logo\":{\"@type\":\"ImageObject\",\"inLanguage\":\"es\",\"@id\":\"https:\\\/\\\/www.sindicaturabarcelona.cat\\\/es\\\/#\\\/schema\\\/logo\\\/image\\\/\",\"url\":\"https:\\\/\\\/www.sindicaturabarcelona.cat\\\/wp-content\\\/uploads\\\/2023\\\/02\\\/logo_sindicatura.svg\",\"contentUrl\":\"https:\\\/\\\/www.sindicaturabarcelona.cat\\\/wp-content\\\/uploads\\\/2023\\\/02\\\/logo_sindicatura.svg\",\"caption\":\"Sindicatura de Greuges de Barcelona\"},\"image\":{\"@id\":\"https:\\\/\\\/www.sindicaturabarcelona.cat\\\/es\\\/#\\\/schema\\\/logo\\\/image\\\/\"},\"sameAs\":[\"https:\\\/\\\/x.com\\\/sindicbarcelona\",\"https:\\\/\\\/www.instagram.com\\\/sindicbarcelona\\\/\",\"https:\\\/\\\/www.tiktok.com\\\/@sindicaturabcn\",\"https:\\\/\\\/t.me\\\/sindicaturabarcelona\"]},{\"@type\":\"Person\",\"@id\":\"https:\\\/\\\/www.sindicaturabarcelona.cat\\\/es\\\/#\\\/schema\\\/person\\\/0e5acffc350ffdbc97578159322c9452\",\"name\":\"Pablo\",\"image\":{\"@type\":\"ImageObject\",\"inLanguage\":\"es\",\"@id\":\"https:\\\/\\\/secure.gravatar.com\\\/avatar\\\/c948169b402ef9492afde705c3dfd5e90e1a6a84ef6840a91124f805a25a480f?s=96&d=mm&r=g\",\"url\":\"https:\\\/\\\/secure.gravatar.com\\\/avatar\\\/c948169b402ef9492afde705c3dfd5e90e1a6a84ef6840a91124f805a25a480f?s=96&d=mm&r=g\",\"contentUrl\":\"https:\\\/\\\/secure.gravatar.com\\\/avatar\\\/c948169b402ef9492afde705c3dfd5e90e1a6a84ef6840a91124f805a25a480f?s=96&d=mm&r=g\",\"caption\":\"Pablo\"},\"url\":\"https:\\\/\\\/www.sindicaturabarcelona.cat\\\/es\\\/author\\\/pablo\\\/\"}]}<\/script>\n<!-- \/ Yoast SEO plugin. -->","yoast_head_json":{"title":"La Sindicatura no se detiene en julio: estaremos presentes en el territorio de tres distritos - Sindicatura de Greuges de Barcelona","description":"Durante la primera quincena del mes, el s\u00edndic, David Bondia, y miembros de su equipo visitar\u00e1n el Eixample, Nou Barris y Sant Andreu.","robots":{"index":"index","follow":"follow","max-snippet":"max-snippet:-1","max-image-preview":"max-image-preview:large","max-video-preview":"max-video-preview:-1"},"canonical":"https:\/\/www.sindicaturabarcelona.cat\/es\/la-sindicatura-no-satura-al-juliol-serem-presents-al-territori-de-tres-districtes-de-la-ciutat\/","og_locale":"es_ES","og_type":"article","og_title":"La Sindicatura no se detiene en julio: estaremos presentes en el territorio de tres distritos - Sindicatura de Greuges de Barcelona","og_description":"Durante la primera quincena del mes, el s\u00edndic, David Bondia, y miembros de su equipo visitar\u00e1n el Eixample, Nou Barris y Sant Andreu.","og_url":"https:\/\/www.sindicaturabarcelona.cat\/es\/la-sindicatura-no-satura-al-juliol-serem-presents-al-territori-de-tres-districtes-de-la-ciutat\/","og_site_name":"Sindicatura de Greuges de Barcelona","article_published_time":"2025-06-27T06:00:00+00:00","article_modified_time":"2025-07-11T12:12:03+00:00","og_image":[{"width":2560,"height":1707,"url":"https:\/\/www.sindicaturabarcelona.cat\/wp-content\/uploads\/KM4A1981-1-scaled.jpg","type":"image\/jpeg"}],"author":"Pablo","twitter_card":"summary_large_image","twitter_creator":"@sindicbarcelona","twitter_site":"@sindicbarcelona","twitter_misc":{"Escrito por":"Pablo","Tiempo de lectura":"3 minutos"},"schema":{"@context":"https:\/\/schema.org","@graph":[{"@type":"Article","@id":"https:\/\/www.sindicaturabarcelona.cat\/es\/la-sindicatura-no-satura-al-juliol-serem-presents-al-territori-de-tres-districtes-de-la-ciutat\/#article","isPartOf":{"@id":"https:\/\/www.sindicaturabarcelona.cat\/es\/la-sindicatura-no-satura-al-juliol-serem-presents-al-territori-de-tres-districtes-de-la-ciutat\/"},"author":{"name":"Pablo","@id":"https:\/\/www.sindicaturabarcelona.cat\/es\/#\/schema\/person\/0e5acffc350ffdbc97578159322c9452"},"headline":"La Sindicatura no se detiene en julio: estaremos presentes en el territorio de tres distritos","datePublished":"2025-06-27T06:00:00+00:00","dateModified":"2025-07-11T12:12:03+00:00","mainEntityOfPage":{"@id":"https:\/\/www.sindicaturabarcelona.cat\/es\/la-sindicatura-no-satura-al-juliol-serem-presents-al-territori-de-tres-districtes-de-la-ciutat\/"},"wordCount":399,"publisher":{"@id":"https:\/\/www.sindicaturabarcelona.cat\/es\/#organization"},"image":{"@id":"https:\/\/www.sindicaturabarcelona.cat\/es\/la-sindicatura-no-satura-al-juliol-serem-presents-al-territori-de-tres-districtes-de-la-ciutat\/#primaryimage"},"thumbnailUrl":"https:\/\/www.sindicaturabarcelona.cat\/wp-content\/uploads\/KM4A1981-1-scaled.jpg","inLanguage":"es"},{"@type":"WebPage","@id":"https:\/\/www.sindicaturabarcelona.cat\/es\/la-sindicatura-no-satura-al-juliol-serem-presents-al-territori-de-tres-districtes-de-la-ciutat\/","url":"https:\/\/www.sindicaturabarcelona.cat\/es\/la-sindicatura-no-satura-al-juliol-serem-presents-al-territori-de-tres-districtes-de-la-ciutat\/","name":"La Sindicatura no se detiene en julio: estaremos presentes en el territorio de tres distritos - Sindicatura de Greuges de Barcelona","isPartOf":{"@id":"https:\/\/www.sindicaturabarcelona.cat\/es\/#website"},"primaryImageOfPage":{"@id":"https:\/\/www.sindicaturabarcelona.cat\/es\/la-sindicatura-no-satura-al-juliol-serem-presents-al-territori-de-tres-districtes-de-la-ciutat\/#primaryimage"},"image":{"@id":"https:\/\/www.sindicaturabarcelona.cat\/es\/la-sindicatura-no-satura-al-juliol-serem-presents-al-territori-de-tres-districtes-de-la-ciutat\/#primaryimage"},"thumbnailUrl":"https:\/\/www.sindicaturabarcelona.cat\/wp-content\/uploads\/KM4A1981-1-scaled.jpg","datePublished":"2025-06-27T06:00:00+00:00","dateModified":"2025-07-11T12:12:03+00:00","description":"Durante la primera quincena del mes, el s\u00edndic, David Bondia, y miembros de su equipo visitar\u00e1n el Eixample, Nou Barris y Sant Andreu.","breadcrumb":{"@id":"https:\/\/www.sindicaturabarcelona.cat\/es\/la-sindicatura-no-satura-al-juliol-serem-presents-al-territori-de-tres-districtes-de-la-ciutat\/#breadcrumb"},"inLanguage":"es","potentialAction":[{"@type":"ReadAction","target":["https:\/\/www.sindicaturabarcelona.cat\/es\/la-sindicatura-no-satura-al-juliol-serem-presents-al-territori-de-tres-districtes-de-la-ciutat\/"]}]},{"@type":"ImageObject","inLanguage":"es","@id":"https:\/\/www.sindicaturabarcelona.cat\/es\/la-sindicatura-no-satura-al-juliol-serem-presents-al-territori-de-tres-districtes-de-la-ciutat\/#primaryimage","url":"https:\/\/www.sindicaturabarcelona.cat\/wp-content\/uploads\/KM4A1981-1-scaled.jpg","contentUrl":"https:\/\/www.sindicaturabarcelona.cat\/wp-content\/uploads\/KM4A1981-1-scaled.jpg","width":2560,"height":1707},{"@type":"BreadcrumbList","@id":"https:\/\/www.sindicaturabarcelona.cat\/es\/la-sindicatura-no-satura-al-juliol-serem-presents-al-territori-de-tres-districtes-de-la-ciutat\/#breadcrumb","itemListElement":[{"@type":"ListItem","position":1,"name":"Inici","item":"https:\/\/www.sindicaturabarcelona.cat\/es\/"},{"@type":"ListItem","position":2,"name":"La Sindicatura no se detiene en julio: estaremos presentes en el territorio de tres distritos"}]},{"@type":"WebSite","@id":"https:\/\/www.sindicaturabarcelona.cat\/es\/#website","url":"https:\/\/www.sindicaturabarcelona.cat\/es\/","name":"Sindicatura de Greuges de Barcelona","description":"La defensoria dels teus drets","publisher":{"@id":"https:\/\/www.sindicaturabarcelona.cat\/es\/#organization"},"potentialAction":[{"@type":"SearchAction","target":{"@type":"EntryPoint","urlTemplate":"https:\/\/www.sindicaturabarcelona.cat\/es\/?s={search_term_string}"},"query-input":{"@type":"PropertyValueSpecification","valueRequired":true,"valueName":"search_term_string"}}],"inLanguage":"es"},{"@type":"Organization","@id":"https:\/\/www.sindicaturabarcelona.cat\/es\/#organization","name":"Sindicatura de Greuges de Barcelona","url":"https:\/\/www.sindicaturabarcelona.cat\/es\/","logo":{"@type":"ImageObject","inLanguage":"es","@id":"https:\/\/www.sindicaturabarcelona.cat\/es\/#\/schema\/logo\/image\/","url":"https:\/\/www.sindicaturabarcelona.cat\/wp-content\/uploads\/2023\/02\/logo_sindicatura.svg","contentUrl":"https:\/\/www.sindicaturabarcelona.cat\/wp-content\/uploads\/2023\/02\/logo_sindicatura.svg","caption":"Sindicatura de Greuges de Barcelona"},"image":{"@id":"https:\/\/www.sindicaturabarcelona.cat\/es\/#\/schema\/logo\/image\/"},"sameAs":["https:\/\/x.com\/sindicbarcelona","https:\/\/www.instagram.com\/sindicbarcelona\/","https:\/\/www.tiktok.com\/@sindicaturabcn","https:\/\/t.me\/sindicaturabarcelona"]},{"@type":"Person","@id":"https:\/\/www.sindicaturabarcelona.cat\/es\/#\/schema\/person\/0e5acffc350ffdbc97578159322c9452","name":"Pablo","image":{"@type":"ImageObject","inLanguage":"es","@id":"https:\/\/secure.gravatar.com\/avatar\/c948169b402ef9492afde705c3dfd5e90e1a6a84ef6840a91124f805a25a480f?s=96&d=mm&r=g","url":"https:\/\/secure.gravatar.com\/avatar\/c948169b402ef9492afde705c3dfd5e90e1a6a84ef6840a91124f805a25a480f?s=96&d=mm&r=g","contentUrl":"https:\/\/secure.gravatar.com\/avatar\/c948169b402ef9492afde705c3dfd5e90e1a6a84ef6840a91124f805a25a480f?s=96&d=mm&r=g","caption":"Pablo"},"url":"https:\/\/www.sindicaturabarcelona.cat\/es\/author\/pablo\/"}]}},"_links":{"self":[{"href":"https:\/\/www.sindicaturabarcelona.cat\/es\/wp-json\/wp\/v2\/posts\/37971","targetHints":{"allow":["GET"]}}],"collection":[{"href":"https:\/\/www.sindicaturabarcelona.cat\/es\/wp-json\/wp\/v2\/posts"}],"about":[{"href":"https:\/\/www.sindicaturabarcelona.cat\/es\/wp-json\/wp\/v2\/types\/post"}],"author":[{"embeddable":true,"href":"https:\/\/www.sindicaturabarcelona.cat\/es\/wp-json\/wp\/v2\/users\/2"}],"replies":[{"embeddable":true,"href":"https:\/\/www.sindicaturabarcelona.cat\/es\/wp-json\/wp\/v2\/comments?post=37971"}],"version-history":[{"count":4,"href":"https:\/\/www.sindicaturabarcelona.cat\/es\/wp-json\/wp\/v2\/posts\/37971\/revisions"}],"predecessor-version":[{"id":38195,"href":"https:\/\/www.sindicaturabarcelona.cat\/es\/wp-json\/wp\/v2\/posts\/37971\/revisions\/38195"}],"wp:featuredmedia":[{"embeddable":true,"href":"https:\/\/www.sindicaturabarcelona.cat\/es\/wp-json\/wp\/v2\/media\/38196"}],"wp:attachment":[{"href":"https:\/\/www.sindicaturabarcelona.cat\/es\/wp-json\/wp\/v2\/media?parent=37971"}],"wp:term":[{"taxonomy":"post_tag","embeddable":true,"href":"https:\/\/www.sindicaturabarcelona.cat\/es\/wp-json\/wp\/v2\/tags?post=37971"},{"taxonomy":"drets","embeddable":true,"href":"https:\/\/www.sindicaturabarcelona.cat\/es\/wp-json\/wp\/v2\/drets?post=37971"}],"curies":[{"name":"wp","href":"https:\/\/api.w.org\/{rel}","templated":true}]}}