{"id":37668,"date":"2025-05-29T08:05:00","date_gmt":"2025-05-29T06:05:00","guid":{"rendered":"https:\/\/www.sindicaturabarcelona.cat\/?p=37668"},"modified":"2025-06-03T09:57:15","modified_gmt":"2025-06-03T07:57:15","slug":"la-sindicatura-de-greuges-avala-el-tancament-del-mirador-de-sarria-a-collserola-per-mantenir-ne-el-valor-ambiental","status":"publish","type":"post","link":"https:\/\/www.sindicaturabarcelona.cat\/es\/la-sindicatura-de-greuges-avala-el-tancament-del-mirador-de-sarria-a-collserola-per-mantenir-ne-el-valor-ambiental\/","title":{"rendered":"La Sindicatura avala el cierre temporal del Mirador de Sarri\u00e0, en Collserola, para mantener su valor ambiental"},"content":{"rendered":"\n<h2 class=\"wp-block-heading\">La actuaci\u00f3n municipal ha sido adecuada, ya que las restricciones de acceso a este espacio se producen los d\u00edas previos a San Juan, en momentos de riesgo de incendio y cuando se incrementan los usos indebidos. En este sentido, tambi\u00e9n es primordial la corresponsabilidad ciudadana.<strong> <\/strong><\/h2>\n\n\n\n<p>Un ciudadano present\u00f3 <strong><a href=\"https:\/\/www.sindicaturabarcelona.cat\/wp-content\/uploads\/202504_Dret-espai-public_tancament-temporal-Mirador-de-Sarria-del-Parc-Natural-de-Collserola_24Q000693.pdf\" target=\"_blank\" rel=\"noreferrer noopener\">una queja<\/a> por la presencia de unos bolardos y un candado que imped\u00edan la entrada en el Mirador de Sarri\u00e0<\/strong>, en el <a href=\"https:\/\/parcnaturalcollserola.cat\/es\/\" target=\"_blank\" rel=\"noreferrer noopener\">Parque Natural de Collserola<\/a>. El promotor de la queja, vecino del barrio de Vallvidrera, Tibidabo y Les Planes, muy cercano al mirador, <strong>alegaba tambi\u00e9n que esto complica las entradas y salidas al parque<\/strong>. La Guardia Urbana le inform\u00f3 de que el cierre era temporal y por razones de seguridad.<\/p>\n\n\n\n<p><strong>La instalaci\u00f3n de los bolardos y el candado fue en 2020, en el contexto de la pandemia de la Covid-19<\/strong>. Pese a las restricciones decretadas por la situaci\u00f3n sanitaria, hubo concentraciones de veh\u00edculos y personas, adem\u00e1s de botellones y vertidos de desechos. Seg\u00fan el cuerpo policial, actualmente, <strong>todav\u00eda se consumen bebidas alcoh\u00f3licas y otras sustancias, e incluso hay concentraciones de motociclistas para realizar carreras ilegales<\/strong>. Estas situaciones, ocasionales pero sostenidas en el tiempo, suponen un <strong>peligro grave para las personas que transitan<\/strong>, adem\u00e1s de provocar molestias para el vecindario, y justifican la decisi\u00f3n de mantener los bolardos y el candado. De hecho, estas medidas tambi\u00e9n se aplican a otros miradores, como el de Horta o el de Sant Cugat.<\/p>\n\n\n\n<p>Con el fin de evitar incendios, <strong>el Mirador de Sarri\u00e0 tambi\u00e9n se cierra de forma preventiva durante los d\u00edas previos a San Juan, incluido, claro, el de la verbena<\/strong>, y algunos m\u00e1s despu\u00e9s de esa fecha, cuando la situaci\u00f3n meteorol\u00f3gica lo requiere. Todos los a\u00f1os, <strong>durante la noche del 23 de junio se refuerzan los servicios municipales<\/strong>, con m\u00e1s agentes de la Guardia Urbana y m\u00e1s efectivos del cuerpo de Bomberos, en este caso sobre todo en las zonas forestales. Si lo desea, puede <a href=\"https:\/\/www.barcelona.cat\/infobarcelona\/es\/todos-los-servicios-municipales-preparados-para-la-verbena-de-sant-joan-2-2_1412599.html\">consultar el dispositivo especial de la verbena de 2024<\/a>.<\/p>\n\n\n\n<p>De hecho, tres meses antes de la noche m\u00e1s corta del a\u00f1o ya empieza la prohibici\u00f3n: <strong><a href=\"https:\/\/ajuntament.barcelona.cat\/bombers\/es\/noticia\/hasta-el-15-de-octubre-ningun-fuego-en-el-bosque-2-2_1492929\" target=\"_blank\" rel=\"noreferrer noopener\">desde el 15 de marzo hasta el 15 de octubre no se puede encender ning\u00fan fuego en ning\u00fan terreno forestal<\/a><\/strong>, poblado de especies arb\u00f3reas o no, ni en la franja de 500 metros que les rodea, sea cual sea su finalidad. <strong>Dado que el encendido de hogueras y el lanzamiento de petardos son dos de los elementos m\u00e1s caracter\u00edsticos de la verbena de San Juan, el cierre durante estas fechas est\u00e1 justificado.<\/strong><\/p>\n\n\n\n<p><strong>Por lo que respecta al resto del a\u00f1o, y de forma general, el Mirador de Sarri\u00e0 est\u00e1 abierto<\/strong>, seg\u00fan la Guardia Urbana, que a\u00f1ade que los cierres se limitan a situaciones de alto riesgo de incendio o cuando aumentan los usos indebidos. <strong>El Parque Natural de Collserola es esencial por los beneficios sociales y ambientales que aporta a la ciudadan\u00eda, m\u00e1s a\u00fan por el hecho de que existe un d\u00e9ficit de espacios verdes en Barcelona<\/strong>. En este sentido, desde la Sindicatura entendemos que uno de los objetivos de las administraciones debe ser la preservaci\u00f3n de ese espacio natural. Un objetivo que debe contar, tambi\u00e9n, con la corresponsabilidad ciudadana.<\/p>\n\n\n\n<h2 class=\"wp-block-heading\"><strong><strong>Dificultades para acceder al Parque Natural<\/strong><\/strong><\/h2>\n\n\n\n<p>Otro de los motivos de queja es que el cierre del Mirador de Sarri\u00e0 dificulta el acceso al parque, puesto que \u00e9l es vecino de un barrio situado en Collserola. Sin embargo, el hecho es que <strong>hay m\u00e1s de 400 entradas y salidas al espacio natural<\/strong>, 120 de las cuales se consideran principales. Ninguno de los accesos principales tiene restricciones horarias ni en ning\u00fan momento del a\u00f1o.<\/p>\n\n\n\n<p>Las v\u00edas para entrar y salir del parque son las siguientes: <strong>en veh\u00edculo privado, por cuatro carreteras<\/strong> (una de las cuales es una autov\u00eda); <strong><a href=\"https:\/\/parcnaturalcollserola.cat\/es\/como-llegar-al-parque\/\" target=\"_blank\" rel=\"noreferrer noopener\">en transporte p\u00fablico<\/a>, a trav\u00e9s de Ferrocarrils de la Generalitat de Catalunya<\/strong>, con tres paradas dentro del parque natural, incluida la del Baixador de Vallvidrera; <strong>varias l\u00edneas de bus<\/strong> que atraviesan el parque; el funicular del Tibidabo; y otros junto a los l\u00edmites de este espacio, como varias paradas de metro. Tambi\u00e9n hay una <strong>amplia red de itinerarios para ir a pie o en bicicleta<\/strong>.<\/p>\n\n\n\n<h2 class=\"wp-block-heading\"><strong><strong>Una responsabilidad compartida con la ciudadan\u00eda<\/strong><\/strong><\/h2>\n\n\n\n<p>Por todo ello, la Sindicatura de Greuges de Barcelona concluye <a href=\"https:\/\/www.sindicaturabarcelona.cat\/wp-content\/uploads\/202504_Dret-espai-public_tancament-temporal-Mirador-de-Sarria-del-Parc-Natural-de-Collserola_24Q000693.pdf\" target=\"_blank\" rel=\"noreferrer noopener\">en su resoluci\u00f3n<\/a> que <strong>la actuaci\u00f3n del \u00c1rea de Seguridad, Prevenci\u00f3n y Convivencia y del Consorcio del Parque Natural de Collserola ha sido adecuada para preservar la biodiversidad<\/strong> y para garantizar el valor de este espacio verde.<\/p>\n\n\n\n<p>Desde la Sindicatura tambi\u00e9n se quiere insistir en que la <strong>responsabilidad de mantener y preservar el parque en buenas condiciones es compartida con la ciudadan\u00eda<\/strong>, que debe hacer un uso sostenible para favorecer la mejora de la calidad de vida y el bienestar de todos, <strong>ya que existe el derecho pero tambi\u00e9n el deber a la ciudad<\/strong>.<\/p>\n","protected":false},"excerpt":{"rendered":"<p>La actuaci\u00f3n municipal ha sido adecuada, ya que las restricciones de acceso a este espacio se producen los d\u00edas previos a San Juan, en momentos de riesgo de incendio y [&hellip;]<\/p>\n","protected":false},"author":2,"featured_media":37657,"comment_status":"closed","ping_status":"closed","sticky":false,"template":"","format":"standard","meta":{"_acf_changed":false,"footnotes":""},"tags":[],"drets":[1477,1594],"class_list":["post-37668","post","type-post","status-publish","format-standard","has-post-thumbnail","hentry","drets-ciudad-habitable-y-sostenible","drets-derecho-al-espacio-publico"],"acf":[],"yoast_head":"<!-- This site is optimized with the Yoast SEO plugin v27.5 - https:\/\/yoast.com\/product\/yoast-seo-wordpress\/ -->\n<title>La Sindicatura avala el cierre temporal del Mirador de Sarri\u00e0, en Collserola, para mantener su valor ambiental - Sindicatura de Greuges de Barcelona<\/title>\n<meta name=\"description\" content=\"Les restriccions d\u2019acc\u00e9s es produeixen els dies previs a Sant Joan i quan hi ha risc d\u2019incendi o s\u2019incrementen els usos indeguts.\" \/>\n<meta name=\"robots\" content=\"index, follow, max-snippet:-1, max-image-preview:large, max-video-preview:-1\" \/>\n<link rel=\"canonical\" href=\"https:\/\/www.sindicaturabarcelona.cat\/es\/la-sindicatura-de-greuges-avala-el-tancament-del-mirador-de-sarria-a-collserola-per-mantenir-ne-el-valor-ambiental\/\" \/>\n<meta property=\"og:locale\" content=\"es_ES\" \/>\n<meta property=\"og:type\" content=\"article\" \/>\n<meta property=\"og:title\" content=\"La Sindicatura avala el cierre temporal del Mirador de Sarri\u00e0, en Collserola, para mantener su valor ambiental - Sindicatura de Greuges de Barcelona\" \/>\n<meta property=\"og:description\" content=\"Les restriccions d\u2019acc\u00e9s es produeixen els dies previs a Sant Joan i quan hi ha risc d\u2019incendi o s\u2019incrementen els usos indeguts.\" \/>\n<meta property=\"og:url\" content=\"https:\/\/www.sindicaturabarcelona.cat\/es\/la-sindicatura-de-greuges-avala-el-tancament-del-mirador-de-sarria-a-collserola-per-mantenir-ne-el-valor-ambiental\/\" \/>\n<meta property=\"og:site_name\" content=\"Sindicatura de Greuges de Barcelona\" \/>\n<meta property=\"article:published_time\" content=\"2025-05-29T06:05:00+00:00\" \/>\n<meta property=\"article:modified_time\" content=\"2025-06-03T07:57:15+00:00\" \/>\n<meta property=\"og:image\" content=\"https:\/\/www.sindicaturabarcelona.cat\/wp-content\/uploads\/castell-de-torre-baro-visitants-gaud.jpg\" \/>\n\t<meta property=\"og:image:width\" content=\"2000\" \/>\n\t<meta property=\"og:image:height\" content=\"1333\" \/>\n\t<meta property=\"og:image:type\" content=\"image\/jpeg\" \/>\n<meta name=\"author\" content=\"Pablo\" \/>\n<meta name=\"twitter:card\" content=\"summary_large_image\" \/>\n<meta name=\"twitter:creator\" content=\"@sindicbarcelona\" \/>\n<meta name=\"twitter:site\" content=\"@sindicbarcelona\" \/>\n<meta name=\"twitter:label1\" content=\"Escrito por\" \/>\n\t<meta name=\"twitter:data1\" content=\"Pablo\" \/>\n\t<meta name=\"twitter:label2\" content=\"Tiempo de lectura\" \/>\n\t<meta name=\"twitter:data2\" content=\"5 minutos\" \/>\n<script type=\"application\/ld+json\" class=\"yoast-schema-graph\">{\"@context\":\"https:\\\/\\\/schema.org\",\"@graph\":[{\"@type\":\"Article\",\"@id\":\"https:\\\/\\\/www.sindicaturabarcelona.cat\\\/es\\\/la-sindicatura-de-greuges-avala-el-tancament-del-mirador-de-sarria-a-collserola-per-mantenir-ne-el-valor-ambiental\\\/#article\",\"isPartOf\":{\"@id\":\"https:\\\/\\\/www.sindicaturabarcelona.cat\\\/es\\\/la-sindicatura-de-greuges-avala-el-tancament-del-mirador-de-sarria-a-collserola-per-mantenir-ne-el-valor-ambiental\\\/\"},\"author\":{\"name\":\"Pablo\",\"@id\":\"https:\\\/\\\/www.sindicaturabarcelona.cat\\\/es\\\/#\\\/schema\\\/person\\\/0e5acffc350ffdbc97578159322c9452\"},\"headline\":\"La Sindicatura avala el cierre temporal del Mirador de Sarri\u00e0, en Collserola, para mantener su valor ambiental\",\"datePublished\":\"2025-05-29T06:05:00+00:00\",\"dateModified\":\"2025-06-03T07:57:15+00:00\",\"mainEntityOfPage\":{\"@id\":\"https:\\\/\\\/www.sindicaturabarcelona.cat\\\/es\\\/la-sindicatura-de-greuges-avala-el-tancament-del-mirador-de-sarria-a-collserola-per-mantenir-ne-el-valor-ambiental\\\/\"},\"wordCount\":867,\"publisher\":{\"@id\":\"https:\\\/\\\/www.sindicaturabarcelona.cat\\\/es\\\/#organization\"},\"image\":{\"@id\":\"https:\\\/\\\/www.sindicaturabarcelona.cat\\\/es\\\/la-sindicatura-de-greuges-avala-el-tancament-del-mirador-de-sarria-a-collserola-per-mantenir-ne-el-valor-ambiental\\\/#primaryimage\"},\"thumbnailUrl\":\"https:\\\/\\\/www.sindicaturabarcelona.cat\\\/wp-content\\\/uploads\\\/castell-de-torre-baro-visitants-gaud.jpg\",\"inLanguage\":\"es\"},{\"@type\":\"WebPage\",\"@id\":\"https:\\\/\\\/www.sindicaturabarcelona.cat\\\/es\\\/la-sindicatura-de-greuges-avala-el-tancament-del-mirador-de-sarria-a-collserola-per-mantenir-ne-el-valor-ambiental\\\/\",\"url\":\"https:\\\/\\\/www.sindicaturabarcelona.cat\\\/es\\\/la-sindicatura-de-greuges-avala-el-tancament-del-mirador-de-sarria-a-collserola-per-mantenir-ne-el-valor-ambiental\\\/\",\"name\":\"La Sindicatura avala el cierre temporal del Mirador de Sarri\u00e0, en Collserola, para mantener su valor ambiental - Sindicatura de Greuges de Barcelona\",\"isPartOf\":{\"@id\":\"https:\\\/\\\/www.sindicaturabarcelona.cat\\\/es\\\/#website\"},\"primaryImageOfPage\":{\"@id\":\"https:\\\/\\\/www.sindicaturabarcelona.cat\\\/es\\\/la-sindicatura-de-greuges-avala-el-tancament-del-mirador-de-sarria-a-collserola-per-mantenir-ne-el-valor-ambiental\\\/#primaryimage\"},\"image\":{\"@id\":\"https:\\\/\\\/www.sindicaturabarcelona.cat\\\/es\\\/la-sindicatura-de-greuges-avala-el-tancament-del-mirador-de-sarria-a-collserola-per-mantenir-ne-el-valor-ambiental\\\/#primaryimage\"},\"thumbnailUrl\":\"https:\\\/\\\/www.sindicaturabarcelona.cat\\\/wp-content\\\/uploads\\\/castell-de-torre-baro-visitants-gaud.jpg\",\"datePublished\":\"2025-05-29T06:05:00+00:00\",\"dateModified\":\"2025-06-03T07:57:15+00:00\",\"description\":\"Les restriccions d\u2019acc\u00e9s es produeixen els dies previs a Sant Joan i quan hi ha risc d\u2019incendi o s\u2019incrementen els usos indeguts.\",\"breadcrumb\":{\"@id\":\"https:\\\/\\\/www.sindicaturabarcelona.cat\\\/es\\\/la-sindicatura-de-greuges-avala-el-tancament-del-mirador-de-sarria-a-collserola-per-mantenir-ne-el-valor-ambiental\\\/#breadcrumb\"},\"inLanguage\":\"es\",\"potentialAction\":[{\"@type\":\"ReadAction\",\"target\":[\"https:\\\/\\\/www.sindicaturabarcelona.cat\\\/es\\\/la-sindicatura-de-greuges-avala-el-tancament-del-mirador-de-sarria-a-collserola-per-mantenir-ne-el-valor-ambiental\\\/\"]}]},{\"@type\":\"ImageObject\",\"inLanguage\":\"es\",\"@id\":\"https:\\\/\\\/www.sindicaturabarcelona.cat\\\/es\\\/la-sindicatura-de-greuges-avala-el-tancament-del-mirador-de-sarria-a-collserola-per-mantenir-ne-el-valor-ambiental\\\/#primaryimage\",\"url\":\"https:\\\/\\\/www.sindicaturabarcelona.cat\\\/wp-content\\\/uploads\\\/castell-de-torre-baro-visitants-gaud.jpg\",\"contentUrl\":\"https:\\\/\\\/www.sindicaturabarcelona.cat\\\/wp-content\\\/uploads\\\/castell-de-torre-baro-visitants-gaud.jpg\",\"width\":2000,\"height\":1333,\"caption\":\"Castell de Torre Bar\u00f3\"},{\"@type\":\"BreadcrumbList\",\"@id\":\"https:\\\/\\\/www.sindicaturabarcelona.cat\\\/es\\\/la-sindicatura-de-greuges-avala-el-tancament-del-mirador-de-sarria-a-collserola-per-mantenir-ne-el-valor-ambiental\\\/#breadcrumb\",\"itemListElement\":[{\"@type\":\"ListItem\",\"position\":1,\"name\":\"Inici\",\"item\":\"https:\\\/\\\/www.sindicaturabarcelona.cat\\\/es\\\/\"},{\"@type\":\"ListItem\",\"position\":2,\"name\":\"La Sindicatura avala el cierre temporal del Mirador de Sarri\u00e0, en Collserola, para mantener su valor ambiental\"}]},{\"@type\":\"WebSite\",\"@id\":\"https:\\\/\\\/www.sindicaturabarcelona.cat\\\/es\\\/#website\",\"url\":\"https:\\\/\\\/www.sindicaturabarcelona.cat\\\/es\\\/\",\"name\":\"Sindicatura de Greuges de Barcelona\",\"description\":\"La defensoria dels teus drets\",\"publisher\":{\"@id\":\"https:\\\/\\\/www.sindicaturabarcelona.cat\\\/es\\\/#organization\"},\"potentialAction\":[{\"@type\":\"SearchAction\",\"target\":{\"@type\":\"EntryPoint\",\"urlTemplate\":\"https:\\\/\\\/www.sindicaturabarcelona.cat\\\/es\\\/?s={search_term_string}\"},\"query-input\":{\"@type\":\"PropertyValueSpecification\",\"valueRequired\":true,\"valueName\":\"search_term_string\"}}],\"inLanguage\":\"es\"},{\"@type\":\"Organization\",\"@id\":\"https:\\\/\\\/www.sindicaturabarcelona.cat\\\/es\\\/#organization\",\"name\":\"Sindicatura de Greuges de Barcelona\",\"url\":\"https:\\\/\\\/www.sindicaturabarcelona.cat\\\/es\\\/\",\"logo\":{\"@type\":\"ImageObject\",\"inLanguage\":\"es\",\"@id\":\"https:\\\/\\\/www.sindicaturabarcelona.cat\\\/es\\\/#\\\/schema\\\/logo\\\/image\\\/\",\"url\":\"https:\\\/\\\/www.sindicaturabarcelona.cat\\\/wp-content\\\/uploads\\\/2023\\\/02\\\/logo_sindicatura.svg\",\"contentUrl\":\"https:\\\/\\\/www.sindicaturabarcelona.cat\\\/wp-content\\\/uploads\\\/2023\\\/02\\\/logo_sindicatura.svg\",\"caption\":\"Sindicatura de Greuges de Barcelona\"},\"image\":{\"@id\":\"https:\\\/\\\/www.sindicaturabarcelona.cat\\\/es\\\/#\\\/schema\\\/logo\\\/image\\\/\"},\"sameAs\":[\"https:\\\/\\\/x.com\\\/sindicbarcelona\",\"https:\\\/\\\/www.instagram.com\\\/sindicbarcelona\\\/\",\"https:\\\/\\\/www.tiktok.com\\\/@sindicaturabcn\",\"https:\\\/\\\/t.me\\\/sindicaturabarcelona\"]},{\"@type\":\"Person\",\"@id\":\"https:\\\/\\\/www.sindicaturabarcelona.cat\\\/es\\\/#\\\/schema\\\/person\\\/0e5acffc350ffdbc97578159322c9452\",\"name\":\"Pablo\",\"image\":{\"@type\":\"ImageObject\",\"inLanguage\":\"es\",\"@id\":\"https:\\\/\\\/secure.gravatar.com\\\/avatar\\\/c948169b402ef9492afde705c3dfd5e90e1a6a84ef6840a91124f805a25a480f?s=96&d=mm&r=g\",\"url\":\"https:\\\/\\\/secure.gravatar.com\\\/avatar\\\/c948169b402ef9492afde705c3dfd5e90e1a6a84ef6840a91124f805a25a480f?s=96&d=mm&r=g\",\"contentUrl\":\"https:\\\/\\\/secure.gravatar.com\\\/avatar\\\/c948169b402ef9492afde705c3dfd5e90e1a6a84ef6840a91124f805a25a480f?s=96&d=mm&r=g\",\"caption\":\"Pablo\"},\"url\":\"https:\\\/\\\/www.sindicaturabarcelona.cat\\\/es\\\/author\\\/pablo\\\/\"}]}<\/script>\n<!-- \/ Yoast SEO plugin. -->","yoast_head_json":{"title":"La Sindicatura avala el cierre temporal del Mirador de Sarri\u00e0, en Collserola, para mantener su valor ambiental - Sindicatura de Greuges de Barcelona","description":"Les restriccions d\u2019acc\u00e9s es produeixen els dies previs a Sant Joan i quan hi ha risc d\u2019incendi o s\u2019incrementen els usos indeguts.","robots":{"index":"index","follow":"follow","max-snippet":"max-snippet:-1","max-image-preview":"max-image-preview:large","max-video-preview":"max-video-preview:-1"},"canonical":"https:\/\/www.sindicaturabarcelona.cat\/es\/la-sindicatura-de-greuges-avala-el-tancament-del-mirador-de-sarria-a-collserola-per-mantenir-ne-el-valor-ambiental\/","og_locale":"es_ES","og_type":"article","og_title":"La Sindicatura avala el cierre temporal del Mirador de Sarri\u00e0, en Collserola, para mantener su valor ambiental - Sindicatura de Greuges de Barcelona","og_description":"Les restriccions d\u2019acc\u00e9s es produeixen els dies previs a Sant Joan i quan hi ha risc d\u2019incendi o s\u2019incrementen els usos indeguts.","og_url":"https:\/\/www.sindicaturabarcelona.cat\/es\/la-sindicatura-de-greuges-avala-el-tancament-del-mirador-de-sarria-a-collserola-per-mantenir-ne-el-valor-ambiental\/","og_site_name":"Sindicatura de Greuges de Barcelona","article_published_time":"2025-05-29T06:05:00+00:00","article_modified_time":"2025-06-03T07:57:15+00:00","og_image":[{"width":2000,"height":1333,"url":"https:\/\/www.sindicaturabarcelona.cat\/wp-content\/uploads\/castell-de-torre-baro-visitants-gaud.jpg","type":"image\/jpeg"}],"author":"Pablo","twitter_card":"summary_large_image","twitter_creator":"@sindicbarcelona","twitter_site":"@sindicbarcelona","twitter_misc":{"Escrito por":"Pablo","Tiempo de lectura":"5 minutos"},"schema":{"@context":"https:\/\/schema.org","@graph":[{"@type":"Article","@id":"https:\/\/www.sindicaturabarcelona.cat\/es\/la-sindicatura-de-greuges-avala-el-tancament-del-mirador-de-sarria-a-collserola-per-mantenir-ne-el-valor-ambiental\/#article","isPartOf":{"@id":"https:\/\/www.sindicaturabarcelona.cat\/es\/la-sindicatura-de-greuges-avala-el-tancament-del-mirador-de-sarria-a-collserola-per-mantenir-ne-el-valor-ambiental\/"},"author":{"name":"Pablo","@id":"https:\/\/www.sindicaturabarcelona.cat\/es\/#\/schema\/person\/0e5acffc350ffdbc97578159322c9452"},"headline":"La Sindicatura avala el cierre temporal del Mirador de Sarri\u00e0, en Collserola, para mantener su valor ambiental","datePublished":"2025-05-29T06:05:00+00:00","dateModified":"2025-06-03T07:57:15+00:00","mainEntityOfPage":{"@id":"https:\/\/www.sindicaturabarcelona.cat\/es\/la-sindicatura-de-greuges-avala-el-tancament-del-mirador-de-sarria-a-collserola-per-mantenir-ne-el-valor-ambiental\/"},"wordCount":867,"publisher":{"@id":"https:\/\/www.sindicaturabarcelona.cat\/es\/#organization"},"image":{"@id":"https:\/\/www.sindicaturabarcelona.cat\/es\/la-sindicatura-de-greuges-avala-el-tancament-del-mirador-de-sarria-a-collserola-per-mantenir-ne-el-valor-ambiental\/#primaryimage"},"thumbnailUrl":"https:\/\/www.sindicaturabarcelona.cat\/wp-content\/uploads\/castell-de-torre-baro-visitants-gaud.jpg","inLanguage":"es"},{"@type":"WebPage","@id":"https:\/\/www.sindicaturabarcelona.cat\/es\/la-sindicatura-de-greuges-avala-el-tancament-del-mirador-de-sarria-a-collserola-per-mantenir-ne-el-valor-ambiental\/","url":"https:\/\/www.sindicaturabarcelona.cat\/es\/la-sindicatura-de-greuges-avala-el-tancament-del-mirador-de-sarria-a-collserola-per-mantenir-ne-el-valor-ambiental\/","name":"La Sindicatura avala el cierre temporal del Mirador de Sarri\u00e0, en Collserola, para mantener su valor ambiental - Sindicatura de Greuges de Barcelona","isPartOf":{"@id":"https:\/\/www.sindicaturabarcelona.cat\/es\/#website"},"primaryImageOfPage":{"@id":"https:\/\/www.sindicaturabarcelona.cat\/es\/la-sindicatura-de-greuges-avala-el-tancament-del-mirador-de-sarria-a-collserola-per-mantenir-ne-el-valor-ambiental\/#primaryimage"},"image":{"@id":"https:\/\/www.sindicaturabarcelona.cat\/es\/la-sindicatura-de-greuges-avala-el-tancament-del-mirador-de-sarria-a-collserola-per-mantenir-ne-el-valor-ambiental\/#primaryimage"},"thumbnailUrl":"https:\/\/www.sindicaturabarcelona.cat\/wp-content\/uploads\/castell-de-torre-baro-visitants-gaud.jpg","datePublished":"2025-05-29T06:05:00+00:00","dateModified":"2025-06-03T07:57:15+00:00","description":"Les restriccions d\u2019acc\u00e9s es produeixen els dies previs a Sant Joan i quan hi ha risc d\u2019incendi o s\u2019incrementen els usos indeguts.","breadcrumb":{"@id":"https:\/\/www.sindicaturabarcelona.cat\/es\/la-sindicatura-de-greuges-avala-el-tancament-del-mirador-de-sarria-a-collserola-per-mantenir-ne-el-valor-ambiental\/#breadcrumb"},"inLanguage":"es","potentialAction":[{"@type":"ReadAction","target":["https:\/\/www.sindicaturabarcelona.cat\/es\/la-sindicatura-de-greuges-avala-el-tancament-del-mirador-de-sarria-a-collserola-per-mantenir-ne-el-valor-ambiental\/"]}]},{"@type":"ImageObject","inLanguage":"es","@id":"https:\/\/www.sindicaturabarcelona.cat\/es\/la-sindicatura-de-greuges-avala-el-tancament-del-mirador-de-sarria-a-collserola-per-mantenir-ne-el-valor-ambiental\/#primaryimage","url":"https:\/\/www.sindicaturabarcelona.cat\/wp-content\/uploads\/castell-de-torre-baro-visitants-gaud.jpg","contentUrl":"https:\/\/www.sindicaturabarcelona.cat\/wp-content\/uploads\/castell-de-torre-baro-visitants-gaud.jpg","width":2000,"height":1333,"caption":"Castell de Torre Bar\u00f3"},{"@type":"BreadcrumbList","@id":"https:\/\/www.sindicaturabarcelona.cat\/es\/la-sindicatura-de-greuges-avala-el-tancament-del-mirador-de-sarria-a-collserola-per-mantenir-ne-el-valor-ambiental\/#breadcrumb","itemListElement":[{"@type":"ListItem","position":1,"name":"Inici","item":"https:\/\/www.sindicaturabarcelona.cat\/es\/"},{"@type":"ListItem","position":2,"name":"La Sindicatura avala el cierre temporal del Mirador de Sarri\u00e0, en Collserola, para mantener su valor ambiental"}]},{"@type":"WebSite","@id":"https:\/\/www.sindicaturabarcelona.cat\/es\/#website","url":"https:\/\/www.sindicaturabarcelona.cat\/es\/","name":"Sindicatura de Greuges de Barcelona","description":"La defensoria dels teus drets","publisher":{"@id":"https:\/\/www.sindicaturabarcelona.cat\/es\/#organization"},"potentialAction":[{"@type":"SearchAction","target":{"@type":"EntryPoint","urlTemplate":"https:\/\/www.sindicaturabarcelona.cat\/es\/?s={search_term_string}"},"query-input":{"@type":"PropertyValueSpecification","valueRequired":true,"valueName":"search_term_string"}}],"inLanguage":"es"},{"@type":"Organization","@id":"https:\/\/www.sindicaturabarcelona.cat\/es\/#organization","name":"Sindicatura de Greuges de Barcelona","url":"https:\/\/www.sindicaturabarcelona.cat\/es\/","logo":{"@type":"ImageObject","inLanguage":"es","@id":"https:\/\/www.sindicaturabarcelona.cat\/es\/#\/schema\/logo\/image\/","url":"https:\/\/www.sindicaturabarcelona.cat\/wp-content\/uploads\/2023\/02\/logo_sindicatura.svg","contentUrl":"https:\/\/www.sindicaturabarcelona.cat\/wp-content\/uploads\/2023\/02\/logo_sindicatura.svg","caption":"Sindicatura de Greuges de Barcelona"},"image":{"@id":"https:\/\/www.sindicaturabarcelona.cat\/es\/#\/schema\/logo\/image\/"},"sameAs":["https:\/\/x.com\/sindicbarcelona","https:\/\/www.instagram.com\/sindicbarcelona\/","https:\/\/www.tiktok.com\/@sindicaturabcn","https:\/\/t.me\/sindicaturabarcelona"]},{"@type":"Person","@id":"https:\/\/www.sindicaturabarcelona.cat\/es\/#\/schema\/person\/0e5acffc350ffdbc97578159322c9452","name":"Pablo","image":{"@type":"ImageObject","inLanguage":"es","@id":"https:\/\/secure.gravatar.com\/avatar\/c948169b402ef9492afde705c3dfd5e90e1a6a84ef6840a91124f805a25a480f?s=96&d=mm&r=g","url":"https:\/\/secure.gravatar.com\/avatar\/c948169b402ef9492afde705c3dfd5e90e1a6a84ef6840a91124f805a25a480f?s=96&d=mm&r=g","contentUrl":"https:\/\/secure.gravatar.com\/avatar\/c948169b402ef9492afde705c3dfd5e90e1a6a84ef6840a91124f805a25a480f?s=96&d=mm&r=g","caption":"Pablo"},"url":"https:\/\/www.sindicaturabarcelona.cat\/es\/author\/pablo\/"}]}},"_links":{"self":[{"href":"https:\/\/www.sindicaturabarcelona.cat\/es\/wp-json\/wp\/v2\/posts\/37668","targetHints":{"allow":["GET"]}}],"collection":[{"href":"https:\/\/www.sindicaturabarcelona.cat\/es\/wp-json\/wp\/v2\/posts"}],"about":[{"href":"https:\/\/www.sindicaturabarcelona.cat\/es\/wp-json\/wp\/v2\/types\/post"}],"author":[{"embeddable":true,"href":"https:\/\/www.sindicaturabarcelona.cat\/es\/wp-json\/wp\/v2\/users\/2"}],"replies":[{"embeddable":true,"href":"https:\/\/www.sindicaturabarcelona.cat\/es\/wp-json\/wp\/v2\/comments?post=37668"}],"version-history":[{"count":4,"href":"https:\/\/www.sindicaturabarcelona.cat\/es\/wp-json\/wp\/v2\/posts\/37668\/revisions"}],"predecessor-version":[{"id":37705,"href":"https:\/\/www.sindicaturabarcelona.cat\/es\/wp-json\/wp\/v2\/posts\/37668\/revisions\/37705"}],"wp:featuredmedia":[{"embeddable":true,"href":"https:\/\/www.sindicaturabarcelona.cat\/es\/wp-json\/wp\/v2\/media\/37657"}],"wp:attachment":[{"href":"https:\/\/www.sindicaturabarcelona.cat\/es\/wp-json\/wp\/v2\/media?parent=37668"}],"wp:term":[{"taxonomy":"post_tag","embeddable":true,"href":"https:\/\/www.sindicaturabarcelona.cat\/es\/wp-json\/wp\/v2\/tags?post=37668"},{"taxonomy":"drets","embeddable":true,"href":"https:\/\/www.sindicaturabarcelona.cat\/es\/wp-json\/wp\/v2\/drets?post=37668"}],"curies":[{"name":"wp","href":"https:\/\/api.w.org\/{rel}","templated":true}]}}