{"id":37593,"date":"2025-05-22T08:00:00","date_gmt":"2025-05-22T06:00:00","guid":{"rendered":"https:\/\/www.sindicaturabarcelona.cat\/?p=37593"},"modified":"2025-06-03T09:58:49","modified_gmt":"2025-06-03T07:58:49","slug":"la-sindicatura-de-greuges-demana-a-lajuntament-que-valori-la-prohibicio-de-totes-les-estufes-de-les-terrasses-dels-locals-de-restauracio","status":"publish","type":"post","link":"https:\/\/www.sindicaturabarcelona.cat\/es\/la-sindicatura-de-greuges-demana-a-lajuntament-que-valori-la-prohibicio-de-totes-les-estufes-de-les-terrasses-dels-locals-de-restauracio\/","title":{"rendered":"La Sindicatura pide al Ayuntamiento que valore la prohibici\u00f3n de todas las estufas de las terrazas de los locales de restauraci\u00f3n"},"content":{"rendered":"\n<p>La defensor\u00eda de la ciudad <a href=\"https:\/\/www.sindicaturabarcelona.cat\/wp-content\/uploads\/202503_Dret-medi-ambient-i-dret-bona-administracio_actuacio-dofici-en-relacio-amb-la-retirada-de-les-estufes-de-gas-de-les-terrasses_25OF000002.pdf\" target=\"_blank\" rel=\"noreferrer noopener\"><strong>ha resuelto una actuaci\u00f3n de oficio<\/strong><\/a><strong> sobre la retirada de las estufas de combusti\u00f3n de gas en el espacio p\u00fablico<\/strong>, ya que se ten\u00eda constancia de que todav\u00eda hab\u00eda establecimientos que las utilizaban a pesar de que <a href=\"https:\/\/www.barcelona.cat\/infobarcelona\/es\/las-estufas-de-gas-en-las-terrazas-de-los-bares-y-restaurantes-prohibidas-a-partir-del-1-de-enero_1465614.html\" target=\"_blank\" rel=\"noreferrer noopener\">el pasado 31 diciembre acab\u00f3 el plazo<\/a> para que se  pudieran adaptar. Adem\u00e1s, <strong>la<\/strong> <a href=\"https:\/\/favb.cat\/\" target=\"_blank\" rel=\"noreferrer noopener\"><strong>Federaci\u00f3n de Asociaciones de Vecinos y Vecinas de Barcelona (FAVB)<\/strong><\/a> <strong>hab\u00eda trasladado a la Sindicatura la cuesti\u00f3n de si es necesario que haya alg\u00fan sistema de calefacci\u00f3n en las terrazas, teniendo en cuenta el contexto actual de crisis clim\u00e1tica.<\/strong><\/p>\n\n\n\n<p><a href=\"https:\/\/bcnroc.ajuntament.barcelona.cat\/jspui\/bitstream\/11703\/110813\/1\/BOPB_Ordenan%c3%a7a%20Terrasses_2018.pdf\" target=\"_blank\" rel=\"noreferrer noopener\">La ordenanza sobre este \u00e1mbito<\/a> establece que <strong>los locales de restauraci\u00f3n ya s\u00f3lo pueden utilizar estufas el\u00e9ctricas en el exterior y con un l\u00edmite de potencia<\/strong>, como medida para reducir las emisiones contaminantes. <strong>La Sindicatura valora positivamente que el Ayuntamiento haya realizado <\/strong><a href=\"https:\/\/beteve.cat\/politica\/47-expedients-sancionadors-presencia-estufes-gas-terrasses\/\" target=\"_blank\" rel=\"noreferrer noopener\"><strong>634 inspecciones entre enero y abril<\/strong><\/a><strong>, como anunci\u00f3 la semana pasada<\/strong>. Ahora bien, se deber\u00eda ir un paso m\u00e1s all\u00e1.<\/p>\n\n\n\n<p><strong>Las estufas el\u00e9ctricas, ahora las \u00fanicas permitidas, tienen un impacto final en emisiones globales superior a las de butano o propano<\/strong>, seg\u00fan <a href=\"https:\/\/ajuntament.barcelona.cat\/transparencia\/sites\/default\/files\/07_01_informe_estufes.pdf\" target=\"_blank\" rel=\"noreferrer noopener\">un informe de la Agencia de Energ\u00eda de Barcelona (AEB)<\/a>. Este documento concluye que <strong>no debe autorizarse la calefacci\u00f3n de las terrazas para evitar el impacto ambiental y el desperdicio energ\u00e9tico que supone<\/strong>. Las estufas el\u00e9ctricas s\u00f3lo deben permitirse si se alimentan de una fuente de energ\u00eda renovable, y si se justifica por razones de promoci\u00f3n de un sector econ\u00f3mico espec\u00edfico.<\/p>\n\n\n\n<p>La autorizaci\u00f3n municipal para que se instalen estufas el\u00e9ctricas no s\u00f3lo va en contra de las conclusiones de un informe elaborado por la AEB, de la que forma parte el Ayuntamiento, sino que <strong>no se corresponde con la <a href=\"https:\/\/ajuntament.barcelona.cat\/agenda2030\/es\/proyectos\/proyectos-europeos\/mision-europea-100-ciudades-net-zero\" target=\"_blank\" rel=\"noreferrer noopener\">Misi\u00f3n Europea 100 ciudades \u00abNet Zero\u00bb<\/a><\/strong>. Barcelona forma parte del centenar de ciudades europeas comprometidas en ser clim\u00e1ticamente neutras en el 2030.<\/p>\n\n\n\n<p>El Comisionado de Agenda 2030, responsable de presentar la candidatura, impuls\u00f3 <a href=\"https:\/\/bcnroc.ajuntament.barcelona.cat\/jspui\/bitstream\/11703\/134728\/1\/Acord%20Clim%C3%A0tic%20de%20Ciutat%20de%20Barcelona%20%28comprom%C3%ADs%20de%20neutralitat%20clim%C3%A0tica%29.pdf\" target=\"_blank\" rel=\"noreferrer noopener\">el Acuerdo Clim\u00e1tico de Ciudad<\/a>, en el que ya se contempla un marco regulador para el uso de calefacci\u00f3n y climatizaci\u00f3n en el sector terciario. La base del acuerdo es el <a href=\"https:\/\/bcnroc.ajuntament.barcelona.cat\/jspui\/bitstream\/11703\/123710\/1\/Pla_accio_emergencia_climatica_2030_cat.pdf\" target=\"_blank\" rel=\"noreferrer noopener\">Plan de Acci\u00f3n para la emergencia clim\u00e1tica 2030<\/a>, que especifica que este marco regulador debe servir \u00ab<strong>para evitar que se derroche energ\u00eda y por conciencia social, regulando, entre otros, el uso de estufas en el exterior<\/strong>\u00ab. Para cumplirlo, el Ayuntamiento deber\u00eda valorar su prohibici\u00f3n sean del tipo que sean.<\/p>\n\n\n\n<h2 class=\"wp-block-heading\">Incumplimiento del deber de colaborar con la Sindicatura<\/h2>\n\n\n\n<p>En cuanto a la retirada de las estufas de gas en el espacio p\u00fablico a partir del 1 de enero, <strong>la Sindicatura quiere destacar la falta de informaci\u00f3n facilitada por el Ayuntamiento, lo que impidi\u00f3 saber si la actuaci\u00f3n hab\u00eda sido correcta<\/strong>. Hay que recordar que esta forma de proceder ha incumplido el deber de colaboraci\u00f3n con la Sindicatura.<\/p>\n\n\n\n<p>El consistorio argumentaba que <strong>no podr\u00eda facilitar su n\u00famero dado que la infracci\u00f3n es por la de instalaci\u00f3n de elementos no autorizados<\/strong>, lo que podr\u00eda incluir otros. Tras la solicitud de la Sindicatura, se acept\u00f3 contabilizarlo de manera espec\u00edfica, y public\u00f3 los datos sobre el n\u00famero de inspecciones y sanciones.&nbsp;<\/p>\n\n\n\n<p>Por lo que respecta a la retirada de todas las estufas de las terrazas, la Gerencia de Coordinaci\u00f3n Territorial y Proximidad respondi\u00f3 que quedaba fuera de su competencia.<\/p>\n\n\n\n<h2 class=\"wp-block-heading\">Una actuaci\u00f3n ineficaz y, quiz\u00e1s, contradictoria con los compromisos mediambientales<\/h2>\n\n\n\n<p>Por todo ello, la Sindicatura de Greuges de Barcelona concluye <a href=\"https:\/\/www.sindicaturabarcelona.cat\/wp-content\/uploads\/202503_Dret-medi-ambient-i-dret-bona-administracio_actuacio-dofici-en-relacio-amb-la-retirada-de-les-estufes-de-gas-de-les-terrasses_25OF000002.pdf\" target=\"_blank\" rel=\"noreferrer noopener\">en su resoluci\u00f3n<\/a> que:<\/p>\n\n\n\n<ul class=\"wp-block-list\">\n<li><strong>el \u00c1rea de Urbanismo, Infraestructuras, Acci\u00f3n Clim\u00e1tica, Movilidad, Servicios Urbanos, Innovaci\u00f3n Urbana, Agenda 2030 y Plan de Barrios no fue eficaz para comprobar la retirada de las estufas de gas de las terrazas<\/strong> de los establecimientos de restauraci\u00f3n, y que debe actuar de oficio en caso de incumplimiento.<\/li>\n<\/ul>\n\n\n\n<ul class=\"wp-block-list\">\n<li><strong>esta \u00e1rea debe valorar tambi\u00e9n la posible contradicci\u00f3n en el \u00e1mbito energ\u00e9tico y los compromisos medioambientales<\/strong> que supone calentar los espacios p\u00fablicos con aparatos calefactores, aunque sean el\u00e9ctricos.<\/li>\n<\/ul>\n","protected":false},"excerpt":{"rendered":"<p>La defensor\u00eda de la ciudad ha resuelto una actuaci\u00f3n de oficio sobre la retirada de las estufas de combusti\u00f3n de gas en el espacio p\u00fablico, ya que se ten\u00eda constancia [&hellip;]<\/p>\n","protected":false},"author":2,"featured_media":37590,"comment_status":"closed","ping_status":"closed","sticky":false,"template":"","format":"standard","meta":{"_acf_changed":false,"footnotes":""},"tags":[],"drets":[1583,1477,1592,1586],"class_list":["post-37593","post","type-post","status-publish","format-standard","has-post-thumbnail","hentry","drets-ciudad-garantista","drets-ciudad-habitable-y-sostenible","drets-derecho-al-medio-ambiente","drets-derecho-a-una-buena-administracion"],"acf":[],"yoast_head":"<!-- This site is optimized with the Yoast SEO plugin v27.5 - https:\/\/yoast.com\/product\/yoast-seo-wordpress\/ -->\n<title>La Sindicatura pide al Ayuntamiento que valore la prohibici\u00f3n de todas las estufas de las terrazas de los locales de restauraci\u00f3n - Sindicatura de Greuges de Barcelona<\/title>\n<meta name=\"description\" content=\"Se ha resuelto una actuaci\u00f3n de oficio sobre la retirada de las estufas de combusti\u00f3n de gas en el espacio p\u00fablico, prohibidas desde el 1 de enero.\" \/>\n<meta name=\"robots\" content=\"index, follow, max-snippet:-1, max-image-preview:large, max-video-preview:-1\" \/>\n<link rel=\"canonical\" href=\"https:\/\/www.sindicaturabarcelona.cat\/es\/la-sindicatura-de-greuges-demana-a-lajuntament-que-valori-la-prohibicio-de-totes-les-estufes-de-les-terrasses-dels-locals-de-restauracio\/\" \/>\n<meta property=\"og:locale\" content=\"es_ES\" \/>\n<meta property=\"og:type\" content=\"article\" \/>\n<meta property=\"og:title\" content=\"La Sindicatura pide al Ayuntamiento que valore la prohibici\u00f3n de todas las estufas de las terrazas de los locales de restauraci\u00f3n - Sindicatura de Greuges de Barcelona\" \/>\n<meta property=\"og:description\" content=\"Se ha resuelto una actuaci\u00f3n de oficio sobre la retirada de las estufas de combusti\u00f3n de gas en el espacio p\u00fablico, prohibidas desde el 1 de enero.\" \/>\n<meta property=\"og:url\" content=\"https:\/\/www.sindicaturabarcelona.cat\/es\/la-sindicatura-de-greuges-demana-a-lajuntament-que-valori-la-prohibicio-de-totes-les-estufes-de-les-terrasses-dels-locals-de-restauracio\/\" \/>\n<meta property=\"og:site_name\" content=\"Sindicatura de Greuges de Barcelona\" \/>\n<meta property=\"article:published_time\" content=\"2025-05-22T06:00:00+00:00\" \/>\n<meta property=\"article:modified_time\" content=\"2025-06-03T07:58:49+00:00\" \/>\n<meta property=\"og:image\" content=\"https:\/\/www.sindicaturabarcelona.cat\/wp-content\/uploads\/estufes-terrasses-051222.jpg\" \/>\n\t<meta property=\"og:image:width\" content=\"1920\" \/>\n\t<meta property=\"og:image:height\" content=\"1080\" \/>\n\t<meta property=\"og:image:type\" content=\"image\/jpeg\" \/>\n<meta name=\"author\" content=\"Pablo\" \/>\n<meta name=\"twitter:card\" content=\"summary_large_image\" \/>\n<meta name=\"twitter:creator\" content=\"@sindicbarcelona\" \/>\n<meta name=\"twitter:site\" content=\"@sindicbarcelona\" \/>\n<meta name=\"twitter:label1\" content=\"Escrito por\" \/>\n\t<meta name=\"twitter:data1\" content=\"Pablo\" \/>\n\t<meta name=\"twitter:label2\" content=\"Tiempo de lectura\" \/>\n\t<meta name=\"twitter:data2\" content=\"4 minutos\" \/>\n<script type=\"application\/ld+json\" class=\"yoast-schema-graph\">{\"@context\":\"https:\\\/\\\/schema.org\",\"@graph\":[{\"@type\":\"Article\",\"@id\":\"https:\\\/\\\/www.sindicaturabarcelona.cat\\\/es\\\/la-sindicatura-de-greuges-demana-a-lajuntament-que-valori-la-prohibicio-de-totes-les-estufes-de-les-terrasses-dels-locals-de-restauracio\\\/#article\",\"isPartOf\":{\"@id\":\"https:\\\/\\\/www.sindicaturabarcelona.cat\\\/es\\\/la-sindicatura-de-greuges-demana-a-lajuntament-que-valori-la-prohibicio-de-totes-les-estufes-de-les-terrasses-dels-locals-de-restauracio\\\/\"},\"author\":{\"name\":\"Pablo\",\"@id\":\"https:\\\/\\\/www.sindicaturabarcelona.cat\\\/es\\\/#\\\/schema\\\/person\\\/0e5acffc350ffdbc97578159322c9452\"},\"headline\":\"La Sindicatura pide al Ayuntamiento que valore la prohibici\u00f3n de todas las estufas de las terrazas de los locales de restauraci\u00f3n\",\"datePublished\":\"2025-05-22T06:00:00+00:00\",\"dateModified\":\"2025-06-03T07:58:49+00:00\",\"mainEntityOfPage\":{\"@id\":\"https:\\\/\\\/www.sindicaturabarcelona.cat\\\/es\\\/la-sindicatura-de-greuges-demana-a-lajuntament-que-valori-la-prohibicio-de-totes-les-estufes-de-les-terrasses-dels-locals-de-restauracio\\\/\"},\"wordCount\":721,\"publisher\":{\"@id\":\"https:\\\/\\\/www.sindicaturabarcelona.cat\\\/es\\\/#organization\"},\"image\":{\"@id\":\"https:\\\/\\\/www.sindicaturabarcelona.cat\\\/es\\\/la-sindicatura-de-greuges-demana-a-lajuntament-que-valori-la-prohibicio-de-totes-les-estufes-de-les-terrasses-dels-locals-de-restauracio\\\/#primaryimage\"},\"thumbnailUrl\":\"https:\\\/\\\/www.sindicaturabarcelona.cat\\\/wp-content\\\/uploads\\\/estufes-terrasses-051222.jpg\",\"inLanguage\":\"es\"},{\"@type\":\"WebPage\",\"@id\":\"https:\\\/\\\/www.sindicaturabarcelona.cat\\\/es\\\/la-sindicatura-de-greuges-demana-a-lajuntament-que-valori-la-prohibicio-de-totes-les-estufes-de-les-terrasses-dels-locals-de-restauracio\\\/\",\"url\":\"https:\\\/\\\/www.sindicaturabarcelona.cat\\\/es\\\/la-sindicatura-de-greuges-demana-a-lajuntament-que-valori-la-prohibicio-de-totes-les-estufes-de-les-terrasses-dels-locals-de-restauracio\\\/\",\"name\":\"La Sindicatura pide al Ayuntamiento que valore la prohibici\u00f3n de todas las estufas de las terrazas de los locales de restauraci\u00f3n - Sindicatura de Greuges de Barcelona\",\"isPartOf\":{\"@id\":\"https:\\\/\\\/www.sindicaturabarcelona.cat\\\/es\\\/#website\"},\"primaryImageOfPage\":{\"@id\":\"https:\\\/\\\/www.sindicaturabarcelona.cat\\\/es\\\/la-sindicatura-de-greuges-demana-a-lajuntament-que-valori-la-prohibicio-de-totes-les-estufes-de-les-terrasses-dels-locals-de-restauracio\\\/#primaryimage\"},\"image\":{\"@id\":\"https:\\\/\\\/www.sindicaturabarcelona.cat\\\/es\\\/la-sindicatura-de-greuges-demana-a-lajuntament-que-valori-la-prohibicio-de-totes-les-estufes-de-les-terrasses-dels-locals-de-restauracio\\\/#primaryimage\"},\"thumbnailUrl\":\"https:\\\/\\\/www.sindicaturabarcelona.cat\\\/wp-content\\\/uploads\\\/estufes-terrasses-051222.jpg\",\"datePublished\":\"2025-05-22T06:00:00+00:00\",\"dateModified\":\"2025-06-03T07:58:49+00:00\",\"description\":\"Se ha resuelto una actuaci\u00f3n de oficio sobre la retirada de las estufas de combusti\u00f3n de gas en el espacio p\u00fablico, prohibidas desde el 1 de enero.\",\"breadcrumb\":{\"@id\":\"https:\\\/\\\/www.sindicaturabarcelona.cat\\\/es\\\/la-sindicatura-de-greuges-demana-a-lajuntament-que-valori-la-prohibicio-de-totes-les-estufes-de-les-terrasses-dels-locals-de-restauracio\\\/#breadcrumb\"},\"inLanguage\":\"es\",\"potentialAction\":[{\"@type\":\"ReadAction\",\"target\":[\"https:\\\/\\\/www.sindicaturabarcelona.cat\\\/es\\\/la-sindicatura-de-greuges-demana-a-lajuntament-que-valori-la-prohibicio-de-totes-les-estufes-de-les-terrasses-dels-locals-de-restauracio\\\/\"]}]},{\"@type\":\"ImageObject\",\"inLanguage\":\"es\",\"@id\":\"https:\\\/\\\/www.sindicaturabarcelona.cat\\\/es\\\/la-sindicatura-de-greuges-demana-a-lajuntament-que-valori-la-prohibicio-de-totes-les-estufes-de-les-terrasses-dels-locals-de-restauracio\\\/#primaryimage\",\"url\":\"https:\\\/\\\/www.sindicaturabarcelona.cat\\\/wp-content\\\/uploads\\\/estufes-terrasses-051222.jpg\",\"contentUrl\":\"https:\\\/\\\/www.sindicaturabarcelona.cat\\\/wp-content\\\/uploads\\\/estufes-terrasses-051222.jpg\",\"width\":1920,\"height\":1080,\"caption\":\"xr:d:DAFQEOvZpVw:74,j:43200110556,t:22120517\"},{\"@type\":\"BreadcrumbList\",\"@id\":\"https:\\\/\\\/www.sindicaturabarcelona.cat\\\/es\\\/la-sindicatura-de-greuges-demana-a-lajuntament-que-valori-la-prohibicio-de-totes-les-estufes-de-les-terrasses-dels-locals-de-restauracio\\\/#breadcrumb\",\"itemListElement\":[{\"@type\":\"ListItem\",\"position\":1,\"name\":\"Inici\",\"item\":\"https:\\\/\\\/www.sindicaturabarcelona.cat\\\/es\\\/\"},{\"@type\":\"ListItem\",\"position\":2,\"name\":\"La Sindicatura pide al Ayuntamiento que valore la prohibici\u00f3n de todas las estufas de las terrazas de los locales de restauraci\u00f3n\"}]},{\"@type\":\"WebSite\",\"@id\":\"https:\\\/\\\/www.sindicaturabarcelona.cat\\\/es\\\/#website\",\"url\":\"https:\\\/\\\/www.sindicaturabarcelona.cat\\\/es\\\/\",\"name\":\"Sindicatura de Greuges de Barcelona\",\"description\":\"La defensoria dels teus drets\",\"publisher\":{\"@id\":\"https:\\\/\\\/www.sindicaturabarcelona.cat\\\/es\\\/#organization\"},\"potentialAction\":[{\"@type\":\"SearchAction\",\"target\":{\"@type\":\"EntryPoint\",\"urlTemplate\":\"https:\\\/\\\/www.sindicaturabarcelona.cat\\\/es\\\/?s={search_term_string}\"},\"query-input\":{\"@type\":\"PropertyValueSpecification\",\"valueRequired\":true,\"valueName\":\"search_term_string\"}}],\"inLanguage\":\"es\"},{\"@type\":\"Organization\",\"@id\":\"https:\\\/\\\/www.sindicaturabarcelona.cat\\\/es\\\/#organization\",\"name\":\"Sindicatura de Greuges de Barcelona\",\"url\":\"https:\\\/\\\/www.sindicaturabarcelona.cat\\\/es\\\/\",\"logo\":{\"@type\":\"ImageObject\",\"inLanguage\":\"es\",\"@id\":\"https:\\\/\\\/www.sindicaturabarcelona.cat\\\/es\\\/#\\\/schema\\\/logo\\\/image\\\/\",\"url\":\"https:\\\/\\\/www.sindicaturabarcelona.cat\\\/wp-content\\\/uploads\\\/2023\\\/02\\\/logo_sindicatura.svg\",\"contentUrl\":\"https:\\\/\\\/www.sindicaturabarcelona.cat\\\/wp-content\\\/uploads\\\/2023\\\/02\\\/logo_sindicatura.svg\",\"caption\":\"Sindicatura de Greuges de Barcelona\"},\"image\":{\"@id\":\"https:\\\/\\\/www.sindicaturabarcelona.cat\\\/es\\\/#\\\/schema\\\/logo\\\/image\\\/\"},\"sameAs\":[\"https:\\\/\\\/x.com\\\/sindicbarcelona\",\"https:\\\/\\\/www.instagram.com\\\/sindicbarcelona\\\/\",\"https:\\\/\\\/www.tiktok.com\\\/@sindicaturabcn\",\"https:\\\/\\\/t.me\\\/sindicaturabarcelona\"]},{\"@type\":\"Person\",\"@id\":\"https:\\\/\\\/www.sindicaturabarcelona.cat\\\/es\\\/#\\\/schema\\\/person\\\/0e5acffc350ffdbc97578159322c9452\",\"name\":\"Pablo\",\"image\":{\"@type\":\"ImageObject\",\"inLanguage\":\"es\",\"@id\":\"https:\\\/\\\/secure.gravatar.com\\\/avatar\\\/c948169b402ef9492afde705c3dfd5e90e1a6a84ef6840a91124f805a25a480f?s=96&d=mm&r=g\",\"url\":\"https:\\\/\\\/secure.gravatar.com\\\/avatar\\\/c948169b402ef9492afde705c3dfd5e90e1a6a84ef6840a91124f805a25a480f?s=96&d=mm&r=g\",\"contentUrl\":\"https:\\\/\\\/secure.gravatar.com\\\/avatar\\\/c948169b402ef9492afde705c3dfd5e90e1a6a84ef6840a91124f805a25a480f?s=96&d=mm&r=g\",\"caption\":\"Pablo\"},\"url\":\"https:\\\/\\\/www.sindicaturabarcelona.cat\\\/es\\\/author\\\/pablo\\\/\"}]}<\/script>\n<!-- \/ Yoast SEO plugin. -->","yoast_head_json":{"title":"La Sindicatura pide al Ayuntamiento que valore la prohibici\u00f3n de todas las estufas de las terrazas de los locales de restauraci\u00f3n - Sindicatura de Greuges de Barcelona","description":"Se ha resuelto una actuaci\u00f3n de oficio sobre la retirada de las estufas de combusti\u00f3n de gas en el espacio p\u00fablico, prohibidas desde el 1 de enero.","robots":{"index":"index","follow":"follow","max-snippet":"max-snippet:-1","max-image-preview":"max-image-preview:large","max-video-preview":"max-video-preview:-1"},"canonical":"https:\/\/www.sindicaturabarcelona.cat\/es\/la-sindicatura-de-greuges-demana-a-lajuntament-que-valori-la-prohibicio-de-totes-les-estufes-de-les-terrasses-dels-locals-de-restauracio\/","og_locale":"es_ES","og_type":"article","og_title":"La Sindicatura pide al Ayuntamiento que valore la prohibici\u00f3n de todas las estufas de las terrazas de los locales de restauraci\u00f3n - Sindicatura de Greuges de Barcelona","og_description":"Se ha resuelto una actuaci\u00f3n de oficio sobre la retirada de las estufas de combusti\u00f3n de gas en el espacio p\u00fablico, prohibidas desde el 1 de enero.","og_url":"https:\/\/www.sindicaturabarcelona.cat\/es\/la-sindicatura-de-greuges-demana-a-lajuntament-que-valori-la-prohibicio-de-totes-les-estufes-de-les-terrasses-dels-locals-de-restauracio\/","og_site_name":"Sindicatura de Greuges de Barcelona","article_published_time":"2025-05-22T06:00:00+00:00","article_modified_time":"2025-06-03T07:58:49+00:00","og_image":[{"width":1920,"height":1080,"url":"https:\/\/www.sindicaturabarcelona.cat\/wp-content\/uploads\/estufes-terrasses-051222.jpg","type":"image\/jpeg"}],"author":"Pablo","twitter_card":"summary_large_image","twitter_creator":"@sindicbarcelona","twitter_site":"@sindicbarcelona","twitter_misc":{"Escrito por":"Pablo","Tiempo de lectura":"4 minutos"},"schema":{"@context":"https:\/\/schema.org","@graph":[{"@type":"Article","@id":"https:\/\/www.sindicaturabarcelona.cat\/es\/la-sindicatura-de-greuges-demana-a-lajuntament-que-valori-la-prohibicio-de-totes-les-estufes-de-les-terrasses-dels-locals-de-restauracio\/#article","isPartOf":{"@id":"https:\/\/www.sindicaturabarcelona.cat\/es\/la-sindicatura-de-greuges-demana-a-lajuntament-que-valori-la-prohibicio-de-totes-les-estufes-de-les-terrasses-dels-locals-de-restauracio\/"},"author":{"name":"Pablo","@id":"https:\/\/www.sindicaturabarcelona.cat\/es\/#\/schema\/person\/0e5acffc350ffdbc97578159322c9452"},"headline":"La Sindicatura pide al Ayuntamiento que valore la prohibici\u00f3n de todas las estufas de las terrazas de los locales de restauraci\u00f3n","datePublished":"2025-05-22T06:00:00+00:00","dateModified":"2025-06-03T07:58:49+00:00","mainEntityOfPage":{"@id":"https:\/\/www.sindicaturabarcelona.cat\/es\/la-sindicatura-de-greuges-demana-a-lajuntament-que-valori-la-prohibicio-de-totes-les-estufes-de-les-terrasses-dels-locals-de-restauracio\/"},"wordCount":721,"publisher":{"@id":"https:\/\/www.sindicaturabarcelona.cat\/es\/#organization"},"image":{"@id":"https:\/\/www.sindicaturabarcelona.cat\/es\/la-sindicatura-de-greuges-demana-a-lajuntament-que-valori-la-prohibicio-de-totes-les-estufes-de-les-terrasses-dels-locals-de-restauracio\/#primaryimage"},"thumbnailUrl":"https:\/\/www.sindicaturabarcelona.cat\/wp-content\/uploads\/estufes-terrasses-051222.jpg","inLanguage":"es"},{"@type":"WebPage","@id":"https:\/\/www.sindicaturabarcelona.cat\/es\/la-sindicatura-de-greuges-demana-a-lajuntament-que-valori-la-prohibicio-de-totes-les-estufes-de-les-terrasses-dels-locals-de-restauracio\/","url":"https:\/\/www.sindicaturabarcelona.cat\/es\/la-sindicatura-de-greuges-demana-a-lajuntament-que-valori-la-prohibicio-de-totes-les-estufes-de-les-terrasses-dels-locals-de-restauracio\/","name":"La Sindicatura pide al Ayuntamiento que valore la prohibici\u00f3n de todas las estufas de las terrazas de los locales de restauraci\u00f3n - Sindicatura de Greuges de Barcelona","isPartOf":{"@id":"https:\/\/www.sindicaturabarcelona.cat\/es\/#website"},"primaryImageOfPage":{"@id":"https:\/\/www.sindicaturabarcelona.cat\/es\/la-sindicatura-de-greuges-demana-a-lajuntament-que-valori-la-prohibicio-de-totes-les-estufes-de-les-terrasses-dels-locals-de-restauracio\/#primaryimage"},"image":{"@id":"https:\/\/www.sindicaturabarcelona.cat\/es\/la-sindicatura-de-greuges-demana-a-lajuntament-que-valori-la-prohibicio-de-totes-les-estufes-de-les-terrasses-dels-locals-de-restauracio\/#primaryimage"},"thumbnailUrl":"https:\/\/www.sindicaturabarcelona.cat\/wp-content\/uploads\/estufes-terrasses-051222.jpg","datePublished":"2025-05-22T06:00:00+00:00","dateModified":"2025-06-03T07:58:49+00:00","description":"Se ha resuelto una actuaci\u00f3n de oficio sobre la retirada de las estufas de combusti\u00f3n de gas en el espacio p\u00fablico, prohibidas desde el 1 de enero.","breadcrumb":{"@id":"https:\/\/www.sindicaturabarcelona.cat\/es\/la-sindicatura-de-greuges-demana-a-lajuntament-que-valori-la-prohibicio-de-totes-les-estufes-de-les-terrasses-dels-locals-de-restauracio\/#breadcrumb"},"inLanguage":"es","potentialAction":[{"@type":"ReadAction","target":["https:\/\/www.sindicaturabarcelona.cat\/es\/la-sindicatura-de-greuges-demana-a-lajuntament-que-valori-la-prohibicio-de-totes-les-estufes-de-les-terrasses-dels-locals-de-restauracio\/"]}]},{"@type":"ImageObject","inLanguage":"es","@id":"https:\/\/www.sindicaturabarcelona.cat\/es\/la-sindicatura-de-greuges-demana-a-lajuntament-que-valori-la-prohibicio-de-totes-les-estufes-de-les-terrasses-dels-locals-de-restauracio\/#primaryimage","url":"https:\/\/www.sindicaturabarcelona.cat\/wp-content\/uploads\/estufes-terrasses-051222.jpg","contentUrl":"https:\/\/www.sindicaturabarcelona.cat\/wp-content\/uploads\/estufes-terrasses-051222.jpg","width":1920,"height":1080,"caption":"xr:d:DAFQEOvZpVw:74,j:43200110556,t:22120517"},{"@type":"BreadcrumbList","@id":"https:\/\/www.sindicaturabarcelona.cat\/es\/la-sindicatura-de-greuges-demana-a-lajuntament-que-valori-la-prohibicio-de-totes-les-estufes-de-les-terrasses-dels-locals-de-restauracio\/#breadcrumb","itemListElement":[{"@type":"ListItem","position":1,"name":"Inici","item":"https:\/\/www.sindicaturabarcelona.cat\/es\/"},{"@type":"ListItem","position":2,"name":"La Sindicatura pide al Ayuntamiento que valore la prohibici\u00f3n de todas las estufas de las terrazas de los locales de restauraci\u00f3n"}]},{"@type":"WebSite","@id":"https:\/\/www.sindicaturabarcelona.cat\/es\/#website","url":"https:\/\/www.sindicaturabarcelona.cat\/es\/","name":"Sindicatura de Greuges de Barcelona","description":"La defensoria dels teus drets","publisher":{"@id":"https:\/\/www.sindicaturabarcelona.cat\/es\/#organization"},"potentialAction":[{"@type":"SearchAction","target":{"@type":"EntryPoint","urlTemplate":"https:\/\/www.sindicaturabarcelona.cat\/es\/?s={search_term_string}"},"query-input":{"@type":"PropertyValueSpecification","valueRequired":true,"valueName":"search_term_string"}}],"inLanguage":"es"},{"@type":"Organization","@id":"https:\/\/www.sindicaturabarcelona.cat\/es\/#organization","name":"Sindicatura de Greuges de Barcelona","url":"https:\/\/www.sindicaturabarcelona.cat\/es\/","logo":{"@type":"ImageObject","inLanguage":"es","@id":"https:\/\/www.sindicaturabarcelona.cat\/es\/#\/schema\/logo\/image\/","url":"https:\/\/www.sindicaturabarcelona.cat\/wp-content\/uploads\/2023\/02\/logo_sindicatura.svg","contentUrl":"https:\/\/www.sindicaturabarcelona.cat\/wp-content\/uploads\/2023\/02\/logo_sindicatura.svg","caption":"Sindicatura de Greuges de Barcelona"},"image":{"@id":"https:\/\/www.sindicaturabarcelona.cat\/es\/#\/schema\/logo\/image\/"},"sameAs":["https:\/\/x.com\/sindicbarcelona","https:\/\/www.instagram.com\/sindicbarcelona\/","https:\/\/www.tiktok.com\/@sindicaturabcn","https:\/\/t.me\/sindicaturabarcelona"]},{"@type":"Person","@id":"https:\/\/www.sindicaturabarcelona.cat\/es\/#\/schema\/person\/0e5acffc350ffdbc97578159322c9452","name":"Pablo","image":{"@type":"ImageObject","inLanguage":"es","@id":"https:\/\/secure.gravatar.com\/avatar\/c948169b402ef9492afde705c3dfd5e90e1a6a84ef6840a91124f805a25a480f?s=96&d=mm&r=g","url":"https:\/\/secure.gravatar.com\/avatar\/c948169b402ef9492afde705c3dfd5e90e1a6a84ef6840a91124f805a25a480f?s=96&d=mm&r=g","contentUrl":"https:\/\/secure.gravatar.com\/avatar\/c948169b402ef9492afde705c3dfd5e90e1a6a84ef6840a91124f805a25a480f?s=96&d=mm&r=g","caption":"Pablo"},"url":"https:\/\/www.sindicaturabarcelona.cat\/es\/author\/pablo\/"}]}},"_links":{"self":[{"href":"https:\/\/www.sindicaturabarcelona.cat\/es\/wp-json\/wp\/v2\/posts\/37593","targetHints":{"allow":["GET"]}}],"collection":[{"href":"https:\/\/www.sindicaturabarcelona.cat\/es\/wp-json\/wp\/v2\/posts"}],"about":[{"href":"https:\/\/www.sindicaturabarcelona.cat\/es\/wp-json\/wp\/v2\/types\/post"}],"author":[{"embeddable":true,"href":"https:\/\/www.sindicaturabarcelona.cat\/es\/wp-json\/wp\/v2\/users\/2"}],"replies":[{"embeddable":true,"href":"https:\/\/www.sindicaturabarcelona.cat\/es\/wp-json\/wp\/v2\/comments?post=37593"}],"version-history":[{"count":7,"href":"https:\/\/www.sindicaturabarcelona.cat\/es\/wp-json\/wp\/v2\/posts\/37593\/revisions"}],"predecessor-version":[{"id":37707,"href":"https:\/\/www.sindicaturabarcelona.cat\/es\/wp-json\/wp\/v2\/posts\/37593\/revisions\/37707"}],"wp:featuredmedia":[{"embeddable":true,"href":"https:\/\/www.sindicaturabarcelona.cat\/es\/wp-json\/wp\/v2\/media\/37590"}],"wp:attachment":[{"href":"https:\/\/www.sindicaturabarcelona.cat\/es\/wp-json\/wp\/v2\/media?parent=37593"}],"wp:term":[{"taxonomy":"post_tag","embeddable":true,"href":"https:\/\/www.sindicaturabarcelona.cat\/es\/wp-json\/wp\/v2\/tags?post=37593"},{"taxonomy":"drets","embeddable":true,"href":"https:\/\/www.sindicaturabarcelona.cat\/es\/wp-json\/wp\/v2\/drets?post=37593"}],"curies":[{"name":"wp","href":"https:\/\/api.w.org\/{rel}","templated":true}]}}