{"id":37560,"date":"2025-05-16T07:30:00","date_gmt":"2025-05-16T05:30:00","guid":{"rendered":"https:\/\/www.sindicaturabarcelona.cat\/?p=37560"},"modified":"2025-06-13T14:18:24","modified_gmt":"2025-06-13T12:18:24","slug":"testiu-molt-2025-la-sindicatura-incide-en-el-agravio-comparativo-y-la-discriminacion-en-el-acceso-al-derecho-al-ocio-que-sufren-las-familias-con-infantes-y-jovenes-con-discapacidad","status":"publish","type":"post","link":"https:\/\/www.sindicaturabarcelona.cat\/es\/testiu-molt-2025-la-sindicatura-incide-en-el-agravio-comparativo-y-la-discriminacion-en-el-acceso-al-derecho-al-ocio-que-sufren-las-familias-con-infantes-y-jovenes-con-discapacidad\/","title":{"rendered":"T\u2019estiu molt 2025: La Sindicatura incide en el agravio comparativo y la discriminaci\u00f3n en el acceso al derecho al ocio que sufren las familias con infantes y j\u00f3venes con discapacidad"},"content":{"rendered":"\n<h2 class=\"wp-block-heading\"><strong><strong>Aunque las bases reguladoras de las ayudas para actividades de verano prev\u00e9n medidas para favorecer la participaci\u00f3n de infantes y j\u00f3venes con discapacidad, todav\u00eda no son suficientes y generan desigualdad. <\/strong><\/strong><\/h2>\n\n\n\n<h2 class=\"wp-block-heading\"><strong><strong>Las actividades adaptadas tienen un coste m\u00e1s elevado, que no es asumido por las subvenciones, situaci\u00f3n que obliga las familias a hacer un esfuerzo econ\u00f3mico superior.<\/strong><\/strong><\/h2>\n\n\n\n<p>Despu\u00e9s de recibir <strong>quejas de nueve familias con infantes y j\u00f3venes con discapacidad respecto a los precios de las actividades municipales<\/strong> <a href=\"https:\/\/www.barcelona.cat\/vacances\/ca\"><strong><em>T\u2019estiu molt 2025<\/em><\/strong><\/a><strong>, <\/strong>la Sindicatura de Greuges de Barcelona ha analizado <strong>las condiciones de acceso a las actividades de verano subvencionadas por el Ayuntamiento<\/strong>, y <a href=\"https:\/\/www.sindicaturabarcelona.cat\/wp-content\/uploads\/202505_Dret-igualtat-i-diversitat_Testiu-molt-greuge-comparatiu-i-discriminacio-families-amb-fills-i-filles-amb-discapacitat_25Q000291.pdf\">ha detectado un agravio comparativo y una discriminaci\u00f3n que afecta a las familias con ni\u00f1os y j\u00f3venes con discapacidad<\/a>.<\/p>\n\n\n\n<p>A pesar de que las bases reguladoras de las ayudas para actividades de verano prev\u00e9n medidas para favorecer la participaci\u00f3n de ni\u00f1os y j\u00f3venes con discapacidad, todav\u00eda no son suficientes y generan desigualdad. <strong>Las actividades adaptadas presentan unos precios notablemente m\u00e1s altos que las actividades ordinarias, sin que las subvenciones cubran estas diferencias de coste, situaci\u00f3n que obliga las familias a hacer un esfuerzo econ\u00f3mico superior.<\/strong><\/p>\n\n\n\n<p>La Sindicatura de Greuges de Barcelona tambi\u00e9n destaca que, aunque las bases prev\u00e9n la accesibilidad y la inclusi\u00f3n en todas las actividades ordinarias, <strong>a la pr\u00e1ctica hay familias que se encuentran con dificultades para garantizar la participaci\u00f3n de sus hijos en estas actividades por falta de monitores de apoyo.<\/strong><\/p>\n\n\n\n<p>Entre otros, la Sindicatura ha recomendado al Ayuntamiento que <strong>este sobrecoste no repercuta en estas familias y que valore la posibilidad de aumentar las ayudas destinadas a monitorizaci\u00f3n de apoyo<\/strong>. En esta l\u00ednea, la Sindicatura insiste que las entidades promotoras de las actividades deben garantizar que los ni\u00f1os con discapacidad tengan las mismas oportunidades de acceso que el resto de ni\u00f1os. <strong>\u201cContinuaremos haciendo seguimiento de la situaci\u00f3n para garantizar que los derechos de los ni\u00f1os y j\u00f3venes con discapacidad sean respetados en igualdad de condiciones\u201d<\/strong>, ha manifestado el s\u00edndic de greuges de Barcelona, David Bondia.<\/p>\n\n\n\n<p><a href=\"https:\/\/www.sindicaturabarcelona.cat\/wp-content\/uploads\/202505_Dret-igualtat-i-diversitat_Testiu-molt-greuge-comparatiu-i-discriminacio-families-amb-fills-i-filles-amb-discapacitat_25Q000291.pdf\">En la resoluci\u00f3n de la Sindicatura de Greuges de Barcelona<\/a> puedes consultar en detalle c\u00f3mo se regula la concesi\u00f3n de subvenciones, los requisitos, el coste de las actividades adaptadas y ordinarias, y varias mesas comparativas.<\/p>\n\n\n\n<h2 class=\"wp-block-heading\"><strong><strong>El n\u00famero de actividades adaptadas y plazas del <em>T\u2019estiu molt<\/em><\/strong><\/strong><\/h2>\n\n\n\n<p>El Ayuntamiento ha informado que el n\u00famero total de actividades aprobadas para la campa\u00f1a de vacaciones de verano para ni\u00f1os y adolescentes es de 1.080, las cuales ofrecen un total de 369.198 plazas. <strong>De las 1.080 actividades, 22 son actividades dirigidas espec\u00edficamente a ni\u00f1os con necesidades educativas especiales y ofrecen un total de 2.203 plazas. Llama especialmente la atenci\u00f3n que solo 4 de las 22 actividades adaptadas tienen un coste m\u00e1s bajo que los m\u00e1ximos establecidos por el Ayuntamiento. En el caso de los campamentos, las diferencias son muy considerables y llegan a duplicar e, incluso, m\u00e1s que triplicar el precio m\u00e1ximo recomendado por el Ayuntamiento.<\/strong><\/p>\n\n\n\n<h2 class=\"wp-block-heading\"><strong><strong>Las ayudas o contraprestaciones, lejos de cubrir el sobrecoste que comporta la discapacidad<\/strong><\/strong><\/h2>\n\n\n\n<p>Varios estudios evidencian que las personas con discapacidad deben afrontar una serie de gastos adicionales que generan una situaci\u00f3n de desventaja econ\u00f3mica en comparaci\u00f3n con las personas que no tienen discapacidad. Esta desventaja no es uniforme, puesto que los costes se incrementan en funci\u00f3n del grado de discapacidad.<\/p>\n\n\n\n<p><strong>Aunque las administraciones p\u00fablicas ofrecen ayudas para paliar esta desigualdad, los datos muestran que estas medidas son insuficientes y no cubren el coste real derivado de la discapacidad<\/strong>. A d\u00eda de hoy, los precios de estas actividades son tan elevados que muchas familias no los pueden asumir.<\/p>\n\n\n\n<p><strong>Aunque las administraciones p\u00fablicas ofrecen ayudas para paliar esta desigualdad, los datos muestran que estas medidas son insuficientes y no cubren el coste real derivado de la discapacidad<\/strong>. A d\u00eda de hoy, los precios de estas actividades son tan elevados que muchas familias no los pueden asumir.<\/p>\n\n\n\n<h2 class=\"wp-block-heading\"><strong><strong>Buenas pr\u00e1cticas del Ayuntamiento de Barcelona, pero a\u00fan insuficientes \u00a0<\/strong><\/strong><\/h2>\n\n\n\n<p>Para concluir, la Sindicatura destaca que el Ayuntamiento, al regular las ayudas, ha introducido criterios para compensar esta desventaja econ\u00f3mica. Por ejemplo, <strong>se cuenta cada persona con discapacidad como dos a la hora de calcular la renta per c\u00e1pita familiar, se reserva un 5% de las plazas de las actividades ordinarias para este colectivo, y se prev\u00e9 subvencionar las entidades que ofrecen actividades adaptadas<\/strong>. Sin embargo, la Sindicatura cree que mantener un coste tan elevado para las actividades espec\u00edficas para ni\u00f1os y j\u00f3venes con discapacidad representa un agravio comparativo y una discriminaci\u00f3n en cuanto al acceso al derecho al ocio.<\/p>\n\n\n\n<p><\/p>\n","protected":false},"excerpt":{"rendered":"<p>Aunque las bases reguladoras de las ayudas para actividades de verano prev\u00e9n medidas para favorecer la participaci\u00f3n de infantes y j\u00f3venes con discapacidad, todav\u00eda no son suficientes y generan desigualdad. [&hellip;]<\/p>\n","protected":false},"author":2,"featured_media":37557,"comment_status":"closed","ping_status":"closed","sticky":false,"template":"","format":"standard","meta":{"_acf_changed":false,"footnotes":""},"tags":[],"drets":[1567,1568],"class_list":["post-37560","post","type-post","status-publish","format-standard","has-post-thumbnail","hentry","drets-ciudad-diversa","drets-derecho-a-la-igualdad-y-a-la-diversidad"],"acf":[],"yoast_head":"<!-- This site is optimized with the Yoast SEO plugin v27.5 - https:\/\/yoast.com\/product\/yoast-seo-wordpress\/ -->\n<title>T\u2019estiu molt 2025: La Sindicatura incide en el agravio comparativo y la discriminaci\u00f3n en el acceso al derecho al ocio que sufren las familias con infantes y j\u00f3venes con discapacidad - Sindicatura de Greuges de Barcelona<\/title>\n<meta name=\"description\" content=\"Aunque las ayudas para actividades de verano prev\u00e9n medidas para favorecer la participaci\u00f3n de infantes y j\u00f3venes con discapacidad, todav\u00eda no son suficientes.\" \/>\n<meta name=\"robots\" content=\"index, follow, max-snippet:-1, max-image-preview:large, max-video-preview:-1\" \/>\n<link rel=\"canonical\" href=\"https:\/\/www.sindicaturabarcelona.cat\/es\/testiu-molt-2025-la-sindicatura-incide-en-el-agravio-comparativo-y-la-discriminacion-en-el-acceso-al-derecho-al-ocio-que-sufren-las-familias-con-infantes-y-jovenes-con-discapacidad\/\" \/>\n<meta property=\"og:locale\" content=\"es_ES\" \/>\n<meta property=\"og:type\" content=\"article\" \/>\n<meta property=\"og:title\" content=\"T\u2019estiu molt 2025: La Sindicatura incide en el agravio comparativo y la discriminaci\u00f3n en el acceso al derecho al ocio que sufren las familias con infantes y j\u00f3venes con discapacidad - Sindicatura de Greuges de Barcelona\" \/>\n<meta property=\"og:description\" content=\"Aunque las ayudas para actividades de verano prev\u00e9n medidas para favorecer la participaci\u00f3n de infantes y j\u00f3venes con discapacidad, todav\u00eda no son suficientes.\" \/>\n<meta property=\"og:url\" content=\"https:\/\/www.sindicaturabarcelona.cat\/es\/testiu-molt-2025-la-sindicatura-incide-en-el-agravio-comparativo-y-la-discriminacion-en-el-acceso-al-derecho-al-ocio-que-sufren-las-familias-con-infantes-y-jovenes-con-discapacidad\/\" \/>\n<meta property=\"og:site_name\" content=\"Sindicatura de Greuges de Barcelona\" \/>\n<meta property=\"article:published_time\" content=\"2025-05-16T05:30:00+00:00\" \/>\n<meta property=\"article:modified_time\" content=\"2025-06-13T12:18:24+00:00\" \/>\n<meta property=\"og:image\" content=\"https:\/\/www.sindicaturabarcelona.cat\/wp-content\/uploads\/una-nena-juga-amb-una-estructura-de-f.jpg\" \/>\n\t<meta property=\"og:image:width\" content=\"1533\" \/>\n\t<meta property=\"og:image:height\" content=\"1024\" \/>\n\t<meta property=\"og:image:type\" content=\"image\/jpeg\" \/>\n<meta name=\"author\" content=\"Pablo\" \/>\n<meta name=\"twitter:card\" content=\"summary_large_image\" \/>\n<meta name=\"twitter:creator\" content=\"@sindicbarcelona\" \/>\n<meta name=\"twitter:site\" content=\"@sindicbarcelona\" \/>\n<meta name=\"twitter:label1\" content=\"Escrito por\" \/>\n\t<meta name=\"twitter:data1\" content=\"Pablo\" \/>\n\t<meta name=\"twitter:label2\" content=\"Tiempo de lectura\" \/>\n\t<meta name=\"twitter:data2\" content=\"5 minutos\" \/>\n<script type=\"application\/ld+json\" class=\"yoast-schema-graph\">{\"@context\":\"https:\\\/\\\/schema.org\",\"@graph\":[{\"@type\":\"Article\",\"@id\":\"https:\\\/\\\/www.sindicaturabarcelona.cat\\\/es\\\/testiu-molt-2025-la-sindicatura-incide-en-el-agravio-comparativo-y-la-discriminacion-en-el-acceso-al-derecho-al-ocio-que-sufren-las-familias-con-infantes-y-jovenes-con-discapacidad\\\/#article\",\"isPartOf\":{\"@id\":\"https:\\\/\\\/www.sindicaturabarcelona.cat\\\/es\\\/testiu-molt-2025-la-sindicatura-incide-en-el-agravio-comparativo-y-la-discriminacion-en-el-acceso-al-derecho-al-ocio-que-sufren-las-familias-con-infantes-y-jovenes-con-discapacidad\\\/\"},\"author\":{\"name\":\"Pablo\",\"@id\":\"https:\\\/\\\/www.sindicaturabarcelona.cat\\\/es\\\/#\\\/schema\\\/person\\\/0e5acffc350ffdbc97578159322c9452\"},\"headline\":\"T\u2019estiu molt 2025: La Sindicatura incide en el agravio comparativo y la discriminaci\u00f3n en el acceso al derecho al ocio que sufren las familias con infantes y j\u00f3venes con discapacidad\",\"datePublished\":\"2025-05-16T05:30:00+00:00\",\"dateModified\":\"2025-06-13T12:18:24+00:00\",\"mainEntityOfPage\":{\"@id\":\"https:\\\/\\\/www.sindicaturabarcelona.cat\\\/es\\\/testiu-molt-2025-la-sindicatura-incide-en-el-agravio-comparativo-y-la-discriminacion-en-el-acceso-al-derecho-al-ocio-que-sufren-las-familias-con-infantes-y-jovenes-con-discapacidad\\\/\"},\"wordCount\":834,\"publisher\":{\"@id\":\"https:\\\/\\\/www.sindicaturabarcelona.cat\\\/es\\\/#organization\"},\"image\":{\"@id\":\"https:\\\/\\\/www.sindicaturabarcelona.cat\\\/es\\\/testiu-molt-2025-la-sindicatura-incide-en-el-agravio-comparativo-y-la-discriminacion-en-el-acceso-al-derecho-al-ocio-que-sufren-las-familias-con-infantes-y-jovenes-con-discapacidad\\\/#primaryimage\"},\"thumbnailUrl\":\"https:\\\/\\\/www.sindicaturabarcelona.cat\\\/wp-content\\\/uploads\\\/una-nena-juga-amb-una-estructura-de-f.jpg\",\"inLanguage\":\"es\"},{\"@type\":\"WebPage\",\"@id\":\"https:\\\/\\\/www.sindicaturabarcelona.cat\\\/es\\\/testiu-molt-2025-la-sindicatura-incide-en-el-agravio-comparativo-y-la-discriminacion-en-el-acceso-al-derecho-al-ocio-que-sufren-las-familias-con-infantes-y-jovenes-con-discapacidad\\\/\",\"url\":\"https:\\\/\\\/www.sindicaturabarcelona.cat\\\/es\\\/testiu-molt-2025-la-sindicatura-incide-en-el-agravio-comparativo-y-la-discriminacion-en-el-acceso-al-derecho-al-ocio-que-sufren-las-familias-con-infantes-y-jovenes-con-discapacidad\\\/\",\"name\":\"T\u2019estiu molt 2025: La Sindicatura incide en el agravio comparativo y la discriminaci\u00f3n en el acceso al derecho al ocio que sufren las familias con infantes y j\u00f3venes con discapacidad - Sindicatura de Greuges de Barcelona\",\"isPartOf\":{\"@id\":\"https:\\\/\\\/www.sindicaturabarcelona.cat\\\/es\\\/#website\"},\"primaryImageOfPage\":{\"@id\":\"https:\\\/\\\/www.sindicaturabarcelona.cat\\\/es\\\/testiu-molt-2025-la-sindicatura-incide-en-el-agravio-comparativo-y-la-discriminacion-en-el-acceso-al-derecho-al-ocio-que-sufren-las-familias-con-infantes-y-jovenes-con-discapacidad\\\/#primaryimage\"},\"image\":{\"@id\":\"https:\\\/\\\/www.sindicaturabarcelona.cat\\\/es\\\/testiu-molt-2025-la-sindicatura-incide-en-el-agravio-comparativo-y-la-discriminacion-en-el-acceso-al-derecho-al-ocio-que-sufren-las-familias-con-infantes-y-jovenes-con-discapacidad\\\/#primaryimage\"},\"thumbnailUrl\":\"https:\\\/\\\/www.sindicaturabarcelona.cat\\\/wp-content\\\/uploads\\\/una-nena-juga-amb-una-estructura-de-f.jpg\",\"datePublished\":\"2025-05-16T05:30:00+00:00\",\"dateModified\":\"2025-06-13T12:18:24+00:00\",\"description\":\"Aunque las ayudas para actividades de verano prev\u00e9n medidas para favorecer la participaci\u00f3n de infantes y j\u00f3venes con discapacidad, todav\u00eda no son suficientes.\",\"breadcrumb\":{\"@id\":\"https:\\\/\\\/www.sindicaturabarcelona.cat\\\/es\\\/testiu-molt-2025-la-sindicatura-incide-en-el-agravio-comparativo-y-la-discriminacion-en-el-acceso-al-derecho-al-ocio-que-sufren-las-familias-con-infantes-y-jovenes-con-discapacidad\\\/#breadcrumb\"},\"inLanguage\":\"es\",\"potentialAction\":[{\"@type\":\"ReadAction\",\"target\":[\"https:\\\/\\\/www.sindicaturabarcelona.cat\\\/es\\\/testiu-molt-2025-la-sindicatura-incide-en-el-agravio-comparativo-y-la-discriminacion-en-el-acceso-al-derecho-al-ocio-que-sufren-las-familias-con-infantes-y-jovenes-con-discapacidad\\\/\"]}]},{\"@type\":\"ImageObject\",\"inLanguage\":\"es\",\"@id\":\"https:\\\/\\\/www.sindicaturabarcelona.cat\\\/es\\\/testiu-molt-2025-la-sindicatura-incide-en-el-agravio-comparativo-y-la-discriminacion-en-el-acceso-al-derecho-al-ocio-que-sufren-las-familias-con-infantes-y-jovenes-con-discapacidad\\\/#primaryimage\",\"url\":\"https:\\\/\\\/www.sindicaturabarcelona.cat\\\/wp-content\\\/uploads\\\/una-nena-juga-amb-una-estructura-de-f.jpg\",\"contentUrl\":\"https:\\\/\\\/www.sindicaturabarcelona.cat\\\/wp-content\\\/uploads\\\/una-nena-juga-amb-una-estructura-de-f.jpg\",\"width\":1533,\"height\":1024},{\"@type\":\"BreadcrumbList\",\"@id\":\"https:\\\/\\\/www.sindicaturabarcelona.cat\\\/es\\\/testiu-molt-2025-la-sindicatura-incide-en-el-agravio-comparativo-y-la-discriminacion-en-el-acceso-al-derecho-al-ocio-que-sufren-las-familias-con-infantes-y-jovenes-con-discapacidad\\\/#breadcrumb\",\"itemListElement\":[{\"@type\":\"ListItem\",\"position\":1,\"name\":\"Inici\",\"item\":\"https:\\\/\\\/www.sindicaturabarcelona.cat\\\/es\\\/\"},{\"@type\":\"ListItem\",\"position\":2,\"name\":\"T\u2019estiu molt 2025: La Sindicatura incide en el agravio comparativo y la discriminaci\u00f3n en el acceso al derecho al ocio que sufren las familias con infantes y j\u00f3venes con discapacidad\"}]},{\"@type\":\"WebSite\",\"@id\":\"https:\\\/\\\/www.sindicaturabarcelona.cat\\\/es\\\/#website\",\"url\":\"https:\\\/\\\/www.sindicaturabarcelona.cat\\\/es\\\/\",\"name\":\"Sindicatura de Greuges de Barcelona\",\"description\":\"La defensoria dels teus drets\",\"publisher\":{\"@id\":\"https:\\\/\\\/www.sindicaturabarcelona.cat\\\/es\\\/#organization\"},\"potentialAction\":[{\"@type\":\"SearchAction\",\"target\":{\"@type\":\"EntryPoint\",\"urlTemplate\":\"https:\\\/\\\/www.sindicaturabarcelona.cat\\\/es\\\/?s={search_term_string}\"},\"query-input\":{\"@type\":\"PropertyValueSpecification\",\"valueRequired\":true,\"valueName\":\"search_term_string\"}}],\"inLanguage\":\"es\"},{\"@type\":\"Organization\",\"@id\":\"https:\\\/\\\/www.sindicaturabarcelona.cat\\\/es\\\/#organization\",\"name\":\"Sindicatura de Greuges de Barcelona\",\"url\":\"https:\\\/\\\/www.sindicaturabarcelona.cat\\\/es\\\/\",\"logo\":{\"@type\":\"ImageObject\",\"inLanguage\":\"es\",\"@id\":\"https:\\\/\\\/www.sindicaturabarcelona.cat\\\/es\\\/#\\\/schema\\\/logo\\\/image\\\/\",\"url\":\"https:\\\/\\\/www.sindicaturabarcelona.cat\\\/wp-content\\\/uploads\\\/2023\\\/02\\\/logo_sindicatura.svg\",\"contentUrl\":\"https:\\\/\\\/www.sindicaturabarcelona.cat\\\/wp-content\\\/uploads\\\/2023\\\/02\\\/logo_sindicatura.svg\",\"caption\":\"Sindicatura de Greuges de Barcelona\"},\"image\":{\"@id\":\"https:\\\/\\\/www.sindicaturabarcelona.cat\\\/es\\\/#\\\/schema\\\/logo\\\/image\\\/\"},\"sameAs\":[\"https:\\\/\\\/x.com\\\/sindicbarcelona\",\"https:\\\/\\\/www.instagram.com\\\/sindicbarcelona\\\/\",\"https:\\\/\\\/www.tiktok.com\\\/@sindicaturabcn\",\"https:\\\/\\\/t.me\\\/sindicaturabarcelona\"]},{\"@type\":\"Person\",\"@id\":\"https:\\\/\\\/www.sindicaturabarcelona.cat\\\/es\\\/#\\\/schema\\\/person\\\/0e5acffc350ffdbc97578159322c9452\",\"name\":\"Pablo\",\"image\":{\"@type\":\"ImageObject\",\"inLanguage\":\"es\",\"@id\":\"https:\\\/\\\/secure.gravatar.com\\\/avatar\\\/c948169b402ef9492afde705c3dfd5e90e1a6a84ef6840a91124f805a25a480f?s=96&d=mm&r=g\",\"url\":\"https:\\\/\\\/secure.gravatar.com\\\/avatar\\\/c948169b402ef9492afde705c3dfd5e90e1a6a84ef6840a91124f805a25a480f?s=96&d=mm&r=g\",\"contentUrl\":\"https:\\\/\\\/secure.gravatar.com\\\/avatar\\\/c948169b402ef9492afde705c3dfd5e90e1a6a84ef6840a91124f805a25a480f?s=96&d=mm&r=g\",\"caption\":\"Pablo\"},\"url\":\"https:\\\/\\\/www.sindicaturabarcelona.cat\\\/es\\\/author\\\/pablo\\\/\"}]}<\/script>\n<!-- \/ Yoast SEO plugin. -->","yoast_head_json":{"title":"T\u2019estiu molt 2025: La Sindicatura incide en el agravio comparativo y la discriminaci\u00f3n en el acceso al derecho al ocio que sufren las familias con infantes y j\u00f3venes con discapacidad - Sindicatura de Greuges de Barcelona","description":"Aunque las ayudas para actividades de verano prev\u00e9n medidas para favorecer la participaci\u00f3n de infantes y j\u00f3venes con discapacidad, todav\u00eda no son suficientes.","robots":{"index":"index","follow":"follow","max-snippet":"max-snippet:-1","max-image-preview":"max-image-preview:large","max-video-preview":"max-video-preview:-1"},"canonical":"https:\/\/www.sindicaturabarcelona.cat\/es\/testiu-molt-2025-la-sindicatura-incide-en-el-agravio-comparativo-y-la-discriminacion-en-el-acceso-al-derecho-al-ocio-que-sufren-las-familias-con-infantes-y-jovenes-con-discapacidad\/","og_locale":"es_ES","og_type":"article","og_title":"T\u2019estiu molt 2025: La Sindicatura incide en el agravio comparativo y la discriminaci\u00f3n en el acceso al derecho al ocio que sufren las familias con infantes y j\u00f3venes con discapacidad - Sindicatura de Greuges de Barcelona","og_description":"Aunque las ayudas para actividades de verano prev\u00e9n medidas para favorecer la participaci\u00f3n de infantes y j\u00f3venes con discapacidad, todav\u00eda no son suficientes.","og_url":"https:\/\/www.sindicaturabarcelona.cat\/es\/testiu-molt-2025-la-sindicatura-incide-en-el-agravio-comparativo-y-la-discriminacion-en-el-acceso-al-derecho-al-ocio-que-sufren-las-familias-con-infantes-y-jovenes-con-discapacidad\/","og_site_name":"Sindicatura de Greuges de Barcelona","article_published_time":"2025-05-16T05:30:00+00:00","article_modified_time":"2025-06-13T12:18:24+00:00","og_image":[{"width":1533,"height":1024,"url":"https:\/\/www.sindicaturabarcelona.cat\/wp-content\/uploads\/una-nena-juga-amb-una-estructura-de-f.jpg","type":"image\/jpeg"}],"author":"Pablo","twitter_card":"summary_large_image","twitter_creator":"@sindicbarcelona","twitter_site":"@sindicbarcelona","twitter_misc":{"Escrito por":"Pablo","Tiempo de lectura":"5 minutos"},"schema":{"@context":"https:\/\/schema.org","@graph":[{"@type":"Article","@id":"https:\/\/www.sindicaturabarcelona.cat\/es\/testiu-molt-2025-la-sindicatura-incide-en-el-agravio-comparativo-y-la-discriminacion-en-el-acceso-al-derecho-al-ocio-que-sufren-las-familias-con-infantes-y-jovenes-con-discapacidad\/#article","isPartOf":{"@id":"https:\/\/www.sindicaturabarcelona.cat\/es\/testiu-molt-2025-la-sindicatura-incide-en-el-agravio-comparativo-y-la-discriminacion-en-el-acceso-al-derecho-al-ocio-que-sufren-las-familias-con-infantes-y-jovenes-con-discapacidad\/"},"author":{"name":"Pablo","@id":"https:\/\/www.sindicaturabarcelona.cat\/es\/#\/schema\/person\/0e5acffc350ffdbc97578159322c9452"},"headline":"T\u2019estiu molt 2025: La Sindicatura incide en el agravio comparativo y la discriminaci\u00f3n en el acceso al derecho al ocio que sufren las familias con infantes y j\u00f3venes con discapacidad","datePublished":"2025-05-16T05:30:00+00:00","dateModified":"2025-06-13T12:18:24+00:00","mainEntityOfPage":{"@id":"https:\/\/www.sindicaturabarcelona.cat\/es\/testiu-molt-2025-la-sindicatura-incide-en-el-agravio-comparativo-y-la-discriminacion-en-el-acceso-al-derecho-al-ocio-que-sufren-las-familias-con-infantes-y-jovenes-con-discapacidad\/"},"wordCount":834,"publisher":{"@id":"https:\/\/www.sindicaturabarcelona.cat\/es\/#organization"},"image":{"@id":"https:\/\/www.sindicaturabarcelona.cat\/es\/testiu-molt-2025-la-sindicatura-incide-en-el-agravio-comparativo-y-la-discriminacion-en-el-acceso-al-derecho-al-ocio-que-sufren-las-familias-con-infantes-y-jovenes-con-discapacidad\/#primaryimage"},"thumbnailUrl":"https:\/\/www.sindicaturabarcelona.cat\/wp-content\/uploads\/una-nena-juga-amb-una-estructura-de-f.jpg","inLanguage":"es"},{"@type":"WebPage","@id":"https:\/\/www.sindicaturabarcelona.cat\/es\/testiu-molt-2025-la-sindicatura-incide-en-el-agravio-comparativo-y-la-discriminacion-en-el-acceso-al-derecho-al-ocio-que-sufren-las-familias-con-infantes-y-jovenes-con-discapacidad\/","url":"https:\/\/www.sindicaturabarcelona.cat\/es\/testiu-molt-2025-la-sindicatura-incide-en-el-agravio-comparativo-y-la-discriminacion-en-el-acceso-al-derecho-al-ocio-que-sufren-las-familias-con-infantes-y-jovenes-con-discapacidad\/","name":"T\u2019estiu molt 2025: La Sindicatura incide en el agravio comparativo y la discriminaci\u00f3n en el acceso al derecho al ocio que sufren las familias con infantes y j\u00f3venes con discapacidad - Sindicatura de Greuges de Barcelona","isPartOf":{"@id":"https:\/\/www.sindicaturabarcelona.cat\/es\/#website"},"primaryImageOfPage":{"@id":"https:\/\/www.sindicaturabarcelona.cat\/es\/testiu-molt-2025-la-sindicatura-incide-en-el-agravio-comparativo-y-la-discriminacion-en-el-acceso-al-derecho-al-ocio-que-sufren-las-familias-con-infantes-y-jovenes-con-discapacidad\/#primaryimage"},"image":{"@id":"https:\/\/www.sindicaturabarcelona.cat\/es\/testiu-molt-2025-la-sindicatura-incide-en-el-agravio-comparativo-y-la-discriminacion-en-el-acceso-al-derecho-al-ocio-que-sufren-las-familias-con-infantes-y-jovenes-con-discapacidad\/#primaryimage"},"thumbnailUrl":"https:\/\/www.sindicaturabarcelona.cat\/wp-content\/uploads\/una-nena-juga-amb-una-estructura-de-f.jpg","datePublished":"2025-05-16T05:30:00+00:00","dateModified":"2025-06-13T12:18:24+00:00","description":"Aunque las ayudas para actividades de verano prev\u00e9n medidas para favorecer la participaci\u00f3n de infantes y j\u00f3venes con discapacidad, todav\u00eda no son suficientes.","breadcrumb":{"@id":"https:\/\/www.sindicaturabarcelona.cat\/es\/testiu-molt-2025-la-sindicatura-incide-en-el-agravio-comparativo-y-la-discriminacion-en-el-acceso-al-derecho-al-ocio-que-sufren-las-familias-con-infantes-y-jovenes-con-discapacidad\/#breadcrumb"},"inLanguage":"es","potentialAction":[{"@type":"ReadAction","target":["https:\/\/www.sindicaturabarcelona.cat\/es\/testiu-molt-2025-la-sindicatura-incide-en-el-agravio-comparativo-y-la-discriminacion-en-el-acceso-al-derecho-al-ocio-que-sufren-las-familias-con-infantes-y-jovenes-con-discapacidad\/"]}]},{"@type":"ImageObject","inLanguage":"es","@id":"https:\/\/www.sindicaturabarcelona.cat\/es\/testiu-molt-2025-la-sindicatura-incide-en-el-agravio-comparativo-y-la-discriminacion-en-el-acceso-al-derecho-al-ocio-que-sufren-las-familias-con-infantes-y-jovenes-con-discapacidad\/#primaryimage","url":"https:\/\/www.sindicaturabarcelona.cat\/wp-content\/uploads\/una-nena-juga-amb-una-estructura-de-f.jpg","contentUrl":"https:\/\/www.sindicaturabarcelona.cat\/wp-content\/uploads\/una-nena-juga-amb-una-estructura-de-f.jpg","width":1533,"height":1024},{"@type":"BreadcrumbList","@id":"https:\/\/www.sindicaturabarcelona.cat\/es\/testiu-molt-2025-la-sindicatura-incide-en-el-agravio-comparativo-y-la-discriminacion-en-el-acceso-al-derecho-al-ocio-que-sufren-las-familias-con-infantes-y-jovenes-con-discapacidad\/#breadcrumb","itemListElement":[{"@type":"ListItem","position":1,"name":"Inici","item":"https:\/\/www.sindicaturabarcelona.cat\/es\/"},{"@type":"ListItem","position":2,"name":"T\u2019estiu molt 2025: La Sindicatura incide en el agravio comparativo y la discriminaci\u00f3n en el acceso al derecho al ocio que sufren las familias con infantes y j\u00f3venes con discapacidad"}]},{"@type":"WebSite","@id":"https:\/\/www.sindicaturabarcelona.cat\/es\/#website","url":"https:\/\/www.sindicaturabarcelona.cat\/es\/","name":"Sindicatura de Greuges de Barcelona","description":"La defensoria dels teus drets","publisher":{"@id":"https:\/\/www.sindicaturabarcelona.cat\/es\/#organization"},"potentialAction":[{"@type":"SearchAction","target":{"@type":"EntryPoint","urlTemplate":"https:\/\/www.sindicaturabarcelona.cat\/es\/?s={search_term_string}"},"query-input":{"@type":"PropertyValueSpecification","valueRequired":true,"valueName":"search_term_string"}}],"inLanguage":"es"},{"@type":"Organization","@id":"https:\/\/www.sindicaturabarcelona.cat\/es\/#organization","name":"Sindicatura de Greuges de Barcelona","url":"https:\/\/www.sindicaturabarcelona.cat\/es\/","logo":{"@type":"ImageObject","inLanguage":"es","@id":"https:\/\/www.sindicaturabarcelona.cat\/es\/#\/schema\/logo\/image\/","url":"https:\/\/www.sindicaturabarcelona.cat\/wp-content\/uploads\/2023\/02\/logo_sindicatura.svg","contentUrl":"https:\/\/www.sindicaturabarcelona.cat\/wp-content\/uploads\/2023\/02\/logo_sindicatura.svg","caption":"Sindicatura de Greuges de Barcelona"},"image":{"@id":"https:\/\/www.sindicaturabarcelona.cat\/es\/#\/schema\/logo\/image\/"},"sameAs":["https:\/\/x.com\/sindicbarcelona","https:\/\/www.instagram.com\/sindicbarcelona\/","https:\/\/www.tiktok.com\/@sindicaturabcn","https:\/\/t.me\/sindicaturabarcelona"]},{"@type":"Person","@id":"https:\/\/www.sindicaturabarcelona.cat\/es\/#\/schema\/person\/0e5acffc350ffdbc97578159322c9452","name":"Pablo","image":{"@type":"ImageObject","inLanguage":"es","@id":"https:\/\/secure.gravatar.com\/avatar\/c948169b402ef9492afde705c3dfd5e90e1a6a84ef6840a91124f805a25a480f?s=96&d=mm&r=g","url":"https:\/\/secure.gravatar.com\/avatar\/c948169b402ef9492afde705c3dfd5e90e1a6a84ef6840a91124f805a25a480f?s=96&d=mm&r=g","contentUrl":"https:\/\/secure.gravatar.com\/avatar\/c948169b402ef9492afde705c3dfd5e90e1a6a84ef6840a91124f805a25a480f?s=96&d=mm&r=g","caption":"Pablo"},"url":"https:\/\/www.sindicaturabarcelona.cat\/es\/author\/pablo\/"}]}},"_links":{"self":[{"href":"https:\/\/www.sindicaturabarcelona.cat\/es\/wp-json\/wp\/v2\/posts\/37560","targetHints":{"allow":["GET"]}}],"collection":[{"href":"https:\/\/www.sindicaturabarcelona.cat\/es\/wp-json\/wp\/v2\/posts"}],"about":[{"href":"https:\/\/www.sindicaturabarcelona.cat\/es\/wp-json\/wp\/v2\/types\/post"}],"author":[{"embeddable":true,"href":"https:\/\/www.sindicaturabarcelona.cat\/es\/wp-json\/wp\/v2\/users\/2"}],"replies":[{"embeddable":true,"href":"https:\/\/www.sindicaturabarcelona.cat\/es\/wp-json\/wp\/v2\/comments?post=37560"}],"version-history":[{"count":4,"href":"https:\/\/www.sindicaturabarcelona.cat\/es\/wp-json\/wp\/v2\/posts\/37560\/revisions"}],"predecessor-version":[{"id":37802,"href":"https:\/\/www.sindicaturabarcelona.cat\/es\/wp-json\/wp\/v2\/posts\/37560\/revisions\/37802"}],"wp:featuredmedia":[{"embeddable":true,"href":"https:\/\/www.sindicaturabarcelona.cat\/es\/wp-json\/wp\/v2\/media\/37557"}],"wp:attachment":[{"href":"https:\/\/www.sindicaturabarcelona.cat\/es\/wp-json\/wp\/v2\/media?parent=37560"}],"wp:term":[{"taxonomy":"post_tag","embeddable":true,"href":"https:\/\/www.sindicaturabarcelona.cat\/es\/wp-json\/wp\/v2\/tags?post=37560"},{"taxonomy":"drets","embeddable":true,"href":"https:\/\/www.sindicaturabarcelona.cat\/es\/wp-json\/wp\/v2\/drets?post=37560"}],"curies":[{"name":"wp","href":"https:\/\/api.w.org\/{rel}","templated":true}]}}