{"id":37222,"date":"2025-04-24T09:56:31","date_gmt":"2025-04-24T07:56:31","guid":{"rendered":"https:\/\/www.sindicaturabarcelona.cat\/?p=37222"},"modified":"2025-04-24T11:16:30","modified_gmt":"2025-04-24T09:16:30","slug":"la-comision-de-reparacion-impulsada-por-la-sindicatura-de-greuges-de-barcelona-continua-su-actividad-durante-el-ano-2025","status":"publish","type":"post","link":"https:\/\/www.sindicaturabarcelona.cat\/es\/la-comision-de-reparacion-impulsada-por-la-sindicatura-de-greuges-de-barcelona-continua-su-actividad-durante-el-ano-2025\/","title":{"rendered":"La Comisi\u00f3n de Reparaci\u00f3n impulsada por la Sindicatura de Greuges de Barcelona contin\u00faa su actividad durante el a\u00f1o 2025"},"content":{"rendered":"\n<p><strong>Barcelona, 24 de abril de 2025<\/strong> \u2013 A propuesta de la Sindicatura de Greuges de Barcelona, el Ayuntamiento ha valorado positivamente la continuidad de <a href=\"https:\/\/www.sindicaturabarcelona.cat\/es\/comision-de-reparacion-para-victimas-de-violencia-sexual-en-la-infancia-adolescencia-y-juventud-de-las-escuelas-de-barcelona\/\" target=\"_blank\" rel=\"noreferrer noopener\">la Comisi\u00f3n de Reparaci\u00f3n impulsada por la defensor\u00eda<\/a>, que seguir\u00e1 desarrollando sus funciones durante el a\u00f1o 2025.<\/p>\n\n\n\n<p><strong>El objetivo es continuar dando respuesta a las necesidades de reparaci\u00f3n de las v\u00edctimas de abusos, violencias y vulneraciones de derechos humanos, ya prescritos, en escuelas p\u00fablicas y otros centros p\u00fablicos municipales de la ciudad de Barcelona. <\/strong>Si lo necesitas, <a href=\"mailto:comissio.reparacio@sindicatura.barcelona\" target=\"_blank\" rel=\"noreferrer noopener\">puedes ponerte en contacto con la Comisi\u00f3n mediante este correo electr\u00f3nico<\/a>.<\/p>\n\n\n\n<h2 class=\"wp-block-heading\"><strong>La creaci\u00f3n de la Comisi\u00f3n de Reparaci\u00f3n<\/strong><\/h2>\n\n\n\n<p>En el contexto del Grupo de Trabajo para abordar el abuso y el acoso sexual a mujeres, infancia y adolescencia, en 2023 la Sindicatura de Greuges de Barcelona cre\u00f3 la Comisi\u00f3n de Reparaci\u00f3n a partir del <a href=\"https:\/\/www.sindicaturabarcelona.cat\/ca\/sindicatura-insta-regidoria-educacio-a-investigacio-en-profunditat-fets-escola-barcelona-i-reparar-dany-victimes\/\" target=\"_blank\" rel=\"noreferrer noopener\">posicionamiento de la instituci\u00f3n sobre las denuncias de abusos sexuales y vejaciones en la Escola Barcelona por parte de un educador a lo largo de 20 a\u00f1os<\/a>.<\/p>\n\n\n\n<p>La Comisi\u00f3n est\u00e1 formada por personas expertas en violencias, que participan en el acompa\u00f1amiento y escucha a las personas que quieren participar en el proceso. Entre otros, asesoran a la Comisi\u00f3n de Reparaci\u00f3n <strong>Vicky Bernadet<\/strong>, de la fundaci\u00f3n hom\u00f3nima, y la <strong>Margarida Troguet<\/strong>, presidenta de la <a href=\"https:\/\/www.paeria.cat\/ca\/actualitat\/noticies\/34562\" target=\"_blank\" rel=\"noreferrer noopener\">Comissi\u00f3 Especial de l\u2019Aula del Teatre de Lleida<\/a>.<\/p>\n\n\n\n<p>Durante meses, la Comisi\u00f3n de Reparaci\u00f3n mantuvo entrevistas con las v\u00edctimas y supervivientes de la Escola Barcelona, con el objetivo de crear un espacio institucional de escucha activa en el que pudieran expresar sus demandas de reparaci\u00f3n con seguridad y confianza.<\/p>\n\n\n\n<h2 class=\"wp-block-heading\"><strong>El acto de reparaci\u00f3n, un evento pionero<\/strong><\/h2>\n\n\n\n<p>El 20 de noviembre de 2024 culmin\u00f3 la tarea de la Comisi\u00f3n de Reparaci\u00f3n con la organizaci\u00f3n del <a href=\"https:\/\/www.sindicaturabarcelona.cat\/es\/el-ayuntamiento-de-barcelona-pide-disculpas-a-las-personas-que-sufrieron-violencias-sexuales-en-la-escuela-barcelona-en-un-acto-organizado-por-la-sindicatura\/\" target=\"_blank\" rel=\"noreferrer noopener\">acto de reparaci\u00f3n dirigido a las personas que vivieron violencias sexuales en la Escola Barcelona<\/a>, en cuya organizaci\u00f3n particip\u00f3 la Sindicatura de Greuges de Barcelona.<\/p>\n\n\n\n<p>Una de las demandas m\u00e1s repetidas de las v\u00edctimas fue la exigencia de disculpas p\u00fablicas, tanto por parte de la Escola Barcelona como de las instituciones que permitieron que se diese la violencia ejercida por este profesor y se perpetuara durante d\u00e9cadas. El acto de reparaci\u00f3n tuvo un car\u00e1cter pionero y de gran relevancia, puesto que fue el primero impulsado por una administraci\u00f3n p\u00fablica en el Estado Espa\u00f1ol para abordar la violencia sexual en una escuela p\u00fablica.<\/p>\n\n\n\n<p>Los representantes de las administraciones que participaron fueron: el alcalde de Barcelona, <strong>Jaume Collboni<\/strong>, la secretaria de Mejora Educativa del Departamento de Educaci\u00f3n, <strong>Josefa Beltran<\/strong>, y el s\u00edndic de greuges de Barcelona, David Bondia. Tambi\u00e9n formaron parte el <em>Chief Compliance Officer<\/em> del FC Barcelona, <strong>Sergi Atienza<\/strong>, por la vinculaci\u00f3n del educador con este club durante los a\u00f1os de los hechos denunciados, y <strong>el actual equipo directivo de la Escola Barcelona<\/strong>.<\/p>\n\n\n\n<p>Durante el acto de reparaci\u00f3n del 20 de noviembre de 2024, una exalumna de la Escola Barcelona y superviviente de los abusos de poder valor\u00f3 esta iniciativa: <strong>\u201cPara m\u00ed, la Comisi\u00f3n de Reparaci\u00f3n ha sido todo aquello que no encontr\u00e9 en la escuela cuando ped\u00ed ayuda. En la Sindicatura encontr\u00e9 una instituci\u00f3n que nos escucha y que empatiza con las v\u00edctimas. El acto de reparaci\u00f3n fue un gran paso para nosotros y espero que tambi\u00e9n lo sea para otras personas que se encuentren en una situaci\u00f3n similar\u201d.<\/strong><\/p>\n\n\n\n<h2 class=\"wp-block-heading\"><strong>C\u00f3mo contactar con la Comisi\u00f3n de Reparaci\u00f3n<\/strong><\/h2>\n\n\n\n<figure class=\"wp-block-image size-full\"><img loading=\"lazy\" decoding=\"async\" width=\"1070\" height=\"306\" src=\"https:\/\/www.sindicaturabarcelona.cat\/wp-content\/uploads\/Comissio-Reparacio.png\" alt=\"\" class=\"wp-image-37219\" srcset=\"https:\/\/www.sindicaturabarcelona.cat\/wp-content\/uploads\/Comissio-Reparacio.png 1070w, https:\/\/www.sindicaturabarcelona.cat\/wp-content\/uploads\/Comissio-Reparacio-800x229.png 800w, https:\/\/www.sindicaturabarcelona.cat\/wp-content\/uploads\/Comissio-Reparacio-768x220.png 768w\" sizes=\"auto, (max-width: 1070px) 100vw, 1070px\" \/><\/figure>\n","protected":false},"excerpt":{"rendered":"<p>Barcelona, 24 de abril de 2025 \u2013 A propuesta de la Sindicatura de Greuges de Barcelona, el Ayuntamiento ha valorado positivamente la continuidad de la Comisi\u00f3n de Reparaci\u00f3n impulsada por [&hellip;]<\/p>\n","protected":false},"author":2,"featured_media":34295,"comment_status":"closed","ping_status":"closed","sticky":false,"template":"","format":"standard","meta":{"_acf_changed":false,"footnotes":""},"tags":[],"drets":[1475,1582,1567,1571,1572],"class_list":["post-37222","post","type-post","status-publish","format-standard","has-post-thumbnail","hentry","drets-ciudad-equitativa","drets-derecho-a-una-vida-libre-de-violencias","drets-ciudad-diversa","drets-derechos-de-la-infancia-y-la-adolescencia","drets-derechos-de-la-juventud"],"acf":[],"yoast_head":"<!-- This site is optimized with the Yoast SEO plugin v27.5 - https:\/\/yoast.com\/product\/yoast-seo-wordpress\/ -->\n<title>La Comisi\u00f3n de Reparaci\u00f3n impulsada por la Sindicatura de Greuges de Barcelona contin\u00faa su actividad durante el a\u00f1o 2025 - Sindicatura de Greuges de Barcelona<\/title>\n<meta name=\"description\" content=\"El objetivo es continuar dando respuesta a las necesidades de reparaci\u00f3n de las v\u00edctimas de abusos, violencias y vulneraciones de derechos humanos.\" \/>\n<meta name=\"robots\" content=\"index, follow, max-snippet:-1, max-image-preview:large, max-video-preview:-1\" \/>\n<link rel=\"canonical\" href=\"https:\/\/www.sindicaturabarcelona.cat\/es\/la-comision-de-reparacion-impulsada-por-la-sindicatura-de-greuges-de-barcelona-continua-su-actividad-durante-el-ano-2025\/\" \/>\n<meta property=\"og:locale\" content=\"es_ES\" \/>\n<meta property=\"og:type\" content=\"article\" \/>\n<meta property=\"og:title\" content=\"La Comisi\u00f3n de Reparaci\u00f3n impulsada por la Sindicatura de Greuges de Barcelona contin\u00faa su actividad durante el a\u00f1o 2025 - Sindicatura de Greuges de Barcelona\" \/>\n<meta property=\"og:description\" content=\"El objetivo es continuar dando respuesta a las necesidades de reparaci\u00f3n de las v\u00edctimas de abusos, violencias y vulneraciones de derechos humanos.\" \/>\n<meta property=\"og:url\" content=\"https:\/\/www.sindicaturabarcelona.cat\/es\/la-comision-de-reparacion-impulsada-por-la-sindicatura-de-greuges-de-barcelona-continua-su-actividad-durante-el-ano-2025\/\" \/>\n<meta property=\"og:site_name\" content=\"Sindicatura de Greuges de Barcelona\" \/>\n<meta property=\"article:published_time\" content=\"2025-04-24T07:56:31+00:00\" \/>\n<meta property=\"article:modified_time\" content=\"2025-04-24T09:16:30+00:00\" \/>\n<meta property=\"og:image\" content=\"https:\/\/www.sindicaturabarcelona.cat\/wp-content\/uploads\/IMG_0621.jpeg\" \/>\n\t<meta property=\"og:image:width\" content=\"1280\" \/>\n\t<meta property=\"og:image:height\" content=\"855\" \/>\n\t<meta property=\"og:image:type\" content=\"image\/jpeg\" \/>\n<meta name=\"author\" content=\"Pablo\" \/>\n<meta name=\"twitter:card\" content=\"summary_large_image\" \/>\n<meta name=\"twitter:creator\" content=\"@sindicbarcelona\" \/>\n<meta name=\"twitter:site\" content=\"@sindicbarcelona\" \/>\n<meta name=\"twitter:label1\" content=\"Escrito por\" \/>\n\t<meta name=\"twitter:data1\" content=\"Pablo\" \/>\n\t<meta name=\"twitter:label2\" content=\"Tiempo de lectura\" \/>\n\t<meta name=\"twitter:data2\" content=\"4 minutos\" \/>\n<script type=\"application\/ld+json\" class=\"yoast-schema-graph\">{\"@context\":\"https:\\\/\\\/schema.org\",\"@graph\":[{\"@type\":\"Article\",\"@id\":\"https:\\\/\\\/www.sindicaturabarcelona.cat\\\/es\\\/la-comision-de-reparacion-impulsada-por-la-sindicatura-de-greuges-de-barcelona-continua-su-actividad-durante-el-ano-2025\\\/#article\",\"isPartOf\":{\"@id\":\"https:\\\/\\\/www.sindicaturabarcelona.cat\\\/es\\\/la-comision-de-reparacion-impulsada-por-la-sindicatura-de-greuges-de-barcelona-continua-su-actividad-durante-el-ano-2025\\\/\"},\"author\":{\"name\":\"Pablo\",\"@id\":\"https:\\\/\\\/www.sindicaturabarcelona.cat\\\/es\\\/#\\\/schema\\\/person\\\/0e5acffc350ffdbc97578159322c9452\"},\"headline\":\"La Comisi\u00f3n de Reparaci\u00f3n impulsada por la Sindicatura de Greuges de Barcelona contin\u00faa su actividad durante el a\u00f1o 2025\",\"datePublished\":\"2025-04-24T07:56:31+00:00\",\"dateModified\":\"2025-04-24T09:16:30+00:00\",\"mainEntityOfPage\":{\"@id\":\"https:\\\/\\\/www.sindicaturabarcelona.cat\\\/es\\\/la-comision-de-reparacion-impulsada-por-la-sindicatura-de-greuges-de-barcelona-continua-su-actividad-durante-el-ano-2025\\\/\"},\"wordCount\":620,\"publisher\":{\"@id\":\"https:\\\/\\\/www.sindicaturabarcelona.cat\\\/es\\\/#organization\"},\"image\":{\"@id\":\"https:\\\/\\\/www.sindicaturabarcelona.cat\\\/es\\\/la-comision-de-reparacion-impulsada-por-la-sindicatura-de-greuges-de-barcelona-continua-su-actividad-durante-el-ano-2025\\\/#primaryimage\"},\"thumbnailUrl\":\"https:\\\/\\\/www.sindicaturabarcelona.cat\\\/wp-content\\\/uploads\\\/IMG_0621.jpeg\",\"inLanguage\":\"es\"},{\"@type\":\"WebPage\",\"@id\":\"https:\\\/\\\/www.sindicaturabarcelona.cat\\\/es\\\/la-comision-de-reparacion-impulsada-por-la-sindicatura-de-greuges-de-barcelona-continua-su-actividad-durante-el-ano-2025\\\/\",\"url\":\"https:\\\/\\\/www.sindicaturabarcelona.cat\\\/es\\\/la-comision-de-reparacion-impulsada-por-la-sindicatura-de-greuges-de-barcelona-continua-su-actividad-durante-el-ano-2025\\\/\",\"name\":\"La Comisi\u00f3n de Reparaci\u00f3n impulsada por la Sindicatura de Greuges de Barcelona contin\u00faa su actividad durante el a\u00f1o 2025 - Sindicatura de Greuges de Barcelona\",\"isPartOf\":{\"@id\":\"https:\\\/\\\/www.sindicaturabarcelona.cat\\\/es\\\/#website\"},\"primaryImageOfPage\":{\"@id\":\"https:\\\/\\\/www.sindicaturabarcelona.cat\\\/es\\\/la-comision-de-reparacion-impulsada-por-la-sindicatura-de-greuges-de-barcelona-continua-su-actividad-durante-el-ano-2025\\\/#primaryimage\"},\"image\":{\"@id\":\"https:\\\/\\\/www.sindicaturabarcelona.cat\\\/es\\\/la-comision-de-reparacion-impulsada-por-la-sindicatura-de-greuges-de-barcelona-continua-su-actividad-durante-el-ano-2025\\\/#primaryimage\"},\"thumbnailUrl\":\"https:\\\/\\\/www.sindicaturabarcelona.cat\\\/wp-content\\\/uploads\\\/IMG_0621.jpeg\",\"datePublished\":\"2025-04-24T07:56:31+00:00\",\"dateModified\":\"2025-04-24T09:16:30+00:00\",\"description\":\"El objetivo es continuar dando respuesta a las necesidades de reparaci\u00f3n de las v\u00edctimas de abusos, violencias y vulneraciones de derechos humanos.\",\"breadcrumb\":{\"@id\":\"https:\\\/\\\/www.sindicaturabarcelona.cat\\\/es\\\/la-comision-de-reparacion-impulsada-por-la-sindicatura-de-greuges-de-barcelona-continua-su-actividad-durante-el-ano-2025\\\/#breadcrumb\"},\"inLanguage\":\"es\",\"potentialAction\":[{\"@type\":\"ReadAction\",\"target\":[\"https:\\\/\\\/www.sindicaturabarcelona.cat\\\/es\\\/la-comision-de-reparacion-impulsada-por-la-sindicatura-de-greuges-de-barcelona-continua-su-actividad-durante-el-ano-2025\\\/\"]}]},{\"@type\":\"ImageObject\",\"inLanguage\":\"es\",\"@id\":\"https:\\\/\\\/www.sindicaturabarcelona.cat\\\/es\\\/la-comision-de-reparacion-impulsada-por-la-sindicatura-de-greuges-de-barcelona-continua-su-actividad-durante-el-ano-2025\\\/#primaryimage\",\"url\":\"https:\\\/\\\/www.sindicaturabarcelona.cat\\\/wp-content\\\/uploads\\\/IMG_0621.jpeg\",\"contentUrl\":\"https:\\\/\\\/www.sindicaturabarcelona.cat\\\/wp-content\\\/uploads\\\/IMG_0621.jpeg\",\"width\":1280,\"height\":855},{\"@type\":\"BreadcrumbList\",\"@id\":\"https:\\\/\\\/www.sindicaturabarcelona.cat\\\/es\\\/la-comision-de-reparacion-impulsada-por-la-sindicatura-de-greuges-de-barcelona-continua-su-actividad-durante-el-ano-2025\\\/#breadcrumb\",\"itemListElement\":[{\"@type\":\"ListItem\",\"position\":1,\"name\":\"Inici\",\"item\":\"https:\\\/\\\/www.sindicaturabarcelona.cat\\\/es\\\/\"},{\"@type\":\"ListItem\",\"position\":2,\"name\":\"La Comisi\u00f3n de Reparaci\u00f3n impulsada por la Sindicatura de Greuges de Barcelona contin\u00faa su actividad durante el a\u00f1o 2025\"}]},{\"@type\":\"WebSite\",\"@id\":\"https:\\\/\\\/www.sindicaturabarcelona.cat\\\/es\\\/#website\",\"url\":\"https:\\\/\\\/www.sindicaturabarcelona.cat\\\/es\\\/\",\"name\":\"Sindicatura de Greuges de Barcelona\",\"description\":\"La defensoria dels teus drets\",\"publisher\":{\"@id\":\"https:\\\/\\\/www.sindicaturabarcelona.cat\\\/es\\\/#organization\"},\"potentialAction\":[{\"@type\":\"SearchAction\",\"target\":{\"@type\":\"EntryPoint\",\"urlTemplate\":\"https:\\\/\\\/www.sindicaturabarcelona.cat\\\/es\\\/?s={search_term_string}\"},\"query-input\":{\"@type\":\"PropertyValueSpecification\",\"valueRequired\":true,\"valueName\":\"search_term_string\"}}],\"inLanguage\":\"es\"},{\"@type\":\"Organization\",\"@id\":\"https:\\\/\\\/www.sindicaturabarcelona.cat\\\/es\\\/#organization\",\"name\":\"Sindicatura de Greuges de Barcelona\",\"url\":\"https:\\\/\\\/www.sindicaturabarcelona.cat\\\/es\\\/\",\"logo\":{\"@type\":\"ImageObject\",\"inLanguage\":\"es\",\"@id\":\"https:\\\/\\\/www.sindicaturabarcelona.cat\\\/es\\\/#\\\/schema\\\/logo\\\/image\\\/\",\"url\":\"https:\\\/\\\/www.sindicaturabarcelona.cat\\\/wp-content\\\/uploads\\\/2023\\\/02\\\/logo_sindicatura.svg\",\"contentUrl\":\"https:\\\/\\\/www.sindicaturabarcelona.cat\\\/wp-content\\\/uploads\\\/2023\\\/02\\\/logo_sindicatura.svg\",\"caption\":\"Sindicatura de Greuges de Barcelona\"},\"image\":{\"@id\":\"https:\\\/\\\/www.sindicaturabarcelona.cat\\\/es\\\/#\\\/schema\\\/logo\\\/image\\\/\"},\"sameAs\":[\"https:\\\/\\\/x.com\\\/sindicbarcelona\",\"https:\\\/\\\/www.instagram.com\\\/sindicbarcelona\\\/\",\"https:\\\/\\\/www.tiktok.com\\\/@sindicaturabcn\",\"https:\\\/\\\/t.me\\\/sindicaturabarcelona\"]},{\"@type\":\"Person\",\"@id\":\"https:\\\/\\\/www.sindicaturabarcelona.cat\\\/es\\\/#\\\/schema\\\/person\\\/0e5acffc350ffdbc97578159322c9452\",\"name\":\"Pablo\",\"image\":{\"@type\":\"ImageObject\",\"inLanguage\":\"es\",\"@id\":\"https:\\\/\\\/secure.gravatar.com\\\/avatar\\\/c948169b402ef9492afde705c3dfd5e90e1a6a84ef6840a91124f805a25a480f?s=96&d=mm&r=g\",\"url\":\"https:\\\/\\\/secure.gravatar.com\\\/avatar\\\/c948169b402ef9492afde705c3dfd5e90e1a6a84ef6840a91124f805a25a480f?s=96&d=mm&r=g\",\"contentUrl\":\"https:\\\/\\\/secure.gravatar.com\\\/avatar\\\/c948169b402ef9492afde705c3dfd5e90e1a6a84ef6840a91124f805a25a480f?s=96&d=mm&r=g\",\"caption\":\"Pablo\"},\"url\":\"https:\\\/\\\/www.sindicaturabarcelona.cat\\\/es\\\/author\\\/pablo\\\/\"}]}<\/script>\n<!-- \/ Yoast SEO plugin. -->","yoast_head_json":{"title":"La Comisi\u00f3n de Reparaci\u00f3n impulsada por la Sindicatura de Greuges de Barcelona contin\u00faa su actividad durante el a\u00f1o 2025 - Sindicatura de Greuges de Barcelona","description":"El objetivo es continuar dando respuesta a las necesidades de reparaci\u00f3n de las v\u00edctimas de abusos, violencias y vulneraciones de derechos humanos.","robots":{"index":"index","follow":"follow","max-snippet":"max-snippet:-1","max-image-preview":"max-image-preview:large","max-video-preview":"max-video-preview:-1"},"canonical":"https:\/\/www.sindicaturabarcelona.cat\/es\/la-comision-de-reparacion-impulsada-por-la-sindicatura-de-greuges-de-barcelona-continua-su-actividad-durante-el-ano-2025\/","og_locale":"es_ES","og_type":"article","og_title":"La Comisi\u00f3n de Reparaci\u00f3n impulsada por la Sindicatura de Greuges de Barcelona contin\u00faa su actividad durante el a\u00f1o 2025 - Sindicatura de Greuges de Barcelona","og_description":"El objetivo es continuar dando respuesta a las necesidades de reparaci\u00f3n de las v\u00edctimas de abusos, violencias y vulneraciones de derechos humanos.","og_url":"https:\/\/www.sindicaturabarcelona.cat\/es\/la-comision-de-reparacion-impulsada-por-la-sindicatura-de-greuges-de-barcelona-continua-su-actividad-durante-el-ano-2025\/","og_site_name":"Sindicatura de Greuges de Barcelona","article_published_time":"2025-04-24T07:56:31+00:00","article_modified_time":"2025-04-24T09:16:30+00:00","og_image":[{"width":1280,"height":855,"url":"https:\/\/www.sindicaturabarcelona.cat\/wp-content\/uploads\/IMG_0621.jpeg","type":"image\/jpeg"}],"author":"Pablo","twitter_card":"summary_large_image","twitter_creator":"@sindicbarcelona","twitter_site":"@sindicbarcelona","twitter_misc":{"Escrito por":"Pablo","Tiempo de lectura":"4 minutos"},"schema":{"@context":"https:\/\/schema.org","@graph":[{"@type":"Article","@id":"https:\/\/www.sindicaturabarcelona.cat\/es\/la-comision-de-reparacion-impulsada-por-la-sindicatura-de-greuges-de-barcelona-continua-su-actividad-durante-el-ano-2025\/#article","isPartOf":{"@id":"https:\/\/www.sindicaturabarcelona.cat\/es\/la-comision-de-reparacion-impulsada-por-la-sindicatura-de-greuges-de-barcelona-continua-su-actividad-durante-el-ano-2025\/"},"author":{"name":"Pablo","@id":"https:\/\/www.sindicaturabarcelona.cat\/es\/#\/schema\/person\/0e5acffc350ffdbc97578159322c9452"},"headline":"La Comisi\u00f3n de Reparaci\u00f3n impulsada por la Sindicatura de Greuges de Barcelona contin\u00faa su actividad durante el a\u00f1o 2025","datePublished":"2025-04-24T07:56:31+00:00","dateModified":"2025-04-24T09:16:30+00:00","mainEntityOfPage":{"@id":"https:\/\/www.sindicaturabarcelona.cat\/es\/la-comision-de-reparacion-impulsada-por-la-sindicatura-de-greuges-de-barcelona-continua-su-actividad-durante-el-ano-2025\/"},"wordCount":620,"publisher":{"@id":"https:\/\/www.sindicaturabarcelona.cat\/es\/#organization"},"image":{"@id":"https:\/\/www.sindicaturabarcelona.cat\/es\/la-comision-de-reparacion-impulsada-por-la-sindicatura-de-greuges-de-barcelona-continua-su-actividad-durante-el-ano-2025\/#primaryimage"},"thumbnailUrl":"https:\/\/www.sindicaturabarcelona.cat\/wp-content\/uploads\/IMG_0621.jpeg","inLanguage":"es"},{"@type":"WebPage","@id":"https:\/\/www.sindicaturabarcelona.cat\/es\/la-comision-de-reparacion-impulsada-por-la-sindicatura-de-greuges-de-barcelona-continua-su-actividad-durante-el-ano-2025\/","url":"https:\/\/www.sindicaturabarcelona.cat\/es\/la-comision-de-reparacion-impulsada-por-la-sindicatura-de-greuges-de-barcelona-continua-su-actividad-durante-el-ano-2025\/","name":"La Comisi\u00f3n de Reparaci\u00f3n impulsada por la Sindicatura de Greuges de Barcelona contin\u00faa su actividad durante el a\u00f1o 2025 - Sindicatura de Greuges de Barcelona","isPartOf":{"@id":"https:\/\/www.sindicaturabarcelona.cat\/es\/#website"},"primaryImageOfPage":{"@id":"https:\/\/www.sindicaturabarcelona.cat\/es\/la-comision-de-reparacion-impulsada-por-la-sindicatura-de-greuges-de-barcelona-continua-su-actividad-durante-el-ano-2025\/#primaryimage"},"image":{"@id":"https:\/\/www.sindicaturabarcelona.cat\/es\/la-comision-de-reparacion-impulsada-por-la-sindicatura-de-greuges-de-barcelona-continua-su-actividad-durante-el-ano-2025\/#primaryimage"},"thumbnailUrl":"https:\/\/www.sindicaturabarcelona.cat\/wp-content\/uploads\/IMG_0621.jpeg","datePublished":"2025-04-24T07:56:31+00:00","dateModified":"2025-04-24T09:16:30+00:00","description":"El objetivo es continuar dando respuesta a las necesidades de reparaci\u00f3n de las v\u00edctimas de abusos, violencias y vulneraciones de derechos humanos.","breadcrumb":{"@id":"https:\/\/www.sindicaturabarcelona.cat\/es\/la-comision-de-reparacion-impulsada-por-la-sindicatura-de-greuges-de-barcelona-continua-su-actividad-durante-el-ano-2025\/#breadcrumb"},"inLanguage":"es","potentialAction":[{"@type":"ReadAction","target":["https:\/\/www.sindicaturabarcelona.cat\/es\/la-comision-de-reparacion-impulsada-por-la-sindicatura-de-greuges-de-barcelona-continua-su-actividad-durante-el-ano-2025\/"]}]},{"@type":"ImageObject","inLanguage":"es","@id":"https:\/\/www.sindicaturabarcelona.cat\/es\/la-comision-de-reparacion-impulsada-por-la-sindicatura-de-greuges-de-barcelona-continua-su-actividad-durante-el-ano-2025\/#primaryimage","url":"https:\/\/www.sindicaturabarcelona.cat\/wp-content\/uploads\/IMG_0621.jpeg","contentUrl":"https:\/\/www.sindicaturabarcelona.cat\/wp-content\/uploads\/IMG_0621.jpeg","width":1280,"height":855},{"@type":"BreadcrumbList","@id":"https:\/\/www.sindicaturabarcelona.cat\/es\/la-comision-de-reparacion-impulsada-por-la-sindicatura-de-greuges-de-barcelona-continua-su-actividad-durante-el-ano-2025\/#breadcrumb","itemListElement":[{"@type":"ListItem","position":1,"name":"Inici","item":"https:\/\/www.sindicaturabarcelona.cat\/es\/"},{"@type":"ListItem","position":2,"name":"La Comisi\u00f3n de Reparaci\u00f3n impulsada por la Sindicatura de Greuges de Barcelona contin\u00faa su actividad durante el a\u00f1o 2025"}]},{"@type":"WebSite","@id":"https:\/\/www.sindicaturabarcelona.cat\/es\/#website","url":"https:\/\/www.sindicaturabarcelona.cat\/es\/","name":"Sindicatura de Greuges de Barcelona","description":"La defensoria dels teus drets","publisher":{"@id":"https:\/\/www.sindicaturabarcelona.cat\/es\/#organization"},"potentialAction":[{"@type":"SearchAction","target":{"@type":"EntryPoint","urlTemplate":"https:\/\/www.sindicaturabarcelona.cat\/es\/?s={search_term_string}"},"query-input":{"@type":"PropertyValueSpecification","valueRequired":true,"valueName":"search_term_string"}}],"inLanguage":"es"},{"@type":"Organization","@id":"https:\/\/www.sindicaturabarcelona.cat\/es\/#organization","name":"Sindicatura de Greuges de Barcelona","url":"https:\/\/www.sindicaturabarcelona.cat\/es\/","logo":{"@type":"ImageObject","inLanguage":"es","@id":"https:\/\/www.sindicaturabarcelona.cat\/es\/#\/schema\/logo\/image\/","url":"https:\/\/www.sindicaturabarcelona.cat\/wp-content\/uploads\/2023\/02\/logo_sindicatura.svg","contentUrl":"https:\/\/www.sindicaturabarcelona.cat\/wp-content\/uploads\/2023\/02\/logo_sindicatura.svg","caption":"Sindicatura de Greuges de Barcelona"},"image":{"@id":"https:\/\/www.sindicaturabarcelona.cat\/es\/#\/schema\/logo\/image\/"},"sameAs":["https:\/\/x.com\/sindicbarcelona","https:\/\/www.instagram.com\/sindicbarcelona\/","https:\/\/www.tiktok.com\/@sindicaturabcn","https:\/\/t.me\/sindicaturabarcelona"]},{"@type":"Person","@id":"https:\/\/www.sindicaturabarcelona.cat\/es\/#\/schema\/person\/0e5acffc350ffdbc97578159322c9452","name":"Pablo","image":{"@type":"ImageObject","inLanguage":"es","@id":"https:\/\/secure.gravatar.com\/avatar\/c948169b402ef9492afde705c3dfd5e90e1a6a84ef6840a91124f805a25a480f?s=96&d=mm&r=g","url":"https:\/\/secure.gravatar.com\/avatar\/c948169b402ef9492afde705c3dfd5e90e1a6a84ef6840a91124f805a25a480f?s=96&d=mm&r=g","contentUrl":"https:\/\/secure.gravatar.com\/avatar\/c948169b402ef9492afde705c3dfd5e90e1a6a84ef6840a91124f805a25a480f?s=96&d=mm&r=g","caption":"Pablo"},"url":"https:\/\/www.sindicaturabarcelona.cat\/es\/author\/pablo\/"}]}},"_links":{"self":[{"href":"https:\/\/www.sindicaturabarcelona.cat\/es\/wp-json\/wp\/v2\/posts\/37222","targetHints":{"allow":["GET"]}}],"collection":[{"href":"https:\/\/www.sindicaturabarcelona.cat\/es\/wp-json\/wp\/v2\/posts"}],"about":[{"href":"https:\/\/www.sindicaturabarcelona.cat\/es\/wp-json\/wp\/v2\/types\/post"}],"author":[{"embeddable":true,"href":"https:\/\/www.sindicaturabarcelona.cat\/es\/wp-json\/wp\/v2\/users\/2"}],"replies":[{"embeddable":true,"href":"https:\/\/www.sindicaturabarcelona.cat\/es\/wp-json\/wp\/v2\/comments?post=37222"}],"version-history":[{"count":1,"href":"https:\/\/www.sindicaturabarcelona.cat\/es\/wp-json\/wp\/v2\/posts\/37222\/revisions"}],"predecessor-version":[{"id":37223,"href":"https:\/\/www.sindicaturabarcelona.cat\/es\/wp-json\/wp\/v2\/posts\/37222\/revisions\/37223"}],"wp:featuredmedia":[{"embeddable":true,"href":"https:\/\/www.sindicaturabarcelona.cat\/es\/wp-json\/wp\/v2\/media\/34295"}],"wp:attachment":[{"href":"https:\/\/www.sindicaturabarcelona.cat\/es\/wp-json\/wp\/v2\/media?parent=37222"}],"wp:term":[{"taxonomy":"post_tag","embeddable":true,"href":"https:\/\/www.sindicaturabarcelona.cat\/es\/wp-json\/wp\/v2\/tags?post=37222"},{"taxonomy":"drets","embeddable":true,"href":"https:\/\/www.sindicaturabarcelona.cat\/es\/wp-json\/wp\/v2\/drets?post=37222"}],"curies":[{"name":"wp","href":"https:\/\/api.w.org\/{rel}","templated":true}]}}