{"id":37209,"date":"2025-04-25T11:29:31","date_gmt":"2025-04-25T09:29:31","guid":{"rendered":"https:\/\/www.sindicaturabarcelona.cat\/?p=37209"},"modified":"2025-04-30T13:38:07","modified_gmt":"2025-04-30T11:38:07","slug":"el-sindic-de-greuges-presenta-en-barcelona-la-alianza-global-del-ombudsperson-local-agol-que-preside","status":"publish","type":"post","link":"https:\/\/www.sindicaturabarcelona.cat\/es\/el-sindic-de-greuges-presenta-en-barcelona-la-alianza-global-del-ombudsperson-local-agol-que-preside\/","title":{"rendered":"El s\u00edndic de greuges presenta en Barcelona la Alianza Global del \u00d3mbudsperson Local (AGOL), que preside"},"content":{"rendered":"\n<p>El acto tuvo lugar <strong>en la sede del <a href=\"https:\/\/www.icab.es\/es\" target=\"_blank\" rel=\"noreferrer noopener\">Ilustre Colegio de la Abogac\u00eda de Barcelona<\/a> (ICAB)<\/strong>, y lo organiz\u00f3 el Observatorio de Derechos de las Personas del ICAB. Los ponentes fueron:<\/p>\n\n\n\n<ul class=\"wp-block-list\">\n<li><strong>David Bondia<\/strong>, s\u00edndic de greuges de Barcelona i presidente de <a href=\"https:\/\/agol.es\/\" target=\"_blank\" rel=\"noreferrer noopener\">AGOL<\/a>;<\/li>\n\n\n\n<li><strong>Jes\u00fas S\u00e1nchez<\/strong>, decano del ICAB;<\/li>\n\n\n\n<li><strong>Eva Abellan<\/strong>, fundadora de AGOL i <a href=\"https:\/\/web.sabadell.cat\/sindicatura\/inici\" target=\"_blank\" rel=\"noreferrer noopener\">exs\u00edndica de greuges de Sabadell<\/a>;<\/li>\n\n\n\n<li><strong>Pepa Gonz\u00e1lez<\/strong>, <a href=\"https:\/\/www.gramenet.cat\/es\/sites\/defensora-de-la-ciudadania\/\" target=\"_blank\" rel=\"noreferrer noopener\">defensora de la ciudadan\u00eda de Santa Coloma de Gramenet<\/a> y vicepresidenta&nbsp;del&nbsp;<a href=\"https:\/\/sindicatureslocals.cat\/\" target=\"_blank\" rel=\"noreferrer noopener\">F\u00f2rum de S\u00edndics, S\u00edndiques, Defensors i Defensores Locals de Catalunya<\/a>;<\/li>\n\n\n\n<li><strong>Erika Torregrossa<\/strong>, copresidenta del Observatorio de los Derechos de las Personas del ICAB.<\/li>\n<\/ul>\n\n\n\n<p>\u00c9ste es <strong>el primer acto p\u00fablico de la instituci\u00f3n<\/strong> desde que <a href=\"https:\/\/www.sindicaturabarcelona.cat\/es\/el-sindic-de-greuges-de-barcelona-nou-president-de-lalianza-global-del-ombudsperson-local-agol\/\" target=\"_blank\" rel=\"noreferrer noopener\"><strong>los miembros de AGOL votaron por unanimidad la candidatura encabezada por Bondia<\/strong><\/a>, en un congreso que tuvo lugar a mediados de marzo en Francia.<\/p>\n\n\n\n<p>En su intervenci\u00f3n, Bondia destac\u00f3 que, para fortalecer a esta instituci\u00f3n, \u00ab<strong>debemos hacer valer que somos la defensor\u00eda de la administraci\u00f3n m\u00e1s cercana a la ciudadan\u00eda<\/strong>. Algunas veces tenemos que confrontar, y otras tenemos que colaborar, y sobre todo buscar nuevas maneras de resolver los conflictos. <strong>Abordamos problemas globales desde el \u00e1mbito<\/strong> <strong>local<\/strong>\u00ab. <\/p>\n\n\n\n<p>Otra de las ponentes vinculadas a AGOL, <strong>Eva Abellan<\/strong>, remarc\u00f3 que disponer de una \u00abred internacional de defensor\u00edas de derechos humanos de proximidad, como es esta entidad, <strong>nos permite impulsar proyectos de forma coordinada entre ciudades de todo el mundo<\/strong>\u201d. En la misma l\u00ednea, <strong>Pepa Gonz\u00e1lez<\/strong> aseguraba que \u00ab<strong>uno de los objetivos de las defensor\u00edas locales es restablecer confianzas<\/strong>, rehacer puentes. Esto qued\u00f3 muy bien expresado en <a href=\"https:\/\/www.sindicaturabarcelona.cat\/es\/a-la-sindicatura-vaig-trobar-algu-que-ens-escolta-presentem-linforme-anual-2024-davant-la-ciutadania-les-associacions-i-les-entitats\/\" target=\"_blank\" rel=\"noreferrer noopener\">la presentaci\u00f3n a la ciudadan\u00eda del informe anual de la Sindicatura de Greuges de Barcelona<\/a>\u00ab.<\/p>\n\n\n\n<h2 class=\"wp-block-heading\">Una instituci\u00f3n con m\u00e1s de cien personas defensoras de derechos<\/h2>\n\n\n\n<p>La <a href=\"https:\/\/agol.es\/\" target=\"_blank\" rel=\"noreferrer noopener\">Alianza Global del \u00d3mbudsperson Local<\/a> es una instituci\u00f3n que re\u00fane a m\u00e1s de un centenar de \u00f3mbudspersons (figura asimilable al s\u00edndic de greuges), mediadores y mediadoras y presidentes y presidentes de comisiones de Derechos Humanos de m\u00e1s de 10 pa\u00edses de todo el mundo. <strong>Su objetivo es promover la discusi\u00f3n, la cooperaci\u00f3n y el intercambio de experiencias entre \u00f3mbudsperson locales<\/strong>.<\/p>\n\n\n\n<p>En noviembre, <strong><a href=\"https:\/\/www.sindicaturabarcelona.cat\/es\/alianzas-para-defender-derechos-humanos-de-proximidad-acto-conjunto-de-la-sindicatura-y-la-alianza-global-del-ombudsperson-local\/\" target=\"_blank\" rel=\"noreferrer noopener\">la Sindicatura y AGOL organizaron en Barcelona el acto <em>Alianzas para defender derechos humanos de proximidad<\/em><\/a><\/strong>, y en el que participaron Bondia y el entonces presidente de la Alianza Global, <strong>Ismael Rins<\/strong>.<\/p>\n\n\n\n<h2 class=\"wp-block-heading\">La Sindicatura, un referente internacional<\/h2>\n\n\n\n<p>Durante el actual mandato, ya se han visitado <a href=\"https:\/\/www.sindicaturabarcelona.cat\/es\/el-sindic-de-greuges-de-barcelona-david-bondia-ha-viatjat-a-luruguai-per-exposar-el-model-de-la-sindicatura-de-greuges-de-barcelona\/\" target=\"_blank\" rel=\"noreferrer noopener\">Uruguay<\/a>, <a href=\"https:\/\/www.sindicaturabarcelona.cat\/es\/el-sindic-participa-en-el-congreso-internacional-de-la-personeria-de-bogota-sobre-derechos-humanos-emergentes\/\" target=\"_blank\" rel=\"noreferrer noopener\">Colombia<\/a>, M\u00e9xico, El Salvador, Argentina, B\u00e9lgica e <a href=\"https:\/\/www.sindicaturabarcelona.cat\/es\/la-sindicatura-de-greuges-de-barcelona-participa-en-la-international-conference-of-ombudsman\/\" target=\"_blank\" rel=\"noreferrer noopener\">Italia<\/a>, donde ha generado mucho inter\u00e9s el proyecto de la Sindicatura de la capital catalana. Tambi\u00e9n han visitado la ciudad varias defensor\u00edas de todo el mundo durante el 2024. Adem\u00e1s, <strong>la Sindicatura tambi\u00e9n participa en otra instituci\u00f3n global, el <a href=\"https:\/\/www.theioi.org\/es\/noticias\/noticias-de-actualidad\" target=\"_blank\" rel=\"noreferrer noopener\">International Ombudsman Institute<\/a><\/strong>.<\/p>\n\n\n\n<p>Imagen: ICAB<\/p>\n","protected":false},"excerpt":{"rendered":"<p>El acto tuvo lugar en la sede del Ilustre Colegio de la Abogac\u00eda de Barcelona (ICAB), y lo organiz\u00f3 el Observatorio de Derechos de las Personas del ICAB. Los ponentes [&hellip;]<\/p>\n","protected":false},"author":2,"featured_media":37252,"comment_status":"closed","ping_status":"closed","sticky":false,"template":"","format":"standard","meta":{"_acf_changed":false,"footnotes":""},"tags":[],"drets":[1475,1476,1575,1579,1578,1576,1580,1577,1581,1582,1583,1477,1591,1514,1592,1593,1594,1595,1596,1590,1586,1588,1587,1589,1584,1585,1648,1664,1669,1567,1571,1572,1570,1573,1568,1574,1569],"class_list":["post-37209","post","type-post","status-publish","format-standard","has-post-thumbnail","hentry","drets-ciudad-equitativa","drets-derecho-a-los-servicios-de-proteccion-social","drets-derecho-a-la-educacion-y-al-ocio","drets-derecho-a-la-salud","drets-derechos-culturales","drets-derecho-al-deporte","drets-derecho-al-trabajo","drets-derecho-a-la-vivienda","drets-derechos-de-acogida","drets-derecho-a-una-vida-libre-de-violencias","drets-ciudad-garantista","drets-ciudad-habitable-y-sostenible","drets-derecho-a-un-urbanismo-harmonioso","drets-derecho-a-una-convivencia-pacifica","drets-derecho-al-medio-ambiente","drets-derecho-a-la-movilidad","drets-derecho-al-espacio-publico","drets-derecho-a-la-accesibilidad-y-la-inclusividad","drets-derecho-al-descanso","drets-derecho-al-bienestar-animal","drets-derecho-a-una-buena-administracion","drets-derechos-digitales","drets-derechos-de-las-personas-consumidoras","drets-derechos-funerarios","drets-derecho-a-la-seguridad-ciudadana","drets-derecho-al-empadronamiento","drets-derecho-a-la-informacion","drets-dret-a-la-memoria-democratica-es","drets-derecho-a-la-integridad","drets-ciudad-diversa","drets-derechos-de-la-infancia-y-la-adolescencia","drets-derechos-de-la-juventud","drets-derechos-de-la-gente-mayor","drets-derechos-de-participacion","drets-derecho-a-la-igualdad-y-a-la-diversidad","drets-derechos-linguisticos","drets-derecho-a-los-cuidados"],"acf":[],"yoast_head":"<!-- This site is optimized with the Yoast SEO plugin v27.5 - https:\/\/yoast.com\/product\/yoast-seo-wordpress\/ -->\n<title>El s\u00edndic de greuges presenta en Barcelona la Alianza Global del \u00d3mbudsperson Local (AGOL), que preside - Sindicatura de Greuges de Barcelona<\/title>\n<meta name=\"description\" content=\"El acto tuvo lugar en la sede del Ilustre Colegio de la Abogac\u00eda de Barcelona, y lo organiz\u00f3 el Observatorio de Derechos de las Personas del ICAB.\" \/>\n<meta name=\"robots\" content=\"index, follow, max-snippet:-1, max-image-preview:large, max-video-preview:-1\" \/>\n<link rel=\"canonical\" href=\"https:\/\/www.sindicaturabarcelona.cat\/es\/el-sindic-de-greuges-presenta-en-barcelona-la-alianza-global-del-ombudsperson-local-agol-que-preside\/\" \/>\n<meta property=\"og:locale\" content=\"es_ES\" \/>\n<meta property=\"og:type\" content=\"article\" \/>\n<meta property=\"og:title\" content=\"El s\u00edndic de greuges presenta en Barcelona la Alianza Global del \u00d3mbudsperson Local (AGOL), que preside - Sindicatura de Greuges de Barcelona\" \/>\n<meta property=\"og:description\" content=\"El acto tuvo lugar en la sede del Ilustre Colegio de la Abogac\u00eda de Barcelona, y lo organiz\u00f3 el Observatorio de Derechos de las Personas del ICAB.\" \/>\n<meta property=\"og:url\" content=\"https:\/\/www.sindicaturabarcelona.cat\/es\/el-sindic-de-greuges-presenta-en-barcelona-la-alianza-global-del-ombudsperson-local-agol-que-preside\/\" \/>\n<meta property=\"og:site_name\" content=\"Sindicatura de Greuges de Barcelona\" \/>\n<meta property=\"article:published_time\" content=\"2025-04-25T09:29:31+00:00\" \/>\n<meta property=\"article:modified_time\" content=\"2025-04-30T11:38:07+00:00\" \/>\n<meta property=\"og:image\" content=\"https:\/\/www.sindicaturabarcelona.cat\/wp-content\/uploads\/FotoICAB1.jpg\" \/>\n\t<meta property=\"og:image:width\" content=\"1600\" \/>\n\t<meta property=\"og:image:height\" content=\"1066\" \/>\n\t<meta property=\"og:image:type\" content=\"image\/jpeg\" \/>\n<meta name=\"author\" content=\"Pablo\" \/>\n<meta name=\"twitter:card\" content=\"summary_large_image\" \/>\n<meta name=\"twitter:creator\" content=\"@sindicbarcelona\" \/>\n<meta name=\"twitter:site\" content=\"@sindicbarcelona\" \/>\n<meta name=\"twitter:label1\" content=\"Escrito por\" \/>\n\t<meta name=\"twitter:data1\" content=\"Pablo\" \/>\n\t<meta name=\"twitter:label2\" content=\"Tiempo de lectura\" \/>\n\t<meta name=\"twitter:data2\" content=\"3 minutos\" \/>\n<script type=\"application\/ld+json\" class=\"yoast-schema-graph\">{\"@context\":\"https:\\\/\\\/schema.org\",\"@graph\":[{\"@type\":\"Article\",\"@id\":\"https:\\\/\\\/www.sindicaturabarcelona.cat\\\/es\\\/el-sindic-de-greuges-presenta-en-barcelona-la-alianza-global-del-ombudsperson-local-agol-que-preside\\\/#article\",\"isPartOf\":{\"@id\":\"https:\\\/\\\/www.sindicaturabarcelona.cat\\\/es\\\/el-sindic-de-greuges-presenta-en-barcelona-la-alianza-global-del-ombudsperson-local-agol-que-preside\\\/\"},\"author\":{\"name\":\"Pablo\",\"@id\":\"https:\\\/\\\/www.sindicaturabarcelona.cat\\\/es\\\/#\\\/schema\\\/person\\\/0e5acffc350ffdbc97578159322c9452\"},\"headline\":\"El s\u00edndic de greuges presenta en Barcelona la Alianza Global del \u00d3mbudsperson Local (AGOL), que preside\",\"datePublished\":\"2025-04-25T09:29:31+00:00\",\"dateModified\":\"2025-04-30T11:38:07+00:00\",\"mainEntityOfPage\":{\"@id\":\"https:\\\/\\\/www.sindicaturabarcelona.cat\\\/es\\\/el-sindic-de-greuges-presenta-en-barcelona-la-alianza-global-del-ombudsperson-local-agol-que-preside\\\/\"},\"wordCount\":494,\"publisher\":{\"@id\":\"https:\\\/\\\/www.sindicaturabarcelona.cat\\\/es\\\/#organization\"},\"image\":{\"@id\":\"https:\\\/\\\/www.sindicaturabarcelona.cat\\\/es\\\/el-sindic-de-greuges-presenta-en-barcelona-la-alianza-global-del-ombudsperson-local-agol-que-preside\\\/#primaryimage\"},\"thumbnailUrl\":\"https:\\\/\\\/www.sindicaturabarcelona.cat\\\/wp-content\\\/uploads\\\/FotoICAB1.jpg\",\"inLanguage\":\"es\"},{\"@type\":\"WebPage\",\"@id\":\"https:\\\/\\\/www.sindicaturabarcelona.cat\\\/es\\\/el-sindic-de-greuges-presenta-en-barcelona-la-alianza-global-del-ombudsperson-local-agol-que-preside\\\/\",\"url\":\"https:\\\/\\\/www.sindicaturabarcelona.cat\\\/es\\\/el-sindic-de-greuges-presenta-en-barcelona-la-alianza-global-del-ombudsperson-local-agol-que-preside\\\/\",\"name\":\"El s\u00edndic de greuges presenta en Barcelona la Alianza Global del \u00d3mbudsperson Local (AGOL), que preside - Sindicatura de Greuges de Barcelona\",\"isPartOf\":{\"@id\":\"https:\\\/\\\/www.sindicaturabarcelona.cat\\\/es\\\/#website\"},\"primaryImageOfPage\":{\"@id\":\"https:\\\/\\\/www.sindicaturabarcelona.cat\\\/es\\\/el-sindic-de-greuges-presenta-en-barcelona-la-alianza-global-del-ombudsperson-local-agol-que-preside\\\/#primaryimage\"},\"image\":{\"@id\":\"https:\\\/\\\/www.sindicaturabarcelona.cat\\\/es\\\/el-sindic-de-greuges-presenta-en-barcelona-la-alianza-global-del-ombudsperson-local-agol-que-preside\\\/#primaryimage\"},\"thumbnailUrl\":\"https:\\\/\\\/www.sindicaturabarcelona.cat\\\/wp-content\\\/uploads\\\/FotoICAB1.jpg\",\"datePublished\":\"2025-04-25T09:29:31+00:00\",\"dateModified\":\"2025-04-30T11:38:07+00:00\",\"description\":\"El acto tuvo lugar en la sede del Ilustre Colegio de la Abogac\u00eda de Barcelona, y lo organiz\u00f3 el Observatorio de Derechos de las Personas del ICAB.\",\"breadcrumb\":{\"@id\":\"https:\\\/\\\/www.sindicaturabarcelona.cat\\\/es\\\/el-sindic-de-greuges-presenta-en-barcelona-la-alianza-global-del-ombudsperson-local-agol-que-preside\\\/#breadcrumb\"},\"inLanguage\":\"es\",\"potentialAction\":[{\"@type\":\"ReadAction\",\"target\":[\"https:\\\/\\\/www.sindicaturabarcelona.cat\\\/es\\\/el-sindic-de-greuges-presenta-en-barcelona-la-alianza-global-del-ombudsperson-local-agol-que-preside\\\/\"]}]},{\"@type\":\"ImageObject\",\"inLanguage\":\"es\",\"@id\":\"https:\\\/\\\/www.sindicaturabarcelona.cat\\\/es\\\/el-sindic-de-greuges-presenta-en-barcelona-la-alianza-global-del-ombudsperson-local-agol-que-preside\\\/#primaryimage\",\"url\":\"https:\\\/\\\/www.sindicaturabarcelona.cat\\\/wp-content\\\/uploads\\\/FotoICAB1.jpg\",\"contentUrl\":\"https:\\\/\\\/www.sindicaturabarcelona.cat\\\/wp-content\\\/uploads\\\/FotoICAB1.jpg\",\"width\":1600,\"height\":1066,\"caption\":\"Acte ICAB presentaci\u00f3 AGOL\"},{\"@type\":\"BreadcrumbList\",\"@id\":\"https:\\\/\\\/www.sindicaturabarcelona.cat\\\/es\\\/el-sindic-de-greuges-presenta-en-barcelona-la-alianza-global-del-ombudsperson-local-agol-que-preside\\\/#breadcrumb\",\"itemListElement\":[{\"@type\":\"ListItem\",\"position\":1,\"name\":\"Inici\",\"item\":\"https:\\\/\\\/www.sindicaturabarcelona.cat\\\/es\\\/\"},{\"@type\":\"ListItem\",\"position\":2,\"name\":\"El s\u00edndic de greuges presenta en Barcelona la Alianza Global del \u00d3mbudsperson Local (AGOL), que preside\"}]},{\"@type\":\"WebSite\",\"@id\":\"https:\\\/\\\/www.sindicaturabarcelona.cat\\\/es\\\/#website\",\"url\":\"https:\\\/\\\/www.sindicaturabarcelona.cat\\\/es\\\/\",\"name\":\"Sindicatura de Greuges de Barcelona\",\"description\":\"La defensoria dels teus drets\",\"publisher\":{\"@id\":\"https:\\\/\\\/www.sindicaturabarcelona.cat\\\/es\\\/#organization\"},\"potentialAction\":[{\"@type\":\"SearchAction\",\"target\":{\"@type\":\"EntryPoint\",\"urlTemplate\":\"https:\\\/\\\/www.sindicaturabarcelona.cat\\\/es\\\/?s={search_term_string}\"},\"query-input\":{\"@type\":\"PropertyValueSpecification\",\"valueRequired\":true,\"valueName\":\"search_term_string\"}}],\"inLanguage\":\"es\"},{\"@type\":\"Organization\",\"@id\":\"https:\\\/\\\/www.sindicaturabarcelona.cat\\\/es\\\/#organization\",\"name\":\"Sindicatura de Greuges de Barcelona\",\"url\":\"https:\\\/\\\/www.sindicaturabarcelona.cat\\\/es\\\/\",\"logo\":{\"@type\":\"ImageObject\",\"inLanguage\":\"es\",\"@id\":\"https:\\\/\\\/www.sindicaturabarcelona.cat\\\/es\\\/#\\\/schema\\\/logo\\\/image\\\/\",\"url\":\"https:\\\/\\\/www.sindicaturabarcelona.cat\\\/wp-content\\\/uploads\\\/2023\\\/02\\\/logo_sindicatura.svg\",\"contentUrl\":\"https:\\\/\\\/www.sindicaturabarcelona.cat\\\/wp-content\\\/uploads\\\/2023\\\/02\\\/logo_sindicatura.svg\",\"caption\":\"Sindicatura de Greuges de Barcelona\"},\"image\":{\"@id\":\"https:\\\/\\\/www.sindicaturabarcelona.cat\\\/es\\\/#\\\/schema\\\/logo\\\/image\\\/\"},\"sameAs\":[\"https:\\\/\\\/x.com\\\/sindicbarcelona\",\"https:\\\/\\\/www.instagram.com\\\/sindicbarcelona\\\/\",\"https:\\\/\\\/www.tiktok.com\\\/@sindicaturabcn\",\"https:\\\/\\\/t.me\\\/sindicaturabarcelona\"]},{\"@type\":\"Person\",\"@id\":\"https:\\\/\\\/www.sindicaturabarcelona.cat\\\/es\\\/#\\\/schema\\\/person\\\/0e5acffc350ffdbc97578159322c9452\",\"name\":\"Pablo\",\"image\":{\"@type\":\"ImageObject\",\"inLanguage\":\"es\",\"@id\":\"https:\\\/\\\/secure.gravatar.com\\\/avatar\\\/c948169b402ef9492afde705c3dfd5e90e1a6a84ef6840a91124f805a25a480f?s=96&d=mm&r=g\",\"url\":\"https:\\\/\\\/secure.gravatar.com\\\/avatar\\\/c948169b402ef9492afde705c3dfd5e90e1a6a84ef6840a91124f805a25a480f?s=96&d=mm&r=g\",\"contentUrl\":\"https:\\\/\\\/secure.gravatar.com\\\/avatar\\\/c948169b402ef9492afde705c3dfd5e90e1a6a84ef6840a91124f805a25a480f?s=96&d=mm&r=g\",\"caption\":\"Pablo\"},\"url\":\"https:\\\/\\\/www.sindicaturabarcelona.cat\\\/es\\\/author\\\/pablo\\\/\"}]}<\/script>\n<!-- \/ Yoast SEO plugin. -->","yoast_head_json":{"title":"El s\u00edndic de greuges presenta en Barcelona la Alianza Global del \u00d3mbudsperson Local (AGOL), que preside - Sindicatura de Greuges de Barcelona","description":"El acto tuvo lugar en la sede del Ilustre Colegio de la Abogac\u00eda de Barcelona, y lo organiz\u00f3 el Observatorio de Derechos de las Personas del ICAB.","robots":{"index":"index","follow":"follow","max-snippet":"max-snippet:-1","max-image-preview":"max-image-preview:large","max-video-preview":"max-video-preview:-1"},"canonical":"https:\/\/www.sindicaturabarcelona.cat\/es\/el-sindic-de-greuges-presenta-en-barcelona-la-alianza-global-del-ombudsperson-local-agol-que-preside\/","og_locale":"es_ES","og_type":"article","og_title":"El s\u00edndic de greuges presenta en Barcelona la Alianza Global del \u00d3mbudsperson Local (AGOL), que preside - Sindicatura de Greuges de Barcelona","og_description":"El acto tuvo lugar en la sede del Ilustre Colegio de la Abogac\u00eda de Barcelona, y lo organiz\u00f3 el Observatorio de Derechos de las Personas del ICAB.","og_url":"https:\/\/www.sindicaturabarcelona.cat\/es\/el-sindic-de-greuges-presenta-en-barcelona-la-alianza-global-del-ombudsperson-local-agol-que-preside\/","og_site_name":"Sindicatura de Greuges de Barcelona","article_published_time":"2025-04-25T09:29:31+00:00","article_modified_time":"2025-04-30T11:38:07+00:00","og_image":[{"width":1600,"height":1066,"url":"https:\/\/www.sindicaturabarcelona.cat\/wp-content\/uploads\/FotoICAB1.jpg","type":"image\/jpeg"}],"author":"Pablo","twitter_card":"summary_large_image","twitter_creator":"@sindicbarcelona","twitter_site":"@sindicbarcelona","twitter_misc":{"Escrito por":"Pablo","Tiempo de lectura":"3 minutos"},"schema":{"@context":"https:\/\/schema.org","@graph":[{"@type":"Article","@id":"https:\/\/www.sindicaturabarcelona.cat\/es\/el-sindic-de-greuges-presenta-en-barcelona-la-alianza-global-del-ombudsperson-local-agol-que-preside\/#article","isPartOf":{"@id":"https:\/\/www.sindicaturabarcelona.cat\/es\/el-sindic-de-greuges-presenta-en-barcelona-la-alianza-global-del-ombudsperson-local-agol-que-preside\/"},"author":{"name":"Pablo","@id":"https:\/\/www.sindicaturabarcelona.cat\/es\/#\/schema\/person\/0e5acffc350ffdbc97578159322c9452"},"headline":"El s\u00edndic de greuges presenta en Barcelona la Alianza Global del \u00d3mbudsperson Local (AGOL), que preside","datePublished":"2025-04-25T09:29:31+00:00","dateModified":"2025-04-30T11:38:07+00:00","mainEntityOfPage":{"@id":"https:\/\/www.sindicaturabarcelona.cat\/es\/el-sindic-de-greuges-presenta-en-barcelona-la-alianza-global-del-ombudsperson-local-agol-que-preside\/"},"wordCount":494,"publisher":{"@id":"https:\/\/www.sindicaturabarcelona.cat\/es\/#organization"},"image":{"@id":"https:\/\/www.sindicaturabarcelona.cat\/es\/el-sindic-de-greuges-presenta-en-barcelona-la-alianza-global-del-ombudsperson-local-agol-que-preside\/#primaryimage"},"thumbnailUrl":"https:\/\/www.sindicaturabarcelona.cat\/wp-content\/uploads\/FotoICAB1.jpg","inLanguage":"es"},{"@type":"WebPage","@id":"https:\/\/www.sindicaturabarcelona.cat\/es\/el-sindic-de-greuges-presenta-en-barcelona-la-alianza-global-del-ombudsperson-local-agol-que-preside\/","url":"https:\/\/www.sindicaturabarcelona.cat\/es\/el-sindic-de-greuges-presenta-en-barcelona-la-alianza-global-del-ombudsperson-local-agol-que-preside\/","name":"El s\u00edndic de greuges presenta en Barcelona la Alianza Global del \u00d3mbudsperson Local (AGOL), que preside - Sindicatura de Greuges de Barcelona","isPartOf":{"@id":"https:\/\/www.sindicaturabarcelona.cat\/es\/#website"},"primaryImageOfPage":{"@id":"https:\/\/www.sindicaturabarcelona.cat\/es\/el-sindic-de-greuges-presenta-en-barcelona-la-alianza-global-del-ombudsperson-local-agol-que-preside\/#primaryimage"},"image":{"@id":"https:\/\/www.sindicaturabarcelona.cat\/es\/el-sindic-de-greuges-presenta-en-barcelona-la-alianza-global-del-ombudsperson-local-agol-que-preside\/#primaryimage"},"thumbnailUrl":"https:\/\/www.sindicaturabarcelona.cat\/wp-content\/uploads\/FotoICAB1.jpg","datePublished":"2025-04-25T09:29:31+00:00","dateModified":"2025-04-30T11:38:07+00:00","description":"El acto tuvo lugar en la sede del Ilustre Colegio de la Abogac\u00eda de Barcelona, y lo organiz\u00f3 el Observatorio de Derechos de las Personas del ICAB.","breadcrumb":{"@id":"https:\/\/www.sindicaturabarcelona.cat\/es\/el-sindic-de-greuges-presenta-en-barcelona-la-alianza-global-del-ombudsperson-local-agol-que-preside\/#breadcrumb"},"inLanguage":"es","potentialAction":[{"@type":"ReadAction","target":["https:\/\/www.sindicaturabarcelona.cat\/es\/el-sindic-de-greuges-presenta-en-barcelona-la-alianza-global-del-ombudsperson-local-agol-que-preside\/"]}]},{"@type":"ImageObject","inLanguage":"es","@id":"https:\/\/www.sindicaturabarcelona.cat\/es\/el-sindic-de-greuges-presenta-en-barcelona-la-alianza-global-del-ombudsperson-local-agol-que-preside\/#primaryimage","url":"https:\/\/www.sindicaturabarcelona.cat\/wp-content\/uploads\/FotoICAB1.jpg","contentUrl":"https:\/\/www.sindicaturabarcelona.cat\/wp-content\/uploads\/FotoICAB1.jpg","width":1600,"height":1066,"caption":"Acte ICAB presentaci\u00f3 AGOL"},{"@type":"BreadcrumbList","@id":"https:\/\/www.sindicaturabarcelona.cat\/es\/el-sindic-de-greuges-presenta-en-barcelona-la-alianza-global-del-ombudsperson-local-agol-que-preside\/#breadcrumb","itemListElement":[{"@type":"ListItem","position":1,"name":"Inici","item":"https:\/\/www.sindicaturabarcelona.cat\/es\/"},{"@type":"ListItem","position":2,"name":"El s\u00edndic de greuges presenta en Barcelona la Alianza Global del \u00d3mbudsperson Local (AGOL), que preside"}]},{"@type":"WebSite","@id":"https:\/\/www.sindicaturabarcelona.cat\/es\/#website","url":"https:\/\/www.sindicaturabarcelona.cat\/es\/","name":"Sindicatura de Greuges de Barcelona","description":"La defensoria dels teus drets","publisher":{"@id":"https:\/\/www.sindicaturabarcelona.cat\/es\/#organization"},"potentialAction":[{"@type":"SearchAction","target":{"@type":"EntryPoint","urlTemplate":"https:\/\/www.sindicaturabarcelona.cat\/es\/?s={search_term_string}"},"query-input":{"@type":"PropertyValueSpecification","valueRequired":true,"valueName":"search_term_string"}}],"inLanguage":"es"},{"@type":"Organization","@id":"https:\/\/www.sindicaturabarcelona.cat\/es\/#organization","name":"Sindicatura de Greuges de Barcelona","url":"https:\/\/www.sindicaturabarcelona.cat\/es\/","logo":{"@type":"ImageObject","inLanguage":"es","@id":"https:\/\/www.sindicaturabarcelona.cat\/es\/#\/schema\/logo\/image\/","url":"https:\/\/www.sindicaturabarcelona.cat\/wp-content\/uploads\/2023\/02\/logo_sindicatura.svg","contentUrl":"https:\/\/www.sindicaturabarcelona.cat\/wp-content\/uploads\/2023\/02\/logo_sindicatura.svg","caption":"Sindicatura de Greuges de Barcelona"},"image":{"@id":"https:\/\/www.sindicaturabarcelona.cat\/es\/#\/schema\/logo\/image\/"},"sameAs":["https:\/\/x.com\/sindicbarcelona","https:\/\/www.instagram.com\/sindicbarcelona\/","https:\/\/www.tiktok.com\/@sindicaturabcn","https:\/\/t.me\/sindicaturabarcelona"]},{"@type":"Person","@id":"https:\/\/www.sindicaturabarcelona.cat\/es\/#\/schema\/person\/0e5acffc350ffdbc97578159322c9452","name":"Pablo","image":{"@type":"ImageObject","inLanguage":"es","@id":"https:\/\/secure.gravatar.com\/avatar\/c948169b402ef9492afde705c3dfd5e90e1a6a84ef6840a91124f805a25a480f?s=96&d=mm&r=g","url":"https:\/\/secure.gravatar.com\/avatar\/c948169b402ef9492afde705c3dfd5e90e1a6a84ef6840a91124f805a25a480f?s=96&d=mm&r=g","contentUrl":"https:\/\/secure.gravatar.com\/avatar\/c948169b402ef9492afde705c3dfd5e90e1a6a84ef6840a91124f805a25a480f?s=96&d=mm&r=g","caption":"Pablo"},"url":"https:\/\/www.sindicaturabarcelona.cat\/es\/author\/pablo\/"}]}},"_links":{"self":[{"href":"https:\/\/www.sindicaturabarcelona.cat\/es\/wp-json\/wp\/v2\/posts\/37209","targetHints":{"allow":["GET"]}}],"collection":[{"href":"https:\/\/www.sindicaturabarcelona.cat\/es\/wp-json\/wp\/v2\/posts"}],"about":[{"href":"https:\/\/www.sindicaturabarcelona.cat\/es\/wp-json\/wp\/v2\/types\/post"}],"author":[{"embeddable":true,"href":"https:\/\/www.sindicaturabarcelona.cat\/es\/wp-json\/wp\/v2\/users\/2"}],"replies":[{"embeddable":true,"href":"https:\/\/www.sindicaturabarcelona.cat\/es\/wp-json\/wp\/v2\/comments?post=37209"}],"version-history":[{"count":11,"href":"https:\/\/www.sindicaturabarcelona.cat\/es\/wp-json\/wp\/v2\/posts\/37209\/revisions"}],"predecessor-version":[{"id":37337,"href":"https:\/\/www.sindicaturabarcelona.cat\/es\/wp-json\/wp\/v2\/posts\/37209\/revisions\/37337"}],"wp:featuredmedia":[{"embeddable":true,"href":"https:\/\/www.sindicaturabarcelona.cat\/es\/wp-json\/wp\/v2\/media\/37252"}],"wp:attachment":[{"href":"https:\/\/www.sindicaturabarcelona.cat\/es\/wp-json\/wp\/v2\/media?parent=37209"}],"wp:term":[{"taxonomy":"post_tag","embeddable":true,"href":"https:\/\/www.sindicaturabarcelona.cat\/es\/wp-json\/wp\/v2\/tags?post=37209"},{"taxonomy":"drets","embeddable":true,"href":"https:\/\/www.sindicaturabarcelona.cat\/es\/wp-json\/wp\/v2\/drets?post=37209"}],"curies":[{"name":"wp","href":"https:\/\/api.w.org\/{rel}","templated":true}]}}