{"id":37157,"date":"2025-04-16T09:54:02","date_gmt":"2025-04-16T07:54:02","guid":{"rendered":"https:\/\/www.sindicaturabarcelona.cat\/?p=37157"},"modified":"2025-04-16T13:37:17","modified_gmt":"2025-04-16T11:37:17","slug":"la-sindicatura-insiste-en-la-necesidad-de-mejorar-la-coordinacion-interna-del-servicio-de-atencion-domiciliaria-sad","status":"publish","type":"post","link":"https:\/\/www.sindicaturabarcelona.cat\/es\/la-sindicatura-insiste-en-la-necesidad-de-mejorar-la-coordinacion-interna-del-servicio-de-atencion-domiciliaria-sad\/","title":{"rendered":"La Sindicatura insiste en la necesidad de mejorar la coordinaci\u00f3n interna del Servicio de Atenci\u00f3n Domiciliaria (SAD)"},"content":{"rendered":"\n<p><strong>Barcelona, 16 de abril de 2025 \u2013 <\/strong>La Sindicatura de Greuges contin\u00faa recibiendo quejas por incidencias con el Servicio de Atenci\u00f3n Domiciliaria (SAD)\u00a0e insiste en la necesidad de mejorar el control y la supervisi\u00f3n de este servicio. <a href=\"https:\/\/www.sindicaturabarcelona.cat\/wp-content\/uploads\/202504_Dret-a-les-cures_manca-de-qualitat-del-SAD_25Q000122.pdf\" target=\"_blank\" rel=\"noreferrer noopener\">La \u00faltima queja vinculada con el\u00a0SAD\u00a0relata la situaci\u00f3n de una persona con grado III de dependencia que se encuentra con varias incidencias en el servicio<\/a>, con un impacto importante en su calidad de vida.<\/p>\n\n\n\n<h2 class=\"wp-block-heading\"><strong>Qu\u00e9 es el Servicio de Atenci\u00f3n Domiciliaria (SAD)<\/strong><\/h2>\n\n\n\n<p>El&nbsp;SAD&nbsp;ayuda a las personas con una autonom\u00eda limitada o en una situaci\u00f3n de vulnerabilidad que necesitan apoyo en su casa para estar en el domicilio habitual con unas condiciones adecuadas de convivencia en su entorno familiar y comunitario. Es un servicio del Ayuntamiento de Barcelona externalizado a varias empresas.<\/p>\n\n\n\n<h2 class=\"wp-block-heading\"><strong>La situaci\u00f3n de la persona usuaria del SAD y el motivo de queja<\/strong><\/h2>\n\n\n\n<p>La queja ciudadana procede de un <strong>usuario del&nbsp;SAD, que tiene un grado III de dependencia reconocida y hace a\u00f1os que utiliza este recurso<\/strong>. Concretamente, dispone de 6 horas semanales de trabajadora familiar y 1,5 horas semanales de limpieza. El motivo de queja, sucedido durante el primer trimestre de este a\u00f1o 2025, engloba <strong>varias incidencias<\/strong> con este servicio:<\/p>\n\n\n\n<ul class=\"wp-block-list\">\n<li>Un d\u00eda sin servicio, sin previo aviso. Este hecho comport\u00f3 que no se levantara de la cama aquel d\u00eda ni llevara a cabo la higiene diaria.<\/li>\n\n\n\n<li>Durante varios d\u00edas, el\u00a0SAD\u00a0se produjo en horarios diferentes de los que tiene asignados y programados.<\/li>\n\n\n\n<li>Facilit\u00f3 copias de las llaves del domicilio a la empresa prestadora del\u00a0SAD, pero en varias ocasiones la trabajadora familiar no las llev\u00f3.<\/li>\n\n\n\n<li>Imposibilidad de comunicarse con la empresa prestadora del servicio para gestionar las incidencias.<\/li>\n<\/ul>\n\n\n\n<p>Hay que especificar que el ciudadano recib\u00eda el servicio con una trabajadora estable desde septiembre de 2024. Sin embargo, durante el primer trimestre de este a\u00f1o, esta profesional enlaza dos periodos de ausencia laboral: uno previsto que se suple con tres trabajadoras diferentes, y otro por causas sobrevenidas, que se cubre con cinco profesionales diferentes.<\/p>\n\n\n\n<h2 class=\"wp-block-heading\"><strong>Las consideraciones de la Sindicatura<\/strong><\/h2>\n\n\n\n<p>En cuanto a este \u00faltimo punto, <strong>el Ayuntamiento ha reconocido a la Sindicatura que se puede considerar excesivo el n\u00famero de trabajadoras suplentes en proporci\u00f3n con los d\u00edas de ausencia y la vulnerabilidad de la persona atendida<\/strong>.<\/p>\n\n\n\n<p>Una de las incidencias a las que el ciudadano hac\u00eda referencia expon\u00eda las <strong>deficiencias en la comunicaci\u00f3n con la empresa que presta el servicio<\/strong>. La regulaci\u00f3n del&nbsp;SAD&nbsp;requiere a las empresas adjudicatarias la grabaci\u00f3n de todas las llamadas emitidas y recibidas desde una centralita, pero hay que tener en cuenta que, desde la introducci\u00f3n del teletrabajo, muchas comunicaciones se llevan a cabo desde tel\u00e9fonos m\u00f3viles.<\/p>\n\n\n\n<p>Este hecho limita al Ayuntamiento el acceso a las grabaciones de las llamadas y, por lo tanto, dificulta la tarea de auditor\u00eda. <strong>En este contexto, repetido en otras quejas ciudadanas, la Sindicatura ha trasladado dos recomendaciones al consistorio: la necesidad de implementar sistemas de registro de comunicaciones que garanticen el seguimiento y la verificaci\u00f3n, as\u00ed como la importancia de velar para que las personas usuarias del&nbsp;SAD&nbsp;puedan comunicarse de forma \u00e1gil con la empresa prestadora, para poder comunicar las incidencias que lo afectan, en tiempo real<\/strong>.<\/p>\n\n\n\n<p>Otra de las problem\u00e1ticas explicadas es que <strong>la persona usuaria facilit\u00f3 varias copias de las llaves del domicilio a la empresa prestadora del servicio, puesto que no dispone de capacidad para abrir la puerta, pero en varias ocasiones la trabajadora familiar no las llev\u00f3<\/strong>. La Sindicatura de Greuges de Barcelona considera que la empresa, que dispone de varios juegos de llaves, debe poder hacerlas llegar a la persona que presta el servicio al hogar y debe tener la facultad para poder hacerlo con urgencia. <strong>\u201cEste es un aspecto muy importante que se deber\u00e1 regular en la siguiente licitaci\u00f3n del Servicio de Atenci\u00f3n Domiciliaria\u201d<\/strong>, ha incidido el s\u00edndic de greuges de Barcelona, David Bondia.<\/p>\n\n\n\n<h2 class=\"wp-block-heading\"><strong>La respuesta municipal y de la empresa prestadora del SAD<\/strong><\/h2>\n\n\n\n<p><strong>El Ayuntamiento de Barcelona ha reconocido a la Sindicatura que se han producido deficiencias en la prestaci\u00f3n del servicio, especialmente en<\/strong>: la rotaci\u00f3n excesiva de profesionales, la falta de comunicaci\u00f3n efectiva y la gesti\u00f3n de las llaves.<\/p>\n\n\n\n<p>La coordinadora t\u00e9cnica de la empresa ha contactado telef\u00f3nicamente con el ciudadano para pedir perd\u00f3n por las incidencias, y ha anunciado la previsi\u00f3n de hacer una visita domiciliaria para llevar a cabo el seguimiento de la situaci\u00f3n y reiterar las disculpas de manera presencial.<\/p>\n\n\n\n<p>Adem\u00e1s de esto, se ha establecido una serie de acciones para mejorar el servicio:<\/p>\n\n\n\n<ul class=\"wp-block-list\">\n<li>En caso de ausencias planificadas, se garantizar\u00e1 la cobertura del servicio con una profesional suplente estable y manteniendo la franja horaria asignada.<\/li>\n\n\n\n<li>En caso de ausencias imprevistas, se contactar\u00e1 con la persona atendida con la m\u00e1xima celeridad y se le ofrecer\u00e1 una propuesta de cobertura inmediata.<\/li>\n\n\n\n<li>Se propone al ciudadano si alguna persona de su entorno m\u00e1s pr\u00f3ximo puede disponer de una copia de las llaves, con el objetivo de reducir las afectaciones en caso de ausencias imprevistas.<\/li>\n<\/ul>\n","protected":false},"excerpt":{"rendered":"<p>Barcelona, 16 de abril de 2025 \u2013 La Sindicatura de Greuges contin\u00faa recibiendo quejas por incidencias con el Servicio de Atenci\u00f3n Domiciliaria (SAD)\u00a0e insiste en la necesidad de mejorar el [&hellip;]<\/p>\n","protected":false},"author":2,"featured_media":37158,"comment_status":"closed","ping_status":"closed","sticky":false,"template":"","format":"standard","meta":{"_acf_changed":false,"footnotes":""},"tags":[],"drets":[1567,1569],"class_list":["post-37157","post","type-post","status-publish","format-standard","has-post-thumbnail","hentry","drets-ciudad-diversa","drets-derecho-a-los-cuidados"],"acf":[],"yoast_head":"<!-- This site is optimized with the Yoast SEO plugin v27.5 - https:\/\/yoast.com\/product\/yoast-seo-wordpress\/ -->\n<title>La Sindicatura insiste en la necesidad de mejorar la coordinaci\u00f3n interna del Servicio de Atenci\u00f3n Domiciliaria (SAD) - Sindicatura de Greuges de Barcelona<\/title>\n<meta name=\"description\" content=\"Continuamos recibiendo quejas por incidencias con el SAD e insistimos en la necesidad de mejorar el control y la supervisi\u00f3n de este servicio.\" \/>\n<meta name=\"robots\" content=\"index, follow, max-snippet:-1, max-image-preview:large, max-video-preview:-1\" \/>\n<link rel=\"canonical\" href=\"https:\/\/www.sindicaturabarcelona.cat\/es\/la-sindicatura-insiste-en-la-necesidad-de-mejorar-la-coordinacion-interna-del-servicio-de-atencion-domiciliaria-sad\/\" \/>\n<meta property=\"og:locale\" content=\"es_ES\" \/>\n<meta property=\"og:type\" content=\"article\" \/>\n<meta property=\"og:title\" content=\"La Sindicatura insiste en la necesidad de mejorar la coordinaci\u00f3n interna del Servicio de Atenci\u00f3n Domiciliaria (SAD) - Sindicatura de Greuges de Barcelona\" \/>\n<meta property=\"og:description\" content=\"Continuamos recibiendo quejas por incidencias con el SAD e insistimos en la necesidad de mejorar el control y la supervisi\u00f3n de este servicio.\" \/>\n<meta property=\"og:url\" content=\"https:\/\/www.sindicaturabarcelona.cat\/es\/la-sindicatura-insiste-en-la-necesidad-de-mejorar-la-coordinacion-interna-del-servicio-de-atencion-domiciliaria-sad\/\" \/>\n<meta property=\"og:site_name\" content=\"Sindicatura de Greuges de Barcelona\" \/>\n<meta property=\"article:published_time\" content=\"2025-04-16T07:54:02+00:00\" \/>\n<meta property=\"article:modified_time\" content=\"2025-04-16T11:37:17+00:00\" \/>\n<meta property=\"og:image\" content=\"https:\/\/www.sindicaturabarcelona.cat\/wp-content\/uploads\/treballadora-del-servei-datencio-dom-3.jpg\" \/>\n\t<meta property=\"og:image:width\" content=\"1200\" \/>\n\t<meta property=\"og:image:height\" content=\"800\" \/>\n\t<meta property=\"og:image:type\" content=\"image\/jpeg\" \/>\n<meta name=\"author\" content=\"Pablo\" \/>\n<meta name=\"twitter:card\" content=\"summary_large_image\" \/>\n<meta name=\"twitter:creator\" content=\"@sindicbarcelona\" \/>\n<meta name=\"twitter:site\" content=\"@sindicbarcelona\" \/>\n<meta name=\"twitter:label1\" content=\"Escrito por\" \/>\n\t<meta name=\"twitter:data1\" content=\"Pablo\" \/>\n\t<meta name=\"twitter:label2\" content=\"Tiempo de lectura\" \/>\n\t<meta name=\"twitter:data2\" content=\"5 minutos\" \/>\n<script type=\"application\/ld+json\" class=\"yoast-schema-graph\">{\"@context\":\"https:\\\/\\\/schema.org\",\"@graph\":[{\"@type\":\"Article\",\"@id\":\"https:\\\/\\\/www.sindicaturabarcelona.cat\\\/es\\\/la-sindicatura-insiste-en-la-necesidad-de-mejorar-la-coordinacion-interna-del-servicio-de-atencion-domiciliaria-sad\\\/#article\",\"isPartOf\":{\"@id\":\"https:\\\/\\\/www.sindicaturabarcelona.cat\\\/es\\\/la-sindicatura-insiste-en-la-necesidad-de-mejorar-la-coordinacion-interna-del-servicio-de-atencion-domiciliaria-sad\\\/\"},\"author\":{\"name\":\"Pablo\",\"@id\":\"https:\\\/\\\/www.sindicaturabarcelona.cat\\\/es\\\/#\\\/schema\\\/person\\\/0e5acffc350ffdbc97578159322c9452\"},\"headline\":\"La Sindicatura insiste en la necesidad de mejorar la coordinaci\u00f3n interna del Servicio de Atenci\u00f3n Domiciliaria (SAD)\",\"datePublished\":\"2025-04-16T07:54:02+00:00\",\"dateModified\":\"2025-04-16T11:37:17+00:00\",\"mainEntityOfPage\":{\"@id\":\"https:\\\/\\\/www.sindicaturabarcelona.cat\\\/es\\\/la-sindicatura-insiste-en-la-necesidad-de-mejorar-la-coordinacion-interna-del-servicio-de-atencion-domiciliaria-sad\\\/\"},\"wordCount\":893,\"publisher\":{\"@id\":\"https:\\\/\\\/www.sindicaturabarcelona.cat\\\/es\\\/#organization\"},\"image\":{\"@id\":\"https:\\\/\\\/www.sindicaturabarcelona.cat\\\/es\\\/la-sindicatura-insiste-en-la-necesidad-de-mejorar-la-coordinacion-interna-del-servicio-de-atencion-domiciliaria-sad\\\/#primaryimage\"},\"thumbnailUrl\":\"https:\\\/\\\/www.sindicaturabarcelona.cat\\\/wp-content\\\/uploads\\\/treballadora-del-servei-datencio-dom-3.jpg\",\"inLanguage\":\"es\"},{\"@type\":\"WebPage\",\"@id\":\"https:\\\/\\\/www.sindicaturabarcelona.cat\\\/es\\\/la-sindicatura-insiste-en-la-necesidad-de-mejorar-la-coordinacion-interna-del-servicio-de-atencion-domiciliaria-sad\\\/\",\"url\":\"https:\\\/\\\/www.sindicaturabarcelona.cat\\\/es\\\/la-sindicatura-insiste-en-la-necesidad-de-mejorar-la-coordinacion-interna-del-servicio-de-atencion-domiciliaria-sad\\\/\",\"name\":\"La Sindicatura insiste en la necesidad de mejorar la coordinaci\u00f3n interna del Servicio de Atenci\u00f3n Domiciliaria (SAD) - Sindicatura de Greuges de Barcelona\",\"isPartOf\":{\"@id\":\"https:\\\/\\\/www.sindicaturabarcelona.cat\\\/es\\\/#website\"},\"primaryImageOfPage\":{\"@id\":\"https:\\\/\\\/www.sindicaturabarcelona.cat\\\/es\\\/la-sindicatura-insiste-en-la-necesidad-de-mejorar-la-coordinacion-interna-del-servicio-de-atencion-domiciliaria-sad\\\/#primaryimage\"},\"image\":{\"@id\":\"https:\\\/\\\/www.sindicaturabarcelona.cat\\\/es\\\/la-sindicatura-insiste-en-la-necesidad-de-mejorar-la-coordinacion-interna-del-servicio-de-atencion-domiciliaria-sad\\\/#primaryimage\"},\"thumbnailUrl\":\"https:\\\/\\\/www.sindicaturabarcelona.cat\\\/wp-content\\\/uploads\\\/treballadora-del-servei-datencio-dom-3.jpg\",\"datePublished\":\"2025-04-16T07:54:02+00:00\",\"dateModified\":\"2025-04-16T11:37:17+00:00\",\"description\":\"Continuamos recibiendo quejas por incidencias con el SAD e insistimos en la necesidad de mejorar el control y la supervisi\u00f3n de este servicio.\",\"breadcrumb\":{\"@id\":\"https:\\\/\\\/www.sindicaturabarcelona.cat\\\/es\\\/la-sindicatura-insiste-en-la-necesidad-de-mejorar-la-coordinacion-interna-del-servicio-de-atencion-domiciliaria-sad\\\/#breadcrumb\"},\"inLanguage\":\"es\",\"potentialAction\":[{\"@type\":\"ReadAction\",\"target\":[\"https:\\\/\\\/www.sindicaturabarcelona.cat\\\/es\\\/la-sindicatura-insiste-en-la-necesidad-de-mejorar-la-coordinacion-interna-del-servicio-de-atencion-domiciliaria-sad\\\/\"]}]},{\"@type\":\"ImageObject\",\"inLanguage\":\"es\",\"@id\":\"https:\\\/\\\/www.sindicaturabarcelona.cat\\\/es\\\/la-sindicatura-insiste-en-la-necesidad-de-mejorar-la-coordinacion-interna-del-servicio-de-atencion-domiciliaria-sad\\\/#primaryimage\",\"url\":\"https:\\\/\\\/www.sindicaturabarcelona.cat\\\/wp-content\\\/uploads\\\/treballadora-del-servei-datencio-dom-3.jpg\",\"contentUrl\":\"https:\\\/\\\/www.sindicaturabarcelona.cat\\\/wp-content\\\/uploads\\\/treballadora-del-servei-datencio-dom-3.jpg\",\"width\":1200,\"height\":800,\"caption\":\"SAD\"},{\"@type\":\"BreadcrumbList\",\"@id\":\"https:\\\/\\\/www.sindicaturabarcelona.cat\\\/es\\\/la-sindicatura-insiste-en-la-necesidad-de-mejorar-la-coordinacion-interna-del-servicio-de-atencion-domiciliaria-sad\\\/#breadcrumb\",\"itemListElement\":[{\"@type\":\"ListItem\",\"position\":1,\"name\":\"Inici\",\"item\":\"https:\\\/\\\/www.sindicaturabarcelona.cat\\\/es\\\/\"},{\"@type\":\"ListItem\",\"position\":2,\"name\":\"La Sindicatura insiste en la necesidad de mejorar la coordinaci\u00f3n interna del Servicio de Atenci\u00f3n Domiciliaria (SAD)\"}]},{\"@type\":\"WebSite\",\"@id\":\"https:\\\/\\\/www.sindicaturabarcelona.cat\\\/es\\\/#website\",\"url\":\"https:\\\/\\\/www.sindicaturabarcelona.cat\\\/es\\\/\",\"name\":\"Sindicatura de Greuges de Barcelona\",\"description\":\"La defensoria dels teus drets\",\"publisher\":{\"@id\":\"https:\\\/\\\/www.sindicaturabarcelona.cat\\\/es\\\/#organization\"},\"potentialAction\":[{\"@type\":\"SearchAction\",\"target\":{\"@type\":\"EntryPoint\",\"urlTemplate\":\"https:\\\/\\\/www.sindicaturabarcelona.cat\\\/es\\\/?s={search_term_string}\"},\"query-input\":{\"@type\":\"PropertyValueSpecification\",\"valueRequired\":true,\"valueName\":\"search_term_string\"}}],\"inLanguage\":\"es\"},{\"@type\":\"Organization\",\"@id\":\"https:\\\/\\\/www.sindicaturabarcelona.cat\\\/es\\\/#organization\",\"name\":\"Sindicatura de Greuges de Barcelona\",\"url\":\"https:\\\/\\\/www.sindicaturabarcelona.cat\\\/es\\\/\",\"logo\":{\"@type\":\"ImageObject\",\"inLanguage\":\"es\",\"@id\":\"https:\\\/\\\/www.sindicaturabarcelona.cat\\\/es\\\/#\\\/schema\\\/logo\\\/image\\\/\",\"url\":\"https:\\\/\\\/www.sindicaturabarcelona.cat\\\/wp-content\\\/uploads\\\/2023\\\/02\\\/logo_sindicatura.svg\",\"contentUrl\":\"https:\\\/\\\/www.sindicaturabarcelona.cat\\\/wp-content\\\/uploads\\\/2023\\\/02\\\/logo_sindicatura.svg\",\"caption\":\"Sindicatura de Greuges de Barcelona\"},\"image\":{\"@id\":\"https:\\\/\\\/www.sindicaturabarcelona.cat\\\/es\\\/#\\\/schema\\\/logo\\\/image\\\/\"},\"sameAs\":[\"https:\\\/\\\/x.com\\\/sindicbarcelona\",\"https:\\\/\\\/www.instagram.com\\\/sindicbarcelona\\\/\",\"https:\\\/\\\/www.tiktok.com\\\/@sindicaturabcn\",\"https:\\\/\\\/t.me\\\/sindicaturabarcelona\"]},{\"@type\":\"Person\",\"@id\":\"https:\\\/\\\/www.sindicaturabarcelona.cat\\\/es\\\/#\\\/schema\\\/person\\\/0e5acffc350ffdbc97578159322c9452\",\"name\":\"Pablo\",\"image\":{\"@type\":\"ImageObject\",\"inLanguage\":\"es\",\"@id\":\"https:\\\/\\\/secure.gravatar.com\\\/avatar\\\/c948169b402ef9492afde705c3dfd5e90e1a6a84ef6840a91124f805a25a480f?s=96&d=mm&r=g\",\"url\":\"https:\\\/\\\/secure.gravatar.com\\\/avatar\\\/c948169b402ef9492afde705c3dfd5e90e1a6a84ef6840a91124f805a25a480f?s=96&d=mm&r=g\",\"contentUrl\":\"https:\\\/\\\/secure.gravatar.com\\\/avatar\\\/c948169b402ef9492afde705c3dfd5e90e1a6a84ef6840a91124f805a25a480f?s=96&d=mm&r=g\",\"caption\":\"Pablo\"},\"url\":\"https:\\\/\\\/www.sindicaturabarcelona.cat\\\/es\\\/author\\\/pablo\\\/\"}]}<\/script>\n<!-- \/ Yoast SEO plugin. -->","yoast_head_json":{"title":"La Sindicatura insiste en la necesidad de mejorar la coordinaci\u00f3n interna del Servicio de Atenci\u00f3n Domiciliaria (SAD) - Sindicatura de Greuges de Barcelona","description":"Continuamos recibiendo quejas por incidencias con el SAD e insistimos en la necesidad de mejorar el control y la supervisi\u00f3n de este servicio.","robots":{"index":"index","follow":"follow","max-snippet":"max-snippet:-1","max-image-preview":"max-image-preview:large","max-video-preview":"max-video-preview:-1"},"canonical":"https:\/\/www.sindicaturabarcelona.cat\/es\/la-sindicatura-insiste-en-la-necesidad-de-mejorar-la-coordinacion-interna-del-servicio-de-atencion-domiciliaria-sad\/","og_locale":"es_ES","og_type":"article","og_title":"La Sindicatura insiste en la necesidad de mejorar la coordinaci\u00f3n interna del Servicio de Atenci\u00f3n Domiciliaria (SAD) - Sindicatura de Greuges de Barcelona","og_description":"Continuamos recibiendo quejas por incidencias con el SAD e insistimos en la necesidad de mejorar el control y la supervisi\u00f3n de este servicio.","og_url":"https:\/\/www.sindicaturabarcelona.cat\/es\/la-sindicatura-insiste-en-la-necesidad-de-mejorar-la-coordinacion-interna-del-servicio-de-atencion-domiciliaria-sad\/","og_site_name":"Sindicatura de Greuges de Barcelona","article_published_time":"2025-04-16T07:54:02+00:00","article_modified_time":"2025-04-16T11:37:17+00:00","og_image":[{"width":1200,"height":800,"url":"https:\/\/www.sindicaturabarcelona.cat\/wp-content\/uploads\/treballadora-del-servei-datencio-dom-3.jpg","type":"image\/jpeg"}],"author":"Pablo","twitter_card":"summary_large_image","twitter_creator":"@sindicbarcelona","twitter_site":"@sindicbarcelona","twitter_misc":{"Escrito por":"Pablo","Tiempo de lectura":"5 minutos"},"schema":{"@context":"https:\/\/schema.org","@graph":[{"@type":"Article","@id":"https:\/\/www.sindicaturabarcelona.cat\/es\/la-sindicatura-insiste-en-la-necesidad-de-mejorar-la-coordinacion-interna-del-servicio-de-atencion-domiciliaria-sad\/#article","isPartOf":{"@id":"https:\/\/www.sindicaturabarcelona.cat\/es\/la-sindicatura-insiste-en-la-necesidad-de-mejorar-la-coordinacion-interna-del-servicio-de-atencion-domiciliaria-sad\/"},"author":{"name":"Pablo","@id":"https:\/\/www.sindicaturabarcelona.cat\/es\/#\/schema\/person\/0e5acffc350ffdbc97578159322c9452"},"headline":"La Sindicatura insiste en la necesidad de mejorar la coordinaci\u00f3n interna del Servicio de Atenci\u00f3n Domiciliaria (SAD)","datePublished":"2025-04-16T07:54:02+00:00","dateModified":"2025-04-16T11:37:17+00:00","mainEntityOfPage":{"@id":"https:\/\/www.sindicaturabarcelona.cat\/es\/la-sindicatura-insiste-en-la-necesidad-de-mejorar-la-coordinacion-interna-del-servicio-de-atencion-domiciliaria-sad\/"},"wordCount":893,"publisher":{"@id":"https:\/\/www.sindicaturabarcelona.cat\/es\/#organization"},"image":{"@id":"https:\/\/www.sindicaturabarcelona.cat\/es\/la-sindicatura-insiste-en-la-necesidad-de-mejorar-la-coordinacion-interna-del-servicio-de-atencion-domiciliaria-sad\/#primaryimage"},"thumbnailUrl":"https:\/\/www.sindicaturabarcelona.cat\/wp-content\/uploads\/treballadora-del-servei-datencio-dom-3.jpg","inLanguage":"es"},{"@type":"WebPage","@id":"https:\/\/www.sindicaturabarcelona.cat\/es\/la-sindicatura-insiste-en-la-necesidad-de-mejorar-la-coordinacion-interna-del-servicio-de-atencion-domiciliaria-sad\/","url":"https:\/\/www.sindicaturabarcelona.cat\/es\/la-sindicatura-insiste-en-la-necesidad-de-mejorar-la-coordinacion-interna-del-servicio-de-atencion-domiciliaria-sad\/","name":"La Sindicatura insiste en la necesidad de mejorar la coordinaci\u00f3n interna del Servicio de Atenci\u00f3n Domiciliaria (SAD) - Sindicatura de Greuges de Barcelona","isPartOf":{"@id":"https:\/\/www.sindicaturabarcelona.cat\/es\/#website"},"primaryImageOfPage":{"@id":"https:\/\/www.sindicaturabarcelona.cat\/es\/la-sindicatura-insiste-en-la-necesidad-de-mejorar-la-coordinacion-interna-del-servicio-de-atencion-domiciliaria-sad\/#primaryimage"},"image":{"@id":"https:\/\/www.sindicaturabarcelona.cat\/es\/la-sindicatura-insiste-en-la-necesidad-de-mejorar-la-coordinacion-interna-del-servicio-de-atencion-domiciliaria-sad\/#primaryimage"},"thumbnailUrl":"https:\/\/www.sindicaturabarcelona.cat\/wp-content\/uploads\/treballadora-del-servei-datencio-dom-3.jpg","datePublished":"2025-04-16T07:54:02+00:00","dateModified":"2025-04-16T11:37:17+00:00","description":"Continuamos recibiendo quejas por incidencias con el SAD e insistimos en la necesidad de mejorar el control y la supervisi\u00f3n de este servicio.","breadcrumb":{"@id":"https:\/\/www.sindicaturabarcelona.cat\/es\/la-sindicatura-insiste-en-la-necesidad-de-mejorar-la-coordinacion-interna-del-servicio-de-atencion-domiciliaria-sad\/#breadcrumb"},"inLanguage":"es","potentialAction":[{"@type":"ReadAction","target":["https:\/\/www.sindicaturabarcelona.cat\/es\/la-sindicatura-insiste-en-la-necesidad-de-mejorar-la-coordinacion-interna-del-servicio-de-atencion-domiciliaria-sad\/"]}]},{"@type":"ImageObject","inLanguage":"es","@id":"https:\/\/www.sindicaturabarcelona.cat\/es\/la-sindicatura-insiste-en-la-necesidad-de-mejorar-la-coordinacion-interna-del-servicio-de-atencion-domiciliaria-sad\/#primaryimage","url":"https:\/\/www.sindicaturabarcelona.cat\/wp-content\/uploads\/treballadora-del-servei-datencio-dom-3.jpg","contentUrl":"https:\/\/www.sindicaturabarcelona.cat\/wp-content\/uploads\/treballadora-del-servei-datencio-dom-3.jpg","width":1200,"height":800,"caption":"SAD"},{"@type":"BreadcrumbList","@id":"https:\/\/www.sindicaturabarcelona.cat\/es\/la-sindicatura-insiste-en-la-necesidad-de-mejorar-la-coordinacion-interna-del-servicio-de-atencion-domiciliaria-sad\/#breadcrumb","itemListElement":[{"@type":"ListItem","position":1,"name":"Inici","item":"https:\/\/www.sindicaturabarcelona.cat\/es\/"},{"@type":"ListItem","position":2,"name":"La Sindicatura insiste en la necesidad de mejorar la coordinaci\u00f3n interna del Servicio de Atenci\u00f3n Domiciliaria (SAD)"}]},{"@type":"WebSite","@id":"https:\/\/www.sindicaturabarcelona.cat\/es\/#website","url":"https:\/\/www.sindicaturabarcelona.cat\/es\/","name":"Sindicatura de Greuges de Barcelona","description":"La defensoria dels teus drets","publisher":{"@id":"https:\/\/www.sindicaturabarcelona.cat\/es\/#organization"},"potentialAction":[{"@type":"SearchAction","target":{"@type":"EntryPoint","urlTemplate":"https:\/\/www.sindicaturabarcelona.cat\/es\/?s={search_term_string}"},"query-input":{"@type":"PropertyValueSpecification","valueRequired":true,"valueName":"search_term_string"}}],"inLanguage":"es"},{"@type":"Organization","@id":"https:\/\/www.sindicaturabarcelona.cat\/es\/#organization","name":"Sindicatura de Greuges de Barcelona","url":"https:\/\/www.sindicaturabarcelona.cat\/es\/","logo":{"@type":"ImageObject","inLanguage":"es","@id":"https:\/\/www.sindicaturabarcelona.cat\/es\/#\/schema\/logo\/image\/","url":"https:\/\/www.sindicaturabarcelona.cat\/wp-content\/uploads\/2023\/02\/logo_sindicatura.svg","contentUrl":"https:\/\/www.sindicaturabarcelona.cat\/wp-content\/uploads\/2023\/02\/logo_sindicatura.svg","caption":"Sindicatura de Greuges de Barcelona"},"image":{"@id":"https:\/\/www.sindicaturabarcelona.cat\/es\/#\/schema\/logo\/image\/"},"sameAs":["https:\/\/x.com\/sindicbarcelona","https:\/\/www.instagram.com\/sindicbarcelona\/","https:\/\/www.tiktok.com\/@sindicaturabcn","https:\/\/t.me\/sindicaturabarcelona"]},{"@type":"Person","@id":"https:\/\/www.sindicaturabarcelona.cat\/es\/#\/schema\/person\/0e5acffc350ffdbc97578159322c9452","name":"Pablo","image":{"@type":"ImageObject","inLanguage":"es","@id":"https:\/\/secure.gravatar.com\/avatar\/c948169b402ef9492afde705c3dfd5e90e1a6a84ef6840a91124f805a25a480f?s=96&d=mm&r=g","url":"https:\/\/secure.gravatar.com\/avatar\/c948169b402ef9492afde705c3dfd5e90e1a6a84ef6840a91124f805a25a480f?s=96&d=mm&r=g","contentUrl":"https:\/\/secure.gravatar.com\/avatar\/c948169b402ef9492afde705c3dfd5e90e1a6a84ef6840a91124f805a25a480f?s=96&d=mm&r=g","caption":"Pablo"},"url":"https:\/\/www.sindicaturabarcelona.cat\/es\/author\/pablo\/"}]}},"_links":{"self":[{"href":"https:\/\/www.sindicaturabarcelona.cat\/es\/wp-json\/wp\/v2\/posts\/37157","targetHints":{"allow":["GET"]}}],"collection":[{"href":"https:\/\/www.sindicaturabarcelona.cat\/es\/wp-json\/wp\/v2\/posts"}],"about":[{"href":"https:\/\/www.sindicaturabarcelona.cat\/es\/wp-json\/wp\/v2\/types\/post"}],"author":[{"embeddable":true,"href":"https:\/\/www.sindicaturabarcelona.cat\/es\/wp-json\/wp\/v2\/users\/2"}],"replies":[{"embeddable":true,"href":"https:\/\/www.sindicaturabarcelona.cat\/es\/wp-json\/wp\/v2\/comments?post=37157"}],"version-history":[{"count":1,"href":"https:\/\/www.sindicaturabarcelona.cat\/es\/wp-json\/wp\/v2\/posts\/37157\/revisions"}],"predecessor-version":[{"id":37161,"href":"https:\/\/www.sindicaturabarcelona.cat\/es\/wp-json\/wp\/v2\/posts\/37157\/revisions\/37161"}],"wp:featuredmedia":[{"embeddable":true,"href":"https:\/\/www.sindicaturabarcelona.cat\/es\/wp-json\/wp\/v2\/media\/37158"}],"wp:attachment":[{"href":"https:\/\/www.sindicaturabarcelona.cat\/es\/wp-json\/wp\/v2\/media?parent=37157"}],"wp:term":[{"taxonomy":"post_tag","embeddable":true,"href":"https:\/\/www.sindicaturabarcelona.cat\/es\/wp-json\/wp\/v2\/tags?post=37157"},{"taxonomy":"drets","embeddable":true,"href":"https:\/\/www.sindicaturabarcelona.cat\/es\/wp-json\/wp\/v2\/drets?post=37157"}],"curies":[{"name":"wp","href":"https:\/\/api.w.org\/{rel}","templated":true}]}}