{"id":36559,"date":"2025-04-07T08:00:00","date_gmt":"2025-04-07T06:00:00","guid":{"rendered":"https:\/\/www.sindicaturabarcelona.cat\/?p=36559"},"modified":"2025-04-11T09:41:42","modified_gmt":"2025-04-11T07:41:42","slug":"la-sindicatura-de-greuges-de-barcelona-insta-lajuntament-a-impulsar-la-creacio-del-museu-del-transport-public-de-la-ciutat","status":"publish","type":"post","link":"https:\/\/www.sindicaturabarcelona.cat\/es\/la-sindicatura-de-greuges-de-barcelona-insta-lajuntament-a-impulsar-la-creacio-del-museu-del-transport-public-de-la-ciutat\/","title":{"rendered":"La Sindicatura de Greuges de Barcelona insta al Ayuntamiento a impulsar la creaci\u00f3n del Museo del Transporte P\u00fablico de la ciudad"},"content":{"rendered":"\n<p>La defensor\u00eda recomienda <a href=\"https:\/\/www.sindicaturabarcelona.cat\/wp-content\/uploads\/202504_MuseuTransportBCN_25Q000026.pdf\" target=\"_blank\" rel=\"noreferrer noopener\"><strong>en su resoluci\u00f3n<\/strong><\/a> que <strong>las administraciones implicadas en la iniciativa se coordinen para crear un nuevo equipamiento cultural<\/strong> que permita preservar y divulgar el patrimonio hist\u00f3rico del transporte en la ciudad. Tambi\u00e9n se considera que deber\u00eda estudiarse la viabilidad de <strong>instalar este espacio en el <\/strong><a href=\"https:\/\/guia.barcelona.cat\/es\/detall\/palau-de-comunicacions-pavello-1_96319194030.html\" target=\"_blank\" rel=\"noreferrer noopener\"><strong>Palacio de Telecomunicaciones y Transportes<\/strong><\/a>, un gran recinto ubicado en Montju\u00efc.<\/p>\n\n\n\n<p>Esta iniciativa la impulsa la <a href=\"https:\/\/museutransport.cat\/\" target=\"_blank\" rel=\"noreferrer noopener\"><strong>Asociaci\u00f3n Coordinadora Pro Museu del Transport de Barcelona<\/strong><\/a>, \u200b\u200ba partir de una propuesta similar de hace m\u00e1s de medio siglo. El objetivo es exhibir veh\u00edculos (metros, tranv\u00edas, trolebuses, funiculares, telef\u00e9ricos, taxis&#8230;), adem\u00e1s de equipos y herramientas del transporte p\u00fablico de la ciudad. <a href=\"https:\/\/www.tmb.cat\/es\/home\" target=\"_blank\" rel=\"noreferrer noopener\"><strong>Transportes Metropolitanos de Barcelona (TMB)<\/strong><\/a><strong>, <\/strong><a href=\"https:\/\/ajuntament.barcelona.cat\/bombers\/es\/\" target=\"_blank\" rel=\"noreferrer noopener\"><strong>Bomberos<\/strong><\/a><strong> y otras entidades disponen de colecciones y de un patrimonio guardado en m\u00e1s de una decena de espacios, y que por ahora no se puede visitar<\/strong>. En toda Europa hay m\u00e1s de 60 museos del transporte, que reflejan el patrimonio y la memoria de las respectivas ciudades, entre las cuales hay algunas tan importantes como Londres.<\/p>\n\n\n\n<p>De hecho, <strong>Barcelona es un caso singular por la variedad de transportes p\u00fablicos de los que dispone y ha dispuesto a lo largo de la historia. Pero es que, adem\u00e1s, <\/strong><a href=\"https:\/\/beteve.cat\/va-passar-aqui\/historia-transport-barcelona\/\" target=\"_blank\" rel=\"noreferrer noopener\"><strong>ha sido una ciudad pionera en el \u00e1mbito del transporte<\/strong><\/a>: fue el primer lugar del mundo en el que se hizo una prueba de un barco propulsado con h\u00e9lice (1543) y de un viaje en submarino (1884), y el primero en la pen\u00ednsula en disponer de una l\u00ednea ferroviaria (1848) y en donde tuvo lugar un vuelo en avi\u00f3n (1910).<\/p>\n\n\n\n<p>Adem\u00e1s, <strong>el proyecto va en la l\u00ednea de lo que establece la <\/strong><a href=\"https:\/\/ajuntament.barcelona.cat\/norma-portal-juridic\/es\/vid\/844908512\" target=\"_blank\" rel=\"noreferrer noopener\"><strong>Carta Municipal<\/strong><\/a>, que enfatiza la promoci\u00f3n de iniciativas culturales en los distritos y en los barrios, y de <strong>la <\/strong><a href=\"https:\/\/www.sindicaturabarcelona.cat\/wp-content\/uploads\/2020\/11\/08.-Carta-de-drets-i-deures-de-la-ciutadania-de-Barcelona.pdf\" target=\"_blank\" rel=\"noreferrer noopener\"><strong>Carta de derechos y deberes de Barcelona<\/strong><\/a>, \u200b\u200bseg\u00fan la cual el Ayuntamiento debe acoger las iniciativas ciudadanas de particulares y entidades que enriquezcan la oferta cultural de la ciudad. <a href=\"https:\/\/www.barcelona.cat\/es\/que-hacer-en-bcn\/cultura\/museos\" target=\"_blank\" rel=\"noreferrer noopener\"><strong>Ahora hay casi ochenta museos en la ciudad, entre p\u00fablicos y privados<\/strong>.<\/a><\/p>\n\n\n\n<h2 class=\"wp-block-heading\">Un gran espacio en Montju\u00efc sin uso permanente en la actualidad<\/h2>\n\n\n\n<p>La asociaci\u00f3n coordinadora defiende que el nuevo equipamiento se ubique en el <strong>Palacio de Comunicaciones y Transportes de Montju\u00efc, un espacio de unos 16.000 metros cuadrados, construidos para la Exposici\u00f3n Internacional de 1929, que ya acogi\u00f3 entonces una exposici\u00f3n de medios de transporte de la \u00e9poca<\/strong>. Por tanto, el espacio, que adem\u00e1s ahora no tiene ning\u00fan uso permanente, recuperar\u00eda la funci\u00f3n para la que se construy\u00f3. El Ayuntamiento ha impulsado diversas iniciativas de cara al centenario de dicho evento, entre ellos el <a href=\"https:\/\/bcnroc.ajuntament.barcelona.cat\/jspui\/handle\/11703\/115956\" target=\"_blank\" rel=\"noreferrer noopener\">Plan de Actuaci\u00f3n del Parque de Montju\u00efc 2019-2029<\/a> y un nuevo planteamiento urban\u00edstico con <a href=\"https:\/\/ajuntament.barcelona.cat\/sants-montjuic\/es\/noticia\/la-mitad-del-nuevo-espacio-ferial-de-montjuic-tendra-usos-ciudadanos-1208453\" target=\"_blank\" rel=\"noreferrer noopener\">500 viviendas p\u00fablicas y equipamientos<\/a>, pero no se ha incluido el Palacio de Comunicaciones y Transportes.<\/p>\n\n\n\n<p><strong>El consistorio se ha mostrado favorable a impulsar este nuevo museo, pero considera que excede el \u00e1mbito municipal, y que es necesario trabajar la iniciativa con la Generalitat de Catalunya y con TMB<\/strong>. Tambi\u00e9n opinan que es crucial encontrar un espacio de grandes dimensiones donde ubicar todo este patrimonio. En este sentido, <strong>Transportes Metropolitanos est\u00e1 trabajando en la b\u00fasqueda de la ubicaci\u00f3n, pero no con la idea de realizar un museo como tal<\/strong>, sino un espacio de visita en d\u00edas determinados ya demanda de colectivos concretos, como investigadores, escuelas, etc.<\/p>\n\n\n\n<h2 class=\"wp-block-heading\">Se debe preservar la memoria y el patrimonio vinculado al transporte p\u00fablico<\/h2>\n\n\n\n<p><strong>La garant\u00eda del <\/strong><a href=\"https:\/\/www.sindicaturabarcelona.cat\/es\/drets\/derecho-a-la-cultura\/\" target=\"_blank\" rel=\"noreferrer noopener\"><strong>derecho a la cultura, que forma parte de los derechos humanos<\/strong><\/a><strong>, se basa en permitir que toda la ciudadan\u00eda pueda disfrutarlo y participar en condiciones de igualdad y no discriminaci\u00f3n.<\/strong> La constituci\u00f3n de este proyecto como museo debe permitir que todo el mundo tenga la posibilidad de entender mejor el mundo que le rodea, ya que el \u00e1mbito tratado, el transporte, es de uso cotidiano para la gran mayor\u00eda de personas.<\/p>\n\n\n\n<p><strong>Es por todo ello que desde la Sindicatura de Greuges de Barcelona se insta al <\/strong><a href=\"https:\/\/ajuntament.barcelona.cat\/ecologiaurbana\/es\" target=\"_blank\" rel=\"noreferrer noopener\"><strong>\u00c1rea Urbanismo, Transici\u00f3n Ecol\u00f3gica, Servicios Urbanos y Vivienda<\/strong><\/a><strong> a velar por preservar la memoria y el patrimonio vinculado al transporte p\u00fablico de la ciudad<\/strong>. En consecuencia, debe coordinarse con las dem\u00e1s administraciones implicadas y debe emplear todos los esfuerzos necesarios para crear el grupo de trabajo que permita que Barcelona disponga, por fin, de un Museo del Transporte. En cuanto a la ubicaci\u00f3n, <strong>la Sindicatura considera que es necesario estudiar cuidadosamente la propuesta del Palacio de Comunicaciones y Transportes de Montju\u00efc<\/strong>, tal y como defiende la asociaci\u00f3n coordinadora.<\/p>\n\n\n\n<p><\/p>\n","protected":false},"excerpt":{"rendered":"<p>La defensor\u00eda recomienda en su resoluci\u00f3n que las administraciones implicadas en la iniciativa se coordinen para crear un nuevo equipamiento cultural que permita preservar y divulgar el patrimonio hist\u00f3rico del [&hellip;]<\/p>\n","protected":false},"author":2,"featured_media":36555,"comment_status":"closed","ping_status":"closed","sticky":false,"template":"","format":"standard","meta":{"_acf_changed":false,"footnotes":""},"tags":[],"drets":[1475,1578],"class_list":["post-36559","post","type-post","status-publish","format-standard","has-post-thumbnail","hentry","drets-ciudad-equitativa","drets-derechos-culturales"],"acf":[],"yoast_head":"<!-- This site is optimized with the Yoast SEO plugin v27.5 - https:\/\/yoast.com\/product\/yoast-seo-wordpress\/ -->\n<title>La Sindicatura de Greuges de Barcelona insta al Ayuntamiento a impulsar la creaci\u00f3n del Museo del Transporte P\u00fablico de la ciudad - Sindicatura de Greuges de Barcelona<\/title>\n<meta name=\"description\" content=\"Se recomienda que las administraciones se coordinen para crear un nuevo equipamiento para divulgar el patrimonio hist\u00f3rico del transporte en Barcelona.\" \/>\n<meta name=\"robots\" content=\"index, follow, max-snippet:-1, max-image-preview:large, max-video-preview:-1\" \/>\n<link rel=\"canonical\" href=\"https:\/\/www.sindicaturabarcelona.cat\/es\/la-sindicatura-de-greuges-de-barcelona-insta-lajuntament-a-impulsar-la-creacio-del-museu-del-transport-public-de-la-ciutat\/\" \/>\n<meta property=\"og:locale\" content=\"es_ES\" \/>\n<meta property=\"og:type\" content=\"article\" \/>\n<meta property=\"og:title\" content=\"La Sindicatura de Greuges de Barcelona insta al Ayuntamiento a impulsar la creaci\u00f3n del Museo del Transporte P\u00fablico de la ciudad - Sindicatura de Greuges de Barcelona\" \/>\n<meta property=\"og:description\" content=\"Se recomienda que las administraciones se coordinen para crear un nuevo equipamiento para divulgar el patrimonio hist\u00f3rico del transporte en Barcelona.\" \/>\n<meta property=\"og:url\" content=\"https:\/\/www.sindicaturabarcelona.cat\/es\/la-sindicatura-de-greuges-de-barcelona-insta-lajuntament-a-impulsar-la-creacio-del-museu-del-transport-public-de-la-ciutat\/\" \/>\n<meta property=\"og:site_name\" content=\"Sindicatura de Greuges de Barcelona\" \/>\n<meta property=\"article:published_time\" content=\"2025-04-07T06:00:00+00:00\" \/>\n<meta property=\"article:modified_time\" content=\"2025-04-11T07:41:42+00:00\" \/>\n<meta property=\"og:image\" content=\"https:\/\/www.sindicaturabarcelona.cat\/wp-content\/uploads\/lautobus-historic-chausson-urbas-59.jpg\" \/>\n\t<meta property=\"og:image:width\" content=\"2000\" \/>\n\t<meta property=\"og:image:height\" content=\"1336\" \/>\n\t<meta property=\"og:image:type\" content=\"image\/jpeg\" \/>\n<meta name=\"author\" content=\"Pablo\" \/>\n<meta name=\"twitter:card\" content=\"summary_large_image\" \/>\n<meta name=\"twitter:creator\" content=\"@sindicbarcelona\" \/>\n<meta name=\"twitter:site\" content=\"@sindicbarcelona\" \/>\n<meta name=\"twitter:label1\" content=\"Escrito por\" \/>\n\t<meta name=\"twitter:data1\" content=\"Pablo\" \/>\n\t<meta name=\"twitter:label2\" content=\"Tiempo de lectura\" \/>\n\t<meta name=\"twitter:data2\" content=\"4 minutos\" \/>\n<script type=\"application\/ld+json\" class=\"yoast-schema-graph\">{\"@context\":\"https:\\\/\\\/schema.org\",\"@graph\":[{\"@type\":\"Article\",\"@id\":\"https:\\\/\\\/www.sindicaturabarcelona.cat\\\/es\\\/la-sindicatura-de-greuges-de-barcelona-insta-lajuntament-a-impulsar-la-creacio-del-museu-del-transport-public-de-la-ciutat\\\/#article\",\"isPartOf\":{\"@id\":\"https:\\\/\\\/www.sindicaturabarcelona.cat\\\/es\\\/la-sindicatura-de-greuges-de-barcelona-insta-lajuntament-a-impulsar-la-creacio-del-museu-del-transport-public-de-la-ciutat\\\/\"},\"author\":{\"name\":\"Pablo\",\"@id\":\"https:\\\/\\\/www.sindicaturabarcelona.cat\\\/es\\\/#\\\/schema\\\/person\\\/0e5acffc350ffdbc97578159322c9452\"},\"headline\":\"La Sindicatura de Greuges de Barcelona insta al Ayuntamiento a impulsar la creaci\u00f3n del Museo del Transporte P\u00fablico de la ciudad\",\"datePublished\":\"2025-04-07T06:00:00+00:00\",\"dateModified\":\"2025-04-11T07:41:42+00:00\",\"mainEntityOfPage\":{\"@id\":\"https:\\\/\\\/www.sindicaturabarcelona.cat\\\/es\\\/la-sindicatura-de-greuges-de-barcelona-insta-lajuntament-a-impulsar-la-creacio-del-museu-del-transport-public-de-la-ciutat\\\/\"},\"wordCount\":803,\"publisher\":{\"@id\":\"https:\\\/\\\/www.sindicaturabarcelona.cat\\\/es\\\/#organization\"},\"image\":{\"@id\":\"https:\\\/\\\/www.sindicaturabarcelona.cat\\\/es\\\/la-sindicatura-de-greuges-de-barcelona-insta-lajuntament-a-impulsar-la-creacio-del-museu-del-transport-public-de-la-ciutat\\\/#primaryimage\"},\"thumbnailUrl\":\"https:\\\/\\\/www.sindicaturabarcelona.cat\\\/wp-content\\\/uploads\\\/lautobus-historic-chausson-urbas-59.jpg\",\"inLanguage\":\"es\"},{\"@type\":\"WebPage\",\"@id\":\"https:\\\/\\\/www.sindicaturabarcelona.cat\\\/es\\\/la-sindicatura-de-greuges-de-barcelona-insta-lajuntament-a-impulsar-la-creacio-del-museu-del-transport-public-de-la-ciutat\\\/\",\"url\":\"https:\\\/\\\/www.sindicaturabarcelona.cat\\\/es\\\/la-sindicatura-de-greuges-de-barcelona-insta-lajuntament-a-impulsar-la-creacio-del-museu-del-transport-public-de-la-ciutat\\\/\",\"name\":\"La Sindicatura de Greuges de Barcelona insta al Ayuntamiento a impulsar la creaci\u00f3n del Museo del Transporte P\u00fablico de la ciudad - Sindicatura de Greuges de Barcelona\",\"isPartOf\":{\"@id\":\"https:\\\/\\\/www.sindicaturabarcelona.cat\\\/es\\\/#website\"},\"primaryImageOfPage\":{\"@id\":\"https:\\\/\\\/www.sindicaturabarcelona.cat\\\/es\\\/la-sindicatura-de-greuges-de-barcelona-insta-lajuntament-a-impulsar-la-creacio-del-museu-del-transport-public-de-la-ciutat\\\/#primaryimage\"},\"image\":{\"@id\":\"https:\\\/\\\/www.sindicaturabarcelona.cat\\\/es\\\/la-sindicatura-de-greuges-de-barcelona-insta-lajuntament-a-impulsar-la-creacio-del-museu-del-transport-public-de-la-ciutat\\\/#primaryimage\"},\"thumbnailUrl\":\"https:\\\/\\\/www.sindicaturabarcelona.cat\\\/wp-content\\\/uploads\\\/lautobus-historic-chausson-urbas-59.jpg\",\"datePublished\":\"2025-04-07T06:00:00+00:00\",\"dateModified\":\"2025-04-11T07:41:42+00:00\",\"description\":\"Se recomienda que las administraciones se coordinen para crear un nuevo equipamiento para divulgar el patrimonio hist\u00f3rico del transporte en Barcelona.\",\"breadcrumb\":{\"@id\":\"https:\\\/\\\/www.sindicaturabarcelona.cat\\\/es\\\/la-sindicatura-de-greuges-de-barcelona-insta-lajuntament-a-impulsar-la-creacio-del-museu-del-transport-public-de-la-ciutat\\\/#breadcrumb\"},\"inLanguage\":\"es\",\"potentialAction\":[{\"@type\":\"ReadAction\",\"target\":[\"https:\\\/\\\/www.sindicaturabarcelona.cat\\\/es\\\/la-sindicatura-de-greuges-de-barcelona-insta-lajuntament-a-impulsar-la-creacio-del-museu-del-transport-public-de-la-ciutat\\\/\"]}]},{\"@type\":\"ImageObject\",\"inLanguage\":\"es\",\"@id\":\"https:\\\/\\\/www.sindicaturabarcelona.cat\\\/es\\\/la-sindicatura-de-greuges-de-barcelona-insta-lajuntament-a-impulsar-la-creacio-del-museu-del-transport-public-de-la-ciutat\\\/#primaryimage\",\"url\":\"https:\\\/\\\/www.sindicaturabarcelona.cat\\\/wp-content\\\/uploads\\\/lautobus-historic-chausson-urbas-59.jpg\",\"contentUrl\":\"https:\\\/\\\/www.sindicaturabarcelona.cat\\\/wp-content\\\/uploads\\\/lautobus-historic-chausson-urbas-59.jpg\",\"width\":2000,\"height\":1336},{\"@type\":\"BreadcrumbList\",\"@id\":\"https:\\\/\\\/www.sindicaturabarcelona.cat\\\/es\\\/la-sindicatura-de-greuges-de-barcelona-insta-lajuntament-a-impulsar-la-creacio-del-museu-del-transport-public-de-la-ciutat\\\/#breadcrumb\",\"itemListElement\":[{\"@type\":\"ListItem\",\"position\":1,\"name\":\"Inici\",\"item\":\"https:\\\/\\\/www.sindicaturabarcelona.cat\\\/es\\\/\"},{\"@type\":\"ListItem\",\"position\":2,\"name\":\"La Sindicatura de Greuges de Barcelona insta al Ayuntamiento a impulsar la creaci\u00f3n del Museo del Transporte P\u00fablico de la ciudad\"}]},{\"@type\":\"WebSite\",\"@id\":\"https:\\\/\\\/www.sindicaturabarcelona.cat\\\/es\\\/#website\",\"url\":\"https:\\\/\\\/www.sindicaturabarcelona.cat\\\/es\\\/\",\"name\":\"Sindicatura de Greuges de Barcelona\",\"description\":\"La defensoria dels teus drets\",\"publisher\":{\"@id\":\"https:\\\/\\\/www.sindicaturabarcelona.cat\\\/es\\\/#organization\"},\"potentialAction\":[{\"@type\":\"SearchAction\",\"target\":{\"@type\":\"EntryPoint\",\"urlTemplate\":\"https:\\\/\\\/www.sindicaturabarcelona.cat\\\/es\\\/?s={search_term_string}\"},\"query-input\":{\"@type\":\"PropertyValueSpecification\",\"valueRequired\":true,\"valueName\":\"search_term_string\"}}],\"inLanguage\":\"es\"},{\"@type\":\"Organization\",\"@id\":\"https:\\\/\\\/www.sindicaturabarcelona.cat\\\/es\\\/#organization\",\"name\":\"Sindicatura de Greuges de Barcelona\",\"url\":\"https:\\\/\\\/www.sindicaturabarcelona.cat\\\/es\\\/\",\"logo\":{\"@type\":\"ImageObject\",\"inLanguage\":\"es\",\"@id\":\"https:\\\/\\\/www.sindicaturabarcelona.cat\\\/es\\\/#\\\/schema\\\/logo\\\/image\\\/\",\"url\":\"https:\\\/\\\/www.sindicaturabarcelona.cat\\\/wp-content\\\/uploads\\\/2023\\\/02\\\/logo_sindicatura.svg\",\"contentUrl\":\"https:\\\/\\\/www.sindicaturabarcelona.cat\\\/wp-content\\\/uploads\\\/2023\\\/02\\\/logo_sindicatura.svg\",\"caption\":\"Sindicatura de Greuges de Barcelona\"},\"image\":{\"@id\":\"https:\\\/\\\/www.sindicaturabarcelona.cat\\\/es\\\/#\\\/schema\\\/logo\\\/image\\\/\"},\"sameAs\":[\"https:\\\/\\\/x.com\\\/sindicbarcelona\",\"https:\\\/\\\/www.instagram.com\\\/sindicbarcelona\\\/\",\"https:\\\/\\\/www.tiktok.com\\\/@sindicaturabcn\",\"https:\\\/\\\/t.me\\\/sindicaturabarcelona\"]},{\"@type\":\"Person\",\"@id\":\"https:\\\/\\\/www.sindicaturabarcelona.cat\\\/es\\\/#\\\/schema\\\/person\\\/0e5acffc350ffdbc97578159322c9452\",\"name\":\"Pablo\",\"image\":{\"@type\":\"ImageObject\",\"inLanguage\":\"es\",\"@id\":\"https:\\\/\\\/secure.gravatar.com\\\/avatar\\\/c948169b402ef9492afde705c3dfd5e90e1a6a84ef6840a91124f805a25a480f?s=96&d=mm&r=g\",\"url\":\"https:\\\/\\\/secure.gravatar.com\\\/avatar\\\/c948169b402ef9492afde705c3dfd5e90e1a6a84ef6840a91124f805a25a480f?s=96&d=mm&r=g\",\"contentUrl\":\"https:\\\/\\\/secure.gravatar.com\\\/avatar\\\/c948169b402ef9492afde705c3dfd5e90e1a6a84ef6840a91124f805a25a480f?s=96&d=mm&r=g\",\"caption\":\"Pablo\"},\"url\":\"https:\\\/\\\/www.sindicaturabarcelona.cat\\\/es\\\/author\\\/pablo\\\/\"}]}<\/script>\n<!-- \/ Yoast SEO plugin. -->","yoast_head_json":{"title":"La Sindicatura de Greuges de Barcelona insta al Ayuntamiento a impulsar la creaci\u00f3n del Museo del Transporte P\u00fablico de la ciudad - Sindicatura de Greuges de Barcelona","description":"Se recomienda que las administraciones se coordinen para crear un nuevo equipamiento para divulgar el patrimonio hist\u00f3rico del transporte en Barcelona.","robots":{"index":"index","follow":"follow","max-snippet":"max-snippet:-1","max-image-preview":"max-image-preview:large","max-video-preview":"max-video-preview:-1"},"canonical":"https:\/\/www.sindicaturabarcelona.cat\/es\/la-sindicatura-de-greuges-de-barcelona-insta-lajuntament-a-impulsar-la-creacio-del-museu-del-transport-public-de-la-ciutat\/","og_locale":"es_ES","og_type":"article","og_title":"La Sindicatura de Greuges de Barcelona insta al Ayuntamiento a impulsar la creaci\u00f3n del Museo del Transporte P\u00fablico de la ciudad - Sindicatura de Greuges de Barcelona","og_description":"Se recomienda que las administraciones se coordinen para crear un nuevo equipamiento para divulgar el patrimonio hist\u00f3rico del transporte en Barcelona.","og_url":"https:\/\/www.sindicaturabarcelona.cat\/es\/la-sindicatura-de-greuges-de-barcelona-insta-lajuntament-a-impulsar-la-creacio-del-museu-del-transport-public-de-la-ciutat\/","og_site_name":"Sindicatura de Greuges de Barcelona","article_published_time":"2025-04-07T06:00:00+00:00","article_modified_time":"2025-04-11T07:41:42+00:00","og_image":[{"width":2000,"height":1336,"url":"https:\/\/www.sindicaturabarcelona.cat\/wp-content\/uploads\/lautobus-historic-chausson-urbas-59.jpg","type":"image\/jpeg"}],"author":"Pablo","twitter_card":"summary_large_image","twitter_creator":"@sindicbarcelona","twitter_site":"@sindicbarcelona","twitter_misc":{"Escrito por":"Pablo","Tiempo de lectura":"4 minutos"},"schema":{"@context":"https:\/\/schema.org","@graph":[{"@type":"Article","@id":"https:\/\/www.sindicaturabarcelona.cat\/es\/la-sindicatura-de-greuges-de-barcelona-insta-lajuntament-a-impulsar-la-creacio-del-museu-del-transport-public-de-la-ciutat\/#article","isPartOf":{"@id":"https:\/\/www.sindicaturabarcelona.cat\/es\/la-sindicatura-de-greuges-de-barcelona-insta-lajuntament-a-impulsar-la-creacio-del-museu-del-transport-public-de-la-ciutat\/"},"author":{"name":"Pablo","@id":"https:\/\/www.sindicaturabarcelona.cat\/es\/#\/schema\/person\/0e5acffc350ffdbc97578159322c9452"},"headline":"La Sindicatura de Greuges de Barcelona insta al Ayuntamiento a impulsar la creaci\u00f3n del Museo del Transporte P\u00fablico de la ciudad","datePublished":"2025-04-07T06:00:00+00:00","dateModified":"2025-04-11T07:41:42+00:00","mainEntityOfPage":{"@id":"https:\/\/www.sindicaturabarcelona.cat\/es\/la-sindicatura-de-greuges-de-barcelona-insta-lajuntament-a-impulsar-la-creacio-del-museu-del-transport-public-de-la-ciutat\/"},"wordCount":803,"publisher":{"@id":"https:\/\/www.sindicaturabarcelona.cat\/es\/#organization"},"image":{"@id":"https:\/\/www.sindicaturabarcelona.cat\/es\/la-sindicatura-de-greuges-de-barcelona-insta-lajuntament-a-impulsar-la-creacio-del-museu-del-transport-public-de-la-ciutat\/#primaryimage"},"thumbnailUrl":"https:\/\/www.sindicaturabarcelona.cat\/wp-content\/uploads\/lautobus-historic-chausson-urbas-59.jpg","inLanguage":"es"},{"@type":"WebPage","@id":"https:\/\/www.sindicaturabarcelona.cat\/es\/la-sindicatura-de-greuges-de-barcelona-insta-lajuntament-a-impulsar-la-creacio-del-museu-del-transport-public-de-la-ciutat\/","url":"https:\/\/www.sindicaturabarcelona.cat\/es\/la-sindicatura-de-greuges-de-barcelona-insta-lajuntament-a-impulsar-la-creacio-del-museu-del-transport-public-de-la-ciutat\/","name":"La Sindicatura de Greuges de Barcelona insta al Ayuntamiento a impulsar la creaci\u00f3n del Museo del Transporte P\u00fablico de la ciudad - Sindicatura de Greuges de Barcelona","isPartOf":{"@id":"https:\/\/www.sindicaturabarcelona.cat\/es\/#website"},"primaryImageOfPage":{"@id":"https:\/\/www.sindicaturabarcelona.cat\/es\/la-sindicatura-de-greuges-de-barcelona-insta-lajuntament-a-impulsar-la-creacio-del-museu-del-transport-public-de-la-ciutat\/#primaryimage"},"image":{"@id":"https:\/\/www.sindicaturabarcelona.cat\/es\/la-sindicatura-de-greuges-de-barcelona-insta-lajuntament-a-impulsar-la-creacio-del-museu-del-transport-public-de-la-ciutat\/#primaryimage"},"thumbnailUrl":"https:\/\/www.sindicaturabarcelona.cat\/wp-content\/uploads\/lautobus-historic-chausson-urbas-59.jpg","datePublished":"2025-04-07T06:00:00+00:00","dateModified":"2025-04-11T07:41:42+00:00","description":"Se recomienda que las administraciones se coordinen para crear un nuevo equipamiento para divulgar el patrimonio hist\u00f3rico del transporte en Barcelona.","breadcrumb":{"@id":"https:\/\/www.sindicaturabarcelona.cat\/es\/la-sindicatura-de-greuges-de-barcelona-insta-lajuntament-a-impulsar-la-creacio-del-museu-del-transport-public-de-la-ciutat\/#breadcrumb"},"inLanguage":"es","potentialAction":[{"@type":"ReadAction","target":["https:\/\/www.sindicaturabarcelona.cat\/es\/la-sindicatura-de-greuges-de-barcelona-insta-lajuntament-a-impulsar-la-creacio-del-museu-del-transport-public-de-la-ciutat\/"]}]},{"@type":"ImageObject","inLanguage":"es","@id":"https:\/\/www.sindicaturabarcelona.cat\/es\/la-sindicatura-de-greuges-de-barcelona-insta-lajuntament-a-impulsar-la-creacio-del-museu-del-transport-public-de-la-ciutat\/#primaryimage","url":"https:\/\/www.sindicaturabarcelona.cat\/wp-content\/uploads\/lautobus-historic-chausson-urbas-59.jpg","contentUrl":"https:\/\/www.sindicaturabarcelona.cat\/wp-content\/uploads\/lautobus-historic-chausson-urbas-59.jpg","width":2000,"height":1336},{"@type":"BreadcrumbList","@id":"https:\/\/www.sindicaturabarcelona.cat\/es\/la-sindicatura-de-greuges-de-barcelona-insta-lajuntament-a-impulsar-la-creacio-del-museu-del-transport-public-de-la-ciutat\/#breadcrumb","itemListElement":[{"@type":"ListItem","position":1,"name":"Inici","item":"https:\/\/www.sindicaturabarcelona.cat\/es\/"},{"@type":"ListItem","position":2,"name":"La Sindicatura de Greuges de Barcelona insta al Ayuntamiento a impulsar la creaci\u00f3n del Museo del Transporte P\u00fablico de la ciudad"}]},{"@type":"WebSite","@id":"https:\/\/www.sindicaturabarcelona.cat\/es\/#website","url":"https:\/\/www.sindicaturabarcelona.cat\/es\/","name":"Sindicatura de Greuges de Barcelona","description":"La defensoria dels teus drets","publisher":{"@id":"https:\/\/www.sindicaturabarcelona.cat\/es\/#organization"},"potentialAction":[{"@type":"SearchAction","target":{"@type":"EntryPoint","urlTemplate":"https:\/\/www.sindicaturabarcelona.cat\/es\/?s={search_term_string}"},"query-input":{"@type":"PropertyValueSpecification","valueRequired":true,"valueName":"search_term_string"}}],"inLanguage":"es"},{"@type":"Organization","@id":"https:\/\/www.sindicaturabarcelona.cat\/es\/#organization","name":"Sindicatura de Greuges de Barcelona","url":"https:\/\/www.sindicaturabarcelona.cat\/es\/","logo":{"@type":"ImageObject","inLanguage":"es","@id":"https:\/\/www.sindicaturabarcelona.cat\/es\/#\/schema\/logo\/image\/","url":"https:\/\/www.sindicaturabarcelona.cat\/wp-content\/uploads\/2023\/02\/logo_sindicatura.svg","contentUrl":"https:\/\/www.sindicaturabarcelona.cat\/wp-content\/uploads\/2023\/02\/logo_sindicatura.svg","caption":"Sindicatura de Greuges de Barcelona"},"image":{"@id":"https:\/\/www.sindicaturabarcelona.cat\/es\/#\/schema\/logo\/image\/"},"sameAs":["https:\/\/x.com\/sindicbarcelona","https:\/\/www.instagram.com\/sindicbarcelona\/","https:\/\/www.tiktok.com\/@sindicaturabcn","https:\/\/t.me\/sindicaturabarcelona"]},{"@type":"Person","@id":"https:\/\/www.sindicaturabarcelona.cat\/es\/#\/schema\/person\/0e5acffc350ffdbc97578159322c9452","name":"Pablo","image":{"@type":"ImageObject","inLanguage":"es","@id":"https:\/\/secure.gravatar.com\/avatar\/c948169b402ef9492afde705c3dfd5e90e1a6a84ef6840a91124f805a25a480f?s=96&d=mm&r=g","url":"https:\/\/secure.gravatar.com\/avatar\/c948169b402ef9492afde705c3dfd5e90e1a6a84ef6840a91124f805a25a480f?s=96&d=mm&r=g","contentUrl":"https:\/\/secure.gravatar.com\/avatar\/c948169b402ef9492afde705c3dfd5e90e1a6a84ef6840a91124f805a25a480f?s=96&d=mm&r=g","caption":"Pablo"},"url":"https:\/\/www.sindicaturabarcelona.cat\/es\/author\/pablo\/"}]}},"_links":{"self":[{"href":"https:\/\/www.sindicaturabarcelona.cat\/es\/wp-json\/wp\/v2\/posts\/36559","targetHints":{"allow":["GET"]}}],"collection":[{"href":"https:\/\/www.sindicaturabarcelona.cat\/es\/wp-json\/wp\/v2\/posts"}],"about":[{"href":"https:\/\/www.sindicaturabarcelona.cat\/es\/wp-json\/wp\/v2\/types\/post"}],"author":[{"embeddable":true,"href":"https:\/\/www.sindicaturabarcelona.cat\/es\/wp-json\/wp\/v2\/users\/2"}],"replies":[{"embeddable":true,"href":"https:\/\/www.sindicaturabarcelona.cat\/es\/wp-json\/wp\/v2\/comments?post=36559"}],"version-history":[{"count":16,"href":"https:\/\/www.sindicaturabarcelona.cat\/es\/wp-json\/wp\/v2\/posts\/36559\/revisions"}],"predecessor-version":[{"id":36704,"href":"https:\/\/www.sindicaturabarcelona.cat\/es\/wp-json\/wp\/v2\/posts\/36559\/revisions\/36704"}],"wp:featuredmedia":[{"embeddable":true,"href":"https:\/\/www.sindicaturabarcelona.cat\/es\/wp-json\/wp\/v2\/media\/36555"}],"wp:attachment":[{"href":"https:\/\/www.sindicaturabarcelona.cat\/es\/wp-json\/wp\/v2\/media?parent=36559"}],"wp:term":[{"taxonomy":"post_tag","embeddable":true,"href":"https:\/\/www.sindicaturabarcelona.cat\/es\/wp-json\/wp\/v2\/tags?post=36559"},{"taxonomy":"drets","embeddable":true,"href":"https:\/\/www.sindicaturabarcelona.cat\/es\/wp-json\/wp\/v2\/drets?post=36559"}],"curies":[{"name":"wp","href":"https:\/\/api.w.org\/{rel}","templated":true}]}}