{"id":36005,"date":"2025-03-13T08:15:00","date_gmt":"2025-03-13T06:15:00","guid":{"rendered":"https:\/\/www.sindicaturabarcelona.cat\/?p=36005"},"modified":"2025-08-06T12:59:34","modified_gmt":"2025-08-06T10:59:34","slug":"el-sindic-de-greuges-de-barcelona-nou-president-de-lalianza-global-del-ombudsperson-local-agol","status":"publish","type":"post","link":"https:\/\/www.sindicaturabarcelona.cat\/es\/el-sindic-de-greuges-de-barcelona-nou-president-de-lalianza-global-del-ombudsperson-local-agol\/","title":{"rendered":"El S\u00edndic de Greuges de Barcelona, nuevo presidente de la Alianza Global del \u00d3mbudsperson Local (AGOL)"},"content":{"rendered":"\n<p>En un congreso que tiene lugar en Par\u00eds y Angers, <strong>los miembros de <a href=\"https:\/\/agol.es\/\" target=\"_blank\" rel=\"noreferrer noopener\">AGOL<\/a><\/strong> <strong>han votado por unanimidad la candidatura encabezada por<\/strong> <strong>David Bondia<\/strong>. Esta instituci\u00f3n re\u00fane a <strong>m\u00e1s de 100 \u00f3mbudspersons<\/strong> (figura asimilable al S\u00edndic de Greuges), mediadores y mediadoras y presidentes y presidentes de comisiones de Derechos Humanos <strong>de m\u00e1s de 10 pa\u00edses de todo el mundo.<\/strong><\/p>\n\n\n\n<p>Bondia sustituye en la presidencia a Ismael Rins, Secretario T\u00e9cnico de la <a href=\"https:\/\/portal-fio.org\/\" target=\"_blank\" rel=\"noreferrer noopener\">Federaci\u00f3n Iberoamericana del \u00d3mbudsperson<\/a>. El <strong>nuevo comit\u00e9 directivo de AGOL<\/strong> est\u00e1 formado tambi\u00e9n por <strong>Miguel \u00c1ngel Alzate<\/strong>, <a href=\"https:\/\/personeriadebarranquilla.gov.co\/\" target=\"_blank\" rel=\"noreferrer noopener\">Personero del Distrito de Barranquilla<\/a> (Colombia) y <strong>Martha Isabel Guti\u00e9rrez<\/strong>, <a href=\"https:\/\/www.jamundi.gov.co\/NuestraAlcaldia\/Paginas\/Personeria.aspx\" target=\"_blank\" rel=\"noreferrer noopener\">Personera Municipal de Jamund\u00ed<\/a> (Colombia), que ocupan las vicepresidencias; <strong>Claudia Bard<\/strong>, <a href=\"https:\/\/legislaturadelchubut.gob.ar\/institucional\/organismos-vinculados\/defensoria-del-pueblo\/\" target=\"_blank\" rel=\"noreferrer noopener\">Defensora del Pueblo de Chubut<\/a> (Argentina), que es su tesorera; y Susana M\u00e9ndez, presidenta de <a href=\"https:\/\/www.cedhnl.org.mx\/\" target=\"_blank\" rel=\"noreferrer noopener\">la Comisi\u00f3n Estatal de Derechos Humanos del Estado de Nuevo Le\u00f3n<\/a> (M\u00e9xico), en la secretar\u00eda. Sus objetivos son, entre otros, los siguientes:<\/p>\n\n\n\n<ul class=\"wp-block-list\">\n<li><strong>promover el derecho a la ciudad como eje central<\/strong>, aportando recursos a todas las defensor\u00edas para que faciliten que todo el mundo disfrute de entornos urbanos inclusivos, seguros y sostenibles.<\/li>\n\n\n\n<li><strong>defender los derechos humanos<\/strong> <strong>de proximidad<\/strong> para garantizar que las necesidades b\u00e1sicas de la ciudadan\u00eda est\u00e9n cubiertas, as\u00ed como el derecho a una vida digna de ser vivida<\/li>\n\n\n\n<li>potenciar la <strong>asociaci\u00f3n de nuevas defensor\u00edas<\/strong>, sobre todo en Europa. Tambi\u00e9n <strong>establecer alianzas<\/strong> con instituciones locales, regionales y globales, as\u00ed como con universidades y organizaciones especializadas<\/li>\n\n\n\n<li><strong>adaptar las estrategias de la entidad a desaf\u00edos primordiales a escala global<\/strong>, como el cambio clim\u00e1tico, la migraci\u00f3n y la digitalizaci\u00f3n, desde una perspectiva de derechos humanos<\/li>\n<\/ul>\n\n\n\n<h2 class=\"wp-block-heading\">La Sindicatura de Greuges de Barcelona, un referente internacional<\/h2>\n\n\n\n<p>El <strong><u><a href=\"https:\/\/agol.es\/invitacion-al-iv-congreso-de-agol-en-el-marco-del-iii-congreso-internacional-para-todas-las-mediaciones\/\">IV Congreso de AGOL<\/a><\/u><\/strong>, que se celebra conjuntamente con el <strong><u><a href=\"https:\/\/www.mediationscongress.org\/en\" target=\"_blank\" rel=\"noreferrer noopener\">III Congreso de <em>M\u00e9diateurs<\/em><\/a><\/u><\/strong>, re\u00fane a expertos y profesionales, con diversas ponencias entre este lunes, 10 de marzo, hasta ma\u00f1ana viernes, 14. <strong>El S\u00edndic de Greuges de Barcelona ha participado como orador en la mesa redonda \u201cLas mediaciones y los conflictos de uso del espacio p\u00fablico\u201d<\/strong>, sobre c\u00f3mo garantizar las actividades recreativas, la convivencia y la seguridad.&nbsp;<\/p>\n\n\n\n<p>En noviembre, <a href=\"https:\/\/www.sindicaturabarcelona.cat\/es\/las-sinergias-y-la-retroalimentacion-entre-defensorias-locales-de-todo-el-mundo-imprescindibles-para-defender-los-derechos-humanos-de-proximidad\/\" target=\"_blank\" rel=\"noreferrer noopener\">el hasta ahora presidente de AGOL, Ismael Rins, visit\u00f3 Barcelona<\/a> en el marco del acto <em>Alianzas para defender derechos humanos de proximidad<\/em>, en el que tambi\u00e9n particip\u00f3 la Sindicatura de la capital catalana. Tambi\u00e9n visitaron la ciudad varias defensor\u00edas de todo el mundo durante el 2024.<\/p>\n\n\n\n<p>Durante el mandato actual, la Sindicatura de Greuges de Barcelona ha visitado <a href=\"https:\/\/www.sindicaturabarcelona.cat\/es\/el-sindic-de-greuges-de-barcelona-david-bondia-ha-viatjat-a-luruguai-per-exposar-el-model-de-la-sindicatura-de-greuges-de-barcelona\/\" target=\"_blank\" rel=\"noreferrer noopener\">Uruguay<\/a>, <a href=\"https:\/\/www.sindicaturabarcelona.cat\/es\/el-sindic-participa-en-el-congreso-internacional-de-la-personeria-de-bogota-sobre-derechos-humanos-emergentes\/\" target=\"_blank\" rel=\"noreferrer noopener\">Colombia<\/a>, M\u00e9xico, El Salvador, Argentina, B\u00e9lgica e <a href=\"https:\/\/www.sindicaturabarcelona.cat\/es\/la-sindicatura-de-greuges-de-barcelona-participa-en-la-international-conference-of-ombudsman\/\" target=\"_blank\" rel=\"noreferrer noopener\">Italia<\/a>, donde el proyecto de la defensor\u00eda de la ciudad ha generado mucho inter\u00e9s. Adem\u00e1s de AGOL, la Sindicatura tambi\u00e9n participa en otra instituci\u00f3n global, el <a href=\"https:\/\/www.theioi.org\/es\/noticias\/noticias-de-actualidad\" target=\"_blank\" rel=\"noreferrer noopener\">International Ombudsman Institute<\/a>.<\/p>\n\n\n\n<p><\/p>\n","protected":false},"excerpt":{"rendered":"<p>En un congreso que tiene lugar en Par\u00eds y Angers, los miembros de AGOL han votado por unanimidad la candidatura encabezada por David Bondia. Esta instituci\u00f3n re\u00fane a m\u00e1s de [&hellip;]<\/p>\n","protected":false},"author":2,"featured_media":36015,"comment_status":"closed","ping_status":"closed","sticky":false,"template":"","format":"standard","meta":{"_acf_changed":false,"footnotes":""},"tags":[],"drets":[1475,1476,1575,1579,1578,1576,1580,1577,1581,1582,1583,1477,1591,1514,1592,1593,1594,1595,1596,1590,1586,1588,1587,1589,1584,1585,1648,1664,1669,1567,1571,1572,1570,1573,1568,1574,1569],"class_list":["post-36005","post","type-post","status-publish","format-standard","has-post-thumbnail","hentry","drets-ciudad-equitativa","drets-derecho-a-los-servicios-de-proteccion-social","drets-derecho-a-la-educacion-y-al-ocio","drets-derecho-a-la-salud","drets-derechos-culturales","drets-derecho-al-deporte","drets-derecho-al-trabajo","drets-derecho-a-la-vivienda","drets-derechos-de-acogida","drets-derecho-a-una-vida-libre-de-violencias","drets-ciudad-garantista","drets-ciudad-habitable-y-sostenible","drets-derecho-a-un-urbanismo-harmonioso","drets-derecho-a-una-convivencia-pacifica","drets-derecho-al-medio-ambiente","drets-derecho-a-la-movilidad","drets-derecho-al-espacio-publico","drets-derecho-a-la-accesibilidad-y-la-inclusividad","drets-derecho-al-descanso","drets-derecho-al-bienestar-animal","drets-derecho-a-una-buena-administracion","drets-derechos-digitales","drets-derechos-de-las-personas-consumidoras","drets-derechos-funerarios","drets-derecho-a-la-seguridad-ciudadana","drets-derecho-al-empadronamiento","drets-derecho-a-la-informacion","drets-dret-a-la-memoria-democratica-es","drets-derecho-a-la-integridad","drets-ciudad-diversa","drets-derechos-de-la-infancia-y-la-adolescencia","drets-derechos-de-la-juventud","drets-derechos-de-la-gente-mayor","drets-derechos-de-participacion","drets-derecho-a-la-igualdad-y-a-la-diversidad","drets-derechos-linguisticos","drets-derecho-a-los-cuidados"],"acf":[],"yoast_head":"<!-- This site is optimized with the Yoast SEO plugin v27.5 - https:\/\/yoast.com\/product\/yoast-seo-wordpress\/ -->\n<title>El S\u00edndic de Greuges de Barcelona, nuevo presidente de la Alianza Global del \u00d3mbudsperson Local (AGOL) - Sindicatura de Greuges de Barcelona<\/title>\n<meta name=\"description\" content=\"En un congreso en Francia, los miembros de la ONG AGOL han votado por unanimidad la candidatura encabezada por David Bondia.E\" \/>\n<meta name=\"robots\" content=\"index, follow, max-snippet:-1, max-image-preview:large, max-video-preview:-1\" \/>\n<link rel=\"canonical\" href=\"https:\/\/www.sindicaturabarcelona.cat\/es\/el-sindic-de-greuges-de-barcelona-nou-president-de-lalianza-global-del-ombudsperson-local-agol\/\" \/>\n<meta property=\"og:locale\" content=\"es_ES\" \/>\n<meta property=\"og:type\" content=\"article\" \/>\n<meta property=\"og:title\" content=\"El S\u00edndic de Greuges de Barcelona, nuevo presidente de la Alianza Global del \u00d3mbudsperson Local (AGOL) - Sindicatura de Greuges de Barcelona\" \/>\n<meta property=\"og:description\" content=\"En un congreso en Francia, los miembros de la ONG AGOL han votado por unanimidad la candidatura encabezada por David Bondia.E\" \/>\n<meta property=\"og:url\" content=\"https:\/\/www.sindicaturabarcelona.cat\/es\/el-sindic-de-greuges-de-barcelona-nou-president-de-lalianza-global-del-ombudsperson-local-agol\/\" \/>\n<meta property=\"og:site_name\" content=\"Sindicatura de Greuges de Barcelona\" \/>\n<meta property=\"article:published_time\" content=\"2025-03-13T06:15:00+00:00\" \/>\n<meta property=\"article:modified_time\" content=\"2025-08-06T10:59:34+00:00\" \/>\n<meta property=\"og:image\" content=\"https:\/\/www.sindicaturabarcelona.cat\/wp-content\/uploads\/FotoNotiAGOL-scaled.jpg\" \/>\n\t<meta property=\"og:image:width\" content=\"2560\" \/>\n\t<meta property=\"og:image:height\" content=\"1920\" \/>\n\t<meta property=\"og:image:type\" content=\"image\/jpeg\" \/>\n<meta name=\"author\" content=\"Pablo\" \/>\n<meta name=\"twitter:card\" content=\"summary_large_image\" \/>\n<meta name=\"twitter:creator\" content=\"@sindicbarcelona\" \/>\n<meta name=\"twitter:site\" content=\"@sindicbarcelona\" \/>\n<meta name=\"twitter:label1\" content=\"Escrito por\" \/>\n\t<meta name=\"twitter:data1\" content=\"Pablo\" \/>\n\t<meta name=\"twitter:label2\" content=\"Tiempo de lectura\" \/>\n\t<meta name=\"twitter:data2\" content=\"3 minutos\" \/>\n<script type=\"application\/ld+json\" class=\"yoast-schema-graph\">{\"@context\":\"https:\\\/\\\/schema.org\",\"@graph\":[{\"@type\":\"Article\",\"@id\":\"https:\\\/\\\/www.sindicaturabarcelona.cat\\\/es\\\/el-sindic-de-greuges-de-barcelona-nou-president-de-lalianza-global-del-ombudsperson-local-agol\\\/#article\",\"isPartOf\":{\"@id\":\"https:\\\/\\\/www.sindicaturabarcelona.cat\\\/es\\\/el-sindic-de-greuges-de-barcelona-nou-president-de-lalianza-global-del-ombudsperson-local-agol\\\/\"},\"author\":{\"name\":\"Pablo\",\"@id\":\"https:\\\/\\\/www.sindicaturabarcelona.cat\\\/es\\\/#\\\/schema\\\/person\\\/0e5acffc350ffdbc97578159322c9452\"},\"headline\":\"El S\u00edndic de Greuges de Barcelona, nuevo presidente de la Alianza Global del \u00d3mbudsperson Local (AGOL)\",\"datePublished\":\"2025-03-13T06:15:00+00:00\",\"dateModified\":\"2025-08-06T10:59:34+00:00\",\"mainEntityOfPage\":{\"@id\":\"https:\\\/\\\/www.sindicaturabarcelona.cat\\\/es\\\/el-sindic-de-greuges-de-barcelona-nou-president-de-lalianza-global-del-ombudsperson-local-agol\\\/\"},\"wordCount\":487,\"publisher\":{\"@id\":\"https:\\\/\\\/www.sindicaturabarcelona.cat\\\/es\\\/#organization\"},\"image\":{\"@id\":\"https:\\\/\\\/www.sindicaturabarcelona.cat\\\/es\\\/el-sindic-de-greuges-de-barcelona-nou-president-de-lalianza-global-del-ombudsperson-local-agol\\\/#primaryimage\"},\"thumbnailUrl\":\"https:\\\/\\\/www.sindicaturabarcelona.cat\\\/wp-content\\\/uploads\\\/FotoNotiAGOL-scaled.jpg\",\"inLanguage\":\"es\"},{\"@type\":\"WebPage\",\"@id\":\"https:\\\/\\\/www.sindicaturabarcelona.cat\\\/es\\\/el-sindic-de-greuges-de-barcelona-nou-president-de-lalianza-global-del-ombudsperson-local-agol\\\/\",\"url\":\"https:\\\/\\\/www.sindicaturabarcelona.cat\\\/es\\\/el-sindic-de-greuges-de-barcelona-nou-president-de-lalianza-global-del-ombudsperson-local-agol\\\/\",\"name\":\"El S\u00edndic de Greuges de Barcelona, nuevo presidente de la Alianza Global del \u00d3mbudsperson Local (AGOL) - Sindicatura de Greuges de Barcelona\",\"isPartOf\":{\"@id\":\"https:\\\/\\\/www.sindicaturabarcelona.cat\\\/es\\\/#website\"},\"primaryImageOfPage\":{\"@id\":\"https:\\\/\\\/www.sindicaturabarcelona.cat\\\/es\\\/el-sindic-de-greuges-de-barcelona-nou-president-de-lalianza-global-del-ombudsperson-local-agol\\\/#primaryimage\"},\"image\":{\"@id\":\"https:\\\/\\\/www.sindicaturabarcelona.cat\\\/es\\\/el-sindic-de-greuges-de-barcelona-nou-president-de-lalianza-global-del-ombudsperson-local-agol\\\/#primaryimage\"},\"thumbnailUrl\":\"https:\\\/\\\/www.sindicaturabarcelona.cat\\\/wp-content\\\/uploads\\\/FotoNotiAGOL-scaled.jpg\",\"datePublished\":\"2025-03-13T06:15:00+00:00\",\"dateModified\":\"2025-08-06T10:59:34+00:00\",\"description\":\"En un congreso en Francia, los miembros de la ONG AGOL han votado por unanimidad la candidatura encabezada por David Bondia.E\",\"breadcrumb\":{\"@id\":\"https:\\\/\\\/www.sindicaturabarcelona.cat\\\/es\\\/el-sindic-de-greuges-de-barcelona-nou-president-de-lalianza-global-del-ombudsperson-local-agol\\\/#breadcrumb\"},\"inLanguage\":\"es\",\"potentialAction\":[{\"@type\":\"ReadAction\",\"target\":[\"https:\\\/\\\/www.sindicaturabarcelona.cat\\\/es\\\/el-sindic-de-greuges-de-barcelona-nou-president-de-lalianza-global-del-ombudsperson-local-agol\\\/\"]}]},{\"@type\":\"ImageObject\",\"inLanguage\":\"es\",\"@id\":\"https:\\\/\\\/www.sindicaturabarcelona.cat\\\/es\\\/el-sindic-de-greuges-de-barcelona-nou-president-de-lalianza-global-del-ombudsperson-local-agol\\\/#primaryimage\",\"url\":\"https:\\\/\\\/www.sindicaturabarcelona.cat\\\/wp-content\\\/uploads\\\/FotoNotiAGOL-scaled.jpg\",\"contentUrl\":\"https:\\\/\\\/www.sindicaturabarcelona.cat\\\/wp-content\\\/uploads\\\/FotoNotiAGOL-scaled.jpg\",\"width\":2560,\"height\":1920},{\"@type\":\"BreadcrumbList\",\"@id\":\"https:\\\/\\\/www.sindicaturabarcelona.cat\\\/es\\\/el-sindic-de-greuges-de-barcelona-nou-president-de-lalianza-global-del-ombudsperson-local-agol\\\/#breadcrumb\",\"itemListElement\":[{\"@type\":\"ListItem\",\"position\":1,\"name\":\"Inici\",\"item\":\"https:\\\/\\\/www.sindicaturabarcelona.cat\\\/es\\\/\"},{\"@type\":\"ListItem\",\"position\":2,\"name\":\"El S\u00edndic de Greuges de Barcelona, nuevo presidente de la Alianza Global del \u00d3mbudsperson Local (AGOL)\"}]},{\"@type\":\"WebSite\",\"@id\":\"https:\\\/\\\/www.sindicaturabarcelona.cat\\\/es\\\/#website\",\"url\":\"https:\\\/\\\/www.sindicaturabarcelona.cat\\\/es\\\/\",\"name\":\"Sindicatura de Greuges de Barcelona\",\"description\":\"La defensoria dels teus drets\",\"publisher\":{\"@id\":\"https:\\\/\\\/www.sindicaturabarcelona.cat\\\/es\\\/#organization\"},\"potentialAction\":[{\"@type\":\"SearchAction\",\"target\":{\"@type\":\"EntryPoint\",\"urlTemplate\":\"https:\\\/\\\/www.sindicaturabarcelona.cat\\\/es\\\/?s={search_term_string}\"},\"query-input\":{\"@type\":\"PropertyValueSpecification\",\"valueRequired\":true,\"valueName\":\"search_term_string\"}}],\"inLanguage\":\"es\"},{\"@type\":\"Organization\",\"@id\":\"https:\\\/\\\/www.sindicaturabarcelona.cat\\\/es\\\/#organization\",\"name\":\"Sindicatura de Greuges de Barcelona\",\"url\":\"https:\\\/\\\/www.sindicaturabarcelona.cat\\\/es\\\/\",\"logo\":{\"@type\":\"ImageObject\",\"inLanguage\":\"es\",\"@id\":\"https:\\\/\\\/www.sindicaturabarcelona.cat\\\/es\\\/#\\\/schema\\\/logo\\\/image\\\/\",\"url\":\"https:\\\/\\\/www.sindicaturabarcelona.cat\\\/wp-content\\\/uploads\\\/2023\\\/02\\\/logo_sindicatura.svg\",\"contentUrl\":\"https:\\\/\\\/www.sindicaturabarcelona.cat\\\/wp-content\\\/uploads\\\/2023\\\/02\\\/logo_sindicatura.svg\",\"caption\":\"Sindicatura de Greuges de Barcelona\"},\"image\":{\"@id\":\"https:\\\/\\\/www.sindicaturabarcelona.cat\\\/es\\\/#\\\/schema\\\/logo\\\/image\\\/\"},\"sameAs\":[\"https:\\\/\\\/x.com\\\/sindicbarcelona\",\"https:\\\/\\\/www.instagram.com\\\/sindicbarcelona\\\/\",\"https:\\\/\\\/www.tiktok.com\\\/@sindicaturabcn\",\"https:\\\/\\\/t.me\\\/sindicaturabarcelona\"]},{\"@type\":\"Person\",\"@id\":\"https:\\\/\\\/www.sindicaturabarcelona.cat\\\/es\\\/#\\\/schema\\\/person\\\/0e5acffc350ffdbc97578159322c9452\",\"name\":\"Pablo\",\"image\":{\"@type\":\"ImageObject\",\"inLanguage\":\"es\",\"@id\":\"https:\\\/\\\/secure.gravatar.com\\\/avatar\\\/c948169b402ef9492afde705c3dfd5e90e1a6a84ef6840a91124f805a25a480f?s=96&d=mm&r=g\",\"url\":\"https:\\\/\\\/secure.gravatar.com\\\/avatar\\\/c948169b402ef9492afde705c3dfd5e90e1a6a84ef6840a91124f805a25a480f?s=96&d=mm&r=g\",\"contentUrl\":\"https:\\\/\\\/secure.gravatar.com\\\/avatar\\\/c948169b402ef9492afde705c3dfd5e90e1a6a84ef6840a91124f805a25a480f?s=96&d=mm&r=g\",\"caption\":\"Pablo\"},\"url\":\"https:\\\/\\\/www.sindicaturabarcelona.cat\\\/es\\\/author\\\/pablo\\\/\"}]}<\/script>\n<!-- \/ Yoast SEO plugin. -->","yoast_head_json":{"title":"El S\u00edndic de Greuges de Barcelona, nuevo presidente de la Alianza Global del \u00d3mbudsperson Local (AGOL) - Sindicatura de Greuges de Barcelona","description":"En un congreso en Francia, los miembros de la ONG AGOL han votado por unanimidad la candidatura encabezada por David Bondia.E","robots":{"index":"index","follow":"follow","max-snippet":"max-snippet:-1","max-image-preview":"max-image-preview:large","max-video-preview":"max-video-preview:-1"},"canonical":"https:\/\/www.sindicaturabarcelona.cat\/es\/el-sindic-de-greuges-de-barcelona-nou-president-de-lalianza-global-del-ombudsperson-local-agol\/","og_locale":"es_ES","og_type":"article","og_title":"El S\u00edndic de Greuges de Barcelona, nuevo presidente de la Alianza Global del \u00d3mbudsperson Local (AGOL) - Sindicatura de Greuges de Barcelona","og_description":"En un congreso en Francia, los miembros de la ONG AGOL han votado por unanimidad la candidatura encabezada por David Bondia.E","og_url":"https:\/\/www.sindicaturabarcelona.cat\/es\/el-sindic-de-greuges-de-barcelona-nou-president-de-lalianza-global-del-ombudsperson-local-agol\/","og_site_name":"Sindicatura de Greuges de Barcelona","article_published_time":"2025-03-13T06:15:00+00:00","article_modified_time":"2025-08-06T10:59:34+00:00","og_image":[{"width":2560,"height":1920,"url":"https:\/\/www.sindicaturabarcelona.cat\/wp-content\/uploads\/FotoNotiAGOL-scaled.jpg","type":"image\/jpeg"}],"author":"Pablo","twitter_card":"summary_large_image","twitter_creator":"@sindicbarcelona","twitter_site":"@sindicbarcelona","twitter_misc":{"Escrito por":"Pablo","Tiempo de lectura":"3 minutos"},"schema":{"@context":"https:\/\/schema.org","@graph":[{"@type":"Article","@id":"https:\/\/www.sindicaturabarcelona.cat\/es\/el-sindic-de-greuges-de-barcelona-nou-president-de-lalianza-global-del-ombudsperson-local-agol\/#article","isPartOf":{"@id":"https:\/\/www.sindicaturabarcelona.cat\/es\/el-sindic-de-greuges-de-barcelona-nou-president-de-lalianza-global-del-ombudsperson-local-agol\/"},"author":{"name":"Pablo","@id":"https:\/\/www.sindicaturabarcelona.cat\/es\/#\/schema\/person\/0e5acffc350ffdbc97578159322c9452"},"headline":"El S\u00edndic de Greuges de Barcelona, nuevo presidente de la Alianza Global del \u00d3mbudsperson Local (AGOL)","datePublished":"2025-03-13T06:15:00+00:00","dateModified":"2025-08-06T10:59:34+00:00","mainEntityOfPage":{"@id":"https:\/\/www.sindicaturabarcelona.cat\/es\/el-sindic-de-greuges-de-barcelona-nou-president-de-lalianza-global-del-ombudsperson-local-agol\/"},"wordCount":487,"publisher":{"@id":"https:\/\/www.sindicaturabarcelona.cat\/es\/#organization"},"image":{"@id":"https:\/\/www.sindicaturabarcelona.cat\/es\/el-sindic-de-greuges-de-barcelona-nou-president-de-lalianza-global-del-ombudsperson-local-agol\/#primaryimage"},"thumbnailUrl":"https:\/\/www.sindicaturabarcelona.cat\/wp-content\/uploads\/FotoNotiAGOL-scaled.jpg","inLanguage":"es"},{"@type":"WebPage","@id":"https:\/\/www.sindicaturabarcelona.cat\/es\/el-sindic-de-greuges-de-barcelona-nou-president-de-lalianza-global-del-ombudsperson-local-agol\/","url":"https:\/\/www.sindicaturabarcelona.cat\/es\/el-sindic-de-greuges-de-barcelona-nou-president-de-lalianza-global-del-ombudsperson-local-agol\/","name":"El S\u00edndic de Greuges de Barcelona, nuevo presidente de la Alianza Global del \u00d3mbudsperson Local (AGOL) - Sindicatura de Greuges de Barcelona","isPartOf":{"@id":"https:\/\/www.sindicaturabarcelona.cat\/es\/#website"},"primaryImageOfPage":{"@id":"https:\/\/www.sindicaturabarcelona.cat\/es\/el-sindic-de-greuges-de-barcelona-nou-president-de-lalianza-global-del-ombudsperson-local-agol\/#primaryimage"},"image":{"@id":"https:\/\/www.sindicaturabarcelona.cat\/es\/el-sindic-de-greuges-de-barcelona-nou-president-de-lalianza-global-del-ombudsperson-local-agol\/#primaryimage"},"thumbnailUrl":"https:\/\/www.sindicaturabarcelona.cat\/wp-content\/uploads\/FotoNotiAGOL-scaled.jpg","datePublished":"2025-03-13T06:15:00+00:00","dateModified":"2025-08-06T10:59:34+00:00","description":"En un congreso en Francia, los miembros de la ONG AGOL han votado por unanimidad la candidatura encabezada por David Bondia.E","breadcrumb":{"@id":"https:\/\/www.sindicaturabarcelona.cat\/es\/el-sindic-de-greuges-de-barcelona-nou-president-de-lalianza-global-del-ombudsperson-local-agol\/#breadcrumb"},"inLanguage":"es","potentialAction":[{"@type":"ReadAction","target":["https:\/\/www.sindicaturabarcelona.cat\/es\/el-sindic-de-greuges-de-barcelona-nou-president-de-lalianza-global-del-ombudsperson-local-agol\/"]}]},{"@type":"ImageObject","inLanguage":"es","@id":"https:\/\/www.sindicaturabarcelona.cat\/es\/el-sindic-de-greuges-de-barcelona-nou-president-de-lalianza-global-del-ombudsperson-local-agol\/#primaryimage","url":"https:\/\/www.sindicaturabarcelona.cat\/wp-content\/uploads\/FotoNotiAGOL-scaled.jpg","contentUrl":"https:\/\/www.sindicaturabarcelona.cat\/wp-content\/uploads\/FotoNotiAGOL-scaled.jpg","width":2560,"height":1920},{"@type":"BreadcrumbList","@id":"https:\/\/www.sindicaturabarcelona.cat\/es\/el-sindic-de-greuges-de-barcelona-nou-president-de-lalianza-global-del-ombudsperson-local-agol\/#breadcrumb","itemListElement":[{"@type":"ListItem","position":1,"name":"Inici","item":"https:\/\/www.sindicaturabarcelona.cat\/es\/"},{"@type":"ListItem","position":2,"name":"El S\u00edndic de Greuges de Barcelona, nuevo presidente de la Alianza Global del \u00d3mbudsperson Local (AGOL)"}]},{"@type":"WebSite","@id":"https:\/\/www.sindicaturabarcelona.cat\/es\/#website","url":"https:\/\/www.sindicaturabarcelona.cat\/es\/","name":"Sindicatura de Greuges de Barcelona","description":"La defensoria dels teus drets","publisher":{"@id":"https:\/\/www.sindicaturabarcelona.cat\/es\/#organization"},"potentialAction":[{"@type":"SearchAction","target":{"@type":"EntryPoint","urlTemplate":"https:\/\/www.sindicaturabarcelona.cat\/es\/?s={search_term_string}"},"query-input":{"@type":"PropertyValueSpecification","valueRequired":true,"valueName":"search_term_string"}}],"inLanguage":"es"},{"@type":"Organization","@id":"https:\/\/www.sindicaturabarcelona.cat\/es\/#organization","name":"Sindicatura de Greuges de Barcelona","url":"https:\/\/www.sindicaturabarcelona.cat\/es\/","logo":{"@type":"ImageObject","inLanguage":"es","@id":"https:\/\/www.sindicaturabarcelona.cat\/es\/#\/schema\/logo\/image\/","url":"https:\/\/www.sindicaturabarcelona.cat\/wp-content\/uploads\/2023\/02\/logo_sindicatura.svg","contentUrl":"https:\/\/www.sindicaturabarcelona.cat\/wp-content\/uploads\/2023\/02\/logo_sindicatura.svg","caption":"Sindicatura de Greuges de Barcelona"},"image":{"@id":"https:\/\/www.sindicaturabarcelona.cat\/es\/#\/schema\/logo\/image\/"},"sameAs":["https:\/\/x.com\/sindicbarcelona","https:\/\/www.instagram.com\/sindicbarcelona\/","https:\/\/www.tiktok.com\/@sindicaturabcn","https:\/\/t.me\/sindicaturabarcelona"]},{"@type":"Person","@id":"https:\/\/www.sindicaturabarcelona.cat\/es\/#\/schema\/person\/0e5acffc350ffdbc97578159322c9452","name":"Pablo","image":{"@type":"ImageObject","inLanguage":"es","@id":"https:\/\/secure.gravatar.com\/avatar\/c948169b402ef9492afde705c3dfd5e90e1a6a84ef6840a91124f805a25a480f?s=96&d=mm&r=g","url":"https:\/\/secure.gravatar.com\/avatar\/c948169b402ef9492afde705c3dfd5e90e1a6a84ef6840a91124f805a25a480f?s=96&d=mm&r=g","contentUrl":"https:\/\/secure.gravatar.com\/avatar\/c948169b402ef9492afde705c3dfd5e90e1a6a84ef6840a91124f805a25a480f?s=96&d=mm&r=g","caption":"Pablo"},"url":"https:\/\/www.sindicaturabarcelona.cat\/es\/author\/pablo\/"}]}},"_links":{"self":[{"href":"https:\/\/www.sindicaturabarcelona.cat\/es\/wp-json\/wp\/v2\/posts\/36005","targetHints":{"allow":["GET"]}}],"collection":[{"href":"https:\/\/www.sindicaturabarcelona.cat\/es\/wp-json\/wp\/v2\/posts"}],"about":[{"href":"https:\/\/www.sindicaturabarcelona.cat\/es\/wp-json\/wp\/v2\/types\/post"}],"author":[{"embeddable":true,"href":"https:\/\/www.sindicaturabarcelona.cat\/es\/wp-json\/wp\/v2\/users\/2"}],"replies":[{"embeddable":true,"href":"https:\/\/www.sindicaturabarcelona.cat\/es\/wp-json\/wp\/v2\/comments?post=36005"}],"version-history":[{"count":9,"href":"https:\/\/www.sindicaturabarcelona.cat\/es\/wp-json\/wp\/v2\/posts\/36005\/revisions"}],"predecessor-version":[{"id":38475,"href":"https:\/\/www.sindicaturabarcelona.cat\/es\/wp-json\/wp\/v2\/posts\/36005\/revisions\/38475"}],"wp:featuredmedia":[{"embeddable":true,"href":"https:\/\/www.sindicaturabarcelona.cat\/es\/wp-json\/wp\/v2\/media\/36015"}],"wp:attachment":[{"href":"https:\/\/www.sindicaturabarcelona.cat\/es\/wp-json\/wp\/v2\/media?parent=36005"}],"wp:term":[{"taxonomy":"post_tag","embeddable":true,"href":"https:\/\/www.sindicaturabarcelona.cat\/es\/wp-json\/wp\/v2\/tags?post=36005"},{"taxonomy":"drets","embeddable":true,"href":"https:\/\/www.sindicaturabarcelona.cat\/es\/wp-json\/wp\/v2\/drets?post=36005"}],"curies":[{"name":"wp","href":"https:\/\/api.w.org\/{rel}","templated":true}]}}