{"id":35252,"date":"2025-02-07T15:30:00","date_gmt":"2025-02-07T13:30:00","guid":{"rendered":"https:\/\/www.sindicaturabarcelona.cat\/lajuntament-i-la-fundacio-habitat3-compren-la-casa-orsola\/"},"modified":"2025-02-20T12:23:27","modified_gmt":"2025-02-20T10:23:27","slug":"lajuntament-i-la-fundacio-habitat3-compren-la-casa-orsola","status":"publish","type":"post","link":"https:\/\/www.sindicaturabarcelona.cat\/es\/lajuntament-i-la-fundacio-habitat3-compren-la-casa-orsola\/","title":{"rendered":"El Ayuntamiento y la Fundaci\u00f3n H\u00e0bitat3 compran la Casa Orsola"},"content":{"rendered":"\n<p>La adquisici\u00f3n conjunta permite<strong> detener los procesos de desahucio y reconvertir las viviendas libres en protegidas. <\/strong>Esta operaci\u00f3n ha sido posible gracias a <a href=\"https:\/\/www.sindicaturabarcelona.cat\/es\/la-sindicatura-de-greuges-de-barcelona-sofereix-com-a-mediadora-en-el-cas-de-la-casa-orsola\/\" target=\"_blank\" rel=\"noreferrer noopener\"><strong>la mediaci\u00f3n de la&nbsp;Sindicatura de Greuges de Barcelona<\/strong><\/a>&nbsp;para establecer un di\u00e1logo y llegar a un acuerdo satisfactorio entre las partes implicadas.<\/p>\n\n\n\n<p><strong><a href=\"https:\/\/www.habitat3.cat\/\" target=\"_blank\" rel=\"noreferrer noopener\">H\u00e0bitat3<\/a> asumir\u00e1 el 51 % de la finca<\/strong> y gestionar\u00e1, con criterios sociales, el alquiler asequible de los 26 pisos del edificio. El coste de la <strong>compra es de 9,2 M\u20ac, en torno a un 30 % menos que la media del precio del mercado<\/strong> actual en el barrio de la Nova Esquerra del Eixample.<\/p>\n\n\n\n<p>Se trata de una adquisici\u00f3n colaborativa y social promovida por&nbsp;H\u00e0bitat 3, en que <strong>el Ayuntamiento de Barcelona adquiere el 49 % y la entidad el 51 % restante de la finca<\/strong>. Esta f\u00f3rmula conjunta permite hacer la&nbsp;<strong>compra con una inversi\u00f3n municipal m\u00e1s reducida<\/strong>, y recuperar las viviendas para uso residencial con alquileres asequibles.<\/p>\n\n\n\n<p>La Casa Orsola, situada en el <a href=\"https:\/\/ajuntament.barcelona.cat\/eixample\/es\" target=\"_blank\" rel=\"noreferrer noopener\">Distrito del Eixample<\/a>, tiene 26 viviendas y 4 locales comerciales. Actualmente, en la finca hay 7 pisos con alquiler indefinido, 7 de temporada, 5 con contrato vigente, 5 en proceso judicial y 2 que est\u00e1n vac\u00edos. Una vez acaben los contratos de temporada,&nbsp;<strong>se podr\u00e1n destinar 9 pisos al parque de vivienda p\u00fablica de la ciudad.<\/strong><\/p>\n\n\n\n<p><\/p>\n\n\n\n<p><\/p>\n","protected":false},"excerpt":{"rendered":"<p>La adquisici\u00f3n conjunta permite detener los procesos de desahucio y reconvertir las viviendas libres en protegidas. Esta operaci\u00f3n ha sido posible gracias a la mediaci\u00f3n de la&nbsp;Sindicatura de Greuges de [&hellip;]<\/p>\n","protected":false},"author":2,"featured_media":35260,"comment_status":"closed","ping_status":"closed","sticky":false,"template":"","format":"standard","meta":{"_acf_changed":false,"footnotes":""},"tags":[],"drets":[1475,1577],"class_list":["post-35252","post","type-post","status-publish","format-standard","has-post-thumbnail","hentry","drets-ciudad-equitativa","drets-derecho-a-la-vivienda"],"acf":[],"yoast_head":"<!-- This site is optimized with the Yoast SEO plugin v27.5 - https:\/\/yoast.com\/product\/yoast-seo-wordpress\/ -->\n<title>El Ayuntamiento y la Fundaci\u00f3n H\u00e0bitat3 compran la Casa Orsola - Sindicatura de Greuges de Barcelona<\/title>\n<meta name=\"description\" content=\"La adquisici\u00f3n conjunta permite detener los procesos de desahucio y reconvertir las viviendas libres en protegidas.\" \/>\n<meta name=\"robots\" content=\"index, follow, max-snippet:-1, max-image-preview:large, max-video-preview:-1\" \/>\n<link rel=\"canonical\" href=\"https:\/\/www.sindicaturabarcelona.cat\/es\/lajuntament-i-la-fundacio-habitat3-compren-la-casa-orsola\/\" \/>\n<meta property=\"og:locale\" content=\"es_ES\" \/>\n<meta property=\"og:type\" content=\"article\" \/>\n<meta property=\"og:title\" content=\"El Ayuntamiento y la Fundaci\u00f3n H\u00e0bitat3 compran la Casa Orsola - Sindicatura de Greuges de Barcelona\" \/>\n<meta property=\"og:description\" content=\"La adquisici\u00f3n conjunta permite detener los procesos de desahucio y reconvertir las viviendas libres en protegidas.\" \/>\n<meta property=\"og:url\" content=\"https:\/\/www.sindicaturabarcelona.cat\/es\/lajuntament-i-la-fundacio-habitat3-compren-la-casa-orsola\/\" \/>\n<meta property=\"og:site_name\" content=\"Sindicatura de Greuges de Barcelona\" \/>\n<meta property=\"article:published_time\" content=\"2025-02-07T13:30:00+00:00\" \/>\n<meta property=\"article:modified_time\" content=\"2025-02-20T10:23:27+00:00\" \/>\n<meta property=\"og:image\" content=\"https:\/\/www.sindicaturabarcelona.cat\/wp-content\/uploads\/IMG_8655-scaled.jpg\" \/>\n\t<meta property=\"og:image:width\" content=\"2560\" \/>\n\t<meta property=\"og:image:height\" content=\"1710\" \/>\n\t<meta property=\"og:image:type\" content=\"image\/jpeg\" \/>\n<meta name=\"author\" content=\"Pablo\" \/>\n<meta name=\"twitter:card\" content=\"summary_large_image\" \/>\n<meta name=\"twitter:creator\" content=\"@sindicbarcelona\" \/>\n<meta name=\"twitter:site\" content=\"@sindicbarcelona\" \/>\n<meta name=\"twitter:label1\" content=\"Escrito por\" \/>\n\t<meta name=\"twitter:data1\" content=\"Pablo\" \/>\n\t<meta name=\"twitter:label2\" content=\"Tiempo de lectura\" \/>\n\t<meta name=\"twitter:data2\" content=\"2 minutos\" \/>\n<script type=\"application\/ld+json\" class=\"yoast-schema-graph\">{\"@context\":\"https:\\\/\\\/schema.org\",\"@graph\":[{\"@type\":\"Article\",\"@id\":\"https:\\\/\\\/www.sindicaturabarcelona.cat\\\/es\\\/lajuntament-i-la-fundacio-habitat3-compren-la-casa-orsola\\\/#article\",\"isPartOf\":{\"@id\":\"https:\\\/\\\/www.sindicaturabarcelona.cat\\\/es\\\/lajuntament-i-la-fundacio-habitat3-compren-la-casa-orsola\\\/\"},\"author\":{\"name\":\"Pablo\",\"@id\":\"https:\\\/\\\/www.sindicaturabarcelona.cat\\\/es\\\/#\\\/schema\\\/person\\\/0e5acffc350ffdbc97578159322c9452\"},\"headline\":\"El Ayuntamiento y la Fundaci\u00f3n H\u00e0bitat3 compran la Casa Orsola\",\"datePublished\":\"2025-02-07T13:30:00+00:00\",\"dateModified\":\"2025-02-20T10:23:27+00:00\",\"mainEntityOfPage\":{\"@id\":\"https:\\\/\\\/www.sindicaturabarcelona.cat\\\/es\\\/lajuntament-i-la-fundacio-habitat3-compren-la-casa-orsola\\\/\"},\"wordCount\":230,\"publisher\":{\"@id\":\"https:\\\/\\\/www.sindicaturabarcelona.cat\\\/es\\\/#organization\"},\"image\":{\"@id\":\"https:\\\/\\\/www.sindicaturabarcelona.cat\\\/es\\\/lajuntament-i-la-fundacio-habitat3-compren-la-casa-orsola\\\/#primaryimage\"},\"thumbnailUrl\":\"https:\\\/\\\/www.sindicaturabarcelona.cat\\\/wp-content\\\/uploads\\\/IMG_8655-scaled.jpg\",\"inLanguage\":\"es\"},{\"@type\":\"WebPage\",\"@id\":\"https:\\\/\\\/www.sindicaturabarcelona.cat\\\/es\\\/lajuntament-i-la-fundacio-habitat3-compren-la-casa-orsola\\\/\",\"url\":\"https:\\\/\\\/www.sindicaturabarcelona.cat\\\/es\\\/lajuntament-i-la-fundacio-habitat3-compren-la-casa-orsola\\\/\",\"name\":\"El Ayuntamiento y la Fundaci\u00f3n H\u00e0bitat3 compran la Casa Orsola - Sindicatura de Greuges de Barcelona\",\"isPartOf\":{\"@id\":\"https:\\\/\\\/www.sindicaturabarcelona.cat\\\/es\\\/#website\"},\"primaryImageOfPage\":{\"@id\":\"https:\\\/\\\/www.sindicaturabarcelona.cat\\\/es\\\/lajuntament-i-la-fundacio-habitat3-compren-la-casa-orsola\\\/#primaryimage\"},\"image\":{\"@id\":\"https:\\\/\\\/www.sindicaturabarcelona.cat\\\/es\\\/lajuntament-i-la-fundacio-habitat3-compren-la-casa-orsola\\\/#primaryimage\"},\"thumbnailUrl\":\"https:\\\/\\\/www.sindicaturabarcelona.cat\\\/wp-content\\\/uploads\\\/IMG_8655-scaled.jpg\",\"datePublished\":\"2025-02-07T13:30:00+00:00\",\"dateModified\":\"2025-02-20T10:23:27+00:00\",\"description\":\"La adquisici\u00f3n conjunta permite detener los procesos de desahucio y reconvertir las viviendas libres en protegidas.\",\"breadcrumb\":{\"@id\":\"https:\\\/\\\/www.sindicaturabarcelona.cat\\\/es\\\/lajuntament-i-la-fundacio-habitat3-compren-la-casa-orsola\\\/#breadcrumb\"},\"inLanguage\":\"es\",\"potentialAction\":[{\"@type\":\"ReadAction\",\"target\":[\"https:\\\/\\\/www.sindicaturabarcelona.cat\\\/es\\\/lajuntament-i-la-fundacio-habitat3-compren-la-casa-orsola\\\/\"]}]},{\"@type\":\"ImageObject\",\"inLanguage\":\"es\",\"@id\":\"https:\\\/\\\/www.sindicaturabarcelona.cat\\\/es\\\/lajuntament-i-la-fundacio-habitat3-compren-la-casa-orsola\\\/#primaryimage\",\"url\":\"https:\\\/\\\/www.sindicaturabarcelona.cat\\\/wp-content\\\/uploads\\\/IMG_8655-scaled.jpg\",\"contentUrl\":\"https:\\\/\\\/www.sindicaturabarcelona.cat\\\/wp-content\\\/uploads\\\/IMG_8655-scaled.jpg\",\"width\":2560,\"height\":1710},{\"@type\":\"BreadcrumbList\",\"@id\":\"https:\\\/\\\/www.sindicaturabarcelona.cat\\\/es\\\/lajuntament-i-la-fundacio-habitat3-compren-la-casa-orsola\\\/#breadcrumb\",\"itemListElement\":[{\"@type\":\"ListItem\",\"position\":1,\"name\":\"Inici\",\"item\":\"https:\\\/\\\/www.sindicaturabarcelona.cat\\\/es\\\/\"},{\"@type\":\"ListItem\",\"position\":2,\"name\":\"El Ayuntamiento y la Fundaci\u00f3n H\u00e0bitat3 compran la Casa Orsola\"}]},{\"@type\":\"WebSite\",\"@id\":\"https:\\\/\\\/www.sindicaturabarcelona.cat\\\/es\\\/#website\",\"url\":\"https:\\\/\\\/www.sindicaturabarcelona.cat\\\/es\\\/\",\"name\":\"Sindicatura de Greuges de Barcelona\",\"description\":\"La defensoria dels teus drets\",\"publisher\":{\"@id\":\"https:\\\/\\\/www.sindicaturabarcelona.cat\\\/es\\\/#organization\"},\"potentialAction\":[{\"@type\":\"SearchAction\",\"target\":{\"@type\":\"EntryPoint\",\"urlTemplate\":\"https:\\\/\\\/www.sindicaturabarcelona.cat\\\/es\\\/?s={search_term_string}\"},\"query-input\":{\"@type\":\"PropertyValueSpecification\",\"valueRequired\":true,\"valueName\":\"search_term_string\"}}],\"inLanguage\":\"es\"},{\"@type\":\"Organization\",\"@id\":\"https:\\\/\\\/www.sindicaturabarcelona.cat\\\/es\\\/#organization\",\"name\":\"Sindicatura de Greuges de Barcelona\",\"url\":\"https:\\\/\\\/www.sindicaturabarcelona.cat\\\/es\\\/\",\"logo\":{\"@type\":\"ImageObject\",\"inLanguage\":\"es\",\"@id\":\"https:\\\/\\\/www.sindicaturabarcelona.cat\\\/es\\\/#\\\/schema\\\/logo\\\/image\\\/\",\"url\":\"https:\\\/\\\/www.sindicaturabarcelona.cat\\\/wp-content\\\/uploads\\\/2023\\\/02\\\/logo_sindicatura.svg\",\"contentUrl\":\"https:\\\/\\\/www.sindicaturabarcelona.cat\\\/wp-content\\\/uploads\\\/2023\\\/02\\\/logo_sindicatura.svg\",\"caption\":\"Sindicatura de Greuges de Barcelona\"},\"image\":{\"@id\":\"https:\\\/\\\/www.sindicaturabarcelona.cat\\\/es\\\/#\\\/schema\\\/logo\\\/image\\\/\"},\"sameAs\":[\"https:\\\/\\\/x.com\\\/sindicbarcelona\",\"https:\\\/\\\/www.instagram.com\\\/sindicbarcelona\\\/\",\"https:\\\/\\\/www.tiktok.com\\\/@sindicaturabcn\",\"https:\\\/\\\/t.me\\\/sindicaturabarcelona\"]},{\"@type\":\"Person\",\"@id\":\"https:\\\/\\\/www.sindicaturabarcelona.cat\\\/es\\\/#\\\/schema\\\/person\\\/0e5acffc350ffdbc97578159322c9452\",\"name\":\"Pablo\",\"image\":{\"@type\":\"ImageObject\",\"inLanguage\":\"es\",\"@id\":\"https:\\\/\\\/secure.gravatar.com\\\/avatar\\\/c948169b402ef9492afde705c3dfd5e90e1a6a84ef6840a91124f805a25a480f?s=96&d=mm&r=g\",\"url\":\"https:\\\/\\\/secure.gravatar.com\\\/avatar\\\/c948169b402ef9492afde705c3dfd5e90e1a6a84ef6840a91124f805a25a480f?s=96&d=mm&r=g\",\"contentUrl\":\"https:\\\/\\\/secure.gravatar.com\\\/avatar\\\/c948169b402ef9492afde705c3dfd5e90e1a6a84ef6840a91124f805a25a480f?s=96&d=mm&r=g\",\"caption\":\"Pablo\"},\"url\":\"https:\\\/\\\/www.sindicaturabarcelona.cat\\\/es\\\/author\\\/pablo\\\/\"}]}<\/script>\n<!-- \/ Yoast SEO plugin. -->","yoast_head_json":{"title":"El Ayuntamiento y la Fundaci\u00f3n H\u00e0bitat3 compran la Casa Orsola - Sindicatura de Greuges de Barcelona","description":"La adquisici\u00f3n conjunta permite detener los procesos de desahucio y reconvertir las viviendas libres en protegidas.","robots":{"index":"index","follow":"follow","max-snippet":"max-snippet:-1","max-image-preview":"max-image-preview:large","max-video-preview":"max-video-preview:-1"},"canonical":"https:\/\/www.sindicaturabarcelona.cat\/es\/lajuntament-i-la-fundacio-habitat3-compren-la-casa-orsola\/","og_locale":"es_ES","og_type":"article","og_title":"El Ayuntamiento y la Fundaci\u00f3n H\u00e0bitat3 compran la Casa Orsola - Sindicatura de Greuges de Barcelona","og_description":"La adquisici\u00f3n conjunta permite detener los procesos de desahucio y reconvertir las viviendas libres en protegidas.","og_url":"https:\/\/www.sindicaturabarcelona.cat\/es\/lajuntament-i-la-fundacio-habitat3-compren-la-casa-orsola\/","og_site_name":"Sindicatura de Greuges de Barcelona","article_published_time":"2025-02-07T13:30:00+00:00","article_modified_time":"2025-02-20T10:23:27+00:00","og_image":[{"width":2560,"height":1710,"url":"https:\/\/www.sindicaturabarcelona.cat\/wp-content\/uploads\/IMG_8655-scaled.jpg","type":"image\/jpeg"}],"author":"Pablo","twitter_card":"summary_large_image","twitter_creator":"@sindicbarcelona","twitter_site":"@sindicbarcelona","twitter_misc":{"Escrito por":"Pablo","Tiempo de lectura":"2 minutos"},"schema":{"@context":"https:\/\/schema.org","@graph":[{"@type":"Article","@id":"https:\/\/www.sindicaturabarcelona.cat\/es\/lajuntament-i-la-fundacio-habitat3-compren-la-casa-orsola\/#article","isPartOf":{"@id":"https:\/\/www.sindicaturabarcelona.cat\/es\/lajuntament-i-la-fundacio-habitat3-compren-la-casa-orsola\/"},"author":{"name":"Pablo","@id":"https:\/\/www.sindicaturabarcelona.cat\/es\/#\/schema\/person\/0e5acffc350ffdbc97578159322c9452"},"headline":"El Ayuntamiento y la Fundaci\u00f3n H\u00e0bitat3 compran la Casa Orsola","datePublished":"2025-02-07T13:30:00+00:00","dateModified":"2025-02-20T10:23:27+00:00","mainEntityOfPage":{"@id":"https:\/\/www.sindicaturabarcelona.cat\/es\/lajuntament-i-la-fundacio-habitat3-compren-la-casa-orsola\/"},"wordCount":230,"publisher":{"@id":"https:\/\/www.sindicaturabarcelona.cat\/es\/#organization"},"image":{"@id":"https:\/\/www.sindicaturabarcelona.cat\/es\/lajuntament-i-la-fundacio-habitat3-compren-la-casa-orsola\/#primaryimage"},"thumbnailUrl":"https:\/\/www.sindicaturabarcelona.cat\/wp-content\/uploads\/IMG_8655-scaled.jpg","inLanguage":"es"},{"@type":"WebPage","@id":"https:\/\/www.sindicaturabarcelona.cat\/es\/lajuntament-i-la-fundacio-habitat3-compren-la-casa-orsola\/","url":"https:\/\/www.sindicaturabarcelona.cat\/es\/lajuntament-i-la-fundacio-habitat3-compren-la-casa-orsola\/","name":"El Ayuntamiento y la Fundaci\u00f3n H\u00e0bitat3 compran la Casa Orsola - Sindicatura de Greuges de Barcelona","isPartOf":{"@id":"https:\/\/www.sindicaturabarcelona.cat\/es\/#website"},"primaryImageOfPage":{"@id":"https:\/\/www.sindicaturabarcelona.cat\/es\/lajuntament-i-la-fundacio-habitat3-compren-la-casa-orsola\/#primaryimage"},"image":{"@id":"https:\/\/www.sindicaturabarcelona.cat\/es\/lajuntament-i-la-fundacio-habitat3-compren-la-casa-orsola\/#primaryimage"},"thumbnailUrl":"https:\/\/www.sindicaturabarcelona.cat\/wp-content\/uploads\/IMG_8655-scaled.jpg","datePublished":"2025-02-07T13:30:00+00:00","dateModified":"2025-02-20T10:23:27+00:00","description":"La adquisici\u00f3n conjunta permite detener los procesos de desahucio y reconvertir las viviendas libres en protegidas.","breadcrumb":{"@id":"https:\/\/www.sindicaturabarcelona.cat\/es\/lajuntament-i-la-fundacio-habitat3-compren-la-casa-orsola\/#breadcrumb"},"inLanguage":"es","potentialAction":[{"@type":"ReadAction","target":["https:\/\/www.sindicaturabarcelona.cat\/es\/lajuntament-i-la-fundacio-habitat3-compren-la-casa-orsola\/"]}]},{"@type":"ImageObject","inLanguage":"es","@id":"https:\/\/www.sindicaturabarcelona.cat\/es\/lajuntament-i-la-fundacio-habitat3-compren-la-casa-orsola\/#primaryimage","url":"https:\/\/www.sindicaturabarcelona.cat\/wp-content\/uploads\/IMG_8655-scaled.jpg","contentUrl":"https:\/\/www.sindicaturabarcelona.cat\/wp-content\/uploads\/IMG_8655-scaled.jpg","width":2560,"height":1710},{"@type":"BreadcrumbList","@id":"https:\/\/www.sindicaturabarcelona.cat\/es\/lajuntament-i-la-fundacio-habitat3-compren-la-casa-orsola\/#breadcrumb","itemListElement":[{"@type":"ListItem","position":1,"name":"Inici","item":"https:\/\/www.sindicaturabarcelona.cat\/es\/"},{"@type":"ListItem","position":2,"name":"El Ayuntamiento y la Fundaci\u00f3n H\u00e0bitat3 compran la Casa Orsola"}]},{"@type":"WebSite","@id":"https:\/\/www.sindicaturabarcelona.cat\/es\/#website","url":"https:\/\/www.sindicaturabarcelona.cat\/es\/","name":"Sindicatura de Greuges de Barcelona","description":"La defensoria dels teus drets","publisher":{"@id":"https:\/\/www.sindicaturabarcelona.cat\/es\/#organization"},"potentialAction":[{"@type":"SearchAction","target":{"@type":"EntryPoint","urlTemplate":"https:\/\/www.sindicaturabarcelona.cat\/es\/?s={search_term_string}"},"query-input":{"@type":"PropertyValueSpecification","valueRequired":true,"valueName":"search_term_string"}}],"inLanguage":"es"},{"@type":"Organization","@id":"https:\/\/www.sindicaturabarcelona.cat\/es\/#organization","name":"Sindicatura de Greuges de Barcelona","url":"https:\/\/www.sindicaturabarcelona.cat\/es\/","logo":{"@type":"ImageObject","inLanguage":"es","@id":"https:\/\/www.sindicaturabarcelona.cat\/es\/#\/schema\/logo\/image\/","url":"https:\/\/www.sindicaturabarcelona.cat\/wp-content\/uploads\/2023\/02\/logo_sindicatura.svg","contentUrl":"https:\/\/www.sindicaturabarcelona.cat\/wp-content\/uploads\/2023\/02\/logo_sindicatura.svg","caption":"Sindicatura de Greuges de Barcelona"},"image":{"@id":"https:\/\/www.sindicaturabarcelona.cat\/es\/#\/schema\/logo\/image\/"},"sameAs":["https:\/\/x.com\/sindicbarcelona","https:\/\/www.instagram.com\/sindicbarcelona\/","https:\/\/www.tiktok.com\/@sindicaturabcn","https:\/\/t.me\/sindicaturabarcelona"]},{"@type":"Person","@id":"https:\/\/www.sindicaturabarcelona.cat\/es\/#\/schema\/person\/0e5acffc350ffdbc97578159322c9452","name":"Pablo","image":{"@type":"ImageObject","inLanguage":"es","@id":"https:\/\/secure.gravatar.com\/avatar\/c948169b402ef9492afde705c3dfd5e90e1a6a84ef6840a91124f805a25a480f?s=96&d=mm&r=g","url":"https:\/\/secure.gravatar.com\/avatar\/c948169b402ef9492afde705c3dfd5e90e1a6a84ef6840a91124f805a25a480f?s=96&d=mm&r=g","contentUrl":"https:\/\/secure.gravatar.com\/avatar\/c948169b402ef9492afde705c3dfd5e90e1a6a84ef6840a91124f805a25a480f?s=96&d=mm&r=g","caption":"Pablo"},"url":"https:\/\/www.sindicaturabarcelona.cat\/es\/author\/pablo\/"}]}},"_links":{"self":[{"href":"https:\/\/www.sindicaturabarcelona.cat\/es\/wp-json\/wp\/v2\/posts\/35252","targetHints":{"allow":["GET"]}}],"collection":[{"href":"https:\/\/www.sindicaturabarcelona.cat\/es\/wp-json\/wp\/v2\/posts"}],"about":[{"href":"https:\/\/www.sindicaturabarcelona.cat\/es\/wp-json\/wp\/v2\/types\/post"}],"author":[{"embeddable":true,"href":"https:\/\/www.sindicaturabarcelona.cat\/es\/wp-json\/wp\/v2\/users\/2"}],"replies":[{"embeddable":true,"href":"https:\/\/www.sindicaturabarcelona.cat\/es\/wp-json\/wp\/v2\/comments?post=35252"}],"version-history":[{"count":2,"href":"https:\/\/www.sindicaturabarcelona.cat\/es\/wp-json\/wp\/v2\/posts\/35252\/revisions"}],"predecessor-version":[{"id":35436,"href":"https:\/\/www.sindicaturabarcelona.cat\/es\/wp-json\/wp\/v2\/posts\/35252\/revisions\/35436"}],"wp:featuredmedia":[{"embeddable":true,"href":"https:\/\/www.sindicaturabarcelona.cat\/es\/wp-json\/wp\/v2\/media\/35260"}],"wp:attachment":[{"href":"https:\/\/www.sindicaturabarcelona.cat\/es\/wp-json\/wp\/v2\/media?parent=35252"}],"wp:term":[{"taxonomy":"post_tag","embeddable":true,"href":"https:\/\/www.sindicaturabarcelona.cat\/es\/wp-json\/wp\/v2\/tags?post=35252"},{"taxonomy":"drets","embeddable":true,"href":"https:\/\/www.sindicaturabarcelona.cat\/es\/wp-json\/wp\/v2\/drets?post=35252"}],"curies":[{"name":"wp","href":"https:\/\/api.w.org\/{rel}","templated":true}]}}