{"id":35197,"date":"2025-02-10T08:00:00","date_gmt":"2025-02-10T06:00:00","guid":{"rendered":"https:\/\/www.sindicaturabarcelona.cat\/?p=35197"},"modified":"2025-02-11T10:05:26","modified_gmt":"2025-02-11T08:05:26","slug":"la-sindicatura-de-greuges-de-barcelona-demana-que-es-minimitzi-limpacte-negatiu-que-generen-els-canvis-de-professionals-al-servei-datencio-domiciliaria","status":"publish","type":"post","link":"https:\/\/www.sindicaturabarcelona.cat\/es\/la-sindicatura-de-greuges-de-barcelona-demana-que-es-minimitzi-limpacte-negatiu-que-generen-els-canvis-de-professionals-al-servei-datencio-domiciliaria\/","title":{"rendered":"La Sindicatura de Greuges de Barcelona pide que se minimice el impacto negativo que generan los cambios de profesionales en el Servicio de Atenci\u00f3n Domiciliaria"},"content":{"rendered":"\n<p>Desde la defensor\u00eda de la ciudad <strong>se ampara el nuevo modelo del <\/strong><a href=\"https:\/\/ajuntament.barcelona.cat\/personesgrans\/es\/atencion-domiciliaria\" target=\"_blank\" rel=\"noreferrer noopener\"><strong>SAD de proximidad<\/strong><\/a> (\u201csuperislas sociales\u201d), con diferentes profesionales que conocen los casos y se organizan para atenderles de forma personalizada y continuada. Esto debe permitir mejorar la atenci\u00f3n a las personas, &nbsp;y optimizar los recursos, favoreciendo la coordinaci\u00f3n y potenciando el trabajo con la comunidad. Ahora bien, <strong>tambi\u00e9n se considera que es necesario incidir y mejorar la forma en que se produce el cambio de profesional de atenci\u00f3n directa<\/strong> en la transici\u00f3n del modelo anterior de SAD al nuevo de proximidad.<\/p>\n\n\n\n<p>En el proceso de cambio de modelo, las personas atendidas son informadas de que se les cambia la persona profesional de atenci\u00f3n directa por el nuevo equipo. Est\u00e1 previsto que pueda haber <strong>situaciones excluidas en estos cambios de profesional<\/strong>.<\/p>\n\n\n\n<p>La Sindicatura <a href=\"http:\/\/www.sindicaturabarcelona.cat\/wp-content\/uploads\/202502_Dret-a-les-Cures-Nou-Servei-Atencio-Domiciliaria.pdf\" target=\"_blank\" rel=\"noreferrer noopener\">comenz\u00f3 una <strong>actuaci\u00f3n de oficio<\/strong><\/a> a ra\u00edz de varios casos en los que personas usuarias y sus familias hab\u00edan manifestado el <strong>malestar por los cambios de profesional aplicados con la incorporaci\u00f3n al SAD de proximidad<\/strong>. Estos cambios pod\u00edan generar a las personas usuarias en situaciones de fragilidad, desorientaci\u00f3n e inseguridad, as\u00ed como un trasiego en el entorno familiar cuidador, en el proceso de adaptaci\u00f3n.<\/p>\n\n\n\n<p>En algunos casos, como <a href=\"https:\/\/www.sindicaturabarcelona.cat\/wp-content\/uploads\/202405_Dret-cures_disconformitat-pels-canvis-en-el-SAD-que-rep-el-seu-fill.pdf\" target=\"_blank\" rel=\"noreferrer noopener\">el de una persona con autismo severo y un 82% de discapacidad reconocida<\/a>, el cambio de las personas cuidadoras se hab\u00eda realizado de forma unilateral y sin tener suficientemente en cuenta la situaci\u00f3n y las posibles consecuencias, seg\u00fan constaba en la queja.<\/p>\n\n\n\n<h2 class=\"wp-block-heading\"><strong>Impacto de los cambios de profesionales<\/strong><\/h2>\n\n\n\n<p>Para muchas personas usuarias del SAD, el y la profesional de atenci\u00f3n directa no s\u00f3lo realiza tareas asistenciales, sino que tambi\u00e9n se convierte en una figura de confianza y de apoyo emocional, clave para su cotidianidad. Por tanto, <strong>los cambios repentinos pueden afectar a su calidad de vida, con modificaciones de sus rutinas y alteraciones de su estado emocional o desorientaci\u00f3n<\/strong>, especialmente para las personas con situaciones de mayor fragilidad. Es fundamental que se minimice el impacto negativo del cambio de profesional del SAD:<\/p>\n\n\n\n<ul class=\"wp-block-list\">\n<li>Manteniendo al mismo profesional en casos predeterminados.<\/li>\n\n\n\n<li>En los casos en que no se pueda mantener y puedan intervenir criterios de excepcionalidad, deber\u00eda implementarse una transici\u00f3n m\u00e1s progresiva.<\/li>\n<\/ul>\n\n\n\n<h2 class=\"wp-block-heading\"><strong>Criterios poco claros en la aplicaci\u00f3n de las exclusiones<\/strong><\/h2>\n\n\n\n<p>En el nuevo modelo, las personas profesionales referentes de los centros de servicios sociales son las encargadas de valorar cu\u00e1les son los casos que deben excluirse de los cambios de profesional de atenci\u00f3n directa. Inicialmente se hab\u00eda previsto que habr\u00eda unas <strong>instrucciones internas que fijaran los criterios<\/strong>, pero se han llevado a cabo cambios sin que existieran estas instrucciones (en los que el Ayuntamiento est\u00e1 trabajando). Una parte de estas valoraciones profesionales corresponden al \u00e1mbito t\u00e9cnico, pero es necesario que <strong>se disponga de unos criterios previos que posibiliten un trato equitativo y justo para la ciudadan\u00eda<\/strong>.<\/p>\n\n\n\n<h2 class=\"wp-block-heading\"><strong>Transparencia i derecho a la informaci\u00f3n<\/strong><\/h2>\n\n\n\n<p>No se ha garantizado de forma suficiente <a href=\"https:\/\/ajuntament.barcelona.cat\/transparencia\/es\" target=\"_blank\" rel=\"noreferrer noopener\">este derecho<\/a>, lo que puede dejar a las personas usuarias en situaci\u00f3n de indefensi\u00f3n ante una actuaci\u00f3n con la que pueden estar en desacuerdo, ya que desconocen los criterios existentes, si se han aplicado de forma correcta, o d\u00f3nde pueden acudir para proporcionar nuevas informaciones. <strong>Si se ampl\u00eda el nuevo modelo a otros territorios,<\/strong> <strong>la comunicaci\u00f3n de los cambios debe ofrecer m\u00e1s garant\u00edas<\/strong>, y se deben buscar f\u00f3rmulas que pongan de manifiesto el compromiso municipal con la transparencia. Se deber\u00edan publicar los criterios generales a tener en cuenta, y que la concreci\u00f3n de cada caso pueda facilitarse a los usuarios de forma espec\u00edfica, si no est\u00e1n de acuerdo con la valoraci\u00f3n profesional.<\/p>\n\n\n\n<h2 class=\"wp-block-heading\"><strong>Posibilidades de manifestar el desacuerdo <\/strong><\/h2>\n\n\n\n<p>En las comunicaciones que se realizaron indicando los cambios de profesional, deber\u00eda haberse indicado de manera expl\u00edcita a las personas usuarias d\u00f3nde dirigirse y c\u00f3mo proceder en caso de desacuerdo. Adem\u00e1s, es necesario velar por que <strong>las respuestas a las reclamaciones o quejas no se realicen de forma estandarizada<\/strong>, sino con la voluntad de <strong>dar una respuesta justificada a las inquietudes de las personas que las promuevan<\/strong>. Tambi\u00e9n proponemos que se exploren posibilidades de <strong>participaci\u00f3n ciudadana<\/strong> <strong>y formas de coproducci\u00f3n de los servicios sociales<\/strong>, e implicar a las personas usuarias como agentes activos en la definici\u00f3n y mejora de los servicios que reciben.<\/p>\n\n\n\n<h2 class=\"wp-block-heading\"><strong>Un servicio que debe mejorar en eficacia<\/strong><\/h2>\n\n\n\n<p>Es por todo ello que desde la Sindicatura de Greuges de Barcelona concluimos que en <strong>el modelo del SAD de proximidad y en la transici\u00f3n<\/strong> hacia el nuevo servicio la actuaci\u00f3n municipal, a trav\u00e9s de la <a href=\"https:\/\/ajuntament.barcelona.cat\/sanitatisalut\/es\" target=\"_blank\" rel=\"noreferrer noopener\">Concejal\u00eda de Salud, Personas con Discapacidad y Estrategia contra la Soledad<\/a>, <strong>debe mejorar en eficacia en cuanto a las garant\u00edas de los derechos de las personas usuarias m\u00e1s vulnerables, y tener en cuenta cada situaci\u00f3n de forma integral.<\/strong><\/p>\n","protected":false},"excerpt":{"rendered":"<p>Desde la defensor\u00eda de la ciudad se ampara el nuevo modelo del SAD de proximidad (\u201csuperislas sociales\u201d), con diferentes profesionales que conocen los casos y se organizan para atenderles de [&hellip;]<\/p>\n","protected":false},"author":2,"featured_media":35123,"comment_status":"closed","ping_status":"closed","sticky":false,"template":"","format":"standard","meta":{"_acf_changed":false,"footnotes":""},"tags":[],"drets":[1567,1569],"class_list":["post-35197","post","type-post","status-publish","format-standard","has-post-thumbnail","hentry","drets-ciudad-diversa","drets-derecho-a-los-cuidados"],"acf":[],"yoast_head":"<!-- This site is optimized with the Yoast SEO plugin v27.5 - https:\/\/yoast.com\/product\/yoast-seo-wordpress\/ -->\n<title>La Sindicatura de Greuges de Barcelona pide que se minimice el impacto negativo que generan los cambios de profesionales en el Servicio de Atenci\u00f3n Domiciliaria - Sindicatura de Greuges de Barcelona<\/title>\n<meta name=\"description\" content=\"S\u2019empara el nou model del SAD de proximitat, per\u00f2 es considera que cal millorar la manera com es produeix el canvi de professionals.\" \/>\n<meta name=\"robots\" content=\"index, follow, max-snippet:-1, max-image-preview:large, max-video-preview:-1\" \/>\n<link rel=\"canonical\" href=\"https:\/\/www.sindicaturabarcelona.cat\/es\/la-sindicatura-de-greuges-de-barcelona-demana-que-es-minimitzi-limpacte-negatiu-que-generen-els-canvis-de-professionals-al-servei-datencio-domiciliaria\/\" \/>\n<meta property=\"og:locale\" content=\"es_ES\" \/>\n<meta property=\"og:type\" content=\"article\" \/>\n<meta property=\"og:title\" content=\"La Sindicatura de Greuges de Barcelona pide que se minimice el impacto negativo que generan los cambios de profesionales en el Servicio de Atenci\u00f3n Domiciliaria - Sindicatura de Greuges de Barcelona\" \/>\n<meta property=\"og:description\" content=\"S\u2019empara el nou model del SAD de proximitat, per\u00f2 es considera que cal millorar la manera com es produeix el canvi de professionals.\" \/>\n<meta property=\"og:url\" content=\"https:\/\/www.sindicaturabarcelona.cat\/es\/la-sindicatura-de-greuges-de-barcelona-demana-que-es-minimitzi-limpacte-negatiu-que-generen-els-canvis-de-professionals-al-servei-datencio-domiciliaria\/\" \/>\n<meta property=\"og:site_name\" content=\"Sindicatura de Greuges de Barcelona\" \/>\n<meta property=\"article:published_time\" content=\"2025-02-10T06:00:00+00:00\" \/>\n<meta property=\"article:modified_time\" content=\"2025-02-11T08:05:26+00:00\" \/>\n<meta property=\"og:image\" content=\"https:\/\/www.sindicaturabarcelona.cat\/wp-content\/uploads\/una-cuidadora-acompanya-una-dona-gran.jpg\" \/>\n\t<meta property=\"og:image:width\" content=\"2000\" \/>\n\t<meta property=\"og:image:height\" content=\"1336\" \/>\n\t<meta property=\"og:image:type\" content=\"image\/jpeg\" \/>\n<meta name=\"author\" content=\"Pablo\" \/>\n<meta name=\"twitter:card\" content=\"summary_large_image\" \/>\n<meta name=\"twitter:creator\" content=\"@sindicbarcelona\" \/>\n<meta name=\"twitter:site\" content=\"@sindicbarcelona\" \/>\n<meta name=\"twitter:label1\" content=\"Escrito por\" \/>\n\t<meta name=\"twitter:data1\" content=\"Pablo\" \/>\n\t<meta name=\"twitter:label2\" content=\"Tiempo de lectura\" \/>\n\t<meta name=\"twitter:data2\" content=\"5 minutos\" \/>\n<script type=\"application\/ld+json\" class=\"yoast-schema-graph\">{\"@context\":\"https:\\\/\\\/schema.org\",\"@graph\":[{\"@type\":\"Article\",\"@id\":\"https:\\\/\\\/www.sindicaturabarcelona.cat\\\/es\\\/la-sindicatura-de-greuges-de-barcelona-demana-que-es-minimitzi-limpacte-negatiu-que-generen-els-canvis-de-professionals-al-servei-datencio-domiciliaria\\\/#article\",\"isPartOf\":{\"@id\":\"https:\\\/\\\/www.sindicaturabarcelona.cat\\\/es\\\/la-sindicatura-de-greuges-de-barcelona-demana-que-es-minimitzi-limpacte-negatiu-que-generen-els-canvis-de-professionals-al-servei-datencio-domiciliaria\\\/\"},\"author\":{\"name\":\"Pablo\",\"@id\":\"https:\\\/\\\/www.sindicaturabarcelona.cat\\\/es\\\/#\\\/schema\\\/person\\\/0e5acffc350ffdbc97578159322c9452\"},\"headline\":\"La Sindicatura de Greuges de Barcelona pide que se minimice el impacto negativo que generan los cambios de profesionales en el Servicio de Atenci\u00f3n Domiciliaria\",\"datePublished\":\"2025-02-10T06:00:00+00:00\",\"dateModified\":\"2025-02-11T08:05:26+00:00\",\"mainEntityOfPage\":{\"@id\":\"https:\\\/\\\/www.sindicaturabarcelona.cat\\\/es\\\/la-sindicatura-de-greuges-de-barcelona-demana-que-es-minimitzi-limpacte-negatiu-que-generen-els-canvis-de-professionals-al-servei-datencio-domiciliaria\\\/\"},\"wordCount\":869,\"publisher\":{\"@id\":\"https:\\\/\\\/www.sindicaturabarcelona.cat\\\/es\\\/#organization\"},\"image\":{\"@id\":\"https:\\\/\\\/www.sindicaturabarcelona.cat\\\/es\\\/la-sindicatura-de-greuges-de-barcelona-demana-que-es-minimitzi-limpacte-negatiu-que-generen-els-canvis-de-professionals-al-servei-datencio-domiciliaria\\\/#primaryimage\"},\"thumbnailUrl\":\"https:\\\/\\\/www.sindicaturabarcelona.cat\\\/wp-content\\\/uploads\\\/una-cuidadora-acompanya-una-dona-gran.jpg\",\"inLanguage\":\"es\"},{\"@type\":\"WebPage\",\"@id\":\"https:\\\/\\\/www.sindicaturabarcelona.cat\\\/es\\\/la-sindicatura-de-greuges-de-barcelona-demana-que-es-minimitzi-limpacte-negatiu-que-generen-els-canvis-de-professionals-al-servei-datencio-domiciliaria\\\/\",\"url\":\"https:\\\/\\\/www.sindicaturabarcelona.cat\\\/es\\\/la-sindicatura-de-greuges-de-barcelona-demana-que-es-minimitzi-limpacte-negatiu-que-generen-els-canvis-de-professionals-al-servei-datencio-domiciliaria\\\/\",\"name\":\"La Sindicatura de Greuges de Barcelona pide que se minimice el impacto negativo que generan los cambios de profesionales en el Servicio de Atenci\u00f3n Domiciliaria - Sindicatura de Greuges de Barcelona\",\"isPartOf\":{\"@id\":\"https:\\\/\\\/www.sindicaturabarcelona.cat\\\/es\\\/#website\"},\"primaryImageOfPage\":{\"@id\":\"https:\\\/\\\/www.sindicaturabarcelona.cat\\\/es\\\/la-sindicatura-de-greuges-de-barcelona-demana-que-es-minimitzi-limpacte-negatiu-que-generen-els-canvis-de-professionals-al-servei-datencio-domiciliaria\\\/#primaryimage\"},\"image\":{\"@id\":\"https:\\\/\\\/www.sindicaturabarcelona.cat\\\/es\\\/la-sindicatura-de-greuges-de-barcelona-demana-que-es-minimitzi-limpacte-negatiu-que-generen-els-canvis-de-professionals-al-servei-datencio-domiciliaria\\\/#primaryimage\"},\"thumbnailUrl\":\"https:\\\/\\\/www.sindicaturabarcelona.cat\\\/wp-content\\\/uploads\\\/una-cuidadora-acompanya-una-dona-gran.jpg\",\"datePublished\":\"2025-02-10T06:00:00+00:00\",\"dateModified\":\"2025-02-11T08:05:26+00:00\",\"description\":\"S\u2019empara el nou model del SAD de proximitat, per\u00f2 es considera que cal millorar la manera com es produeix el canvi de professionals.\",\"breadcrumb\":{\"@id\":\"https:\\\/\\\/www.sindicaturabarcelona.cat\\\/es\\\/la-sindicatura-de-greuges-de-barcelona-demana-que-es-minimitzi-limpacte-negatiu-que-generen-els-canvis-de-professionals-al-servei-datencio-domiciliaria\\\/#breadcrumb\"},\"inLanguage\":\"es\",\"potentialAction\":[{\"@type\":\"ReadAction\",\"target\":[\"https:\\\/\\\/www.sindicaturabarcelona.cat\\\/es\\\/la-sindicatura-de-greuges-de-barcelona-demana-que-es-minimitzi-limpacte-negatiu-que-generen-els-canvis-de-professionals-al-servei-datencio-domiciliaria\\\/\"]}]},{\"@type\":\"ImageObject\",\"inLanguage\":\"es\",\"@id\":\"https:\\\/\\\/www.sindicaturabarcelona.cat\\\/es\\\/la-sindicatura-de-greuges-de-barcelona-demana-que-es-minimitzi-limpacte-negatiu-que-generen-els-canvis-de-professionals-al-servei-datencio-domiciliaria\\\/#primaryimage\",\"url\":\"https:\\\/\\\/www.sindicaturabarcelona.cat\\\/wp-content\\\/uploads\\\/una-cuidadora-acompanya-una-dona-gran.jpg\",\"contentUrl\":\"https:\\\/\\\/www.sindicaturabarcelona.cat\\\/wp-content\\\/uploads\\\/una-cuidadora-acompanya-una-dona-gran.jpg\",\"width\":2000,\"height\":1336},{\"@type\":\"BreadcrumbList\",\"@id\":\"https:\\\/\\\/www.sindicaturabarcelona.cat\\\/es\\\/la-sindicatura-de-greuges-de-barcelona-demana-que-es-minimitzi-limpacte-negatiu-que-generen-els-canvis-de-professionals-al-servei-datencio-domiciliaria\\\/#breadcrumb\",\"itemListElement\":[{\"@type\":\"ListItem\",\"position\":1,\"name\":\"Inici\",\"item\":\"https:\\\/\\\/www.sindicaturabarcelona.cat\\\/es\\\/\"},{\"@type\":\"ListItem\",\"position\":2,\"name\":\"La Sindicatura de Greuges de Barcelona pide que se minimice el impacto negativo que generan los cambios de profesionales en el Servicio de Atenci\u00f3n Domiciliaria\"}]},{\"@type\":\"WebSite\",\"@id\":\"https:\\\/\\\/www.sindicaturabarcelona.cat\\\/es\\\/#website\",\"url\":\"https:\\\/\\\/www.sindicaturabarcelona.cat\\\/es\\\/\",\"name\":\"Sindicatura de Greuges de Barcelona\",\"description\":\"La defensoria dels teus drets\",\"publisher\":{\"@id\":\"https:\\\/\\\/www.sindicaturabarcelona.cat\\\/es\\\/#organization\"},\"potentialAction\":[{\"@type\":\"SearchAction\",\"target\":{\"@type\":\"EntryPoint\",\"urlTemplate\":\"https:\\\/\\\/www.sindicaturabarcelona.cat\\\/es\\\/?s={search_term_string}\"},\"query-input\":{\"@type\":\"PropertyValueSpecification\",\"valueRequired\":true,\"valueName\":\"search_term_string\"}}],\"inLanguage\":\"es\"},{\"@type\":\"Organization\",\"@id\":\"https:\\\/\\\/www.sindicaturabarcelona.cat\\\/es\\\/#organization\",\"name\":\"Sindicatura de Greuges de Barcelona\",\"url\":\"https:\\\/\\\/www.sindicaturabarcelona.cat\\\/es\\\/\",\"logo\":{\"@type\":\"ImageObject\",\"inLanguage\":\"es\",\"@id\":\"https:\\\/\\\/www.sindicaturabarcelona.cat\\\/es\\\/#\\\/schema\\\/logo\\\/image\\\/\",\"url\":\"https:\\\/\\\/www.sindicaturabarcelona.cat\\\/wp-content\\\/uploads\\\/2023\\\/02\\\/logo_sindicatura.svg\",\"contentUrl\":\"https:\\\/\\\/www.sindicaturabarcelona.cat\\\/wp-content\\\/uploads\\\/2023\\\/02\\\/logo_sindicatura.svg\",\"caption\":\"Sindicatura de Greuges de Barcelona\"},\"image\":{\"@id\":\"https:\\\/\\\/www.sindicaturabarcelona.cat\\\/es\\\/#\\\/schema\\\/logo\\\/image\\\/\"},\"sameAs\":[\"https:\\\/\\\/x.com\\\/sindicbarcelona\",\"https:\\\/\\\/www.instagram.com\\\/sindicbarcelona\\\/\",\"https:\\\/\\\/www.tiktok.com\\\/@sindicaturabcn\",\"https:\\\/\\\/t.me\\\/sindicaturabarcelona\"]},{\"@type\":\"Person\",\"@id\":\"https:\\\/\\\/www.sindicaturabarcelona.cat\\\/es\\\/#\\\/schema\\\/person\\\/0e5acffc350ffdbc97578159322c9452\",\"name\":\"Pablo\",\"image\":{\"@type\":\"ImageObject\",\"inLanguage\":\"es\",\"@id\":\"https:\\\/\\\/secure.gravatar.com\\\/avatar\\\/c948169b402ef9492afde705c3dfd5e90e1a6a84ef6840a91124f805a25a480f?s=96&d=mm&r=g\",\"url\":\"https:\\\/\\\/secure.gravatar.com\\\/avatar\\\/c948169b402ef9492afde705c3dfd5e90e1a6a84ef6840a91124f805a25a480f?s=96&d=mm&r=g\",\"contentUrl\":\"https:\\\/\\\/secure.gravatar.com\\\/avatar\\\/c948169b402ef9492afde705c3dfd5e90e1a6a84ef6840a91124f805a25a480f?s=96&d=mm&r=g\",\"caption\":\"Pablo\"},\"url\":\"https:\\\/\\\/www.sindicaturabarcelona.cat\\\/es\\\/author\\\/pablo\\\/\"}]}<\/script>\n<!-- \/ Yoast SEO plugin. -->","yoast_head_json":{"title":"La Sindicatura de Greuges de Barcelona pide que se minimice el impacto negativo que generan los cambios de profesionales en el Servicio de Atenci\u00f3n Domiciliaria - Sindicatura de Greuges de Barcelona","description":"S\u2019empara el nou model del SAD de proximitat, per\u00f2 es considera que cal millorar la manera com es produeix el canvi de professionals.","robots":{"index":"index","follow":"follow","max-snippet":"max-snippet:-1","max-image-preview":"max-image-preview:large","max-video-preview":"max-video-preview:-1"},"canonical":"https:\/\/www.sindicaturabarcelona.cat\/es\/la-sindicatura-de-greuges-de-barcelona-demana-que-es-minimitzi-limpacte-negatiu-que-generen-els-canvis-de-professionals-al-servei-datencio-domiciliaria\/","og_locale":"es_ES","og_type":"article","og_title":"La Sindicatura de Greuges de Barcelona pide que se minimice el impacto negativo que generan los cambios de profesionales en el Servicio de Atenci\u00f3n Domiciliaria - Sindicatura de Greuges de Barcelona","og_description":"S\u2019empara el nou model del SAD de proximitat, per\u00f2 es considera que cal millorar la manera com es produeix el canvi de professionals.","og_url":"https:\/\/www.sindicaturabarcelona.cat\/es\/la-sindicatura-de-greuges-de-barcelona-demana-que-es-minimitzi-limpacte-negatiu-que-generen-els-canvis-de-professionals-al-servei-datencio-domiciliaria\/","og_site_name":"Sindicatura de Greuges de Barcelona","article_published_time":"2025-02-10T06:00:00+00:00","article_modified_time":"2025-02-11T08:05:26+00:00","og_image":[{"width":2000,"height":1336,"url":"https:\/\/www.sindicaturabarcelona.cat\/wp-content\/uploads\/una-cuidadora-acompanya-una-dona-gran.jpg","type":"image\/jpeg"}],"author":"Pablo","twitter_card":"summary_large_image","twitter_creator":"@sindicbarcelona","twitter_site":"@sindicbarcelona","twitter_misc":{"Escrito por":"Pablo","Tiempo de lectura":"5 minutos"},"schema":{"@context":"https:\/\/schema.org","@graph":[{"@type":"Article","@id":"https:\/\/www.sindicaturabarcelona.cat\/es\/la-sindicatura-de-greuges-de-barcelona-demana-que-es-minimitzi-limpacte-negatiu-que-generen-els-canvis-de-professionals-al-servei-datencio-domiciliaria\/#article","isPartOf":{"@id":"https:\/\/www.sindicaturabarcelona.cat\/es\/la-sindicatura-de-greuges-de-barcelona-demana-que-es-minimitzi-limpacte-negatiu-que-generen-els-canvis-de-professionals-al-servei-datencio-domiciliaria\/"},"author":{"name":"Pablo","@id":"https:\/\/www.sindicaturabarcelona.cat\/es\/#\/schema\/person\/0e5acffc350ffdbc97578159322c9452"},"headline":"La Sindicatura de Greuges de Barcelona pide que se minimice el impacto negativo que generan los cambios de profesionales en el Servicio de Atenci\u00f3n Domiciliaria","datePublished":"2025-02-10T06:00:00+00:00","dateModified":"2025-02-11T08:05:26+00:00","mainEntityOfPage":{"@id":"https:\/\/www.sindicaturabarcelona.cat\/es\/la-sindicatura-de-greuges-de-barcelona-demana-que-es-minimitzi-limpacte-negatiu-que-generen-els-canvis-de-professionals-al-servei-datencio-domiciliaria\/"},"wordCount":869,"publisher":{"@id":"https:\/\/www.sindicaturabarcelona.cat\/es\/#organization"},"image":{"@id":"https:\/\/www.sindicaturabarcelona.cat\/es\/la-sindicatura-de-greuges-de-barcelona-demana-que-es-minimitzi-limpacte-negatiu-que-generen-els-canvis-de-professionals-al-servei-datencio-domiciliaria\/#primaryimage"},"thumbnailUrl":"https:\/\/www.sindicaturabarcelona.cat\/wp-content\/uploads\/una-cuidadora-acompanya-una-dona-gran.jpg","inLanguage":"es"},{"@type":"WebPage","@id":"https:\/\/www.sindicaturabarcelona.cat\/es\/la-sindicatura-de-greuges-de-barcelona-demana-que-es-minimitzi-limpacte-negatiu-que-generen-els-canvis-de-professionals-al-servei-datencio-domiciliaria\/","url":"https:\/\/www.sindicaturabarcelona.cat\/es\/la-sindicatura-de-greuges-de-barcelona-demana-que-es-minimitzi-limpacte-negatiu-que-generen-els-canvis-de-professionals-al-servei-datencio-domiciliaria\/","name":"La Sindicatura de Greuges de Barcelona pide que se minimice el impacto negativo que generan los cambios de profesionales en el Servicio de Atenci\u00f3n Domiciliaria - Sindicatura de Greuges de Barcelona","isPartOf":{"@id":"https:\/\/www.sindicaturabarcelona.cat\/es\/#website"},"primaryImageOfPage":{"@id":"https:\/\/www.sindicaturabarcelona.cat\/es\/la-sindicatura-de-greuges-de-barcelona-demana-que-es-minimitzi-limpacte-negatiu-que-generen-els-canvis-de-professionals-al-servei-datencio-domiciliaria\/#primaryimage"},"image":{"@id":"https:\/\/www.sindicaturabarcelona.cat\/es\/la-sindicatura-de-greuges-de-barcelona-demana-que-es-minimitzi-limpacte-negatiu-que-generen-els-canvis-de-professionals-al-servei-datencio-domiciliaria\/#primaryimage"},"thumbnailUrl":"https:\/\/www.sindicaturabarcelona.cat\/wp-content\/uploads\/una-cuidadora-acompanya-una-dona-gran.jpg","datePublished":"2025-02-10T06:00:00+00:00","dateModified":"2025-02-11T08:05:26+00:00","description":"S\u2019empara el nou model del SAD de proximitat, per\u00f2 es considera que cal millorar la manera com es produeix el canvi de professionals.","breadcrumb":{"@id":"https:\/\/www.sindicaturabarcelona.cat\/es\/la-sindicatura-de-greuges-de-barcelona-demana-que-es-minimitzi-limpacte-negatiu-que-generen-els-canvis-de-professionals-al-servei-datencio-domiciliaria\/#breadcrumb"},"inLanguage":"es","potentialAction":[{"@type":"ReadAction","target":["https:\/\/www.sindicaturabarcelona.cat\/es\/la-sindicatura-de-greuges-de-barcelona-demana-que-es-minimitzi-limpacte-negatiu-que-generen-els-canvis-de-professionals-al-servei-datencio-domiciliaria\/"]}]},{"@type":"ImageObject","inLanguage":"es","@id":"https:\/\/www.sindicaturabarcelona.cat\/es\/la-sindicatura-de-greuges-de-barcelona-demana-que-es-minimitzi-limpacte-negatiu-que-generen-els-canvis-de-professionals-al-servei-datencio-domiciliaria\/#primaryimage","url":"https:\/\/www.sindicaturabarcelona.cat\/wp-content\/uploads\/una-cuidadora-acompanya-una-dona-gran.jpg","contentUrl":"https:\/\/www.sindicaturabarcelona.cat\/wp-content\/uploads\/una-cuidadora-acompanya-una-dona-gran.jpg","width":2000,"height":1336},{"@type":"BreadcrumbList","@id":"https:\/\/www.sindicaturabarcelona.cat\/es\/la-sindicatura-de-greuges-de-barcelona-demana-que-es-minimitzi-limpacte-negatiu-que-generen-els-canvis-de-professionals-al-servei-datencio-domiciliaria\/#breadcrumb","itemListElement":[{"@type":"ListItem","position":1,"name":"Inici","item":"https:\/\/www.sindicaturabarcelona.cat\/es\/"},{"@type":"ListItem","position":2,"name":"La Sindicatura de Greuges de Barcelona pide que se minimice el impacto negativo que generan los cambios de profesionales en el Servicio de Atenci\u00f3n Domiciliaria"}]},{"@type":"WebSite","@id":"https:\/\/www.sindicaturabarcelona.cat\/es\/#website","url":"https:\/\/www.sindicaturabarcelona.cat\/es\/","name":"Sindicatura de Greuges de Barcelona","description":"La defensoria dels teus drets","publisher":{"@id":"https:\/\/www.sindicaturabarcelona.cat\/es\/#organization"},"potentialAction":[{"@type":"SearchAction","target":{"@type":"EntryPoint","urlTemplate":"https:\/\/www.sindicaturabarcelona.cat\/es\/?s={search_term_string}"},"query-input":{"@type":"PropertyValueSpecification","valueRequired":true,"valueName":"search_term_string"}}],"inLanguage":"es"},{"@type":"Organization","@id":"https:\/\/www.sindicaturabarcelona.cat\/es\/#organization","name":"Sindicatura de Greuges de Barcelona","url":"https:\/\/www.sindicaturabarcelona.cat\/es\/","logo":{"@type":"ImageObject","inLanguage":"es","@id":"https:\/\/www.sindicaturabarcelona.cat\/es\/#\/schema\/logo\/image\/","url":"https:\/\/www.sindicaturabarcelona.cat\/wp-content\/uploads\/2023\/02\/logo_sindicatura.svg","contentUrl":"https:\/\/www.sindicaturabarcelona.cat\/wp-content\/uploads\/2023\/02\/logo_sindicatura.svg","caption":"Sindicatura de Greuges de Barcelona"},"image":{"@id":"https:\/\/www.sindicaturabarcelona.cat\/es\/#\/schema\/logo\/image\/"},"sameAs":["https:\/\/x.com\/sindicbarcelona","https:\/\/www.instagram.com\/sindicbarcelona\/","https:\/\/www.tiktok.com\/@sindicaturabcn","https:\/\/t.me\/sindicaturabarcelona"]},{"@type":"Person","@id":"https:\/\/www.sindicaturabarcelona.cat\/es\/#\/schema\/person\/0e5acffc350ffdbc97578159322c9452","name":"Pablo","image":{"@type":"ImageObject","inLanguage":"es","@id":"https:\/\/secure.gravatar.com\/avatar\/c948169b402ef9492afde705c3dfd5e90e1a6a84ef6840a91124f805a25a480f?s=96&d=mm&r=g","url":"https:\/\/secure.gravatar.com\/avatar\/c948169b402ef9492afde705c3dfd5e90e1a6a84ef6840a91124f805a25a480f?s=96&d=mm&r=g","contentUrl":"https:\/\/secure.gravatar.com\/avatar\/c948169b402ef9492afde705c3dfd5e90e1a6a84ef6840a91124f805a25a480f?s=96&d=mm&r=g","caption":"Pablo"},"url":"https:\/\/www.sindicaturabarcelona.cat\/es\/author\/pablo\/"}]}},"_links":{"self":[{"href":"https:\/\/www.sindicaturabarcelona.cat\/es\/wp-json\/wp\/v2\/posts\/35197","targetHints":{"allow":["GET"]}}],"collection":[{"href":"https:\/\/www.sindicaturabarcelona.cat\/es\/wp-json\/wp\/v2\/posts"}],"about":[{"href":"https:\/\/www.sindicaturabarcelona.cat\/es\/wp-json\/wp\/v2\/types\/post"}],"author":[{"embeddable":true,"href":"https:\/\/www.sindicaturabarcelona.cat\/es\/wp-json\/wp\/v2\/users\/2"}],"replies":[{"embeddable":true,"href":"https:\/\/www.sindicaturabarcelona.cat\/es\/wp-json\/wp\/v2\/comments?post=35197"}],"version-history":[{"count":4,"href":"https:\/\/www.sindicaturabarcelona.cat\/es\/wp-json\/wp\/v2\/posts\/35197\/revisions"}],"predecessor-version":[{"id":35275,"href":"https:\/\/www.sindicaturabarcelona.cat\/es\/wp-json\/wp\/v2\/posts\/35197\/revisions\/35275"}],"wp:featuredmedia":[{"embeddable":true,"href":"https:\/\/www.sindicaturabarcelona.cat\/es\/wp-json\/wp\/v2\/media\/35123"}],"wp:attachment":[{"href":"https:\/\/www.sindicaturabarcelona.cat\/es\/wp-json\/wp\/v2\/media?parent=35197"}],"wp:term":[{"taxonomy":"post_tag","embeddable":true,"href":"https:\/\/www.sindicaturabarcelona.cat\/es\/wp-json\/wp\/v2\/tags?post=35197"},{"taxonomy":"drets","embeddable":true,"href":"https:\/\/www.sindicaturabarcelona.cat\/es\/wp-json\/wp\/v2\/drets?post=35197"}],"curies":[{"name":"wp","href":"https:\/\/api.w.org\/{rel}","templated":true}]}}