{"id":34577,"date":"2025-01-03T11:24:18","date_gmt":"2025-01-03T09:24:18","guid":{"rendered":"https:\/\/www.sindicaturabarcelona.cat\/la-sindicatura-de-greuges-de-barcelona-demana-que-es-trobi-una-ubicacio-adequada-i-definitiva-a-lescola-teixidores-al-barri-de-gracia\/"},"modified":"2025-02-20T12:13:05","modified_gmt":"2025-02-20T10:13:05","slug":"la-sindicatura-de-greuges-de-barcelona-demana-que-es-trobi-una-ubicacio-adequada-i-definitiva-a-lescola-teixidores-al-barri-de-gracia","status":"publish","type":"post","link":"https:\/\/www.sindicaturabarcelona.cat\/es\/la-sindicatura-de-greuges-de-barcelona-demana-que-es-trobi-una-ubicacio-adequada-i-definitiva-a-lescola-teixidores-al-barri-de-gracia\/","title":{"rendered":"La Sindicatura de Greuges de Barcelona pide que se encuentre una ubicaci\u00f3n adecuada y definitiva a la Escuela Teixidores, en el barrio de Gr\u00e0cia"},"content":{"rendered":"\n<p>La defensor\u00eda de la ciudad <a href=\"https:\/\/www.sindicaturabarcelona.cat\/wp-content\/uploads\/202501_DretEducacio_EscolaTeixidores.pdf\" target=\"_blank\" rel=\"noreferrer noopener\">insta al Consorcio de Educaci\u00f3n de Barcelona (CEB) y al Distrito de Gr\u00e0cia a <strong>mantener un di\u00e1logo con la comunidad educativa<\/strong><\/a> para acordar el emplazamiento del centro, que se mantiene con m\u00f3dulos prefabricados desde hace ocho a\u00f1os en la calle Encarnaci\u00f3. Tambi\u00e9n recomienda mejorar la accesibilidad y el mantenimiento de las instalaciones del espacio actual.<\/p>\n\n\n\n<p>El CEB propuso construir la nueva escuela en el solar del antiguo Hospital Evang\u00e8lic (calle Cam\u00e8lies), pero se rechaz\u00f3 porque la comunidad educativa lo consideraba inadecuado. Posteriormente, se acept\u00f3 la ubicaci\u00f3n acordada por el Ayuntamiento y la Generalitat, en un <strong>espacio interior de las calles de Gran de Gr\u00e0cia, Carolines y Riera de Cassoles<\/strong>.<\/p>\n\n\n\n<p>Aunque se anunci\u00f3 su construcci\u00f3n hace dos a\u00f1os, <strong>las administraciones competentes no han hecho ninguna actuaci\u00f3n y no se tiene constancia a\u00fan de que se haya previsto una ubicaci\u00f3n definitiva<\/strong>. S\u00ed se han realizado y anunciado <a href=\"https:\/\/www.edubcn.cat\/es\/noticias\/detalle?66496\">mejoras t\u00e9cnicas y funcionales en el patio durante el paro lectivo de las vacaciones de Navidad<\/a>, dentro de un plan de intervenci\u00f3n en 67 centros educativos de la ciudad durante este periodo.<\/p>\n\n\n\n<h2 class=\"wp-block-heading\"><strong>Poco espacio en la escuela provisional<\/strong><\/h2>\n\n\n\n<p>A parte de la necesidad de encontrar un emplazamiento, desde la Asociaci\u00f3n de Familias de Alumnos (AFA) tambi\u00e9n se plantean otras quejas, entre ellas la falta de espacio en la ubicaci\u00f3n actual. El verano de este a\u00f1o <strong>se prev\u00e9 la instalaci\u00f3n de un m\u00f3dulo m\u00e1s con dos aulas<\/strong> para acoger la escolarizaci\u00f3n del alumnado de 6\u00ba.<\/p>\n\n\n\n<p>Desde la Sindicatura se ha podido constatar la falta de espacio, pero destaca las acciones llevadas a cabo por el CEB, si bien se recomienda <strong>llegar a los acuerdos<\/strong> <strong>necesarios lo antes posible para ampliar el uso de espacios externos<\/strong> y decidir su ubicaci\u00f3n de los nuevos m\u00f3dulos en el sitio m\u00e1s adecuado.<\/p>\n\n\n\n<p>Tambi\u00e9n se han valorado otras quejas:<\/p>\n\n\n\n<p>\u2022 <strong>Problemas de accesibilidad: <\/strong>Es necesario que se pongan los medios necesarios para adecuar las estructuras prefabricadas a las necesidades de las personas usuarias. Se reconocen las medidas impulsadas por el Consorcio pero se recuerda la obligaci\u00f3n de que las instalaciones sean accesibles para personas con movilidad reducida.<\/p>\n\n\n\n<p>\u2022 <strong>Falta de mantenimiento de las instalaciones: <\/strong>Existen goteras en los m\u00f3dulos y el patio de la escuela se inunda habitualmente. El Ayuntamiento ha llevado a cabo acciones que, hasta ahora, no han resuelto estos problemas, por lo que se recomienda continuar con las actuaciones de mantenimiento necesarias para adecuar las estructuras prefabricadas a las necesidades de los usuarios.<\/p>\n\n\n\n<p>\u2022 <strong>Bienestar del alumnado: <\/strong>Es necesario que las edificaciones re\u00fanan los requisitos m\u00ednimos para hacer frente al aumento de las temperaturas y las oleadas de calor. Una de las medidas es la creaci\u00f3n de espacios con sombra que reduzcan la radiaci\u00f3n solar directa.<\/p>\n\n\n\n<p>Por todo ello, desde la Sindicatura de Greuges se recuerda los <strong>efectos negativos que supone para el alumnado llevar a cabo todos los ciclos de ense\u00f1anza en instalaciones poco \u00f3ptimas<\/strong>. Con el fin de garantizar el derecho a una educaci\u00f3n de calidad, es primordial planificar las construcciones escolares en los plazos de tiempo m\u00e1s breves posibles, sobre todo si, como en este caso, se encuentran en condiciones de provisionalidad.<\/p>\n\n\n\n<p>Imagen: Escuela Teixidores<\/p>\n","protected":false},"excerpt":{"rendered":"<p>La defensor\u00eda de la ciudad insta al Consorcio de Educaci\u00f3n de Barcelona (CEB) y al Distrito de Gr\u00e0cia a mantener un di\u00e1logo con la comunidad educativa para acordar el emplazamiento [&hellip;]<\/p>\n","protected":false},"author":2,"featured_media":34571,"comment_status":"closed","ping_status":"closed","sticky":false,"template":"","format":"standard","meta":{"_acf_changed":false,"footnotes":""},"tags":[],"drets":[1475,1575],"class_list":["post-34577","post","type-post","status-publish","format-standard","has-post-thumbnail","hentry","drets-ciudad-equitativa","drets-derecho-a-la-educacion-y-al-ocio"],"acf":[],"yoast_head":"<!-- This site is optimized with the Yoast SEO plugin v27.5 - https:\/\/yoast.com\/product\/yoast-seo-wordpress\/ -->\n<title>La Sindicatura de Greuges de Barcelona pide que se encuentre una ubicaci\u00f3n adecuada y definitiva a la Escuela Teixidores, en el barrio de Gr\u00e0cia - Sindicatura de Greuges de Barcelona<\/title>\n<meta name=\"description\" content=\"La defensoria de la ciudad insta a las administraciones a mantener un di\u00e1logo con la comunidad educativa para acordar el emplazamiento.\" \/>\n<meta name=\"robots\" content=\"index, follow, max-snippet:-1, max-image-preview:large, max-video-preview:-1\" \/>\n<link rel=\"canonical\" href=\"https:\/\/www.sindicaturabarcelona.cat\/es\/la-sindicatura-de-greuges-de-barcelona-demana-que-es-trobi-una-ubicacio-adequada-i-definitiva-a-lescola-teixidores-al-barri-de-gracia\/\" \/>\n<meta property=\"og:locale\" content=\"es_ES\" \/>\n<meta property=\"og:type\" content=\"article\" \/>\n<meta property=\"og:title\" content=\"La Sindicatura de Greuges de Barcelona pide que se encuentre una ubicaci\u00f3n adecuada y definitiva a la Escuela Teixidores, en el barrio de Gr\u00e0cia - Sindicatura de Greuges de Barcelona\" \/>\n<meta property=\"og:description\" content=\"La defensoria de la ciudad insta a las administraciones a mantener un di\u00e1logo con la comunidad educativa para acordar el emplazamiento.\" \/>\n<meta property=\"og:url\" content=\"https:\/\/www.sindicaturabarcelona.cat\/es\/la-sindicatura-de-greuges-de-barcelona-demana-que-es-trobi-una-ubicacio-adequada-i-definitiva-a-lescola-teixidores-al-barri-de-gracia\/\" \/>\n<meta property=\"og:site_name\" content=\"Sindicatura de Greuges de Barcelona\" \/>\n<meta property=\"article:published_time\" content=\"2025-01-03T09:24:18+00:00\" \/>\n<meta property=\"article:modified_time\" content=\"2025-02-20T10:13:05+00:00\" \/>\n<meta property=\"og:image\" content=\"https:\/\/www.sindicaturabarcelona.cat\/wp-content\/uploads\/FPSKZkXXEAgveXo.jpg\" \/>\n\t<meta property=\"og:image:width\" content=\"2016\" \/>\n\t<meta property=\"og:image:height\" content=\"1512\" \/>\n\t<meta property=\"og:image:type\" content=\"image\/jpeg\" \/>\n<meta name=\"author\" content=\"Pablo\" \/>\n<meta name=\"twitter:card\" content=\"summary_large_image\" \/>\n<meta name=\"twitter:creator\" content=\"@sindicbarcelona\" \/>\n<meta name=\"twitter:site\" content=\"@sindicbarcelona\" \/>\n<meta name=\"twitter:label1\" content=\"Escrito por\" \/>\n\t<meta name=\"twitter:data1\" content=\"Pablo\" \/>\n\t<meta name=\"twitter:label2\" content=\"Tiempo de lectura\" \/>\n\t<meta name=\"twitter:data2\" content=\"4 minutos\" \/>\n<script type=\"application\/ld+json\" class=\"yoast-schema-graph\">{\"@context\":\"https:\\\/\\\/schema.org\",\"@graph\":[{\"@type\":\"Article\",\"@id\":\"https:\\\/\\\/www.sindicaturabarcelona.cat\\\/es\\\/la-sindicatura-de-greuges-de-barcelona-demana-que-es-trobi-una-ubicacio-adequada-i-definitiva-a-lescola-teixidores-al-barri-de-gracia\\\/#article\",\"isPartOf\":{\"@id\":\"https:\\\/\\\/www.sindicaturabarcelona.cat\\\/es\\\/la-sindicatura-de-greuges-de-barcelona-demana-que-es-trobi-una-ubicacio-adequada-i-definitiva-a-lescola-teixidores-al-barri-de-gracia\\\/\"},\"author\":{\"name\":\"Pablo\",\"@id\":\"https:\\\/\\\/www.sindicaturabarcelona.cat\\\/es\\\/#\\\/schema\\\/person\\\/0e5acffc350ffdbc97578159322c9452\"},\"headline\":\"La Sindicatura de Greuges de Barcelona pide que se encuentre una ubicaci\u00f3n adecuada y definitiva a la Escuela Teixidores, en el barrio de Gr\u00e0cia\",\"datePublished\":\"2025-01-03T09:24:18+00:00\",\"dateModified\":\"2025-02-20T10:13:05+00:00\",\"mainEntityOfPage\":{\"@id\":\"https:\\\/\\\/www.sindicaturabarcelona.cat\\\/es\\\/la-sindicatura-de-greuges-de-barcelona-demana-que-es-trobi-una-ubicacio-adequada-i-definitiva-a-lescola-teixidores-al-barri-de-gracia\\\/\"},\"wordCount\":585,\"publisher\":{\"@id\":\"https:\\\/\\\/www.sindicaturabarcelona.cat\\\/es\\\/#organization\"},\"image\":{\"@id\":\"https:\\\/\\\/www.sindicaturabarcelona.cat\\\/es\\\/la-sindicatura-de-greuges-de-barcelona-demana-que-es-trobi-una-ubicacio-adequada-i-definitiva-a-lescola-teixidores-al-barri-de-gracia\\\/#primaryimage\"},\"thumbnailUrl\":\"https:\\\/\\\/www.sindicaturabarcelona.cat\\\/wp-content\\\/uploads\\\/FPSKZkXXEAgveXo.jpg\",\"inLanguage\":\"es\"},{\"@type\":\"WebPage\",\"@id\":\"https:\\\/\\\/www.sindicaturabarcelona.cat\\\/es\\\/la-sindicatura-de-greuges-de-barcelona-demana-que-es-trobi-una-ubicacio-adequada-i-definitiva-a-lescola-teixidores-al-barri-de-gracia\\\/\",\"url\":\"https:\\\/\\\/www.sindicaturabarcelona.cat\\\/es\\\/la-sindicatura-de-greuges-de-barcelona-demana-que-es-trobi-una-ubicacio-adequada-i-definitiva-a-lescola-teixidores-al-barri-de-gracia\\\/\",\"name\":\"La Sindicatura de Greuges de Barcelona pide que se encuentre una ubicaci\u00f3n adecuada y definitiva a la Escuela Teixidores, en el barrio de Gr\u00e0cia - Sindicatura de Greuges de Barcelona\",\"isPartOf\":{\"@id\":\"https:\\\/\\\/www.sindicaturabarcelona.cat\\\/es\\\/#website\"},\"primaryImageOfPage\":{\"@id\":\"https:\\\/\\\/www.sindicaturabarcelona.cat\\\/es\\\/la-sindicatura-de-greuges-de-barcelona-demana-que-es-trobi-una-ubicacio-adequada-i-definitiva-a-lescola-teixidores-al-barri-de-gracia\\\/#primaryimage\"},\"image\":{\"@id\":\"https:\\\/\\\/www.sindicaturabarcelona.cat\\\/es\\\/la-sindicatura-de-greuges-de-barcelona-demana-que-es-trobi-una-ubicacio-adequada-i-definitiva-a-lescola-teixidores-al-barri-de-gracia\\\/#primaryimage\"},\"thumbnailUrl\":\"https:\\\/\\\/www.sindicaturabarcelona.cat\\\/wp-content\\\/uploads\\\/FPSKZkXXEAgveXo.jpg\",\"datePublished\":\"2025-01-03T09:24:18+00:00\",\"dateModified\":\"2025-02-20T10:13:05+00:00\",\"description\":\"La defensoria de la ciudad insta a las administraciones a mantener un di\u00e1logo con la comunidad educativa para acordar el emplazamiento.\",\"breadcrumb\":{\"@id\":\"https:\\\/\\\/www.sindicaturabarcelona.cat\\\/es\\\/la-sindicatura-de-greuges-de-barcelona-demana-que-es-trobi-una-ubicacio-adequada-i-definitiva-a-lescola-teixidores-al-barri-de-gracia\\\/#breadcrumb\"},\"inLanguage\":\"es\",\"potentialAction\":[{\"@type\":\"ReadAction\",\"target\":[\"https:\\\/\\\/www.sindicaturabarcelona.cat\\\/es\\\/la-sindicatura-de-greuges-de-barcelona-demana-que-es-trobi-una-ubicacio-adequada-i-definitiva-a-lescola-teixidores-al-barri-de-gracia\\\/\"]}]},{\"@type\":\"ImageObject\",\"inLanguage\":\"es\",\"@id\":\"https:\\\/\\\/www.sindicaturabarcelona.cat\\\/es\\\/la-sindicatura-de-greuges-de-barcelona-demana-que-es-trobi-una-ubicacio-adequada-i-definitiva-a-lescola-teixidores-al-barri-de-gracia\\\/#primaryimage\",\"url\":\"https:\\\/\\\/www.sindicaturabarcelona.cat\\\/wp-content\\\/uploads\\\/FPSKZkXXEAgveXo.jpg\",\"contentUrl\":\"https:\\\/\\\/www.sindicaturabarcelona.cat\\\/wp-content\\\/uploads\\\/FPSKZkXXEAgveXo.jpg\",\"width\":2016,\"height\":1512},{\"@type\":\"BreadcrumbList\",\"@id\":\"https:\\\/\\\/www.sindicaturabarcelona.cat\\\/es\\\/la-sindicatura-de-greuges-de-barcelona-demana-que-es-trobi-una-ubicacio-adequada-i-definitiva-a-lescola-teixidores-al-barri-de-gracia\\\/#breadcrumb\",\"itemListElement\":[{\"@type\":\"ListItem\",\"position\":1,\"name\":\"Inici\",\"item\":\"https:\\\/\\\/www.sindicaturabarcelona.cat\\\/es\\\/\"},{\"@type\":\"ListItem\",\"position\":2,\"name\":\"La Sindicatura de Greuges de Barcelona pide que se encuentre una ubicaci\u00f3n adecuada y definitiva a la Escuela Teixidores, en el barrio de Gr\u00e0cia\"}]},{\"@type\":\"WebSite\",\"@id\":\"https:\\\/\\\/www.sindicaturabarcelona.cat\\\/es\\\/#website\",\"url\":\"https:\\\/\\\/www.sindicaturabarcelona.cat\\\/es\\\/\",\"name\":\"Sindicatura de Greuges de Barcelona\",\"description\":\"La defensoria dels teus drets\",\"publisher\":{\"@id\":\"https:\\\/\\\/www.sindicaturabarcelona.cat\\\/es\\\/#organization\"},\"potentialAction\":[{\"@type\":\"SearchAction\",\"target\":{\"@type\":\"EntryPoint\",\"urlTemplate\":\"https:\\\/\\\/www.sindicaturabarcelona.cat\\\/es\\\/?s={search_term_string}\"},\"query-input\":{\"@type\":\"PropertyValueSpecification\",\"valueRequired\":true,\"valueName\":\"search_term_string\"}}],\"inLanguage\":\"es\"},{\"@type\":\"Organization\",\"@id\":\"https:\\\/\\\/www.sindicaturabarcelona.cat\\\/es\\\/#organization\",\"name\":\"Sindicatura de Greuges de Barcelona\",\"url\":\"https:\\\/\\\/www.sindicaturabarcelona.cat\\\/es\\\/\",\"logo\":{\"@type\":\"ImageObject\",\"inLanguage\":\"es\",\"@id\":\"https:\\\/\\\/www.sindicaturabarcelona.cat\\\/es\\\/#\\\/schema\\\/logo\\\/image\\\/\",\"url\":\"https:\\\/\\\/www.sindicaturabarcelona.cat\\\/wp-content\\\/uploads\\\/2023\\\/02\\\/logo_sindicatura.svg\",\"contentUrl\":\"https:\\\/\\\/www.sindicaturabarcelona.cat\\\/wp-content\\\/uploads\\\/2023\\\/02\\\/logo_sindicatura.svg\",\"caption\":\"Sindicatura de Greuges de Barcelona\"},\"image\":{\"@id\":\"https:\\\/\\\/www.sindicaturabarcelona.cat\\\/es\\\/#\\\/schema\\\/logo\\\/image\\\/\"},\"sameAs\":[\"https:\\\/\\\/x.com\\\/sindicbarcelona\",\"https:\\\/\\\/www.instagram.com\\\/sindicbarcelona\\\/\",\"https:\\\/\\\/www.tiktok.com\\\/@sindicaturabcn\",\"https:\\\/\\\/t.me\\\/sindicaturabarcelona\"]},{\"@type\":\"Person\",\"@id\":\"https:\\\/\\\/www.sindicaturabarcelona.cat\\\/es\\\/#\\\/schema\\\/person\\\/0e5acffc350ffdbc97578159322c9452\",\"name\":\"Pablo\",\"image\":{\"@type\":\"ImageObject\",\"inLanguage\":\"es\",\"@id\":\"https:\\\/\\\/secure.gravatar.com\\\/avatar\\\/c948169b402ef9492afde705c3dfd5e90e1a6a84ef6840a91124f805a25a480f?s=96&d=mm&r=g\",\"url\":\"https:\\\/\\\/secure.gravatar.com\\\/avatar\\\/c948169b402ef9492afde705c3dfd5e90e1a6a84ef6840a91124f805a25a480f?s=96&d=mm&r=g\",\"contentUrl\":\"https:\\\/\\\/secure.gravatar.com\\\/avatar\\\/c948169b402ef9492afde705c3dfd5e90e1a6a84ef6840a91124f805a25a480f?s=96&d=mm&r=g\",\"caption\":\"Pablo\"},\"url\":\"https:\\\/\\\/www.sindicaturabarcelona.cat\\\/es\\\/author\\\/pablo\\\/\"}]}<\/script>\n<!-- \/ Yoast SEO plugin. -->","yoast_head_json":{"title":"La Sindicatura de Greuges de Barcelona pide que se encuentre una ubicaci\u00f3n adecuada y definitiva a la Escuela Teixidores, en el barrio de Gr\u00e0cia - Sindicatura de Greuges de Barcelona","description":"La defensoria de la ciudad insta a las administraciones a mantener un di\u00e1logo con la comunidad educativa para acordar el emplazamiento.","robots":{"index":"index","follow":"follow","max-snippet":"max-snippet:-1","max-image-preview":"max-image-preview:large","max-video-preview":"max-video-preview:-1"},"canonical":"https:\/\/www.sindicaturabarcelona.cat\/es\/la-sindicatura-de-greuges-de-barcelona-demana-que-es-trobi-una-ubicacio-adequada-i-definitiva-a-lescola-teixidores-al-barri-de-gracia\/","og_locale":"es_ES","og_type":"article","og_title":"La Sindicatura de Greuges de Barcelona pide que se encuentre una ubicaci\u00f3n adecuada y definitiva a la Escuela Teixidores, en el barrio de Gr\u00e0cia - Sindicatura de Greuges de Barcelona","og_description":"La defensoria de la ciudad insta a las administraciones a mantener un di\u00e1logo con la comunidad educativa para acordar el emplazamiento.","og_url":"https:\/\/www.sindicaturabarcelona.cat\/es\/la-sindicatura-de-greuges-de-barcelona-demana-que-es-trobi-una-ubicacio-adequada-i-definitiva-a-lescola-teixidores-al-barri-de-gracia\/","og_site_name":"Sindicatura de Greuges de Barcelona","article_published_time":"2025-01-03T09:24:18+00:00","article_modified_time":"2025-02-20T10:13:05+00:00","og_image":[{"width":2016,"height":1512,"url":"https:\/\/www.sindicaturabarcelona.cat\/wp-content\/uploads\/FPSKZkXXEAgveXo.jpg","type":"image\/jpeg"}],"author":"Pablo","twitter_card":"summary_large_image","twitter_creator":"@sindicbarcelona","twitter_site":"@sindicbarcelona","twitter_misc":{"Escrito por":"Pablo","Tiempo de lectura":"4 minutos"},"schema":{"@context":"https:\/\/schema.org","@graph":[{"@type":"Article","@id":"https:\/\/www.sindicaturabarcelona.cat\/es\/la-sindicatura-de-greuges-de-barcelona-demana-que-es-trobi-una-ubicacio-adequada-i-definitiva-a-lescola-teixidores-al-barri-de-gracia\/#article","isPartOf":{"@id":"https:\/\/www.sindicaturabarcelona.cat\/es\/la-sindicatura-de-greuges-de-barcelona-demana-que-es-trobi-una-ubicacio-adequada-i-definitiva-a-lescola-teixidores-al-barri-de-gracia\/"},"author":{"name":"Pablo","@id":"https:\/\/www.sindicaturabarcelona.cat\/es\/#\/schema\/person\/0e5acffc350ffdbc97578159322c9452"},"headline":"La Sindicatura de Greuges de Barcelona pide que se encuentre una ubicaci\u00f3n adecuada y definitiva a la Escuela Teixidores, en el barrio de Gr\u00e0cia","datePublished":"2025-01-03T09:24:18+00:00","dateModified":"2025-02-20T10:13:05+00:00","mainEntityOfPage":{"@id":"https:\/\/www.sindicaturabarcelona.cat\/es\/la-sindicatura-de-greuges-de-barcelona-demana-que-es-trobi-una-ubicacio-adequada-i-definitiva-a-lescola-teixidores-al-barri-de-gracia\/"},"wordCount":585,"publisher":{"@id":"https:\/\/www.sindicaturabarcelona.cat\/es\/#organization"},"image":{"@id":"https:\/\/www.sindicaturabarcelona.cat\/es\/la-sindicatura-de-greuges-de-barcelona-demana-que-es-trobi-una-ubicacio-adequada-i-definitiva-a-lescola-teixidores-al-barri-de-gracia\/#primaryimage"},"thumbnailUrl":"https:\/\/www.sindicaturabarcelona.cat\/wp-content\/uploads\/FPSKZkXXEAgveXo.jpg","inLanguage":"es"},{"@type":"WebPage","@id":"https:\/\/www.sindicaturabarcelona.cat\/es\/la-sindicatura-de-greuges-de-barcelona-demana-que-es-trobi-una-ubicacio-adequada-i-definitiva-a-lescola-teixidores-al-barri-de-gracia\/","url":"https:\/\/www.sindicaturabarcelona.cat\/es\/la-sindicatura-de-greuges-de-barcelona-demana-que-es-trobi-una-ubicacio-adequada-i-definitiva-a-lescola-teixidores-al-barri-de-gracia\/","name":"La Sindicatura de Greuges de Barcelona pide que se encuentre una ubicaci\u00f3n adecuada y definitiva a la Escuela Teixidores, en el barrio de Gr\u00e0cia - Sindicatura de Greuges de Barcelona","isPartOf":{"@id":"https:\/\/www.sindicaturabarcelona.cat\/es\/#website"},"primaryImageOfPage":{"@id":"https:\/\/www.sindicaturabarcelona.cat\/es\/la-sindicatura-de-greuges-de-barcelona-demana-que-es-trobi-una-ubicacio-adequada-i-definitiva-a-lescola-teixidores-al-barri-de-gracia\/#primaryimage"},"image":{"@id":"https:\/\/www.sindicaturabarcelona.cat\/es\/la-sindicatura-de-greuges-de-barcelona-demana-que-es-trobi-una-ubicacio-adequada-i-definitiva-a-lescola-teixidores-al-barri-de-gracia\/#primaryimage"},"thumbnailUrl":"https:\/\/www.sindicaturabarcelona.cat\/wp-content\/uploads\/FPSKZkXXEAgveXo.jpg","datePublished":"2025-01-03T09:24:18+00:00","dateModified":"2025-02-20T10:13:05+00:00","description":"La defensoria de la ciudad insta a las administraciones a mantener un di\u00e1logo con la comunidad educativa para acordar el emplazamiento.","breadcrumb":{"@id":"https:\/\/www.sindicaturabarcelona.cat\/es\/la-sindicatura-de-greuges-de-barcelona-demana-que-es-trobi-una-ubicacio-adequada-i-definitiva-a-lescola-teixidores-al-barri-de-gracia\/#breadcrumb"},"inLanguage":"es","potentialAction":[{"@type":"ReadAction","target":["https:\/\/www.sindicaturabarcelona.cat\/es\/la-sindicatura-de-greuges-de-barcelona-demana-que-es-trobi-una-ubicacio-adequada-i-definitiva-a-lescola-teixidores-al-barri-de-gracia\/"]}]},{"@type":"ImageObject","inLanguage":"es","@id":"https:\/\/www.sindicaturabarcelona.cat\/es\/la-sindicatura-de-greuges-de-barcelona-demana-que-es-trobi-una-ubicacio-adequada-i-definitiva-a-lescola-teixidores-al-barri-de-gracia\/#primaryimage","url":"https:\/\/www.sindicaturabarcelona.cat\/wp-content\/uploads\/FPSKZkXXEAgveXo.jpg","contentUrl":"https:\/\/www.sindicaturabarcelona.cat\/wp-content\/uploads\/FPSKZkXXEAgveXo.jpg","width":2016,"height":1512},{"@type":"BreadcrumbList","@id":"https:\/\/www.sindicaturabarcelona.cat\/es\/la-sindicatura-de-greuges-de-barcelona-demana-que-es-trobi-una-ubicacio-adequada-i-definitiva-a-lescola-teixidores-al-barri-de-gracia\/#breadcrumb","itemListElement":[{"@type":"ListItem","position":1,"name":"Inici","item":"https:\/\/www.sindicaturabarcelona.cat\/es\/"},{"@type":"ListItem","position":2,"name":"La Sindicatura de Greuges de Barcelona pide que se encuentre una ubicaci\u00f3n adecuada y definitiva a la Escuela Teixidores, en el barrio de Gr\u00e0cia"}]},{"@type":"WebSite","@id":"https:\/\/www.sindicaturabarcelona.cat\/es\/#website","url":"https:\/\/www.sindicaturabarcelona.cat\/es\/","name":"Sindicatura de Greuges de Barcelona","description":"La defensoria dels teus drets","publisher":{"@id":"https:\/\/www.sindicaturabarcelona.cat\/es\/#organization"},"potentialAction":[{"@type":"SearchAction","target":{"@type":"EntryPoint","urlTemplate":"https:\/\/www.sindicaturabarcelona.cat\/es\/?s={search_term_string}"},"query-input":{"@type":"PropertyValueSpecification","valueRequired":true,"valueName":"search_term_string"}}],"inLanguage":"es"},{"@type":"Organization","@id":"https:\/\/www.sindicaturabarcelona.cat\/es\/#organization","name":"Sindicatura de Greuges de Barcelona","url":"https:\/\/www.sindicaturabarcelona.cat\/es\/","logo":{"@type":"ImageObject","inLanguage":"es","@id":"https:\/\/www.sindicaturabarcelona.cat\/es\/#\/schema\/logo\/image\/","url":"https:\/\/www.sindicaturabarcelona.cat\/wp-content\/uploads\/2023\/02\/logo_sindicatura.svg","contentUrl":"https:\/\/www.sindicaturabarcelona.cat\/wp-content\/uploads\/2023\/02\/logo_sindicatura.svg","caption":"Sindicatura de Greuges de Barcelona"},"image":{"@id":"https:\/\/www.sindicaturabarcelona.cat\/es\/#\/schema\/logo\/image\/"},"sameAs":["https:\/\/x.com\/sindicbarcelona","https:\/\/www.instagram.com\/sindicbarcelona\/","https:\/\/www.tiktok.com\/@sindicaturabcn","https:\/\/t.me\/sindicaturabarcelona"]},{"@type":"Person","@id":"https:\/\/www.sindicaturabarcelona.cat\/es\/#\/schema\/person\/0e5acffc350ffdbc97578159322c9452","name":"Pablo","image":{"@type":"ImageObject","inLanguage":"es","@id":"https:\/\/secure.gravatar.com\/avatar\/c948169b402ef9492afde705c3dfd5e90e1a6a84ef6840a91124f805a25a480f?s=96&d=mm&r=g","url":"https:\/\/secure.gravatar.com\/avatar\/c948169b402ef9492afde705c3dfd5e90e1a6a84ef6840a91124f805a25a480f?s=96&d=mm&r=g","contentUrl":"https:\/\/secure.gravatar.com\/avatar\/c948169b402ef9492afde705c3dfd5e90e1a6a84ef6840a91124f805a25a480f?s=96&d=mm&r=g","caption":"Pablo"},"url":"https:\/\/www.sindicaturabarcelona.cat\/es\/author\/pablo\/"}]}},"_links":{"self":[{"href":"https:\/\/www.sindicaturabarcelona.cat\/es\/wp-json\/wp\/v2\/posts\/34577","targetHints":{"allow":["GET"]}}],"collection":[{"href":"https:\/\/www.sindicaturabarcelona.cat\/es\/wp-json\/wp\/v2\/posts"}],"about":[{"href":"https:\/\/www.sindicaturabarcelona.cat\/es\/wp-json\/wp\/v2\/types\/post"}],"author":[{"embeddable":true,"href":"https:\/\/www.sindicaturabarcelona.cat\/es\/wp-json\/wp\/v2\/users\/2"}],"replies":[{"embeddable":true,"href":"https:\/\/www.sindicaturabarcelona.cat\/es\/wp-json\/wp\/v2\/comments?post=34577"}],"version-history":[{"count":3,"href":"https:\/\/www.sindicaturabarcelona.cat\/es\/wp-json\/wp\/v2\/posts\/34577\/revisions"}],"predecessor-version":[{"id":35428,"href":"https:\/\/www.sindicaturabarcelona.cat\/es\/wp-json\/wp\/v2\/posts\/34577\/revisions\/35428"}],"wp:featuredmedia":[{"embeddable":true,"href":"https:\/\/www.sindicaturabarcelona.cat\/es\/wp-json\/wp\/v2\/media\/34571"}],"wp:attachment":[{"href":"https:\/\/www.sindicaturabarcelona.cat\/es\/wp-json\/wp\/v2\/media?parent=34577"}],"wp:term":[{"taxonomy":"post_tag","embeddable":true,"href":"https:\/\/www.sindicaturabarcelona.cat\/es\/wp-json\/wp\/v2\/tags?post=34577"},{"taxonomy":"drets","embeddable":true,"href":"https:\/\/www.sindicaturabarcelona.cat\/es\/wp-json\/wp\/v2\/drets?post=34577"}],"curies":[{"name":"wp","href":"https:\/\/api.w.org\/{rel}","templated":true}]}}