{"id":34445,"date":"2024-12-23T08:00:00","date_gmt":"2024-12-23T06:00:00","guid":{"rendered":"https:\/\/www.sindicaturabarcelona.cat\/?p=34445"},"modified":"2025-02-20T11:55:07","modified_gmt":"2025-02-20T09:55:07","slug":"la-sindicatura-de-greuges-de-barcelona-pide-que-se-garantice-que-los-ninos-y-ninas-con-discapacidad-puedan-disfrutar-de-la-cabalgata-de-reyes-2025","status":"publish","type":"post","link":"https:\/\/www.sindicaturabarcelona.cat\/es\/la-sindicatura-de-greuges-de-barcelona-pide-que-se-garantice-que-los-ninos-y-ninas-con-discapacidad-puedan-disfrutar-de-la-cabalgata-de-reyes-2025\/","title":{"rendered":"La Sindicatura de Greuges de Barcelona pide que se garantice que los ni\u00f1os y ni\u00f1as con discapacidad puedan disfrutar de la Cabalgata de Reyes 2025"},"content":{"rendered":"\n<p>Es necesario que <a href=\"http:\/\/chrome-extension:\/\/efaidnbmnnnibpcajpcglclefindmkaj\/https:\/www.sindicaturabarcelona.cat\/wp-content\/uploads\/202412_Dret-a-Accessibilitat-i-Inclusivitat-Cultura-Cavalcada2025.pdf\" target=\"_blank\" rel=\"noreferrer noopener\"><strong>se sigan implementando todas las medidas necesarias para que este colectivo pueda participar de este evento en las mismas condiciones<\/strong><\/a> que el resto de ni\u00f1os y ni\u00f1as. Tambi\u00e9n es primordial la colaboraci\u00f3n ciudadana.<\/p>\n\n\n\n<p>Para la pr\u00f3xima edici\u00f3n de esta tradici\u00f3n navide\u00f1a, el Ayuntamiento, a trav\u00e9s del <a href=\"https:\/\/www.barcelona.cat\/barcelonacultura\/es\/icub\" target=\"_blank\" rel=\"noreferrer noopener\">Instituto Municipal de Cultura (ICUB)<\/a>, volver\u00e1 a establecer <strong>tres zonas delimitadas por una valla baja y se\u00f1alizadas como espacios reservados<\/strong>: en Pla de Palau, en el giro de la Carbonera (plaza Drassanes) y en la plaza de Espanya (giro con la Avenida Reina Maria Cristina). Ahora <strong>se ampliar\u00e1n y se instalar\u00e1n unas tarimas en estos tres puntos, y se incrementar\u00e1 la presencia de controladores<\/strong> que vigilar\u00e1n que los ni\u00f1os puedan ver mejor <a href=\"https:\/\/www.barcelona.cat\/nadal\/es\/los-reyes-de-oriente\" target=\"_blank\" rel=\"noreferrer noopener\">el paso de Sus Majestades<\/a>.<\/p>\n\n\n\n<p>Dada la buena experiencia del a\u00f1o anterior, el ICUB volver\u00e1 a ponerse en contacto con la Cambra de Comer\u00e7 para que <strong>ceda la terraza del edificio de la <a href=\"https:\/\/www.llotjademar.cat\/es\" target=\"_blank\" rel=\"noreferrer noopener\">Llotja de Mar<\/a> (paseo de Isabel II, 1), y se habilite para ni\u00f1os y ni\u00f1as con trastorno del espectro autista (TEA). <\/strong>Adem\u00e1s, el ICUB tratar\u00e1 de conseguir un nuevo espacio de caracter\u00edsticas similares para poder ampliar la oferta de espacios a los ninos y ni\u00f1as de este colectivo.<\/p>\n\n\n\n<p>Tambi\u00e9n habr\u00e1 una campa\u00f1a y llamadas a la ciudadan\u00eda y una mayor presencia de controladores, con el objetivo de <strong>evitar que algunas personas adultas dificulten su visi\u00f3n a las personas usuarias de estos espacios reservados<\/strong>, a las personas con discapacidad, tal y como ocurri\u00f3 en 2024. Esta actitud inc\u00edvica de algunos ciudadanos y ciudadanas ha sido una de las quejas que ha motivado esta resoluci\u00f3n.<\/p>\n\n\n\n<p>Por todo ello, la Sindicatura de <strong>Greuges valora positivamente las acciones que el ICUB desarrolla para garantizar el derecho a la cultura y al ocio<\/strong> de las personas con discapacidad, aunque es necesario continuar impulsando mejoras e iniciativas en este sentido.<\/p>\n\n\n\n<h2 class=\"wp-block-heading\"><strong>Colaboraci\u00f3n ciudadana para evitar las actitudes inc\u00edvicas<\/strong><\/h2>\n\n\n\n<p>Las actitudes inc\u00edvicas de algunas personas adultas, que se ponen en las primeras filas y dificultan la visibilidad a los ni\u00f1os se repite en otros eventos, pero <strong>es especialmente grave en este caso<\/strong>, ya que se trata de un d\u00eda muy especial que todos los ni\u00f1os y ni\u00f1as esperan con gran ilusi\u00f3n.<\/p>\n\n\n\n<p>Desde la Sindicatura de Greuges pedimos a <strong>la ciudadan\u00eda que facilite la labor de los agentes auxiliares<\/strong> y que colabore para que los ni\u00f1os y ni\u00f1as con discapacidad puedan disfrutar c\u00f3modamente y llenos de este evento tan especial.<\/p>\n","protected":false},"excerpt":{"rendered":"<p>Es necesario que se sigan implementando todas las medidas necesarias para que este colectivo pueda participar de este evento en las mismas condiciones que el resto de ni\u00f1os y ni\u00f1as. [&hellip;]<\/p>\n","protected":false},"author":2,"featured_media":34442,"comment_status":"closed","ping_status":"closed","sticky":false,"template":"","format":"standard","meta":{"_acf_changed":false,"footnotes":""},"tags":[],"drets":[1475,1578,1477,1595],"class_list":["post-34445","post","type-post","status-publish","format-standard","has-post-thumbnail","hentry","drets-ciudad-equitativa","drets-derechos-culturales","drets-ciudad-habitable-y-sostenible","drets-derecho-a-la-accesibilidad-y-la-inclusividad"],"acf":[],"yoast_head":"<!-- This site is optimized with the Yoast SEO plugin v27.5 - https:\/\/yoast.com\/product\/yoast-seo-wordpress\/ -->\n<title>La Sindicatura de Greuges de Barcelona pide que se garantice que los ni\u00f1os y ni\u00f1as con discapacidad puedan disfrutar de la Cabalgata de Reyes 2025 - Sindicatura de Greuges de Barcelona<\/title>\n<meta name=\"description\" content=\"Se deben seguir implementando todas las medidas necesarias para que este colectivo pueda participar en las mismas condiciones que el resto.\" \/>\n<meta name=\"robots\" content=\"index, follow, max-snippet:-1, max-image-preview:large, max-video-preview:-1\" \/>\n<link rel=\"canonical\" href=\"https:\/\/www.sindicaturabarcelona.cat\/es\/la-sindicatura-de-greuges-de-barcelona-pide-que-se-garantice-que-los-ninos-y-ninas-con-discapacidad-puedan-disfrutar-de-la-cabalgata-de-reyes-2025\/\" \/>\n<meta property=\"og:locale\" content=\"es_ES\" \/>\n<meta property=\"og:type\" content=\"article\" \/>\n<meta property=\"og:title\" content=\"La Sindicatura de Greuges de Barcelona pide que se garantice que los ni\u00f1os y ni\u00f1as con discapacidad puedan disfrutar de la Cabalgata de Reyes 2025 - Sindicatura de Greuges de Barcelona\" \/>\n<meta property=\"og:description\" content=\"Se deben seguir implementando todas las medidas necesarias para que este colectivo pueda participar en las mismas condiciones que el resto.\" \/>\n<meta property=\"og:url\" content=\"https:\/\/www.sindicaturabarcelona.cat\/es\/la-sindicatura-de-greuges-de-barcelona-pide-que-se-garantice-que-los-ninos-y-ninas-con-discapacidad-puedan-disfrutar-de-la-cabalgata-de-reyes-2025\/\" \/>\n<meta property=\"og:site_name\" content=\"Sindicatura de Greuges de Barcelona\" \/>\n<meta property=\"article:published_time\" content=\"2024-12-23T06:00:00+00:00\" \/>\n<meta property=\"article:modified_time\" content=\"2025-02-20T09:55:07+00:00\" \/>\n<meta property=\"og:image\" content=\"https:\/\/www.sindicaturabarcelona.cat\/wp-content\/uploads\/una-nena-allarga-els-bracos-per-agafa-scaled.jpg\" \/>\n\t<meta property=\"og:image:width\" content=\"2560\" \/>\n\t<meta property=\"og:image:height\" content=\"1707\" \/>\n\t<meta property=\"og:image:type\" content=\"image\/jpeg\" \/>\n<meta name=\"author\" content=\"Pablo\" \/>\n<meta name=\"twitter:card\" content=\"summary_large_image\" \/>\n<meta name=\"twitter:creator\" content=\"@sindicbarcelona\" \/>\n<meta name=\"twitter:site\" content=\"@sindicbarcelona\" \/>\n<meta name=\"twitter:label1\" content=\"Escrito por\" \/>\n\t<meta name=\"twitter:data1\" content=\"Pablo\" \/>\n\t<meta name=\"twitter:label2\" content=\"Tiempo de lectura\" \/>\n\t<meta name=\"twitter:data2\" content=\"3 minutos\" \/>\n<script type=\"application\/ld+json\" class=\"yoast-schema-graph\">{\"@context\":\"https:\\\/\\\/schema.org\",\"@graph\":[{\"@type\":\"Article\",\"@id\":\"https:\\\/\\\/www.sindicaturabarcelona.cat\\\/es\\\/la-sindicatura-de-greuges-de-barcelona-pide-que-se-garantice-que-los-ninos-y-ninas-con-discapacidad-puedan-disfrutar-de-la-cabalgata-de-reyes-2025\\\/#article\",\"isPartOf\":{\"@id\":\"https:\\\/\\\/www.sindicaturabarcelona.cat\\\/es\\\/la-sindicatura-de-greuges-de-barcelona-pide-que-se-garantice-que-los-ninos-y-ninas-con-discapacidad-puedan-disfrutar-de-la-cabalgata-de-reyes-2025\\\/\"},\"author\":{\"name\":\"Pablo\",\"@id\":\"https:\\\/\\\/www.sindicaturabarcelona.cat\\\/es\\\/#\\\/schema\\\/person\\\/0e5acffc350ffdbc97578159322c9452\"},\"headline\":\"La Sindicatura de Greuges de Barcelona pide que se garantice que los ni\u00f1os y ni\u00f1as con discapacidad puedan disfrutar de la Cabalgata de Reyes 2025\",\"datePublished\":\"2024-12-23T06:00:00+00:00\",\"dateModified\":\"2025-02-20T09:55:07+00:00\",\"mainEntityOfPage\":{\"@id\":\"https:\\\/\\\/www.sindicaturabarcelona.cat\\\/es\\\/la-sindicatura-de-greuges-de-barcelona-pide-que-se-garantice-que-los-ninos-y-ninas-con-discapacidad-puedan-disfrutar-de-la-cabalgata-de-reyes-2025\\\/\"},\"wordCount\":467,\"publisher\":{\"@id\":\"https:\\\/\\\/www.sindicaturabarcelona.cat\\\/es\\\/#organization\"},\"image\":{\"@id\":\"https:\\\/\\\/www.sindicaturabarcelona.cat\\\/es\\\/la-sindicatura-de-greuges-de-barcelona-pide-que-se-garantice-que-los-ninos-y-ninas-con-discapacidad-puedan-disfrutar-de-la-cabalgata-de-reyes-2025\\\/#primaryimage\"},\"thumbnailUrl\":\"https:\\\/\\\/www.sindicaturabarcelona.cat\\\/wp-content\\\/uploads\\\/una-nena-allarga-els-bracos-per-agafa-scaled.jpg\",\"inLanguage\":\"es\"},{\"@type\":\"WebPage\",\"@id\":\"https:\\\/\\\/www.sindicaturabarcelona.cat\\\/es\\\/la-sindicatura-de-greuges-de-barcelona-pide-que-se-garantice-que-los-ninos-y-ninas-con-discapacidad-puedan-disfrutar-de-la-cabalgata-de-reyes-2025\\\/\",\"url\":\"https:\\\/\\\/www.sindicaturabarcelona.cat\\\/es\\\/la-sindicatura-de-greuges-de-barcelona-pide-que-se-garantice-que-los-ninos-y-ninas-con-discapacidad-puedan-disfrutar-de-la-cabalgata-de-reyes-2025\\\/\",\"name\":\"La Sindicatura de Greuges de Barcelona pide que se garantice que los ni\u00f1os y ni\u00f1as con discapacidad puedan disfrutar de la Cabalgata de Reyes 2025 - Sindicatura de Greuges de Barcelona\",\"isPartOf\":{\"@id\":\"https:\\\/\\\/www.sindicaturabarcelona.cat\\\/es\\\/#website\"},\"primaryImageOfPage\":{\"@id\":\"https:\\\/\\\/www.sindicaturabarcelona.cat\\\/es\\\/la-sindicatura-de-greuges-de-barcelona-pide-que-se-garantice-que-los-ninos-y-ninas-con-discapacidad-puedan-disfrutar-de-la-cabalgata-de-reyes-2025\\\/#primaryimage\"},\"image\":{\"@id\":\"https:\\\/\\\/www.sindicaturabarcelona.cat\\\/es\\\/la-sindicatura-de-greuges-de-barcelona-pide-que-se-garantice-que-los-ninos-y-ninas-con-discapacidad-puedan-disfrutar-de-la-cabalgata-de-reyes-2025\\\/#primaryimage\"},\"thumbnailUrl\":\"https:\\\/\\\/www.sindicaturabarcelona.cat\\\/wp-content\\\/uploads\\\/una-nena-allarga-els-bracos-per-agafa-scaled.jpg\",\"datePublished\":\"2024-12-23T06:00:00+00:00\",\"dateModified\":\"2025-02-20T09:55:07+00:00\",\"description\":\"Se deben seguir implementando todas las medidas necesarias para que este colectivo pueda participar en las mismas condiciones que el resto.\",\"breadcrumb\":{\"@id\":\"https:\\\/\\\/www.sindicaturabarcelona.cat\\\/es\\\/la-sindicatura-de-greuges-de-barcelona-pide-que-se-garantice-que-los-ninos-y-ninas-con-discapacidad-puedan-disfrutar-de-la-cabalgata-de-reyes-2025\\\/#breadcrumb\"},\"inLanguage\":\"es\",\"potentialAction\":[{\"@type\":\"ReadAction\",\"target\":[\"https:\\\/\\\/www.sindicaturabarcelona.cat\\\/es\\\/la-sindicatura-de-greuges-de-barcelona-pide-que-se-garantice-que-los-ninos-y-ninas-con-discapacidad-puedan-disfrutar-de-la-cabalgata-de-reyes-2025\\\/\"]}]},{\"@type\":\"ImageObject\",\"inLanguage\":\"es\",\"@id\":\"https:\\\/\\\/www.sindicaturabarcelona.cat\\\/es\\\/la-sindicatura-de-greuges-de-barcelona-pide-que-se-garantice-que-los-ninos-y-ninas-con-discapacidad-puedan-disfrutar-de-la-cabalgata-de-reyes-2025\\\/#primaryimage\",\"url\":\"https:\\\/\\\/www.sindicaturabarcelona.cat\\\/wp-content\\\/uploads\\\/una-nena-allarga-els-bracos-per-agafa-scaled.jpg\",\"contentUrl\":\"https:\\\/\\\/www.sindicaturabarcelona.cat\\\/wp-content\\\/uploads\\\/una-nena-allarga-els-bracos-per-agafa-scaled.jpg\",\"width\":2560,\"height\":1707},{\"@type\":\"BreadcrumbList\",\"@id\":\"https:\\\/\\\/www.sindicaturabarcelona.cat\\\/es\\\/la-sindicatura-de-greuges-de-barcelona-pide-que-se-garantice-que-los-ninos-y-ninas-con-discapacidad-puedan-disfrutar-de-la-cabalgata-de-reyes-2025\\\/#breadcrumb\",\"itemListElement\":[{\"@type\":\"ListItem\",\"position\":1,\"name\":\"Inici\",\"item\":\"https:\\\/\\\/www.sindicaturabarcelona.cat\\\/es\\\/\"},{\"@type\":\"ListItem\",\"position\":2,\"name\":\"La Sindicatura de Greuges de Barcelona pide que se garantice que los ni\u00f1os y ni\u00f1as con discapacidad puedan disfrutar de la Cabalgata de Reyes 2025\"}]},{\"@type\":\"WebSite\",\"@id\":\"https:\\\/\\\/www.sindicaturabarcelona.cat\\\/es\\\/#website\",\"url\":\"https:\\\/\\\/www.sindicaturabarcelona.cat\\\/es\\\/\",\"name\":\"Sindicatura de Greuges de Barcelona\",\"description\":\"La defensoria dels teus drets\",\"publisher\":{\"@id\":\"https:\\\/\\\/www.sindicaturabarcelona.cat\\\/es\\\/#organization\"},\"potentialAction\":[{\"@type\":\"SearchAction\",\"target\":{\"@type\":\"EntryPoint\",\"urlTemplate\":\"https:\\\/\\\/www.sindicaturabarcelona.cat\\\/es\\\/?s={search_term_string}\"},\"query-input\":{\"@type\":\"PropertyValueSpecification\",\"valueRequired\":true,\"valueName\":\"search_term_string\"}}],\"inLanguage\":\"es\"},{\"@type\":\"Organization\",\"@id\":\"https:\\\/\\\/www.sindicaturabarcelona.cat\\\/es\\\/#organization\",\"name\":\"Sindicatura de Greuges de Barcelona\",\"url\":\"https:\\\/\\\/www.sindicaturabarcelona.cat\\\/es\\\/\",\"logo\":{\"@type\":\"ImageObject\",\"inLanguage\":\"es\",\"@id\":\"https:\\\/\\\/www.sindicaturabarcelona.cat\\\/es\\\/#\\\/schema\\\/logo\\\/image\\\/\",\"url\":\"https:\\\/\\\/www.sindicaturabarcelona.cat\\\/wp-content\\\/uploads\\\/2023\\\/02\\\/logo_sindicatura.svg\",\"contentUrl\":\"https:\\\/\\\/www.sindicaturabarcelona.cat\\\/wp-content\\\/uploads\\\/2023\\\/02\\\/logo_sindicatura.svg\",\"caption\":\"Sindicatura de Greuges de Barcelona\"},\"image\":{\"@id\":\"https:\\\/\\\/www.sindicaturabarcelona.cat\\\/es\\\/#\\\/schema\\\/logo\\\/image\\\/\"},\"sameAs\":[\"https:\\\/\\\/x.com\\\/sindicbarcelona\",\"https:\\\/\\\/www.instagram.com\\\/sindicbarcelona\\\/\",\"https:\\\/\\\/www.tiktok.com\\\/@sindicaturabcn\",\"https:\\\/\\\/t.me\\\/sindicaturabarcelona\"]},{\"@type\":\"Person\",\"@id\":\"https:\\\/\\\/www.sindicaturabarcelona.cat\\\/es\\\/#\\\/schema\\\/person\\\/0e5acffc350ffdbc97578159322c9452\",\"name\":\"Pablo\",\"image\":{\"@type\":\"ImageObject\",\"inLanguage\":\"es\",\"@id\":\"https:\\\/\\\/secure.gravatar.com\\\/avatar\\\/c948169b402ef9492afde705c3dfd5e90e1a6a84ef6840a91124f805a25a480f?s=96&d=mm&r=g\",\"url\":\"https:\\\/\\\/secure.gravatar.com\\\/avatar\\\/c948169b402ef9492afde705c3dfd5e90e1a6a84ef6840a91124f805a25a480f?s=96&d=mm&r=g\",\"contentUrl\":\"https:\\\/\\\/secure.gravatar.com\\\/avatar\\\/c948169b402ef9492afde705c3dfd5e90e1a6a84ef6840a91124f805a25a480f?s=96&d=mm&r=g\",\"caption\":\"Pablo\"},\"url\":\"https:\\\/\\\/www.sindicaturabarcelona.cat\\\/es\\\/author\\\/pablo\\\/\"}]}<\/script>\n<!-- \/ Yoast SEO plugin. -->","yoast_head_json":{"title":"La Sindicatura de Greuges de Barcelona pide que se garantice que los ni\u00f1os y ni\u00f1as con discapacidad puedan disfrutar de la Cabalgata de Reyes 2025 - Sindicatura de Greuges de Barcelona","description":"Se deben seguir implementando todas las medidas necesarias para que este colectivo pueda participar en las mismas condiciones que el resto.","robots":{"index":"index","follow":"follow","max-snippet":"max-snippet:-1","max-image-preview":"max-image-preview:large","max-video-preview":"max-video-preview:-1"},"canonical":"https:\/\/www.sindicaturabarcelona.cat\/es\/la-sindicatura-de-greuges-de-barcelona-pide-que-se-garantice-que-los-ninos-y-ninas-con-discapacidad-puedan-disfrutar-de-la-cabalgata-de-reyes-2025\/","og_locale":"es_ES","og_type":"article","og_title":"La Sindicatura de Greuges de Barcelona pide que se garantice que los ni\u00f1os y ni\u00f1as con discapacidad puedan disfrutar de la Cabalgata de Reyes 2025 - Sindicatura de Greuges de Barcelona","og_description":"Se deben seguir implementando todas las medidas necesarias para que este colectivo pueda participar en las mismas condiciones que el resto.","og_url":"https:\/\/www.sindicaturabarcelona.cat\/es\/la-sindicatura-de-greuges-de-barcelona-pide-que-se-garantice-que-los-ninos-y-ninas-con-discapacidad-puedan-disfrutar-de-la-cabalgata-de-reyes-2025\/","og_site_name":"Sindicatura de Greuges de Barcelona","article_published_time":"2024-12-23T06:00:00+00:00","article_modified_time":"2025-02-20T09:55:07+00:00","og_image":[{"width":2560,"height":1707,"url":"https:\/\/www.sindicaturabarcelona.cat\/wp-content\/uploads\/una-nena-allarga-els-bracos-per-agafa-scaled.jpg","type":"image\/jpeg"}],"author":"Pablo","twitter_card":"summary_large_image","twitter_creator":"@sindicbarcelona","twitter_site":"@sindicbarcelona","twitter_misc":{"Escrito por":"Pablo","Tiempo de lectura":"3 minutos"},"schema":{"@context":"https:\/\/schema.org","@graph":[{"@type":"Article","@id":"https:\/\/www.sindicaturabarcelona.cat\/es\/la-sindicatura-de-greuges-de-barcelona-pide-que-se-garantice-que-los-ninos-y-ninas-con-discapacidad-puedan-disfrutar-de-la-cabalgata-de-reyes-2025\/#article","isPartOf":{"@id":"https:\/\/www.sindicaturabarcelona.cat\/es\/la-sindicatura-de-greuges-de-barcelona-pide-que-se-garantice-que-los-ninos-y-ninas-con-discapacidad-puedan-disfrutar-de-la-cabalgata-de-reyes-2025\/"},"author":{"name":"Pablo","@id":"https:\/\/www.sindicaturabarcelona.cat\/es\/#\/schema\/person\/0e5acffc350ffdbc97578159322c9452"},"headline":"La Sindicatura de Greuges de Barcelona pide que se garantice que los ni\u00f1os y ni\u00f1as con discapacidad puedan disfrutar de la Cabalgata de Reyes 2025","datePublished":"2024-12-23T06:00:00+00:00","dateModified":"2025-02-20T09:55:07+00:00","mainEntityOfPage":{"@id":"https:\/\/www.sindicaturabarcelona.cat\/es\/la-sindicatura-de-greuges-de-barcelona-pide-que-se-garantice-que-los-ninos-y-ninas-con-discapacidad-puedan-disfrutar-de-la-cabalgata-de-reyes-2025\/"},"wordCount":467,"publisher":{"@id":"https:\/\/www.sindicaturabarcelona.cat\/es\/#organization"},"image":{"@id":"https:\/\/www.sindicaturabarcelona.cat\/es\/la-sindicatura-de-greuges-de-barcelona-pide-que-se-garantice-que-los-ninos-y-ninas-con-discapacidad-puedan-disfrutar-de-la-cabalgata-de-reyes-2025\/#primaryimage"},"thumbnailUrl":"https:\/\/www.sindicaturabarcelona.cat\/wp-content\/uploads\/una-nena-allarga-els-bracos-per-agafa-scaled.jpg","inLanguage":"es"},{"@type":"WebPage","@id":"https:\/\/www.sindicaturabarcelona.cat\/es\/la-sindicatura-de-greuges-de-barcelona-pide-que-se-garantice-que-los-ninos-y-ninas-con-discapacidad-puedan-disfrutar-de-la-cabalgata-de-reyes-2025\/","url":"https:\/\/www.sindicaturabarcelona.cat\/es\/la-sindicatura-de-greuges-de-barcelona-pide-que-se-garantice-que-los-ninos-y-ninas-con-discapacidad-puedan-disfrutar-de-la-cabalgata-de-reyes-2025\/","name":"La Sindicatura de Greuges de Barcelona pide que se garantice que los ni\u00f1os y ni\u00f1as con discapacidad puedan disfrutar de la Cabalgata de Reyes 2025 - Sindicatura de Greuges de Barcelona","isPartOf":{"@id":"https:\/\/www.sindicaturabarcelona.cat\/es\/#website"},"primaryImageOfPage":{"@id":"https:\/\/www.sindicaturabarcelona.cat\/es\/la-sindicatura-de-greuges-de-barcelona-pide-que-se-garantice-que-los-ninos-y-ninas-con-discapacidad-puedan-disfrutar-de-la-cabalgata-de-reyes-2025\/#primaryimage"},"image":{"@id":"https:\/\/www.sindicaturabarcelona.cat\/es\/la-sindicatura-de-greuges-de-barcelona-pide-que-se-garantice-que-los-ninos-y-ninas-con-discapacidad-puedan-disfrutar-de-la-cabalgata-de-reyes-2025\/#primaryimage"},"thumbnailUrl":"https:\/\/www.sindicaturabarcelona.cat\/wp-content\/uploads\/una-nena-allarga-els-bracos-per-agafa-scaled.jpg","datePublished":"2024-12-23T06:00:00+00:00","dateModified":"2025-02-20T09:55:07+00:00","description":"Se deben seguir implementando todas las medidas necesarias para que este colectivo pueda participar en las mismas condiciones que el resto.","breadcrumb":{"@id":"https:\/\/www.sindicaturabarcelona.cat\/es\/la-sindicatura-de-greuges-de-barcelona-pide-que-se-garantice-que-los-ninos-y-ninas-con-discapacidad-puedan-disfrutar-de-la-cabalgata-de-reyes-2025\/#breadcrumb"},"inLanguage":"es","potentialAction":[{"@type":"ReadAction","target":["https:\/\/www.sindicaturabarcelona.cat\/es\/la-sindicatura-de-greuges-de-barcelona-pide-que-se-garantice-que-los-ninos-y-ninas-con-discapacidad-puedan-disfrutar-de-la-cabalgata-de-reyes-2025\/"]}]},{"@type":"ImageObject","inLanguage":"es","@id":"https:\/\/www.sindicaturabarcelona.cat\/es\/la-sindicatura-de-greuges-de-barcelona-pide-que-se-garantice-que-los-ninos-y-ninas-con-discapacidad-puedan-disfrutar-de-la-cabalgata-de-reyes-2025\/#primaryimage","url":"https:\/\/www.sindicaturabarcelona.cat\/wp-content\/uploads\/una-nena-allarga-els-bracos-per-agafa-scaled.jpg","contentUrl":"https:\/\/www.sindicaturabarcelona.cat\/wp-content\/uploads\/una-nena-allarga-els-bracos-per-agafa-scaled.jpg","width":2560,"height":1707},{"@type":"BreadcrumbList","@id":"https:\/\/www.sindicaturabarcelona.cat\/es\/la-sindicatura-de-greuges-de-barcelona-pide-que-se-garantice-que-los-ninos-y-ninas-con-discapacidad-puedan-disfrutar-de-la-cabalgata-de-reyes-2025\/#breadcrumb","itemListElement":[{"@type":"ListItem","position":1,"name":"Inici","item":"https:\/\/www.sindicaturabarcelona.cat\/es\/"},{"@type":"ListItem","position":2,"name":"La Sindicatura de Greuges de Barcelona pide que se garantice que los ni\u00f1os y ni\u00f1as con discapacidad puedan disfrutar de la Cabalgata de Reyes 2025"}]},{"@type":"WebSite","@id":"https:\/\/www.sindicaturabarcelona.cat\/es\/#website","url":"https:\/\/www.sindicaturabarcelona.cat\/es\/","name":"Sindicatura de Greuges de Barcelona","description":"La defensoria dels teus drets","publisher":{"@id":"https:\/\/www.sindicaturabarcelona.cat\/es\/#organization"},"potentialAction":[{"@type":"SearchAction","target":{"@type":"EntryPoint","urlTemplate":"https:\/\/www.sindicaturabarcelona.cat\/es\/?s={search_term_string}"},"query-input":{"@type":"PropertyValueSpecification","valueRequired":true,"valueName":"search_term_string"}}],"inLanguage":"es"},{"@type":"Organization","@id":"https:\/\/www.sindicaturabarcelona.cat\/es\/#organization","name":"Sindicatura de Greuges de Barcelona","url":"https:\/\/www.sindicaturabarcelona.cat\/es\/","logo":{"@type":"ImageObject","inLanguage":"es","@id":"https:\/\/www.sindicaturabarcelona.cat\/es\/#\/schema\/logo\/image\/","url":"https:\/\/www.sindicaturabarcelona.cat\/wp-content\/uploads\/2023\/02\/logo_sindicatura.svg","contentUrl":"https:\/\/www.sindicaturabarcelona.cat\/wp-content\/uploads\/2023\/02\/logo_sindicatura.svg","caption":"Sindicatura de Greuges de Barcelona"},"image":{"@id":"https:\/\/www.sindicaturabarcelona.cat\/es\/#\/schema\/logo\/image\/"},"sameAs":["https:\/\/x.com\/sindicbarcelona","https:\/\/www.instagram.com\/sindicbarcelona\/","https:\/\/www.tiktok.com\/@sindicaturabcn","https:\/\/t.me\/sindicaturabarcelona"]},{"@type":"Person","@id":"https:\/\/www.sindicaturabarcelona.cat\/es\/#\/schema\/person\/0e5acffc350ffdbc97578159322c9452","name":"Pablo","image":{"@type":"ImageObject","inLanguage":"es","@id":"https:\/\/secure.gravatar.com\/avatar\/c948169b402ef9492afde705c3dfd5e90e1a6a84ef6840a91124f805a25a480f?s=96&d=mm&r=g","url":"https:\/\/secure.gravatar.com\/avatar\/c948169b402ef9492afde705c3dfd5e90e1a6a84ef6840a91124f805a25a480f?s=96&d=mm&r=g","contentUrl":"https:\/\/secure.gravatar.com\/avatar\/c948169b402ef9492afde705c3dfd5e90e1a6a84ef6840a91124f805a25a480f?s=96&d=mm&r=g","caption":"Pablo"},"url":"https:\/\/www.sindicaturabarcelona.cat\/es\/author\/pablo\/"}]}},"_links":{"self":[{"href":"https:\/\/www.sindicaturabarcelona.cat\/es\/wp-json\/wp\/v2\/posts\/34445","targetHints":{"allow":["GET"]}}],"collection":[{"href":"https:\/\/www.sindicaturabarcelona.cat\/es\/wp-json\/wp\/v2\/posts"}],"about":[{"href":"https:\/\/www.sindicaturabarcelona.cat\/es\/wp-json\/wp\/v2\/types\/post"}],"author":[{"embeddable":true,"href":"https:\/\/www.sindicaturabarcelona.cat\/es\/wp-json\/wp\/v2\/users\/2"}],"replies":[{"embeddable":true,"href":"https:\/\/www.sindicaturabarcelona.cat\/es\/wp-json\/wp\/v2\/comments?post=34445"}],"version-history":[{"count":7,"href":"https:\/\/www.sindicaturabarcelona.cat\/es\/wp-json\/wp\/v2\/posts\/34445\/revisions"}],"predecessor-version":[{"id":35417,"href":"https:\/\/www.sindicaturabarcelona.cat\/es\/wp-json\/wp\/v2\/posts\/34445\/revisions\/35417"}],"wp:featuredmedia":[{"embeddable":true,"href":"https:\/\/www.sindicaturabarcelona.cat\/es\/wp-json\/wp\/v2\/media\/34442"}],"wp:attachment":[{"href":"https:\/\/www.sindicaturabarcelona.cat\/es\/wp-json\/wp\/v2\/media?parent=34445"}],"wp:term":[{"taxonomy":"post_tag","embeddable":true,"href":"https:\/\/www.sindicaturabarcelona.cat\/es\/wp-json\/wp\/v2\/tags?post=34445"},{"taxonomy":"drets","embeddable":true,"href":"https:\/\/www.sindicaturabarcelona.cat\/es\/wp-json\/wp\/v2\/drets?post=34445"}],"curies":[{"name":"wp","href":"https:\/\/api.w.org\/{rel}","templated":true}]}}