{"id":34412,"date":"2024-12-19T07:30:00","date_gmt":"2024-12-19T05:30:00","guid":{"rendered":"https:\/\/www.sindicaturabarcelona.cat\/?p=34412"},"modified":"2025-02-20T12:45:02","modified_gmt":"2025-02-20T10:45:02","slug":"la-sindicatura-de-greuges-de-barcelona-planteja-solucions-per-fer-front-a-la-situacio-urbanistica-social-i-de-convivencia-a-vallcarca","status":"publish","type":"post","link":"https:\/\/www.sindicaturabarcelona.cat\/es\/la-sindicatura-de-greuges-de-barcelona-planteja-solucions-per-fer-front-a-la-situacio-urbanistica-social-i-de-convivencia-a-vallcarca\/","title":{"rendered":"La Sindicatura de Greuges de Barcelona plantea soluciones para hacer frente a la situaci\u00f3n urban\u00edstica, social y de convivencia en Vallcarca"},"content":{"rendered":"\n<p>La defensor\u00eda de la ciudad reclama que se desarrolle una herramienta para<strong> abordar la problem\u00e1tica de los asentamientos en este barrio y en el resto de la ciudad y del \u00e1rea metropolitana, <\/strong>y que proteja los derechos de las personas que all\u00ed residen, especialmente de los menores de edad.<\/p>\n\n\n\n<p>La Sindicatura <a href=\"http:\/\/chrome-extension:\/\/efaidnbmnnnhttps:\/\/www.sindicaturabarcelona.cat\/wp-content\/uploads\/20231218_Assentaments_convivencia_Vallcarca.pdf\" target=\"_blank\" rel=\"noreferrer noopener\">considera esencial que se lleven a cabo las actuaciones urban\u00edsticas previstas<\/a>, algunas pendientes desde 2002, como v\u00eda para <strong>resolver los problemas de convivencia y abordar las desigualdades sociales existentes<\/strong>. A\u00fan quedan pendientes muchas actuaciones entre la plaza Lesseps y el Puente de Vallcarca, y alrededor de la avenida Vallcarca y de la calle Mare de D\u00e9u del Coll, especialmente la v\u00eda c\u00edvica y verde, el parque central y edificios de protecci\u00f3n oficial y de nueva creaci\u00f3n. Desde la Sindicatura se ha pedido que se impulsen las transformaciones pendientes sin dilaciones, puesto que<strong> la mejora en el paisaje urbano del barrio incrementar\u00e1 la calidad de vida de las personas residentes<\/strong>.<\/p>\n\n\n\n<h2 class=\"wp-block-heading\"><strong>M\u00e1s presencia de servicios municipales en los asentamientos<\/strong><\/h2>\n\n\n\n<p>Las desigualdades sociales se manifiestan sobre todo en los diversos asentamientos que existen en la zona, uno de los cuales est\u00e1 en un solar que es en parte de propiedad municipal. <strong>Las condiciones de vida de vida en las que se encuentran pueden constituir una vulneraci\u00f3n de derechos y un riesgo para los que viven en ella, especialmente para los ni\u00f1os y ni\u00f1as<\/strong>. El trabajo que desarrolla de los servicios municipales espec\u00edficos es en general positivo, pero desde la Sindicatura se considera preocupante que s\u00f3lo act\u00faen con las personas y las familias que acceden a estos servicios de forma voluntaria. En este sentido, es necesario que haya una presencia m\u00e1s continuada de los equipos municipales, ya que es imprescindible que se establezcan relaciones de confianza y que se realicen tareas preventivas.<\/p>\n\n\n\n<p>Tambi\u00e9n <strong>es primordial que se cree una herramienta para poder hacer un censo de las personas que viven en los asentamientos y en las infraviviendas<\/strong>, para poder disponer de una informaci\u00f3n m\u00e1s amplia y actualizada, y as\u00ed planificar de forma m\u00e1s adecuada las actuaciones que se hagan. El encargado de realizar este censo deber\u00eda ser el <a href=\"https:\/\/ajuntament.barcelona.cat\/gracia\/es\" target=\"_blank\" rel=\"noreferrer noopener\">Distrito de Gr\u00e0cia<\/a>, a trav\u00e9s de la Mesa de Asentamientos.<\/p>\n\n\n\n<h2 class=\"wp-block-heading\"><strong>Fomentar el di\u00e1logo para mejorar la convivencia<\/strong><\/h2>\n\n\n\n<p>Se han registrado numerosas <strong>quejas vecinales derivadas de la ocupaci\u00f3n de solares vac\u00edos por ruidos y por actividades que pod\u00edan poner en peligro las fincas de alrededor<\/strong>, as\u00ed como por veh\u00edculos mal estacionados o la acumulaci\u00f3n de objetos en la acera, que generaban molestias en la v\u00eda p\u00fablica.<\/p>\n\n\n\n<p>Con el fin de abordar esta situaci\u00f3n, desde la Sindicatura se insta a fomentar el di\u00e1logo con el vecindario y las asociaciones con el Distrito de Gr\u00e0cia y la Comisionada de Acci\u00f3n Social (<a href=\"https:\/\/ajuntament.barcelona.cat\/serveissocials\/es\/canal\/institut-municipal-de-serveis-socials\" target=\"_blank\" rel=\"noreferrer noopener\">Instituto Municipal de Servicios Sociales<\/a>), adem\u00e1s de la <a href=\"https:\/\/ajuntament.barcelona.cat\/guardiaurbana\/es\" target=\"_blank\" rel=\"noreferrer noopener\">Guardia Urbana<\/a>. Asimismo, son necesarias medidas preventivas y evitar que las soluciones se basen exclusivamente en la intervenci\u00f3n policial.<\/p>\n\n\n\n<h2 class=\"wp-block-heading\"><strong>Abordar la situaci\u00f3n con mirada metropolitana<\/strong><\/h2>\n\n\n\n<p>La presencia de asentamientos y la situaci\u00f3n que se derivan no es exclusiva de Vallcarca ni Barcelona. Se deber\u00edan establecer una herramienta de ciudad que aborde de forma integral las actuaciones urbanas, pero tambi\u00e9n que permita una soluci\u00f3n eficaz con la implicaci\u00f3n de diferentes servicios y administraciones.<\/p>\n\n\n\n<p>Desde la Sindicatura se recomienda al Ayuntamiento de Barcelona que lidere una estrategia para todo el \u00c1rea Metropolitana para dar una respuesta eficaz y coherente a los asentamientos.<\/p>\n\n\n\n<p><\/p>\n","protected":false},"excerpt":{"rendered":"<p>La defensor\u00eda de la ciudad reclama que se desarrolle una herramienta para abordar la problem\u00e1tica de los asentamientos en este barrio y en el resto de la ciudad y del [&hellip;]<\/p>\n","protected":false},"author":2,"featured_media":34410,"comment_status":"closed","ping_status":"closed","sticky":false,"template":"","format":"standard","meta":{"_acf_changed":false,"footnotes":""},"tags":[],"drets":[1475,1577,1477,1514,1593],"class_list":["post-34412","post","type-post","status-publish","format-standard","has-post-thumbnail","hentry","drets-ciudad-equitativa","drets-derecho-a-la-vivienda","drets-ciudad-habitable-y-sostenible","drets-derecho-a-una-convivencia-pacifica","drets-derecho-a-la-movilidad"],"acf":[],"yoast_head":"<!-- This site is optimized with the Yoast SEO plugin v27.5 - https:\/\/yoast.com\/product\/yoast-seo-wordpress\/ -->\n<title>La Sindicatura de Greuges de Barcelona plantea soluciones para hacer frente a la situaci\u00f3n urban\u00edstica, social y de convivencia en Vallcarca - Sindicatura de Greuges de Barcelona<\/title>\n<meta name=\"description\" content=\"Cal abordar la problem\u00e0tica dels assentaments de l\u2019\u00e0rea metropolitana, i que es protegeixin els drets de les persones que hi viuen.\" \/>\n<meta name=\"robots\" content=\"index, follow, max-snippet:-1, max-image-preview:large, max-video-preview:-1\" \/>\n<link rel=\"canonical\" href=\"https:\/\/www.sindicaturabarcelona.cat\/es\/la-sindicatura-de-greuges-de-barcelona-planteja-solucions-per-fer-front-a-la-situacio-urbanistica-social-i-de-convivencia-a-vallcarca\/\" \/>\n<meta property=\"og:locale\" content=\"es_ES\" \/>\n<meta property=\"og:type\" content=\"article\" \/>\n<meta property=\"og:title\" content=\"La Sindicatura de Greuges de Barcelona plantea soluciones para hacer frente a la situaci\u00f3n urban\u00edstica, social y de convivencia en Vallcarca - Sindicatura de Greuges de Barcelona\" \/>\n<meta property=\"og:description\" content=\"Cal abordar la problem\u00e0tica dels assentaments de l\u2019\u00e0rea metropolitana, i que es protegeixin els drets de les persones que hi viuen.\" \/>\n<meta property=\"og:url\" content=\"https:\/\/www.sindicaturabarcelona.cat\/es\/la-sindicatura-de-greuges-de-barcelona-planteja-solucions-per-fer-front-a-la-situacio-urbanistica-social-i-de-convivencia-a-vallcarca\/\" \/>\n<meta property=\"og:site_name\" content=\"Sindicatura de Greuges de Barcelona\" \/>\n<meta property=\"article:published_time\" content=\"2024-12-19T05:30:00+00:00\" \/>\n<meta property=\"article:modified_time\" content=\"2025-02-20T10:45:02+00:00\" \/>\n<meta property=\"og:image\" content=\"https:\/\/www.sindicaturabarcelona.cat\/wp-content\/uploads\/vista-de-lavinguda-vallcarca-des-del.jpg\" \/>\n\t<meta property=\"og:image:width\" content=\"2000\" \/>\n\t<meta property=\"og:image:height\" content=\"1333\" \/>\n\t<meta property=\"og:image:type\" content=\"image\/jpeg\" \/>\n<meta name=\"author\" content=\"Pablo\" \/>\n<meta name=\"twitter:card\" content=\"summary_large_image\" \/>\n<meta name=\"twitter:creator\" content=\"@sindicbarcelona\" \/>\n<meta name=\"twitter:site\" content=\"@sindicbarcelona\" \/>\n<meta name=\"twitter:label1\" content=\"Escrito por\" \/>\n\t<meta name=\"twitter:data1\" content=\"Pablo\" \/>\n\t<meta name=\"twitter:label2\" content=\"Tiempo de lectura\" \/>\n\t<meta name=\"twitter:data2\" content=\"4 minutos\" \/>\n<script type=\"application\/ld+json\" class=\"yoast-schema-graph\">{\"@context\":\"https:\\\/\\\/schema.org\",\"@graph\":[{\"@type\":\"Article\",\"@id\":\"https:\\\/\\\/www.sindicaturabarcelona.cat\\\/es\\\/la-sindicatura-de-greuges-de-barcelona-planteja-solucions-per-fer-front-a-la-situacio-urbanistica-social-i-de-convivencia-a-vallcarca\\\/#article\",\"isPartOf\":{\"@id\":\"https:\\\/\\\/www.sindicaturabarcelona.cat\\\/es\\\/la-sindicatura-de-greuges-de-barcelona-planteja-solucions-per-fer-front-a-la-situacio-urbanistica-social-i-de-convivencia-a-vallcarca\\\/\"},\"author\":{\"name\":\"Pablo\",\"@id\":\"https:\\\/\\\/www.sindicaturabarcelona.cat\\\/es\\\/#\\\/schema\\\/person\\\/0e5acffc350ffdbc97578159322c9452\"},\"headline\":\"La Sindicatura de Greuges de Barcelona plantea soluciones para hacer frente a la situaci\u00f3n urban\u00edstica, social y de convivencia en Vallcarca\",\"datePublished\":\"2024-12-19T05:30:00+00:00\",\"dateModified\":\"2025-02-20T10:45:02+00:00\",\"mainEntityOfPage\":{\"@id\":\"https:\\\/\\\/www.sindicaturabarcelona.cat\\\/es\\\/la-sindicatura-de-greuges-de-barcelona-planteja-solucions-per-fer-front-a-la-situacio-urbanistica-social-i-de-convivencia-a-vallcarca\\\/\"},\"wordCount\":628,\"publisher\":{\"@id\":\"https:\\\/\\\/www.sindicaturabarcelona.cat\\\/es\\\/#organization\"},\"image\":{\"@id\":\"https:\\\/\\\/www.sindicaturabarcelona.cat\\\/es\\\/la-sindicatura-de-greuges-de-barcelona-planteja-solucions-per-fer-front-a-la-situacio-urbanistica-social-i-de-convivencia-a-vallcarca\\\/#primaryimage\"},\"thumbnailUrl\":\"https:\\\/\\\/www.sindicaturabarcelona.cat\\\/wp-content\\\/uploads\\\/vista-de-lavinguda-vallcarca-des-del.jpg\",\"inLanguage\":\"es\"},{\"@type\":\"WebPage\",\"@id\":\"https:\\\/\\\/www.sindicaturabarcelona.cat\\\/es\\\/la-sindicatura-de-greuges-de-barcelona-planteja-solucions-per-fer-front-a-la-situacio-urbanistica-social-i-de-convivencia-a-vallcarca\\\/\",\"url\":\"https:\\\/\\\/www.sindicaturabarcelona.cat\\\/es\\\/la-sindicatura-de-greuges-de-barcelona-planteja-solucions-per-fer-front-a-la-situacio-urbanistica-social-i-de-convivencia-a-vallcarca\\\/\",\"name\":\"La Sindicatura de Greuges de Barcelona plantea soluciones para hacer frente a la situaci\u00f3n urban\u00edstica, social y de convivencia en Vallcarca - Sindicatura de Greuges de Barcelona\",\"isPartOf\":{\"@id\":\"https:\\\/\\\/www.sindicaturabarcelona.cat\\\/es\\\/#website\"},\"primaryImageOfPage\":{\"@id\":\"https:\\\/\\\/www.sindicaturabarcelona.cat\\\/es\\\/la-sindicatura-de-greuges-de-barcelona-planteja-solucions-per-fer-front-a-la-situacio-urbanistica-social-i-de-convivencia-a-vallcarca\\\/#primaryimage\"},\"image\":{\"@id\":\"https:\\\/\\\/www.sindicaturabarcelona.cat\\\/es\\\/la-sindicatura-de-greuges-de-barcelona-planteja-solucions-per-fer-front-a-la-situacio-urbanistica-social-i-de-convivencia-a-vallcarca\\\/#primaryimage\"},\"thumbnailUrl\":\"https:\\\/\\\/www.sindicaturabarcelona.cat\\\/wp-content\\\/uploads\\\/vista-de-lavinguda-vallcarca-des-del.jpg\",\"datePublished\":\"2024-12-19T05:30:00+00:00\",\"dateModified\":\"2025-02-20T10:45:02+00:00\",\"description\":\"Cal abordar la problem\u00e0tica dels assentaments de l\u2019\u00e0rea metropolitana, i que es protegeixin els drets de les persones que hi viuen.\",\"breadcrumb\":{\"@id\":\"https:\\\/\\\/www.sindicaturabarcelona.cat\\\/es\\\/la-sindicatura-de-greuges-de-barcelona-planteja-solucions-per-fer-front-a-la-situacio-urbanistica-social-i-de-convivencia-a-vallcarca\\\/#breadcrumb\"},\"inLanguage\":\"es\",\"potentialAction\":[{\"@type\":\"ReadAction\",\"target\":[\"https:\\\/\\\/www.sindicaturabarcelona.cat\\\/es\\\/la-sindicatura-de-greuges-de-barcelona-planteja-solucions-per-fer-front-a-la-situacio-urbanistica-social-i-de-convivencia-a-vallcarca\\\/\"]}]},{\"@type\":\"ImageObject\",\"inLanguage\":\"es\",\"@id\":\"https:\\\/\\\/www.sindicaturabarcelona.cat\\\/es\\\/la-sindicatura-de-greuges-de-barcelona-planteja-solucions-per-fer-front-a-la-situacio-urbanistica-social-i-de-convivencia-a-vallcarca\\\/#primaryimage\",\"url\":\"https:\\\/\\\/www.sindicaturabarcelona.cat\\\/wp-content\\\/uploads\\\/vista-de-lavinguda-vallcarca-des-del.jpg\",\"contentUrl\":\"https:\\\/\\\/www.sindicaturabarcelona.cat\\\/wp-content\\\/uploads\\\/vista-de-lavinguda-vallcarca-des-del.jpg\",\"width\":2000,\"height\":1333},{\"@type\":\"BreadcrumbList\",\"@id\":\"https:\\\/\\\/www.sindicaturabarcelona.cat\\\/es\\\/la-sindicatura-de-greuges-de-barcelona-planteja-solucions-per-fer-front-a-la-situacio-urbanistica-social-i-de-convivencia-a-vallcarca\\\/#breadcrumb\",\"itemListElement\":[{\"@type\":\"ListItem\",\"position\":1,\"name\":\"Inici\",\"item\":\"https:\\\/\\\/www.sindicaturabarcelona.cat\\\/es\\\/\"},{\"@type\":\"ListItem\",\"position\":2,\"name\":\"La Sindicatura de Greuges de Barcelona plantea soluciones para hacer frente a la situaci\u00f3n urban\u00edstica, social y de convivencia en Vallcarca\"}]},{\"@type\":\"WebSite\",\"@id\":\"https:\\\/\\\/www.sindicaturabarcelona.cat\\\/es\\\/#website\",\"url\":\"https:\\\/\\\/www.sindicaturabarcelona.cat\\\/es\\\/\",\"name\":\"Sindicatura de Greuges de Barcelona\",\"description\":\"La defensoria dels teus drets\",\"publisher\":{\"@id\":\"https:\\\/\\\/www.sindicaturabarcelona.cat\\\/es\\\/#organization\"},\"potentialAction\":[{\"@type\":\"SearchAction\",\"target\":{\"@type\":\"EntryPoint\",\"urlTemplate\":\"https:\\\/\\\/www.sindicaturabarcelona.cat\\\/es\\\/?s={search_term_string}\"},\"query-input\":{\"@type\":\"PropertyValueSpecification\",\"valueRequired\":true,\"valueName\":\"search_term_string\"}}],\"inLanguage\":\"es\"},{\"@type\":\"Organization\",\"@id\":\"https:\\\/\\\/www.sindicaturabarcelona.cat\\\/es\\\/#organization\",\"name\":\"Sindicatura de Greuges de Barcelona\",\"url\":\"https:\\\/\\\/www.sindicaturabarcelona.cat\\\/es\\\/\",\"logo\":{\"@type\":\"ImageObject\",\"inLanguage\":\"es\",\"@id\":\"https:\\\/\\\/www.sindicaturabarcelona.cat\\\/es\\\/#\\\/schema\\\/logo\\\/image\\\/\",\"url\":\"https:\\\/\\\/www.sindicaturabarcelona.cat\\\/wp-content\\\/uploads\\\/2023\\\/02\\\/logo_sindicatura.svg\",\"contentUrl\":\"https:\\\/\\\/www.sindicaturabarcelona.cat\\\/wp-content\\\/uploads\\\/2023\\\/02\\\/logo_sindicatura.svg\",\"caption\":\"Sindicatura de Greuges de Barcelona\"},\"image\":{\"@id\":\"https:\\\/\\\/www.sindicaturabarcelona.cat\\\/es\\\/#\\\/schema\\\/logo\\\/image\\\/\"},\"sameAs\":[\"https:\\\/\\\/x.com\\\/sindicbarcelona\",\"https:\\\/\\\/www.instagram.com\\\/sindicbarcelona\\\/\",\"https:\\\/\\\/www.tiktok.com\\\/@sindicaturabcn\",\"https:\\\/\\\/t.me\\\/sindicaturabarcelona\"]},{\"@type\":\"Person\",\"@id\":\"https:\\\/\\\/www.sindicaturabarcelona.cat\\\/es\\\/#\\\/schema\\\/person\\\/0e5acffc350ffdbc97578159322c9452\",\"name\":\"Pablo\",\"image\":{\"@type\":\"ImageObject\",\"inLanguage\":\"es\",\"@id\":\"https:\\\/\\\/secure.gravatar.com\\\/avatar\\\/c948169b402ef9492afde705c3dfd5e90e1a6a84ef6840a91124f805a25a480f?s=96&d=mm&r=g\",\"url\":\"https:\\\/\\\/secure.gravatar.com\\\/avatar\\\/c948169b402ef9492afde705c3dfd5e90e1a6a84ef6840a91124f805a25a480f?s=96&d=mm&r=g\",\"contentUrl\":\"https:\\\/\\\/secure.gravatar.com\\\/avatar\\\/c948169b402ef9492afde705c3dfd5e90e1a6a84ef6840a91124f805a25a480f?s=96&d=mm&r=g\",\"caption\":\"Pablo\"},\"url\":\"https:\\\/\\\/www.sindicaturabarcelona.cat\\\/es\\\/author\\\/pablo\\\/\"}]}<\/script>\n<!-- \/ Yoast SEO plugin. -->","yoast_head_json":{"title":"La Sindicatura de Greuges de Barcelona plantea soluciones para hacer frente a la situaci\u00f3n urban\u00edstica, social y de convivencia en Vallcarca - Sindicatura de Greuges de Barcelona","description":"Cal abordar la problem\u00e0tica dels assentaments de l\u2019\u00e0rea metropolitana, i que es protegeixin els drets de les persones que hi viuen.","robots":{"index":"index","follow":"follow","max-snippet":"max-snippet:-1","max-image-preview":"max-image-preview:large","max-video-preview":"max-video-preview:-1"},"canonical":"https:\/\/www.sindicaturabarcelona.cat\/es\/la-sindicatura-de-greuges-de-barcelona-planteja-solucions-per-fer-front-a-la-situacio-urbanistica-social-i-de-convivencia-a-vallcarca\/","og_locale":"es_ES","og_type":"article","og_title":"La Sindicatura de Greuges de Barcelona plantea soluciones para hacer frente a la situaci\u00f3n urban\u00edstica, social y de convivencia en Vallcarca - Sindicatura de Greuges de Barcelona","og_description":"Cal abordar la problem\u00e0tica dels assentaments de l\u2019\u00e0rea metropolitana, i que es protegeixin els drets de les persones que hi viuen.","og_url":"https:\/\/www.sindicaturabarcelona.cat\/es\/la-sindicatura-de-greuges-de-barcelona-planteja-solucions-per-fer-front-a-la-situacio-urbanistica-social-i-de-convivencia-a-vallcarca\/","og_site_name":"Sindicatura de Greuges de Barcelona","article_published_time":"2024-12-19T05:30:00+00:00","article_modified_time":"2025-02-20T10:45:02+00:00","og_image":[{"width":2000,"height":1333,"url":"https:\/\/www.sindicaturabarcelona.cat\/wp-content\/uploads\/vista-de-lavinguda-vallcarca-des-del.jpg","type":"image\/jpeg"}],"author":"Pablo","twitter_card":"summary_large_image","twitter_creator":"@sindicbarcelona","twitter_site":"@sindicbarcelona","twitter_misc":{"Escrito por":"Pablo","Tiempo de lectura":"4 minutos"},"schema":{"@context":"https:\/\/schema.org","@graph":[{"@type":"Article","@id":"https:\/\/www.sindicaturabarcelona.cat\/es\/la-sindicatura-de-greuges-de-barcelona-planteja-solucions-per-fer-front-a-la-situacio-urbanistica-social-i-de-convivencia-a-vallcarca\/#article","isPartOf":{"@id":"https:\/\/www.sindicaturabarcelona.cat\/es\/la-sindicatura-de-greuges-de-barcelona-planteja-solucions-per-fer-front-a-la-situacio-urbanistica-social-i-de-convivencia-a-vallcarca\/"},"author":{"name":"Pablo","@id":"https:\/\/www.sindicaturabarcelona.cat\/es\/#\/schema\/person\/0e5acffc350ffdbc97578159322c9452"},"headline":"La Sindicatura de Greuges de Barcelona plantea soluciones para hacer frente a la situaci\u00f3n urban\u00edstica, social y de convivencia en Vallcarca","datePublished":"2024-12-19T05:30:00+00:00","dateModified":"2025-02-20T10:45:02+00:00","mainEntityOfPage":{"@id":"https:\/\/www.sindicaturabarcelona.cat\/es\/la-sindicatura-de-greuges-de-barcelona-planteja-solucions-per-fer-front-a-la-situacio-urbanistica-social-i-de-convivencia-a-vallcarca\/"},"wordCount":628,"publisher":{"@id":"https:\/\/www.sindicaturabarcelona.cat\/es\/#organization"},"image":{"@id":"https:\/\/www.sindicaturabarcelona.cat\/es\/la-sindicatura-de-greuges-de-barcelona-planteja-solucions-per-fer-front-a-la-situacio-urbanistica-social-i-de-convivencia-a-vallcarca\/#primaryimage"},"thumbnailUrl":"https:\/\/www.sindicaturabarcelona.cat\/wp-content\/uploads\/vista-de-lavinguda-vallcarca-des-del.jpg","inLanguage":"es"},{"@type":"WebPage","@id":"https:\/\/www.sindicaturabarcelona.cat\/es\/la-sindicatura-de-greuges-de-barcelona-planteja-solucions-per-fer-front-a-la-situacio-urbanistica-social-i-de-convivencia-a-vallcarca\/","url":"https:\/\/www.sindicaturabarcelona.cat\/es\/la-sindicatura-de-greuges-de-barcelona-planteja-solucions-per-fer-front-a-la-situacio-urbanistica-social-i-de-convivencia-a-vallcarca\/","name":"La Sindicatura de Greuges de Barcelona plantea soluciones para hacer frente a la situaci\u00f3n urban\u00edstica, social y de convivencia en Vallcarca - Sindicatura de Greuges de Barcelona","isPartOf":{"@id":"https:\/\/www.sindicaturabarcelona.cat\/es\/#website"},"primaryImageOfPage":{"@id":"https:\/\/www.sindicaturabarcelona.cat\/es\/la-sindicatura-de-greuges-de-barcelona-planteja-solucions-per-fer-front-a-la-situacio-urbanistica-social-i-de-convivencia-a-vallcarca\/#primaryimage"},"image":{"@id":"https:\/\/www.sindicaturabarcelona.cat\/es\/la-sindicatura-de-greuges-de-barcelona-planteja-solucions-per-fer-front-a-la-situacio-urbanistica-social-i-de-convivencia-a-vallcarca\/#primaryimage"},"thumbnailUrl":"https:\/\/www.sindicaturabarcelona.cat\/wp-content\/uploads\/vista-de-lavinguda-vallcarca-des-del.jpg","datePublished":"2024-12-19T05:30:00+00:00","dateModified":"2025-02-20T10:45:02+00:00","description":"Cal abordar la problem\u00e0tica dels assentaments de l\u2019\u00e0rea metropolitana, i que es protegeixin els drets de les persones que hi viuen.","breadcrumb":{"@id":"https:\/\/www.sindicaturabarcelona.cat\/es\/la-sindicatura-de-greuges-de-barcelona-planteja-solucions-per-fer-front-a-la-situacio-urbanistica-social-i-de-convivencia-a-vallcarca\/#breadcrumb"},"inLanguage":"es","potentialAction":[{"@type":"ReadAction","target":["https:\/\/www.sindicaturabarcelona.cat\/es\/la-sindicatura-de-greuges-de-barcelona-planteja-solucions-per-fer-front-a-la-situacio-urbanistica-social-i-de-convivencia-a-vallcarca\/"]}]},{"@type":"ImageObject","inLanguage":"es","@id":"https:\/\/www.sindicaturabarcelona.cat\/es\/la-sindicatura-de-greuges-de-barcelona-planteja-solucions-per-fer-front-a-la-situacio-urbanistica-social-i-de-convivencia-a-vallcarca\/#primaryimage","url":"https:\/\/www.sindicaturabarcelona.cat\/wp-content\/uploads\/vista-de-lavinguda-vallcarca-des-del.jpg","contentUrl":"https:\/\/www.sindicaturabarcelona.cat\/wp-content\/uploads\/vista-de-lavinguda-vallcarca-des-del.jpg","width":2000,"height":1333},{"@type":"BreadcrumbList","@id":"https:\/\/www.sindicaturabarcelona.cat\/es\/la-sindicatura-de-greuges-de-barcelona-planteja-solucions-per-fer-front-a-la-situacio-urbanistica-social-i-de-convivencia-a-vallcarca\/#breadcrumb","itemListElement":[{"@type":"ListItem","position":1,"name":"Inici","item":"https:\/\/www.sindicaturabarcelona.cat\/es\/"},{"@type":"ListItem","position":2,"name":"La Sindicatura de Greuges de Barcelona plantea soluciones para hacer frente a la situaci\u00f3n urban\u00edstica, social y de convivencia en Vallcarca"}]},{"@type":"WebSite","@id":"https:\/\/www.sindicaturabarcelona.cat\/es\/#website","url":"https:\/\/www.sindicaturabarcelona.cat\/es\/","name":"Sindicatura de Greuges de Barcelona","description":"La defensoria dels teus drets","publisher":{"@id":"https:\/\/www.sindicaturabarcelona.cat\/es\/#organization"},"potentialAction":[{"@type":"SearchAction","target":{"@type":"EntryPoint","urlTemplate":"https:\/\/www.sindicaturabarcelona.cat\/es\/?s={search_term_string}"},"query-input":{"@type":"PropertyValueSpecification","valueRequired":true,"valueName":"search_term_string"}}],"inLanguage":"es"},{"@type":"Organization","@id":"https:\/\/www.sindicaturabarcelona.cat\/es\/#organization","name":"Sindicatura de Greuges de Barcelona","url":"https:\/\/www.sindicaturabarcelona.cat\/es\/","logo":{"@type":"ImageObject","inLanguage":"es","@id":"https:\/\/www.sindicaturabarcelona.cat\/es\/#\/schema\/logo\/image\/","url":"https:\/\/www.sindicaturabarcelona.cat\/wp-content\/uploads\/2023\/02\/logo_sindicatura.svg","contentUrl":"https:\/\/www.sindicaturabarcelona.cat\/wp-content\/uploads\/2023\/02\/logo_sindicatura.svg","caption":"Sindicatura de Greuges de Barcelona"},"image":{"@id":"https:\/\/www.sindicaturabarcelona.cat\/es\/#\/schema\/logo\/image\/"},"sameAs":["https:\/\/x.com\/sindicbarcelona","https:\/\/www.instagram.com\/sindicbarcelona\/","https:\/\/www.tiktok.com\/@sindicaturabcn","https:\/\/t.me\/sindicaturabarcelona"]},{"@type":"Person","@id":"https:\/\/www.sindicaturabarcelona.cat\/es\/#\/schema\/person\/0e5acffc350ffdbc97578159322c9452","name":"Pablo","image":{"@type":"ImageObject","inLanguage":"es","@id":"https:\/\/secure.gravatar.com\/avatar\/c948169b402ef9492afde705c3dfd5e90e1a6a84ef6840a91124f805a25a480f?s=96&d=mm&r=g","url":"https:\/\/secure.gravatar.com\/avatar\/c948169b402ef9492afde705c3dfd5e90e1a6a84ef6840a91124f805a25a480f?s=96&d=mm&r=g","contentUrl":"https:\/\/secure.gravatar.com\/avatar\/c948169b402ef9492afde705c3dfd5e90e1a6a84ef6840a91124f805a25a480f?s=96&d=mm&r=g","caption":"Pablo"},"url":"https:\/\/www.sindicaturabarcelona.cat\/es\/author\/pablo\/"}]}},"_links":{"self":[{"href":"https:\/\/www.sindicaturabarcelona.cat\/es\/wp-json\/wp\/v2\/posts\/34412","targetHints":{"allow":["GET"]}}],"collection":[{"href":"https:\/\/www.sindicaturabarcelona.cat\/es\/wp-json\/wp\/v2\/posts"}],"about":[{"href":"https:\/\/www.sindicaturabarcelona.cat\/es\/wp-json\/wp\/v2\/types\/post"}],"author":[{"embeddable":true,"href":"https:\/\/www.sindicaturabarcelona.cat\/es\/wp-json\/wp\/v2\/users\/2"}],"replies":[{"embeddable":true,"href":"https:\/\/www.sindicaturabarcelona.cat\/es\/wp-json\/wp\/v2\/comments?post=34412"}],"version-history":[{"count":8,"href":"https:\/\/www.sindicaturabarcelona.cat\/es\/wp-json\/wp\/v2\/posts\/34412\/revisions"}],"predecessor-version":[{"id":35440,"href":"https:\/\/www.sindicaturabarcelona.cat\/es\/wp-json\/wp\/v2\/posts\/34412\/revisions\/35440"}],"wp:featuredmedia":[{"embeddable":true,"href":"https:\/\/www.sindicaturabarcelona.cat\/es\/wp-json\/wp\/v2\/media\/34410"}],"wp:attachment":[{"href":"https:\/\/www.sindicaturabarcelona.cat\/es\/wp-json\/wp\/v2\/media?parent=34412"}],"wp:term":[{"taxonomy":"post_tag","embeddable":true,"href":"https:\/\/www.sindicaturabarcelona.cat\/es\/wp-json\/wp\/v2\/tags?post=34412"},{"taxonomy":"drets","embeddable":true,"href":"https:\/\/www.sindicaturabarcelona.cat\/es\/wp-json\/wp\/v2\/drets?post=34412"}],"curies":[{"name":"wp","href":"https:\/\/api.w.org\/{rel}","templated":true}]}}