{"id":34255,"date":"2024-11-27T07:30:00","date_gmt":"2024-11-27T05:30:00","guid":{"rendered":"https:\/\/www.sindicaturabarcelona.cat\/?p=34255"},"modified":"2024-11-12T12:56:03","modified_gmt":"2024-11-12T10:56:03","slug":"la-senalizacion-de-los-lavabos-publicos-de-la-ciudad-insistencia-de-la-sindicatura","status":"publish","type":"post","link":"https:\/\/www.sindicaturabarcelona.cat\/es\/la-senalizacion-de-los-lavabos-publicos-de-la-ciudad-insistencia-de-la-sindicatura\/","title":{"rendered":"La se\u00f1alizaci\u00f3n de los lavabos p\u00fablicos de la ciudad, insistencia de la Sindicatura de Greuges de Barcelona"},"content":{"rendered":"\n<p><strong>Barcelona, 28 de noviembre de 2024<\/strong> \u2013 Tras exponer la necesidad de tener m\u00e1s lavabos p\u00fablicos en Barcelona en el informe <a href=\"https:\/\/www.sindicaturabarcelona.cat\/wp-content\/uploads\/20241024_Informe-Ordenanca-Convivencia.pdf\" target=\"_blank\" rel=\"noreferrer noopener\"><em>Espai p\u00fablic i dret a la ciutat: an\u00e0lisi de l\u2019Ordenan\u00e7a de Conviv\u00e8ncia<\/em><\/a>,<strong> la Sindicatura de Greuges insiste en una recomendaci\u00f3n que hace desde 2018: instalar se\u00f1ales indicativos de los lavabos p\u00fablicos ya existentes en la ciudad<\/strong>.<\/p>\n\n\n\n<h2 class=\"wp-block-heading\"><strong>Barcelona y los lavabos p\u00fablicos<\/strong><\/h2>\n\n\n\n<p>La carencia de lavabos p\u00fablicos de acceso gratuito es un tema recurrente y que hace muchos a\u00f1os que est\u00e1 presente en Barcelona. <strong>\u201cAmpliar la disponibilidad de lavabos p\u00fablicos mejorar\u00eda la calidad de vida de todas las personas que viven en la ciudad y la visitan, y contribuir\u00eda a minimizar el impacto de las actitudes inc\u00edvicas en el espacio p\u00fablico\u201d<\/strong>, manifiesta el s\u00edndic, David Bondia.<\/p>\n\n\n\n<p><strong>La \u00faltima vez que se debati\u00f3 pol\u00edticamente esta situaci\u00f3n fue en enero de 2014, en la Comisi\u00f3n de H\u00e1bitat Urbano y Medio Ambiente<\/strong> del Ayuntamiento de Barcelona, cuando se propuso que el gobierno municipal garantizara el acceso y la se\u00f1alizaci\u00f3n de todos los lavabos p\u00fablicos de la ciudad. <strong>Sin embargo, esta medida no lleg\u00f3 a aplicarse<\/strong>.<\/p>\n\n\n\n<h2 class=\"wp-block-heading\"><strong>Ciutat Vella, la primera apuesta de una cierta dimensi\u00f3n<\/strong><\/h2>\n\n\n\n<p><strong>En los \u00faltimos tiempos, Ciutat Vella ha sido el distrito que ha protagonizado el aumento m\u00e1s significativo de lavabos p\u00fablicos<\/strong>: hay 37 y entre los meses de mayo y septiembre se a\u00f1aden siete cabinas qu\u00edmicas.<\/p>\n\n\n\n<p>Ciutat Vella ha sido la escogida porque se trata de una de las zonas m\u00e1s afectadas por la gran afluencia de turismo, que comporta un uso intensivo del espacio p\u00fablico. <strong>Las entidades vecinales reclamaron soluciones al Ayuntamiento ante el hecho de que muchas personas hac\u00edan sus necesidades fisiol\u00f3gicas en el espacio p\u00fablico.<\/strong><\/p>\n\n\n\n<h2 class=\"wp-block-heading\"><strong>Es necesario facilitar m\u00e1s informaci\u00f3n sobre lavabos p\u00fablicos<\/strong><\/h2>\n\n\n\n<p>En cuanto a los lavabos p\u00fablicos ubicados en Ciutat Vella, <a href=\"https:\/\/ajuntament.barcelona.cat\/ciutatvella\/ca\/wc-publics\" target=\"_blank\" rel=\"noreferrer noopener\">la p\u00e1gina web municipal permite consultar su ubicaci\u00f3<\/a>n.<\/p>\n\n\n\n<p>Desgraciadamente, este es el \u00fanico mapa consultable del portal municipal que indexa los lavabos p\u00fablicos de la ciudad. <strong>Del resto de distritos no consta informaci\u00f3n f\u00e1cilmente accesible sobre la ubicaci\u00f3n de los lavabos p\u00fablicos<\/strong>. Sin embargo, el servicio municipal Open Data BCN proporciona una lista de los lavabos p\u00fablicos de la ciudad de Barcelona: un total de 164, muchos ubicados en equipamientos municipales. Una informaci\u00f3n que no sea informaci\u00f3n f\u00e1cilmente accesible, clara y transparente <strong>no concuerda con el principio de buena administraci\u00f3n que debe inspirar todas las actuaciones municipales.<\/strong><\/p>\n\n\n\n<p><strong>\u201cEl derecho a una buena administraci\u00f3n est\u00e1 \u00edntimamente ligado al derecho a la informaci\u00f3n, y es la Administraci\u00f3n quien debe facilitar la informaci\u00f3n de los servicios que puede ofrecer a la ciudadan\u00eda de manera accesible y por todos los canales posibles\u201d,<\/strong> ha concluido Bondia.<\/p>\n\n\n\n<h2 class=\"wp-block-heading\"><strong>La \u00faltima queja en la Sindicatura sobre lavabos p\u00fablicos<\/strong><\/h2>\n\n\n\n<p><strong><a href=\"https:\/\/www.sindicaturabarcelona.cat\/wp-content\/uploads\/202410_Dret-medi-ambient_disconformitat-amb-els-horaris-dels-lavabos-publics-del-parc-del-Castell-de-lOreneta_24Q000303.pdf\" target=\"_blank\" rel=\"noreferrer noopener\">Los lavabos p\u00fablicos del parque del Castell de l\u2019Oreneta han centrado la \u00faltima queja ciudadana recibida en la Sindicatura sobre este asunto<\/a><\/strong>. Concretamente, denunciaba que no estaban abiertos los fines de semana.<\/p>\n\n\n\n<p>La Sindicatura de Greuges de Barcelona se ha dirigido al Institut Municipal de Parcs i Jardins (IMPJ), que ha confirmado que el horario de los lavabos p\u00fablicos es de 8 a 15 horas los d\u00edas laborables. El IMPJ ha argumentado que el servicio de limpieza no est\u00e1 contratado los fines de semana y festivos, motivo por el cual no se pueden garantizar los m\u00ednimos de higiene necesarios para abrir esta clase de instalaci\u00f3n.<\/p>\n\n\n\n<p><strong>Sin embargo, a criterio de la Sindicatura la actuaci\u00f3n de la IMPJ no es coherente con la Ordenanza de medidas para fomentar y garantizar la convivencia ciudadana en el espacio p\u00fablico de Barcelona<\/strong>, que proh\u00edbe y pone sanciones a las personas que hagan las necesidades fisiol\u00f3gicas en los parques y jardines de la ciudad.<\/p>\n\n\n\n<p><strong>Como propuesta de actuaci\u00f3n, la Sindicatura ha recomendado que, cuando se formalice un nuevo contrato de limpieza, se valore una nueva distribuci\u00f3n horaria de apertura y mantenimiento de los lavabos p\u00fablicos de los parques, teniendo en cuenta los d\u00edas de m\u00e1s afluencia.<\/strong><\/p>\n","protected":false},"excerpt":{"rendered":"<p>Barcelona, 28 de noviembre de 2024 \u2013 Tras exponer la necesidad de tener m\u00e1s lavabos p\u00fablicos en Barcelona en el informe Espai p\u00fablic i dret a la ciutat: an\u00e0lisi de [&hellip;]<\/p>\n","protected":false},"author":2,"featured_media":34253,"comment_status":"closed","ping_status":"closed","sticky":false,"template":"","format":"standard","meta":{"_acf_changed":false,"footnotes":""},"tags":[],"drets":[1477,1592],"class_list":["post-34255","post","type-post","status-publish","format-standard","has-post-thumbnail","hentry","drets-ciudad-habitable-y-sostenible","drets-derecho-al-medio-ambiente"],"acf":[],"yoast_head":"<!-- This site is optimized with the Yoast SEO plugin v27.5 - https:\/\/yoast.com\/product\/yoast-seo-wordpress\/ -->\n<title>La se\u00f1alizaci\u00f3n de los lavabos p\u00fablicos de la ciudad, insistencia de la Sindicatura de Greuges de Barcelona - Sindicatura de Greuges de Barcelona<\/title>\n<meta name=\"description\" content=\"La Sindicatura insiste en una recomendaci\u00f3n que hace desde 2018: instalar se\u00f1ales indicativos de los lavabos p\u00fablicos ya existentes...\" \/>\n<meta name=\"robots\" content=\"index, follow, max-snippet:-1, max-image-preview:large, max-video-preview:-1\" \/>\n<link rel=\"canonical\" href=\"https:\/\/www.sindicaturabarcelona.cat\/es\/la-senalizacion-de-los-lavabos-publicos-de-la-ciudad-insistencia-de-la-sindicatura\/\" \/>\n<meta property=\"og:locale\" content=\"es_ES\" \/>\n<meta property=\"og:type\" content=\"article\" \/>\n<meta property=\"og:title\" content=\"La se\u00f1alizaci\u00f3n de los lavabos p\u00fablicos de la ciudad, insistencia de la Sindicatura de Greuges de Barcelona - Sindicatura de Greuges de Barcelona\" \/>\n<meta property=\"og:description\" content=\"La Sindicatura insiste en una recomendaci\u00f3n que hace desde 2018: instalar se\u00f1ales indicativos de los lavabos p\u00fablicos ya existentes...\" \/>\n<meta property=\"og:url\" content=\"https:\/\/www.sindicaturabarcelona.cat\/es\/la-senalizacion-de-los-lavabos-publicos-de-la-ciudad-insistencia-de-la-sindicatura\/\" \/>\n<meta property=\"og:site_name\" content=\"Sindicatura de Greuges de Barcelona\" \/>\n<meta property=\"article:published_time\" content=\"2024-11-27T05:30:00+00:00\" \/>\n<meta property=\"og:image\" content=\"https:\/\/www.sindicaturabarcelona.cat\/wp-content\/uploads\/Lavabo-public.jpg\" \/>\n\t<meta property=\"og:image:width\" content=\"760\" \/>\n\t<meta property=\"og:image:height\" content=\"428\" \/>\n\t<meta property=\"og:image:type\" content=\"image\/jpeg\" \/>\n<meta name=\"author\" content=\"Pablo\" \/>\n<meta name=\"twitter:card\" content=\"summary_large_image\" \/>\n<meta name=\"twitter:creator\" content=\"@sindicbarcelona\" \/>\n<meta name=\"twitter:site\" content=\"@sindicbarcelona\" \/>\n<meta name=\"twitter:label1\" content=\"Escrito por\" \/>\n\t<meta name=\"twitter:data1\" content=\"Pablo\" \/>\n\t<meta name=\"twitter:label2\" content=\"Tiempo de lectura\" \/>\n\t<meta name=\"twitter:data2\" content=\"4 minutos\" \/>\n<script type=\"application\/ld+json\" class=\"yoast-schema-graph\">{\"@context\":\"https:\\\/\\\/schema.org\",\"@graph\":[{\"@type\":\"Article\",\"@id\":\"https:\\\/\\\/www.sindicaturabarcelona.cat\\\/es\\\/la-senalizacion-de-los-lavabos-publicos-de-la-ciudad-insistencia-de-la-sindicatura\\\/#article\",\"isPartOf\":{\"@id\":\"https:\\\/\\\/www.sindicaturabarcelona.cat\\\/es\\\/la-senalizacion-de-los-lavabos-publicos-de-la-ciudad-insistencia-de-la-sindicatura\\\/\"},\"author\":{\"name\":\"Pablo\",\"@id\":\"https:\\\/\\\/www.sindicaturabarcelona.cat\\\/es\\\/#\\\/schema\\\/person\\\/0e5acffc350ffdbc97578159322c9452\"},\"headline\":\"La se\u00f1alizaci\u00f3n de los lavabos p\u00fablicos de la ciudad, insistencia de la Sindicatura de Greuges de Barcelona\",\"datePublished\":\"2024-11-27T05:30:00+00:00\",\"mainEntityOfPage\":{\"@id\":\"https:\\\/\\\/www.sindicaturabarcelona.cat\\\/es\\\/la-senalizacion-de-los-lavabos-publicos-de-la-ciudad-insistencia-de-la-sindicatura\\\/\"},\"wordCount\":731,\"publisher\":{\"@id\":\"https:\\\/\\\/www.sindicaturabarcelona.cat\\\/es\\\/#organization\"},\"image\":{\"@id\":\"https:\\\/\\\/www.sindicaturabarcelona.cat\\\/es\\\/la-senalizacion-de-los-lavabos-publicos-de-la-ciudad-insistencia-de-la-sindicatura\\\/#primaryimage\"},\"thumbnailUrl\":\"https:\\\/\\\/www.sindicaturabarcelona.cat\\\/wp-content\\\/uploads\\\/Lavabo-public.jpg\",\"inLanguage\":\"es\"},{\"@type\":\"WebPage\",\"@id\":\"https:\\\/\\\/www.sindicaturabarcelona.cat\\\/es\\\/la-senalizacion-de-los-lavabos-publicos-de-la-ciudad-insistencia-de-la-sindicatura\\\/\",\"url\":\"https:\\\/\\\/www.sindicaturabarcelona.cat\\\/es\\\/la-senalizacion-de-los-lavabos-publicos-de-la-ciudad-insistencia-de-la-sindicatura\\\/\",\"name\":\"La se\u00f1alizaci\u00f3n de los lavabos p\u00fablicos de la ciudad, insistencia de la Sindicatura de Greuges de Barcelona - Sindicatura de Greuges de Barcelona\",\"isPartOf\":{\"@id\":\"https:\\\/\\\/www.sindicaturabarcelona.cat\\\/es\\\/#website\"},\"primaryImageOfPage\":{\"@id\":\"https:\\\/\\\/www.sindicaturabarcelona.cat\\\/es\\\/la-senalizacion-de-los-lavabos-publicos-de-la-ciudad-insistencia-de-la-sindicatura\\\/#primaryimage\"},\"image\":{\"@id\":\"https:\\\/\\\/www.sindicaturabarcelona.cat\\\/es\\\/la-senalizacion-de-los-lavabos-publicos-de-la-ciudad-insistencia-de-la-sindicatura\\\/#primaryimage\"},\"thumbnailUrl\":\"https:\\\/\\\/www.sindicaturabarcelona.cat\\\/wp-content\\\/uploads\\\/Lavabo-public.jpg\",\"datePublished\":\"2024-11-27T05:30:00+00:00\",\"description\":\"La Sindicatura insiste en una recomendaci\u00f3n que hace desde 2018: instalar se\u00f1ales indicativos de los lavabos p\u00fablicos ya existentes...\",\"breadcrumb\":{\"@id\":\"https:\\\/\\\/www.sindicaturabarcelona.cat\\\/es\\\/la-senalizacion-de-los-lavabos-publicos-de-la-ciudad-insistencia-de-la-sindicatura\\\/#breadcrumb\"},\"inLanguage\":\"es\",\"potentialAction\":[{\"@type\":\"ReadAction\",\"target\":[\"https:\\\/\\\/www.sindicaturabarcelona.cat\\\/es\\\/la-senalizacion-de-los-lavabos-publicos-de-la-ciudad-insistencia-de-la-sindicatura\\\/\"]}]},{\"@type\":\"ImageObject\",\"inLanguage\":\"es\",\"@id\":\"https:\\\/\\\/www.sindicaturabarcelona.cat\\\/es\\\/la-senalizacion-de-los-lavabos-publicos-de-la-ciudad-insistencia-de-la-sindicatura\\\/#primaryimage\",\"url\":\"https:\\\/\\\/www.sindicaturabarcelona.cat\\\/wp-content\\\/uploads\\\/Lavabo-public.jpg\",\"contentUrl\":\"https:\\\/\\\/www.sindicaturabarcelona.cat\\\/wp-content\\\/uploads\\\/Lavabo-public.jpg\",\"width\":760,\"height\":428},{\"@type\":\"BreadcrumbList\",\"@id\":\"https:\\\/\\\/www.sindicaturabarcelona.cat\\\/es\\\/la-senalizacion-de-los-lavabos-publicos-de-la-ciudad-insistencia-de-la-sindicatura\\\/#breadcrumb\",\"itemListElement\":[{\"@type\":\"ListItem\",\"position\":1,\"name\":\"Inici\",\"item\":\"https:\\\/\\\/www.sindicaturabarcelona.cat\\\/es\\\/\"},{\"@type\":\"ListItem\",\"position\":2,\"name\":\"La se\u00f1alizaci\u00f3n de los lavabos p\u00fablicos de la ciudad, insistencia de la Sindicatura de Greuges de Barcelona\"}]},{\"@type\":\"WebSite\",\"@id\":\"https:\\\/\\\/www.sindicaturabarcelona.cat\\\/es\\\/#website\",\"url\":\"https:\\\/\\\/www.sindicaturabarcelona.cat\\\/es\\\/\",\"name\":\"Sindicatura de Greuges de Barcelona\",\"description\":\"La defensoria dels teus drets\",\"publisher\":{\"@id\":\"https:\\\/\\\/www.sindicaturabarcelona.cat\\\/es\\\/#organization\"},\"potentialAction\":[{\"@type\":\"SearchAction\",\"target\":{\"@type\":\"EntryPoint\",\"urlTemplate\":\"https:\\\/\\\/www.sindicaturabarcelona.cat\\\/es\\\/?s={search_term_string}\"},\"query-input\":{\"@type\":\"PropertyValueSpecification\",\"valueRequired\":true,\"valueName\":\"search_term_string\"}}],\"inLanguage\":\"es\"},{\"@type\":\"Organization\",\"@id\":\"https:\\\/\\\/www.sindicaturabarcelona.cat\\\/es\\\/#organization\",\"name\":\"Sindicatura de Greuges de Barcelona\",\"url\":\"https:\\\/\\\/www.sindicaturabarcelona.cat\\\/es\\\/\",\"logo\":{\"@type\":\"ImageObject\",\"inLanguage\":\"es\",\"@id\":\"https:\\\/\\\/www.sindicaturabarcelona.cat\\\/es\\\/#\\\/schema\\\/logo\\\/image\\\/\",\"url\":\"https:\\\/\\\/www.sindicaturabarcelona.cat\\\/wp-content\\\/uploads\\\/2023\\\/02\\\/logo_sindicatura.svg\",\"contentUrl\":\"https:\\\/\\\/www.sindicaturabarcelona.cat\\\/wp-content\\\/uploads\\\/2023\\\/02\\\/logo_sindicatura.svg\",\"caption\":\"Sindicatura de Greuges de Barcelona\"},\"image\":{\"@id\":\"https:\\\/\\\/www.sindicaturabarcelona.cat\\\/es\\\/#\\\/schema\\\/logo\\\/image\\\/\"},\"sameAs\":[\"https:\\\/\\\/x.com\\\/sindicbarcelona\",\"https:\\\/\\\/www.instagram.com\\\/sindicbarcelona\\\/\",\"https:\\\/\\\/www.tiktok.com\\\/@sindicaturabcn\",\"https:\\\/\\\/t.me\\\/sindicaturabarcelona\"]},{\"@type\":\"Person\",\"@id\":\"https:\\\/\\\/www.sindicaturabarcelona.cat\\\/es\\\/#\\\/schema\\\/person\\\/0e5acffc350ffdbc97578159322c9452\",\"name\":\"Pablo\",\"image\":{\"@type\":\"ImageObject\",\"inLanguage\":\"es\",\"@id\":\"https:\\\/\\\/secure.gravatar.com\\\/avatar\\\/c948169b402ef9492afde705c3dfd5e90e1a6a84ef6840a91124f805a25a480f?s=96&d=mm&r=g\",\"url\":\"https:\\\/\\\/secure.gravatar.com\\\/avatar\\\/c948169b402ef9492afde705c3dfd5e90e1a6a84ef6840a91124f805a25a480f?s=96&d=mm&r=g\",\"contentUrl\":\"https:\\\/\\\/secure.gravatar.com\\\/avatar\\\/c948169b402ef9492afde705c3dfd5e90e1a6a84ef6840a91124f805a25a480f?s=96&d=mm&r=g\",\"caption\":\"Pablo\"},\"url\":\"https:\\\/\\\/www.sindicaturabarcelona.cat\\\/es\\\/author\\\/pablo\\\/\"}]}<\/script>\n<!-- \/ Yoast SEO plugin. -->","yoast_head_json":{"title":"La se\u00f1alizaci\u00f3n de los lavabos p\u00fablicos de la ciudad, insistencia de la Sindicatura de Greuges de Barcelona - Sindicatura de Greuges de Barcelona","description":"La Sindicatura insiste en una recomendaci\u00f3n que hace desde 2018: instalar se\u00f1ales indicativos de los lavabos p\u00fablicos ya existentes...","robots":{"index":"index","follow":"follow","max-snippet":"max-snippet:-1","max-image-preview":"max-image-preview:large","max-video-preview":"max-video-preview:-1"},"canonical":"https:\/\/www.sindicaturabarcelona.cat\/es\/la-senalizacion-de-los-lavabos-publicos-de-la-ciudad-insistencia-de-la-sindicatura\/","og_locale":"es_ES","og_type":"article","og_title":"La se\u00f1alizaci\u00f3n de los lavabos p\u00fablicos de la ciudad, insistencia de la Sindicatura de Greuges de Barcelona - Sindicatura de Greuges de Barcelona","og_description":"La Sindicatura insiste en una recomendaci\u00f3n que hace desde 2018: instalar se\u00f1ales indicativos de los lavabos p\u00fablicos ya existentes...","og_url":"https:\/\/www.sindicaturabarcelona.cat\/es\/la-senalizacion-de-los-lavabos-publicos-de-la-ciudad-insistencia-de-la-sindicatura\/","og_site_name":"Sindicatura de Greuges de Barcelona","article_published_time":"2024-11-27T05:30:00+00:00","og_image":[{"width":760,"height":428,"url":"https:\/\/www.sindicaturabarcelona.cat\/wp-content\/uploads\/Lavabo-public.jpg","type":"image\/jpeg"}],"author":"Pablo","twitter_card":"summary_large_image","twitter_creator":"@sindicbarcelona","twitter_site":"@sindicbarcelona","twitter_misc":{"Escrito por":"Pablo","Tiempo de lectura":"4 minutos"},"schema":{"@context":"https:\/\/schema.org","@graph":[{"@type":"Article","@id":"https:\/\/www.sindicaturabarcelona.cat\/es\/la-senalizacion-de-los-lavabos-publicos-de-la-ciudad-insistencia-de-la-sindicatura\/#article","isPartOf":{"@id":"https:\/\/www.sindicaturabarcelona.cat\/es\/la-senalizacion-de-los-lavabos-publicos-de-la-ciudad-insistencia-de-la-sindicatura\/"},"author":{"name":"Pablo","@id":"https:\/\/www.sindicaturabarcelona.cat\/es\/#\/schema\/person\/0e5acffc350ffdbc97578159322c9452"},"headline":"La se\u00f1alizaci\u00f3n de los lavabos p\u00fablicos de la ciudad, insistencia de la Sindicatura de Greuges de Barcelona","datePublished":"2024-11-27T05:30:00+00:00","mainEntityOfPage":{"@id":"https:\/\/www.sindicaturabarcelona.cat\/es\/la-senalizacion-de-los-lavabos-publicos-de-la-ciudad-insistencia-de-la-sindicatura\/"},"wordCount":731,"publisher":{"@id":"https:\/\/www.sindicaturabarcelona.cat\/es\/#organization"},"image":{"@id":"https:\/\/www.sindicaturabarcelona.cat\/es\/la-senalizacion-de-los-lavabos-publicos-de-la-ciudad-insistencia-de-la-sindicatura\/#primaryimage"},"thumbnailUrl":"https:\/\/www.sindicaturabarcelona.cat\/wp-content\/uploads\/Lavabo-public.jpg","inLanguage":"es"},{"@type":"WebPage","@id":"https:\/\/www.sindicaturabarcelona.cat\/es\/la-senalizacion-de-los-lavabos-publicos-de-la-ciudad-insistencia-de-la-sindicatura\/","url":"https:\/\/www.sindicaturabarcelona.cat\/es\/la-senalizacion-de-los-lavabos-publicos-de-la-ciudad-insistencia-de-la-sindicatura\/","name":"La se\u00f1alizaci\u00f3n de los lavabos p\u00fablicos de la ciudad, insistencia de la Sindicatura de Greuges de Barcelona - Sindicatura de Greuges de Barcelona","isPartOf":{"@id":"https:\/\/www.sindicaturabarcelona.cat\/es\/#website"},"primaryImageOfPage":{"@id":"https:\/\/www.sindicaturabarcelona.cat\/es\/la-senalizacion-de-los-lavabos-publicos-de-la-ciudad-insistencia-de-la-sindicatura\/#primaryimage"},"image":{"@id":"https:\/\/www.sindicaturabarcelona.cat\/es\/la-senalizacion-de-los-lavabos-publicos-de-la-ciudad-insistencia-de-la-sindicatura\/#primaryimage"},"thumbnailUrl":"https:\/\/www.sindicaturabarcelona.cat\/wp-content\/uploads\/Lavabo-public.jpg","datePublished":"2024-11-27T05:30:00+00:00","description":"La Sindicatura insiste en una recomendaci\u00f3n que hace desde 2018: instalar se\u00f1ales indicativos de los lavabos p\u00fablicos ya existentes...","breadcrumb":{"@id":"https:\/\/www.sindicaturabarcelona.cat\/es\/la-senalizacion-de-los-lavabos-publicos-de-la-ciudad-insistencia-de-la-sindicatura\/#breadcrumb"},"inLanguage":"es","potentialAction":[{"@type":"ReadAction","target":["https:\/\/www.sindicaturabarcelona.cat\/es\/la-senalizacion-de-los-lavabos-publicos-de-la-ciudad-insistencia-de-la-sindicatura\/"]}]},{"@type":"ImageObject","inLanguage":"es","@id":"https:\/\/www.sindicaturabarcelona.cat\/es\/la-senalizacion-de-los-lavabos-publicos-de-la-ciudad-insistencia-de-la-sindicatura\/#primaryimage","url":"https:\/\/www.sindicaturabarcelona.cat\/wp-content\/uploads\/Lavabo-public.jpg","contentUrl":"https:\/\/www.sindicaturabarcelona.cat\/wp-content\/uploads\/Lavabo-public.jpg","width":760,"height":428},{"@type":"BreadcrumbList","@id":"https:\/\/www.sindicaturabarcelona.cat\/es\/la-senalizacion-de-los-lavabos-publicos-de-la-ciudad-insistencia-de-la-sindicatura\/#breadcrumb","itemListElement":[{"@type":"ListItem","position":1,"name":"Inici","item":"https:\/\/www.sindicaturabarcelona.cat\/es\/"},{"@type":"ListItem","position":2,"name":"La se\u00f1alizaci\u00f3n de los lavabos p\u00fablicos de la ciudad, insistencia de la Sindicatura de Greuges de Barcelona"}]},{"@type":"WebSite","@id":"https:\/\/www.sindicaturabarcelona.cat\/es\/#website","url":"https:\/\/www.sindicaturabarcelona.cat\/es\/","name":"Sindicatura de Greuges de Barcelona","description":"La defensoria dels teus drets","publisher":{"@id":"https:\/\/www.sindicaturabarcelona.cat\/es\/#organization"},"potentialAction":[{"@type":"SearchAction","target":{"@type":"EntryPoint","urlTemplate":"https:\/\/www.sindicaturabarcelona.cat\/es\/?s={search_term_string}"},"query-input":{"@type":"PropertyValueSpecification","valueRequired":true,"valueName":"search_term_string"}}],"inLanguage":"es"},{"@type":"Organization","@id":"https:\/\/www.sindicaturabarcelona.cat\/es\/#organization","name":"Sindicatura de Greuges de Barcelona","url":"https:\/\/www.sindicaturabarcelona.cat\/es\/","logo":{"@type":"ImageObject","inLanguage":"es","@id":"https:\/\/www.sindicaturabarcelona.cat\/es\/#\/schema\/logo\/image\/","url":"https:\/\/www.sindicaturabarcelona.cat\/wp-content\/uploads\/2023\/02\/logo_sindicatura.svg","contentUrl":"https:\/\/www.sindicaturabarcelona.cat\/wp-content\/uploads\/2023\/02\/logo_sindicatura.svg","caption":"Sindicatura de Greuges de Barcelona"},"image":{"@id":"https:\/\/www.sindicaturabarcelona.cat\/es\/#\/schema\/logo\/image\/"},"sameAs":["https:\/\/x.com\/sindicbarcelona","https:\/\/www.instagram.com\/sindicbarcelona\/","https:\/\/www.tiktok.com\/@sindicaturabcn","https:\/\/t.me\/sindicaturabarcelona"]},{"@type":"Person","@id":"https:\/\/www.sindicaturabarcelona.cat\/es\/#\/schema\/person\/0e5acffc350ffdbc97578159322c9452","name":"Pablo","image":{"@type":"ImageObject","inLanguage":"es","@id":"https:\/\/secure.gravatar.com\/avatar\/c948169b402ef9492afde705c3dfd5e90e1a6a84ef6840a91124f805a25a480f?s=96&d=mm&r=g","url":"https:\/\/secure.gravatar.com\/avatar\/c948169b402ef9492afde705c3dfd5e90e1a6a84ef6840a91124f805a25a480f?s=96&d=mm&r=g","contentUrl":"https:\/\/secure.gravatar.com\/avatar\/c948169b402ef9492afde705c3dfd5e90e1a6a84ef6840a91124f805a25a480f?s=96&d=mm&r=g","caption":"Pablo"},"url":"https:\/\/www.sindicaturabarcelona.cat\/es\/author\/pablo\/"}]}},"_links":{"self":[{"href":"https:\/\/www.sindicaturabarcelona.cat\/es\/wp-json\/wp\/v2\/posts\/34255","targetHints":{"allow":["GET"]}}],"collection":[{"href":"https:\/\/www.sindicaturabarcelona.cat\/es\/wp-json\/wp\/v2\/posts"}],"about":[{"href":"https:\/\/www.sindicaturabarcelona.cat\/es\/wp-json\/wp\/v2\/types\/post"}],"author":[{"embeddable":true,"href":"https:\/\/www.sindicaturabarcelona.cat\/es\/wp-json\/wp\/v2\/users\/2"}],"replies":[{"embeddable":true,"href":"https:\/\/www.sindicaturabarcelona.cat\/es\/wp-json\/wp\/v2\/comments?post=34255"}],"version-history":[{"count":1,"href":"https:\/\/www.sindicaturabarcelona.cat\/es\/wp-json\/wp\/v2\/posts\/34255\/revisions"}],"predecessor-version":[{"id":34256,"href":"https:\/\/www.sindicaturabarcelona.cat\/es\/wp-json\/wp\/v2\/posts\/34255\/revisions\/34256"}],"wp:featuredmedia":[{"embeddable":true,"href":"https:\/\/www.sindicaturabarcelona.cat\/es\/wp-json\/wp\/v2\/media\/34253"}],"wp:attachment":[{"href":"https:\/\/www.sindicaturabarcelona.cat\/es\/wp-json\/wp\/v2\/media?parent=34255"}],"wp:term":[{"taxonomy":"post_tag","embeddable":true,"href":"https:\/\/www.sindicaturabarcelona.cat\/es\/wp-json\/wp\/v2\/tags?post=34255"},{"taxonomy":"drets","embeddable":true,"href":"https:\/\/www.sindicaturabarcelona.cat\/es\/wp-json\/wp\/v2\/drets?post=34255"}],"curies":[{"name":"wp","href":"https:\/\/api.w.org\/{rel}","templated":true}]}}