{"id":33912,"date":"2024-10-18T07:30:00","date_gmt":"2024-10-18T05:30:00","guid":{"rendered":"https:\/\/www.sindicaturabarcelona.cat\/?p=33912"},"modified":"2024-10-17T20:18:38","modified_gmt":"2024-10-17T18:18:38","slug":"la-sindicatura-pide-al-distrito-de-ciutat-vella-un-espacio-de-dialogo-con-la-associacio-antiga-massana-en-beneficio-del-interes-publico","status":"publish","type":"post","link":"https:\/\/www.sindicaturabarcelona.cat\/es\/la-sindicatura-pide-al-distrito-de-ciutat-vella-un-espacio-de-dialogo-con-la-associacio-antiga-massana-en-beneficio-del-interes-publico\/","title":{"rendered":"La Sindicatura pide al Distrito de Ciutat Vella un espacio de di\u00e1logo con la Associaci\u00f3 Antiga Massana en beneficio del inter\u00e9s p\u00fablico"},"content":{"rendered":"\n<ul class=\"wp-block-list\">\n<li>Esta asociaci\u00f3n de acci\u00f3n comunitaria y solidaria hace uso de la antigua Escola Massana desde junio de 2020, cuando se agudizaron las necesidades sociales del barrio del Raval a ra\u00edz de la pandemia.<\/li>\n<\/ul>\n\n\n\n<ul class=\"wp-block-list\">\n<li>Inicialmente, el consistorio toler\u00f3 la ocupaci\u00f3n, y despu\u00e9s mostr\u00f3 inter\u00e9s y voluntad en regularizarla, valorando su misi\u00f3n social.<\/li>\n<\/ul>\n\n\n\n<ul class=\"wp-block-list\">\n<li><a href=\"https:\/\/www.youtube.com\/live\/vOm_cYn-mRA?si=PJibsF8PVKZmRQS-\" target=\"_blank\" rel=\"noreferrer noopener\">En julio de 2022, el Consell de Districte aprob\u00f3 el compromiso municipal de cesi\u00f3n del espacio<\/a>, con el apoyo casi un\u00e1nime de todos los grupos pol\u00edticos municipales.<\/li>\n<\/ul>\n\n\n\n<ul class=\"wp-block-list\">\n<li>En marzo de 2023, la asociaci\u00f3n pidi\u00f3 formalmente al consistorio la cesi\u00f3n del uso del espacio, apoyada en un informe t\u00e9cnico del Distrito. Posteriormente, la Taula de Patrimoni Ciutad\u00e0 inform\u00f3 favorablemente la cesi\u00f3n. A pesar de esto, no lleg\u00f3 a oficializarse.<\/li>\n<\/ul>\n\n\n\n<ul class=\"wp-block-list\">\n<li>A pesar de que la cronolog\u00eda anterior parec\u00eda que conduc\u00eda hacia la cesi\u00f3n de uso, en julio de este a\u00f1o el Ayuntamiento notific\u00f3 a la asociaci\u00f3n la incoaci\u00f3n de un expediente para la recuperaci\u00f3n de oficio de la posesi\u00f3n de la finca de la antigua Escola Massana.<\/li>\n<\/ul>\n\n\n\n<ul class=\"wp-block-list\">\n<li>El 14 de octubre de 2024 la asociaci\u00f3n recibi\u00f3 la resoluci\u00f3n de desalojo, prevista solo tres d\u00edas despu\u00e9s. Ha pedido medidas cautelares contra la resoluci\u00f3n de desalojo ante el juzgado contencioso-administrativo de Barcelona.<\/li>\n<\/ul>\n\n\n\n<p><strong>Barcelona, 18 de octubre de 2024 \u2013 <a href=\"https:\/\/www.sindicaturabarcelona.cat\/wp-content\/uploads\/202410_Dret-igualtat-i-no-discriminacio_gestio-municipal-envers-lespai-de-lantiga-Escola-Massana.pdf\" target=\"_blank\" rel=\"noreferrer noopener\">La Sindicatura de Greuges de Barcelona ha concluido que la actuaci\u00f3n del Distrito de Ciutat Vella carece de un espacio de di\u00e1logo y reflexi\u00f3n capaz de llegar a una soluci\u00f3n consensuada con la Associaci\u00f3 Antiga Massana, en beneficio del bien com\u00fan y del inter\u00e9s p\u00fablico.<\/a><\/strong><\/p>\n\n\n\n<p><strong>El Ayuntamiento ha justificado la urgencia de la tramitaci\u00f3n del expediente de recuperaci\u00f3n de oficio de la posesi\u00f3n de la finca, y la consiguiente resoluci\u00f3n de desalojo<\/strong>, en la implementaci\u00f3n de un proyecto cultural y de servicios de acercamiento a la ciudadan\u00eda en el recinto del antiguo Hospital de la Santa Creu y de la antigua escuela Massana.<\/p>\n\n\n\n<p>La Sindicatura de Greuges de Barcelona desconoce el calendario de ejecuci\u00f3n de este proyecto, puesto que era una de las peticiones de informaci\u00f3n que hac\u00eda al Distrito y que el \u00f3rgano territorial no ha contestado. Sin llegar a conocer este dato, y sin perjuicio de las potestades de recuperaci\u00f3n de los bienes p\u00fablicos del Ayuntamiento, <strong>la Sindicatura hace un llamamiento a reflexionar sobre el plazo de ejecuci\u00f3n del desalojo y sobre posibles alternativas para continuar con la tarea comunitaria, reconocida por el mismo consistorio como de inter\u00e9s general.<\/strong><\/p>\n\n\n\n<p>Por \u00faltimo, <strong>la defensor\u00eda de la ciudadan\u00eda barcelonesa sostiene que hay que generar, en el marco del Pacto por Ciutat Vella, un espacio de di\u00e1logo que permita encontrar soluciones adecuadas. En esta l\u00ednea, ofrece su predisposici\u00f3n a intervenir para buscar un acuerdo viable y realista, que no suponga la p\u00e9rdida de un espacio de encuentro y cohesi\u00f3n para el vecindario del barrio del Raval.<\/strong><\/p>\n","protected":false},"excerpt":{"rendered":"<p>Barcelona, 18 de octubre de 2024 \u2013 La Sindicatura de Greuges de Barcelona ha concluido que la actuaci\u00f3n del Distrito de Ciutat Vella carece de un espacio de di\u00e1logo y [&hellip;]<\/p>\n","protected":false},"author":2,"featured_media":33900,"comment_status":"closed","ping_status":"closed","sticky":false,"template":"","format":"standard","meta":{"_acf_changed":false,"footnotes":""},"tags":[],"drets":[1567,1568],"class_list":["post-33912","post","type-post","status-publish","format-standard","has-post-thumbnail","hentry","drets-ciudad-diversa","drets-derecho-a-la-igualdad-y-a-la-diversidad"],"acf":[],"yoast_head":"<!-- This site is optimized with the Yoast SEO plugin v27.5 - https:\/\/yoast.com\/product\/yoast-seo-wordpress\/ -->\n<title>La Sindicatura pide al Distrito de Ciutat Vella un espacio de di\u00e1logo con la Associaci\u00f3 Antiga Massana en beneficio del inter\u00e9s p\u00fablico - Sindicatura de Greuges de Barcelona<\/title>\n<meta name=\"description\" content=\"La Sindicatura hace un llamamiento a reflexionar sobre el plazo de ejecuci\u00f3n del desalojo de la antigua Escuela Massana y sobre posibles...\" \/>\n<meta name=\"robots\" content=\"index, follow, max-snippet:-1, max-image-preview:large, max-video-preview:-1\" \/>\n<link rel=\"canonical\" href=\"https:\/\/www.sindicaturabarcelona.cat\/es\/la-sindicatura-pide-al-distrito-de-ciutat-vella-un-espacio-de-dialogo-con-la-associacio-antiga-massana-en-beneficio-del-interes-publico\/\" \/>\n<meta property=\"og:locale\" content=\"es_ES\" \/>\n<meta property=\"og:type\" content=\"article\" \/>\n<meta property=\"og:title\" content=\"La Sindicatura pide al Distrito de Ciutat Vella un espacio de di\u00e1logo con la Associaci\u00f3 Antiga Massana en beneficio del inter\u00e9s p\u00fablico - Sindicatura de Greuges de Barcelona\" \/>\n<meta property=\"og:description\" content=\"La Sindicatura hace un llamamiento a reflexionar sobre el plazo de ejecuci\u00f3n del desalojo de la antigua Escuela Massana y sobre posibles...\" \/>\n<meta property=\"og:url\" content=\"https:\/\/www.sindicaturabarcelona.cat\/es\/la-sindicatura-pide-al-distrito-de-ciutat-vella-un-espacio-de-dialogo-con-la-associacio-antiga-massana-en-beneficio-del-interes-publico\/\" \/>\n<meta property=\"og:site_name\" content=\"Sindicatura de Greuges de Barcelona\" \/>\n<meta property=\"article:published_time\" content=\"2024-10-18T05:30:00+00:00\" \/>\n<meta property=\"og:image\" content=\"https:\/\/www.sindicaturabarcelona.cat\/wp-content\/uploads\/Antiga-Massana.jpg\" \/>\n\t<meta property=\"og:image:width\" content=\"1119\" \/>\n\t<meta property=\"og:image:height\" content=\"735\" \/>\n\t<meta property=\"og:image:type\" content=\"image\/jpeg\" \/>\n<meta name=\"author\" content=\"Pablo\" \/>\n<meta name=\"twitter:card\" content=\"summary_large_image\" \/>\n<meta name=\"twitter:creator\" content=\"@sindicbarcelona\" \/>\n<meta name=\"twitter:site\" content=\"@sindicbarcelona\" \/>\n<meta name=\"twitter:label1\" content=\"Escrito por\" \/>\n\t<meta name=\"twitter:data1\" content=\"Pablo\" \/>\n\t<meta name=\"twitter:label2\" content=\"Tiempo de lectura\" \/>\n\t<meta name=\"twitter:data2\" content=\"3 minutos\" \/>\n<script type=\"application\/ld+json\" class=\"yoast-schema-graph\">{\"@context\":\"https:\\\/\\\/schema.org\",\"@graph\":[{\"@type\":\"Article\",\"@id\":\"https:\\\/\\\/www.sindicaturabarcelona.cat\\\/es\\\/la-sindicatura-pide-al-distrito-de-ciutat-vella-un-espacio-de-dialogo-con-la-associacio-antiga-massana-en-beneficio-del-interes-publico\\\/#article\",\"isPartOf\":{\"@id\":\"https:\\\/\\\/www.sindicaturabarcelona.cat\\\/es\\\/la-sindicatura-pide-al-distrito-de-ciutat-vella-un-espacio-de-dialogo-con-la-associacio-antiga-massana-en-beneficio-del-interes-publico\\\/\"},\"author\":{\"name\":\"Pablo\",\"@id\":\"https:\\\/\\\/www.sindicaturabarcelona.cat\\\/es\\\/#\\\/schema\\\/person\\\/0e5acffc350ffdbc97578159322c9452\"},\"headline\":\"La Sindicatura pide al Distrito de Ciutat Vella un espacio de di\u00e1logo con la Associaci\u00f3 Antiga Massana en beneficio del inter\u00e9s p\u00fablico\",\"datePublished\":\"2024-10-18T05:30:00+00:00\",\"mainEntityOfPage\":{\"@id\":\"https:\\\/\\\/www.sindicaturabarcelona.cat\\\/es\\\/la-sindicatura-pide-al-distrito-de-ciutat-vella-un-espacio-de-dialogo-con-la-associacio-antiga-massana-en-beneficio-del-interes-publico\\\/\"},\"wordCount\":533,\"publisher\":{\"@id\":\"https:\\\/\\\/www.sindicaturabarcelona.cat\\\/es\\\/#organization\"},\"image\":{\"@id\":\"https:\\\/\\\/www.sindicaturabarcelona.cat\\\/es\\\/la-sindicatura-pide-al-distrito-de-ciutat-vella-un-espacio-de-dialogo-con-la-associacio-antiga-massana-en-beneficio-del-interes-publico\\\/#primaryimage\"},\"thumbnailUrl\":\"https:\\\/\\\/www.sindicaturabarcelona.cat\\\/wp-content\\\/uploads\\\/Antiga-Massana.jpg\",\"inLanguage\":\"es\"},{\"@type\":\"WebPage\",\"@id\":\"https:\\\/\\\/www.sindicaturabarcelona.cat\\\/es\\\/la-sindicatura-pide-al-distrito-de-ciutat-vella-un-espacio-de-dialogo-con-la-associacio-antiga-massana-en-beneficio-del-interes-publico\\\/\",\"url\":\"https:\\\/\\\/www.sindicaturabarcelona.cat\\\/es\\\/la-sindicatura-pide-al-distrito-de-ciutat-vella-un-espacio-de-dialogo-con-la-associacio-antiga-massana-en-beneficio-del-interes-publico\\\/\",\"name\":\"La Sindicatura pide al Distrito de Ciutat Vella un espacio de di\u00e1logo con la Associaci\u00f3 Antiga Massana en beneficio del inter\u00e9s p\u00fablico - Sindicatura de Greuges de Barcelona\",\"isPartOf\":{\"@id\":\"https:\\\/\\\/www.sindicaturabarcelona.cat\\\/es\\\/#website\"},\"primaryImageOfPage\":{\"@id\":\"https:\\\/\\\/www.sindicaturabarcelona.cat\\\/es\\\/la-sindicatura-pide-al-distrito-de-ciutat-vella-un-espacio-de-dialogo-con-la-associacio-antiga-massana-en-beneficio-del-interes-publico\\\/#primaryimage\"},\"image\":{\"@id\":\"https:\\\/\\\/www.sindicaturabarcelona.cat\\\/es\\\/la-sindicatura-pide-al-distrito-de-ciutat-vella-un-espacio-de-dialogo-con-la-associacio-antiga-massana-en-beneficio-del-interes-publico\\\/#primaryimage\"},\"thumbnailUrl\":\"https:\\\/\\\/www.sindicaturabarcelona.cat\\\/wp-content\\\/uploads\\\/Antiga-Massana.jpg\",\"datePublished\":\"2024-10-18T05:30:00+00:00\",\"description\":\"La Sindicatura hace un llamamiento a reflexionar sobre el plazo de ejecuci\u00f3n del desalojo de la antigua Escuela Massana y sobre posibles...\",\"breadcrumb\":{\"@id\":\"https:\\\/\\\/www.sindicaturabarcelona.cat\\\/es\\\/la-sindicatura-pide-al-distrito-de-ciutat-vella-un-espacio-de-dialogo-con-la-associacio-antiga-massana-en-beneficio-del-interes-publico\\\/#breadcrumb\"},\"inLanguage\":\"es\",\"potentialAction\":[{\"@type\":\"ReadAction\",\"target\":[\"https:\\\/\\\/www.sindicaturabarcelona.cat\\\/es\\\/la-sindicatura-pide-al-distrito-de-ciutat-vella-un-espacio-de-dialogo-con-la-associacio-antiga-massana-en-beneficio-del-interes-publico\\\/\"]}]},{\"@type\":\"ImageObject\",\"inLanguage\":\"es\",\"@id\":\"https:\\\/\\\/www.sindicaturabarcelona.cat\\\/es\\\/la-sindicatura-pide-al-distrito-de-ciutat-vella-un-espacio-de-dialogo-con-la-associacio-antiga-massana-en-beneficio-del-interes-publico\\\/#primaryimage\",\"url\":\"https:\\\/\\\/www.sindicaturabarcelona.cat\\\/wp-content\\\/uploads\\\/Antiga-Massana.jpg\",\"contentUrl\":\"https:\\\/\\\/www.sindicaturabarcelona.cat\\\/wp-content\\\/uploads\\\/Antiga-Massana.jpg\",\"width\":1119,\"height\":735},{\"@type\":\"BreadcrumbList\",\"@id\":\"https:\\\/\\\/www.sindicaturabarcelona.cat\\\/es\\\/la-sindicatura-pide-al-distrito-de-ciutat-vella-un-espacio-de-dialogo-con-la-associacio-antiga-massana-en-beneficio-del-interes-publico\\\/#breadcrumb\",\"itemListElement\":[{\"@type\":\"ListItem\",\"position\":1,\"name\":\"Inici\",\"item\":\"https:\\\/\\\/www.sindicaturabarcelona.cat\\\/es\\\/\"},{\"@type\":\"ListItem\",\"position\":2,\"name\":\"La Sindicatura pide al Distrito de Ciutat Vella un espacio de di\u00e1logo con la Associaci\u00f3 Antiga Massana en beneficio del inter\u00e9s p\u00fablico\"}]},{\"@type\":\"WebSite\",\"@id\":\"https:\\\/\\\/www.sindicaturabarcelona.cat\\\/es\\\/#website\",\"url\":\"https:\\\/\\\/www.sindicaturabarcelona.cat\\\/es\\\/\",\"name\":\"Sindicatura de Greuges de Barcelona\",\"description\":\"La defensoria dels teus drets\",\"publisher\":{\"@id\":\"https:\\\/\\\/www.sindicaturabarcelona.cat\\\/es\\\/#organization\"},\"potentialAction\":[{\"@type\":\"SearchAction\",\"target\":{\"@type\":\"EntryPoint\",\"urlTemplate\":\"https:\\\/\\\/www.sindicaturabarcelona.cat\\\/es\\\/?s={search_term_string}\"},\"query-input\":{\"@type\":\"PropertyValueSpecification\",\"valueRequired\":true,\"valueName\":\"search_term_string\"}}],\"inLanguage\":\"es\"},{\"@type\":\"Organization\",\"@id\":\"https:\\\/\\\/www.sindicaturabarcelona.cat\\\/es\\\/#organization\",\"name\":\"Sindicatura de Greuges de Barcelona\",\"url\":\"https:\\\/\\\/www.sindicaturabarcelona.cat\\\/es\\\/\",\"logo\":{\"@type\":\"ImageObject\",\"inLanguage\":\"es\",\"@id\":\"https:\\\/\\\/www.sindicaturabarcelona.cat\\\/es\\\/#\\\/schema\\\/logo\\\/image\\\/\",\"url\":\"https:\\\/\\\/www.sindicaturabarcelona.cat\\\/wp-content\\\/uploads\\\/2023\\\/02\\\/logo_sindicatura.svg\",\"contentUrl\":\"https:\\\/\\\/www.sindicaturabarcelona.cat\\\/wp-content\\\/uploads\\\/2023\\\/02\\\/logo_sindicatura.svg\",\"caption\":\"Sindicatura de Greuges de Barcelona\"},\"image\":{\"@id\":\"https:\\\/\\\/www.sindicaturabarcelona.cat\\\/es\\\/#\\\/schema\\\/logo\\\/image\\\/\"},\"sameAs\":[\"https:\\\/\\\/x.com\\\/sindicbarcelona\",\"https:\\\/\\\/www.instagram.com\\\/sindicbarcelona\\\/\",\"https:\\\/\\\/www.tiktok.com\\\/@sindicaturabcn\",\"https:\\\/\\\/t.me\\\/sindicaturabarcelona\"]},{\"@type\":\"Person\",\"@id\":\"https:\\\/\\\/www.sindicaturabarcelona.cat\\\/es\\\/#\\\/schema\\\/person\\\/0e5acffc350ffdbc97578159322c9452\",\"name\":\"Pablo\",\"image\":{\"@type\":\"ImageObject\",\"inLanguage\":\"es\",\"@id\":\"https:\\\/\\\/secure.gravatar.com\\\/avatar\\\/c948169b402ef9492afde705c3dfd5e90e1a6a84ef6840a91124f805a25a480f?s=96&d=mm&r=g\",\"url\":\"https:\\\/\\\/secure.gravatar.com\\\/avatar\\\/c948169b402ef9492afde705c3dfd5e90e1a6a84ef6840a91124f805a25a480f?s=96&d=mm&r=g\",\"contentUrl\":\"https:\\\/\\\/secure.gravatar.com\\\/avatar\\\/c948169b402ef9492afde705c3dfd5e90e1a6a84ef6840a91124f805a25a480f?s=96&d=mm&r=g\",\"caption\":\"Pablo\"},\"url\":\"https:\\\/\\\/www.sindicaturabarcelona.cat\\\/es\\\/author\\\/pablo\\\/\"}]}<\/script>\n<!-- \/ Yoast SEO plugin. -->","yoast_head_json":{"title":"La Sindicatura pide al Distrito de Ciutat Vella un espacio de di\u00e1logo con la Associaci\u00f3 Antiga Massana en beneficio del inter\u00e9s p\u00fablico - Sindicatura de Greuges de Barcelona","description":"La Sindicatura hace un llamamiento a reflexionar sobre el plazo de ejecuci\u00f3n del desalojo de la antigua Escuela Massana y sobre posibles...","robots":{"index":"index","follow":"follow","max-snippet":"max-snippet:-1","max-image-preview":"max-image-preview:large","max-video-preview":"max-video-preview:-1"},"canonical":"https:\/\/www.sindicaturabarcelona.cat\/es\/la-sindicatura-pide-al-distrito-de-ciutat-vella-un-espacio-de-dialogo-con-la-associacio-antiga-massana-en-beneficio-del-interes-publico\/","og_locale":"es_ES","og_type":"article","og_title":"La Sindicatura pide al Distrito de Ciutat Vella un espacio de di\u00e1logo con la Associaci\u00f3 Antiga Massana en beneficio del inter\u00e9s p\u00fablico - Sindicatura de Greuges de Barcelona","og_description":"La Sindicatura hace un llamamiento a reflexionar sobre el plazo de ejecuci\u00f3n del desalojo de la antigua Escuela Massana y sobre posibles...","og_url":"https:\/\/www.sindicaturabarcelona.cat\/es\/la-sindicatura-pide-al-distrito-de-ciutat-vella-un-espacio-de-dialogo-con-la-associacio-antiga-massana-en-beneficio-del-interes-publico\/","og_site_name":"Sindicatura de Greuges de Barcelona","article_published_time":"2024-10-18T05:30:00+00:00","og_image":[{"width":1119,"height":735,"url":"https:\/\/www.sindicaturabarcelona.cat\/wp-content\/uploads\/Antiga-Massana.jpg","type":"image\/jpeg"}],"author":"Pablo","twitter_card":"summary_large_image","twitter_creator":"@sindicbarcelona","twitter_site":"@sindicbarcelona","twitter_misc":{"Escrito por":"Pablo","Tiempo de lectura":"3 minutos"},"schema":{"@context":"https:\/\/schema.org","@graph":[{"@type":"Article","@id":"https:\/\/www.sindicaturabarcelona.cat\/es\/la-sindicatura-pide-al-distrito-de-ciutat-vella-un-espacio-de-dialogo-con-la-associacio-antiga-massana-en-beneficio-del-interes-publico\/#article","isPartOf":{"@id":"https:\/\/www.sindicaturabarcelona.cat\/es\/la-sindicatura-pide-al-distrito-de-ciutat-vella-un-espacio-de-dialogo-con-la-associacio-antiga-massana-en-beneficio-del-interes-publico\/"},"author":{"name":"Pablo","@id":"https:\/\/www.sindicaturabarcelona.cat\/es\/#\/schema\/person\/0e5acffc350ffdbc97578159322c9452"},"headline":"La Sindicatura pide al Distrito de Ciutat Vella un espacio de di\u00e1logo con la Associaci\u00f3 Antiga Massana en beneficio del inter\u00e9s p\u00fablico","datePublished":"2024-10-18T05:30:00+00:00","mainEntityOfPage":{"@id":"https:\/\/www.sindicaturabarcelona.cat\/es\/la-sindicatura-pide-al-distrito-de-ciutat-vella-un-espacio-de-dialogo-con-la-associacio-antiga-massana-en-beneficio-del-interes-publico\/"},"wordCount":533,"publisher":{"@id":"https:\/\/www.sindicaturabarcelona.cat\/es\/#organization"},"image":{"@id":"https:\/\/www.sindicaturabarcelona.cat\/es\/la-sindicatura-pide-al-distrito-de-ciutat-vella-un-espacio-de-dialogo-con-la-associacio-antiga-massana-en-beneficio-del-interes-publico\/#primaryimage"},"thumbnailUrl":"https:\/\/www.sindicaturabarcelona.cat\/wp-content\/uploads\/Antiga-Massana.jpg","inLanguage":"es"},{"@type":"WebPage","@id":"https:\/\/www.sindicaturabarcelona.cat\/es\/la-sindicatura-pide-al-distrito-de-ciutat-vella-un-espacio-de-dialogo-con-la-associacio-antiga-massana-en-beneficio-del-interes-publico\/","url":"https:\/\/www.sindicaturabarcelona.cat\/es\/la-sindicatura-pide-al-distrito-de-ciutat-vella-un-espacio-de-dialogo-con-la-associacio-antiga-massana-en-beneficio-del-interes-publico\/","name":"La Sindicatura pide al Distrito de Ciutat Vella un espacio de di\u00e1logo con la Associaci\u00f3 Antiga Massana en beneficio del inter\u00e9s p\u00fablico - Sindicatura de Greuges de Barcelona","isPartOf":{"@id":"https:\/\/www.sindicaturabarcelona.cat\/es\/#website"},"primaryImageOfPage":{"@id":"https:\/\/www.sindicaturabarcelona.cat\/es\/la-sindicatura-pide-al-distrito-de-ciutat-vella-un-espacio-de-dialogo-con-la-associacio-antiga-massana-en-beneficio-del-interes-publico\/#primaryimage"},"image":{"@id":"https:\/\/www.sindicaturabarcelona.cat\/es\/la-sindicatura-pide-al-distrito-de-ciutat-vella-un-espacio-de-dialogo-con-la-associacio-antiga-massana-en-beneficio-del-interes-publico\/#primaryimage"},"thumbnailUrl":"https:\/\/www.sindicaturabarcelona.cat\/wp-content\/uploads\/Antiga-Massana.jpg","datePublished":"2024-10-18T05:30:00+00:00","description":"La Sindicatura hace un llamamiento a reflexionar sobre el plazo de ejecuci\u00f3n del desalojo de la antigua Escuela Massana y sobre posibles...","breadcrumb":{"@id":"https:\/\/www.sindicaturabarcelona.cat\/es\/la-sindicatura-pide-al-distrito-de-ciutat-vella-un-espacio-de-dialogo-con-la-associacio-antiga-massana-en-beneficio-del-interes-publico\/#breadcrumb"},"inLanguage":"es","potentialAction":[{"@type":"ReadAction","target":["https:\/\/www.sindicaturabarcelona.cat\/es\/la-sindicatura-pide-al-distrito-de-ciutat-vella-un-espacio-de-dialogo-con-la-associacio-antiga-massana-en-beneficio-del-interes-publico\/"]}]},{"@type":"ImageObject","inLanguage":"es","@id":"https:\/\/www.sindicaturabarcelona.cat\/es\/la-sindicatura-pide-al-distrito-de-ciutat-vella-un-espacio-de-dialogo-con-la-associacio-antiga-massana-en-beneficio-del-interes-publico\/#primaryimage","url":"https:\/\/www.sindicaturabarcelona.cat\/wp-content\/uploads\/Antiga-Massana.jpg","contentUrl":"https:\/\/www.sindicaturabarcelona.cat\/wp-content\/uploads\/Antiga-Massana.jpg","width":1119,"height":735},{"@type":"BreadcrumbList","@id":"https:\/\/www.sindicaturabarcelona.cat\/es\/la-sindicatura-pide-al-distrito-de-ciutat-vella-un-espacio-de-dialogo-con-la-associacio-antiga-massana-en-beneficio-del-interes-publico\/#breadcrumb","itemListElement":[{"@type":"ListItem","position":1,"name":"Inici","item":"https:\/\/www.sindicaturabarcelona.cat\/es\/"},{"@type":"ListItem","position":2,"name":"La Sindicatura pide al Distrito de Ciutat Vella un espacio de di\u00e1logo con la Associaci\u00f3 Antiga Massana en beneficio del inter\u00e9s p\u00fablico"}]},{"@type":"WebSite","@id":"https:\/\/www.sindicaturabarcelona.cat\/es\/#website","url":"https:\/\/www.sindicaturabarcelona.cat\/es\/","name":"Sindicatura de Greuges de Barcelona","description":"La defensoria dels teus drets","publisher":{"@id":"https:\/\/www.sindicaturabarcelona.cat\/es\/#organization"},"potentialAction":[{"@type":"SearchAction","target":{"@type":"EntryPoint","urlTemplate":"https:\/\/www.sindicaturabarcelona.cat\/es\/?s={search_term_string}"},"query-input":{"@type":"PropertyValueSpecification","valueRequired":true,"valueName":"search_term_string"}}],"inLanguage":"es"},{"@type":"Organization","@id":"https:\/\/www.sindicaturabarcelona.cat\/es\/#organization","name":"Sindicatura de Greuges de Barcelona","url":"https:\/\/www.sindicaturabarcelona.cat\/es\/","logo":{"@type":"ImageObject","inLanguage":"es","@id":"https:\/\/www.sindicaturabarcelona.cat\/es\/#\/schema\/logo\/image\/","url":"https:\/\/www.sindicaturabarcelona.cat\/wp-content\/uploads\/2023\/02\/logo_sindicatura.svg","contentUrl":"https:\/\/www.sindicaturabarcelona.cat\/wp-content\/uploads\/2023\/02\/logo_sindicatura.svg","caption":"Sindicatura de Greuges de Barcelona"},"image":{"@id":"https:\/\/www.sindicaturabarcelona.cat\/es\/#\/schema\/logo\/image\/"},"sameAs":["https:\/\/x.com\/sindicbarcelona","https:\/\/www.instagram.com\/sindicbarcelona\/","https:\/\/www.tiktok.com\/@sindicaturabcn","https:\/\/t.me\/sindicaturabarcelona"]},{"@type":"Person","@id":"https:\/\/www.sindicaturabarcelona.cat\/es\/#\/schema\/person\/0e5acffc350ffdbc97578159322c9452","name":"Pablo","image":{"@type":"ImageObject","inLanguage":"es","@id":"https:\/\/secure.gravatar.com\/avatar\/c948169b402ef9492afde705c3dfd5e90e1a6a84ef6840a91124f805a25a480f?s=96&d=mm&r=g","url":"https:\/\/secure.gravatar.com\/avatar\/c948169b402ef9492afde705c3dfd5e90e1a6a84ef6840a91124f805a25a480f?s=96&d=mm&r=g","contentUrl":"https:\/\/secure.gravatar.com\/avatar\/c948169b402ef9492afde705c3dfd5e90e1a6a84ef6840a91124f805a25a480f?s=96&d=mm&r=g","caption":"Pablo"},"url":"https:\/\/www.sindicaturabarcelona.cat\/es\/author\/pablo\/"}]}},"_links":{"self":[{"href":"https:\/\/www.sindicaturabarcelona.cat\/es\/wp-json\/wp\/v2\/posts\/33912","targetHints":{"allow":["GET"]}}],"collection":[{"href":"https:\/\/www.sindicaturabarcelona.cat\/es\/wp-json\/wp\/v2\/posts"}],"about":[{"href":"https:\/\/www.sindicaturabarcelona.cat\/es\/wp-json\/wp\/v2\/types\/post"}],"author":[{"embeddable":true,"href":"https:\/\/www.sindicaturabarcelona.cat\/es\/wp-json\/wp\/v2\/users\/2"}],"replies":[{"embeddable":true,"href":"https:\/\/www.sindicaturabarcelona.cat\/es\/wp-json\/wp\/v2\/comments?post=33912"}],"version-history":[{"count":2,"href":"https:\/\/www.sindicaturabarcelona.cat\/es\/wp-json\/wp\/v2\/posts\/33912\/revisions"}],"predecessor-version":[{"id":33915,"href":"https:\/\/www.sindicaturabarcelona.cat\/es\/wp-json\/wp\/v2\/posts\/33912\/revisions\/33915"}],"wp:featuredmedia":[{"embeddable":true,"href":"https:\/\/www.sindicaturabarcelona.cat\/es\/wp-json\/wp\/v2\/media\/33900"}],"wp:attachment":[{"href":"https:\/\/www.sindicaturabarcelona.cat\/es\/wp-json\/wp\/v2\/media?parent=33912"}],"wp:term":[{"taxonomy":"post_tag","embeddable":true,"href":"https:\/\/www.sindicaturabarcelona.cat\/es\/wp-json\/wp\/v2\/tags?post=33912"},{"taxonomy":"drets","embeddable":true,"href":"https:\/\/www.sindicaturabarcelona.cat\/es\/wp-json\/wp\/v2\/drets?post=33912"}],"curies":[{"name":"wp","href":"https:\/\/api.w.org\/{rel}","templated":true}]}}