{"id":33876,"date":"2024-10-16T20:28:06","date_gmt":"2024-10-16T18:28:06","guid":{"rendered":"https:\/\/www.sindicaturabarcelona.cat\/?p=33876"},"modified":"2024-10-16T20:37:01","modified_gmt":"2024-10-16T18:37:01","slug":"el-trabajo-de-la-sindicatura-de-greuges-de-barcelona-premiado-en-la-diada-de-la-guardia-urbana-2024","status":"publish","type":"post","link":"https:\/\/www.sindicaturabarcelona.cat\/es\/el-trabajo-de-la-sindicatura-de-greuges-de-barcelona-premiado-en-la-diada-de-la-guardia-urbana-2024\/","title":{"rendered":"El trabajo de la Sindicatura de Greuges de Barcelona, premiado en la Diada de la Guardia Urbana 2024"},"content":{"rendered":"\n<h2 class=\"wp-block-heading\"><strong>Los dos reconocimientos de la Guardia Urbana han sido para Maria Assumpci\u00f3 Vil\u00e0, s\u00edndica de greuges de Barcelona entre los a\u00f1os 2010 y 2021, y Francesca Reyes, asesora de la Sindicatura en temas de seguridad y prevenci\u00f3n desde 2005.<\/strong><\/h2>\n\n\n\n<p><strong>Barcelona, 16 de octubre de 2024 \u2013 Durante la Diada de la Guardia Urbana 2024, <\/strong>la Sindicatura de Greuges de Barcelona ha sido premiada con <strong>dos medallas de honor al m\u00e9rito por el trabajo y colaboraci\u00f3n de la defensor\u00eda con la Guardia Urbana.<\/strong><\/p>\n\n\n\n<p>En la edici\u00f3n de este a\u00f1o, celebrada el mi\u00e9rcoles 16 de octubre en el Auditori Forum del CCIB, <strong>los dos reconocimientos han sido para Maria Assumpci\u00f3 Vil\u00e0, s\u00edndica de greuges de Barcelona entre los a\u00f1os 2010 y 2021, y Francesca Reyes, asesora de la Sindicatura en temas de seguridad y prevenci\u00f3n desde 2005.<\/strong><\/p>\n\n\n\n<p>Barcelona se define, se configura y se caracteriza por ser un territorio de acogida, un lugar de convivencia, y un espacio de comunicaci\u00f3n e intercambio de experiencias.<\/p>\n\n\n\n<p>En este contexto, <strong>la <a href=\"https:\/\/www.sindicaturabarcelona.cat\/es\/\" target=\"_blank\" rel=\"noreferrer noopener\">Sindicatura de Greuges de Barcelona<\/a> considera que la Guardia Urbana de Barcelona tiene un papel clave, no solo en cuestiones de seguridad, sino tambi\u00e9n como instituci\u00f3n que debe mantener el equilibrio entre personas y colectivos<\/strong> con diferentes valores que conviven en el mismo tiempo y el mismo espacio.<\/p>\n\n\n\n<p>Por estos motivos, <strong>hist\u00f3ricamente<\/strong> <strong>la relaci\u00f3n entre la Sindicatura y la <a href=\"https:\/\/ajuntament.barcelona.cat\/guardiaurbana\/es\/\" target=\"_blank\" rel=\"noreferrer noopener\">Guardia Urbana de Barcelona<\/a> siempre se ha basado en la colaboraci\u00f3n mutua, la anticipaci\u00f3n a las problem\u00e1ticas y la implicaci\u00f3n firme en la resoluci\u00f3n de las situaciones que originan quejas en la defensor\u00eda.<\/strong><\/p>\n","protected":false},"excerpt":{"rendered":"<p>Los dos reconocimientos de la Guardia Urbana han sido para Maria Assumpci\u00f3 Vil\u00e0, s\u00edndica de greuges de Barcelona entre los a\u00f1os 2010 y 2021, y Francesca Reyes, asesora de la [&hellip;]<\/p>\n","protected":false},"author":2,"featured_media":33883,"comment_status":"closed","ping_status":"closed","sticky":false,"template":"","format":"standard","meta":{"_acf_changed":false,"footnotes":""},"tags":[],"drets":[1583,1586,1584],"class_list":["post-33876","post","type-post","status-publish","format-standard","has-post-thumbnail","hentry","drets-ciudad-garantista","drets-derecho-a-una-buena-administracion","drets-derecho-a-la-seguridad-ciudadana"],"acf":[],"yoast_head":"<!-- This site is optimized with the Yoast SEO plugin v27.5 - https:\/\/yoast.com\/product\/yoast-seo-wordpress\/ -->\n<title>El trabajo de la Sindicatura de Greuges de Barcelona, premiado en la Diada de la Guardia Urbana 2024<\/title>\n<meta name=\"description\" content=\"Los dos reconocimientos de la Guardia Urbana han sido para Maria Assumpci\u00f3 Vil\u00e0, s\u00edndica entre 2010 y 2021, y Francesca Reyes, asesora de la Sindicatura.\" \/>\n<meta name=\"robots\" content=\"index, follow, max-snippet:-1, max-image-preview:large, max-video-preview:-1\" \/>\n<link rel=\"canonical\" href=\"https:\/\/www.sindicaturabarcelona.cat\/es\/el-trabajo-de-la-sindicatura-de-greuges-de-barcelona-premiado-en-la-diada-de-la-guardia-urbana-2024\/\" \/>\n<meta property=\"og:locale\" content=\"es_ES\" \/>\n<meta property=\"og:type\" content=\"article\" \/>\n<meta property=\"og:title\" content=\"El trabajo de la Sindicatura de Greuges de Barcelona, premiado en la Diada de la Guardia Urbana 2024\" \/>\n<meta property=\"og:description\" content=\"Los dos reconocimientos de la Guardia Urbana han sido para Maria Assumpci\u00f3 Vil\u00e0, s\u00edndica entre 2010 y 2021, y Francesca Reyes, asesora de la Sindicatura.\" \/>\n<meta property=\"og:url\" content=\"https:\/\/www.sindicaturabarcelona.cat\/es\/el-trabajo-de-la-sindicatura-de-greuges-de-barcelona-premiado-en-la-diada-de-la-guardia-urbana-2024\/\" \/>\n<meta property=\"og:site_name\" content=\"Sindicatura de Greuges de Barcelona\" \/>\n<meta property=\"article:published_time\" content=\"2024-10-16T18:28:06+00:00\" \/>\n<meta property=\"article:modified_time\" content=\"2024-10-16T18:37:01+00:00\" \/>\n<meta property=\"og:image\" content=\"https:\/\/www.sindicaturabarcelona.cat\/wp-content\/uploads\/Sindicatura-premiada-GUB-e1729103272971.jpeg\" \/>\n\t<meta property=\"og:image:width\" content=\"1200\" \/>\n\t<meta property=\"og:image:height\" content=\"1600\" \/>\n\t<meta property=\"og:image:type\" content=\"image\/jpeg\" \/>\n<meta name=\"author\" content=\"Pablo\" \/>\n<meta name=\"twitter:card\" content=\"summary_large_image\" \/>\n<meta name=\"twitter:creator\" content=\"@sindicbarcelona\" \/>\n<meta name=\"twitter:site\" content=\"@sindicbarcelona\" \/>\n<meta name=\"twitter:label1\" content=\"Escrito por\" \/>\n\t<meta name=\"twitter:data1\" content=\"Pablo\" \/>\n\t<meta name=\"twitter:label2\" content=\"Tiempo de lectura\" \/>\n\t<meta name=\"twitter:data2\" content=\"2 minutos\" \/>\n<script type=\"application\/ld+json\" class=\"yoast-schema-graph\">{\"@context\":\"https:\\\/\\\/schema.org\",\"@graph\":[{\"@type\":\"Article\",\"@id\":\"https:\\\/\\\/www.sindicaturabarcelona.cat\\\/es\\\/el-trabajo-de-la-sindicatura-de-greuges-de-barcelona-premiado-en-la-diada-de-la-guardia-urbana-2024\\\/#article\",\"isPartOf\":{\"@id\":\"https:\\\/\\\/www.sindicaturabarcelona.cat\\\/es\\\/el-trabajo-de-la-sindicatura-de-greuges-de-barcelona-premiado-en-la-diada-de-la-guardia-urbana-2024\\\/\"},\"author\":{\"name\":\"Pablo\",\"@id\":\"https:\\\/\\\/www.sindicaturabarcelona.cat\\\/es\\\/#\\\/schema\\\/person\\\/0e5acffc350ffdbc97578159322c9452\"},\"headline\":\"El trabajo de la Sindicatura de Greuges de Barcelona, premiado en la Diada de la Guardia Urbana 2024\",\"datePublished\":\"2024-10-16T18:28:06+00:00\",\"dateModified\":\"2024-10-16T18:37:01+00:00\",\"mainEntityOfPage\":{\"@id\":\"https:\\\/\\\/www.sindicaturabarcelona.cat\\\/es\\\/el-trabajo-de-la-sindicatura-de-greuges-de-barcelona-premiado-en-la-diada-de-la-guardia-urbana-2024\\\/\"},\"wordCount\":287,\"publisher\":{\"@id\":\"https:\\\/\\\/www.sindicaturabarcelona.cat\\\/es\\\/#organization\"},\"image\":{\"@id\":\"https:\\\/\\\/www.sindicaturabarcelona.cat\\\/es\\\/el-trabajo-de-la-sindicatura-de-greuges-de-barcelona-premiado-en-la-diada-de-la-guardia-urbana-2024\\\/#primaryimage\"},\"thumbnailUrl\":\"https:\\\/\\\/www.sindicaturabarcelona.cat\\\/wp-content\\\/uploads\\\/Sindicatura-premiada-GUB-e1729103272971.jpeg\",\"inLanguage\":\"es\"},{\"@type\":\"WebPage\",\"@id\":\"https:\\\/\\\/www.sindicaturabarcelona.cat\\\/es\\\/el-trabajo-de-la-sindicatura-de-greuges-de-barcelona-premiado-en-la-diada-de-la-guardia-urbana-2024\\\/\",\"url\":\"https:\\\/\\\/www.sindicaturabarcelona.cat\\\/es\\\/el-trabajo-de-la-sindicatura-de-greuges-de-barcelona-premiado-en-la-diada-de-la-guardia-urbana-2024\\\/\",\"name\":\"El trabajo de la Sindicatura de Greuges de Barcelona, premiado en la Diada de la Guardia Urbana 2024\",\"isPartOf\":{\"@id\":\"https:\\\/\\\/www.sindicaturabarcelona.cat\\\/es\\\/#website\"},\"primaryImageOfPage\":{\"@id\":\"https:\\\/\\\/www.sindicaturabarcelona.cat\\\/es\\\/el-trabajo-de-la-sindicatura-de-greuges-de-barcelona-premiado-en-la-diada-de-la-guardia-urbana-2024\\\/#primaryimage\"},\"image\":{\"@id\":\"https:\\\/\\\/www.sindicaturabarcelona.cat\\\/es\\\/el-trabajo-de-la-sindicatura-de-greuges-de-barcelona-premiado-en-la-diada-de-la-guardia-urbana-2024\\\/#primaryimage\"},\"thumbnailUrl\":\"https:\\\/\\\/www.sindicaturabarcelona.cat\\\/wp-content\\\/uploads\\\/Sindicatura-premiada-GUB-e1729103272971.jpeg\",\"datePublished\":\"2024-10-16T18:28:06+00:00\",\"dateModified\":\"2024-10-16T18:37:01+00:00\",\"description\":\"Los dos reconocimientos de la Guardia Urbana han sido para Maria Assumpci\u00f3 Vil\u00e0, s\u00edndica entre 2010 y 2021, y Francesca Reyes, asesora de la Sindicatura.\",\"breadcrumb\":{\"@id\":\"https:\\\/\\\/www.sindicaturabarcelona.cat\\\/es\\\/el-trabajo-de-la-sindicatura-de-greuges-de-barcelona-premiado-en-la-diada-de-la-guardia-urbana-2024\\\/#breadcrumb\"},\"inLanguage\":\"es\",\"potentialAction\":[{\"@type\":\"ReadAction\",\"target\":[\"https:\\\/\\\/www.sindicaturabarcelona.cat\\\/es\\\/el-trabajo-de-la-sindicatura-de-greuges-de-barcelona-premiado-en-la-diada-de-la-guardia-urbana-2024\\\/\"]}]},{\"@type\":\"ImageObject\",\"inLanguage\":\"es\",\"@id\":\"https:\\\/\\\/www.sindicaturabarcelona.cat\\\/es\\\/el-trabajo-de-la-sindicatura-de-greuges-de-barcelona-premiado-en-la-diada-de-la-guardia-urbana-2024\\\/#primaryimage\",\"url\":\"https:\\\/\\\/www.sindicaturabarcelona.cat\\\/wp-content\\\/uploads\\\/Sindicatura-premiada-GUB-e1729103272971.jpeg\",\"contentUrl\":\"https:\\\/\\\/www.sindicaturabarcelona.cat\\\/wp-content\\\/uploads\\\/Sindicatura-premiada-GUB-e1729103272971.jpeg\",\"width\":1200,\"height\":1600},{\"@type\":\"BreadcrumbList\",\"@id\":\"https:\\\/\\\/www.sindicaturabarcelona.cat\\\/es\\\/el-trabajo-de-la-sindicatura-de-greuges-de-barcelona-premiado-en-la-diada-de-la-guardia-urbana-2024\\\/#breadcrumb\",\"itemListElement\":[{\"@type\":\"ListItem\",\"position\":1,\"name\":\"Inici\",\"item\":\"https:\\\/\\\/www.sindicaturabarcelona.cat\\\/es\\\/\"},{\"@type\":\"ListItem\",\"position\":2,\"name\":\"El trabajo de la Sindicatura de Greuges de Barcelona, premiado en la Diada de la Guardia Urbana 2024\"}]},{\"@type\":\"WebSite\",\"@id\":\"https:\\\/\\\/www.sindicaturabarcelona.cat\\\/es\\\/#website\",\"url\":\"https:\\\/\\\/www.sindicaturabarcelona.cat\\\/es\\\/\",\"name\":\"Sindicatura de Greuges de Barcelona\",\"description\":\"La defensoria dels teus drets\",\"publisher\":{\"@id\":\"https:\\\/\\\/www.sindicaturabarcelona.cat\\\/es\\\/#organization\"},\"potentialAction\":[{\"@type\":\"SearchAction\",\"target\":{\"@type\":\"EntryPoint\",\"urlTemplate\":\"https:\\\/\\\/www.sindicaturabarcelona.cat\\\/es\\\/?s={search_term_string}\"},\"query-input\":{\"@type\":\"PropertyValueSpecification\",\"valueRequired\":true,\"valueName\":\"search_term_string\"}}],\"inLanguage\":\"es\"},{\"@type\":\"Organization\",\"@id\":\"https:\\\/\\\/www.sindicaturabarcelona.cat\\\/es\\\/#organization\",\"name\":\"Sindicatura de Greuges de Barcelona\",\"url\":\"https:\\\/\\\/www.sindicaturabarcelona.cat\\\/es\\\/\",\"logo\":{\"@type\":\"ImageObject\",\"inLanguage\":\"es\",\"@id\":\"https:\\\/\\\/www.sindicaturabarcelona.cat\\\/es\\\/#\\\/schema\\\/logo\\\/image\\\/\",\"url\":\"https:\\\/\\\/www.sindicaturabarcelona.cat\\\/wp-content\\\/uploads\\\/2023\\\/02\\\/logo_sindicatura.svg\",\"contentUrl\":\"https:\\\/\\\/www.sindicaturabarcelona.cat\\\/wp-content\\\/uploads\\\/2023\\\/02\\\/logo_sindicatura.svg\",\"caption\":\"Sindicatura de Greuges de Barcelona\"},\"image\":{\"@id\":\"https:\\\/\\\/www.sindicaturabarcelona.cat\\\/es\\\/#\\\/schema\\\/logo\\\/image\\\/\"},\"sameAs\":[\"https:\\\/\\\/x.com\\\/sindicbarcelona\",\"https:\\\/\\\/www.instagram.com\\\/sindicbarcelona\\\/\",\"https:\\\/\\\/www.tiktok.com\\\/@sindicaturabcn\",\"https:\\\/\\\/t.me\\\/sindicaturabarcelona\"]},{\"@type\":\"Person\",\"@id\":\"https:\\\/\\\/www.sindicaturabarcelona.cat\\\/es\\\/#\\\/schema\\\/person\\\/0e5acffc350ffdbc97578159322c9452\",\"name\":\"Pablo\",\"image\":{\"@type\":\"ImageObject\",\"inLanguage\":\"es\",\"@id\":\"https:\\\/\\\/secure.gravatar.com\\\/avatar\\\/c948169b402ef9492afde705c3dfd5e90e1a6a84ef6840a91124f805a25a480f?s=96&d=mm&r=g\",\"url\":\"https:\\\/\\\/secure.gravatar.com\\\/avatar\\\/c948169b402ef9492afde705c3dfd5e90e1a6a84ef6840a91124f805a25a480f?s=96&d=mm&r=g\",\"contentUrl\":\"https:\\\/\\\/secure.gravatar.com\\\/avatar\\\/c948169b402ef9492afde705c3dfd5e90e1a6a84ef6840a91124f805a25a480f?s=96&d=mm&r=g\",\"caption\":\"Pablo\"},\"url\":\"https:\\\/\\\/www.sindicaturabarcelona.cat\\\/es\\\/author\\\/pablo\\\/\"}]}<\/script>\n<!-- \/ Yoast SEO plugin. -->","yoast_head_json":{"title":"El trabajo de la Sindicatura de Greuges de Barcelona, premiado en la Diada de la Guardia Urbana 2024","description":"Los dos reconocimientos de la Guardia Urbana han sido para Maria Assumpci\u00f3 Vil\u00e0, s\u00edndica entre 2010 y 2021, y Francesca Reyes, asesora de la Sindicatura.","robots":{"index":"index","follow":"follow","max-snippet":"max-snippet:-1","max-image-preview":"max-image-preview:large","max-video-preview":"max-video-preview:-1"},"canonical":"https:\/\/www.sindicaturabarcelona.cat\/es\/el-trabajo-de-la-sindicatura-de-greuges-de-barcelona-premiado-en-la-diada-de-la-guardia-urbana-2024\/","og_locale":"es_ES","og_type":"article","og_title":"El trabajo de la Sindicatura de Greuges de Barcelona, premiado en la Diada de la Guardia Urbana 2024","og_description":"Los dos reconocimientos de la Guardia Urbana han sido para Maria Assumpci\u00f3 Vil\u00e0, s\u00edndica entre 2010 y 2021, y Francesca Reyes, asesora de la Sindicatura.","og_url":"https:\/\/www.sindicaturabarcelona.cat\/es\/el-trabajo-de-la-sindicatura-de-greuges-de-barcelona-premiado-en-la-diada-de-la-guardia-urbana-2024\/","og_site_name":"Sindicatura de Greuges de Barcelona","article_published_time":"2024-10-16T18:28:06+00:00","article_modified_time":"2024-10-16T18:37:01+00:00","og_image":[{"width":1200,"height":1600,"url":"https:\/\/www.sindicaturabarcelona.cat\/wp-content\/uploads\/Sindicatura-premiada-GUB-e1729103272971.jpeg","type":"image\/jpeg"}],"author":"Pablo","twitter_card":"summary_large_image","twitter_creator":"@sindicbarcelona","twitter_site":"@sindicbarcelona","twitter_misc":{"Escrito por":"Pablo","Tiempo de lectura":"2 minutos"},"schema":{"@context":"https:\/\/schema.org","@graph":[{"@type":"Article","@id":"https:\/\/www.sindicaturabarcelona.cat\/es\/el-trabajo-de-la-sindicatura-de-greuges-de-barcelona-premiado-en-la-diada-de-la-guardia-urbana-2024\/#article","isPartOf":{"@id":"https:\/\/www.sindicaturabarcelona.cat\/es\/el-trabajo-de-la-sindicatura-de-greuges-de-barcelona-premiado-en-la-diada-de-la-guardia-urbana-2024\/"},"author":{"name":"Pablo","@id":"https:\/\/www.sindicaturabarcelona.cat\/es\/#\/schema\/person\/0e5acffc350ffdbc97578159322c9452"},"headline":"El trabajo de la Sindicatura de Greuges de Barcelona, premiado en la Diada de la Guardia Urbana 2024","datePublished":"2024-10-16T18:28:06+00:00","dateModified":"2024-10-16T18:37:01+00:00","mainEntityOfPage":{"@id":"https:\/\/www.sindicaturabarcelona.cat\/es\/el-trabajo-de-la-sindicatura-de-greuges-de-barcelona-premiado-en-la-diada-de-la-guardia-urbana-2024\/"},"wordCount":287,"publisher":{"@id":"https:\/\/www.sindicaturabarcelona.cat\/es\/#organization"},"image":{"@id":"https:\/\/www.sindicaturabarcelona.cat\/es\/el-trabajo-de-la-sindicatura-de-greuges-de-barcelona-premiado-en-la-diada-de-la-guardia-urbana-2024\/#primaryimage"},"thumbnailUrl":"https:\/\/www.sindicaturabarcelona.cat\/wp-content\/uploads\/Sindicatura-premiada-GUB-e1729103272971.jpeg","inLanguage":"es"},{"@type":"WebPage","@id":"https:\/\/www.sindicaturabarcelona.cat\/es\/el-trabajo-de-la-sindicatura-de-greuges-de-barcelona-premiado-en-la-diada-de-la-guardia-urbana-2024\/","url":"https:\/\/www.sindicaturabarcelona.cat\/es\/el-trabajo-de-la-sindicatura-de-greuges-de-barcelona-premiado-en-la-diada-de-la-guardia-urbana-2024\/","name":"El trabajo de la Sindicatura de Greuges de Barcelona, premiado en la Diada de la Guardia Urbana 2024","isPartOf":{"@id":"https:\/\/www.sindicaturabarcelona.cat\/es\/#website"},"primaryImageOfPage":{"@id":"https:\/\/www.sindicaturabarcelona.cat\/es\/el-trabajo-de-la-sindicatura-de-greuges-de-barcelona-premiado-en-la-diada-de-la-guardia-urbana-2024\/#primaryimage"},"image":{"@id":"https:\/\/www.sindicaturabarcelona.cat\/es\/el-trabajo-de-la-sindicatura-de-greuges-de-barcelona-premiado-en-la-diada-de-la-guardia-urbana-2024\/#primaryimage"},"thumbnailUrl":"https:\/\/www.sindicaturabarcelona.cat\/wp-content\/uploads\/Sindicatura-premiada-GUB-e1729103272971.jpeg","datePublished":"2024-10-16T18:28:06+00:00","dateModified":"2024-10-16T18:37:01+00:00","description":"Los dos reconocimientos de la Guardia Urbana han sido para Maria Assumpci\u00f3 Vil\u00e0, s\u00edndica entre 2010 y 2021, y Francesca Reyes, asesora de la Sindicatura.","breadcrumb":{"@id":"https:\/\/www.sindicaturabarcelona.cat\/es\/el-trabajo-de-la-sindicatura-de-greuges-de-barcelona-premiado-en-la-diada-de-la-guardia-urbana-2024\/#breadcrumb"},"inLanguage":"es","potentialAction":[{"@type":"ReadAction","target":["https:\/\/www.sindicaturabarcelona.cat\/es\/el-trabajo-de-la-sindicatura-de-greuges-de-barcelona-premiado-en-la-diada-de-la-guardia-urbana-2024\/"]}]},{"@type":"ImageObject","inLanguage":"es","@id":"https:\/\/www.sindicaturabarcelona.cat\/es\/el-trabajo-de-la-sindicatura-de-greuges-de-barcelona-premiado-en-la-diada-de-la-guardia-urbana-2024\/#primaryimage","url":"https:\/\/www.sindicaturabarcelona.cat\/wp-content\/uploads\/Sindicatura-premiada-GUB-e1729103272971.jpeg","contentUrl":"https:\/\/www.sindicaturabarcelona.cat\/wp-content\/uploads\/Sindicatura-premiada-GUB-e1729103272971.jpeg","width":1200,"height":1600},{"@type":"BreadcrumbList","@id":"https:\/\/www.sindicaturabarcelona.cat\/es\/el-trabajo-de-la-sindicatura-de-greuges-de-barcelona-premiado-en-la-diada-de-la-guardia-urbana-2024\/#breadcrumb","itemListElement":[{"@type":"ListItem","position":1,"name":"Inici","item":"https:\/\/www.sindicaturabarcelona.cat\/es\/"},{"@type":"ListItem","position":2,"name":"El trabajo de la Sindicatura de Greuges de Barcelona, premiado en la Diada de la Guardia Urbana 2024"}]},{"@type":"WebSite","@id":"https:\/\/www.sindicaturabarcelona.cat\/es\/#website","url":"https:\/\/www.sindicaturabarcelona.cat\/es\/","name":"Sindicatura de Greuges de Barcelona","description":"La defensoria dels teus drets","publisher":{"@id":"https:\/\/www.sindicaturabarcelona.cat\/es\/#organization"},"potentialAction":[{"@type":"SearchAction","target":{"@type":"EntryPoint","urlTemplate":"https:\/\/www.sindicaturabarcelona.cat\/es\/?s={search_term_string}"},"query-input":{"@type":"PropertyValueSpecification","valueRequired":true,"valueName":"search_term_string"}}],"inLanguage":"es"},{"@type":"Organization","@id":"https:\/\/www.sindicaturabarcelona.cat\/es\/#organization","name":"Sindicatura de Greuges de Barcelona","url":"https:\/\/www.sindicaturabarcelona.cat\/es\/","logo":{"@type":"ImageObject","inLanguage":"es","@id":"https:\/\/www.sindicaturabarcelona.cat\/es\/#\/schema\/logo\/image\/","url":"https:\/\/www.sindicaturabarcelona.cat\/wp-content\/uploads\/2023\/02\/logo_sindicatura.svg","contentUrl":"https:\/\/www.sindicaturabarcelona.cat\/wp-content\/uploads\/2023\/02\/logo_sindicatura.svg","caption":"Sindicatura de Greuges de Barcelona"},"image":{"@id":"https:\/\/www.sindicaturabarcelona.cat\/es\/#\/schema\/logo\/image\/"},"sameAs":["https:\/\/x.com\/sindicbarcelona","https:\/\/www.instagram.com\/sindicbarcelona\/","https:\/\/www.tiktok.com\/@sindicaturabcn","https:\/\/t.me\/sindicaturabarcelona"]},{"@type":"Person","@id":"https:\/\/www.sindicaturabarcelona.cat\/es\/#\/schema\/person\/0e5acffc350ffdbc97578159322c9452","name":"Pablo","image":{"@type":"ImageObject","inLanguage":"es","@id":"https:\/\/secure.gravatar.com\/avatar\/c948169b402ef9492afde705c3dfd5e90e1a6a84ef6840a91124f805a25a480f?s=96&d=mm&r=g","url":"https:\/\/secure.gravatar.com\/avatar\/c948169b402ef9492afde705c3dfd5e90e1a6a84ef6840a91124f805a25a480f?s=96&d=mm&r=g","contentUrl":"https:\/\/secure.gravatar.com\/avatar\/c948169b402ef9492afde705c3dfd5e90e1a6a84ef6840a91124f805a25a480f?s=96&d=mm&r=g","caption":"Pablo"},"url":"https:\/\/www.sindicaturabarcelona.cat\/es\/author\/pablo\/"}]}},"_links":{"self":[{"href":"https:\/\/www.sindicaturabarcelona.cat\/es\/wp-json\/wp\/v2\/posts\/33876","targetHints":{"allow":["GET"]}}],"collection":[{"href":"https:\/\/www.sindicaturabarcelona.cat\/es\/wp-json\/wp\/v2\/posts"}],"about":[{"href":"https:\/\/www.sindicaturabarcelona.cat\/es\/wp-json\/wp\/v2\/types\/post"}],"author":[{"embeddable":true,"href":"https:\/\/www.sindicaturabarcelona.cat\/es\/wp-json\/wp\/v2\/users\/2"}],"replies":[{"embeddable":true,"href":"https:\/\/www.sindicaturabarcelona.cat\/es\/wp-json\/wp\/v2\/comments?post=33876"}],"version-history":[{"count":3,"href":"https:\/\/www.sindicaturabarcelona.cat\/es\/wp-json\/wp\/v2\/posts\/33876\/revisions"}],"predecessor-version":[{"id":33887,"href":"https:\/\/www.sindicaturabarcelona.cat\/es\/wp-json\/wp\/v2\/posts\/33876\/revisions\/33887"}],"wp:featuredmedia":[{"embeddable":true,"href":"https:\/\/www.sindicaturabarcelona.cat\/es\/wp-json\/wp\/v2\/media\/33883"}],"wp:attachment":[{"href":"https:\/\/www.sindicaturabarcelona.cat\/es\/wp-json\/wp\/v2\/media?parent=33876"}],"wp:term":[{"taxonomy":"post_tag","embeddable":true,"href":"https:\/\/www.sindicaturabarcelona.cat\/es\/wp-json\/wp\/v2\/tags?post=33876"},{"taxonomy":"drets","embeddable":true,"href":"https:\/\/www.sindicaturabarcelona.cat\/es\/wp-json\/wp\/v2\/drets?post=33876"}],"curies":[{"name":"wp","href":"https:\/\/api.w.org\/{rel}","templated":true}]}}